{"id":10294,"date":"2023-03-30T11:00:58","date_gmt":"2023-03-30T11:00:58","guid":{"rendered":"https:\/\/www.canariasviaja.com\/viajaresvivir\/?p=10294"},"modified":"2023-03-31T12:28:29","modified_gmt":"2023-03-31T12:28:29","slug":"ruta-cultural-por-gran-canaria","status":"publish","type":"post","link":"https:\/\/www.canariasviaja.com\/viajaresvivir\/ruta-cultural-por-gran-canaria\/","title":{"rendered":"Ruta cultural por Gran Canaria: tras las huellas de los antiguos canarios"},"content":{"rendered":"\n<p>Desde hace unos a\u00f1os, me llama mucho la atenci\u00f3n la historia de nuestras islas. <strong>\u00bfC\u00f3mo viv\u00edan nuestros antepasados?<\/strong> \u00bfC\u00f3mo fue la conquista? \u00bfQu\u00e9 yacimientos nos quedan?&nbsp;<\/p>\n\n\n\n<p>Sabemos que somos de origen bereber o amazig de procedencia norteafricana, y que los abor\u00edgenes eran trogloditas que habitaron las islas desde fechas pr\u00f3ximas al cambio de era, y que evolucionaron en aislamiento hasta el siglo XV, cuando se produce la conquista y colonizaci\u00f3n castellana.<\/p>\n\n\n\n<p><strong>Gran Canaria <\/strong>es <strong>la isla que mejor ha sabido conservar y poner en valor nuestra memoria y<\/strong> acercarla a todo el que quiera conocerla. As\u00ed que, motivada tambi\u00e9n por el mismo inter\u00e9s de unas amigas, decidimos irnos de<strong> fin de semana cultural <\/strong>a la isla vecina.<\/p>\n\n\n\n<div style=\"height:100px\" aria-hidden=\"true\" class=\"wp-block-spacer\"><\/div>\n\n\n\n<h3 class=\"wp-block-heading\">Ruta cultural por Gran Canaria<\/h3>\n\n\n\n<h2 class=\"wp-block-heading\">D\u00eda 1, primera parada: Maip\u00e9s de Agaete<\/h2>\n\n\n\n<p>Las cuatro nos pedimos el d\u00eda libre para aprovechar el finde al m\u00e1ximo. Nuestra aventura al pasado comenz\u00f3 en Agaete, al norte de la isla. Bueno, primero hicimos una parada en \u201cLa Hormiguita Golosa\u201d, para coger fuerzas tras el viaje.<\/p>\n\n\n\n<p>Luego seguimos direcci\u00f3n al <a href=\"http:\/\/www.arqueologiacanaria.com\/maipes_de_agaete\/maipesdeagaete.html\">Maip\u00e9s de Agaete<\/a>.&nbsp;<img loading=\"lazy\" decoding=\"async\" alt=\"Interfaz de usuario gr\u00e1fica, Aplicaci\u00f3n\n\nDescripci\u00f3n generada autom\u00e1ticamente\" src=\"https:\/\/lh3.googleusercontent.com\/jhq2Skw0aKuut6ZE6NkjJojoA2MD2Umeeg5w4M5A0qdSVCnmb4jgl7ueMxwkSS7aCa9MhcrFcER3AVr76sqgspXHP0SrLDKKoHp2F3lokYuEoJqAqIvdTy_afhqbe_mVvAuHg7plWu3J4GmypnewOw\" width=\"643\" height=\"445\"><\/p>\n\n\n\n<p><br>El <strong><a href=\"https:\/\/www.grancanaria.com\/turismo\/es\/cultura\/espacios-arqueologicos\/parque-arqueologico-maipes-de-agaete\/\" target=\"_blank\" rel=\"noreferrer noopener\">Parque Arqueol\u00f3gico Maip\u00e9s de Agaete<\/a> <\/strong>abre de martes a domingo, de 10:00 h a 17:00 h. La entrada general cuesta 3\u20ac, pero recomiendo comprar la combinada, ya  que por 8\u20ac tienes acceso a tres yacimientos: Maip\u00e9s de Agaete, Cenobio de Valer\u00f3n y Ca\u00f1ada de los Gatos.<\/p>\n\n\n\n<figure class=\"wp-block-image\"><img decoding=\"async\" src=\"https:\/\/lh3.googleusercontent.com\/iP16SXdhGqpVIk7u8H02cddFFjAPyqDiryt45P5c1UqUTlYeWFdfeI0lEdUQaAID6AJfimpN12iWlpFdnV9k8yLK95DlpgIAZZiXQrnTWF_mwpqRJtw6rOtkZiiwW6VfPscMdePhTTKOdspZ_be-NQ\" alt=\"Maipes 3.jpg\"\/><figcaption class=\"wp-element-caption\">Maip\u00e9s de Agaete. Foto de M\u00f3nica Fuentes.<\/figcaption><\/figure>\n\n\n\n<p>La necr\u00f3polis del Maip\u00e9s de Agaete constituye <strong>uno de los yacimientos arqueol\u00f3gicos funerarios m\u00e1s representativos de Gran Canaria<\/strong>. Las estructuras se asientan sobre una colada de lava, de unos 200.000m2 de superficie, que discurren por el margen derecho del Barranco de Agaete.&nbsp;<\/p>\n\n\n\n<figure class=\"wp-block-image\"><img decoding=\"async\" src=\"https:\/\/lh3.googleusercontent.com\/BOtZrmaVFrtIZBFdG6MZZPifyhI3-GNA875SUhZR9dOgDkdRqOnoCKxZ-j5ETANqf5wGG7zxRYVIcYmA8fIQ6C3Zsr3HrO_wk2yu9WmR8ItqcFAJtrQBbAR4wSq8wSBz0_qMOB7ap4n_enKjjWvxXg\" alt=\"Maipes 20.jpg\"\/><\/figure>\n\n\n\n<p>Este espacio est\u00e1 conformado por unos<strong> 800 enterramientos tumulares<\/strong> integrados por orificios construidos en piedra y bajo el nivel del suelo. En esta concavidad se introduc\u00eda al difunto y el hueco se tapaba con piedras alargadas o troncos.&nbsp;<\/p>\n\n\n\n<figure class=\"wp-block-image\"><img decoding=\"async\" src=\"https:\/\/lh4.googleusercontent.com\/NLftMc5nQkH5wCPNrwOBVGYp9k8MuHEdSKS0314au-ewKaKW-JgcAxrdN8qjq83_D0hj_kMQKI0ciKPMDIHiaiobHxoZrlQQ-xGGMOnMoYQv5lWlKTV44TNoeVlXNIuztH6dwF0JY4HojQFVogQXUw\" alt=\"Maipes 5.jpg\"\/><\/figure>\n\n\n\n<p>Lamentablemente la popularidad de este enclave provoc\u00f3 que durante la primera mitad del siglo XX se abrieran los enterramientos para extraer los restos humanos y supuestos tesoros. Por eso, m\u00e1s de la mitad est\u00e1n expoliados.<\/p>\n\n\n\n<p>Dentro del recorrido te encuentras con un peque\u00f1o <strong>centro de interpretaci\u00f3n.<\/strong><\/p>\n\n\n\n<div style=\"height:100px\" aria-hidden=\"true\" class=\"wp-block-spacer\"><\/div>\n\n\n\n<h2 class=\"wp-block-heading\">La Cueva Pintada de G\u00e1ldar<\/h2>\n\n\n\n<p>Al terminar la visita nos dirigimos hacia <strong>G\u00e1ldar<\/strong> (antigua capital de la isla), al<strong><a href=\"http:\/\/www.cuevapintada.com\/es\" target=\"_blank\" rel=\"noreferrer noopener\"> Parque Arqueol\u00f3gico de Cueva Pintada<\/a><\/strong>, donde ten\u00edamos cita para una visita guiada.&nbsp;<\/p>\n\n\n\n<figure class=\"wp-block-image\"><img decoding=\"async\" src=\"https:\/\/lh3.googleusercontent.com\/Jk1nN72uF0XUk24-abixdyIgLt8J51ktKhvfEzZGutjVSpao5g50yedNO5axW5K0PiOYduTdCNfCciLiDhjqEB_xOj0VbOTX2Fz6G9cL2a-gEMXeTIzsmZ5L0Dg6b43b6ikwIB7Bv_RyV0vv2lxZAw\" alt=\"Interfaz de usuario gr\u00e1fica, Aplicaci\u00f3n\n\nDescripci\u00f3n generada autom\u00e1ticamente\"\/><\/figure>\n\n\n\n<p>El Parque Arqueol\u00f3gico Cueva Pintada abre de martes a s\u00e1bado de 10:00 a 18:00 h. Domingos y festivos de 11:00 a 18:00 h. La entrada general cuesta 6\u20ac, con o sin visita guiada. Por eso recomiendo que la compren con antelaci\u00f3n por la web y reserven el horario en el idioma correspondiente. Los domingos la entrada es gratuita.<\/p>\n\n\n\n<p>Se recomienda aparcar en el parking que est\u00e1 justo al lado de una peque\u00f1a rotonda con una pintadera en el centro y de all\u00ed ir  caminando al museo.<\/p>\n\n\n\n<p>La visita result\u00f3 muy interesante ya que nuestra gu\u00eda era una apasionada de su trabajo y nos explic\u00f3 todo de una manera muy amena.&nbsp;<\/p>\n\n\n\n<figure class=\"wp-block-image\"><img decoding=\"async\" src=\"https:\/\/lh3.googleusercontent.com\/eRvyy5eJoSbtJvmCnS1yvNt7OwNF3jrVNvABy1CVQyrhpTxI-9e8d8DDuGxERdcTgVhtbHualVguMiw0yP4-mo3ZxZMyzBD-J5CAdBJ6dUwQZE10C6R9LRHHcoFGheJCArKkqdHP1dyTb6Lm3ZedkQ\" alt=\"Cueva Pintada 10.jpg\"\/><figcaption class=\"wp-element-caption\">Cer\u00e1mica aborigen en Parque Arqueol\u00f3gico Cueva Pintada. Foto: M\u00f3nica Fuentes<\/figcaption><\/figure>\n\n\n\n<p>Me flip\u00f3 qu\u00e9 bien estaba conservada esta tacita negra que aparece en la foto.&nbsp;<\/p>\n\n\n\n<p>Es la <strong>estaci\u00f3n de arte rupestre m\u00e1s importante de toda Canarias<\/strong>. La <strong>Cueva de G\u00e1ldar<\/strong> formaba parte de unos complejos de cuevas excavadas en la roca, dentro de un poblado conservado en el Museo y Parque Arqueol\u00f3gico Cueva Pintada. Fue descubierta de forma casual en 1873 a ra\u00edz de unos trabajos agr\u00edcolas. El recinto est\u00e1 excavado en la toba volc\u00e1nica formando un amplio espacio de dimensiones rectangulares. Las pinturas aparecen organizadas en paneles que se distribuyen en tres de las paredes. Los motivos que se representan son exclusivamente geom\u00e9tricos, siendo las figuras m\u00e1s comunes los c\u00edrculos conc\u00e9ntricos, tri\u00e1ngulos enfrentados por su base, cuadrados y l\u00edneas.&nbsp;<\/p>\n\n\n\n<p>No nos dejaron sacar fotos dentro de la cueva original, pero aqu\u00ed tienen la que me pude hacer en la r\u00e9plica que est\u00e1 en el<strong> Museo Canario<\/strong> que visitamos al d\u00eda siguiente.&nbsp;<\/p>\n\n\n\n<figure class=\"wp-block-image size-full\"><img loading=\"lazy\" decoding=\"async\" width=\"1024\" height=\"768\" src=\"https:\/\/www.canariasviaja.com\/viajaresvivir\/wp-content\/uploads\/2023\/03\/Ruta-cultural-gc.jpg\" alt=\"\" class=\"wp-image-10318\" srcset=\"https:\/\/www.canariasviaja.com\/viajaresvivir\/wp-content\/uploads\/2023\/03\/Ruta-cultural-gc.jpg 1024w, https:\/\/www.canariasviaja.com\/viajaresvivir\/wp-content\/uploads\/2023\/03\/Ruta-cultural-gc-300x225.jpg 300w, https:\/\/www.canariasviaja.com\/viajaresvivir\/wp-content\/uploads\/2023\/03\/Ruta-cultural-gc-768x576.jpg 768w, https:\/\/www.canariasviaja.com\/viajaresvivir\/wp-content\/uploads\/2023\/03\/Ruta-cultural-gc-800x600.jpg 800w\" sizes=\"(max-width: 1024px) 100vw, 1024px\" \/><figcaption class=\"wp-element-caption\">M\u00f3nica en el Museo Canario.<\/figcaption><\/figure>\n\n\n\n<p>Del poblado s\u00ed que pudimos sacar fotitos:<\/p>\n\n\n\n<figure class=\"wp-block-image\"><img decoding=\"async\" src=\"https:\/\/lh4.googleusercontent.com\/BC-RhX3VK2fST7_dsKXNX-XnnA_AgaLEOVBdtCGD-BU00CovqAjTfwzcU9CVhBB9YjjO-vAJObCCsFOfXt_1im897zbJ55-p8UurM7BouRMh1icPsZ58iab9Ve_0ifjLZ4LkcAKsaQ4YA4-3edhmcA\" alt=\"Cueva Pintada 11.jpg\"\/><figcaption class=\"wp-element-caption\">Parque Arqueol\u00f3gico Cueva Pintada. Foto: M\u00f3nica Fuentes<\/figcaption><\/figure>\n\n\n\n<figure class=\"wp-block-image\"><img decoding=\"async\" src=\"https:\/\/lh5.googleusercontent.com\/C4PuL9tT_0pjRhgWCEsoxT6C8dUFxytR5p_7CEcDYUSBjZsKyXuWmZsKmEkMtArQMjBOdRa-IdoPp5diNa3xnWBrWBMT6j9w_rcs7gIFseLFKSnEySKzowG2uaXNH1NfG8wARA1oO5BPvVOnkKAHlg\" alt=\"Ruta cultural por Gran Canaria\"\/><figcaption class=\"wp-element-caption\">Parque Arqueol\u00f3gico Cueva Pintada. Foto: M\u00f3nica Fuentes<\/figcaption><\/figure>\n\n\n\n<p>Como nuestro pr\u00f3ximo yacimiento cerraba a las cinco, y ten\u00edamos que estar all\u00ed a las cuatro de la tarde, no tuvimos tiempo para almorzar. Menos mal que llev\u00e1bamos frutos secos, algo de fruta y tortitas para aguantar.&nbsp;<\/p>\n\n\n\n<p>De G\u00e1ldar pusimos rumbo al <a href=\"http:\/\/www.arqueologiacanaria.com\/cenobio_de_valeron\/cenobiodevaleron.html\"><strong>Cenobio de Valer\u00f3n<\/strong><\/a> en Santa Mar\u00eda de Gu\u00eda.<\/p>\n\n\n\n<figure class=\"wp-block-image\"><img decoding=\"async\" src=\"https:\/\/lh4.googleusercontent.com\/EONs8GbNr55GuGpf_HDIIWDlrQOqn3uBgtKv4KWv8vKKyDlwgz1d5_W8sUALegbcVmJlUF4zlgsXFbj9O77-jM3c4T5aeQYRcZYBsieOcFsJLx6eh8pG04GTk91smXKDoGRKHJukOwPFvIagdhtS2g\" alt=\"Ruta cultural por Gran Canaria\"\/><\/figure>\n\n\n\n<div style=\"height:100px\" aria-hidden=\"true\" class=\"wp-block-spacer\"><\/div>\n\n\n\n<h2 class=\"wp-block-heading\">Cenobio de Valer\u00f3n<\/h2>\n\n\n\n<p>Este yacimiento es un grupo de cuevas artificiales, o c\u00e1maras, dispuestas de forma irregular en varios niveles. El conjunto se localiza concretamente bajo un arco natural en un escarpe de la Monta\u00f1a del Gallego. Un examen sobre las costumbres de los abor\u00edgenes canarios revela que se utilizaba como un <strong>enorme granero colectivo<\/strong>.&nbsp;<\/p>\n\n\n\n<figure class=\"wp-block-image size-full\"><img loading=\"lazy\" decoding=\"async\" width=\"1024\" height=\"768\" src=\"https:\/\/www.canariasviaja.com\/viajaresvivir\/wp-content\/uploads\/2023\/03\/Ruta-cultural-Gran-canaria-2.jpg\" alt=\"\" class=\"wp-image-10317\" srcset=\"https:\/\/www.canariasviaja.com\/viajaresvivir\/wp-content\/uploads\/2023\/03\/Ruta-cultural-Gran-canaria-2.jpg 1024w, https:\/\/www.canariasviaja.com\/viajaresvivir\/wp-content\/uploads\/2023\/03\/Ruta-cultural-Gran-canaria-2-300x225.jpg 300w, https:\/\/www.canariasviaja.com\/viajaresvivir\/wp-content\/uploads\/2023\/03\/Ruta-cultural-Gran-canaria-2-768x576.jpg 768w, https:\/\/www.canariasviaja.com\/viajaresvivir\/wp-content\/uploads\/2023\/03\/Ruta-cultural-Gran-canaria-2-800x600.jpg 800w\" sizes=\"(max-width: 1024px) 100vw, 1024px\" \/><figcaption class=\"wp-element-caption\">M\u00f3nica en el Cenobio de Valer\u00f3n.<\/figcaption><\/figure>\n\n\n\n<p>En \u00e9l se almacenaban los excedentes de cereales que proporcionaba la agricultura. Una vez depositado el grano, las cavidades se cerraban con puertas de madera o lajas de piedra, donde se labraba el anagrama identificativo de su propietario (precisamente las pintaderas se relacionan con esta funci\u00f3n).<\/p>\n\n\n\n<figure class=\"wp-block-image\"><img decoding=\"async\" src=\"https:\/\/lh5.googleusercontent.com\/M1skluaLm5dJDU1b1JU2BLBmS4DcgGq0qqgdHgdflaeUohsfbhc8bSdjkRbxFqLANQGJ-_S6edp2Zl6KzVevPC5yDnTegQi5l4Hs-GlhdCTZYSCJdi4cltXCOTNe0zSMQkO0RewbGbhn9x7AFiTbCw\" alt=\"Ruta cultural por Gran Canaria\"\/><figcaption class=\"wp-element-caption\">Cenobio de Valer\u00f3n. Foto: M\u00f3nica Fuentes<\/figcaption><\/figure>\n\n\n\n<p>El Cenobio de Valer\u00f3n abre de martes a domingo de 10:00 h a 17:00 h. La entrada estar\u00eda dentro de la combinada que mencion\u00e9 antes.<\/p>\n\n\n\n<p>Ya cansadas, pero contentas por todo lo que hab\u00edamos visto y aprendido, nos dirigimos hacia la capital.<\/p>\n\n\n\n<figure class=\"wp-block-image\"><img decoding=\"async\" src=\"https:\/\/lh4.googleusercontent.com\/OHMyFB4DtmI9YFdPbm7r1RtiSE-8AvwQ79uH64sHy8OnxdMm3dsje2YvjkC_J-rzTsWSMh0V7Mx_McDYT57zEVv5j2LKfzEWPDhg8J-ojaYNItJbARqFZY10QJ0mSQYnJeLhy9PMzqvAp8FFAJTRJg\" alt=\"Interfaz de usuario gr\u00e1fica, Aplicaci\u00f3n, Sitio web, Mapa\n\nDescripci\u00f3n generada autom\u00e1ticamente\"\/><\/figure>\n\n\n\n<div style=\"height:100px\" aria-hidden=\"true\" class=\"wp-block-spacer\"><\/div>\n\n\n\n<h2 class=\"wp-block-heading\">Noche en Las Palmas de Gran Canaria<\/h2>\n\n\n\n<p class=\"has-text-align-center\">Una vez en Las Palmas, hicimos el check-in en el hotel y salimos a tomar unas muy merecidas ca\u00f1as.&nbsp;<\/p>\n\n\n\n<p>Tras haber descansado y despu\u00e9s de una buena ducha, nos pusimos bellas y fuimos a cenar a Triana, en el <strong><a href=\"https:\/\/www.tripadvisor.es\/Restaurant_Review-g187472-d3731318-Reviews-Allende_Triana-Las_Palmas_de_Gran_Canaria_Gran_Canaria_Canary_Islands.html\" target=\"_blank\" rel=\"noreferrer noopener\">Restaurante Allende Triana<\/a><\/strong>. Muy recomendable. All\u00ed, el camarero nos dio un consejo de los buenos. Lo desvelar\u00e9 a lo largo del post. Sigan leyendo.&nbsp;<\/p>\n\n\n\n<div style=\"height:100px\" aria-hidden=\"true\" class=\"wp-block-spacer\"><\/div>\n\n\n\n<h3 class=\"wp-block-heading\"><strong>D\u00eda 2 , de Vegueta a Tejeda<\/strong><\/h3>\n\n\n\n<p>Al d\u00eda siguiente, sin prisa pero sin pausa, recogimos los b\u00e1rtulos, fuimos a desayunar, hicimos el check-out y con el coche nos acercamos hasta la zona de<a href=\"https:\/\/www.canariasviaja.com\/viajaresvivir\/vegueta-la-bella\/\"> <strong>Vegueta<\/strong><\/a>. Recomiendo aparcar en el <strong>Parking del  Mercado de Vegueta<\/strong> y luego caminar por la zona.<\/p>\n\n\n<div class=\"wp-block-image\">\n<figure class=\"aligncenter size-full is-resized\"><img decoding=\"async\" src=\"https:\/\/www.canariasviaja.com\/viajaresvivir\/wp-content\/uploads\/2023\/03\/Ruta-cultural-por-Gran-Canaria.jpg\" alt=\"\" class=\"wp-image-10321\" width=\"400\" srcset=\"https:\/\/www.canariasviaja.com\/viajaresvivir\/wp-content\/uploads\/2023\/03\/Ruta-cultural-por-Gran-Canaria.jpg 600w, https:\/\/www.canariasviaja.com\/viajaresvivir\/wp-content\/uploads\/2023\/03\/Ruta-cultural-por-Gran-Canaria-225x300.jpg 225w\" sizes=\"(max-width: 600px) 100vw, 600px\" \/><figcaption class=\"wp-element-caption\">Calles de Vegueta. Foto: M\u00f3nica Fuentes<\/figcaption><\/figure><\/div>\n\n\n<p>All\u00ed fuimos al <strong><a href=\"https:\/\/www.elmuseocanario.com\/informacion-general\/\">Museo Canario<\/a>.<\/strong> El horario es de lunes a viernes de 10:00 a 20:00 h. (\u00faltima visita recomendada a las 19:15 h.) y los s\u00e1bados de 10.00 a 14.00 horas. La entrada general cuesta 5\u20ac. Lo ideal es coger la audiogu\u00eda, para esto tienes que dejar un dep\u00f3sito que te devolver\u00e1n una vez que la retornes.&nbsp;<\/p>\n\n\n\n<p class=\"has-text-align-center\"><img loading=\"lazy\" decoding=\"async\" alt=\"Museo Canario 1.jpg\" src=\"https:\/\/lh3.googleusercontent.com\/CtS31avPKA9baPJz8SMubyoiWiEUxbGtruTiLEeQcNDB-sMofGVXpAeQ4UbtZc9TX5svLtI-wroUXX1WCAVLPF3Q-5FGfjk539V_p37AuogTDf9XB-dtJXdnSQgTxj3vst6MfSX-_o6taOLFoAtoGw\" width=\"335\" height=\"446\"><\/p>\n\n\n\n<p>Este museo es una<strong> instituci\u00f3n cient\u00edfica de car\u00e1cter privado<\/strong> cuya inauguraci\u00f3n tuvo lugar en 1879 como Sociedad Cient\u00edfica. La idea que inspir\u00f3 la creaci\u00f3n de El Museo no fue otra que recoger todos aquellos objetos relacionados con la <strong>arqueolog\u00eda, la historia, las ciencias naturales o el arte.&nbsp;<\/strong><\/p>\n\n\n\n<p>El impresionante fondo actual acoge<strong> una de las colecciones m\u00e1s completas de la Historia de Canarias. <\/strong>El Museo Canario cuenta, por un lado, con un importante<strong> Centro de Documentaci\u00f3n<\/strong>, que conforman el Archivo, la Biblioteca, que alberga libros del siglo XVI, y la Hemeroteca. El <strong>Fondo de Arqueolog\u00eda<\/strong> est\u00e1 constituido por los restos materiales pertenecientes a la poblaci\u00f3n prehist\u00f3rica e hist\u00f3rica de Gran Canaria.&nbsp;<\/p>\n\n\n<div class=\"wp-block-image\">\n<figure class=\"aligncenter\"><img decoding=\"async\" src=\"https:\/\/lh3.googleusercontent.com\/5jLfsv_uOJe97keag1gH7ZA9LwZ_SWhhcn7OS4PoorPEoSSc_v_GKhs-VkGcpfrHg5lWFnM5eokPNxgoe-ogUSAtoFsyAx8WokUHSmvdSZ6Zn4OF8698fh-tG3CHb0uwYDlFdDfhXUZb1rHA2EDM0w\" alt=\"Museo Canario 3.jpg\"\/><figcaption class=\"wp-element-caption\">Museo Canario. Foto: M\u00f3nica Fuentes<\/figcaption><\/figure><\/div>\n\n<div class=\"wp-block-image\">\n<figure class=\"aligncenter\"><img decoding=\"async\" src=\"https:\/\/lh6.googleusercontent.com\/RR765CIhAbRsigaJJXAvc-itT-hYfGesstbRblF9ZIRfWezmPWVKQ0GxFxIGcd5uetWxde8t4FCM3rcdiwzfgrXCZfAisVQVpvoXFpgwFFsUCO8-HN-CdCKIgXN-osZA1i6yItgeSojmVm77vXrPng\" alt=\"Ruta cultural por Gran Canaria\"\/><figcaption class=\"wp-element-caption\">Museo Canario. Foto: M\u00f3nica Fuentes<\/figcaption><\/figure><\/div>\n\n\n<p>La <strong>exposici\u00f3n permanente<\/strong> que se exhibe en las salas de el Museo Canario tiene un car\u00e1cter monogr\u00e1fico, dedicado a la<strong> poblaci\u00f3n aborigen de Gran Canaria, los canarios.&nbsp;<\/strong><\/p>\n\n\n\n<figure class=\"wp-block-image\"><img decoding=\"async\" src=\"https:\/\/lh6.googleusercontent.com\/fx-TrxTyK0qprKZq5b0HHweSannfZcFLRpTCv7SiBXgx-30JcqlIpnQVey8mlCsYIPSd8BLxnffJfLQBn_wWV3V5TcL9yldGYXt4oAvXxdhdqx3oIfns6em1tS72AB-nOpEwTbgE_AngSmLLpSdYfA\" alt=\"Ruta cultural por Gran Canaria\"\/><figcaption class=\"wp-element-caption\">Museo Canario. Foto: M\u00f3nica Fuentes<\/figcaption><\/figure>\n\n\n\n<p>La organizaci\u00f3n de los asentamientos, las actividades econ\u00f3micas o las pr\u00e1cticas funerarias son algunos de los aspectos que el visitante ir\u00e1 descubriendo durante su recorrido por las once salas, repartidas en dos plantas, que conforman el Museo Canario.<\/p>\n\n\n\n<p>Salimos de all\u00ed con hambre y con ganas de comer algo t\u00edpico de Gran Canaria. Y qu\u00e9 mejor opci\u00f3n que pedirse un <strong>bocadillo de pata con una Tropical<\/strong>. Estaba buen\u00edsimo. Yo me lo com\u00ed de pata con queso blanco (o queso <em>fresco<\/em> como le dicen all\u00ed), guacamole y cebolla caramelizada.\u00a0<\/p>\n\n\n\n<p>Nuestra pr\u00f3xima parada era en Santa Luc\u00eda de Tirajana: La Fortaleza&nbsp;<\/p>\n\n\n\n<figure class=\"wp-block-image\"><img decoding=\"async\" src=\"https:\/\/lh3.googleusercontent.com\/LBqkoCXnwQIH_-_eelpXUa4HxkxO2_VHfqlqTxJLL2D3pGBjHpHfFmCWggUc7sDWWZBb499Rw4hpTUABg_iTOhPl-rwiboH-gFpF0atZbXa0ePETEKBTiUAhABqb5r4wrogscJTtXQyRIwstuMFUWg\" alt=\"Ruta cultural por Gran Canaria\"\/><\/figure>\n\n\n\n<div style=\"height:100px\" aria-hidden=\"true\" class=\"wp-block-spacer\"><\/div>\n\n\n\n<h2 class=\"wp-block-heading\">D\u00eda 2: La Fortaleza.<\/h2>\n\n\n\n<p><a href=\"https:\/\/www.lafortaleza.es\/es\/visitas\">La Fortaleza<\/a>: El horario es de martes a domingo de 10.00 a 17.00 horas y la entrada general cuesta 4\u20ac<\/p>\n\n\n\n<p><\/p>\n\n\n\n<p>Se trata de diversos <strong>h\u00e1bitats ind\u00edgenas ubicados en el interior y en los alrededores de un roque.<\/strong> Seg\u00fan cuenta la leyenda, la <strong>Fortaleza de Ansite<\/strong> fue el lugar donde, en 1483, se refugiaron los \u00faltimos abor\u00edgenes ante el avance de los conquistadores europeos. Algunos se rindieron, entregando la isla a la Corona de Castilla, mientras que otros procedieron a un suicidio ritual desde lo alto de la fortaleza. Mientras que el episodio hist\u00f3rico es dudoso que ocurriese exactamente ah\u00ed, lo cierto es que en el lugar se han encontrado numerosos restos arqueol\u00f3gicos. El roque est\u00e1 horadado por numerosas cuevas de habitaci\u00f3n y de enterramiento visitables a trav\u00e9s de un sendero y a\u00fan hoy es lugar de numerosas campa\u00f1as arqueol\u00f3gicas.<\/p>\n\n\n\n<p class=\"has-text-align-center\">&nbsp;<img loading=\"lazy\" decoding=\"async\" width=\"296\" height=\"329\" src=\"https:\/\/lh3.googleusercontent.com\/YyDWHjffBccHwVznK9dp0fgw_IAq5LxXYc_DczdVMsnXQk8WA9RAL8rdihGZqLMKXx6cdfD58yHSNj_BBQLx1FNxxg2SbT-akNkcPfPYagMaTuhi0fwrV5OLuVT28JRX2YYWq18eSdxfquXn4899Ow\" alt=\"IMG20230311155433.jpg\"><\/p>\n\n\n\n<p>Al llegar, debes aparcar en el parking del <strong>Centro de Visitantes.<\/strong> All\u00ed comprar\u00e1s la entrada y podr\u00e1s visitarlo. Tambi\u00e9n tienes una peque\u00f1a tienda de souvenirs \u2013 donde por cierto me compr\u00e9 unos pendientes con motivos de pintadera canaria \u2013 y puedes comprar agua fr\u00eda. Ese d\u00eda hac\u00eda mucho, mucho, mucho calor, por lo que poder comprar agua fresquita se agradeci\u00f3.<\/p>\n\n\n\n<p>Una vez hayas terminado la visita del centro, coges de nuevo el coche y te diriges al parking que est\u00e1 al final de la carretera.<\/p>\n\n\n\n<figure class=\"wp-block-image\"><img decoding=\"async\" src=\"https:\/\/lh6.googleusercontent.com\/M17TeSlDhPuXZYDujnD8XeUMlAowPwjP-JEhoSqN4HNswownh8r9GV-GT60vfZqzv9pzpfVCWI-ZfEAvIOWOIMxxWAY8EL-h1UfuaiyoR0hW-t227-eZLHZQF0a1-k6MewwxzplMO-YNg4bLmSOs6w\" alt=\"Ruta cultural por Gran Canaria\"\/><\/figure>\n\n\n\n<p class=\"has-text-align-left\">Desde aqu\u00ed parte el<strong> sendero<\/strong> que te conduce por uno de los roques de la fortaleza. El sendero es f\u00e1cil y merece la pena hacerlo. Es circular y no muy largo y pasa por un t\u00fanel natural.&nbsp;<\/p>\n\n\n<div class=\"wp-block-image\">\n<figure class=\"aligncenter\"><img decoding=\"async\" src=\"https:\/\/lh4.googleusercontent.com\/9b0XtNMJZjzYAXRa301KU6sgdjLudhDseapsBMwCHrtoiD_k2InGqkSOWrgZCz_Po0RAymsqin29_YIB72y91nAGClZ-nfLmHrZZ1LW8RT4TWsCZ5mVeCTZpc3DvhZ7AAyF-NSvEpKTHjLLcMBUZxQ\" alt=\"Ruta cultural por Gran Canaria\"\/><\/figure><\/div>\n\n\n<figure class=\"wp-block-image\"><img decoding=\"async\" src=\"https:\/\/lh3.googleusercontent.com\/qFbuz89-aIpxUwcslXCUHiAhE_7ftfMNaYz4KXqSlGEecRvZpGHTxlteRqu4BBrIcp8BR2NzHLSsKfPnhLdOobbmXRv0YN4WggAxH-TDDX8FbsRt9sB22emkolQy5-nVxwUGAwkZtjL_s9LBkE0-zA\" alt=\"Fortaleza 21.jpg\"\/><figcaption class=\"wp-element-caption\">La Fortaleza de Ansite. Foto: Monica Fuentes<\/figcaption><\/figure>\n\n\n\n<p>Al finalizar, nos subimos al coche de nuevo y tras un paseo por las carreteras del centro de Gran Canaria, que estaban plagadas de <a href=\"https:\/\/www.canariasviaja.com\/viajaresvivir\/almendros-en-flor-en-tejeda\/\">almendros en flor<\/a>, vimos la puesta de sol antes de llegar a<a href=\"https:\/\/www.canariasviaja.com\/viajaresvivir\/regreso-a-la-cumbre-de-gran-canaria\/\"> Tejeda<\/a>, donde \u00edbamos a pasar la noche. <\/p>\n\n\n\n<p>Recomiendo parar en el <strong>aparcamiento de la Degollada de la Goleta<\/strong>. Espectacular.&nbsp;Ves el Roque Nublo, el Roque de Bentayga y nuestro querido padre Teide. Hab\u00eda gente con prism\u00e1ticos, que nos los dejaron para ver hasta La Gomera.&nbsp;&nbsp;<\/p>\n\n\n\n<figure class=\"wp-block-image\"><img decoding=\"async\" src=\"https:\/\/lh5.googleusercontent.com\/tK_zifmHomKtnhchFrkFzHELji7BEESvSTeFF2ASI_RE84pTvJ1GsJuELnDA0XEHq8qYG73Q49mh2SVQuhWL3aOXQ_vm2fB-ReLQjK3pDAU3z7vSrWkzO1wJ8gutQTqmQxfJ3J3eSd9p6gkmi0-X8Q\" alt=\"Puesta Sol 6.jpg\"\/><\/figure>\n\n\n\n<p>Ya de noche, llegamos a Tejeda, hicimos el check-in en el hostal y fuimos a darnos un homenaje, ya que est\u00e1bamos muertas de hambre.&nbsp;<\/p>\n\n\n\n<figure class=\"wp-block-image\"><img decoding=\"async\" src=\"https:\/\/lh3.googleusercontent.com\/LilbTVRCXQbBOUOAnEK2R_gaG1QN_J0YWti3rIrafDrNHn5nbm2UYs_VZ_AaLYw2HKpPmbrfibNDZokzH-6ZCXugAuNmVOkZrdJ893n9hunIY6TTURH1MkXT27EDlydavtyOnJikt971c-SNvdErwg\" alt=\"Tejeda 1.jpg\"\/><\/figure>\n\n\n\n<div style=\"height:100px\" aria-hidden=\"true\" class=\"wp-block-spacer\"><\/div>\n\n\n\n<h3 class=\"wp-block-heading\"><strong>D\u00eda 3,  del Roque Bentayga a las Casa Cueva<\/strong><\/h3>\n\n\n\n<p>\u00daltimo d\u00eda de exploradoras. Para desayunar nada mejor que una de las famosas palmeras de la <strong>Dulcer\u00eda Nublo.&nbsp;<\/strong><\/p>\n\n\n\n<figure class=\"wp-block-image\"><img decoding=\"async\" src=\"https:\/\/lh4.googleusercontent.com\/vXsAxNbkJj9HLvRcG-SaShWKgQ-rz2g8f8Nees85x8ORpjLqpSOji94DfYSllj92neR5FYLloP995BRJnZPDSXyvAT3cV96w3bbgV14w6eREypDacwG-YWpfDW_VHqTM06hwIAdUgG_1XRIPMk2s6w\" alt=\"dulceria-nublo-tejeda-02.jpg\"\/><\/figure>\n\n\n\n<p>Yo me la com\u00ed de Twix. Y me la com\u00ed toda, ya que una vez que empec\u00e9 no pude parar hasta terminarla. El hojaldre estaba reci\u00e9n hecho y el chocolate muy suave. Ten\u00eda hasta un mini Twix.&nbsp;<\/p>\n\n\n\n<p>Para este d\u00eda ten\u00edamos dos metas. Visitar el <strong>Centro de Interpretaci\u00f3n del Roque de Bentayga<\/strong> era la primera.<\/p>\n\n\n<div class=\"wp-block-image\">\n<figure class=\"aligncenter size-full is-resized\"><img decoding=\"async\" src=\"https:\/\/www.canariasviaja.com\/viajaresvivir\/wp-content\/uploads\/2023\/03\/Ruta-cultural-por-Gran-Canaria-1.jpg\" alt=\"\" class=\"wp-image-10323\" width=\"400\" srcset=\"https:\/\/www.canariasviaja.com\/viajaresvivir\/wp-content\/uploads\/2023\/03\/Ruta-cultural-por-Gran-Canaria-1.jpg 600w, https:\/\/www.canariasviaja.com\/viajaresvivir\/wp-content\/uploads\/2023\/03\/Ruta-cultural-por-Gran-Canaria-1-225x300.jpg 225w\" sizes=\"(max-width: 600px) 100vw, 600px\" \/><\/figure><\/div>\n\n\n<p>De camino, paramos en la famosa <strong>Cesta de Tejeda<\/strong> para hacernos la foto de rigor. Esta escultura, de la artista portuguesa Do\u00f1a Rita Loureiro da Silva, est\u00e1 completamente realizada en metal. Simboliza un reconocimiento al duro oficio de la agricultura y ganader\u00eda. La cesta representa la dura labor de la recolecci\u00f3n en Tejeda de las almendras y las papas principalmente. Su gran tama\u00f1o alude, al gran esfuerzo humano que supon\u00eda completar en una orograf\u00eda tan hostil los cestos de dichos productos. Es un enclave fotogr\u00e1fico inigualable.<\/p>\n\n\n\n<div style=\"height:100px\" aria-hidden=\"true\" class=\"wp-block-spacer\"><\/div>\n\n\n\n<h2 class=\"wp-block-heading\">Roque de Bentayga<\/h2>\n\n\n\n<figure class=\"wp-block-image\"><img decoding=\"async\" src=\"https:\/\/lh4.googleusercontent.com\/6yonxQVZ0V2khEYeoxJHBvr_2NX08EoalZZYMYEecjqyaSyIohc-rvsOgosC8eSK5ACHUHBsCl-o0hVl_BZCSGO41GK4aUIDhy76fL_p6QtHOcplaSgqPOn329gkaLA92NxSPFrY3qF54i2pLFQ3KQ\" alt=\"IMG20230312104300.jpg\"\/><\/figure>\n\n\n\n<p>El horario del <strong><a href=\"https:\/\/riscocaido.grancanaria.com\/centro-de-interpretacion-del-roque-bentayga\">Centro de Interpretaci\u00f3n del Roque de Bentayga<\/a> <\/strong>es de lunes a domingo, de 10.00 h a 17.00 horas. La entrada es gratuita. Acababan de inaugurarlo, con lo que todav\u00eda no ten\u00edan ni internet ni tel\u00e9fono (por si llaman o env\u00edan un email y no les responden que sepan que es por esto.)&nbsp;<\/p>\n\n\n\n<p>Es <strong>uno de los enclaves m\u00e1s importantes del Patrimonio Arqueol\u00f3gico de Gran Canaria<\/strong>. En su interior se descubren los rasgos culturales, etnogr\u00e1ficos y naturales de este conjunto que corona Gran Canaria y sus cumbres.<\/p>\n\n\n\n<figure class=\"wp-block-image\"><img decoding=\"async\" src=\"https:\/\/lh3.googleusercontent.com\/KZ6RB3BXBG_hlUmHhY1eLfevqr0GW-w8JD9AHUcFJskeomDqVlV29noEoLhu9CEUQnncD-9uzkacWGSKYwH8G49s7D89qlFuuqqd0mtQik9YBrsGq_TAKsxQ8Ysvbi3hc_o_COXVYVFjQLyIQ42OPg\" alt=\"IMG20230312114516.jpg\"\/><\/figure>\n\n\n\n<p>Lo primero que hicimos al llegar, seg\u00fan nos aconsejaron, es realizar el <strong>sendero que sub\u00eda al Roque de Bentayga<\/strong>, antes de que hiciera m\u00e1s calor. El domingo tambi\u00e9n el d\u00eda estuvo apretadito. Y as\u00ed lo hicimos. Muy bonito, f\u00e1cil y con unas vistas espectaculares.&nbsp;<\/p>\n\n\n<div class=\"wp-block-image\">\n<figure class=\"aligncenter is-resized\"><img decoding=\"async\" src=\"https:\/\/lh4.googleusercontent.com\/Bmt_eSK38IIo4ZzTNgn0E1GYIIHeF0qybBoH6-52bgO80zG_0oROQdAa-6eT4FyrkmbPpm_ynWZ1NX56X22H0dlpk2odB0QJXaxTz7DfeQChZaVKX_mN6VOr56LbVq6CEavSkTsPn2EogHVjLseimw\" alt=\"Bentayga 1.jpg\" width=\"400\"\/><\/figure><\/div>\n\n\n<figure class=\"wp-block-image\"><img decoding=\"async\" src=\"https:\/\/lh4.googleusercontent.com\/xzY1xn1zOS6H7552pGDSv75yvatkLvN7LQxJjshFZJ6i6jY02kRZXnysxHVaX3DjssnrTUDW0CZMcnWM3ery9pGIFB9XCcHmXzZKeTpYVivr1myj_41V4fEEeuGwTsYQfao0ONsDLU8xKSHGZPsvLA\" alt=\"Bentayga 2.jpg\"\/><\/figure>\n\n\n\n<p>De all\u00ed fuimos a nuestra segunda meta: el <strong>Centro de Interpretaci\u00f3n de Risco Ca\u00eddo y las Monta\u00f1as Sagradas de Gran Canaria<\/strong>, en Artenara, donde ten\u00edamos una visita guiada concertada con antelaci\u00f3n por tel\u00e9fono.&nbsp;<\/p>\n\n\n\n<figure class=\"wp-block-image\"><img decoding=\"async\" src=\"https:\/\/lh3.googleusercontent.com\/25fKEtDdARkF1zmbjh0ZeNtkgvmRq8A0Ok6sua1U9hsVv91GD-e7WGtCocx6SCad52U2L5OwP1sWrn8o9_7a-Wt-JmPZDboQ4E6NoPIEj3wklI0tCkEvkP2BCtN5TtwcQHg59ZXax6c4tVSfBPV0OQ\" alt=\"Mapa\n\nDescripci\u00f3n generada autom\u00e1ticamente\"\/><\/figure>\n\n\n\n<p><strong>27 min<\/strong><strong>&nbsp;<\/strong><strong>(14,8 km)por&nbsp;GC-60 y GC-210<\/strong><\/p>\n\n\n\n<div style=\"height:100px\" aria-hidden=\"true\" class=\"wp-block-spacer\"><\/div>\n\n\n\n<h2 class=\"wp-block-heading\">Risco Ca\u00eddo y las Monta\u00f1as Sagradas de Gran Canaria<\/h2>\n\n\n\n<figure class=\"wp-block-image\"><img decoding=\"async\" src=\"https:\/\/lh6.googleusercontent.com\/LHygSnHnDqpUGFy5COOpji1LNBeaDkm6gs1Rx0LG5xzEXsrrFOSklWgc9FGNm1h4UWO9Yl0ftu-RRxdH0URmVQYvOrxKNkMN3tXRU9DcjQkvWA28qMO243QnkvVvFZtwtn2Oq1xpHka_LLGwJFlb4Q\" alt=\"IMG20230312122550.jpg\"\/><\/figure>\n\n\n\n<p>Situado en el casco urbano de Artenara y excavado dentro de la monta\u00f1a en una clara referencia al trogloditismo tan caracter\u00edstico de la zona, el <a href=\"https:\/\/riscocaido.grancanaria.com\/centro-de-interpretacion-de-risco-caido\"><strong>Centro de Interpretaci\u00f3n de Risco Ca\u00eddo y las Monta\u00f1as Sagradas de Gran Canaria<\/strong><\/a> pretende ser el principal punto de transmisi\u00f3n de conocimiento al p\u00fablico acerca de este<strong> importante yacimiento arqueol\u00f3gico<\/strong> y de sus muchas particularidades.&nbsp;&nbsp;<\/p>\n\n\n\n<p>El antiguo <strong>poblado troglodita de Risco Ca\u00eddo<\/strong> se encuentra en un entorno muy rico en vestigios paleontol\u00f3gicos. El asentamiento est\u00e1 formado por un total de veinti\u00fan cuevas excavadas en la toba volc\u00e1nica situadas en lo alto de un escarpado acantilado que forma un saliente sobre la margen izquierda de Barranco Hondo. Conocido tambi\u00e9n como Risco Maldito, este antiguo poblado se encuentra abandonado desde mediados del siglo XX, una muestra m\u00e1s de la pervivencia en tiempos recientes de formas de vidas de herencia prehisp\u00e1nica.&nbsp;<img loading=\"lazy\" decoding=\"async\" width=\"548\" height=\"412\" src=\"https:\/\/lh5.googleusercontent.com\/D6X7OXR11FeOIrKrJthMCHE-C5hvbsS0mxempgmeG3YeiGNCejM_2rhw6jHrokYKcKknB2vSV3xD_QILT-evRKt89_G75-O6hTaLGvg7NbM6M7y7UXZnOrJE-D_erG1GkGrmdD7gl9F_eiNz2tjG_g\" alt=\"IMG20230312123224.jpg\"><\/p>\n\n\n\n<p>Todas las cuevas est\u00e1n dotadas de gran profusi\u00f3n de <strong>grabados p\u00fabicos, cazoletas y bajorrelieves.<\/strong> La cueva C6, conocida como almogar\u00e9n o<strong> santuario de Risco Ca\u00eddo<\/strong>, es un recinto excavado de planta circular y c\u00fapula paraboloide, muy poco frecuente en este tipo de construcciones en la isla. Adem\u00e1s de su especial arquitectura, lo m\u00e1s significativo es que esta cueva dispone de un ingenio \u00f3ptico o canal de luz excavado que proyecta la luz del sol o la luna llena en una de las paredes de la c\u00e1mara principal, donde se encuentran precisamente las manifestaciones rupestres en forma de cazoletas y tri\u00e1ngulos p\u00fabicos y grabados en bajo relieve. Esta constituye un <strong>marcador solsticial y equinoccial <\/strong>extremadamente complejo y singular en su concepci\u00f3n y construcci\u00f3n.<\/p>\n\n\n<div class=\"wp-block-image\">\n<figure class=\"aligncenter size-full is-resized\"><img decoding=\"async\" src=\"https:\/\/www.canariasviaja.com\/viajaresvivir\/wp-content\/uploads\/2023\/03\/Ruta-cultural-por-Gran-Canaria-2.jpg\" alt=\"\" class=\"wp-image-10324\" width=\"400\" srcset=\"https:\/\/www.canariasviaja.com\/viajaresvivir\/wp-content\/uploads\/2023\/03\/Ruta-cultural-por-Gran-Canaria-2.jpg 600w, https:\/\/www.canariasviaja.com\/viajaresvivir\/wp-content\/uploads\/2023\/03\/Ruta-cultural-por-Gran-Canaria-2-225x300.jpg 225w\" sizes=\"(max-width: 600px) 100vw, 600px\" \/><\/figure><\/div>\n\n\n<p>Aqu\u00ed nos explicaron por qu\u00e9 el <em>Paisaje Cultural de Risco Ca\u00eddo y las Monta\u00f1as Sagradas de Gran Canaria<\/em>&nbsp; est\u00e1 reconocido por la UNESCO como <strong>Patrimonio Mundial.<\/strong><\/p>\n\n\n\n<p>Se trata de unos parajes donde la antigua poblaci\u00f3n canaria fue capaz de crear su propia visi\u00f3n de las monta\u00f1as sagradas uniendo el cielo y la tierra e integrando el celaje en su cosmolog\u00eda, como as\u00ed lo demuestran los almogarenes o santuarios de Risco Ca\u00eddo y el Bentayga, ejemplos de templos astron\u00f3micos y espacios rituales de aquella cultura. Un paisaje en el que este pueblo grab\u00f3 en las rocas su percepci\u00f3n espiritual y cre\u00f3 asentamientos trogloditas espectaculares y complejos, colgados de riscos y farallones, dando luz a una tradici\u00f3n que sigue viva y que ha convertido la <strong>casa cueva<\/strong> en un s\u00edmbolo de orgullo e identidad para habitantes de este espacio. <\/p>\n\n\n\n<p>A ello se suma la pervivencia de <strong>tradiciones y usos ancestrales del territorio<\/strong> como la trashumancia, el cultivo en bancales o el manejo del agua, haciendo de este paisaje un libro abierto que versa sobre formas inteligentes y respetuosas del uso sostenible del territorio y del valor que hoy posee su <strong>extraordinario patrimonio natural y cultural.<\/strong><\/p>\n\n\n\n<figure class=\"wp-block-image\"><img decoding=\"async\" src=\"https:\/\/lh4.googleusercontent.com\/TGFtP4ptwofYour6brEgWtuJPvYqdZxX9NjNF6CtyjDOWsKiNSkkUOMw6QfbPm4FM3yMMi66NII0mzfTG1zwy2JGkvO0B7iDZ3TkEmsFEAY9pEf74XIf4rpgeLFKRG6fPQIpDI4-tOfmJ66rQsyV-Q\" alt=\"Ruta cultural por Gran Canaria\"\/><\/figure>\n\n\n\n<p>Este hallazgo signific\u00f3 que, tanto los especialistas como las instituciones y la sociedad en general, comenzaran a darse cuenta de que nos encontr\u00e1bamos ante un conjunto de manifestaciones que evidenciaban la existencia de una<strong> cultura compleja, diversa y excepcional,<\/strong> cuyos vestigios han llegado hasta nuestros d\u00edas.&nbsp;<\/p>\n\n\n\n<div style=\"height:100px\" aria-hidden=\"true\" class=\"wp-block-spacer\"><\/div>\n\n\n\n<h2 class=\"wp-block-heading\">Siguiendo los consejos locales<\/h2>\n\n\n\n<p>Y ahora les cuento cu\u00e1l fue el buen consejo que nos dio el camarero del <strong>Restaurante Allende Triana<\/strong>. Nos dijo que fu\u00e9ramos al <strong><a href=\"https:\/\/www.tripadvisor.es\/Restaurant_Review-g187472-d5502546-Reviews-Restaurante_La_Cilla-Las_Palmas_de_Gran_Canaria_Gran_Canaria_Canary_Islands.html\" target=\"_blank\" rel=\"noreferrer noopener\">Restaurante La Cilla<\/a><\/strong>, que era muy bonito, con unas vistas magn\u00edficas y que se com\u00eda muy bien. \u00c9l hab\u00eda trabajado all\u00ed. Y resulta que est\u00e1bamos a tan solo 5 minutos a pie, all\u00ed en Artenara. <\/p>\n\n\n\n<p>El camarero ten\u00eda raz\u00f3n. Muy recomendable. Eso s\u00ed, mejor reservar. Nosotras no ten\u00edamos reserva y no pudimos comer en la terraza. Menos mal que dentro nos pusieron en una mesa al lado de unas cristaleras.<\/p>\n\n\n\n<p class=\"has-text-align-center\">&nbsp;<br><img loading=\"lazy\" decoding=\"async\" width=\"349\" height=\"262\" src=\"https:\/\/lh3.googleusercontent.com\/STLSJ27DWOvkyngPgQjEd0JxqS87Ick6_U8ViQcs1BwepMQsdJqdOGQDLY0gQrgz9MOQday4ZUY4fiyhg6jQ3Iv9zLuBjLATh_i5e9wgd23q3mN_zy6gFTSYrIWkO-4uamaD8tLEcdDRF_nzOnZMRw\" alt=\"Restaurante La Cilla 2.jpg\"><\/p>\n\n\n\n<div style=\"height:100px\" aria-hidden=\"true\" class=\"wp-block-spacer\"><\/div>\n\n\n\n<h2 class=\"wp-block-heading\">Museo Etnogr\u00e1fico Casas Cuevas<\/h2>\n\n\n\n<p>Para bajar la comida, decidimos realizar una \u00faltima visita antes de regresar  y fuimos al <strong><a href=\"https:\/\/www.artenara.es\/\">Museo Etnogr\u00e1fico Casas Cuevas<\/a> <\/strong>(horario de lunes a domingo de 11:30 h a 16:30 horas con entrada gratuita). <\/p>\n\n\n<div class=\"wp-block-image\">\n<figure class=\"aligncenter is-resized\"><img decoding=\"async\" src=\"https:\/\/lh3.googleusercontent.com\/nR-TIj39TK311tU_ef1Rjmuh3hBj2N3POYfjPnfv9VS-MYrCitayDAZlMrQiFvH5sj4Tks_FpZ-9Njl0dw7dxw1JbyWj_KJw2aWfIGPSpfOz3_EjMWSv1YGtFq2GejWH4OxLwfOJRJ634ZwwuCtydw\" alt=\"Ruta Cultural por Gran Canaria\" width=\"400\"\/><\/figure><\/div>\n\n\n<p>De camino nos paramos en el <strong>Mirador de Unamuno<\/strong> y nos hicimos unas fotos con tal celebridad.&nbsp;<\/p>\n\n\n\n<figure class=\"wp-block-image\"><img decoding=\"async\" src=\"https:\/\/lh5.googleusercontent.com\/If5ZugwCPTwebenVn4duPtuW882bbKhWYiJIYi9dgpP2Kx8FzNH6JLZTfp62qSrlDLQgnQ5-RB9pHmSgDVfmLoSYfEONNWU99V3QC8Ed1vembmjtMKBvF_7udDYymkVQhTQiw649aQIUTx62rAZ_oA\" alt=\"Ruta cultural por Gran Canaria\"\/><figcaption class=\"wp-element-caption\">Mirador de Unamuno. Foto: M\u00f3nica Fuentes<\/figcaption><\/figure>\n\n\n<div class=\"wp-block-image\">\n<figure class=\"aligncenter is-resized\"><img decoding=\"async\" src=\"https:\/\/lh4.googleusercontent.com\/Nu0eOR5OR2_LB4dP0U6qM4b8cXHWLpKOLjaa_XKhnrGhydPx1Uou9F3Rm4II0cC9Zmq1cAfXfNqe8-b7vOfq9cI3E_A0UFfrJByZcXAQ1lDT_puqc_b26vs4YBA1yfvPqoSH9UEG7HDcWni60m4xtA\" alt=\"Ruta cultural por Gran Canaria\" width=\"400\"\/><figcaption class=\"wp-element-caption\">M\u00f3nica y D. Miguel de Unamuno. Foto cedida por M\u00f3nica Fuentes.<\/figcaption><\/figure><\/div>\n\n\n<p>Ya sin tiempo para ver nada m\u00e1s, desandamos el camino para ir a coger el vuelo que nos llevar\u00eda de vuelta a casa. Hab\u00eda sido un fin de semana lleno de descubrimientos. <\/p>\n\n\n\n<p><strong>\u00a1Primera ruta cultural por las Islas Canarias superada!&nbsp;<\/strong><\/p>\n\n\n\n<figure class=\"wp-block-image\"><img decoding=\"async\" src=\"https:\/\/lh5.googleusercontent.com\/hoyAf-1cyllD2_zKSB--AqTDKO6axqVQZwz127jiGeu9CdZpK-JoadQ9rNFAERvKlq6CPW1b9avHlIwPITgT-jcmArfAe8QpxVoo5UPPwE5-Gmj9e2Jh4lx4Ie9VMMpyjDURKQ8hSUyM0iIeiemx4w\" alt=\"Ruta cultural por Gran Canaria\"\/><\/figure>\n\n\n\n<p> M\u00f3nica Fuentes es una profesional del turismo inquieta y curiosa, que est\u00e1 descubriendo el pasado aborigen del archipi\u00e9lago.<\/p>\n\n\n\n<div style=\"height:100px\" aria-hidden=\"true\" class=\"wp-block-spacer\"><\/div>\n\n\n\n<div class=\"wp-block-buttons is-layout-flex wp-block-buttons-is-layout-flex\">\n<div class=\"wp-block-button aligncenter\"><a class=\"wp-block-button__link wp-element-button\" href=\"https:\/\/bit.ly\/3nzieNq\">\u00a1Descubre el pasado aborigen de Gran Canaria!<\/a><\/div>\n<\/div>\n\n\n\n<div style=\"height:100px\" aria-hidden=\"true\" class=\"wp-block-spacer\"><\/div>\n","protected":false},"excerpt":{"rendered":"<p>Desde hace unos a\u00f1os, me llama mucho la atenci\u00f3n la historia de nuestras islas. \u00bfC\u00f3mo viv\u00edan nuestros antepasados? \u00bfC\u00f3mo fue la conquista? \u00bfQu\u00e9 yacimientos nos quedan?&nbsp; Sabemos que somos de origen bereber o amazig de procedencia norteafricana, y que los abor\u00edgenes eran trogloditas que habitaron las islas desde fechas pr\u00f3ximas al cambio de era, y que evolucionaron en aislamiento hasta &hellip;<\/p>\n","protected":false},"author":6,"featured_media":10299,"comment_status":"open","ping_status":"closed","sticky":false,"template":"","format":"standard","meta":{"_acf_changed":false,"sfsi_plus_gutenberg_text_before_share":"","sfsi_plus_gutenberg_show_text_before_share":"","sfsi_plus_gutenberg_icon_type":"","sfsi_plus_gutenberg_icon_alignemt":"","sfsi_plus_gutenburg_max_per_row":"","footnotes":""},"categories":[9,124,146,123,10],"tags":[954,952,325,957,953,955,113,951,956,116],"class_list":["post-10294","post","type-post","status-publish","format-standard","has-post-thumbnail","hentry","category-canarias","category-descubre","category-el-viaje-de","category-explora","category-historias-viajeras","tag-antiguos-canarios","tag-cueva-pintada","tag-gran-canaria","tag-maipes-de-agaete","tag-mundo-aborigen","tag-museo-canario","tag-patrimonio-de-la-humanidad","tag-risco-caido","tag-roque-bentayga","tag-senderismo"],"acf":[],"yoast_head":"<!-- This site is optimized with the Yoast SEO plugin v24.1 - https:\/\/yoast.com\/wordpress\/plugins\/seo\/ -->\n<title>Ruta cultural por Gran Canaria - Viajar es vivir<\/title>\n<meta name=\"description\" content=\"Ruta cultural Gran Canaria para descubrir la historia de la isla visitando los yacimientos arqueol\u00f3gicos, museos y paisajes naturales\" \/>\n<meta name=\"robots\" content=\"index, follow, max-snippet:-1, max-image-preview:large, max-video-preview:-1\" \/>\n<link rel=\"canonical\" href=\"https:\/\/www.canariasviaja.com\/viajaresvivir\/ruta-cultural-por-gran-canaria\/\" \/>\n<meta property=\"og:locale\" content=\"es_ES\" \/>\n<meta property=\"og:type\" content=\"article\" \/>\n<meta property=\"og:title\" content=\"Ruta cultural por Gran Canaria - Viajar es vivir\" \/>\n<meta property=\"og:description\" content=\"Ruta cultural Gran Canaria para descubrir la historia de la isla visitando los yacimientos arqueol\u00f3gicos, museos y paisajes naturales\" \/>\n<meta property=\"og:url\" content=\"https:\/\/www.canariasviaja.com\/viajaresvivir\/ruta-cultural-por-gran-canaria\/\" \/>\n<meta property=\"og:site_name\" content=\"Viajar es vivir\" \/>\n<meta property=\"article:published_time\" content=\"2023-03-30T11:00:58+00:00\" \/>\n<meta property=\"article:modified_time\" content=\"2023-03-31T12:28:29+00:00\" \/>\n<meta property=\"og:image\" content=\"http:\/\/www.canariasviaja.com\/viajaresvivir\/wp-content\/uploads\/2023\/03\/Roque-Nuble.jpg\" \/>\n\t<meta property=\"og:image:width\" content=\"2000\" \/>\n\t<meta property=\"og:image:height\" content=\"1333\" \/>\n\t<meta property=\"og:image:type\" content=\"image\/jpeg\" \/>\n<meta name=\"author\" content=\"Monica Fuentes\" \/>\n<meta name=\"twitter:card\" content=\"summary_large_image\" \/>\n<meta name=\"twitter:label1\" content=\"Escrito por\" \/>\n\t<meta name=\"twitter:data1\" content=\"Monica Fuentes\" \/>\n\t<meta name=\"twitter:label2\" content=\"Tiempo de lectura\" \/>\n\t<meta name=\"twitter:data2\" content=\"21 minutos\" \/>\n<script type=\"application\/ld+json\" class=\"yoast-schema-graph\">{\"@context\":\"https:\/\/schema.org\",\"@graph\":[{\"@type\":\"WebPage\",\"@id\":\"https:\/\/www.canariasviaja.com\/viajaresvivir\/ruta-cultural-por-gran-canaria\/\",\"url\":\"https:\/\/www.canariasviaja.com\/viajaresvivir\/ruta-cultural-por-gran-canaria\/\",\"name\":\"Ruta cultural por Gran Canaria - Viajar es vivir\",\"isPartOf\":{\"@id\":\"https:\/\/www.canariasviaja.com\/viajaresvivir\/#website\"},\"primaryImageOfPage\":{\"@id\":\"https:\/\/www.canariasviaja.com\/viajaresvivir\/ruta-cultural-por-gran-canaria\/#primaryimage\"},\"image\":{\"@id\":\"https:\/\/www.canariasviaja.com\/viajaresvivir\/ruta-cultural-por-gran-canaria\/#primaryimage\"},\"thumbnailUrl\":\"https:\/\/www.canariasviaja.com\/viajaresvivir\/wp-content\/uploads\/2023\/03\/Roque-Nuble.jpg\",\"datePublished\":\"2023-03-30T11:00:58+00:00\",\"dateModified\":\"2023-03-31T12:28:29+00:00\",\"author\":{\"@id\":\"https:\/\/www.canariasviaja.com\/viajaresvivir\/#\/schema\/person\/f083213d4054d23775efd9769840fb24\"},\"description\":\"Ruta cultural Gran Canaria para descubrir la historia de la isla visitando los yacimientos arqueol\u00f3gicos, museos y paisajes naturales\",\"breadcrumb\":{\"@id\":\"https:\/\/www.canariasviaja.com\/viajaresvivir\/ruta-cultural-por-gran-canaria\/#breadcrumb\"},\"inLanguage\":\"es\",\"potentialAction\":[{\"@type\":\"ReadAction\",\"target\":[\"https:\/\/www.canariasviaja.com\/viajaresvivir\/ruta-cultural-por-gran-canaria\/\"]}]},{\"@type\":\"ImageObject\",\"inLanguage\":\"es\",\"@id\":\"https:\/\/www.canariasviaja.com\/viajaresvivir\/ruta-cultural-por-gran-canaria\/#primaryimage\",\"url\":\"https:\/\/www.canariasviaja.com\/viajaresvivir\/wp-content\/uploads\/2023\/03\/Roque-Nuble.jpg\",\"contentUrl\":\"https:\/\/www.canariasviaja.com\/viajaresvivir\/wp-content\/uploads\/2023\/03\/Roque-Nuble.jpg\",\"width\":2000,\"height\":1333,\"caption\":\"Ruta cultural Gran Canaria\"},{\"@type\":\"BreadcrumbList\",\"@id\":\"https:\/\/www.canariasviaja.com\/viajaresvivir\/ruta-cultural-por-gran-canaria\/#breadcrumb\",\"itemListElement\":[{\"@type\":\"ListItem\",\"position\":1,\"name\":\"Portada\",\"item\":\"https:\/\/www.canariasviaja.com\/viajaresvivir\/\"},{\"@type\":\"ListItem\",\"position\":2,\"name\":\"Ruta cultural por Gran Canaria: tras las huellas de los antiguos canarios\"}]},{\"@type\":\"WebSite\",\"@id\":\"https:\/\/www.canariasviaja.com\/viajaresvivir\/#website\",\"url\":\"https:\/\/www.canariasviaja.com\/viajaresvivir\/\",\"name\":\"Viajar es vivir\",\"description\":\"El blog de viajes y estilo de vida de CanariasViaja\",\"potentialAction\":[{\"@type\":\"SearchAction\",\"target\":{\"@type\":\"EntryPoint\",\"urlTemplate\":\"https:\/\/www.canariasviaja.com\/viajaresvivir\/?s={search_term_string}\"},\"query-input\":{\"@type\":\"PropertyValueSpecification\",\"valueRequired\":true,\"valueName\":\"search_term_string\"}}],\"inLanguage\":\"es\"},{\"@type\":\"Person\",\"@id\":\"https:\/\/www.canariasviaja.com\/viajaresvivir\/#\/schema\/person\/f083213d4054d23775efd9769840fb24\",\"name\":\"Monica Fuentes\",\"image\":{\"@type\":\"ImageObject\",\"inLanguage\":\"es\",\"@id\":\"https:\/\/www.canariasviaja.com\/viajaresvivir\/#\/schema\/person\/image\/\",\"url\":\"https:\/\/secure.gravatar.com\/avatar\/ed479afe9946a0e0f64f1f57e12b4293?s=96&d=mm&r=g\",\"contentUrl\":\"https:\/\/secure.gravatar.com\/avatar\/ed479afe9946a0e0f64f1f57e12b4293?s=96&d=mm&r=g\",\"caption\":\"Monica Fuentes\"},\"description\":\"M\u00f3nica trabaja en el mundo del Turismo y le apasiona viajar y compartir con otros sus pesquizas.\",\"url\":\"https:\/\/www.canariasviaja.com\/viajaresvivir\/author\/monica-fuentes\/\"}]}<\/script>\n<!-- \/ Yoast SEO plugin. -->","yoast_head_json":{"title":"Ruta cultural por Gran Canaria - Viajar es vivir","description":"Ruta cultural Gran Canaria para descubrir la historia de la isla visitando los yacimientos arqueol\u00f3gicos, museos y paisajes naturales","robots":{"index":"index","follow":"follow","max-snippet":"max-snippet:-1","max-image-preview":"max-image-preview:large","max-video-preview":"max-video-preview:-1"},"canonical":"https:\/\/www.canariasviaja.com\/viajaresvivir\/ruta-cultural-por-gran-canaria\/","og_locale":"es_ES","og_type":"article","og_title":"Ruta cultural por Gran Canaria - Viajar es vivir","og_description":"Ruta cultural Gran Canaria para descubrir la historia de la isla visitando los yacimientos arqueol\u00f3gicos, museos y paisajes naturales","og_url":"https:\/\/www.canariasviaja.com\/viajaresvivir\/ruta-cultural-por-gran-canaria\/","og_site_name":"Viajar es vivir","article_published_time":"2023-03-30T11:00:58+00:00","article_modified_time":"2023-03-31T12:28:29+00:00","og_image":[{"width":2000,"height":1333,"url":"http:\/\/www.canariasviaja.com\/viajaresvivir\/wp-content\/uploads\/2023\/03\/Roque-Nuble.jpg","type":"image\/jpeg"}],"author":"Monica Fuentes","twitter_card":"summary_large_image","twitter_misc":{"Escrito por":"Monica Fuentes","Tiempo de lectura":"21 minutos"},"schema":{"@context":"https:\/\/schema.org","@graph":[{"@type":"WebPage","@id":"https:\/\/www.canariasviaja.com\/viajaresvivir\/ruta-cultural-por-gran-canaria\/","url":"https:\/\/www.canariasviaja.com\/viajaresvivir\/ruta-cultural-por-gran-canaria\/","name":"Ruta cultural por Gran Canaria - Viajar es vivir","isPartOf":{"@id":"https:\/\/www.canariasviaja.com\/viajaresvivir\/#website"},"primaryImageOfPage":{"@id":"https:\/\/www.canariasviaja.com\/viajaresvivir\/ruta-cultural-por-gran-canaria\/#primaryimage"},"image":{"@id":"https:\/\/www.canariasviaja.com\/viajaresvivir\/ruta-cultural-por-gran-canaria\/#primaryimage"},"thumbnailUrl":"https:\/\/www.canariasviaja.com\/viajaresvivir\/wp-content\/uploads\/2023\/03\/Roque-Nuble.jpg","datePublished":"2023-03-30T11:00:58+00:00","dateModified":"2023-03-31T12:28:29+00:00","author":{"@id":"https:\/\/www.canariasviaja.com\/viajaresvivir\/#\/schema\/person\/f083213d4054d23775efd9769840fb24"},"description":"Ruta cultural Gran Canaria para descubrir la historia de la isla visitando los yacimientos arqueol\u00f3gicos, museos y paisajes naturales","breadcrumb":{"@id":"https:\/\/www.canariasviaja.com\/viajaresvivir\/ruta-cultural-por-gran-canaria\/#breadcrumb"},"inLanguage":"es","potentialAction":[{"@type":"ReadAction","target":["https:\/\/www.canariasviaja.com\/viajaresvivir\/ruta-cultural-por-gran-canaria\/"]}]},{"@type":"ImageObject","inLanguage":"es","@id":"https:\/\/www.canariasviaja.com\/viajaresvivir\/ruta-cultural-por-gran-canaria\/#primaryimage","url":"https:\/\/www.canariasviaja.com\/viajaresvivir\/wp-content\/uploads\/2023\/03\/Roque-Nuble.jpg","contentUrl":"https:\/\/www.canariasviaja.com\/viajaresvivir\/wp-content\/uploads\/2023\/03\/Roque-Nuble.jpg","width":2000,"height":1333,"caption":"Ruta cultural Gran Canaria"},{"@type":"BreadcrumbList","@id":"https:\/\/www.canariasviaja.com\/viajaresvivir\/ruta-cultural-por-gran-canaria\/#breadcrumb","itemListElement":[{"@type":"ListItem","position":1,"name":"Portada","item":"https:\/\/www.canariasviaja.com\/viajaresvivir\/"},{"@type":"ListItem","position":2,"name":"Ruta cultural por Gran Canaria: tras las huellas de los antiguos canarios"}]},{"@type":"WebSite","@id":"https:\/\/www.canariasviaja.com\/viajaresvivir\/#website","url":"https:\/\/www.canariasviaja.com\/viajaresvivir\/","name":"Viajar es vivir","description":"El blog de viajes y estilo de vida de CanariasViaja","potentialAction":[{"@type":"SearchAction","target":{"@type":"EntryPoint","urlTemplate":"https:\/\/www.canariasviaja.com\/viajaresvivir\/?s={search_term_string}"},"query-input":{"@type":"PropertyValueSpecification","valueRequired":true,"valueName":"search_term_string"}}],"inLanguage":"es"},{"@type":"Person","@id":"https:\/\/www.canariasviaja.com\/viajaresvivir\/#\/schema\/person\/f083213d4054d23775efd9769840fb24","name":"Monica Fuentes","image":{"@type":"ImageObject","inLanguage":"es","@id":"https:\/\/www.canariasviaja.com\/viajaresvivir\/#\/schema\/person\/image\/","url":"https:\/\/secure.gravatar.com\/avatar\/ed479afe9946a0e0f64f1f57e12b4293?s=96&d=mm&r=g","contentUrl":"https:\/\/secure.gravatar.com\/avatar\/ed479afe9946a0e0f64f1f57e12b4293?s=96&d=mm&r=g","caption":"Monica Fuentes"},"description":"M\u00f3nica trabaja en el mundo del Turismo y le apasiona viajar y compartir con otros sus pesquizas.","url":"https:\/\/www.canariasviaja.com\/viajaresvivir\/author\/monica-fuentes\/"}]}},"_links":{"self":[{"href":"https:\/\/www.canariasviaja.com\/viajaresvivir\/wp-json\/wp\/v2\/posts\/10294"}],"collection":[{"href":"https:\/\/www.canariasviaja.com\/viajaresvivir\/wp-json\/wp\/v2\/posts"}],"about":[{"href":"https:\/\/www.canariasviaja.com\/viajaresvivir\/wp-json\/wp\/v2\/types\/post"}],"author":[{"embeddable":true,"href":"https:\/\/www.canariasviaja.com\/viajaresvivir\/wp-json\/wp\/v2\/users\/6"}],"replies":[{"embeddable":true,"href":"https:\/\/www.canariasviaja.com\/viajaresvivir\/wp-json\/wp\/v2\/comments?post=10294"}],"version-history":[{"count":9,"href":"https:\/\/www.canariasviaja.com\/viajaresvivir\/wp-json\/wp\/v2\/posts\/10294\/revisions"}],"predecessor-version":[{"id":10325,"href":"https:\/\/www.canariasviaja.com\/viajaresvivir\/wp-json\/wp\/v2\/posts\/10294\/revisions\/10325"}],"wp:featuredmedia":[{"embeddable":true,"href":"https:\/\/www.canariasviaja.com\/viajaresvivir\/wp-json\/wp\/v2\/media\/10299"}],"wp:attachment":[{"href":"https:\/\/www.canariasviaja.com\/viajaresvivir\/wp-json\/wp\/v2\/media?parent=10294"}],"wp:term":[{"taxonomy":"category","embeddable":true,"href":"https:\/\/www.canariasviaja.com\/viajaresvivir\/wp-json\/wp\/v2\/categories?post=10294"},{"taxonomy":"post_tag","embeddable":true,"href":"https:\/\/www.canariasviaja.com\/viajaresvivir\/wp-json\/wp\/v2\/tags?post=10294"}],"curies":[{"name":"wp","href":"https:\/\/api.w.org\/{rel}","templated":true}]}}