{"id":10370,"date":"2023-04-20T12:56:14","date_gmt":"2023-04-20T12:56:14","guid":{"rendered":"https:\/\/www.canariasviaja.com\/viajaresvivir\/?p=10370"},"modified":"2024-02-18T20:27:43","modified_gmt":"2024-02-18T20:27:43","slug":"sao-miguel-la-puerta-de-entrada-a-azores","status":"publish","type":"post","link":"https:\/\/www.canariasviaja.com\/viajaresvivir\/sao-miguel-la-puerta-de-entrada-a-azores\/","title":{"rendered":"Descubre Azores (I): S\u00e2o Miguel, la puerta de entrada a Azores"},"content":{"rendered":"\n<p>Imag\u00ednate un lugar perdido en medio del <strong>Atl\u00e1ntico<\/strong> donde las vacas pastan en libertad  junto a lagos volc\u00e1nicos turquesas, campos de t\u00e9 y en donde los anticiclones tienen nombre propio. <\/p>\n\n\n\n<figure class=\"wp-block-image size-full\"><img loading=\"lazy\" decoding=\"async\" width=\"1920\" height=\"1279\" src=\"https:\/\/www.canariasviaja.com\/viajaresvivir\/wp-content\/uploads\/2023\/04\/damir-babacic-akEPnVOE4cg-unsplash.jpg\" alt=\"\" class=\"wp-image-10371\" srcset=\"https:\/\/www.canariasviaja.com\/viajaresvivir\/wp-content\/uploads\/2023\/04\/damir-babacic-akEPnVOE4cg-unsplash.jpg 1920w, https:\/\/www.canariasviaja.com\/viajaresvivir\/wp-content\/uploads\/2023\/04\/damir-babacic-akEPnVOE4cg-unsplash-300x200.jpg 300w, https:\/\/www.canariasviaja.com\/viajaresvivir\/wp-content\/uploads\/2023\/04\/damir-babacic-akEPnVOE4cg-unsplash-768x512.jpg 768w, https:\/\/www.canariasviaja.com\/viajaresvivir\/wp-content\/uploads\/2023\/04\/damir-babacic-akEPnVOE4cg-unsplash-1536x1023.jpg 1536w, https:\/\/www.canariasviaja.com\/viajaresvivir\/wp-content\/uploads\/2023\/04\/damir-babacic-akEPnVOE4cg-unsplash-1200x799.jpg 1200w, https:\/\/www.canariasviaja.com\/viajaresvivir\/wp-content\/uploads\/2023\/04\/damir-babacic-akEPnVOE4cg-unsplash-1621x1080.jpg 1621w\" sizes=\"(max-width: 1920px) 100vw, 1920px\" \/><figcaption class=\"wp-element-caption\">Foto de <a href=\"https:\/\/unsplash.com\/@onemorephoto?utm_source=unsplash&amp;utm_medium=referral&amp;utm_content=creditCopyText\">Damir Babacic<\/a> en <a href=\"https:\/\/unsplash.com\/es\/fotos\/akEPnVOE4cg?utm_source=unsplash&amp;utm_medium=referral&amp;utm_content=creditCopyText\">Unsplash<\/a><\/figcaption><\/figure>\n\n\n\n<p>Un lugar donde la naturaleza se expresa creativamente a trav\u00e9s de <strong>volcanes, cascadas, grutas, monta\u00f1as, acantilados, faj\u00e3s, playas de arena negra y blanca<\/strong>, y el verde intenso tapiza el paisaje. Un enclave id\u00edlico rodeado de aguas cristalinas al que las <strong>ballenas y delfines<\/strong> llaman \u00abhogar\u00bb.<\/p>\n\n\n\n<p>Unas islas donde puedes relajarte en <strong>aguas termales<\/strong>, pasear por <strong>plantaciones de t\u00e9,<\/strong> avistar <strong>aves y ballenas<\/strong>, adentrarte en el interior de la tierra, recorrer s<strong>enderos inolvidables<\/strong>, o asomarte a <strong>miradores<\/strong> que te dejan sin palabras.<\/p>\n\n\n\n<p>Ese para\u00edso existe, y se llama <strong>Azores<\/strong>.  <strong><a href=\"https:\/\/bit.ly\/3MZkTKY\">Te invitamos a descubrirlo.<\/a><\/strong><\/p>\n\n\n\n<figure class=\"wp-block-gallery aligncenter has-nested-images columns-default is-cropped wp-block-gallery-1 is-layout-flex wp-block-gallery-is-layout-flex\">\n<figure class=\"wp-block-image size-full\"><img loading=\"lazy\" decoding=\"async\" width=\"640\" height=\"960\" data-id=\"10372\" src=\"https:\/\/www.canariasviaja.com\/viajaresvivir\/wp-content\/uploads\/2023\/04\/alex-gruber-ATMEDyTPQG4-unsplash.jpg\" alt=\"\" class=\"wp-image-10372\" srcset=\"https:\/\/www.canariasviaja.com\/viajaresvivir\/wp-content\/uploads\/2023\/04\/alex-gruber-ATMEDyTPQG4-unsplash.jpg 640w, https:\/\/www.canariasviaja.com\/viajaresvivir\/wp-content\/uploads\/2023\/04\/alex-gruber-ATMEDyTPQG4-unsplash-200x300.jpg 200w\" sizes=\"(max-width: 640px) 100vw, 640px\" \/><figcaption class=\"wp-element-caption\">Foto de <a href=\"https:\/\/unsplash.com\/@xerty?utm_source=unsplash&amp;utm_medium=referral&amp;utm_content=creditCopyText\">Mr Xerty<\/a> en <a href=\"https:\/\/unsplash.com\/es\/fotos\/6UFbyqzGW3U?utm_source=unsplash&amp;utm_medium=referral&amp;utm_content=creditCopyText\">Unsplash<\/a><\/figcaption><\/figure>\n\n\n\n<figure class=\"wp-block-image size-full\"><img loading=\"lazy\" decoding=\"async\" width=\"640\" height=\"960\" data-id=\"10374\" src=\"https:\/\/www.canariasviaja.com\/viajaresvivir\/wp-content\/uploads\/2023\/04\/scott-walsh-8aMjBNi9rps-unsplash.jpg\" alt=\"\" class=\"wp-image-10374\" srcset=\"https:\/\/www.canariasviaja.com\/viajaresvivir\/wp-content\/uploads\/2023\/04\/scott-walsh-8aMjBNi9rps-unsplash.jpg 640w, https:\/\/www.canariasviaja.com\/viajaresvivir\/wp-content\/uploads\/2023\/04\/scott-walsh-8aMjBNi9rps-unsplash-200x300.jpg 200w\" sizes=\"(max-width: 640px) 100vw, 640px\" \/><figcaption class=\"wp-element-caption\">Foto de <a href=\"https:\/\/unsplash.com\/@outsighted?utm_source=unsplash&amp;utm_medium=referral&amp;utm_content=creditCopyText\">Scott Walsh<\/a> en <a href=\"https:\/\/unsplash.com\/es\/fotos\/8aMjBNi9rps?utm_source=unsplash&amp;utm_medium=referral&amp;utm_content=creditCopyText\">Unsplash<\/a><\/figcaption><\/figure>\n\n\n\n<figure class=\"wp-block-image size-full\"><img loading=\"lazy\" decoding=\"async\" width=\"640\" height=\"960\" data-id=\"10378\" src=\"https:\/\/www.canariasviaja.com\/viajaresvivir\/wp-content\/uploads\/2023\/04\/scott-walsh-NZRrPjTWCFY-unsplash.jpg\" alt=\"\" class=\"wp-image-10378\" srcset=\"https:\/\/www.canariasviaja.com\/viajaresvivir\/wp-content\/uploads\/2023\/04\/scott-walsh-NZRrPjTWCFY-unsplash.jpg 640w, https:\/\/www.canariasviaja.com\/viajaresvivir\/wp-content\/uploads\/2023\/04\/scott-walsh-NZRrPjTWCFY-unsplash-200x300.jpg 200w\" sizes=\"(max-width: 640px) 100vw, 640px\" \/><figcaption class=\"wp-element-caption\"><br><br>Foto de <a href=\"https:\/\/unsplash.com\/@outsighted?utm_source=unsplash&amp;utm_medium=referral&amp;utm_content=creditCopyText\">Scott Walsh<\/a> en <a href=\"https:\/\/unsplash.com\/es\/fotos\/NZRrPjTWCFY?utm_source=unsplash&amp;utm_medium=referral&amp;utm_content=creditCopyText\">Unsplash<\/a>&nbsp;<\/figcaption><\/figure>\n<\/figure>\n\n\n\n<div style=\"height:100px\" aria-hidden=\"true\" class=\"wp-block-spacer\"><\/div>\n\n\n\n<h3 class=\"wp-block-heading\">El archipi\u00e9lago de las Azores<\/h3>\n\n\n\n<figure class=\"wp-block-image size-full\"><img loading=\"lazy\" decoding=\"async\" width=\"1920\" height=\"1280\" src=\"https:\/\/www.canariasviaja.com\/viajaresvivir\/wp-content\/uploads\/2023\/04\/jorge-caetano-VMIDXubI3GI-unsplash.jpg\" alt=\"\" class=\"wp-image-10379\" srcset=\"https:\/\/www.canariasviaja.com\/viajaresvivir\/wp-content\/uploads\/2023\/04\/jorge-caetano-VMIDXubI3GI-unsplash.jpg 1920w, https:\/\/www.canariasviaja.com\/viajaresvivir\/wp-content\/uploads\/2023\/04\/jorge-caetano-VMIDXubI3GI-unsplash-300x200.jpg 300w, https:\/\/www.canariasviaja.com\/viajaresvivir\/wp-content\/uploads\/2023\/04\/jorge-caetano-VMIDXubI3GI-unsplash-768x512.jpg 768w, https:\/\/www.canariasviaja.com\/viajaresvivir\/wp-content\/uploads\/2023\/04\/jorge-caetano-VMIDXubI3GI-unsplash-1536x1024.jpg 1536w, https:\/\/www.canariasviaja.com\/viajaresvivir\/wp-content\/uploads\/2023\/04\/jorge-caetano-VMIDXubI3GI-unsplash-1200x800.jpg 1200w, https:\/\/www.canariasviaja.com\/viajaresvivir\/wp-content\/uploads\/2023\/04\/jorge-caetano-VMIDXubI3GI-unsplash-1620x1080.jpg 1620w\" sizes=\"(max-width: 1920px) 100vw, 1920px\" \/><figcaption class=\"wp-element-caption\">Foto de <a href=\"https:\/\/unsplash.com\/@katanas_?utm_source=unsplash&amp;utm_medium=referral&amp;utm_content=creditCopyText\">Jorge Caetano<\/a> en <a href=\"https:\/\/unsplash.com\/es\/fotos\/VMIDXubI3GI?utm_source=unsplash&amp;utm_medium=referral&amp;utm_content=creditCopyText\">Unsplash<\/a>&nbsp;<\/figcaption><\/figure>\n\n\n\n<p>La Regi\u00f3n Aut\u00f3noma de Azores pertenece a Portugal y est\u00e1 compuesta por<strong> nueve islas<\/strong> volc\u00e1nicas de personalidad \u00fanica: <strong>S\u00e3o Miguel, Santa Mar\u00eda, <a href=\"https:\/\/www.canariasviaja.com\/viajaresvivir\/descubre-azores-i-terceira-graciosa-san-jorge-pico-y-fayal\/\">Terceira<\/a>, Graciosa, S\u00e3o Jorge, Pico, Faial, <a href=\"https:\/\/www.canariasviaja.com\/viajaresvivir\/descubre-azoresiii-flores-y-corvo\/\">Flores<\/a> y Corvo.<\/strong><\/p>\n\n\n\n<p><strong>Azores<\/strong> es una de las regiones ultraperif\u00e9ricas de la Uni\u00f3n Europea y forma parte de la <strong>Macaronesia<\/strong>. Tres de sus islas, Graciosa, Faial y Corvo, son<strong> Reserva de la Biosfera de la Unesc<\/strong>o, por ser \u00e1reas de ecosistemas (terrestres o costeros) que fomentan soluciones para conciliar la preservaci\u00f3n de la biodiversidad y su uso sostenible. <\/p>\n\n\n\n<p>En los \u00faltimos a\u00f1os se ha convertido en un <strong>destino tur\u00edstico muy popular<\/strong>. Su paisaje singular, su biodiversidad, la riqueza de su cultura e historia y la amplia oferta de actividades en la naturaleza hacen de <strong>Azores un destino \u00fanico en el mundo.<\/strong><\/p>\n\n\n\n<p>Azores es un<a href=\"https:\/\/www.visitazores.com\/es\" target=\"_blank\" rel=\"noreferrer noopener\"> <strong>destino de naturaleza y experiencias<\/strong><\/a>, centrado en la preservaci\u00f3n de los recursos y en la conservaci\u00f3n del legado natural del archipi\u00e9lago.  Su apuesta, de largo recorrido, por el turismo sostenible le ha hecho merecedor de la distinci\u00f3n del primer archipi\u00e9lago del mundo ganador del sello de&nbsp;<a href=\"https:\/\/earthcheck.org\/news\/2019\/september\/azores-sets-benchmark-for-sustainable-tourism\/\" target=\"_blank\" rel=\"noreferrer noopener\">\u201cDestino Tur\u00edstico Sustentable\u201d<\/a>, dentro del programa&nbsp;<a href=\"https:\/\/earthcheck.org\/products-services\/certification\/sustainable-destinations\/\" target=\"_blank\" rel=\"noreferrer noopener\">EarthCheck Destino Sustentable<\/a>. <\/p>\n\n\n\n<iframe src=\"https:\/\/www.google.com\/maps\/embed?pb=!1m18!1m12!1m3!1d2299817.704332253!2d-29.647883468474042!3d38.421099096939415!2m3!1f0!2f0!3f0!3m2!1i1024!2i768!4f13.1!3m3!1m2!1s0xb467f1e11e43b05%3A0xe2911b674bce0c1d!2sAzores%2C%20Portugal!5e0!3m2!1ses!2ses!4v1681907322052!5m2!1ses!2ses\" width=\"600\" height=\"450\" style=\"border:0;\" allowfullscreen=\"\" loading=\"lazy\" referrerpolicy=\"no-referrer-when-downgrade\"><\/iframe>\n\n\n\n<div style=\"height:100px\" aria-hidden=\"true\" class=\"wp-block-spacer\"><\/div>\n\n\n\n<h3 class=\"wp-block-heading\">Como llegar a Azores<\/h3>\n\n\n\n<p><strong>Binter Canarias<\/strong> une el archipi\u00e9lago canario con la isla de<strong> S\u00e2o Miguel<\/strong>, en Azores.  Desde all\u00ed conecta con las islas de <strong>Pico, Santa Mar\u00eda, Corvo, Faial, S\u00e2o Jorge y Faial<\/strong>, con vuelos de c\u00f3digo compartido con la compa\u00f1\u00eda Sata.<\/p>\n\n\n\n<div style=\"height:100px\" aria-hidden=\"true\" class=\"wp-block-spacer\"><\/div>\n\n\n\n<h3 class=\"wp-block-heading\">Isla de S\u00e2o Miguel, la puerta a Azores<\/h3>\n\n\n\n<figure class=\"wp-block-image size-full\"><img loading=\"lazy\" decoding=\"async\" width=\"1920\" height=\"1279\" src=\"http:\/\/www.canariasviaja.com\/viajaresvivir\/wp-content\/uploads\/2023\/04\/damir-babacic-XI7csAmE77Q-unsplash.jpg\" alt=\"\" class=\"wp-image-10384\" srcset=\"https:\/\/www.canariasviaja.com\/viajaresvivir\/wp-content\/uploads\/2023\/04\/damir-babacic-XI7csAmE77Q-unsplash.jpg 1920w, https:\/\/www.canariasviaja.com\/viajaresvivir\/wp-content\/uploads\/2023\/04\/damir-babacic-XI7csAmE77Q-unsplash-300x200.jpg 300w, https:\/\/www.canariasviaja.com\/viajaresvivir\/wp-content\/uploads\/2023\/04\/damir-babacic-XI7csAmE77Q-unsplash-768x512.jpg 768w, https:\/\/www.canariasviaja.com\/viajaresvivir\/wp-content\/uploads\/2023\/04\/damir-babacic-XI7csAmE77Q-unsplash-1536x1023.jpg 1536w, https:\/\/www.canariasviaja.com\/viajaresvivir\/wp-content\/uploads\/2023\/04\/damir-babacic-XI7csAmE77Q-unsplash-1200x799.jpg 1200w, https:\/\/www.canariasviaja.com\/viajaresvivir\/wp-content\/uploads\/2023\/04\/damir-babacic-XI7csAmE77Q-unsplash-1621x1080.jpg 1621w\" sizes=\"(max-width: 1920px) 100vw, 1920px\" \/><figcaption class=\"wp-element-caption\"><a href=\"https:\/\/unsplash.com\/@onemorephoto?utm_source=unsplash&amp;utm_medium=referral&amp;utm_content=creditCopyText\">Damir Babacic<\/a> en <a href=\"https:\/\/unsplash.com\/es\/fotos\/XI7csAmE77Q?utm_source=unsplash&amp;utm_medium=referral&amp;utm_content=creditCopyText\">Unspla<\/a>sh&nbsp;<\/figcaption><\/figure>\n\n\n\n<p>Nuestro recorrido por el archipi\u00e9lago de Azores comienza en la<strong> isla de S\u00e2o Miguel<\/strong>, la m\u00e1s grande y conocida por sus paisajes volc\u00e1nicos, como las <strong>Sete Cidades<\/strong> y la <strong>caldera de Furnas<\/strong>. El <strong>aeropuerto Juan Pablo II,<\/strong> situado cerca de la ciudad de <strong>Ponta Delgada<\/strong>, ser\u00e1 nuestro primer destino. <\/p>\n\n\n\n<figure class=\"wp-block-image size-large\"><img loading=\"lazy\" decoding=\"async\" width=\"2000\" height=\"1333\" src=\"https:\/\/www.canariasviaja.com\/viajaresvivir\/wp-content\/uploads\/2023\/04\/city-3119882-2000x1333.jpg\" alt=\"\" class=\"wp-image-10380\" srcset=\"https:\/\/www.canariasviaja.com\/viajaresvivir\/wp-content\/uploads\/2023\/04\/city-3119882-2000x1333.jpg 2000w, https:\/\/www.canariasviaja.com\/viajaresvivir\/wp-content\/uploads\/2023\/04\/city-3119882-300x200.jpg 300w, https:\/\/www.canariasviaja.com\/viajaresvivir\/wp-content\/uploads\/2023\/04\/city-3119882-768x512.jpg 768w, https:\/\/www.canariasviaja.com\/viajaresvivir\/wp-content\/uploads\/2023\/04\/city-3119882-1536x1024.jpg 1536w, https:\/\/www.canariasviaja.com\/viajaresvivir\/wp-content\/uploads\/2023\/04\/city-3119882-2048x1365.jpg 2048w, https:\/\/www.canariasviaja.com\/viajaresvivir\/wp-content\/uploads\/2023\/04\/city-3119882-1200x800.jpg 1200w, https:\/\/www.canariasviaja.com\/viajaresvivir\/wp-content\/uploads\/2023\/04\/city-3119882-1620x1080.jpg 1620w\" sizes=\"(max-width: 2000px) 100vw, 2000px\" \/><figcaption class=\"wp-element-caption\">Ponta Delgada<\/figcaption><\/figure>\n\n\n\n<div style=\"height:100px\" aria-hidden=\"true\" class=\"wp-block-spacer\"><\/div>\n\n\n\n<h3 class=\"wp-block-heading\">La capital de la isla, Ponta Delgada<\/h3>\n\n\n\n<p><strong>Ponta Delgada<\/strong> es una de las<strong> tres capitales de Azores<\/strong>, junto a<strong> Horta (Faial) y Angra do Heroismo (Terceira).<\/strong> Pese a que la impresionante naturaleza de la isla te estar\u00e1 llamando para que la vayas a explorar, reserva un poco de tiempo para pasearla y descubrirla tambi\u00e9n. <\/p>\n\n\n\n<p>La foto primera foto de rigor ser\u00e1 frente a las <strong>Portas da Cidade,<\/strong> los tres arcos del S. XVIII que son uno de los emblemas de la ciudad, y que son testigo de las fiestas m\u00e1s importantes de la ciudad, como la de <strong>Esp\u00edrito Santo<\/strong> o la navidad. Junto a ellas encontrar\u00e1s  la<strong> Igreja Matriz, <\/strong>con sus p\u00f3rticos manuelinos y barrocos,<strong> y el Largo Matriz<\/strong>, una animada plaza con terrazas y restaurantes.<\/p>\n\n\n\n<p>Para conocer la historia y la forma de vida del archipi\u00e9lago, te recomendamos que visites el <strong><a href=\"https:\/\/museucarlosmachado.azores.gov.pt\/en\/\" target=\"_blank\" rel=\"noreferrer noopener\">Museu Carlos Machado<\/a><\/strong>, conocido como el Museo Azoriano.<\/p>\n\n\n\n<h2 class=\"wp-block-heading\">Vistas, gastronom\u00eda y cultura<\/h2>\n\n\n\n<p>Si quieres disfrutar de las mejores vistas de la ciudad y del Atl\u00e1ntico, sube a la <strong>torre de la C\u00e1mara Municipal<\/strong> (entrada gratuita), o asciende las empinadas escalinatas que te llevan a la <strong>Ermida M\u00e3e de Deus<\/strong>. Las vistas valdr\u00e1n la pena el esfuerzo.<\/p>\n\n\n\n<p>La parada en el <strong>Mercado da Gra\u00e7a <\/strong>no puede faltar. Haz tu compra para la semana e incluye algunas delicias locales como el <em>meloa<\/em> (mel\u00f3n cantalupe), que viene de la isla vecina de Santa Mar\u00eda, y la exquisita pi\u00f1a tropical, que se cultiva con un m\u00e9todo \u00fanico, cerca de Ponta Delgada. Los l\u00e1cteos que Azores son de otro mundo gracias a las vacas felices que pastan en sus abundantes prados, as\u00ed que no dejes de probar sus deliciosos quesos y mantequillas artesanales. En la tienda el <strong>Rei dos queijos<\/strong> encontrar\u00e1s una gran variedad proveniente de todo el archipi\u00e9lago. Y para acompa\u00f1arlo,  no te olvides de comprar un <em>bolo levado<\/em>, un pan t\u00edpico de las islas.<\/p>\n\n\n\n<p>Si te interesa disfrutar de la cultura local, en el <strong>Teatro Micaelense <\/strong>encontrar\u00e1s una amplia agenda cultural, que incluye las actividades del interesante Festival de Artes de Azores, <a href=\"https:\/\/andafala.org\/Walktalkazores\/Festival\" target=\"_blank\" rel=\"noreferrer noopener\"><strong>Walk and Talk,<\/strong><\/a> que se celebra cada a\u00f1o en julio.<\/p>\n\n\n\n<div style=\"height:100px\" aria-hidden=\"true\" class=\"wp-block-spacer\"><\/div>\n\n\n\n<h3 class=\"wp-block-heading\">Lugares que descubrir en la Isla de S\u00e2o Miguel<\/h3>\n\n\n\n<p>Despu\u00e9s de pasear por su capital, ya estamos preparados para explorar una isla que nos dejar\u00e1 con la boca abierta por sus paisajes tan sorprendentes. Aqu\u00ed tienes algunas pistas <strong>para descubrirla:<\/strong><\/p>\n\n\n\n<h2 class=\"wp-block-heading\">Lagos de las Sete Cidades  <\/h2>\n\n\n\n<figure class=\"wp-block-image size-full\"><img loading=\"lazy\" decoding=\"async\" width=\"1920\" height=\"1440\" src=\"http:\/\/www.canariasviaja.com\/viajaresvivir\/wp-content\/uploads\/2023\/04\/martin-munk-ez7pWbOebRk-unsplash.jpg\" alt=\"\" class=\"wp-image-10383\" srcset=\"https:\/\/www.canariasviaja.com\/viajaresvivir\/wp-content\/uploads\/2023\/04\/martin-munk-ez7pWbOebRk-unsplash.jpg 1920w, https:\/\/www.canariasviaja.com\/viajaresvivir\/wp-content\/uploads\/2023\/04\/martin-munk-ez7pWbOebRk-unsplash-300x225.jpg 300w, https:\/\/www.canariasviaja.com\/viajaresvivir\/wp-content\/uploads\/2023\/04\/martin-munk-ez7pWbOebRk-unsplash-768x576.jpg 768w, https:\/\/www.canariasviaja.com\/viajaresvivir\/wp-content\/uploads\/2023\/04\/martin-munk-ez7pWbOebRk-unsplash-1536x1152.jpg 1536w, https:\/\/www.canariasviaja.com\/viajaresvivir\/wp-content\/uploads\/2023\/04\/martin-munk-ez7pWbOebRk-unsplash-1200x900.jpg 1200w, https:\/\/www.canariasviaja.com\/viajaresvivir\/wp-content\/uploads\/2023\/04\/martin-munk-ez7pWbOebRk-unsplash-800x600.jpg 800w, https:\/\/www.canariasviaja.com\/viajaresvivir\/wp-content\/uploads\/2023\/04\/martin-munk-ez7pWbOebRk-unsplash-1440x1080.jpg 1440w\" sizes=\"(max-width: 1920px) 100vw, 1920px\" \/><figcaption class=\"wp-element-caption\">Foto de <a href=\"https:\/\/unsplash.com\/es\/@scandinavian_monk?utm_source=unsplash&amp;utm_medium=referral&amp;utm_content=creditCopyText\">Martin Munk<\/a> en <a href=\"https:\/\/unsplash.com\/es\/fotos\/ez7pWbOebRk?utm_source=unsplash&amp;utm_medium=referral&amp;utm_content=creditCopyText\">Unsplash<\/a>&nbsp;<\/figcaption><\/figure>\n\n\n\n<p>Las Sete Cidades son dos lagos de agua cristalina situados en un cr\u00e1ter volc\u00e1nico. Uno es de color azul y otro de color verde, y se dice que el color cambia seg\u00fan la hora del d\u00eda y la luz. Puedes recorrer los alrededores del lago caminando o en bicicleta, disfrutando de las vistas panor\u00e1micas del paisaje volc\u00e1nico. \u00a1Un lugar \u00fanico!<\/p>\n\n\n\n<div style=\"height:100px\" aria-hidden=\"true\" class=\"wp-block-spacer\"><\/div>\n\n\n\n<div class=\"wp-block-group\"><div class=\"wp-block-group__inner-container is-layout-constrained wp-block-group-is-layout-constrained\">\n<h2 class=\"wp-block-heading\"> Igreja de S\u00e3o Nicolau<\/h2>\n\n\n\n<figure class=\"wp-block-image size-full\"><img loading=\"lazy\" decoding=\"async\" width=\"1920\" height=\"1450\" src=\"http:\/\/www.canariasviaja.com\/viajaresvivir\/wp-content\/uploads\/2023\/04\/luis-alvoeiro-quaresma-mIyWVzDn1Cs-unsplash.jpg\" alt=\"\" class=\"wp-image-10390\" srcset=\"https:\/\/www.canariasviaja.com\/viajaresvivir\/wp-content\/uploads\/2023\/04\/luis-alvoeiro-quaresma-mIyWVzDn1Cs-unsplash.jpg 1920w, https:\/\/www.canariasviaja.com\/viajaresvivir\/wp-content\/uploads\/2023\/04\/luis-alvoeiro-quaresma-mIyWVzDn1Cs-unsplash-300x227.jpg 300w, https:\/\/www.canariasviaja.com\/viajaresvivir\/wp-content\/uploads\/2023\/04\/luis-alvoeiro-quaresma-mIyWVzDn1Cs-unsplash-768x580.jpg 768w, https:\/\/www.canariasviaja.com\/viajaresvivir\/wp-content\/uploads\/2023\/04\/luis-alvoeiro-quaresma-mIyWVzDn1Cs-unsplash-1536x1160.jpg 1536w, https:\/\/www.canariasviaja.com\/viajaresvivir\/wp-content\/uploads\/2023\/04\/luis-alvoeiro-quaresma-mIyWVzDn1Cs-unsplash-1200x906.jpg 1200w, https:\/\/www.canariasviaja.com\/viajaresvivir\/wp-content\/uploads\/2023\/04\/luis-alvoeiro-quaresma-mIyWVzDn1Cs-unsplash-1430x1080.jpg 1430w\" sizes=\"(max-width: 1920px) 100vw, 1920px\" \/><figcaption class=\"wp-element-caption\">Foto de <a href=\"https:\/\/unsplash.com\/de\/@mralvo?utm_source=unsplash&amp;utm_medium=referral&amp;utm_content=creditCopyText\">Lu\u00eds Alvoeiro Quaresma<\/a> en <a href=\"https:\/\/unsplash.com\/es\/fotos\/mIyWVzDn1Cs?utm_source=unsplash&amp;utm_medium=referral&amp;utm_content=creditCopyText\">Unsplash<\/a><\/figcaption><\/figure>\n\n\n\n<p>Despu\u00e9s de disfrutar de las incre\u00edbles vistas desde los miradores m\u00e1s espectaculares de la isla: <strong>Miradouro Pico do Carv\u00e3o<\/strong>, el <strong>Miradouro Boca do Inferno<\/strong>, el <strong>Miradouro Vista do Rei<\/strong>, o el <strong>Miradouro Cerrado das Freiras<\/strong>, necesitamos parar un poco para recapacitar acerca de lo vivido.<\/p>\n\n\n\n<p><strong>Sete Cidades <\/strong>es un peque\u00f1o pueblo en el que reina la paz y la tranquilidad. La<strong> Igreja de S\u00e3o Nicolau<\/strong>, a la que se llega por un camino rodeado de pinos, est\u00e1 construida en estilo colonial antiguo fue realizada usando piedra volc\u00e1nica.  Un lugar para reconectar antes de seguir explorando.<\/p>\n<\/div><\/div>\n\n\n\n<div style=\"height:100px\" aria-hidden=\"true\" class=\"wp-block-spacer\"><\/div>\n\n\n\n<h2 class=\"wp-block-heading\">Caldera de Furnas<\/h2>\n\n\n\n<p>La caldera de Furnas es una zona volc\u00e1nica llena de fumarolas y aguas termales. Puedes hacer una caminata por la zona para descubrir los manantiales de agua caliente y los geysers. Tambi\u00e9n es el lugar perfecto para probar el famoso cozido das Furnas, un plato t\u00edpico de la regi\u00f3n que se cocina en aguas termales.<\/p>\n\n\n\n<figure class=\"wp-block-image size-large\"><img loading=\"lazy\" decoding=\"async\" width=\"2000\" height=\"1500\" src=\"https:\/\/www.canariasviaja.com\/viajaresvivir\/wp-content\/uploads\/2023\/04\/nuno-antunes-xa-8NfgEvM8-unsplash-2000x1500.jpg\" alt=\"\" class=\"wp-image-10385\" srcset=\"https:\/\/www.canariasviaja.com\/viajaresvivir\/wp-content\/uploads\/2023\/04\/nuno-antunes-xa-8NfgEvM8-unsplash-2000x1500.jpg 2000w, https:\/\/www.canariasviaja.com\/viajaresvivir\/wp-content\/uploads\/2023\/04\/nuno-antunes-xa-8NfgEvM8-unsplash-300x225.jpg 300w, https:\/\/www.canariasviaja.com\/viajaresvivir\/wp-content\/uploads\/2023\/04\/nuno-antunes-xa-8NfgEvM8-unsplash-768x576.jpg 768w, https:\/\/www.canariasviaja.com\/viajaresvivir\/wp-content\/uploads\/2023\/04\/nuno-antunes-xa-8NfgEvM8-unsplash-1536x1152.jpg 1536w, https:\/\/www.canariasviaja.com\/viajaresvivir\/wp-content\/uploads\/2023\/04\/nuno-antunes-xa-8NfgEvM8-unsplash-2048x1536.jpg 2048w, https:\/\/www.canariasviaja.com\/viajaresvivir\/wp-content\/uploads\/2023\/04\/nuno-antunes-xa-8NfgEvM8-unsplash-1200x900.jpg 1200w, https:\/\/www.canariasviaja.com\/viajaresvivir\/wp-content\/uploads\/2023\/04\/nuno-antunes-xa-8NfgEvM8-unsplash-800x600.jpg 800w, https:\/\/www.canariasviaja.com\/viajaresvivir\/wp-content\/uploads\/2023\/04\/nuno-antunes-xa-8NfgEvM8-unsplash-1440x1080.jpg 1440w\" sizes=\"(max-width: 2000px) 100vw, 2000px\" \/><figcaption class=\"wp-element-caption\">Foto de <a href=\"https:\/\/unsplash.com\/@onun?utm_source=unsplash&amp;utm_medium=referral&amp;utm_content=creditCopyText\">Nuno Antunes<\/a> en <a href=\"https:\/\/unsplash.com\/es\/fotos\/xa-8NfgEvM8?utm_source=unsplash&amp;utm_medium=referral&amp;utm_content=creditCopyText\">Unsplash<\/a>&nbsp;<\/figcaption><\/figure>\n\n\n\n<div style=\"height:100px\" aria-hidden=\"true\" class=\"wp-block-spacer\"><\/div>\n\n\n\n<h2 class=\"wp-block-heading\">Parque Bot\u00e1nico Terra Nostra<\/h2>\n\n\n\n<p>En el <strong><a href=\"https:\/\/www.bensaudehotels.com\/terranostragardenhotel\/parque-terra-nostra\/?utm_source=google-my-business&amp;utm_medium=organic&amp;utm_campaign=parquetn_gmb\" target=\"_blank\" rel=\"noreferrer noopener\">Parque Bot\u00e1nico Terra Nostra<\/a><\/strong>, una de las referencias internacional para los amantes de las plantas,  puedes disfrutar de un relajante ba\u00f1o en las aguas termales rodeados de vegetaci\u00f3n. <\/p>\n\n\n\n<p>Este parque bot\u00e1nico data de 1775, cuando el rico comerciante norteamericano Thomas Hickling decidi\u00f3 crear el refugio perfecto de relajaci\u00f3n en Furnas. Su jard\u00edn de camelias y de especies raras, y su piscina termal de agua termal, a una temperatura constante de 40\u00ba, lo han hecho mundialmente conocido. <\/p>\n\n\n\n<p>Nota: Antes de ir, comprueba en su web si ya han finalizado las obras de la piscina, cuya apertura est\u00e1 prevista para junio de 2023.<\/p>\n\n\n\n<div style=\"height:100px\" aria-hidden=\"true\" class=\"wp-block-spacer\"><\/div>\n\n\n\n<h2 class=\"wp-block-heading\">Playas de S\u00e2o Miguel<\/h2>\n\n\n\n<p>S\u00e2o Miguel tiene algunas playas impresionantes para disfrutar del sol y el mar. Entre ellas se encuentra <strong>Praia do P\u00f3pulo<\/strong>, una playa de arena dorada y aguas cristalinas situada en la costa norte de la isla. Tambi\u00e9n puedes visitar la <strong>playa de Santa B\u00e1rbara<\/strong>, la m\u00e1s larga de la isla, situada en la costa norte, con impresionantes vistas del oc\u00e9ano Atl\u00e1ntico y punto de encuentro de sufistas. En la <strong>Playa de Ribeira Quente, <\/strong>conocida como <strong><em>Praia do Fogo<\/em><\/strong>, podr\u00e1s disfrutar de sus aguas templadas procedentes de aguas termales submarinas. Sigue descubriendo sus playas <a href=\"https:\/\/www.turismoazores.es\/isla-de-sao-miguel\/playas-de-la-isla-de-sao-miguel\/\" target=\"_blank\" rel=\"noreferrer noopener\">aqu\u00ed.<\/a> <\/p>\n\n\n\n<div style=\"height:100px\" aria-hidden=\"true\" class=\"wp-block-spacer\"><\/div>\n\n\n\n<h2 class=\"wp-block-heading\">Islote de Vila Franca do Campo<\/h2>\n\n\n\n<figure class=\"wp-block-image size-full\"><img loading=\"lazy\" decoding=\"async\" width=\"660\" height=\"330\" src=\"http:\/\/www.canariasviaja.com\/viajaresvivir\/wp-content\/uploads\/2022\/07\/ilheu_vila_franca.jpg\" alt=\"\" class=\"wp-image-9067\" srcset=\"https:\/\/www.canariasviaja.com\/viajaresvivir\/wp-content\/uploads\/2022\/07\/ilheu_vila_franca.jpg 660w, https:\/\/www.canariasviaja.com\/viajaresvivir\/wp-content\/uploads\/2022\/07\/ilheu_vila_franca-300x150.jpg 300w\" sizes=\"(max-width: 660px) 100vw, 660px\" \/><\/figure>\n\n\n\n<p>Si quieres disfrutar de un d\u00eda de playa en un entorno \u00fanico te invitamos a que explores el Islote de Vila Franca do Campo. Frente a la costa sur de&nbsp;<strong>S\u00e3o Miguel<\/strong>, a tan solo un kil\u00f3metro de la costa de Vila Franca,  se encuentra la&nbsp;<strong><a href=\"https:\/\/www.canariasviaja.com\/viajaresvivir\/islote-de-vila-franca-do-campo\/\">Reserva Natural Ilh\u00e9u de Vila Franca do Campo<\/a><\/strong>, un id\u00edlico para\u00edso de&nbsp;<strong>aguas turquesas<\/strong>&nbsp;que se esconde en el&nbsp;<strong>interior de un cr\u00e1ter.<\/strong> Un lugar para disfrutar del&nbsp;<strong>snorkel, el submarinismo, el pirag\u00fcismo y para relajarse al sol<\/strong>.<\/p>\n\n\n\n<p>El acceso recreativo solo se permite de <strong>junio a octubre<\/strong>.<\/p>\n\n\n\n<div style=\"height:100px\" aria-hidden=\"true\" class=\"wp-block-spacer\"><\/div>\n\n\n\n<h2 class=\"wp-block-heading\">Plantaciones de t\u00e9<\/h2>\n\n\n\n<figure class=\"wp-block-image size-full\"><img loading=\"lazy\" decoding=\"async\" width=\"1920\" height=\"1280\" src=\"https:\/\/www.canariasviaja.com\/viajaresvivir\/wp-content\/uploads\/2023\/04\/daniel-krueger-6-DIdZOEZYA-unsplash.jpg\" alt=\"\" class=\"wp-image-10386\" srcset=\"https:\/\/www.canariasviaja.com\/viajaresvivir\/wp-content\/uploads\/2023\/04\/daniel-krueger-6-DIdZOEZYA-unsplash.jpg 1920w, https:\/\/www.canariasviaja.com\/viajaresvivir\/wp-content\/uploads\/2023\/04\/daniel-krueger-6-DIdZOEZYA-unsplash-300x200.jpg 300w, https:\/\/www.canariasviaja.com\/viajaresvivir\/wp-content\/uploads\/2023\/04\/daniel-krueger-6-DIdZOEZYA-unsplash-768x512.jpg 768w, https:\/\/www.canariasviaja.com\/viajaresvivir\/wp-content\/uploads\/2023\/04\/daniel-krueger-6-DIdZOEZYA-unsplash-1536x1024.jpg 1536w, https:\/\/www.canariasviaja.com\/viajaresvivir\/wp-content\/uploads\/2023\/04\/daniel-krueger-6-DIdZOEZYA-unsplash-1200x800.jpg 1200w, https:\/\/www.canariasviaja.com\/viajaresvivir\/wp-content\/uploads\/2023\/04\/daniel-krueger-6-DIdZOEZYA-unsplash-1620x1080.jpg 1620w\" sizes=\"(max-width: 1920px) 100vw, 1920px\" \/><figcaption class=\"wp-element-caption\">Foto de <a href=\"https:\/\/unsplash.com\/ja\/@moments?utm_source=unsplash&amp;utm_medium=referral&amp;utm_content=creditCopyText\">Daniel Krueger<\/a> en <a href=\"https:\/\/unsplash.com\/es\/fotos\/6-DIdZOEZYA?utm_source=unsplash&amp;utm_medium=referral&amp;utm_content=creditCopyText\">Unsplash<\/a><\/figcaption><\/figure>\n\n\n\n<p>Las Azores son conocidas por sus plantaciones de t\u00e9, las \u00fanicas de Europa. Quedan dos plantaciones t\u00e9 en la isla de S\u00e2o Miguel, <strong><a href=\"https:\/\/www.google.com\/maps\/place\/F%C3%A1brica+de+T%C3%A9+Gorreana\/@37.8183649,-25.4024703,15z\/data=!4m6!3m5!1s0xb5cd92f08cd731d:0x8861d92fa0979fa2!8m2!3d37.8183649!4d-25.4024703!16s%2Fg%2F122nbwym\" target=\"_blank\" rel=\"noreferrer noopener\">Ch\u00e1 Gorreana<\/a> <\/strong>y<strong> <a href=\"https:\/\/www.google.com\/maps\/place\/F%C3%A1brica+de+T%C3%A9+de+Porto+Formoso\/@37.8153381,-25.4274665,17z\/data=!3m1!4b1!4m6!3m5!1s0xb5cd8ff9718a813:0xcfb33c71b170fcdc!8m2!3d37.8153381!4d-25.4248916!16s%2Fg%2F11b69vbl94\" target=\"_blank\" rel=\"noreferrer noopener\">Porto Formoso<\/a>. <\/strong>Ambas se pueden visitar gratuitamente para disfrutar de la belleza de los cultivos y de la alta calidad de estas infusiones de producci\u00f3n ecol\u00f3gica.<\/p>\n\n\n\n<div style=\"height:100px\" aria-hidden=\"true\" class=\"wp-block-spacer\"><\/div>\n\n\n\n<h2 class=\"wp-block-heading\">Avistamiento de ballenas<\/h2>\n\n\n\n<figure class=\"wp-block-gallery has-nested-images columns-default is-cropped wp-block-gallery-2 is-layout-flex wp-block-gallery-is-layout-flex\">\n<figure class=\"wp-block-image size-full\"><img loading=\"lazy\" decoding=\"async\" width=\"1920\" height=\"1326\" data-id=\"10387\" src=\"https:\/\/www.canariasviaja.com\/viajaresvivir\/wp-content\/uploads\/2023\/04\/rita-candeias-EB44urdAqkY-unsplash.jpg\" alt=\"\" class=\"wp-image-10387\" srcset=\"https:\/\/www.canariasviaja.com\/viajaresvivir\/wp-content\/uploads\/2023\/04\/rita-candeias-EB44urdAqkY-unsplash.jpg 1920w, https:\/\/www.canariasviaja.com\/viajaresvivir\/wp-content\/uploads\/2023\/04\/rita-candeias-EB44urdAqkY-unsplash-300x207.jpg 300w, https:\/\/www.canariasviaja.com\/viajaresvivir\/wp-content\/uploads\/2023\/04\/rita-candeias-EB44urdAqkY-unsplash-768x530.jpg 768w, https:\/\/www.canariasviaja.com\/viajaresvivir\/wp-content\/uploads\/2023\/04\/rita-candeias-EB44urdAqkY-unsplash-1536x1061.jpg 1536w, https:\/\/www.canariasviaja.com\/viajaresvivir\/wp-content\/uploads\/2023\/04\/rita-candeias-EB44urdAqkY-unsplash-1200x829.jpg 1200w, https:\/\/www.canariasviaja.com\/viajaresvivir\/wp-content\/uploads\/2023\/04\/rita-candeias-EB44urdAqkY-unsplash-1564x1080.jpg 1564w\" sizes=\"(max-width: 1920px) 100vw, 1920px\" \/><figcaption class=\"wp-element-caption\"><br><br>Foto de <a href=\"https:\/\/unsplash.com\/@ritacandeias?utm_source=unsplash&amp;utm_medium=referral&amp;utm_content=creditCopyText\">Rita Candeias<\/a> en <a href=\"https:\/\/unsplash.com\/es\/fotos\/EB44urdAqkY?utm_source=unsplash&amp;utm_medium=referral&amp;utm_content=creditCopyText\">Unsplash<\/a>&nbsp;<\/figcaption><\/figure>\n\n\n\n<figure class=\"wp-block-image size-full\"><img loading=\"lazy\" decoding=\"async\" width=\"1920\" height=\"1280\" data-id=\"10388\" src=\"https:\/\/www.canariasviaja.com\/viajaresvivir\/wp-content\/uploads\/2023\/04\/mayte-garcia-llorente-AMjf3_2a7g-unsplash.jpg\" alt=\"\" class=\"wp-image-10388\" srcset=\"https:\/\/www.canariasviaja.com\/viajaresvivir\/wp-content\/uploads\/2023\/04\/mayte-garcia-llorente-AMjf3_2a7g-unsplash.jpg 1920w, https:\/\/www.canariasviaja.com\/viajaresvivir\/wp-content\/uploads\/2023\/04\/mayte-garcia-llorente-AMjf3_2a7g-unsplash-300x200.jpg 300w, https:\/\/www.canariasviaja.com\/viajaresvivir\/wp-content\/uploads\/2023\/04\/mayte-garcia-llorente-AMjf3_2a7g-unsplash-768x512.jpg 768w, https:\/\/www.canariasviaja.com\/viajaresvivir\/wp-content\/uploads\/2023\/04\/mayte-garcia-llorente-AMjf3_2a7g-unsplash-1536x1024.jpg 1536w, https:\/\/www.canariasviaja.com\/viajaresvivir\/wp-content\/uploads\/2023\/04\/mayte-garcia-llorente-AMjf3_2a7g-unsplash-1200x800.jpg 1200w, https:\/\/www.canariasviaja.com\/viajaresvivir\/wp-content\/uploads\/2023\/04\/mayte-garcia-llorente-AMjf3_2a7g-unsplash-1620x1080.jpg 1620w\" sizes=\"(max-width: 1920px) 100vw, 1920px\" \/><figcaption class=\"wp-element-caption\">Foto de <a href=\"https:\/\/unsplash.com\/@maytegallo?utm_source=unsplash&amp;utm_medium=referral&amp;utm_content=creditCopyText\">Mayte Garcia Llorente<\/a> en <a href=\"https:\/\/unsplash.com\/es\/fotos\/-AMjf3_2a7g?utm_source=unsplash&amp;utm_medium=referral&amp;utm_content=creditCopyText\">Unsplash<\/a><\/figcaption><\/figure>\n<\/figure>\n\n\n\n<p>Las Azores son actualmente<strong> uno de los mayores santuarios de ballenas del mundo.<\/strong> Entre especies residentes y migratorias, comunes o poco comunes, se avistan aqu\u00ed 24 tipos diferentes de cet\u00e1ceos. El n\u00famero impresiona porque corresponde a un tercio del total de las especies existentes, en un ecosistema de caracter\u00edsticas \u00fanicas.<\/p>\n\n\n\n<p>Las aguas alrededor de S\u00e2o Miguel est\u00e1n llenas de vida marina y es el lugar perfecto para avistar ballenas y delfines. Puedes hacer una excursi\u00f3n en barco desde el puerto de Ponta Delgada y disfrutar de la belleza de estos animales en su h\u00e1bitat natural.<\/p>\n\n\n\n<div style=\"height:100px\" aria-hidden=\"true\" class=\"wp-block-spacer\"><\/div>\n\n\n\n<h2 class=\"wp-block-heading\">Ribeira Grande<\/h2>\n\n\n\n<p>Descubre el pueblo de Ribeira Grande Ribeira Grande es un pueblo situado en la costa norte de la isla, con una arquitectura impresionante y una rica historia. Puedes recorrer sus calles empedradas y descubrir la iglesia de Nuestra Se\u00f1ora de la Estrella, una de las iglesias m\u00e1s antiguas de las Azores.<\/p>\n\n\n\n<div style=\"height:0px\" aria-hidden=\"true\" class=\"wp-block-spacer\"><\/div>\n\n\n\n<div style=\"height:100px\" aria-hidden=\"true\" class=\"wp-block-spacer\"><\/div>\n\n\n\n<p>La isla de S\u00e2o Miguel te sorprender\u00e1 a cada paso. Puedes comenzar a explorar el archipi\u00e9lago de Azores disfrutando \u00fanicamente de la belleza de S\u00e2o Miguel, o combinar varias islas en un mismo viaje para descubrir la diversidad de este archipi\u00e9lago irrepetible.<\/p>\n\n\n\n<div style=\"height:100px\" aria-hidden=\"true\" class=\"wp-block-spacer\"><\/div>\n\n\n\n<h2 class=\"wp-block-heading\">Isla de Santa Mar\u00eda<\/h2>\n\n\n\n<p>Al sur de S\u00e2o Miguel se encuentra la isla m\u00e1s antigua del archipi\u00e9lago, <strong>Santa Mar\u00eda<\/strong>, la primera en ser descubierta y poblada, en la primera mitad del siglo XV. Puedes llegar a ella por avi\u00f3n desde el aeropuerto de Ponta Delgada.<\/p>\n\n\n\n<p>En 1493, <strong>Crist\u00f3bal Col\u00f3n hizo<\/strong> su primer desembarco a su regres\u00f3 de Am\u00e9rica.<\/p>\n\n\n\n<p>Es conocida como la \u00abisla amarilla\u00bb o la \u00abisla sol\u00bb, por su clima m\u00e1s seco y caliente que el del resto del archipi\u00e9lago. Su orograf\u00eda es singular, el oeste es plano, con una altura que no supera los 200 metros y la parte oriental est\u00e1 cubierta de bosque verde, la <strong>Serra Verde<\/strong>, con el macizo <strong>Pico Alto <\/strong>de 590 metros de altura.<\/p>\n\n\n\n<p>Santa Mar\u00eda tiene una extensi\u00f3n de 97,5 km\u00b2. Esta isla es conocida por sus hermosas playas, acantilados impresionantes y suaves colinas.<\/p>\n\n\n\n<h1 class=\"wp-block-heading\">Planes para disfrutar de Santa Mar\u00eda<\/h1>\n\n\n\n<ul class=\"wp-block-list\">\n<li><strong>Rel\u00e1jate en  la playa de Praia Formosa: <\/strong>Rel\u00e1jate en la \u00fanica playa de Azores con arena clara. Un arenal de un kil\u00f3metro de extensi\u00f3n, rodeado de colinas verdes y acantilados, en donde disfrutar de sus aguas cristalinas y practicar surf y windsurf. Cada mes de agosto se convierte en el escenario de <strong><a href=\"https:\/\/www.maredeagosto.com\/\" target=\"_blank\" rel=\"noreferrer noopener\">Festival Mare de Agosto<\/a>,<\/strong> que re\u00fane a artistas nacionales e internacionales de la <em>world music<\/em>. En 2023 se celebrar\u00e1 del 24 al 26 de agosto.<\/li>\n\n\n\n<li><strong>Recorre la isla a pie:<\/strong> Santa Mar\u00eda tiene varios<a href=\"https:\/\/trails.visitazores.com\/es\/senderos-de-las-azores\/santa-maria\" target=\"_blank\" rel=\"noreferrer noopener\"> senderos<\/a> naturales para caminar y explorar la naturaleza. Puedes realizar el sendero circular que la recorre entera, o elegir algunos tramos, como el sendero de los pescadores, por ejemplo, que te lleva a trav\u00e9s de acantilados y playas hasta el <strong>Faro de Albarnaz.<\/strong><\/li>\n\n\n\n<li><strong>Descubre la historia de la isla en el Museo de Santa Mar\u00eda:<\/strong> El Museo de Santa Mar\u00eda es un lugar interesante para conocer m\u00e1s sobre la historia de la isla. Ubicado en una casa rural del principios del siglo XX, puedes decubrir c\u00f3mo viv\u00edan los habitantes de la isla y aprender sobre la cultura local.<\/li>\n\n\n\n<li><strong>Visita el Monte S\u00e3o Louren\u00e7o<\/strong>: El Monte S\u00e3o Louren\u00e7o es la monta\u00f1a m\u00e1s alta de la isla de Santa Mar\u00eda, y es un lugar popular para hacer senderismo y disfrutar de vistas panor\u00e1micas del oc\u00e9ano Atl\u00e1ntico. Desde all\u00ed podr\u00e1s contemplar las mejores vistas de la Bah\u00eda de Sao Loren\u00e7o, uno de los rincones con m\u00e1s encanto de la isla. Disfuta de un ba\u00f1o en su bah\u00eda, protegido por laderas en las que crecen las vi\u00f1as y un coqueto pueblo de casa blancas. <\/li>\n\n\n\n<li><strong>Disfruta de las fiestas locales<\/strong>: Santa Mar\u00eda es conocida por sus festivales y celebraciones. La Fiesta de S\u00e3o Jo\u00e3o, en junio, es una de las m\u00e1s populares, con m\u00fasica, danza y comida tradicional &nbsp;Las fiestas de Assun\u00e7\u00e3o, patrona de la isla, se celebran entorno al d\u00eda 15 de agosto con muestras folcl\u00f3ricas, m\u00fasica tradicional, y una feria de artesan\u00eda y gastronom\u00eda.<\/li>\n\n\n\n<li><strong>Haz una excursi\u00f3n en barco:<\/strong> Las excursiones en barco son una excelente manera de ver la isla desde una perspectiva diferente. Puedes hacer una excursi\u00f3n para avistar ballenas y delfines, o simplemente para disfrutar de la vista del oc\u00e9ano y las playas.<\/li>\n\n\n\n<li><strong>Visita la ermita de Nossa Senhora dos Anjos:<\/strong> Una ermita con historia, ya que se yergue junto a la capilla en la que or\u00f3 Crist\u00f3bal Col\u00f3n en su viaje de regreso de Am\u00e9rica, de la que queda un arco de mamposter\u00eda.<\/li>\n\n\n\n<li><strong>Recorre las calles de la Villa do Porto<\/strong>, la m\u00e1s antigua de las villas de Azores, en donde  todav\u00eda se pueden encontrar vestigios de casas antiguas que supuestamente pertenecieron a su primer capit\u00e1n, con ventanas y puertas ojivales de estilo manuelino del siglo XV. Tambi\u00e9n puedes visitar la Iglesia Matriz de Nuestra Senhora de la Asunci\u00f3n, una de las m\u00e1s antiguas de las Azores, y el Fuerte de San Blas, que nos recuerda los ataques berberiscos.<\/li>\n\n\n\n<li><strong>Descubre los f\u00f3siles marinos:<\/strong> La isla de Santa Mar\u00eda se form\u00f3 hace 8 millones de a\u00f1os y dado a su baja actividad volc\u00e1nica se han conservado yacimientos paleontol\u00f3gicos del Mioceno y Plioceno, que contienen f\u00f3siles producidos por los animales que viv\u00edan en el fondo del mar, as\u00ed como importantes acumulaciones de conchas de moluscos bivalvos.<\/li>\n\n\n\n<li><strong>Explora su fondo marino:<\/strong> En Santa Mar\u00eda encontrar\u00e1s algunos de las mejores inmersiones de Azores. En la <a href=\"https:\/\/mantamaria.com\/es\/spot\" target=\"_blank\" rel=\"noreferrer noopener\">Baixa do Ambr\u00f3sio<\/a> en el mes de agosto podr\u00e1s bucear rodeado de decenas de mantas. <\/li>\n<\/ul>\n\n\n\n<p>En resumen, Santa Mar\u00eda es una isla tranquila con hermosas playas y paisajes rurales. Hay muchas actividades para disfrutar, desde caminatas por la naturaleza hasta la exploraci\u00f3n de la historia y la cultura local.<\/p>\n\n\n\n<div class=\"wp-block-buttons is-content-justification-center is-layout-flex wp-container-core-buttons-is-layout-1 wp-block-buttons-is-layout-flex\">\n<div class=\"wp-block-button\"><a class=\"wp-block-button__link wp-element-button\" href=\"https:\/\/bit.ly\/3MZkTKY\">\u00a1Descubre Azores!<\/a><\/div>\n<\/div>\n","protected":false},"excerpt":{"rendered":"<p>Imag\u00ednate un lugar perdido en medio del Atl\u00e1ntico donde las vacas pastan en libertad junto a lagos volc\u00e1nicos turquesas, campos de t\u00e9 y en donde los anticiclones tienen nombre propio. Un lugar donde la naturaleza se expresa creativamente a trav\u00e9s de volcanes, cascadas, grutas, monta\u00f1as, acantilados, faj\u00e3s, playas de arena negra y blanca, y el verde intenso tapiza el paisaje. &hellip;<\/p>\n","protected":false},"author":2,"featured_media":10383,"comment_status":"open","ping_status":"closed","sticky":false,"template":"","format":"standard","meta":{"_acf_changed":false,"sfsi_plus_gutenberg_text_before_share":"","sfsi_plus_gutenberg_show_text_before_share":"","sfsi_plus_gutenberg_icon_type":"","sfsi_plus_gutenberg_icon_alignemt":"","sfsi_plus_gutenburg_max_per_row":"","footnotes":""},"categories":[93,574,5,10,91,197],"tags":[884,889,116],"class_list":["post-10370","post","type-post","status-publish","format-standard","has-post-thumbnail","hentry","category-azores","category-consejos-viajeros","category-europa","category-historias-viajeras","category-portugal","category-rincones-por-descubrir","tag-escapadas-a-la-naturaleza","tag-sao-miguel","tag-senderismo"],"acf":[],"yoast_head":"<!-- This site is optimized with the Yoast SEO plugin v24.1 - https:\/\/yoast.com\/wordpress\/plugins\/seo\/ -->\n<title>Descubre Azores (I): S\u00e2o Miguel, la puerta de entrada a Azores - Viajar es vivir<\/title>\n<meta name=\"description\" content=\"S\u00e2o Miguel es la isla por la que accedes para descubrir el sorprendente archipi\u00e9lago de Azores. Una isla con mucho por explorar.\" \/>\n<meta name=\"robots\" content=\"index, follow, max-snippet:-1, max-image-preview:large, max-video-preview:-1\" \/>\n<link rel=\"canonical\" href=\"https:\/\/www.canariasviaja.com\/viajaresvivir\/sao-miguel-la-puerta-de-entrada-a-azores\/\" \/>\n<meta property=\"og:locale\" content=\"es_ES\" \/>\n<meta property=\"og:type\" content=\"article\" \/>\n<meta property=\"og:title\" content=\"Descubre Azores (I): S\u00e2o Miguel, la puerta de entrada a Azores - Viajar es vivir\" \/>\n<meta property=\"og:description\" content=\"S\u00e2o Miguel es la isla por la que accedes para descubrir el sorprendente archipi\u00e9lago de Azores. Una isla con mucho por explorar.\" \/>\n<meta property=\"og:url\" content=\"https:\/\/www.canariasviaja.com\/viajaresvivir\/sao-miguel-la-puerta-de-entrada-a-azores\/\" \/>\n<meta property=\"og:site_name\" content=\"Viajar es vivir\" \/>\n<meta property=\"article:published_time\" content=\"2023-04-20T12:56:14+00:00\" \/>\n<meta property=\"article:modified_time\" content=\"2024-02-18T20:27:43+00:00\" \/>\n<meta property=\"og:image\" content=\"http:\/\/www.canariasviaja.com\/viajaresvivir\/wp-content\/uploads\/2023\/04\/martin-munk-ez7pWbOebRk-unsplash.jpg\" \/>\n\t<meta property=\"og:image:width\" content=\"1920\" \/>\n\t<meta property=\"og:image:height\" content=\"1440\" \/>\n\t<meta property=\"og:image:type\" content=\"image\/jpeg\" \/>\n<meta name=\"author\" content=\"Patri C\u00e1mpora\" \/>\n<meta name=\"twitter:card\" content=\"summary_large_image\" \/>\n<meta name=\"twitter:label1\" content=\"Escrito por\" \/>\n\t<meta name=\"twitter:data1\" content=\"Patri C\u00e1mpora\" \/>\n\t<meta name=\"twitter:label2\" content=\"Tiempo de lectura\" \/>\n\t<meta name=\"twitter:data2\" content=\"14 minutos\" \/>\n<script type=\"application\/ld+json\" class=\"yoast-schema-graph\">{\"@context\":\"https:\/\/schema.org\",\"@graph\":[{\"@type\":\"WebPage\",\"@id\":\"https:\/\/www.canariasviaja.com\/viajaresvivir\/sao-miguel-la-puerta-de-entrada-a-azores\/\",\"url\":\"https:\/\/www.canariasviaja.com\/viajaresvivir\/sao-miguel-la-puerta-de-entrada-a-azores\/\",\"name\":\"Descubre Azores (I): S\u00e2o Miguel, la puerta de entrada a Azores - Viajar es vivir\",\"isPartOf\":{\"@id\":\"https:\/\/www.canariasviaja.com\/viajaresvivir\/#website\"},\"primaryImageOfPage\":{\"@id\":\"https:\/\/www.canariasviaja.com\/viajaresvivir\/sao-miguel-la-puerta-de-entrada-a-azores\/#primaryimage\"},\"image\":{\"@id\":\"https:\/\/www.canariasviaja.com\/viajaresvivir\/sao-miguel-la-puerta-de-entrada-a-azores\/#primaryimage\"},\"thumbnailUrl\":\"https:\/\/www.canariasviaja.com\/viajaresvivir\/wp-content\/uploads\/2023\/04\/martin-munk-ez7pWbOebRk-unsplash.jpg\",\"datePublished\":\"2023-04-20T12:56:14+00:00\",\"dateModified\":\"2024-02-18T20:27:43+00:00\",\"author\":{\"@id\":\"https:\/\/www.canariasviaja.com\/viajaresvivir\/#\/schema\/person\/085949651001325f1244a8bc1b34709c\"},\"description\":\"S\u00e2o Miguel es la isla por la que accedes para descubrir el sorprendente archipi\u00e9lago de Azores. Una isla con mucho por explorar.\",\"breadcrumb\":{\"@id\":\"https:\/\/www.canariasviaja.com\/viajaresvivir\/sao-miguel-la-puerta-de-entrada-a-azores\/#breadcrumb\"},\"inLanguage\":\"es\",\"potentialAction\":[{\"@type\":\"ReadAction\",\"target\":[\"https:\/\/www.canariasviaja.com\/viajaresvivir\/sao-miguel-la-puerta-de-entrada-a-azores\/\"]}]},{\"@type\":\"ImageObject\",\"inLanguage\":\"es\",\"@id\":\"https:\/\/www.canariasviaja.com\/viajaresvivir\/sao-miguel-la-puerta-de-entrada-a-azores\/#primaryimage\",\"url\":\"https:\/\/www.canariasviaja.com\/viajaresvivir\/wp-content\/uploads\/2023\/04\/martin-munk-ez7pWbOebRk-unsplash.jpg\",\"contentUrl\":\"https:\/\/www.canariasviaja.com\/viajaresvivir\/wp-content\/uploads\/2023\/04\/martin-munk-ez7pWbOebRk-unsplash.jpg\",\"width\":1920,\"height\":1440},{\"@type\":\"BreadcrumbList\",\"@id\":\"https:\/\/www.canariasviaja.com\/viajaresvivir\/sao-miguel-la-puerta-de-entrada-a-azores\/#breadcrumb\",\"itemListElement\":[{\"@type\":\"ListItem\",\"position\":1,\"name\":\"Portada\",\"item\":\"https:\/\/www.canariasviaja.com\/viajaresvivir\/\"},{\"@type\":\"ListItem\",\"position\":2,\"name\":\"Descubre Azores (I): S\u00e2o Miguel, la puerta de entrada a Azores\"}]},{\"@type\":\"WebSite\",\"@id\":\"https:\/\/www.canariasviaja.com\/viajaresvivir\/#website\",\"url\":\"https:\/\/www.canariasviaja.com\/viajaresvivir\/\",\"name\":\"Viajar es vivir\",\"description\":\"El blog de viajes y estilo de vida de CanariasViaja\",\"potentialAction\":[{\"@type\":\"SearchAction\",\"target\":{\"@type\":\"EntryPoint\",\"urlTemplate\":\"https:\/\/www.canariasviaja.com\/viajaresvivir\/?s={search_term_string}\"},\"query-input\":{\"@type\":\"PropertyValueSpecification\",\"valueRequired\":true,\"valueName\":\"search_term_string\"}}],\"inLanguage\":\"es\"},{\"@type\":\"Person\",\"@id\":\"https:\/\/www.canariasviaja.com\/viajaresvivir\/#\/schema\/person\/085949651001325f1244a8bc1b34709c\",\"name\":\"Patri C\u00e1mpora\",\"image\":{\"@type\":\"ImageObject\",\"inLanguage\":\"es\",\"@id\":\"https:\/\/www.canariasviaja.com\/viajaresvivir\/#\/schema\/person\/image\/\",\"url\":\"https:\/\/secure.gravatar.com\/avatar\/b2ce2c4086a5776e5310f57c1a2e5b4e?s=96&d=mm&r=g\",\"contentUrl\":\"https:\/\/secure.gravatar.com\/avatar\/b2ce2c4086a5776e5310f57c1a2e5b4e?s=96&d=mm&r=g\",\"caption\":\"Patri C\u00e1mpora\"},\"url\":\"https:\/\/www.canariasviaja.com\/viajaresvivir\/author\/patri\/\"}]}<\/script>\n<!-- \/ Yoast SEO plugin. -->","yoast_head_json":{"title":"Descubre Azores (I): S\u00e2o Miguel, la puerta de entrada a Azores - Viajar es vivir","description":"S\u00e2o Miguel es la isla por la que accedes para descubrir el sorprendente archipi\u00e9lago de Azores. Una isla con mucho por explorar.","robots":{"index":"index","follow":"follow","max-snippet":"max-snippet:-1","max-image-preview":"max-image-preview:large","max-video-preview":"max-video-preview:-1"},"canonical":"https:\/\/www.canariasviaja.com\/viajaresvivir\/sao-miguel-la-puerta-de-entrada-a-azores\/","og_locale":"es_ES","og_type":"article","og_title":"Descubre Azores (I): S\u00e2o Miguel, la puerta de entrada a Azores - Viajar es vivir","og_description":"S\u00e2o Miguel es la isla por la que accedes para descubrir el sorprendente archipi\u00e9lago de Azores. Una isla con mucho por explorar.","og_url":"https:\/\/www.canariasviaja.com\/viajaresvivir\/sao-miguel-la-puerta-de-entrada-a-azores\/","og_site_name":"Viajar es vivir","article_published_time":"2023-04-20T12:56:14+00:00","article_modified_time":"2024-02-18T20:27:43+00:00","og_image":[{"width":1920,"height":1440,"url":"http:\/\/www.canariasviaja.com\/viajaresvivir\/wp-content\/uploads\/2023\/04\/martin-munk-ez7pWbOebRk-unsplash.jpg","type":"image\/jpeg"}],"author":"Patri C\u00e1mpora","twitter_card":"summary_large_image","twitter_misc":{"Escrito por":"Patri C\u00e1mpora","Tiempo de lectura":"14 minutos"},"schema":{"@context":"https:\/\/schema.org","@graph":[{"@type":"WebPage","@id":"https:\/\/www.canariasviaja.com\/viajaresvivir\/sao-miguel-la-puerta-de-entrada-a-azores\/","url":"https:\/\/www.canariasviaja.com\/viajaresvivir\/sao-miguel-la-puerta-de-entrada-a-azores\/","name":"Descubre Azores (I): S\u00e2o Miguel, la puerta de entrada a Azores - Viajar es vivir","isPartOf":{"@id":"https:\/\/www.canariasviaja.com\/viajaresvivir\/#website"},"primaryImageOfPage":{"@id":"https:\/\/www.canariasviaja.com\/viajaresvivir\/sao-miguel-la-puerta-de-entrada-a-azores\/#primaryimage"},"image":{"@id":"https:\/\/www.canariasviaja.com\/viajaresvivir\/sao-miguel-la-puerta-de-entrada-a-azores\/#primaryimage"},"thumbnailUrl":"https:\/\/www.canariasviaja.com\/viajaresvivir\/wp-content\/uploads\/2023\/04\/martin-munk-ez7pWbOebRk-unsplash.jpg","datePublished":"2023-04-20T12:56:14+00:00","dateModified":"2024-02-18T20:27:43+00:00","author":{"@id":"https:\/\/www.canariasviaja.com\/viajaresvivir\/#\/schema\/person\/085949651001325f1244a8bc1b34709c"},"description":"S\u00e2o Miguel es la isla por la que accedes para descubrir el sorprendente archipi\u00e9lago de Azores. Una isla con mucho por explorar.","breadcrumb":{"@id":"https:\/\/www.canariasviaja.com\/viajaresvivir\/sao-miguel-la-puerta-de-entrada-a-azores\/#breadcrumb"},"inLanguage":"es","potentialAction":[{"@type":"ReadAction","target":["https:\/\/www.canariasviaja.com\/viajaresvivir\/sao-miguel-la-puerta-de-entrada-a-azores\/"]}]},{"@type":"ImageObject","inLanguage":"es","@id":"https:\/\/www.canariasviaja.com\/viajaresvivir\/sao-miguel-la-puerta-de-entrada-a-azores\/#primaryimage","url":"https:\/\/www.canariasviaja.com\/viajaresvivir\/wp-content\/uploads\/2023\/04\/martin-munk-ez7pWbOebRk-unsplash.jpg","contentUrl":"https:\/\/www.canariasviaja.com\/viajaresvivir\/wp-content\/uploads\/2023\/04\/martin-munk-ez7pWbOebRk-unsplash.jpg","width":1920,"height":1440},{"@type":"BreadcrumbList","@id":"https:\/\/www.canariasviaja.com\/viajaresvivir\/sao-miguel-la-puerta-de-entrada-a-azores\/#breadcrumb","itemListElement":[{"@type":"ListItem","position":1,"name":"Portada","item":"https:\/\/www.canariasviaja.com\/viajaresvivir\/"},{"@type":"ListItem","position":2,"name":"Descubre Azores (I): S\u00e2o Miguel, la puerta de entrada a Azores"}]},{"@type":"WebSite","@id":"https:\/\/www.canariasviaja.com\/viajaresvivir\/#website","url":"https:\/\/www.canariasviaja.com\/viajaresvivir\/","name":"Viajar es vivir","description":"El blog de viajes y estilo de vida de CanariasViaja","potentialAction":[{"@type":"SearchAction","target":{"@type":"EntryPoint","urlTemplate":"https:\/\/www.canariasviaja.com\/viajaresvivir\/?s={search_term_string}"},"query-input":{"@type":"PropertyValueSpecification","valueRequired":true,"valueName":"search_term_string"}}],"inLanguage":"es"},{"@type":"Person","@id":"https:\/\/www.canariasviaja.com\/viajaresvivir\/#\/schema\/person\/085949651001325f1244a8bc1b34709c","name":"Patri C\u00e1mpora","image":{"@type":"ImageObject","inLanguage":"es","@id":"https:\/\/www.canariasviaja.com\/viajaresvivir\/#\/schema\/person\/image\/","url":"https:\/\/secure.gravatar.com\/avatar\/b2ce2c4086a5776e5310f57c1a2e5b4e?s=96&d=mm&r=g","contentUrl":"https:\/\/secure.gravatar.com\/avatar\/b2ce2c4086a5776e5310f57c1a2e5b4e?s=96&d=mm&r=g","caption":"Patri C\u00e1mpora"},"url":"https:\/\/www.canariasviaja.com\/viajaresvivir\/author\/patri\/"}]}},"_links":{"self":[{"href":"https:\/\/www.canariasviaja.com\/viajaresvivir\/wp-json\/wp\/v2\/posts\/10370"}],"collection":[{"href":"https:\/\/www.canariasviaja.com\/viajaresvivir\/wp-json\/wp\/v2\/posts"}],"about":[{"href":"https:\/\/www.canariasviaja.com\/viajaresvivir\/wp-json\/wp\/v2\/types\/post"}],"author":[{"embeddable":true,"href":"https:\/\/www.canariasviaja.com\/viajaresvivir\/wp-json\/wp\/v2\/users\/2"}],"replies":[{"embeddable":true,"href":"https:\/\/www.canariasviaja.com\/viajaresvivir\/wp-json\/wp\/v2\/comments?post=10370"}],"version-history":[{"count":9,"href":"https:\/\/www.canariasviaja.com\/viajaresvivir\/wp-json\/wp\/v2\/posts\/10370\/revisions"}],"predecessor-version":[{"id":11276,"href":"https:\/\/www.canariasviaja.com\/viajaresvivir\/wp-json\/wp\/v2\/posts\/10370\/revisions\/11276"}],"wp:featuredmedia":[{"embeddable":true,"href":"https:\/\/www.canariasviaja.com\/viajaresvivir\/wp-json\/wp\/v2\/media\/10383"}],"wp:attachment":[{"href":"https:\/\/www.canariasviaja.com\/viajaresvivir\/wp-json\/wp\/v2\/media?parent=10370"}],"wp:term":[{"taxonomy":"category","embeddable":true,"href":"https:\/\/www.canariasviaja.com\/viajaresvivir\/wp-json\/wp\/v2\/categories?post=10370"},{"taxonomy":"post_tag","embeddable":true,"href":"https:\/\/www.canariasviaja.com\/viajaresvivir\/wp-json\/wp\/v2\/tags?post=10370"}],"curies":[{"name":"wp","href":"https:\/\/api.w.org\/{rel}","templated":true}]}}