{"id":10416,"date":"2023-05-08T09:57:50","date_gmt":"2023-05-08T09:57:50","guid":{"rendered":"https:\/\/www.canariasviaja.com\/viajaresvivir\/?p=10416"},"modified":"2023-05-15T10:40:42","modified_gmt":"2023-05-15T10:40:42","slug":"festivales-y-conciertos-en-canarias-verano-2023-te-los-vas-a-perder","status":"publish","type":"post","link":"https:\/\/www.canariasviaja.com\/viajaresvivir\/festivales-y-conciertos-en-canarias-verano-2023-te-los-vas-a-perder\/","title":{"rendered":"Festivales y conciertos en Canarias verano\/oto\u00f1o 2023: \u00bfte los vas a perder?"},"content":{"rendered":"\n<p>Este verano CanariasViaja.com te lleva a los <strong>mejores conciertos y festivales que se celebran en Canarias<\/strong>. <strong>Rosal\u00eda, Sting, Sebasti\u00e1n Yadra, Maluma, Juan Luis Guerra<\/strong>, <strong>Quevedo, Luz Casal, <\/strong>y muchos m\u00e1s&#8230; visitar\u00e1n las islas este verano para hacerte disfrutar sin parar.<\/p>\n\n\n\n<figure class=\"wp-block-image size-full\"><img loading=\"lazy\" decoding=\"async\" width=\"2000\" height=\"1333\" src=\"http:\/\/www.canariasviaja.com\/viajaresvivir\/wp-content\/uploads\/2022\/03\/Love-Festival.jpg\" alt=\"Festivales y conciertos en Canarias verano 2023\" class=\"wp-image-8391\" srcset=\"https:\/\/www.canariasviaja.com\/viajaresvivir\/wp-content\/uploads\/2022\/03\/Love-Festival.jpg 2000w, https:\/\/www.canariasviaja.com\/viajaresvivir\/wp-content\/uploads\/2022\/03\/Love-Festival-300x200.jpg 300w, https:\/\/www.canariasviaja.com\/viajaresvivir\/wp-content\/uploads\/2022\/03\/Love-Festival-768x512.jpg 768w, https:\/\/www.canariasviaja.com\/viajaresvivir\/wp-content\/uploads\/2022\/03\/Love-Festival-1536x1024.jpg 1536w, https:\/\/www.canariasviaja.com\/viajaresvivir\/wp-content\/uploads\/2022\/03\/Love-Festival-1200x800.jpg 1200w, https:\/\/www.canariasviaja.com\/viajaresvivir\/wp-content\/uploads\/2022\/03\/Love-Festival-1620x1080.jpg 1620w\" sizes=\"(max-width: 2000px) 100vw, 2000px\" \/><\/figure>\n\n\n\n<p>Te hemos preparado una <strong>agenda<\/strong> para que no pierdas ninguna de estas<strong> citas imprescindibles<\/strong> y bailes al ritmo de <strong>los mejores artistas nacionales e internacionales<\/strong>. \u00a1No dejes que nada te pare!<\/p>\n\n\n\n<div style=\"height:100px\" aria-hidden=\"true\" class=\"wp-block-spacer\"><\/div>\n\n\n\n<h3 class=\"wp-block-heading\">Junio<\/h3>\n\n\n\n<h2 class=\"has-text-align-center wp-block-heading\"><strong>Sting en concierto<\/strong><\/h2>\n\n\n<div class=\"wp-block-image\">\n<figure class=\"aligncenter size-large\"><img loading=\"lazy\" decoding=\"async\" width=\"668\" height=\"500\" src=\"https:\/\/www.canariasviaja.com\/viajaresvivir\/wp-content\/uploads\/2023\/05\/Esc_Sting-LPA.jpg\" alt=\"\" class=\"wp-image-10427\" srcset=\"https:\/\/www.canariasviaja.com\/viajaresvivir\/wp-content\/uploads\/2023\/05\/Esc_Sting-LPA.jpg 668w, https:\/\/www.canariasviaja.com\/viajaresvivir\/wp-content\/uploads\/2023\/05\/Esc_Sting-LPA-300x225.jpg 300w\" sizes=\"(max-width: 668px) 100vw, 668px\" \/><\/figure><\/div>\n\n\n<p><strong>Sting,<\/strong> la inconfundible voz de m\u00faltiples eras y g\u00e9neros visita las islas este verano&#8230;<\/p>\n\n\n\n<p>Cantante de <strong>The Police <\/strong>y leyenda en solitario, este fen\u00f3meno internacional ha dado lugar a un monumental repertorio de \u00e9xitos. Incontables premios y fans rodean el reconocible talento de Sting.<\/p>\n\n\n\n<p>&nbsp;El rock, el new wave, el soul e incluso el reggae reconocen los conciertos de Sting como uno de los mayores representantes de su estilo, ya que este cantante, adem\u00e1s de poseer una de las voces m\u00e1s reconocibles de las \u00faltimas d\u00e9cadas, nos ha entregado su ingenio y creatividad, \u00a1su incre\u00edble polivalencia!, en numerosos g\u00e9neros. Las cimas no le son desconocidas. Adem\u00e1s de conquistar diferentes tonos y \u00e1mbitos musicales, el \u00e9xito lo ha seguido a lo largo de su trayectoria con The Police hasta su actualidad en solitario. Ejemplos de esto mismo son las cifras de m\u00e1s de cien millones de discos vendidos o los m\u00e1s de <strong>15 Grammys<\/strong> que decoran su carrera, as\u00ed como los 5 <strong>Premios Globo de Oro y su nominaci\u00f3n a los Premios Oscar.<\/strong><\/p>\n\n\n\n<p>Destino: <strong>Tenerife Sur<\/strong><\/p>\n\n\n\n<p>Fecha: <strong>3 de junio<\/strong><\/p>\n\n\n\n<p>Horario: 21:00 horas<\/p>\n\n\n\n<p>Lugar: Campo de Golf Costa Adeje<\/p>\n\n\n\n<div style=\"height:100px\" aria-hidden=\"true\" class=\"wp-block-spacer\"><\/div>\n\n\n\n<p>Destino: <strong>Gran Canaria<\/strong><\/p>\n\n\n\n<p>Fecha: <strong>4 de junio<\/strong><\/p>\n\n\n\n<p>Horario: 21:00 horas<\/p>\n\n\n\n<p>Lugar: Plaza de la M\u00fasica (Las Palmas de Gran Canaria)<\/p>\n\n\n\n<div class=\"wp-block-buttons is-content-justification-center is-layout-flex wp-container-core-buttons-is-layout-1 wp-block-buttons-is-layout-flex\">\n<div class=\"wp-block-button\"><a class=\"wp-block-button__link wp-element-button\" href=\"https:\/\/bit.ly\/3ATyqwb\">\u00a1M\u00edtico!<\/a><\/div>\n<\/div>\n\n\n\n<div style=\"height:100px\" aria-hidden=\"true\" class=\"wp-block-spacer\"><\/div>\n\n\n\n<h2 class=\"has-text-align-center wp-block-heading\"><strong>Boombastic<\/strong><\/h2>\n\n\n<div class=\"wp-block-image\">\n<figure class=\"aligncenter size-full is-resized\"><img decoding=\"async\" src=\"https:\/\/www.canariasviaja.com\/viajaresvivir\/wp-content\/uploads\/2023\/05\/Boombastic.jpg\" alt=\"\" class=\"wp-image-10429\" width=\"400\" srcset=\"https:\/\/www.canariasviaja.com\/viajaresvivir\/wp-content\/uploads\/2023\/05\/Boombastic.jpg 840w, https:\/\/www.canariasviaja.com\/viajaresvivir\/wp-content\/uploads\/2023\/05\/Boombastic-212x300.jpg 212w, https:\/\/www.canariasviaja.com\/viajaresvivir\/wp-content\/uploads\/2023\/05\/Boombastic-768x1089.jpg 768w, https:\/\/www.canariasviaja.com\/viajaresvivir\/wp-content\/uploads\/2023\/05\/Boombastic-762x1080.jpg 762w\" sizes=\"(max-width: 840px) 100vw, 840px\" \/><\/figure><\/div>\n\n\n<p><strong>\u00a1No es solo un festival, es una experiencia!<\/strong><\/p>\n\n\n\n<p>A pesar de que la m\u00fasica es el eje central de Boombastic, el festival se dise\u00f1\u00f3 como una experiencia m\u00e1s que como un evento musical. La experiencia de vivir Boombastic: casarte en la Wedding Chapel, ver un concierto desde una noria, comer en sus Food Trucks y, por supuesto, disfrutar de los conciertos.<\/p>\n\n\n\n<p>Artistas confirmados:<strong> Bizarrap. Duki, Mora, Bad Gyal,<\/strong> Eladio Carri\u00f3n,  Tokischa, Don Patricio&#8230;. y muchos m\u00e1s.<\/p>\n\n\n\n<p>Destino: <strong>Gran Canaria<\/strong><\/p>\n\n\n\n<p>Fechas:<strong> 23 y 24 de junio<\/strong><\/p>\n\n\n\n<p>Lugar: Anexo Estadio Gran Canaria<\/p>\n\n\n\n<div class=\"wp-block-buttons is-content-justification-center is-layout-flex wp-container-core-buttons-is-layout-2 wp-block-buttons-is-layout-flex\">\n<div class=\"wp-block-button\"><a class=\"wp-block-button__link wp-element-button\" href=\"https:\/\/bit.ly\/3ATyqwb\">\u00a1No me lo pierdo!<\/a><\/div>\n<\/div>\n\n\n\n<div style=\"height:100px\" aria-hidden=\"true\" class=\"wp-block-spacer\"><\/div>\n\n\n\n<h2 class=\"has-text-align-center wp-block-heading\"><strong>Concierto Camela<\/strong><\/h2>\n\n\n<div class=\"wp-block-image\">\n<figure class=\"aligncenter size-full\"><img loading=\"lazy\" decoding=\"async\" width=\"350\" height=\"245\" src=\"https:\/\/www.canariasviaja.com\/viajaresvivir\/wp-content\/uploads\/2023\/05\/467481-entradas-camela-en-tenerifee-g3bh.jpeg.webp\" alt=\"\" class=\"wp-image-10456\" srcset=\"https:\/\/www.canariasviaja.com\/viajaresvivir\/wp-content\/uploads\/2023\/05\/467481-entradas-camela-en-tenerifee-g3bh.jpeg.webp 350w, https:\/\/www.canariasviaja.com\/viajaresvivir\/wp-content\/uploads\/2023\/05\/467481-entradas-camela-en-tenerifee-g3bh.jpeg-300x210.webp 300w\" sizes=\"(max-width: 350px) 100vw, 350px\" \/><figcaption class=\"wp-element-caption\">Foto: Tomaticket<\/figcaption><\/figure><\/div>\n\n\n<p><strong>Camela<\/strong>, el grupo madrile\u00f1o que acu\u00f1\u00f3 el g\u00e9nero de la<strong> tecno rumba <\/strong>celebra una nueva juventud con disco y gira tras 25 a\u00f1os de carrera<\/p>\n\n\n\n<p>Artistas confirmados: <strong>Camela, Ni un pelo de tonto<\/strong><\/p>\n\n\n\n<p>Destino: <strong>Tenerife<\/strong><\/p>\n\n\n\n<p>Fechas:<strong> 30 de junio<\/strong><\/p>\n\n\n\n<p>Lugar: <strong>Palmetum<\/strong> (Santa Cruz de Tenerife)<\/p>\n\n\n\n<p>Hora: 20.00 horas<\/p>\n\n\n\n<div class=\"wp-block-buttons is-layout-flex wp-block-buttons-is-layout-flex\">\n<div class=\"wp-block-button aligncenter\"><a class=\"wp-block-button__link wp-element-button\" href=\"https:\/\/bit.ly\/3ATyqwb\">\u00a1Un cl\u00e1sico!<\/a><\/div>\n<\/div>\n\n\n\n<div style=\"height:100px\" aria-hidden=\"true\" class=\"wp-block-spacer\"><\/div>\n\n\n\n<h3 class=\"wp-block-heading\">Julio<\/h3>\n\n\n\n<h2 class=\"has-text-align-center wp-block-heading\">Concierto Alejandro Fern\u00e1ndez<\/h2>\n\n\n<div class=\"wp-block-image\">\n<figure class=\"aligncenter size-full\"><img loading=\"lazy\" decoding=\"async\" width=\"1500\" height=\"1000\" src=\"https:\/\/www.canariasviaja.com\/viajaresvivir\/wp-content\/uploads\/2023\/05\/79650-alejandrofernandez.jpg.webp\" alt=\"\" class=\"wp-image-10454\" srcset=\"https:\/\/www.canariasviaja.com\/viajaresvivir\/wp-content\/uploads\/2023\/05\/79650-alejandrofernandez.jpg.webp 1500w, https:\/\/www.canariasviaja.com\/viajaresvivir\/wp-content\/uploads\/2023\/05\/79650-alejandrofernandez.jpg-300x200.webp 300w, https:\/\/www.canariasviaja.com\/viajaresvivir\/wp-content\/uploads\/2023\/05\/79650-alejandrofernandez.jpg-768x512.webp 768w, https:\/\/www.canariasviaja.com\/viajaresvivir\/wp-content\/uploads\/2023\/05\/79650-alejandrofernandez.jpg-1200x800.webp 1200w\" sizes=\"(max-width: 1500px) 100vw, 1500px\" \/><figcaption class=\"wp-element-caption\">Foto: Tomaticket<\/figcaption><\/figure><\/div>\n\n\n<p>Amor y patria&#8230;<\/p>\n\n\n\n<p>Regresa a Espa\u00f1a el mayor exponente de la<strong> m\u00fasica mexicana<\/strong> del mundo, Alejandro Fern\u00e1ndez. El artista presentar\u00e1 su<strong> gira \u00abAmor y patria\u00bb <\/strong>y todos sus \u00e9xitos en Santa Cruz de Tenerife. Celebra junto a El Potrillo el amor que tiene por la m\u00fasica, su familia y su patria.<\/p>\n\n\n\n<p>Destino:<strong> Tenerife<\/strong> (Norte)<\/p>\n\n\n\n<p>Fechas: <strong>7 de julio<\/strong><\/p>\n\n\n\n<p>Horario: 22:00 horas<\/p>\n\n\n\n<p>Lugar: Recinto Portuario de <strong>Santa Cruz de Tenerife<\/strong><\/p>\n\n\n\n<div class=\"wp-block-buttons is-content-justification-center is-layout-flex wp-container-core-buttons-is-layout-4 wp-block-buttons-is-layout-flex\">\n<div class=\"wp-block-button\"><a class=\"wp-block-button__link wp-element-button\" href=\"https:\/\/bit.ly\/3ATyqwb\">\u00a1\u00c1ndale!<\/a><\/div>\n<\/div>\n\n\n\n<div style=\"height:100px\" aria-hidden=\"true\" class=\"wp-block-spacer\"><\/div>\n\n\n\n<h2 class=\"has-text-align-center wp-block-heading\"><strong>GranCa Live Fest<\/strong><\/h2>\n\n\n<div class=\"wp-block-image\">\n<figure class=\"aligncenter size-full is-resized\"><img decoding=\"async\" src=\"https:\/\/www.canariasviaja.com\/viajaresvivir\/wp-content\/uploads\/2023\/05\/redes-interrogante.jpg\" alt=\"\" class=\"wp-image-10430\" width=\"400\" srcset=\"https:\/\/www.canariasviaja.com\/viajaresvivir\/wp-content\/uploads\/2023\/05\/redes-interrogante.jpg 1080w, https:\/\/www.canariasviaja.com\/viajaresvivir\/wp-content\/uploads\/2023\/05\/redes-interrogante-240x300.jpg 240w, https:\/\/www.canariasviaja.com\/viajaresvivir\/wp-content\/uploads\/2023\/05\/redes-interrogante-768x960.jpg 768w, https:\/\/www.canariasviaja.com\/viajaresvivir\/wp-content\/uploads\/2023\/05\/redes-interrogante-864x1080.jpg 864w\" sizes=\"(max-width: 1080px) 100vw, 1080px\" \/><\/figure><\/div>\n\n\n<p>Vuelve el GRANCA Live Fest &#8230;<\/p>\n\n\n\n<p>Tras el absoluto \u00e9xito del 2022, con 30.000 asistentes que disfrutaron de una experiencia inolvidable en el Estadio de Gran Canaria, vuelve en 2023 el 7 y 8 de julio, como clara propuesta de instaurar en esta semana del a\u00f1o el festival de dos d\u00edas donde los asistentes siempre podr\u00e1n contar con la mejor m\u00fasica en vivo y una experiencia redonda de<strong> ocio, gastronom\u00eda y diversi\u00f3n.<\/strong><\/p>\n\n\n\n<p>\u00a1As\u00ed que ya puedes ir reservando el viernes 7 y el s\u00e1bado 8 para tu nuevo cita con el Granca Live Fest!<\/p>\n\n\n\n<p>Artistas confirmados: 7 de julio: <strong>Rosal\u00eda, Sebasti\u00e1n Yatra<\/strong>, Fuel Fandango, Lali&#8230;; 8 de julio: <strong>Maluma, Manuel Carrasco, Morat, <\/strong>Tini, Lola \u00cdndigo,Kani Garc\u00eda&#8230;<\/p>\n\n\n\n<p>Destino:<strong> Gran Canaria<\/strong><\/p>\n\n\n\n<p>Fechas: <strong>6 y 7 de julio<\/strong><\/p>\n\n\n\n<p>Horario: 6 de julio: 15 horas; 7 de julio: 14 horas<\/p>\n\n\n\n<p>Lugar: Estadio de Gran Canaria (Las Palmas de Gran Canaria)<\/p>\n\n\n\n<div class=\"wp-block-buttons is-content-justification-center is-layout-flex wp-container-core-buttons-is-layout-5 wp-block-buttons-is-layout-flex\">\n<div class=\"wp-block-button\"><a class=\"wp-block-button__link wp-element-button\" href=\"https:\/\/bit.ly\/3ATyqwb\">\u00a1Ah\u00ed estar\u00e9!<\/a><\/div>\n<\/div>\n\n\n\n<div style=\"height:100px\" aria-hidden=\"true\" class=\"wp-block-spacer\"><\/div>\n\n\n\n<h2 class=\"has-text-align-center wp-block-heading\"><strong>Love Festival<\/strong><\/h2>\n\n\n<div class=\"wp-block-image\">\n<figure class=\"aligncenter size-full is-resized\"><img decoding=\"async\" src=\"https:\/\/www.canariasviaja.com\/viajaresvivir\/wp-content\/uploads\/2023\/05\/juan-luis-editable-copia.jpg\" alt=\"\" class=\"wp-image-10431\" width=\"400\" srcset=\"https:\/\/www.canariasviaja.com\/viajaresvivir\/wp-content\/uploads\/2023\/05\/juan-luis-editable-copia.jpg 630w, https:\/\/www.canariasviaja.com\/viajaresvivir\/wp-content\/uploads\/2023\/05\/juan-luis-editable-copia-210x300.jpg 210w\" sizes=\"(max-width: 630px) 100vw, 630px\" \/><\/figure><\/div>\n\n\n<p>Juan Luis Guerra, uno de los artistas internacionales con m\u00e1s reconocimiento mundial, abre el imponente cartel del Isla Bonita Love Festival 2023, previsto para el 8 de julio, en una super edici\u00f3n que la empresa p\u00fablica Sodepal (Cabildo de La Palma) ha preparado para este a\u00f1o.<\/p>\n\n\n\n<p>Artistas confirmados: <strong>Juan Luis Guerra y los 4.40 y Quevedo<\/strong><\/p>\n\n\n\n<p>Destino: <strong>La Palma<\/strong><\/p>\n\n\n\n<p>Fechas: <strong>8 de julio<\/strong><\/p>\n\n\n\n<p>Lugar: Puerto de Tazacorte<\/p>\n\n\n\n<div class=\"wp-block-buttons is-content-justification-center is-layout-flex wp-container-core-buttons-is-layout-6 wp-block-buttons-is-layout-flex\">\n<div class=\"wp-block-button\"><a class=\"wp-block-button__link wp-element-button\" href=\"https:\/\/bit.ly\/3ATyqwb\">\u00a1Flechazo!<\/a><\/div>\n<\/div>\n\n\n\n<div style=\"height:100px\" aria-hidden=\"true\" class=\"wp-block-spacer\"><\/div>\n\n\n\n<h2 class=\"has-text-align-center wp-block-heading\"><strong>Cook Music Fest<\/strong><\/h2>\n\n\n<div class=\"wp-block-image\">\n<figure class=\"aligncenter size-full is-resized\"><img decoding=\"async\" src=\"https:\/\/www.canariasviaja.com\/viajaresvivir\/wp-content\/uploads\/2023\/05\/Cook-fstival.jpg\" alt=\"\" class=\"wp-image-10438\" width=\"400\" srcset=\"https:\/\/www.canariasviaja.com\/viajaresvivir\/wp-content\/uploads\/2023\/05\/Cook-fstival.jpg 595w, https:\/\/www.canariasviaja.com\/viajaresvivir\/wp-content\/uploads\/2023\/05\/Cook-fstival-300x283.jpg 300w\" sizes=\"(max-width: 595px) 100vw, 595px\" \/><\/figure><\/div>\n\n\n<p>Vuelve a Tenerife el&nbsp;<strong>Cook Music Fest 2023.<\/strong><\/p>\n\n\n\n<p>El&nbsp;Cook Music Fest&nbsp;es un festival de<strong> m\u00fasica, espect\u00e1culos y gastronom\u00eda<\/strong> que se realiza durante el mes de Julio en Puerto de La Cruz, Tenerife.<\/p>\n\n\n\n<p>Su apuesta por la difusi\u00f3n de la cultura y el ocio lo han convertido en sus ediciones anteriores en un evento hist\u00f3rico.&nbsp;<\/p>\n\n\n\n<p>Reconocidos artistas del mundo de la m\u00fasica y el humor, espect\u00e1culos infantiles y una zona gastron\u00f3mica a la altura de los m\u00e1s exigentes han hecho del&nbsp;Cook Music Fest&nbsp;un evento \u00fanico en Canarias.&nbsp;<\/p>\n\n\n\n<p>Artistas confirmados: 15 de julio: <strong>Prince Royce<\/strong>, Emilia y Ledes D\u00edaz; 21 de julio: <strong>Mar\u00eda Becerra, Omar Montes y Ana Mena<\/strong>; 22 de julio: <strong>Ruben Blades,&nbsp;Olga Ta\u00f1\u00f3n<\/strong>,&nbsp;Joseph Fonseca,&nbsp;TonnyTun Tun y Renzzo el selector)<\/p>\n\n\n\n<p>Destino: <strong>Tenerife (Norte<\/strong>)<\/p>\n\n\n\n<p>Fechas: <strong>Varias fechas (<\/strong>15, 21 y 22 de julio)<\/p>\n\n\n\n<p>Lugar: Explanada del Muelle Pesquero (<strong>Puerto de la Cruz<\/strong>)<\/p>\n\n\n\n<div class=\"wp-block-buttons is-content-justification-center is-layout-flex wp-container-core-buttons-is-layout-7 wp-block-buttons-is-layout-flex\">\n<div class=\"wp-block-button\"><a class=\"wp-block-button__link wp-element-button\" href=\"https:\/\/bit.ly\/3ATyqwb\">\u00a1Qu\u00e9 ganas!<\/a><\/div>\n<\/div>\n\n\n\n<div style=\"height:100px\" aria-hidden=\"true\" class=\"wp-block-spacer\"><\/div>\n\n\n\n<h2 class=\"has-text-align-center wp-block-heading\">Concierto Miguel Poveda<\/h2>\n\n\n\n<p><strong>Miguel Poveda<\/strong>, considerado como <strong>una de las voces m\u00e1s personales del flamenco<\/strong>,\u00a0destaca por su carisma, compromiso y la pasi\u00f3n que vuelca y transmite en los escenarios, convirtiendo sus conciertos en una experiencia \u00fanica.<\/p>\n\n\n\n<p>Poveda actuar\u00e1 en Gran Canaria y Fuerteventura, en un concierto en el que repasar\u00e1 algunas de sus canciones m\u00e1s representativas y nos presentar\u00e1 su \u00faltimo\u00a0trabajo discogr\u00e1fico <strong>&#8216;Diverso&#8217; <\/strong>en\u00a0el que el artista ha experimentado un recorrido cat\u00e1rtico por las diferentes m\u00fasicas que han nutrido su carrera, con el Flamenco como eje central y, acudiendo a otros lugares como la canci\u00f3n andaluza o la canci\u00f3n popular mexicana. Tambi\u00e9n cabe destacar que el artista se ha decantado por la belleza del planeta como s\u00edmbolo de su disco, invitando a reflexionar sobre su cuidado e intentando concienciar a las nuevas generaciones.<\/p>\n\n\n\n<p>Destino: <strong>Gran Canaria<\/strong><\/p>\n\n\n\n<p>Fechas: 15 de julio<\/p>\n\n\n\n<p>Lugar: <strong>Auditorio Alfredo Kraus <\/strong>(Las Palmas de Gran Canaria)<\/p>\n\n\n\n<div style=\"height:100px\" aria-hidden=\"true\" class=\"wp-block-spacer\"><\/div>\n\n\n\n<p>Destino: <strong>Fuerteventura<\/strong><\/p>\n\n\n\n<p>Fechas: 16 de julio<\/p>\n\n\n\n<p>Lugar: Palacio de Formaci\u00f3n y Congresos (<strong>Puerto del Rosario<\/strong>)<\/p>\n\n\n\n<div style=\"height:100px\" aria-hidden=\"true\" class=\"wp-block-spacer\"><\/div>\n\n\n\n<h2 class=\"has-text-align-center wp-block-heading\"><strong>ResisTime Live Fest<\/strong><\/h2>\n\n\n<div class=\"wp-block-image\">\n<figure class=\"aligncenter size-full is-resized\"><img decoding=\"async\" src=\"https:\/\/www.canariasviaja.com\/viajaresvivir\/wp-content\/uploads\/2023\/05\/Cartel-ResisTIME-2023.png\" alt=\"\" class=\"wp-image-10432\" width=\"400\" srcset=\"https:\/\/www.canariasviaja.com\/viajaresvivir\/wp-content\/uploads\/2023\/05\/Cartel-ResisTIME-2023.png 1080w, https:\/\/www.canariasviaja.com\/viajaresvivir\/wp-content\/uploads\/2023\/05\/Cartel-ResisTIME-2023-300x300.png 300w, https:\/\/www.canariasviaja.com\/viajaresvivir\/wp-content\/uploads\/2023\/05\/Cartel-ResisTIME-2023-150x150.png 150w, https:\/\/www.canariasviaja.com\/viajaresvivir\/wp-content\/uploads\/2023\/05\/Cartel-ResisTIME-2023-768x768.png 768w\" sizes=\"(max-width: 1080px) 100vw, 1080px\" \/><\/figure><\/div>\n\n\n<p>La segunda edici\u00f3n del ResisTIME Live Fest, en el municipio de El Paso, se prev\u00e9 m\u00e1s potente a\u00fan que la exitosa primera incursi\u00f3n del festival en el pasado a\u00f1o.&nbsp;&nbsp;El ResisTIME en su edici\u00f3n 2023 se celebrar\u00e1 el fin de semana del 22 de julio en El Paso.<\/p>\n\n\n\n<p>&nbsp;Desde la organizaci\u00f3n del ResisTIME Live Fest se anticipa que el cartel de artistas de genero urbano (reggaet\u00f3n, trap, hip hop, R&amp;B, etc\u2026), que acompa\u00f1ar\u00e1n a Manuel Turizo en este evento, se dar\u00e1n a conocer a lo largo de los pr\u00f3ximos d\u00edas, con alguna sorpresa que deleitar\u00e1 al p\u00fablico m\u00e1s juvenil.<\/p>\n\n\n\n<p>Artistas confirmados: <strong>Manuel Turizo<\/strong>, Justin Quiles,  Noriel, Saiko,  Jusep&#8230;<\/p>\n\n\n\n<p>Destino: <strong>La Palma<\/strong><\/p>\n\n\n\n<p>Fechas: 22 de julio<\/p>\n\n\n\n<p>Lugar: Campo de F\u00fatbol de <strong>El Paso<\/strong><\/p>\n\n\n\n<div class=\"wp-block-buttons is-content-justification-center is-layout-flex wp-container-core-buttons-is-layout-8 wp-block-buttons-is-layout-flex\">\n<div class=\"wp-block-button\"><a class=\"wp-block-button__link wp-element-button\" href=\"https:\/\/bit.ly\/3ATyqwb\">\u00a1No me resisto!<\/a><\/div>\n<\/div>\n\n\n\n<div style=\"height:100px\" aria-hidden=\"true\" class=\"wp-block-spacer\"><\/div>\n\n\n\n<div style=\"height:0px\" aria-hidden=\"true\" class=\"wp-block-spacer\"><\/div>\n\n\n\n<h2 class=\"has-text-align-center wp-block-heading\"><strong>Concierto de Carlos Rivera<\/strong><\/h2>\n\n\n<div class=\"wp-block-image\">\n<figure class=\"aligncenter size-full is-resized\"><img decoding=\"async\" src=\"https:\/\/www.canariasviaja.com\/viajaresvivir\/wp-content\/uploads\/2023\/05\/Pagina-53-Cartel-de-los-conciertos-724x1024-1.jpg\" alt=\"\" class=\"wp-image-10433\" width=\"400\" srcset=\"https:\/\/www.canariasviaja.com\/viajaresvivir\/wp-content\/uploads\/2023\/05\/Pagina-53-Cartel-de-los-conciertos-724x1024-1.jpg 724w, https:\/\/www.canariasviaja.com\/viajaresvivir\/wp-content\/uploads\/2023\/05\/Pagina-53-Cartel-de-los-conciertos-724x1024-1-212x300.jpg 212w\" sizes=\"(max-width: 724px) 100vw, 724px\" \/><\/figure><\/div>\n\n\n<p>Carlos Rivera regresa a Espa\u00f1a con su<strong> nueva gira UN TOUR A TODAS PARTES.<\/strong><\/p>\n\n\n\n<p>La gran energ\u00eda del \u00eddolo mexicano, su voz y \u00e9xitos como: \u201cQue lo nuestro se quede nuestro\u201d, \u201c\u00bfC\u00f3mo pagarte?, \u201cMe muero\u201d, \u201cRegr\u00e9same mi coraz\u00f3n\u201d y \u201cDigan lo que digan\u201d son algunos de los componentes de este nuevo tour lleno de emociones, sorpresas. Este 2023, Carlos Rivera llevar\u00e1 su concierto a todas partes y nadie puede quedarse fuera.<\/p>\n\n\n\n<p>Destino: <strong>Gran Canaria<\/strong><\/p>\n\n\n\n<p>Fechas: 28 de julio<\/p>\n\n\n\n<p>Hora: 21 horas<\/p>\n\n\n\n<p>Lugar:  <strong>Gran Canaria Arena<\/strong> (Las Palmas de Gran Canaria)<\/p>\n\n\n\n<div class=\"wp-block-buttons is-content-justification-center is-layout-flex wp-container-core-buttons-is-layout-9 wp-block-buttons-is-layout-flex\">\n<div class=\"wp-block-button\"><a class=\"wp-block-button__link wp-element-button\" href=\"https:\/\/bit.ly\/3ATyqwb\">\u00a1No me lo pierdo!<\/a><\/div>\n<\/div>\n\n\n\n<div style=\"height:100px\" aria-hidden=\"true\" class=\"wp-block-spacer\"><\/div>\n\n\n\n<h2 class=\"has-text-align-center wp-block-heading\">Romeo Santos<\/h2>\n\n\n<div class=\"wp-block-image\">\n<figure class=\"aligncenter size-full\"><img loading=\"lazy\" decoding=\"async\" width=\"350\" height=\"245\" src=\"https:\/\/www.canariasviaja.com\/viajaresvivir\/wp-content\/uploads\/2023\/05\/479600-entradas-romeo-santos-en-gran-canaria-9skn.jpeg.webp\" alt=\"\" class=\"wp-image-10451\" srcset=\"https:\/\/www.canariasviaja.com\/viajaresvivir\/wp-content\/uploads\/2023\/05\/479600-entradas-romeo-santos-en-gran-canaria-9skn.jpeg.webp 350w, https:\/\/www.canariasviaja.com\/viajaresvivir\/wp-content\/uploads\/2023\/05\/479600-entradas-romeo-santos-en-gran-canaria-9skn.jpeg-300x210.webp 300w\" sizes=\"(max-width: 350px) 100vw, 350px\" \/><figcaption class=\"wp-element-caption\">Foto: Tomaticket<\/figcaption><\/figure><\/div>\n\n\n<p>Destino: <strong>Gran Canaria<\/strong><\/p>\n\n\n\n<p>Fechas: 29 de julio<\/p>\n\n\n\n<p>Hora: 22 horas<\/p>\n\n\n\n<p>Lugar:  <strong>Anexo Estadio Gran Canaria <\/strong>(Las Palmas de Gran Canaria)<\/p>\n\n\n\n<div style=\"height:100px\" aria-hidden=\"true\" class=\"wp-block-spacer\"><\/div>\n\n\n\n<h3 class=\"wp-block-heading\">Agosto<\/h3>\n\n\n\n<h2 class=\"has-text-align-center wp-block-heading\"><strong>Festival FiestoR\u00f3n<\/strong><\/h2>\n\n\n<div class=\"wp-block-image\">\n<figure class=\"aligncenter size-full\"><img loading=\"lazy\" decoding=\"async\" width=\"667\" height=\"500\" src=\"https:\/\/www.canariasviaja.com\/viajaresvivir\/wp-content\/uploads\/2023\/05\/IMAGEN-CANARIASVIAJA-667x500-1.jpg\" alt=\"\" class=\"wp-image-10434\" srcset=\"https:\/\/www.canariasviaja.com\/viajaresvivir\/wp-content\/uploads\/2023\/05\/IMAGEN-CANARIASVIAJA-667x500-1.jpg 667w, https:\/\/www.canariasviaja.com\/viajaresvivir\/wp-content\/uploads\/2023\/05\/IMAGEN-CANARIASVIAJA-667x500-1-300x225.jpg 300w\" sizes=\"(max-width: 667px) 100vw, 667px\" \/><\/figure><\/div>\n\n\n<p>\u00a1Festival FiestoRon!<\/p>\n\n\n\n<p>En Gran Canaria, en la Ciudad de Arucas, en una fecha pr\u00f3xima al aniversario de nuestra emblem\u00e1tica e hist\u00f3rica Fabrica de Ron AREHUCAS, celebramos el FIESTORON.<\/p>\n\n\n\n<p>\u00danico Festival de Pop\/Rock de Canarias, con m\u00e1s de 20 horas de conciertos, de dos d\u00edas de duraci\u00f3n, que acoge algunas de las mejores bandas del Archipi\u00e9lago, junto a los grupos m\u00e1s importantes del panorama nacional, todo esto en un marco inconfundible, en un ambiente sorprendente, que hacen de este evento, uno de los m\u00e1s esperados del a\u00f1o.<\/p>\n\n\n\n<p>Artistas confirmados: 11 de agosto: <strong>Ska-P, Mago de Oz, Minor\u00eda Absoluta<\/strong>; 12 de agosto: <strong>Melendi, Coti, Mel\u00f3n Diesel, Cinco estaciones&#8230;<\/strong><\/p>\n\n\n\n<p>Destino: <strong>Gran Canaria<\/strong><\/p>\n\n\n\n<p>Fechas: 11 y 12 de agosto<\/p>\n\n\n\n<p>Hora: 18 horas<\/p>\n\n\n\n<p>Lugar:  <strong>Recinto Ferial de Arucas<\/strong><\/p>\n\n\n\n<p>Nota: Prohibida la entrada a menos de 18 a\u00f1os.<\/p>\n\n\n\n<div class=\"wp-block-buttons is-content-justification-center is-layout-flex wp-container-core-buttons-is-layout-10 wp-block-buttons-is-layout-flex\">\n<div class=\"wp-block-button\"><a class=\"wp-block-button__link wp-element-button\" href=\"https:\/\/bit.ly\/3ATyqwb\">\u00a1A darlo todo!<\/a><\/div>\n<\/div>\n\n\n\n<div style=\"height:100px\" aria-hidden=\"true\" class=\"wp-block-spacer\"><\/div>\n\n\n\n<h2 class=\"has-text-align-center wp-block-heading\"><strong>Mujeres World Fest<\/strong><\/h2>\n\n\n<div class=\"wp-block-image\">\n<figure class=\"aligncenter size-full is-resized\"><img decoding=\"async\" src=\"https:\/\/www.canariasviaja.com\/viajaresvivir\/wp-content\/uploads\/2023\/05\/Mujeres-World-Fest-2023-Cartel-general-A3.jpg\" alt=\"\" class=\"wp-image-10435\" width=\"400\" srcset=\"https:\/\/www.canariasviaja.com\/viajaresvivir\/wp-content\/uploads\/2023\/05\/Mujeres-World-Fest-2023-Cartel-general-A3.jpg 842w, https:\/\/www.canariasviaja.com\/viajaresvivir\/wp-content\/uploads\/2023\/05\/Mujeres-World-Fest-2023-Cartel-general-A3-212x300.jpg 212w, https:\/\/www.canariasviaja.com\/viajaresvivir\/wp-content\/uploads\/2023\/05\/Mujeres-World-Fest-2023-Cartel-general-A3-768x1086.jpg 768w, https:\/\/www.canariasviaja.com\/viajaresvivir\/wp-content\/uploads\/2023\/05\/Mujeres-World-Fest-2023-Cartel-general-A3-764x1080.jpg 764w\" sizes=\"(max-width: 842px) 100vw, 842px\" \/><\/figure><\/div>\n\n\n<p><strong>Luz Casal y Lila Downs <\/strong>se suman al cartel de Mujeres World Fest 2023 que se celebrar\u00e1 el pr\u00f3ximo s\u00e1bado 26 de agosto en el Campo de Golf de Costa Adeje. Un festival de visibilidad femenina que permite vivir una experiencia \u00fanica con un concepto innovador y \u00fanico en Espa\u00f1a en el que tambi\u00e9n participar\u00e1n las artistas <strong>India Mart\u00ednez, Pastora Soler y Renzzo el Selector.<\/strong><\/p>\n\n\n\n<p>Luz Casal llegar\u00e1 a Mujeres World Fest tras haber presentado recientemente su \u00faltimo trabajo \u2018Las ventanas de mi alma\u2019 que ha tenido una gran aceptaci\u00f3n entre el p\u00fablico y la cr\u00edtica, y tras el que har\u00e1 una gira por toda Espa\u00f1a tras m\u00e1s de un lustro . Por su parte, la artista mejicana Lila Downs ofrecer\u00e1 en Mujeres World Fest un espect\u00e1culo \u00fanico de una artista con estilo propio y que ser\u00e1 la representaci\u00f3n internacional del festival.&nbsp; La segunda edici\u00f3n se celebrar\u00e1 desde las 15:00 a las 00:00 horas en un marco incomparable que incluir\u00e1 diferentes zonas de descanso, un Ecomarket con productos sostenibles y diferentes zonas gastron\u00f3micas.<\/p>\n\n\n\n<p>Destino: <strong>Tenerife<\/strong> (sur)<\/p>\n\n\n\n<p>Fechas: <strong>26 de agosto<\/strong><\/p>\n\n\n\n<p>Hora: De 15:00 a 00:00 horas<\/p>\n\n\n\n<p>Lugar<strong>:  Golf Costa Adeje<\/strong><\/p>\n\n\n\n<p>Nota: Menores de 18 a\u00f1os han de ir acompa\u00f1ados de sus progenitores o tutor legal.<\/p>\n\n\n\n<div class=\"wp-block-buttons is-content-justification-center is-layout-flex wp-container-core-buttons-is-layout-11 wp-block-buttons-is-layout-flex\">\n<div class=\"wp-block-button\"><a class=\"wp-block-button__link wp-element-button\" href=\"https:\/\/bit.ly\/3ATyqwb\">\u00a1Imperdible!<\/a><\/div>\n<\/div>\n\n\n\n<div style=\"height:100px\" aria-hidden=\"true\" class=\"wp-block-spacer\"><\/div>\n\n\n\n<h3 class=\"wp-block-heading\">Septiembre<\/h3>\n\n\n\n<h2 class=\"has-text-align-center wp-block-heading\"><strong>Concierto Rauw Alejandro<\/strong><\/h2>\n\n\n<div class=\"wp-block-image\">\n<figure class=\"aligncenter size-full\"><img loading=\"lazy\" decoding=\"async\" width=\"350\" height=\"245\" src=\"https:\/\/www.canariasviaja.com\/viajaresvivir\/wp-content\/uploads\/2023\/05\/200516-entradas-rauw-alejandro-tenerife-ekaz.jpeg.webp\" alt=\"\" class=\"wp-image-10459\" srcset=\"https:\/\/www.canariasviaja.com\/viajaresvivir\/wp-content\/uploads\/2023\/05\/200516-entradas-rauw-alejandro-tenerife-ekaz.jpeg.webp 350w, https:\/\/www.canariasviaja.com\/viajaresvivir\/wp-content\/uploads\/2023\/05\/200516-entradas-rauw-alejandro-tenerife-ekaz.jpeg-300x210.webp 300w\" sizes=\"(max-width: 350px) 100vw, 350px\" \/><\/figure><\/div>\n\n\n<p>Rauw Alejandro trae a Tenerife la gira m\u00e1s esperada del a\u00f1o: <strong>Saturno World Tour.<\/strong><\/p>\n\n\n\n<p>Destino: <strong>Tenerife (Sur)<\/strong><\/p>\n\n\n\n<p>Fecha: 16 de septiembre<\/p>\n\n\n\n<p>Lugar: Campo de Golf <strong>Costa Adeje<\/strong><\/p>\n\n\n\n<div style=\"height:100px\" aria-hidden=\"true\" class=\"wp-block-spacer\"><\/div>\n\n\n\n<h2 class=\"has-text-align-center wp-block-heading\">Concierto de Manuel Carrasco<\/h2>\n\n\n<div class=\"wp-block-image\">\n<figure class=\"aligncenter size-full\"><img loading=\"lazy\" decoding=\"async\" width=\"350\" height=\"245\" src=\"https:\/\/www.canariasviaja.com\/viajaresvivir\/wp-content\/uploads\/2023\/05\/4487-entradas-manuel-carrasco-tenerife-18eq.jpeg.webp\" alt=\"\" class=\"wp-image-10463\" srcset=\"https:\/\/www.canariasviaja.com\/viajaresvivir\/wp-content\/uploads\/2023\/05\/4487-entradas-manuel-carrasco-tenerife-18eq.jpeg.webp 350w, https:\/\/www.canariasviaja.com\/viajaresvivir\/wp-content\/uploads\/2023\/05\/4487-entradas-manuel-carrasco-tenerife-18eq.jpeg-300x210.webp 300w\" sizes=\"(max-width: 350px) 100vw, 350px\" \/><figcaption class=\"wp-element-caption\">Foto: Tomaticket<\/figcaption><\/figure><\/div>\n\n\n<p><strong>Manuel Carrasco<\/strong>, el prodigio de las pantallas y los escenarios&#8230;<\/p>\n\n\n\n<p>Un disco y una gira de ensue\u00f1o bajo el nombre de<strong> Coraz\u00f3n y Flecha.<\/strong><\/p>\n\n\n\n<p>El lanzamiento del&nbsp;disco Coraz\u00f3n y Flecha, el&nbsp;octavo \u00e1lbum&nbsp;de Manuel Carrasco compuesto de&nbsp;11 pistas in\u00e9ditas&nbsp;en las que el mundo y su dualidad se manifiestan con letras y melod\u00edas desgarradoras, ha dado lugar a su&nbsp;gira 2023, \u00a1el esperado tour internacional!<\/p>\n\n\n\n<p>Destino: <strong>Tenerife (Norte)<\/strong><\/p>\n\n\n\n<p>Fecha: <strong>30 de septiembre<\/strong><\/p>\n\n\n\n<p>Lugar: <strong>Recinto Ferial de Santa Cruz de Tenerife<\/strong><\/p>\n\n\n\n<div class=\"wp-block-buttons is-layout-flex wp-block-buttons-is-layout-flex\">\n<div class=\"wp-block-button aligncenter\"><a class=\"wp-block-button__link wp-element-button\" href=\"https:\/\/bit.ly\/3ATyqwb\">\u00a1Quiero disfrutarlo!<\/a><\/div>\n<\/div>\n\n\n\n<div style=\"height:100px\" aria-hidden=\"true\" class=\"wp-block-spacer\"><\/div>\n\n\n\n<h3 class=\"wp-block-heading\">Octubre<\/h3>\n\n\n\n<h2 class=\"has-text-align-center wp-block-heading\"><strong>Pe\u00f1\u00f3n Rock<\/strong><\/h2>\n\n\n\n<figure class=\"wp-block-image aligncenter size-full\"><img loading=\"lazy\" decoding=\"async\" width=\"1920\" height=\"1280\" src=\"http:\/\/www.canariasviaja.com\/viajaresvivir\/wp-content\/uploads\/2023\/05\/luuk-wouters-2rxgWHby5mo-unsplash.jpg\" alt=\"\" class=\"wp-image-10423\" srcset=\"https:\/\/www.canariasviaja.com\/viajaresvivir\/wp-content\/uploads\/2023\/05\/luuk-wouters-2rxgWHby5mo-unsplash.jpg 1920w, https:\/\/www.canariasviaja.com\/viajaresvivir\/wp-content\/uploads\/2023\/05\/luuk-wouters-2rxgWHby5mo-unsplash-300x200.jpg 300w, https:\/\/www.canariasviaja.com\/viajaresvivir\/wp-content\/uploads\/2023\/05\/luuk-wouters-2rxgWHby5mo-unsplash-768x512.jpg 768w, https:\/\/www.canariasviaja.com\/viajaresvivir\/wp-content\/uploads\/2023\/05\/luuk-wouters-2rxgWHby5mo-unsplash-1536x1024.jpg 1536w, https:\/\/www.canariasviaja.com\/viajaresvivir\/wp-content\/uploads\/2023\/05\/luuk-wouters-2rxgWHby5mo-unsplash-1200x800.jpg 1200w, https:\/\/www.canariasviaja.com\/viajaresvivir\/wp-content\/uploads\/2023\/05\/luuk-wouters-2rxgWHby5mo-unsplash-1620x1080.jpg 1620w\" sizes=\"(max-width: 1920px) 100vw, 1920px\" \/><figcaption class=\"wp-element-caption\">Foto de <a href=\"https:\/\/unsplash.com\/@luukski?utm_source=unsplash&amp;utm_medium=referral&amp;utm_content=creditCopyText\">Luuk Wouters<\/a> en <a href=\"https:\/\/unsplash.com\/es\/fotos\/2rxgWHby5mo?utm_source=unsplash&amp;utm_medium=referral&amp;utm_content=creditCopyText\">Unsplash<\/a>\n  <\/figcaption><\/figure>\n\n\n\n<p>Pe\u00f1\u00f3n Rock presenta un gran cartel para la sexta edici\u00f3n del festival <\/p>\n\n\n\n<p>Artistas confirmados: Viernes 13 de octubre: <strong>M\u00f3nica Naranjo,<\/strong> Daisy Dee from Technotronic, Loco M\u00eda, Selena Leo, Dj Frisco &amp; Marcos Pe\u00f3n y Fernandisco<\/p>\n\n\n\n<p>S\u00e1bado 14 de octubre: <strong>Sidecars, M\u00e4go de Oz, <\/strong>Jaime Urrutia, La Guardia, The Hits y El Pulpo<\/p>\n\n\n\n<p>Destino: <strong>Tenerife<\/strong> <strong>(Norte)<\/strong><\/p>\n\n\n\n<p>Fecha: 13 y 14 de octubre&nbsp;<\/p>\n\n\n\n<p>Lugar: Explanada del muelle de <strong>Puerto de La Cruz<\/strong><\/p>\n\n\n\n<div class=\"wp-block-buttons is-content-justification-center is-layout-flex wp-container-core-buttons-is-layout-13 wp-block-buttons-is-layout-flex\">\n<div class=\"wp-block-button\"><a class=\"wp-block-button__link wp-element-button\" href=\"https:\/\/bit.ly\/3ATyqwb\">\u00a1Vamos a bailar!<\/a><\/div>\n<\/div>\n\n\n\n<div style=\"height:100px\" aria-hidden=\"true\" class=\"wp-block-spacer\"><\/div>\n\n\n\n<h3 class=\"wp-block-heading\">Noviembre<\/h3>\n\n\n\n<h2 class=\"wp-block-heading\">Concierto de Marea<\/h2>\n\n\n\n<p><strong>Marea<\/strong>, los titanes navarros del <strong>rock en espa\u00f1ol.<\/strong>..<\/p>\n\n\n\n<p>Con la publicaci\u00f3n de su&nbsp;<strong>nuevo disco, Los Potros del Tiempo<\/strong>, ha llegado un anuncio por parte de Marea que ha dejado el&nbsp;archipi\u00e9lago&nbsp;con un&nbsp;entusiasmo palpable. \u00a1Las ocasiones llegan por dos! Como parte de su&nbsp;gira Sin Riendas 2023,&nbsp;Las Palmas de&nbsp;Gran Canaria&nbsp;y la ciudad de&nbsp;San Crist\u00f3bal de la Laguna, en&nbsp;Tenerife, ser\u00e1n testigos de un concierto de Marea cada una. La primera de estas ubicaciones recibir\u00e1 a los rockeros el&nbsp;3 de noviembre 2023, mientras que Tenerife podr\u00e1 presenciar su m\u00fasica en vivo y en directo al d\u00eda siguiente, el&nbsp;4 de noviembre 2023. Estos dos anuncios han hecho de su gira Sin Riendas una oportunidad doble para cumplir el sue\u00f1o, en dos ubicaciones sensacionales, ni m\u00e1s ni menos.<\/p>\n\n\n\n<p>Destino: <strong>Gran Canaria<\/strong><\/p>\n\n\n\n<p>Fecha: <strong>3 de noviembre<\/strong><\/p>\n\n\n\n<p>Lugar: <strong>Gran Canaria Arena (Las Palmas de Gran Canaria)<\/strong><\/p>\n\n\n\n<div style=\"height:100px\" aria-hidden=\"true\" class=\"wp-block-spacer\"><\/div>\n\n\n\n<p>Destino: <strong>Tenerife<\/strong> <strong>(Norte)<\/strong><\/p>\n\n\n\n<p>Fecha: 4 de noviembre<\/p>\n\n\n\n<p>Lugar: <strong>Pabell\u00f3n de Deportes de Tenerife Santiago Mart\u00edn (San Crist\u00f3bal de la Laguna)<\/strong><\/p>\n\n\n\n<div class=\"wp-block-buttons is-content-justification-center is-layout-flex wp-container-core-buttons-is-layout-14 wp-block-buttons-is-layout-flex\">\n<div class=\"wp-block-button\"><a class=\"wp-block-button__link wp-element-button\" href=\"https:\/\/bit.ly\/3ATyqwb\">\u00a1No me lo pierdo!<\/a><\/div>\n<\/div>\n","protected":false},"excerpt":{"rendered":"<p>Este verano CanariasViaja.com te lleva a los mejores conciertos y festivales que se celebran en Canarias. Rosal\u00eda, Sting, Sebasti\u00e1n Yadra, Maluma, Juan Luis Guerra, Quevedo, Luz Casal, y muchos m\u00e1s&#8230; visitar\u00e1n las islas este verano para hacerte disfrutar sin parar. Te hemos preparado una agenda para que no pierdas ninguna de estas citas imprescindibles y bailes al ritmo de los &hellip;<\/p>\n","protected":false},"author":2,"featured_media":10422,"comment_status":"open","ping_status":"closed","sticky":false,"template":"","format":"standard","meta":{"_acf_changed":false,"sfsi_plus_gutenberg_text_before_share":"","sfsi_plus_gutenberg_show_text_before_share":"","sfsi_plus_gutenberg_icon_type":"","sfsi_plus_gutenberg_icon_alignemt":"","sfsi_plus_gutenburg_max_per_row":"","footnotes":""},"categories":[125,9,574,123,10],"tags":[752,879,678,857,858],"class_list":["post-10416","post","type-post","status-publish","format-standard","has-post-thumbnail","hentry","category-aventurate","category-canarias","category-consejos-viajeros","category-explora","category-historias-viajeras","tag-conciertos","tag-escapadas-culturales","tag-festivales","tag-granca-live-fest","tag-isla-bonita-love-festival"],"acf":[],"yoast_head":"<!-- This site is optimized with the Yoast SEO plugin v24.1 - https:\/\/yoast.com\/wordpress\/plugins\/seo\/ -->\n<title>Festivales y conciertos en Canarias verano\/oto\u00f1o 2023: \u00bfte los vas a perder? - Viajar es vivir<\/title>\n<meta name=\"description\" content=\"Festivales y conciertos en Canarias verano 2023: vive un verano lleno de m\u00fasica al ritmo de los mejores artistas nacionales e internacionales.\" \/>\n<meta name=\"robots\" content=\"index, follow, max-snippet:-1, max-image-preview:large, max-video-preview:-1\" \/>\n<link rel=\"canonical\" href=\"https:\/\/www.canariasviaja.com\/viajaresvivir\/festivales-y-conciertos-en-canarias-verano-2023-te-los-vas-a-perder\/\" \/>\n<meta property=\"og:locale\" content=\"es_ES\" \/>\n<meta property=\"og:type\" content=\"article\" \/>\n<meta property=\"og:title\" content=\"Festivales y conciertos en Canarias verano\/oto\u00f1o 2023: \u00bfte los vas a perder? - Viajar es vivir\" \/>\n<meta property=\"og:description\" content=\"Festivales y conciertos en Canarias verano 2023: vive un verano lleno de m\u00fasica al ritmo de los mejores artistas nacionales e internacionales.\" \/>\n<meta property=\"og:url\" content=\"https:\/\/www.canariasviaja.com\/viajaresvivir\/festivales-y-conciertos-en-canarias-verano-2023-te-los-vas-a-perder\/\" \/>\n<meta property=\"og:site_name\" content=\"Viajar es vivir\" \/>\n<meta property=\"article:published_time\" content=\"2023-05-08T09:57:50+00:00\" \/>\n<meta property=\"article:modified_time\" content=\"2023-05-15T10:40:42+00:00\" \/>\n<meta property=\"og:image\" content=\"http:\/\/www.canariasviaja.com\/viajaresvivir\/wp-content\/uploads\/2023\/05\/maxime-bhm-9ZnGWdsqNZ4-unsplash.jpg\" \/>\n\t<meta property=\"og:image:width\" content=\"1920\" \/>\n\t<meta property=\"og:image:height\" content=\"1075\" \/>\n\t<meta property=\"og:image:type\" content=\"image\/jpeg\" \/>\n<meta name=\"author\" content=\"Patri C\u00e1mpora\" \/>\n<meta name=\"twitter:card\" content=\"summary_large_image\" \/>\n<meta name=\"twitter:label1\" content=\"Escrito por\" \/>\n\t<meta name=\"twitter:data1\" content=\"Patri C\u00e1mpora\" \/>\n\t<meta name=\"twitter:label2\" content=\"Tiempo de lectura\" \/>\n\t<meta name=\"twitter:data2\" content=\"13 minutos\" \/>\n<script type=\"application\/ld+json\" class=\"yoast-schema-graph\">{\"@context\":\"https:\/\/schema.org\",\"@graph\":[{\"@type\":\"WebPage\",\"@id\":\"https:\/\/www.canariasviaja.com\/viajaresvivir\/festivales-y-conciertos-en-canarias-verano-2023-te-los-vas-a-perder\/\",\"url\":\"https:\/\/www.canariasviaja.com\/viajaresvivir\/festivales-y-conciertos-en-canarias-verano-2023-te-los-vas-a-perder\/\",\"name\":\"Festivales y conciertos en Canarias verano\/oto\u00f1o 2023: \u00bfte los vas a perder? - Viajar es vivir\",\"isPartOf\":{\"@id\":\"https:\/\/www.canariasviaja.com\/viajaresvivir\/#website\"},\"primaryImageOfPage\":{\"@id\":\"https:\/\/www.canariasviaja.com\/viajaresvivir\/festivales-y-conciertos-en-canarias-verano-2023-te-los-vas-a-perder\/#primaryimage\"},\"image\":{\"@id\":\"https:\/\/www.canariasviaja.com\/viajaresvivir\/festivales-y-conciertos-en-canarias-verano-2023-te-los-vas-a-perder\/#primaryimage\"},\"thumbnailUrl\":\"https:\/\/www.canariasviaja.com\/viajaresvivir\/wp-content\/uploads\/2023\/05\/maxime-bhm-9ZnGWdsqNZ4-unsplash.jpg\",\"datePublished\":\"2023-05-08T09:57:50+00:00\",\"dateModified\":\"2023-05-15T10:40:42+00:00\",\"author\":{\"@id\":\"https:\/\/www.canariasviaja.com\/viajaresvivir\/#\/schema\/person\/085949651001325f1244a8bc1b34709c\"},\"description\":\"Festivales y conciertos en Canarias verano 2023: vive un verano lleno de m\u00fasica al ritmo de los mejores artistas nacionales e internacionales.\",\"breadcrumb\":{\"@id\":\"https:\/\/www.canariasviaja.com\/viajaresvivir\/festivales-y-conciertos-en-canarias-verano-2023-te-los-vas-a-perder\/#breadcrumb\"},\"inLanguage\":\"es\",\"potentialAction\":[{\"@type\":\"ReadAction\",\"target\":[\"https:\/\/www.canariasviaja.com\/viajaresvivir\/festivales-y-conciertos-en-canarias-verano-2023-te-los-vas-a-perder\/\"]}]},{\"@type\":\"ImageObject\",\"inLanguage\":\"es\",\"@id\":\"https:\/\/www.canariasviaja.com\/viajaresvivir\/festivales-y-conciertos-en-canarias-verano-2023-te-los-vas-a-perder\/#primaryimage\",\"url\":\"https:\/\/www.canariasviaja.com\/viajaresvivir\/wp-content\/uploads\/2023\/05\/maxime-bhm-9ZnGWdsqNZ4-unsplash.jpg\",\"contentUrl\":\"https:\/\/www.canariasviaja.com\/viajaresvivir\/wp-content\/uploads\/2023\/05\/maxime-bhm-9ZnGWdsqNZ4-unsplash.jpg\",\"width\":1920,\"height\":1075},{\"@type\":\"BreadcrumbList\",\"@id\":\"https:\/\/www.canariasviaja.com\/viajaresvivir\/festivales-y-conciertos-en-canarias-verano-2023-te-los-vas-a-perder\/#breadcrumb\",\"itemListElement\":[{\"@type\":\"ListItem\",\"position\":1,\"name\":\"Portada\",\"item\":\"https:\/\/www.canariasviaja.com\/viajaresvivir\/\"},{\"@type\":\"ListItem\",\"position\":2,\"name\":\"Festivales y conciertos en Canarias verano\/oto\u00f1o 2023: \u00bfte los vas a perder?\"}]},{\"@type\":\"WebSite\",\"@id\":\"https:\/\/www.canariasviaja.com\/viajaresvivir\/#website\",\"url\":\"https:\/\/www.canariasviaja.com\/viajaresvivir\/\",\"name\":\"Viajar es vivir\",\"description\":\"El blog de viajes y estilo de vida de CanariasViaja\",\"potentialAction\":[{\"@type\":\"SearchAction\",\"target\":{\"@type\":\"EntryPoint\",\"urlTemplate\":\"https:\/\/www.canariasviaja.com\/viajaresvivir\/?s={search_term_string}\"},\"query-input\":{\"@type\":\"PropertyValueSpecification\",\"valueRequired\":true,\"valueName\":\"search_term_string\"}}],\"inLanguage\":\"es\"},{\"@type\":\"Person\",\"@id\":\"https:\/\/www.canariasviaja.com\/viajaresvivir\/#\/schema\/person\/085949651001325f1244a8bc1b34709c\",\"name\":\"Patri C\u00e1mpora\",\"image\":{\"@type\":\"ImageObject\",\"inLanguage\":\"es\",\"@id\":\"https:\/\/www.canariasviaja.com\/viajaresvivir\/#\/schema\/person\/image\/\",\"url\":\"https:\/\/secure.gravatar.com\/avatar\/b2ce2c4086a5776e5310f57c1a2e5b4e?s=96&d=mm&r=g\",\"contentUrl\":\"https:\/\/secure.gravatar.com\/avatar\/b2ce2c4086a5776e5310f57c1a2e5b4e?s=96&d=mm&r=g\",\"caption\":\"Patri C\u00e1mpora\"},\"url\":\"https:\/\/www.canariasviaja.com\/viajaresvivir\/author\/patri\/\"}]}<\/script>\n<!-- \/ Yoast SEO plugin. -->","yoast_head_json":{"title":"Festivales y conciertos en Canarias verano\/oto\u00f1o 2023: \u00bfte los vas a perder? - Viajar es vivir","description":"Festivales y conciertos en Canarias verano 2023: vive un verano lleno de m\u00fasica al ritmo de los mejores artistas nacionales e internacionales.","robots":{"index":"index","follow":"follow","max-snippet":"max-snippet:-1","max-image-preview":"max-image-preview:large","max-video-preview":"max-video-preview:-1"},"canonical":"https:\/\/www.canariasviaja.com\/viajaresvivir\/festivales-y-conciertos-en-canarias-verano-2023-te-los-vas-a-perder\/","og_locale":"es_ES","og_type":"article","og_title":"Festivales y conciertos en Canarias verano\/oto\u00f1o 2023: \u00bfte los vas a perder? - Viajar es vivir","og_description":"Festivales y conciertos en Canarias verano 2023: vive un verano lleno de m\u00fasica al ritmo de los mejores artistas nacionales e internacionales.","og_url":"https:\/\/www.canariasviaja.com\/viajaresvivir\/festivales-y-conciertos-en-canarias-verano-2023-te-los-vas-a-perder\/","og_site_name":"Viajar es vivir","article_published_time":"2023-05-08T09:57:50+00:00","article_modified_time":"2023-05-15T10:40:42+00:00","og_image":[{"width":1920,"height":1075,"url":"http:\/\/www.canariasviaja.com\/viajaresvivir\/wp-content\/uploads\/2023\/05\/maxime-bhm-9ZnGWdsqNZ4-unsplash.jpg","type":"image\/jpeg"}],"author":"Patri C\u00e1mpora","twitter_card":"summary_large_image","twitter_misc":{"Escrito por":"Patri C\u00e1mpora","Tiempo de lectura":"13 minutos"},"schema":{"@context":"https:\/\/schema.org","@graph":[{"@type":"WebPage","@id":"https:\/\/www.canariasviaja.com\/viajaresvivir\/festivales-y-conciertos-en-canarias-verano-2023-te-los-vas-a-perder\/","url":"https:\/\/www.canariasviaja.com\/viajaresvivir\/festivales-y-conciertos-en-canarias-verano-2023-te-los-vas-a-perder\/","name":"Festivales y conciertos en Canarias verano\/oto\u00f1o 2023: \u00bfte los vas a perder? - Viajar es vivir","isPartOf":{"@id":"https:\/\/www.canariasviaja.com\/viajaresvivir\/#website"},"primaryImageOfPage":{"@id":"https:\/\/www.canariasviaja.com\/viajaresvivir\/festivales-y-conciertos-en-canarias-verano-2023-te-los-vas-a-perder\/#primaryimage"},"image":{"@id":"https:\/\/www.canariasviaja.com\/viajaresvivir\/festivales-y-conciertos-en-canarias-verano-2023-te-los-vas-a-perder\/#primaryimage"},"thumbnailUrl":"https:\/\/www.canariasviaja.com\/viajaresvivir\/wp-content\/uploads\/2023\/05\/maxime-bhm-9ZnGWdsqNZ4-unsplash.jpg","datePublished":"2023-05-08T09:57:50+00:00","dateModified":"2023-05-15T10:40:42+00:00","author":{"@id":"https:\/\/www.canariasviaja.com\/viajaresvivir\/#\/schema\/person\/085949651001325f1244a8bc1b34709c"},"description":"Festivales y conciertos en Canarias verano 2023: vive un verano lleno de m\u00fasica al ritmo de los mejores artistas nacionales e internacionales.","breadcrumb":{"@id":"https:\/\/www.canariasviaja.com\/viajaresvivir\/festivales-y-conciertos-en-canarias-verano-2023-te-los-vas-a-perder\/#breadcrumb"},"inLanguage":"es","potentialAction":[{"@type":"ReadAction","target":["https:\/\/www.canariasviaja.com\/viajaresvivir\/festivales-y-conciertos-en-canarias-verano-2023-te-los-vas-a-perder\/"]}]},{"@type":"ImageObject","inLanguage":"es","@id":"https:\/\/www.canariasviaja.com\/viajaresvivir\/festivales-y-conciertos-en-canarias-verano-2023-te-los-vas-a-perder\/#primaryimage","url":"https:\/\/www.canariasviaja.com\/viajaresvivir\/wp-content\/uploads\/2023\/05\/maxime-bhm-9ZnGWdsqNZ4-unsplash.jpg","contentUrl":"https:\/\/www.canariasviaja.com\/viajaresvivir\/wp-content\/uploads\/2023\/05\/maxime-bhm-9ZnGWdsqNZ4-unsplash.jpg","width":1920,"height":1075},{"@type":"BreadcrumbList","@id":"https:\/\/www.canariasviaja.com\/viajaresvivir\/festivales-y-conciertos-en-canarias-verano-2023-te-los-vas-a-perder\/#breadcrumb","itemListElement":[{"@type":"ListItem","position":1,"name":"Portada","item":"https:\/\/www.canariasviaja.com\/viajaresvivir\/"},{"@type":"ListItem","position":2,"name":"Festivales y conciertos en Canarias verano\/oto\u00f1o 2023: \u00bfte los vas a perder?"}]},{"@type":"WebSite","@id":"https:\/\/www.canariasviaja.com\/viajaresvivir\/#website","url":"https:\/\/www.canariasviaja.com\/viajaresvivir\/","name":"Viajar es vivir","description":"El blog de viajes y estilo de vida de CanariasViaja","potentialAction":[{"@type":"SearchAction","target":{"@type":"EntryPoint","urlTemplate":"https:\/\/www.canariasviaja.com\/viajaresvivir\/?s={search_term_string}"},"query-input":{"@type":"PropertyValueSpecification","valueRequired":true,"valueName":"search_term_string"}}],"inLanguage":"es"},{"@type":"Person","@id":"https:\/\/www.canariasviaja.com\/viajaresvivir\/#\/schema\/person\/085949651001325f1244a8bc1b34709c","name":"Patri C\u00e1mpora","image":{"@type":"ImageObject","inLanguage":"es","@id":"https:\/\/www.canariasviaja.com\/viajaresvivir\/#\/schema\/person\/image\/","url":"https:\/\/secure.gravatar.com\/avatar\/b2ce2c4086a5776e5310f57c1a2e5b4e?s=96&d=mm&r=g","contentUrl":"https:\/\/secure.gravatar.com\/avatar\/b2ce2c4086a5776e5310f57c1a2e5b4e?s=96&d=mm&r=g","caption":"Patri C\u00e1mpora"},"url":"https:\/\/www.canariasviaja.com\/viajaresvivir\/author\/patri\/"}]}},"_links":{"self":[{"href":"https:\/\/www.canariasviaja.com\/viajaresvivir\/wp-json\/wp\/v2\/posts\/10416"}],"collection":[{"href":"https:\/\/www.canariasviaja.com\/viajaresvivir\/wp-json\/wp\/v2\/posts"}],"about":[{"href":"https:\/\/www.canariasviaja.com\/viajaresvivir\/wp-json\/wp\/v2\/types\/post"}],"author":[{"embeddable":true,"href":"https:\/\/www.canariasviaja.com\/viajaresvivir\/wp-json\/wp\/v2\/users\/2"}],"replies":[{"embeddable":true,"href":"https:\/\/www.canariasviaja.com\/viajaresvivir\/wp-json\/wp\/v2\/comments?post=10416"}],"version-history":[{"count":9,"href":"https:\/\/www.canariasviaja.com\/viajaresvivir\/wp-json\/wp\/v2\/posts\/10416\/revisions"}],"predecessor-version":[{"id":10482,"href":"https:\/\/www.canariasviaja.com\/viajaresvivir\/wp-json\/wp\/v2\/posts\/10416\/revisions\/10482"}],"wp:featuredmedia":[{"embeddable":true,"href":"https:\/\/www.canariasviaja.com\/viajaresvivir\/wp-json\/wp\/v2\/media\/10422"}],"wp:attachment":[{"href":"https:\/\/www.canariasviaja.com\/viajaresvivir\/wp-json\/wp\/v2\/media?parent=10416"}],"wp:term":[{"taxonomy":"category","embeddable":true,"href":"https:\/\/www.canariasviaja.com\/viajaresvivir\/wp-json\/wp\/v2\/categories?post=10416"},{"taxonomy":"post_tag","embeddable":true,"href":"https:\/\/www.canariasviaja.com\/viajaresvivir\/wp-json\/wp\/v2\/tags?post=10416"}],"curies":[{"name":"wp","href":"https:\/\/api.w.org\/{rel}","templated":true}]}}