{"id":10483,"date":"2023-05-19T10:04:33","date_gmt":"2023-05-19T10:04:33","guid":{"rendered":"https:\/\/www.canariasviaja.com\/viajaresvivir\/?p=10483"},"modified":"2024-04-12T18:10:41","modified_gmt":"2024-04-12T18:10:41","slug":"descubre-azores-terceira-graciosa-san-jorge-pico-y-fayal","status":"publish","type":"post","link":"https:\/\/www.canariasviaja.com\/viajaresvivir\/descubre-azores-terceira-graciosa-san-jorge-pico-y-fayal\/","title":{"rendered":"Descubre Azores (II): Terceira, Graciosa, San Jorge, Pico y Faial"},"content":{"rendered":"\n<p>El archipi\u00e9lago portugu\u00e9s de<strong> Azores<\/strong> es un para\u00edso natural por descubrir. <strong>Nueve islas de origen volc\u00e1nico <\/strong>con una naturaleza sorprendente que te cautivar\u00e1.<\/p>\n\n\n\n<figure class=\"wp-block-image size-full\"><img loading=\"lazy\" decoding=\"async\" width=\"1024\" height=\"768\" src=\"https:\/\/www.canariasviaja.com\/viajaresvivir\/wp-content\/uploads\/2023\/05\/Pico-Mountain-1.jpg\" alt=\"\" class=\"wp-image-10521\" srcset=\"https:\/\/www.canariasviaja.com\/viajaresvivir\/wp-content\/uploads\/2023\/05\/Pico-Mountain-1.jpg 1024w, https:\/\/www.canariasviaja.com\/viajaresvivir\/wp-content\/uploads\/2023\/05\/Pico-Mountain-1-300x225.jpg 300w, https:\/\/www.canariasviaja.com\/viajaresvivir\/wp-content\/uploads\/2023\/05\/Pico-Mountain-1-768x576.jpg 768w, https:\/\/www.canariasviaja.com\/viajaresvivir\/wp-content\/uploads\/2023\/05\/Pico-Mountain-1-800x600.jpg 800w\" sizes=\"(max-width: 1024px) 100vw, 1024px\" \/><figcaption class=\"wp-element-caption\">Isla de Pico desde puerto de Horta en Faial. Foto: Turismo de A\u00e7ores<\/figcaption><\/figure>\n\n\n\n<p>Adem\u00e1s de la<strong><a href=\"https:\/\/www.canariasviaja.com\/viajaresvivir\/sao-miguel-la-puerta-de-entrada-a-azores\/\"> isla de S\u00e2o Miguel<\/a><\/strong>, con la que la aerol\u00ednea canaria Binter conecta los archipi\u00e9lagos macaron\u00e9sicos de Canarias y Azores, y de la que ya te hemos hablado, est\u00e1 compuesto por <strong>ocho islas m\u00e1s. <\/strong><\/p>\n\n\n\n<p>Hoy te invitamos a adentrarte en las islas del<strong> grupo central<\/strong> \u00a1Acomp\u00e1\u00f1anos a descubrirlas!<\/p>\n\n\n\n<div style=\"height:100px\" aria-hidden=\"true\" class=\"wp-block-spacer\"><\/div>\n\n\n\n<h2 class=\"wp-block-heading\">Descubre Azores, viaje por un para\u00edso sostenible<\/h2>\n\n\n\n<p>El archipi\u00e9lago portugu\u00e9s de Azores est\u00e1 situado en medio del Atl\u00e1ntico, a medio camino entre Norte Am\u00e9rica y Europa, a 1.380 kil\u00f3metros de Lisboa. Goza de un clima oce\u00e1nico subtropical suavizado por la humedad y la corriente c\u00e1lida del Golfo, que proporciona unas temperaturas que oscilan entre los 13\u00ba en invierno y los 24\u00ba en verano.<\/p>\n\n\n\n<figure class=\"wp-block-image size-full\"><img loading=\"lazy\" decoding=\"async\" width=\"1024\" height=\"768\" src=\"https:\/\/www.canariasviaja.com\/viajaresvivir\/wp-content\/uploads\/2023\/05\/MTB.jpg\" alt=\"\" class=\"wp-image-10523\" srcset=\"https:\/\/www.canariasviaja.com\/viajaresvivir\/wp-content\/uploads\/2023\/05\/MTB.jpg 1024w, https:\/\/www.canariasviaja.com\/viajaresvivir\/wp-content\/uploads\/2023\/05\/MTB-300x225.jpg 300w, https:\/\/www.canariasviaja.com\/viajaresvivir\/wp-content\/uploads\/2023\/05\/MTB-768x576.jpg 768w, https:\/\/www.canariasviaja.com\/viajaresvivir\/wp-content\/uploads\/2023\/05\/MTB-800x600.jpg 800w\" sizes=\"(max-width: 1024px) 100vw, 1024px\" \/><figcaption class=\"wp-element-caption\">Foto: <a href=\"https:\/\/azoresphotos.visitazores.com\/site\/author\/Turismo+A%C3%A7ores\">Turismo A\u00e7ores<\/a><\/figcaption><\/figure>\n\n\n\n<p>Las Azores son unas islas de origen volc\u00e1nico con una naturaleza deslumbrante, una apasionante historia y una rica cultural local. Una regi\u00f3n aut\u00f3noma que  apuesta fuertemente por la <strong>sostenibilidad.<\/strong><\/p>\n\n\n\n<p>Las <strong>nueve  islas <\/strong>que conforman el archipi\u00e9lago de Azores tienen una superficie total de 2.332 km2 y se dividen en tres grupos.<\/p>\n\n\n\n<ul class=\"wp-block-list\">\n<li>El oriental, de <a href=\"https:\/\/www.canariasviaja.com\/viajaresvivir\/sao-miguel-la-puerta-de-entrada-a-azores\/\">San Miguel <\/a>y Santa Mar\u00eda.<\/li>\n\n\n\n<li><strong>El central, de Terceira, Graciosa, San Jorge, Pico y Fayal.<\/strong><\/li>\n\n\n\n<li>El occidental, de Flores y Corvo.<\/li>\n<\/ul>\n\n\n\n<p>Cada una de ellas tiene una personalidad \u00fanica, por lo que un viaje que incluya todas o varias de ellas nos regalar\u00e1 una <strong>experiencia inolvidable<\/strong> en la que descubriremos un gran abanico de paisajes, tradiciones y costumbres.<\/p>\n\n\n\n<p>De la mayor de las islas, S\u00e2o Miguel,  <a href=\"https:\/\/www.canariasviaja.com\/viajaresvivir\/sao-miguel-la-puerta-de-entrada-a-azores\/\">ya te hemos hablado<\/a>, as\u00ed que hoy vamos a seguir explorando el <strong>grupo central del archipi\u00e9lago de las Azores.<\/strong> \u00a1Acomp\u00e1\u00f1anos!<\/p>\n\n\n\n<div style=\"height:100px\" aria-hidden=\"true\" class=\"wp-block-spacer\"><\/div>\n\n\n\n<h3 class=\"wp-block-heading\">Terceira<\/h3>\n\n\n\n<figure class=\"wp-block-image size-full\"><img loading=\"lazy\" decoding=\"async\" width=\"1920\" height=\"1440\" src=\"https:\/\/www.canariasviaja.com\/viajaresvivir\/wp-content\/uploads\/2023\/05\/sergey-konstantinov-WpfFRY8sLpk-unsplash.jpg\" alt=\"Descubre Azores: Terceira\" class=\"wp-image-10515\" srcset=\"https:\/\/www.canariasviaja.com\/viajaresvivir\/wp-content\/uploads\/2023\/05\/sergey-konstantinov-WpfFRY8sLpk-unsplash.jpg 1920w, https:\/\/www.canariasviaja.com\/viajaresvivir\/wp-content\/uploads\/2023\/05\/sergey-konstantinov-WpfFRY8sLpk-unsplash-300x225.jpg 300w, https:\/\/www.canariasviaja.com\/viajaresvivir\/wp-content\/uploads\/2023\/05\/sergey-konstantinov-WpfFRY8sLpk-unsplash-768x576.jpg 768w, https:\/\/www.canariasviaja.com\/viajaresvivir\/wp-content\/uploads\/2023\/05\/sergey-konstantinov-WpfFRY8sLpk-unsplash-1536x1152.jpg 1536w, https:\/\/www.canariasviaja.com\/viajaresvivir\/wp-content\/uploads\/2023\/05\/sergey-konstantinov-WpfFRY8sLpk-unsplash-1200x900.jpg 1200w, https:\/\/www.canariasviaja.com\/viajaresvivir\/wp-content\/uploads\/2023\/05\/sergey-konstantinov-WpfFRY8sLpk-unsplash-800x600.jpg 800w, https:\/\/www.canariasviaja.com\/viajaresvivir\/wp-content\/uploads\/2023\/05\/sergey-konstantinov-WpfFRY8sLpk-unsplash-1440x1080.jpg 1440w\" sizes=\"(max-width: 1920px) 100vw, 1920px\" \/><figcaption class=\"wp-element-caption\">Angra do Heroismo. Foto de <a href=\"https:\/\/unsplash.com\/@twirl?utm_source=unsplash&amp;utm_medium=referral&amp;utm_content=creditCopyText\">Sergey Konstantinov<\/a> en <a href=\"https:\/\/unsplash.com\/es\/fotos\/WpfFRY8sLpk?utm_source=unsplash&amp;utm_medium=referral&amp;utm_content=creditCopyText\">Unsplash<\/a><\/figcaption><\/figure>\n\n\n\n<p>Terceira es una de las islas m\u00e1s grandes del archipi\u00e9lago de Azores (400,3 km2),  y tambi\u00e9n una de las m\u00e1s alegres y festivas de todo el archipi\u00e9lago. Es un destino tur\u00edstico popular debido a su rica historia, patrimonio arquitect\u00f3nico y hermosos paisajes naturales. Su capital, <strong>Angra do Hero\u00edsmo, es Patrimonio de La Humanidad por la Unesco.<\/strong><\/p>\n\n\n\n<h2 class=\"wp-block-heading\">Planes para disfrutar de Terceira<\/h2>\n\n\n\n<figure class=\"wp-block-image size-full\"><img loading=\"lazy\" decoding=\"async\" width=\"1024\" height=\"683\" src=\"https:\/\/www.canariasviaja.com\/viajaresvivir\/wp-content\/uploads\/2023\/05\/Monte-Brasil.jpg\" alt=\"Descubre Azores: Terceira\" class=\"wp-image-10525\" srcset=\"https:\/\/www.canariasviaja.com\/viajaresvivir\/wp-content\/uploads\/2023\/05\/Monte-Brasil.jpg 1024w, https:\/\/www.canariasviaja.com\/viajaresvivir\/wp-content\/uploads\/2023\/05\/Monte-Brasil-300x200.jpg 300w, https:\/\/www.canariasviaja.com\/viajaresvivir\/wp-content\/uploads\/2023\/05\/Monte-Brasil-768x512.jpg 768w\" sizes=\"(max-width: 1024px) 100vw, 1024px\" \/><figcaption class=\"wp-element-caption\">Foto: Turismo de A\u00e7ores<\/figcaption><\/figure>\n\n\n\n<ul class=\"wp-block-list\">\n<li><strong>Explora la ciudad de Angra do Hero\u00edsmo: <\/strong>El centro de la ciudad de Angra do Hero\u00edsmo fue clasificado en 1983 por la UNESCO como Patrimonio de la Humanidad, por su trazado urbano y por ser testimonio de la historia portuguesa y de la navegaci\u00f3n atl\u00e1ntica.&nbsp; Pasea por sus calles empedradas, admira la arquitectura barroca de sus edificios y visita la <strong>Catedral de San Salvador<\/strong> y el <strong>Palacio de los Capitanes Generales.<\/strong><\/li>\n\n\n\n<li><strong>Sube al Monte Brasil:<\/strong> Este es el mayor cr\u00e1ter volc\u00e1nico de la isla y es un parque natural protegido. Desde la cima se puede disfrutar de impresionantes vistas panor\u00e1micas de la ciudad de Angra do Hero\u00edsmo y el oc\u00e9ano.<\/li>\n\n\n\n<li><strong>Participa de sus fiestas populares: Las Festas do Esp\u00edrito Santo,<\/strong> centradas en los pintorescos Imperios, y  <strong>Las Sanjoaninas<\/strong>, fiestas dedicadas a S\u00e3o Jo\u00e3o, son dos de las fiestas populares que se viven con intensidad en la isla.<\/li>\n\n\n\n<li><strong>Haz la ruta de los Imperios: <\/strong>peque\u00f1os templos dedicados al culto del Esp\u00edritu Santo que est\u00e1n presentes en todos los barrios de la isla y que destacan por su colorido.<\/li>\n\n\n\n<li><strong>Descubre las fortificaciones:<\/strong> La isla cuenta con un gran n\u00famero de fortificaciones que datan del siglo XVI al siglo XVIII, como el <strong>Forte de Sao Joao Baptista, <\/strong>la mayor obra de defensa de los espa\u00f1oles en territorio conquistado,<strong>  y el Forte de Sao Sebastiao, <\/strong>que fueron construidos para defender la isla de los ataques piratas y enemigos.<\/li>\n\n\n\n<li><strong>Haz una excursi\u00f3n en barco<\/strong>: Desde la ciudad de Angra do Hero\u00edsmo puedes hacer una excursi\u00f3n en barco para<strong> avistar ballenas y delfines.<\/strong> La isla es un lugar de paso para estas especies y se pueden observar en su h\u00e1bitat natural.<\/li>\n\n\n\n<li><strong>Saborea la gastronom\u00eda local: <\/strong>La gastronom\u00eda de Terceira es una mezcla de sabores portugueses y locales. Prueba la tradiciona<strong>l sopa de almejas, el Cozido das Furnas, un plato de carne y verduras cocidos en las calderas volc\u00e1nicas, y el famoso queso de la isla.<\/strong><\/li>\n\n\n\n<li><strong>Haz una caminata por la naturaleza:<\/strong> La isla de Terceira tiene hermosos paisajes naturales, como el<strong> Parque Natural de la Sierra de Santa B\u00e1rbara <\/strong>y el <strong>Parque Natural de la Gruta do Natal<\/strong>. Te recomendamos que metas las botas de caminar en la maleta y que descubras el <a href=\"https:\/\/trails.visitazores.com\/es\/senderos-de-las-azores\/terceira\/misterios-negros\" target=\"_blank\" rel=\"noreferrer noopener\">sendero de los misterios negros.<\/a><\/li>\n\n\n\n<li><strong>Ad\u00e9ntrate en el interior de un volc\u00e1n:<\/strong> El monumento natural de <strong>Algar do Carv\u00e3o<\/strong> es una gran caverna formada en el interior del cono de un volc\u00e1n. Desciende 90 metros y disfruta de las vistas al cielo a trav\u00e9s del cono del volc\u00e1n. Una experiencia \u00fanica.<\/li>\n\n\n\n<li><strong>As\u00f3mate al mayor cr\u00e1ter de Azores:<\/strong> Disfruta de la vista de uno de los mayores cr\u00e1teres de Europa desde el mirador de <strong>Manta de Retalhos<\/strong> (manto de retales).<\/li>\n\n\n\n<li><strong>Recorre las Furnas do Enxofre<\/strong>: Pasea por el sendero circular que recorre las diferentes fumarolas que se encuentran entre medio de plantaciones mientras te envuelve el olor a azufre.<\/li>\n<\/ul>\n\n\n\n<p>Estas son solo algunas de las cosas que puedes hacer en Terceira. La isla tiene mucho que ofrecer a aquellos que buscan historia, cultura, naturaleza y aventura.<\/p>\n\n\n\n<div style=\"height:100px\" aria-hidden=\"true\" class=\"wp-block-spacer\"><\/div>\n\n\n\n<h3 class=\"wp-block-heading\">Graciosa<\/h3>\n\n\n\n<figure class=\"wp-block-image size-large\"><img loading=\"lazy\" decoding=\"async\" width=\"2000\" height=\"1333\" src=\"https:\/\/www.canariasviaja.com\/viajaresvivir\/wp-content\/uploads\/2023\/05\/Traditional-Windmill-of-Graciosa-2000x1333.jpg\" alt=\"Descubre Azores: Graciosa\" class=\"wp-image-10516\" srcset=\"https:\/\/www.canariasviaja.com\/viajaresvivir\/wp-content\/uploads\/2023\/05\/Traditional-Windmill-of-Graciosa-2000x1333.jpg 2000w, https:\/\/www.canariasviaja.com\/viajaresvivir\/wp-content\/uploads\/2023\/05\/Traditional-Windmill-of-Graciosa-300x200.jpg 300w, https:\/\/www.canariasviaja.com\/viajaresvivir\/wp-content\/uploads\/2023\/05\/Traditional-Windmill-of-Graciosa-768x512.jpg 768w, https:\/\/www.canariasviaja.com\/viajaresvivir\/wp-content\/uploads\/2023\/05\/Traditional-Windmill-of-Graciosa-1536x1024.jpg 1536w, https:\/\/www.canariasviaja.com\/viajaresvivir\/wp-content\/uploads\/2023\/05\/Traditional-Windmill-of-Graciosa-2048x1365.jpg 2048w, https:\/\/www.canariasviaja.com\/viajaresvivir\/wp-content\/uploads\/2023\/05\/Traditional-Windmill-of-Graciosa-1200x800.jpg 1200w, https:\/\/www.canariasviaja.com\/viajaresvivir\/wp-content\/uploads\/2023\/05\/Traditional-Windmill-of-Graciosa-1620x1080.jpg 1620w\" sizes=\"(max-width: 2000px) 100vw, 2000px\" \/><figcaption class=\"wp-element-caption\">Molino tradicional. Foto: Turismo de A\u00e7ores.<\/figcaption><\/figure>\n\n\n\n<p>La isla Graciosa es conocida como la isla blanca, por sus paisajes policromados por la traquita, un mineral volc\u00e1nico. Situada al norte del grupo central, es la segunda m\u00e1s peque\u00f1a del archipi\u00e9lago de Azores, con solo 12.5 km de largo por 8 km de ancho. Graciosa es <strong>Reserva de la Biosfera por la Unesco <\/strong>y en ella podemos disfrutar de las formas de vida tradicionales<\/p>\n\n\n\n<h2 class=\"wp-block-heading\">Planes para disfrutar de Graciosa<\/h2>\n\n\n\n<figure class=\"wp-block-image size-full\"><img loading=\"lazy\" decoding=\"async\" width=\"1024\" height=\"683\" src=\"https:\/\/www.canariasviaja.com\/viajaresvivir\/wp-content\/uploads\/2023\/05\/Graciosa-Island.jpg\" alt=\"Descubre Azores: Graciosa\" class=\"wp-image-10519\" srcset=\"https:\/\/www.canariasviaja.com\/viajaresvivir\/wp-content\/uploads\/2023\/05\/Graciosa-Island.jpg 1024w, https:\/\/www.canariasviaja.com\/viajaresvivir\/wp-content\/uploads\/2023\/05\/Graciosa-Island-300x200.jpg 300w, https:\/\/www.canariasviaja.com\/viajaresvivir\/wp-content\/uploads\/2023\/05\/Graciosa-Island-768x512.jpg 768w\" sizes=\"(max-width: 1024px) 100vw, 1024px\" \/><figcaption class=\"wp-element-caption\">La Graciosa. Foto: Turismo de A\u00e7ores<\/figcaption><\/figure>\n\n\n\n<ul class=\"wp-block-list\">\n<li><strong>Visita la Villa de Santa Cruz:<\/strong> Es la ciudad principal de la isla y cuenta con una arquitectura tradicional portuguesa y muchas casas blancas de piedra y una plaza con kiosco de m\u00fasica.  En el <strong>Museo de La Graciosa<\/strong> podremos conocer la forma de vida de sus habitantes desde su poblamiento.<\/li>\n\n\n\n<li><strong>Sube hasta el Monte de Nossa Senhora da Ajuda<\/strong>. Podr\u00e1s disfrutar de las mejores vistas de la villa de Santa Cruz, con su puerto, vi\u00f1edos y casas blancas. Te sorprender\u00e1 la plaza de toros situada en un cr\u00e1ter. <\/li>\n\n\n\n<li><strong>Haz una ruta por los molinos de viento:<\/strong> La isla es famosa por sus molinos de viento, inspirados en los de Flandes, que fueron construidos por sus primeros pobladores para moler cereales. Muchos de ellos han sido restaurados y algunos est\u00e1n abiertos al p\u00fablico para visitas guiadas o se han convertido en alojamientos.<\/li>\n\n\n\n<li><strong>Visita las piscinas naturales:<\/strong> La isla de Graciosa cuenta con algunas piscinas naturales, como las <strong>Piscinas Naturales de Barro Vermelho<\/strong>, una piscina de agua salada rodeada de rocas de lava, y las <strong>Piscinas Naturales de Carapacho<\/strong>, que se llena con las mareas.<\/li>\n\n\n\n<li><strong>Renu\u00e9vate en las termas de Carapacho<\/strong>: Sus aguas termales- entre los 36\u00ba y 40\u00baC- son ricas en clorato, s\u00f3dicas, sulfatadas y c\u00e1lcicas, se vienen utilizando desde 1750 como tratamiento para enfermedades de la piel y reumatismo.<\/li>\n\n\n\n<li><strong>Descubre la D.O. vino de Graciosa<\/strong>: La isla de Graciosa es conocida por su vino blanco seco, producido en la Bodega de Vino de Graciosa. Puedes visitar la bodega y degustar algunos vinos de la regi\u00f3n.<\/li>\n\n\n\n<li><strong>Ad\u00e9ntrate en la&nbsp;Furna do Enxofre<\/strong>. Una imponente cavidad, monumento natural situado en la Caldera, que atrae a ge\u00f3logos de todo el mundo.<\/li>\n\n\n\n<li><strong>Haz una excursi\u00f3n en bicicleta o a pie: <\/strong>La isla de Graciosa es un lugar ideal para hacer senderismo o ciclismo, con muchos senderos se\u00f1alizados que te llevar\u00e1n por los paisajes naturales de la isla.<\/li>\n\n\n\n<li><strong>Disfruta de la playa:<\/strong> La isla de Graciosa cuenta con algunas playas hermosas, como la Playa de Santa Cruz, la Playa de Barra y la Playa de la Graciosa. Son ideales para relajarse y disfrutar del sol y el mar.<\/li>\n\n\n\n<li><strong>Sum\u00e9rgete en su fondo marino: <\/strong>Graciosa es un vergel para los buceadores.  La \u00abBaixa do Farol\u00bb , el pecio del buque \u00abTerceirense\u00bb hundido a apenas 21 metros en 1968 o la \u00abGruta do Carapacho\u00bb, son algunas de las inmersiones favoritas.<\/li>\n\n\n\n<li><strong>Visita la f\u00e1brica de Queijadas en Praia. <\/strong>Disfruta de uno de los postres t\u00edpicos de la isla. <\/li>\n<\/ul>\n\n\n\n<p>En Graciosa puedes disfrutar del ambiente rural y de la tranquilidad.<\/p>\n\n\n\n<div style=\"height:100px\" aria-hidden=\"true\" class=\"wp-block-spacer\"><\/div>\n\n\n\n<h3 class=\"wp-block-heading\">S\u00e2o Jorge<\/h3>\n\n\n\n<figure class=\"wp-block-image size-full\"><img loading=\"lazy\" decoding=\"async\" width=\"1920\" height=\"1280\" src=\"https:\/\/www.canariasviaja.com\/viajaresvivir\/wp-content\/uploads\/2023\/05\/karim-sakhibgareev-13JZsPgdDYc-unsplash.jpg\" alt=\"\" class=\"wp-image-10512\" srcset=\"https:\/\/www.canariasviaja.com\/viajaresvivir\/wp-content\/uploads\/2023\/05\/karim-sakhibgareev-13JZsPgdDYc-unsplash.jpg 1920w, https:\/\/www.canariasviaja.com\/viajaresvivir\/wp-content\/uploads\/2023\/05\/karim-sakhibgareev-13JZsPgdDYc-unsplash-300x200.jpg 300w, https:\/\/www.canariasviaja.com\/viajaresvivir\/wp-content\/uploads\/2023\/05\/karim-sakhibgareev-13JZsPgdDYc-unsplash-768x512.jpg 768w, https:\/\/www.canariasviaja.com\/viajaresvivir\/wp-content\/uploads\/2023\/05\/karim-sakhibgareev-13JZsPgdDYc-unsplash-1536x1024.jpg 1536w, https:\/\/www.canariasviaja.com\/viajaresvivir\/wp-content\/uploads\/2023\/05\/karim-sakhibgareev-13JZsPgdDYc-unsplash-1200x800.jpg 1200w, https:\/\/www.canariasviaja.com\/viajaresvivir\/wp-content\/uploads\/2023\/05\/karim-sakhibgareev-13JZsPgdDYc-unsplash-1620x1080.jpg 1620w\" sizes=\"(max-width: 1920px) 100vw, 1920px\" \/><figcaption class=\"wp-element-caption\">Foto de <a href=\"https:\/\/unsplash.com\/@karimsan?utm_source=unsplash&amp;utm_medium=referral&amp;utm_content=creditCopyText\">Karim Sakhibgareev<\/a> en <a href=\"https:\/\/unsplash.com\/es\/fotos\/13JZsPgdDYc?utm_source=unsplash&amp;utm_medium=referral&amp;utm_content=creditCopyText\">Unsplash<\/a><\/figcaption><\/figure>\n\n\n\n<p>La isla de S\u00e3o Jorge, conocida como la isla del Drag\u00f3n, por silueta angosta y alargada, tiene una complicada orograf\u00eda de monta\u00f1as y fajanas. En la isla podremos encontrar 74 fajanas, terrenos ganados al mar por erupciones volc\u00e1nicas o por la sedimentaci\u00f3n del terreno. <\/p>\n\n\n\n<h2 class=\"wp-block-heading\">Planes para disfrutar de S\u00e2o Jorge<\/h2>\n\n\n\n<ul class=\"wp-block-list\">\n<li><strong>Hacer senderismo<\/strong>: S\u00e3o Jorge es conocida por sus impresionantes paisajes y por ser un lugar ideal para hacer senderismo. Hay numerosas rutas de senderismo en la isla que ofrecen vistas espectaculares, como el Sendero de los Acantilados, el Sendero de los Faj\u00e3s y el Sendero de los Dragos.<\/li>\n\n\n\n<li><strong>Visitar las faj\u00e3s: <\/strong>Las faj\u00e3s son \u00e1reas de terreno plano situadas en la costa que se han formado por la erosi\u00f3n del mar. S\u00e3o Jorge cuenta con numerosas faj\u00e3s que ofrecen una belleza natural \u00fanica, como la Faj\u00e3 dos Vimes, la Faj\u00e3 da Caldeira do Santo Cristo, la Faj\u00e3 dos Cubres y la Faj\u00e3 do Ouvidor. Algunas de ellas cuentan con un acceso complicado.<\/li>\n\n\n\n<li><strong>Probar el queso de S\u00e3o Jorge: <\/strong>El queso de S\u00e3o Jorge es uno de los m\u00e1s famosos de Portugal y es producido exclusivamente en la isla. Hay varias f\u00e1bricas de queso en la isla que ofrecen visitas guiadas y degustaciones.<\/li>\n\n\n\n<li><strong>Hacer una excursi\u00f3n en barco:<\/strong> S\u00e3o Jorge es un lugar ideal para hacer una excursi\u00f3n en barco y explorar su impresionante costa y sus aguas cristalinas. Las excursiones en barco suelen incluir la visita a las faj\u00e3s y la observaci\u00f3n de delfines y ballenas.<\/li>\n\n\n\n<li><strong>Visitar las piscinas naturales: <\/strong>S\u00e3o Jorge cuenta con numerosas piscinas naturales que son perfectas para nadar y refrescarse en los d\u00edas calurosos de verano. Algunas de las m\u00e1s famosas son las Poza de Sim\u00e3o Dias, rodeada de paredes de columnas bas\u00e1lticas y las Piscinas Naturales de Faj\u00e3 do Ouvidor.<\/li>\n\n\n\n<li><strong>Descubrir la cultura local: <\/strong>S\u00e3o Jorge cuenta con una rica cultura y tradici\u00f3n, que se puede descubrir visitando sus peque\u00f1as aldeas y asistiendo a sus fiestas y eventos. La fiesta de San Jorge y la fiesta de Nuestra Se\u00f1ora de la Paz son algunas de las m\u00e1s famosas.<\/li>\n\n\n\n<li><strong>Visita la iglesia de Santa B\u00e1rbara:<\/strong> su sencillo exterior guarda una sorpresa: un interior barroco, por el que se ha clasificado como Monumento Nacional.<\/li>\n\n\n\n<li><strong>Recorrer los cafetales<\/strong>: En S\u00e2o Jorge se cultivan cafetales de la variedad ar\u00e1bica que fueron plantados hace 300 a\u00f1os procedentes de Brasil.<\/li>\n<\/ul>\n\n\n\n<p>En definitiva, la isla de S\u00e3o Jorge es un destino ideal para los amantes de la naturaleza y la aventura, con una gran variedad de actividades para disfrutar de su impresionante paisaje natural y su rica cultura y tradici\u00f3n.<\/p>\n\n\n\n<div style=\"height:100px\" aria-hidden=\"true\" class=\"wp-block-spacer\"><\/div>\n\n\n\n<h3 class=\"wp-block-heading\">Pico<\/h3>\n\n\n\n<figure class=\"wp-block-image size-full\"><img loading=\"lazy\" decoding=\"async\" width=\"1024\" height=\"768\" src=\"http:\/\/www.canariasviaja.com\/viajaresvivir\/wp-content\/uploads\/2023\/05\/Pico-Mountain-.jpg\" alt=\"\" class=\"wp-image-10509\" srcset=\"https:\/\/www.canariasviaja.com\/viajaresvivir\/wp-content\/uploads\/2023\/05\/Pico-Mountain-.jpg 1024w, https:\/\/www.canariasviaja.com\/viajaresvivir\/wp-content\/uploads\/2023\/05\/Pico-Mountain--300x225.jpg 300w, https:\/\/www.canariasviaja.com\/viajaresvivir\/wp-content\/uploads\/2023\/05\/Pico-Mountain--768x576.jpg 768w, https:\/\/www.canariasviaja.com\/viajaresvivir\/wp-content\/uploads\/2023\/05\/Pico-Mountain--800x600.jpg 800w\" sizes=\"(max-width: 1024px) 100vw, 1024px\" \/><figcaption class=\"wp-element-caption\">Turismo de A\u00e7ores<\/figcaption><\/figure>\n\n\n\n<p>Entre Fayal y S\u00e2o Jorge, en la zona conocida como O Tri\u00e2ngulo, se encuentra la segunda isla en tama\u00f1o del archipi\u00e9lago de Azores, <strong>Pico<\/strong>. Puedes llegar a la isla volando desde Ponta Delgada (S\u00e2o Miguel).<\/p>\n\n\n\n<p> En el centro de la isla se encuentra el <strong>Monte Pico<\/strong>. Un volc\u00e1n de 2351 m de altitud que es la monta\u00f1a m\u00e1s alta de Azores y de Portugal. <\/p>\n\n\n\n<p>Sus paisaje vit\u00edcola, formado por corrales hechos de piedra que protegen a las vides del viento y el salitre, cuenta con la protecci\u00f3n de la Unesco desde 2004.<\/p>\n\n\n\n<h2 class=\"wp-block-heading\">Planes para disfrutar de Pico<\/h2>\n\n\n\n<figure class=\"wp-block-image size-full\"><img loading=\"lazy\" decoding=\"async\" width=\"1024\" height=\"681\" src=\"https:\/\/www.canariasviaja.com\/viajaresvivir\/wp-content\/uploads\/2023\/05\/Pico-island-1.jpg\" alt=\"\" class=\"wp-image-10520\" srcset=\"https:\/\/www.canariasviaja.com\/viajaresvivir\/wp-content\/uploads\/2023\/05\/Pico-island-1.jpg 1024w, https:\/\/www.canariasviaja.com\/viajaresvivir\/wp-content\/uploads\/2023\/05\/Pico-island-1-300x200.jpg 300w, https:\/\/www.canariasviaja.com\/viajaresvivir\/wp-content\/uploads\/2023\/05\/Pico-island-1-768x511.jpg 768w\" sizes=\"(max-width: 1024px) 100vw, 1024px\" \/><figcaption class=\"wp-element-caption\">Foto: <a href=\"https:\/\/azoresphotos.visitazores.com\/site\/author\/pezzi21\">pezzi21<\/a>. Turismo de A\u00e7ores<\/figcaption><\/figure>\n\n\n\n<ul class=\"wp-block-list\">\n<li><strong>Asciende a lo alto del Monte Pico<\/strong>. Tras un exigente ascenso de cuatro horas, conquistar\u00e1s la cima y disfrutar\u00e1s de unas vistas que dejan sin palabras. Te recomendamos que lo hagas acompa\u00f1ado de un gu\u00eda experimentado y con el equipamiento adecuado.<\/li>\n\n\n\n<li><strong>Descubre el Paisaje vit\u00edcola de Pico:<\/strong> La cultura del vino forma parte de la identidad de la isla y del archipi\u00e9lago azoriano. En Pico podr\u00e1s disfrutar de sus peculiares campos de vi\u00f1edos delimitados por muros de piedra, las \u00abrola-pipas\u00bb, cuestas por las que rodaban las barrricas hasta los barcos,  y de antiguas bodegas, rodeadas de un paisaje sobrecogedor con el volc\u00e1n de fondo.<\/li>\n\n\n\n<li><strong>Degusta el vino verdelho<\/strong>. Disfruta de una cata en la cooperativa vin\u00edcola, que agrupa a 300 bodegueros,  o en alguna peque\u00f1a bodega familiar, como <strong>A Buraca<\/strong>.<\/li>\n\n\n\n<li><strong>Haz un recorrido por las cuevas de lava: <\/strong>La isla de Pico tiene una red de cuevas de lava formadas por la actividad volc\u00e1nica. Las cuevas m\u00e1s famosas son la<strong> Gruta das Torres<\/strong>, el mayor tubo volc\u00e1nico de Portugal,  y la <strong>Gruta do Frei Matias<\/strong>, en la que se escondi\u00f3 el fraile que le da nombre para protegerse de los piratas. Se pueden visitar acompa\u00f1ados por gu\u00edas especializados.<\/li>\n\n\n\n<li><strong>Descubre el pasado ballenero de Azores: <\/strong>La caza de ballenas fue una actividad importante en la econom\u00eda de la isla de Pico en el pasado. El Museo situado en antiguas casas de barcos, en Lajes do Pico, cuenta la historia de la industria ballenera y sus impactos en la regi\u00f3n.<\/li>\n\n\n\n<li><strong>Disfruta de las ballenas en libertad:<\/strong> Azores ha pasado de cazar ballenas a convertirse en un santuario para estos mam\u00edferos. Avistar a estas majestuosas criaturas en las aguas que rodean la isla de Pico es una de las experiencias inolvidables que vivir\u00e1s.<\/li>\n\n\n\n<li><strong>Explora las zonas costeras y playas: <\/strong>En Pico no encontrar\u00e1s grandes playas de arena, sino peque\u00f1as franjas costeras con callaos o arena, y piscinas naturales de origen volc\u00e1nicos, donde disfrutar de sus aguas cristalinas.<\/li>\n\n\n\n<li><strong>Haz senderismo en la naturaleza<\/strong>: Recorrer la isla a pie, sin prisas es una de las actividades m\u00e1s gratificantes que ofrece la isla. La ruta <a href=\"https:\/\/trails.visitazores.com\/es\/senderos-de-las-azores\/pico\/vinhas-da-criacao-velha\" target=\"_blank\" rel=\"noreferrer noopener\"><strong>Vinhas da Cria\u00e7\u00e3o Velha<\/strong><\/a>, por ejemplo, es una caminata a trav\u00e9s de los vi\u00f1edos y paisajes impresionantes. Tambi\u00e9n hay varias rutas de senderismo se\u00f1alizadas que te llevar\u00e1n a trav\u00e9s de los paisajes naturales de la isla.\n<ul class=\"wp-block-list\">\n<li><\/li>\n<\/ul>\n<\/li>\n<\/ul>\n\n\n\n<div style=\"height:100px\" aria-hidden=\"true\" class=\"wp-block-spacer\"><\/div>\n\n\n\n<h3 class=\"wp-block-heading\">Faial<\/h3>\n\n\n\n<figure class=\"wp-block-image size-full\"><img loading=\"lazy\" decoding=\"async\" width=\"1920\" height=\"1280\" src=\"https:\/\/www.canariasviaja.com\/viajaresvivir\/wp-content\/uploads\/2023\/05\/karim-sakhibgareev-HNQnnnbvj3E-unsplash.jpg\" alt=\"\" class=\"wp-image-10511\" srcset=\"https:\/\/www.canariasviaja.com\/viajaresvivir\/wp-content\/uploads\/2023\/05\/karim-sakhibgareev-HNQnnnbvj3E-unsplash.jpg 1920w, https:\/\/www.canariasviaja.com\/viajaresvivir\/wp-content\/uploads\/2023\/05\/karim-sakhibgareev-HNQnnnbvj3E-unsplash-300x200.jpg 300w, https:\/\/www.canariasviaja.com\/viajaresvivir\/wp-content\/uploads\/2023\/05\/karim-sakhibgareev-HNQnnnbvj3E-unsplash-768x512.jpg 768w, https:\/\/www.canariasviaja.com\/viajaresvivir\/wp-content\/uploads\/2023\/05\/karim-sakhibgareev-HNQnnnbvj3E-unsplash-1536x1024.jpg 1536w, https:\/\/www.canariasviaja.com\/viajaresvivir\/wp-content\/uploads\/2023\/05\/karim-sakhibgareev-HNQnnnbvj3E-unsplash-1200x800.jpg 1200w, https:\/\/www.canariasviaja.com\/viajaresvivir\/wp-content\/uploads\/2023\/05\/karim-sakhibgareev-HNQnnnbvj3E-unsplash-1620x1080.jpg 1620w\" sizes=\"(max-width: 1920px) 100vw, 1920px\" \/><figcaption class=\"wp-element-caption\">Foto de <a href=\"https:\/\/unsplash.com\/fr\/@yey_eye?utm_source=unsplash&amp;utm_medium=referral&amp;utm_content=creditCopyText\">Jo\u00e3o Reguengos<\/a> en <a href=\"https:\/\/unsplash.com\/es\/fotos\/fASaLwOrxic?utm_source=unsplash&amp;utm_medium=referral&amp;utm_content=creditCopyText\">Unsplash<\/a><\/figcaption><\/figure>\n\n\n\n<p>El \u00faltimo v\u00e9rtice del O Tri\u00e2ngulo lo forma la isla de Faial, conocida como la isla azul y el para\u00edso de las Azores, por su <strong>gran variedad de playas y flores<\/strong>. El <strong>canal de Fayal<\/strong>, de tan solo 8 kil\u00f3metros, separa a esta isla de la vecina isla de Pico, por lo que desde sus orillas se divisa una vista espectacular del volc\u00e1n de Pico. <\/p>\n\n\n\n<p>Puedes llegar a ella en avi\u00f3n desde S\u00e2o Miguel.<\/p>\n\n\n\n<h2 class=\"wp-block-heading\">Planes para disfrutar de Faial<\/h2>\n\n\n\n<figure class=\"wp-block-image size-full\"><img loading=\"lazy\" decoding=\"async\" width=\"1920\" height=\"1282\" src=\"https:\/\/www.canariasviaja.com\/viajaresvivir\/wp-content\/uploads\/2023\/05\/tiago-miguel-pereira-jRPbKV26nPc-unsplash-1.jpg\" alt=\"\" class=\"wp-image-10513\" srcset=\"https:\/\/www.canariasviaja.com\/viajaresvivir\/wp-content\/uploads\/2023\/05\/tiago-miguel-pereira-jRPbKV26nPc-unsplash-1.jpg 1920w, https:\/\/www.canariasviaja.com\/viajaresvivir\/wp-content\/uploads\/2023\/05\/tiago-miguel-pereira-jRPbKV26nPc-unsplash-1-300x200.jpg 300w, https:\/\/www.canariasviaja.com\/viajaresvivir\/wp-content\/uploads\/2023\/05\/tiago-miguel-pereira-jRPbKV26nPc-unsplash-1-768x513.jpg 768w, https:\/\/www.canariasviaja.com\/viajaresvivir\/wp-content\/uploads\/2023\/05\/tiago-miguel-pereira-jRPbKV26nPc-unsplash-1-1536x1026.jpg 1536w, https:\/\/www.canariasviaja.com\/viajaresvivir\/wp-content\/uploads\/2023\/05\/tiago-miguel-pereira-jRPbKV26nPc-unsplash-1-1200x801.jpg 1200w, https:\/\/www.canariasviaja.com\/viajaresvivir\/wp-content\/uploads\/2023\/05\/tiago-miguel-pereira-jRPbKV26nPc-unsplash-1-1617x1080.jpg 1617w\" sizes=\"(max-width: 1920px) 100vw, 1920px\" \/><figcaption class=\"wp-element-caption\">Horta. Foto de <a href=\"https:\/\/unsplash.com\/@ptiago206?utm_source=unsplash&amp;utm_medium=referral&amp;utm_content=creditCopyText\">Tiago Miguel Pereira<\/a> en <a href=\"https:\/\/unsplash.com\/es\/fotos\/jRPbKV26nPc?utm_source=unsplash&amp;utm_medium=referral&amp;utm_content=creditCopyText\">Unsplash<\/a><\/figcaption><\/figure>\n\n\n\n<ul class=\"wp-block-list\">\n<li><strong>Disfruta de la cosmopolita ciudad de Horta:<\/strong> Horta es la principal ciudad de la isla de Faial, y es famosa por su<strong> puerto deportivo<\/strong> al que llegan navegantes de todo el mundo. Aqu\u00ed, puedes admirar los coloridos <strong>murales pintados <\/strong>por los marineros que han visitado el puerto a lo largo de los a\u00f1os. Adem\u00e1s, la ciudad tiene un ambiente alegre y animado, con muchos restaurantes y bares para disfrutar, como el<strong> Peter Caf\u00e9<\/strong>, de visita obligatoria, donde encontrar\u00e1s una curiosa colecci\u00f3n de huesos tallados de cachalotes.<\/li>\n\n\n\n<li><strong>As\u00f3mate al mirador de la Caldeira de Faial<\/strong>. Admirar\u00e1s la mejor vista de uno de los monumentos naturales m\u00e1s importantes y espectaculares de Faial que se encuentra en lo alto del volc\u00e1n central en pleno coraz\u00f3n de la isla.&nbsp;Se trata del cr\u00e1ter de uno de los volcanes m\u00e1s grandes que posee, con&nbsp;<strong>400 metros de profundidad y 2 kil\u00f3metros de di\u00e1metro<\/strong>.&nbsp;Se form\u00f3 en consecuencia de numerosas erupciones a lo largo de los \u00faltimos 400 mil a\u00f1os. Es una&nbsp;<strong>Reserva Natural<\/strong>&nbsp;que engloba 313 hect\u00e1reas, ya que alberga m\u00e1s de&nbsp;<strong>dos tercios de la flora end\u00e9mica de las islas Azores<\/strong>&nbsp;en perfecto estado de conservaci\u00f3n, as\u00ed como&nbsp;<strong>fauna end\u00e9mica<\/strong>&nbsp;de la isla de Faial y del archipi\u00e9lago.<\/li>\n\n\n\n<li><strong>Haz una caminata en el Parque Natural de Faial:<\/strong> El Parque Natural de Faial es una zona protegida que cubre gran parte de la isla. Aqu\u00ed, puedes hacer una caminata a trav\u00e9s de los bosques y las monta\u00f1as, y disfrutar de vistas panor\u00e1micas del oc\u00e9ano Atl\u00e1ntico.<\/li>\n\n\n\n<li><strong>Visita el Volc\u00e1n Capelinhos:<\/strong> El Volc\u00e1n Capelinhos es uno de los atractivos tur\u00edsticos m\u00e1s importantes de la isla de Faial. La erupci\u00f3n del volc\u00e1n en 1957 cre\u00f3 una nueva porci\u00f3n de tierra que ahora forma parte de la isla. En el <strong><a href=\"https:\/\/parquesnaturais.azores.gov.pt\/pt\/parques\/3\/centro\/12\" target=\"_blank\" rel=\"noreferrer noopener\">Centro de Interpretaci\u00f3n del Volc\u00e1n Capelinhos<\/a><\/strong> podr\u00e1s descubrir m\u00e1s sobre la historia geol\u00f3gica de la isla.<\/li>\n\n\n\n<li><strong>Haz una excursi\u00f3n de observaci\u00f3n de ballenas: <\/strong>La<strong> ballena azul <\/strong>vive en las aguas de Faial durante casi todo el a\u00f1o, as\u00ed que podr\u00e1s observar a este espectacular mam\u00edfero en libertad con mucha probabilidad.  Las excursiones en barco salen desde el puerto de Horta y te llevan a trav\u00e9s de las aguas cercanas para que puedas ver estas magn\u00edficas criaturas en su h\u00e1bitat natural.<\/li>\n\n\n\n<li><strong>Rel\u00e1jate en sus playas:<\/strong> La isla de Faial cuenta con algunas playas impresionantes, como la <strong>Praia do Almoxarife<\/strong> y la agreste <strong>Praia do Norte<\/strong>. Tambi\u00e9n puedes disfrutar de las cristalinas aguas atl\u00e1nticas en sus piscinas naturales, como las de <strong>Varadouro.<\/strong><\/li>\n\n\n\n<li>Haz una <strong>excursi\u00f3n a la isla de Pico<\/strong>: Desde la isla de Faial, puedes hacer una excursi\u00f3n en barco a la isla de Pico, que est\u00e1 justo al lado. Aqu\u00ed, puedes escalar la monta\u00f1a m\u00e1s alta de Portugal, el Pico, o explorar las cuevas de lava.<\/li>\n\n\n\n<li>Visita la <strong>Casa Dabney<\/strong>. Una propiedad hist\u00f3rica que retrata la historia y el paso de la familia Dabney en Faial, que dej\u00f3 un patrimonio cultural, hist\u00f3rico y cient\u00edfico, a\u00fan visible y reconocido en la isla.<\/li>\n<\/ul>\n\n\n\n<figure class=\"wp-block-image size-large\"><img loading=\"lazy\" decoding=\"async\" width=\"2000\" height=\"1281\" src=\"https:\/\/www.canariasviaja.com\/viajaresvivir\/wp-content\/uploads\/2023\/05\/Capelinhos-Vulcano-2000x1281.jpg\" alt=\"Descubre Azores: Terceira\" class=\"wp-image-10517\" srcset=\"https:\/\/www.canariasviaja.com\/viajaresvivir\/wp-content\/uploads\/2023\/05\/Capelinhos-Vulcano-2000x1281.jpg 2000w, https:\/\/www.canariasviaja.com\/viajaresvivir\/wp-content\/uploads\/2023\/05\/Capelinhos-Vulcano-300x192.jpg 300w, https:\/\/www.canariasviaja.com\/viajaresvivir\/wp-content\/uploads\/2023\/05\/Capelinhos-Vulcano-768x492.jpg 768w, https:\/\/www.canariasviaja.com\/viajaresvivir\/wp-content\/uploads\/2023\/05\/Capelinhos-Vulcano-1536x984.jpg 1536w, https:\/\/www.canariasviaja.com\/viajaresvivir\/wp-content\/uploads\/2023\/05\/Capelinhos-Vulcano-2048x1312.jpg 2048w, https:\/\/www.canariasviaja.com\/viajaresvivir\/wp-content\/uploads\/2023\/05\/Capelinhos-Vulcano-1200x769.jpg 1200w, https:\/\/www.canariasviaja.com\/viajaresvivir\/wp-content\/uploads\/2023\/05\/Capelinhos-Vulcano-1686x1080.jpg 1686w\" sizes=\"(max-width: 2000px) 100vw, 2000px\" \/><figcaption class=\"wp-element-caption\">Volc\u00e1n Capelinhos. Foto: <a href=\"https:\/\/azoresphotos.visitazores.com\/site\/author\/Ant%C3%B3nio+Carvalho+e+Cunha\">Ant\u00f3nio Carvalho e Cunha<\/a> (Turismo de A\u00e7ores)<\/figcaption><\/figure>\n\n\n\n<p><\/p>\n\n\n\n<p>En el grupo central de las islas de Azores podr\u00e1s disfrutar de las formas de vida tradicionales, de ciudades hist\u00f3ricas y de maravillas naturales en unos paisajes \u00fanicos.<\/p>\n\n\n\n<div class=\"wp-block-buttons is-content-justification-center is-layout-flex wp-container-core-buttons-is-layout-1 wp-block-buttons-is-layout-flex\">\n<div class=\"wp-block-button\"><a class=\"wp-block-button__link wp-element-button\" href=\"https:\/\/bit.ly\/3OvisAk\">\u00a1Descubre Azores!<\/a><\/div>\n<\/div>\n","protected":false},"excerpt":{"rendered":"<p>El archipi\u00e9lago portugu\u00e9s de Azores es un para\u00edso natural por descubrir. Nueve islas de origen volc\u00e1nico con una naturaleza sorprendente que te cautivar\u00e1. Adem\u00e1s de la isla de S\u00e2o Miguel, con la que la aerol\u00ednea canaria Binter conecta los archipi\u00e9lagos macaron\u00e9sicos de Canarias y Azores, y de la que ya te hemos hablado, est\u00e1 compuesto por ocho islas m\u00e1s. Hoy &hellip;<\/p>\n","protected":false},"author":2,"featured_media":10518,"comment_status":"open","ping_status":"closed","sticky":false,"template":"","format":"standard","meta":{"_acf_changed":false,"sfsi_plus_gutenberg_text_before_share":"","sfsi_plus_gutenberg_show_text_before_share":"","sfsi_plus_gutenberg_icon_type":"","sfsi_plus_gutenberg_icon_alignemt":"","sfsi_plus_gutenburg_max_per_row":"","footnotes":""},"categories":[93,124,5,123,10,91,197],"tags":[962,963,113,964,965,116,966],"class_list":["post-10483","post","type-post","status-publish","format-standard","has-post-thumbnail","hentry","category-azores","category-descubre","category-europa","category-explora","category-historias-viajeras","category-portugal","category-rincones-por-descubrir","tag-faial","tag-graciosa","tag-patrimonio-de-la-humanidad","tag-pico","tag-sao-jorge","tag-senderismo","tag-terceira"],"acf":[],"yoast_head":"<!-- This site is optimized with the Yoast SEO plugin v24.1 - https:\/\/yoast.com\/wordpress\/plugins\/seo\/ -->\n<title>Descubre Azores (II): Terceira, Graciosa, San Jorge, Pico y Faial - Viajar es vivir<\/title>\n<meta name=\"description\" content=\"Descubre Azores: Terceira, Graciosa, San Jorge, Pico y Faial. Explora el grupo central de islas del archipi\u00e9lago portugu\u00e9s m\u00e1s sostenible\" \/>\n<meta name=\"robots\" content=\"index, follow, max-snippet:-1, max-image-preview:large, max-video-preview:-1\" \/>\n<link rel=\"canonical\" href=\"https:\/\/www.canariasviaja.com\/viajaresvivir\/descubre-azores-terceira-graciosa-san-jorge-pico-y-fayal\/\" \/>\n<meta property=\"og:locale\" content=\"es_ES\" \/>\n<meta property=\"og:type\" content=\"article\" \/>\n<meta property=\"og:title\" content=\"Descubre Azores (II): Terceira, Graciosa, San Jorge, Pico y Faial - Viajar es vivir\" \/>\n<meta property=\"og:description\" content=\"Descubre Azores: Terceira, Graciosa, San Jorge, Pico y Faial. Explora el grupo central de islas del archipi\u00e9lago portugu\u00e9s m\u00e1s sostenible\" \/>\n<meta property=\"og:url\" content=\"https:\/\/www.canariasviaja.com\/viajaresvivir\/descubre-azores-terceira-graciosa-san-jorge-pico-y-fayal\/\" \/>\n<meta property=\"og:site_name\" content=\"Viajar es vivir\" \/>\n<meta property=\"article:published_time\" content=\"2023-05-19T10:04:33+00:00\" \/>\n<meta property=\"article:modified_time\" content=\"2024-04-12T18:10:41+00:00\" \/>\n<meta property=\"og:image\" content=\"http:\/\/www.canariasviaja.com\/viajaresvivir\/wp-content\/uploads\/2023\/05\/Pico-island-scaled.jpg\" \/>\n\t<meta property=\"og:image:width\" content=\"2560\" \/>\n\t<meta property=\"og:image:height\" content=\"1703\" \/>\n\t<meta property=\"og:image:type\" content=\"image\/jpeg\" \/>\n<meta name=\"author\" content=\"Patri C\u00e1mpora\" \/>\n<meta name=\"twitter:card\" content=\"summary_large_image\" \/>\n<meta name=\"twitter:label1\" content=\"Escrito por\" \/>\n\t<meta name=\"twitter:data1\" content=\"Patri C\u00e1mpora\" \/>\n\t<meta name=\"twitter:label2\" content=\"Tiempo de lectura\" \/>\n\t<meta name=\"twitter:data2\" content=\"16 minutos\" \/>\n<script type=\"application\/ld+json\" class=\"yoast-schema-graph\">{\"@context\":\"https:\/\/schema.org\",\"@graph\":[{\"@type\":\"WebPage\",\"@id\":\"https:\/\/www.canariasviaja.com\/viajaresvivir\/descubre-azores-terceira-graciosa-san-jorge-pico-y-fayal\/\",\"url\":\"https:\/\/www.canariasviaja.com\/viajaresvivir\/descubre-azores-terceira-graciosa-san-jorge-pico-y-fayal\/\",\"name\":\"Descubre Azores (II): Terceira, Graciosa, San Jorge, Pico y Faial - Viajar es vivir\",\"isPartOf\":{\"@id\":\"https:\/\/www.canariasviaja.com\/viajaresvivir\/#website\"},\"primaryImageOfPage\":{\"@id\":\"https:\/\/www.canariasviaja.com\/viajaresvivir\/descubre-azores-terceira-graciosa-san-jorge-pico-y-fayal\/#primaryimage\"},\"image\":{\"@id\":\"https:\/\/www.canariasviaja.com\/viajaresvivir\/descubre-azores-terceira-graciosa-san-jorge-pico-y-fayal\/#primaryimage\"},\"thumbnailUrl\":\"https:\/\/www.canariasviaja.com\/viajaresvivir\/wp-content\/uploads\/2023\/05\/Pico-island-scaled.jpg\",\"datePublished\":\"2023-05-19T10:04:33+00:00\",\"dateModified\":\"2024-04-12T18:10:41+00:00\",\"author\":{\"@id\":\"https:\/\/www.canariasviaja.com\/viajaresvivir\/#\/schema\/person\/085949651001325f1244a8bc1b34709c\"},\"description\":\"Descubre Azores: Terceira, Graciosa, San Jorge, Pico y Faial. Explora el grupo central de islas del archipi\u00e9lago portugu\u00e9s m\u00e1s sostenible\",\"breadcrumb\":{\"@id\":\"https:\/\/www.canariasviaja.com\/viajaresvivir\/descubre-azores-terceira-graciosa-san-jorge-pico-y-fayal\/#breadcrumb\"},\"inLanguage\":\"es\",\"potentialAction\":[{\"@type\":\"ReadAction\",\"target\":[\"https:\/\/www.canariasviaja.com\/viajaresvivir\/descubre-azores-terceira-graciosa-san-jorge-pico-y-fayal\/\"]}]},{\"@type\":\"ImageObject\",\"inLanguage\":\"es\",\"@id\":\"https:\/\/www.canariasviaja.com\/viajaresvivir\/descubre-azores-terceira-graciosa-san-jorge-pico-y-fayal\/#primaryimage\",\"url\":\"https:\/\/www.canariasviaja.com\/viajaresvivir\/wp-content\/uploads\/2023\/05\/Pico-island-scaled.jpg\",\"contentUrl\":\"https:\/\/www.canariasviaja.com\/viajaresvivir\/wp-content\/uploads\/2023\/05\/Pico-island-scaled.jpg\",\"width\":2560,\"height\":1703},{\"@type\":\"BreadcrumbList\",\"@id\":\"https:\/\/www.canariasviaja.com\/viajaresvivir\/descubre-azores-terceira-graciosa-san-jorge-pico-y-fayal\/#breadcrumb\",\"itemListElement\":[{\"@type\":\"ListItem\",\"position\":1,\"name\":\"Portada\",\"item\":\"https:\/\/www.canariasviaja.com\/viajaresvivir\/\"},{\"@type\":\"ListItem\",\"position\":2,\"name\":\"Descubre Azores (II): Terceira, Graciosa, San Jorge, Pico y Faial\"}]},{\"@type\":\"WebSite\",\"@id\":\"https:\/\/www.canariasviaja.com\/viajaresvivir\/#website\",\"url\":\"https:\/\/www.canariasviaja.com\/viajaresvivir\/\",\"name\":\"Viajar es vivir\",\"description\":\"El blog de viajes y estilo de vida de CanariasViaja\",\"potentialAction\":[{\"@type\":\"SearchAction\",\"target\":{\"@type\":\"EntryPoint\",\"urlTemplate\":\"https:\/\/www.canariasviaja.com\/viajaresvivir\/?s={search_term_string}\"},\"query-input\":{\"@type\":\"PropertyValueSpecification\",\"valueRequired\":true,\"valueName\":\"search_term_string\"}}],\"inLanguage\":\"es\"},{\"@type\":\"Person\",\"@id\":\"https:\/\/www.canariasviaja.com\/viajaresvivir\/#\/schema\/person\/085949651001325f1244a8bc1b34709c\",\"name\":\"Patri C\u00e1mpora\",\"image\":{\"@type\":\"ImageObject\",\"inLanguage\":\"es\",\"@id\":\"https:\/\/www.canariasviaja.com\/viajaresvivir\/#\/schema\/person\/image\/\",\"url\":\"https:\/\/secure.gravatar.com\/avatar\/b2ce2c4086a5776e5310f57c1a2e5b4e?s=96&d=mm&r=g\",\"contentUrl\":\"https:\/\/secure.gravatar.com\/avatar\/b2ce2c4086a5776e5310f57c1a2e5b4e?s=96&d=mm&r=g\",\"caption\":\"Patri C\u00e1mpora\"},\"url\":\"https:\/\/www.canariasviaja.com\/viajaresvivir\/author\/patri\/\"}]}<\/script>\n<!-- \/ Yoast SEO plugin. -->","yoast_head_json":{"title":"Descubre Azores (II): Terceira, Graciosa, San Jorge, Pico y Faial - Viajar es vivir","description":"Descubre Azores: Terceira, Graciosa, San Jorge, Pico y Faial. Explora el grupo central de islas del archipi\u00e9lago portugu\u00e9s m\u00e1s sostenible","robots":{"index":"index","follow":"follow","max-snippet":"max-snippet:-1","max-image-preview":"max-image-preview:large","max-video-preview":"max-video-preview:-1"},"canonical":"https:\/\/www.canariasviaja.com\/viajaresvivir\/descubre-azores-terceira-graciosa-san-jorge-pico-y-fayal\/","og_locale":"es_ES","og_type":"article","og_title":"Descubre Azores (II): Terceira, Graciosa, San Jorge, Pico y Faial - Viajar es vivir","og_description":"Descubre Azores: Terceira, Graciosa, San Jorge, Pico y Faial. Explora el grupo central de islas del archipi\u00e9lago portugu\u00e9s m\u00e1s sostenible","og_url":"https:\/\/www.canariasviaja.com\/viajaresvivir\/descubre-azores-terceira-graciosa-san-jorge-pico-y-fayal\/","og_site_name":"Viajar es vivir","article_published_time":"2023-05-19T10:04:33+00:00","article_modified_time":"2024-04-12T18:10:41+00:00","og_image":[{"width":2560,"height":1703,"url":"http:\/\/www.canariasviaja.com\/viajaresvivir\/wp-content\/uploads\/2023\/05\/Pico-island-scaled.jpg","type":"image\/jpeg"}],"author":"Patri C\u00e1mpora","twitter_card":"summary_large_image","twitter_misc":{"Escrito por":"Patri C\u00e1mpora","Tiempo de lectura":"16 minutos"},"schema":{"@context":"https:\/\/schema.org","@graph":[{"@type":"WebPage","@id":"https:\/\/www.canariasviaja.com\/viajaresvivir\/descubre-azores-terceira-graciosa-san-jorge-pico-y-fayal\/","url":"https:\/\/www.canariasviaja.com\/viajaresvivir\/descubre-azores-terceira-graciosa-san-jorge-pico-y-fayal\/","name":"Descubre Azores (II): Terceira, Graciosa, San Jorge, Pico y Faial - Viajar es vivir","isPartOf":{"@id":"https:\/\/www.canariasviaja.com\/viajaresvivir\/#website"},"primaryImageOfPage":{"@id":"https:\/\/www.canariasviaja.com\/viajaresvivir\/descubre-azores-terceira-graciosa-san-jorge-pico-y-fayal\/#primaryimage"},"image":{"@id":"https:\/\/www.canariasviaja.com\/viajaresvivir\/descubre-azores-terceira-graciosa-san-jorge-pico-y-fayal\/#primaryimage"},"thumbnailUrl":"https:\/\/www.canariasviaja.com\/viajaresvivir\/wp-content\/uploads\/2023\/05\/Pico-island-scaled.jpg","datePublished":"2023-05-19T10:04:33+00:00","dateModified":"2024-04-12T18:10:41+00:00","author":{"@id":"https:\/\/www.canariasviaja.com\/viajaresvivir\/#\/schema\/person\/085949651001325f1244a8bc1b34709c"},"description":"Descubre Azores: Terceira, Graciosa, San Jorge, Pico y Faial. Explora el grupo central de islas del archipi\u00e9lago portugu\u00e9s m\u00e1s sostenible","breadcrumb":{"@id":"https:\/\/www.canariasviaja.com\/viajaresvivir\/descubre-azores-terceira-graciosa-san-jorge-pico-y-fayal\/#breadcrumb"},"inLanguage":"es","potentialAction":[{"@type":"ReadAction","target":["https:\/\/www.canariasviaja.com\/viajaresvivir\/descubre-azores-terceira-graciosa-san-jorge-pico-y-fayal\/"]}]},{"@type":"ImageObject","inLanguage":"es","@id":"https:\/\/www.canariasviaja.com\/viajaresvivir\/descubre-azores-terceira-graciosa-san-jorge-pico-y-fayal\/#primaryimage","url":"https:\/\/www.canariasviaja.com\/viajaresvivir\/wp-content\/uploads\/2023\/05\/Pico-island-scaled.jpg","contentUrl":"https:\/\/www.canariasviaja.com\/viajaresvivir\/wp-content\/uploads\/2023\/05\/Pico-island-scaled.jpg","width":2560,"height":1703},{"@type":"BreadcrumbList","@id":"https:\/\/www.canariasviaja.com\/viajaresvivir\/descubre-azores-terceira-graciosa-san-jorge-pico-y-fayal\/#breadcrumb","itemListElement":[{"@type":"ListItem","position":1,"name":"Portada","item":"https:\/\/www.canariasviaja.com\/viajaresvivir\/"},{"@type":"ListItem","position":2,"name":"Descubre Azores (II): Terceira, Graciosa, San Jorge, Pico y Faial"}]},{"@type":"WebSite","@id":"https:\/\/www.canariasviaja.com\/viajaresvivir\/#website","url":"https:\/\/www.canariasviaja.com\/viajaresvivir\/","name":"Viajar es vivir","description":"El blog de viajes y estilo de vida de CanariasViaja","potentialAction":[{"@type":"SearchAction","target":{"@type":"EntryPoint","urlTemplate":"https:\/\/www.canariasviaja.com\/viajaresvivir\/?s={search_term_string}"},"query-input":{"@type":"PropertyValueSpecification","valueRequired":true,"valueName":"search_term_string"}}],"inLanguage":"es"},{"@type":"Person","@id":"https:\/\/www.canariasviaja.com\/viajaresvivir\/#\/schema\/person\/085949651001325f1244a8bc1b34709c","name":"Patri C\u00e1mpora","image":{"@type":"ImageObject","inLanguage":"es","@id":"https:\/\/www.canariasviaja.com\/viajaresvivir\/#\/schema\/person\/image\/","url":"https:\/\/secure.gravatar.com\/avatar\/b2ce2c4086a5776e5310f57c1a2e5b4e?s=96&d=mm&r=g","contentUrl":"https:\/\/secure.gravatar.com\/avatar\/b2ce2c4086a5776e5310f57c1a2e5b4e?s=96&d=mm&r=g","caption":"Patri C\u00e1mpora"},"url":"https:\/\/www.canariasviaja.com\/viajaresvivir\/author\/patri\/"}]}},"_links":{"self":[{"href":"https:\/\/www.canariasviaja.com\/viajaresvivir\/wp-json\/wp\/v2\/posts\/10483"}],"collection":[{"href":"https:\/\/www.canariasviaja.com\/viajaresvivir\/wp-json\/wp\/v2\/posts"}],"about":[{"href":"https:\/\/www.canariasviaja.com\/viajaresvivir\/wp-json\/wp\/v2\/types\/post"}],"author":[{"embeddable":true,"href":"https:\/\/www.canariasviaja.com\/viajaresvivir\/wp-json\/wp\/v2\/users\/2"}],"replies":[{"embeddable":true,"href":"https:\/\/www.canariasviaja.com\/viajaresvivir\/wp-json\/wp\/v2\/comments?post=10483"}],"version-history":[{"count":10,"href":"https:\/\/www.canariasviaja.com\/viajaresvivir\/wp-json\/wp\/v2\/posts\/10483\/revisions"}],"predecessor-version":[{"id":11366,"href":"https:\/\/www.canariasviaja.com\/viajaresvivir\/wp-json\/wp\/v2\/posts\/10483\/revisions\/11366"}],"wp:featuredmedia":[{"embeddable":true,"href":"https:\/\/www.canariasviaja.com\/viajaresvivir\/wp-json\/wp\/v2\/media\/10518"}],"wp:attachment":[{"href":"https:\/\/www.canariasviaja.com\/viajaresvivir\/wp-json\/wp\/v2\/media?parent=10483"}],"wp:term":[{"taxonomy":"category","embeddable":true,"href":"https:\/\/www.canariasviaja.com\/viajaresvivir\/wp-json\/wp\/v2\/categories?post=10483"},{"taxonomy":"post_tag","embeddable":true,"href":"https:\/\/www.canariasviaja.com\/viajaresvivir\/wp-json\/wp\/v2\/tags?post=10483"}],"curies":[{"name":"wp","href":"https:\/\/api.w.org\/{rel}","templated":true}]}}