{"id":10795,"date":"2023-09-06T14:22:08","date_gmt":"2023-09-06T14:22:08","guid":{"rendered":"https:\/\/www.canariasviaja.com\/viajaresvivir\/?p=10795"},"modified":"2023-09-07T10:24:42","modified_gmt":"2023-09-07T10:24:42","slug":"planes-de-dia-desde-marrakech","status":"publish","type":"post","link":"https:\/\/www.canariasviaja.com\/viajaresvivir\/planes-de-dia-desde-marrakech\/","title":{"rendered":"Planes de d\u00eda desde Marrakech"},"content":{"rendered":"\n<p>Marrakech, la Ciudad Roja, embruja y cautiva.<\/p>\n\n\n\n<p>Recorrer las callejuelas centenarias de la <strong><a href=\"https:\/\/www.canariasviaja.com\/viajaresvivir\/la-medina-de-marrakech-siente-su-embrujo\/\">Medina<\/a><\/strong>, regatear en los <strong>zocos<\/strong>, contemplar el singular espect\u00e1culo que tiene lugar cada d\u00eda al caer el sol &nbsp;en la <strong>Plaza Jeem el Fnaa<\/strong>, visitar el <strong>Museo de Yves Saint Laurent <\/strong>y el elegante <strong>Jard\u00edn Marjorelle<\/strong>, descubrir la <strong>Medersa Ben Yousef <\/strong>y el impresionante <strong>Palacio Bah\u00eda<\/strong>, saborear un humeante <strong>t\u00e9 a la menta<\/strong> desde una terraza al atardecer, relajarse en un <strong>hamman<\/strong>, pasear por el <strong>Palmeral<\/strong> a lomos de dromedario o en un quad, dejarse sorprender por la <strong>gastronom\u00eda y la m\u00fasica marroqu\u00ed<\/strong>\u2026 <a href=\"https:\/\/bit.ly\/3LexQid\">Hay tantas cosas que hacer en Marrakech <\/a>que la ciudad nos atrapar\u00e1 y no nos dar\u00e1 tregua.<\/p>\n\n\n\n<p>Si el ajetreo de la ciudad te abruma, o tienes una semana por delante, puedes dedicar unas horas a explorar lo que la rodea. Vivir\u00e1s una <strong>experiencia m\u00e1s completa<\/strong>, descubriendo paisajes sorprendentes, tradiciones ancestrales, y siendo el protagonista de aventuras inolvidables.<\/p>\n\n\n\n<figure class=\"wp-block-image size-full\"><img loading=\"lazy\" decoding=\"async\" width=\"1124\" height=\"600\" src=\"https:\/\/www.canariasviaja.com\/viajaresvivir\/wp-content\/uploads\/2023\/09\/3685.jpg\" alt=\"\" class=\"wp-image-10804\" srcset=\"https:\/\/www.canariasviaja.com\/viajaresvivir\/wp-content\/uploads\/2023\/09\/3685.jpg 1124w, https:\/\/www.canariasviaja.com\/viajaresvivir\/wp-content\/uploads\/2023\/09\/3685-300x160.jpg 300w, https:\/\/www.canariasviaja.com\/viajaresvivir\/wp-content\/uploads\/2023\/09\/3685-768x410.jpg 768w\" sizes=\"(max-width: 1124px) 100vw, 1124px\" \/><\/figure>\n\n\n\n<p>Cumplir el sue\u00f1o de volar en globo, descargar adrenalina en el desierto conduciendo un quad, disfrutar de la experiencia de cenar en el desierto al ritmo de la m\u00fasica tradicional, adentrarse en valles donde descubrir paisajes y gentes aut\u00e9nticas&#8230; Estos son algunos de los<strong> planes <\/strong>que te esperan si te animas a explorar, por unas horas, m\u00e1s all\u00e1 de las murallas de la Medina.<\/p>\n\n\n\n<p><strong><a href=\"https:\/\/bit.ly\/3LexQid\">\u00bfTe animas a enriquecer tu escapada a Marrakech con alg\u00fan plan de medio d\u00eda?<\/a><\/strong><\/p>\n\n\n\n<div style=\"height:100px\" aria-hidden=\"true\" class=\"wp-block-spacer\"><\/div>\n\n\n\n<h3 class=\"wp-block-heading\">Planes en el desierto de Agafay<\/h3>\n\n\n\n<h2 class=\"wp-block-heading\">Desierto de Agafay y Lago Takerkoust en quad<\/h2>\n\n\n\n<figure class=\"wp-block-image size-full\"><img loading=\"lazy\" decoding=\"async\" width=\"1124\" height=\"600\" src=\"https:\/\/www.canariasviaja.com\/viajaresvivir\/wp-content\/uploads\/2023\/09\/3683.jpg\" alt=\"\" class=\"wp-image-10800\" srcset=\"https:\/\/www.canariasviaja.com\/viajaresvivir\/wp-content\/uploads\/2023\/09\/3683.jpg 1124w, https:\/\/www.canariasviaja.com\/viajaresvivir\/wp-content\/uploads\/2023\/09\/3683-300x160.jpg 300w, https:\/\/www.canariasviaja.com\/viajaresvivir\/wp-content\/uploads\/2023\/09\/3683-768x410.jpg 768w\" sizes=\"(max-width: 1124px) 100vw, 1124px\" \/><\/figure>\n\n\n\n<p>A menos de una hora de Marrakech se encuentran algunos de los lugares favoritos de los marrakech\u00edes&nbsp;para desconectar de la ciudad: el <strong>Desierto de Agafay y el Lago Takerkoust.<\/strong><\/p>\n\n\n\n<p>Esta aventura comienza en el cercano desierto de Agafay, situado a tan solo 40 kil\u00f3metros de la Ciudad Roja. Este desierto, con aspecto de paisaje lunar, era el hogar de las<strong> tribus bereberes<\/strong> hasta que tuvieron que abandonarlo por la ausencia de agua. Ahora sus <strong>haimas<\/strong> han sido sustituidas por las de los campamentos destinados al turismo, en los que se puede vivir la m\u00e1gica experiencia de pasar una noche en el desierto, cenar bajo las estrellas, realizar paseos en dromedario por las dunas y hasta jugar al golf sin hierba.<\/p>\n\n\n\n<p>Una de las maneras m\u00e1s divertidas de explorar el desierto de Agafay es a lomos de un <strong>quad,<\/strong> recorriendo los \u00e1ridos paisajes de tonos ocres y rojizos que contrastan con las nevadas cumbres del Atlas de fondo. De camino al Lago Takerkoust, podr\u00e1s visitar una<strong> aldea bereber <\/strong>y conocer sus tradiciones ancestrales.<\/p>\n\n\n\n<p>El contraste entre el azul del agua y los tonos tierra del paisaje, nos indicar\u00e1 que hemos llegado al <strong>Lago Takerkoust<\/strong>. Un embalse artificial, construido durante la \u00e9poca del protectorado franc\u00e9s, que se ha convertido en zona de recreo para los habitantes acomodados de Marrakech, con <strong>agradables restaurantes y terrazas chill out <\/strong>en las que disfrutar de un t\u00e9 o un c\u00f3ctel.<\/p>\n\n\n\n<p>Tras un refresco en una de sus terrazas volver\u00e1s a montarte a lomos de tu quad para regresar al punto de partida. Una divertida actividad para compartir con amigos o familia. \u00bfTe animas?<\/p>\n\n\n\n<div style=\"height:100px\" aria-hidden=\"true\" class=\"wp-block-spacer\"><\/div>\n\n\n\n<h2 class=\"wp-block-heading\">Paseo en camello por el desierto de Agafay &nbsp;con cena y espect\u00e1culo<\/h2>\n\n\n\n<figure class=\"wp-block-image size-full\"><img loading=\"lazy\" decoding=\"async\" width=\"1124\" height=\"600\" src=\"https:\/\/www.canariasviaja.com\/viajaresvivir\/wp-content\/uploads\/2023\/09\/3699.jpg\" alt=\"\" class=\"wp-image-10801\" srcset=\"https:\/\/www.canariasviaja.com\/viajaresvivir\/wp-content\/uploads\/2023\/09\/3699.jpg 1124w, https:\/\/www.canariasviaja.com\/viajaresvivir\/wp-content\/uploads\/2023\/09\/3699-300x160.jpg 300w, https:\/\/www.canariasviaja.com\/viajaresvivir\/wp-content\/uploads\/2023\/09\/3699-768x410.jpg 768w\" sizes=\"(max-width: 1124px) 100vw, 1124px\" \/><\/figure>\n\n\n\n<p>Cuando pensamos en Marruecos nos viene a la cabeza su <strong>exotismo<\/strong>, los dromedarios paseando por el desierto, haimas iluminadas a la luz de las velas, mujeres tatuadas con henna, deliciosos platos servidos en fuentes de barro\u2026Im\u00e1genes que podemos hacer realidad a unos pocos kil\u00f3metros de la ciudad.<\/p>\n\n\n\n<p>Vivir una velada \u00fanica e inolvidable est\u00e1 a nuestro alcance en el<strong> desierto de Agafay<\/strong>. Podremos recorrer las dunas a lomos de un dromedario, como los bereberes, maravill\u00e1ndonos con su \u00e1rido paisaje de otro planeta.<\/p>\n\n\n\n<p>Despu\u00e9s del paseo, nos sumergiremos en un oasis, donde nos espera, a la luz de las velas, una tatuadora de <strong>henna <\/strong>dispuesta a decorar nuestra piel con tintes vegetales para que nos llevemos un recuerdo de nuestro paso por Marruecos.<\/p>\n\n\n\n<p>En una caba\u00f1a iluminada con velas nos espera un delicioso fest\u00edn que incluye platos de la <strong>gastronom\u00eda tradicional marroqu\u00ed<\/strong>, amenizado por la m\u00fasica en directo de estilo <em>gnawa<\/em> y rodeados de bailarinas de danza del vientre. <\/p>\n\n\n\n<p>En el camino de vuelta al hotel dudaremos de si lo que hemos vivido ha sido un sue\u00f1o o realidad&#8230;<\/p>\n\n\n\n<div style=\"height:100px\" aria-hidden=\"true\" class=\"wp-block-spacer\"><\/div>\n\n\n\n<h3 class=\"wp-block-heading\">Valle de Ourika, en el coraz\u00f3n del pa\u00eds Berebere<\/h3>\n\n\n\n<figure class=\"wp-block-image size-full\"><img loading=\"lazy\" decoding=\"async\" width=\"1124\" height=\"600\" src=\"https:\/\/www.canariasviaja.com\/viajaresvivir\/wp-content\/uploads\/2023\/09\/731.jpg\" alt=\"\" class=\"wp-image-10802\" srcset=\"https:\/\/www.canariasviaja.com\/viajaresvivir\/wp-content\/uploads\/2023\/09\/731.jpg 1124w, https:\/\/www.canariasviaja.com\/viajaresvivir\/wp-content\/uploads\/2023\/09\/731-300x160.jpg 300w, https:\/\/www.canariasviaja.com\/viajaresvivir\/wp-content\/uploads\/2023\/09\/731-768x410.jpg 768w\" sizes=\"(max-width: 1124px) 100vw, 1124px\" \/><\/figure>\n\n\n\n<p>La ciudad de Marrakech es tan intensa que despu\u00e9s de unos d\u00edas recorriendo sus estrechas callejuelas quiz\u00e1s necesitemos salir de ella por unas horas para tomar aire y coger perspectiva.<\/p>\n\n\n\n<p><strong>El Valle de Ourika<\/strong>, es uno de los<strong> valles m\u00e1s hermosos<\/strong> y mejor conservados de Marruecos. Y est\u00e1 tan solo a hora y media de la ciudad, por lo que es una excursi\u00f3n de medio d\u00eda perfecta.<\/p>\n\n\n\n<p>All\u00ed podremos disfrutar de los <strong>peque\u00f1os pueblos<\/strong> que cuelgan de las laderas de los macizos, conocer sus costumbres y disfrutar de impresionantes cascadas y de sus paisajes rocosos que se confunden con el desierto.<\/p>\n\n\n\n<p>La belleza del paisaje de los <strong>confines del Atlas occidental <\/strong>y el contacto con la realidad rural del pa\u00eds nos cargar\u00e1 de energ\u00eda para seguir explorando la ciudad.<\/p>\n\n\n\n<div style=\"height:100px\" aria-hidden=\"true\" class=\"wp-block-spacer\"><\/div>\n\n\n\n<h3 class=\"wp-block-heading\">Marrakech a vista de p\u00e1jaro<\/h3>\n\n\n\n<figure class=\"wp-block-image size-full\"><img loading=\"lazy\" decoding=\"async\" width=\"1124\" height=\"600\" src=\"https:\/\/www.canariasviaja.com\/viajaresvivir\/wp-content\/uploads\/2023\/09\/3695.jpg\" alt=\"\" class=\"wp-image-10803\" srcset=\"https:\/\/www.canariasviaja.com\/viajaresvivir\/wp-content\/uploads\/2023\/09\/3695.jpg 1124w, https:\/\/www.canariasviaja.com\/viajaresvivir\/wp-content\/uploads\/2023\/09\/3695-300x160.jpg 300w, https:\/\/www.canariasviaja.com\/viajaresvivir\/wp-content\/uploads\/2023\/09\/3695-768x410.jpg 768w\" sizes=\"(max-width: 1124px) 100vw, 1124px\" \/><\/figure>\n\n\n\n<p>Deja atr\u00e1s por unas horas la ajetreada Medina de Marrakech para vivir una aventura inolvidable. Comenzar\u00e1s el d\u00eda disfrutando de una de las ciudades m\u00e1s importantes del pa\u00eds y de algunos de los paisajes m\u00e1s bonitos de Marruecos a vista de p\u00e1jaro, desde un <strong>globo aerost\u00e1tico.<\/strong><\/p>\n\n\n\n<p>Un d\u00eda memorable que comenzar\u00e1 a poco m\u00e1s de media hora de Marrakech, en Jebilet. La experiencia se inicia con un ligero<strong> desayuno<\/strong> mientras observas c\u00f3mo se preparan e inflan los globos. Una vez listos, toca subir a bordo y ascender al cielo marroqu\u00ed para disfrutar de la traves\u00eda de una hora en la que podr\u00e1s disfrutar desde otra perspectiva la ciudad de Marrrakech y de la impresionante cordillera del Atlas. Las vistas te dejar\u00e1n sin palabras.<\/p>\n\n\n\n<p>A\u00fan con el coraz\u00f3n encogido por la emoci\u00f3n vivida, el globo tomar\u00e1 tierra.  Te recibir\u00e1n con una sonrisa y un reconfortante t\u00e9 marroqu\u00ed y un certificado de vuelo, para que atesores este momento para siempre.<\/p>\n\n\n\n<p>De camino de vuelta a Marrakech a\u00fan haremos un \u00faltimo alto en el camino para degustar unos aperitivos t\u00edpicos en una aut\u00e9ntica tienda bereber.<\/p>\n\n\n\n<p>\u00a1Uno de tus sue\u00f1os se habr\u00e1 hecho realidad!<\/p>\n\n\n\n<div class=\"wp-block-buttons is-layout-flex wp-block-buttons-is-layout-flex\">\n<div class=\"wp-block-button aligncenter\"><a class=\"wp-block-button__link wp-element-button\" href=\"https:\/\/bit.ly\/3LexQid\">\u00a1Esc\u00e1pate desde Marrakech!<\/a><\/div>\n<\/div>\n","protected":false},"excerpt":{"rendered":"<p>Marrakech, la Ciudad Roja, embruja y cautiva. Recorrer las callejuelas centenarias de la Medina, regatear en los zocos, contemplar el singular espect\u00e1culo que tiene lugar cada d\u00eda al caer el sol &nbsp;en la Plaza Jeem el Fnaa, visitar el Museo de Yves Saint Laurent y el elegante Jard\u00edn Marjorelle, descubrir la Medersa Ben Yousef y el impresionante Palacio Bah\u00eda, saborear &hellip;<\/p>\n","protected":false},"author":2,"featured_media":10804,"comment_status":"open","ping_status":"closed","sticky":false,"template":"","format":"standard","meta":{"_acf_changed":false,"sfsi_plus_gutenberg_text_before_share":"","sfsi_plus_gutenberg_show_text_before_share":"","sfsi_plus_gutenberg_icon_type":"","sfsi_plus_gutenberg_icon_alignemt":"","sfsi_plus_gutenburg_max_per_row":"","footnotes":""},"categories":[7,125,574,124,123,10,96],"tags":[985,890,140,982,984,983],"class_list":["post-10795","post","type-post","status-publish","format-standard","has-post-thumbnail","hentry","category-africa","category-aventurate","category-consejos-viajeros","category-descubre","category-explora","category-historias-viajeras","category-marruecos","tag-desierto-de-agafay","tag-excursion-de-un-dia","tag-marrakech","tag-quad","tag-valle-de-ourika","tag-vuelo-en-globo"],"acf":[],"yoast_head":"<!-- This site is optimized with the Yoast SEO plugin v24.1 - https:\/\/yoast.com\/wordpress\/plugins\/seo\/ -->\n<title>Planes de d\u00eda desde Marrakech - Viajar es vivir<\/title>\n<meta name=\"description\" content=\"Planes de d\u00eda desde Marrakech para vivir experiencias inolvidables, cumplir sue\u00f1os, conocer el Marruecos m\u00e1s aut\u00e9ntico.\" \/>\n<meta name=\"robots\" content=\"index, follow, max-snippet:-1, max-image-preview:large, max-video-preview:-1\" \/>\n<link rel=\"canonical\" href=\"https:\/\/www.canariasviaja.com\/viajaresvivir\/planes-de-dia-desde-marrakech\/\" \/>\n<meta property=\"og:locale\" content=\"es_ES\" \/>\n<meta property=\"og:type\" content=\"article\" \/>\n<meta property=\"og:title\" content=\"Planes de d\u00eda desde Marrakech - Viajar es vivir\" \/>\n<meta property=\"og:description\" content=\"Planes de d\u00eda desde Marrakech para vivir experiencias inolvidables, cumplir sue\u00f1os, conocer el Marruecos m\u00e1s aut\u00e9ntico.\" \/>\n<meta property=\"og:url\" content=\"https:\/\/www.canariasviaja.com\/viajaresvivir\/planes-de-dia-desde-marrakech\/\" \/>\n<meta property=\"og:site_name\" content=\"Viajar es vivir\" \/>\n<meta property=\"article:published_time\" content=\"2023-09-06T14:22:08+00:00\" \/>\n<meta property=\"article:modified_time\" content=\"2023-09-07T10:24:42+00:00\" \/>\n<meta property=\"og:image\" content=\"http:\/\/www.canariasviaja.com\/viajaresvivir\/wp-content\/uploads\/2023\/09\/3685.jpg\" \/>\n\t<meta property=\"og:image:width\" content=\"1124\" \/>\n\t<meta property=\"og:image:height\" content=\"600\" \/>\n\t<meta property=\"og:image:type\" content=\"image\/jpeg\" \/>\n<meta name=\"author\" content=\"Patri C\u00e1mpora\" \/>\n<meta name=\"twitter:card\" content=\"summary_large_image\" \/>\n<meta name=\"twitter:label1\" content=\"Escrito por\" \/>\n\t<meta name=\"twitter:data1\" content=\"Patri C\u00e1mpora\" \/>\n\t<meta name=\"twitter:label2\" content=\"Tiempo de lectura\" \/>\n\t<meta name=\"twitter:data2\" content=\"6 minutos\" \/>\n<script type=\"application\/ld+json\" class=\"yoast-schema-graph\">{\"@context\":\"https:\/\/schema.org\",\"@graph\":[{\"@type\":\"WebPage\",\"@id\":\"https:\/\/www.canariasviaja.com\/viajaresvivir\/planes-de-dia-desde-marrakech\/\",\"url\":\"https:\/\/www.canariasviaja.com\/viajaresvivir\/planes-de-dia-desde-marrakech\/\",\"name\":\"Planes de d\u00eda desde Marrakech - Viajar es vivir\",\"isPartOf\":{\"@id\":\"https:\/\/www.canariasviaja.com\/viajaresvivir\/#website\"},\"primaryImageOfPage\":{\"@id\":\"https:\/\/www.canariasviaja.com\/viajaresvivir\/planes-de-dia-desde-marrakech\/#primaryimage\"},\"image\":{\"@id\":\"https:\/\/www.canariasviaja.com\/viajaresvivir\/planes-de-dia-desde-marrakech\/#primaryimage\"},\"thumbnailUrl\":\"https:\/\/www.canariasviaja.com\/viajaresvivir\/wp-content\/uploads\/2023\/09\/3685.jpg\",\"datePublished\":\"2023-09-06T14:22:08+00:00\",\"dateModified\":\"2023-09-07T10:24:42+00:00\",\"author\":{\"@id\":\"https:\/\/www.canariasviaja.com\/viajaresvivir\/#\/schema\/person\/085949651001325f1244a8bc1b34709c\"},\"description\":\"Planes de d\u00eda desde Marrakech para vivir experiencias inolvidables, cumplir sue\u00f1os, conocer el Marruecos m\u00e1s aut\u00e9ntico.\",\"breadcrumb\":{\"@id\":\"https:\/\/www.canariasviaja.com\/viajaresvivir\/planes-de-dia-desde-marrakech\/#breadcrumb\"},\"inLanguage\":\"es\",\"potentialAction\":[{\"@type\":\"ReadAction\",\"target\":[\"https:\/\/www.canariasviaja.com\/viajaresvivir\/planes-de-dia-desde-marrakech\/\"]}]},{\"@type\":\"ImageObject\",\"inLanguage\":\"es\",\"@id\":\"https:\/\/www.canariasviaja.com\/viajaresvivir\/planes-de-dia-desde-marrakech\/#primaryimage\",\"url\":\"https:\/\/www.canariasviaja.com\/viajaresvivir\/wp-content\/uploads\/2023\/09\/3685.jpg\",\"contentUrl\":\"https:\/\/www.canariasviaja.com\/viajaresvivir\/wp-content\/uploads\/2023\/09\/3685.jpg\",\"width\":1124,\"height\":600},{\"@type\":\"BreadcrumbList\",\"@id\":\"https:\/\/www.canariasviaja.com\/viajaresvivir\/planes-de-dia-desde-marrakech\/#breadcrumb\",\"itemListElement\":[{\"@type\":\"ListItem\",\"position\":1,\"name\":\"Portada\",\"item\":\"https:\/\/www.canariasviaja.com\/viajaresvivir\/\"},{\"@type\":\"ListItem\",\"position\":2,\"name\":\"Planes de d\u00eda desde Marrakech\"}]},{\"@type\":\"WebSite\",\"@id\":\"https:\/\/www.canariasviaja.com\/viajaresvivir\/#website\",\"url\":\"https:\/\/www.canariasviaja.com\/viajaresvivir\/\",\"name\":\"Viajar es vivir\",\"description\":\"El blog de viajes y estilo de vida de CanariasViaja\",\"potentialAction\":[{\"@type\":\"SearchAction\",\"target\":{\"@type\":\"EntryPoint\",\"urlTemplate\":\"https:\/\/www.canariasviaja.com\/viajaresvivir\/?s={search_term_string}\"},\"query-input\":{\"@type\":\"PropertyValueSpecification\",\"valueRequired\":true,\"valueName\":\"search_term_string\"}}],\"inLanguage\":\"es\"},{\"@type\":\"Person\",\"@id\":\"https:\/\/www.canariasviaja.com\/viajaresvivir\/#\/schema\/person\/085949651001325f1244a8bc1b34709c\",\"name\":\"Patri C\u00e1mpora\",\"image\":{\"@type\":\"ImageObject\",\"inLanguage\":\"es\",\"@id\":\"https:\/\/www.canariasviaja.com\/viajaresvivir\/#\/schema\/person\/image\/\",\"url\":\"https:\/\/secure.gravatar.com\/avatar\/b2ce2c4086a5776e5310f57c1a2e5b4e?s=96&d=mm&r=g\",\"contentUrl\":\"https:\/\/secure.gravatar.com\/avatar\/b2ce2c4086a5776e5310f57c1a2e5b4e?s=96&d=mm&r=g\",\"caption\":\"Patri C\u00e1mpora\"},\"url\":\"https:\/\/www.canariasviaja.com\/viajaresvivir\/author\/patri\/\"}]}<\/script>\n<!-- \/ Yoast SEO plugin. -->","yoast_head_json":{"title":"Planes de d\u00eda desde Marrakech - Viajar es vivir","description":"Planes de d\u00eda desde Marrakech para vivir experiencias inolvidables, cumplir sue\u00f1os, conocer el Marruecos m\u00e1s aut\u00e9ntico.","robots":{"index":"index","follow":"follow","max-snippet":"max-snippet:-1","max-image-preview":"max-image-preview:large","max-video-preview":"max-video-preview:-1"},"canonical":"https:\/\/www.canariasviaja.com\/viajaresvivir\/planes-de-dia-desde-marrakech\/","og_locale":"es_ES","og_type":"article","og_title":"Planes de d\u00eda desde Marrakech - Viajar es vivir","og_description":"Planes de d\u00eda desde Marrakech para vivir experiencias inolvidables, cumplir sue\u00f1os, conocer el Marruecos m\u00e1s aut\u00e9ntico.","og_url":"https:\/\/www.canariasviaja.com\/viajaresvivir\/planes-de-dia-desde-marrakech\/","og_site_name":"Viajar es vivir","article_published_time":"2023-09-06T14:22:08+00:00","article_modified_time":"2023-09-07T10:24:42+00:00","og_image":[{"width":1124,"height":600,"url":"http:\/\/www.canariasviaja.com\/viajaresvivir\/wp-content\/uploads\/2023\/09\/3685.jpg","type":"image\/jpeg"}],"author":"Patri C\u00e1mpora","twitter_card":"summary_large_image","twitter_misc":{"Escrito por":"Patri C\u00e1mpora","Tiempo de lectura":"6 minutos"},"schema":{"@context":"https:\/\/schema.org","@graph":[{"@type":"WebPage","@id":"https:\/\/www.canariasviaja.com\/viajaresvivir\/planes-de-dia-desde-marrakech\/","url":"https:\/\/www.canariasviaja.com\/viajaresvivir\/planes-de-dia-desde-marrakech\/","name":"Planes de d\u00eda desde Marrakech - Viajar es vivir","isPartOf":{"@id":"https:\/\/www.canariasviaja.com\/viajaresvivir\/#website"},"primaryImageOfPage":{"@id":"https:\/\/www.canariasviaja.com\/viajaresvivir\/planes-de-dia-desde-marrakech\/#primaryimage"},"image":{"@id":"https:\/\/www.canariasviaja.com\/viajaresvivir\/planes-de-dia-desde-marrakech\/#primaryimage"},"thumbnailUrl":"https:\/\/www.canariasviaja.com\/viajaresvivir\/wp-content\/uploads\/2023\/09\/3685.jpg","datePublished":"2023-09-06T14:22:08+00:00","dateModified":"2023-09-07T10:24:42+00:00","author":{"@id":"https:\/\/www.canariasviaja.com\/viajaresvivir\/#\/schema\/person\/085949651001325f1244a8bc1b34709c"},"description":"Planes de d\u00eda desde Marrakech para vivir experiencias inolvidables, cumplir sue\u00f1os, conocer el Marruecos m\u00e1s aut\u00e9ntico.","breadcrumb":{"@id":"https:\/\/www.canariasviaja.com\/viajaresvivir\/planes-de-dia-desde-marrakech\/#breadcrumb"},"inLanguage":"es","potentialAction":[{"@type":"ReadAction","target":["https:\/\/www.canariasviaja.com\/viajaresvivir\/planes-de-dia-desde-marrakech\/"]}]},{"@type":"ImageObject","inLanguage":"es","@id":"https:\/\/www.canariasviaja.com\/viajaresvivir\/planes-de-dia-desde-marrakech\/#primaryimage","url":"https:\/\/www.canariasviaja.com\/viajaresvivir\/wp-content\/uploads\/2023\/09\/3685.jpg","contentUrl":"https:\/\/www.canariasviaja.com\/viajaresvivir\/wp-content\/uploads\/2023\/09\/3685.jpg","width":1124,"height":600},{"@type":"BreadcrumbList","@id":"https:\/\/www.canariasviaja.com\/viajaresvivir\/planes-de-dia-desde-marrakech\/#breadcrumb","itemListElement":[{"@type":"ListItem","position":1,"name":"Portada","item":"https:\/\/www.canariasviaja.com\/viajaresvivir\/"},{"@type":"ListItem","position":2,"name":"Planes de d\u00eda desde Marrakech"}]},{"@type":"WebSite","@id":"https:\/\/www.canariasviaja.com\/viajaresvivir\/#website","url":"https:\/\/www.canariasviaja.com\/viajaresvivir\/","name":"Viajar es vivir","description":"El blog de viajes y estilo de vida de CanariasViaja","potentialAction":[{"@type":"SearchAction","target":{"@type":"EntryPoint","urlTemplate":"https:\/\/www.canariasviaja.com\/viajaresvivir\/?s={search_term_string}"},"query-input":{"@type":"PropertyValueSpecification","valueRequired":true,"valueName":"search_term_string"}}],"inLanguage":"es"},{"@type":"Person","@id":"https:\/\/www.canariasviaja.com\/viajaresvivir\/#\/schema\/person\/085949651001325f1244a8bc1b34709c","name":"Patri C\u00e1mpora","image":{"@type":"ImageObject","inLanguage":"es","@id":"https:\/\/www.canariasviaja.com\/viajaresvivir\/#\/schema\/person\/image\/","url":"https:\/\/secure.gravatar.com\/avatar\/b2ce2c4086a5776e5310f57c1a2e5b4e?s=96&d=mm&r=g","contentUrl":"https:\/\/secure.gravatar.com\/avatar\/b2ce2c4086a5776e5310f57c1a2e5b4e?s=96&d=mm&r=g","caption":"Patri C\u00e1mpora"},"url":"https:\/\/www.canariasviaja.com\/viajaresvivir\/author\/patri\/"}]}},"_links":{"self":[{"href":"https:\/\/www.canariasviaja.com\/viajaresvivir\/wp-json\/wp\/v2\/posts\/10795"}],"collection":[{"href":"https:\/\/www.canariasviaja.com\/viajaresvivir\/wp-json\/wp\/v2\/posts"}],"about":[{"href":"https:\/\/www.canariasviaja.com\/viajaresvivir\/wp-json\/wp\/v2\/types\/post"}],"author":[{"embeddable":true,"href":"https:\/\/www.canariasviaja.com\/viajaresvivir\/wp-json\/wp\/v2\/users\/2"}],"replies":[{"embeddable":true,"href":"https:\/\/www.canariasviaja.com\/viajaresvivir\/wp-json\/wp\/v2\/comments?post=10795"}],"version-history":[{"count":7,"href":"https:\/\/www.canariasviaja.com\/viajaresvivir\/wp-json\/wp\/v2\/posts\/10795\/revisions"}],"predecessor-version":[{"id":10819,"href":"https:\/\/www.canariasviaja.com\/viajaresvivir\/wp-json\/wp\/v2\/posts\/10795\/revisions\/10819"}],"wp:featuredmedia":[{"embeddable":true,"href":"https:\/\/www.canariasviaja.com\/viajaresvivir\/wp-json\/wp\/v2\/media\/10804"}],"wp:attachment":[{"href":"https:\/\/www.canariasviaja.com\/viajaresvivir\/wp-json\/wp\/v2\/media?parent=10795"}],"wp:term":[{"taxonomy":"category","embeddable":true,"href":"https:\/\/www.canariasviaja.com\/viajaresvivir\/wp-json\/wp\/v2\/categories?post=10795"},{"taxonomy":"post_tag","embeddable":true,"href":"https:\/\/www.canariasviaja.com\/viajaresvivir\/wp-json\/wp\/v2\/tags?post=10795"}],"curies":[{"name":"wp","href":"https:\/\/api.w.org\/{rel}","templated":true}]}}