{"id":10883,"date":"2023-10-10T11:03:21","date_gmt":"2023-10-10T11:03:21","guid":{"rendered":"https:\/\/www.canariasviaja.com\/viajaresvivir\/?p=10883"},"modified":"2024-09-11T12:51:38","modified_gmt":"2024-09-11T12:51:38","slug":"gran-canaria-cita-con-una-bella-desconocida-primera-parte","status":"publish","type":"post","link":"https:\/\/www.canariasviaja.com\/viajaresvivir\/gran-canaria-cita-con-una-bella-desconocida-primera-parte\/","title":{"rendered":"Gran Canaria, cita con una bella desconocida (I)"},"content":{"rendered":"\n<p>Desde mi ventana cada ma\u00f1ana la avisto, con el mar azul intenso que nos separa de por medio. <strong>Gran Canaria<\/strong>, tan lejos y tan cerca.<\/p>\n\n\n\n<p>Unos d\u00edas se presenta n\u00edtida y cristalina, invit\u00e1ndome a contar sus barrancos y a imaginar qu\u00e9 se esconde tras cada uno de sus pliegues. Otros, se muestra esquiva y misteriosa, envuelta en brumas. Aparece y desaparece caprichosamente, como la m\u00edtica San Borond\u00f3n.<\/p>\n\n\n\n<figure class=\"wp-block-image size-full\"><img loading=\"lazy\" decoding=\"async\" width=\"1024\" height=\"683\" src=\"https:\/\/www.canariasviaja.com\/viajaresvivir\/wp-content\/uploads\/2023\/10\/Gran-Canaria-articulo-1-27.jpg\" alt=\"\" class=\"wp-image-10887\" srcset=\"https:\/\/www.canariasviaja.com\/viajaresvivir\/wp-content\/uploads\/2023\/10\/Gran-Canaria-articulo-1-27.jpg 1024w, https:\/\/www.canariasviaja.com\/viajaresvivir\/wp-content\/uploads\/2023\/10\/Gran-Canaria-articulo-1-27-300x200.jpg 300w, https:\/\/www.canariasviaja.com\/viajaresvivir\/wp-content\/uploads\/2023\/10\/Gran-Canaria-articulo-1-27-768x512.jpg 768w\" sizes=\"(max-width: 1024px) 100vw, 1024px\" \/><figcaption class=\"wp-element-caption\">Gran Canaria desde Tenerife. Foto: Patri C\u00e1mpora<\/figcaption><\/figure>\n\n\n\n<p>Desde la lejan\u00eda, Gran Canaria me hace se\u00f1ales para que vaya a descubrirla, a adentrarme en sus entra\u00f1as. Sucumbo ante su insistencia. Quiero descubrir a esa bella desconocida, m\u00e1s all\u00e1 de su capital y de algunos lugares comunes.<\/p>\n\n\n\n<p>Decido emprender un <strong>viaje en solitario para recorrerla de sur a norte<\/strong>, atravesando sus entra\u00f1as. Un <em>road  trip<\/em> que me llevar\u00e1 desde las <strong>Dunas de Maspalomas<\/strong> hasta el <strong>Valle de Agaete<\/strong>, cumbre a trav\u00e9s, en busca de su esencia.<\/p>\n\n\n\n<p><strong>\u00bfMe acompa\u00f1as?<\/strong><\/p>\n\n\n\n<div style=\"height:100px\" aria-hidden=\"true\" class=\"wp-block-spacer\"><\/div>\n\n\n\n<h3 class=\"wp-block-heading\">Un pedacito del S\u00e1hara en medio de Canarias<\/h3>\n\n\n\n<figure class=\"wp-block-image size-full\"><img loading=\"lazy\" decoding=\"async\" width=\"1024\" height=\"683\" src=\"http:\/\/www.canariasviaja.com\/viajaresvivir\/wp-content\/uploads\/2023\/10\/Gran-Canaria-articulo-1-2.jpg\" alt=\"\" class=\"wp-image-10860\" srcset=\"https:\/\/www.canariasviaja.com\/viajaresvivir\/wp-content\/uploads\/2023\/10\/Gran-Canaria-articulo-1-2.jpg 1024w, https:\/\/www.canariasviaja.com\/viajaresvivir\/wp-content\/uploads\/2023\/10\/Gran-Canaria-articulo-1-2-300x200.jpg 300w, https:\/\/www.canariasviaja.com\/viajaresvivir\/wp-content\/uploads\/2023\/10\/Gran-Canaria-articulo-1-2-768x512.jpg 768w\" sizes=\"(max-width: 1024px) 100vw, 1024px\" \/><figcaption class=\"wp-element-caption\">Dunas de Maspalomas. Foto: Patri C\u00e1mpora<\/figcaption><\/figure>\n\n\n\n<p>\u00bfC\u00f3mo ha llegado hasta aqu\u00ed este pedazo de desierto? Me pregunto mientras contemplo la<strong><a href=\"https:\/\/masdunas.es\/rne-de-maspalomas\/\" target=\"_blank\" rel=\"noreferrer noopener nofollow\"> Reserva Natural Especial de las Dunas de Maspalomas<\/a><\/strong> desde su mirador, al que se accede atravesando la entrada de los hoteles Riu. Me encuentro en<a href=\"https:\/\/turismo.maspalomas.com\/es\" target=\"_blank\" rel=\"noreferrer noopener nofollow\"> <strong>Maspalomas<\/strong><\/a>, una de los principales enclaves tur\u00edsticos de Canarias, en el municipio de <strong>San Bartolom\u00e9 de Tirajana<\/strong>, el m\u00e1s extenso de Gran Canaria.<\/p>\n\n\n\n<p>Un arrugado <strong>manto de fina arena dorada<\/strong> se extiende ante m\u00ed, formando<strong> campos de dunas<\/strong> que crean un paisaje de belleza ef\u00edmera modelado por los <strong>vientos alisios.<\/strong><\/p>\n\n\n\n<p>La imagen de las dunas doradas con el azul del <strong>Atl\u00e1ntico<\/strong> al fondo parece un cuadro.<\/p>\n\n\n\n<figure class=\"wp-block-image size-full\"><img loading=\"lazy\" decoding=\"async\" width=\"1024\" height=\"683\" src=\"http:\/\/www.canariasviaja.com\/viajaresvivir\/wp-content\/uploads\/2023\/10\/Gran-Canaria-articulo-1-8.jpg\" alt=\"\" class=\"wp-image-10866\" srcset=\"https:\/\/www.canariasviaja.com\/viajaresvivir\/wp-content\/uploads\/2023\/10\/Gran-Canaria-articulo-1-8.jpg 1024w, https:\/\/www.canariasviaja.com\/viajaresvivir\/wp-content\/uploads\/2023\/10\/Gran-Canaria-articulo-1-8-300x200.jpg 300w, https:\/\/www.canariasviaja.com\/viajaresvivir\/wp-content\/uploads\/2023\/10\/Gran-Canaria-articulo-1-8-768x512.jpg 768w\" sizes=\"(max-width: 1024px) 100vw, 1024px\" \/><figcaption class=\"wp-element-caption\">Dunas de Maspalomas. Foto: Patri Campora<\/figcaption><\/figure>\n\n\n\n<p>Desde el mirador parten <strong>senderos<\/strong> balizados que nos adentran en su belleza protegiendo su fr\u00e1gil&nbsp; <strong>biodiversidad<\/strong>. Hacia la derecha, el<strong> barranco y la charca de Maspalomas<\/strong> -el humedal m\u00e1s importante de Gran Canaria &#8211; y su faro.<\/p>\n\n\n\n<p> Hacia la izquierda, una invitaci\u00f3n a adentrarse en el <strong>desierto<\/strong>.<\/p>\n\n\n\n<figure class=\"wp-block-image size-full\"><img loading=\"lazy\" decoding=\"async\" width=\"1024\" height=\"683\" src=\"http:\/\/www.canariasviaja.com\/viajaresvivir\/wp-content\/uploads\/2023\/10\/Gran-Canaria-articulo-1-7.jpg\" alt=\"\" class=\"wp-image-10865\" srcset=\"https:\/\/www.canariasviaja.com\/viajaresvivir\/wp-content\/uploads\/2023\/10\/Gran-Canaria-articulo-1-7.jpg 1024w, https:\/\/www.canariasviaja.com\/viajaresvivir\/wp-content\/uploads\/2023\/10\/Gran-Canaria-articulo-1-7-300x200.jpg 300w, https:\/\/www.canariasviaja.com\/viajaresvivir\/wp-content\/uploads\/2023\/10\/Gran-Canaria-articulo-1-7-768x512.jpg 768w\" sizes=\"(max-width: 1024px) 100vw, 1024px\" \/><figcaption class=\"wp-element-caption\">Dunas de Maspalomas. Foto: Patri C\u00e1mpora<\/figcaption><\/figure>\n\n\n\n<p>El paisaje de las dunas va cambiando seg\u00fan nos aproximamos a la costa, dejando atr\u00e1s la vegetaci\u00f3n que crece en las<strong> dunas est\u00e1ticas<\/strong>, para adentrarnos en un paisaje de <strong>dunas m\u00f3viles<\/strong> donde encontramos arena y algunos <strong>balancones, tarajales y juncias.<\/strong><\/p>\n\n\n\n<p>La reserva se asienta sobre un terreno de terrazas aluviales bajo las que se encuentran aguas subterr\u00e1neas a poca profundidad que favorecen la existencia de unas<strong> cincuenta especies vegetales <\/strong>adaptadas crecer en la arena y a la alta salinidad del entorno.&nbsp; Entre ellas est\u00e1n el <strong>salado verde<\/strong>, una especie end\u00e9mica de la isla, el junco y junquillo, el matamoros o la uvilla de mar.<\/p>\n\n\n\n<figure class=\"wp-block-image size-full\"><img loading=\"lazy\" decoding=\"async\" width=\"1024\" height=\"683\" src=\"http:\/\/www.canariasviaja.com\/viajaresvivir\/wp-content\/uploads\/2023\/10\/Gran-Canaria-articulo-1-3.jpg\" alt=\"\" class=\"wp-image-10861\" srcset=\"https:\/\/www.canariasviaja.com\/viajaresvivir\/wp-content\/uploads\/2023\/10\/Gran-Canaria-articulo-1-3.jpg 1024w, https:\/\/www.canariasviaja.com\/viajaresvivir\/wp-content\/uploads\/2023\/10\/Gran-Canaria-articulo-1-3-300x200.jpg 300w, https:\/\/www.canariasviaja.com\/viajaresvivir\/wp-content\/uploads\/2023\/10\/Gran-Canaria-articulo-1-3-768x512.jpg 768w\" sizes=\"(max-width: 1024px) 100vw, 1024px\" \/><figcaption class=\"wp-element-caption\">Dunas de Maspalomas. Foto: Patri C\u00e1mpora<\/figcaption><\/figure>\n\n\n\n<p>La <strong>charca de Maspalomas<\/strong>, a los pies del barranco de Fataga, se encuentra dentro de la&nbsp; zona de exclusi\u00f3n de la Reserva, por tratarse de un biotipo \u00fanico en el que conviven dunas, charcas y palmerales. All\u00ed anidan cuatro <strong>especies de aves acu\u00e1ticas<\/strong>: chorlitejo patinegro, chorlitejo chico, gallineta com\u00fan y focha com\u00fan. Podemos contemplarla desde la orilla de la playa o desde el paseo de la Charca de Maspalomas, entre la Playa y Costa Meloneras.<\/p>\n\n\n\n<figure class=\"wp-block-image size-full\"><img loading=\"lazy\" decoding=\"async\" width=\"1024\" height=\"683\" src=\"http:\/\/www.canariasviaja.com\/viajaresvivir\/wp-content\/uploads\/2023\/10\/Gran-Canaria-articulo-1.jpg\" alt=\"\" class=\"wp-image-10888\" srcset=\"https:\/\/www.canariasviaja.com\/viajaresvivir\/wp-content\/uploads\/2023\/10\/Gran-Canaria-articulo-1.jpg 1024w, https:\/\/www.canariasviaja.com\/viajaresvivir\/wp-content\/uploads\/2023\/10\/Gran-Canaria-articulo-1-300x200.jpg 300w, https:\/\/www.canariasviaja.com\/viajaresvivir\/wp-content\/uploads\/2023\/10\/Gran-Canaria-articulo-1-768x512.jpg 768w\" sizes=\"(max-width: 1024px) 100vw, 1024px\" \/><figcaption class=\"wp-element-caption\">Mirador de las Dunas. Foto: Patri C\u00e1mpora<\/figcaption><\/figure>\n\n\n\n<p>La reserva est\u00e1 situada entre dos enclaves tur\u00edsticos muy importantes,<strong> Maspalomas y Playa del Ingl\u00e9s<\/strong>. La presi\u00f3n tur\u00edstica, la erosi\u00f3n y la desaparici\u00f3n de balancones ponen en riesgo su conservaci\u00f3n, por eso se est\u00e1 llevando a cabo el<strong> <a href=\"https:\/\/masdunas.es\/\" target=\"_blank\" rel=\"noreferrer noopener nofollow\">programa MasDunas<\/a><\/strong>, que busca encontrar las f\u00f3rmulas adecuadas para frenar su degradaci\u00f3n y para que las futuras generaciones puedan seguir disfrutando de las dunas m\u00f3viles y la biodiversidad del entorno. \u00bfSeremos capaces de protegerlo?<\/p>\n\n\n\n<div style=\"height:100px\" aria-hidden=\"true\" class=\"wp-block-spacer\"><\/div>\n\n\n\n<h3 class=\"wp-block-heading\">En busca de nuestros or\u00edgenes<\/h3>\n\n\n\n<p>Una de las cosas que m\u00e1s me llama la atenci\u00f3n de Gran Canaria, y que me ha animado a seguir sus cantos de sirena y explorarla, es la cantidad de<strong> <a href=\"https:\/\/www.grancanaria.com\/turismo\/es\/cultura\/espacios-arqueologicos\/\" target=\"_blank\" rel=\"noreferrer noopener nofollow\">yacimientos arqueol\u00f3gicos<\/a><\/strong> que se pueden visitar en la isla, como el <strong>Cenobio de Valer\u00f3n, el Maip\u00e9s de Agaete<\/strong>, o la <strong>necr\u00f3polis de Arteara<\/strong>, que podr\u00e9 conocer en este viaje.<\/p>\n\n\n\n<p>El<strong> mundo aborigen<\/strong> es a\u00fan muy desconocido, incluso para nosotros los canarios, por eso venzo la tentaci\u00f3n de atravesar las dunas y ba\u00f1arme en el mar, y decido montarme en el coche, encarando la avenida de Tirajana, rumbo a mi pr\u00f3ximo destino, donde espero aprender algo m\u00e1s de nuestros or\u00edgenes.<\/p>\n\n\n\n<figure class=\"wp-block-image size-full\"><img loading=\"lazy\" decoding=\"async\" width=\"1024\" height=\"683\" src=\"http:\/\/www.canariasviaja.com\/viajaresvivir\/wp-content\/uploads\/2023\/10\/Gran-Canaria-articulo-1-14.jpg\" alt=\"\" class=\"wp-image-10872\" srcset=\"https:\/\/www.canariasviaja.com\/viajaresvivir\/wp-content\/uploads\/2023\/10\/Gran-Canaria-articulo-1-14.jpg 1024w, https:\/\/www.canariasviaja.com\/viajaresvivir\/wp-content\/uploads\/2023\/10\/Gran-Canaria-articulo-1-14-300x200.jpg 300w, https:\/\/www.canariasviaja.com\/viajaresvivir\/wp-content\/uploads\/2023\/10\/Gran-Canaria-articulo-1-14-768x512.jpg 768w\" sizes=\"(max-width: 1024px) 100vw, 1024px\" \/><figcaption class=\"wp-element-caption\">Mundo Aborigen. Foto: Patri C\u00e1mpora<\/figcaption><\/figure>\n\n\n\n<p>Nada m\u00e1s coger la<strong> carretera G-60<\/strong>, en direcci\u00f3n a Fataga, el escenario comienza a cambiar. Dejo atr\u00e1s el bullicio tur\u00edstico y las grandes construcciones y me adentro en un paisaje de impresionantes barrancos y paisajes v\u00edrgenes que me acompa\u00f1ar\u00e1 buena parte del d\u00eda. <\/p>\n\n\n\n<p>A la izquierda el impresionante<strong> Barranco de Fataga<\/strong> y a la derecha el de <strong>El Ca\u00f1izo<\/strong>.&nbsp; A 15 minutos de las dunas se encuentra <strong>Mundo Aborigen<\/strong>, un parque tem\u00e1tico sobre la forma de vida y cultura de los primeros habitantes de la isla.<\/p>\n\n\n\n<figure class=\"wp-block-image size-full\"><img loading=\"lazy\" decoding=\"async\" width=\"1024\" height=\"683\" src=\"http:\/\/www.canariasviaja.com\/viajaresvivir\/wp-content\/uploads\/2023\/10\/Gran-Canaria-articulo-1-13.jpg\" alt=\"\" class=\"wp-image-10871\" srcset=\"https:\/\/www.canariasviaja.com\/viajaresvivir\/wp-content\/uploads\/2023\/10\/Gran-Canaria-articulo-1-13.jpg 1024w, https:\/\/www.canariasviaja.com\/viajaresvivir\/wp-content\/uploads\/2023\/10\/Gran-Canaria-articulo-1-13-300x200.jpg 300w, https:\/\/www.canariasviaja.com\/viajaresvivir\/wp-content\/uploads\/2023\/10\/Gran-Canaria-articulo-1-13-768x512.jpg 768w\" sizes=\"(max-width: 1024px) 100vw, 1024px\" \/><figcaption class=\"wp-element-caption\">Mundo Aborigen. Foto: Patri C\u00e1mpora<\/figcaption><\/figure>\n\n\n\n<p>Aunque el objeto de mi viaje es descubrir esa <strong>Gran Canaria aut\u00e9ntica <\/strong>de pueblos y paisajes \u00fanicos, no me puedo resistir a conocer este proyecto. A lo largo de una loma, desde la que se disfruta de preciosas vistas panor\u00e1micas, se sit\u00faan las diferentes construcciones de piedra que recrean un poblado aborigen. <\/p>\n\n\n\n<figure class=\"wp-block-image size-full\"><img loading=\"lazy\" decoding=\"async\" width=\"1024\" height=\"683\" src=\"http:\/\/www.canariasviaja.com\/viajaresvivir\/wp-content\/uploads\/2023\/10\/Gran-Canaria-articulo-1-12.jpg\" alt=\"\" class=\"wp-image-10870\" srcset=\"https:\/\/www.canariasviaja.com\/viajaresvivir\/wp-content\/uploads\/2023\/10\/Gran-Canaria-articulo-1-12.jpg 1024w, https:\/\/www.canariasviaja.com\/viajaresvivir\/wp-content\/uploads\/2023\/10\/Gran-Canaria-articulo-1-12-300x200.jpg 300w, https:\/\/www.canariasviaja.com\/viajaresvivir\/wp-content\/uploads\/2023\/10\/Gran-Canaria-articulo-1-12-768x512.jpg 768w\" sizes=\"(max-width: 1024px) 100vw, 1024px\" \/><figcaption class=\"wp-element-caption\">Mundo Aborigen. Foto: Patri C\u00e1mpora<\/figcaption><\/figure>\n\n\n\n<p>El recorrido es autoguiado y en una hora puedes aprender, a tu ritmo, acerca de la forma de vida de los antiguos canarios, conociendo su organizaci\u00f3n social, visitando sus casas, compartiendo sus rituales funerarios, descubriendo en que basaban su alimentaci\u00f3n, su agricultura y ganader\u00eda, visitando los lugares en los que impart\u00edan justicia y sus zonas de enterramiento\u2026 Y todo mientras disfrutas del silencio y te olvidas de que all\u00ed abajo, cerca de la costa, la vida pasa fren\u00e9tica.<\/p>\n\n\n\n<figure class=\"wp-block-gallery has-nested-images columns-default is-cropped wp-block-gallery-1 is-layout-flex wp-block-gallery-is-layout-flex\">\n<figure class=\"wp-block-image size-large\"><img loading=\"lazy\" decoding=\"async\" width=\"1024\" height=\"683\" data-id=\"10869\" src=\"https:\/\/www.canariasviaja.com\/viajaresvivir\/wp-content\/uploads\/2023\/10\/Gran-Canaria-articulo-1-11.jpg\" alt=\"\" class=\"wp-image-10869\" srcset=\"https:\/\/www.canariasviaja.com\/viajaresvivir\/wp-content\/uploads\/2023\/10\/Gran-Canaria-articulo-1-11.jpg 1024w, https:\/\/www.canariasviaja.com\/viajaresvivir\/wp-content\/uploads\/2023\/10\/Gran-Canaria-articulo-1-11-300x200.jpg 300w, https:\/\/www.canariasviaja.com\/viajaresvivir\/wp-content\/uploads\/2023\/10\/Gran-Canaria-articulo-1-11-768x512.jpg 768w\" sizes=\"(max-width: 1024px) 100vw, 1024px\" \/><\/figure>\n\n\n\n<figure class=\"wp-block-image size-large\"><img loading=\"lazy\" decoding=\"async\" width=\"1024\" height=\"683\" data-id=\"10873\" src=\"https:\/\/www.canariasviaja.com\/viajaresvivir\/wp-content\/uploads\/2023\/10\/Gran-Canaria-articulo-1-15.jpg\" alt=\"\" class=\"wp-image-10873\" srcset=\"https:\/\/www.canariasviaja.com\/viajaresvivir\/wp-content\/uploads\/2023\/10\/Gran-Canaria-articulo-1-15.jpg 1024w, https:\/\/www.canariasviaja.com\/viajaresvivir\/wp-content\/uploads\/2023\/10\/Gran-Canaria-articulo-1-15-300x200.jpg 300w, https:\/\/www.canariasviaja.com\/viajaresvivir\/wp-content\/uploads\/2023\/10\/Gran-Canaria-articulo-1-15-768x512.jpg 768w\" sizes=\"(max-width: 1024px) 100vw, 1024px\" \/><\/figure>\n<\/figure>\n\n\n\n<figure class=\"wp-block-image size-full\"><img loading=\"lazy\" decoding=\"async\" width=\"1024\" height=\"683\" src=\"http:\/\/www.canariasviaja.com\/viajaresvivir\/wp-content\/uploads\/2023\/10\/Gran-Canaria-articulo-1-16.jpg\" alt=\"\" class=\"wp-image-10874\" srcset=\"https:\/\/www.canariasviaja.com\/viajaresvivir\/wp-content\/uploads\/2023\/10\/Gran-Canaria-articulo-1-16.jpg 1024w, https:\/\/www.canariasviaja.com\/viajaresvivir\/wp-content\/uploads\/2023\/10\/Gran-Canaria-articulo-1-16-300x200.jpg 300w, https:\/\/www.canariasviaja.com\/viajaresvivir\/wp-content\/uploads\/2023\/10\/Gran-Canaria-articulo-1-16-768x512.jpg 768w\" sizes=\"(max-width: 1024px) 100vw, 1024px\" \/><\/figure>\n\n\n\n<figure class=\"wp-block-gallery has-nested-images columns-default is-cropped wp-block-gallery-2 is-layout-flex wp-block-gallery-is-layout-flex\">\n<figure class=\"wp-block-image size-large\"><img loading=\"lazy\" decoding=\"async\" width=\"1024\" height=\"683\" data-id=\"10868\" src=\"https:\/\/www.canariasviaja.com\/viajaresvivir\/wp-content\/uploads\/2023\/10\/Gran-Canaria-articulo-1-10.jpg\" alt=\"\" class=\"wp-image-10868\" srcset=\"https:\/\/www.canariasviaja.com\/viajaresvivir\/wp-content\/uploads\/2023\/10\/Gran-Canaria-articulo-1-10.jpg 1024w, https:\/\/www.canariasviaja.com\/viajaresvivir\/wp-content\/uploads\/2023\/10\/Gran-Canaria-articulo-1-10-300x200.jpg 300w, https:\/\/www.canariasviaja.com\/viajaresvivir\/wp-content\/uploads\/2023\/10\/Gran-Canaria-articulo-1-10-768x512.jpg 768w\" sizes=\"(max-width: 1024px) 100vw, 1024px\" \/><figcaption class=\"wp-element-caption\">Mundo Aborigen. Foto: Patri C\u00e1mpora<\/figcaption><\/figure>\n\n\n\n<figure class=\"wp-block-image size-large\"><img loading=\"lazy\" decoding=\"async\" width=\"1024\" height=\"683\" data-id=\"10875\" src=\"https:\/\/www.canariasviaja.com\/viajaresvivir\/wp-content\/uploads\/2023\/10\/Gran-Canaria-articulo-1-17.jpg\" alt=\"\" class=\"wp-image-10875\" srcset=\"https:\/\/www.canariasviaja.com\/viajaresvivir\/wp-content\/uploads\/2023\/10\/Gran-Canaria-articulo-1-17.jpg 1024w, https:\/\/www.canariasviaja.com\/viajaresvivir\/wp-content\/uploads\/2023\/10\/Gran-Canaria-articulo-1-17-300x200.jpg 300w, https:\/\/www.canariasviaja.com\/viajaresvivir\/wp-content\/uploads\/2023\/10\/Gran-Canaria-articulo-1-17-768x512.jpg 768w\" sizes=\"(max-width: 1024px) 100vw, 1024px\" \/><figcaption class=\"wp-element-caption\">Mundo Aborigen. Foto: Patri C\u00e1mpora<\/figcaption><\/figure>\n<\/figure>\n\n\n\n<p>Con las pulsaciones bajas y la curiosidad saciada, sigo mi ruta, rumbo a mi pr\u00f3xima parada: e<strong>l Mirador Astron\u00f3mico de la Degollada de las Yeguas.<\/strong><\/p>\n\n\n\n<div style=\"height:100px\" aria-hidden=\"true\" class=\"wp-block-spacer\"><\/div>\n\n\n\n<h3 class=\"wp-block-heading\">El ca\u00f1\u00f3n de Fataga<\/h3>\n\n\n\n<p>Maspalomas y el mar quedan atr\u00e1s, ya en la lejan\u00eda. <\/p>\n\n\n\n<figure class=\"wp-block-image size-full\"><img loading=\"lazy\" decoding=\"async\" width=\"1024\" height=\"683\" src=\"https:\/\/www.canariasviaja.com\/viajaresvivir\/wp-content\/uploads\/2023\/10\/Gran-Canaria-articulo-1-19.jpg\" alt=\"\" class=\"wp-image-10889\" srcset=\"https:\/\/www.canariasviaja.com\/viajaresvivir\/wp-content\/uploads\/2023\/10\/Gran-Canaria-articulo-1-19.jpg 1024w, https:\/\/www.canariasviaja.com\/viajaresvivir\/wp-content\/uploads\/2023\/10\/Gran-Canaria-articulo-1-19-300x200.jpg 300w, https:\/\/www.canariasviaja.com\/viajaresvivir\/wp-content\/uploads\/2023\/10\/Gran-Canaria-articulo-1-19-768x512.jpg 768w\" sizes=\"(max-width: 1024px) 100vw, 1024px\" \/><\/figure>\n\n\n\n<p>Me hab\u00edan dicho que las vistas desde el <strong><a href=\"https:\/\/www.grancanaria.com\/turismo\/es\/naturaleza\/miradores-astronomicos\/mirador-astronomico-de-la-degollada-de-las-yeguas\/\" target=\"_blank\" rel=\"noreferrer noopener nofollow\">Mirador Astron\u00f3mico de la Degollada de las Yeguas<\/a><\/strong> recordaban al ca\u00f1\u00f3n del Colorado. Yo a\u00fan no he estado all\u00ed, pero la postal que tengo delante de mis ojos impresiona. <\/p>\n\n\n\n<p>Frente a m\u00ed se despliega un enorme y \u00e1rido barranco que se pierde hacia el interior de la isla salpicado de<strong> tabaibas, cardones y palmeras <\/strong>en su cauce. Las laderas, verdes en invierno, lucen secas tras el duro verano. En los riscos que lo rodean crece una rareza bot\u00e1nica que no se encuentra en ning\u00fan otro lugar, el <strong>drago grancanario.<\/strong><\/p>\n\n\n\n<figure class=\"wp-block-image size-full\"><img loading=\"lazy\" decoding=\"async\" width=\"1024\" height=\"683\" src=\"http:\/\/www.canariasviaja.com\/viajaresvivir\/wp-content\/uploads\/2023\/10\/Gran-Canaria-articulo-1-18.jpg\" alt=\"\" class=\"wp-image-10876\" srcset=\"https:\/\/www.canariasviaja.com\/viajaresvivir\/wp-content\/uploads\/2023\/10\/Gran-Canaria-articulo-1-18.jpg 1024w, https:\/\/www.canariasviaja.com\/viajaresvivir\/wp-content\/uploads\/2023\/10\/Gran-Canaria-articulo-1-18-300x200.jpg 300w, https:\/\/www.canariasviaja.com\/viajaresvivir\/wp-content\/uploads\/2023\/10\/Gran-Canaria-articulo-1-18-768x512.jpg 768w\" sizes=\"(max-width: 1024px) 100vw, 1024px\" \/><figcaption class=\"wp-element-caption\">Mirador Degollada de las Yeguas. Foto: Patri C\u00e1mpora<\/figcaption><\/figure>\n\n\n\n<p>Si la vista impresiona de d\u00eda, de noche debe de hacerlo a\u00fan m\u00e1s, ya que este mirador es un lugar privilegiado para disfrutar del cielo nocturno y de las<strong> lluvias de estrellas<\/strong>. Estamos ya entrando en el territorio de la <strong>Reserva de la Biosfera de Gran Canaria<\/strong> y del<strong> Destino Tur\u00edstico Starlight.<\/strong><\/p>\n\n\n\n<p>Sigo mi ruta. Junto al barranco, bajo el <strong>macizo de Amurga<\/strong>, serpentea la carretera que me llevar\u00e1 a mi pr\u00f3xima parada, <strong>Arteara.<\/strong><\/p>\n\n\n\n<div style=\"height:100px\" aria-hidden=\"true\" class=\"wp-block-spacer\"><\/div>\n\n\n\n<h3 class=\"wp-block-heading\">Palmerales y necr\u00f3polis<\/h3>\n\n\n\n<figure class=\"wp-block-image size-full\"><img loading=\"lazy\" decoding=\"async\" width=\"1024\" height=\"683\" src=\"http:\/\/www.canariasviaja.com\/viajaresvivir\/wp-content\/uploads\/2023\/10\/Gran-Canaria-articulo-1-20.jpg\" alt=\"\" class=\"wp-image-10877\" srcset=\"https:\/\/www.canariasviaja.com\/viajaresvivir\/wp-content\/uploads\/2023\/10\/Gran-Canaria-articulo-1-20.jpg 1024w, https:\/\/www.canariasviaja.com\/viajaresvivir\/wp-content\/uploads\/2023\/10\/Gran-Canaria-articulo-1-20-300x200.jpg 300w, https:\/\/www.canariasviaja.com\/viajaresvivir\/wp-content\/uploads\/2023\/10\/Gran-Canaria-articulo-1-20-768x512.jpg 768w\" sizes=\"(max-width: 1024px) 100vw, 1024px\" \/><figcaption class=\"wp-element-caption\">Palmeral de Arteara. Foto: Patri C\u00e1mpora<\/figcaption><\/figure>\n\n\n\n<p><strong>Arteara <\/strong>es un peque\u00f1o caser\u00edo situado en el lecho del <strong>barranco de Fataga<\/strong>. Me desv\u00edo hacia la izquierda y lo atravieso hasta final por una estrecha carretera, rezando para que no aparezca un coche de frente. Estoy de suerte. Soy la \u00fanica persona que ha tenido la idea de visitarlo esta ma\u00f1ana. Al llegar me encuentro con dos caminantes que inician su camino de vuelta.<\/p>\n\n\n\n<p>El verdor del palmeral de Arteara sorprende tras tanta aridez que he encontrado en el camino. Un peque\u00f1o oasis verde en medio de este paisaje des\u00e9rtico que recuerda a paisajes africanos.<\/p>\n\n\n\n<figure class=\"wp-block-image size-full\"><img loading=\"lazy\" decoding=\"async\" width=\"1024\" height=\"683\" src=\"http:\/\/www.canariasviaja.com\/viajaresvivir\/wp-content\/uploads\/2023\/10\/Gran-Canaria-articulo-1-22.jpg\" alt=\"\" class=\"wp-image-10878\" srcset=\"https:\/\/www.canariasviaja.com\/viajaresvivir\/wp-content\/uploads\/2023\/10\/Gran-Canaria-articulo-1-22.jpg 1024w, https:\/\/www.canariasviaja.com\/viajaresvivir\/wp-content\/uploads\/2023\/10\/Gran-Canaria-articulo-1-22-300x200.jpg 300w, https:\/\/www.canariasviaja.com\/viajaresvivir\/wp-content\/uploads\/2023\/10\/Gran-Canaria-articulo-1-22-768x512.jpg 768w\" sizes=\"(max-width: 1024px) 100vw, 1024px\" \/><figcaption class=\"wp-element-caption\">Palmeral de Arteara. Foto: Patri C\u00e1mpora<\/figcaption><\/figure>\n\n\n\n<p>&nbsp;Junto a \u00e9l se encuentra e<strong><a href=\"https:\/\/www.grancanaria.com\/turismo\/es\/cultura\/espacios-arqueologicos\/necropolis-de-arteara\/\" target=\"_blank\" rel=\"noreferrer noopener nofollow\">l centro de visitantes de la necr\u00f3polis de Arteara<\/a><\/strong>, que se encontraba cerrado temporalmente en el momento de mi visita.<\/p>\n\n\n\n<p>Cojo el sendero que indica<strong> Necr\u00f3polis de Arteara<\/strong> y me adentro en una zona llena de rocas amarillas. Me encuentro en el mayor cementerio aborigen de la isla, con una extensi\u00f3n de dos kil\u00f3metros de largo por uno de ancho, rodeada de 809 estructuras tumulares, que albergan enterramientos individuales y colectivos.<\/p>\n\n\n\n<figure class=\"wp-block-image size-full\"><img loading=\"lazy\" decoding=\"async\" width=\"1024\" height=\"683\" src=\"http:\/\/www.canariasviaja.com\/viajaresvivir\/wp-content\/uploads\/2023\/10\/Gran-Canaria-articulo-1-23.jpg\" alt=\"\" class=\"wp-image-10879\" srcset=\"https:\/\/www.canariasviaja.com\/viajaresvivir\/wp-content\/uploads\/2023\/10\/Gran-Canaria-articulo-1-23.jpg 1024w, https:\/\/www.canariasviaja.com\/viajaresvivir\/wp-content\/uploads\/2023\/10\/Gran-Canaria-articulo-1-23-300x200.jpg 300w, https:\/\/www.canariasviaja.com\/viajaresvivir\/wp-content\/uploads\/2023\/10\/Gran-Canaria-articulo-1-23-768x512.jpg 768w\" sizes=\"(max-width: 1024px) 100vw, 1024px\" \/><figcaption class=\"wp-element-caption\">Necr\u00f3polis de Arteara. Foto: Patri C\u00e1mpora<\/figcaption><\/figure>\n\n\n\n<p>Al principio cuesta distinguirlas ya que estoy en medio de un <strong>malpa\u00eds de roca fonolita<\/strong>, fruto de una gran avalancha natural del flanco oriental del Morro Garito.<\/p>\n\n\n\n<p>Fij\u00e1ndome bien, empiezo a distinguir las estructuras que se repiten una y otra vez, con distintas formas. Entre ellas hay una que destaca, el<strong> T\u00famulo del rey<\/strong>, situada en una posici\u00f3n central. Esta tumba es especial, ya que se ilumina con los primeros rayos el d\u00eda del equinoccio de oto\u00f1o, y demuestra el amplio conocimiento sobre los astros que deb\u00edan de tener los antiguos canarios.<\/p>\n\n\n\n<figure class=\"wp-block-image size-full\"><img loading=\"lazy\" decoding=\"async\" width=\"1024\" height=\"683\" src=\"http:\/\/www.canariasviaja.com\/viajaresvivir\/wp-content\/uploads\/2023\/10\/Gran-Canaria-articulo-1-25.jpg\" alt=\"\" class=\"wp-image-10881\" srcset=\"https:\/\/www.canariasviaja.com\/viajaresvivir\/wp-content\/uploads\/2023\/10\/Gran-Canaria-articulo-1-25.jpg 1024w, https:\/\/www.canariasviaja.com\/viajaresvivir\/wp-content\/uploads\/2023\/10\/Gran-Canaria-articulo-1-25-300x200.jpg 300w, https:\/\/www.canariasviaja.com\/viajaresvivir\/wp-content\/uploads\/2023\/10\/Gran-Canaria-articulo-1-25-768x512.jpg 768w\" sizes=\"(max-width: 1024px) 100vw, 1024px\" \/><figcaption class=\"wp-element-caption\">T\u00famulo del rey en la Necr\u00f3polis de Arteara. Foto: Patri C\u00e1mpora<\/figcaption><\/figure>\n\n\n\n<p>Vuelvo hacia el coche sintiendo una conexi\u00f3n especial con esas personas que nos precedieron. <\/p>\n\n\n\n<p>La cumbre a\u00fan luce lejana. Me parece que estoy a a\u00f1os luz de la civilizaci\u00f3n y tan solo me separan 25 minutos en coche desde la costa. <\/p>\n\n\n\n<p>Decido que no hay vuelta atr\u00e1s y sigo mi rumbo hacia el interior. Mi <strong>ruta en solitario<\/strong> contin\u00faa en busca de esos otros lugares que a\u00fan tengo que descubrir en esta bella desconocida llamada<strong> Gran Canaria<\/strong>. (continuar\u00e1&#8230;)<\/p>\n\n\n\n<p><a href=\"https:\/\/www.canariasviaja.com\/viajaresvivir\/gran-canaria-3\/\"><strong>Sigue leyendo esta historia.<\/strong><\/a><\/p>\n\n\n\n<figure class=\"wp-block-image size-full\"><img loading=\"lazy\" decoding=\"async\" width=\"1024\" height=\"683\" src=\"https:\/\/www.canariasviaja.com\/viajaresvivir\/wp-content\/uploads\/2023\/10\/Gran-Canaria-articulo-1-24-1.jpg\" alt=\"\" class=\"wp-image-10890\" srcset=\"https:\/\/www.canariasviaja.com\/viajaresvivir\/wp-content\/uploads\/2023\/10\/Gran-Canaria-articulo-1-24-1.jpg 1024w, https:\/\/www.canariasviaja.com\/viajaresvivir\/wp-content\/uploads\/2023\/10\/Gran-Canaria-articulo-1-24-1-300x200.jpg 300w, https:\/\/www.canariasviaja.com\/viajaresvivir\/wp-content\/uploads\/2023\/10\/Gran-Canaria-articulo-1-24-1-768x512.jpg 768w\" sizes=\"(max-width: 1024px) 100vw, 1024px\" \/><figcaption class=\"wp-element-caption\">Arteara. Foto: Patri C\u00e1mpora<\/figcaption><\/figure>\n\n\n\n<div class=\"wp-block-buttons is-layout-flex wp-block-buttons-is-layout-flex\">\n<div class=\"wp-block-button aligncenter\"><a class=\"wp-block-button__link wp-element-button\" href=\"https:\/\/bit.ly\/46nT0mq\">Descubre Gran Canaria<\/a><\/div>\n<\/div>\n","protected":false},"excerpt":{"rendered":"<p>El interior de Gran Canaria esconde a una bella desconocida. Esa isla que pasa inadvertida para muchas de la personas que la visitan y donde encontramos su esencia.<\/p>\n","protected":false},"author":2,"featured_media":10890,"comment_status":"open","ping_status":"closed","sticky":false,"template":"","format":"standard","meta":{"_acf_changed":false,"sfsi_plus_gutenberg_text_before_share":"","sfsi_plus_gutenberg_show_text_before_share":"","sfsi_plus_gutenberg_icon_type":"","sfsi_plus_gutenberg_icon_alignemt":"","sfsi_plus_gutenburg_max_per_row":"","footnotes":""},"categories":[9,124,8,123,10],"tags":[988,639,325,301,953,989,122,987],"class_list":["post-10883","post","type-post","status-publish","format-standard","has-post-thumbnail","hentry","category-canarias","category-descubre","category-diariodeviaje","category-explora","category-historias-viajeras","tag-arteara","tag-dunas-de-maspalomas","tag-gran-canaria","tag-miradores","tag-mundo-aborigen","tag-parque-tematico","tag-playas","tag-yacimientos-arqueologicos"],"acf":[],"yoast_head":"<!-- This site is optimized with the Yoast SEO plugin v24.1 - https:\/\/yoast.com\/wordpress\/plugins\/seo\/ -->\n<title>Gran Canaria, cita con una bella desconocida (I) - Viajar es vivir<\/title>\n<meta name=\"description\" content=\"Gran Canaria es una bella desconocida. Te invitamos a recorrerla de sur a norte atravesando su cumbre y descubriendo su esencia.\" \/>\n<meta name=\"robots\" content=\"index, follow, max-snippet:-1, max-image-preview:large, max-video-preview:-1\" \/>\n<link rel=\"canonical\" href=\"https:\/\/www.canariasviaja.com\/viajaresvivir\/gran-canaria-cita-con-una-bella-desconocida-primera-parte\/\" \/>\n<meta property=\"og:locale\" content=\"es_ES\" \/>\n<meta property=\"og:type\" content=\"article\" \/>\n<meta property=\"og:title\" content=\"Gran Canaria, cita con una bella desconocida (I) - Viajar es vivir\" \/>\n<meta property=\"og:description\" content=\"Gran Canaria es una bella desconocida. Te invitamos a recorrerla de sur a norte atravesando su cumbre y descubriendo su esencia.\" \/>\n<meta property=\"og:url\" content=\"https:\/\/www.canariasviaja.com\/viajaresvivir\/gran-canaria-cita-con-una-bella-desconocida-primera-parte\/\" \/>\n<meta property=\"og:site_name\" content=\"Viajar es vivir\" \/>\n<meta property=\"article:published_time\" content=\"2023-10-10T11:03:21+00:00\" \/>\n<meta property=\"article:modified_time\" content=\"2024-09-11T12:51:38+00:00\" \/>\n<meta property=\"og:image\" content=\"http:\/\/www.canariasviaja.com\/viajaresvivir\/wp-content\/uploads\/2023\/10\/Gran-Canaria-articulo-1-24-1.jpg\" \/>\n\t<meta property=\"og:image:width\" content=\"1024\" \/>\n\t<meta property=\"og:image:height\" content=\"683\" \/>\n\t<meta property=\"og:image:type\" content=\"image\/jpeg\" \/>\n<meta name=\"author\" content=\"Patri C\u00e1mpora\" \/>\n<meta name=\"twitter:card\" content=\"summary_large_image\" \/>\n<meta name=\"twitter:label1\" content=\"Escrito por\" \/>\n\t<meta name=\"twitter:data1\" content=\"Patri C\u00e1mpora\" \/>\n\t<meta name=\"twitter:label2\" content=\"Tiempo de lectura\" \/>\n\t<meta name=\"twitter:data2\" content=\"12 minutos\" \/>\n<script type=\"application\/ld+json\" class=\"yoast-schema-graph\">{\"@context\":\"https:\/\/schema.org\",\"@graph\":[{\"@type\":\"WebPage\",\"@id\":\"https:\/\/www.canariasviaja.com\/viajaresvivir\/gran-canaria-cita-con-una-bella-desconocida-primera-parte\/\",\"url\":\"https:\/\/www.canariasviaja.com\/viajaresvivir\/gran-canaria-cita-con-una-bella-desconocida-primera-parte\/\",\"name\":\"Gran Canaria, cita con una bella desconocida (I) - Viajar es vivir\",\"isPartOf\":{\"@id\":\"https:\/\/www.canariasviaja.com\/viajaresvivir\/#website\"},\"primaryImageOfPage\":{\"@id\":\"https:\/\/www.canariasviaja.com\/viajaresvivir\/gran-canaria-cita-con-una-bella-desconocida-primera-parte\/#primaryimage\"},\"image\":{\"@id\":\"https:\/\/www.canariasviaja.com\/viajaresvivir\/gran-canaria-cita-con-una-bella-desconocida-primera-parte\/#primaryimage\"},\"thumbnailUrl\":\"https:\/\/www.canariasviaja.com\/viajaresvivir\/wp-content\/uploads\/2023\/10\/Gran-Canaria-articulo-1-24-1.jpg\",\"datePublished\":\"2023-10-10T11:03:21+00:00\",\"dateModified\":\"2024-09-11T12:51:38+00:00\",\"author\":{\"@id\":\"https:\/\/www.canariasviaja.com\/viajaresvivir\/#\/schema\/person\/085949651001325f1244a8bc1b34709c\"},\"description\":\"Gran Canaria es una bella desconocida. Te invitamos a recorrerla de sur a norte atravesando su cumbre y descubriendo su esencia.\",\"breadcrumb\":{\"@id\":\"https:\/\/www.canariasviaja.com\/viajaresvivir\/gran-canaria-cita-con-una-bella-desconocida-primera-parte\/#breadcrumb\"},\"inLanguage\":\"es\",\"potentialAction\":[{\"@type\":\"ReadAction\",\"target\":[\"https:\/\/www.canariasviaja.com\/viajaresvivir\/gran-canaria-cita-con-una-bella-desconocida-primera-parte\/\"]}]},{\"@type\":\"ImageObject\",\"inLanguage\":\"es\",\"@id\":\"https:\/\/www.canariasviaja.com\/viajaresvivir\/gran-canaria-cita-con-una-bella-desconocida-primera-parte\/#primaryimage\",\"url\":\"https:\/\/www.canariasviaja.com\/viajaresvivir\/wp-content\/uploads\/2023\/10\/Gran-Canaria-articulo-1-24-1.jpg\",\"contentUrl\":\"https:\/\/www.canariasviaja.com\/viajaresvivir\/wp-content\/uploads\/2023\/10\/Gran-Canaria-articulo-1-24-1.jpg\",\"width\":1024,\"height\":683},{\"@type\":\"BreadcrumbList\",\"@id\":\"https:\/\/www.canariasviaja.com\/viajaresvivir\/gran-canaria-cita-con-una-bella-desconocida-primera-parte\/#breadcrumb\",\"itemListElement\":[{\"@type\":\"ListItem\",\"position\":1,\"name\":\"Portada\",\"item\":\"https:\/\/www.canariasviaja.com\/viajaresvivir\/\"},{\"@type\":\"ListItem\",\"position\":2,\"name\":\"Gran Canaria, cita con una bella desconocida (I)\"}]},{\"@type\":\"WebSite\",\"@id\":\"https:\/\/www.canariasviaja.com\/viajaresvivir\/#website\",\"url\":\"https:\/\/www.canariasviaja.com\/viajaresvivir\/\",\"name\":\"Viajar es vivir\",\"description\":\"El blog de viajes y estilo de vida de CanariasViaja\",\"potentialAction\":[{\"@type\":\"SearchAction\",\"target\":{\"@type\":\"EntryPoint\",\"urlTemplate\":\"https:\/\/www.canariasviaja.com\/viajaresvivir\/?s={search_term_string}\"},\"query-input\":{\"@type\":\"PropertyValueSpecification\",\"valueRequired\":true,\"valueName\":\"search_term_string\"}}],\"inLanguage\":\"es\"},{\"@type\":\"Person\",\"@id\":\"https:\/\/www.canariasviaja.com\/viajaresvivir\/#\/schema\/person\/085949651001325f1244a8bc1b34709c\",\"name\":\"Patri C\u00e1mpora\",\"image\":{\"@type\":\"ImageObject\",\"inLanguage\":\"es\",\"@id\":\"https:\/\/www.canariasviaja.com\/viajaresvivir\/#\/schema\/person\/image\/\",\"url\":\"https:\/\/secure.gravatar.com\/avatar\/b2ce2c4086a5776e5310f57c1a2e5b4e?s=96&d=mm&r=g\",\"contentUrl\":\"https:\/\/secure.gravatar.com\/avatar\/b2ce2c4086a5776e5310f57c1a2e5b4e?s=96&d=mm&r=g\",\"caption\":\"Patri C\u00e1mpora\"},\"url\":\"https:\/\/www.canariasviaja.com\/viajaresvivir\/author\/patri\/\"}]}<\/script>\n<!-- \/ Yoast SEO plugin. -->","yoast_head_json":{"title":"Gran Canaria, cita con una bella desconocida (I) - Viajar es vivir","description":"Gran Canaria es una bella desconocida. Te invitamos a recorrerla de sur a norte atravesando su cumbre y descubriendo su esencia.","robots":{"index":"index","follow":"follow","max-snippet":"max-snippet:-1","max-image-preview":"max-image-preview:large","max-video-preview":"max-video-preview:-1"},"canonical":"https:\/\/www.canariasviaja.com\/viajaresvivir\/gran-canaria-cita-con-una-bella-desconocida-primera-parte\/","og_locale":"es_ES","og_type":"article","og_title":"Gran Canaria, cita con una bella desconocida (I) - Viajar es vivir","og_description":"Gran Canaria es una bella desconocida. Te invitamos a recorrerla de sur a norte atravesando su cumbre y descubriendo su esencia.","og_url":"https:\/\/www.canariasviaja.com\/viajaresvivir\/gran-canaria-cita-con-una-bella-desconocida-primera-parte\/","og_site_name":"Viajar es vivir","article_published_time":"2023-10-10T11:03:21+00:00","article_modified_time":"2024-09-11T12:51:38+00:00","og_image":[{"width":1024,"height":683,"url":"http:\/\/www.canariasviaja.com\/viajaresvivir\/wp-content\/uploads\/2023\/10\/Gran-Canaria-articulo-1-24-1.jpg","type":"image\/jpeg"}],"author":"Patri C\u00e1mpora","twitter_card":"summary_large_image","twitter_misc":{"Escrito por":"Patri C\u00e1mpora","Tiempo de lectura":"12 minutos"},"schema":{"@context":"https:\/\/schema.org","@graph":[{"@type":"WebPage","@id":"https:\/\/www.canariasviaja.com\/viajaresvivir\/gran-canaria-cita-con-una-bella-desconocida-primera-parte\/","url":"https:\/\/www.canariasviaja.com\/viajaresvivir\/gran-canaria-cita-con-una-bella-desconocida-primera-parte\/","name":"Gran Canaria, cita con una bella desconocida (I) - Viajar es vivir","isPartOf":{"@id":"https:\/\/www.canariasviaja.com\/viajaresvivir\/#website"},"primaryImageOfPage":{"@id":"https:\/\/www.canariasviaja.com\/viajaresvivir\/gran-canaria-cita-con-una-bella-desconocida-primera-parte\/#primaryimage"},"image":{"@id":"https:\/\/www.canariasviaja.com\/viajaresvivir\/gran-canaria-cita-con-una-bella-desconocida-primera-parte\/#primaryimage"},"thumbnailUrl":"https:\/\/www.canariasviaja.com\/viajaresvivir\/wp-content\/uploads\/2023\/10\/Gran-Canaria-articulo-1-24-1.jpg","datePublished":"2023-10-10T11:03:21+00:00","dateModified":"2024-09-11T12:51:38+00:00","author":{"@id":"https:\/\/www.canariasviaja.com\/viajaresvivir\/#\/schema\/person\/085949651001325f1244a8bc1b34709c"},"description":"Gran Canaria es una bella desconocida. Te invitamos a recorrerla de sur a norte atravesando su cumbre y descubriendo su esencia.","breadcrumb":{"@id":"https:\/\/www.canariasviaja.com\/viajaresvivir\/gran-canaria-cita-con-una-bella-desconocida-primera-parte\/#breadcrumb"},"inLanguage":"es","potentialAction":[{"@type":"ReadAction","target":["https:\/\/www.canariasviaja.com\/viajaresvivir\/gran-canaria-cita-con-una-bella-desconocida-primera-parte\/"]}]},{"@type":"ImageObject","inLanguage":"es","@id":"https:\/\/www.canariasviaja.com\/viajaresvivir\/gran-canaria-cita-con-una-bella-desconocida-primera-parte\/#primaryimage","url":"https:\/\/www.canariasviaja.com\/viajaresvivir\/wp-content\/uploads\/2023\/10\/Gran-Canaria-articulo-1-24-1.jpg","contentUrl":"https:\/\/www.canariasviaja.com\/viajaresvivir\/wp-content\/uploads\/2023\/10\/Gran-Canaria-articulo-1-24-1.jpg","width":1024,"height":683},{"@type":"BreadcrumbList","@id":"https:\/\/www.canariasviaja.com\/viajaresvivir\/gran-canaria-cita-con-una-bella-desconocida-primera-parte\/#breadcrumb","itemListElement":[{"@type":"ListItem","position":1,"name":"Portada","item":"https:\/\/www.canariasviaja.com\/viajaresvivir\/"},{"@type":"ListItem","position":2,"name":"Gran Canaria, cita con una bella desconocida (I)"}]},{"@type":"WebSite","@id":"https:\/\/www.canariasviaja.com\/viajaresvivir\/#website","url":"https:\/\/www.canariasviaja.com\/viajaresvivir\/","name":"Viajar es vivir","description":"El blog de viajes y estilo de vida de CanariasViaja","potentialAction":[{"@type":"SearchAction","target":{"@type":"EntryPoint","urlTemplate":"https:\/\/www.canariasviaja.com\/viajaresvivir\/?s={search_term_string}"},"query-input":{"@type":"PropertyValueSpecification","valueRequired":true,"valueName":"search_term_string"}}],"inLanguage":"es"},{"@type":"Person","@id":"https:\/\/www.canariasviaja.com\/viajaresvivir\/#\/schema\/person\/085949651001325f1244a8bc1b34709c","name":"Patri C\u00e1mpora","image":{"@type":"ImageObject","inLanguage":"es","@id":"https:\/\/www.canariasviaja.com\/viajaresvivir\/#\/schema\/person\/image\/","url":"https:\/\/secure.gravatar.com\/avatar\/b2ce2c4086a5776e5310f57c1a2e5b4e?s=96&d=mm&r=g","contentUrl":"https:\/\/secure.gravatar.com\/avatar\/b2ce2c4086a5776e5310f57c1a2e5b4e?s=96&d=mm&r=g","caption":"Patri C\u00e1mpora"},"url":"https:\/\/www.canariasviaja.com\/viajaresvivir\/author\/patri\/"}]}},"_links":{"self":[{"href":"https:\/\/www.canariasviaja.com\/viajaresvivir\/wp-json\/wp\/v2\/posts\/10883"}],"collection":[{"href":"https:\/\/www.canariasviaja.com\/viajaresvivir\/wp-json\/wp\/v2\/posts"}],"about":[{"href":"https:\/\/www.canariasviaja.com\/viajaresvivir\/wp-json\/wp\/v2\/types\/post"}],"author":[{"embeddable":true,"href":"https:\/\/www.canariasviaja.com\/viajaresvivir\/wp-json\/wp\/v2\/users\/2"}],"replies":[{"embeddable":true,"href":"https:\/\/www.canariasviaja.com\/viajaresvivir\/wp-json\/wp\/v2\/comments?post=10883"}],"version-history":[{"count":10,"href":"https:\/\/www.canariasviaja.com\/viajaresvivir\/wp-json\/wp\/v2\/posts\/10883\/revisions"}],"predecessor-version":[{"id":11663,"href":"https:\/\/www.canariasviaja.com\/viajaresvivir\/wp-json\/wp\/v2\/posts\/10883\/revisions\/11663"}],"wp:featuredmedia":[{"embeddable":true,"href":"https:\/\/www.canariasviaja.com\/viajaresvivir\/wp-json\/wp\/v2\/media\/10890"}],"wp:attachment":[{"href":"https:\/\/www.canariasviaja.com\/viajaresvivir\/wp-json\/wp\/v2\/media?parent=10883"}],"wp:term":[{"taxonomy":"category","embeddable":true,"href":"https:\/\/www.canariasviaja.com\/viajaresvivir\/wp-json\/wp\/v2\/categories?post=10883"},{"taxonomy":"post_tag","embeddable":true,"href":"https:\/\/www.canariasviaja.com\/viajaresvivir\/wp-json\/wp\/v2\/tags?post=10883"}],"curies":[{"name":"wp","href":"https:\/\/api.w.org\/{rel}","templated":true}]}}