{"id":1107,"date":"2019-12-30T08:27:00","date_gmt":"2019-12-30T08:27:00","guid":{"rendered":"http:\/\/www.canariasviaja.com\/viajaresvivir\/?p=1107"},"modified":"2020-10-13T12:32:33","modified_gmt":"2020-10-13T12:32:33","slug":"lisboa-creativa-daniela-pereira","status":"publish","type":"post","link":"https:\/\/www.canariasviaja.com\/viajaresvivir\/lisboa-creativa-daniela-pereira\/","title":{"rendered":"Lisboa creativa: Daniela Pereira"},"content":{"rendered":"\n<p>Daniela se define como ciudadana del mundo. Nacida hace 33 a\u00f1os en R\u00edo de Janeiro (Brasil), ha vivido en&nbsp; Oporto (Portugal) , Santa Cruz de Tenerife y&nbsp; ahora en Lisboa. \u201c<em>Todos estos habitats me trajeron aquello que soy en el d\u00eda de hoy<\/em>\u201d, nos cuenta.<\/p>\n\n\n\n<p>Es una amante del arte&nbsp; en todas sus manifestaciones: baile, fotograf\u00eda, m\u00fasica, escritura, pintura&#8230; Y a ello se dedica, a contagiar su amor por el arte a los m\u00e1s peque\u00f1os a trav\u00e9s de su <a href=\"https:\/\/www.facebook.com\/AtelieVOALA\/\">proyecto Voal\u00e1<\/a>, un taller de actividades art\u00edsticas para ni\u00f1os de 3 a 9 a\u00f1os, que dirige junto a su socia, Filipa Carvalho.<\/p>\n\n\n\n<p>Adem\u00e1s del arte, le apasiona viajar y cuando lo hace le encanta \u201c<em>pasear por las calles sin destino, para simplemente vivir, sentir los sitios por los que pasa\u201d<\/em>, conocer a gente local y aprender de la historia y la cultura del lugar.<\/p>\n\n\n\n<p>Para ella crear siempre fue parte de su vida, <em>\u201ccreando estoy, creando vivo\u201d.<\/em> Ahora que vive en Lisboa, <em>\u201cuna ciudad llena de luz, llena de vida\u201d,<\/em>\nnos invita a descubrirla en su lado m\u00e1s creativo.<\/p>\n\n\n\n<h3 class=\"wp-block-heading\"><strong>Arte y creatividad &nbsp;por Lisboa<\/strong><\/h3>\n\n\n\n<p>Daniela nos propone varios planes para descubrir la <strong>Lisboa m\u00e1s creativa<\/strong>.<\/p>\n\n\n\n<ul class=\"wp-block-list\"><li><a href=\"https:\/\/www.museudamarioneta.pt\/en\/museum\/\"><strong>Museo de la marioneta:<\/strong><\/a> el primer museo nacional dedicado enteramente\nal universo de las marionetas est\u00e1 situado en el barrio de Santos.&nbsp; En el se celebran espect\u00e1culos de marionetas\npara familias, as\u00ed que puede ser un plan divertido si viajas con ni\u00f1os.<\/li><\/ul>\n\n\n\n<ul class=\"wp-block-list\"><li><strong>Ruta de Street art por Lisboa<\/strong>: Las fachadas de Lisboa son un museo al aire libre que acoge la obra de artistas como <strong>Alexandre Farto<\/strong>, que firma sus obras como <strong>Vhils<\/strong>, el artista de arte urbano portugu\u00e9s m\u00e1s reconocido por el mundo con obras por todo el planeta.<\/li><\/ul>\n\n\n\n<p><a href=\"https:\/\/www.vhils.com\/\">Vhils<\/a> comenz\u00f3 haciendo graffitis, pero \u00ab<em>trabajar con lo ca\u00f3tico le llev\u00f3 a trabajar con la destrucci\u00f3n: construir y destruir en la pared de las calles<\/em>\u00ab.<\/p>\n\n\n\n<p>En el <strong><a href=\"https:\/\/www.google.com\/maps\/place\/Mirador+Panor%C3%A1mico+de+Monsanto\/@38.728694,-9.1866718,17z\/data=!3m1!4b1!4m5!3m4!1s0xd19334a27c6ec51:0xa61a8ad0d27bbe73!8m2!3d38.728694!4d-9.1844831\" target=\"_blank\" rel=\"noreferrer noopener\" aria-label=\"Panor\u00e2mico de Monsanto (se abre en una nueva pesta\u00f1a)\">Panor\u00e2mico de Monsanto<\/a><\/strong> (Estrada da Bela Vista) se puede ver uno de sus trabajos, <a href=\"https:\/\/www.vhils.com\/map\/brave-walls-amnesty-international\/\">Portrait of Marielle Franco<\/a>, perteneciente al proyecto <strong>Brave Walls<\/strong> para Amnist\u00eda internacional.<\/p>\n\n\n\n<p>Otro de los artistas urbanos que muestran su obra en las calles de Lisboa es <a href=\"http:\/\/www.bordaloii.com\/\"><strong>Bordalo II<\/strong><\/a>, artista lisboeta que crea y recrea a partir de la basura. \u00ab<em>Confronta nuestra sociedad con el consumismo y materialismo creando, a partir de algo que ha sido desechado, piezas que nos hacen pensar\u00bb.<\/em> La obra de Bordalo II utiliza muchos material pl\u00e1sticos, met\u00e1licos y electr\u00f3nicos para crear piezas tridimensionales, coloridas y diferentes, con una fuerte connotaci\u00f3n ecol\u00f3gica, ambiental y social.<\/p>\n\n\n\n<p>Podemos ver algunas de sus obras pertenecientes a la serie <a href=\"http:\/\/www.bordaloii.com\/#\/big-trash-animals\">Big Trash Animals<\/a> en varios lugares de Lisboa: un mono gigante en la <strong>Rua de Xabregas<\/strong>, un sapo en la <strong>Rua da Manuten\u00e7\u00e3o<\/strong>, un enorme zorro en&nbsp; la <strong>Avenida 24 de Julho<\/strong> o una gigantesca abeja dentro de <strong>LX Factory.<\/strong><\/p>\n\n\n\n<ul class=\"wp-block-list\"><li><a href=\"https:\/\/lxfactory.com\/en\/homepage-en\/\"><strong>LX Factory:<\/strong><\/a><strong> <\/strong>Una f\u00e1brica abandonada a la orilla del Tajo reconvertida en un <em>hub<\/em> creativo. Un lugar lleno de ambiente en el que conviven talleres y estudios de artistas y dise\u00f1adores, con m\u00e1s de 50 tiendas, &nbsp;animados restaurantes, caf\u00e9s, bares y la inspiradora librer\u00eda&nbsp; <strong>Ler Devagar<\/strong>\u2026, todo ba\u00f1ado en un aire <em>hipster<\/em> que muestra la esencia lisboeta de fusi\u00f3n entre la vanguardia y la tradici\u00f3n. <\/li><\/ul>\n\n\n\n<p>Este espacio industrial, plagado de arte urbano, fue ocupado por j\u00f3venes creativos que hu\u00edan de los altos precios del centro de Lisboa. Entre todas su ofertas Daniela nos recomienda que descubramos la <a href=\"https:\/\/fica-oc.pt\/\">Fica Oficina Creativa<\/a>, un taller multidisciplinar en el que conviven serigraf\u00eda, cer\u00e1mica, grabado, telar\u2026 y en el que puedes ir a crear tus propias piezas o a formarte en los numerosos talleres y workshop que organizan.<\/p>\n\n\n\n<p><em>\u201cLisboa es una ciudad llena de vida y llena de arte\u201d<\/em>, as\u00ed que descubr\u00e1mosla con otros ojos.&nbsp; <em>\u201cArte es vida. \u00a1Vamos a crear, vamos a vivir!\u201d<\/em><\/p>\n\n\n\n<hr class=\"wp-block-separator\"\/>\n\n\n\n<p>Sigue descubriendo el <strong><a href=\"https:\/\/www.visitlisboa.com\/es\/lisbon-stories\">arte urbano en Lisboa.<\/a><\/strong><\/p>\n","protected":false},"excerpt":{"rendered":"<p>Daniela nos muestra una Lisboa creativa y llena de arte. Ven a descubrirla.<\/p>\n","protected":false},"author":2,"featured_media":1108,"comment_status":"open","ping_status":"open","sticky":false,"template":"","format":"standard","meta":{"_acf_changed":false,"sfsi_plus_gutenberg_text_before_share":"","sfsi_plus_gutenberg_show_text_before_share":"","sfsi_plus_gutenberg_icon_type":"","sfsi_plus_gutenberg_icon_alignemt":"","sfsi_plus_gutenburg_max_per_row":"","footnotes":""},"categories":[124,5,123,10,94,91,11,1],"tags":[204,208,210,207,202,209,205,203,206],"class_list":["post-1107","post","type-post","status-publish","format-standard","has-post-thumbnail","hentry","category-descubre","category-europa","category-explora","category-historias-viajeras","category-lisboa","category-portugal","category-postales","category-sin-categoria","tag-arte-urbano","tag-bordalo-ii","tag-fica-oficina-creativa","tag-grafitti","tag-lisboa","tag-lx-factory","tag-museo-de-la-marioneta","tag-street-art","tag-vhils"],"acf":[],"yoast_head":"<!-- This site is optimized with the Yoast SEO plugin v24.1 - https:\/\/yoast.com\/wordpress\/plugins\/seo\/ -->\n<title>Lisboa creativa: Daniela Pereira - Viajar es vivir<\/title>\n<meta name=\"description\" content=\"Daniela, ciudadana del mundo que vive en Lisboa nos muestra el lado m\u00e1s creativo de esta ciudad. Una ruta que va desde las marionetas al street art.\" \/>\n<meta name=\"robots\" content=\"index, follow, max-snippet:-1, max-image-preview:large, max-video-preview:-1\" \/>\n<link rel=\"canonical\" href=\"https:\/\/www.canariasviaja.com\/viajaresvivir\/lisboa-creativa-daniela-pereira\/\" \/>\n<meta property=\"og:locale\" content=\"es_ES\" \/>\n<meta property=\"og:type\" content=\"article\" \/>\n<meta property=\"og:title\" content=\"Lisboa creativa: Daniela Pereira - Viajar es vivir\" \/>\n<meta property=\"og:description\" content=\"Daniela, ciudadana del mundo que vive en Lisboa nos muestra el lado m\u00e1s creativo de esta ciudad. Una ruta que va desde las marionetas al street art.\" \/>\n<meta property=\"og:url\" content=\"https:\/\/www.canariasviaja.com\/viajaresvivir\/lisboa-creativa-daniela-pereira\/\" \/>\n<meta property=\"og:site_name\" content=\"Viajar es vivir\" \/>\n<meta property=\"article:published_time\" content=\"2019-12-30T08:27:00+00:00\" \/>\n<meta property=\"article:modified_time\" content=\"2020-10-13T12:32:33+00:00\" \/>\n<meta property=\"og:image\" content=\"https:\/\/www.canariasviaja.com\/viajaresvivir\/wp-content\/uploads\/2019\/11\/Postales-desde-Lisboa-Daniela.jpg\" \/>\n\t<meta property=\"og:image:width\" content=\"1290\" \/>\n\t<meta property=\"og:image:height\" content=\"860\" \/>\n\t<meta property=\"og:image:type\" content=\"image\/jpeg\" \/>\n<meta name=\"author\" content=\"Patri C\u00e1mpora\" \/>\n<meta name=\"twitter:card\" content=\"summary_large_image\" \/>\n<meta name=\"twitter:label1\" content=\"Escrito por\" \/>\n\t<meta name=\"twitter:data1\" content=\"Patri C\u00e1mpora\" \/>\n\t<meta name=\"twitter:label2\" content=\"Tiempo de lectura\" \/>\n\t<meta name=\"twitter:data2\" content=\"3 minutos\" \/>\n<script type=\"application\/ld+json\" class=\"yoast-schema-graph\">{\"@context\":\"https:\/\/schema.org\",\"@graph\":[{\"@type\":\"WebPage\",\"@id\":\"https:\/\/www.canariasviaja.com\/viajaresvivir\/lisboa-creativa-daniela-pereira\/\",\"url\":\"https:\/\/www.canariasviaja.com\/viajaresvivir\/lisboa-creativa-daniela-pereira\/\",\"name\":\"Lisboa creativa: Daniela Pereira - Viajar es vivir\",\"isPartOf\":{\"@id\":\"https:\/\/www.canariasviaja.com\/viajaresvivir\/#website\"},\"primaryImageOfPage\":{\"@id\":\"https:\/\/www.canariasviaja.com\/viajaresvivir\/lisboa-creativa-daniela-pereira\/#primaryimage\"},\"image\":{\"@id\":\"https:\/\/www.canariasviaja.com\/viajaresvivir\/lisboa-creativa-daniela-pereira\/#primaryimage\"},\"thumbnailUrl\":\"https:\/\/www.canariasviaja.com\/viajaresvivir\/wp-content\/uploads\/2019\/11\/Postales-desde-Lisboa-Daniela.jpg\",\"datePublished\":\"2019-12-30T08:27:00+00:00\",\"dateModified\":\"2020-10-13T12:32:33+00:00\",\"author\":{\"@id\":\"https:\/\/www.canariasviaja.com\/viajaresvivir\/#\/schema\/person\/085949651001325f1244a8bc1b34709c\"},\"description\":\"Daniela, ciudadana del mundo que vive en Lisboa nos muestra el lado m\u00e1s creativo de esta ciudad. Una ruta que va desde las marionetas al street art.\",\"breadcrumb\":{\"@id\":\"https:\/\/www.canariasviaja.com\/viajaresvivir\/lisboa-creativa-daniela-pereira\/#breadcrumb\"},\"inLanguage\":\"es\",\"potentialAction\":[{\"@type\":\"ReadAction\",\"target\":[\"https:\/\/www.canariasviaja.com\/viajaresvivir\/lisboa-creativa-daniela-pereira\/\"]}]},{\"@type\":\"ImageObject\",\"inLanguage\":\"es\",\"@id\":\"https:\/\/www.canariasviaja.com\/viajaresvivir\/lisboa-creativa-daniela-pereira\/#primaryimage\",\"url\":\"https:\/\/www.canariasviaja.com\/viajaresvivir\/wp-content\/uploads\/2019\/11\/Postales-desde-Lisboa-Daniela.jpg\",\"contentUrl\":\"https:\/\/www.canariasviaja.com\/viajaresvivir\/wp-content\/uploads\/2019\/11\/Postales-desde-Lisboa-Daniela.jpg\",\"width\":1290,\"height\":860,\"caption\":\"Postales desde Lisboa Daniela\"},{\"@type\":\"BreadcrumbList\",\"@id\":\"https:\/\/www.canariasviaja.com\/viajaresvivir\/lisboa-creativa-daniela-pereira\/#breadcrumb\",\"itemListElement\":[{\"@type\":\"ListItem\",\"position\":1,\"name\":\"Portada\",\"item\":\"https:\/\/www.canariasviaja.com\/viajaresvivir\/\"},{\"@type\":\"ListItem\",\"position\":2,\"name\":\"Lisboa creativa: Daniela Pereira\"}]},{\"@type\":\"WebSite\",\"@id\":\"https:\/\/www.canariasviaja.com\/viajaresvivir\/#website\",\"url\":\"https:\/\/www.canariasviaja.com\/viajaresvivir\/\",\"name\":\"Viajar es vivir\",\"description\":\"El blog de viajes y estilo de vida de CanariasViaja\",\"potentialAction\":[{\"@type\":\"SearchAction\",\"target\":{\"@type\":\"EntryPoint\",\"urlTemplate\":\"https:\/\/www.canariasviaja.com\/viajaresvivir\/?s={search_term_string}\"},\"query-input\":{\"@type\":\"PropertyValueSpecification\",\"valueRequired\":true,\"valueName\":\"search_term_string\"}}],\"inLanguage\":\"es\"},{\"@type\":\"Person\",\"@id\":\"https:\/\/www.canariasviaja.com\/viajaresvivir\/#\/schema\/person\/085949651001325f1244a8bc1b34709c\",\"name\":\"Patri C\u00e1mpora\",\"image\":{\"@type\":\"ImageObject\",\"inLanguage\":\"es\",\"@id\":\"https:\/\/www.canariasviaja.com\/viajaresvivir\/#\/schema\/person\/image\/\",\"url\":\"https:\/\/secure.gravatar.com\/avatar\/b2ce2c4086a5776e5310f57c1a2e5b4e?s=96&d=mm&r=g\",\"contentUrl\":\"https:\/\/secure.gravatar.com\/avatar\/b2ce2c4086a5776e5310f57c1a2e5b4e?s=96&d=mm&r=g\",\"caption\":\"Patri C\u00e1mpora\"},\"url\":\"https:\/\/www.canariasviaja.com\/viajaresvivir\/author\/patri\/\"}]}<\/script>\n<!-- \/ Yoast SEO plugin. -->","yoast_head_json":{"title":"Lisboa creativa: Daniela Pereira - Viajar es vivir","description":"Daniela, ciudadana del mundo que vive en Lisboa nos muestra el lado m\u00e1s creativo de esta ciudad. Una ruta que va desde las marionetas al street art.","robots":{"index":"index","follow":"follow","max-snippet":"max-snippet:-1","max-image-preview":"max-image-preview:large","max-video-preview":"max-video-preview:-1"},"canonical":"https:\/\/www.canariasviaja.com\/viajaresvivir\/lisboa-creativa-daniela-pereira\/","og_locale":"es_ES","og_type":"article","og_title":"Lisboa creativa: Daniela Pereira - Viajar es vivir","og_description":"Daniela, ciudadana del mundo que vive en Lisboa nos muestra el lado m\u00e1s creativo de esta ciudad. Una ruta que va desde las marionetas al street art.","og_url":"https:\/\/www.canariasviaja.com\/viajaresvivir\/lisboa-creativa-daniela-pereira\/","og_site_name":"Viajar es vivir","article_published_time":"2019-12-30T08:27:00+00:00","article_modified_time":"2020-10-13T12:32:33+00:00","og_image":[{"width":1290,"height":860,"url":"https:\/\/www.canariasviaja.com\/viajaresvivir\/wp-content\/uploads\/2019\/11\/Postales-desde-Lisboa-Daniela.jpg","type":"image\/jpeg"}],"author":"Patri C\u00e1mpora","twitter_card":"summary_large_image","twitter_misc":{"Escrito por":"Patri C\u00e1mpora","Tiempo de lectura":"3 minutos"},"schema":{"@context":"https:\/\/schema.org","@graph":[{"@type":"WebPage","@id":"https:\/\/www.canariasviaja.com\/viajaresvivir\/lisboa-creativa-daniela-pereira\/","url":"https:\/\/www.canariasviaja.com\/viajaresvivir\/lisboa-creativa-daniela-pereira\/","name":"Lisboa creativa: Daniela Pereira - Viajar es vivir","isPartOf":{"@id":"https:\/\/www.canariasviaja.com\/viajaresvivir\/#website"},"primaryImageOfPage":{"@id":"https:\/\/www.canariasviaja.com\/viajaresvivir\/lisboa-creativa-daniela-pereira\/#primaryimage"},"image":{"@id":"https:\/\/www.canariasviaja.com\/viajaresvivir\/lisboa-creativa-daniela-pereira\/#primaryimage"},"thumbnailUrl":"https:\/\/www.canariasviaja.com\/viajaresvivir\/wp-content\/uploads\/2019\/11\/Postales-desde-Lisboa-Daniela.jpg","datePublished":"2019-12-30T08:27:00+00:00","dateModified":"2020-10-13T12:32:33+00:00","author":{"@id":"https:\/\/www.canariasviaja.com\/viajaresvivir\/#\/schema\/person\/085949651001325f1244a8bc1b34709c"},"description":"Daniela, ciudadana del mundo que vive en Lisboa nos muestra el lado m\u00e1s creativo de esta ciudad. Una ruta que va desde las marionetas al street art.","breadcrumb":{"@id":"https:\/\/www.canariasviaja.com\/viajaresvivir\/lisboa-creativa-daniela-pereira\/#breadcrumb"},"inLanguage":"es","potentialAction":[{"@type":"ReadAction","target":["https:\/\/www.canariasviaja.com\/viajaresvivir\/lisboa-creativa-daniela-pereira\/"]}]},{"@type":"ImageObject","inLanguage":"es","@id":"https:\/\/www.canariasviaja.com\/viajaresvivir\/lisboa-creativa-daniela-pereira\/#primaryimage","url":"https:\/\/www.canariasviaja.com\/viajaresvivir\/wp-content\/uploads\/2019\/11\/Postales-desde-Lisboa-Daniela.jpg","contentUrl":"https:\/\/www.canariasviaja.com\/viajaresvivir\/wp-content\/uploads\/2019\/11\/Postales-desde-Lisboa-Daniela.jpg","width":1290,"height":860,"caption":"Postales desde Lisboa Daniela"},{"@type":"BreadcrumbList","@id":"https:\/\/www.canariasviaja.com\/viajaresvivir\/lisboa-creativa-daniela-pereira\/#breadcrumb","itemListElement":[{"@type":"ListItem","position":1,"name":"Portada","item":"https:\/\/www.canariasviaja.com\/viajaresvivir\/"},{"@type":"ListItem","position":2,"name":"Lisboa creativa: Daniela Pereira"}]},{"@type":"WebSite","@id":"https:\/\/www.canariasviaja.com\/viajaresvivir\/#website","url":"https:\/\/www.canariasviaja.com\/viajaresvivir\/","name":"Viajar es vivir","description":"El blog de viajes y estilo de vida de CanariasViaja","potentialAction":[{"@type":"SearchAction","target":{"@type":"EntryPoint","urlTemplate":"https:\/\/www.canariasviaja.com\/viajaresvivir\/?s={search_term_string}"},"query-input":{"@type":"PropertyValueSpecification","valueRequired":true,"valueName":"search_term_string"}}],"inLanguage":"es"},{"@type":"Person","@id":"https:\/\/www.canariasviaja.com\/viajaresvivir\/#\/schema\/person\/085949651001325f1244a8bc1b34709c","name":"Patri C\u00e1mpora","image":{"@type":"ImageObject","inLanguage":"es","@id":"https:\/\/www.canariasviaja.com\/viajaresvivir\/#\/schema\/person\/image\/","url":"https:\/\/secure.gravatar.com\/avatar\/b2ce2c4086a5776e5310f57c1a2e5b4e?s=96&d=mm&r=g","contentUrl":"https:\/\/secure.gravatar.com\/avatar\/b2ce2c4086a5776e5310f57c1a2e5b4e?s=96&d=mm&r=g","caption":"Patri C\u00e1mpora"},"url":"https:\/\/www.canariasviaja.com\/viajaresvivir\/author\/patri\/"}]}},"_links":{"self":[{"href":"https:\/\/www.canariasviaja.com\/viajaresvivir\/wp-json\/wp\/v2\/posts\/1107"}],"collection":[{"href":"https:\/\/www.canariasviaja.com\/viajaresvivir\/wp-json\/wp\/v2\/posts"}],"about":[{"href":"https:\/\/www.canariasviaja.com\/viajaresvivir\/wp-json\/wp\/v2\/types\/post"}],"author":[{"embeddable":true,"href":"https:\/\/www.canariasviaja.com\/viajaresvivir\/wp-json\/wp\/v2\/users\/2"}],"replies":[{"embeddable":true,"href":"https:\/\/www.canariasviaja.com\/viajaresvivir\/wp-json\/wp\/v2\/comments?post=1107"}],"version-history":[{"count":10,"href":"https:\/\/www.canariasviaja.com\/viajaresvivir\/wp-json\/wp\/v2\/posts\/1107\/revisions"}],"predecessor-version":[{"id":5306,"href":"https:\/\/www.canariasviaja.com\/viajaresvivir\/wp-json\/wp\/v2\/posts\/1107\/revisions\/5306"}],"wp:featuredmedia":[{"embeddable":true,"href":"https:\/\/www.canariasviaja.com\/viajaresvivir\/wp-json\/wp\/v2\/media\/1108"}],"wp:attachment":[{"href":"https:\/\/www.canariasviaja.com\/viajaresvivir\/wp-json\/wp\/v2\/media?parent=1107"}],"wp:term":[{"taxonomy":"category","embeddable":true,"href":"https:\/\/www.canariasviaja.com\/viajaresvivir\/wp-json\/wp\/v2\/categories?post=1107"},{"taxonomy":"post_tag","embeddable":true,"href":"https:\/\/www.canariasviaja.com\/viajaresvivir\/wp-json\/wp\/v2\/tags?post=1107"}],"curies":[{"name":"wp","href":"https:\/\/api.w.org\/{rel}","templated":true}]}}