{"id":11177,"date":"2024-01-14T19:59:25","date_gmt":"2024-01-14T19:59:25","guid":{"rendered":"https:\/\/www.canariasviaja.com\/viajaresvivir\/?p=11177"},"modified":"2024-01-15T09:55:01","modified_gmt":"2024-01-15T09:55:01","slug":"invierno-en-madrid","status":"publish","type":"post","link":"https:\/\/www.canariasviaja.com\/viajaresvivir\/invierno-en-madrid\/","title":{"rendered":"Invierno en Madrid"},"content":{"rendered":"\n<p>\u00bfTe apetece abrigarte y disfrutar de unos <strong>d\u00edas de invierno<\/strong>?  Pasear sintiendo el fresco en tu rostro,  observar los \u00e1rboles desnudos, dejarte acariciar por los rayos de sol de invierno mientras disfrutas de un reconfortante chocolate caliente&#8230; <\/p>\n\n\n\n<p>Como por Canarias vivimos en la eterna primavera, hoy te llevamos a <strong><a href=\"https:\/\/www.canariasviaja.com\/viajaresvivir\/madrid-novelero-planes-y-experiencias\/\">Madrid<\/a><\/strong> para que disfrutes un poco de esta estaci\u00f3n. Mete tu plumas, bufanda y guantes en la maleta y prep\u00e1rate para <strong>disfrutar de Madrid en invierno<\/strong>. <\/p>\n\n\n\n<p>Aqu\u00ed tienes algunas <strong>ideas<\/strong> para que exprimas tu <strong>escapada invernal a Madrid.<\/strong><\/p>\n\n\n\n<figure class=\"wp-block-image size-full\"><img loading=\"lazy\" decoding=\"async\" width=\"1920\" height=\"1280\" src=\"https:\/\/www.canariasviaja.com\/viajaresvivir\/wp-content\/uploads\/2024\/01\/david-monje-YwrD58FfX9g-unsplash.jpg\" alt=\"\" class=\"wp-image-11190\" srcset=\"https:\/\/www.canariasviaja.com\/viajaresvivir\/wp-content\/uploads\/2024\/01\/david-monje-YwrD58FfX9g-unsplash.jpg 1920w, https:\/\/www.canariasviaja.com\/viajaresvivir\/wp-content\/uploads\/2024\/01\/david-monje-YwrD58FfX9g-unsplash-300x200.jpg 300w, https:\/\/www.canariasviaja.com\/viajaresvivir\/wp-content\/uploads\/2024\/01\/david-monje-YwrD58FfX9g-unsplash-768x512.jpg 768w, https:\/\/www.canariasviaja.com\/viajaresvivir\/wp-content\/uploads\/2024\/01\/david-monje-YwrD58FfX9g-unsplash-1536x1024.jpg 1536w, https:\/\/www.canariasviaja.com\/viajaresvivir\/wp-content\/uploads\/2024\/01\/david-monje-YwrD58FfX9g-unsplash-1200x800.jpg 1200w, https:\/\/www.canariasviaja.com\/viajaresvivir\/wp-content\/uploads\/2024\/01\/david-monje-YwrD58FfX9g-unsplash-1620x1080.jpg 1620w\" sizes=\"(max-width: 1920px) 100vw, 1920px\" \/><figcaption class=\"wp-element-caption\">Foto de <a href=\"https:\/\/unsplash.com\/es\/@davidmonje?utm_content=creditCopyText&amp;utm_medium=referral&amp;utm_source=unsplash\">David Monje<\/a> en <a href=\"https:\/\/unsplash.com\/es\/fotos\/senalizacion-del-metro-plaza-de-espana-YwrD58FfX9g?utm_content=creditCopyText&amp;utm_medium=referral&amp;utm_source=unsplash\">Unsplash<\/a><\/figcaption><\/figure>\n\n\n\n<p> <\/p>\n\n\n\n<div style=\"height:100px\" aria-hidden=\"true\" class=\"wp-block-spacer\"><\/div>\n\n\n\n<h2 class=\"wp-block-heading\">6 Planes de invierno en Madrid<\/h2>\n\n\n\n<div class=\"wp-block-group\"><div class=\"wp-block-group__inner-container is-layout-constrained wp-block-group-is-layout-constrained\">\n<h3 class=\"wp-block-heading\">Renueva tu armario en las rebajas y descubre a los nuevos artesanos<\/h3>\n\n\n\n<figure class=\"wp-block-image size-full\"><img loading=\"lazy\" decoding=\"async\" width=\"1024\" height=\"683\" src=\"https:\/\/www.canariasviaja.com\/viajaresvivir\/wp-content\/uploads\/2024\/01\/Tienda-Louis-Vuitton-Barrio-de-Salamanca.jpg\" alt=\"\" class=\"wp-image-11188\" srcset=\"https:\/\/www.canariasviaja.com\/viajaresvivir\/wp-content\/uploads\/2024\/01\/Tienda-Louis-Vuitton-Barrio-de-Salamanca.jpg 1024w, https:\/\/www.canariasviaja.com\/viajaresvivir\/wp-content\/uploads\/2024\/01\/Tienda-Louis-Vuitton-Barrio-de-Salamanca-300x200.jpg 300w, https:\/\/www.canariasviaja.com\/viajaresvivir\/wp-content\/uploads\/2024\/01\/Tienda-Louis-Vuitton-Barrio-de-Salamanca-768x512.jpg 768w\" sizes=\"(max-width: 1024px) 100vw, 1024px\" \/><figcaption class=\"wp-element-caption\">C\u00e9sar Lucas Abreu \u00a9 Madrid Destino<\/figcaption><\/figure>\n\n\n\n<p>\u00bfEres de los que aprovechas las<strong> rebajas<\/strong> para renovar tu armario? Entonces, Madrid es tu destino. Podr\u00e1s conseguir las mejores ofertas, independientemente de tu presupuesto.  Busques lo que busques, seguro que lo encuentras en sus tiendas.<\/p>\n\n\n\n<p>Para aquellos que buscan las<strong> prendas y objetos m\u00e1s exclusivos<\/strong>, en el <strong>Barrio de Salamanca<\/strong> encontrar\u00e1n las grandes marcas de lujo, por eso lo llaman<strong> La Milla de Oro<\/strong>.<\/p>\n\n\n\n<p>Para los que buscan los mejores precios, las colas en las tiendas de la <strong>Gran V\u00eda<\/strong> les indicar\u00e1n las tiendas m\u00e1s populares.<\/p>\n\n\n\n<p>Si eres de los que valoran el <strong>trabajo artesanal<\/strong> y prefieren comprar objetos hechos a mano, <a href=\"https:\/\/www.esmadrid.com\/sites\/default\/files\/folleto_nuevos_y_antiguos_artesanos_de_madrid.pdf\" target=\"_blank\" rel=\"noreferrer noopener nofollow\">aqu\u00ed tienes una ruta<\/a> para que descubras <strong>nuevos artesanos y comercios tradicionales<\/strong> por los barrios de  Lavapi\u00e9s, el Barrio de Las Letras, Chueca, Las Salesas, Malasa\u00f1a, Conde Duque, La Latina y Los Austrias. Un paseo en busca de los nuevos talleres y de los comercios que tambi\u00e9n son fabricantes desde hace m\u00e1s de un siglo.<\/p>\n<\/div><\/div>\n\n\n\n<div style=\"height:100px\" aria-hidden=\"true\" class=\"wp-block-spacer\"><\/div>\n\n\n\n<div class=\"wp-block-group\"><div class=\"wp-block-group__inner-container is-layout-constrained wp-block-group-is-layout-constrained\">\n<h3 class=\"wp-block-heading\">Resgu\u00e1rdate del frio en un museo<\/h3>\n\n\n\n<figure class=\"wp-block-image size-full\"><img loading=\"lazy\" decoding=\"async\" width=\"1024\" height=\"585\" src=\"https:\/\/www.canariasviaja.com\/viajaresvivir\/wp-content\/uploads\/2024\/01\/Museo-del-Prado-1.jpg\" alt=\"Museo del Prado en invierno en Madrid\" class=\"wp-image-11187\" srcset=\"https:\/\/www.canariasviaja.com\/viajaresvivir\/wp-content\/uploads\/2024\/01\/Museo-del-Prado-1.jpg 1024w, https:\/\/www.canariasviaja.com\/viajaresvivir\/wp-content\/uploads\/2024\/01\/Museo-del-Prado-1-300x171.jpg 300w, https:\/\/www.canariasviaja.com\/viajaresvivir\/wp-content\/uploads\/2024\/01\/Museo-del-Prado-1-768x439.jpg 768w\" sizes=\"(max-width: 1024px) 100vw, 1024px\" \/><figcaption class=\"wp-element-caption\">Museo del Prado. Foto: \u00c1lvaro L\u00f3pez del Cerro \u00a9 Madrid Destino<\/figcaption><\/figure>\n\n\n\n<p>Visitar uno de los grandes <strong>museos de la capital <\/strong>puede ser una gran opci\u00f3n para resguardarte por unas horas del frio y la lluvia mientras alimentas el esp\u00edritu.<\/p>\n\n\n\n<p>Puedes realizar una <strong>visita guiada o a tu aire<\/strong> a una de las grandes pinacotecas del mundo, el <strong>Museo del Prado<\/strong>. Adem\u00e1s de su valiosa <strong>colecci\u00f3n<\/strong>,  puedes visitar algunas de sus <strong>exposiciones temporales<\/strong> como <strong><em>Reversos<\/em><\/strong>, un viaje hacia la cara oculta de las obras de arte. Esta exposici\u00f3n se podr\u00e1 visitar hasta el 3 de marzo de 2024 e incluye casi un centenar de obras de arte. Consulta todas las exposiciones programadas para 2024 <strong><a href=\"https:\/\/www.museodelprado.es\/\" target=\"_blank\" rel=\"noreferrer noopener nofollow\">aqu\u00ed.<\/a><\/strong><\/p>\n\n\n\n<p>Paseando por el paseo del Arte llegar\u00e1s al <strong>Museo Nacional Thyssen- Bornemisza<\/strong>. Un fabuloso museo en el que podr\u00e1s recorrer la historia de la pintura occidental desde el siglo XIII hasta el XX, a trav\u00e9s de sus casi mil obras. Para este invierno han programado algunas interesantes <strong>exposiciones temporales<\/strong>. La exposici\u00f3n de peque\u00f1o formato<strong> Love Me fast<\/strong>, de la artista asturiana Noemi Iglesias Barrios, que se podr\u00e1 visitar hasta el 28 de abril. El 25 de febrero se inaugura la primera exposici\u00f3n monogr\u00e1fica que dedica este museo a una artista espa\u00f1ola<strong>, Isabel Quintanilla<\/strong> (1938-2017), una de las figuras fundamentales del realismo contempor\u00e1neo, que estar\u00e1 abierta hasta el 2 de junio. El 5 de marzo abrir\u00e1 sus puertas la exposici\u00f3n <strong>En busca de la vida<\/strong>,  la primera exposici\u00f3n individual de la artista filipino-canadiense Stephanie Comilang (Toronto, 1980), formada por una videoinstalaci\u00f3n de dos canales y varias piezas textiles bordadas realizadas en fibra de pi\u00f1a, un tejido tradicional de Filipinas.<\/p>\n\n\n\n<p>Para completar nuestro viaje por la historia del arte, tendremos que visitar el <strong>Museo Centro de Arte Reina Sof\u00eda<\/strong>, donde podremos visitar su colecci\u00f3n permanente, que incluye piezas imprescindibles como el Guernica de Picasso,  o alguna de las exposiciones temporales que han programado para este invierno. La exposici\u00f3n <strong>Picasso 1906<\/strong>, <strong>La gran transformaci\u00f3n<\/strong> nos propone  mirar, desde la conciencia est\u00e9tica contempor\u00e1nea, la primera aportaci\u00f3n del artista a la definici\u00f3n del \u00abarte moderno\u00bb. La muestra se puede visitar hasta el 4 de marzo. Consulta el resto de exposiciones temporales <strong><a href=\"https:\/\/www.museoreinasofia.es\/exposiciones\" target=\"_blank\" rel=\"noreferrer noopener nofollow\">aqu\u00ed.<\/a><\/strong><\/p>\n\n\n\n<p>Madrid tiene <strong><a href=\"https:\/\/museomadrid.com\/\" target=\"_blank\" rel=\"noreferrer noopener nofollow\">museos para todos los gustos<\/a><\/strong>: ilustraci\u00f3n, arqueolog\u00eda, bomberos, de cera, de artes decorativas, de ciencias&#8230; As\u00ed que s\u00f3lo tienes que elegir el que se adapte m\u00e1s a tus intereses.<\/p>\n\n\n\n<p>Si te gusta la moda, no te pierdas el <a href=\"https:\/\/www.cultura.gob.es\/mtraje\/inicio.html\" target=\"_blank\" rel=\"noreferrer noopener nofollow\"><strong>Museo Nacional del Traje<\/strong>.<\/a> Hasta el 17 de marzo podr\u00e1s visitar la exposici\u00f3n temporal <strong>Jeans, de la calle al Ritz<\/strong>, que repasa la historia de esta popular prenda. La muestra <strong>Escultura t\u00edmida. Un d\u00edalogo entre la joyer\u00eda tradicional y la contempor\u00e1nea, <\/strong>estar\u00e1 disponible hasta el 5 de mayo.<\/p>\n<\/div><\/div>\n\n\n\n<div style=\"height:100px\" aria-hidden=\"true\" class=\"wp-block-spacer\"><\/div>\n\n\n\n<h3 class=\"wp-block-heading\">Visita esa exposici\u00f3n de la que todos hablan<\/h3>\n\n\n\n<p>Adem\u00e1s de visitar los <strong>Museos y galer\u00edas,<\/strong> los amantes del arte y la cultura siempre tienen muchas <strong>exposiciones<\/strong> que visitar en Madrid.<\/p>\n\n\n\n<p>Este invierno todo el mundo habla de la exposici\u00f3n <strong>El Muro de Berlin. Un Mundo Dividido<\/strong>,  que se exhibe en la Sala Castellana 214 de la<strong> Fundaci\u00f3n Canal Madrid.<\/strong> Una exposici\u00f3n \u00fanica que relata la escalada en el Berl\u00edn dividido de la Guerra Fr\u00eda, que enfrent\u00f3 al capitalismo y el comunismo y llev\u00f3 al mundo al borde de la destrucci\u00f3n nuclear. A trav\u00e9s de m\u00e1s de 300 objetos originales de ambos lados del muro y de los testimonios de sus protagonistas podremos conocer este importante episodio de la historia europea. Hasta 25 de febrero.<\/p>\n\n\n\n<p>El 19 de febrero llegar\u00e1 a <strong>Caixaforum Madrid<\/strong> la exposici\u00f3n <strong>Arte y Naturaleza<\/strong>. La muestra presenta unas ochenta piezas de la colecci\u00f3n del<strong> Mus\u00e9e National d\u2019Art Moderne \u2013 Centre d\u2019Art Georges Pompidou<\/strong>, con una importante presencia de artistas de las \u00faltimas d\u00e9cadas que han aportado nuevos puntos de vista comprometidos. Pintura, escultura, fotograf\u00eda, dise\u00f1o y arquitectura en un recorrido transversal, estructurado en cuatro secciones tem\u00e1ticas: metamorfosis, mimetismo, creaci\u00f3n y amenaza. Un recorrido por el arte del siglo XX e inicios del XXI a trav\u00e9s de un fruct\u00edfero di\u00e1logo entre distintos lenguajes creativos en torno al arte y la naturaleza. Una reflexi\u00f3n sobre la amenaza de la naturaleza tal y como la conocemos.<\/p>\n\n\n\n<div style=\"height:100px\" aria-hidden=\"true\" class=\"wp-block-spacer\"><\/div>\n\n\n\n<div class=\"wp-block-group\"><div class=\"wp-block-group__inner-container is-layout-constrained wp-block-group-is-layout-constrained\">\n<h3 class=\"wp-block-heading\"><strong>Saborea la gastronom\u00eda madrile\u00f1a en un restaurante centenario<\/strong><\/h3>\n\n\n\n<figure class=\"wp-block-image size-full\"><img loading=\"lazy\" decoding=\"async\" width=\"1024\" height=\"685\" src=\"https:\/\/www.canariasviaja.com\/viajaresvivir\/wp-content\/uploads\/2024\/01\/Cocido-Madrilen\u0303o-02.jpg\" alt=\"\" class=\"wp-image-11178\" srcset=\"https:\/\/www.canariasviaja.com\/viajaresvivir\/wp-content\/uploads\/2024\/01\/Cocido-Madrilen\u0303o-02.jpg 1024w, https:\/\/www.canariasviaja.com\/viajaresvivir\/wp-content\/uploads\/2024\/01\/Cocido-Madrilen\u0303o-02-300x201.jpg 300w, https:\/\/www.canariasviaja.com\/viajaresvivir\/wp-content\/uploads\/2024\/01\/Cocido-Madrilen\u0303o-02-768x514.jpg 768w\" sizes=\"(max-width: 1024px) 100vw, 1024px\" \/><figcaption class=\"wp-element-caption\">Cocido madrile\u00f1o en el restaurante Lhardy. Foto: &nbsp;Paolo Giocoso \u00a9Madrid Destino<\/figcaption><\/figure>\n<\/div><\/div>\n\n\n\n<p>Despu\u00e9s de pasear por el <strong>Retiro<\/strong> envuelto en tu plumas, o de rebuscar entre los puestos del <strong>Rastro<\/strong> en busca de tesoros, saborear un<strong> cocido madrile\u00f1o, un rabo de toro o un cochinillo asado<\/strong> en uno de los <strong>restaurantes centenarios<\/strong> de la capital, te sentar\u00e1 de lujo.<\/p>\n\n\n\n<p>La <strong>Asociaci\u00f3n de Restaurantes y Tabernas Centenarias<\/strong> integra a 12 establecimientos que forman parte de la historia de la gastronom\u00eda y la historia madrile\u00f1a. Restaurantes y tabernas con siglos de historia, como la<strong> Posada de la Villa<\/strong>, en la Cava Baja, fundada en 1642, que rinde culto a lo castizo; o el restaurante m\u00e1s literario de Madrid, <strong>Lhardy<\/strong>, establecido en 1787, al igual que la <strong>Taberna de Antonio S\u00e1nchez<\/strong>, la m\u00e1s antigua de Madrid.<\/p>\n\n\n\n<p>Puedes ver todos los establecimientos que la integran <strong><a href=\"https:\/\/www.restaurantescentenarios.es\/\" target=\"_blank\" rel=\"noreferrer noopener nofollow\">aqu\u00ed.<\/a><\/strong><\/p>\n\n\n\n<div style=\"height:100px\" aria-hidden=\"true\" class=\"wp-block-spacer\"><\/div>\n\n\n\n<h3 class=\"wp-block-heading\">Disfruta de los mundos de Pixar<\/h3>\n\n\n\n<figure class=\"wp-block-image size-full\"><img loading=\"lazy\" decoding=\"async\" width=\"1124\" height=\"600\" src=\"https:\/\/www.canariasviaja.com\/viajaresvivir\/wp-content\/uploads\/2024\/01\/Pixar.jpg\" alt=\"Invierno en Madrid\" class=\"wp-image-11185\" srcset=\"https:\/\/www.canariasviaja.com\/viajaresvivir\/wp-content\/uploads\/2024\/01\/Pixar.jpg 1124w, https:\/\/www.canariasviaja.com\/viajaresvivir\/wp-content\/uploads\/2024\/01\/Pixar-300x160.jpg 300w, https:\/\/www.canariasviaja.com\/viajaresvivir\/wp-content\/uploads\/2024\/01\/Pixar-768x410.jpg 768w\" sizes=\"(max-width: 1124px) 100vw, 1124px\" \/><\/figure>\n\n\n\n<p>Vuelve a sentirte como un ni\u00f1o recorriendo los decorados de tus pel\u00edculas favoritas de Pixar: <strong>Toy Story, Coco, Up, Buscando a Nemo, Cars, Ratatouille, Del rev\u00e9s, Luca, Monstruos S.A. y Elemental. <\/strong>Una experiencia inmersiva que te sumergir\u00e1 en la habitaci\u00f3n de Andy, el protagonista de Toy Story, como si fueras un juguete mas, en el universo oce\u00e1nico Buscando a Nemo, en el pueblo mexicano de Santa Luc\u00eda donde se ambienta Coco, o en el almac\u00e9n de recuerdos esenciales de Del rev\u00e9s.<\/p>\n\n\n\n<p>Disfruta de 3000 m2 de diversi\u00f3n hasta el 7 de abril en el Recinto Ferial de IFEMA.<\/p>\n\n\n\n<div style=\"height:100px\" aria-hidden=\"true\" class=\"wp-block-spacer\"><\/div>\n\n\n\n<h3 class=\"wp-block-heading\">Emoci\u00f3nate con uno de los musicales de la temporada<\/h3>\n\n\n\n<figure class=\"wp-block-image size-full\"><img loading=\"lazy\" decoding=\"async\" width=\"1124\" height=\"600\" src=\"https:\/\/www.canariasviaja.com\/viajaresvivir\/wp-content\/uploads\/2024\/01\/Pretty-woman.jpg\" alt=\"Invierno en Madrid, Pretty Woman el musical\" class=\"wp-image-11189\" srcset=\"https:\/\/www.canariasviaja.com\/viajaresvivir\/wp-content\/uploads\/2024\/01\/Pretty-woman.jpg 1124w, https:\/\/www.canariasviaja.com\/viajaresvivir\/wp-content\/uploads\/2024\/01\/Pretty-woman-300x160.jpg 300w, https:\/\/www.canariasviaja.com\/viajaresvivir\/wp-content\/uploads\/2024\/01\/Pretty-woman-768x410.jpg 768w\" sizes=\"(max-width: 1124px) 100vw, 1124px\" \/><figcaption class=\"wp-element-caption\">Pretty Woman, el musical.<\/figcaption><\/figure>\n\n\n\n<p>Ya no hay que ir a Londres o Nueva York para disfrutar de los mejores musicales. Madrid se ha convertido en los \u00faltimos a\u00f1os en una de las capitales mundiales de este g\u00e9nero. Aprovecha tu escapada de invierno a Madrid para disfrutar de una divertida noche al ritmo de Abba con <strong>Mamma Mia<\/strong>, caer bajo el influjo del <strong>Fantasma de la \u00d3pera<\/strong>, o disfrutar de la adaptaci\u00f3n musical del \u00e9xito cinematogr\u00e1fico <strong>Pretty Woman.<\/strong><\/p>\n\n\n\n<p>Si el cuerpo te pide marcha, no te pierdas la experiencia gastron\u00f3mica y musical<strong> WAH<\/strong>, el&nbsp;show&nbsp;m\u00e1s&nbsp;vibrante,&nbsp;rotundo&nbsp;e&nbsp;innovador&nbsp;de&nbsp;los&nbsp;\u00faltimos&nbsp;tiempos.<\/p>\n\n\n\n<div style=\"height:100px\" aria-hidden=\"true\" class=\"wp-block-spacer\"><\/div>\n\n\n\n<div class=\"wp-block-buttons is-content-justification-center is-layout-flex wp-container-core-buttons-is-layout-1 wp-block-buttons-is-layout-flex\">\n<div class=\"wp-block-button\"><a class=\"wp-block-button__link wp-element-button\" href=\"https:\/\/bit.ly\/4aXNJoA\">Esc\u00e1pate este invierno a Madrid<\/a><\/div>\n<\/div>\n","protected":false},"excerpt":{"rendered":"<p>\u00bfTe apetece abrigarte y disfrutar de unos d\u00edas de invierno? Pasear sintiendo el fresco en tu rostro, observar los \u00e1rboles desnudos, dejarte acariciar por los rayos de sol de invierno mientras disfrutas de un reconfortante chocolate caliente&#8230; Como por Canarias vivimos en la eterna primavera, hoy te llevamos a Madrid para que disfrutes un poco de esta estaci\u00f3n. Mete tu &hellip;<\/p>\n","protected":false},"author":2,"featured_media":11190,"comment_status":"open","ping_status":"closed","sticky":false,"template":"","format":"standard","meta":{"_acf_changed":false,"sfsi_plus_gutenberg_text_before_share":"","sfsi_plus_gutenberg_show_text_before_share":"","sfsi_plus_gutenberg_icon_type":"","sfsi_plus_gutenberg_icon_alignemt":"","sfsi_plus_gutenburg_max_per_row":"","footnotes":""},"categories":[574,124,123,10,992,100,1],"tags":[661,924,151,280,872,670,999],"class_list":["post-11177","post","type-post","status-publish","format-standard","has-post-thumbnail","hentry","category-consejos-viajeros","category-descubre","category-explora","category-historias-viajeras","category-madrid","category-peninsulaybaleares","category-sin-categoria","tag-escapada-cultural","tag-escapada-de-invierno","tag-gastronomia","tag-invierno","tag-museos","tag-planes","tag-rebajas"],"acf":[],"yoast_head":"<!-- This site is optimized with the Yoast SEO plugin v24.1 - https:\/\/yoast.com\/wordpress\/plugins\/seo\/ -->\n<title>Invierno en Madrid - Viajar es vivir<\/title>\n<meta name=\"description\" content=\"Invierno en Madrid lleno de planes. Aprovechar las rebajas, visitar las exposiciones de las que todos hablan, saborear un plato de cuchara...\" \/>\n<meta name=\"robots\" content=\"index, follow, max-snippet:-1, max-image-preview:large, max-video-preview:-1\" \/>\n<link rel=\"canonical\" href=\"https:\/\/www.canariasviaja.com\/viajaresvivir\/invierno-en-madrid\/\" \/>\n<meta property=\"og:locale\" content=\"es_ES\" \/>\n<meta property=\"og:type\" content=\"article\" \/>\n<meta property=\"og:title\" content=\"Invierno en Madrid - Viajar es vivir\" \/>\n<meta property=\"og:description\" content=\"Invierno en Madrid lleno de planes. Aprovechar las rebajas, visitar las exposiciones de las que todos hablan, saborear un plato de cuchara...\" \/>\n<meta property=\"og:url\" content=\"https:\/\/www.canariasviaja.com\/viajaresvivir\/invierno-en-madrid\/\" \/>\n<meta property=\"og:site_name\" content=\"Viajar es vivir\" \/>\n<meta property=\"article:published_time\" content=\"2024-01-14T19:59:25+00:00\" \/>\n<meta property=\"article:modified_time\" content=\"2024-01-15T09:55:01+00:00\" \/>\n<meta property=\"og:image\" content=\"http:\/\/www.canariasviaja.com\/viajaresvivir\/wp-content\/uploads\/2024\/01\/david-monje-YwrD58FfX9g-unsplash.jpg\" \/>\n\t<meta property=\"og:image:width\" content=\"1920\" \/>\n\t<meta property=\"og:image:height\" content=\"1280\" \/>\n\t<meta property=\"og:image:type\" content=\"image\/jpeg\" \/>\n<meta name=\"author\" content=\"Patri C\u00e1mpora\" \/>\n<meta name=\"twitter:card\" content=\"summary_large_image\" \/>\n<meta name=\"twitter:label1\" content=\"Escrito por\" \/>\n\t<meta name=\"twitter:data1\" content=\"Patri C\u00e1mpora\" \/>\n\t<meta name=\"twitter:label2\" content=\"Tiempo de lectura\" \/>\n\t<meta name=\"twitter:data2\" content=\"8 minutos\" \/>\n<script type=\"application\/ld+json\" class=\"yoast-schema-graph\">{\"@context\":\"https:\/\/schema.org\",\"@graph\":[{\"@type\":\"WebPage\",\"@id\":\"https:\/\/www.canariasviaja.com\/viajaresvivir\/invierno-en-madrid\/\",\"url\":\"https:\/\/www.canariasviaja.com\/viajaresvivir\/invierno-en-madrid\/\",\"name\":\"Invierno en Madrid - Viajar es vivir\",\"isPartOf\":{\"@id\":\"https:\/\/www.canariasviaja.com\/viajaresvivir\/#website\"},\"primaryImageOfPage\":{\"@id\":\"https:\/\/www.canariasviaja.com\/viajaresvivir\/invierno-en-madrid\/#primaryimage\"},\"image\":{\"@id\":\"https:\/\/www.canariasviaja.com\/viajaresvivir\/invierno-en-madrid\/#primaryimage\"},\"thumbnailUrl\":\"https:\/\/www.canariasviaja.com\/viajaresvivir\/wp-content\/uploads\/2024\/01\/david-monje-YwrD58FfX9g-unsplash.jpg\",\"datePublished\":\"2024-01-14T19:59:25+00:00\",\"dateModified\":\"2024-01-15T09:55:01+00:00\",\"author\":{\"@id\":\"https:\/\/www.canariasviaja.com\/viajaresvivir\/#\/schema\/person\/085949651001325f1244a8bc1b34709c\"},\"description\":\"Invierno en Madrid lleno de planes. Aprovechar las rebajas, visitar las exposiciones de las que todos hablan, saborear un plato de cuchara...\",\"breadcrumb\":{\"@id\":\"https:\/\/www.canariasviaja.com\/viajaresvivir\/invierno-en-madrid\/#breadcrumb\"},\"inLanguage\":\"es\",\"potentialAction\":[{\"@type\":\"ReadAction\",\"target\":[\"https:\/\/www.canariasviaja.com\/viajaresvivir\/invierno-en-madrid\/\"]}]},{\"@type\":\"ImageObject\",\"inLanguage\":\"es\",\"@id\":\"https:\/\/www.canariasviaja.com\/viajaresvivir\/invierno-en-madrid\/#primaryimage\",\"url\":\"https:\/\/www.canariasviaja.com\/viajaresvivir\/wp-content\/uploads\/2024\/01\/david-monje-YwrD58FfX9g-unsplash.jpg\",\"contentUrl\":\"https:\/\/www.canariasviaja.com\/viajaresvivir\/wp-content\/uploads\/2024\/01\/david-monje-YwrD58FfX9g-unsplash.jpg\",\"width\":1920,\"height\":1280},{\"@type\":\"BreadcrumbList\",\"@id\":\"https:\/\/www.canariasviaja.com\/viajaresvivir\/invierno-en-madrid\/#breadcrumb\",\"itemListElement\":[{\"@type\":\"ListItem\",\"position\":1,\"name\":\"Portada\",\"item\":\"https:\/\/www.canariasviaja.com\/viajaresvivir\/\"},{\"@type\":\"ListItem\",\"position\":2,\"name\":\"Invierno en Madrid\"}]},{\"@type\":\"WebSite\",\"@id\":\"https:\/\/www.canariasviaja.com\/viajaresvivir\/#website\",\"url\":\"https:\/\/www.canariasviaja.com\/viajaresvivir\/\",\"name\":\"Viajar es vivir\",\"description\":\"El blog de viajes y estilo de vida de CanariasViaja\",\"potentialAction\":[{\"@type\":\"SearchAction\",\"target\":{\"@type\":\"EntryPoint\",\"urlTemplate\":\"https:\/\/www.canariasviaja.com\/viajaresvivir\/?s={search_term_string}\"},\"query-input\":{\"@type\":\"PropertyValueSpecification\",\"valueRequired\":true,\"valueName\":\"search_term_string\"}}],\"inLanguage\":\"es\"},{\"@type\":\"Person\",\"@id\":\"https:\/\/www.canariasviaja.com\/viajaresvivir\/#\/schema\/person\/085949651001325f1244a8bc1b34709c\",\"name\":\"Patri C\u00e1mpora\",\"image\":{\"@type\":\"ImageObject\",\"inLanguage\":\"es\",\"@id\":\"https:\/\/www.canariasviaja.com\/viajaresvivir\/#\/schema\/person\/image\/\",\"url\":\"https:\/\/secure.gravatar.com\/avatar\/b2ce2c4086a5776e5310f57c1a2e5b4e?s=96&d=mm&r=g\",\"contentUrl\":\"https:\/\/secure.gravatar.com\/avatar\/b2ce2c4086a5776e5310f57c1a2e5b4e?s=96&d=mm&r=g\",\"caption\":\"Patri C\u00e1mpora\"},\"url\":\"https:\/\/www.canariasviaja.com\/viajaresvivir\/author\/patri\/\"}]}<\/script>\n<!-- \/ Yoast SEO plugin. -->","yoast_head_json":{"title":"Invierno en Madrid - Viajar es vivir","description":"Invierno en Madrid lleno de planes. Aprovechar las rebajas, visitar las exposiciones de las que todos hablan, saborear un plato de cuchara...","robots":{"index":"index","follow":"follow","max-snippet":"max-snippet:-1","max-image-preview":"max-image-preview:large","max-video-preview":"max-video-preview:-1"},"canonical":"https:\/\/www.canariasviaja.com\/viajaresvivir\/invierno-en-madrid\/","og_locale":"es_ES","og_type":"article","og_title":"Invierno en Madrid - Viajar es vivir","og_description":"Invierno en Madrid lleno de planes. Aprovechar las rebajas, visitar las exposiciones de las que todos hablan, saborear un plato de cuchara...","og_url":"https:\/\/www.canariasviaja.com\/viajaresvivir\/invierno-en-madrid\/","og_site_name":"Viajar es vivir","article_published_time":"2024-01-14T19:59:25+00:00","article_modified_time":"2024-01-15T09:55:01+00:00","og_image":[{"width":1920,"height":1280,"url":"http:\/\/www.canariasviaja.com\/viajaresvivir\/wp-content\/uploads\/2024\/01\/david-monje-YwrD58FfX9g-unsplash.jpg","type":"image\/jpeg"}],"author":"Patri C\u00e1mpora","twitter_card":"summary_large_image","twitter_misc":{"Escrito por":"Patri C\u00e1mpora","Tiempo de lectura":"8 minutos"},"schema":{"@context":"https:\/\/schema.org","@graph":[{"@type":"WebPage","@id":"https:\/\/www.canariasviaja.com\/viajaresvivir\/invierno-en-madrid\/","url":"https:\/\/www.canariasviaja.com\/viajaresvivir\/invierno-en-madrid\/","name":"Invierno en Madrid - Viajar es vivir","isPartOf":{"@id":"https:\/\/www.canariasviaja.com\/viajaresvivir\/#website"},"primaryImageOfPage":{"@id":"https:\/\/www.canariasviaja.com\/viajaresvivir\/invierno-en-madrid\/#primaryimage"},"image":{"@id":"https:\/\/www.canariasviaja.com\/viajaresvivir\/invierno-en-madrid\/#primaryimage"},"thumbnailUrl":"https:\/\/www.canariasviaja.com\/viajaresvivir\/wp-content\/uploads\/2024\/01\/david-monje-YwrD58FfX9g-unsplash.jpg","datePublished":"2024-01-14T19:59:25+00:00","dateModified":"2024-01-15T09:55:01+00:00","author":{"@id":"https:\/\/www.canariasviaja.com\/viajaresvivir\/#\/schema\/person\/085949651001325f1244a8bc1b34709c"},"description":"Invierno en Madrid lleno de planes. Aprovechar las rebajas, visitar las exposiciones de las que todos hablan, saborear un plato de cuchara...","breadcrumb":{"@id":"https:\/\/www.canariasviaja.com\/viajaresvivir\/invierno-en-madrid\/#breadcrumb"},"inLanguage":"es","potentialAction":[{"@type":"ReadAction","target":["https:\/\/www.canariasviaja.com\/viajaresvivir\/invierno-en-madrid\/"]}]},{"@type":"ImageObject","inLanguage":"es","@id":"https:\/\/www.canariasviaja.com\/viajaresvivir\/invierno-en-madrid\/#primaryimage","url":"https:\/\/www.canariasviaja.com\/viajaresvivir\/wp-content\/uploads\/2024\/01\/david-monje-YwrD58FfX9g-unsplash.jpg","contentUrl":"https:\/\/www.canariasviaja.com\/viajaresvivir\/wp-content\/uploads\/2024\/01\/david-monje-YwrD58FfX9g-unsplash.jpg","width":1920,"height":1280},{"@type":"BreadcrumbList","@id":"https:\/\/www.canariasviaja.com\/viajaresvivir\/invierno-en-madrid\/#breadcrumb","itemListElement":[{"@type":"ListItem","position":1,"name":"Portada","item":"https:\/\/www.canariasviaja.com\/viajaresvivir\/"},{"@type":"ListItem","position":2,"name":"Invierno en Madrid"}]},{"@type":"WebSite","@id":"https:\/\/www.canariasviaja.com\/viajaresvivir\/#website","url":"https:\/\/www.canariasviaja.com\/viajaresvivir\/","name":"Viajar es vivir","description":"El blog de viajes y estilo de vida de CanariasViaja","potentialAction":[{"@type":"SearchAction","target":{"@type":"EntryPoint","urlTemplate":"https:\/\/www.canariasviaja.com\/viajaresvivir\/?s={search_term_string}"},"query-input":{"@type":"PropertyValueSpecification","valueRequired":true,"valueName":"search_term_string"}}],"inLanguage":"es"},{"@type":"Person","@id":"https:\/\/www.canariasviaja.com\/viajaresvivir\/#\/schema\/person\/085949651001325f1244a8bc1b34709c","name":"Patri C\u00e1mpora","image":{"@type":"ImageObject","inLanguage":"es","@id":"https:\/\/www.canariasviaja.com\/viajaresvivir\/#\/schema\/person\/image\/","url":"https:\/\/secure.gravatar.com\/avatar\/b2ce2c4086a5776e5310f57c1a2e5b4e?s=96&d=mm&r=g","contentUrl":"https:\/\/secure.gravatar.com\/avatar\/b2ce2c4086a5776e5310f57c1a2e5b4e?s=96&d=mm&r=g","caption":"Patri C\u00e1mpora"},"url":"https:\/\/www.canariasviaja.com\/viajaresvivir\/author\/patri\/"}]}},"_links":{"self":[{"href":"https:\/\/www.canariasviaja.com\/viajaresvivir\/wp-json\/wp\/v2\/posts\/11177"}],"collection":[{"href":"https:\/\/www.canariasviaja.com\/viajaresvivir\/wp-json\/wp\/v2\/posts"}],"about":[{"href":"https:\/\/www.canariasviaja.com\/viajaresvivir\/wp-json\/wp\/v2\/types\/post"}],"author":[{"embeddable":true,"href":"https:\/\/www.canariasviaja.com\/viajaresvivir\/wp-json\/wp\/v2\/users\/2"}],"replies":[{"embeddable":true,"href":"https:\/\/www.canariasviaja.com\/viajaresvivir\/wp-json\/wp\/v2\/comments?post=11177"}],"version-history":[{"count":10,"href":"https:\/\/www.canariasviaja.com\/viajaresvivir\/wp-json\/wp\/v2\/posts\/11177\/revisions"}],"predecessor-version":[{"id":11214,"href":"https:\/\/www.canariasviaja.com\/viajaresvivir\/wp-json\/wp\/v2\/posts\/11177\/revisions\/11214"}],"wp:featuredmedia":[{"embeddable":true,"href":"https:\/\/www.canariasviaja.com\/viajaresvivir\/wp-json\/wp\/v2\/media\/11190"}],"wp:attachment":[{"href":"https:\/\/www.canariasviaja.com\/viajaresvivir\/wp-json\/wp\/v2\/media?parent=11177"}],"wp:term":[{"taxonomy":"category","embeddable":true,"href":"https:\/\/www.canariasviaja.com\/viajaresvivir\/wp-json\/wp\/v2\/categories?post=11177"},{"taxonomy":"post_tag","embeddable":true,"href":"https:\/\/www.canariasviaja.com\/viajaresvivir\/wp-json\/wp\/v2\/tags?post=11177"}],"curies":[{"name":"wp","href":"https:\/\/api.w.org\/{rel}","templated":true}]}}