{"id":11517,"date":"2024-06-25T19:42:43","date_gmt":"2024-06-25T19:42:43","guid":{"rendered":"https:\/\/www.canariasviaja.com\/viajaresvivir\/?p=11517"},"modified":"2024-06-25T19:43:23","modified_gmt":"2024-06-25T19:43:23","slug":"cadiz-atlantica-y-milenaria","status":"publish","type":"post","link":"https:\/\/www.canariasviaja.com\/viajaresvivir\/cadiz-atlantica-y-milenaria\/","title":{"rendered":"C\u00e1diz, atl\u00e1ntica y milenaria"},"content":{"rendered":"\n<p>La ciudad de C\u00e1diz lleva enamorando a qui\u00e9n la que la conoce desde hace 3.000 a\u00f1os. Una ciudad atl\u00e1ntica con alma de isla que huele a salitre y tortillitas de camar\u00f3n; que hunde sus ra\u00edces en tiempos de los fenicios, inspira a poetas y cantantes, y vibra por alegr\u00edas y chirigotas.<\/p>\n\n\n\n<p>Te invitamos a dar un paseo por C\u00e1diz.<\/p>\n\n\n\n<figure class=\"wp-block-image size-full\"><img loading=\"lazy\" decoding=\"async\" width=\"2000\" height=\"637\" src=\"http:\/\/www.canariasviaja.com\/viajaresvivir\/wp-content\/uploads\/2024\/06\/Cadiz-16.jpg\" alt=\"\" class=\"wp-image-11530\" srcset=\"https:\/\/www.canariasviaja.com\/viajaresvivir\/wp-content\/uploads\/2024\/06\/Cadiz-16.jpg 2000w, https:\/\/www.canariasviaja.com\/viajaresvivir\/wp-content\/uploads\/2024\/06\/Cadiz-16-300x96.jpg 300w, https:\/\/www.canariasviaja.com\/viajaresvivir\/wp-content\/uploads\/2024\/06\/Cadiz-16-768x245.jpg 768w, https:\/\/www.canariasviaja.com\/viajaresvivir\/wp-content\/uploads\/2024\/06\/Cadiz-16-1536x489.jpg 1536w, https:\/\/www.canariasviaja.com\/viajaresvivir\/wp-content\/uploads\/2024\/06\/Cadiz-16-1200x382.jpg 1200w, https:\/\/www.canariasviaja.com\/viajaresvivir\/wp-content\/uploads\/2024\/06\/Cadiz-16-1920x612.jpg 1920w\" sizes=\"(max-width: 2000px) 100vw, 2000px\" \/><\/figure>\n\n\n\n<div class=\"wp-block-buttons is-layout-flex wp-block-buttons-is-layout-flex\">\n<div class=\"wp-block-button aligncenter\"><a class=\"wp-block-button__link wp-element-button\" href=\"https:\/\/bit.ly\/4ch7Ez5\">Esc\u00e1pate a C\u00e1diz<\/a><\/div>\n<\/div>\n\n\n\n<div style=\"height:100px\" aria-hidden=\"true\" class=\"wp-block-spacer\"><\/div>\n\n\n\n<h2 class=\"wp-block-heading\">De Gadir a Gades<\/h2>\n\n\n\n<p>La C\u00e1diz que hoy visitamos es el resultado de <strong>tres mil a\u00f1os de historia.<\/strong>  <strong>Fenicios, cartaginenses, romanos, visigodos, musulmanes y cristianos<\/strong> han dejado su legado en esta ciudad, la m\u00e1s antigua de occidente. Un libro de historia que podemos revivir a cada paso.<\/p>\n\n\n\n<p>Fundada en el 1.100 a.c por los fenicios como <strong>Gadir<\/strong>, una importante colonia comercial, en el a\u00f1o 206 a.c. fue conquistada  por los romanos como ciudad aliada, bajo el nombre de <strong>Gades<\/strong>, y tuvo un \u00e9poca gran prosperidad durante la romanizaci\u00f3n de <strong>Hispania.<\/strong><\/p>\n\n\n\n<p>El <strong><a href=\"https:\/\/turismo.cadiz.es\/es\/rutas-y-visitas-en-cadiz\/yacimiento-arqueol%C3%B3gico-gadir\">yacimiento arqueol\u00f3gico Gadir,<\/a><\/strong> situado junto a la Torre de Tavira, cerca del mercado, es uno de los pocos lugares en los que podremos descubrir la forma de vida de la desaparecida <strong>cultura fenicia <\/strong>en diferentes etapas.  Sus tesoros:  dos calles adoquinadas en las que se distribuyen ocho viviendas con terrazas, realizadas con barro y arcilla. Tambi\u00e9n se han conservado restos romanos de una f\u00e1brica de procesamiento de pescado con sus piscinas de salmuera, actividad fundamental en la econom\u00eda de la \u00e9poca. <\/p>\n\n\n\n<p>En el <strong>Museo de C\u00e1diz<\/strong> seguiremos descubriendo la historia de esta ciudad, a trav\u00e9s de la colecci\u00f3n fenicia m\u00e1s importante en la que destacan&nbsp;<strong>dos sarc\u00f3fagos antropoides fenicios as\u00ed como diversos hallazgos de la \u00e9poca romana<\/strong>, como objetos cotidianos, esculturas, mosaicos, cer\u00e1micas y otros elementos que transportan directamente a la \u00e9poca dorada de esta ciudad.  Bajo el <strong>Mirador Entre Catedrales <\/strong>podremos contemplar dos r\u00e9plicas de estos sarc\u00f3fafos y otros restos fenicios, que se encuentran actualmente en un estado de abandono.<\/p>\n\n\n\n<div style=\"height:100px\" aria-hidden=\"true\" class=\"wp-block-spacer\"><\/div>\n\n\n\n<h2 class=\"wp-block-heading\">3.000 a\u00f1os de historia en una manzana<\/h2>\n\n\n\n<figure class=\"wp-block-image size-full\"><img loading=\"lazy\" decoding=\"async\" width=\"2000\" height=\"1140\" src=\"https:\/\/www.canariasviaja.com\/viajaresvivir\/wp-content\/uploads\/2024\/06\/Cadiz-25.jpg\" alt=\"\" class=\"wp-image-11520\" srcset=\"https:\/\/www.canariasviaja.com\/viajaresvivir\/wp-content\/uploads\/2024\/06\/Cadiz-25.jpg 2000w, https:\/\/www.canariasviaja.com\/viajaresvivir\/wp-content\/uploads\/2024\/06\/Cadiz-25-300x171.jpg 300w, https:\/\/www.canariasviaja.com\/viajaresvivir\/wp-content\/uploads\/2024\/06\/Cadiz-25-768x438.jpg 768w, https:\/\/www.canariasviaja.com\/viajaresvivir\/wp-content\/uploads\/2024\/06\/Cadiz-25-1536x876.jpg 1536w, https:\/\/www.canariasviaja.com\/viajaresvivir\/wp-content\/uploads\/2024\/06\/Cadiz-25-1200x684.jpg 1200w, https:\/\/www.canariasviaja.com\/viajaresvivir\/wp-content\/uploads\/2024\/06\/Cadiz-25-1895x1080.jpg 1895w\" sizes=\"(max-width: 2000px) 100vw, 2000px\" \/><figcaption class=\"wp-element-caption\">Un viaje por la historia de C\u00e1diz desde el Campo del Sur. Foto: Patri C\u00e1mpora<\/figcaption><\/figure>\n\n\n\n<p>Y ya que hemos llegado hasta punto, vamos a cruzar la acera. Desde el <strong>Campo del Sur<\/strong>, el malec\u00f3n gaditano, de espaldas al Atl\u00e1ntico, miramos hacia el <strong>Barrio del P\u00f3pulo<\/strong>, uno de los m\u00e1s antiguos de Europa, del que se conservan tres de sus puertas de entrada.  All\u00ed se nos presentar\u00e1 la <strong>historia de C\u00e1diz <\/strong>ante nosotros:<strong> las ruinas fenicias, el teatro romano, la Catedral Vieja<\/strong>, construida sobre la antigua mezquita y reconstruida tras el incendio de las tropas angloholandesas que arras\u00f3 la ciudad hasta dejarla reducida a cenizas; y <strong>la Catedral barroca de C\u00e1diz.<\/strong> De los fenicios a los cristianos en una sola manzana.<\/p>\n\n\n\n<figure class=\"wp-block-image size-full\"><img loading=\"lazy\" decoding=\"async\" width=\"2000\" height=\"1333\" src=\"https:\/\/www.canariasviaja.com\/viajaresvivir\/wp-content\/uploads\/2024\/06\/Cadiz-24.jpg\" alt=\"\" class=\"wp-image-11527\" srcset=\"https:\/\/www.canariasviaja.com\/viajaresvivir\/wp-content\/uploads\/2024\/06\/Cadiz-24.jpg 2000w, https:\/\/www.canariasviaja.com\/viajaresvivir\/wp-content\/uploads\/2024\/06\/Cadiz-24-300x200.jpg 300w, https:\/\/www.canariasviaja.com\/viajaresvivir\/wp-content\/uploads\/2024\/06\/Cadiz-24-768x512.jpg 768w, https:\/\/www.canariasviaja.com\/viajaresvivir\/wp-content\/uploads\/2024\/06\/Cadiz-24-1536x1024.jpg 1536w, https:\/\/www.canariasviaja.com\/viajaresvivir\/wp-content\/uploads\/2024\/06\/Cadiz-24-1200x800.jpg 1200w, https:\/\/www.canariasviaja.com\/viajaresvivir\/wp-content\/uploads\/2024\/06\/Cadiz-24-1620x1080.jpg 1620w\" sizes=\"(max-width: 2000px) 100vw, 2000px\" \/><figcaption class=\"wp-element-caption\">Puerta medieval al Barrio del P\u00f3pulo. Foto: Patri C\u00e1mpora<\/figcaption><\/figure>\n\n\n\n<p>La Gades romana fue una de las ciudades m\u00e1s pobladas e importantes del Imperio Romano durante una corta etapa. En el coliseo de Roma a\u00fan podemos encontrar los asientos reservados a los nobles gaditanos.  En ella se construyeron anfiteatros, teatros  y acueductos para dar servicio a sus 50.000 habitantes. El <strong>teatro de Gades, <\/strong>descubierto tras unas excavaciones arqueol\u00f3gicas llevadas a cabo en 1980 para buscar el Castillo de la Villa, era el segundo m\u00e1s grande de la Hispania Romana, tras el de C\u00f3rdoba y ten\u00eda una capacidad para 10.000 espectadores. Podemos visitar sus ruinas.<\/p>\n\n\n\n<p>La ciudad de C\u00e1diz es como un hojaldre. Capas y capas de historia. Civilizaciones y culturas que se superponen para dejar su huella.<\/p>\n\n\n\n<figure class=\"wp-block-image size-full\"><img loading=\"lazy\" decoding=\"async\" width=\"2000\" height=\"1126\" src=\"https:\/\/www.canariasviaja.com\/viajaresvivir\/wp-content\/uploads\/2024\/06\/Cadiz-12.jpg\" alt=\"\" class=\"wp-image-11521\" srcset=\"https:\/\/www.canariasviaja.com\/viajaresvivir\/wp-content\/uploads\/2024\/06\/Cadiz-12.jpg 2000w, https:\/\/www.canariasviaja.com\/viajaresvivir\/wp-content\/uploads\/2024\/06\/Cadiz-12-300x169.jpg 300w, https:\/\/www.canariasviaja.com\/viajaresvivir\/wp-content\/uploads\/2024\/06\/Cadiz-12-768x432.jpg 768w, https:\/\/www.canariasviaja.com\/viajaresvivir\/wp-content\/uploads\/2024\/06\/Cadiz-12-1536x865.jpg 1536w, https:\/\/www.canariasviaja.com\/viajaresvivir\/wp-content\/uploads\/2024\/06\/Cadiz-12-1200x676.jpg 1200w, https:\/\/www.canariasviaja.com\/viajaresvivir\/wp-content\/uploads\/2024\/06\/Cadiz-12-1918x1080.jpg 1918w, https:\/\/www.canariasviaja.com\/viajaresvivir\/wp-content\/uploads\/2024\/06\/Cadiz-12-960x540.jpg 960w\" sizes=\"(max-width: 2000px) 100vw, 2000px\" \/><figcaption class=\"wp-element-caption\">Estatua del poeta y agricultor Columela en la Plaza de las Flores de C\u00e1diz. Foto: Patri C\u00e1mpora<\/figcaption><\/figure>\n\n\n\n<p>Hijo Iilustre de Gades fue <strong>Columela<\/strong>, el pr\u00edncipe de los escritores de la agricultura romana, nacido en C\u00e1diz en el a\u00f1o 4 d.c. Su escultura preside <strong>una de las coquetas plazas de la ciudad,<\/strong> la de las Flores.<\/p>\n\n\n\n<div style=\"height:100px\" aria-hidden=\"true\" class=\"wp-block-spacer\"><\/div>\n\n\n\n<h2 class=\"wp-block-heading\">Cadiz, la ciudad de las torres-mirador<\/h2>\n\n\n\n<p>La fortaleza fenicia situada en Eritheia, la m\u00e1s peque\u00f1a de las islas del archipi\u00e9lago de <strong>las Gadeirai<\/strong>, ha llegado al siglo XXI convertida en un ciudad cosmopolita y resiliente. Una ciudad que ha vivido a los largo de sus 3.000 a\u00f1os de historia \u00e9pocas de luces y sombras, influencias de distintas culturas y que ha sido testigo de importantes acontecimientos hist\u00f3ricos.<\/p>\n\n\n\n<p>Desde sus costas parti\u00f3 An\u00edbal para la conquista de Italia y Col\u00f3n hacia la Conquista de Am\u00e9rica. En 1717 la <strong>Casa de Contrataci\u00f3n de Indias, <\/strong>fundada en Sevilla por la Corona de Castilla en 1503 para fomentar la navegaci\u00f3n entre Espa\u00f1a y sus territorios de ultramar, se traslada a C\u00e1diz qued\u00e1ndose la ciudad con el monopolio mar\u00edtimo en las Indias Occidentales, lo que atrajo a ricos comerciantes de todo el mundo que se establecieron en la ciudad para hacer negocios con Am\u00e9rica, convirti\u00e9ndola en una ciudad cosmopolita.<\/p>\n\n\n\n<p>Testigo de aquellos tiempos de esplendor y riqueza son las <strong>torres- miradores<\/strong> que decoran las casas palacio. A\u00fan se conservan 133 de las 160 que lleg\u00f3 a haber. Estas serv\u00edan para que los mercaderes pudieran avistar sus barcos desde sus azoteas antes de que llegaran a puerto  y para que sus tripulaciones reconocieran las casas desde los barcos para llevar las mercanc\u00edas a sus dep\u00f3sitos.<\/p>\n\n\n\n<figure class=\"wp-block-image size-full\"><img loading=\"lazy\" decoding=\"async\" width=\"2000\" height=\"1126\" src=\"https:\/\/www.canariasviaja.com\/viajaresvivir\/wp-content\/uploads\/2024\/06\/Cadiz-7.jpg\" alt=\"\" class=\"wp-image-11522\" srcset=\"https:\/\/www.canariasviaja.com\/viajaresvivir\/wp-content\/uploads\/2024\/06\/Cadiz-7.jpg 2000w, https:\/\/www.canariasviaja.com\/viajaresvivir\/wp-content\/uploads\/2024\/06\/Cadiz-7-300x169.jpg 300w, https:\/\/www.canariasviaja.com\/viajaresvivir\/wp-content\/uploads\/2024\/06\/Cadiz-7-768x432.jpg 768w, https:\/\/www.canariasviaja.com\/viajaresvivir\/wp-content\/uploads\/2024\/06\/Cadiz-7-1536x865.jpg 1536w, https:\/\/www.canariasviaja.com\/viajaresvivir\/wp-content\/uploads\/2024\/06\/Cadiz-7-1200x676.jpg 1200w, https:\/\/www.canariasviaja.com\/viajaresvivir\/wp-content\/uploads\/2024\/06\/Cadiz-7-1918x1080.jpg 1918w, https:\/\/www.canariasviaja.com\/viajaresvivir\/wp-content\/uploads\/2024\/06\/Cadiz-7-960x540.jpg 960w\" sizes=\"(max-width: 2000px) 100vw, 2000px\" \/><figcaption class=\"wp-element-caption\">Torre de la Casa de Las Cuatro Torres. Foto: Patri C\u00e1mpora<\/figcaption><\/figure>\n\n\n\n<p>Las numerosas <strong>casas-palacio<\/strong> que salpican la ciudad tienen una estructura similar. La planta de calle eran almacenes o comercios; la segunda, oficinas; la tercera, de mayor altura, la planta noble donde habitaba el comerciante y su familia; y la \u00faltima planta, la del servicio. <\/p>\n\n\n\n<figure class=\"wp-block-gallery has-nested-images columns-default is-cropped wp-block-gallery-1 is-layout-flex wp-block-gallery-is-layout-flex\">\n<figure class=\"wp-block-image size-large\"><img loading=\"lazy\" decoding=\"async\" width=\"1126\" height=\"2000\" data-id=\"11526\" src=\"https:\/\/www.canariasviaja.com\/viajaresvivir\/wp-content\/uploads\/2024\/06\/Cadiz-10.jpg\" alt=\"\" class=\"wp-image-11526\" srcset=\"https:\/\/www.canariasviaja.com\/viajaresvivir\/wp-content\/uploads\/2024\/06\/Cadiz-10.jpg 1126w, https:\/\/www.canariasviaja.com\/viajaresvivir\/wp-content\/uploads\/2024\/06\/Cadiz-10-169x300.jpg 169w, https:\/\/www.canariasviaja.com\/viajaresvivir\/wp-content\/uploads\/2024\/06\/Cadiz-10-768x1364.jpg 768w, https:\/\/www.canariasviaja.com\/viajaresvivir\/wp-content\/uploads\/2024\/06\/Cadiz-10-865x1536.jpg 865w, https:\/\/www.canariasviaja.com\/viajaresvivir\/wp-content\/uploads\/2024\/06\/Cadiz-10-608x1080.jpg 608w\" sizes=\"(max-width: 1126px) 100vw, 1126px\" \/><\/figure>\n\n\n\n<figure class=\"wp-block-image size-large\"><img loading=\"lazy\" decoding=\"async\" width=\"1126\" height=\"2000\" data-id=\"11525\" src=\"https:\/\/www.canariasviaja.com\/viajaresvivir\/wp-content\/uploads\/2024\/06\/Cadiz-11.jpg\" alt=\"\" class=\"wp-image-11525\" srcset=\"https:\/\/www.canariasviaja.com\/viajaresvivir\/wp-content\/uploads\/2024\/06\/Cadiz-11.jpg 1126w, https:\/\/www.canariasviaja.com\/viajaresvivir\/wp-content\/uploads\/2024\/06\/Cadiz-11-169x300.jpg 169w, https:\/\/www.canariasviaja.com\/viajaresvivir\/wp-content\/uploads\/2024\/06\/Cadiz-11-768x1364.jpg 768w, https:\/\/www.canariasviaja.com\/viajaresvivir\/wp-content\/uploads\/2024\/06\/Cadiz-11-865x1536.jpg 865w, https:\/\/www.canariasviaja.com\/viajaresvivir\/wp-content\/uploads\/2024\/06\/Cadiz-11-608x1080.jpg 608w\" sizes=\"(max-width: 1126px) 100vw, 1126px\" \/><\/figure>\n\n\n\n<figure class=\"wp-block-image size-large\"><img loading=\"lazy\" decoding=\"async\" width=\"1126\" height=\"2000\" data-id=\"11531\" src=\"https:\/\/www.canariasviaja.com\/viajaresvivir\/wp-content\/uploads\/2024\/06\/Cadiz-13.jpg\" alt=\"\" class=\"wp-image-11531\" srcset=\"https:\/\/www.canariasviaja.com\/viajaresvivir\/wp-content\/uploads\/2024\/06\/Cadiz-13.jpg 1126w, https:\/\/www.canariasviaja.com\/viajaresvivir\/wp-content\/uploads\/2024\/06\/Cadiz-13-169x300.jpg 169w, https:\/\/www.canariasviaja.com\/viajaresvivir\/wp-content\/uploads\/2024\/06\/Cadiz-13-768x1364.jpg 768w, https:\/\/www.canariasviaja.com\/viajaresvivir\/wp-content\/uploads\/2024\/06\/Cadiz-13-865x1536.jpg 865w, https:\/\/www.canariasviaja.com\/viajaresvivir\/wp-content\/uploads\/2024\/06\/Cadiz-13-608x1080.jpg 608w\" sizes=\"(max-width: 1126px) 100vw, 1126px\" \/><\/figure>\n<\/figure>\n\n\n\n<p>Presid\u00edan estas casas las torres miradores de cuatro tipos: <strong>la torre-terraza, la torre de sill\u00f3n, la torre de garita y la torre mixta<\/strong>. Actualmente muchas de ellas pertenecen a viviendas particulares o instituciones y quedan ocultas desde la calle, por lo que solo se pueden contemplar desde lo alto. La <strong>Torre Tavira <\/strong>es una parada imprescindible para disfrutar de las azoteas y torres del centro hist\u00f3rico y de su c\u00e1mara oscura.<\/p>\n\n\n\n<div style=\"height:100px\" aria-hidden=\"true\" class=\"wp-block-spacer\"><\/div>\n\n\n\n<h2 class=\"wp-block-heading\">Dos catedrales para una ciudad<\/h2>\n\n\n\n<figure class=\"wp-block-image size-full\"><img loading=\"lazy\" decoding=\"async\" width=\"2000\" height=\"1333\" src=\"https:\/\/www.canariasviaja.com\/viajaresvivir\/wp-content\/uploads\/2024\/06\/Cadiz-15.jpg\" alt=\"\" class=\"wp-image-11529\" srcset=\"https:\/\/www.canariasviaja.com\/viajaresvivir\/wp-content\/uploads\/2024\/06\/Cadiz-15.jpg 2000w, https:\/\/www.canariasviaja.com\/viajaresvivir\/wp-content\/uploads\/2024\/06\/Cadiz-15-300x200.jpg 300w, https:\/\/www.canariasviaja.com\/viajaresvivir\/wp-content\/uploads\/2024\/06\/Cadiz-15-768x512.jpg 768w, https:\/\/www.canariasviaja.com\/viajaresvivir\/wp-content\/uploads\/2024\/06\/Cadiz-15-1536x1024.jpg 1536w, https:\/\/www.canariasviaja.com\/viajaresvivir\/wp-content\/uploads\/2024\/06\/Cadiz-15-1200x800.jpg 1200w, https:\/\/www.canariasviaja.com\/viajaresvivir\/wp-content\/uploads\/2024\/06\/Cadiz-15-1620x1080.jpg 1620w\" sizes=\"(max-width: 2000px) 100vw, 2000px\" \/><\/figure>\n\n\n\n<p>Cadiz presume de tener <strong>dos catedrales: la Vieja y la Nueva. <\/strong>La Catedral Vieja est\u00e1 situada sobre la antigua catedral g\u00f3tica que mand\u00f3 a construir Alfonso X El Sabio sobre la antigua mezquita. <\/p>\n\n\n\n<p>En 1596 sucedi\u00f3 uno de esos acontecimientos que sumi\u00f3 en sombras a la ciudad.  La escuadra angloholandesa, dirigida por el comandante Howard y el Conde de Essex, invadi\u00f3 C\u00e1diz y saque\u00e1ndola e incendi\u00e1ndola, reduci\u00e9ndola a cenizas. Tras esta tragedia se mand\u00f3 a levantar la actual iglesia, de orden toscano y manierista, que se consagr\u00f3 en 1602. A lo largo del siglo XVII se fue enriqueciendo con el retablo mayor de Alejandro de Saavedra  y las diferentes capillas.<\/p>\n\n\n\n<figure class=\"wp-block-image size-full\"><img loading=\"lazy\" decoding=\"async\" width=\"2000\" height=\"1126\" src=\"https:\/\/www.canariasviaja.com\/viajaresvivir\/wp-content\/uploads\/2024\/06\/Cadiz-26.jpg\" alt=\"\" class=\"wp-image-11528\" srcset=\"https:\/\/www.canariasviaja.com\/viajaresvivir\/wp-content\/uploads\/2024\/06\/Cadiz-26.jpg 2000w, https:\/\/www.canariasviaja.com\/viajaresvivir\/wp-content\/uploads\/2024\/06\/Cadiz-26-300x169.jpg 300w, https:\/\/www.canariasviaja.com\/viajaresvivir\/wp-content\/uploads\/2024\/06\/Cadiz-26-768x432.jpg 768w, https:\/\/www.canariasviaja.com\/viajaresvivir\/wp-content\/uploads\/2024\/06\/Cadiz-26-1536x865.jpg 1536w, https:\/\/www.canariasviaja.com\/viajaresvivir\/wp-content\/uploads\/2024\/06\/Cadiz-26-1200x676.jpg 1200w, https:\/\/www.canariasviaja.com\/viajaresvivir\/wp-content\/uploads\/2024\/06\/Cadiz-26-1918x1080.jpg 1918w, https:\/\/www.canariasviaja.com\/viajaresvivir\/wp-content\/uploads\/2024\/06\/Cadiz-26-960x540.jpg 960w\" sizes=\"(max-width: 2000px) 100vw, 2000px\" \/><\/figure>\n\n\n\n<p>El crecimiento, enriquecimiento y auge de la ciudad a principios del siglo XVIII, debido al comercio con Am\u00e9rica, hizo que se comenzara a construir una nueva catedral acorde al nuevo estatus de la ciudad. Las obras de la Catedral Nueva, Santa Mar\u00eda sobre el mar. se iniciaron en 1722, en estilo barroco, y terminaron, 116 a\u00f1os m\u00e1s tarde, en estilo neocl\u00e1sico, y sin el patrocinio de los ricos comerciantes que ya hab\u00edan abandonado la ciudad tras el cierre de la Casa de Contrataci\u00f3n.<\/p>\n\n\n\n<p>Desde su torre del reloj se puede contemplar una preciosa vista del oc\u00e9ano y de la ciudad.<\/p>\n\n\n\n<figure class=\"wp-block-image size-full\"><img loading=\"lazy\" decoding=\"async\" width=\"2000\" height=\"1126\" src=\"https:\/\/www.canariasviaja.com\/viajaresvivir\/wp-content\/uploads\/2024\/06\/Cadiz-27.jpg\" alt=\"\" class=\"wp-image-11524\" srcset=\"https:\/\/www.canariasviaja.com\/viajaresvivir\/wp-content\/uploads\/2024\/06\/Cadiz-27.jpg 2000w, https:\/\/www.canariasviaja.com\/viajaresvivir\/wp-content\/uploads\/2024\/06\/Cadiz-27-300x169.jpg 300w, https:\/\/www.canariasviaja.com\/viajaresvivir\/wp-content\/uploads\/2024\/06\/Cadiz-27-768x432.jpg 768w, https:\/\/www.canariasviaja.com\/viajaresvivir\/wp-content\/uploads\/2024\/06\/Cadiz-27-1536x865.jpg 1536w, https:\/\/www.canariasviaja.com\/viajaresvivir\/wp-content\/uploads\/2024\/06\/Cadiz-27-1200x676.jpg 1200w, https:\/\/www.canariasviaja.com\/viajaresvivir\/wp-content\/uploads\/2024\/06\/Cadiz-27-1918x1080.jpg 1918w, https:\/\/www.canariasviaja.com\/viajaresvivir\/wp-content\/uploads\/2024\/06\/Cadiz-27-960x540.jpg 960w\" sizes=\"(max-width: 2000px) 100vw, 2000px\" \/><\/figure>\n\n\n\n<div style=\"height:100px\" aria-hidden=\"true\" class=\"wp-block-spacer\"><\/div>\n\n\n\n<h2 class=\"wp-block-heading\">Cadiz es La Habana con m\u00e1s salero<\/h2>\n\n\n\n<p>C\u00e1diz se parece a La Habana, o La Habana a C\u00e1diz, dir\u00edan los gaditanos. Paseando por el Campo del Sur, el malec\u00f3n gaditano, viajaremos hasta la isla caribe\u00f1a acompa\u00f1ados por los graznidos de las gaviotas y el olor a salitre.<\/p>\n\n\n\n<figure class=\"wp-block-image size-full\"><img loading=\"lazy\" decoding=\"async\" width=\"2000\" height=\"1333\" src=\"https:\/\/www.canariasviaja.com\/viajaresvivir\/wp-content\/uploads\/2024\/06\/Cadiz-14.jpg\" alt=\"\" class=\"wp-image-11532\" srcset=\"https:\/\/www.canariasviaja.com\/viajaresvivir\/wp-content\/uploads\/2024\/06\/Cadiz-14.jpg 2000w, https:\/\/www.canariasviaja.com\/viajaresvivir\/wp-content\/uploads\/2024\/06\/Cadiz-14-300x200.jpg 300w, https:\/\/www.canariasviaja.com\/viajaresvivir\/wp-content\/uploads\/2024\/06\/Cadiz-14-768x512.jpg 768w, https:\/\/www.canariasviaja.com\/viajaresvivir\/wp-content\/uploads\/2024\/06\/Cadiz-14-1536x1024.jpg 1536w, https:\/\/www.canariasviaja.com\/viajaresvivir\/wp-content\/uploads\/2024\/06\/Cadiz-14-1200x800.jpg 1200w, https:\/\/www.canariasviaja.com\/viajaresvivir\/wp-content\/uploads\/2024\/06\/Cadiz-14-1620x1080.jpg 1620w\" sizes=\"(max-width: 2000px) 100vw, 2000px\" \/><\/figure>\n\n\n\n<p>Carlos Cano le cant\u00f3 dedic\u00f3 las <a href=\"https:\/\/www.youtube.com\/watch?v=P-e67W1omeg\"><strong>Haba<\/strong><\/a><strong><a href=\"https:\/\/www.youtube.com\/watch?v=P-e67W1omeg\" target=\"_blank\" rel=\"noreferrer noopener nofollow\">n<\/a><\/strong><a href=\"https:\/\/www.youtube.com\/watch?v=P-e67W1omeg\" target=\"_blank\" rel=\"noreferrer noopener\"><strong>eras de C\u00e1diz<\/strong><\/a> a esta hermandad entre ciudades de las dos orillas.<\/p>\n\n\n\n<div style=\"height:100px\" aria-hidden=\"true\" class=\"wp-block-spacer\"><\/div>\n\n\n\n<h2 class=\"wp-block-heading\">Playa de La Caleta <\/h2>\n\n\n\n<figure class=\"wp-block-image size-full\"><img loading=\"lazy\" decoding=\"async\" width=\"2000\" height=\"1333\" src=\"https:\/\/www.canariasviaja.com\/viajaresvivir\/wp-content\/uploads\/2024\/06\/Cadiz-17.jpg\" alt=\"\" class=\"wp-image-11537\" srcset=\"https:\/\/www.canariasviaja.com\/viajaresvivir\/wp-content\/uploads\/2024\/06\/Cadiz-17.jpg 2000w, https:\/\/www.canariasviaja.com\/viajaresvivir\/wp-content\/uploads\/2024\/06\/Cadiz-17-300x200.jpg 300w, https:\/\/www.canariasviaja.com\/viajaresvivir\/wp-content\/uploads\/2024\/06\/Cadiz-17-768x512.jpg 768w, https:\/\/www.canariasviaja.com\/viajaresvivir\/wp-content\/uploads\/2024\/06\/Cadiz-17-1536x1024.jpg 1536w, https:\/\/www.canariasviaja.com\/viajaresvivir\/wp-content\/uploads\/2024\/06\/Cadiz-17-1200x800.jpg 1200w, https:\/\/www.canariasviaja.com\/viajaresvivir\/wp-content\/uploads\/2024\/06\/Cadiz-17-1620x1080.jpg 1620w\" sizes=\"(max-width: 2000px) 100vw, 2000px\" \/><figcaption class=\"wp-element-caption\">Playa de La Caleta con Castillo de Santa Catalina. Foto: Patri C\u00e1mpora<\/figcaption><\/figure>\n\n\n\n<p>El paseo nos llevar\u00e1 hasta la <strong>Playa de La Caleta<\/strong>, uno de los lugares m\u00e1s emblem\u00e1ticos de la ciudad. Un lugar con mucha historia porque en este puerto natural fondearon los barcos de fenicios, cartagineses,  y romanos, y de sus aguas emergi\u00f3 una espectacular Halle Berry en una escena de la pel\u00edcula <strong><em>Muere otro d\u00eda<\/em><\/strong>, de la saga OO7, ambientada en Cuba.<\/p>\n\n\n\n<p>La playa es lugar de recreo de los gaditanos y punto de encuentro para disfrutar del atardecer con un rebujito en la mano. <\/p>\n\n\n\n<p>La Caleta est\u00e1 flanqueada por los <strong>castillos de San Sebasti\u00e1n y Santa Catalina.<\/strong> Seg\u00fan la tradici\u00f3n cl\u00e1sica , el castillo de San Sebasti\u00e1n, al que se accede a trav\u00e9s de un muelle, est\u00e1 construido en la isla en la que se encontraba el templo fenicio de Moloch \/ Kronos durante la Edad Antigua.<\/p>\n\n\n\n<figure class=\"wp-block-image size-full\"><img loading=\"lazy\" decoding=\"async\" width=\"2000\" height=\"1333\" src=\"http:\/\/www.canariasviaja.com\/viajaresvivir\/wp-content\/uploads\/2024\/06\/Cadiz-21.jpg\" alt=\"\" class=\"wp-image-11533\" srcset=\"https:\/\/www.canariasviaja.com\/viajaresvivir\/wp-content\/uploads\/2024\/06\/Cadiz-21.jpg 2000w, https:\/\/www.canariasviaja.com\/viajaresvivir\/wp-content\/uploads\/2024\/06\/Cadiz-21-300x200.jpg 300w, https:\/\/www.canariasviaja.com\/viajaresvivir\/wp-content\/uploads\/2024\/06\/Cadiz-21-768x512.jpg 768w, https:\/\/www.canariasviaja.com\/viajaresvivir\/wp-content\/uploads\/2024\/06\/Cadiz-21-1536x1024.jpg 1536w, https:\/\/www.canariasviaja.com\/viajaresvivir\/wp-content\/uploads\/2024\/06\/Cadiz-21-1200x800.jpg 1200w, https:\/\/www.canariasviaja.com\/viajaresvivir\/wp-content\/uploads\/2024\/06\/Cadiz-21-1620x1080.jpg 1620w\" sizes=\"(max-width: 2000px) 100vw, 2000px\" \/><figcaption class=\"wp-element-caption\">Castillo de San Sebasti\u00e1n. Foto: Patri C\u00e1mpora<\/figcaption><\/figure>\n\n\n\n<p>El <strong>castillo de Santa Catalina<\/strong> fue construido tras el saqueo angloholand\u00e9s, en 1596.  El rey Felipe II envi\u00f3 al ingeniero Crist\u00f3bal de Rojas a C\u00e1diz para realizar un proyecto de defensa;\u00a0Rojas consider\u00f3 que la intervenci\u00f3n m\u00e1s inmediata era construir una fortificaci\u00f3n en la bah\u00eda de Santa Catalina, para defender, de esta forma, uno de los frentes m\u00e1s vulnerables de las fronteras mar\u00edtimas.<\/p>\n\n\n\n<figure class=\"wp-block-gallery has-nested-images columns-default is-cropped wp-block-gallery-2 is-layout-flex wp-block-gallery-is-layout-flex\">\n<figure class=\"wp-block-image size-large\"><img loading=\"lazy\" decoding=\"async\" width=\"2000\" height=\"1333\" data-id=\"11535\" src=\"https:\/\/www.canariasviaja.com\/viajaresvivir\/wp-content\/uploads\/2024\/06\/Cadiz-20.jpg\" alt=\"\" class=\"wp-image-11535\" srcset=\"https:\/\/www.canariasviaja.com\/viajaresvivir\/wp-content\/uploads\/2024\/06\/Cadiz-20.jpg 2000w, https:\/\/www.canariasviaja.com\/viajaresvivir\/wp-content\/uploads\/2024\/06\/Cadiz-20-300x200.jpg 300w, https:\/\/www.canariasviaja.com\/viajaresvivir\/wp-content\/uploads\/2024\/06\/Cadiz-20-768x512.jpg 768w, https:\/\/www.canariasviaja.com\/viajaresvivir\/wp-content\/uploads\/2024\/06\/Cadiz-20-1536x1024.jpg 1536w, https:\/\/www.canariasviaja.com\/viajaresvivir\/wp-content\/uploads\/2024\/06\/Cadiz-20-1200x800.jpg 1200w, https:\/\/www.canariasviaja.com\/viajaresvivir\/wp-content\/uploads\/2024\/06\/Cadiz-20-1620x1080.jpg 1620w\" sizes=\"(max-width: 2000px) 100vw, 2000px\" \/><\/figure>\n\n\n\n<figure class=\"wp-block-image size-full\"><img loading=\"lazy\" decoding=\"async\" width=\"2000\" height=\"1333\" data-id=\"11536\" src=\"https:\/\/www.canariasviaja.com\/viajaresvivir\/wp-content\/uploads\/2024\/06\/Cadiz-18.jpg\" alt=\"\" class=\"wp-image-11536\" srcset=\"https:\/\/www.canariasviaja.com\/viajaresvivir\/wp-content\/uploads\/2024\/06\/Cadiz-18.jpg 2000w, https:\/\/www.canariasviaja.com\/viajaresvivir\/wp-content\/uploads\/2024\/06\/Cadiz-18-300x200.jpg 300w, https:\/\/www.canariasviaja.com\/viajaresvivir\/wp-content\/uploads\/2024\/06\/Cadiz-18-768x512.jpg 768w, https:\/\/www.canariasviaja.com\/viajaresvivir\/wp-content\/uploads\/2024\/06\/Cadiz-18-1536x1024.jpg 1536w, https:\/\/www.canariasviaja.com\/viajaresvivir\/wp-content\/uploads\/2024\/06\/Cadiz-18-1200x800.jpg 1200w, https:\/\/www.canariasviaja.com\/viajaresvivir\/wp-content\/uploads\/2024\/06\/Cadiz-18-1620x1080.jpg 1620w\" sizes=\"(max-width: 2000px) 100vw, 2000px\" \/><\/figure>\n<\/figure>\n\n\n\n<p>En el centro de la playa se encuentra una ic\u00f3nica construcci\u00f3n, el antiguo<strong> Balneario de la Palma, <\/strong>inaugurado en 1926 y que muestra una clara influencia modernista e historicista oriental, propia de los balnearios ingleses. Actualmente acoge la sede del<strong> Centro Andaluz de Arqueolog\u00eda Subacu\u00e1tica.<\/strong><\/p>\n\n\n\n<p>Desde aqu\u00ed nos adentramos en el <strong>Barrio de La Vi\u00f1a<\/strong>, en busca de tascas y sabor a Carnaval.<\/p>\n\n\n\n<div style=\"height:100px\" aria-hidden=\"true\" class=\"wp-block-spacer\"><\/div>\n\n\n\n<h2 class=\"wp-block-heading\">El Barrio de La Vi\u00f1a<\/h2>\n\n\n\n<p>El <strong>Barrio de La Vi\u00f1a<\/strong> toma su nombre de los vi\u00f1edos que exist\u00edan en esta zona antes de  ser urbanizada en el siglo XVIII, debido al aumento de poblaci\u00f3n sufrido por el auge del comercio con Am\u00e9rica. Por su lejan\u00eda del puerto este barrio no despert\u00f3 el inter\u00e9s de los cargadores de Indias y se establecieron aqu\u00ed humildes pescadores que faenaban en la pr\u00f3xima playa de La Caleta.<\/p>\n\n\n\n<p>La Vi\u00f1a es un popular barrio marinero que vive volcado al mar y al Carnaval. En la <strong>calle de La Palma<\/strong> y sus alrededores podremos encontrar una animada oferta de restauraci\u00f3n que incluye lugares tan pintorescos como la <strong><a href=\"https:\/\/www.tripadvisor.es\/Restaurant_Review-g187432-d984261-Reviews-Casa_Manteca-Cadiz_Costa_de_la_Luz_Andalucia.html\" target=\"_blank\" rel=\"noreferrer noopener nofollow\">Taberna Casa Manteca<\/a><\/strong>, con su ambiente taurino,  o la <strong><a href=\"https:\/\/www.tripadvisor.es\/Restaurant_Review-g187432-d26493570-Reviews-Taberna_Las_Banderas-Cadiz_Costa_de_la_Luz_Andalucia.html\" target=\"_blank\" rel=\"noreferrer noopener nofollow\">Taberna de Las Banderas<\/a><\/strong>, donde podemos iniciar un peregrinaje para disfrutar de su <a href=\"https:\/\/www.canariasviaja.com\/viajaresvivir\/de-tapas-por-cadiz-a-poquito-a-poco\/\">gastronom\u00eda<\/a> y del salero de sus camareros.<\/p>\n\n\n\n<figure class=\"wp-block-image size-full\"><img loading=\"lazy\" decoding=\"async\" width=\"2000\" height=\"1126\" src=\"https:\/\/www.canariasviaja.com\/viajaresvivir\/wp-content\/uploads\/2024\/06\/Cadiz-22.jpg\" alt=\"\" class=\"wp-image-11539\" srcset=\"https:\/\/www.canariasviaja.com\/viajaresvivir\/wp-content\/uploads\/2024\/06\/Cadiz-22.jpg 2000w, https:\/\/www.canariasviaja.com\/viajaresvivir\/wp-content\/uploads\/2024\/06\/Cadiz-22-300x169.jpg 300w, https:\/\/www.canariasviaja.com\/viajaresvivir\/wp-content\/uploads\/2024\/06\/Cadiz-22-768x432.jpg 768w, https:\/\/www.canariasviaja.com\/viajaresvivir\/wp-content\/uploads\/2024\/06\/Cadiz-22-1536x865.jpg 1536w, https:\/\/www.canariasviaja.com\/viajaresvivir\/wp-content\/uploads\/2024\/06\/Cadiz-22-1200x676.jpg 1200w, https:\/\/www.canariasviaja.com\/viajaresvivir\/wp-content\/uploads\/2024\/06\/Cadiz-22-1918x1080.jpg 1918w, https:\/\/www.canariasviaja.com\/viajaresvivir\/wp-content\/uploads\/2024\/06\/Cadiz-22-960x540.jpg 960w\" sizes=\"(max-width: 2000px) 100vw, 2000px\" \/><figcaption class=\"wp-element-caption\">Taberna Casa Manteca. Foto: Patri C\u00e1mpora<\/figcaption><\/figure>\n\n\n\n<p>Durante el verano sus estrechas calles se llenan de paseantes, vecinos y turistas que llenan las terrazas. Podemos sorprendernos con actuaciones de flamenco, con cantaores y cantaoras por alegr\u00edas desde los balcones.<\/p>\n\n\n<div class=\"wp-block-image\">\n<figure class=\"aligncenter size-full is-resized\"><img decoding=\"async\" src=\"https:\/\/www.canariasviaja.com\/viajaresvivir\/wp-content\/uploads\/2024\/06\/Cadiz-23.jpg\" alt=\"\" class=\"wp-image-11541\" width=\"400\" srcset=\"https:\/\/www.canariasviaja.com\/viajaresvivir\/wp-content\/uploads\/2024\/06\/Cadiz-23.jpg 1333w, https:\/\/www.canariasviaja.com\/viajaresvivir\/wp-content\/uploads\/2024\/06\/Cadiz-23-200x300.jpg 200w, https:\/\/www.canariasviaja.com\/viajaresvivir\/wp-content\/uploads\/2024\/06\/Cadiz-23-768x1152.jpg 768w, https:\/\/www.canariasviaja.com\/viajaresvivir\/wp-content\/uploads\/2024\/06\/Cadiz-23-1024x1536.jpg 1024w, https:\/\/www.canariasviaja.com\/viajaresvivir\/wp-content\/uploads\/2024\/06\/Cadiz-23-1200x1800.jpg 1200w, https:\/\/www.canariasviaja.com\/viajaresvivir\/wp-content\/uploads\/2024\/06\/Cadiz-23-720x1080.jpg 720w\" sizes=\"(max-width: 1333px) 100vw, 1333px\" \/><figcaption class=\"wp-element-caption\">Calle en el Barrio de la Vi\u00f1a. Foto: Patri C\u00e1mpora<\/figcaption><\/figure><\/div>\n\n\n<p>Una escapada a C\u00e1diz sabe a poco. Quedan ganas de seguir descubriendo su historia, disfrutar con su gastronom\u00eda, compartir con sus gentes,  y seguir explorando la provincia: tierra de toros bravos, vinos centenarios, pueblos blancos y playas salvajes. \u00a1Volveremos!<\/p>\n\n\n\n<div class=\"wp-block-buttons is-layout-flex wp-block-buttons-is-layout-flex\">\n<div class=\"wp-block-button aligncenter\"><a class=\"wp-block-button__link wp-element-button\" href=\"https:\/\/bit.ly\/4ch7Ez5\">Esc\u00e1pate a C\u00e1diz<\/a><\/div>\n<\/div>\n","protected":false},"excerpt":{"rendered":"<p>La ciudad de C\u00e1diz lleva enamorando a qui\u00e9n la que la conoce desde hace 3.000 a\u00f1os. Una ciudad atl\u00e1ntica con alma de isla que huele a salitre y tortillitas de camar\u00f3n; que hunde sus ra\u00edces en tiempos de los fenicios, inspira a poetas y cantantes, y vibra por alegr\u00edas y chirigotas. Te invitamos a dar un paseo por C\u00e1diz. De &hellip;<\/p>\n","protected":false},"author":2,"featured_media":11522,"comment_status":"open","ping_status":"closed","sticky":false,"template":"","format":"standard","meta":{"_acf_changed":false,"sfsi_plus_gutenberg_text_before_share":"","sfsi_plus_gutenberg_show_text_before_share":"","sfsi_plus_gutenberg_icon_type":"","sfsi_plus_gutenberg_icon_alignemt":"","sfsi_plus_gutenburg_max_per_row":"","footnotes":""},"categories":[124,8,123,10,618,100],"tags":[826,661,603,941,150],"class_list":["post-11517","post","type-post","status-publish","format-standard","has-post-thumbnail","hentry","category-descubre","category-diariodeviaje","category-explora","category-historias-viajeras","category-jerez-de-la-frontera","category-peninsulaybaleares","tag-cadiz","tag-escapada-cultural","tag-escapada-gastronomica","tag-hispania","tag-historia"],"acf":[],"yoast_head":"<!-- This site is optimized with the Yoast SEO plugin v24.1 - https:\/\/yoast.com\/wordpress\/plugins\/seo\/ -->\n<title>C\u00e1diz, atl\u00e1ntica y milenaria - Viajar es vivir<\/title>\n<meta name=\"description\" content=\"C\u00e1diz es una ciudad atl\u00e1ntica y milenaria. Un viaje a la historia desde los fenicios a la actualidad con salero y por alegr\u00edas.\" \/>\n<meta name=\"robots\" content=\"index, follow, max-snippet:-1, max-image-preview:large, max-video-preview:-1\" \/>\n<link rel=\"canonical\" href=\"https:\/\/www.canariasviaja.com\/viajaresvivir\/cadiz-atlantica-y-milenaria\/\" \/>\n<meta property=\"og:locale\" content=\"es_ES\" \/>\n<meta property=\"og:type\" content=\"article\" \/>\n<meta property=\"og:title\" content=\"C\u00e1diz, atl\u00e1ntica y milenaria - Viajar es vivir\" \/>\n<meta property=\"og:description\" content=\"C\u00e1diz es una ciudad atl\u00e1ntica y milenaria. Un viaje a la historia desde los fenicios a la actualidad con salero y por alegr\u00edas.\" \/>\n<meta property=\"og:url\" content=\"https:\/\/www.canariasviaja.com\/viajaresvivir\/cadiz-atlantica-y-milenaria\/\" \/>\n<meta property=\"og:site_name\" content=\"Viajar es vivir\" \/>\n<meta property=\"article:published_time\" content=\"2024-06-25T19:42:43+00:00\" \/>\n<meta property=\"article:modified_time\" content=\"2024-06-25T19:43:23+00:00\" \/>\n<meta property=\"og:image\" content=\"http:\/\/www.canariasviaja.com\/viajaresvivir\/wp-content\/uploads\/2024\/06\/Cadiz-7.jpg\" \/>\n\t<meta property=\"og:image:width\" content=\"2000\" \/>\n\t<meta property=\"og:image:height\" content=\"1126\" \/>\n\t<meta property=\"og:image:type\" content=\"image\/jpeg\" \/>\n<meta name=\"author\" content=\"Patri C\u00e1mpora\" \/>\n<meta name=\"twitter:card\" content=\"summary_large_image\" \/>\n<meta name=\"twitter:label1\" content=\"Escrito por\" \/>\n\t<meta name=\"twitter:data1\" content=\"Patri C\u00e1mpora\" \/>\n\t<meta name=\"twitter:label2\" content=\"Tiempo de lectura\" \/>\n\t<meta name=\"twitter:data2\" content=\"12 minutos\" \/>\n<script type=\"application\/ld+json\" class=\"yoast-schema-graph\">{\"@context\":\"https:\/\/schema.org\",\"@graph\":[{\"@type\":\"WebPage\",\"@id\":\"https:\/\/www.canariasviaja.com\/viajaresvivir\/cadiz-atlantica-y-milenaria\/\",\"url\":\"https:\/\/www.canariasviaja.com\/viajaresvivir\/cadiz-atlantica-y-milenaria\/\",\"name\":\"C\u00e1diz, atl\u00e1ntica y milenaria - Viajar es vivir\",\"isPartOf\":{\"@id\":\"https:\/\/www.canariasviaja.com\/viajaresvivir\/#website\"},\"primaryImageOfPage\":{\"@id\":\"https:\/\/www.canariasviaja.com\/viajaresvivir\/cadiz-atlantica-y-milenaria\/#primaryimage\"},\"image\":{\"@id\":\"https:\/\/www.canariasviaja.com\/viajaresvivir\/cadiz-atlantica-y-milenaria\/#primaryimage\"},\"thumbnailUrl\":\"https:\/\/www.canariasviaja.com\/viajaresvivir\/wp-content\/uploads\/2024\/06\/Cadiz-7.jpg\",\"datePublished\":\"2024-06-25T19:42:43+00:00\",\"dateModified\":\"2024-06-25T19:43:23+00:00\",\"author\":{\"@id\":\"https:\/\/www.canariasviaja.com\/viajaresvivir\/#\/schema\/person\/085949651001325f1244a8bc1b34709c\"},\"description\":\"C\u00e1diz es una ciudad atl\u00e1ntica y milenaria. Un viaje a la historia desde los fenicios a la actualidad con salero y por alegr\u00edas.\",\"breadcrumb\":{\"@id\":\"https:\/\/www.canariasviaja.com\/viajaresvivir\/cadiz-atlantica-y-milenaria\/#breadcrumb\"},\"inLanguage\":\"es\",\"potentialAction\":[{\"@type\":\"ReadAction\",\"target\":[\"https:\/\/www.canariasviaja.com\/viajaresvivir\/cadiz-atlantica-y-milenaria\/\"]}]},{\"@type\":\"ImageObject\",\"inLanguage\":\"es\",\"@id\":\"https:\/\/www.canariasviaja.com\/viajaresvivir\/cadiz-atlantica-y-milenaria\/#primaryimage\",\"url\":\"https:\/\/www.canariasviaja.com\/viajaresvivir\/wp-content\/uploads\/2024\/06\/Cadiz-7.jpg\",\"contentUrl\":\"https:\/\/www.canariasviaja.com\/viajaresvivir\/wp-content\/uploads\/2024\/06\/Cadiz-7.jpg\",\"width\":2000,\"height\":1126},{\"@type\":\"BreadcrumbList\",\"@id\":\"https:\/\/www.canariasviaja.com\/viajaresvivir\/cadiz-atlantica-y-milenaria\/#breadcrumb\",\"itemListElement\":[{\"@type\":\"ListItem\",\"position\":1,\"name\":\"Portada\",\"item\":\"https:\/\/www.canariasviaja.com\/viajaresvivir\/\"},{\"@type\":\"ListItem\",\"position\":2,\"name\":\"C\u00e1diz, atl\u00e1ntica y milenaria\"}]},{\"@type\":\"WebSite\",\"@id\":\"https:\/\/www.canariasviaja.com\/viajaresvivir\/#website\",\"url\":\"https:\/\/www.canariasviaja.com\/viajaresvivir\/\",\"name\":\"Viajar es vivir\",\"description\":\"El blog de viajes y estilo de vida de CanariasViaja\",\"potentialAction\":[{\"@type\":\"SearchAction\",\"target\":{\"@type\":\"EntryPoint\",\"urlTemplate\":\"https:\/\/www.canariasviaja.com\/viajaresvivir\/?s={search_term_string}\"},\"query-input\":{\"@type\":\"PropertyValueSpecification\",\"valueRequired\":true,\"valueName\":\"search_term_string\"}}],\"inLanguage\":\"es\"},{\"@type\":\"Person\",\"@id\":\"https:\/\/www.canariasviaja.com\/viajaresvivir\/#\/schema\/person\/085949651001325f1244a8bc1b34709c\",\"name\":\"Patri C\u00e1mpora\",\"image\":{\"@type\":\"ImageObject\",\"inLanguage\":\"es\",\"@id\":\"https:\/\/www.canariasviaja.com\/viajaresvivir\/#\/schema\/person\/image\/\",\"url\":\"https:\/\/secure.gravatar.com\/avatar\/b2ce2c4086a5776e5310f57c1a2e5b4e?s=96&d=mm&r=g\",\"contentUrl\":\"https:\/\/secure.gravatar.com\/avatar\/b2ce2c4086a5776e5310f57c1a2e5b4e?s=96&d=mm&r=g\",\"caption\":\"Patri C\u00e1mpora\"},\"url\":\"https:\/\/www.canariasviaja.com\/viajaresvivir\/author\/patri\/\"}]}<\/script>\n<!-- \/ Yoast SEO plugin. -->","yoast_head_json":{"title":"C\u00e1diz, atl\u00e1ntica y milenaria - Viajar es vivir","description":"C\u00e1diz es una ciudad atl\u00e1ntica y milenaria. Un viaje a la historia desde los fenicios a la actualidad con salero y por alegr\u00edas.","robots":{"index":"index","follow":"follow","max-snippet":"max-snippet:-1","max-image-preview":"max-image-preview:large","max-video-preview":"max-video-preview:-1"},"canonical":"https:\/\/www.canariasviaja.com\/viajaresvivir\/cadiz-atlantica-y-milenaria\/","og_locale":"es_ES","og_type":"article","og_title":"C\u00e1diz, atl\u00e1ntica y milenaria - Viajar es vivir","og_description":"C\u00e1diz es una ciudad atl\u00e1ntica y milenaria. Un viaje a la historia desde los fenicios a la actualidad con salero y por alegr\u00edas.","og_url":"https:\/\/www.canariasviaja.com\/viajaresvivir\/cadiz-atlantica-y-milenaria\/","og_site_name":"Viajar es vivir","article_published_time":"2024-06-25T19:42:43+00:00","article_modified_time":"2024-06-25T19:43:23+00:00","og_image":[{"width":2000,"height":1126,"url":"http:\/\/www.canariasviaja.com\/viajaresvivir\/wp-content\/uploads\/2024\/06\/Cadiz-7.jpg","type":"image\/jpeg"}],"author":"Patri C\u00e1mpora","twitter_card":"summary_large_image","twitter_misc":{"Escrito por":"Patri C\u00e1mpora","Tiempo de lectura":"12 minutos"},"schema":{"@context":"https:\/\/schema.org","@graph":[{"@type":"WebPage","@id":"https:\/\/www.canariasviaja.com\/viajaresvivir\/cadiz-atlantica-y-milenaria\/","url":"https:\/\/www.canariasviaja.com\/viajaresvivir\/cadiz-atlantica-y-milenaria\/","name":"C\u00e1diz, atl\u00e1ntica y milenaria - Viajar es vivir","isPartOf":{"@id":"https:\/\/www.canariasviaja.com\/viajaresvivir\/#website"},"primaryImageOfPage":{"@id":"https:\/\/www.canariasviaja.com\/viajaresvivir\/cadiz-atlantica-y-milenaria\/#primaryimage"},"image":{"@id":"https:\/\/www.canariasviaja.com\/viajaresvivir\/cadiz-atlantica-y-milenaria\/#primaryimage"},"thumbnailUrl":"https:\/\/www.canariasviaja.com\/viajaresvivir\/wp-content\/uploads\/2024\/06\/Cadiz-7.jpg","datePublished":"2024-06-25T19:42:43+00:00","dateModified":"2024-06-25T19:43:23+00:00","author":{"@id":"https:\/\/www.canariasviaja.com\/viajaresvivir\/#\/schema\/person\/085949651001325f1244a8bc1b34709c"},"description":"C\u00e1diz es una ciudad atl\u00e1ntica y milenaria. Un viaje a la historia desde los fenicios a la actualidad con salero y por alegr\u00edas.","breadcrumb":{"@id":"https:\/\/www.canariasviaja.com\/viajaresvivir\/cadiz-atlantica-y-milenaria\/#breadcrumb"},"inLanguage":"es","potentialAction":[{"@type":"ReadAction","target":["https:\/\/www.canariasviaja.com\/viajaresvivir\/cadiz-atlantica-y-milenaria\/"]}]},{"@type":"ImageObject","inLanguage":"es","@id":"https:\/\/www.canariasviaja.com\/viajaresvivir\/cadiz-atlantica-y-milenaria\/#primaryimage","url":"https:\/\/www.canariasviaja.com\/viajaresvivir\/wp-content\/uploads\/2024\/06\/Cadiz-7.jpg","contentUrl":"https:\/\/www.canariasviaja.com\/viajaresvivir\/wp-content\/uploads\/2024\/06\/Cadiz-7.jpg","width":2000,"height":1126},{"@type":"BreadcrumbList","@id":"https:\/\/www.canariasviaja.com\/viajaresvivir\/cadiz-atlantica-y-milenaria\/#breadcrumb","itemListElement":[{"@type":"ListItem","position":1,"name":"Portada","item":"https:\/\/www.canariasviaja.com\/viajaresvivir\/"},{"@type":"ListItem","position":2,"name":"C\u00e1diz, atl\u00e1ntica y milenaria"}]},{"@type":"WebSite","@id":"https:\/\/www.canariasviaja.com\/viajaresvivir\/#website","url":"https:\/\/www.canariasviaja.com\/viajaresvivir\/","name":"Viajar es vivir","description":"El blog de viajes y estilo de vida de CanariasViaja","potentialAction":[{"@type":"SearchAction","target":{"@type":"EntryPoint","urlTemplate":"https:\/\/www.canariasviaja.com\/viajaresvivir\/?s={search_term_string}"},"query-input":{"@type":"PropertyValueSpecification","valueRequired":true,"valueName":"search_term_string"}}],"inLanguage":"es"},{"@type":"Person","@id":"https:\/\/www.canariasviaja.com\/viajaresvivir\/#\/schema\/person\/085949651001325f1244a8bc1b34709c","name":"Patri C\u00e1mpora","image":{"@type":"ImageObject","inLanguage":"es","@id":"https:\/\/www.canariasviaja.com\/viajaresvivir\/#\/schema\/person\/image\/","url":"https:\/\/secure.gravatar.com\/avatar\/b2ce2c4086a5776e5310f57c1a2e5b4e?s=96&d=mm&r=g","contentUrl":"https:\/\/secure.gravatar.com\/avatar\/b2ce2c4086a5776e5310f57c1a2e5b4e?s=96&d=mm&r=g","caption":"Patri C\u00e1mpora"},"url":"https:\/\/www.canariasviaja.com\/viajaresvivir\/author\/patri\/"}]}},"_links":{"self":[{"href":"https:\/\/www.canariasviaja.com\/viajaresvivir\/wp-json\/wp\/v2\/posts\/11517"}],"collection":[{"href":"https:\/\/www.canariasviaja.com\/viajaresvivir\/wp-json\/wp\/v2\/posts"}],"about":[{"href":"https:\/\/www.canariasviaja.com\/viajaresvivir\/wp-json\/wp\/v2\/types\/post"}],"author":[{"embeddable":true,"href":"https:\/\/www.canariasviaja.com\/viajaresvivir\/wp-json\/wp\/v2\/users\/2"}],"replies":[{"embeddable":true,"href":"https:\/\/www.canariasviaja.com\/viajaresvivir\/wp-json\/wp\/v2\/comments?post=11517"}],"version-history":[{"count":5,"href":"https:\/\/www.canariasviaja.com\/viajaresvivir\/wp-json\/wp\/v2\/posts\/11517\/revisions"}],"predecessor-version":[{"id":11544,"href":"https:\/\/www.canariasviaja.com\/viajaresvivir\/wp-json\/wp\/v2\/posts\/11517\/revisions\/11544"}],"wp:featuredmedia":[{"embeddable":true,"href":"https:\/\/www.canariasviaja.com\/viajaresvivir\/wp-json\/wp\/v2\/media\/11522"}],"wp:attachment":[{"href":"https:\/\/www.canariasviaja.com\/viajaresvivir\/wp-json\/wp\/v2\/media?parent=11517"}],"wp:term":[{"taxonomy":"category","embeddable":true,"href":"https:\/\/www.canariasviaja.com\/viajaresvivir\/wp-json\/wp\/v2\/categories?post=11517"},{"taxonomy":"post_tag","embeddable":true,"href":"https:\/\/www.canariasviaja.com\/viajaresvivir\/wp-json\/wp\/v2\/tags?post=11517"}],"curies":[{"name":"wp","href":"https:\/\/api.w.org\/{rel}","templated":true}]}}