{"id":11579,"date":"2024-07-19T12:36:37","date_gmt":"2024-07-19T12:36:37","guid":{"rendered":"https:\/\/www.canariasviaja.com\/viajaresvivir\/?p=11579"},"modified":"2024-07-19T12:48:23","modified_gmt":"2024-07-19T12:48:23","slug":"pueblos-de-mallorca-belleza-interior","status":"publish","type":"post","link":"https:\/\/www.canariasviaja.com\/viajaresvivir\/pueblos-de-mallorca-belleza-interior\/","title":{"rendered":"Pueblos de Mallorca, belleza interior"},"content":{"rendered":"\n<p>La isla de Mallorca nos seduce no solo en sus calas de aguas cristalinas y arenas blancas. En su interior se esconde la esencia de la isla, <strong>sus pueblos. <\/strong><\/p>\n\n\n\n<p>Te invitamos a descubrir sus calles empedradas y adentrarte en su historia, su naturaleza y sus tradiciones a trav\u00e9s de un paseo por algunos de sus pueblos.<\/p>\n\n\n\n<div style=\"height:100px\" aria-hidden=\"true\" class=\"wp-block-spacer\"><\/div>\n\n\n\n<h3 class=\"wp-block-heading\">Pueblos de Mallorca<\/h3>\n\n\n\n<figure class=\"wp-block-image size-full\"><img loading=\"lazy\" decoding=\"async\" width=\"1920\" height=\"1280\" src=\"https:\/\/www.canariasviaja.com\/viajaresvivir\/wp-content\/uploads\/2024\/07\/evaldas-grizas-atfWAWCA0YE-unsplash.jpg\" alt=\"\" class=\"wp-image-11594\" srcset=\"https:\/\/www.canariasviaja.com\/viajaresvivir\/wp-content\/uploads\/2024\/07\/evaldas-grizas-atfWAWCA0YE-unsplash.jpg 1920w, https:\/\/www.canariasviaja.com\/viajaresvivir\/wp-content\/uploads\/2024\/07\/evaldas-grizas-atfWAWCA0YE-unsplash-300x200.jpg 300w, https:\/\/www.canariasviaja.com\/viajaresvivir\/wp-content\/uploads\/2024\/07\/evaldas-grizas-atfWAWCA0YE-unsplash-768x512.jpg 768w, https:\/\/www.canariasviaja.com\/viajaresvivir\/wp-content\/uploads\/2024\/07\/evaldas-grizas-atfWAWCA0YE-unsplash-1536x1024.jpg 1536w, https:\/\/www.canariasviaja.com\/viajaresvivir\/wp-content\/uploads\/2024\/07\/evaldas-grizas-atfWAWCA0YE-unsplash-1200x800.jpg 1200w, https:\/\/www.canariasviaja.com\/viajaresvivir\/wp-content\/uploads\/2024\/07\/evaldas-grizas-atfWAWCA0YE-unsplash-1620x1080.jpg 1620w\" sizes=\"(max-width: 1920px) 100vw, 1920px\" \/><figcaption class=\"wp-element-caption\">Foto de <a href=\"https:\/\/unsplash.com\/es\/@rebusas?utm_content=creditCopyText&amp;utm_medium=referral&amp;utm_source=unsplash\">Evaldas Gri\u017eas<\/a> en <a href=\"https:\/\/unsplash.com\/es\/fotos\/una-vista-de-una-cadena-montanosa-desde-un-pequeno-pueblo-atfWAWCA0YE?utm_content=creditCopyText&amp;utm_medium=referral&amp;utm_source=unsplash\">Unsplash<\/a><\/figcaption><\/figure>\n\n\n\n<p>La<strong> Mallorca de interior<\/strong> sorprende al visitante por sus cuidados pueblos testigos de la historia de la isla, por sus bellos paisajes, que inspiraron y siguen inspirando a artistas, y por su respeto a las tradiciones y a la cultura local. <\/p>\n\n\n\n<p>Hoy te invitamos a sumergirte en el coraz\u00f3n de Mallorca visitando los pueblos de <strong>Valdemossa, S\u00f3ller, Pollen\u00e7a, Alcudia y Dei\u00e1.<\/strong><\/p>\n\n\n\n<div style=\"height:100px\" aria-hidden=\"true\" class=\"wp-block-spacer\"><\/div>\n\n\n\n<h3 class=\"wp-block-heading\">Valldemossa<\/h3>\n\n\n\n<figure class=\"wp-block-image size-full\"><img loading=\"lazy\" decoding=\"async\" width=\"1920\" height=\"1285\" src=\"https:\/\/www.canariasviaja.com\/viajaresvivir\/wp-content\/uploads\/2024\/07\/david-vives-9DHCvqAM2oA-unsplash.jpg\" alt=\"\" class=\"wp-image-11580\" srcset=\"https:\/\/www.canariasviaja.com\/viajaresvivir\/wp-content\/uploads\/2024\/07\/david-vives-9DHCvqAM2oA-unsplash.jpg 1920w, https:\/\/www.canariasviaja.com\/viajaresvivir\/wp-content\/uploads\/2024\/07\/david-vives-9DHCvqAM2oA-unsplash-300x201.jpg 300w, https:\/\/www.canariasviaja.com\/viajaresvivir\/wp-content\/uploads\/2024\/07\/david-vives-9DHCvqAM2oA-unsplash-768x514.jpg 768w, https:\/\/www.canariasviaja.com\/viajaresvivir\/wp-content\/uploads\/2024\/07\/david-vives-9DHCvqAM2oA-unsplash-1536x1028.jpg 1536w, https:\/\/www.canariasviaja.com\/viajaresvivir\/wp-content\/uploads\/2024\/07\/david-vives-9DHCvqAM2oA-unsplash-1200x803.jpg 1200w, https:\/\/www.canariasviaja.com\/viajaresvivir\/wp-content\/uploads\/2024\/07\/david-vives-9DHCvqAM2oA-unsplash-1614x1080.jpg 1614w\" sizes=\"(max-width: 1920px) 100vw, 1920px\" \/><figcaption class=\"wp-element-caption\">Foto de <a href=\"https:\/\/unsplash.com\/es\/@davidvives?utm_content=creditCopyText&amp;utm_medium=referral&amp;utm_source=unsplash\">David Vives<\/a> en <a href=\"https:\/\/unsplash.com\/es\/fotos\/casas-de-concreto-blanco-y-marron-cerca-de-green-mountain-bajo-el-cielo-azul-durante-el-dia-9DHCvqAM2oA?utm_content=creditCopyText&amp;utm_medium=referral&amp;utm_source=unsplash\">Unsplash<\/a>&nbsp;<\/figcaption><\/figure>\n\n\n\n<p>A 15 minutos de Palma se encuentra el pueblo m\u00e1s alto de la isla y uno de los m\u00e1s famosos, Valdemossa. Un bello pueblo de calles empedradas que cuenta con un rico patrimonio.<\/p>\n\n\n\n<h1 class=\"wp-block-heading\">Chopin en Valdemossa<\/h1>\n\n\n\n<p>En el invierno de 1838 Valdemossa recibi\u00f3 a dos de sus m\u00e1s ilustres visitantes: el compositor polaco <strong>Frederik Chopin<\/strong> y a su amante, la escritora francesa <strong>George Sand<\/strong>. Ambos se alojaron en una celda que alquilaron en el <strong>Monasterio de la Real Cartuja<\/strong>. Su no muy grata experiencia qued\u00f3 plasmada en el libro <strong>\u00abUn invierno en Mallorca\u00bb<\/strong> de George Sand, que se puede encontrar traducido a m\u00faltiples idiomas en cada tienda del pueblo. En la celda 4 del monasterio se encuentra el <strong><a href=\"https:\/\/www.celdadechopin.es\/visita.php\" target=\"_blank\" rel=\"noreferrer noopener nofollow\">Museo Chopin<\/a><\/strong>, donde se encuentran algunos de los objetos personales del compositor y su piano, con el que compuso durante su estancia  grandes obras como algunos de sus Preludios, una Polonesa, su segunda Balada y su tercer Scherzo. Antes de partir, Chopin vendi\u00f3 su piano a la familia Canut. La visita a la celda n\u00famero 4 es independiente de la del resto de dependencias de la Cartuja.<\/p>\n\n\n\n<h1 class=\"wp-block-heading\">La Cartuja de Valdemossa<\/h1>\n\n\n\n<p><strong>La Cartuja<\/strong> es uno de los monumentos m\u00e1s emblem\u00e1ticos de Valdemossa. Construida en 1309 por el Rey Jaime II de Mallorca, como  residencia para su hijo Sancho I, que padec\u00eda asma. Se dice que el  palacio fue levantado sobre un antiguo alc\u00e1zar  de un val\u00ed moro: Mussa, del que provendr\u00eda el nombre de Valldemossa.<\/p>\n\n\n\n<p>En el a\u00f1o 1399, el rey Mart\u00edn I de Arag\u00f3n, llamado \u201cel Humano\u201d, cedi\u00f3 todas las posesiones reales de Valldemossa a los frailes cartujos. Estos fundaron la Cartuja y transformaron la plaza de armas en claustro y cementerio, los cinco salones que hab\u00eda en celdas, la prisi\u00f3n en refectorio, la despensa, en sacrist\u00eda y la cocina, en iglesia.<\/p>\n\n\n\n<p>En 1835 la Cartuja pas\u00f3 a manos privadas por la desamortizaci\u00f3n de Mendiz\u00e1bal. <a href=\"https:\/\/cartoixadevalldemossa.com\/\" target=\"_blank\" rel=\"noreferrer noopener nofollow\">Visitar la Cartoixa<\/a> es recorrer una importante periodo de la historia de la isla. Adem\u00e1s disfrutar\u00e1s de un concierto de piano en el que se interpretan piezas de Chopin.<\/p>\n\n\n\n<h1 class=\"wp-block-heading\">Cosas que hacer en Valdemossa<\/h1>\n\n\n\n<p>Valdemossa adem\u00e1s es muy querido para los mallorquines por ser el pueblo en el que naci\u00f3 la \u00fanica santa de la  isla, <strong>Santa Catalina Thomas<\/strong>. Detr\u00e1s de la iglesia de San Bartomeu, en la tranquila calle Rector\u00eda se encuentra su casa y su santuario. <\/p>\n\n\n\n<p>Desde Valdemossa parten<strong> senderos para explorar la Serra Tramontana<\/strong>. Justo encima del pueblo se encuentra el <strong>Puig des Teix<\/strong>, uno de los m\u00e1s visitados de esta cadena monta\u00f1osa. Una caminata exigente, de 16 kil\u00f3metros de trekking a trav\u00e9s de la finca Son Marroig, que fue hogar del <strong>archiduque austriaco Lluis Salvador<\/strong>, hasta los 1064 metros de la cima. Las impresionantes vistas son una recompensa al esfuerzo.<\/p>\n\n\n\n<p>Los domingos las calles empedradas de Valdemossa se llenan de color con los puestos del <strong>mercado, <\/strong>que invitan a descubrir los productos t\u00edpicos de la isla.<\/p>\n\n\n\n<p>Durante tu paseo por Valdemossa no dejes de probar las galletas t\u00edpicas: <strong>las cocas de patata,<\/strong> que encontrar\u00e1s en cada panader\u00eda.<\/p>\n\n\n\n<div style=\"height:100px\" aria-hidden=\"true\" class=\"wp-block-spacer\"><\/div>\n\n\n\n<h3 class=\"wp-block-heading\">S\u00f3ller<\/h3>\n\n\n\n<p>Seguimos en la costa norte de Mallorca. <strong>S\u00f3ller <\/strong>es un precioso pueblo situado en un frondoso valle de naranjos, <strong>el valle del oro<\/strong>, responsable de la prosperidad de este pueblo desde el siglo XIX. Cuando esta zona estaba incomunicada del resto de la isla por las monta\u00f1as, los agricultores exportaban sus c\u00edtricos a Francia a trav\u00e9s de su puerto. Muchos habitantes de S\u00f3ller emigraron a Francia y al regresar invirtieron sus fortunas en la construcci\u00f3n de preciosas casas modernistas.<\/p>\n\n\n\n<h1 class=\"wp-block-heading\">Viaje al modernismo<\/h1>\n\n\n\n<figure class=\"wp-block-image size-full\"><img loading=\"lazy\" decoding=\"async\" width=\"640\" height=\"430\" src=\"https:\/\/www.canariasviaja.com\/viajaresvivir\/wp-content\/uploads\/2024\/07\/Tren-de-Soller-32.jpg\" alt=\"\" class=\"wp-image-11585\" srcset=\"https:\/\/www.canariasviaja.com\/viajaresvivir\/wp-content\/uploads\/2024\/07\/Tren-de-Soller-32.jpg 640w, https:\/\/www.canariasviaja.com\/viajaresvivir\/wp-content\/uploads\/2024\/07\/Tren-de-Soller-32-300x202.jpg 300w\" sizes=\"(max-width: 640px) 100vw, 640px\" \/><figcaption class=\"wp-element-caption\">Foto: <a href=\"https:\/\/trendesoller.com\/tren\">Tren de Soller<\/a><\/figcaption><\/figure>\n\n\n\n<p>A S\u00f3ller se puede llegar por carretera pero hay una forma m\u00e1s memorable de llegar, en su <strong>tren hist\u00f3rico<\/strong>. Inaugurado en 1912, lleva m\u00e1s de un siglo comunicando Palma con S\u00f3ller. El tren parte de la estaci\u00f3n de Palma, un edificio modernista que nos invita comenzar nuestro viaje en el tiempo antes de subirnos a este tren de madera, perfectamente conservado, que realiza un precioso recorrido panor\u00e1mico de una hora por la Sierra Tramuntana, Patrimonio de la Humanidad.<\/p>\n\n\n\n<p>A nuestra llegada a S\u00f3ller nos espera un animado pueblo orgulloso de su cultura y tradiciones, S\u00f3ller.<\/p>\n\n\n\n<h1 class=\"wp-block-heading\">La iglesia de Sant Bartolomeu<\/h1>\n\n\n\n<p>La <strong>plaza de la Constituci\u00f3n<\/strong> es el coraz\u00f3n de S\u00f3ller repleta de animados bares y restaurantes. Presidi\u00e9ndola est\u00e1 un imponente edificio de roca caliza de color gris\u00e1ceo, <strong>la iglesia parroquial de Sant Bartomeu de S\u00f3ller.<\/strong><\/p>\n\n\n<div class=\"wp-block-image\">\n<figure class=\"aligncenter size-large is-resized\"><img decoding=\"async\" src=\"https:\/\/www.canariasviaja.com\/viajaresvivir\/wp-content\/uploads\/2024\/07\/tanja-cotoaga-2MKtVn0WH3k-unsplash-1-1500x2000.jpg\" alt=\"\" class=\"wp-image-11583\" width=\"400\" srcset=\"https:\/\/www.canariasviaja.com\/viajaresvivir\/wp-content\/uploads\/2024\/07\/tanja-cotoaga-2MKtVn0WH3k-unsplash-1-1500x2000.jpg 1500w, https:\/\/www.canariasviaja.com\/viajaresvivir\/wp-content\/uploads\/2024\/07\/tanja-cotoaga-2MKtVn0WH3k-unsplash-1-225x300.jpg 225w, https:\/\/www.canariasviaja.com\/viajaresvivir\/wp-content\/uploads\/2024\/07\/tanja-cotoaga-2MKtVn0WH3k-unsplash-1-768x1024.jpg 768w, https:\/\/www.canariasviaja.com\/viajaresvivir\/wp-content\/uploads\/2024\/07\/tanja-cotoaga-2MKtVn0WH3k-unsplash-1-1152x1536.jpg 1152w, https:\/\/www.canariasviaja.com\/viajaresvivir\/wp-content\/uploads\/2024\/07\/tanja-cotoaga-2MKtVn0WH3k-unsplash-1-1536x2048.jpg 1536w, https:\/\/www.canariasviaja.com\/viajaresvivir\/wp-content\/uploads\/2024\/07\/tanja-cotoaga-2MKtVn0WH3k-unsplash-1-1200x1600.jpg 1200w, https:\/\/www.canariasviaja.com\/viajaresvivir\/wp-content\/uploads\/2024\/07\/tanja-cotoaga-2MKtVn0WH3k-unsplash-1-600x800.jpg 600w, https:\/\/www.canariasviaja.com\/viajaresvivir\/wp-content\/uploads\/2024\/07\/tanja-cotoaga-2MKtVn0WH3k-unsplash-1-810x1080.jpg 810w, https:\/\/www.canariasviaja.com\/viajaresvivir\/wp-content\/uploads\/2024\/07\/tanja-cotoaga-2MKtVn0WH3k-unsplash-1-scaled.jpg 1920w\" sizes=\"(max-width: 1500px) 100vw, 1500px\" \/><figcaption class=\"wp-element-caption\">Foto de <a href=\"https:\/\/unsplash.com\/es\/@tarafuco?utm_content=creditCopyText&amp;utm_medium=referral&amp;utm_source=unsplash\">Tanja Cotoaga<\/a> en <a href=\"https:\/\/unsplash.com\/es\/fotos\/iglesia-historica-marron-bajo-cielos-azules-y-blancos-2MKtVn0WH3k?utm_content=creditCopyText&amp;utm_medium=referral&amp;utm_source=unsplash\">Unsplash<\/a>&nbsp;<\/figcaption><\/figure><\/div>\n\n\n<p>El edificio que tenemos frente a nosotros es el resultado de la tercera reforma que sufri\u00f3 este templo, entre 1904 y 1946 y su fachada fue proyectada por un disc\u00edpulo de Gaud\u00ed, Joan Rubi\u00f3 Bellver.<\/p>\n\n\n\n<p>El templo original fue construido antes de 1236 en estilo rom\u00e1nico-g\u00f3tico y su aspecto distaba mucho del actual. Era mucho m\u00e1s peque\u00f1o y su entrada principal estaba situada en el que ahora se conoce como Portal del Dalt, en el lateral del templo. Tras el derrumbe parcial sufrido en 1688 se comienza a construir una iglesia en estilo barroco, que se termin\u00f3 en 1733. Fruto de esta reforma se construy\u00f3 la estructura barroca del templo y se cambi\u00f3 de orientaci\u00f3n.<\/p>\n\n\n\n<p>Su atrio coronado por un gran arco apuntado con dos arcos ojivales y un roset\u00f3n y, sobre este, un remate escalonado con nueve aperturas es una muestra de como el modernista Art Nouveau se mezclaba con el historicismo g\u00f3tico.  <strong>Sant Bartomeu <\/strong>es uno de los emblemas del valle.<\/p>\n\n\n\n<h1 class=\"wp-block-heading\">Paseo por S\u00f3ller<\/h1>\n\n\n\n<p>S\u00f3ller es un pueblo que conserva un <strong>comercio tradicional <\/strong>donde podremos comprar productos locales de la isla. Los s\u00e1bados se celebra un <strong>mercado<\/strong> que re\u00fane a productores locales.<\/p>\n\n\n\n<figure class=\"wp-block-image size-full\"><img loading=\"lazy\" decoding=\"async\" width=\"1920\" height=\"1280\" src=\"https:\/\/www.canariasviaja.com\/viajaresvivir\/wp-content\/uploads\/2024\/07\/anthony-camp-BMInBG0DsG4-unsplash.jpg\" alt=\"\" class=\"wp-image-11593\" srcset=\"https:\/\/www.canariasviaja.com\/viajaresvivir\/wp-content\/uploads\/2024\/07\/anthony-camp-BMInBG0DsG4-unsplash.jpg 1920w, https:\/\/www.canariasviaja.com\/viajaresvivir\/wp-content\/uploads\/2024\/07\/anthony-camp-BMInBG0DsG4-unsplash-300x200.jpg 300w, https:\/\/www.canariasviaja.com\/viajaresvivir\/wp-content\/uploads\/2024\/07\/anthony-camp-BMInBG0DsG4-unsplash-768x512.jpg 768w, https:\/\/www.canariasviaja.com\/viajaresvivir\/wp-content\/uploads\/2024\/07\/anthony-camp-BMInBG0DsG4-unsplash-1536x1024.jpg 1536w, https:\/\/www.canariasviaja.com\/viajaresvivir\/wp-content\/uploads\/2024\/07\/anthony-camp-BMInBG0DsG4-unsplash-1200x800.jpg 1200w, https:\/\/www.canariasviaja.com\/viajaresvivir\/wp-content\/uploads\/2024\/07\/anthony-camp-BMInBG0DsG4-unsplash-1620x1080.jpg 1620w\" sizes=\"(max-width: 1920px) 100vw, 1920px\" \/><figcaption class=\"wp-element-caption\">Foto de <a href=\"https:\/\/unsplash.com\/es\/@technomageindustries?utm_content=creditCopyText&amp;utm_medium=referral&amp;utm_source=unsplash\">Anthony Camp<\/a> en <a href=\"https:\/\/unsplash.com\/es\/fotos\/un-puesto-de-frutas-con-naranjas-manzanas-y-sandia-BMInBG0DsG4?utm_content=creditCopyText&amp;utm_medium=referral&amp;utm_source=unsplash\">Unsplash<\/a><\/figcaption><\/figure>\n\n\n\n<p>Una parada imprescindible para conocer la <strong>arquitectura modernista<\/strong> que distingue a S\u00f3ller es el <strong><a href=\"https:\/\/canprunera.com\/es\/museu\/\" target=\"_blank\" rel=\"noreferrer noopener nofollow\">Museo Modernista Can Prunera. <\/a><\/strong> Ubicado en una antigua casa modernista de comienzos del siglo XX, es una de las se\u00f1as de identidad del pueblo de S\u00f3ller. Aqu\u00ed podremos hacer un recorrido por la decoraci\u00f3n y el arte modernista y visitar la muestra <strong>\u00abDel Modernismo al siglo XXI\u00bb<\/strong>,  una colecci\u00f3n de pintura que pertenece mayoritariamente a la&nbsp;<strong>Col\u00b7lecci\u00f3 d\u2019Art Serra<\/strong>, y que en estos \u00faltimos a\u00f1os se ha ido enriqueciendo gracias a las donaciones de obras que, particulares y artistas, han hecho a la&nbsp;<strong>Fundaci\u00f3 Tren de l\u2019Art<\/strong>, entidad gestora de Can Prunera Museu Modernista.<\/p>\n\n\n\n<h1 class=\"wp-block-heading\">Puerto de S\u00f3ller<\/h1>\n\n\n\n<figure class=\"wp-block-image size-large\"><img loading=\"lazy\" decoding=\"async\" width=\"2000\" height=\"1333\" src=\"https:\/\/www.canariasviaja.com\/viajaresvivir\/wp-content\/uploads\/2024\/07\/tanja-cotoaga-S44grM8NL-I-unsplash-2-2000x1333.jpg\" alt=\"\" class=\"wp-image-11586\" srcset=\"https:\/\/www.canariasviaja.com\/viajaresvivir\/wp-content\/uploads\/2024\/07\/tanja-cotoaga-S44grM8NL-I-unsplash-2-2000x1333.jpg 2000w, https:\/\/www.canariasviaja.com\/viajaresvivir\/wp-content\/uploads\/2024\/07\/tanja-cotoaga-S44grM8NL-I-unsplash-2-300x200.jpg 300w, https:\/\/www.canariasviaja.com\/viajaresvivir\/wp-content\/uploads\/2024\/07\/tanja-cotoaga-S44grM8NL-I-unsplash-2-768x512.jpg 768w, https:\/\/www.canariasviaja.com\/viajaresvivir\/wp-content\/uploads\/2024\/07\/tanja-cotoaga-S44grM8NL-I-unsplash-2-1536x1024.jpg 1536w, https:\/\/www.canariasviaja.com\/viajaresvivir\/wp-content\/uploads\/2024\/07\/tanja-cotoaga-S44grM8NL-I-unsplash-2-2048x1365.jpg 2048w, https:\/\/www.canariasviaja.com\/viajaresvivir\/wp-content\/uploads\/2024\/07\/tanja-cotoaga-S44grM8NL-I-unsplash-2-1200x800.jpg 1200w, https:\/\/www.canariasviaja.com\/viajaresvivir\/wp-content\/uploads\/2024\/07\/tanja-cotoaga-S44grM8NL-I-unsplash-2-1620x1080.jpg 1620w\" sizes=\"(max-width: 2000px) 100vw, 2000px\" \/><figcaption class=\"wp-element-caption\">Foto de <a href=\"https:\/\/unsplash.com\/es\/@tarafuco?utm_content=creditCopyText&amp;utm_medium=referral&amp;utm_source=unsplash\">Tanja Cotoaga<\/a> en <a href=\"https:\/\/unsplash.com\/es\/fotos\/barcos-en-el-mar-cerca-de-edificios-de-gran-altura-S44grM8NL-I?utm_content=creditCopyText&amp;utm_medium=referral&amp;utm_source=unsplash\">Unsplash<\/a><\/figcaption><\/figure>\n\n\n\n<p>El Puerto de S\u00f3ller fue su v\u00eda de comunicaci\u00f3n con el exterior en tiempos de aislamiento por falta de infraestructuras. Desde la plaza de la Constituci\u00f3n parte el tranv\u00eda que nos lleva a la costa. Seguimos nuestro viaje en el tiempo para disfrutar de su encantador puerto, en donde conviven los tradicionales \u00ablla\u00fcts\u00bb mallorquines, con yates de lujo y veleros. Desde aqu\u00ed podemos dedicarnos a seguir explorando algunos lugares destacados de su costa, como de Sa Foradada, Tuent, Sa Calobra y el Torrent de Pareis. Pero antes de embarcarnos hemos de dar un paseo por su marina.<\/p>\n\n\n\n<h1 class=\"wp-block-heading\">Barrio marinero<\/h1>\n\n\n\n<p>Frente al muelle se encuentra el tradicional barrio marinero de Santa Catalina, un peque\u00f1o laberinto de casas, callejuelas y empinadas cuestas que desmbocan en el <strong>oratorio de Santa Catalina<\/strong>, desde donde se disfrutar de bellas vistas a la bah\u00eda con la Serra Tramuntana de fondo.<\/p>\n\n\n\n<h1 class=\"wp-block-heading\">Gastronom\u00eda marinera<\/h1>\n\n\n\n<p>Disfrutar de la deliciosa<strong> gastronom\u00eda mallorquina<\/strong> frente al mar es uno de los atractivos de Puerto de S\u00f3ller. Aqu\u00ed encontrar\u00e1n una amplia y variada oferta de restaurantes especializados cocina marinera donde degustar\u00e1s pescado fresco, arroces, y calderetas.<\/p>\n\n\n\n<div style=\"height:100px\" aria-hidden=\"true\" class=\"wp-block-spacer\"><\/div>\n\n\n\n<h3 class=\"wp-block-heading\">Pollen\u00e7a<\/h3>\n\n\n\n<figure class=\"wp-block-image size-full\"><img loading=\"lazy\" decoding=\"async\" width=\"1920\" height=\"1280\" src=\"https:\/\/www.canariasviaja.com\/viajaresvivir\/wp-content\/uploads\/2024\/07\/max-harlynking-yvwEE0ZnPCE-unsplash.jpg\" alt=\"\" class=\"wp-image-11590\" srcset=\"https:\/\/www.canariasviaja.com\/viajaresvivir\/wp-content\/uploads\/2024\/07\/max-harlynking-yvwEE0ZnPCE-unsplash.jpg 1920w, https:\/\/www.canariasviaja.com\/viajaresvivir\/wp-content\/uploads\/2024\/07\/max-harlynking-yvwEE0ZnPCE-unsplash-300x200.jpg 300w, https:\/\/www.canariasviaja.com\/viajaresvivir\/wp-content\/uploads\/2024\/07\/max-harlynking-yvwEE0ZnPCE-unsplash-768x512.jpg 768w, https:\/\/www.canariasviaja.com\/viajaresvivir\/wp-content\/uploads\/2024\/07\/max-harlynking-yvwEE0ZnPCE-unsplash-1536x1024.jpg 1536w, https:\/\/www.canariasviaja.com\/viajaresvivir\/wp-content\/uploads\/2024\/07\/max-harlynking-yvwEE0ZnPCE-unsplash-1200x800.jpg 1200w, https:\/\/www.canariasviaja.com\/viajaresvivir\/wp-content\/uploads\/2024\/07\/max-harlynking-yvwEE0ZnPCE-unsplash-1620x1080.jpg 1620w\" sizes=\"(max-width: 1920px) 100vw, 1920px\" \/><figcaption class=\"wp-element-caption\">Foto de <a href=\"https:\/\/unsplash.com\/es\/@harlynkingm?utm_content=creditCopyText&amp;utm_medium=referral&amp;utm_source=unsplash\">Max Harlynking<\/a> en <a href=\"https:\/\/unsplash.com\/es\/fotos\/una-vista-de-una-ciudad-con-una-montana-al-fondo-yvwEE0ZnPCE?utm_content=creditCopyText&amp;utm_medium=referral&amp;utm_source=unsplash\">Unsplash<\/a>&nbsp;<\/figcaption><\/figure>\n\n\n\n<p>El municipio de Pollen\u00e7a es el m\u00e1s septentrional de Mallorca y es el municipio de la Serra de Tramuntana por excelencia. Est\u00e1 formado por la villa de Pollen\u00e7a y los los n\u00facleos de poblaci\u00f3n del&nbsp;<strong>Port de Pollen\u00e7a<\/strong>,&nbsp;<strong>Cala Sant Vicen\u00e7<\/strong>&nbsp;y&nbsp;<strong>Formentor<\/strong>.<\/p>\n\n\n\n<p>A pesar de la belleza natural que rodea su entorno, que deslumbra al visitante, pasear por el casco hist\u00f3rico de la Villa de Pollen\u00e7a nos adentrar\u00e1 en su tradici\u00f3n, su arquitectura, historia y cultura.<\/p>\n\n\n\n<h1 class=\"wp-block-heading\">Pla\u00e7a major<\/h1>\n\n\n\n<p>La&nbsp;<strong>Pla\u00e7a Major <\/strong>es el centro neur\u00e1lgico de la villa. En sus inmediaciones destaca la <strong>parroquia de la V\u00edrgen de los \u00c1ngeles.<\/strong> Est\u00e1 situada sobre la primera iglesia que construyeron los <strong>caballeros del Temple <\/strong>en 1248. El templo actual es de 1790 de modelo g\u00f3tico y ornamentaci\u00f3n barroca y est\u00e1 dicacado a la V\u00edgen de los \u00c1ngeles, patrona de la villa. Destaca su campanario levantado sobre la antigua torre defensiva del siglo XV.<\/p>\n\n\n\n<h1 class=\"wp-block-heading\">Museo de Pollen\u00e7a<\/h1>\n\n\n\n<p>Podemos continuar la visita en  el conjunto del&nbsp;<strong>Convento de Sant Domingo<\/strong>. Los frailes dominicos iniciaron su construcci\u00f3n en 1588 y se termin\u00f3 en 1616. Despu\u00e9s de su restauraci\u00f3n se ha convertido en uno de los centros m\u00e1s representativos de las actividades culturales de Pollen\u00e7a. Es la sede del&nbsp;<strong>Certamen Bienal d&#8217;Art de Pollen\u00e7a<\/strong>, del&nbsp;<strong>Festival de M\u00fasica<\/strong>&nbsp;y del&nbsp;<a href=\"https:\/\/www.pollensa.com\/es\/descubrir-pollenca\/lugares-de-interes\/museo-de-pollenca\" target=\"_blank\" rel=\"noreferrer noopener nofollow\"><strong>Museo de Pollen\u00e7a<\/strong>.<\/a> <\/p>\n\n\n\n<p>El <strong>Museo de Pollen\u00e7a<\/strong> cuenta con una de las m\u00e1s importantes colecciones de&nbsp;<strong>pintura contempor\u00e1nea<\/strong> de la isla. Desde principios del siglo XX Pollen\u00e7a atrajo a artistas como Anglada Camarasa, Tito Cittadini, Bellini, L\u00f3pez Nagil, Montenegro y otros, y su renombre internacional atrajo a otros artistas como ahora Mir o De Creff, tanto lationamericanos como locales. En los 60 se puso en marcha el <strong>Sal\u00f3n de Arte Estival<\/strong>, convertido actualmente en <strong>Certamen Bienal d&#8217;Art de Pollen\u00e7a<\/strong>, cuyas obras han ido nutriendo el Museo hasta convertirlo en una de las colecciones m\u00e1s importantes de la isla. Entre sus obras destaca un mandala realizado por monjes budistas en el verano de 1990 cuando Pollen\u00e7a recibi\u00f3 la visita del Dalai Lama.<\/p>\n\n\n\n<h1 class=\"wp-block-heading\">Jardines de Joan March<\/h1>\n\n\n\n<p>Junto al conjunto arquitect\u00f3nico del Convento de Sant Domingo se encuentran los&nbsp;<strong>Jardines de Joan March<\/strong>, donde se pueden contemplar ejemplares de los \u00e1rboles y de los arbustos m\u00e1s representativos de la flora isle\u00f1a. Las edificaciones de este jard\u00edn son la&nbsp;<strong>Torre g\u00f3tica<\/strong>&nbsp;(siglo XV) y los restos de lo que fue la casa del&nbsp;<strong>marqu\u00e9s Desbrull<\/strong>. Este espacio p\u00fablico, hoy convertido en jard\u00edn, era el huerto de la casa se\u00f1orial del marqu\u00e9s Desbrull. En el centro de los jardines se encuentra una escultura del h\u00e9roe pollenc\u00ed&nbsp;<strong>Joan Mas<\/strong>.<\/p>\n\n\n\n<h1 class=\"wp-block-heading\">Plaza Velha y plaza de l\u00b4Almoina<\/h1>\n\n\n\n<p>La plaza Vella es el escenario de dos fiestas locales multitudinarias: la colocaci\u00f3n y&nbsp;<strong>ascenso al pino de Sant Antoni<\/strong>&nbsp;(17 de enero) y el&nbsp;<strong>baile de los&nbsp;<em>Cossiers<\/em><\/strong>&nbsp;(2 de agosto ). Si continuamos por la calle del Temple llegamos hasta la plaza de l&#8217;Almoina, peque\u00f1a plaza que constituye el centro hist\u00f3rico por excelencia. En medio de la plazoleta se encuentra la llamada f<strong>uente del Gallo<\/strong>. Esta fuente era el paro de las diligencias y tambi\u00e9n donde, por Sant Jaume, los palmeros hac\u00edan su baile. Hoy, L&#8217;Almoina es el escenario del evento festivo por excelencia: el simulacro de los&nbsp;<strong>Moros y Cristianos<\/strong>&nbsp;( 2 de agosto).<\/p>\n\n\n\n<h1 class=\"wp-block-heading\">Monti-Sion y el Calvario<\/h1>\n\n\n\n<p><strong>El templo de Monti-Sion<\/strong> es un edificio s\u00f3lido y suntuoso de estilo&nbsp;<strong>barroco<\/strong> que presenta una sola nave con capillas laterales. El&nbsp;<strong>Ayuntamiento de Pollen\u00e7a<\/strong>&nbsp;est\u00e1 integrado en este edificio y tiene la entrada principal a la placeta, mientras que la entrada a las oficinas municipales se hace por la escalonada del&nbsp;<strong>Calvario<\/strong>.<\/p>\n\n\n\n<figure class=\"wp-block-image size-full\"><img loading=\"lazy\" decoding=\"async\" width=\"1920\" height=\"1280\" src=\"https:\/\/www.canariasviaja.com\/viajaresvivir\/wp-content\/uploads\/2024\/07\/frank-eiffert-BLORYxo5FI4-unsplash.jpg\" alt=\"\" class=\"wp-image-11592\" srcset=\"https:\/\/www.canariasviaja.com\/viajaresvivir\/wp-content\/uploads\/2024\/07\/frank-eiffert-BLORYxo5FI4-unsplash.jpg 1920w, https:\/\/www.canariasviaja.com\/viajaresvivir\/wp-content\/uploads\/2024\/07\/frank-eiffert-BLORYxo5FI4-unsplash-300x200.jpg 300w, https:\/\/www.canariasviaja.com\/viajaresvivir\/wp-content\/uploads\/2024\/07\/frank-eiffert-BLORYxo5FI4-unsplash-768x512.jpg 768w, https:\/\/www.canariasviaja.com\/viajaresvivir\/wp-content\/uploads\/2024\/07\/frank-eiffert-BLORYxo5FI4-unsplash-1536x1024.jpg 1536w, https:\/\/www.canariasviaja.com\/viajaresvivir\/wp-content\/uploads\/2024\/07\/frank-eiffert-BLORYxo5FI4-unsplash-1200x800.jpg 1200w, https:\/\/www.canariasviaja.com\/viajaresvivir\/wp-content\/uploads\/2024\/07\/frank-eiffert-BLORYxo5FI4-unsplash-1620x1080.jpg 1620w\" sizes=\"(max-width: 1920px) 100vw, 1920px\" \/><figcaption class=\"wp-element-caption\">Escalonada del Calvario. Foto de <a href=\"https:\/\/unsplash.com\/es\/@feiffert?utm_content=creditCopyText&amp;utm_medium=referral&amp;utm_source=unsplash\">Frank Eiffert<\/a> en <a href=\"https:\/\/unsplash.com\/es\/fotos\/casas-marrones-cerca-de-arboles-verdes-BLORYxo5FI4?utm_content=creditCopyText&amp;utm_medium=referral&amp;utm_source=unsplash\">Unsplash<\/a>&nbsp;<\/figcaption><\/figure>\n\n\n\n<p><strong>El Calvario<\/strong> es una peque\u00f1a colina de 123 metros, antes llamada de los Templarios, a la que se puede acceder por una bell\u00edsima escalinata de 365 escalones flanqueada por cipreses desde la calle de Jes\u00fas, al lado del Ayuntamiento. La cima es el lugar ideal para contemplar la belleza del&nbsp;<strong>paisaje<\/strong>&nbsp;pollens\u00edn. El oratorio del Calvario, con fachada&nbsp;<strong>barroca<\/strong>, data de 1795, y es el espacio donde se venera la antigua imagen de&nbsp;<strong>Nuestra Se\u00f1ora del Pie de la Cruz<\/strong>. El Viernes Santo la plazoleta del Calvario se convierte en escenario del <strong>Descendimiento de la Cruz<\/strong>, y despu\u00e9s se inicia la procesi\u00f3n que desciende por la escalinata hasta llegar a la parroquia.<\/p>\n\n\n\n<p>Al pie del&nbsp;<strong>Calvario<\/strong>&nbsp;encontraremos calles muy pintorescas como: Gruat, San Juan, Le\u00f3n, Bonavista, Padronada, Salud, Estrella&#8230; Si continuamos por la calle del Lle\u00f3 y, seguidamente, por la calle del Pont Rom\u00e0 llegaremos al <strong>Pont Rom\u00e0<\/strong>, situado encima el torrente de Sant Jordi. Este puente, formado por dos arcos desiguales, conserva la arquitectura original.<\/p>\n\n\n\n<div style=\"height:100px\" aria-hidden=\"true\" class=\"wp-block-spacer\"><\/div>\n\n\n\n<h3 class=\"wp-block-heading\">Alc\u00fadia<\/h3>\n\n\n\n<figure class=\"wp-block-image size-full\"><img loading=\"lazy\" decoding=\"async\" width=\"1920\" height=\"1440\" src=\"https:\/\/www.canariasviaja.com\/viajaresvivir\/wp-content\/uploads\/2024\/07\/malte-miKOHs9A3jI-unsplash.jpg\" alt=\"\" class=\"wp-image-11595\" srcset=\"https:\/\/www.canariasviaja.com\/viajaresvivir\/wp-content\/uploads\/2024\/07\/malte-miKOHs9A3jI-unsplash.jpg 1920w, https:\/\/www.canariasviaja.com\/viajaresvivir\/wp-content\/uploads\/2024\/07\/malte-miKOHs9A3jI-unsplash-300x225.jpg 300w, https:\/\/www.canariasviaja.com\/viajaresvivir\/wp-content\/uploads\/2024\/07\/malte-miKOHs9A3jI-unsplash-768x576.jpg 768w, https:\/\/www.canariasviaja.com\/viajaresvivir\/wp-content\/uploads\/2024\/07\/malte-miKOHs9A3jI-unsplash-1536x1152.jpg 1536w, https:\/\/www.canariasviaja.com\/viajaresvivir\/wp-content\/uploads\/2024\/07\/malte-miKOHs9A3jI-unsplash-1200x900.jpg 1200w, https:\/\/www.canariasviaja.com\/viajaresvivir\/wp-content\/uploads\/2024\/07\/malte-miKOHs9A3jI-unsplash-800x600.jpg 800w, https:\/\/www.canariasviaja.com\/viajaresvivir\/wp-content\/uploads\/2024\/07\/malte-miKOHs9A3jI-unsplash-1440x1080.jpg 1440w\" sizes=\"(max-width: 1920px) 100vw, 1920px\" \/><figcaption class=\"wp-element-caption\">Foto de <a href=\"https:\/\/unsplash.com\/es\/@maltephotos?utm_content=creditCopyText&amp;utm_medium=referral&amp;utm_source=unsplash\">malte<\/a> en <a href=\"https:\/\/unsplash.com\/es\/fotos\/banderines-colgando-entre-casas-de-hormigon-miKOHs9A3jI?utm_content=creditCopyText&amp;utm_medium=referral&amp;utm_source=unsplash\">Unsplash<\/a><\/figcaption><\/figure>\n\n\n\n<p>El t\u00e9rmino municipal de&nbsp;<a href=\"https:\/\/alcudiamallorca.com\/\" target=\"_blank\" rel=\"noreferrer noopener\">Alc\u00fadia<\/a>&nbsp;est\u00e1 situado en el noreste de Mallorca formando una pen\u00ednsula de 60,51 km2&nbsp;<strong>entre dos bah\u00edas<\/strong>, con muchos kil\u00f3metros de costa. Esta costa en unos lugares est\u00e1 formada por playa arenosa y en otras se convierte en costa arisca e incluso con grandes acantilados.&nbsp;<\/p>\n\n\n\n<p>Alc\u00fadia fue&nbsp;<strong>fundada&nbsp;<\/strong>como villa por el rey Jaume II en&nbsp;<strong>1325<\/strong> y en&nbsp;<strong>1523&nbsp;<\/strong>el emperador Carlos V, le concedi\u00f3 el&nbsp;<strong>t\u00edtulo&nbsp;<\/strong>de&nbsp;<strong>Ciudad Fidel\u00edsima<\/strong>.&nbsp;<\/p>\n\n\n\n<p>En Alc\u00fadia la historia est\u00e1 viva. Un paseo por su <strong>casco hist\u00f3rico<\/strong> nos llevar\u00e1 a descubrir los restos arqueol\u00f3gicos de  la&nbsp;<a href=\"https:\/\/www.alcudia.net\/Pollentia\/es\" target=\"_blank\" rel=\"noreferrer noopener\">ciudad romana de Pollentia<\/a> y  los dos recintos de murallas, uno medieval y el otro renacentista, por ello ha sido catalogada <strong>Conjunto Hist\u00f3rico Art\u00edstico.<\/strong><\/p>\n\n\n\n<h1 class=\"wp-block-heading\">La villa romana de Pollentia<\/h1>\n\n\n\n<p>Pollentia fue fundada despu\u00e9s de la conquista de la isla, que llev\u00f3 a cabo el c\u00f3nsul Quinto Cecilio Metelo en el a\u00f1o 123 a.c., y supone el inicio de la vida urbana en Mallorca.<\/p>\n\n\n\n<p>El gran desarrollo urban\u00edstico que experiment\u00f3 entre los siglos I a.c. y III d.c, la convirti\u00f3 en la ciudad m\u00e1s importante de la \u00e9poca romana en las Baleares, con una extensi\u00f3n de entre 18 y 21 hect\u00e1reas.<\/p>\n\n\n\n<p>El trazado reticular, orientado norte a su, organiz\u00f3 el tejido urbano que cont\u00f3 con una red de abastecimiento de agua y alcantarillado.<\/p>\n\n\n\n<p>Actualmente se pueden visitar los restos arqueol\u00f3gicos del barrio residencial Portella, el Foro y el Teatro.<\/p>\n\n\n\n<p>La Portella, es una \u00e1rea residencial, que contiene restos de tres domus (Las casa dels Dos Tresors, la casa del Cap de Bronze y la casa Noroeste), y del trazado viario que las une.<\/p>\n\n\n\n<p>El Foro era la plaza principal. Entre los elementos que se han descubierto est\u00e1n el templo Toscano, dos templetes, un amplio conjunto de tabernae (\u00e1rea comercial), y diversos elementos de tipo ornamental.<\/p>\n\n\n\n<p>El Teatro, estaba situado en las afueras de la ciudad y data del siglo I d.c. Se ha excavado su estructura formada por la c\u00e1vea, donde se situaba el p\u00fablico la orquestra, y la escena, que ocupaban los actores.<\/p>\n\n\n\n<p>La visita de Pollentia termina en su museo, situado en un edificio hist\u00f3rico del siglo XVI, aqu\u00ed podremos encontrar los objetos encontrados en las excavaciones arqueol\u00f3gicas.<\/p>\n\n\n\n<p><br><\/p>\n\n\n\n<h3 class=\"wp-block-heading\">Dei\u00e0<\/h3>\n\n\n\n<figure class=\"wp-block-image size-full\"><img loading=\"lazy\" decoding=\"async\" width=\"1920\" height=\"1280\" src=\"https:\/\/www.canariasviaja.com\/viajaresvivir\/wp-content\/uploads\/2024\/07\/lisette-harzing-7okV_zD_nxA-unsplash.jpg\" alt=\"\" class=\"wp-image-11601\" srcset=\"https:\/\/www.canariasviaja.com\/viajaresvivir\/wp-content\/uploads\/2024\/07\/lisette-harzing-7okV_zD_nxA-unsplash.jpg 1920w, https:\/\/www.canariasviaja.com\/viajaresvivir\/wp-content\/uploads\/2024\/07\/lisette-harzing-7okV_zD_nxA-unsplash-300x200.jpg 300w, https:\/\/www.canariasviaja.com\/viajaresvivir\/wp-content\/uploads\/2024\/07\/lisette-harzing-7okV_zD_nxA-unsplash-768x512.jpg 768w, https:\/\/www.canariasviaja.com\/viajaresvivir\/wp-content\/uploads\/2024\/07\/lisette-harzing-7okV_zD_nxA-unsplash-1536x1024.jpg 1536w, https:\/\/www.canariasviaja.com\/viajaresvivir\/wp-content\/uploads\/2024\/07\/lisette-harzing-7okV_zD_nxA-unsplash-1200x800.jpg 1200w, https:\/\/www.canariasviaja.com\/viajaresvivir\/wp-content\/uploads\/2024\/07\/lisette-harzing-7okV_zD_nxA-unsplash-1620x1080.jpg 1620w\" sizes=\"(max-width: 1920px) 100vw, 1920px\" \/><\/figure>\n\n\n\n<p>En plena monta\u00f1a se encuentra este pintoresco pueblo con alma bohemia en donde innumerables <strong>artistas han encontrado la inspiraci\u00f3n<\/strong>. Entre ellos se encuentran el archiduque Luis Salvador de Austria, el escritor Robert Graves, el compositor Manuel de Falla, los pintores Leman, Junyer y Russinyol o los poetas Robert Grabas y Laura Riding, entre otros.&nbsp;<\/p>\n\n\n\n<p>El encanto de sus construcciones tradicionales de piedra, su privilegiado enclave y la belleza del paisaje que lo rodea hacen de Deia un codiciado lugar de descanso.<\/p>\n\n\n\n<h1 class=\"wp-block-heading\">De camino a Dei\u00e0<\/h1>\n\n\n\n<p>Para llegar a Dei\u00e1 tomaremos una preciosa pero sinuosa carretera con el mar con tel\u00f3n de fondo. Hermosas vistas a cada recodo que nos har\u00e1n detenernos para contemplarlas. <\/p>\n\n\n\n<p>Por el camino encontraremos interesantes paradas uqe nos har\u00e1n detenernos: el antiguo <a href=\"https:\/\/www.mallorca.es\/es\/-\/monestir-de-miramar-2?classNameId=27801&amp;classPK=130140\" target=\"_blank\" rel=\"noreferrer noopener nofollow\">Monasterio de Miramar <\/a>y<a href=\"https:\/\/sonmarroig.com\/\" target=\"_blank\" rel=\"noreferrer noopener nofollow\"> Son Marroig<\/a>, la finca que perteneci\u00f3 al archiduque Luis Salvador de Austria, enamorado de la isla. Desde el <strong>mirador sobre Sa Forada<\/strong> contemplaremos la impresionante roca con su agujero de 18 m de di\u00e1metro.<\/p>\n\n\n\n<h1 class=\"wp-block-heading\">El pueblo de Dei\u00e1<\/h1>\n\n\n\n<figure class=\"wp-block-gallery has-nested-images columns-default is-cropped wp-block-gallery-1 is-layout-flex wp-block-gallery-is-layout-flex\">\n<figure class=\"wp-block-image size-full\"><img loading=\"lazy\" decoding=\"async\" width=\"640\" height=\"960\" data-id=\"11600\" src=\"https:\/\/www.canariasviaja.com\/viajaresvivir\/wp-content\/uploads\/2024\/07\/adam-kolmacka-sTibkSoUZzM-unsplash.jpg\" alt=\"\" class=\"wp-image-11600\" srcset=\"https:\/\/www.canariasviaja.com\/viajaresvivir\/wp-content\/uploads\/2024\/07\/adam-kolmacka-sTibkSoUZzM-unsplash.jpg 640w, https:\/\/www.canariasviaja.com\/viajaresvivir\/wp-content\/uploads\/2024\/07\/adam-kolmacka-sTibkSoUZzM-unsplash-200x300.jpg 200w\" sizes=\"(max-width: 640px) 100vw, 640px\" \/><figcaption class=\"wp-element-caption\"><br><br>Foto de <a href=\"https:\/\/unsplash.com\/es\/@adamkolmacka?utm_content=creditCopyText&amp;utm_medium=referral&amp;utm_source=unsplash\">Adam Kolmacka<\/a> en <a href=\"https:\/\/unsplash.com\/es\/fotos\/un-edificio-con-muchas-ventanas-y-arboles-sTibkSoUZzM?utm_content=creditCopyText&amp;utm_medium=referral&amp;utm_source=unsplash\">Unsplash<\/a><\/figcaption><\/figure>\n\n\n\n<figure class=\"wp-block-image size-large\"><img loading=\"lazy\" decoding=\"async\" width=\"640\" height=\"960\" data-id=\"11597\" src=\"https:\/\/www.canariasviaja.com\/viajaresvivir\/wp-content\/uploads\/2024\/07\/leandra-rieger-3Z771Lvnius-unsplash.jpg\" alt=\"\" class=\"wp-image-11597\" srcset=\"https:\/\/www.canariasviaja.com\/viajaresvivir\/wp-content\/uploads\/2024\/07\/leandra-rieger-3Z771Lvnius-unsplash.jpg 640w, https:\/\/www.canariasviaja.com\/viajaresvivir\/wp-content\/uploads\/2024\/07\/leandra-rieger-3Z771Lvnius-unsplash-200x300.jpg 200w\" sizes=\"(max-width: 640px) 100vw, 640px\" \/><figcaption class=\"wp-element-caption\"><br><br>Foto de <a href=\"https:\/\/unsplash.com\/es\/@leandrarieger?utm_content=creditCopyText&amp;utm_medium=referral&amp;utm_source=unsplash\">Leandra Rieger<\/a> en <a href=\"https:\/\/unsplash.com\/es\/fotos\/un-pueblo-con-arboles-y-montanas-al-fondo-3Z771Lvnius?utm_content=creditCopyText&amp;utm_medium=referral&amp;utm_source=unsplash\">Unsplash<\/a>&nbsp;<\/figcaption><\/figure>\n<\/figure>\n\n\n\n<p>Adem\u00e1s de sus bellas callecitas empedradas y de la belleza del paisaje que le rodea, Dei\u00e1 ofrece otros atractivos al visitante. Podemos visitar la&nbsp;<strong><a href=\"https:\/\/www.lacasaderobertgraves.org\/\" target=\"_blank\" rel=\"noreferrer noopener\">Casa de Robert Graves<\/a>,<\/strong> residencia del escritor ingl\u00e9s, autor de la novela Yo, Claudio, entre otras; la iglesia y el cementerio, en lo alto de la colina, con bonitas vistas panor\u00e1micas accesibles por empinadas calles; el&nbsp;<strong><a href=\"https:\/\/www.illesbalears.travel\/es\/mallorca\/museo-museu-arqueologic-i-centre-dinvestigacio-de-deia\" target=\"_blank\" rel=\"noreferrer noopener\">Museo Arqueol\u00f3gico<\/a>,<\/strong> fundado en 1962 por el arque\u00f3logo norteamericano William Waldren y el Museo Parroquial.&nbsp;<\/p>\n\n\n\n<h1 class=\"wp-block-heading\">Qu\u00e9 hacer en Dei\u00e1<\/h1>\n\n\n<div class=\"wp-block-image\">\n<figure class=\"aligncenter size-full is-resized\"><img decoding=\"async\" src=\"https:\/\/www.canariasviaja.com\/viajaresvivir\/wp-content\/uploads\/2024\/07\/redcharlie-4AkwLlD5Q08-unsplash.jpg\" alt=\"\" class=\"wp-image-11599\" width=\"400\" srcset=\"https:\/\/www.canariasviaja.com\/viajaresvivir\/wp-content\/uploads\/2024\/07\/redcharlie-4AkwLlD5Q08-unsplash.jpg 640w, https:\/\/www.canariasviaja.com\/viajaresvivir\/wp-content\/uploads\/2024\/07\/redcharlie-4AkwLlD5Q08-unsplash-185x300.jpg 185w\" sizes=\"(max-width: 640px) 100vw, 640px\" \/><\/figure><\/div>\n\n\n<p>Desde Dei\u00e1 podemos realizar numerosa <strong>rutas de senderismo<\/strong>, como el itinerario a la<strong> cala de Dei\u00e0,<\/strong> una peque\u00f1a cala rocosa de aguas cristalinas; a la aldea de <strong>Llucalcari<\/strong>, o la excursi\u00f3n a la pen\u00ednsula de sa Foradada. La ruta&nbsp;<a href=\"https:\/\/caminsdepedra.conselldemallorca.cat\/es\/ruta-piedra-seca-gr-221\" target=\"_blank\" rel=\"noreferrer noopener\">GR-221<\/a>&nbsp;pasa tambi\u00e9n por este paraje y el refugio de Can Boi puede ser una buena opci\u00f3n para aquellos que atraviesan la serra de Tramuntana.&nbsp;<\/p>\n\n\n\n<div style=\"height:100px\" aria-hidden=\"true\" class=\"wp-block-spacer\"><\/div>\n\n\n\n<p>La lista de pueblos bonitos de Mallorca es interminable. Te invitamos a seguir explor\u00e1ndolos y sorprendi\u00e9ndote con su belleza interior.<\/p>\n\n\n\n<div class=\"wp-block-buttons is-layout-flex wp-block-buttons-is-layout-flex\">\n<div class=\"wp-block-button aligncenter\"><a class=\"wp-block-button__link wp-element-button\" href=\"https:\/\/bit.ly\/4d5lmVv\">Descubre el interior de Mallorca<\/a><\/div>\n<\/div>\n\n\n\n<p><\/p>\n\n\n\n<p><strong><a href=\"https:\/\/www.mallorca.es\/es\/web\/portal-turismo\/-\/escorca\"><\/a><a href=\"https:\/\/www.mallorca.es\/es\/web\/portal-turismo\/-\/andratx\"><\/a><a href=\"https:\/\/www.mallorca.es\/es\/web\/portal-turismo\/-\/andratx\"><\/a><a href=\"https:\/\/www.mallorca.es\/es\/web\/portal-turismo\/-\/calvia\"><\/a><a href=\"https:\/\/www.mallorca.es\/es\/web\/portal-turismo\/-\/estellencs\"><\/a><a href=\"https:\/\/www.mallorca.es\/es\/web\/portal-turismo\/-\/puigpunyent\"><\/a><a href=\"https:\/\/www.mallorca.es\/es\/web\/portal-turismo\/-\/bunyola\"><\/a><a href=\"https:\/\/www.mallorca.es\/es\/web\/portal-turismo\/-\/valldemossa\"><\/a><a href=\"https:\/\/www.mallorca.es\/es\/web\/portal-turismo\/-\/esporles\"><\/a><a href=\"https:\/\/www.mallorca.es\/es\/web\/portal-turismo\/-\/banyalbufar\"><\/a><a href=\"https:\/\/www.mallorca.es\/es\/web\/portal-turismo\/-\/deia\"><\/a><a href=\"https:\/\/www.mallorca.es\/es\/web\/portal-turismo\/-\/soller\"><\/a><a href=\"https:\/\/www.mallorca.es\/es\/web\/portal-turismo\/-\/fornalutx\"><\/a><a href=\"https:\/\/www.mallorca.es\/es\/web\/portal-turismo\/-\/pollenca\"><\/a><\/strong><\/p>\n\n\n\n<ul class=\"wp-block-list\"><\/ul>\n","protected":false},"excerpt":{"rendered":"<p>La isla de Mallorca nos seduce no solo en sus calas de aguas cristalinas y arenas blancas. En su interior se esconde la esencia de la isla, sus pueblos. Te invitamos a descubrir sus calles empedradas y adentrarte en su historia, su naturaleza y sus tradiciones a trav\u00e9s de un paseo por algunos de sus pueblos. Pueblos de Mallorca La &hellip;<\/p>\n","protected":false},"author":2,"featured_media":11595,"comment_status":"open","ping_status":"closed","sticky":false,"template":"","format":"standard","meta":{"_acf_changed":false,"sfsi_plus_gutenberg_text_before_share":"","sfsi_plus_gutenberg_show_text_before_share":"","sfsi_plus_gutenberg_icon_type":"","sfsi_plus_gutenberg_icon_alignemt":"","sfsi_plus_gutenburg_max_per_row":"","footnotes":""},"categories":[124,8,123,10,103,100],"tags":[1021,1020,184,577,1019,1022,1023],"class_list":["post-11579","post","type-post","status-publish","format-standard","has-post-thumbnail","hentry","category-descubre","category-diariodeviaje","category-explora","category-historias-viajeras","category-palma-de-mallorca","category-peninsulaybaleares","tag-alcudia","tag-deia","tag-pollenca","tag-pueblos","tag-serra-tramontana","tag-soller-2","tag-valdemossa"],"acf":[],"yoast_head":"<!-- This site is optimized with the Yoast SEO plugin v24.1 - https:\/\/yoast.com\/wordpress\/plugins\/seo\/ -->\n<title>Pueblos de Mallorca, belleza interior - Viajar es vivir<\/title>\n<meta name=\"robots\" content=\"index, follow, max-snippet:-1, max-image-preview:large, max-video-preview:-1\" \/>\n<link rel=\"canonical\" href=\"https:\/\/www.canariasviaja.com\/viajaresvivir\/pueblos-de-mallorca-belleza-interior\/\" \/>\n<meta property=\"og:locale\" content=\"es_ES\" \/>\n<meta property=\"og:type\" content=\"article\" \/>\n<meta property=\"og:title\" content=\"Pueblos de Mallorca, belleza interior - Viajar es vivir\" \/>\n<meta property=\"og:description\" content=\"La isla de Mallorca nos seduce no solo en sus calas de aguas cristalinas y arenas blancas. En su interior se esconde la esencia de la isla, sus pueblos. Te invitamos a descubrir sus calles empedradas y adentrarte en su historia, su naturaleza y sus tradiciones a trav\u00e9s de un paseo por algunos de sus pueblos. Pueblos de Mallorca La &hellip;\" \/>\n<meta property=\"og:url\" content=\"https:\/\/www.canariasviaja.com\/viajaresvivir\/pueblos-de-mallorca-belleza-interior\/\" \/>\n<meta property=\"og:site_name\" content=\"Viajar es vivir\" \/>\n<meta property=\"article:published_time\" content=\"2024-07-19T12:36:37+00:00\" \/>\n<meta property=\"article:modified_time\" content=\"2024-07-19T12:48:23+00:00\" \/>\n<meta property=\"og:image\" content=\"http:\/\/www.canariasviaja.com\/viajaresvivir\/wp-content\/uploads\/2024\/07\/malte-miKOHs9A3jI-unsplash.jpg\" \/>\n\t<meta property=\"og:image:width\" content=\"1920\" \/>\n\t<meta property=\"og:image:height\" content=\"1440\" \/>\n\t<meta property=\"og:image:type\" content=\"image\/jpeg\" \/>\n<meta name=\"author\" content=\"Patri C\u00e1mpora\" \/>\n<meta name=\"twitter:card\" content=\"summary_large_image\" \/>\n<meta name=\"twitter:label1\" content=\"Escrito por\" \/>\n\t<meta name=\"twitter:data1\" content=\"Patri C\u00e1mpora\" \/>\n\t<meta name=\"twitter:label2\" content=\"Tiempo de lectura\" \/>\n\t<meta name=\"twitter:data2\" content=\"16 minutos\" \/>\n<script type=\"application\/ld+json\" class=\"yoast-schema-graph\">{\"@context\":\"https:\/\/schema.org\",\"@graph\":[{\"@type\":\"WebPage\",\"@id\":\"https:\/\/www.canariasviaja.com\/viajaresvivir\/pueblos-de-mallorca-belleza-interior\/\",\"url\":\"https:\/\/www.canariasviaja.com\/viajaresvivir\/pueblos-de-mallorca-belleza-interior\/\",\"name\":\"Pueblos de Mallorca, belleza interior - Viajar es vivir\",\"isPartOf\":{\"@id\":\"https:\/\/www.canariasviaja.com\/viajaresvivir\/#website\"},\"primaryImageOfPage\":{\"@id\":\"https:\/\/www.canariasviaja.com\/viajaresvivir\/pueblos-de-mallorca-belleza-interior\/#primaryimage\"},\"image\":{\"@id\":\"https:\/\/www.canariasviaja.com\/viajaresvivir\/pueblos-de-mallorca-belleza-interior\/#primaryimage\"},\"thumbnailUrl\":\"https:\/\/www.canariasviaja.com\/viajaresvivir\/wp-content\/uploads\/2024\/07\/malte-miKOHs9A3jI-unsplash.jpg\",\"datePublished\":\"2024-07-19T12:36:37+00:00\",\"dateModified\":\"2024-07-19T12:48:23+00:00\",\"author\":{\"@id\":\"https:\/\/www.canariasviaja.com\/viajaresvivir\/#\/schema\/person\/085949651001325f1244a8bc1b34709c\"},\"breadcrumb\":{\"@id\":\"https:\/\/www.canariasviaja.com\/viajaresvivir\/pueblos-de-mallorca-belleza-interior\/#breadcrumb\"},\"inLanguage\":\"es\",\"potentialAction\":[{\"@type\":\"ReadAction\",\"target\":[\"https:\/\/www.canariasviaja.com\/viajaresvivir\/pueblos-de-mallorca-belleza-interior\/\"]}]},{\"@type\":\"ImageObject\",\"inLanguage\":\"es\",\"@id\":\"https:\/\/www.canariasviaja.com\/viajaresvivir\/pueblos-de-mallorca-belleza-interior\/#primaryimage\",\"url\":\"https:\/\/www.canariasviaja.com\/viajaresvivir\/wp-content\/uploads\/2024\/07\/malte-miKOHs9A3jI-unsplash.jpg\",\"contentUrl\":\"https:\/\/www.canariasviaja.com\/viajaresvivir\/wp-content\/uploads\/2024\/07\/malte-miKOHs9A3jI-unsplash.jpg\",\"width\":1920,\"height\":1440},{\"@type\":\"BreadcrumbList\",\"@id\":\"https:\/\/www.canariasviaja.com\/viajaresvivir\/pueblos-de-mallorca-belleza-interior\/#breadcrumb\",\"itemListElement\":[{\"@type\":\"ListItem\",\"position\":1,\"name\":\"Portada\",\"item\":\"https:\/\/www.canariasviaja.com\/viajaresvivir\/\"},{\"@type\":\"ListItem\",\"position\":2,\"name\":\"Pueblos de Mallorca, belleza interior\"}]},{\"@type\":\"WebSite\",\"@id\":\"https:\/\/www.canariasviaja.com\/viajaresvivir\/#website\",\"url\":\"https:\/\/www.canariasviaja.com\/viajaresvivir\/\",\"name\":\"Viajar es vivir\",\"description\":\"El blog de viajes y estilo de vida de CanariasViaja\",\"potentialAction\":[{\"@type\":\"SearchAction\",\"target\":{\"@type\":\"EntryPoint\",\"urlTemplate\":\"https:\/\/www.canariasviaja.com\/viajaresvivir\/?s={search_term_string}\"},\"query-input\":{\"@type\":\"PropertyValueSpecification\",\"valueRequired\":true,\"valueName\":\"search_term_string\"}}],\"inLanguage\":\"es\"},{\"@type\":\"Person\",\"@id\":\"https:\/\/www.canariasviaja.com\/viajaresvivir\/#\/schema\/person\/085949651001325f1244a8bc1b34709c\",\"name\":\"Patri C\u00e1mpora\",\"image\":{\"@type\":\"ImageObject\",\"inLanguage\":\"es\",\"@id\":\"https:\/\/www.canariasviaja.com\/viajaresvivir\/#\/schema\/person\/image\/\",\"url\":\"https:\/\/secure.gravatar.com\/avatar\/b2ce2c4086a5776e5310f57c1a2e5b4e?s=96&d=mm&r=g\",\"contentUrl\":\"https:\/\/secure.gravatar.com\/avatar\/b2ce2c4086a5776e5310f57c1a2e5b4e?s=96&d=mm&r=g\",\"caption\":\"Patri C\u00e1mpora\"},\"url\":\"https:\/\/www.canariasviaja.com\/viajaresvivir\/author\/patri\/\"}]}<\/script>\n<!-- \/ Yoast SEO plugin. -->","yoast_head_json":{"title":"Pueblos de Mallorca, belleza interior - Viajar es vivir","robots":{"index":"index","follow":"follow","max-snippet":"max-snippet:-1","max-image-preview":"max-image-preview:large","max-video-preview":"max-video-preview:-1"},"canonical":"https:\/\/www.canariasviaja.com\/viajaresvivir\/pueblos-de-mallorca-belleza-interior\/","og_locale":"es_ES","og_type":"article","og_title":"Pueblos de Mallorca, belleza interior - Viajar es vivir","og_description":"La isla de Mallorca nos seduce no solo en sus calas de aguas cristalinas y arenas blancas. En su interior se esconde la esencia de la isla, sus pueblos. Te invitamos a descubrir sus calles empedradas y adentrarte en su historia, su naturaleza y sus tradiciones a trav\u00e9s de un paseo por algunos de sus pueblos. Pueblos de Mallorca La &hellip;","og_url":"https:\/\/www.canariasviaja.com\/viajaresvivir\/pueblos-de-mallorca-belleza-interior\/","og_site_name":"Viajar es vivir","article_published_time":"2024-07-19T12:36:37+00:00","article_modified_time":"2024-07-19T12:48:23+00:00","og_image":[{"width":1920,"height":1440,"url":"http:\/\/www.canariasviaja.com\/viajaresvivir\/wp-content\/uploads\/2024\/07\/malte-miKOHs9A3jI-unsplash.jpg","type":"image\/jpeg"}],"author":"Patri C\u00e1mpora","twitter_card":"summary_large_image","twitter_misc":{"Escrito por":"Patri C\u00e1mpora","Tiempo de lectura":"16 minutos"},"schema":{"@context":"https:\/\/schema.org","@graph":[{"@type":"WebPage","@id":"https:\/\/www.canariasviaja.com\/viajaresvivir\/pueblos-de-mallorca-belleza-interior\/","url":"https:\/\/www.canariasviaja.com\/viajaresvivir\/pueblos-de-mallorca-belleza-interior\/","name":"Pueblos de Mallorca, belleza interior - Viajar es vivir","isPartOf":{"@id":"https:\/\/www.canariasviaja.com\/viajaresvivir\/#website"},"primaryImageOfPage":{"@id":"https:\/\/www.canariasviaja.com\/viajaresvivir\/pueblos-de-mallorca-belleza-interior\/#primaryimage"},"image":{"@id":"https:\/\/www.canariasviaja.com\/viajaresvivir\/pueblos-de-mallorca-belleza-interior\/#primaryimage"},"thumbnailUrl":"https:\/\/www.canariasviaja.com\/viajaresvivir\/wp-content\/uploads\/2024\/07\/malte-miKOHs9A3jI-unsplash.jpg","datePublished":"2024-07-19T12:36:37+00:00","dateModified":"2024-07-19T12:48:23+00:00","author":{"@id":"https:\/\/www.canariasviaja.com\/viajaresvivir\/#\/schema\/person\/085949651001325f1244a8bc1b34709c"},"breadcrumb":{"@id":"https:\/\/www.canariasviaja.com\/viajaresvivir\/pueblos-de-mallorca-belleza-interior\/#breadcrumb"},"inLanguage":"es","potentialAction":[{"@type":"ReadAction","target":["https:\/\/www.canariasviaja.com\/viajaresvivir\/pueblos-de-mallorca-belleza-interior\/"]}]},{"@type":"ImageObject","inLanguage":"es","@id":"https:\/\/www.canariasviaja.com\/viajaresvivir\/pueblos-de-mallorca-belleza-interior\/#primaryimage","url":"https:\/\/www.canariasviaja.com\/viajaresvivir\/wp-content\/uploads\/2024\/07\/malte-miKOHs9A3jI-unsplash.jpg","contentUrl":"https:\/\/www.canariasviaja.com\/viajaresvivir\/wp-content\/uploads\/2024\/07\/malte-miKOHs9A3jI-unsplash.jpg","width":1920,"height":1440},{"@type":"BreadcrumbList","@id":"https:\/\/www.canariasviaja.com\/viajaresvivir\/pueblos-de-mallorca-belleza-interior\/#breadcrumb","itemListElement":[{"@type":"ListItem","position":1,"name":"Portada","item":"https:\/\/www.canariasviaja.com\/viajaresvivir\/"},{"@type":"ListItem","position":2,"name":"Pueblos de Mallorca, belleza interior"}]},{"@type":"WebSite","@id":"https:\/\/www.canariasviaja.com\/viajaresvivir\/#website","url":"https:\/\/www.canariasviaja.com\/viajaresvivir\/","name":"Viajar es vivir","description":"El blog de viajes y estilo de vida de CanariasViaja","potentialAction":[{"@type":"SearchAction","target":{"@type":"EntryPoint","urlTemplate":"https:\/\/www.canariasviaja.com\/viajaresvivir\/?s={search_term_string}"},"query-input":{"@type":"PropertyValueSpecification","valueRequired":true,"valueName":"search_term_string"}}],"inLanguage":"es"},{"@type":"Person","@id":"https:\/\/www.canariasviaja.com\/viajaresvivir\/#\/schema\/person\/085949651001325f1244a8bc1b34709c","name":"Patri C\u00e1mpora","image":{"@type":"ImageObject","inLanguage":"es","@id":"https:\/\/www.canariasviaja.com\/viajaresvivir\/#\/schema\/person\/image\/","url":"https:\/\/secure.gravatar.com\/avatar\/b2ce2c4086a5776e5310f57c1a2e5b4e?s=96&d=mm&r=g","contentUrl":"https:\/\/secure.gravatar.com\/avatar\/b2ce2c4086a5776e5310f57c1a2e5b4e?s=96&d=mm&r=g","caption":"Patri C\u00e1mpora"},"url":"https:\/\/www.canariasviaja.com\/viajaresvivir\/author\/patri\/"}]}},"_links":{"self":[{"href":"https:\/\/www.canariasviaja.com\/viajaresvivir\/wp-json\/wp\/v2\/posts\/11579"}],"collection":[{"href":"https:\/\/www.canariasviaja.com\/viajaresvivir\/wp-json\/wp\/v2\/posts"}],"about":[{"href":"https:\/\/www.canariasviaja.com\/viajaresvivir\/wp-json\/wp\/v2\/types\/post"}],"author":[{"embeddable":true,"href":"https:\/\/www.canariasviaja.com\/viajaresvivir\/wp-json\/wp\/v2\/users\/2"}],"replies":[{"embeddable":true,"href":"https:\/\/www.canariasviaja.com\/viajaresvivir\/wp-json\/wp\/v2\/comments?post=11579"}],"version-history":[{"count":6,"href":"https:\/\/www.canariasviaja.com\/viajaresvivir\/wp-json\/wp\/v2\/posts\/11579\/revisions"}],"predecessor-version":[{"id":11604,"href":"https:\/\/www.canariasviaja.com\/viajaresvivir\/wp-json\/wp\/v2\/posts\/11579\/revisions\/11604"}],"wp:featuredmedia":[{"embeddable":true,"href":"https:\/\/www.canariasviaja.com\/viajaresvivir\/wp-json\/wp\/v2\/media\/11595"}],"wp:attachment":[{"href":"https:\/\/www.canariasviaja.com\/viajaresvivir\/wp-json\/wp\/v2\/media?parent=11579"}],"wp:term":[{"taxonomy":"category","embeddable":true,"href":"https:\/\/www.canariasviaja.com\/viajaresvivir\/wp-json\/wp\/v2\/categories?post=11579"},{"taxonomy":"post_tag","embeddable":true,"href":"https:\/\/www.canariasviaja.com\/viajaresvivir\/wp-json\/wp\/v2\/tags?post=11579"}],"curies":[{"name":"wp","href":"https:\/\/api.w.org\/{rel}","templated":true}]}}