{"id":11778,"date":"2026-01-28T16:31:37","date_gmt":"2026-01-28T16:31:37","guid":{"rendered":"https:\/\/www.canariasviaja.com\/viajaresvivir\/?p=11778"},"modified":"2026-02-13T10:22:25","modified_gmt":"2026-02-13T10:22:25","slug":"https-www-canariasviaja-com-festivales-y-conciertos-en-canarias-2026","status":"publish","type":"post","link":"https:\/\/www.canariasviaja.com\/viajaresvivir\/https-www-canariasviaja-com-festivales-y-conciertos-en-canarias-2026\/","title":{"rendered":"Festivales y conciertos en Canarias 2026"},"content":{"rendered":"\n<h2 class=\"wp-block-heading\">Vive 2026 al ritmo de la mejor m\u00fasica sin salir de Canarias \ud83c\udfb6<\/h2>\n\n\n\n<p>Canarias se consolida en 2026 como uno de los grandes escenarios musicales del a\u00f1o, con festivales y conciertos que recorren las islas desde el invierno hasta pleno verano. Estas son las <strong>citas clave ordenadas por fechas<\/strong>.<\/p>\n\n\n\n<figure class=\"wp-block-image size-large\"><img loading=\"lazy\" decoding=\"async\" width=\"2000\" height=\"1000\" src=\"https:\/\/www.canariasviaja.com\/viajaresvivir\/wp-content\/uploads\/2026\/01\/woman-enjoying-neonlit-dance-party-2000x1000.jpg\" alt=\"\" class=\"wp-image-11818\" srcset=\"https:\/\/www.canariasviaja.com\/viajaresvivir\/wp-content\/uploads\/2026\/01\/woman-enjoying-neonlit-dance-party-2000x1000.jpg 2000w, https:\/\/www.canariasviaja.com\/viajaresvivir\/wp-content\/uploads\/2026\/01\/woman-enjoying-neonlit-dance-party-300x150.jpg 300w, https:\/\/www.canariasviaja.com\/viajaresvivir\/wp-content\/uploads\/2026\/01\/woman-enjoying-neonlit-dance-party-768x384.jpg 768w, https:\/\/www.canariasviaja.com\/viajaresvivir\/wp-content\/uploads\/2026\/01\/woman-enjoying-neonlit-dance-party-1536x768.jpg 1536w, https:\/\/www.canariasviaja.com\/viajaresvivir\/wp-content\/uploads\/2026\/01\/woman-enjoying-neonlit-dance-party-2048x1024.jpg 2048w, https:\/\/www.canariasviaja.com\/viajaresvivir\/wp-content\/uploads\/2026\/01\/woman-enjoying-neonlit-dance-party-1200x600.jpg 1200w, https:\/\/www.canariasviaja.com\/viajaresvivir\/wp-content\/uploads\/2026\/01\/woman-enjoying-neonlit-dance-party-1920x960.jpg 1920w\" sizes=\"(max-width: 2000px) 100vw, 2000px\" \/><\/figure>\n\n\n\n<hr class=\"wp-block-separator has-alpha-channel-opacity\"\/>\n\n\n\n<h3 class=\"wp-block-heading\">\ud83c\udfbb Enero \u2013 Febrero 2026<\/h3>\n\n\n\n<h3 class=\"wp-block-heading\">Festival Internacional de M\u00fasica de Canarias (FIMC)<\/h3>\n\n\n\n<p><strong>\ud83d\udcc5 Del 8 de enero al 7 de febrero<\/strong><\/p>\n\n\n\n<p>La 42\u00aa edici\u00f3n del FIMC llevar\u00e1 <strong>m\u00e1s de 60 conciertos<\/strong> a auditorios y teatros de todas las islas, con <strong>orquestas y solistas de prestigio internacional<\/strong>.<br>Una cita imprescindible para los amantes de la <strong>m\u00fasica cl\u00e1sica<\/strong> y uno de los eventos culturales m\u00e1s importantes del Archipi\u00e9lago.<\/p>\n\n\n\n<hr class=\"wp-block-separator has-alpha-channel-opacity\"\/>\n\n\n\n<h3 class=\"wp-block-heading\">\ud83c\udfa4 Junio 2026<\/h3>\n\n\n\n<h3 class=\"wp-block-heading\">Tenerife Music Festival<\/h3>\n\n\n\n<p><strong>\ud83d\udcc5 12 y 13 de junio \u00b7 Puerto de Santa Cruz de Tenerife<\/strong><\/p>\n\n\n\n<p>El festival que marca el <strong>inicio del verano musical en Canarias<\/strong>, con dos d\u00edas de conciertos frente al mar.<\/p>\n\n\n\n<ul class=\"wp-block-list\">\n<li><strong>12 de junio<\/strong>: El Arrebato, Mena<\/li>\n\n\n\n<li><strong>13 de junio<\/strong>: Pablo Albor\u00e1n, Ana Mena<br><em>(artistas adicionales por confirmar)<\/em><\/li>\n<\/ul>\n\n\n\n<p>Un evento consolidado que combina <strong>pop, m\u00fasica urbana y grandes directos<\/strong>, en un entorno \u00fanico junto al oc\u00e9ano.<\/p>\n\n\n\n<p>\ud83d\udca1 <em>Consejo viajero:<\/em> junio inaugura la temporada alta, conviene reservar vuelos y alojamiento con antelaci\u00f3n.<\/p>\n\n\n\n<hr class=\"wp-block-separator has-alpha-channel-opacity\"\/>\n\n\n\n<h3 class=\"wp-block-heading\">\ud83c\udf34 Finales de junio 2026<\/h3>\n\n\n\n<h3 class=\"wp-block-heading\">Reggaeton Beach Festival Tenerife<\/h3>\n\n\n\n<p><strong>\ud83d\udcc5 27 y 28 de junio \u00b7 Puerto de Tenerife<\/strong><\/p>\n\n\n\n<p>Uno de los <strong>festivales de reggaet\u00f3n m\u00e1s populares de Europa<\/strong>, con los grandes nombres de la m\u00fasica urbana y un ambiente festivo que atrae a miles de asistentes cada a\u00f1o.<\/p>\n\n\n\n<hr class=\"wp-block-separator has-alpha-channel-opacity\"\/>\n\n\n\n<h3 class=\"wp-block-heading\">\ud83c\udfa7 Tenerife \u00b7 Farra World Season 2026<\/h3>\n\n\n\n<p>La promotora <strong>Farra World<\/strong> presenta su <strong>Season 2026<\/strong> en Tenerife, con una programaci\u00f3n de eventos electr\u00f3nicos y experienciales que se extender\u00e1 durante varios meses del a\u00f1o.<\/p>\n\n\n\n<h3 class=\"wp-block-heading\">\ud83d\udcc5 Abril 2026<\/h3>\n\n\n\n<p><strong>Lost Nomads<\/strong><br>\ud83d\udcc6 4 de abril<br>Uno de los eventos que abre la temporada, con propuesta ligada a m\u00fasica electr\u00f3nica y ambiente inmersivo.<\/p>\n\n\n\n<h3 class=\"wp-block-heading\">\ud83d\udcc5 Junio 2026<\/h3>\n\n\n\n<p><strong>La Misa<\/strong><br>Evento previsto para junio dentro de la programaci\u00f3n oficial de la Season 2026.<\/p>\n\n\n\n<h3 class=\"wp-block-heading\">\ud83d\udcc5 Verano 2026<\/h3>\n\n\n\n<p><strong>Las Rocas<\/strong><br>Formato consolidado dentro del calendario Farra World, previsto para la temporada 2026.<\/p>\n\n\n\n<p><strong>BRESH<\/strong><br>La conocida fiesta internacional aterriza en Tenerife dentro de la programaci\u00f3n 2026.<\/p>\n\n\n\n<h3 class=\"wp-block-heading\">\ud83d\udcc5 Agosto 2026<\/h3>\n\n\n\n<p><strong>Sunblast<\/strong><br>\ud83d\udcc6 Agosto<br>Uno de los grandes eventos electr\u00f3nicos del verano en Tenerife, habitual en el sur de la isla y con fuerte convocatoria.<\/p>\n\n\n\n<div class=\"wp-block-buttons is-layout-flex wp-block-buttons-is-layout-flex\">\n<div class=\"wp-block-button\"><a class=\"wp-block-button__link wp-element-button\" href=\"https:\/\/www.canariasviaja.com\/vuelo_hotel\/listado?o=16-3&amp;i=08%2F08%2F2026&amp;v=09%2F08%2F2026&amp;residencia=DC&amp;nH=1&amp;destino=Tenerife%2BNorte&amp;d=1-7&amp;tA=&amp;aP=&amp;zT=&amp;isTarifaFlexible=false&amp;isOrdenPrecio=&amp;random=11&amp;nA0=2&amp;nN0=0&amp;nB0=0&amp;upId=975&amp;utm_source=Blog&amp;utm_medium=Oferta&amp;utm_campaign=VH&amp;utm_id=2026&amp;utm_term=TFN&amp;utm_content=2026\">\ud83d\udc49 Vuelo + hotel para asistir al Sunblast<\/a><\/div>\n<\/div>\n\n\n\n<h3 class=\"wp-block-heading\">\ud83d\udcc5 Octubre 2026<\/h3>\n\n\n\n<p><strong>Elrow XXL<\/strong><br>\ud83d\udcc6 Octubre<br>Versi\u00f3n ampliada del reconocido formato Elrow, con producci\u00f3n a gran escala y experiencia visual caracter\u00edstica.<\/p>\n\n\n\n<h2 class=\"wp-block-heading\">\ud83c\udfb6 Electr\u00f3nica y experiencias inmersivas en Tenerife<\/h2>\n\n\n\n<p>La Season 2026 de Farra World refuerza la presencia de <strong>eventos electr\u00f3nicos y festivales experienciales en Canarias<\/strong>, ampliando la oferta musical m\u00e1s all\u00e1 del pop y los conciertos tradicionales.\ud83c\udfa4 Julio 2026<\/p>\n\n\n\n<hr class=\"wp-block-separator has-alpha-channel-opacity\"\/>\n\n\n\n<h3 class=\"wp-block-heading\">Granca Live Fest<\/h3>\n\n\n\n<p><strong>\ud83d\udcc5 2, 3 y 4 de julio \u00b7 Estadio de Gran Canaria<\/strong><\/p>\n\n\n\n<p>Uno de los <strong>grandes festivales del verano en Canarias<\/strong>, con un cartel variado que combina pop, indie y m\u00fasica urbana.<\/p>\n\n\n\n<ul class=\"wp-block-list\">\n<li><strong>2 de julio<\/strong>: Dani Fern\u00e1ndez, Viva Suecia, Ptazeta, Playacoco, Toni Bob (+ artista por confirmar)<\/li>\n\n\n\n<li><strong>3 de julio<\/strong>: Lola \u00cdndigo, Danny Ocean, Carlos Rivera, Conjurer, Wendy Ruiz (+ artista por confirmar)<\/li>\n\n\n\n<li><strong>4 de julio<\/strong>: Alejandro Sanz, Aitana, Dani Mart\u00edn, Grupo Frontera, Agua del Chorro, Dani Calero, Quique Serra<\/li>\n<\/ul>\n\n\n\n<p>Tres d\u00edas de m\u00fasica en directo con <strong>artistas nacionales e internacionales<\/strong> y un ambiente de gran festival.<\/p>\n\n\n\n<p>\ud83d\udca1 <em>Consejo viajero:<\/em> julio es temporada alta en Gran Canaria, se recomienda reservar con antelaci\u00f3n.<\/p>\n\n\n\n<div class=\"wp-block-buttons is-layout-flex wp-block-buttons-is-layout-flex\">\n<div class=\"wp-block-button\"><a class=\"wp-block-button__link wp-element-button\" href=\"https:\/\/www.canariasviaja.com\/experiencias\/todas?o=1-7&amp;residencia=DC&amp;destino=Gran%2BCanaria&amp;d=16-3&amp;sv=false&amp;utm_source=CV&amp;utm_medium=Blog&amp;utm_campaign=FESTIVALESYCONCIERTOS&amp;utm_id=2026&amp;utm_term=LPA&amp;utm_content=2026#2420\">\ud83d\udc49 Vive el festival con Vuelo + Hotel + Entrada<\/a><\/div>\n<\/div>\n\n\n\n<hr class=\"wp-block-separator has-alpha-channel-opacity\"\/>\n\n\n\n<h3 class=\"wp-block-heading\">\ud83c\udfb6 Julio 2026<\/h3>\n\n\n\n<h3 class=\"wp-block-heading\">Tenerife Cook Music Fest<\/h3>\n\n\n\n<p><strong>\ud83d\udcc5 16, 17 y 18 de julio \u00b7 Puerto de Santa Cruz de Tenerife<\/strong><\/p>\n\n\n\n<p>Uno de los festivales m\u00e1s completos del verano, con programaci\u00f3n por estilos y una fuerte apuesta por la m\u00fasica latina.<\/p>\n\n\n\n<ul class=\"wp-block-list\">\n<li><strong>16 de julio \u00b7 Urban Mood<\/strong>: Don Omar, Myke Towers, Farruko<\/li>\n\n\n\n<li><strong>17 de julio \u00b7 Latin Mood<\/strong>: Chayanne, Gente de Zona, Emily Estefan<\/li>\n\n\n\n<li><strong>18 de julio \u00b7 Tropical Mood<\/strong>: Lola \u00cdndigo, Olga Ta\u00f1\u00f3n, Elvis Crespo, Luis Enrique, Tito Nieves, Hermanos Rosario<\/li>\n<\/ul>\n\n\n\n<p>M\u00fasica, gastronom\u00eda y ambiente festivo convierten al Cook Music Fest en <strong>una cita imprescindible del verano en Canarias<\/strong>.<\/p>\n\n\n\n<p>\ud83d\udca1 <em>Consejo viajero:<\/em> si planeas asistir varios d\u00edas, reserva con tiempo vuelos y alojamiento. <\/p>\n\n\n\n<div class=\"wp-block-buttons is-layout-flex wp-block-buttons-is-layout-flex\">\n<div class=\"wp-block-button is-style-fill\"><a class=\"wp-block-button__link wp-element-button\" href=\"https:\/\/www.canariasviaja.com\/experiencias\/todas?o=16-3&amp;residencia=DC&amp;destino=Todos%2BIslas%2BCanarias&amp;d=&amp;sv=false&amp;utm_source=CV&amp;utm_medium=Blog&amp;utm_campaign=FESTIVALESYCONCIERTOS&amp;utm_id=2026&amp;utm_term=TFN&amp;utm_content=2026#2428\">\ud83d\udc49 Vive el festival con Vuelo + Hotel + Entrada<\/a><\/div>\n<\/div>\n\n\n\n<hr class=\"wp-block-separator has-alpha-channel-opacity\"\/>\n\n\n\n<h3 class=\"wp-block-heading\">\ud83c\udfb6 Fuerteventura y Lanzarote: conciertos y festivales en 2026<\/h3>\n\n\n\n<p>Aunque con un formato m\u00e1s aut\u00e9ntico y menos masivo, <strong>Fuerteventura y Lanzarote<\/strong> tambi\u00e9n cuentan con una <strong>agenda musical destacada en 2026<\/strong>, ideal para quienes buscan combinar m\u00fasica, paisaje y experiencias \u00fanicas.<\/p>\n\n\n\n<hr class=\"wp-block-separator has-alpha-channel-opacity\"\/>\n\n\n\n<h3 class=\"wp-block-heading\">\ud83c\udf0b Lanzarote \u00b7 Agenda musical 2026<\/h3>\n\n\n\n<p><strong>\ud83c\udfa4 Lava Live Festival<\/strong><br><strong>\ud83d\udcc5 Junio y julio 2026 \u00b7 Arrecife<\/strong><br>Uno de los grandes festivales de Lanzarote, con <strong>artistas nacionales e internacionales<\/strong> y varias fechas a lo largo del verano. Un evento que combina conciertos, ambiente urbano y producci\u00f3n de primer nivel.<\/p>\n\n\n\n<p><strong>\ud83c\udfb6 Sonidos L\u00edquidos<\/strong><br><strong>\ud83d\udcc5 6 de junio de 2026 \u00b7 La Geria<\/strong><br>Festival boutique en un entorno \u00fanico entre vi\u00f1edos volc\u00e1nicos. M\u00fasica indie, gastronom\u00eda local y una experiencia muy ligada a la identidad de la isla.<\/p>\n\n\n\n<p><strong>\ud83c\udfa4 Festival Isla Latina Lanzarote<\/strong><br><strong>\ud83d\udcc5 Mayo 2026<\/strong><br>Una cita dedicada a los <strong>ritmos latinos<\/strong>, con un formato festivo y abierto al p\u00fablico local y visitante.<\/p>\n\n\n\n<p><strong>\ud83c\udfbb Festival Internacional de M\u00fasica de Canarias (FIMC)<\/strong><br><strong>\ud83d\udcc5 Enero \u2013 febrero 2026<\/strong><br>Conciertos de m\u00fasica cl\u00e1sica en espacios emblem\u00e1ticos de Lanzarote y La Graciosa, dentro de la programaci\u00f3n oficial del festival.<\/p>\n\n\n\n<hr class=\"wp-block-separator has-alpha-channel-opacity\"\/>\n\n\n\n<h3 class=\"wp-block-heading\">\ud83c\udf2c\ufe0f Fuerteventura \u00b7 Agenda musical 2026<\/h3>\n\n\n\n<p><strong>\ud83c\udfb6 Fuerteventura en M\u00fasica (FEM)<\/strong><br><strong>\ud83d\udcc5 Primera semana de julio \u00b7 El Cotillo<\/strong><br>El festival musical m\u00e1s emblem\u00e1tico de la isla, celebrado junto al mar. Una propuesta abierta y diversa que mezcla <strong>m\u00fasica del mundo, artistas locales y sonidos internacionales<\/strong> en un entorno natural incomparable.<\/p>\n\n\n\n<p><strong>\ud83c\udfbb Festival Internacional de M\u00fasica de Canarias (FIMC)<\/strong><br><strong>\ud83d\udcc5 Enero \u2013 febrero 2026<\/strong><br>Fuerteventura tambi\u00e9n forma parte del recorrido del FIMC, con conciertos de m\u00fasica cl\u00e1sica en auditorios y espacios culturales de la isla.<\/p>\n\n\n\n<hr class=\"wp-block-separator has-alpha-channel-opacity\"\/>\n\n\n\n<h3 class=\"wp-block-heading\">\ud83c\udfbc M\u00fasica, paisaje y experiencias \u00fanicas<\/h3>\n\n\n\n<p>Fuerteventura y Lanzarote ofrecen en 2026 una propuesta musical diferente: <strong>festivales con identidad propia<\/strong>, entornos naturales \u00fanicos y una forma distinta de vivir la m\u00fasica en Canarias, lejos de las grandes multitudes pero con gran calidad art\u00edstica.<\/p>\n\n\n\n<p><\/p>\n\n\n\n<hr class=\"wp-block-separator has-alpha-channel-opacity\"\/>\n\n\n\n<p>\ud83c\udfa4 Grandes conciertos en Canarias en 2026 (fechas destacadas)<\/p>\n\n\n\n<p>Adem\u00e1s de los grandes festivales, <strong>2026 traer\u00e1 a Canarias conciertos muy esperados de artistas nacionales e internacionales<\/strong>, repartidos entre Gran Canaria y Tenerife.<\/p>\n\n\n\n<hr class=\"wp-block-separator has-alpha-channel-opacity\"\/>\n\n\n\n<h2 class=\"wp-block-heading\">\ud83c\udfb6 La Palma \u00b7 Concierto destacado en 2026<\/h2>\n\n\n\n<h3 class=\"wp-block-heading\">\ud83c\udfa4 Pablo Albor\u00e1n en La Palma<\/h3>\n\n\n\n<p>\ud83d\udccd <strong>Santa Cruz de La Palma<\/strong><br>\ud83d\udcc6 <strong>Verano 2026<\/strong><\/p>\n\n\n\n<p>La Palma acoger\u00e1 uno de los conciertos m\u00e1s esperados del a\u00f1o, con Pablo Albor\u00e1n como gran protagonista, en una cita muy especial dentro de la agenda musical del Archipi\u00e9lago.<\/p>\n\n\n\n<hr class=\"wp-block-separator has-alpha-channel-opacity\"\/>\n\n\n\n<h3 class=\"wp-block-heading\">\ud83d\udcc5 Marzo 2026<\/h3>\n\n\n\n<p><strong>\ud83c\udfb6 Laura Pausini \u2013 Yo Canto World Tour<\/strong><br>\ud83d\udccd Los Cristianos \u00b7 Tenerife<br>\ud83d\udcc6 <strong>29 de marzo de 2026<\/strong><br>Una de las grandes voces del pop internacional llega a Canarias con un espect\u00e1culo cargado de emoci\u00f3n y grandes \u00e9xitos.<\/p>\n\n\n\n<div class=\"wp-block-buttons is-layout-flex wp-block-buttons-is-layout-flex\">\n<div class=\"wp-block-button\"><a class=\"wp-block-button__link wp-element-button\" href=\"https:\/\/www.canariasviaja.com\/experiencias\/todas?o=16-3&amp;residencia=DC&amp;destino=Tenerife%2BNorte&amp;d=1-7&amp;sv=false&amp;utm_source=CV&amp;utm_medium=Blog&amp;utm_campaign=FESTIVALESYCONCIERTOS&amp;utm_id=2026&amp;utm_term=TFN&amp;utm_content=2026#2415\">\ud83d\udc49 Vuelo + Hotel + Entrada<\/a><\/div>\n<\/div>\n\n\n\n<h3 class=\"wp-block-heading\">\ud83c\udfb8 Conciertos de <strong>Fito &amp; Fitipaldis \u2013 Aullidos Tour 25\/26<\/strong> en Canarias<\/h3>\n\n\n\n<p><strong>\ud83d\udcc5 13 de marzo de 2026<\/strong><br>\ud83d\udccd <strong>Las Palmas de Gran Canaria<\/strong> \u2013 Plaza de la M\u00fasica<br>Fito &amp; Fitipaldis aterrizan en Gran Canaria dentro de su gira <em>Aullidos Tour 25\/26<\/em>, ofreciendo un concierto en uno de los espacios musicales m\u00e1s emblem\u00e1ticos de la isla y repasando sus grandes \u00e9xitos en directo.<\/p>\n\n\n\n<p><strong>\ud83d\udcc5 14 de marzo de 2026<\/strong><br>\ud83d\udccd <strong>Santa Cruz de Tenerife<\/strong> \u2013 Recinto Ferial de Tenerife<br>La gira contin\u00faa en Tenerife con un concierto en el Recinto Ferial, donde la banda presentar\u00e1 su caracter\u00edstico rock con influencias de blues y letras potentes que conectan con el p\u00fablico.<\/p>\n\n\n\n<div class=\"wp-block-buttons is-layout-flex wp-block-buttons-is-layout-flex\">\n<div class=\"wp-block-button\"><a class=\"wp-block-button__link wp-element-button\" href=\"https:\/\/www.canariasviaja.com\/vuelo_hotel\/listado?o=1-7&amp;i=13%2F03%2F2026&amp;v=14%2F03%2F2026&amp;residencia=DC&amp;nH=1&amp;destino=Gran%2BCanaria&amp;d=16-3&amp;tA=&amp;aP=&amp;zT=36&amp;isTarifaFlexible=false&amp;isOrdenPrecio=false&amp;random=44&amp;nA0=2&amp;nN0=0&amp;nB0=0&amp;upId=2117&amp;utm_source=Blog&amp;utm_medium=Oferta&amp;utm_campaign=VH&amp;utm_id=2026&amp;utm_term=LPA&amp;utm_content=2026\">\ud83d\udc49 Vuelo + hotel para asistir al concierto <\/a><\/div>\n<\/div>\n\n\n\n<p>\ud83d\udccc <em>Ambos conciertos forman parte de la gira espa\u00f1ola de 2025-2026 que pasa por numerosas ciudades del pa\u00eds con gran respuesta del p\u00fablico.<\/em><\/p>\n\n\n\n<hr class=\"wp-block-separator has-alpha-channel-opacity\"\/>\n\n\n\n<h3 class=\"wp-block-heading\">\ud83d\udcc5 Julio 2026<\/h3>\n\n\n\n<p><strong>\ud83c\udfb8 Sting \u2013 STING 3.0<\/strong><br>\ud83d\udccd Gran Canaria Arena \u00b7 Gran Canaria \u2014 <strong>9 de julio<\/strong><br>\ud83d\udccd Anexo Palmetum \u00b7 Tenerife \u2014 <strong>10 de julio<\/strong><br>El ic\u00f3nico artista brit\u00e1nico regresa a Canarias con un concierto elegante y atemporal, repasando los grandes cl\u00e1sicos de su carrera.<\/p>\n\n\n\n<div class=\"wp-block-buttons is-layout-flex wp-block-buttons-is-layout-flex\">\n<div class=\"wp-block-button\"><a class=\"wp-block-button__link wp-element-button\" href=\"https:\/\/www.canariasviaja.com\/experiencias\/todas?o=1-7&amp;residencia=DC&amp;destino=Gran%2BCanaria&amp;d=16-3&amp;sv=false&amp;utm_source=CV&amp;utm_medium=Blog&amp;utm_campaign=FESTIVALESYCONCIERTOS&amp;utm_id=2026&amp;utm_term=LPA&amp;utm_content=2026#2424\">Experiencia en Gran Canaria<\/a><\/div>\n\n\n\n<div class=\"wp-block-button\"><a class=\"wp-block-button__link wp-element-button\" href=\"https:\/\/www.canariasviaja.com\/experiencias\/todas?o=16-3&amp;residencia=DC&amp;destino=Tenerife%2BNorte&amp;d=1-7&amp;sv=false&amp;utm_source=CV&amp;utm_medium=Blog&amp;utm_campaign=FESTIVALESYCONCIERTOS&amp;utm_id=2026&amp;utm_term=LPA&amp;utm_content=2026#2423\">Experiencia en Tenerife<\/a><\/div>\n<\/div>\n\n\n\n<p><strong>\ud83c\udfb6 UB40 \u2013 European Tour 2026<\/strong><br>\ud83d\udccd Gran Canaria Arena \u00b7 Gran Canaria<br>\ud83d\udcc6 <strong>31 de julio de 2026<\/strong><br>La m\u00edtica banda brit\u00e1nica de reggae ofrecer\u00e1 una noche llena de cl\u00e1sicos y energ\u00eda en directo.<\/p>\n\n\n\n<div class=\"wp-block-buttons is-layout-flex wp-block-buttons-is-layout-flex\">\n<div class=\"wp-block-button\"><a class=\"wp-block-button__link wp-element-button\" href=\"https:\/\/www.canariasviaja.com\/experiencias\/todas?o=1-7&amp;residencia=DC&amp;destino=Gran%2BCanaria&amp;d=16-3&amp;sv=false&amp;utm_source=CV&amp;utm_medium=Blog&amp;utm_campaign=FESTIVALESYCONCIERTOS&amp;utm_id=2026&amp;utm_term=LPA&amp;utm_content=2026#2425\">\ud83d\udc49 Vuelo + Hotel + Entrada<\/a><\/div>\n<\/div>\n\n\n\n<hr class=\"wp-block-separator has-alpha-channel-opacity\"\/>\n\n\n\n<h3 class=\"wp-block-heading\">\ud83d\udcc5 Octubre 2026<\/h3>\n\n\n\n<p><strong>\ud83c\udfa4 La Oreja de Van Gogh \u2013 Tantas cosas que contar Tour<\/strong><br>\ud83d\udccd Gran Canaria \u2014 <strong>23 de octubre<\/strong><br>\ud83d\udccd Tenerife \u2014 <strong>24 de octubre<\/strong><br>Una de las bandas m\u00e1s queridas del pop espa\u00f1ol regresa a Canarias con un concierto para revivir himnos generacionales.<\/p>\n\n\n\n<div class=\"wp-block-buttons is-layout-flex wp-block-buttons-is-layout-flex\">\n<div class=\"wp-block-button\"><a class=\"wp-block-button__link wp-element-button\" href=\"https:\/\/www.canariasviaja.com\/experiencias\/todas?o=1-7&amp;residencia=DC&amp;destino=Gran%2BCanaria&amp;d=16-3&amp;sv=false&amp;utm_source=CV&amp;utm_medium=Blog&amp;utm_campaign=FESTIVALESYCONCIERTOS&amp;utm_id=2026&amp;utm_term=LPA&amp;utm_content=2026#2432\">Experiencia en Gran Canaria<\/a><\/div>\n\n\n\n<div class=\"wp-block-button\"><a class=\"wp-block-button__link wp-element-button\" href=\"https:\/\/www.canariasviaja.com\/experiencias\/todas?o=16-3&amp;residencia=DC&amp;destino=Tenerife%2BNorte&amp;d=1-7&amp;sv=false&amp;utm_source=CV&amp;utm_medium=Blog&amp;utm_campaign=FESTIVALESYCONCIERTOS&amp;utm_id=2026&amp;utm_term=TFN&amp;utm_content=2026#2433\">Experiencia en Tenerife<\/a><\/div>\n<\/div>\n\n\n\n<hr class=\"wp-block-separator has-alpha-channel-opacity\"\/>\n\n\n\n<h3 class=\"wp-block-heading\">\ud83d\udcc5 Diciembre 2026<\/h3>\n\n\n\n<p class=\"has-medium-font-size\"><strong>\ud83c\udf99\ufe0f Raphael \u2013 Raphael\u00edsimo 2026<\/strong><br>\ud83d\udccd Gran Canaria Arena \u00b7 Gran Canaria<br>\ud83d\udcc6 <strong>7 de diciembre de 2026<\/strong><br>Raphael vuelve a Canarias con un espect\u00e1culo potente y emocionante, cargado de grandes canciones y presencia esc\u00e9nica.<\/p>\n\n\n\n<div class=\"wp-block-buttons is-layout-flex wp-block-buttons-is-layout-flex\">\n<div class=\"wp-block-button\"><a class=\"wp-block-button__link wp-element-button\" href=\"https:\/\/www.canariasviaja.com\/experiencias\/todas?o=1-7&amp;residencia=DC&amp;destino=Gran%2BCanaria&amp;d=16-3&amp;sv=false&amp;utm_source=CV&amp;utm_medium=Blog&amp;utm_campaign=FESTIVALESYCONCIERTOS&amp;utm_id=2026&amp;utm_term=LPA&amp;utm_content=2026#2431\">\ud83d\udc49 Vuelo + Hotel + Entrada<\/a><\/div>\n<\/div>\n\n\n\n<hr class=\"wp-block-separator has-alpha-channel-opacity\"\/>\n\n\n\n<h3 class=\"wp-block-heading\">\ud83c\udfb6 Un a\u00f1o lleno de m\u00fasica en directo en Canarias<\/h3>\n\n\n\n<p>Desde grandes festivales de verano hasta conciertos \u00fanicos en recintos emblem\u00e1ticos, <strong>Canarias 2026 se consolida como un destino musical de primer nivel<\/strong>, con propuestas para todos los gustos y p\u00fablicos.<\/p>\n\n\n\n<figure class=\"wp-block-image size-large\"><img loading=\"lazy\" decoding=\"async\" width=\"2000\" height=\"1000\" src=\"https:\/\/www.canariasviaja.com\/viajaresvivir\/wp-content\/uploads\/2026\/01\/kpop-music-theme-live-concert-background-with-silhouette-hands-audience-making-mini-heart-shaped-hand-gesture-artist-supporting-blurred-background-2000x1000.jpg\" alt=\"\" class=\"wp-image-11785\" srcset=\"https:\/\/www.canariasviaja.com\/viajaresvivir\/wp-content\/uploads\/2026\/01\/kpop-music-theme-live-concert-background-with-silhouette-hands-audience-making-mini-heart-shaped-hand-gesture-artist-supporting-blurred-background-2000x1000.jpg 2000w, https:\/\/www.canariasviaja.com\/viajaresvivir\/wp-content\/uploads\/2026\/01\/kpop-music-theme-live-concert-background-with-silhouette-hands-audience-making-mini-heart-shaped-hand-gesture-artist-supporting-blurred-background-300x150.jpg 300w, https:\/\/www.canariasviaja.com\/viajaresvivir\/wp-content\/uploads\/2026\/01\/kpop-music-theme-live-concert-background-with-silhouette-hands-audience-making-mini-heart-shaped-hand-gesture-artist-supporting-blurred-background-768x384.jpg 768w, https:\/\/www.canariasviaja.com\/viajaresvivir\/wp-content\/uploads\/2026\/01\/kpop-music-theme-live-concert-background-with-silhouette-hands-audience-making-mini-heart-shaped-hand-gesture-artist-supporting-blurred-background-1536x768.jpg 1536w, https:\/\/www.canariasviaja.com\/viajaresvivir\/wp-content\/uploads\/2026\/01\/kpop-music-theme-live-concert-background-with-silhouette-hands-audience-making-mini-heart-shaped-hand-gesture-artist-supporting-blurred-background-2048x1024.jpg 2048w, https:\/\/www.canariasviaja.com\/viajaresvivir\/wp-content\/uploads\/2026\/01\/kpop-music-theme-live-concert-background-with-silhouette-hands-audience-making-mini-heart-shaped-hand-gesture-artist-supporting-blurred-background-1200x600.jpg 1200w, https:\/\/www.canariasviaja.com\/viajaresvivir\/wp-content\/uploads\/2026\/01\/kpop-music-theme-live-concert-background-with-silhouette-hands-audience-making-mini-heart-shaped-hand-gesture-artist-supporting-blurred-background-1920x960.jpg 1920w\" sizes=\"(max-width: 2000px) 100vw, 2000px\" \/><\/figure>\n\n\n\n<p><\/p>\n","protected":false},"excerpt":{"rendered":"<p>Festivales y conciertos en Canarias 2026: agenda actualizada con los principales eventos musicales del a\u00f1o<\/p>\n","protected":false},"author":23,"featured_media":11779,"comment_status":"open","ping_status":"closed","sticky":false,"template":"","format":"standard","meta":{"_acf_changed":false,"sfsi_plus_gutenberg_text_before_share":"","sfsi_plus_gutenberg_show_text_before_share":"","sfsi_plus_gutenberg_icon_type":"","sfsi_plus_gutenberg_icon_alignemt":"","sfsi_plus_gutenburg_max_per_row":"","footnotes":""},"categories":[125,9],"tags":[1046,1040,1045,1044,1039,1037,1038,1041,1043,1042,1047,1048],"class_list":["post-11778","post","type-post","status-publish","format-standard","has-post-thumbnail","hentry","category-aventurate","category-canarias","tag-agenda-musical-canarias","tag-conciertos-canarias-2026","tag-conciertos-en-canarias","tag-eventos-culturales-canarias","tag-eventos-musicales-canarias","tag-festivales-canarias-2026","tag-festivales-en-canarias","tag-festivales-gran-canaria","tag-festivales-tenerife","tag-musica-en-canarias","tag-ocio-en-canarias","tag-planes-en-canarias"],"acf":[],"yoast_head":"<!-- This site is optimized with the Yoast SEO plugin v24.1 - https:\/\/yoast.com\/wordpress\/plugins\/seo\/ -->\n<title>Festivales y conciertos en Canarias 2026 - Viajar es vivir<\/title>\n<meta name=\"description\" content=\"Descubre los festivales y conciertos en Canarias 2026. Agenda actualizada con eventos musicales en todas las islas\" \/>\n<meta name=\"robots\" content=\"index, follow, max-snippet:-1, max-image-preview:large, max-video-preview:-1\" \/>\n<link rel=\"canonical\" href=\"https:\/\/www.canariasviaja.com\/viajaresvivir\/https-www-canariasviaja-com-festivales-y-conciertos-en-canarias-2026\/\" \/>\n<meta property=\"og:locale\" content=\"es_ES\" \/>\n<meta property=\"og:type\" content=\"article\" \/>\n<meta property=\"og:title\" content=\"Festivales y conciertos en Canarias 2026 - Viajar es vivir\" \/>\n<meta property=\"og:description\" content=\"Descubre los festivales y conciertos en Canarias 2026. Agenda actualizada con eventos musicales en todas las islas\" \/>\n<meta property=\"og:url\" content=\"https:\/\/www.canariasviaja.com\/viajaresvivir\/https-www-canariasviaja-com-festivales-y-conciertos-en-canarias-2026\/\" \/>\n<meta property=\"og:site_name\" content=\"Viajar es vivir\" \/>\n<meta property=\"article:published_time\" content=\"2026-01-28T16:31:37+00:00\" \/>\n<meta property=\"article:modified_time\" content=\"2026-02-13T10:22:25+00:00\" \/>\n<meta property=\"og:image\" content=\"http:\/\/www.canariasviaja.com\/viajaresvivir\/wp-content\/uploads\/2026\/01\/concert-crowd-1-scaled.jpg\" \/>\n\t<meta property=\"og:image:width\" content=\"1750\" \/>\n\t<meta property=\"og:image:height\" content=\"2560\" \/>\n\t<meta property=\"og:image:type\" content=\"image\/jpeg\" \/>\n<meta name=\"author\" content=\"Ayatima Plasencia\" \/>\n<meta name=\"twitter:card\" content=\"summary_large_image\" \/>\n<meta name=\"twitter:label1\" content=\"Escrito por\" \/>\n\t<meta name=\"twitter:data1\" content=\"Ayatima Plasencia\" \/>\n\t<meta name=\"twitter:label2\" content=\"Tiempo de lectura\" \/>\n\t<meta name=\"twitter:data2\" content=\"8 minutos\" \/>\n<script type=\"application\/ld+json\" class=\"yoast-schema-graph\">{\"@context\":\"https:\/\/schema.org\",\"@graph\":[{\"@type\":\"WebPage\",\"@id\":\"https:\/\/www.canariasviaja.com\/viajaresvivir\/https-www-canariasviaja-com-festivales-y-conciertos-en-canarias-2026\/\",\"url\":\"https:\/\/www.canariasviaja.com\/viajaresvivir\/https-www-canariasviaja-com-festivales-y-conciertos-en-canarias-2026\/\",\"name\":\"Festivales y conciertos en Canarias 2026 - Viajar es vivir\",\"isPartOf\":{\"@id\":\"https:\/\/www.canariasviaja.com\/viajaresvivir\/#website\"},\"primaryImageOfPage\":{\"@id\":\"https:\/\/www.canariasviaja.com\/viajaresvivir\/https-www-canariasviaja-com-festivales-y-conciertos-en-canarias-2026\/#primaryimage\"},\"image\":{\"@id\":\"https:\/\/www.canariasviaja.com\/viajaresvivir\/https-www-canariasviaja-com-festivales-y-conciertos-en-canarias-2026\/#primaryimage\"},\"thumbnailUrl\":\"https:\/\/www.canariasviaja.com\/viajaresvivir\/wp-content\/uploads\/2026\/01\/concert-crowd-1-scaled.jpg\",\"datePublished\":\"2026-01-28T16:31:37+00:00\",\"dateModified\":\"2026-02-13T10:22:25+00:00\",\"author\":{\"@id\":\"https:\/\/www.canariasviaja.com\/viajaresvivir\/#\/schema\/person\/ad5116c1c71d517e2e29b26bb81fb573\"},\"description\":\"Descubre los festivales y conciertos en Canarias 2026. Agenda actualizada con eventos musicales en todas las islas\",\"breadcrumb\":{\"@id\":\"https:\/\/www.canariasviaja.com\/viajaresvivir\/https-www-canariasviaja-com-festivales-y-conciertos-en-canarias-2026\/#breadcrumb\"},\"inLanguage\":\"es\",\"potentialAction\":[{\"@type\":\"ReadAction\",\"target\":[\"https:\/\/www.canariasviaja.com\/viajaresvivir\/https-www-canariasviaja-com-festivales-y-conciertos-en-canarias-2026\/\"]}]},{\"@type\":\"ImageObject\",\"inLanguage\":\"es\",\"@id\":\"https:\/\/www.canariasviaja.com\/viajaresvivir\/https-www-canariasviaja-com-festivales-y-conciertos-en-canarias-2026\/#primaryimage\",\"url\":\"https:\/\/www.canariasviaja.com\/viajaresvivir\/wp-content\/uploads\/2026\/01\/concert-crowd-1-scaled.jpg\",\"contentUrl\":\"https:\/\/www.canariasviaja.com\/viajaresvivir\/wp-content\/uploads\/2026\/01\/concert-crowd-1-scaled.jpg\",\"width\":1750,\"height\":2560,\"caption\":\"Festival de m\u00fasica en Canarias 2026\"},{\"@type\":\"BreadcrumbList\",\"@id\":\"https:\/\/www.canariasviaja.com\/viajaresvivir\/https-www-canariasviaja-com-festivales-y-conciertos-en-canarias-2026\/#breadcrumb\",\"itemListElement\":[{\"@type\":\"ListItem\",\"position\":1,\"name\":\"Portada\",\"item\":\"https:\/\/www.canariasviaja.com\/viajaresvivir\/\"},{\"@type\":\"ListItem\",\"position\":2,\"name\":\"Festivales y conciertos en Canarias 2026\"}]},{\"@type\":\"WebSite\",\"@id\":\"https:\/\/www.canariasviaja.com\/viajaresvivir\/#website\",\"url\":\"https:\/\/www.canariasviaja.com\/viajaresvivir\/\",\"name\":\"Viajar es vivir\",\"description\":\"El blog de viajes y estilo de vida de CanariasViaja\",\"potentialAction\":[{\"@type\":\"SearchAction\",\"target\":{\"@type\":\"EntryPoint\",\"urlTemplate\":\"https:\/\/www.canariasviaja.com\/viajaresvivir\/?s={search_term_string}\"},\"query-input\":{\"@type\":\"PropertyValueSpecification\",\"valueRequired\":true,\"valueName\":\"search_term_string\"}}],\"inLanguage\":\"es\"},{\"@type\":\"Person\",\"@id\":\"https:\/\/www.canariasviaja.com\/viajaresvivir\/#\/schema\/person\/ad5116c1c71d517e2e29b26bb81fb573\",\"name\":\"Ayatima Plasencia\",\"image\":{\"@type\":\"ImageObject\",\"inLanguage\":\"es\",\"@id\":\"https:\/\/www.canariasviaja.com\/viajaresvivir\/#\/schema\/person\/image\/\",\"url\":\"https:\/\/secure.gravatar.com\/avatar\/4521423579137604dd308d5edbf452d6?s=96&d=mm&r=g\",\"contentUrl\":\"https:\/\/secure.gravatar.com\/avatar\/4521423579137604dd308d5edbf452d6?s=96&d=mm&r=g\",\"caption\":\"Ayatima Plasencia\"},\"sameAs\":[\"http:\/\/www.canariasviaja.com\"],\"url\":\"https:\/\/www.canariasviaja.com\/viajaresvivir\/author\/raizablog\/\"}]}<\/script>\n<!-- \/ Yoast SEO plugin. -->","yoast_head_json":{"title":"Festivales y conciertos en Canarias 2026 - Viajar es vivir","description":"Descubre los festivales y conciertos en Canarias 2026. Agenda actualizada con eventos musicales en todas las islas","robots":{"index":"index","follow":"follow","max-snippet":"max-snippet:-1","max-image-preview":"max-image-preview:large","max-video-preview":"max-video-preview:-1"},"canonical":"https:\/\/www.canariasviaja.com\/viajaresvivir\/https-www-canariasviaja-com-festivales-y-conciertos-en-canarias-2026\/","og_locale":"es_ES","og_type":"article","og_title":"Festivales y conciertos en Canarias 2026 - Viajar es vivir","og_description":"Descubre los festivales y conciertos en Canarias 2026. Agenda actualizada con eventos musicales en todas las islas","og_url":"https:\/\/www.canariasviaja.com\/viajaresvivir\/https-www-canariasviaja-com-festivales-y-conciertos-en-canarias-2026\/","og_site_name":"Viajar es vivir","article_published_time":"2026-01-28T16:31:37+00:00","article_modified_time":"2026-02-13T10:22:25+00:00","og_image":[{"width":1750,"height":2560,"url":"http:\/\/www.canariasviaja.com\/viajaresvivir\/wp-content\/uploads\/2026\/01\/concert-crowd-1-scaled.jpg","type":"image\/jpeg"}],"author":"Ayatima Plasencia","twitter_card":"summary_large_image","twitter_misc":{"Escrito por":"Ayatima Plasencia","Tiempo de lectura":"8 minutos"},"schema":{"@context":"https:\/\/schema.org","@graph":[{"@type":"WebPage","@id":"https:\/\/www.canariasviaja.com\/viajaresvivir\/https-www-canariasviaja-com-festivales-y-conciertos-en-canarias-2026\/","url":"https:\/\/www.canariasviaja.com\/viajaresvivir\/https-www-canariasviaja-com-festivales-y-conciertos-en-canarias-2026\/","name":"Festivales y conciertos en Canarias 2026 - Viajar es vivir","isPartOf":{"@id":"https:\/\/www.canariasviaja.com\/viajaresvivir\/#website"},"primaryImageOfPage":{"@id":"https:\/\/www.canariasviaja.com\/viajaresvivir\/https-www-canariasviaja-com-festivales-y-conciertos-en-canarias-2026\/#primaryimage"},"image":{"@id":"https:\/\/www.canariasviaja.com\/viajaresvivir\/https-www-canariasviaja-com-festivales-y-conciertos-en-canarias-2026\/#primaryimage"},"thumbnailUrl":"https:\/\/www.canariasviaja.com\/viajaresvivir\/wp-content\/uploads\/2026\/01\/concert-crowd-1-scaled.jpg","datePublished":"2026-01-28T16:31:37+00:00","dateModified":"2026-02-13T10:22:25+00:00","author":{"@id":"https:\/\/www.canariasviaja.com\/viajaresvivir\/#\/schema\/person\/ad5116c1c71d517e2e29b26bb81fb573"},"description":"Descubre los festivales y conciertos en Canarias 2026. Agenda actualizada con eventos musicales en todas las islas","breadcrumb":{"@id":"https:\/\/www.canariasviaja.com\/viajaresvivir\/https-www-canariasviaja-com-festivales-y-conciertos-en-canarias-2026\/#breadcrumb"},"inLanguage":"es","potentialAction":[{"@type":"ReadAction","target":["https:\/\/www.canariasviaja.com\/viajaresvivir\/https-www-canariasviaja-com-festivales-y-conciertos-en-canarias-2026\/"]}]},{"@type":"ImageObject","inLanguage":"es","@id":"https:\/\/www.canariasviaja.com\/viajaresvivir\/https-www-canariasviaja-com-festivales-y-conciertos-en-canarias-2026\/#primaryimage","url":"https:\/\/www.canariasviaja.com\/viajaresvivir\/wp-content\/uploads\/2026\/01\/concert-crowd-1-scaled.jpg","contentUrl":"https:\/\/www.canariasviaja.com\/viajaresvivir\/wp-content\/uploads\/2026\/01\/concert-crowd-1-scaled.jpg","width":1750,"height":2560,"caption":"Festival de m\u00fasica en Canarias 2026"},{"@type":"BreadcrumbList","@id":"https:\/\/www.canariasviaja.com\/viajaresvivir\/https-www-canariasviaja-com-festivales-y-conciertos-en-canarias-2026\/#breadcrumb","itemListElement":[{"@type":"ListItem","position":1,"name":"Portada","item":"https:\/\/www.canariasviaja.com\/viajaresvivir\/"},{"@type":"ListItem","position":2,"name":"Festivales y conciertos en Canarias 2026"}]},{"@type":"WebSite","@id":"https:\/\/www.canariasviaja.com\/viajaresvivir\/#website","url":"https:\/\/www.canariasviaja.com\/viajaresvivir\/","name":"Viajar es vivir","description":"El blog de viajes y estilo de vida de CanariasViaja","potentialAction":[{"@type":"SearchAction","target":{"@type":"EntryPoint","urlTemplate":"https:\/\/www.canariasviaja.com\/viajaresvivir\/?s={search_term_string}"},"query-input":{"@type":"PropertyValueSpecification","valueRequired":true,"valueName":"search_term_string"}}],"inLanguage":"es"},{"@type":"Person","@id":"https:\/\/www.canariasviaja.com\/viajaresvivir\/#\/schema\/person\/ad5116c1c71d517e2e29b26bb81fb573","name":"Ayatima Plasencia","image":{"@type":"ImageObject","inLanguage":"es","@id":"https:\/\/www.canariasviaja.com\/viajaresvivir\/#\/schema\/person\/image\/","url":"https:\/\/secure.gravatar.com\/avatar\/4521423579137604dd308d5edbf452d6?s=96&d=mm&r=g","contentUrl":"https:\/\/secure.gravatar.com\/avatar\/4521423579137604dd308d5edbf452d6?s=96&d=mm&r=g","caption":"Ayatima Plasencia"},"sameAs":["http:\/\/www.canariasviaja.com"],"url":"https:\/\/www.canariasviaja.com\/viajaresvivir\/author\/raizablog\/"}]}},"_links":{"self":[{"href":"https:\/\/www.canariasviaja.com\/viajaresvivir\/wp-json\/wp\/v2\/posts\/11778"}],"collection":[{"href":"https:\/\/www.canariasviaja.com\/viajaresvivir\/wp-json\/wp\/v2\/posts"}],"about":[{"href":"https:\/\/www.canariasviaja.com\/viajaresvivir\/wp-json\/wp\/v2\/types\/post"}],"author":[{"embeddable":true,"href":"https:\/\/www.canariasviaja.com\/viajaresvivir\/wp-json\/wp\/v2\/users\/23"}],"replies":[{"embeddable":true,"href":"https:\/\/www.canariasviaja.com\/viajaresvivir\/wp-json\/wp\/v2\/comments?post=11778"}],"version-history":[{"count":8,"href":"https:\/\/www.canariasviaja.com\/viajaresvivir\/wp-json\/wp\/v2\/posts\/11778\/revisions"}],"predecessor-version":[{"id":11825,"href":"https:\/\/www.canariasviaja.com\/viajaresvivir\/wp-json\/wp\/v2\/posts\/11778\/revisions\/11825"}],"wp:featuredmedia":[{"embeddable":true,"href":"https:\/\/www.canariasviaja.com\/viajaresvivir\/wp-json\/wp\/v2\/media\/11779"}],"wp:attachment":[{"href":"https:\/\/www.canariasviaja.com\/viajaresvivir\/wp-json\/wp\/v2\/media?parent=11778"}],"wp:term":[{"taxonomy":"category","embeddable":true,"href":"https:\/\/www.canariasviaja.com\/viajaresvivir\/wp-json\/wp\/v2\/categories?post=11778"},{"taxonomy":"post_tag","embeddable":true,"href":"https:\/\/www.canariasviaja.com\/viajaresvivir\/wp-json\/wp\/v2\/tags?post=11778"}],"curies":[{"name":"wp","href":"https:\/\/api.w.org\/{rel}","templated":true}]}}