{"id":1227,"date":"2019-12-05T08:00:12","date_gmt":"2019-12-05T08:00:12","guid":{"rendered":"http:\/\/www.canariasviaja.com\/viajaresvivir\/?p=1227"},"modified":"2022-10-25T09:25:18","modified_gmt":"2022-10-25T09:25:18","slug":"un-bosque-de-cuento-la-selva-de-irati","status":"publish","type":"post","link":"https:\/\/www.canariasviaja.com\/viajaresvivir\/un-bosque-de-cuento-la-selva-de-irati\/","title":{"rendered":"Un bosque de cuento: la Selva de Irati"},"content":{"rendered":"\n<h4 class=\"wp-block-heading\">A poco <strong>m\u00e1s de una hora de <a href=\"https:\/\/www.canariasviaja.com\/viajaresvivir\/a-pamplona-hay-que-ir\/\">Pamplona<\/a><\/strong>, en el Pirineo Navarro muy cerca de la frontera con Francia, se encuentra la <strong>Selva de Irati<\/strong>, uno de los bosques de <strong>haya y abeto<\/strong> m\u00e1s grandes de toda Europa con m\u00e1s de 18.000 hect\u00e1reas de extensi\u00f3n.<\/h4>\n\n\n\n<figure class=\"wp-block-image size-large\"><img loading=\"lazy\" decoding=\"async\" width=\"1024\" height=\"378\" src=\"https:\/\/www.canariasviaja.com\/viajaresvivir\/wp-content\/uploads\/2019\/11\/Bosques_navarra_iratiotono1-1024x378.jpg\" alt=\"Selva de Irati, Navarra\" class=\"wp-image-1468\" srcset=\"https:\/\/www.canariasviaja.com\/viajaresvivir\/wp-content\/uploads\/2019\/11\/Bosques_navarra_iratiotono1-1024x378.jpg 1024w, https:\/\/www.canariasviaja.com\/viajaresvivir\/wp-content\/uploads\/2019\/11\/Bosques_navarra_iratiotono1-300x111.jpg 300w, https:\/\/www.canariasviaja.com\/viajaresvivir\/wp-content\/uploads\/2019\/11\/Bosques_navarra_iratiotono1-768x284.jpg 768w, https:\/\/www.canariasviaja.com\/viajaresvivir\/wp-content\/uploads\/2019\/11\/Bosques_navarra_iratiotono1.jpg 1045w\" sizes=\"(max-width: 1024px) 100vw, 1024px\" \/><\/figure>\n\n\n\n<p>Un <strong>bosque de cuento<\/strong> que se puede disfrutar durante todo el a\u00f1o, pero si hay un momento en el que brilla con luz propia es con la llegada del <strong>oto\u00f1o<\/strong>. <\/p>\n\n\n\n<p>El <strong>oto\u00f1o<\/strong>\nconvierte a este bello bosque en un <strong>lugar\nm\u00e1gico<\/strong>. Las hojas de sus \u00e1rboles se convierten en un festival de colores rojos\ny ocres y pasear bajo sus copas es toda una celebraci\u00f3n de esta estaci\u00f3n. <\/p>\n\n\n\n<p>Los primeros fines de semana de <strong>noviembre<\/strong> cientos de personas de todas partes peregrinan hasta la Selva de Irati para disfrutar de este espect\u00e1culo natural.<\/p>\n\n\n\n<p>Los pueblos de <strong>Orbaitzeta<\/strong>, en el valle de Aezkoa, y <strong>Ochagav\u00eda<\/strong>, en el Valle de Salazar, son la <a href=\"http:\/\/www.selvadeirati.com\/Como%20llegar%202.html\"><strong>puerta de acceso<\/strong><\/a> a este espacio natural y&nbsp; ambos est\u00e1n situados a poco m\u00e1s de una hora de Pamplona, por lo que puede ser una escapada perfecta para hacer en el d\u00eda. Para acceder a la Selva de Irati hay que pagar una <strong>tasa de mantenimiento<\/strong> que oscila entre 1 y 5 euros en funci\u00f3n de la temporada. Hay diferentes zonas de estacionamiento para los veh\u00edculos en diferentes puntos de la zona, como la <strong>Ermita de la Virgen de las Nieves<\/strong>, o junto al <strong>Embalse de Irabia<\/strong>.<\/p>\n\n\n\n<p>Si queremos conocer bien lo que esconde la Selva de Irati, podemos empezar el recorrido visitando las <strong>Casas de Irati<\/strong>, antiguas casas de los guardas del parque, en las que encontraremos el <strong>Centro de Interpretaci\u00f3n<\/strong> de este espacio natural protegido.<\/p>\n\n\n\n<figure class=\"wp-block-image size-large\"><img loading=\"lazy\" decoding=\"async\" width=\"1024\" height=\"683\" src=\"https:\/\/www.canariasviaja.com\/viajaresvivir\/wp-content\/uploads\/2019\/11\/Selva-de-Irati.jpg\" alt=\"\" class=\"wp-image-1469\" srcset=\"https:\/\/www.canariasviaja.com\/viajaresvivir\/wp-content\/uploads\/2019\/11\/Selva-de-Irati.jpg 1024w, https:\/\/www.canariasviaja.com\/viajaresvivir\/wp-content\/uploads\/2019\/11\/Selva-de-Irati-300x200.jpg 300w, https:\/\/www.canariasviaja.com\/viajaresvivir\/wp-content\/uploads\/2019\/11\/Selva-de-Irati-768x512.jpg 768w\" sizes=\"(max-width: 1024px) 100vw, 1024px\" \/><figcaption>Ra\u00edces de los \u00e1rboles de la Selva de Irati.   Foto: istock<\/figcaption><\/figure>\n\n\n\n<p>La selva de Irati puede ser transitada <strong>a pie, en bicicleta<\/strong> o en veh\u00edculos autorizados de 4&#215;4 y la recorre una completa red de <a href=\"http:\/\/www.selvadeirati.com\/Recorridos%202.html\"><strong>&nbsp;senderos<\/strong><\/a> &nbsp;para todo tipo de p\u00fablico. <\/p>\n\n\n\n<p>Los <strong>amantes\nde la monta\u00f1a<\/strong> pueden atreverse con la ascensi\u00f3n al <strong>Monte Urkulu<\/strong>, donde podremos descubrir los restos de la torre\nromana que conmemoraba la incorporaci\u00f3n al imperio de la Hispania y la Galia,\ntras la conquista de Aquitania en el S. I a.c,&nbsp;\no al <strong>Monte Ori<\/strong>, el primer\n2000 de los Pirineos, que cuenta con unas vistas impresionantes de la zona.<\/p>\n\n\n\n<p>Adem\u00e1s de disfrutar de la impresionante <strong>naturaleza<\/strong>, encontraremos otros\natractivos en la zona, como visitar la <strong>F\u00e1brica\nde Armas de Orbaitzeta<\/strong>, que jug\u00f3 un papel muy importante en la fabricaci\u00f3n de armas para las guerras con Francia, desde finales del S. XVIII &nbsp;a finales del XIX, y como f\u00e1brica de hierro. Actualmente sus ruinas, invadidas por la maleza, est\u00e1n consideradas como <strong>bien de inter\u00e9s cultural. <\/strong><\/p>\n\n\n\n<figure class=\"wp-block-image size-large\"><img loading=\"lazy\" decoding=\"async\" width=\"1024\" height=\"576\" src=\"https:\/\/www.canariasviaja.com\/viajaresvivir\/wp-content\/uploads\/2019\/11\/fabrica-de-armas_Turismo-Gobierno-de-Navarra-2.jpg\" alt=\"F\u00e1brica de Armas de Orbaitzeta, Navarra\" class=\"wp-image-1471\" srcset=\"https:\/\/www.canariasviaja.com\/viajaresvivir\/wp-content\/uploads\/2019\/11\/fabrica-de-armas_Turismo-Gobierno-de-Navarra-2.jpg 1024w, https:\/\/www.canariasviaja.com\/viajaresvivir\/wp-content\/uploads\/2019\/11\/fabrica-de-armas_Turismo-Gobierno-de-Navarra-2-300x169.jpg 300w, https:\/\/www.canariasviaja.com\/viajaresvivir\/wp-content\/uploads\/2019\/11\/fabrica-de-armas_Turismo-Gobierno-de-Navarra-2-768x432.jpg 768w, https:\/\/www.canariasviaja.com\/viajaresvivir\/wp-content\/uploads\/2019\/11\/fabrica-de-armas_Turismo-Gobierno-de-Navarra-2-960x540.jpg 960w\" sizes=\"(max-width: 1024px) 100vw, 1024px\" \/><figcaption>F\u00e1brica de Armas de Orbaitzeta<\/figcaption><\/figure>\n\n\n\n<p>Tambi\u00e9n podemos disfrutar de un agradable chapuz\u00f3n o de unas vistas de postal en el<strong> embalse de Irabia y el r\u00edo Irati<\/strong>. O descubrir los <strong>monumentos megal\u00edticos<\/strong> <strong>de Azpegi<\/strong>, un legado de los hombres prehist\u00f3ricos.<\/p>\n\n\n\n<figure class=\"wp-block-image aligncenter size-large is-resized\"><img decoding=\"async\" src=\"http:\/\/www.canariasviaja.com\/viajaresvivir\/wp-content\/uploads\/2019\/12\/francisco-diaz-rodriguez-9WvSiIrXWf8-unsplash-1500x2000.jpg\" alt=\"\" class=\"wp-image-9455\" width=\"400\" srcset=\"https:\/\/www.canariasviaja.com\/viajaresvivir\/wp-content\/uploads\/2019\/12\/francisco-diaz-rodriguez-9WvSiIrXWf8-unsplash-1500x2000.jpg 1500w, https:\/\/www.canariasviaja.com\/viajaresvivir\/wp-content\/uploads\/2019\/12\/francisco-diaz-rodriguez-9WvSiIrXWf8-unsplash-225x300.jpg 225w, https:\/\/www.canariasviaja.com\/viajaresvivir\/wp-content\/uploads\/2019\/12\/francisco-diaz-rodriguez-9WvSiIrXWf8-unsplash-768x1024.jpg 768w, https:\/\/www.canariasviaja.com\/viajaresvivir\/wp-content\/uploads\/2019\/12\/francisco-diaz-rodriguez-9WvSiIrXWf8-unsplash-1152x1536.jpg 1152w, https:\/\/www.canariasviaja.com\/viajaresvivir\/wp-content\/uploads\/2019\/12\/francisco-diaz-rodriguez-9WvSiIrXWf8-unsplash-1536x2048.jpg 1536w, https:\/\/www.canariasviaja.com\/viajaresvivir\/wp-content\/uploads\/2019\/12\/francisco-diaz-rodriguez-9WvSiIrXWf8-unsplash-1200x1600.jpg 1200w, https:\/\/www.canariasviaja.com\/viajaresvivir\/wp-content\/uploads\/2019\/12\/francisco-diaz-rodriguez-9WvSiIrXWf8-unsplash-600x800.jpg 600w, https:\/\/www.canariasviaja.com\/viajaresvivir\/wp-content\/uploads\/2019\/12\/francisco-diaz-rodriguez-9WvSiIrXWf8-unsplash-810x1080.jpg 810w, https:\/\/www.canariasviaja.com\/viajaresvivir\/wp-content\/uploads\/2019\/12\/francisco-diaz-rodriguez-9WvSiIrXWf8-unsplash.jpg 1920w\" sizes=\"(max-width: 1500px) 100vw, 1500px\" \/><figcaption>Foto de <a href=\"https:\/\/unsplash.com\/@fran_x?utm_source=unsplash&amp;utm_medium=referral&amp;utm_content=creditCopyText\">Francisco D\u00edaz Rodr\u00edguez<\/a> en <a href=\"https:\/\/unsplash.com\/es\/s\/fotos\/irati?utm_source=unsplash&amp;utm_medium=referral&amp;utm_content=creditCopyText\">Unsplash<\/a>\n  <\/figcaption><\/figure>\n\n\n\n<p>El bosque nos ir\u00e1 abrazando seg\u00fan vayamos avanzando para mostrarnos toda su belleza y secretos. S\u00f3lo hay que ir con los sentidos despiertos para embriagarnos de todo su encanto.<\/p>\n\n\n\n<p><\/p>\n\n\n\n<p>(Foto: <em>Fotograf\u00edas cedidas por el Servicio de Marketing Tur\u00edstico de Navarra<\/em>)<\/p>\n\n\n\n<div class=\"wp-block-buttons is-layout-flex wp-block-buttons-is-layout-flex\">\n<div class=\"wp-block-button aligncenter\"><a class=\"wp-block-button__link\" href=\"https:\/\/bit.ly\/3UA2Rjw\">\u00a1Disfruta del oto\u00f1o en Navarra!<\/a><\/div>\n<\/div>\n","protected":false},"excerpt":{"rendered":"<p>A poco m\u00e1s de una hora de Pamplona, en el Pirineo Navarro muy cerca de la frontera con Francia, se encuentra la Selva de Iriati, uno de los bosques de haya y abeto m\u00e1s grandes de toda Europa con m\u00e1s de 18.000 hect\u00e1reas de extensi\u00f3n.<\/p>\n","protected":false},"author":2,"featured_media":1231,"comment_status":"open","ping_status":"open","sticky":false,"template":"","format":"standard","meta":{"_acf_changed":false,"sfsi_plus_gutenberg_text_before_share":"","sfsi_plus_gutenberg_show_text_before_share":"","sfsi_plus_gutenberg_icon_type":"","sfsi_plus_gutenberg_icon_alignemt":"","sfsi_plus_gutenburg_max_per_row":"","footnotes":""},"categories":[125,123,10,105,100,197],"tags":[229,233,230,290,231,228,116,235,232],"class_list":["post-1227","post","type-post","status-publish","format-standard","has-post-thumbnail","hentry","category-aventurate","category-explora","category-historias-viajeras","category-pamplona","category-peninsulaybaleares","category-rincones-por-descubrir","tag-bosque","tag-naturaleza","tag-navarra","tag-noviembre","tag-otono","tag-selva-de-iriati","tag-senderismo","tag-turismo-activo","tag-viaje-en-familia"],"acf":[],"yoast_head":"<!-- This site is optimized with the Yoast SEO plugin v24.1 - https:\/\/yoast.com\/wordpress\/plugins\/seo\/ -->\n<title>Un bosque de cuento: la Selva de Irati - Viajar es vivir<\/title>\n<meta name=\"description\" content=\"Descubre la Selva de Iriati, un bosque de cuento que podr\u00e1s visitar en una excursi\u00f3n desde Pamplona. Un lugar para celebrar el oto\u00f1o.\" \/>\n<meta name=\"robots\" content=\"index, follow, max-snippet:-1, max-image-preview:large, max-video-preview:-1\" \/>\n<link rel=\"canonical\" href=\"https:\/\/www.canariasviaja.com\/viajaresvivir\/un-bosque-de-cuento-la-selva-de-irati\/\" \/>\n<meta property=\"og:locale\" content=\"es_ES\" \/>\n<meta property=\"og:type\" content=\"article\" \/>\n<meta property=\"og:title\" content=\"Un bosque de cuento: la Selva de Irati - Viajar es vivir\" \/>\n<meta property=\"og:description\" content=\"Descubre la Selva de Iriati, un bosque de cuento que podr\u00e1s visitar en una excursi\u00f3n desde Pamplona. Un lugar para celebrar el oto\u00f1o.\" \/>\n<meta property=\"og:url\" content=\"https:\/\/www.canariasviaja.com\/viajaresvivir\/un-bosque-de-cuento-la-selva-de-irati\/\" \/>\n<meta property=\"og:site_name\" content=\"Viajar es vivir\" \/>\n<meta property=\"article:published_time\" content=\"2019-12-05T08:00:12+00:00\" \/>\n<meta property=\"article:modified_time\" content=\"2022-10-25T09:25:18+00:00\" \/>\n<meta property=\"og:image\" content=\"http:\/\/www.canariasviaja.com\/viajaresvivir\/wp-content\/uploads\/2019\/11\/VirgendelasNievesTurismodeNavarra.jpg\" \/>\n\t<meta property=\"og:image:width\" content=\"2000\" \/>\n\t<meta property=\"og:image:height\" content=\"1500\" \/>\n\t<meta property=\"og:image:type\" content=\"image\/jpeg\" \/>\n<meta name=\"author\" content=\"Patri C\u00e1mpora\" \/>\n<meta name=\"twitter:card\" content=\"summary_large_image\" \/>\n<meta name=\"twitter:label1\" content=\"Escrito por\" \/>\n\t<meta name=\"twitter:data1\" content=\"Patri C\u00e1mpora\" \/>\n\t<meta name=\"twitter:label2\" content=\"Tiempo de lectura\" \/>\n\t<meta name=\"twitter:data2\" content=\"4 minutos\" \/>\n<script type=\"application\/ld+json\" class=\"yoast-schema-graph\">{\"@context\":\"https:\/\/schema.org\",\"@graph\":[{\"@type\":\"WebPage\",\"@id\":\"https:\/\/www.canariasviaja.com\/viajaresvivir\/un-bosque-de-cuento-la-selva-de-irati\/\",\"url\":\"https:\/\/www.canariasviaja.com\/viajaresvivir\/un-bosque-de-cuento-la-selva-de-irati\/\",\"name\":\"Un bosque de cuento: la Selva de Irati - Viajar es vivir\",\"isPartOf\":{\"@id\":\"https:\/\/www.canariasviaja.com\/viajaresvivir\/#website\"},\"primaryImageOfPage\":{\"@id\":\"https:\/\/www.canariasviaja.com\/viajaresvivir\/un-bosque-de-cuento-la-selva-de-irati\/#primaryimage\"},\"image\":{\"@id\":\"https:\/\/www.canariasviaja.com\/viajaresvivir\/un-bosque-de-cuento-la-selva-de-irati\/#primaryimage\"},\"thumbnailUrl\":\"https:\/\/www.canariasviaja.com\/viajaresvivir\/wp-content\/uploads\/2019\/11\/VirgendelasNievesTurismodeNavarra.jpg\",\"datePublished\":\"2019-12-05T08:00:12+00:00\",\"dateModified\":\"2022-10-25T09:25:18+00:00\",\"author\":{\"@id\":\"https:\/\/www.canariasviaja.com\/viajaresvivir\/#\/schema\/person\/085949651001325f1244a8bc1b34709c\"},\"description\":\"Descubre la Selva de Iriati, un bosque de cuento que podr\u00e1s visitar en una excursi\u00f3n desde Pamplona. Un lugar para celebrar el oto\u00f1o.\",\"breadcrumb\":{\"@id\":\"https:\/\/www.canariasviaja.com\/viajaresvivir\/un-bosque-de-cuento-la-selva-de-irati\/#breadcrumb\"},\"inLanguage\":\"es\",\"potentialAction\":[{\"@type\":\"ReadAction\",\"target\":[\"https:\/\/www.canariasviaja.com\/viajaresvivir\/un-bosque-de-cuento-la-selva-de-irati\/\"]}]},{\"@type\":\"ImageObject\",\"inLanguage\":\"es\",\"@id\":\"https:\/\/www.canariasviaja.com\/viajaresvivir\/un-bosque-de-cuento-la-selva-de-irati\/#primaryimage\",\"url\":\"https:\/\/www.canariasviaja.com\/viajaresvivir\/wp-content\/uploads\/2019\/11\/VirgendelasNievesTurismodeNavarra.jpg\",\"contentUrl\":\"https:\/\/www.canariasviaja.com\/viajaresvivir\/wp-content\/uploads\/2019\/11\/VirgendelasNievesTurismodeNavarra.jpg\",\"width\":2000,\"height\":1500,\"caption\":\"Fotograf\u00edas cedidas por el Servicio de Marketing Tur\u00edstico de Navarra\"},{\"@type\":\"BreadcrumbList\",\"@id\":\"https:\/\/www.canariasviaja.com\/viajaresvivir\/un-bosque-de-cuento-la-selva-de-irati\/#breadcrumb\",\"itemListElement\":[{\"@type\":\"ListItem\",\"position\":1,\"name\":\"Portada\",\"item\":\"https:\/\/www.canariasviaja.com\/viajaresvivir\/\"},{\"@type\":\"ListItem\",\"position\":2,\"name\":\"Un bosque de cuento: la Selva de Irati\"}]},{\"@type\":\"WebSite\",\"@id\":\"https:\/\/www.canariasviaja.com\/viajaresvivir\/#website\",\"url\":\"https:\/\/www.canariasviaja.com\/viajaresvivir\/\",\"name\":\"Viajar es vivir\",\"description\":\"El blog de viajes y estilo de vida de CanariasViaja\",\"potentialAction\":[{\"@type\":\"SearchAction\",\"target\":{\"@type\":\"EntryPoint\",\"urlTemplate\":\"https:\/\/www.canariasviaja.com\/viajaresvivir\/?s={search_term_string}\"},\"query-input\":{\"@type\":\"PropertyValueSpecification\",\"valueRequired\":true,\"valueName\":\"search_term_string\"}}],\"inLanguage\":\"es\"},{\"@type\":\"Person\",\"@id\":\"https:\/\/www.canariasviaja.com\/viajaresvivir\/#\/schema\/person\/085949651001325f1244a8bc1b34709c\",\"name\":\"Patri C\u00e1mpora\",\"image\":{\"@type\":\"ImageObject\",\"inLanguage\":\"es\",\"@id\":\"https:\/\/www.canariasviaja.com\/viajaresvivir\/#\/schema\/person\/image\/\",\"url\":\"https:\/\/secure.gravatar.com\/avatar\/b2ce2c4086a5776e5310f57c1a2e5b4e?s=96&d=mm&r=g\",\"contentUrl\":\"https:\/\/secure.gravatar.com\/avatar\/b2ce2c4086a5776e5310f57c1a2e5b4e?s=96&d=mm&r=g\",\"caption\":\"Patri C\u00e1mpora\"},\"url\":\"https:\/\/www.canariasviaja.com\/viajaresvivir\/author\/patri\/\"}]}<\/script>\n<!-- \/ Yoast SEO plugin. -->","yoast_head_json":{"title":"Un bosque de cuento: la Selva de Irati - Viajar es vivir","description":"Descubre la Selva de Iriati, un bosque de cuento que podr\u00e1s visitar en una excursi\u00f3n desde Pamplona. Un lugar para celebrar el oto\u00f1o.","robots":{"index":"index","follow":"follow","max-snippet":"max-snippet:-1","max-image-preview":"max-image-preview:large","max-video-preview":"max-video-preview:-1"},"canonical":"https:\/\/www.canariasviaja.com\/viajaresvivir\/un-bosque-de-cuento-la-selva-de-irati\/","og_locale":"es_ES","og_type":"article","og_title":"Un bosque de cuento: la Selva de Irati - Viajar es vivir","og_description":"Descubre la Selva de Iriati, un bosque de cuento que podr\u00e1s visitar en una excursi\u00f3n desde Pamplona. Un lugar para celebrar el oto\u00f1o.","og_url":"https:\/\/www.canariasviaja.com\/viajaresvivir\/un-bosque-de-cuento-la-selva-de-irati\/","og_site_name":"Viajar es vivir","article_published_time":"2019-12-05T08:00:12+00:00","article_modified_time":"2022-10-25T09:25:18+00:00","og_image":[{"width":2000,"height":1500,"url":"http:\/\/www.canariasviaja.com\/viajaresvivir\/wp-content\/uploads\/2019\/11\/VirgendelasNievesTurismodeNavarra.jpg","type":"image\/jpeg"}],"author":"Patri C\u00e1mpora","twitter_card":"summary_large_image","twitter_misc":{"Escrito por":"Patri C\u00e1mpora","Tiempo de lectura":"4 minutos"},"schema":{"@context":"https:\/\/schema.org","@graph":[{"@type":"WebPage","@id":"https:\/\/www.canariasviaja.com\/viajaresvivir\/un-bosque-de-cuento-la-selva-de-irati\/","url":"https:\/\/www.canariasviaja.com\/viajaresvivir\/un-bosque-de-cuento-la-selva-de-irati\/","name":"Un bosque de cuento: la Selva de Irati - Viajar es vivir","isPartOf":{"@id":"https:\/\/www.canariasviaja.com\/viajaresvivir\/#website"},"primaryImageOfPage":{"@id":"https:\/\/www.canariasviaja.com\/viajaresvivir\/un-bosque-de-cuento-la-selva-de-irati\/#primaryimage"},"image":{"@id":"https:\/\/www.canariasviaja.com\/viajaresvivir\/un-bosque-de-cuento-la-selva-de-irati\/#primaryimage"},"thumbnailUrl":"https:\/\/www.canariasviaja.com\/viajaresvivir\/wp-content\/uploads\/2019\/11\/VirgendelasNievesTurismodeNavarra.jpg","datePublished":"2019-12-05T08:00:12+00:00","dateModified":"2022-10-25T09:25:18+00:00","author":{"@id":"https:\/\/www.canariasviaja.com\/viajaresvivir\/#\/schema\/person\/085949651001325f1244a8bc1b34709c"},"description":"Descubre la Selva de Iriati, un bosque de cuento que podr\u00e1s visitar en una excursi\u00f3n desde Pamplona. Un lugar para celebrar el oto\u00f1o.","breadcrumb":{"@id":"https:\/\/www.canariasviaja.com\/viajaresvivir\/un-bosque-de-cuento-la-selva-de-irati\/#breadcrumb"},"inLanguage":"es","potentialAction":[{"@type":"ReadAction","target":["https:\/\/www.canariasviaja.com\/viajaresvivir\/un-bosque-de-cuento-la-selva-de-irati\/"]}]},{"@type":"ImageObject","inLanguage":"es","@id":"https:\/\/www.canariasviaja.com\/viajaresvivir\/un-bosque-de-cuento-la-selva-de-irati\/#primaryimage","url":"https:\/\/www.canariasviaja.com\/viajaresvivir\/wp-content\/uploads\/2019\/11\/VirgendelasNievesTurismodeNavarra.jpg","contentUrl":"https:\/\/www.canariasviaja.com\/viajaresvivir\/wp-content\/uploads\/2019\/11\/VirgendelasNievesTurismodeNavarra.jpg","width":2000,"height":1500,"caption":"Fotograf\u00edas cedidas por el Servicio de Marketing Tur\u00edstico de Navarra"},{"@type":"BreadcrumbList","@id":"https:\/\/www.canariasviaja.com\/viajaresvivir\/un-bosque-de-cuento-la-selva-de-irati\/#breadcrumb","itemListElement":[{"@type":"ListItem","position":1,"name":"Portada","item":"https:\/\/www.canariasviaja.com\/viajaresvivir\/"},{"@type":"ListItem","position":2,"name":"Un bosque de cuento: la Selva de Irati"}]},{"@type":"WebSite","@id":"https:\/\/www.canariasviaja.com\/viajaresvivir\/#website","url":"https:\/\/www.canariasviaja.com\/viajaresvivir\/","name":"Viajar es vivir","description":"El blog de viajes y estilo de vida de CanariasViaja","potentialAction":[{"@type":"SearchAction","target":{"@type":"EntryPoint","urlTemplate":"https:\/\/www.canariasviaja.com\/viajaresvivir\/?s={search_term_string}"},"query-input":{"@type":"PropertyValueSpecification","valueRequired":true,"valueName":"search_term_string"}}],"inLanguage":"es"},{"@type":"Person","@id":"https:\/\/www.canariasviaja.com\/viajaresvivir\/#\/schema\/person\/085949651001325f1244a8bc1b34709c","name":"Patri C\u00e1mpora","image":{"@type":"ImageObject","inLanguage":"es","@id":"https:\/\/www.canariasviaja.com\/viajaresvivir\/#\/schema\/person\/image\/","url":"https:\/\/secure.gravatar.com\/avatar\/b2ce2c4086a5776e5310f57c1a2e5b4e?s=96&d=mm&r=g","contentUrl":"https:\/\/secure.gravatar.com\/avatar\/b2ce2c4086a5776e5310f57c1a2e5b4e?s=96&d=mm&r=g","caption":"Patri C\u00e1mpora"},"url":"https:\/\/www.canariasviaja.com\/viajaresvivir\/author\/patri\/"}]}},"_links":{"self":[{"href":"https:\/\/www.canariasviaja.com\/viajaresvivir\/wp-json\/wp\/v2\/posts\/1227"}],"collection":[{"href":"https:\/\/www.canariasviaja.com\/viajaresvivir\/wp-json\/wp\/v2\/posts"}],"about":[{"href":"https:\/\/www.canariasviaja.com\/viajaresvivir\/wp-json\/wp\/v2\/types\/post"}],"author":[{"embeddable":true,"href":"https:\/\/www.canariasviaja.com\/viajaresvivir\/wp-json\/wp\/v2\/users\/2"}],"replies":[{"embeddable":true,"href":"https:\/\/www.canariasviaja.com\/viajaresvivir\/wp-json\/wp\/v2\/comments?post=1227"}],"version-history":[{"count":9,"href":"https:\/\/www.canariasviaja.com\/viajaresvivir\/wp-json\/wp\/v2\/posts\/1227\/revisions"}],"predecessor-version":[{"id":9460,"href":"https:\/\/www.canariasviaja.com\/viajaresvivir\/wp-json\/wp\/v2\/posts\/1227\/revisions\/9460"}],"wp:featuredmedia":[{"embeddable":true,"href":"https:\/\/www.canariasviaja.com\/viajaresvivir\/wp-json\/wp\/v2\/media\/1231"}],"wp:attachment":[{"href":"https:\/\/www.canariasviaja.com\/viajaresvivir\/wp-json\/wp\/v2\/media?parent=1227"}],"wp:term":[{"taxonomy":"category","embeddable":true,"href":"https:\/\/www.canariasviaja.com\/viajaresvivir\/wp-json\/wp\/v2\/categories?post=1227"},{"taxonomy":"post_tag","embeddable":true,"href":"https:\/\/www.canariasviaja.com\/viajaresvivir\/wp-json\/wp\/v2\/tags?post=1227"}],"curies":[{"name":"wp","href":"https:\/\/api.w.org\/{rel}","templated":true}]}}