{"id":1656,"date":"2019-12-15T17:13:00","date_gmt":"2019-12-15T17:13:00","guid":{"rendered":"http:\/\/www.canariasviaja.com\/viajaresvivir\/?p=1656"},"modified":"2020-05-07T10:24:01","modified_gmt":"2020-05-07T10:24:01","slug":"paseo-por-murcia-capital","status":"publish","type":"post","link":"https:\/\/www.canariasviaja.com\/viajaresvivir\/paseo-por-murcia-capital\/","title":{"rendered":"El coraz\u00f3n de Murcia, de coraz\u00f3n"},"content":{"rendered":"\n<p>El olor a c\u00edtricos, las macetas con flores, el sonido de las campanas de la catedral y una alegr\u00eda que se palpa en cada calle. <strong><a href=\"https:\/\/www.canariasviaja.com\/viajaresvivir\/destination\/murcia-el-secreto-mejor-guardado-del-levante\/\">Murcia<\/a> es color, es sabor y tiene un nosequ\u00e9\u2026 que engancha.<\/strong><\/p>\n\n\n\n<figure class=\"wp-block-image size-large\"><img loading=\"lazy\" decoding=\"async\" width=\"1024\" height=\"683\" src=\"https:\/\/www.canariasviaja.com\/viajaresvivir\/wp-content\/uploads\/2020\/05\/Murcia7.jpg\" alt=\"Naranjo en flor en Murcia\" class=\"wp-image-3773\" srcset=\"https:\/\/www.canariasviaja.com\/viajaresvivir\/wp-content\/uploads\/2020\/05\/Murcia7.jpg 1024w, https:\/\/www.canariasviaja.com\/viajaresvivir\/wp-content\/uploads\/2020\/05\/Murcia7-300x200.jpg 300w, https:\/\/www.canariasviaja.com\/viajaresvivir\/wp-content\/uploads\/2020\/05\/Murcia7-768x512.jpg 768w\" sizes=\"(max-width: 1024px) 100vw, 1024px\" \/><figcaption>Foto: Patri C\u00e1mpora<\/figcaption><\/figure>\n\n\n\n<p>Soy Cristina V\u00edlchez, mitad granadina y mitad alicantina\u2026 y, si era mitad y mitad\u2026 Me qued\u00e9 en la mitad del camino. Una mitad del camino que me rob\u00f3 el coraz\u00f3n. S\u00ed, llegu\u00e9 a <strong>Murcia <\/strong>por amor, pero qued\u00e9 prendada de esta ciudad.<\/p>\n\n\n\n<p><strong>Murcia es ambiente, es alegr\u00eda, es buen rollo<\/strong>. Tiene todo lo bueno de una ciudad grande y todo lo bueno de una ciudad peque\u00f1a. \u00bfMe acompa\u00f1as? \u00a1Vamos a dar un paseo por el centro!<\/p>\n\n\n\n<figure class=\"wp-block-image size-large\"><img loading=\"lazy\" decoding=\"async\" width=\"2000\" height=\"1333\" src=\"http:\/\/www.canariasviaja.com\/viajaresvivir\/wp-content\/uploads\/2019\/12\/Murcia-istock.jpg\" alt=\"Avenida Alfonso X el Sabio en Murcia, imagen de istock\" class=\"wp-image-1994\" srcset=\"https:\/\/www.canariasviaja.com\/viajaresvivir\/wp-content\/uploads\/2019\/12\/Murcia-istock.jpg 2000w, https:\/\/www.canariasviaja.com\/viajaresvivir\/wp-content\/uploads\/2019\/12\/Murcia-istock-300x200.jpg 300w, https:\/\/www.canariasviaja.com\/viajaresvivir\/wp-content\/uploads\/2019\/12\/Murcia-istock-768x512.jpg 768w, https:\/\/www.canariasviaja.com\/viajaresvivir\/wp-content\/uploads\/2019\/12\/Murcia-istock-1536x1024.jpg 1536w, https:\/\/www.canariasviaja.com\/viajaresvivir\/wp-content\/uploads\/2019\/12\/Murcia-istock-1200x800.jpg 1200w, https:\/\/www.canariasviaja.com\/viajaresvivir\/wp-content\/uploads\/2019\/12\/Murcia-istock-1620x1080.jpg 1620w\" sizes=\"(max-width: 2000px) 100vw, 2000px\" \/><\/figure>\n\n\n\n<p>La ruta comienza en la <strong>plaza Circular<\/strong>. El tranv\u00eda va y viene, la plaza se llena de gente y de la terraza del kiosko sale olor a caf\u00e9, pero, no hay tiempo que perder, vamos rumbo a la <strong>Avenida de Alfonso X el Sabio<\/strong>, popularmente conocida como \u201c<em>el tont\u00f3dromo\u201d<\/em>, que tienes que enamorarte de esta ciudad. Es una calle peatonal reci\u00e9n renovada donde se empieza a sentir <strong>Murcia<\/strong>. Terrazas llenas de gente, palacetes, un convento, un colegio, familias paseando y el sol brillando, porque <strong>los d\u00edas bonitos son muy de Murcia.&nbsp;<\/strong><\/p>\n\n\n\n<div class=\"wp-block-image\"><figure class=\"alignleft size-medium\"><img loading=\"lazy\" decoding=\"async\" width=\"225\" height=\"300\" src=\"https:\/\/www.canariasviaja.com\/viajaresvivir\/wp-content\/uploads\/2019\/12\/Montadito-225x300.jpg\" alt=\"Montadito Murcia\" class=\"wp-image-1869\" srcset=\"https:\/\/www.canariasviaja.com\/viajaresvivir\/wp-content\/uploads\/2019\/12\/Montadito-225x300.jpg 225w, https:\/\/www.canariasviaja.com\/viajaresvivir\/wp-content\/uploads\/2019\/12\/Montadito-600x800.jpg 600w, https:\/\/www.canariasviaja.com\/viajaresvivir\/wp-content\/uploads\/2019\/12\/Montadito.jpg 768w\" sizes=\"(max-width: 225px) 100vw, 225px\" \/><\/figure><\/div>\n\n\n\n<p>Si el hambre o la curiosidad aprietan\u2026 s\u00ed, debemos hacer una peque\u00f1a parada para repostar en ese lugar donde hay tanta gente de pie, riendo y brindando. Es el lugar del <em>aperitivico<\/em>, el <strong><a href=\"https:\/\/www.tripadvisor.es\/Restaurant_Review-g187518-d3681737-Reviews-Cafe_Bar_Gran_Via-Murcia.html\" target=\"_blank\" rel=\"noreferrer noopener\" aria-label=\" (se abre en una nueva pesta\u00f1a)\">Caf\u00e9-Bar Gran V\u00eda<\/a><\/strong>. Aqu\u00ed debemos probar la maravilla de Murcia: <strong>una marinera<\/strong> (rosquilla de pan con ensaladilla rusa y coronada por una anchoa), c\u00f3mo no, con una <strong>Estrella Levante<\/strong>, la cerveza regional. Pero, no nos entretengamos, que hay mucho por ver.<\/p>\n\n\n\n<p>Terminado el \u00faltimo sorbo de esa cerveza, avanzamos hasta la <strong>Plaza Santo Domingo.<\/strong> Frente a la bonita Iglesia de Santo Domingo, un gran ficus centenario presume decorado por cientos de macetas de geranios que indican que, en este sitio, <strong>la gente le pone color a la vida.&nbsp;<\/strong><\/p>\n\n\n\n<figure class=\"wp-block-image size-large\"><img loading=\"lazy\" decoding=\"async\" width=\"1024\" height=\"683\" src=\"https:\/\/www.canariasviaja.com\/viajaresvivir\/wp-content\/uploads\/2020\/05\/Murcia8.jpg\" alt=\"Plaza de Santo Domingo en Murcia\" class=\"wp-image-3783\" srcset=\"https:\/\/www.canariasviaja.com\/viajaresvivir\/wp-content\/uploads\/2020\/05\/Murcia8.jpg 1024w, https:\/\/www.canariasviaja.com\/viajaresvivir\/wp-content\/uploads\/2020\/05\/Murcia8-300x200.jpg 300w, https:\/\/www.canariasviaja.com\/viajaresvivir\/wp-content\/uploads\/2020\/05\/Murcia8-768x512.jpg 768w\" sizes=\"(max-width: 1024px) 100vw, 1024px\" \/><\/figure>\n\n\n\n<figure class=\"wp-block-image size-large\"><img loading=\"lazy\" decoding=\"async\" width=\"1024\" height=\"683\" src=\"https:\/\/www.canariasviaja.com\/viajaresvivir\/wp-content\/uploads\/2020\/05\/Murcia6.jpg\" alt=\"Macetas de flores en Murcia\" class=\"wp-image-3775\" srcset=\"https:\/\/www.canariasviaja.com\/viajaresvivir\/wp-content\/uploads\/2020\/05\/Murcia6.jpg 1024w, https:\/\/www.canariasviaja.com\/viajaresvivir\/wp-content\/uploads\/2020\/05\/Murcia6-300x200.jpg 300w, https:\/\/www.canariasviaja.com\/viajaresvivir\/wp-content\/uploads\/2020\/05\/Murcia6-768x512.jpg 768w\" sizes=\"(max-width: 1024px) 100vw, 1024px\" \/><figcaption>Foto: Patri C\u00e1mpora<\/figcaption><\/figure>\n\n\n\n<div class=\"wp-block-image\"><figure class=\"alignleft size-medium\"><img loading=\"lazy\" decoding=\"async\" width=\"300\" height=\"225\" src=\"https:\/\/www.canariasviaja.com\/viajaresvivir\/wp-content\/uploads\/2019\/12\/Teatro-Romea-1-300x225.jpg\" alt=\"Teatro Romea Murcia\" class=\"wp-image-1865\" srcset=\"https:\/\/www.canariasviaja.com\/viajaresvivir\/wp-content\/uploads\/2019\/12\/Teatro-Romea-1-300x225.jpg 300w, https:\/\/www.canariasviaja.com\/viajaresvivir\/wp-content\/uploads\/2019\/12\/Teatro-Romea-1-768x576.jpg 768w, https:\/\/www.canariasviaja.com\/viajaresvivir\/wp-content\/uploads\/2019\/12\/Teatro-Romea-1-800x600.jpg 800w, https:\/\/www.canariasviaja.com\/viajaresvivir\/wp-content\/uploads\/2019\/12\/Teatro-Romea-1.jpg 1024w\" sizes=\"(max-width: 300px) 100vw, 300px\" \/><\/figure><\/div>\n\n\n\n<p>M\u00e1s terrazas, artistas mostrando sus habilidades, m\u00fasica callejera y ni\u00f1os correteando\u2026 Vamos a pasar bajo el arco, que la funci\u00f3n comienza. Tras la modesta iglesia, otra plaza. La de Juli\u00e1n Romea, presidida por el <strong>Teatro Romea<\/strong>, un edificio del S. XiX lleno de historia y leyendas que os contar\u00e9 alg\u00fan d\u00eda. Ser\u00eda buena idea revisar la <a href=\"http:\/\/www.teatroromea.es\/\" target=\"_blank\" rel=\"noreferrer noopener\" aria-label=\" (se abre en una nueva pesta\u00f1a)\">programaci\u00f3n del teatro <\/a>y ver una obra un d\u00eda de estos, \u00bfpor qu\u00e9 no?. Pero, un momento, huele a pizza, \u00bfverdad? Si fuese la hora de comer, me sentar\u00eda en la terraza de la esquina y probar\u00eda una de las delicias del restaurante <strong><a href=\"http:\/\/www.oven.es\/\" target=\"_blank\" rel=\"noreferrer noopener\" aria-label=\" (se abre en una nueva pesta\u00f1a)\">\u00d4ven<\/a><\/strong>. Pero hay que continuar con la visita \ud83d\ude09<\/p>\n\n\n\n<p>Callejeamos por <strong>Jaboner\u00edas, Plater\u00eda, Traper\u00eda<\/strong>, todas esas callecitas con encanto, con mucha historia, donde hoy encontramos infinidad de comercios de todo tipo. Escaparates llenos de conjuntos de ropa, joyer\u00edas hist\u00f3ricas, perfumer\u00edas, sombrerer\u00edas\u2026 <strong>No podr\u00e1s resistir la tentaci\u00f3n<\/strong>, algo comprar\u00e1s.&nbsp;<\/p>\n\n\n\n<figure class=\"wp-block-image size-large\"><img loading=\"lazy\" decoding=\"async\" width=\"1024\" height=\"683\" src=\"https:\/\/www.canariasviaja.com\/viajaresvivir\/wp-content\/uploads\/2020\/05\/Murcia4.jpg\" alt=\"\" class=\"wp-image-3776\" srcset=\"https:\/\/www.canariasviaja.com\/viajaresvivir\/wp-content\/uploads\/2020\/05\/Murcia4.jpg 1024w, https:\/\/www.canariasviaja.com\/viajaresvivir\/wp-content\/uploads\/2020\/05\/Murcia4-300x200.jpg 300w, https:\/\/www.canariasviaja.com\/viajaresvivir\/wp-content\/uploads\/2020\/05\/Murcia4-768x512.jpg 768w\" sizes=\"(max-width: 1024px) 100vw, 1024px\" \/><figcaption>Foto: Patri C\u00e1mpora<\/figcaption><\/figure>\n\n\n\n<p>En mitad de este paseo, en la calle Traper\u00eda, de repente nos encontramos con un edificio imponente: el <a rel=\"noreferrer noopener\" aria-label=\"Real Casino de Murcia. (se abre en una nueva pesta\u00f1a)\" href=\"http:\/\/realcasinomurcia.com\/\" target=\"_blank\"><strong>Real Casino de Murcia<\/strong>.<\/a> Es un monumento hist\u00f3rico-art\u00edstico nacional. Desde afuera, tras los ventanales, vemos a se\u00f1ores de bien jugando al ajedrez, tomando el t\u00e9 o leyendo la prensa del d\u00eda. Si tienes un ratito, emprende la visita, teletransp\u00f3rtate al siglo XIX en sus salones, imag\u00ednate ser parte de la burgues\u00eda murciana.<\/p>\n\n\n\n<figure class=\"wp-block-image size-large\"><img loading=\"lazy\" decoding=\"async\" width=\"1024\" height=\"683\" src=\"https:\/\/www.canariasviaja.com\/viajaresvivir\/wp-content\/uploads\/2020\/05\/Murcia11.jpg\" alt=\"Fachada del Casino de Murcia\" class=\"wp-image-3781\" srcset=\"https:\/\/www.canariasviaja.com\/viajaresvivir\/wp-content\/uploads\/2020\/05\/Murcia11.jpg 1024w, https:\/\/www.canariasviaja.com\/viajaresvivir\/wp-content\/uploads\/2020\/05\/Murcia11-300x200.jpg 300w, https:\/\/www.canariasviaja.com\/viajaresvivir\/wp-content\/uploads\/2020\/05\/Murcia11-768x512.jpg 768w\" sizes=\"(max-width: 1024px) 100vw, 1024px\" \/><\/figure>\n\n\n\n<figure class=\"wp-block-image size-large\"><img loading=\"lazy\" decoding=\"async\" width=\"1024\" height=\"683\" src=\"https:\/\/www.canariasviaja.com\/viajaresvivir\/wp-content\/uploads\/2020\/05\/Murcia3.jpg\" alt=\"Techo patio de entrada Casino de Murcia\" class=\"wp-image-3777\" srcset=\"https:\/\/www.canariasviaja.com\/viajaresvivir\/wp-content\/uploads\/2020\/05\/Murcia3.jpg 1024w, https:\/\/www.canariasviaja.com\/viajaresvivir\/wp-content\/uploads\/2020\/05\/Murcia3-300x200.jpg 300w, https:\/\/www.canariasviaja.com\/viajaresvivir\/wp-content\/uploads\/2020\/05\/Murcia3-768x512.jpg 768w\" sizes=\"(max-width: 1024px) 100vw, 1024px\" \/><figcaption>Foto: Patri C\u00e1mpora<\/figcaption><\/figure>\n\n\n\n<p>\u00bfSeguimos? Avanzando por la misma calle vislumbramos la <strong>Catedral. <\/strong>Esa Torre-Campanario, de 93 metros, la convierten en el tercer monumento m\u00e1s alto de Espa\u00f1a. Rodea los muros, pasea por los soportales y sit\u00faate en el centro de la <strong>plaza del Cardenal Belluga<\/strong>, mira qu\u00e9 bonita, c\u00f3mo impone y qu\u00e9 luz tan bonita se refleja en su fachada.<\/p>\n\n\n\n<figure class=\"wp-block-image size-large\"><img loading=\"lazy\" decoding=\"async\" width=\"2000\" height=\"1335\" src=\"https:\/\/www.canariasviaja.com\/viajaresvivir\/wp-content\/uploads\/2020\/05\/Catedral-de-Murcia.jpg\" alt=\"Catedral de Murcia\" class=\"wp-image-3761\" srcset=\"https:\/\/www.canariasviaja.com\/viajaresvivir\/wp-content\/uploads\/2020\/05\/Catedral-de-Murcia.jpg 2000w, https:\/\/www.canariasviaja.com\/viajaresvivir\/wp-content\/uploads\/2020\/05\/Catedral-de-Murcia-300x200.jpg 300w, https:\/\/www.canariasviaja.com\/viajaresvivir\/wp-content\/uploads\/2020\/05\/Catedral-de-Murcia-768x513.jpg 768w, https:\/\/www.canariasviaja.com\/viajaresvivir\/wp-content\/uploads\/2020\/05\/Catedral-de-Murcia-1536x1025.jpg 1536w, https:\/\/www.canariasviaja.com\/viajaresvivir\/wp-content\/uploads\/2020\/05\/Catedral-de-Murcia-1200x801.jpg 1200w, https:\/\/www.canariasviaja.com\/viajaresvivir\/wp-content\/uploads\/2020\/05\/Catedral-de-Murcia-1618x1080.jpg 1618w\" sizes=\"(max-width: 2000px) 100vw, 2000px\" \/><figcaption>Foto: Patri C\u00e1mpora<\/figcaption><\/figure>\n\n\n\n<p>Tras la Catedral, el <strong>Ayuntamiento <\/strong>de la Ciudad, rodeado de jardines, nos presenta al <strong>R\u00edo Segura<\/strong>. Puedes dar un peque\u00f1o paseo en barquita, pasear por la ladera o hacerte un selfie con esa sardina que saca la cabeza del agua y saluda a los visitantes que cruzan el \u201cpuente viejo\u201d. Para un poquito, mira qu\u00e9 vistas tan bonitas de la ciudad. La virgen de los Peligros custodia el puente y te da la bienvenida al <strong>Barrio del Carmen.&nbsp;<\/strong><\/p>\n\n\n\n<figure class=\"wp-block-image size-large\"><img loading=\"lazy\" decoding=\"async\" width=\"2000\" height=\"1371\" src=\"http:\/\/www.canariasviaja.com\/viajaresvivir\/wp-content\/uploads\/2019\/12\/Rio-segura-desde-el-aire.jpg\" alt=\"Toma a\u00e9rea de Murcia con el r\u00edo segura istock\" class=\"wp-image-1995\" srcset=\"https:\/\/www.canariasviaja.com\/viajaresvivir\/wp-content\/uploads\/2019\/12\/Rio-segura-desde-el-aire.jpg 2000w, https:\/\/www.canariasviaja.com\/viajaresvivir\/wp-content\/uploads\/2019\/12\/Rio-segura-desde-el-aire-300x206.jpg 300w, https:\/\/www.canariasviaja.com\/viajaresvivir\/wp-content\/uploads\/2019\/12\/Rio-segura-desde-el-aire-768x526.jpg 768w, https:\/\/www.canariasviaja.com\/viajaresvivir\/wp-content\/uploads\/2019\/12\/Rio-segura-desde-el-aire-1536x1053.jpg 1536w, https:\/\/www.canariasviaja.com\/viajaresvivir\/wp-content\/uploads\/2019\/12\/Rio-segura-desde-el-aire-1200x823.jpg 1200w, https:\/\/www.canariasviaja.com\/viajaresvivir\/wp-content\/uploads\/2019\/12\/Rio-segura-desde-el-aire-1575x1080.jpg 1575w\" sizes=\"(max-width: 2000px) 100vw, 2000px\" \/><\/figure>\n\n\n\n<p>Ahora s\u00ed que s\u00ed, nos han dado las tantas paseando y es hora de comer. Dir\u00edgete a la <strong>Plaza de las Flores<\/strong>, busca una mesa con sitio, pide un buen <strong>Jumilla<\/strong> y entr\u00e9gate a los <strong>michirones, al zarangollo,<\/strong> a los productos de la <strong>huerta murciana<\/strong>. Recuerda acabar con un <strong>caf\u00e9 asi\u00e1tico<\/strong>. Una buena sobremesa\u2026 y, atenci\u00f3n, \u00bfoyes m\u00fasica? \u00bfrisas? S\u00ed, es que empieza el <strong>tardeo. <\/strong>\u00bfNos vamos de fiesta?<\/p>\n\n\n\n<figure class=\"wp-block-image size-large\"><img loading=\"lazy\" decoding=\"async\" width=\"1024\" height=\"683\" src=\"https:\/\/www.canariasviaja.com\/viajaresvivir\/wp-content\/uploads\/2020\/05\/Murcia2.jpg\" alt=\"Tardeo en Plaza de las Flores en Murcia\" class=\"wp-image-3779\" srcset=\"https:\/\/www.canariasviaja.com\/viajaresvivir\/wp-content\/uploads\/2020\/05\/Murcia2.jpg 1024w, https:\/\/www.canariasviaja.com\/viajaresvivir\/wp-content\/uploads\/2020\/05\/Murcia2-300x200.jpg 300w, https:\/\/www.canariasviaja.com\/viajaresvivir\/wp-content\/uploads\/2020\/05\/Murcia2-768x512.jpg 768w\" sizes=\"(max-width: 1024px) 100vw, 1024px\" \/><\/figure>\n\n\n\n<p>Probablemente habr\u00e1s escuchado hablar del <strong>tardeo. <\/strong>\u00bfPor qu\u00e9 salir a bailar y divertirse por la noche pudiendo pasar todo un d\u00eda de alegr\u00eda? Los s\u00e1bados Murcia hierve. Un buen plan podr\u00eda ser comer en la <strong><a href=\"https:\/\/www.tripadvisor.es\/Attraction_Review-g187518-d9570043-Reviews-Plaza_de_las_Flores-Murcia.html\" target=\"_blank\" rel=\"noreferrer noopener\" aria-label=\" (se abre en una nueva pesta\u00f1a)\">Plaza de las Flores<\/a><\/strong> y sentir el apogeo, re\u00edrte con los disfraces m\u00e1s ingeniosos de las despedidas de soltero que pululan por las terrazas, tomar la primera copa de sobremesa y, despu\u00e9s, sucumbir ante la <strong>oferta musical<\/strong> de los locales que, desde primera hora de la tarde se llenan de gente dispuesta a darlo todo por diferentes zonas de la ciudad.<\/p>\n\n\n\n<p>Ambiente festivo en modo alternativo, comercial, pop espa\u00f1ol, rock\u2026 Lo que quieras. Los Djs ocupan sus mesas y suben el volumen en locales como <strong>BizzArt, Revolver, El Taller, China Town, Alter Ego, Black tag, 609, La Muralla<\/strong>\u2026 \u00a1Elige!<\/p>\n\n\n\n<figure class=\"wp-block-image size-full\"><img loading=\"lazy\" decoding=\"async\" width=\"2000\" height=\"1500\" src=\"https:\/\/www.canariasviaja.com\/viajaresvivir\/wp-content\/uploads\/2019\/12\/Tardeo-Cristina-Vilchez.jpg\" alt=\"Grupo de amigos disfrutando del tardeo \" class=\"wp-image-1964\" srcset=\"https:\/\/www.canariasviaja.com\/viajaresvivir\/wp-content\/uploads\/2019\/12\/Tardeo-Cristina-Vilchez.jpg 2000w, https:\/\/www.canariasviaja.com\/viajaresvivir\/wp-content\/uploads\/2019\/12\/Tardeo-Cristina-Vilchez-300x225.jpg 300w, https:\/\/www.canariasviaja.com\/viajaresvivir\/wp-content\/uploads\/2019\/12\/Tardeo-Cristina-Vilchez-768x576.jpg 768w, https:\/\/www.canariasviaja.com\/viajaresvivir\/wp-content\/uploads\/2019\/12\/Tardeo-Cristina-Vilchez-1536x1152.jpg 1536w, https:\/\/www.canariasviaja.com\/viajaresvivir\/wp-content\/uploads\/2019\/12\/Tardeo-Cristina-Vilchez-1200x900.jpg 1200w, https:\/\/www.canariasviaja.com\/viajaresvivir\/wp-content\/uploads\/2019\/12\/Tardeo-Cristina-Vilchez-800x600.jpg 800w, https:\/\/www.canariasviaja.com\/viajaresvivir\/wp-content\/uploads\/2019\/12\/Tardeo-Cristina-Vilchez-1440x1080.jpg 1440w\" sizes=\"(max-width: 2000px) 100vw, 2000px\" \/><\/figure>\n\n\n\n<p>Pero, si te apetece un plan diferente, te propongo comer en el nuevo <strong><a href=\"https:\/\/www.tripadvisor.es\/Restaurant_Review-g187518-d15354883-Reviews-Mercado_de_Correos-Murcia.html\" target=\"_blank\" rel=\"noreferrer noopener\" aria-label=\" (se abre en una nueva pesta\u00f1a)\">Mercado de Correos<\/a><\/strong>. El edificio ha sido recientemente rehabilitado y te va a encantar, prometido, porque puedes probarlo todo. Una <strong>gran oferta gastron\u00f3mica<\/strong> para conquistarte: peque\u00f1os puestos de comida donde degustar manjares como pastel de carne murciano, marineras, pescadito frito, ostras, carnes, sushi, tacos mexicanos o pasta fresca. Hazte con una mesa, pide tu bebida y prueba un poco de todo. Te enamorar\u00e1s de la estructura, la decoraci\u00f3n y del ambiente. Y, despu\u00e9s de comer, si te apetece un c\u00f3ctel, no te vayas muy lejos porque al fondo del mercado te espera <strong>el Invernadero<\/strong>. S\u00ed, de ah\u00ed ven\u00eda esa m\u00fasica. Mesas altas, sof\u00e1s de mimbre, muchas risas y color verde. Jardines verticales y luz natural para brindar con amigos en un entorno muy especial.<\/p>\n\n\n\n<p>Fin de semana completo, \u00bfverdad? Combinamos <strong>turismo, historia, gastronom\u00eda y ocio<\/strong>. \u00bfNo me digas que no son razones suficientes como para enamorarse? Ahora solo tienes que tomar nota, elegir tu mejor look y prepararte para sentir la alegr\u00eda de este lugar. Porque alguien dijo alguna vez: Murcia, qu\u00e9 hermosa eres\u2026 \u00a1Y qu\u00e9 raz\u00f3n ten\u00eda!<\/p>\n\n\n\n<figure class=\"wp-block-image size-large\"><img loading=\"lazy\" decoding=\"async\" width=\"1024\" height=\"683\" src=\"https:\/\/www.canariasviaja.com\/viajaresvivir\/wp-content\/uploads\/2020\/05\/Murcia9.jpg\" alt=\"\" class=\"wp-image-3780\" srcset=\"https:\/\/www.canariasviaja.com\/viajaresvivir\/wp-content\/uploads\/2020\/05\/Murcia9.jpg 1024w, https:\/\/www.canariasviaja.com\/viajaresvivir\/wp-content\/uploads\/2020\/05\/Murcia9-300x200.jpg 300w, https:\/\/www.canariasviaja.com\/viajaresvivir\/wp-content\/uploads\/2020\/05\/Murcia9-768x512.jpg 768w\" sizes=\"(max-width: 1024px) 100vw, 1024px\" \/><figcaption>Foto: Patri C\u00e1mpora<\/figcaption><\/figure>\n","protected":false},"excerpt":{"rendered":"<p>El olor a c\u00edtricos, las macetas con flores, el sonido de las campanas de la catedral y una alegr\u00eda que se palpa en cada calle. Murcia es color, es sabor y tiene un nosequ\u00e9\u2026 que engancha. Desc\u00fabrela.<\/p>\n","protected":false},"author":8,"featured_media":1994,"comment_status":"open","ping_status":"open","sticky":false,"template":"","format":"standard","meta":{"_acf_changed":false,"sfsi_plus_gutenberg_text_before_share":"","sfsi_plus_gutenberg_show_text_before_share":"","sfsi_plus_gutenberg_icon_type":"","sfsi_plus_gutenberg_icon_alignemt":"","sfsi_plus_gutenburg_max_per_row":"","footnotes":""},"categories":[124,8,123,10,102,100,1],"tags":[264,149,263,151,150,262,291],"class_list":["post-1656","post","type-post","status-publish","format-standard","has-post-thumbnail","hentry","category-descubre","category-diariodeviaje","category-explora","category-historias-viajeras","category-murcia","category-peninsulaybaleares","category-sin-categoria","tag-cultura","tag-escapada-en-pareja","tag-escapada-urbana","tag-gastronomia","tag-historia","tag-murcia","tag-ruta-a-pie"],"acf":[],"yoast_head":"<!-- This site is optimized with the Yoast SEO plugin v24.1 - https:\/\/yoast.com\/wordpress\/plugins\/seo\/ -->\n<title>El coraz\u00f3n de Murcia, de coraz\u00f3n - Viajar es vivir<\/title>\n<meta name=\"description\" content=\"Cristina V\u00edlchez, periodista digital residente en Murcia, nos invita a recorrer el centro de Murcia capital \u00bfTe vienes a descubrirla?\" \/>\n<meta name=\"robots\" content=\"index, follow, max-snippet:-1, max-image-preview:large, max-video-preview:-1\" \/>\n<link rel=\"canonical\" href=\"https:\/\/www.canariasviaja.com\/viajaresvivir\/paseo-por-murcia-capital\/\" \/>\n<meta property=\"og:locale\" content=\"es_ES\" \/>\n<meta property=\"og:type\" content=\"article\" \/>\n<meta property=\"og:title\" content=\"El coraz\u00f3n de Murcia, de coraz\u00f3n - Viajar es vivir\" \/>\n<meta property=\"og:description\" content=\"Cristina V\u00edlchez, periodista digital residente en Murcia, nos invita a recorrer el centro de Murcia capital \u00bfTe vienes a descubrirla?\" \/>\n<meta property=\"og:url\" content=\"https:\/\/www.canariasviaja.com\/viajaresvivir\/paseo-por-murcia-capital\/\" \/>\n<meta property=\"og:site_name\" content=\"Viajar es vivir\" \/>\n<meta property=\"article:published_time\" content=\"2019-12-15T17:13:00+00:00\" \/>\n<meta property=\"article:modified_time\" content=\"2020-05-07T10:24:01+00:00\" \/>\n<meta property=\"og:image\" content=\"https:\/\/www.canariasviaja.com\/viajaresvivir\/wp-content\/uploads\/2019\/12\/Paseo-rio-segura.jpg\" \/>\n\t<meta property=\"og:image:width\" content=\"768\" \/>\n\t<meta property=\"og:image:height\" content=\"1024\" \/>\n\t<meta property=\"og:image:type\" content=\"image\/jpeg\" \/>\n<meta name=\"author\" content=\"Cristina V\u00edlchez\" \/>\n<meta name=\"twitter:card\" content=\"summary_large_image\" \/>\n<meta name=\"twitter:description\" content=\"Cristina V\u00edlchez, periodista digital residente en Murcia, nos invita a recorrer el centro de Murcia capital \u00bfTe vienes a descubrirla?\" \/>\n<meta name=\"twitter:label1\" content=\"Escrito por\" \/>\n\t<meta name=\"twitter:data1\" content=\"Cristina V\u00edlchez\" \/>\n\t<meta name=\"twitter:label2\" content=\"Tiempo de lectura\" \/>\n\t<meta name=\"twitter:data2\" content=\"6 minutos\" \/>\n<script type=\"application\/ld+json\" class=\"yoast-schema-graph\">{\"@context\":\"https:\/\/schema.org\",\"@graph\":[{\"@type\":\"WebPage\",\"@id\":\"https:\/\/www.canariasviaja.com\/viajaresvivir\/paseo-por-murcia-capital\/\",\"url\":\"https:\/\/www.canariasviaja.com\/viajaresvivir\/paseo-por-murcia-capital\/\",\"name\":\"El coraz\u00f3n de Murcia, de coraz\u00f3n - Viajar es vivir\",\"isPartOf\":{\"@id\":\"https:\/\/www.canariasviaja.com\/viajaresvivir\/#website\"},\"primaryImageOfPage\":{\"@id\":\"https:\/\/www.canariasviaja.com\/viajaresvivir\/paseo-por-murcia-capital\/#primaryimage\"},\"image\":{\"@id\":\"https:\/\/www.canariasviaja.com\/viajaresvivir\/paseo-por-murcia-capital\/#primaryimage\"},\"thumbnailUrl\":\"https:\/\/www.canariasviaja.com\/viajaresvivir\/wp-content\/uploads\/2019\/12\/Murcia-istock.jpg\",\"datePublished\":\"2019-12-15T17:13:00+00:00\",\"dateModified\":\"2020-05-07T10:24:01+00:00\",\"author\":{\"@id\":\"https:\/\/www.canariasviaja.com\/viajaresvivir\/#\/schema\/person\/9df300058e20d674c15c01354b4546e0\"},\"description\":\"Cristina V\u00edlchez, periodista digital residente en Murcia, nos invita a recorrer el centro de Murcia capital \u00bfTe vienes a descubrirla?\",\"breadcrumb\":{\"@id\":\"https:\/\/www.canariasviaja.com\/viajaresvivir\/paseo-por-murcia-capital\/#breadcrumb\"},\"inLanguage\":\"es\",\"potentialAction\":[{\"@type\":\"ReadAction\",\"target\":[\"https:\/\/www.canariasviaja.com\/viajaresvivir\/paseo-por-murcia-capital\/\"]}]},{\"@type\":\"ImageObject\",\"inLanguage\":\"es\",\"@id\":\"https:\/\/www.canariasviaja.com\/viajaresvivir\/paseo-por-murcia-capital\/#primaryimage\",\"url\":\"https:\/\/www.canariasviaja.com\/viajaresvivir\/wp-content\/uploads\/2019\/12\/Murcia-istock.jpg\",\"contentUrl\":\"https:\/\/www.canariasviaja.com\/viajaresvivir\/wp-content\/uploads\/2019\/12\/Murcia-istock.jpg\",\"width\":2000,\"height\":1333,\"caption\":\"Avenida Alfonso X el Sabio en Murcia, imagen de istock\"},{\"@type\":\"BreadcrumbList\",\"@id\":\"https:\/\/www.canariasviaja.com\/viajaresvivir\/paseo-por-murcia-capital\/#breadcrumb\",\"itemListElement\":[{\"@type\":\"ListItem\",\"position\":1,\"name\":\"Portada\",\"item\":\"https:\/\/www.canariasviaja.com\/viajaresvivir\/\"},{\"@type\":\"ListItem\",\"position\":2,\"name\":\"El coraz\u00f3n de Murcia, de coraz\u00f3n\"}]},{\"@type\":\"WebSite\",\"@id\":\"https:\/\/www.canariasviaja.com\/viajaresvivir\/#website\",\"url\":\"https:\/\/www.canariasviaja.com\/viajaresvivir\/\",\"name\":\"Viajar es vivir\",\"description\":\"El blog de viajes y estilo de vida de CanariasViaja\",\"potentialAction\":[{\"@type\":\"SearchAction\",\"target\":{\"@type\":\"EntryPoint\",\"urlTemplate\":\"https:\/\/www.canariasviaja.com\/viajaresvivir\/?s={search_term_string}\"},\"query-input\":{\"@type\":\"PropertyValueSpecification\",\"valueRequired\":true,\"valueName\":\"search_term_string\"}}],\"inLanguage\":\"es\"},{\"@type\":\"Person\",\"@id\":\"https:\/\/www.canariasviaja.com\/viajaresvivir\/#\/schema\/person\/9df300058e20d674c15c01354b4546e0\",\"name\":\"Cristina V\u00edlchez\",\"image\":{\"@type\":\"ImageObject\",\"inLanguage\":\"es\",\"@id\":\"https:\/\/www.canariasviaja.com\/viajaresvivir\/#\/schema\/person\/image\/\",\"url\":\"https:\/\/secure.gravatar.com\/avatar\/9486d73b06e3cfd8b5204f2deff8d917?s=96&d=mm&r=g\",\"contentUrl\":\"https:\/\/secure.gravatar.com\/avatar\/9486d73b06e3cfd8b5204f2deff8d917?s=96&d=mm&r=g\",\"caption\":\"Cristina V\u00edlchez\"},\"url\":\"https:\/\/www.canariasviaja.com\/viajaresvivir\/author\/cristina-vilchez\/\"}]}<\/script>\n<!-- \/ Yoast SEO plugin. -->","yoast_head_json":{"title":"El coraz\u00f3n de Murcia, de coraz\u00f3n - Viajar es vivir","description":"Cristina V\u00edlchez, periodista digital residente en Murcia, nos invita a recorrer el centro de Murcia capital \u00bfTe vienes a descubrirla?","robots":{"index":"index","follow":"follow","max-snippet":"max-snippet:-1","max-image-preview":"max-image-preview:large","max-video-preview":"max-video-preview:-1"},"canonical":"https:\/\/www.canariasviaja.com\/viajaresvivir\/paseo-por-murcia-capital\/","og_locale":"es_ES","og_type":"article","og_title":"El coraz\u00f3n de Murcia, de coraz\u00f3n - Viajar es vivir","og_description":"Cristina V\u00edlchez, periodista digital residente en Murcia, nos invita a recorrer el centro de Murcia capital \u00bfTe vienes a descubrirla?","og_url":"https:\/\/www.canariasviaja.com\/viajaresvivir\/paseo-por-murcia-capital\/","og_site_name":"Viajar es vivir","article_published_time":"2019-12-15T17:13:00+00:00","article_modified_time":"2020-05-07T10:24:01+00:00","og_image":[{"width":768,"height":1024,"url":"https:\/\/www.canariasviaja.com\/viajaresvivir\/wp-content\/uploads\/2019\/12\/Paseo-rio-segura.jpg","type":"image\/jpeg"}],"author":"Cristina V\u00edlchez","twitter_card":"summary_large_image","twitter_description":"Cristina V\u00edlchez, periodista digital residente en Murcia, nos invita a recorrer el centro de Murcia capital \u00bfTe vienes a descubrirla?","twitter_misc":{"Escrito por":"Cristina V\u00edlchez","Tiempo de lectura":"6 minutos"},"schema":{"@context":"https:\/\/schema.org","@graph":[{"@type":"WebPage","@id":"https:\/\/www.canariasviaja.com\/viajaresvivir\/paseo-por-murcia-capital\/","url":"https:\/\/www.canariasviaja.com\/viajaresvivir\/paseo-por-murcia-capital\/","name":"El coraz\u00f3n de Murcia, de coraz\u00f3n - Viajar es vivir","isPartOf":{"@id":"https:\/\/www.canariasviaja.com\/viajaresvivir\/#website"},"primaryImageOfPage":{"@id":"https:\/\/www.canariasviaja.com\/viajaresvivir\/paseo-por-murcia-capital\/#primaryimage"},"image":{"@id":"https:\/\/www.canariasviaja.com\/viajaresvivir\/paseo-por-murcia-capital\/#primaryimage"},"thumbnailUrl":"https:\/\/www.canariasviaja.com\/viajaresvivir\/wp-content\/uploads\/2019\/12\/Murcia-istock.jpg","datePublished":"2019-12-15T17:13:00+00:00","dateModified":"2020-05-07T10:24:01+00:00","author":{"@id":"https:\/\/www.canariasviaja.com\/viajaresvivir\/#\/schema\/person\/9df300058e20d674c15c01354b4546e0"},"description":"Cristina V\u00edlchez, periodista digital residente en Murcia, nos invita a recorrer el centro de Murcia capital \u00bfTe vienes a descubrirla?","breadcrumb":{"@id":"https:\/\/www.canariasviaja.com\/viajaresvivir\/paseo-por-murcia-capital\/#breadcrumb"},"inLanguage":"es","potentialAction":[{"@type":"ReadAction","target":["https:\/\/www.canariasviaja.com\/viajaresvivir\/paseo-por-murcia-capital\/"]}]},{"@type":"ImageObject","inLanguage":"es","@id":"https:\/\/www.canariasviaja.com\/viajaresvivir\/paseo-por-murcia-capital\/#primaryimage","url":"https:\/\/www.canariasviaja.com\/viajaresvivir\/wp-content\/uploads\/2019\/12\/Murcia-istock.jpg","contentUrl":"https:\/\/www.canariasviaja.com\/viajaresvivir\/wp-content\/uploads\/2019\/12\/Murcia-istock.jpg","width":2000,"height":1333,"caption":"Avenida Alfonso X el Sabio en Murcia, imagen de istock"},{"@type":"BreadcrumbList","@id":"https:\/\/www.canariasviaja.com\/viajaresvivir\/paseo-por-murcia-capital\/#breadcrumb","itemListElement":[{"@type":"ListItem","position":1,"name":"Portada","item":"https:\/\/www.canariasviaja.com\/viajaresvivir\/"},{"@type":"ListItem","position":2,"name":"El coraz\u00f3n de Murcia, de coraz\u00f3n"}]},{"@type":"WebSite","@id":"https:\/\/www.canariasviaja.com\/viajaresvivir\/#website","url":"https:\/\/www.canariasviaja.com\/viajaresvivir\/","name":"Viajar es vivir","description":"El blog de viajes y estilo de vida de CanariasViaja","potentialAction":[{"@type":"SearchAction","target":{"@type":"EntryPoint","urlTemplate":"https:\/\/www.canariasviaja.com\/viajaresvivir\/?s={search_term_string}"},"query-input":{"@type":"PropertyValueSpecification","valueRequired":true,"valueName":"search_term_string"}}],"inLanguage":"es"},{"@type":"Person","@id":"https:\/\/www.canariasviaja.com\/viajaresvivir\/#\/schema\/person\/9df300058e20d674c15c01354b4546e0","name":"Cristina V\u00edlchez","image":{"@type":"ImageObject","inLanguage":"es","@id":"https:\/\/www.canariasviaja.com\/viajaresvivir\/#\/schema\/person\/image\/","url":"https:\/\/secure.gravatar.com\/avatar\/9486d73b06e3cfd8b5204f2deff8d917?s=96&d=mm&r=g","contentUrl":"https:\/\/secure.gravatar.com\/avatar\/9486d73b06e3cfd8b5204f2deff8d917?s=96&d=mm&r=g","caption":"Cristina V\u00edlchez"},"url":"https:\/\/www.canariasviaja.com\/viajaresvivir\/author\/cristina-vilchez\/"}]}},"_links":{"self":[{"href":"https:\/\/www.canariasviaja.com\/viajaresvivir\/wp-json\/wp\/v2\/posts\/1656"}],"collection":[{"href":"https:\/\/www.canariasviaja.com\/viajaresvivir\/wp-json\/wp\/v2\/posts"}],"about":[{"href":"https:\/\/www.canariasviaja.com\/viajaresvivir\/wp-json\/wp\/v2\/types\/post"}],"author":[{"embeddable":true,"href":"https:\/\/www.canariasviaja.com\/viajaresvivir\/wp-json\/wp\/v2\/users\/8"}],"replies":[{"embeddable":true,"href":"https:\/\/www.canariasviaja.com\/viajaresvivir\/wp-json\/wp\/v2\/comments?post=1656"}],"version-history":[{"count":10,"href":"https:\/\/www.canariasviaja.com\/viajaresvivir\/wp-json\/wp\/v2\/posts\/1656\/revisions"}],"predecessor-version":[{"id":3800,"href":"https:\/\/www.canariasviaja.com\/viajaresvivir\/wp-json\/wp\/v2\/posts\/1656\/revisions\/3800"}],"wp:featuredmedia":[{"embeddable":true,"href":"https:\/\/www.canariasviaja.com\/viajaresvivir\/wp-json\/wp\/v2\/media\/1994"}],"wp:attachment":[{"href":"https:\/\/www.canariasviaja.com\/viajaresvivir\/wp-json\/wp\/v2\/media?parent=1656"}],"wp:term":[{"taxonomy":"category","embeddable":true,"href":"https:\/\/www.canariasviaja.com\/viajaresvivir\/wp-json\/wp\/v2\/categories?post=1656"},{"taxonomy":"post_tag","embeddable":true,"href":"https:\/\/www.canariasviaja.com\/viajaresvivir\/wp-json\/wp\/v2\/tags?post=1656"}],"curies":[{"name":"wp","href":"https:\/\/api.w.org\/{rel}","templated":true}]}}