{"id":1726,"date":"2019-12-30T08:26:00","date_gmt":"2019-12-30T08:26:00","guid":{"rendered":"http:\/\/www.canariasviaja.com\/viajaresvivir\/?p=1726"},"modified":"2019-12-31T15:00:21","modified_gmt":"2019-12-31T15:00:21","slug":"electrico-28-o-un-tranvia-llamado-lisboa","status":"publish","type":"post","link":"https:\/\/www.canariasviaja.com\/viajaresvivir\/electrico-28-o-un-tranvia-llamado-lisboa\/","title":{"rendered":"El\u00e9ctrico 28, o un Tranv\u00eda llamado Lisboa"},"content":{"rendered":"\n<p>En ciento cinco a\u00f1os de vida el emblem\u00e1tico <strong>El\u00e9ctrico 28<\/strong> ha visto crecer la m\u00e1gica Lisboa a la orilla del Tajo. En ninguna otra ciudad de Europa un tranv\u00eda ha sobrevivido con tanta vigencia y emociones. Ni buses, ni coches, ni los nov\u00edsimos Tuk Tuk, han conseguido eclipsar la utilidad de este rom\u00e1ntico transporte lleno de historias. Las calles estrechas y empinadas conspiran para mantener la m\u00edtica carrera de <strong>un tranv\u00eda que es todo deseo<\/strong>.<\/p>\n\n\n\n<figure class=\"wp-block-image size-large\"><img loading=\"lazy\" decoding=\"async\" width=\"1024\" height=\"684\" src=\"https:\/\/www.canariasviaja.com\/viajaresvivir\/wp-content\/uploads\/2019\/12\/Electrico-28-lisboa.jpg\" alt=\"Tranv\u00eda 28 en la plaza de Chiado en Lisboa\" class=\"wp-image-2103\" srcset=\"https:\/\/www.canariasviaja.com\/viajaresvivir\/wp-content\/uploads\/2019\/12\/Electrico-28-lisboa.jpg 1024w, https:\/\/www.canariasviaja.com\/viajaresvivir\/wp-content\/uploads\/2019\/12\/Electrico-28-lisboa-300x200.jpg 300w, https:\/\/www.canariasviaja.com\/viajaresvivir\/wp-content\/uploads\/2019\/12\/Electrico-28-lisboa-768x513.jpg 768w\" sizes=\"(max-width: 1024px) 100vw, 1024px\" \/><figcaption>El\u00e9ctrico 28 a su paso por Chiado. Foto: Patri C\u00e1mpora<\/figcaption><\/figure>\n\n\n\n<p>El viajante observa la ciudad a un <strong>ritmo lento<\/strong>, acompasado, lo que permite hacer fotograf\u00edas con mayor facilidad y hasta regodearse en los \u00e1ngulos para una toma especial. En ocasiones, algunos coches son estacionados indebidamente y el tranv\u00eda queda varado algunos minutos, hasta que el desatento ch\u00f3fer&nbsp;aparece para desbloquear la calle. No ocurre siempre, pero pasa con frecuencia. Es en este momento en el que algunos deciden bajar y caminar por las intrincadas callejuelas lisboetas, mientras otros pasajeros esperan pacientemente retomar el itinerario. Esta situaci\u00f3n confiere sorpresa y alimenta <strong>lo pintoresco del trayecto.<\/strong> Pero no puedo olvidar su lado menos glamuroso, por estar siempre atestado de turistas, los ladronzuelos no faltan. En resumidas cuentas,&nbsp;apearse en cualquier parada y aventurarse en una Lisboa, a\u00fan castiza y aut\u00e9ntica, es una especie de conquista.&nbsp;<\/p>\n\n\n\n<figure class=\"wp-block-image size-large\"><img loading=\"lazy\" decoding=\"async\" width=\"1024\" height=\"684\" src=\"https:\/\/www.canariasviaja.com\/viajaresvivir\/wp-content\/uploads\/2019\/12\/Electrico-28-lisboa7.jpg\" alt=\"Vistas desde interior tranv\u00eda 28 en Lisboa\" class=\"wp-image-2104\" srcset=\"https:\/\/www.canariasviaja.com\/viajaresvivir\/wp-content\/uploads\/2019\/12\/Electrico-28-lisboa7.jpg 1024w, https:\/\/www.canariasviaja.com\/viajaresvivir\/wp-content\/uploads\/2019\/12\/Electrico-28-lisboa7-300x200.jpg 300w, https:\/\/www.canariasviaja.com\/viajaresvivir\/wp-content\/uploads\/2019\/12\/Electrico-28-lisboa7-768x513.jpg 768w\" sizes=\"(max-width: 1024px) 100vw, 1024px\" \/><\/figure>\n\n\n\n<figure class=\"wp-block-image size-large\"><img loading=\"lazy\" decoding=\"async\" width=\"1024\" height=\"684\" src=\"https:\/\/www.canariasviaja.com\/viajaresvivir\/wp-content\/uploads\/2019\/12\/Electrico-28-lisboa8.jpg\" alt=\"Tranvia 28 en Chiado, Lisboa\" class=\"wp-image-2105\" srcset=\"https:\/\/www.canariasviaja.com\/viajaresvivir\/wp-content\/uploads\/2019\/12\/Electrico-28-lisboa8.jpg 1024w, https:\/\/www.canariasviaja.com\/viajaresvivir\/wp-content\/uploads\/2019\/12\/Electrico-28-lisboa8-300x200.jpg 300w, https:\/\/www.canariasviaja.com\/viajaresvivir\/wp-content\/uploads\/2019\/12\/Electrico-28-lisboa8-768x513.jpg 768w\" sizes=\"(max-width: 1024px) 100vw, 1024px\" \/><figcaption>El\u00e9ctrico 28 a su paso por Chiado. Foto: Patri C\u00e1mpora<\/figcaption><\/figure>\n\n\n\n<p>Viv\u00ed muchos a\u00f1os en el <strong>Barrio de las Colonias<\/strong>, llamado as\u00ed por los nombres de sus calles, R\u00faa de Mozambique, Rua de Angola, Rua de Timor, Rua de Cabo Verde, etc. El barrio se encuentra a cinco minutos del coraz\u00f3n de la Gra\u00e7a, donde reinan los <strong>miradores con las mejores vistas de la ciudad<\/strong>.&nbsp; &nbsp; &nbsp;<\/p>\n\n\n\n<figure class=\"wp-block-image size-large\"><img loading=\"lazy\" decoding=\"async\" width=\"1024\" height=\"684\" src=\"https:\/\/www.canariasviaja.com\/viajaresvivir\/wp-content\/uploads\/2019\/12\/Electrico-28-lisboa10.jpg\" alt=\"Vistas desde Mirador Portas do Sol\" class=\"wp-image-2108\" srcset=\"https:\/\/www.canariasviaja.com\/viajaresvivir\/wp-content\/uploads\/2019\/12\/Electrico-28-lisboa10.jpg 1024w, https:\/\/www.canariasviaja.com\/viajaresvivir\/wp-content\/uploads\/2019\/12\/Electrico-28-lisboa10-300x200.jpg 300w, https:\/\/www.canariasviaja.com\/viajaresvivir\/wp-content\/uploads\/2019\/12\/Electrico-28-lisboa10-768x513.jpg 768w\" sizes=\"(max-width: 1024px) 100vw, 1024px\" \/><figcaption>Mirador das Portas do Sol, Alfama. Foto: Patri C\u00e1mpora<\/figcaption><\/figure>\n\n\n\n<p>Y aunque la inmensa mayor\u00eda son ya avisperos de turistas y est\u00e1n rese\u00f1ados en todas las gu\u00edas de Lisboa, a\u00fan quedan <strong>rincones&nbsp;por descubrir <\/strong>en el m\u00e1s absoluto silencio. Ese es el caso del <strong><a href=\"https:\/\/www.tripadvisor.es\/Attraction_Review-g189158-d8621741-Reviews-Beco_do_Recolhimento-Lisbon_Lisbon_District_Central_Portugal.html\">Miradouro do Recolhimento<\/a><\/strong>, en la calle con el mismo nombre, Rua do Recolhimiento. No es tan espectacular como la vista desde el <a href=\"https:\/\/www.tripadvisor.es\/Attraction_Review-g189158-d4009718-Reviews-Miradouro_da_Graca_Sophia_de_Mello_Breyner_Andresen-Lisbon_Lisbon_District_Centra.html\"><strong>Miradouro da Gra\u00e7a<\/strong>,<\/a> pero vale la pena.&nbsp;<\/p>\n\n\n\n<figure class=\"wp-block-image size-large\"><img loading=\"lazy\" decoding=\"async\" width=\"2000\" height=\"1335\" src=\"http:\/\/www.canariasviaja.com\/viajaresvivir\/wp-content\/uploads\/2019\/12\/Electrico-28-lisboa5.jpg\" alt=\"Lisboa desde Castelo Sao Jorge\" class=\"wp-image-2106\" srcset=\"https:\/\/www.canariasviaja.com\/viajaresvivir\/wp-content\/uploads\/2019\/12\/Electrico-28-lisboa5.jpg 2000w, https:\/\/www.canariasviaja.com\/viajaresvivir\/wp-content\/uploads\/2019\/12\/Electrico-28-lisboa5-300x200.jpg 300w, https:\/\/www.canariasviaja.com\/viajaresvivir\/wp-content\/uploads\/2019\/12\/Electrico-28-lisboa5-768x513.jpg 768w, https:\/\/www.canariasviaja.com\/viajaresvivir\/wp-content\/uploads\/2019\/12\/Electrico-28-lisboa5-1536x1025.jpg 1536w, https:\/\/www.canariasviaja.com\/viajaresvivir\/wp-content\/uploads\/2019\/12\/Electrico-28-lisboa5-1200x801.jpg 1200w, https:\/\/www.canariasviaja.com\/viajaresvivir\/wp-content\/uploads\/2019\/12\/Electrico-28-lisboa5-1618x1080.jpg 1618w\" sizes=\"(max-width: 2000px) 100vw, 2000px\" \/><figcaption>Vista desde Castelo de Sao Jorge. Foto Patri C\u00e1mpora<\/figcaption><\/figure>\n\n\n\n<p>La perspectiva que tiene Lisboa es \u00fanica gracias a su geograf\u00eda en colinas, cualquier \u00e1ngulo es un picado-contrapicado espectacular, o un detalle cargado de intensidad y poes\u00eda. Otro mirador que goza de una cierta tranquilidad y este s\u00ed, grandioso en su panor\u00e1mica, es el <strong><a href=\"https:\/\/www.tripadvisor.es\/Attraction_Review-g189158-d1992589-Reviews-Miradouro_da_Senhora_do_Monte-Lisbon_Lisbon_District_Central_Portugal.html\">Mirador de Nuestra Se\u00f1ora do Monte<\/a><\/strong>. Poco frecuentado, tal vez porque para llegar a \u00e9l debemos subir una callecita bastante empinada o porque la inmensa mayor\u00eda decide hacer la pausa del d\u00eda en el incomparable <strong>Miradouro da Gra\u00e7a<\/strong>. All\u00ed ha crecido una explanada que invita al caf\u00e9, la cerveza, el descanso, m\u00e1s fotograf\u00edas y por qu\u00e9 no, la contemplaci\u00f3n.&nbsp;<\/p>\n\n\n\n<p>Existe otro mirador cercano a mi antigua casa, tambi\u00e9n poco conocido ya que su acceso contin\u00faa discreto, es el <strong><a href=\"https:\/\/www.tripadvisor.es\/Attraction_Review-g189158-d15239559-Reviews-Miradouro_do_Monte_Agudo-Lisbon_Lisbon_District_Central_Portugal.html\">Miradouro do Monte Agudo<\/a>. <\/strong>Mayormente frecuentado por los j\u00f3venes del barrio, se encuentra en las traseras de un liceo. A este se llega desde la Rua Heliodoro Salgado, muy empinada en su tramo final, o desde la Rua Penha da Fran\u00e7a, transitada apenas por los locales. Para llegar al tesoro escondido debe bajarse del el\u00e9ctrico en la parada de la calle, <strong>Forno do Tijolo<\/strong>, y subir y subir y subir por la Heliodoro Salgado, unos ocho minutos.<\/p>\n\n\n\n<p>En las gu\u00edas de la ciudad pocas veces aparece mentada&nbsp;la incomparable <strong><a href=\"https:\/\/youtu.be\/l9cILfPpTo4\">Villa Berta<\/a><\/strong>, tal&nbsp;vez por ser una joya bien guardada para la paz de sus moradores, en la inmensa mayor\u00eda personas de la tercera edad. Villa Berta fue objeto de una profunda reforma que cuid\u00f3 en extremo la traza original y los colores t\u00edpicos de las casitas lisboetas. Es una de las barriadas m\u00e1s populares de Lisboa, como una vez lo fue y es, a pesar de todo, <strong>Alfama.<\/strong> Pero Alfama es el barrio m\u00e1s conocido y frecuentado por curiosos y turistas, y no vale la pena mencionarla en esta cr\u00f3nica de lo secreto y escondido.<\/p>\n\n\n\n<figure class=\"wp-block-image size-large\"><img loading=\"lazy\" decoding=\"async\" width=\"1024\" height=\"684\" src=\"https:\/\/www.canariasviaja.com\/viajaresvivir\/wp-content\/uploads\/2019\/12\/Electrico-28-lisboa11.jpg\" alt=\"Vias del tranv\u00eda en calle de Lisboa\" class=\"wp-image-2109\" srcset=\"https:\/\/www.canariasviaja.com\/viajaresvivir\/wp-content\/uploads\/2019\/12\/Electrico-28-lisboa11.jpg 1024w, https:\/\/www.canariasviaja.com\/viajaresvivir\/wp-content\/uploads\/2019\/12\/Electrico-28-lisboa11-300x200.jpg 300w, https:\/\/www.canariasviaja.com\/viajaresvivir\/wp-content\/uploads\/2019\/12\/Electrico-28-lisboa11-768x513.jpg 768w\" sizes=\"(max-width: 1024px) 100vw, 1024px\" \/><figcaption>Subida a Alfama con catedral. Foto: Patri C\u00e1mpora<\/figcaption><\/figure>\n\n\n\n<p>En la Rua da Gra\u00e7a tenemos otro basti\u00f3n de autenticidad, la <strong><a href=\"https:\/\/www.google.com\/search?client=firefox-b-d&amp;q=tasca%20do%20jaime&amp;sxsrf=ACYBGNQwRwHP-ce00AoxrewCjxM_Lhr2wQ:1575922519793&amp;npsic=0&amp;rflfq=1&amp;rlha=0&amp;rllag=38714986,-9129457,466&amp;tbm=lcl&amp;rldimm=8472268548014579888&amp;lqi=Cg50YXNjYSBkbyBqYWltZVoSCgAiDnRhc2NhIGRvIGphaW1l&amp;phdesc=CVEKq2_8e4I&amp;ved=2ahUKEwiohvHvsKnmAhXlAGMBHXTSDlYQvS4wAHoECAoQIA&amp;rldoc=1&amp;tbs=lrf:!1m4!1u3!2m2!3m1!1e1!1m4!1u2!2m2!2m1!1e1!2m1!1e2!2m1!1e3!3sIAE,lf:1,lf_ui:9&amp;rlst=f#rlfi=hd:;si:8472268548014579888,l,Cg50YXNjYSBkbyBqYWltZVoSCgAiDnRhc2NhIGRvIGphaW1l,y,CVEKq2_8e4I;mv:[[38.7196801,-9.1291314],[38.710293199999995,-9.1297827]];tbs:lrf:!1m4!1u3!2m2!3m1!1e1!1m4!1u2!2m2!2m1!1e1!2m1!1e2!2m1!1e3!3sIAE,lf:1,lf_ui:9\" target=\"_blank\" rel=\"noreferrer noopener\" aria-label=\" (se abre en una nueva pesta\u00f1a)\">Tasca do Jaime<\/a><\/strong>. Es uno de los pocos lugares donde podemos escuchar <strong>Fado Vadio<\/strong>, ese otro fado que surge desde la expresi\u00f3n m\u00e1s genuina del coraz\u00f3n lusitano. El visitante puede quedarse al balc\u00f3n degustando los \u201cpetiscos\u201d de Do\u00f1a Laura, la mujer de Jaime, mientras escucha a fadistas no conocidos, o simplemente a los improvisados que solo cantan en la ducha, o en la Tasca del Sr. Jaime. A\u00fan la entrada es libre y solo se paga el consumo.<\/p>\n\n\n\n<p>El trayecto del El\u00e9ctrico 28 es bastante largo, comienza en la <strong><a href=\"https:\/\/www.google.com\/maps\/place\/Martim+Moniz\/@38.7162363,-9.1383924,17z\/data=!3m1!4b1!4m5!3m4!1s0xd1933863775b077:0xeec31cefe60c6b71!8m2!3d38.7162363!4d-9.1362037\" target=\"_blank\" rel=\"noreferrer noopener\" aria-label=\" (se abre en una nueva pesta\u00f1a)\">Plaza Martim Moniz<\/a> <\/strong>(muy cerca de la Baixa) y termina en el <strong>Cementerio de los Prazeres<\/strong> (vaya nombre para el camposanto), en el barrio m\u00e1s <em>trendy<\/em>&nbsp;de Lisboa, <strong>Campo de Ourique<\/strong>. Como creci\u00f3 sobremanera la cantidad de pasajeros, los servicios de transporte de la ciudad optaron por incluir otra carrera m\u00e1s peque\u00f1a, reforzando as\u00ed la zona m\u00e1s visitada, o sea, entre la <strong>Gra\u00e7a <\/strong>y la <a href=\"https:\/\/www.google.com\/maps\/place\/Bas%C3%ADlica+da+Estrela\/@38.7131218,-9.1630513,17z\/data=!3m1!4b1!4m5!3m4!1s0xd1933623656c983:0xe6263743c12c11cc!8m2!3d38.7131218!4d-9.1608626\" target=\"_blank\" rel=\"noreferrer noopener\" aria-label=\"Bas\u00edlica de la Estrella. (se abre en una nueva pesta\u00f1a)\"><strong>Bas\u00edlica de la Estrella<\/strong>.<\/a> Conviene por tanto cerciorarse si est\u00e1 o no en el el\u00e9ctrico elegido.&nbsp;<\/p>\n\n\n\n<figure class=\"wp-block-image size-large\"><img loading=\"lazy\" decoding=\"async\" width=\"684\" height=\"1024\" src=\"https:\/\/www.canariasviaja.com\/viajaresvivir\/wp-content\/uploads\/2019\/12\/Electrico-28-lisboa12.jpg\" alt=\"Tranv\u00eda 28 en Lisboa en bas\u00edlica da estrela\" class=\"wp-image-2110\" srcset=\"https:\/\/www.canariasviaja.com\/viajaresvivir\/wp-content\/uploads\/2019\/12\/Electrico-28-lisboa12.jpg 684w, https:\/\/www.canariasviaja.com\/viajaresvivir\/wp-content\/uploads\/2019\/12\/Electrico-28-lisboa12-200x300.jpg 200w\" sizes=\"(max-width: 684px) 100vw, 684px\" \/><figcaption>Parada del El\u00e9ctrico 28 en Bas\u00edlica da Estrela. Foto: Patri C\u00e1mpora<\/figcaption><\/figure>\n\n\n\n<div class=\"wp-block-image\"><figure class=\"alignleft size-medium\"><img loading=\"lazy\" decoding=\"async\" width=\"200\" height=\"300\" src=\"https:\/\/www.canariasviaja.com\/viajaresvivir\/wp-content\/uploads\/2019\/12\/Electrico-28-lisboa2-200x300.jpg\" alt=\"Tranvia 28 Lisboa\" class=\"wp-image-2107\" srcset=\"https:\/\/www.canariasviaja.com\/viajaresvivir\/wp-content\/uploads\/2019\/12\/Electrico-28-lisboa2-200x300.jpg 200w, https:\/\/www.canariasviaja.com\/viajaresvivir\/wp-content\/uploads\/2019\/12\/Electrico-28-lisboa2.jpg 684w\" sizes=\"(max-width: 200px) 100vw, 200px\" \/><\/figure><\/div>\n\n\n\n<p>La plaza Martin Moniz se encuentra a un paso de la zona de<strong> Intendente,<\/strong> antiguo antro de droga y prostituci\u00f3n. A d\u00eda de hoy est\u00e1 recuperada despu\u00e9s que un antiguo presidente de la c\u00e1mara, hoy Primer Ministro, mudara su oficina para esta plaza. En los \u00faltimos tiempos el lugar se ha puesto de moda con muchos caf\u00e9s, peque\u00f1os restaurantes, puntos ecol\u00f3gicos y una tienda que es ya bastante conocida y justamente alabada, <strong><a href=\"https:\/\/www.avidaportuguesa.com\/\" target=\"_blank\" rel=\"noreferrer noopener\" aria-label=\" (se abre en una nueva pesta\u00f1a)\">A Vida Portuguesa<\/a><\/strong>. En este comercio puede encontrar productos t\u00edpicos del pa\u00eds y con dise\u00f1os de otrora, desde enlatados a jabones, cuadernos, mantas, juguetes y toda&nbsp;variedad de art\u00edculos a precios para todos los bolsillos. Es una tienda&nbsp;preciosa que vale la pena visitar.<\/p>\n\n\n\n<p>Es frecuente encontrar en las tascas del <strong><a href=\"https:\/\/www.google.com\/maps\/place\/Intendente\/@38.722249,-9.1374977,17z\/data=!3m1!4b1!4m5!3m4!1s0xd1933856f993793:0x63ba84816794a856!8m2!3d38.722249!4d-9.135309\" target=\"_blank\" rel=\"noreferrer noopener\" aria-label=\" (se abre en una nueva pesta\u00f1a)\">Intendente<\/a><\/strong> a mucha gente joven, hipster, artistas, extranjeros que llegaron de turistas y hoy son residentes permanentes en la zona, y por supuesto los locales que no se dejan vencer por los aires de modernidad y renovaci\u00f3n. &nbsp;<\/p>\n\n\n\n<p>En una de sus transversales se encuentra una de mis tascas favoritas, <strong>Adega dos Arcos<\/strong>, tambi\u00e9n conocida como Cova Funda. Ni quiero mencionar la calle para que no se me llene de gente, disculpen el ego\u00edsmo, pero una tasca que era la alternativa por excelencia a la <strong><a href=\"https:\/\/www.google.com\/maps\/place\/Ramiro\/@38.7202597,-9.1380539,17z\/data=!3m1!4b1!4m5!3m4!1s0xd19338594951ef9:0x1d963dd88e75cc5f!8m2!3d38.7202597!4d-9.1358652\" target=\"_blank\" rel=\"noreferrer noopener\" aria-label=\"Cervejar\u00eda Ramiro (se abre en una nueva pesta\u00f1a)\">Cervejar\u00eda Ramiro<\/a><\/strong>, ya exhibe fila de espera en los horarios de almuerzo y cena. Es l\u00f3gico, se come endiabladamente bien y a\u00fan por un precio razonable. Debo mencionar adem\u00e1s a su gentil camarera, una pol\u00edglota que admira por su simpat\u00eda y facilidad para comunicar en varias lenguas.<\/p>\n\n\n\n<p>Vale la pena ir descubriendo esos rincones ocultos, <strong>Lisboa es como un amor definitivo y misterioso, hay que irla viviendo poco a poco, sin pausas e intensamente\u2026<\/strong><\/p>\n\n\n\n<hr class=\"wp-block-separator\"\/>\n\n\n\n<p>Tenchy Tol\u00f3n es guionista. Naci\u00f3 en La Habana pero se siente ciudadana del mundo. Ha regresado a Lisboa despu\u00e9s de unos a\u00f1os viviendo en Copenhague.<\/p>\n","protected":false},"excerpt":{"rendered":"<p>En ciento cinco a\u00f1os de vida el emblem\u00e1tico El\u00e9ctrico 28 ha visto crecer la m\u00e1gica Lisboa a la orilla del Tajo. En ninguna otra ciudad de Europa un tranv\u00eda ha sobrevivido con tanta vigencia y emociones. Ni buses, ni coches, ni los nov\u00edsimos Tuk Tuk, han conseguido eclipsar la utilidad de este rom\u00e1ntico transporte lleno de historias. Las calles estrechas &hellip;<\/p>\n","protected":false},"author":10,"featured_media":2116,"comment_status":"open","ping_status":"open","sticky":false,"template":"","format":"standard","meta":{"_acf_changed":false,"sfsi_plus_gutenberg_text_before_share":"","sfsi_plus_gutenberg_show_text_before_share":"","sfsi_plus_gutenberg_icon_type":"","sfsi_plus_gutenberg_icon_alignemt":"","sfsi_plus_gutenburg_max_per_row":"","footnotes":""},"categories":[8,5,10,94,1],"tags":[306,202,301,302,304,305],"class_list":["post-1726","post","type-post","status-publish","format-standard","has-post-thumbnail","hentry","category-diariodeviaje","category-europa","category-historias-viajeras","category-lisboa","category-sin-categoria","tag-electrico-28","tag-lisboa","tag-miradores","tag-recorrido-a-pie","tag-recorrido-en-tranvia","tag-tranvia"],"acf":[],"yoast_head":"<!-- This site is optimized with the Yoast SEO plugin v24.1 - https:\/\/yoast.com\/wordpress\/plugins\/seo\/ -->\n<title>El\u00e9ctrico 28, o un Tranv\u00eda llamado Lisboa - Viajar es vivir<\/title>\n<meta name=\"description\" content=\"La guionista Tenchy Tol\u00f3n nos conduce en un recorrido en el el\u00e9ctrico 28, uno de los tranv\u00edas con m\u00e1s solera de Lisboa, a descubrir las mejores vistas.\" \/>\n<meta name=\"robots\" content=\"index, follow, max-snippet:-1, max-image-preview:large, max-video-preview:-1\" \/>\n<link rel=\"canonical\" href=\"https:\/\/www.canariasviaja.com\/viajaresvivir\/electrico-28-o-un-tranvia-llamado-lisboa\/\" \/>\n<meta property=\"og:locale\" content=\"es_ES\" \/>\n<meta property=\"og:type\" content=\"article\" \/>\n<meta property=\"og:title\" content=\"El\u00e9ctrico 28, o un Tranv\u00eda llamado Lisboa - Viajar es vivir\" \/>\n<meta property=\"og:description\" content=\"La guionista Tenchy Tol\u00f3n nos conduce en un recorrido en el el\u00e9ctrico 28, uno de los tranv\u00edas con m\u00e1s solera de Lisboa, a descubrir las mejores vistas.\" \/>\n<meta property=\"og:url\" content=\"https:\/\/www.canariasviaja.com\/viajaresvivir\/electrico-28-o-un-tranvia-llamado-lisboa\/\" \/>\n<meta property=\"og:site_name\" content=\"Viajar es vivir\" \/>\n<meta property=\"article:published_time\" content=\"2019-12-30T08:26:00+00:00\" \/>\n<meta property=\"article:modified_time\" content=\"2019-12-31T15:00:21+00:00\" \/>\n<meta property=\"og:image\" content=\"https:\/\/www.canariasviaja.com\/viajaresvivir\/wp-content\/uploads\/2019\/12\/Electrico-28-lisboa14.jpg\" \/>\n\t<meta property=\"og:image:width\" content=\"2000\" \/>\n\t<meta property=\"og:image:height\" content=\"1335\" \/>\n\t<meta property=\"og:image:type\" content=\"image\/jpeg\" \/>\n<meta name=\"author\" content=\"Tenchy Tol\u00f3n\" \/>\n<meta name=\"twitter:card\" content=\"summary_large_image\" \/>\n<meta name=\"twitter:label1\" content=\"Escrito por\" \/>\n\t<meta name=\"twitter:data1\" content=\"Tenchy Tol\u00f3n\" \/>\n\t<meta name=\"twitter:label2\" content=\"Tiempo de lectura\" \/>\n\t<meta name=\"twitter:data2\" content=\"6 minutos\" \/>\n<script type=\"application\/ld+json\" class=\"yoast-schema-graph\">{\"@context\":\"https:\/\/schema.org\",\"@graph\":[{\"@type\":\"WebPage\",\"@id\":\"https:\/\/www.canariasviaja.com\/viajaresvivir\/electrico-28-o-un-tranvia-llamado-lisboa\/\",\"url\":\"https:\/\/www.canariasviaja.com\/viajaresvivir\/electrico-28-o-un-tranvia-llamado-lisboa\/\",\"name\":\"El\u00e9ctrico 28, o un Tranv\u00eda llamado Lisboa - Viajar es vivir\",\"isPartOf\":{\"@id\":\"https:\/\/www.canariasviaja.com\/viajaresvivir\/#website\"},\"primaryImageOfPage\":{\"@id\":\"https:\/\/www.canariasviaja.com\/viajaresvivir\/electrico-28-o-un-tranvia-llamado-lisboa\/#primaryimage\"},\"image\":{\"@id\":\"https:\/\/www.canariasviaja.com\/viajaresvivir\/electrico-28-o-un-tranvia-llamado-lisboa\/#primaryimage\"},\"thumbnailUrl\":\"https:\/\/www.canariasviaja.com\/viajaresvivir\/wp-content\/uploads\/2019\/12\/Electrico-28-lisboa14.jpg\",\"datePublished\":\"2019-12-30T08:26:00+00:00\",\"dateModified\":\"2019-12-31T15:00:21+00:00\",\"author\":{\"@id\":\"https:\/\/www.canariasviaja.com\/viajaresvivir\/#\/schema\/person\/133b12da6989020d221c6b7f515d8318\"},\"description\":\"La guionista Tenchy Tol\u00f3n nos conduce en un recorrido en el el\u00e9ctrico 28, uno de los tranv\u00edas con m\u00e1s solera de Lisboa, a descubrir las mejores vistas.\",\"breadcrumb\":{\"@id\":\"https:\/\/www.canariasviaja.com\/viajaresvivir\/electrico-28-o-un-tranvia-llamado-lisboa\/#breadcrumb\"},\"inLanguage\":\"es\",\"potentialAction\":[{\"@type\":\"ReadAction\",\"target\":[\"https:\/\/www.canariasviaja.com\/viajaresvivir\/electrico-28-o-un-tranvia-llamado-lisboa\/\"]}]},{\"@type\":\"ImageObject\",\"inLanguage\":\"es\",\"@id\":\"https:\/\/www.canariasviaja.com\/viajaresvivir\/electrico-28-o-un-tranvia-llamado-lisboa\/#primaryimage\",\"url\":\"https:\/\/www.canariasviaja.com\/viajaresvivir\/wp-content\/uploads\/2019\/12\/Electrico-28-lisboa14.jpg\",\"contentUrl\":\"https:\/\/www.canariasviaja.com\/viajaresvivir\/wp-content\/uploads\/2019\/12\/Electrico-28-lisboa14.jpg\",\"width\":2000,\"height\":1335,\"caption\":\"Tranvia 28 en Lisboa\"},{\"@type\":\"BreadcrumbList\",\"@id\":\"https:\/\/www.canariasviaja.com\/viajaresvivir\/electrico-28-o-un-tranvia-llamado-lisboa\/#breadcrumb\",\"itemListElement\":[{\"@type\":\"ListItem\",\"position\":1,\"name\":\"Portada\",\"item\":\"https:\/\/www.canariasviaja.com\/viajaresvivir\/\"},{\"@type\":\"ListItem\",\"position\":2,\"name\":\"El\u00e9ctrico 28, o un Tranv\u00eda llamado Lisboa\"}]},{\"@type\":\"WebSite\",\"@id\":\"https:\/\/www.canariasviaja.com\/viajaresvivir\/#website\",\"url\":\"https:\/\/www.canariasviaja.com\/viajaresvivir\/\",\"name\":\"Viajar es vivir\",\"description\":\"El blog de viajes y estilo de vida de CanariasViaja\",\"potentialAction\":[{\"@type\":\"SearchAction\",\"target\":{\"@type\":\"EntryPoint\",\"urlTemplate\":\"https:\/\/www.canariasviaja.com\/viajaresvivir\/?s={search_term_string}\"},\"query-input\":{\"@type\":\"PropertyValueSpecification\",\"valueRequired\":true,\"valueName\":\"search_term_string\"}}],\"inLanguage\":\"es\"},{\"@type\":\"Person\",\"@id\":\"https:\/\/www.canariasviaja.com\/viajaresvivir\/#\/schema\/person\/133b12da6989020d221c6b7f515d8318\",\"name\":\"Tenchy Tol\u00f3n\",\"image\":{\"@type\":\"ImageObject\",\"inLanguage\":\"es\",\"@id\":\"https:\/\/www.canariasviaja.com\/viajaresvivir\/#\/schema\/person\/image\/\",\"url\":\"https:\/\/secure.gravatar.com\/avatar\/9ca5289e7bff6688490388a0273a4c0a?s=96&d=mm&r=g\",\"contentUrl\":\"https:\/\/secure.gravatar.com\/avatar\/9ca5289e7bff6688490388a0273a4c0a?s=96&d=mm&r=g\",\"caption\":\"Tenchy Tol\u00f3n\"},\"url\":\"https:\/\/www.canariasviaja.com\/viajaresvivir\/author\/tenchy-tolon\/\"}]}<\/script>\n<!-- \/ Yoast SEO plugin. -->","yoast_head_json":{"title":"El\u00e9ctrico 28, o un Tranv\u00eda llamado Lisboa - Viajar es vivir","description":"La guionista Tenchy Tol\u00f3n nos conduce en un recorrido en el el\u00e9ctrico 28, uno de los tranv\u00edas con m\u00e1s solera de Lisboa, a descubrir las mejores vistas.","robots":{"index":"index","follow":"follow","max-snippet":"max-snippet:-1","max-image-preview":"max-image-preview:large","max-video-preview":"max-video-preview:-1"},"canonical":"https:\/\/www.canariasviaja.com\/viajaresvivir\/electrico-28-o-un-tranvia-llamado-lisboa\/","og_locale":"es_ES","og_type":"article","og_title":"El\u00e9ctrico 28, o un Tranv\u00eda llamado Lisboa - Viajar es vivir","og_description":"La guionista Tenchy Tol\u00f3n nos conduce en un recorrido en el el\u00e9ctrico 28, uno de los tranv\u00edas con m\u00e1s solera de Lisboa, a descubrir las mejores vistas.","og_url":"https:\/\/www.canariasviaja.com\/viajaresvivir\/electrico-28-o-un-tranvia-llamado-lisboa\/","og_site_name":"Viajar es vivir","article_published_time":"2019-12-30T08:26:00+00:00","article_modified_time":"2019-12-31T15:00:21+00:00","og_image":[{"width":2000,"height":1335,"url":"https:\/\/www.canariasviaja.com\/viajaresvivir\/wp-content\/uploads\/2019\/12\/Electrico-28-lisboa14.jpg","type":"image\/jpeg"}],"author":"Tenchy Tol\u00f3n","twitter_card":"summary_large_image","twitter_misc":{"Escrito por":"Tenchy Tol\u00f3n","Tiempo de lectura":"6 minutos"},"schema":{"@context":"https:\/\/schema.org","@graph":[{"@type":"WebPage","@id":"https:\/\/www.canariasviaja.com\/viajaresvivir\/electrico-28-o-un-tranvia-llamado-lisboa\/","url":"https:\/\/www.canariasviaja.com\/viajaresvivir\/electrico-28-o-un-tranvia-llamado-lisboa\/","name":"El\u00e9ctrico 28, o un Tranv\u00eda llamado Lisboa - Viajar es vivir","isPartOf":{"@id":"https:\/\/www.canariasviaja.com\/viajaresvivir\/#website"},"primaryImageOfPage":{"@id":"https:\/\/www.canariasviaja.com\/viajaresvivir\/electrico-28-o-un-tranvia-llamado-lisboa\/#primaryimage"},"image":{"@id":"https:\/\/www.canariasviaja.com\/viajaresvivir\/electrico-28-o-un-tranvia-llamado-lisboa\/#primaryimage"},"thumbnailUrl":"https:\/\/www.canariasviaja.com\/viajaresvivir\/wp-content\/uploads\/2019\/12\/Electrico-28-lisboa14.jpg","datePublished":"2019-12-30T08:26:00+00:00","dateModified":"2019-12-31T15:00:21+00:00","author":{"@id":"https:\/\/www.canariasviaja.com\/viajaresvivir\/#\/schema\/person\/133b12da6989020d221c6b7f515d8318"},"description":"La guionista Tenchy Tol\u00f3n nos conduce en un recorrido en el el\u00e9ctrico 28, uno de los tranv\u00edas con m\u00e1s solera de Lisboa, a descubrir las mejores vistas.","breadcrumb":{"@id":"https:\/\/www.canariasviaja.com\/viajaresvivir\/electrico-28-o-un-tranvia-llamado-lisboa\/#breadcrumb"},"inLanguage":"es","potentialAction":[{"@type":"ReadAction","target":["https:\/\/www.canariasviaja.com\/viajaresvivir\/electrico-28-o-un-tranvia-llamado-lisboa\/"]}]},{"@type":"ImageObject","inLanguage":"es","@id":"https:\/\/www.canariasviaja.com\/viajaresvivir\/electrico-28-o-un-tranvia-llamado-lisboa\/#primaryimage","url":"https:\/\/www.canariasviaja.com\/viajaresvivir\/wp-content\/uploads\/2019\/12\/Electrico-28-lisboa14.jpg","contentUrl":"https:\/\/www.canariasviaja.com\/viajaresvivir\/wp-content\/uploads\/2019\/12\/Electrico-28-lisboa14.jpg","width":2000,"height":1335,"caption":"Tranvia 28 en Lisboa"},{"@type":"BreadcrumbList","@id":"https:\/\/www.canariasviaja.com\/viajaresvivir\/electrico-28-o-un-tranvia-llamado-lisboa\/#breadcrumb","itemListElement":[{"@type":"ListItem","position":1,"name":"Portada","item":"https:\/\/www.canariasviaja.com\/viajaresvivir\/"},{"@type":"ListItem","position":2,"name":"El\u00e9ctrico 28, o un Tranv\u00eda llamado Lisboa"}]},{"@type":"WebSite","@id":"https:\/\/www.canariasviaja.com\/viajaresvivir\/#website","url":"https:\/\/www.canariasviaja.com\/viajaresvivir\/","name":"Viajar es vivir","description":"El blog de viajes y estilo de vida de CanariasViaja","potentialAction":[{"@type":"SearchAction","target":{"@type":"EntryPoint","urlTemplate":"https:\/\/www.canariasviaja.com\/viajaresvivir\/?s={search_term_string}"},"query-input":{"@type":"PropertyValueSpecification","valueRequired":true,"valueName":"search_term_string"}}],"inLanguage":"es"},{"@type":"Person","@id":"https:\/\/www.canariasviaja.com\/viajaresvivir\/#\/schema\/person\/133b12da6989020d221c6b7f515d8318","name":"Tenchy Tol\u00f3n","image":{"@type":"ImageObject","inLanguage":"es","@id":"https:\/\/www.canariasviaja.com\/viajaresvivir\/#\/schema\/person\/image\/","url":"https:\/\/secure.gravatar.com\/avatar\/9ca5289e7bff6688490388a0273a4c0a?s=96&d=mm&r=g","contentUrl":"https:\/\/secure.gravatar.com\/avatar\/9ca5289e7bff6688490388a0273a4c0a?s=96&d=mm&r=g","caption":"Tenchy Tol\u00f3n"},"url":"https:\/\/www.canariasviaja.com\/viajaresvivir\/author\/tenchy-tolon\/"}]}},"_links":{"self":[{"href":"https:\/\/www.canariasviaja.com\/viajaresvivir\/wp-json\/wp\/v2\/posts\/1726"}],"collection":[{"href":"https:\/\/www.canariasviaja.com\/viajaresvivir\/wp-json\/wp\/v2\/posts"}],"about":[{"href":"https:\/\/www.canariasviaja.com\/viajaresvivir\/wp-json\/wp\/v2\/types\/post"}],"author":[{"embeddable":true,"href":"https:\/\/www.canariasviaja.com\/viajaresvivir\/wp-json\/wp\/v2\/users\/10"}],"replies":[{"embeddable":true,"href":"https:\/\/www.canariasviaja.com\/viajaresvivir\/wp-json\/wp\/v2\/comments?post=1726"}],"version-history":[{"count":9,"href":"https:\/\/www.canariasviaja.com\/viajaresvivir\/wp-json\/wp\/v2\/posts\/1726\/revisions"}],"predecessor-version":[{"id":2121,"href":"https:\/\/www.canariasviaja.com\/viajaresvivir\/wp-json\/wp\/v2\/posts\/1726\/revisions\/2121"}],"wp:featuredmedia":[{"embeddable":true,"href":"https:\/\/www.canariasviaja.com\/viajaresvivir\/wp-json\/wp\/v2\/media\/2116"}],"wp:attachment":[{"href":"https:\/\/www.canariasviaja.com\/viajaresvivir\/wp-json\/wp\/v2\/media?parent=1726"}],"wp:term":[{"taxonomy":"category","embeddable":true,"href":"https:\/\/www.canariasviaja.com\/viajaresvivir\/wp-json\/wp\/v2\/categories?post=1726"},{"taxonomy":"post_tag","embeddable":true,"href":"https:\/\/www.canariasviaja.com\/viajaresvivir\/wp-json\/wp\/v2\/tags?post=1726"}],"curies":[{"name":"wp","href":"https:\/\/api.w.org\/{rel}","templated":true}]}}