{"id":1883,"date":"2019-12-16T16:42:00","date_gmt":"2019-12-16T16:42:00","guid":{"rendered":"http:\/\/www.canariasviaja.com\/viajaresvivir\/?p=1883"},"modified":"2019-12-17T17:19:39","modified_gmt":"2019-12-17T17:19:39","slug":"24-horas-en-vigo","status":"publish","type":"post","link":"https:\/\/www.canariasviaja.com\/viajaresvivir\/24-horas-en-vigo\/","title":{"rendered":"Vigo: Escapada 24 horas"},"content":{"rendered":"\n<p>\u00a1Qu\u00e9 ilusi\u00f3n le hizo a todo el equipo de <strong>CanariasViaja.com<\/strong> la idea de escaparnos a celebrar nuestra <strong>cena de Navidad en <a href=\"https:\/\/www.canariasviaja.com\/viajaresvivir\/destination\/peninsula-y-baleares\/vigo\/\" target=\"_blank\" rel=\"noreferrer noopener\" aria-label=\" (se abre en una nueva pesta\u00f1a)\">Vigo<\/a><\/strong>! Aunque s\u00f3lo se tratara de una <strong>escapada de 24 horas.<\/strong><\/p>\n\n\n\n<p>El<strong> vuelo directo<\/strong> desde Tenerife Norte, a primera hora del s\u00e1bado regresando el domingo a mediod\u00eda, nos daba la oportunidad &#8211; por primera vez-  de escaparnos todos juntos&nbsp;a celebrarlo en la ya <strong>\u00a1navidad m\u00e1s famosa de Espa\u00f1a!<\/strong><\/p>\n\n\n\n<p><\/p>\n\n\n\n<h4 class=\"wp-block-heading\">Despegamos<\/h4>\n\n\n\n<p>06.15 horas de la ma\u00f1ana, encuentro en Tenerife Norte, madrug\u00f3n\u2026, pero \u00a1qu\u00e9 buena energ\u00eda te da un amanecer tan bonito y con un plan tan atractivo a la vista!<\/p>\n\n\n\n<figure class=\"wp-block-image size-large\"><img loading=\"lazy\" decoding=\"async\" width=\"768\" height=\"1024\" src=\"https:\/\/www.canariasviaja.com\/viajaresvivir\/wp-content\/uploads\/2019\/12\/image00004-2-768x1024.jpeg\" alt=\"\" class=\"wp-image-1955\" srcset=\"https:\/\/www.canariasviaja.com\/viajaresvivir\/wp-content\/uploads\/2019\/12\/image00004-2-768x1024.jpeg 768w, https:\/\/www.canariasviaja.com\/viajaresvivir\/wp-content\/uploads\/2019\/12\/image00004-2-225x300.jpeg 225w, https:\/\/www.canariasviaja.com\/viajaresvivir\/wp-content\/uploads\/2019\/12\/image00004-2-1152x1536.jpeg 1152w, https:\/\/www.canariasviaja.com\/viajaresvivir\/wp-content\/uploads\/2019\/12\/image00004-2-1536x2048.jpeg 1536w, https:\/\/www.canariasviaja.com\/viajaresvivir\/wp-content\/uploads\/2019\/12\/image00004-2-1200x1600.jpeg 1200w, https:\/\/www.canariasviaja.com\/viajaresvivir\/wp-content\/uploads\/2019\/12\/image00004-2-600x800.jpeg 600w, https:\/\/www.canariasviaja.com\/viajaresvivir\/wp-content\/uploads\/2019\/12\/image00004-2-810x1080.jpeg 810w, https:\/\/www.canariasviaja.com\/viajaresvivir\/wp-content\/uploads\/2019\/12\/image00004-2-scaled.jpeg 1920w\" sizes=\"(max-width: 768px) 100vw, 768px\" \/><\/figure>\n\n\n\n<p>El vuelo, de apenas dos horitas y quince minutos con<em> snack<\/em> y bebidas incluidas sin coste, y la buena compa\u00f1\u00eda hizo que se nos hiciera cortisimo. Al llegar nos esperaba <strong>Eva<\/strong>, nuestra gu\u00eda, con el minib\u00fas para llevarnos a hacer la ruta que hab\u00edamos planeado para aprovechar bien el d\u00eda y las horas de luz. <\/p>\n\n\n\n<h4 class=\"wp-block-heading\">Baiona, primera parada del d\u00eda<\/h4>\n\n\n\n<p>Primera parada, <strong>Baiona<\/strong>, a media hora en coche hacia el sur. Una preciosa bah\u00eda con espectacular playa de arena blanca y donde destaca al fondo, junto al Puerto Deportivo, el recinto amurallado del <strong>Monte do Boi <\/strong>(Buey en gallego), de donde le viene el nombre. <\/p>\n\n\n\n<p>Baiona es visita obligada, ya que desde este recinto amurallado, cuyo per\u00edmetro se puede recorrer a pie, se tienen unas espectaculares vistas a las <strong>Islas C\u00edes<\/strong> que conforman junto a S\u00e1lvora, Ons y Cortejada el <strong><a href=\"https:\/\/www.parquenacionalillasatlanticas.com\/index.php?lang=es\" target=\"_blank\" rel=\"noreferrer noopener\" aria-label=\" (se abre en una nueva pesta\u00f1a)\">Parque Nacional de las islas Atl\u00e1nticas<\/a>.<\/strong> Islas que protegen <strong>la r\u00eda de Vigo<\/strong> del fuerte oleaje convirti\u00e9ndolo en lugar&nbsp; ideal para el cultivo, entre otros, del mejill\u00f3n en las t\u00edpicas <strong>bateas<\/strong>.&nbsp; <\/p>\n\n\n\n<p>Baiona tiene un atractivo casco antiguo con tascas para degustar los productos gallegos. Y cada 1 de marzo acoge <strong><a href=\"http:\/\/www.baiona.org\/web\/turismo\/festas-e-romerias\/festa-medieval-da-arribada;jsessionid=0EFB1C73F5462215775ABD3979B46299\" target=\"_blank\" rel=\"noreferrer noopener\" aria-label=\" (se abre en una nueva pesta\u00f1a)\">La Arribada<\/a><\/strong>, la fiesta medieval \u2013 declarada de inter\u00e9s Tur\u00edstico Internacional- que conmemora la llegada de la Carabela La Pinta al puerto de Baiona en 1493 anunciando el descubrimiento de Am\u00e9rica. \u00a1Una fiesta para apuntar en el calendario!<\/p>\n\n\n\n<figure class=\"wp-block-image size-large\"><img loading=\"lazy\" decoding=\"async\" width=\"1024\" height=\"768\" src=\"http:\/\/www.canariasviaja.com\/viajaresvivir\/wp-content\/uploads\/2019\/12\/Baiona-Foto-Grupo-CanariasViaja-1024x768.jpeg\" alt=\"El equipo de Canarias Viaja en Baiona\" class=\"wp-image-1882\" srcset=\"https:\/\/www.canariasviaja.com\/viajaresvivir\/wp-content\/uploads\/2019\/12\/Baiona-Foto-Grupo-CanariasViaja-1024x768.jpeg 1024w, https:\/\/www.canariasviaja.com\/viajaresvivir\/wp-content\/uploads\/2019\/12\/Baiona-Foto-Grupo-CanariasViaja-300x225.jpeg 300w, https:\/\/www.canariasviaja.com\/viajaresvivir\/wp-content\/uploads\/2019\/12\/Baiona-Foto-Grupo-CanariasViaja-768x576.jpeg 768w, https:\/\/www.canariasviaja.com\/viajaresvivir\/wp-content\/uploads\/2019\/12\/Baiona-Foto-Grupo-CanariasViaja-1536x1152.jpeg 1536w, https:\/\/www.canariasviaja.com\/viajaresvivir\/wp-content\/uploads\/2019\/12\/Baiona-Foto-Grupo-CanariasViaja-1200x900.jpeg 1200w, https:\/\/www.canariasviaja.com\/viajaresvivir\/wp-content\/uploads\/2019\/12\/Baiona-Foto-Grupo-CanariasViaja-800x600.jpeg 800w, https:\/\/www.canariasviaja.com\/viajaresvivir\/wp-content\/uploads\/2019\/12\/Baiona-Foto-Grupo-CanariasViaja-1440x1080.jpeg 1440w, https:\/\/www.canariasviaja.com\/viajaresvivir\/wp-content\/uploads\/2019\/12\/Baiona-Foto-Grupo-CanariasViaja.jpeg 2048w\" sizes=\"(max-width: 1024px) 100vw, 1024px\" \/><\/figure>\n\n\n\n<figure class=\"wp-block-image size-large\"><img loading=\"lazy\" decoding=\"async\" width=\"1024\" height=\"768\" src=\"http:\/\/www.canariasviaja.com\/viajaresvivir\/wp-content\/uploads\/2019\/12\/IMG_6275-1024x768.jpg\" alt=\"\" class=\"wp-image-1952\" srcset=\"https:\/\/www.canariasviaja.com\/viajaresvivir\/wp-content\/uploads\/2019\/12\/IMG_6275-1024x768.jpg 1024w, https:\/\/www.canariasviaja.com\/viajaresvivir\/wp-content\/uploads\/2019\/12\/IMG_6275-300x225.jpg 300w, https:\/\/www.canariasviaja.com\/viajaresvivir\/wp-content\/uploads\/2019\/12\/IMG_6275-768x576.jpg 768w, https:\/\/www.canariasviaja.com\/viajaresvivir\/wp-content\/uploads\/2019\/12\/IMG_6275-1536x1152.jpg 1536w, https:\/\/www.canariasviaja.com\/viajaresvivir\/wp-content\/uploads\/2019\/12\/IMG_6275-2048x1536.jpg 2048w, https:\/\/www.canariasviaja.com\/viajaresvivir\/wp-content\/uploads\/2019\/12\/IMG_6275-1200x900.jpg 1200w, https:\/\/www.canariasviaja.com\/viajaresvivir\/wp-content\/uploads\/2019\/12\/IMG_6275-800x600.jpg 800w, https:\/\/www.canariasviaja.com\/viajaresvivir\/wp-content\/uploads\/2019\/12\/IMG_6275-1440x1080.jpg 1440w\" sizes=\"(max-width: 1024px) 100vw, 1024px\" \/><\/figure>\n\n\n\n<p>El regreso hacia Vigo por la costa \u2013 ya que quer\u00edamos pasar por la famosa <strong>playa de Samil<\/strong>, una de las m\u00e1s populares de la zona \u2013 es un paisaje de postal donde el verdor de las zonas rurales se fusiona con el intens\u00edsimo azul del mar, salpicado de sugerentes calas de rocas gran\u00edticas&nbsp;y playitas de arena blanca\u2026\u00a1toda una invitaci\u00f3n para los sentidos!<\/p>\n\n\n\n<h4 class=\"wp-block-heading\">Vigo a vista de p\u00e1jaro<\/h4>\n\n\n\n<p>Y, para tener una panor\u00e1mica m\u00e1s completa de Vigo, tocaba subir al <strong>Monte O Castro<\/strong> \u2013 aqu\u00ed est\u00e1 el origen &nbsp;romano de la ciudad de Vigo, en el Castro, que &nbsp;fue el &nbsp;primer asentamiento de la poblaci\u00f3n que posteriormente se rode\u00f3 de murallas defensivas y de la Fortaleza que data del siglo XVII. <\/p>\n\n\n\n<p>Desde aqu\u00ed se tiene una impresionante panor\u00e1mica de la r\u00eda de Vigo y se aprecia la dimensi\u00f3n de su puerto, el motor econ\u00f3mico de la zona, &nbsp;con sus astilleros y las zonas dedicadas a la exportaci\u00f3n de coches. <\/p>\n\n\n\n<figure class=\"wp-block-image size-large\"><img loading=\"lazy\" decoding=\"async\" width=\"1024\" height=\"768\" src=\"http:\/\/www.canariasviaja.com\/viajaresvivir\/wp-content\/uploads\/2019\/12\/Murallas-de-Castro-1024x768.jpeg\" alt=\"Equipo de Canarias Viaja en el Monte do Castro en Vigo\" class=\"wp-image-1874\" srcset=\"https:\/\/www.canariasviaja.com\/viajaresvivir\/wp-content\/uploads\/2019\/12\/Murallas-de-Castro-1024x768.jpeg 1024w, https:\/\/www.canariasviaja.com\/viajaresvivir\/wp-content\/uploads\/2019\/12\/Murallas-de-Castro-300x225.jpeg 300w, https:\/\/www.canariasviaja.com\/viajaresvivir\/wp-content\/uploads\/2019\/12\/Murallas-de-Castro-768x576.jpeg 768w, https:\/\/www.canariasviaja.com\/viajaresvivir\/wp-content\/uploads\/2019\/12\/Murallas-de-Castro-1536x1152.jpeg 1536w, https:\/\/www.canariasviaja.com\/viajaresvivir\/wp-content\/uploads\/2019\/12\/Murallas-de-Castro-2048x1536.jpeg 2048w, https:\/\/www.canariasviaja.com\/viajaresvivir\/wp-content\/uploads\/2019\/12\/Murallas-de-Castro-1200x900.jpeg 1200w, https:\/\/www.canariasviaja.com\/viajaresvivir\/wp-content\/uploads\/2019\/12\/Murallas-de-Castro-800x600.jpeg 800w, https:\/\/www.canariasviaja.com\/viajaresvivir\/wp-content\/uploads\/2019\/12\/Murallas-de-Castro-1440x1080.jpeg 1440w\" sizes=\"(max-width: 1024px) 100vw, 1024px\" \/><\/figure>\n\n\n\n<h4 class=\"wp-block-heading\">Sabores marineros en Combarro<\/h4>\n\n\n\n<p>Nuestro almuerzo gallego nos esperaba junto a la siguiente r\u00eda \u2013 <strong>la de Pontevedra<\/strong>&#8211; a media horita en direcci\u00f3n al norte, en <strong>Combarro<\/strong>, sin duda uno de los pueblos costeros m\u00e1s bonitos de Galicia y el que mejor conserva la <strong>arquitectura tradicional mariner<\/strong>a. <\/p>\n\n\n\n<p>Un pueblo de estrechas callejuelas de granito con la mayor concentraci\u00f3n de <strong>h\u00f3rreos,<\/strong> &nbsp;algunos literalmente pegados a la r\u00eda, y d\u00f3nde tambi\u00e9n durante el recorrido se pueden ver los famosos <strong><em>cruceiros<\/em><\/strong> \u2013 las cruces de piedra que se colocaban en el encuentro &nbsp;de los&nbsp; caminos -como gu\u00eda y protecci\u00f3n contra las <strong><em>meigas<\/em><\/strong>. Aqu\u00ed hay siete y en ellos figura por un lado el Cristo crucificado y por el otro la Virgen, siempre mirando al &nbsp;mar como protectora de los marineros. Un lugar d\u00f3nde en cada rinc\u00f3n se palpa<strong> la vida marinera <\/strong>de la r\u00eda\u2026 <\/p>\n\n\n\n<figure class=\"wp-block-image size-large\"><img loading=\"lazy\" decoding=\"async\" width=\"1024\" height=\"768\" src=\"http:\/\/www.canariasviaja.com\/viajaresvivir\/wp-content\/uploads\/2019\/12\/Horreos-vistas-a-la-r\u00eda-1024x768.jpeg\" alt=\"H\u00f3rreos en Combarro\" class=\"wp-image-1872\" srcset=\"https:\/\/www.canariasviaja.com\/viajaresvivir\/wp-content\/uploads\/2019\/12\/Horreos-vistas-a-la-r\u00eda-1024x768.jpeg 1024w, https:\/\/www.canariasviaja.com\/viajaresvivir\/wp-content\/uploads\/2019\/12\/Horreos-vistas-a-la-r\u00eda-300x225.jpeg 300w, https:\/\/www.canariasviaja.com\/viajaresvivir\/wp-content\/uploads\/2019\/12\/Horreos-vistas-a-la-r\u00eda-768x576.jpeg 768w, https:\/\/www.canariasviaja.com\/viajaresvivir\/wp-content\/uploads\/2019\/12\/Horreos-vistas-a-la-r\u00eda-1536x1152.jpeg 1536w, https:\/\/www.canariasviaja.com\/viajaresvivir\/wp-content\/uploads\/2019\/12\/Horreos-vistas-a-la-r\u00eda-2048x1536.jpeg 2048w, https:\/\/www.canariasviaja.com\/viajaresvivir\/wp-content\/uploads\/2019\/12\/Horreos-vistas-a-la-r\u00eda-1200x900.jpeg 1200w, https:\/\/www.canariasviaja.com\/viajaresvivir\/wp-content\/uploads\/2019\/12\/Horreos-vistas-a-la-r\u00eda-800x600.jpeg 800w, https:\/\/www.canariasviaja.com\/viajaresvivir\/wp-content\/uploads\/2019\/12\/Horreos-vistas-a-la-r\u00eda-1440x1080.jpeg 1440w\" sizes=\"(max-width: 1024px) 100vw, 1024px\" \/><\/figure>\n\n\n\n<p>Y ya tocaba degustar los ricos platos de la <strong>gastronom\u00eda gallega<\/strong>. Como entrantes, una buena empanada gallega, unos mejillones al vapor y el imprescindible <em>pulpo a feira<\/em>. Incre\u00edble como en este plato tan sencillo logran la maestr\u00eda con que lo preparan en &nbsp;Galicia\u2026 indescriptible de lo bueno que estaba, \u00a1la calidad del producto sin duda marca la diferencia! <\/p>\n\n\n\n<p>Y como colof\u00f3n, un arroz caldoso con carabineros y almejas que estaba delicioso acompa\u00f1ado de un buen <strong><a href=\"https:\/\/doriasbaixas.com\/vinos-rias-baixas\" target=\"_blank\" rel=\"noreferrer noopener\" aria-label=\"Albari\u00f1o (se abre en una nueva pesta\u00f1a)\">Albari\u00f1o<\/a><a href=\"https:\/\/doriasbaixas.com\/vinos-rias-baixas\" target=\"_blank\" rel=\"noreferrer noopener\" aria-label=\" (se abre en una nueva pesta\u00f1a)\"> DO R\u00edas Baixas<\/a><\/strong> y el inconfundible y adictivo pan gallego (para m\u00ed es el pan m\u00e1s rico del mundo y de traerme algo de Galicia -no pudiendo traer vino- me traigo un pan gallego con ese inconfundible aroma a pan casero). Todo esto en el <strong><a href=\"https:\/\/www.tripadvisor.es\/Restaurant_Review-g1203123-d4717446-Reviews-Tintanegra-Combarro_Province_of_Pontevedra_Galicia.html\" target=\"_blank\" rel=\"noreferrer noopener\" aria-label=\" (se abre en una nueva pesta\u00f1a)\">Restaurante Tinta Negra<\/a><\/strong>, un precioso edificio de piedra a la entrada de Combarro con muy buen ambiente donde pasamos un rato muy agradable.<\/p>\n\n\n\n<figure class=\"wp-block-gallery columns-3 is-cropped wp-block-gallery-1 is-layout-flex wp-block-gallery-is-layout-flex\"><ul class=\"blocks-gallery-grid\"><li class=\"blocks-gallery-item\"><figure><img loading=\"lazy\" decoding=\"async\" width=\"768\" height=\"1024\" src=\"http:\/\/www.canariasviaja.com\/viajaresvivir\/wp-content\/uploads\/2019\/12\/Mejillones-768x1024.jpeg\" alt=\"Gastronom\u00eda gallega\" data-id=\"1873\" data-link=\"http:\/\/www.canariasviaja.com\/viajaresvivir\/mejillones\/\" class=\"wp-image-1873\" srcset=\"https:\/\/www.canariasviaja.com\/viajaresvivir\/wp-content\/uploads\/2019\/12\/Mejillones-768x1024.jpeg 768w, https:\/\/www.canariasviaja.com\/viajaresvivir\/wp-content\/uploads\/2019\/12\/Mejillones-225x300.jpeg 225w, https:\/\/www.canariasviaja.com\/viajaresvivir\/wp-content\/uploads\/2019\/12\/Mejillones-1152x1536.jpeg 1152w, https:\/\/www.canariasviaja.com\/viajaresvivir\/wp-content\/uploads\/2019\/12\/Mejillones-1536x2048.jpeg 1536w, https:\/\/www.canariasviaja.com\/viajaresvivir\/wp-content\/uploads\/2019\/12\/Mejillones-1200x1601.jpeg 1200w, https:\/\/www.canariasviaja.com\/viajaresvivir\/wp-content\/uploads\/2019\/12\/Mejillones-600x800.jpeg 600w, https:\/\/www.canariasviaja.com\/viajaresvivir\/wp-content\/uploads\/2019\/12\/Mejillones-810x1080.jpeg 810w, https:\/\/www.canariasviaja.com\/viajaresvivir\/wp-content\/uploads\/2019\/12\/Mejillones.jpeg 1537w\" sizes=\"(max-width: 768px) 100vw, 768px\" \/><\/figure><\/li><li class=\"blocks-gallery-item\"><figure><img loading=\"lazy\" decoding=\"async\" width=\"768\" height=\"1024\" src=\"http:\/\/www.canariasviaja.com\/viajaresvivir\/wp-content\/uploads\/2019\/12\/Pan-gallego-768x1024.jpeg\" alt=\"\" data-id=\"1879\" data-link=\"http:\/\/www.canariasviaja.com\/viajaresvivir\/pan-gallego\/\" class=\"wp-image-1879\" srcset=\"https:\/\/www.canariasviaja.com\/viajaresvivir\/wp-content\/uploads\/2019\/12\/Pan-gallego-768x1024.jpeg 768w, https:\/\/www.canariasviaja.com\/viajaresvivir\/wp-content\/uploads\/2019\/12\/Pan-gallego-225x300.jpeg 225w, https:\/\/www.canariasviaja.com\/viajaresvivir\/wp-content\/uploads\/2019\/12\/Pan-gallego-1152x1536.jpeg 1152w, https:\/\/www.canariasviaja.com\/viajaresvivir\/wp-content\/uploads\/2019\/12\/Pan-gallego-1536x2048.jpeg 1536w, https:\/\/www.canariasviaja.com\/viajaresvivir\/wp-content\/uploads\/2019\/12\/Pan-gallego-1200x1600.jpeg 1200w, https:\/\/www.canariasviaja.com\/viajaresvivir\/wp-content\/uploads\/2019\/12\/Pan-gallego-600x800.jpeg 600w, https:\/\/www.canariasviaja.com\/viajaresvivir\/wp-content\/uploads\/2019\/12\/Pan-gallego-810x1080.jpeg 810w, https:\/\/www.canariasviaja.com\/viajaresvivir\/wp-content\/uploads\/2019\/12\/Pan-gallego-scaled.jpeg 1920w\" sizes=\"(max-width: 768px) 100vw, 768px\" \/><\/figure><\/li><li class=\"blocks-gallery-item\"><figure><img loading=\"lazy\" decoding=\"async\" width=\"768\" height=\"1024\" src=\"https:\/\/www.canariasviaja.com\/viajaresvivir\/wp-content\/uploads\/2019\/12\/Arroz-con-carabineros.jpg\" alt=\"\" data-id=\"1913\" data-full-url=\"https:\/\/www.canariasviaja.com\/viajaresvivir\/wp-content\/uploads\/2019\/12\/Arroz-con-carabineros.jpg\" data-link=\"https:\/\/www.canariasviaja.com\/viajaresvivir\/24-horas-en-vigo\/arroz-con-carabineros\/#main\" class=\"wp-image-1913\" srcset=\"https:\/\/www.canariasviaja.com\/viajaresvivir\/wp-content\/uploads\/2019\/12\/Arroz-con-carabineros.jpg 768w, https:\/\/www.canariasviaja.com\/viajaresvivir\/wp-content\/uploads\/2019\/12\/Arroz-con-carabineros-225x300.jpg 225w, https:\/\/www.canariasviaja.com\/viajaresvivir\/wp-content\/uploads\/2019\/12\/Arroz-con-carabineros-600x800.jpg 600w\" sizes=\"(max-width: 768px) 100vw, 768px\" \/><\/figure><\/li><\/ul><\/figure>\n\n\n\n<h4 class=\"wp-block-heading\">De sobremesa en Pontevedra<\/h4>\n\n\n\n<p>Y, como quer\u00edamos aprovechar la tarde, qu\u00e9 mejor plan para el caf\u00e9 que un paseo por el casco antiguo de <strong>Pontevedra<\/strong>, menos conocido pero que sorprende por su belleza. Calles peatonales llenas de rincones con historia y mucho encanto, recomendable para una <strong>tarde de paseo o noche de tapeo. <\/strong><\/p>\n\n\n\n<p>Aprovechamos a tomar un rico caf\u00e9, justo cuando nos call\u00f3 un buen chaparr\u00f3n, para despu\u00e9s hacer un recorrido por las calles m\u00e1s bonitas , pasando por la <strong>Plaza de Santa Mar\u00eda<\/strong>, d\u00f3nde se ubica la Oficina de Turismo en una preciosa casona d\u00f3nde se rod\u00f3 la serie <strong>\u201cLos Gozos y Las Sombras\u201d <\/strong>y que est\u00e1 de camino a la <strong>Bas\u00edlica de Santa Mar\u00eda<\/strong> \u2013 la m\u00e1s antigua de Pontevedra- y cuyo espectacular p\u00f3rtico no hay que perderse. Su construcci\u00f3n se inici\u00f3 en el siglo XV y finaliz\u00f3 en el XVII, de estilo G\u00f3tico Isabelino, y es una buena &nbsp;muestra de la maestr\u00eda gallega en el arte de la canter\u00eda en la que son referentes mundiales.<\/p>\n\n\n\n<figure class=\"wp-block-image size-large\"><img loading=\"lazy\" decoding=\"async\" width=\"768\" height=\"1024\" src=\"http:\/\/www.canariasviaja.com\/viajaresvivir\/wp-content\/uploads\/2019\/12\/Basilica-768x1024.jpeg\" alt=\"Bas\u00edlica de Pontevedra\" class=\"wp-image-1871\" srcset=\"https:\/\/www.canariasviaja.com\/viajaresvivir\/wp-content\/uploads\/2019\/12\/Basilica-768x1024.jpeg 768w, https:\/\/www.canariasviaja.com\/viajaresvivir\/wp-content\/uploads\/2019\/12\/Basilica-225x300.jpeg 225w, https:\/\/www.canariasviaja.com\/viajaresvivir\/wp-content\/uploads\/2019\/12\/Basilica-1152x1536.jpeg 1152w, https:\/\/www.canariasviaja.com\/viajaresvivir\/wp-content\/uploads\/2019\/12\/Basilica-1200x1600.jpeg 1200w, https:\/\/www.canariasviaja.com\/viajaresvivir\/wp-content\/uploads\/2019\/12\/Basilica-600x800.jpeg 600w, https:\/\/www.canariasviaja.com\/viajaresvivir\/wp-content\/uploads\/2019\/12\/Basilica-810x1080.jpeg 810w, https:\/\/www.canariasviaja.com\/viajaresvivir\/wp-content\/uploads\/2019\/12\/Basilica.jpeg 1536w\" sizes=\"(max-width: 768px) 100vw, 768px\" \/><\/figure>\n\n\n\n<p>Pontevedra resuma historia y an\u00e9cdotas de muchas pel\u00edculas y series ambientadas en estas calles y personajes que dejaron huella como <strong>Valle Incl\u00e1n, <\/strong>adem\u00e1s de preciosos jardines hist\u00f3ricos con \u00e1rboles tan espectaculares como los <strong>magnolios<\/strong>. Un paseo que no debes perderte en tu visita a Vigo, una ciudad junto al r\u00edo con muchas historias que contar\u2026,entre otras la del <strong><a href=\"http:\/\/www.galiciaunica.es\/el-loro-ravachol\/\" target=\"_blank\" rel=\"noreferrer noopener\" aria-label=\" (se abre en una nueva pesta\u00f1a)\">Loro Ravachol<\/a><\/strong>, el loro m\u00e1s famoso del mundo que vivi\u00f3 en Pontevedra entre 1891 y 1913 y cuyo entierro se conmemora cada a\u00f1o en Carnavales.<\/p>\n\n\n\n<figure class=\"wp-block-image size-large\"><img loading=\"lazy\" decoding=\"async\" width=\"768\" height=\"1024\" src=\"http:\/\/www.canariasviaja.com\/viajaresvivir\/wp-content\/uploads\/2019\/12\/Pontevedra-con-el-loro-Ravachol-768x1024.jpeg\" alt=\"Loro Ravachol en Pontevedra\" class=\"wp-image-1881\" srcset=\"https:\/\/www.canariasviaja.com\/viajaresvivir\/wp-content\/uploads\/2019\/12\/Pontevedra-con-el-loro-Ravachol-768x1024.jpeg 768w, https:\/\/www.canariasviaja.com\/viajaresvivir\/wp-content\/uploads\/2019\/12\/Pontevedra-con-el-loro-Ravachol-225x300.jpeg 225w, https:\/\/www.canariasviaja.com\/viajaresvivir\/wp-content\/uploads\/2019\/12\/Pontevedra-con-el-loro-Ravachol-1152x1536.jpeg 1152w, https:\/\/www.canariasviaja.com\/viajaresvivir\/wp-content\/uploads\/2019\/12\/Pontevedra-con-el-loro-Ravachol-1536x2048.jpeg 1536w, https:\/\/www.canariasviaja.com\/viajaresvivir\/wp-content\/uploads\/2019\/12\/Pontevedra-con-el-loro-Ravachol-1200x1600.jpeg 1200w, https:\/\/www.canariasviaja.com\/viajaresvivir\/wp-content\/uploads\/2019\/12\/Pontevedra-con-el-loro-Ravachol-600x800.jpeg 600w, https:\/\/www.canariasviaja.com\/viajaresvivir\/wp-content\/uploads\/2019\/12\/Pontevedra-con-el-loro-Ravachol-810x1080.jpeg 810w, https:\/\/www.canariasviaja.com\/viajaresvivir\/wp-content\/uploads\/2019\/12\/Pontevedra-con-el-loro-Ravachol-scaled.jpeg 1920w\" sizes=\"(max-width: 768px) 100vw, 768px\" \/><\/figure>\n\n\n\n<h4 class=\"wp-block-heading\">Navidad en Vigo al anochecer<\/h4>\n\n\n\n<p>Y ya, como colof\u00f3n de una jornada muy bien aprovechada, nos esperaba <strong>Vigo<\/strong> con sus luces &nbsp;para acoger nuestra celebraci\u00f3n navide\u00f1a como cierre de un a\u00f1o con buenos resultados en el que precisamente ha sido esta ciudad la que m\u00e1s inter\u00e9s gener\u00f3 entre nuestros clientes como opci\u00f3n para una <strong><a href=\"https:\/\/www.canariasviaja.com\/\" target=\"_blank\" rel=\"noreferrer noopener\" aria-label=\" (se abre en una nueva pesta\u00f1a)\">escapada a destinos nacionales<\/a><\/strong> con vuelos directos desde Canarias. Y todos coincidimos tras la visita que Vigo es un destino muy atractivo, una ciudad marinera con una gastronom\u00eda superlativa, gente muy amable con muchos v\u00ednculos con Canarias, y un enclave ideal para disfrutar de la belleza y la calidad del destino Galicia en todas sus vertientes.<\/p>\n\n\n\n<p>Por Galicia y Canarias brindamos en nuestra cena navide\u00f1a en el magn\u00edfico enclave del <strong>Restaurante Alameda XXI del<a href=\"https:\/\/www.granhotelnagari.com\/reservas\/\" target=\"_blank\" rel=\"noreferrer noopener\" aria-label=\" (se abre en una nueva pesta\u00f1a)\"> Gran Hotel Nagari,<\/a><\/strong> una cena a la altura de los m\u00e1s exigentes y donde, adem\u00e1s de la cercan\u00eda con la que siempre nos reciben, destaca su excelente servicio. <\/p>\n\n\n\n<p>La lluvia que empez\u00f3 a caer con fuerza no nos permiti\u00f3 disfrutar de la espectacular noria ni del mercadillo navide\u00f1o pero s\u00ed pudimos disfrutar un poco m\u00e1s tarde de un paseo por sus calles, no s\u00f3lo espectacularmente iluminadas sino decoradas con bonitos motivos de temas navide\u00f1os que nos trasladaron a todos a un cuento de Navidad\u2026.El paraguas era lo de menos, el fant\u00e1stico ambiente que se respiraba en las calles, junto con las postales de navidad en las que nos vimos inmersos, es el recuerdo que todos nos trajimos de la <strong>Navidad en Vigo.<\/strong><\/p>\n\n\n\n<figure class=\"wp-block-image size-large\"><img loading=\"lazy\" decoding=\"async\" width=\"768\" height=\"1024\" src=\"http:\/\/www.canariasviaja.com\/viajaresvivir\/wp-content\/uploads\/2019\/12\/Navidad-1-768x1024.jpeg\" alt=\"Equipo de Canarias Viaja en la Navidad de Vigo\" class=\"wp-image-1875\" srcset=\"https:\/\/www.canariasviaja.com\/viajaresvivir\/wp-content\/uploads\/2019\/12\/Navidad-1-768x1024.jpeg 768w, https:\/\/www.canariasviaja.com\/viajaresvivir\/wp-content\/uploads\/2019\/12\/Navidad-1-225x300.jpeg 225w, https:\/\/www.canariasviaja.com\/viajaresvivir\/wp-content\/uploads\/2019\/12\/Navidad-1-1152x1536.jpeg 1152w, https:\/\/www.canariasviaja.com\/viajaresvivir\/wp-content\/uploads\/2019\/12\/Navidad-1-1200x1600.jpeg 1200w, https:\/\/www.canariasviaja.com\/viajaresvivir\/wp-content\/uploads\/2019\/12\/Navidad-1-600x800.jpeg 600w, https:\/\/www.canariasviaja.com\/viajaresvivir\/wp-content\/uploads\/2019\/12\/Navidad-1-810x1080.jpeg 810w, https:\/\/www.canariasviaja.com\/viajaresvivir\/wp-content\/uploads\/2019\/12\/Navidad-1.jpeg 1536w\" sizes=\"(max-width: 768px) 100vw, 768px\" \/><\/figure>\n\n\n\n<figure class=\"wp-block-gallery columns-2 is-cropped wp-block-gallery-2 is-layout-flex wp-block-gallery-is-layout-flex\"><ul class=\"blocks-gallery-grid\"><li class=\"blocks-gallery-item\"><figure><img loading=\"lazy\" decoding=\"async\" width=\"768\" height=\"1024\" src=\"http:\/\/www.canariasviaja.com\/viajaresvivir\/wp-content\/uploads\/2019\/12\/Navidad-3-768x1024.jpeg\" alt=\"\" data-id=\"1877\" data-full-url=\"http:\/\/www.canariasviaja.com\/viajaresvivir\/wp-content\/uploads\/2019\/12\/Navidad-3.jpeg\" data-link=\"http:\/\/www.canariasviaja.com\/viajaresvivir\/navidad-3\/\" class=\"wp-image-1877\" srcset=\"https:\/\/www.canariasviaja.com\/viajaresvivir\/wp-content\/uploads\/2019\/12\/Navidad-3-768x1024.jpeg 768w, https:\/\/www.canariasviaja.com\/viajaresvivir\/wp-content\/uploads\/2019\/12\/Navidad-3-225x300.jpeg 225w, https:\/\/www.canariasviaja.com\/viajaresvivir\/wp-content\/uploads\/2019\/12\/Navidad-3-1152x1536.jpeg 1152w, https:\/\/www.canariasviaja.com\/viajaresvivir\/wp-content\/uploads\/2019\/12\/Navidad-3-1200x1600.jpeg 1200w, https:\/\/www.canariasviaja.com\/viajaresvivir\/wp-content\/uploads\/2019\/12\/Navidad-3-600x800.jpeg 600w, https:\/\/www.canariasviaja.com\/viajaresvivir\/wp-content\/uploads\/2019\/12\/Navidad-3-810x1080.jpeg 810w, https:\/\/www.canariasviaja.com\/viajaresvivir\/wp-content\/uploads\/2019\/12\/Navidad-3.jpeg 1536w\" sizes=\"(max-width: 768px) 100vw, 768px\" \/><\/figure><\/li><li class=\"blocks-gallery-item\"><figure><img loading=\"lazy\" decoding=\"async\" width=\"768\" height=\"1024\" src=\"http:\/\/www.canariasviaja.com\/viajaresvivir\/wp-content\/uploads\/2019\/12\/Navidad-2-768x1024.jpeg\" alt=\"\" data-id=\"1876\" data-full-url=\"http:\/\/www.canariasviaja.com\/viajaresvivir\/wp-content\/uploads\/2019\/12\/Navidad-2.jpeg\" data-link=\"http:\/\/www.canariasviaja.com\/viajaresvivir\/navidad-2\/\" class=\"wp-image-1876\" srcset=\"https:\/\/www.canariasviaja.com\/viajaresvivir\/wp-content\/uploads\/2019\/12\/Navidad-2-768x1024.jpeg 768w, https:\/\/www.canariasviaja.com\/viajaresvivir\/wp-content\/uploads\/2019\/12\/Navidad-2-225x300.jpeg 225w, https:\/\/www.canariasviaja.com\/viajaresvivir\/wp-content\/uploads\/2019\/12\/Navidad-2-1152x1536.jpeg 1152w, https:\/\/www.canariasviaja.com\/viajaresvivir\/wp-content\/uploads\/2019\/12\/Navidad-2-1200x1600.jpeg 1200w, https:\/\/www.canariasviaja.com\/viajaresvivir\/wp-content\/uploads\/2019\/12\/Navidad-2-600x800.jpeg 600w, https:\/\/www.canariasviaja.com\/viajaresvivir\/wp-content\/uploads\/2019\/12\/Navidad-2-810x1080.jpeg 810w, https:\/\/www.canariasviaja.com\/viajaresvivir\/wp-content\/uploads\/2019\/12\/Navidad-2.jpeg 1536w\" sizes=\"(max-width: 768px) 100vw, 768px\" \/><\/figure><\/li><\/ul><\/figure>\n\n\n\n<figure class=\"wp-block-image size-large\"><img loading=\"lazy\" decoding=\"async\" width=\"1024\" height=\"768\" src=\"http:\/\/www.canariasviaja.com\/viajaresvivir\/wp-content\/uploads\/2019\/12\/Navidad-4-1024x768.jpeg\" alt=\"Navidad en Vigo\" class=\"wp-image-1878\" srcset=\"https:\/\/www.canariasviaja.com\/viajaresvivir\/wp-content\/uploads\/2019\/12\/Navidad-4-1024x768.jpeg 1024w, https:\/\/www.canariasviaja.com\/viajaresvivir\/wp-content\/uploads\/2019\/12\/Navidad-4-300x225.jpeg 300w, https:\/\/www.canariasviaja.com\/viajaresvivir\/wp-content\/uploads\/2019\/12\/Navidad-4-768x576.jpeg 768w, https:\/\/www.canariasviaja.com\/viajaresvivir\/wp-content\/uploads\/2019\/12\/Navidad-4-1536x1152.jpeg 1536w, https:\/\/www.canariasviaja.com\/viajaresvivir\/wp-content\/uploads\/2019\/12\/Navidad-4-1200x900.jpeg 1200w, https:\/\/www.canariasviaja.com\/viajaresvivir\/wp-content\/uploads\/2019\/12\/Navidad-4-800x600.jpeg 800w, https:\/\/www.canariasviaja.com\/viajaresvivir\/wp-content\/uploads\/2019\/12\/Navidad-4-1440x1080.jpeg 1440w, https:\/\/www.canariasviaja.com\/viajaresvivir\/wp-content\/uploads\/2019\/12\/Navidad-4.jpeg 2048w\" sizes=\"(max-width: 1024px) 100vw, 1024px\" \/><\/figure>\n\n\n\n<h4 class=\"wp-block-heading\">Despedida soleada<\/h4>\n\n\n\n<p>Nuestra escapada va llegando a su fin pero a\u00fan tenemos un ratito para seguir disfrutando de Vigo.<\/p>\n\n\n\n<p>Con la ma\u00f1ana ya soleada y con un intenso cielo azul, pudimos dar un paseo por el centro hist\u00f3rico, pasando por&nbsp; <strong>El Sireno<\/strong> y la <strong>plaza de la Piedra<\/strong>, donde degustar las famosas ostras, hasta la <strong>Alameda <\/strong>y el puerto deportivo, donde el tintineo en los m\u00e1stiles de los barcos de vela junto a la <strong>escultura de Julio Verne<\/strong> nos recuerda <strong>el car\u00e1cter marinero, viajero&nbsp; y atl\u00e1ntico <\/strong>de esta ciudad a la que siempre apetece volver.<\/p>\n\n\n\n<p><strong>24 horas en Vigo que dieron mucho de s\u00ed. <\/strong><\/p>\n\n\n\n<figure class=\"wp-block-image size-large\"><img loading=\"lazy\" decoding=\"async\" width=\"768\" height=\"1024\" src=\"https:\/\/www.canariasviaja.com\/viajaresvivir\/wp-content\/uploads\/2019\/12\/Noria-Vigo.jpg\" alt=\"\" class=\"wp-image-1892\" srcset=\"https:\/\/www.canariasviaja.com\/viajaresvivir\/wp-content\/uploads\/2019\/12\/Noria-Vigo.jpg 768w, https:\/\/www.canariasviaja.com\/viajaresvivir\/wp-content\/uploads\/2019\/12\/Noria-Vigo-225x300.jpg 225w, https:\/\/www.canariasviaja.com\/viajaresvivir\/wp-content\/uploads\/2019\/12\/Noria-Vigo-600x800.jpg 600w\" sizes=\"(max-width: 768px) 100vw, 768px\" \/><\/figure>\n\n\n\n<figure class=\"wp-block-image size-large\"><img loading=\"lazy\" decoding=\"async\" width=\"1024\" height=\"768\" src=\"http:\/\/www.canariasviaja.com\/viajaresvivir\/wp-content\/uploads\/2019\/12\/Julio-Verne-1024x768.jpg\" alt=\"Escultura de Julio Verne en el Puerto de Vigo\" class=\"wp-image-1893\" srcset=\"https:\/\/www.canariasviaja.com\/viajaresvivir\/wp-content\/uploads\/2019\/12\/Julio-Verne-1024x768.jpg 1024w, https:\/\/www.canariasviaja.com\/viajaresvivir\/wp-content\/uploads\/2019\/12\/Julio-Verne-300x225.jpg 300w, https:\/\/www.canariasviaja.com\/viajaresvivir\/wp-content\/uploads\/2019\/12\/Julio-Verne-768x576.jpg 768w, https:\/\/www.canariasviaja.com\/viajaresvivir\/wp-content\/uploads\/2019\/12\/Julio-Verne-1200x900.jpg 1200w, https:\/\/www.canariasviaja.com\/viajaresvivir\/wp-content\/uploads\/2019\/12\/Julio-Verne-800x600.jpg 800w, https:\/\/www.canariasviaja.com\/viajaresvivir\/wp-content\/uploads\/2019\/12\/Julio-Verne.jpg 1365w\" sizes=\"(max-width: 1024px) 100vw, 1024px\" \/><\/figure>\n\n\n\n<p><\/p>\n","protected":false},"excerpt":{"rendered":"<p>24 horas en Vigo dan para mucho. El equipo de Canarias Viaja se escap\u00f3 a Vigo para celebrar la Navidad y descubrir los atractivos de las R\u00edas Baixas.<\/p>\n","protected":false},"author":11,"featured_media":1878,"comment_status":"open","ping_status":"open","sticky":false,"template":"","format":"standard","meta":{"_acf_changed":false,"sfsi_plus_gutenberg_text_before_share":"","sfsi_plus_gutenberg_show_text_before_share":"","sfsi_plus_gutenberg_icon_type":"","sfsi_plus_gutenberg_icon_alignemt":"","sfsi_plus_gutenburg_max_per_row":"","footnotes":""},"categories":[124,146,123,10,100,1,101],"tags":[279,286,285,281,263,238,151,280,282,283,287,226,211,284],"class_list":["post-1883","post","type-post","status-publish","format-standard","has-post-thumbnail","hentry","category-descubre","category-el-viaje-de","category-explora","category-historias-viajeras","category-peninsulaybaleares","category-sin-categoria","category-vigo","tag-24-horas","tag-baiona","tag-combarro","tag-diciembre","tag-escapada-urbana","tag-galicia","tag-gastronomia","tag-invierno","tag-navidad","tag-navidad-en-vigo","tag-pontevedra","tag-rias-baixas","tag-vigo","tag-vuelo-directo"],"acf":[],"yoast_head":"<!-- This site is optimized with the Yoast SEO plugin v24.1 - https:\/\/yoast.com\/wordpress\/plugins\/seo\/ -->\n<title>Vigo: Escapada 24 horas - Viajar es vivir<\/title>\n<meta name=\"description\" content=\"24 horas dan para mucho en Vigo. Te invitamos a descubrir como exprimimos nuestra escapada para celebrar la Navidad con el equipo de Canarias Viaja.\" \/>\n<meta name=\"robots\" content=\"index, follow, max-snippet:-1, max-image-preview:large, max-video-preview:-1\" \/>\n<link rel=\"canonical\" href=\"https:\/\/www.canariasviaja.com\/viajaresvivir\/24-horas-en-vigo\/\" \/>\n<meta property=\"og:locale\" content=\"es_ES\" \/>\n<meta property=\"og:type\" content=\"article\" \/>\n<meta property=\"og:title\" content=\"Escapada navide\u00f1a: 24 horas en Vigo\" \/>\n<meta property=\"og:description\" content=\"24 horas pueden dar para mucho en Vigo. Tiempo suficiente para recorrer algunos de los lugares m\u00e1s bonitos de las R\u00edas Baixas y para disfrutar de la Navidad en Vigo.\" \/>\n<meta property=\"og:url\" content=\"https:\/\/www.canariasviaja.com\/viajaresvivir\/24-horas-en-vigo\/\" \/>\n<meta property=\"og:site_name\" content=\"Viajar es vivir\" \/>\n<meta property=\"article:published_time\" content=\"2019-12-16T16:42:00+00:00\" \/>\n<meta property=\"article:modified_time\" content=\"2019-12-17T17:19:39+00:00\" \/>\n<meta property=\"og:image\" content=\"https:\/\/www.canariasviaja.com\/viajaresvivir\/wp-content\/uploads\/2019\/12\/Navidad-4.jpeg\" \/>\n\t<meta property=\"og:image:width\" content=\"2048\" \/>\n\t<meta property=\"og:image:height\" content=\"1536\" \/>\n\t<meta property=\"og:image:type\" content=\"image\/jpeg\" \/>\n<meta name=\"author\" content=\"Tina Sonck\" \/>\n<meta name=\"twitter:card\" content=\"summary_large_image\" \/>\n<meta name=\"twitter:title\" content=\"Escapada navide\u00f1a: 24 horas en Vigo\" \/>\n<meta name=\"twitter:description\" content=\"24 horas pueden dar para mucho en Vigo. Tiempo suficiente para recorrer algunos de los lugares m\u00e1s bonitos de las R\u00edas Baixas y para disfrutar de la Navidad en Vigo.\" \/>\n<meta name=\"twitter:image\" content=\"https:\/\/www.canariasviaja.com\/viajaresvivir\/wp-content\/uploads\/2019\/12\/Navidad-1.jpeg\" \/>\n<meta name=\"twitter:label1\" content=\"Escrito por\" \/>\n\t<meta name=\"twitter:data1\" content=\"Tina Sonck\" \/>\n\t<meta name=\"twitter:label2\" content=\"Tiempo de lectura\" \/>\n\t<meta name=\"twitter:data2\" content=\"7 minutos\" \/>\n<script type=\"application\/ld+json\" class=\"yoast-schema-graph\">{\"@context\":\"https:\/\/schema.org\",\"@graph\":[{\"@type\":\"WebPage\",\"@id\":\"https:\/\/www.canariasviaja.com\/viajaresvivir\/24-horas-en-vigo\/\",\"url\":\"https:\/\/www.canariasviaja.com\/viajaresvivir\/24-horas-en-vigo\/\",\"name\":\"Vigo: Escapada 24 horas - Viajar es vivir\",\"isPartOf\":{\"@id\":\"https:\/\/www.canariasviaja.com\/viajaresvivir\/#website\"},\"primaryImageOfPage\":{\"@id\":\"https:\/\/www.canariasviaja.com\/viajaresvivir\/24-horas-en-vigo\/#primaryimage\"},\"image\":{\"@id\":\"https:\/\/www.canariasviaja.com\/viajaresvivir\/24-horas-en-vigo\/#primaryimage\"},\"thumbnailUrl\":\"https:\/\/www.canariasviaja.com\/viajaresvivir\/wp-content\/uploads\/2019\/12\/Navidad-4.jpeg\",\"datePublished\":\"2019-12-16T16:42:00+00:00\",\"dateModified\":\"2019-12-17T17:19:39+00:00\",\"author\":{\"@id\":\"https:\/\/www.canariasviaja.com\/viajaresvivir\/#\/schema\/person\/ccf06d7258d892c3ba9a29cd42b17d08\"},\"description\":\"24 horas dan para mucho en Vigo. Te invitamos a descubrir como exprimimos nuestra escapada para celebrar la Navidad con el equipo de Canarias Viaja.\",\"breadcrumb\":{\"@id\":\"https:\/\/www.canariasviaja.com\/viajaresvivir\/24-horas-en-vigo\/#breadcrumb\"},\"inLanguage\":\"es\",\"potentialAction\":[{\"@type\":\"ReadAction\",\"target\":[\"https:\/\/www.canariasviaja.com\/viajaresvivir\/24-horas-en-vigo\/\"]}]},{\"@type\":\"ImageObject\",\"inLanguage\":\"es\",\"@id\":\"https:\/\/www.canariasviaja.com\/viajaresvivir\/24-horas-en-vigo\/#primaryimage\",\"url\":\"https:\/\/www.canariasviaja.com\/viajaresvivir\/wp-content\/uploads\/2019\/12\/Navidad-4.jpeg\",\"contentUrl\":\"https:\/\/www.canariasviaja.com\/viajaresvivir\/wp-content\/uploads\/2019\/12\/Navidad-4.jpeg\",\"width\":2048,\"height\":1536,\"caption\":\"Navidad en Vigo\"},{\"@type\":\"BreadcrumbList\",\"@id\":\"https:\/\/www.canariasviaja.com\/viajaresvivir\/24-horas-en-vigo\/#breadcrumb\",\"itemListElement\":[{\"@type\":\"ListItem\",\"position\":1,\"name\":\"Portada\",\"item\":\"https:\/\/www.canariasviaja.com\/viajaresvivir\/\"},{\"@type\":\"ListItem\",\"position\":2,\"name\":\"Vigo: Escapada 24 horas\"}]},{\"@type\":\"WebSite\",\"@id\":\"https:\/\/www.canariasviaja.com\/viajaresvivir\/#website\",\"url\":\"https:\/\/www.canariasviaja.com\/viajaresvivir\/\",\"name\":\"Viajar es vivir\",\"description\":\"El blog de viajes y estilo de vida de CanariasViaja\",\"potentialAction\":[{\"@type\":\"SearchAction\",\"target\":{\"@type\":\"EntryPoint\",\"urlTemplate\":\"https:\/\/www.canariasviaja.com\/viajaresvivir\/?s={search_term_string}\"},\"query-input\":{\"@type\":\"PropertyValueSpecification\",\"valueRequired\":true,\"valueName\":\"search_term_string\"}}],\"inLanguage\":\"es\"},{\"@type\":\"Person\",\"@id\":\"https:\/\/www.canariasviaja.com\/viajaresvivir\/#\/schema\/person\/ccf06d7258d892c3ba9a29cd42b17d08\",\"name\":\"Tina Sonck\",\"image\":{\"@type\":\"ImageObject\",\"inLanguage\":\"es\",\"@id\":\"https:\/\/www.canariasviaja.com\/viajaresvivir\/#\/schema\/person\/image\/\",\"url\":\"https:\/\/secure.gravatar.com\/avatar\/ae3e7d2a3cf9df4f4aa4342f5cf4001a?s=96&d=mm&r=g\",\"contentUrl\":\"https:\/\/secure.gravatar.com\/avatar\/ae3e7d2a3cf9df4f4aa4342f5cf4001a?s=96&d=mm&r=g\",\"caption\":\"Tina Sonck\"},\"url\":\"https:\/\/www.canariasviaja.com\/viajaresvivir\/author\/tina-sonck\/\"}]}<\/script>\n<!-- \/ Yoast SEO plugin. -->","yoast_head_json":{"title":"Vigo: Escapada 24 horas - Viajar es vivir","description":"24 horas dan para mucho en Vigo. Te invitamos a descubrir como exprimimos nuestra escapada para celebrar la Navidad con el equipo de Canarias Viaja.","robots":{"index":"index","follow":"follow","max-snippet":"max-snippet:-1","max-image-preview":"max-image-preview:large","max-video-preview":"max-video-preview:-1"},"canonical":"https:\/\/www.canariasviaja.com\/viajaresvivir\/24-horas-en-vigo\/","og_locale":"es_ES","og_type":"article","og_title":"Escapada navide\u00f1a: 24 horas en Vigo","og_description":"24 horas pueden dar para mucho en Vigo. Tiempo suficiente para recorrer algunos de los lugares m\u00e1s bonitos de las R\u00edas Baixas y para disfrutar de la Navidad en Vigo.","og_url":"https:\/\/www.canariasviaja.com\/viajaresvivir\/24-horas-en-vigo\/","og_site_name":"Viajar es vivir","article_published_time":"2019-12-16T16:42:00+00:00","article_modified_time":"2019-12-17T17:19:39+00:00","og_image":[{"width":2048,"height":1536,"url":"https:\/\/www.canariasviaja.com\/viajaresvivir\/wp-content\/uploads\/2019\/12\/Navidad-4.jpeg","type":"image\/jpeg"}],"author":"Tina Sonck","twitter_card":"summary_large_image","twitter_title":"Escapada navide\u00f1a: 24 horas en Vigo","twitter_description":"24 horas pueden dar para mucho en Vigo. Tiempo suficiente para recorrer algunos de los lugares m\u00e1s bonitos de las R\u00edas Baixas y para disfrutar de la Navidad en Vigo.","twitter_image":"https:\/\/www.canariasviaja.com\/viajaresvivir\/wp-content\/uploads\/2019\/12\/Navidad-1.jpeg","twitter_misc":{"Escrito por":"Tina Sonck","Tiempo de lectura":"7 minutos"},"schema":{"@context":"https:\/\/schema.org","@graph":[{"@type":"WebPage","@id":"https:\/\/www.canariasviaja.com\/viajaresvivir\/24-horas-en-vigo\/","url":"https:\/\/www.canariasviaja.com\/viajaresvivir\/24-horas-en-vigo\/","name":"Vigo: Escapada 24 horas - Viajar es vivir","isPartOf":{"@id":"https:\/\/www.canariasviaja.com\/viajaresvivir\/#website"},"primaryImageOfPage":{"@id":"https:\/\/www.canariasviaja.com\/viajaresvivir\/24-horas-en-vigo\/#primaryimage"},"image":{"@id":"https:\/\/www.canariasviaja.com\/viajaresvivir\/24-horas-en-vigo\/#primaryimage"},"thumbnailUrl":"https:\/\/www.canariasviaja.com\/viajaresvivir\/wp-content\/uploads\/2019\/12\/Navidad-4.jpeg","datePublished":"2019-12-16T16:42:00+00:00","dateModified":"2019-12-17T17:19:39+00:00","author":{"@id":"https:\/\/www.canariasviaja.com\/viajaresvivir\/#\/schema\/person\/ccf06d7258d892c3ba9a29cd42b17d08"},"description":"24 horas dan para mucho en Vigo. Te invitamos a descubrir como exprimimos nuestra escapada para celebrar la Navidad con el equipo de Canarias Viaja.","breadcrumb":{"@id":"https:\/\/www.canariasviaja.com\/viajaresvivir\/24-horas-en-vigo\/#breadcrumb"},"inLanguage":"es","potentialAction":[{"@type":"ReadAction","target":["https:\/\/www.canariasviaja.com\/viajaresvivir\/24-horas-en-vigo\/"]}]},{"@type":"ImageObject","inLanguage":"es","@id":"https:\/\/www.canariasviaja.com\/viajaresvivir\/24-horas-en-vigo\/#primaryimage","url":"https:\/\/www.canariasviaja.com\/viajaresvivir\/wp-content\/uploads\/2019\/12\/Navidad-4.jpeg","contentUrl":"https:\/\/www.canariasviaja.com\/viajaresvivir\/wp-content\/uploads\/2019\/12\/Navidad-4.jpeg","width":2048,"height":1536,"caption":"Navidad en Vigo"},{"@type":"BreadcrumbList","@id":"https:\/\/www.canariasviaja.com\/viajaresvivir\/24-horas-en-vigo\/#breadcrumb","itemListElement":[{"@type":"ListItem","position":1,"name":"Portada","item":"https:\/\/www.canariasviaja.com\/viajaresvivir\/"},{"@type":"ListItem","position":2,"name":"Vigo: Escapada 24 horas"}]},{"@type":"WebSite","@id":"https:\/\/www.canariasviaja.com\/viajaresvivir\/#website","url":"https:\/\/www.canariasviaja.com\/viajaresvivir\/","name":"Viajar es vivir","description":"El blog de viajes y estilo de vida de CanariasViaja","potentialAction":[{"@type":"SearchAction","target":{"@type":"EntryPoint","urlTemplate":"https:\/\/www.canariasviaja.com\/viajaresvivir\/?s={search_term_string}"},"query-input":{"@type":"PropertyValueSpecification","valueRequired":true,"valueName":"search_term_string"}}],"inLanguage":"es"},{"@type":"Person","@id":"https:\/\/www.canariasviaja.com\/viajaresvivir\/#\/schema\/person\/ccf06d7258d892c3ba9a29cd42b17d08","name":"Tina Sonck","image":{"@type":"ImageObject","inLanguage":"es","@id":"https:\/\/www.canariasviaja.com\/viajaresvivir\/#\/schema\/person\/image\/","url":"https:\/\/secure.gravatar.com\/avatar\/ae3e7d2a3cf9df4f4aa4342f5cf4001a?s=96&d=mm&r=g","contentUrl":"https:\/\/secure.gravatar.com\/avatar\/ae3e7d2a3cf9df4f4aa4342f5cf4001a?s=96&d=mm&r=g","caption":"Tina Sonck"},"url":"https:\/\/www.canariasviaja.com\/viajaresvivir\/author\/tina-sonck\/"}]}},"_links":{"self":[{"href":"https:\/\/www.canariasviaja.com\/viajaresvivir\/wp-json\/wp\/v2\/posts\/1883"}],"collection":[{"href":"https:\/\/www.canariasviaja.com\/viajaresvivir\/wp-json\/wp\/v2\/posts"}],"about":[{"href":"https:\/\/www.canariasviaja.com\/viajaresvivir\/wp-json\/wp\/v2\/types\/post"}],"author":[{"embeddable":true,"href":"https:\/\/www.canariasviaja.com\/viajaresvivir\/wp-json\/wp\/v2\/users\/11"}],"replies":[{"embeddable":true,"href":"https:\/\/www.canariasviaja.com\/viajaresvivir\/wp-json\/wp\/v2\/comments?post=1883"}],"version-history":[{"count":10,"href":"https:\/\/www.canariasviaja.com\/viajaresvivir\/wp-json\/wp\/v2\/posts\/1883\/revisions"}],"predecessor-version":[{"id":1957,"href":"https:\/\/www.canariasviaja.com\/viajaresvivir\/wp-json\/wp\/v2\/posts\/1883\/revisions\/1957"}],"wp:featuredmedia":[{"embeddable":true,"href":"https:\/\/www.canariasviaja.com\/viajaresvivir\/wp-json\/wp\/v2\/media\/1878"}],"wp:attachment":[{"href":"https:\/\/www.canariasviaja.com\/viajaresvivir\/wp-json\/wp\/v2\/media?parent=1883"}],"wp:term":[{"taxonomy":"category","embeddable":true,"href":"https:\/\/www.canariasviaja.com\/viajaresvivir\/wp-json\/wp\/v2\/categories?post=1883"},{"taxonomy":"post_tag","embeddable":true,"href":"https:\/\/www.canariasviaja.com\/viajaresvivir\/wp-json\/wp\/v2\/tags?post=1883"}],"curies":[{"name":"wp","href":"https:\/\/api.w.org\/{rel}","templated":true}]}}