{"id":2122,"date":"2020-01-07T17:23:00","date_gmt":"2020-01-07T17:23:00","guid":{"rendered":"http:\/\/www.canariasviaja.com\/viajaresvivir\/?p=2122"},"modified":"2020-01-07T17:23:29","modified_gmt":"2020-01-07T17:23:29","slug":"a-pamplona-hay-que-ir","status":"publish","type":"post","link":"https:\/\/www.canariasviaja.com\/viajaresvivir\/a-pamplona-hay-que-ir\/","title":{"rendered":"A Pamplona hemos de ir"},"content":{"rendered":"\n<p><\/p>\n\n\n\n<p>Pamplona es <strong>Sanferm\u00edn<\/strong>, pero para hacer turismo, es mejor visitarla antes o despu\u00e9s de la reina de las fiestas. Aunque no destaca por su monumentalidad, <strong>la capital navarra atrapa y nunca se olvida<\/strong>. Por sus murallas y baluartes, su casco viejo, los grandes parques que est\u00e1n verdes todo el a\u00f1o, el Camino de Santiago que arranca aqu\u00ed, el peso de la tradici\u00f3n taurina, los pintxos y los verm\u00fas, el arraigo de tant\u00edsimas tradiciones como existen, el rom\u00e1nico, el g\u00f3tico, los montes que la rodean, el talento pamplon\u00e9s y, sobre todo, la sensaci\u00f3n de <strong>bienestar<\/strong> que uno siente estando all\u00ed.<\/p>\n\n\n\n<figure class=\"wp-block-gallery columns-1 is-cropped wp-block-gallery-1 is-layout-flex wp-block-gallery-is-layout-flex\"><ul class=\"blocks-gallery-grid\"><li class=\"blocks-gallery-item\"><figure><img loading=\"lazy\" decoding=\"async\" width=\"1024\" height=\"768\" src=\"http:\/\/www.canariasviaja.com\/viajaresvivir\/wp-content\/uploads\/2020\/01\/Vista-paseo-murallas.jpg\" alt=\"Vista de Pamplona desde las Murallas\" data-id=\"2148\" data-full-url=\"http:\/\/www.canariasviaja.com\/viajaresvivir\/wp-content\/uploads\/2020\/01\/Vista-paseo-murallas.jpg\" data-link=\"http:\/\/www.canariasviaja.com\/viajaresvivir\/?attachment_id=2148#main\" class=\"wp-image-2148\" srcset=\"https:\/\/www.canariasviaja.com\/viajaresvivir\/wp-content\/uploads\/2020\/01\/Vista-paseo-murallas.jpg 1024w, https:\/\/www.canariasviaja.com\/viajaresvivir\/wp-content\/uploads\/2020\/01\/Vista-paseo-murallas-300x225.jpg 300w, https:\/\/www.canariasviaja.com\/viajaresvivir\/wp-content\/uploads\/2020\/01\/Vista-paseo-murallas-768x576.jpg 768w, https:\/\/www.canariasviaja.com\/viajaresvivir\/wp-content\/uploads\/2020\/01\/Vista-paseo-murallas-800x600.jpg 800w\" sizes=\"(max-width: 1024px) 100vw, 1024px\" \/><figcaption class=\"blocks-gallery-item__caption\">Pamplona desde las murallas<\/figcaption><\/figure><\/li><\/ul><\/figure>\n\n\n\n<h4 class=\"wp-block-heading\">Gente entra\u00f1able<\/h4>\n\n\n\n<p>En esta tierra maravillosa abunda la <strong>gente de costumbres<\/strong>, apegada a su cuadrilla de toda la vida, orgullosa de la tierra que pisa; cuidadosa de lo propio. Gente que frecuenta el `<em>juevintxo<\/em>\u00b4; ama el mus a cuatro reyes y siempre es fiel a Osasuna. <\/p>\n\n\n\n<p>Metidos en fiesta, los pamploneses&nbsp; resultan divertidos e imparables; el resto del a\u00f1o, cumplidores, rectos, de un civismo ejemplar. Gente entra\u00f1able que acoge a su manera, pues aunque cueste abrir puertas, una vez dentro, ya eres amigo para siempre.<\/p>\n\n\n\n<hr class=\"wp-block-separator\"\/>\n\n\n\n<h4 class=\"wp-block-heading\">De los romanos a la ciudad medieval. <\/h4>\n\n\n\n<p>Como todas las ciudades hist\u00f3ricas, Pamplona es un <strong>puzzle de culturas<\/strong>. Fue fundada por un general romano, Pompeyo, que le puso su nombre, <strong>Pompaelo<\/strong>, all\u00e1 por el a\u00f1o 74 antes de Cristo m\u00e1s o menos. Hasta el siglo XI fue creciendo como <strong>`Burgo de la Navarrer\u00eda\u00b4<\/strong>, -poblado agr\u00edcola en torno a una iglesia, la actual Catedral- y, gracias al <strong>Camino de Santiago<\/strong>, empieza a recibir peregrinos venidos de Francia que fundar\u00edan dos burgos cercanos. Es decir, en origen y hasta el siglo XV, la ciudad medieval fue tres poblaciones separadas por murallas. El rey Carlos III las unificar\u00eda en una \u00fanica casa consistorial, actual ayuntamiento. <\/p>\n\n\n\n<p>Desde el XVI en adelante, ya bajo la Corona de Castilla y, dada la importancia estrat\u00e9gica de su cercan\u00eda a Francia, comienza la construcci\u00f3n de las <strong>murallas modernas, los baluartes y la ciudadela<\/strong>, que se conservan perfectos, a pesar de los derribos sufridos con las ampliaciones y ensanches de siglos posteriores.<\/p>\n\n\n\n<hr class=\"wp-block-separator\"\/>\n\n\n\n<h4 class=\"wp-block-heading\">Paseo por murallas y baluartes con vista al Casco Viejo.<\/h4>\n\n\n\n<p>Arrancamos la ruta con un caf\u00e9 tempranero en la terraza del <strong>parque de la Media Luna<\/strong> para comenzar el paseo por las murallas desde uno de los extremos de la ciudad que, en este punto, es un inmenso mirador panor\u00e1mico hacia las huertas y playas que rodean el <strong>rio Arga<\/strong>. <\/p>\n\n\n\n<figure class=\"wp-block-gallery columns-1 is-cropped wp-block-gallery-2 is-layout-flex wp-block-gallery-is-layout-flex\"><ul class=\"blocks-gallery-grid\"><li class=\"blocks-gallery-item\"><figure><img loading=\"lazy\" decoding=\"async\" width=\"1024\" height=\"768\" src=\"https:\/\/www.canariasviaja.com\/viajaresvivir\/wp-content\/uploads\/2020\/01\/Media-Luna.jpg\" alt=\"\" data-id=\"2123\" data-link=\"https:\/\/www.canariasviaja.com\/viajaresvivir\/?attachment_id=2123#main\" class=\"wp-image-2123\" srcset=\"https:\/\/www.canariasviaja.com\/viajaresvivir\/wp-content\/uploads\/2020\/01\/Media-Luna.jpg 1024w, https:\/\/www.canariasviaja.com\/viajaresvivir\/wp-content\/uploads\/2020\/01\/Media-Luna-300x225.jpg 300w, https:\/\/www.canariasviaja.com\/viajaresvivir\/wp-content\/uploads\/2020\/01\/Media-Luna-768x576.jpg 768w, https:\/\/www.canariasviaja.com\/viajaresvivir\/wp-content\/uploads\/2020\/01\/Media-Luna-800x600.jpg 800w\" sizes=\"(max-width: 1024px) 100vw, 1024px\" \/><figcaption class=\"blocks-gallery-item__caption\">Parque de la Media Luna<\/figcaption><\/figure><\/li><\/ul><\/figure>\n\n\n\n<figure class=\"wp-block-gallery columns-1 is-cropped wp-block-gallery-3 is-layout-flex wp-block-gallery-is-layout-flex\"><ul class=\"blocks-gallery-grid\"><li class=\"blocks-gallery-item\"><figure><img loading=\"lazy\" decoding=\"async\" width=\"1670\" height=\"1253\" src=\"https:\/\/www.canariasviaja.com\/viajaresvivir\/wp-content\/uploads\/2020\/01\/Paseo-murallas-4-3.jpg\" alt=\"\" data-id=\"2140\" data-full-url=\"https:\/\/www.canariasviaja.com\/viajaresvivir\/wp-content\/uploads\/2020\/01\/Paseo-murallas-4-3.jpg\" data-link=\"https:\/\/www.canariasviaja.com\/viajaresvivir\/?attachment_id=2140#main\" class=\"wp-image-2140\" srcset=\"https:\/\/www.canariasviaja.com\/viajaresvivir\/wp-content\/uploads\/2020\/01\/Paseo-murallas-4-3.jpg 1670w, https:\/\/www.canariasviaja.com\/viajaresvivir\/wp-content\/uploads\/2020\/01\/Paseo-murallas-4-3-300x225.jpg 300w, https:\/\/www.canariasviaja.com\/viajaresvivir\/wp-content\/uploads\/2020\/01\/Paseo-murallas-4-3-768x576.jpg 768w, https:\/\/www.canariasviaja.com\/viajaresvivir\/wp-content\/uploads\/2020\/01\/Paseo-murallas-4-3-1536x1152.jpg 1536w, https:\/\/www.canariasviaja.com\/viajaresvivir\/wp-content\/uploads\/2020\/01\/Paseo-murallas-4-3-1200x900.jpg 1200w, https:\/\/www.canariasviaja.com\/viajaresvivir\/wp-content\/uploads\/2020\/01\/Paseo-murallas-4-3-800x600.jpg 800w, https:\/\/www.canariasviaja.com\/viajaresvivir\/wp-content\/uploads\/2020\/01\/Paseo-murallas-4-3-1439x1080.jpg 1439w\" sizes=\"(max-width: 1670px) 100vw, 1670px\" \/><figcaption class=\"blocks-gallery-item__caption\">Paseo por las murallas<\/figcaption><\/figure><\/li><\/ul><\/figure>\n\n\n\n<p>En el\ntrayecto que media hasta nuestra primera parada, -la plaza de Santa Mar\u00eda la\nReal donde est\u00e1 el palacio arzobispal-, nos vamos topando con imponentes\nelementos defensivos como el <strong>Fort\u00edn\nde San Bartolom\u00e9<\/strong> o el <strong>Baluarte\nde Labrit, <\/strong>muy bien conservados y visitables.<\/p>\n\n\n\n<p>Seguimos\npor una ronda peatonal llamada del Obispo Barbaz\u00e1n, que discurre paralela a las\nmurallas para terminar en otra fortificaci\u00f3n: <strong>el Baluarte del Red\u00edn<\/strong>. Todo el entorno de esta gran plaza, con\nsu mirador al monte de San Cristobal y su mes\u00f3n-terraza se llama `<strong>El caballo blanco<\/strong>\u00b4y es uno de\nlos lugares con m\u00e1s encanto de la ciudad medieval donde en las noches de verano\nse celebran espect\u00e1culos. <\/p>\n\n\n\n<figure class=\"wp-block-gallery columns-1 is-cropped wp-block-gallery-4 is-layout-flex wp-block-gallery-is-layout-flex\"><ul class=\"blocks-gallery-grid\"><li class=\"blocks-gallery-item\"><figure><img loading=\"lazy\" decoding=\"async\" width=\"1024\" height=\"768\" src=\"https:\/\/www.canariasviaja.com\/viajaresvivir\/wp-content\/uploads\/2020\/01\/Rincon-caballo-blanco.jpg\" alt=\"\" data-id=\"2144\" data-full-url=\"https:\/\/www.canariasviaja.com\/viajaresvivir\/wp-content\/uploads\/2020\/01\/Rincon-caballo-blanco.jpg\" data-link=\"https:\/\/www.canariasviaja.com\/viajaresvivir\/?attachment_id=2144#main\" class=\"wp-image-2144\" srcset=\"https:\/\/www.canariasviaja.com\/viajaresvivir\/wp-content\/uploads\/2020\/01\/Rincon-caballo-blanco.jpg 1024w, https:\/\/www.canariasviaja.com\/viajaresvivir\/wp-content\/uploads\/2020\/01\/Rincon-caballo-blanco-300x225.jpg 300w, https:\/\/www.canariasviaja.com\/viajaresvivir\/wp-content\/uploads\/2020\/01\/Rincon-caballo-blanco-768x576.jpg 768w, https:\/\/www.canariasviaja.com\/viajaresvivir\/wp-content\/uploads\/2020\/01\/Rincon-caballo-blanco-800x600.jpg 800w\" sizes=\"(max-width: 1024px) 100vw, 1024px\" \/><figcaption class=\"blocks-gallery-item__caption\">Baluarte del Red\u00edn<\/figcaption><\/figure><\/li><\/ul><\/figure>\n\n\n\n<h4 class=\"wp-block-heading\">De paseo por el centro<\/h4>\n\n\n\n<p>A s\u00f3lo 200 metros de ah\u00ed, por una callejuela llamada <strong>Red\u00edn<\/strong>, llegamos a la <strong>catedral<\/strong> pamplonesa, una de esas catedrales diferentes que no te puedes perder. A pesar de su fachada neocl\u00e1sica, es considerada una joya del g\u00f3tico europeo. Impresiona bastante que hayan decorado con escudos her\u00e1ldicos a todo color las <a href=\"https:\/\/es.wikipedia.org\/wiki\/Clave_(arquitectura)\">claves<\/a> de las b\u00f3vedas e impresiona el claustro, el refectorio, la sacrist\u00eda, los coloridos de las vidrieras. Y lo sobria que es y lo bien que se conserva.<\/p>\n\n\n\n<figure class=\"wp-block-gallery columns-1 is-cropped wp-block-gallery-5 is-layout-flex wp-block-gallery-is-layout-flex\"><ul class=\"blocks-gallery-grid\"><li class=\"blocks-gallery-item\"><figure><img loading=\"lazy\" decoding=\"async\" width=\"1024\" height=\"1050\" src=\"https:\/\/www.canariasviaja.com\/viajaresvivir\/wp-content\/uploads\/2020\/01\/Catedral-de-Pamplona.jpg\" alt=\"\" data-id=\"2124\" data-full-url=\"https:\/\/www.canariasviaja.com\/viajaresvivir\/wp-content\/uploads\/2020\/01\/Catedral-de-Pamplona.jpg\" data-link=\"https:\/\/www.canariasviaja.com\/viajaresvivir\/?attachment_id=2124#main\" class=\"wp-image-2124\" srcset=\"https:\/\/www.canariasviaja.com\/viajaresvivir\/wp-content\/uploads\/2020\/01\/Catedral-de-Pamplona.jpg 1024w, https:\/\/www.canariasviaja.com\/viajaresvivir\/wp-content\/uploads\/2020\/01\/Catedral-de-Pamplona-293x300.jpg 293w, https:\/\/www.canariasviaja.com\/viajaresvivir\/wp-content\/uploads\/2020\/01\/Catedral-de-Pamplona-768x788.jpg 768w\" sizes=\"(max-width: 1024px) 100vw, 1024px\" \/><figcaption class=\"blocks-gallery-item__caption\">Catedral de Pamplona<\/figcaption><\/figure><\/li><\/ul><\/figure>\n\n\n\n<figure class=\"wp-block-gallery columns-1 is-cropped wp-block-gallery-6 is-layout-flex wp-block-gallery-is-layout-flex\"><ul class=\"blocks-gallery-grid\"><li class=\"blocks-gallery-item\"><figure><img loading=\"lazy\" decoding=\"async\" width=\"1024\" height=\"863\" src=\"https:\/\/www.canariasviaja.com\/viajaresvivir\/wp-content\/uploads\/2020\/01\/Catedral-interior.jpg\" alt=\"\" data-id=\"2143\" data-full-url=\"https:\/\/www.canariasviaja.com\/viajaresvivir\/wp-content\/uploads\/2020\/01\/Catedral-interior.jpg\" data-link=\"https:\/\/www.canariasviaja.com\/viajaresvivir\/?attachment_id=2143#main\" class=\"wp-image-2143\" srcset=\"https:\/\/www.canariasviaja.com\/viajaresvivir\/wp-content\/uploads\/2020\/01\/Catedral-interior.jpg 1024w, https:\/\/www.canariasviaja.com\/viajaresvivir\/wp-content\/uploads\/2020\/01\/Catedral-interior-300x253.jpg 300w, https:\/\/www.canariasviaja.com\/viajaresvivir\/wp-content\/uploads\/2020\/01\/Catedral-interior-768x647.jpg 768w\" sizes=\"(max-width: 1024px) 100vw, 1024px\" \/><figcaption class=\"blocks-gallery-item__caption\">Interior de la Catedral de Pamplona<\/figcaption><\/figure><\/li><\/ul><\/figure>\n\n\n\n<figure class=\"wp-block-gallery columns-1 is-cropped wp-block-gallery-7 is-layout-flex wp-block-gallery-is-layout-flex\"><ul class=\"blocks-gallery-grid\"><li class=\"blocks-gallery-item\"><figure><img loading=\"lazy\" decoding=\"async\" width=\"1024\" height=\"682\" src=\"https:\/\/www.canariasviaja.com\/viajaresvivir\/wp-content\/uploads\/2020\/01\/Claustro-Catedral-1.jpg\" alt=\"\" data-id=\"2141\" data-full-url=\"https:\/\/www.canariasviaja.com\/viajaresvivir\/wp-content\/uploads\/2020\/01\/Claustro-Catedral-1.jpg\" data-link=\"https:\/\/www.canariasviaja.com\/viajaresvivir\/?attachment_id=2141#main\" class=\"wp-image-2141\" srcset=\"https:\/\/www.canariasviaja.com\/viajaresvivir\/wp-content\/uploads\/2020\/01\/Claustro-Catedral-1.jpg 1024w, https:\/\/www.canariasviaja.com\/viajaresvivir\/wp-content\/uploads\/2020\/01\/Claustro-Catedral-1-300x200.jpg 300w, https:\/\/www.canariasviaja.com\/viajaresvivir\/wp-content\/uploads\/2020\/01\/Claustro-Catedral-1-768x512.jpg 768w\" sizes=\"(max-width: 1024px) 100vw, 1024px\" \/><figcaption class=\"blocks-gallery-item__caption\">Claustro de la Catedral<\/figcaption><\/figure><\/li><\/ul><\/figure>\n\n\n\n<p>Al salir de la catedral nos vamos a alejar un rato de la muralla, -a la que volveremos- para bajar por la calle Curia hacia <strong>el casco viejo<\/strong>, el coraz\u00f3n de Pamplona. Esta zona suele estar llena de gente, llena de vida y de comercios de artesan\u00edas y souvenirs, tiendas de ultramarinos, y cientos de bares donde <strong>potear,<\/strong> vermutear o chikitear: as\u00ed llaman al bebercio y el aperitivo por Pamplona. <\/p>\n\n\n\n<figure class=\"wp-block-gallery columns-1 is-cropped wp-block-gallery-8 is-layout-flex wp-block-gallery-is-layout-flex\"><ul class=\"blocks-gallery-grid\"><li class=\"blocks-gallery-item\"><figure><img loading=\"lazy\" decoding=\"async\" width=\"768\" height=\"1024\" src=\"https:\/\/www.canariasviaja.com\/viajaresvivir\/wp-content\/uploads\/2020\/01\/Calle-Nueva-casco-viejo.jpg\" alt=\"\" data-id=\"2125\" data-full-url=\"https:\/\/www.canariasviaja.com\/viajaresvivir\/wp-content\/uploads\/2020\/01\/Calle-Nueva-casco-viejo.jpg\" data-link=\"https:\/\/www.canariasviaja.com\/viajaresvivir\/?attachment_id=2125#main\" class=\"wp-image-2125\" srcset=\"https:\/\/www.canariasviaja.com\/viajaresvivir\/wp-content\/uploads\/2020\/01\/Calle-Nueva-casco-viejo.jpg 768w, https:\/\/www.canariasviaja.com\/viajaresvivir\/wp-content\/uploads\/2020\/01\/Calle-Nueva-casco-viejo-225x300.jpg 225w, https:\/\/www.canariasviaja.com\/viajaresvivir\/wp-content\/uploads\/2020\/01\/Calle-Nueva-casco-viejo-600x800.jpg 600w\" sizes=\"(max-width: 768px) 100vw, 768px\" \/><figcaption class=\"blocks-gallery-item__caption\">Calle Nueva en el Casco Viejo<\/figcaption><\/figure><\/li><\/ul><\/figure>\n\n\n\n<h4 class=\"wp-block-heading\">Los escenarios de los Sanfermines<\/h4>\n\n\n\n<p>De Curia al <strong>Ayuntamiento<\/strong> hay tan s\u00f3lo tres\nminutos. Nos va a parecer imposible que en el espacio peque\u00f1o de esta plaza\nconsistorial quepan unas 12.000 personas cada 6 de julio con el estallido del\nchupinazo. La foto ante la fachada es obligada.<\/p>\n\n\n\n<figure class=\"wp-block-gallery columns-1 is-cropped wp-block-gallery-9 is-layout-flex wp-block-gallery-is-layout-flex\"><ul class=\"blocks-gallery-grid\"><li class=\"blocks-gallery-item\"><figure><img loading=\"lazy\" decoding=\"async\" width=\"768\" height=\"1024\" src=\"https:\/\/www.canariasviaja.com\/viajaresvivir\/wp-content\/uploads\/2020\/01\/ayuntamiento.jpg\" alt=\"\" data-id=\"2126\" data-full-url=\"https:\/\/www.canariasviaja.com\/viajaresvivir\/wp-content\/uploads\/2020\/01\/ayuntamiento.jpg\" data-link=\"https:\/\/www.canariasviaja.com\/viajaresvivir\/?attachment_id=2126#main\" class=\"wp-image-2126\" srcset=\"https:\/\/www.canariasviaja.com\/viajaresvivir\/wp-content\/uploads\/2020\/01\/ayuntamiento.jpg 768w, https:\/\/www.canariasviaja.com\/viajaresvivir\/wp-content\/uploads\/2020\/01\/ayuntamiento-225x300.jpg 225w, https:\/\/www.canariasviaja.com\/viajaresvivir\/wp-content\/uploads\/2020\/01\/ayuntamiento-600x800.jpg 600w\" sizes=\"(max-width: 768px) 100vw, 768px\" \/><figcaption class=\"blocks-gallery-item__caption\">Ayuntamiento de Pamplona<\/figcaption><\/figure><\/li><\/ul><\/figure>\n\n\n\n<figure class=\"wp-block-gallery columns-1 is-cropped wp-block-gallery-10 is-layout-flex wp-block-gallery-is-layout-flex\"><ul class=\"blocks-gallery-grid\"><li class=\"blocks-gallery-item\"><figure><img loading=\"lazy\" decoding=\"async\" width=\"768\" height=\"1024\" src=\"https:\/\/www.canariasviaja.com\/viajaresvivir\/wp-content\/uploads\/2020\/01\/Plaza-Consistorial.jpg\" alt=\"\" data-id=\"2145\" data-full-url=\"https:\/\/www.canariasviaja.com\/viajaresvivir\/wp-content\/uploads\/2020\/01\/Plaza-Consistorial.jpg\" data-link=\"https:\/\/www.canariasviaja.com\/viajaresvivir\/?attachment_id=2145#main\" class=\"wp-image-2145\" srcset=\"https:\/\/www.canariasviaja.com\/viajaresvivir\/wp-content\/uploads\/2020\/01\/Plaza-Consistorial.jpg 768w, https:\/\/www.canariasviaja.com\/viajaresvivir\/wp-content\/uploads\/2020\/01\/Plaza-Consistorial-225x300.jpg 225w, https:\/\/www.canariasviaja.com\/viajaresvivir\/wp-content\/uploads\/2020\/01\/Plaza-Consistorial-600x800.jpg 600w\" sizes=\"(max-width: 768px) 100vw, 768px\" \/><figcaption class=\"blocks-gallery-item__caption\">Plaza Consistorial<\/figcaption><\/figure><\/li><\/ul><\/figure>\n\n\n\n<p>Regresamos por Mercaderes para enfilar la\nmundialmente famosa calle <strong>Estafeta<\/strong>,\ndonde se corren los encierros de Sanferm\u00edn. Est\u00e1 plagada de bares con barras\natestadas de banderillas y pintxos. Muy recomendables las anchoas con txangurro\nde <strong>El bodeg\u00f3n<\/strong> y la croqueta\ndel <strong>Fitero<\/strong>. Como no puede ser\nde otro modo, acabamos la calle en la <strong>plaza\nde Toros<\/strong> que hemos visto tantas veces en la tele. <\/p>\n\n\n\n<figure class=\"wp-block-gallery columns-1 is-cropped wp-block-gallery-11 is-layout-flex wp-block-gallery-is-layout-flex\"><ul class=\"blocks-gallery-grid\"><li class=\"blocks-gallery-item\"><figure><img loading=\"lazy\" decoding=\"async\" width=\"2000\" height=\"1324\" src=\"https:\/\/www.canariasviaja.com\/viajaresvivir\/wp-content\/uploads\/2020\/01\/Monumento-al-encierro.jpg\" alt=\"\" data-id=\"2142\" data-full-url=\"https:\/\/www.canariasviaja.com\/viajaresvivir\/wp-content\/uploads\/2020\/01\/Monumento-al-encierro.jpg\" data-link=\"https:\/\/www.canariasviaja.com\/viajaresvivir\/?attachment_id=2142#main\" class=\"wp-image-2142\" srcset=\"https:\/\/www.canariasviaja.com\/viajaresvivir\/wp-content\/uploads\/2020\/01\/Monumento-al-encierro.jpg 2000w, https:\/\/www.canariasviaja.com\/viajaresvivir\/wp-content\/uploads\/2020\/01\/Monumento-al-encierro-300x199.jpg 300w, https:\/\/www.canariasviaja.com\/viajaresvivir\/wp-content\/uploads\/2020\/01\/Monumento-al-encierro-768x508.jpg 768w, https:\/\/www.canariasviaja.com\/viajaresvivir\/wp-content\/uploads\/2020\/01\/Monumento-al-encierro-1536x1017.jpg 1536w, https:\/\/www.canariasviaja.com\/viajaresvivir\/wp-content\/uploads\/2020\/01\/Monumento-al-encierro-1200x794.jpg 1200w, https:\/\/www.canariasviaja.com\/viajaresvivir\/wp-content\/uploads\/2020\/01\/Monumento-al-encierro-1631x1080.jpg 1631w\" sizes=\"(max-width: 2000px) 100vw, 2000px\" \/><figcaption class=\"blocks-gallery-item__caption\">Monumento al Encierro de los Sanfermines<\/figcaption><\/figure><\/li><\/ul><\/figure>\n\n\n\n<p>Frente a ella, andando solo unos pasos\npor calle de Espoz y Mina llegamos a <strong>la\nplaza del Castillo<\/strong>, el ombligo de Pamplona, el lugar donde todo sucede,\nun gran espacio peatonal que, sin ser monumental, tiene un atractivo \u00fanico por\nsu kiosco rom\u00e1ntico, el colorido de sus edificios y la alegr\u00eda de los\nveladores, y terrazas que la rodean. Tres lugares emblem\u00e1ticos aqu\u00ed: <strong>el Casino Eslava,&nbsp; el Caf\u00e9 Iru\u00f1a y el hotel La Perla<\/strong>,\ndonde se hospedara Hemingway en sus estancias sanfermineras. <\/p>\n\n\n\n<figure class=\"wp-block-gallery columns-1 is-cropped wp-block-gallery-12 is-layout-flex wp-block-gallery-is-layout-flex\"><ul class=\"blocks-gallery-grid\"><li class=\"blocks-gallery-item\"><figure><img loading=\"lazy\" decoding=\"async\" width=\"1024\" height=\"768\" src=\"https:\/\/www.canariasviaja.com\/viajaresvivir\/wp-content\/uploads\/2020\/01\/Plaza-del-Castillo-1.jpg\" alt=\"\" data-id=\"2146\" data-full-url=\"https:\/\/www.canariasviaja.com\/viajaresvivir\/wp-content\/uploads\/2020\/01\/Plaza-del-Castillo-1.jpg\" data-link=\"https:\/\/www.canariasviaja.com\/viajaresvivir\/?attachment_id=2146#main\" class=\"wp-image-2146\" srcset=\"https:\/\/www.canariasviaja.com\/viajaresvivir\/wp-content\/uploads\/2020\/01\/Plaza-del-Castillo-1.jpg 1024w, https:\/\/www.canariasviaja.com\/viajaresvivir\/wp-content\/uploads\/2020\/01\/Plaza-del-Castillo-1-300x225.jpg 300w, https:\/\/www.canariasviaja.com\/viajaresvivir\/wp-content\/uploads\/2020\/01\/Plaza-del-Castillo-1-768x576.jpg 768w, https:\/\/www.canariasviaja.com\/viajaresvivir\/wp-content\/uploads\/2020\/01\/Plaza-del-Castillo-1-800x600.jpg 800w\" sizes=\"(max-width: 1024px) 100vw, 1024px\" \/><figcaption class=\"blocks-gallery-item__caption\">Plaza  del Castillo<\/figcaption><\/figure><\/li><\/ul><\/figure>\n\n\n\n<figure class=\"wp-block-gallery columns-1 is-cropped wp-block-gallery-13 is-layout-flex wp-block-gallery-is-layout-flex\"><ul class=\"blocks-gallery-grid\"><li class=\"blocks-gallery-item\"><figure><img loading=\"lazy\" decoding=\"async\" width=\"768\" height=\"1024\" src=\"https:\/\/www.canariasviaja.com\/viajaresvivir\/wp-content\/uploads\/2020\/01\/Hotel-La-Perla.jpg\" alt=\"\" data-id=\"2127\" data-full-url=\"https:\/\/www.canariasviaja.com\/viajaresvivir\/wp-content\/uploads\/2020\/01\/Hotel-La-Perla.jpg\" data-link=\"https:\/\/www.canariasviaja.com\/viajaresvivir\/?attachment_id=2127#main\" class=\"wp-image-2127\" srcset=\"https:\/\/www.canariasviaja.com\/viajaresvivir\/wp-content\/uploads\/2020\/01\/Hotel-La-Perla.jpg 768w, https:\/\/www.canariasviaja.com\/viajaresvivir\/wp-content\/uploads\/2020\/01\/Hotel-La-Perla-225x300.jpg 225w, https:\/\/www.canariasviaja.com\/viajaresvivir\/wp-content\/uploads\/2020\/01\/Hotel-La-Perla-600x800.jpg 600w\" sizes=\"(max-width: 768px) 100vw, 768px\" \/><figcaption class=\"blocks-gallery-item__caption\">Hotel La Perla en la Plaza del Castillo<\/figcaption><\/figure><\/li><\/ul><\/figure>\n\n\n\n<figure class=\"wp-block-gallery columns-1 is-cropped wp-block-gallery-14 is-layout-flex wp-block-gallery-is-layout-flex\"><ul class=\"blocks-gallery-grid\"><li class=\"blocks-gallery-item\"><figure><img loading=\"lazy\" decoding=\"async\" width=\"2000\" height=\"1126\" src=\"https:\/\/www.canariasviaja.com\/viajaresvivir\/wp-content\/uploads\/2020\/01\/Plaza-del-Castillo-noche.jpg\" alt=\"\" data-id=\"2147\" data-full-url=\"https:\/\/www.canariasviaja.com\/viajaresvivir\/wp-content\/uploads\/2020\/01\/Plaza-del-Castillo-noche.jpg\" data-link=\"https:\/\/www.canariasviaja.com\/viajaresvivir\/?attachment_id=2147#main\" class=\"wp-image-2147\" srcset=\"https:\/\/www.canariasviaja.com\/viajaresvivir\/wp-content\/uploads\/2020\/01\/Plaza-del-Castillo-noche.jpg 2000w, https:\/\/www.canariasviaja.com\/viajaresvivir\/wp-content\/uploads\/2020\/01\/Plaza-del-Castillo-noche-300x169.jpg 300w, https:\/\/www.canariasviaja.com\/viajaresvivir\/wp-content\/uploads\/2020\/01\/Plaza-del-Castillo-noche-768x432.jpg 768w, https:\/\/www.canariasviaja.com\/viajaresvivir\/wp-content\/uploads\/2020\/01\/Plaza-del-Castillo-noche-1536x865.jpg 1536w, https:\/\/www.canariasviaja.com\/viajaresvivir\/wp-content\/uploads\/2020\/01\/Plaza-del-Castillo-noche-1200x676.jpg 1200w, https:\/\/www.canariasviaja.com\/viajaresvivir\/wp-content\/uploads\/2020\/01\/Plaza-del-Castillo-noche-1918x1080.jpg 1918w, https:\/\/www.canariasviaja.com\/viajaresvivir\/wp-content\/uploads\/2020\/01\/Plaza-del-Castillo-noche-960x540.jpg 960w\" sizes=\"(max-width: 2000px) 100vw, 2000px\" \/><figcaption class=\"blocks-gallery-item__caption\">Plaza del Castillo por la noche<\/figcaption><\/figure><\/li><\/ul><\/figure>\n\n\n\n<h4 class=\"wp-block-heading\">Una paradita para <em>potear<\/em><\/h4>\n\n\n\n<p>A la izquierda del kiosco entramos en <strong>calle San Nicol\u00e1s<\/strong>, famosa zona\nde marcha y poteo. Vale la pena parar en el <strong>bar `Rio\u00b4,<\/strong> pedir un frito de huevo \u2013son exquisitos-, y\ncomprobar c\u00f3mo sube el contador electr\u00f3nico de fritos\nde huevo consumidos. Tambi\u00e9n es obligada una parada en el <strong>Roch<\/strong>, diminuto y emblem\u00e1tico caf\u00e9\ndel XIX, que conserva su decoraci\u00f3n original. Est\u00e1\nen calle Comedias, perpendicular de San Nicol\u00e1s y es tambi\u00e9n famoso por sus\ncroquetas.<\/p>\n\n\n\n<figure class=\"wp-block-gallery columns-1 is-cropped wp-block-gallery-15 is-layout-flex wp-block-gallery-is-layout-flex\"><ul class=\"blocks-gallery-grid\"><li class=\"blocks-gallery-item\"><figure><img loading=\"lazy\" decoding=\"async\" width=\"768\" height=\"1024\" src=\"https:\/\/www.canariasviaja.com\/viajaresvivir\/wp-content\/uploads\/2020\/01\/Calle-San-Nicolas.jpg\" alt=\"\" data-id=\"2132\" data-full-url=\"https:\/\/www.canariasviaja.com\/viajaresvivir\/wp-content\/uploads\/2020\/01\/Calle-San-Nicolas.jpg\" data-link=\"https:\/\/www.canariasviaja.com\/viajaresvivir\/?attachment_id=2132#main\" class=\"wp-image-2132\" srcset=\"https:\/\/www.canariasviaja.com\/viajaresvivir\/wp-content\/uploads\/2020\/01\/Calle-San-Nicolas.jpg 768w, https:\/\/www.canariasviaja.com\/viajaresvivir\/wp-content\/uploads\/2020\/01\/Calle-San-Nicolas-225x300.jpg 225w, https:\/\/www.canariasviaja.com\/viajaresvivir\/wp-content\/uploads\/2020\/01\/Calle-San-Nicolas-600x800.jpg 600w\" sizes=\"(max-width: 768px) 100vw, 768px\" \/><figcaption class=\"blocks-gallery-item__caption\">Calle de San Nicol\u00e1s<\/figcaption><\/figure><\/li><\/ul><\/figure>\n\n\n\n<p>Y ya de San\nNicol\u00e1s nos vamos hacia los <strong>jardines\nde la Taconera<\/strong>, un agradable paseo de diez minutos por calles San\nMiguel y San Francisco con breve parada en la <strong>capilla de San Ferm\u00edn<\/strong>, donde se guarda la imagen del\nhomenajeado, festejado e internacional santo que, por cierto, no es el patr\u00f3n\nde la ciudad.<\/p>\n\n\n\n<figure class=\"wp-block-gallery columns-1 is-cropped wp-block-gallery-16 is-layout-flex wp-block-gallery-is-layout-flex\"><ul class=\"blocks-gallery-grid\"><li class=\"blocks-gallery-item\"><figure><img loading=\"lazy\" decoding=\"async\" width=\"2000\" height=\"1500\" src=\"https:\/\/www.canariasviaja.com\/viajaresvivir\/wp-content\/uploads\/2020\/01\/Parque-Taconera-2.jpg\" alt=\"\" data-id=\"2128\" data-full-url=\"https:\/\/www.canariasviaja.com\/viajaresvivir\/wp-content\/uploads\/2020\/01\/Parque-Taconera-2.jpg\" data-link=\"https:\/\/www.canariasviaja.com\/viajaresvivir\/?attachment_id=2128#main\" class=\"wp-image-2128\" srcset=\"https:\/\/www.canariasviaja.com\/viajaresvivir\/wp-content\/uploads\/2020\/01\/Parque-Taconera-2.jpg 2000w, https:\/\/www.canariasviaja.com\/viajaresvivir\/wp-content\/uploads\/2020\/01\/Parque-Taconera-2-300x225.jpg 300w, https:\/\/www.canariasviaja.com\/viajaresvivir\/wp-content\/uploads\/2020\/01\/Parque-Taconera-2-768x576.jpg 768w, https:\/\/www.canariasviaja.com\/viajaresvivir\/wp-content\/uploads\/2020\/01\/Parque-Taconera-2-1536x1152.jpg 1536w, https:\/\/www.canariasviaja.com\/viajaresvivir\/wp-content\/uploads\/2020\/01\/Parque-Taconera-2-1200x900.jpg 1200w, https:\/\/www.canariasviaja.com\/viajaresvivir\/wp-content\/uploads\/2020\/01\/Parque-Taconera-2-800x600.jpg 800w, https:\/\/www.canariasviaja.com\/viajaresvivir\/wp-content\/uploads\/2020\/01\/Parque-Taconera-2-1440x1080.jpg 1440w\" sizes=\"(max-width: 2000px) 100vw, 2000px\" \/><figcaption class=\"blocks-gallery-item__caption\">Jardines de La Taconera<\/figcaption><\/figure><\/li><\/ul><\/figure>\n\n\n\n<figure class=\"wp-block-image size-large\"><img loading=\"lazy\" decoding=\"async\" width=\"2000\" height=\"1500\" src=\"https:\/\/www.canariasviaja.com\/viajaresvivir\/wp-content\/uploads\/2020\/01\/Parque-Taconera.jpg\" alt=\"\" class=\"wp-image-2129\" srcset=\"https:\/\/www.canariasviaja.com\/viajaresvivir\/wp-content\/uploads\/2020\/01\/Parque-Taconera.jpg 2000w, https:\/\/www.canariasviaja.com\/viajaresvivir\/wp-content\/uploads\/2020\/01\/Parque-Taconera-300x225.jpg 300w, https:\/\/www.canariasviaja.com\/viajaresvivir\/wp-content\/uploads\/2020\/01\/Parque-Taconera-768x576.jpg 768w, https:\/\/www.canariasviaja.com\/viajaresvivir\/wp-content\/uploads\/2020\/01\/Parque-Taconera-1536x1152.jpg 1536w, https:\/\/www.canariasviaja.com\/viajaresvivir\/wp-content\/uploads\/2020\/01\/Parque-Taconera-1200x900.jpg 1200w, https:\/\/www.canariasviaja.com\/viajaresvivir\/wp-content\/uploads\/2020\/01\/Parque-Taconera-800x600.jpg 800w, https:\/\/www.canariasviaja.com\/viajaresvivir\/wp-content\/uploads\/2020\/01\/Parque-Taconera-1440x1080.jpg 1440w\" sizes=\"(max-width: 2000px) 100vw, 2000px\" \/><\/figure>\n\n\n\n<h4 class=\"wp-block-heading\">Buscando el verde<\/h4>\n\n\n\n<p><strong>La Taconera<\/strong> es el parque m\u00e1s antiguo, m\u00e1s rom\u00e1ntico y m\u00e1s grande: 90.000 metros de verde. Tiene inmensos fosos con ciervos, patos y pavos reales en libertad, y vale la pena hacer parada a tomar un refrigerio en el <strong>bar El Bosquecillo<\/strong> o en El Vien\u00e9s.<\/p>\n\n\n\n<p>A tan s\u00f3lo 700 metros andando por la\navenida del Ej\u00e9rcito, tenemos <strong>La\nCiudadela<\/strong>, ejemplo imponente de arquitectura militar renacentista, un gran\nespacio convertido en centro de exposiciones y eventos culturales que est\u00e1\nrodeado por el mayor pulm\u00f3n verde de esta ciudad verde: los jardines de la <strong>Vuelta del Castillo<\/strong> rondan los\n280.000 metros cuadrados de c\u00e9sped, \u00e1rboles de inmenso porte y caminos para\npasear.<\/p>\n\n\n\n<figure class=\"wp-block-gallery columns-1 is-cropped wp-block-gallery-17 is-layout-flex wp-block-gallery-is-layout-flex\"><ul class=\"blocks-gallery-grid\"><li class=\"blocks-gallery-item\"><figure><img loading=\"lazy\" decoding=\"async\" width=\"1024\" height=\"623\" src=\"https:\/\/www.canariasviaja.com\/viajaresvivir\/wp-content\/uploads\/2020\/01\/Ciudadela.jpg\" alt=\"\" data-id=\"2130\" data-full-url=\"https:\/\/www.canariasviaja.com\/viajaresvivir\/wp-content\/uploads\/2020\/01\/Ciudadela.jpg\" data-link=\"https:\/\/www.canariasviaja.com\/viajaresvivir\/?attachment_id=2130#main\" class=\"wp-image-2130\" srcset=\"https:\/\/www.canariasviaja.com\/viajaresvivir\/wp-content\/uploads\/2020\/01\/Ciudadela.jpg 1024w, https:\/\/www.canariasviaja.com\/viajaresvivir\/wp-content\/uploads\/2020\/01\/Ciudadela-300x183.jpg 300w, https:\/\/www.canariasviaja.com\/viajaresvivir\/wp-content\/uploads\/2020\/01\/Ciudadela-768x467.jpg 768w\" sizes=\"(max-width: 1024px) 100vw, 1024px\" \/><figcaption class=\"blocks-gallery-item__caption\">La Ciudadela<\/figcaption><\/figure><\/li><\/ul><\/figure>\n\n\n\n<p>Para un segundo d\u00eda o para otras escapadas, nos ha quedado much\u00edsimo por hacer: bajar al campus de la Universidad, andar en bici por la <strong>ribera del Arga<\/strong>, adentrarnos en el <strong>Museo y el Archivo de Navarra,<\/strong> visitar el planetario, ir de compras por el <strong>Ensanche<\/strong>, salir de copas por el <strong>Kabiya o La Carbonera\u2026<\/strong><\/p>\n\n\n\n<figure class=\"wp-block-gallery columns-1 is-cropped wp-block-gallery-18 is-layout-flex wp-block-gallery-is-layout-flex\"><ul class=\"blocks-gallery-grid\"><li class=\"blocks-gallery-item\"><figure><img loading=\"lazy\" decoding=\"async\" width=\"768\" height=\"1024\" src=\"https:\/\/www.canariasviaja.com\/viajaresvivir\/wp-content\/uploads\/2020\/01\/Museo-Navarra.jpg\" alt=\"\" data-id=\"2131\" data-full-url=\"https:\/\/www.canariasviaja.com\/viajaresvivir\/wp-content\/uploads\/2020\/01\/Museo-Navarra.jpg\" data-link=\"https:\/\/www.canariasviaja.com\/viajaresvivir\/?attachment_id=2131#main\" class=\"wp-image-2131\" srcset=\"https:\/\/www.canariasviaja.com\/viajaresvivir\/wp-content\/uploads\/2020\/01\/Museo-Navarra.jpg 768w, https:\/\/www.canariasviaja.com\/viajaresvivir\/wp-content\/uploads\/2020\/01\/Museo-Navarra-225x300.jpg 225w, https:\/\/www.canariasviaja.com\/viajaresvivir\/wp-content\/uploads\/2020\/01\/Museo-Navarra-600x800.jpg 600w\" sizes=\"(max-width: 768px) 100vw, 768px\" \/><figcaption class=\"blocks-gallery-item__caption\">Museo de Navarra<\/figcaption><\/figure><\/li><\/ul><\/figure>\n\n\n\n<p>La buena noticia es que a Pamplona siempre se vuelve, <strong>\u00a1a Pamplona hemos de ir!<\/strong>.<\/p>\n","protected":false},"excerpt":{"rendered":"<p>\u00a1A Pamplona hemos de ir! Y no s\u00f3lo en Sanfermines. Durante el resto del a\u00f1o podemos disfrutar con calma de todos sus rincones, su gastronom\u00eda y su gente.<\/p>\n","protected":false},"author":12,"featured_media":2136,"comment_status":"open","ping_status":"open","sticky":false,"template":"","format":"standard","meta":{"_acf_changed":false,"sfsi_plus_gutenberg_text_before_share":"","sfsi_plus_gutenberg_show_text_before_share":"","sfsi_plus_gutenberg_icon_type":"","sfsi_plus_gutenberg_icon_alignemt":"","sfsi_plus_gutenburg_max_per_row":"","footnotes":""},"categories":[124,8,123,10,105,100,126,1],"tags":[310,312,230,307,309,291,308,311],"class_list":["post-2122","post","type-post","status-publish","format-standard","has-post-thumbnail","hentry","category-descubre","category-diariodeviaje","category-explora","category-historias-viajeras","category-pamplona","category-peninsulaybaleares","category-saborea","category-sin-categoria","tag-aperitivo-por-pamplona","tag-catedral-de-pamplona","tag-navarra","tag-pamplona","tag-potear","tag-ruta-a-pie","tag-ruta-por-pamplona","tag-sanfermines"],"acf":[],"yoast_head":"<!-- This site is optimized with the Yoast SEO plugin v24.1 - https:\/\/yoast.com\/wordpress\/plugins\/seo\/ -->\n<title>A Pamplona hemos de ir - Viajar es vivir<\/title>\n<meta name=\"description\" content=\"\u00a1A Pamplona hemos de ir! Y no s\u00f3lo en Sanfermines. Durante el resto del a\u00f1o podemos disfrutar con calma de todos sus rincones, su gastronom\u00eda y su gente.\" \/>\n<meta name=\"robots\" content=\"index, follow, max-snippet:-1, max-image-preview:large, max-video-preview:-1\" \/>\n<link rel=\"canonical\" href=\"https:\/\/www.canariasviaja.com\/viajaresvivir\/a-pamplona-hay-que-ir\/\" \/>\n<meta property=\"og:locale\" content=\"es_ES\" \/>\n<meta property=\"og:type\" content=\"article\" \/>\n<meta property=\"og:title\" content=\"A Pamplona hemos de ir - Viajar es vivir\" \/>\n<meta property=\"og:description\" content=\"\u00a1A Pamplona hemos de ir! Y no s\u00f3lo en Sanfermines. Durante el resto del a\u00f1o podemos disfrutar con calma de todos sus rincones, su gastronom\u00eda y su gente.\" \/>\n<meta property=\"og:url\" content=\"https:\/\/www.canariasviaja.com\/viajaresvivir\/a-pamplona-hay-que-ir\/\" \/>\n<meta property=\"og:site_name\" content=\"Viajar es vivir\" \/>\n<meta property=\"article:published_time\" content=\"2020-01-07T17:23:00+00:00\" \/>\n<meta property=\"article:modified_time\" content=\"2020-01-07T17:23:29+00:00\" \/>\n<meta property=\"og:image\" content=\"https:\/\/www.canariasviaja.com\/viajaresvivir\/wp-content\/uploads\/2020\/01\/ayuntamiento-portada.jpg\" \/>\n\t<meta property=\"og:image:width\" content=\"2000\" \/>\n\t<meta property=\"og:image:height\" content=\"1000\" \/>\n\t<meta property=\"og:image:type\" content=\"image\/jpeg\" \/>\n<meta name=\"author\" content=\"M. Medina\/Luis Nagore\" \/>\n<meta name=\"twitter:card\" content=\"summary_large_image\" \/>\n<meta name=\"twitter:label1\" content=\"Escrito por\" \/>\n\t<meta name=\"twitter:data1\" content=\"M. Medina\/Luis Nagore\" \/>\n\t<meta name=\"twitter:label2\" content=\"Tiempo de lectura\" \/>\n\t<meta name=\"twitter:data2\" content=\"7 minutos\" \/>\n<script type=\"application\/ld+json\" class=\"yoast-schema-graph\">{\"@context\":\"https:\/\/schema.org\",\"@graph\":[{\"@type\":\"WebPage\",\"@id\":\"https:\/\/www.canariasviaja.com\/viajaresvivir\/a-pamplona-hay-que-ir\/\",\"url\":\"https:\/\/www.canariasviaja.com\/viajaresvivir\/a-pamplona-hay-que-ir\/\",\"name\":\"A Pamplona hemos de ir - Viajar es vivir\",\"isPartOf\":{\"@id\":\"https:\/\/www.canariasviaja.com\/viajaresvivir\/#website\"},\"primaryImageOfPage\":{\"@id\":\"https:\/\/www.canariasviaja.com\/viajaresvivir\/a-pamplona-hay-que-ir\/#primaryimage\"},\"image\":{\"@id\":\"https:\/\/www.canariasviaja.com\/viajaresvivir\/a-pamplona-hay-que-ir\/#primaryimage\"},\"thumbnailUrl\":\"https:\/\/www.canariasviaja.com\/viajaresvivir\/wp-content\/uploads\/2020\/01\/ayuntamiento-portada.jpg\",\"datePublished\":\"2020-01-07T17:23:00+00:00\",\"dateModified\":\"2020-01-07T17:23:29+00:00\",\"author\":{\"@id\":\"https:\/\/www.canariasviaja.com\/viajaresvivir\/#\/schema\/person\/15299255119fdd718f5f500bccb22efa\"},\"description\":\"\u00a1A Pamplona hemos de ir! Y no s\u00f3lo en Sanfermines. Durante el resto del a\u00f1o podemos disfrutar con calma de todos sus rincones, su gastronom\u00eda y su gente.\",\"breadcrumb\":{\"@id\":\"https:\/\/www.canariasviaja.com\/viajaresvivir\/a-pamplona-hay-que-ir\/#breadcrumb\"},\"inLanguage\":\"es\",\"potentialAction\":[{\"@type\":\"ReadAction\",\"target\":[\"https:\/\/www.canariasviaja.com\/viajaresvivir\/a-pamplona-hay-que-ir\/\"]}]},{\"@type\":\"ImageObject\",\"inLanguage\":\"es\",\"@id\":\"https:\/\/www.canariasviaja.com\/viajaresvivir\/a-pamplona-hay-que-ir\/#primaryimage\",\"url\":\"https:\/\/www.canariasviaja.com\/viajaresvivir\/wp-content\/uploads\/2020\/01\/ayuntamiento-portada.jpg\",\"contentUrl\":\"https:\/\/www.canariasviaja.com\/viajaresvivir\/wp-content\/uploads\/2020\/01\/ayuntamiento-portada.jpg\",\"width\":2000,\"height\":1000,\"caption\":\"Detalle Ayuntamiento de Pamplona\"},{\"@type\":\"BreadcrumbList\",\"@id\":\"https:\/\/www.canariasviaja.com\/viajaresvivir\/a-pamplona-hay-que-ir\/#breadcrumb\",\"itemListElement\":[{\"@type\":\"ListItem\",\"position\":1,\"name\":\"Portada\",\"item\":\"https:\/\/www.canariasviaja.com\/viajaresvivir\/\"},{\"@type\":\"ListItem\",\"position\":2,\"name\":\"A Pamplona hemos de ir\"}]},{\"@type\":\"WebSite\",\"@id\":\"https:\/\/www.canariasviaja.com\/viajaresvivir\/#website\",\"url\":\"https:\/\/www.canariasviaja.com\/viajaresvivir\/\",\"name\":\"Viajar es vivir\",\"description\":\"El blog de viajes y estilo de vida de CanariasViaja\",\"potentialAction\":[{\"@type\":\"SearchAction\",\"target\":{\"@type\":\"EntryPoint\",\"urlTemplate\":\"https:\/\/www.canariasviaja.com\/viajaresvivir\/?s={search_term_string}\"},\"query-input\":{\"@type\":\"PropertyValueSpecification\",\"valueRequired\":true,\"valueName\":\"search_term_string\"}}],\"inLanguage\":\"es\"},{\"@type\":\"Person\",\"@id\":\"https:\/\/www.canariasviaja.com\/viajaresvivir\/#\/schema\/person\/15299255119fdd718f5f500bccb22efa\",\"name\":\"M. Medina\/Luis Nagore\",\"image\":{\"@type\":\"ImageObject\",\"inLanguage\":\"es\",\"@id\":\"https:\/\/www.canariasviaja.com\/viajaresvivir\/#\/schema\/person\/image\/\",\"url\":\"https:\/\/secure.gravatar.com\/avatar\/4d1174b63bdc505e3631cb3e73cedc69?s=96&d=mm&r=g\",\"contentUrl\":\"https:\/\/secure.gravatar.com\/avatar\/4d1174b63bdc505e3631cb3e73cedc69?s=96&d=mm&r=g\",\"caption\":\"M. Medina\/Luis Nagore\"},\"url\":\"https:\/\/www.canariasviaja.com\/viajaresvivir\/author\/marta-medina-y-luis-nagore\/\"}]}<\/script>\n<!-- \/ Yoast SEO plugin. -->","yoast_head_json":{"title":"A Pamplona hemos de ir - Viajar es vivir","description":"\u00a1A Pamplona hemos de ir! Y no s\u00f3lo en Sanfermines. Durante el resto del a\u00f1o podemos disfrutar con calma de todos sus rincones, su gastronom\u00eda y su gente.","robots":{"index":"index","follow":"follow","max-snippet":"max-snippet:-1","max-image-preview":"max-image-preview:large","max-video-preview":"max-video-preview:-1"},"canonical":"https:\/\/www.canariasviaja.com\/viajaresvivir\/a-pamplona-hay-que-ir\/","og_locale":"es_ES","og_type":"article","og_title":"A Pamplona hemos de ir - Viajar es vivir","og_description":"\u00a1A Pamplona hemos de ir! Y no s\u00f3lo en Sanfermines. Durante el resto del a\u00f1o podemos disfrutar con calma de todos sus rincones, su gastronom\u00eda y su gente.","og_url":"https:\/\/www.canariasviaja.com\/viajaresvivir\/a-pamplona-hay-que-ir\/","og_site_name":"Viajar es vivir","article_published_time":"2020-01-07T17:23:00+00:00","article_modified_time":"2020-01-07T17:23:29+00:00","og_image":[{"width":2000,"height":1000,"url":"https:\/\/www.canariasviaja.com\/viajaresvivir\/wp-content\/uploads\/2020\/01\/ayuntamiento-portada.jpg","type":"image\/jpeg"}],"author":"M. Medina\/Luis Nagore","twitter_card":"summary_large_image","twitter_misc":{"Escrito por":"M. Medina\/Luis Nagore","Tiempo de lectura":"7 minutos"},"schema":{"@context":"https:\/\/schema.org","@graph":[{"@type":"WebPage","@id":"https:\/\/www.canariasviaja.com\/viajaresvivir\/a-pamplona-hay-que-ir\/","url":"https:\/\/www.canariasviaja.com\/viajaresvivir\/a-pamplona-hay-que-ir\/","name":"A Pamplona hemos de ir - Viajar es vivir","isPartOf":{"@id":"https:\/\/www.canariasviaja.com\/viajaresvivir\/#website"},"primaryImageOfPage":{"@id":"https:\/\/www.canariasviaja.com\/viajaresvivir\/a-pamplona-hay-que-ir\/#primaryimage"},"image":{"@id":"https:\/\/www.canariasviaja.com\/viajaresvivir\/a-pamplona-hay-que-ir\/#primaryimage"},"thumbnailUrl":"https:\/\/www.canariasviaja.com\/viajaresvivir\/wp-content\/uploads\/2020\/01\/ayuntamiento-portada.jpg","datePublished":"2020-01-07T17:23:00+00:00","dateModified":"2020-01-07T17:23:29+00:00","author":{"@id":"https:\/\/www.canariasviaja.com\/viajaresvivir\/#\/schema\/person\/15299255119fdd718f5f500bccb22efa"},"description":"\u00a1A Pamplona hemos de ir! Y no s\u00f3lo en Sanfermines. Durante el resto del a\u00f1o podemos disfrutar con calma de todos sus rincones, su gastronom\u00eda y su gente.","breadcrumb":{"@id":"https:\/\/www.canariasviaja.com\/viajaresvivir\/a-pamplona-hay-que-ir\/#breadcrumb"},"inLanguage":"es","potentialAction":[{"@type":"ReadAction","target":["https:\/\/www.canariasviaja.com\/viajaresvivir\/a-pamplona-hay-que-ir\/"]}]},{"@type":"ImageObject","inLanguage":"es","@id":"https:\/\/www.canariasviaja.com\/viajaresvivir\/a-pamplona-hay-que-ir\/#primaryimage","url":"https:\/\/www.canariasviaja.com\/viajaresvivir\/wp-content\/uploads\/2020\/01\/ayuntamiento-portada.jpg","contentUrl":"https:\/\/www.canariasviaja.com\/viajaresvivir\/wp-content\/uploads\/2020\/01\/ayuntamiento-portada.jpg","width":2000,"height":1000,"caption":"Detalle Ayuntamiento de Pamplona"},{"@type":"BreadcrumbList","@id":"https:\/\/www.canariasviaja.com\/viajaresvivir\/a-pamplona-hay-que-ir\/#breadcrumb","itemListElement":[{"@type":"ListItem","position":1,"name":"Portada","item":"https:\/\/www.canariasviaja.com\/viajaresvivir\/"},{"@type":"ListItem","position":2,"name":"A Pamplona hemos de ir"}]},{"@type":"WebSite","@id":"https:\/\/www.canariasviaja.com\/viajaresvivir\/#website","url":"https:\/\/www.canariasviaja.com\/viajaresvivir\/","name":"Viajar es vivir","description":"El blog de viajes y estilo de vida de CanariasViaja","potentialAction":[{"@type":"SearchAction","target":{"@type":"EntryPoint","urlTemplate":"https:\/\/www.canariasviaja.com\/viajaresvivir\/?s={search_term_string}"},"query-input":{"@type":"PropertyValueSpecification","valueRequired":true,"valueName":"search_term_string"}}],"inLanguage":"es"},{"@type":"Person","@id":"https:\/\/www.canariasviaja.com\/viajaresvivir\/#\/schema\/person\/15299255119fdd718f5f500bccb22efa","name":"M. Medina\/Luis Nagore","image":{"@type":"ImageObject","inLanguage":"es","@id":"https:\/\/www.canariasviaja.com\/viajaresvivir\/#\/schema\/person\/image\/","url":"https:\/\/secure.gravatar.com\/avatar\/4d1174b63bdc505e3631cb3e73cedc69?s=96&d=mm&r=g","contentUrl":"https:\/\/secure.gravatar.com\/avatar\/4d1174b63bdc505e3631cb3e73cedc69?s=96&d=mm&r=g","caption":"M. Medina\/Luis Nagore"},"url":"https:\/\/www.canariasviaja.com\/viajaresvivir\/author\/marta-medina-y-luis-nagore\/"}]}},"_links":{"self":[{"href":"https:\/\/www.canariasviaja.com\/viajaresvivir\/wp-json\/wp\/v2\/posts\/2122"}],"collection":[{"href":"https:\/\/www.canariasviaja.com\/viajaresvivir\/wp-json\/wp\/v2\/posts"}],"about":[{"href":"https:\/\/www.canariasviaja.com\/viajaresvivir\/wp-json\/wp\/v2\/types\/post"}],"author":[{"embeddable":true,"href":"https:\/\/www.canariasviaja.com\/viajaresvivir\/wp-json\/wp\/v2\/users\/12"}],"replies":[{"embeddable":true,"href":"https:\/\/www.canariasviaja.com\/viajaresvivir\/wp-json\/wp\/v2\/comments?post=2122"}],"version-history":[{"count":6,"href":"https:\/\/www.canariasviaja.com\/viajaresvivir\/wp-json\/wp\/v2\/posts\/2122\/revisions"}],"predecessor-version":[{"id":2153,"href":"https:\/\/www.canariasviaja.com\/viajaresvivir\/wp-json\/wp\/v2\/posts\/2122\/revisions\/2153"}],"wp:featuredmedia":[{"embeddable":true,"href":"https:\/\/www.canariasviaja.com\/viajaresvivir\/wp-json\/wp\/v2\/media\/2136"}],"wp:attachment":[{"href":"https:\/\/www.canariasviaja.com\/viajaresvivir\/wp-json\/wp\/v2\/media?parent=2122"}],"wp:term":[{"taxonomy":"category","embeddable":true,"href":"https:\/\/www.canariasviaja.com\/viajaresvivir\/wp-json\/wp\/v2\/categories?post=2122"},{"taxonomy":"post_tag","embeddable":true,"href":"https:\/\/www.canariasviaja.com\/viajaresvivir\/wp-json\/wp\/v2\/tags?post=2122"}],"curies":[{"name":"wp","href":"https:\/\/api.w.org\/{rel}","templated":true}]}}