{"id":2188,"date":"2020-01-15T12:04:06","date_gmt":"2020-01-15T12:04:06","guid":{"rendered":"http:\/\/www.canariasviaja.com\/viajaresvivir\/?p=2188"},"modified":"2020-06-01T11:55:12","modified_gmt":"2020-06-01T11:55:12","slug":"regreso-a-la-cumbre-de-gran-canaria","status":"publish","type":"post","link":"https:\/\/www.canariasviaja.com\/viajaresvivir\/regreso-a-la-cumbre-de-gran-canaria\/","title":{"rendered":"Del regreso a la cumbre de Gran Canaria o \u00abHasta luego Maricarmen\u00bb"},"content":{"rendered":"\n<p><\/p>\n\n\n\n<p><em>Los canarios llamamos \u201cmadre\u201d a esa zona del diafragma que a veces se \u201cdestartala\u201d y nos pone malitos.<\/em><\/p>\n\n\n\n<p><em>Raros.<\/em><\/p>\n\n\n\n<p><em>Sin sosiego.<\/em><\/p>\n\n\n\n<p><em>Con ganas de decirle a todo, \u201cHasta luego Maricarmen\u201d.<\/em><\/p>\n\n\n\n<p><em>En estos tiempos modernos, cuando nombramos a la susodicha y la despedimos, significa que hemos petado.<\/em><\/p>\n\n\n\n<p><em>Que ya te pasaste en aguante, cuatro pueblos.<\/em><\/p>\n\n\n\n<p><em>Que s\u00ed, que tal y Pascual pero hasta aqu\u00ed.<\/em><\/p>\n\n\n\n<p><em>Hasta Maricarmen hemos llegado.<\/em><\/p>\n\n\n\n<p><em>Y subimos al coche:<\/em><\/p>\n\n\n\n<p><em>asfalto, edificio, asfalto\u2026<\/em><\/p>\n\n\n\n<p><em>Ruido, ruido, curvas, curvas y de repente:<\/em><\/p>\n\n\n\n<p><em>El cielo.<\/em><\/p>\n\n\n\n<p><em>Tanto cielo que achicas los ojos.<\/em><\/p>\n\n\n\n<p><em>Pero sigue el ruido.<\/em><\/p>\n\n\n\n<p><em>Ruido, ruido, ruido\u2026.<\/em><\/p>\n\n\n\n<p><em>Toda esa gente hablando.<\/em><\/p>\n\n\n\n<p><em>Toda esa gente que se vino contigo<\/em><\/p>\n\n\n\n<p>\u00a1<em>Pero si el coche est\u00e1 vac\u00edo!<\/em><\/p>\n\n\n\n<div class=\"wp-block-image\"><figure class=\"alignleft size-medium\"><img loading=\"lazy\" decoding=\"async\" width=\"300\" height=\"200\" src=\"https:\/\/www.canariasviaja.com\/viajaresvivir\/wp-content\/uploads\/2020\/01\/Regreso-a-la-cumbre-de-Gran-Canaria4-1-300x200.jpg\" alt=\"Almendro floreciendo\" class=\"wp-image-2224\" srcset=\"https:\/\/www.canariasviaja.com\/viajaresvivir\/wp-content\/uploads\/2020\/01\/Regreso-a-la-cumbre-de-Gran-Canaria4-1-300x200.jpg 300w, https:\/\/www.canariasviaja.com\/viajaresvivir\/wp-content\/uploads\/2020\/01\/Regreso-a-la-cumbre-de-Gran-Canaria4-1-768x512.jpg 768w, https:\/\/www.canariasviaja.com\/viajaresvivir\/wp-content\/uploads\/2020\/01\/Regreso-a-la-cumbre-de-Gran-Canaria4-1.jpg 1024w\" sizes=\"(max-width: 300px) 100vw, 300px\" \/><\/figure><\/div>\n\n\n\n<p><em>&#8211; \u00a1Calla, que estoy oliendo algo!<\/em><\/p>\n\n\n\n<p><em>&#8211; Oye, \u00bfde d\u00f3nde viene ese perfume?<\/em><\/p>\n\n\n\n<p><em>Y \u00a1mira!, \u00a1montones de colores que calman!<\/em><\/p>\n\n\n\n<p><em>De repente la gente que ven\u00eda dej\u00f3 de hablar.<\/em><\/p>\n\n\n\n<p><em>Creo que tambi\u00e9n aspiraban embelesados, porque, se\u00f1ores y se\u00f1oras, hemos llegado a la cumbre.<\/em><\/p>\n\n\n\n<p><em>&#8211; \u00bfSonr\u00edes?<\/em><\/p>\n\n\n\n<p><em>&#8211; S\u00ed, se me pone sola esta sonrisa<\/em><\/p>\n\n\n\n<p><em>Es la sonrisa verde y cuando se pone as\u00ed, s\u00e9 que he llegado<\/em><\/p>\n\n\n\n<p><em>Que ya no estar\u00e1 mi madre pero que me habr\u00e1 dejado la llave debajo del balde, bajo esa higuera<\/em>.<\/p>\n\n\n\n<p><em>Aparco.<\/em><\/p>\n\n\n\n<p><em>Me quedo quieta.<\/em><\/p>\n\n\n\n<p><em>Y calentitas y saladas, ruedan por mis mejillas, un mont\u00f3n de l\u00e1grimas.<\/em><\/p>\n\n\n\n<p><em>Te pesa el cuerpo clavado al sill\u00f3n del coche, te parece que es bastante, que no vas a poder soportarlo pero, \u00a1qu\u00e9 rico!<\/em><\/p>\n\n\n\n<p><em>Y la \u201cmadre\u201d, que ahora vive en ti, ah\u00ed encima de tu ombligo, empieza a dar saltitos de contentura.<\/em><\/p>\n\n\n\n<p><em>Cierras los ojos y te preguntas por qu\u00e9 no has venido antes.<\/em><\/p>\n\n\n\n<p><\/p>\n\n\n\n<figure class=\"wp-block-image size-large\"><img loading=\"lazy\" decoding=\"async\" width=\"2000\" height=\"1333\" src=\"http:\/\/www.canariasviaja.com\/viajaresvivir\/wp-content\/uploads\/2020\/01\/Regreso-a-la-cumbre-de-Gran-Canaria-1.jpg\" alt=\"Cumbre de Gran Canaria con pinos\" class=\"wp-image-2221\" srcset=\"https:\/\/www.canariasviaja.com\/viajaresvivir\/wp-content\/uploads\/2020\/01\/Regreso-a-la-cumbre-de-Gran-Canaria-1.jpg 2000w, https:\/\/www.canariasviaja.com\/viajaresvivir\/wp-content\/uploads\/2020\/01\/Regreso-a-la-cumbre-de-Gran-Canaria-1-300x200.jpg 300w, https:\/\/www.canariasviaja.com\/viajaresvivir\/wp-content\/uploads\/2020\/01\/Regreso-a-la-cumbre-de-Gran-Canaria-1-768x512.jpg 768w, https:\/\/www.canariasviaja.com\/viajaresvivir\/wp-content\/uploads\/2020\/01\/Regreso-a-la-cumbre-de-Gran-Canaria-1-1536x1024.jpg 1536w, https:\/\/www.canariasviaja.com\/viajaresvivir\/wp-content\/uploads\/2020\/01\/Regreso-a-la-cumbre-de-Gran-Canaria-1-1200x800.jpg 1200w, https:\/\/www.canariasviaja.com\/viajaresvivir\/wp-content\/uploads\/2020\/01\/Regreso-a-la-cumbre-de-Gran-Canaria-1-1620x1080.jpg 1620w\" sizes=\"(max-width: 2000px) 100vw, 2000px\" \/><\/figure>\n\n\n\n<p><\/p>\n\n\n\n<p>El paisaje clarea seg\u00fan dejas atr\u00e1s las carreteras de diario. Parece mentira que apenas cinco meses despu\u00e9s del tremendo incendio, el verde haya empezado a brotar como brota el olvido.<\/p>\n\n\n\n<p>Llegamos al pueblo de <strong>Tejeda<\/strong>, es domingo, y hay mucha gente.<\/p>\n\n\n\n<p>No s\u00e9 qu\u00e9 tiene la cumbre que nos hace parecer m\u00e1s ni\u00f1os. Sonre\u00edr m\u00e1s.<\/p>\n\n\n\n<p>Las terrazas est\u00e1n llenas de gente que charla y fotograf\u00eda paisajes que se puedan llevar a su regreso.<\/p>\n\n\n\n<figure class=\"wp-block-image size-large\"><img loading=\"lazy\" decoding=\"async\" width=\"1024\" height=\"683\" src=\"http:\/\/www.canariasviaja.com\/viajaresvivir\/wp-content\/uploads\/2020\/01\/Regreso-a-la-cumbre-de-Gran-Canaria2-1.jpg\" alt=\"Terraza en Tejeda\" class=\"wp-image-2222\" srcset=\"https:\/\/www.canariasviaja.com\/viajaresvivir\/wp-content\/uploads\/2020\/01\/Regreso-a-la-cumbre-de-Gran-Canaria2-1.jpg 1024w, https:\/\/www.canariasviaja.com\/viajaresvivir\/wp-content\/uploads\/2020\/01\/Regreso-a-la-cumbre-de-Gran-Canaria2-1-300x200.jpg 300w, https:\/\/www.canariasviaja.com\/viajaresvivir\/wp-content\/uploads\/2020\/01\/Regreso-a-la-cumbre-de-Gran-Canaria2-1-768x512.jpg 768w\" sizes=\"(max-width: 1024px) 100vw, 1024px\" \/><\/figure>\n\n\n\n<figure class=\"wp-block-image size-large\"><img loading=\"lazy\" decoding=\"async\" width=\"2000\" height=\"1333\" src=\"http:\/\/www.canariasviaja.com\/viajaresvivir\/wp-content\/uploads\/2020\/01\/Regreso-a-la-cumbre-de-Gran-Canaria14-1.jpg\" alt=\"mirador de Tejeda con pareja\" class=\"wp-image-2234\" srcset=\"https:\/\/www.canariasviaja.com\/viajaresvivir\/wp-content\/uploads\/2020\/01\/Regreso-a-la-cumbre-de-Gran-Canaria14-1.jpg 2000w, https:\/\/www.canariasviaja.com\/viajaresvivir\/wp-content\/uploads\/2020\/01\/Regreso-a-la-cumbre-de-Gran-Canaria14-1-300x200.jpg 300w, https:\/\/www.canariasviaja.com\/viajaresvivir\/wp-content\/uploads\/2020\/01\/Regreso-a-la-cumbre-de-Gran-Canaria14-1-768x512.jpg 768w, https:\/\/www.canariasviaja.com\/viajaresvivir\/wp-content\/uploads\/2020\/01\/Regreso-a-la-cumbre-de-Gran-Canaria14-1-1536x1024.jpg 1536w, https:\/\/www.canariasviaja.com\/viajaresvivir\/wp-content\/uploads\/2020\/01\/Regreso-a-la-cumbre-de-Gran-Canaria14-1-1200x800.jpg 1200w, https:\/\/www.canariasviaja.com\/viajaresvivir\/wp-content\/uploads\/2020\/01\/Regreso-a-la-cumbre-de-Gran-Canaria14-1-1620x1080.jpg 1620w\" sizes=\"(max-width: 2000px) 100vw, 2000px\" \/><\/figure>\n\n\n\n<p>Los montes lucen m\u00e1s verdes bajo el sol de diciembre. Est\u00e1 todo como limpito despu\u00e9s de las lluvias y tras el roc\u00edo ma\u00f1anero.<\/p>\n\n\n\n<div class=\"wp-block-image\"><figure class=\"alignleft size-medium\"><img loading=\"lazy\" decoding=\"async\" width=\"200\" height=\"300\" src=\"https:\/\/www.canariasviaja.com\/viajaresvivir\/wp-content\/uploads\/2020\/01\/Regreso-a-la-cumbre-de-Gran-Canaria15-200x300.jpg\" alt=\"Parador de Tejeda\" class=\"wp-image-2220\" srcset=\"https:\/\/www.canariasviaja.com\/viajaresvivir\/wp-content\/uploads\/2020\/01\/Regreso-a-la-cumbre-de-Gran-Canaria15-200x300.jpg 200w, https:\/\/www.canariasviaja.com\/viajaresvivir\/wp-content\/uploads\/2020\/01\/Regreso-a-la-cumbre-de-Gran-Canaria15.jpg 683w\" sizes=\"(max-width: 200px) 100vw, 200px\" \/><\/figure><\/div>\n\n\n\n<p>Todos coincidimos en planear un fin de semana en el <a href=\"https:\/\/www.parador.es\/es\/paradores\/parador-de-cruz-de-tejeda\" target=\"_blank\" rel=\"noreferrer noopener\" aria-label=\"Parador (se abre en una nueva pesta\u00f1a)\">Parador<\/a> mientras tomamos caf\u00e9 en la terraza.<\/p>\n\n\n\n<p>Con mirada discreta, vemos dejar su albornoz en la hamaca a una parejita que ahora parece flotar en la piscina que corona el valle.<\/p>\n\n\n\n<p>Cuando \u00e9ramos peque\u00f1os cre\u00edamos que Tejeda se acababa ah\u00ed. <\/p>\n\n\n\n<p>Que el resto era solo para mirar desde esa atalaya pero cuando visitas el pueblo descubres la maravilla y te quieres llevar un poco de todo.<\/p>\n\n\n\n<p>Llevarte Tejeda contigo.<\/p>\n\n\n\n<figure class=\"wp-block-image size-large\"><img loading=\"lazy\" decoding=\"async\" width=\"2000\" height=\"1333\" src=\"http:\/\/www.canariasviaja.com\/viajaresvivir\/wp-content\/uploads\/2020\/01\/Regreso-a-la-cumbre-de-Gran-Canaria7-1.jpg\" alt=\"Tejeda desde el Parador\" class=\"wp-image-2227\" srcset=\"https:\/\/www.canariasviaja.com\/viajaresvivir\/wp-content\/uploads\/2020\/01\/Regreso-a-la-cumbre-de-Gran-Canaria7-1.jpg 2000w, https:\/\/www.canariasviaja.com\/viajaresvivir\/wp-content\/uploads\/2020\/01\/Regreso-a-la-cumbre-de-Gran-Canaria7-1-300x200.jpg 300w, https:\/\/www.canariasviaja.com\/viajaresvivir\/wp-content\/uploads\/2020\/01\/Regreso-a-la-cumbre-de-Gran-Canaria7-1-768x512.jpg 768w, https:\/\/www.canariasviaja.com\/viajaresvivir\/wp-content\/uploads\/2020\/01\/Regreso-a-la-cumbre-de-Gran-Canaria7-1-1536x1024.jpg 1536w, https:\/\/www.canariasviaja.com\/viajaresvivir\/wp-content\/uploads\/2020\/01\/Regreso-a-la-cumbre-de-Gran-Canaria7-1-1200x800.jpg 1200w, https:\/\/www.canariasviaja.com\/viajaresvivir\/wp-content\/uploads\/2020\/01\/Regreso-a-la-cumbre-de-Gran-Canaria7-1-1620x1080.jpg 1620w\" sizes=\"(max-width: 2000px) 100vw, 2000px\" \/><\/figure>\n\n\n\n<figure class=\"wp-block-image size-large\"><img loading=\"lazy\" decoding=\"async\" width=\"1024\" height=\"683\" src=\"http:\/\/www.canariasviaja.com\/viajaresvivir\/wp-content\/uploads\/2020\/01\/Regreso-a-la-cumbre-de-Gran-Canaria12-1.jpg\" alt=\"Pueblo de Tejeda\" class=\"wp-image-2232\" srcset=\"https:\/\/www.canariasviaja.com\/viajaresvivir\/wp-content\/uploads\/2020\/01\/Regreso-a-la-cumbre-de-Gran-Canaria12-1.jpg 1024w, https:\/\/www.canariasviaja.com\/viajaresvivir\/wp-content\/uploads\/2020\/01\/Regreso-a-la-cumbre-de-Gran-Canaria12-1-300x200.jpg 300w, https:\/\/www.canariasviaja.com\/viajaresvivir\/wp-content\/uploads\/2020\/01\/Regreso-a-la-cumbre-de-Gran-Canaria12-1-768x512.jpg 768w\" sizes=\"(max-width: 1024px) 100vw, 1024px\" \/><\/figure>\n\n\n\n<p>As\u00ed, en cualquiera de sus pasteler\u00edas, que han hecho deliciosa alquimia con el fruto de sus almendros, podemos encontrar polvorones, palmeras y pasteles que, a\u00fan tibios y dispuestos en bandejas de plata emanan un aroma de ni\u00f1ez, de felicidad.<\/p>\n\n\n\n<figure class=\"wp-block-image size-large\"><img loading=\"lazy\" decoding=\"async\" width=\"1024\" height=\"683\" src=\"http:\/\/www.canariasviaja.com\/viajaresvivir\/wp-content\/uploads\/2020\/01\/Regreso-a-la-cumbre-de-Gran-Canaria18.jpg\" alt=\"Ni\u00f1o mirando dulces en Tejeda\" class=\"wp-image-2265\" srcset=\"https:\/\/www.canariasviaja.com\/viajaresvivir\/wp-content\/uploads\/2020\/01\/Regreso-a-la-cumbre-de-Gran-Canaria18.jpg 1024w, https:\/\/www.canariasviaja.com\/viajaresvivir\/wp-content\/uploads\/2020\/01\/Regreso-a-la-cumbre-de-Gran-Canaria18-300x200.jpg 300w, https:\/\/www.canariasviaja.com\/viajaresvivir\/wp-content\/uploads\/2020\/01\/Regreso-a-la-cumbre-de-Gran-Canaria18-768x512.jpg 768w\" sizes=\"(max-width: 1024px) 100vw, 1024px\" \/><\/figure>\n\n\n\n<figure class=\"wp-block-image size-large\"><img loading=\"lazy\" decoding=\"async\" width=\"1024\" height=\"683\" src=\"http:\/\/www.canariasviaja.com\/viajaresvivir\/wp-content\/uploads\/2020\/01\/Regreso-a-la-cumbre-de-Gran-Canaria13-1.jpg\" alt=\"Pasteles de almendra en Tejeda\" class=\"wp-image-2233\" srcset=\"https:\/\/www.canariasviaja.com\/viajaresvivir\/wp-content\/uploads\/2020\/01\/Regreso-a-la-cumbre-de-Gran-Canaria13-1.jpg 1024w, https:\/\/www.canariasviaja.com\/viajaresvivir\/wp-content\/uploads\/2020\/01\/Regreso-a-la-cumbre-de-Gran-Canaria13-1-300x200.jpg 300w, https:\/\/www.canariasviaja.com\/viajaresvivir\/wp-content\/uploads\/2020\/01\/Regreso-a-la-cumbre-de-Gran-Canaria13-1-768x512.jpg 768w\" sizes=\"(max-width: 1024px) 100vw, 1024px\" \/><\/figure>\n\n\n\n<p>Ser\u00eda muy raro que no nos subi\u00e9ramos al coche comiendo a\u00fan alguna de esas delicias que saben m\u00e1s ricas ah\u00ed, en el campo. <\/p>\n\n\n\n<p>Hace sol y ese aire fresco da ganas de todo.<\/p>\n\n\n\n<p>Una cerveza artesana <strong><a href=\"https:\/\/www.texeda.family\/\" target=\"_blank\" rel=\"noreferrer noopener\" aria-label=\"Texeda (se abre en una nueva pesta\u00f1a)\">Texeda<\/a><\/strong>, que ha recibido un galard\u00f3n por su magn\u00edfico sabor y cuidada elaboraci\u00f3n, nos hace pensar que a\u00fan podemos esperar muchas sorpresas del grupo de emprendedores que aportan creatividad e innovaci\u00f3n a los sabores de la tierra.<\/p>\n\n\n\n<figure class=\"wp-block-gallery columns-2 is-cropped wp-block-gallery-1 is-layout-flex wp-block-gallery-is-layout-flex\"><ul class=\"blocks-gallery-grid\"><li class=\"blocks-gallery-item\"><figure><img loading=\"lazy\" decoding=\"async\" width=\"1024\" height=\"683\" src=\"http:\/\/www.canariasviaja.com\/viajaresvivir\/wp-content\/uploads\/2020\/01\/Regreso-a-la-cumbre-de-Gran-Canaria10-1.jpg\" alt=\"Cerveza Texeda\" data-id=\"2230\" data-full-url=\"http:\/\/www.canariasviaja.com\/viajaresvivir\/wp-content\/uploads\/2020\/01\/Regreso-a-la-cumbre-de-Gran-Canaria10-1.jpg\" data-link=\"http:\/\/www.canariasviaja.com\/viajaresvivir\/regreso-a-la-cumbre-de-gran-canaria10-2\/\" class=\"wp-image-2230\" srcset=\"https:\/\/www.canariasviaja.com\/viajaresvivir\/wp-content\/uploads\/2020\/01\/Regreso-a-la-cumbre-de-Gran-Canaria10-1.jpg 1024w, https:\/\/www.canariasviaja.com\/viajaresvivir\/wp-content\/uploads\/2020\/01\/Regreso-a-la-cumbre-de-Gran-Canaria10-1-300x200.jpg 300w, https:\/\/www.canariasviaja.com\/viajaresvivir\/wp-content\/uploads\/2020\/01\/Regreso-a-la-cumbre-de-Gran-Canaria10-1-768x512.jpg 768w\" sizes=\"(max-width: 1024px) 100vw, 1024px\" \/><\/figure><\/li><li class=\"blocks-gallery-item\"><figure><img loading=\"lazy\" decoding=\"async\" width=\"1024\" height=\"683\" src=\"http:\/\/www.canariasviaja.com\/viajaresvivir\/wp-content\/uploads\/2020\/01\/Regreso-a-la-cumbre-de-Gran-Canaria11-1.jpg\" alt=\"Cocinero en Restaurante Texeda\" data-id=\"2231\" data-full-url=\"http:\/\/www.canariasviaja.com\/viajaresvivir\/wp-content\/uploads\/2020\/01\/Regreso-a-la-cumbre-de-Gran-Canaria11-1.jpg\" data-link=\"http:\/\/www.canariasviaja.com\/viajaresvivir\/regreso-a-la-cumbre-de-gran-canaria11-2\/\" class=\"wp-image-2231\" srcset=\"https:\/\/www.canariasviaja.com\/viajaresvivir\/wp-content\/uploads\/2020\/01\/Regreso-a-la-cumbre-de-Gran-Canaria11-1.jpg 1024w, https:\/\/www.canariasviaja.com\/viajaresvivir\/wp-content\/uploads\/2020\/01\/Regreso-a-la-cumbre-de-Gran-Canaria11-1-300x200.jpg 300w, https:\/\/www.canariasviaja.com\/viajaresvivir\/wp-content\/uploads\/2020\/01\/Regreso-a-la-cumbre-de-Gran-Canaria11-1-768x512.jpg 768w\" sizes=\"(max-width: 1024px) 100vw, 1024px\" \/><\/figure><\/li><\/ul><\/figure>\n\n\n\n<p>Pero para aires modernos, <strong>Armando Gil, <\/strong>que desde su <strong><a href=\"https:\/\/www.tripadvisor.es\/Restaurant_Review-g1006045-d3635439-Reviews-Casa_del_Caminero-Tejeda_Gran_Canaria_Canary_Islands.html\">Casa del Caminero <\/a><\/strong>nos recibe rodeado de su pintura.<\/p>\n\n\n\n<figure class=\"wp-block-image size-large\"><img loading=\"lazy\" decoding=\"async\" width=\"1024\" height=\"683\" src=\"http:\/\/www.canariasviaja.com\/viajaresvivir\/wp-content\/uploads\/2020\/01\/Regreso-a-la-cumbre-de-Gran-Canaria20.jpg\" alt=\"Casa del Caminero Tejeda\" class=\"wp-image-2267\" srcset=\"https:\/\/www.canariasviaja.com\/viajaresvivir\/wp-content\/uploads\/2020\/01\/Regreso-a-la-cumbre-de-Gran-Canaria20.jpg 1024w, https:\/\/www.canariasviaja.com\/viajaresvivir\/wp-content\/uploads\/2020\/01\/Regreso-a-la-cumbre-de-Gran-Canaria20-300x200.jpg 300w, https:\/\/www.canariasviaja.com\/viajaresvivir\/wp-content\/uploads\/2020\/01\/Regreso-a-la-cumbre-de-Gran-Canaria20-768x512.jpg 768w\" sizes=\"(max-width: 1024px) 100vw, 1024px\" \/><\/figure>\n\n\n\n<p>Este artista canario, ha logrado recuperar la tradici\u00f3n de una cocina que no hab\u00eda vuelto a encontrar desde que era una ni\u00f1a, en los fogones de mis abuelos. Es el suyo un espacio art\u00edstico donde conviven naturalmente gastronomia y la sorpresa de su obra. <\/p>\n\n\n\n<p>All\u00ed todo est\u00e1 rico pero no es f\u00e1cil permanecer sentado si antes no has visitado la exposici\u00f3n que viste sus paredes. As\u00ed, con un trozo de queso en la mano y un vinito de la tierra en la otra, esperas la comida y tratas de averiguar si te podr\u00e1s llevar una de sus pinturas.<\/p>\n\n\n\n<figure class=\"wp-block-image size-large\"><img loading=\"lazy\" decoding=\"async\" width=\"2000\" height=\"1333\" src=\"http:\/\/www.canariasviaja.com\/viajaresvivir\/wp-content\/uploads\/2020\/01\/Regreso-a-la-cumbre-de-Gran-Canaria3-1.jpg\" alt=\"Vistas desde el restaurante Casa del Caminero en Tejeda\" class=\"wp-image-2223\" srcset=\"https:\/\/www.canariasviaja.com\/viajaresvivir\/wp-content\/uploads\/2020\/01\/Regreso-a-la-cumbre-de-Gran-Canaria3-1.jpg 2000w, https:\/\/www.canariasviaja.com\/viajaresvivir\/wp-content\/uploads\/2020\/01\/Regreso-a-la-cumbre-de-Gran-Canaria3-1-300x200.jpg 300w, https:\/\/www.canariasviaja.com\/viajaresvivir\/wp-content\/uploads\/2020\/01\/Regreso-a-la-cumbre-de-Gran-Canaria3-1-768x512.jpg 768w, https:\/\/www.canariasviaja.com\/viajaresvivir\/wp-content\/uploads\/2020\/01\/Regreso-a-la-cumbre-de-Gran-Canaria3-1-1536x1024.jpg 1536w, https:\/\/www.canariasviaja.com\/viajaresvivir\/wp-content\/uploads\/2020\/01\/Regreso-a-la-cumbre-de-Gran-Canaria3-1-1200x800.jpg 1200w, https:\/\/www.canariasviaja.com\/viajaresvivir\/wp-content\/uploads\/2020\/01\/Regreso-a-la-cumbre-de-Gran-Canaria3-1-1620x1080.jpg 1620w\" sizes=\"(max-width: 2000px) 100vw, 2000px\" \/><\/figure>\n\n\n\n<p>Ya camino de <strong>Artenara<\/strong>, con el lienzo firmado por el artista, parece que es tu cumplea\u00f1os, que est\u00e1 siendo un d\u00eda m\u00e1gico.<\/p>\n\n\n\n<p>Para cuando hemos llegado al <strong><a href=\"http:\/\/www.artenara.es\/turismo\/index.php\/es\/que-ver\/monumentos\/homenaje-a-miguel-de-unamuno\">mirador de Unamuno<\/a><\/strong>, obra del escultor <strong><a href=\"http:\/\/www.manologonzalezescultor.com\/\" target=\"_blank\" rel=\"noreferrer noopener\" aria-label=\"Manolo Gonz\u00e1lez (se abre en una nueva pesta\u00f1a)\">Manolo Gonz\u00e1lez<\/a><\/strong>, oriundo de Artenara, y fijas la mirada en la inmensidad de las monta\u00f1as ya no te cabe la menor duda.<\/p>\n\n\n\n<p>Manolo, amigo querido y a qui\u00e9n puedo llamar con esta confianza, est\u00e1 ahora ultimando la escultura homenaje al artista lanzarote\u00f1o <strong>C\u00e9sar Manrique<\/strong>.<\/p>\n\n\n\n<p>Entre artistas anda el asunto&#8230;<\/p>\n\n\n\n<p><\/p>\n\n\n\n<figure class=\"wp-block-image size-large\"><img loading=\"lazy\" decoding=\"async\" width=\"2000\" height=\"1333\" src=\"http:\/\/www.canariasviaja.com\/viajaresvivir\/wp-content\/uploads\/2020\/01\/Regreso-a-la-cumbre-de-Gran-Canaria8-1.jpg\" alt=\"Escultura de Unamuno mirando a la cumbre de Gran Canaria\" class=\"wp-image-2228\" srcset=\"https:\/\/www.canariasviaja.com\/viajaresvivir\/wp-content\/uploads\/2020\/01\/Regreso-a-la-cumbre-de-Gran-Canaria8-1.jpg 2000w, https:\/\/www.canariasviaja.com\/viajaresvivir\/wp-content\/uploads\/2020\/01\/Regreso-a-la-cumbre-de-Gran-Canaria8-1-300x200.jpg 300w, https:\/\/www.canariasviaja.com\/viajaresvivir\/wp-content\/uploads\/2020\/01\/Regreso-a-la-cumbre-de-Gran-Canaria8-1-768x512.jpg 768w, https:\/\/www.canariasviaja.com\/viajaresvivir\/wp-content\/uploads\/2020\/01\/Regreso-a-la-cumbre-de-Gran-Canaria8-1-1536x1024.jpg 1536w, https:\/\/www.canariasviaja.com\/viajaresvivir\/wp-content\/uploads\/2020\/01\/Regreso-a-la-cumbre-de-Gran-Canaria8-1-1200x800.jpg 1200w, https:\/\/www.canariasviaja.com\/viajaresvivir\/wp-content\/uploads\/2020\/01\/Regreso-a-la-cumbre-de-Gran-Canaria8-1-1620x1080.jpg 1620w\" sizes=\"(max-width: 2000px) 100vw, 2000px\" \/><\/figure>\n\n\n\n<p>Y todo esto es nuestra tierra.<\/p>\n\n\n\n<p>Nuestra gente.<\/p>\n\n\n\n<p>Le\u00ed un d\u00eda, en un vuelo de la compa\u00f1\u00eda Binter, una rese\u00f1a sobre <strong>Fagajesto<\/strong>.<\/p>\n\n\n\n<p>La titulaban la suiza canaria.<\/p>\n\n\n\n<p>De all\u00ed y de <strong>Gu\u00eda<\/strong> provengo y ver\u00e1n porqu\u00e9 me siento tan afortunada.<\/p>\n\n\n\n<p>Si algo caracteriza a este pueblito de <strong>G\u00e1ldar <\/strong>es que pareciera que se haya detenido ah\u00ed el tiempo.<\/p>\n\n\n\n<p>Es una mezcla de silencio y belleza sencilla.<\/p>\n\n\n\n<p>Ampulosa y exhuberante solo en el verde de sus prados.<\/p>\n\n\n\n<figure class=\"wp-block-image size-large\"><img loading=\"lazy\" decoding=\"async\" width=\"1024\" height=\"683\" src=\"http:\/\/www.canariasviaja.com\/viajaresvivir\/wp-content\/uploads\/2020\/01\/Regreso-a-la-cumbre-de-Gran-Canaria6-1.jpg\" alt=\"Ovejas pastando en la cumbre de Gran Canaria\" class=\"wp-image-2226\" srcset=\"https:\/\/www.canariasviaja.com\/viajaresvivir\/wp-content\/uploads\/2020\/01\/Regreso-a-la-cumbre-de-Gran-Canaria6-1.jpg 1024w, https:\/\/www.canariasviaja.com\/viajaresvivir\/wp-content\/uploads\/2020\/01\/Regreso-a-la-cumbre-de-Gran-Canaria6-1-300x200.jpg 300w, https:\/\/www.canariasviaja.com\/viajaresvivir\/wp-content\/uploads\/2020\/01\/Regreso-a-la-cumbre-de-Gran-Canaria6-1-768x512.jpg 768w\" sizes=\"(max-width: 1024px) 100vw, 1024px\" \/><\/figure>\n\n\n\n<p>No nos quer\u00edamos venir sin comprar un queso, est\u00e1bamos de suerte y casi nos sali\u00f3 al paso un joven pastor hijo y nieto de una familia que los elabora y que recibe cualquier d\u00eda del a\u00f1o a quien quiera comprar sus productos.<\/p>\n\n\n\n<figure class=\"wp-block-image size-large\"><img loading=\"lazy\" decoding=\"async\" width=\"1024\" height=\"683\" src=\"http:\/\/www.canariasviaja.com\/viajaresvivir\/wp-content\/uploads\/2020\/01\/Regreso-a-la-cumbre-de-Gran-Canaria16.jpg\" alt=\"Pastor en cumbre de Gran Canaria\" class=\"wp-image-2263\" srcset=\"https:\/\/www.canariasviaja.com\/viajaresvivir\/wp-content\/uploads\/2020\/01\/Regreso-a-la-cumbre-de-Gran-Canaria16.jpg 1024w, https:\/\/www.canariasviaja.com\/viajaresvivir\/wp-content\/uploads\/2020\/01\/Regreso-a-la-cumbre-de-Gran-Canaria16-300x200.jpg 300w, https:\/\/www.canariasviaja.com\/viajaresvivir\/wp-content\/uploads\/2020\/01\/Regreso-a-la-cumbre-de-Gran-Canaria16-768x512.jpg 768w\" sizes=\"(max-width: 1024px) 100vw, 1024px\" \/><\/figure>\n\n\n\n<p>Gente buena que a\u00fan en domingo nos atendi\u00f3 y comparti\u00f3, emocionados, los terribles recuerdos de tener el fuego en su puerta. <\/p>\n\n\n\n<figure class=\"wp-block-image size-large\"><img loading=\"lazy\" decoding=\"async\" width=\"1024\" height=\"683\" src=\"http:\/\/www.canariasviaja.com\/viajaresvivir\/wp-content\/uploads\/2020\/01\/Regreso-a-la-cumbre-de-Gran-Canaria17.jpg\" alt=\"Mujeres queseras cumbre Gran Canaria\" class=\"wp-image-2264\" srcset=\"https:\/\/www.canariasviaja.com\/viajaresvivir\/wp-content\/uploads\/2020\/01\/Regreso-a-la-cumbre-de-Gran-Canaria17.jpg 1024w, https:\/\/www.canariasviaja.com\/viajaresvivir\/wp-content\/uploads\/2020\/01\/Regreso-a-la-cumbre-de-Gran-Canaria17-300x200.jpg 300w, https:\/\/www.canariasviaja.com\/viajaresvivir\/wp-content\/uploads\/2020\/01\/Regreso-a-la-cumbre-de-Gran-Canaria17-768x512.jpg 768w\" sizes=\"(max-width: 1024px) 100vw, 1024px\" \/><\/figure>\n\n\n\n<p>Es en esos momentos en que uno siente que quiere y le importa la tierra.<\/p>\n\n\n\n<p>La naturaleza que, como una madre, nos recibe cuando sales huyendo y a\u00fan resuena en nuestros o\u00eddos el eco divertido pero rotundo del <em>\u00ab\u00a1Hasta luego Maricarmen!\u00bb<\/em>.<\/p>\n\n\n\n<figure class=\"wp-block-image size-large\"><img loading=\"lazy\" decoding=\"async\" width=\"1024\" height=\"683\" src=\"http:\/\/www.canariasviaja.com\/viajaresvivir\/wp-content\/uploads\/2020\/01\/Regreso-a-la-cumbre-de-Gran-Canaria19.jpg\" alt=\"Cumbre de Gran Canaria\" class=\"wp-image-2266\" srcset=\"https:\/\/www.canariasviaja.com\/viajaresvivir\/wp-content\/uploads\/2020\/01\/Regreso-a-la-cumbre-de-Gran-Canaria19.jpg 1024w, https:\/\/www.canariasviaja.com\/viajaresvivir\/wp-content\/uploads\/2020\/01\/Regreso-a-la-cumbre-de-Gran-Canaria19-300x200.jpg 300w, https:\/\/www.canariasviaja.com\/viajaresvivir\/wp-content\/uploads\/2020\/01\/Regreso-a-la-cumbre-de-Gran-Canaria19-768x512.jpg 768w\" sizes=\"(max-width: 1024px) 100vw, 1024px\" \/><\/figure>\n\n\n\n<figure class=\"wp-block-image size-large\"><img loading=\"lazy\" decoding=\"async\" width=\"1024\" height=\"683\" src=\"http:\/\/www.canariasviaja.com\/viajaresvivir\/wp-content\/uploads\/2020\/01\/Regreso-a-la-cumbre-de-Gran-Canaria9-1.jpg\" alt=\"Vista del Teide desde la cumbre\" class=\"wp-image-2229\" srcset=\"https:\/\/www.canariasviaja.com\/viajaresvivir\/wp-content\/uploads\/2020\/01\/Regreso-a-la-cumbre-de-Gran-Canaria9-1.jpg 1024w, https:\/\/www.canariasviaja.com\/viajaresvivir\/wp-content\/uploads\/2020\/01\/Regreso-a-la-cumbre-de-Gran-Canaria9-1-300x200.jpg 300w, https:\/\/www.canariasviaja.com\/viajaresvivir\/wp-content\/uploads\/2020\/01\/Regreso-a-la-cumbre-de-Gran-Canaria9-1-768x512.jpg 768w\" sizes=\"(max-width: 1024px) 100vw, 1024px\" \/><\/figure>\n\n\n\n<hr class=\"wp-block-separator\"\/>\n\n\n\n<p>Mar\u00eda Gonz\u00e1lez, autora del texto, es la dise\u00f1adora que firma la marca de moda grancanaria <strong><a rel=\"noreferrer noopener\" aria-label=\" (se abre en una nueva pesta\u00f1a)\" href=\"http:\/\/www.grancanariamodacalida.es\/Mar%C3%ADa-M%C3%AD\" target=\"_blank\">Mar\u00eda M\u00eda<\/a><\/strong>. Una mujer rebosante de sensibilidad y talento.<\/p>\n\n\n\n<p>Luc\u00eda Mart\u00ednez, que firma las fotos, es periodista y apasionada de la fotograf\u00eda, la decoraci\u00f3n y la gastronom\u00eda, pasiones que desarrolla a trav\u00e9s de su cuenta de instagram <strong><a rel=\"noreferrer noopener\" aria-label=\"Deandarporcasas (se abre en una nueva pesta\u00f1a)\" href=\"https:\/\/www.instagram.com\/deandarporcasas\/\" target=\"_blank\">De andar por casas<\/a>.<\/strong><\/p>\n\n\n\n<hr class=\"wp-block-separator\"\/>\n\n\n\n<p>Disfruta de una experiencia inolvidable en la Cumbre de Gran Canaria. Te hemos preparado una <strong><a href=\"https:\/\/bit.ly\/3dmlTnP\" target=\"_blank\" rel=\"noreferrer noopener\" aria-label=\"oferta irresistible (se abre en una nueva pesta\u00f1a)\">oferta irresistible<\/a><\/strong>.<\/p>\n","protected":false},"excerpt":{"rendered":"<p>La dise\u00f1adora Mar\u00eda Gonz\u00e1lez recorre la Cumbre de Gran Canaria, de donde proviene, descubriendo toda la belleza que nos ofrece.<\/p>\n","protected":false},"author":14,"featured_media":2228,"comment_status":"open","ping_status":"open","sticky":false,"template":"","format":"standard","meta":{"_acf_changed":false,"sfsi_plus_gutenberg_text_before_share":"","sfsi_plus_gutenberg_show_text_before_share":"","sfsi_plus_gutenberg_icon_type":"","sfsi_plus_gutenberg_icon_alignemt":"","sfsi_plus_gutenburg_max_per_row":"","footnotes":""},"categories":[9,124,8,123,10,126,1],"tags":[329,330,326,331,151,325,333,532,338,533,334,327,328],"class_list":["post-2188","post","type-post","status-publish","format-standard","has-post-thumbnail","hentry","category-canarias","category-descubre","category-diariodeviaje","category-explora","category-historias-viajeras","category-saborea","category-sin-categoria","tag-armando-gil","tag-artenara","tag-cumbre-de-gran-canaria","tag-fagajesto","tag-gastronomia","tag-gran-canaria","tag-guia","tag-kilometro-cero","tag-mirador-de-unamuno","tag-producto-local","tag-slow-travel","tag-tejeda","tag-texeda"],"acf":[],"yoast_head":"<!-- This site is optimized with the Yoast SEO plugin v24.1 - https:\/\/yoast.com\/wordpress\/plugins\/seo\/ -->\n<title>Del regreso a la cumbre de Gran Canaria o &quot;Hasta luego Maricarmen&quot; -<\/title>\n<meta name=\"description\" content=\"Mar\u00eda Gonz\u00e1lez comparte con nosotros un viaje lleno de emociones y sensaciones a la cumbre de Gran Canaria, de donde procede y a donde regresa a recargarse.\" \/>\n<meta name=\"robots\" content=\"index, follow, max-snippet:-1, max-image-preview:large, max-video-preview:-1\" \/>\n<link rel=\"canonical\" href=\"https:\/\/www.canariasviaja.com\/viajaresvivir\/regreso-a-la-cumbre-de-gran-canaria\/\" \/>\n<meta property=\"og:locale\" content=\"es_ES\" \/>\n<meta property=\"og:type\" content=\"article\" \/>\n<meta property=\"og:title\" content=\"Del regreso a la cumbre de Gran Canaria o &quot;Hasta luego Maricarmen&quot; -\" \/>\n<meta property=\"og:description\" content=\"Mar\u00eda Gonz\u00e1lez comparte con nosotros un viaje lleno de emociones y sensaciones a la cumbre de Gran Canaria, de donde procede y a donde regresa a recargarse.\" \/>\n<meta property=\"og:url\" content=\"https:\/\/www.canariasviaja.com\/viajaresvivir\/regreso-a-la-cumbre-de-gran-canaria\/\" \/>\n<meta property=\"og:site_name\" content=\"Viajar es vivir\" \/>\n<meta property=\"article:published_time\" content=\"2020-01-15T12:04:06+00:00\" \/>\n<meta property=\"article:modified_time\" content=\"2020-06-01T11:55:12+00:00\" \/>\n<meta property=\"og:image\" content=\"https:\/\/www.canariasviaja.com\/viajaresvivir\/wp-content\/uploads\/2020\/01\/Regreso-a-la-cumbre-de-Gran-Canaria8-1.jpg\" \/>\n\t<meta property=\"og:image:width\" content=\"2000\" \/>\n\t<meta property=\"og:image:height\" content=\"1333\" \/>\n\t<meta property=\"og:image:type\" content=\"image\/jpeg\" \/>\n<meta name=\"author\" content=\"Mar\u00eda Gonz\u00e1lez\" \/>\n<meta name=\"twitter:card\" content=\"summary_large_image\" \/>\n<meta name=\"twitter:label1\" content=\"Escrito por\" \/>\n\t<meta name=\"twitter:data1\" content=\"Mar\u00eda Gonz\u00e1lez\" \/>\n\t<meta name=\"twitter:label2\" content=\"Tiempo de lectura\" \/>\n\t<meta name=\"twitter:data2\" content=\"5 minutos\" \/>\n<script type=\"application\/ld+json\" class=\"yoast-schema-graph\">{\"@context\":\"https:\/\/schema.org\",\"@graph\":[{\"@type\":\"WebPage\",\"@id\":\"https:\/\/www.canariasviaja.com\/viajaresvivir\/regreso-a-la-cumbre-de-gran-canaria\/\",\"url\":\"https:\/\/www.canariasviaja.com\/viajaresvivir\/regreso-a-la-cumbre-de-gran-canaria\/\",\"name\":\"Del regreso a la cumbre de Gran Canaria o \\\"Hasta luego Maricarmen\\\" -\",\"isPartOf\":{\"@id\":\"https:\/\/www.canariasviaja.com\/viajaresvivir\/#website\"},\"primaryImageOfPage\":{\"@id\":\"https:\/\/www.canariasviaja.com\/viajaresvivir\/regreso-a-la-cumbre-de-gran-canaria\/#primaryimage\"},\"image\":{\"@id\":\"https:\/\/www.canariasviaja.com\/viajaresvivir\/regreso-a-la-cumbre-de-gran-canaria\/#primaryimage\"},\"thumbnailUrl\":\"https:\/\/www.canariasviaja.com\/viajaresvivir\/wp-content\/uploads\/2020\/01\/Regreso-a-la-cumbre-de-Gran-Canaria8-1.jpg\",\"datePublished\":\"2020-01-15T12:04:06+00:00\",\"dateModified\":\"2020-06-01T11:55:12+00:00\",\"author\":{\"@id\":\"https:\/\/www.canariasviaja.com\/viajaresvivir\/#\/schema\/person\/b1e119bfb6d450c87f185da2f0b6d72e\"},\"description\":\"Mar\u00eda Gonz\u00e1lez comparte con nosotros un viaje lleno de emociones y sensaciones a la cumbre de Gran Canaria, de donde procede y a donde regresa a recargarse.\",\"breadcrumb\":{\"@id\":\"https:\/\/www.canariasviaja.com\/viajaresvivir\/regreso-a-la-cumbre-de-gran-canaria\/#breadcrumb\"},\"inLanguage\":\"es\",\"potentialAction\":[{\"@type\":\"ReadAction\",\"target\":[\"https:\/\/www.canariasviaja.com\/viajaresvivir\/regreso-a-la-cumbre-de-gran-canaria\/\"]}]},{\"@type\":\"ImageObject\",\"inLanguage\":\"es\",\"@id\":\"https:\/\/www.canariasviaja.com\/viajaresvivir\/regreso-a-la-cumbre-de-gran-canaria\/#primaryimage\",\"url\":\"https:\/\/www.canariasviaja.com\/viajaresvivir\/wp-content\/uploads\/2020\/01\/Regreso-a-la-cumbre-de-Gran-Canaria8-1.jpg\",\"contentUrl\":\"https:\/\/www.canariasviaja.com\/viajaresvivir\/wp-content\/uploads\/2020\/01\/Regreso-a-la-cumbre-de-Gran-Canaria8-1.jpg\",\"width\":2000,\"height\":1333,\"caption\":\"Escultura de Unamuno mirando a la cumbre de Gran Canaria\"},{\"@type\":\"BreadcrumbList\",\"@id\":\"https:\/\/www.canariasviaja.com\/viajaresvivir\/regreso-a-la-cumbre-de-gran-canaria\/#breadcrumb\",\"itemListElement\":[{\"@type\":\"ListItem\",\"position\":1,\"name\":\"Portada\",\"item\":\"https:\/\/www.canariasviaja.com\/viajaresvivir\/\"},{\"@type\":\"ListItem\",\"position\":2,\"name\":\"Del regreso a la cumbre de Gran Canaria o \u00abHasta luego Maricarmen\u00bb\"}]},{\"@type\":\"WebSite\",\"@id\":\"https:\/\/www.canariasviaja.com\/viajaresvivir\/#website\",\"url\":\"https:\/\/www.canariasviaja.com\/viajaresvivir\/\",\"name\":\"Viajar es vivir\",\"description\":\"El blog de viajes y estilo de vida de CanariasViaja\",\"potentialAction\":[{\"@type\":\"SearchAction\",\"target\":{\"@type\":\"EntryPoint\",\"urlTemplate\":\"https:\/\/www.canariasviaja.com\/viajaresvivir\/?s={search_term_string}\"},\"query-input\":{\"@type\":\"PropertyValueSpecification\",\"valueRequired\":true,\"valueName\":\"search_term_string\"}}],\"inLanguage\":\"es\"},{\"@type\":\"Person\",\"@id\":\"https:\/\/www.canariasviaja.com\/viajaresvivir\/#\/schema\/person\/b1e119bfb6d450c87f185da2f0b6d72e\",\"name\":\"Mar\u00eda Gonz\u00e1lez\",\"image\":{\"@type\":\"ImageObject\",\"inLanguage\":\"es\",\"@id\":\"https:\/\/www.canariasviaja.com\/viajaresvivir\/#\/schema\/person\/image\/\",\"url\":\"https:\/\/secure.gravatar.com\/avatar\/844020d88e0bab119aac2e7542d5be85?s=96&d=mm&r=g\",\"contentUrl\":\"https:\/\/secure.gravatar.com\/avatar\/844020d88e0bab119aac2e7542d5be85?s=96&d=mm&r=g\",\"caption\":\"Mar\u00eda Gonz\u00e1lez\"},\"url\":\"https:\/\/www.canariasviaja.com\/viajaresvivir\/author\/maria-gonzalez\/\"}]}<\/script>\n<!-- \/ Yoast SEO plugin. -->","yoast_head_json":{"title":"Del regreso a la cumbre de Gran Canaria o \"Hasta luego Maricarmen\" -","description":"Mar\u00eda Gonz\u00e1lez comparte con nosotros un viaje lleno de emociones y sensaciones a la cumbre de Gran Canaria, de donde procede y a donde regresa a recargarse.","robots":{"index":"index","follow":"follow","max-snippet":"max-snippet:-1","max-image-preview":"max-image-preview:large","max-video-preview":"max-video-preview:-1"},"canonical":"https:\/\/www.canariasviaja.com\/viajaresvivir\/regreso-a-la-cumbre-de-gran-canaria\/","og_locale":"es_ES","og_type":"article","og_title":"Del regreso a la cumbre de Gran Canaria o \"Hasta luego Maricarmen\" -","og_description":"Mar\u00eda Gonz\u00e1lez comparte con nosotros un viaje lleno de emociones y sensaciones a la cumbre de Gran Canaria, de donde procede y a donde regresa a recargarse.","og_url":"https:\/\/www.canariasviaja.com\/viajaresvivir\/regreso-a-la-cumbre-de-gran-canaria\/","og_site_name":"Viajar es vivir","article_published_time":"2020-01-15T12:04:06+00:00","article_modified_time":"2020-06-01T11:55:12+00:00","og_image":[{"width":2000,"height":1333,"url":"https:\/\/www.canariasviaja.com\/viajaresvivir\/wp-content\/uploads\/2020\/01\/Regreso-a-la-cumbre-de-Gran-Canaria8-1.jpg","type":"image\/jpeg"}],"author":"Mar\u00eda Gonz\u00e1lez","twitter_card":"summary_large_image","twitter_misc":{"Escrito por":"Mar\u00eda Gonz\u00e1lez","Tiempo de lectura":"5 minutos"},"schema":{"@context":"https:\/\/schema.org","@graph":[{"@type":"WebPage","@id":"https:\/\/www.canariasviaja.com\/viajaresvivir\/regreso-a-la-cumbre-de-gran-canaria\/","url":"https:\/\/www.canariasviaja.com\/viajaresvivir\/regreso-a-la-cumbre-de-gran-canaria\/","name":"Del regreso a la cumbre de Gran Canaria o \"Hasta luego Maricarmen\" -","isPartOf":{"@id":"https:\/\/www.canariasviaja.com\/viajaresvivir\/#website"},"primaryImageOfPage":{"@id":"https:\/\/www.canariasviaja.com\/viajaresvivir\/regreso-a-la-cumbre-de-gran-canaria\/#primaryimage"},"image":{"@id":"https:\/\/www.canariasviaja.com\/viajaresvivir\/regreso-a-la-cumbre-de-gran-canaria\/#primaryimage"},"thumbnailUrl":"https:\/\/www.canariasviaja.com\/viajaresvivir\/wp-content\/uploads\/2020\/01\/Regreso-a-la-cumbre-de-Gran-Canaria8-1.jpg","datePublished":"2020-01-15T12:04:06+00:00","dateModified":"2020-06-01T11:55:12+00:00","author":{"@id":"https:\/\/www.canariasviaja.com\/viajaresvivir\/#\/schema\/person\/b1e119bfb6d450c87f185da2f0b6d72e"},"description":"Mar\u00eda Gonz\u00e1lez comparte con nosotros un viaje lleno de emociones y sensaciones a la cumbre de Gran Canaria, de donde procede y a donde regresa a recargarse.","breadcrumb":{"@id":"https:\/\/www.canariasviaja.com\/viajaresvivir\/regreso-a-la-cumbre-de-gran-canaria\/#breadcrumb"},"inLanguage":"es","potentialAction":[{"@type":"ReadAction","target":["https:\/\/www.canariasviaja.com\/viajaresvivir\/regreso-a-la-cumbre-de-gran-canaria\/"]}]},{"@type":"ImageObject","inLanguage":"es","@id":"https:\/\/www.canariasviaja.com\/viajaresvivir\/regreso-a-la-cumbre-de-gran-canaria\/#primaryimage","url":"https:\/\/www.canariasviaja.com\/viajaresvivir\/wp-content\/uploads\/2020\/01\/Regreso-a-la-cumbre-de-Gran-Canaria8-1.jpg","contentUrl":"https:\/\/www.canariasviaja.com\/viajaresvivir\/wp-content\/uploads\/2020\/01\/Regreso-a-la-cumbre-de-Gran-Canaria8-1.jpg","width":2000,"height":1333,"caption":"Escultura de Unamuno mirando a la cumbre de Gran Canaria"},{"@type":"BreadcrumbList","@id":"https:\/\/www.canariasviaja.com\/viajaresvivir\/regreso-a-la-cumbre-de-gran-canaria\/#breadcrumb","itemListElement":[{"@type":"ListItem","position":1,"name":"Portada","item":"https:\/\/www.canariasviaja.com\/viajaresvivir\/"},{"@type":"ListItem","position":2,"name":"Del regreso a la cumbre de Gran Canaria o \u00abHasta luego Maricarmen\u00bb"}]},{"@type":"WebSite","@id":"https:\/\/www.canariasviaja.com\/viajaresvivir\/#website","url":"https:\/\/www.canariasviaja.com\/viajaresvivir\/","name":"Viajar es vivir","description":"El blog de viajes y estilo de vida de CanariasViaja","potentialAction":[{"@type":"SearchAction","target":{"@type":"EntryPoint","urlTemplate":"https:\/\/www.canariasviaja.com\/viajaresvivir\/?s={search_term_string}"},"query-input":{"@type":"PropertyValueSpecification","valueRequired":true,"valueName":"search_term_string"}}],"inLanguage":"es"},{"@type":"Person","@id":"https:\/\/www.canariasviaja.com\/viajaresvivir\/#\/schema\/person\/b1e119bfb6d450c87f185da2f0b6d72e","name":"Mar\u00eda Gonz\u00e1lez","image":{"@type":"ImageObject","inLanguage":"es","@id":"https:\/\/www.canariasviaja.com\/viajaresvivir\/#\/schema\/person\/image\/","url":"https:\/\/secure.gravatar.com\/avatar\/844020d88e0bab119aac2e7542d5be85?s=96&d=mm&r=g","contentUrl":"https:\/\/secure.gravatar.com\/avatar\/844020d88e0bab119aac2e7542d5be85?s=96&d=mm&r=g","caption":"Mar\u00eda Gonz\u00e1lez"},"url":"https:\/\/www.canariasviaja.com\/viajaresvivir\/author\/maria-gonzalez\/"}]}},"_links":{"self":[{"href":"https:\/\/www.canariasviaja.com\/viajaresvivir\/wp-json\/wp\/v2\/posts\/2188"}],"collection":[{"href":"https:\/\/www.canariasviaja.com\/viajaresvivir\/wp-json\/wp\/v2\/posts"}],"about":[{"href":"https:\/\/www.canariasviaja.com\/viajaresvivir\/wp-json\/wp\/v2\/types\/post"}],"author":[{"embeddable":true,"href":"https:\/\/www.canariasviaja.com\/viajaresvivir\/wp-json\/wp\/v2\/users\/14"}],"replies":[{"embeddable":true,"href":"https:\/\/www.canariasviaja.com\/viajaresvivir\/wp-json\/wp\/v2\/comments?post=2188"}],"version-history":[{"count":10,"href":"https:\/\/www.canariasviaja.com\/viajaresvivir\/wp-json\/wp\/v2\/posts\/2188\/revisions"}],"predecessor-version":[{"id":4057,"href":"https:\/\/www.canariasviaja.com\/viajaresvivir\/wp-json\/wp\/v2\/posts\/2188\/revisions\/4057"}],"wp:featuredmedia":[{"embeddable":true,"href":"https:\/\/www.canariasviaja.com\/viajaresvivir\/wp-json\/wp\/v2\/media\/2228"}],"wp:attachment":[{"href":"https:\/\/www.canariasviaja.com\/viajaresvivir\/wp-json\/wp\/v2\/media?parent=2188"}],"wp:term":[{"taxonomy":"category","embeddable":true,"href":"https:\/\/www.canariasviaja.com\/viajaresvivir\/wp-json\/wp\/v2\/categories?post=2188"},{"taxonomy":"post_tag","embeddable":true,"href":"https:\/\/www.canariasviaja.com\/viajaresvivir\/wp-json\/wp\/v2\/tags?post=2188"}],"curies":[{"name":"wp","href":"https:\/\/api.w.org\/{rel}","templated":true}]}}