{"id":3105,"date":"2020-03-19T11:00:46","date_gmt":"2020-03-19T11:00:46","guid":{"rendered":"http:\/\/www.canariasviaja.com\/viajaresvivir\/?p=3105"},"modified":"2020-04-06T11:39:41","modified_gmt":"2020-04-06T11:39:41","slug":"recorriendo-en-valle-de-paul","status":"publish","type":"post","link":"https:\/\/www.canariasviaja.com\/viajaresvivir\/recorriendo-en-valle-de-paul\/","title":{"rendered":"Recorriendo el Valle de Paul"},"content":{"rendered":"\n<p>En este valle de la isla caboverdiana  de <strong><a rel=\"noreferrer noopener\" aria-label=\"Santo Antao (se abre en una nueva pesta\u00f1a)\" href=\"https:\/\/www.canariasviaja.com\/viajaresvivir\/viajar-a-cabo-verde\/\" target=\"_blank\">Santo Antao<\/a>, <\/strong>el tiempo se ha detenido. <\/p>\n\n\n\n<p>Ad\u00e9ntrate en un valle tropical en el que se vive al ritmo de las estaciones, en sinton\u00eda con la naturaleza. Baja el ritmo y descubre tierras f\u00e9rtiles en las que se cultiva, como anta\u00f1o, \u00f1ame, ca\u00f1a de az\u00facar, mangos, aguacates y pl\u00e1tanos.<\/p>\n\n\n\n<p>Detente en uno de los tradicionales trapiches y aprende c\u00f3mo se produce la bebida nacional, el <em>grogue<\/em> o aguardiente de ca\u00f1a.<\/p>\n\n\n\n<p>Aqu\u00ed no hay prisas, as\u00ed que baja el ritmo y disfruta del paseo. Est\u00e1s en el para\u00edso.<\/p>\n\n\n\n<figure class=\"wp-block-image size-large\"><img loading=\"lazy\" decoding=\"async\" width=\"2000\" height=\"1335\" src=\"http:\/\/www.canariasviaja.com\/viajaresvivir\/wp-content\/uploads\/2020\/03\/Valle-de-Paul5.jpg\" alt=\"Paul Santo Antao\" class=\"wp-image-3110\" srcset=\"https:\/\/www.canariasviaja.com\/viajaresvivir\/wp-content\/uploads\/2020\/03\/Valle-de-Paul5.jpg 2000w, https:\/\/www.canariasviaja.com\/viajaresvivir\/wp-content\/uploads\/2020\/03\/Valle-de-Paul5-300x200.jpg 300w, https:\/\/www.canariasviaja.com\/viajaresvivir\/wp-content\/uploads\/2020\/03\/Valle-de-Paul5-768x513.jpg 768w, https:\/\/www.canariasviaja.com\/viajaresvivir\/wp-content\/uploads\/2020\/03\/Valle-de-Paul5-1536x1025.jpg 1536w, https:\/\/www.canariasviaja.com\/viajaresvivir\/wp-content\/uploads\/2020\/03\/Valle-de-Paul5-1200x801.jpg 1200w, https:\/\/www.canariasviaja.com\/viajaresvivir\/wp-content\/uploads\/2020\/03\/Valle-de-Paul5-1618x1080.jpg 1618w\" sizes=\"(max-width: 2000px) 100vw, 2000px\" \/><\/figure>\n\n\n\n<figure class=\"wp-block-image size-large\"><img loading=\"lazy\" decoding=\"async\" width=\"2000\" height=\"1335\" src=\"http:\/\/www.canariasviaja.com\/viajaresvivir\/wp-content\/uploads\/2020\/03\/Valle-de-Paul4.jpg\" alt=\"Ventana en Valle de Paul\" class=\"wp-image-3109\" srcset=\"https:\/\/www.canariasviaja.com\/viajaresvivir\/wp-content\/uploads\/2020\/03\/Valle-de-Paul4.jpg 2000w, https:\/\/www.canariasviaja.com\/viajaresvivir\/wp-content\/uploads\/2020\/03\/Valle-de-Paul4-300x200.jpg 300w, https:\/\/www.canariasviaja.com\/viajaresvivir\/wp-content\/uploads\/2020\/03\/Valle-de-Paul4-768x513.jpg 768w, https:\/\/www.canariasviaja.com\/viajaresvivir\/wp-content\/uploads\/2020\/03\/Valle-de-Paul4-1536x1025.jpg 1536w, https:\/\/www.canariasviaja.com\/viajaresvivir\/wp-content\/uploads\/2020\/03\/Valle-de-Paul4-1200x801.jpg 1200w, https:\/\/www.canariasviaja.com\/viajaresvivir\/wp-content\/uploads\/2020\/03\/Valle-de-Paul4-1618x1080.jpg 1618w\" sizes=\"(max-width: 2000px) 100vw, 2000px\" \/><\/figure>\n\n\n\n<figure class=\"wp-block-image size-large\"><img loading=\"lazy\" decoding=\"async\" width=\"2000\" height=\"1335\" src=\"http:\/\/www.canariasviaja.com\/viajaresvivir\/wp-content\/uploads\/2020\/03\/Valle-de-Paul11.jpg\" alt=\"Valle de Paul\" class=\"wp-image-3116\" srcset=\"https:\/\/www.canariasviaja.com\/viajaresvivir\/wp-content\/uploads\/2020\/03\/Valle-de-Paul11.jpg 2000w, https:\/\/www.canariasviaja.com\/viajaresvivir\/wp-content\/uploads\/2020\/03\/Valle-de-Paul11-300x200.jpg 300w, https:\/\/www.canariasviaja.com\/viajaresvivir\/wp-content\/uploads\/2020\/03\/Valle-de-Paul11-768x513.jpg 768w, https:\/\/www.canariasviaja.com\/viajaresvivir\/wp-content\/uploads\/2020\/03\/Valle-de-Paul11-1536x1025.jpg 1536w, https:\/\/www.canariasviaja.com\/viajaresvivir\/wp-content\/uploads\/2020\/03\/Valle-de-Paul11-1200x801.jpg 1200w, https:\/\/www.canariasviaja.com\/viajaresvivir\/wp-content\/uploads\/2020\/03\/Valle-de-Paul11-1618x1080.jpg 1618w\" sizes=\"(max-width: 2000px) 100vw, 2000px\" \/><\/figure>\n\n\n\n<figure class=\"wp-block-image size-large\"><img loading=\"lazy\" decoding=\"async\" width=\"2000\" height=\"1335\" src=\"https:\/\/www.canariasviaja.com\/viajaresvivir\/wp-content\/uploads\/2020\/03\/Valle-de-Paul.jpg\" alt=\"\" class=\"wp-image-3106\" srcset=\"https:\/\/www.canariasviaja.com\/viajaresvivir\/wp-content\/uploads\/2020\/03\/Valle-de-Paul.jpg 2000w, https:\/\/www.canariasviaja.com\/viajaresvivir\/wp-content\/uploads\/2020\/03\/Valle-de-Paul-300x200.jpg 300w, https:\/\/www.canariasviaja.com\/viajaresvivir\/wp-content\/uploads\/2020\/03\/Valle-de-Paul-768x513.jpg 768w, https:\/\/www.canariasviaja.com\/viajaresvivir\/wp-content\/uploads\/2020\/03\/Valle-de-Paul-1536x1025.jpg 1536w, https:\/\/www.canariasviaja.com\/viajaresvivir\/wp-content\/uploads\/2020\/03\/Valle-de-Paul-1200x801.jpg 1200w, https:\/\/www.canariasviaja.com\/viajaresvivir\/wp-content\/uploads\/2020\/03\/Valle-de-Paul-1618x1080.jpg 1618w\" sizes=\"(max-width: 2000px) 100vw, 2000px\" \/><\/figure>\n\n\n\n<figure class=\"wp-block-gallery columns-2 is-cropped wp-block-gallery-1 is-layout-flex wp-block-gallery-is-layout-flex\"><ul class=\"blocks-gallery-grid\"><li class=\"blocks-gallery-item\"><figure><img loading=\"lazy\" decoding=\"async\" width=\"1335\" height=\"2000\" src=\"http:\/\/www.canariasviaja.com\/viajaresvivir\/wp-content\/uploads\/2020\/03\/Valle-de-Paul3.jpg\" alt=\"Casas de Paul\" data-id=\"3108\" class=\"wp-image-3108\" srcset=\"https:\/\/www.canariasviaja.com\/viajaresvivir\/wp-content\/uploads\/2020\/03\/Valle-de-Paul3.jpg 1335w, https:\/\/www.canariasviaja.com\/viajaresvivir\/wp-content\/uploads\/2020\/03\/Valle-de-Paul3-200x300.jpg 200w, https:\/\/www.canariasviaja.com\/viajaresvivir\/wp-content\/uploads\/2020\/03\/Valle-de-Paul3-768x1151.jpg 768w, https:\/\/www.canariasviaja.com\/viajaresvivir\/wp-content\/uploads\/2020\/03\/Valle-de-Paul3-1025x1536.jpg 1025w, https:\/\/www.canariasviaja.com\/viajaresvivir\/wp-content\/uploads\/2020\/03\/Valle-de-Paul3-1200x1798.jpg 1200w, https:\/\/www.canariasviaja.com\/viajaresvivir\/wp-content\/uploads\/2020\/03\/Valle-de-Paul3-721x1080.jpg 721w\" sizes=\"(max-width: 1335px) 100vw, 1335px\" \/><\/figure><\/li><li class=\"blocks-gallery-item\"><figure><img loading=\"lazy\" decoding=\"async\" width=\"1335\" height=\"2000\" src=\"http:\/\/www.canariasviaja.com\/viajaresvivir\/wp-content\/uploads\/2020\/03\/Valle-de-Paul6.jpg\" alt=\"Detalle de agua Paul\" data-id=\"3111\" class=\"wp-image-3111\" srcset=\"https:\/\/www.canariasviaja.com\/viajaresvivir\/wp-content\/uploads\/2020\/03\/Valle-de-Paul6.jpg 1335w, https:\/\/www.canariasviaja.com\/viajaresvivir\/wp-content\/uploads\/2020\/03\/Valle-de-Paul6-200x300.jpg 200w, https:\/\/www.canariasviaja.com\/viajaresvivir\/wp-content\/uploads\/2020\/03\/Valle-de-Paul6-768x1151.jpg 768w, https:\/\/www.canariasviaja.com\/viajaresvivir\/wp-content\/uploads\/2020\/03\/Valle-de-Paul6-1025x1536.jpg 1025w, https:\/\/www.canariasviaja.com\/viajaresvivir\/wp-content\/uploads\/2020\/03\/Valle-de-Paul6-1200x1798.jpg 1200w, https:\/\/www.canariasviaja.com\/viajaresvivir\/wp-content\/uploads\/2020\/03\/Valle-de-Paul6-721x1080.jpg 721w\" sizes=\"(max-width: 1335px) 100vw, 1335px\" \/><\/figure><\/li><\/ul><\/figure>\n\n\n\n<figure class=\"wp-block-image size-large\"><img loading=\"lazy\" decoding=\"async\" width=\"2000\" height=\"1335\" src=\"http:\/\/www.canariasviaja.com\/viajaresvivir\/wp-content\/uploads\/2020\/03\/Valle-de-Paul10.jpg\" alt=\"Detalle fruto\" class=\"wp-image-3115\" srcset=\"https:\/\/www.canariasviaja.com\/viajaresvivir\/wp-content\/uploads\/2020\/03\/Valle-de-Paul10.jpg 2000w, https:\/\/www.canariasviaja.com\/viajaresvivir\/wp-content\/uploads\/2020\/03\/Valle-de-Paul10-300x200.jpg 300w, https:\/\/www.canariasviaja.com\/viajaresvivir\/wp-content\/uploads\/2020\/03\/Valle-de-Paul10-768x513.jpg 768w, https:\/\/www.canariasviaja.com\/viajaresvivir\/wp-content\/uploads\/2020\/03\/Valle-de-Paul10-1536x1025.jpg 1536w, https:\/\/www.canariasviaja.com\/viajaresvivir\/wp-content\/uploads\/2020\/03\/Valle-de-Paul10-1200x801.jpg 1200w, https:\/\/www.canariasviaja.com\/viajaresvivir\/wp-content\/uploads\/2020\/03\/Valle-de-Paul10-1618x1080.jpg 1618w\" sizes=\"(max-width: 2000px) 100vw, 2000px\" \/><\/figure>\n\n\n\n<figure class=\"wp-block-image size-large\"><img loading=\"lazy\" decoding=\"async\" width=\"1024\" height=\"684\" src=\"http:\/\/www.canariasviaja.com\/viajaresvivir\/wp-content\/uploads\/2020\/03\/Valle-de-Paul12.jpg\" alt=\"Ca\u00f1a de az\u00facar Valle de Paul\" class=\"wp-image-3117\" srcset=\"https:\/\/www.canariasviaja.com\/viajaresvivir\/wp-content\/uploads\/2020\/03\/Valle-de-Paul12.jpg 1024w, https:\/\/www.canariasviaja.com\/viajaresvivir\/wp-content\/uploads\/2020\/03\/Valle-de-Paul12-300x200.jpg 300w, https:\/\/www.canariasviaja.com\/viajaresvivir\/wp-content\/uploads\/2020\/03\/Valle-de-Paul12-768x513.jpg 768w\" sizes=\"(max-width: 1024px) 100vw, 1024px\" \/><\/figure>\n\n\n\n<figure class=\"wp-block-image size-large\"><img loading=\"lazy\" decoding=\"async\" width=\"1024\" height=\"684\" src=\"https:\/\/www.canariasviaja.com\/viajaresvivir\/wp-content\/uploads\/2020\/03\/Valle-de-Paul15.jpg\" alt=\"\" class=\"wp-image-3129\" srcset=\"https:\/\/www.canariasviaja.com\/viajaresvivir\/wp-content\/uploads\/2020\/03\/Valle-de-Paul15.jpg 1024w, https:\/\/www.canariasviaja.com\/viajaresvivir\/wp-content\/uploads\/2020\/03\/Valle-de-Paul15-300x200.jpg 300w, https:\/\/www.canariasviaja.com\/viajaresvivir\/wp-content\/uploads\/2020\/03\/Valle-de-Paul15-768x513.jpg 768w\" sizes=\"(max-width: 1024px) 100vw, 1024px\" \/><\/figure>\n\n\n\n<figure class=\"wp-block-image size-large\"><img loading=\"lazy\" decoding=\"async\" width=\"2000\" height=\"1335\" src=\"http:\/\/www.canariasviaja.com\/viajaresvivir\/wp-content\/uploads\/2020\/03\/Valle-de-Paul8.jpg\" alt=\"Carretera Valle de Paul\" class=\"wp-image-3113\" srcset=\"https:\/\/www.canariasviaja.com\/viajaresvivir\/wp-content\/uploads\/2020\/03\/Valle-de-Paul8.jpg 2000w, https:\/\/www.canariasviaja.com\/viajaresvivir\/wp-content\/uploads\/2020\/03\/Valle-de-Paul8-300x200.jpg 300w, https:\/\/www.canariasviaja.com\/viajaresvivir\/wp-content\/uploads\/2020\/03\/Valle-de-Paul8-768x513.jpg 768w, https:\/\/www.canariasviaja.com\/viajaresvivir\/wp-content\/uploads\/2020\/03\/Valle-de-Paul8-1536x1025.jpg 1536w, https:\/\/www.canariasviaja.com\/viajaresvivir\/wp-content\/uploads\/2020\/03\/Valle-de-Paul8-1200x801.jpg 1200w, https:\/\/www.canariasviaja.com\/viajaresvivir\/wp-content\/uploads\/2020\/03\/Valle-de-Paul8-1618x1080.jpg 1618w\" sizes=\"(max-width: 2000px) 100vw, 2000px\" \/><\/figure>\n\n\n\n<figure class=\"wp-block-image size-large\"><img loading=\"lazy\" decoding=\"async\" width=\"2000\" height=\"1335\" src=\"http:\/\/www.canariasviaja.com\/viajaresvivir\/wp-content\/uploads\/2020\/03\/Valle-de-Paul7.jpg\" alt=\"Mujer caminando con valle de Paul\" class=\"wp-image-3112\" srcset=\"https:\/\/www.canariasviaja.com\/viajaresvivir\/wp-content\/uploads\/2020\/03\/Valle-de-Paul7.jpg 2000w, https:\/\/www.canariasviaja.com\/viajaresvivir\/wp-content\/uploads\/2020\/03\/Valle-de-Paul7-300x200.jpg 300w, https:\/\/www.canariasviaja.com\/viajaresvivir\/wp-content\/uploads\/2020\/03\/Valle-de-Paul7-768x513.jpg 768w, https:\/\/www.canariasviaja.com\/viajaresvivir\/wp-content\/uploads\/2020\/03\/Valle-de-Paul7-1536x1025.jpg 1536w, https:\/\/www.canariasviaja.com\/viajaresvivir\/wp-content\/uploads\/2020\/03\/Valle-de-Paul7-1200x801.jpg 1200w, https:\/\/www.canariasviaja.com\/viajaresvivir\/wp-content\/uploads\/2020\/03\/Valle-de-Paul7-1618x1080.jpg 1618w\" sizes=\"(max-width: 2000px) 100vw, 2000px\" \/><\/figure>\n\n\n\n<figure class=\"wp-block-image size-large\"><img loading=\"lazy\" decoding=\"async\" width=\"1024\" height=\"684\" src=\"http:\/\/www.canariasviaja.com\/viajaresvivir\/wp-content\/uploads\/2020\/03\/Valle-de-Paul14.jpg\" alt=\"Casa de Valle de Paul\" class=\"wp-image-3119\" srcset=\"https:\/\/www.canariasviaja.com\/viajaresvivir\/wp-content\/uploads\/2020\/03\/Valle-de-Paul14.jpg 1024w, https:\/\/www.canariasviaja.com\/viajaresvivir\/wp-content\/uploads\/2020\/03\/Valle-de-Paul14-300x200.jpg 300w, https:\/\/www.canariasviaja.com\/viajaresvivir\/wp-content\/uploads\/2020\/03\/Valle-de-Paul14-768x513.jpg 768w\" sizes=\"(max-width: 1024px) 100vw, 1024px\" \/><\/figure>\n\n\n\n<figure class=\"wp-block-image size-large\"><img loading=\"lazy\" decoding=\"async\" width=\"1024\" height=\"683\" src=\"http:\/\/www.canariasviaja.com\/viajaresvivir\/wp-content\/uploads\/2020\/03\/Valle-de-Paul9.jpg\" alt=\"Casacavoquinho en Valle de Paul\" class=\"wp-image-3114\" srcset=\"https:\/\/www.canariasviaja.com\/viajaresvivir\/wp-content\/uploads\/2020\/03\/Valle-de-Paul9.jpg 1024w, https:\/\/www.canariasviaja.com\/viajaresvivir\/wp-content\/uploads\/2020\/03\/Valle-de-Paul9-300x200.jpg 300w, https:\/\/www.canariasviaja.com\/viajaresvivir\/wp-content\/uploads\/2020\/03\/Valle-de-Paul9-768x512.jpg 768w\" sizes=\"(max-width: 1024px) 100vw, 1024px\" \/><\/figure>\n\n\n\n<div class=\"wp-block-button aligncenter\"><a class=\"wp-block-button__link\" href=\"https:\/\/open.spotify.com\/track\/2okZA0SXdXXB4WYfx07Hoh\">Sigue viajando con esta m\u00fasica<\/a><\/div>\n","protected":false},"excerpt":{"rendered":"<p>El Valle de Paul, en la isla de Santo Antao, es un valle tropical de exhuberante belleza, donde la vida va lenta, al ritmo de las estaciones. Ven a descubrirlo.<\/p>\n","protected":false},"author":2,"featured_media":3116,"comment_status":"open","ping_status":"open","sticky":false,"template":"","format":"standard","meta":{"_acf_changed":false,"sfsi_plus_gutenberg_text_before_share":"","sfsi_plus_gutenberg_show_text_before_share":"","sfsi_plus_gutenberg_icon_type":"","sfsi_plus_gutenberg_icon_alignemt":"","sfsi_plus_gutenburg_max_per_row":"","footnotes":""},"categories":[7,12,95,124,123,10,127],"tags":[481,260,116,483,482],"class_list":["post-3105","post","type-post","status-publish","format-standard","has-post-thumbnail","hentry","category-africa","category-aqui-ahora","category-cabo-verde","category-descubre","category-explora","category-historias-viajeras","category-relajate","tag-agricultura","tag-relax","tag-senderismo","tag-valle-de-paul","tag-vida-tradicional"],"acf":[],"yoast_head":"<!-- This site is optimized with the Yoast SEO plugin v24.1 - https:\/\/yoast.com\/wordpress\/plugins\/seo\/ -->\n<title>Recorriendo el Valle de Paul - Viajar es vivir<\/title>\n<meta name=\"description\" content=\"El Valle de Paul, en la isla caboverdiana de Santo Antao, es un exhuberante valle tropical en el que la vida transcurre lenta y tranquila. Desc\u00fabrelo.\" \/>\n<meta name=\"robots\" content=\"index, follow, max-snippet:-1, max-image-preview:large, max-video-preview:-1\" \/>\n<link rel=\"canonical\" href=\"https:\/\/www.canariasviaja.com\/viajaresvivir\/recorriendo-en-valle-de-paul\/\" \/>\n<meta property=\"og:locale\" content=\"es_ES\" \/>\n<meta property=\"og:type\" content=\"article\" \/>\n<meta property=\"og:title\" content=\"Recorriendo el Valle de Paul - Viajar es vivir\" \/>\n<meta property=\"og:description\" content=\"El Valle de Paul, en la isla caboverdiana de Santo Antao, es un exhuberante valle tropical en el que la vida transcurre lenta y tranquila. Desc\u00fabrelo.\" \/>\n<meta property=\"og:url\" content=\"https:\/\/www.canariasviaja.com\/viajaresvivir\/recorriendo-en-valle-de-paul\/\" \/>\n<meta property=\"og:site_name\" content=\"Viajar es vivir\" \/>\n<meta property=\"article:published_time\" content=\"2020-03-19T11:00:46+00:00\" \/>\n<meta property=\"article:modified_time\" content=\"2020-04-06T11:39:41+00:00\" \/>\n<meta property=\"og:image\" content=\"https:\/\/www.canariasviaja.com\/viajaresvivir\/wp-content\/uploads\/2020\/03\/Valle-de-Paul11.jpg\" \/>\n\t<meta property=\"og:image:width\" content=\"2000\" \/>\n\t<meta property=\"og:image:height\" content=\"1335\" \/>\n\t<meta property=\"og:image:type\" content=\"image\/jpeg\" \/>\n<meta name=\"author\" content=\"Patri C\u00e1mpora\" \/>\n<meta name=\"twitter:card\" content=\"summary_large_image\" \/>\n<meta name=\"twitter:label1\" content=\"Escrito por\" \/>\n\t<meta name=\"twitter:data1\" content=\"Patri C\u00e1mpora\" \/>\n\t<meta name=\"twitter:label2\" content=\"Tiempo de lectura\" \/>\n\t<meta name=\"twitter:data2\" content=\"1 minuto\" \/>\n<script type=\"application\/ld+json\" class=\"yoast-schema-graph\">{\"@context\":\"https:\/\/schema.org\",\"@graph\":[{\"@type\":\"WebPage\",\"@id\":\"https:\/\/www.canariasviaja.com\/viajaresvivir\/recorriendo-en-valle-de-paul\/\",\"url\":\"https:\/\/www.canariasviaja.com\/viajaresvivir\/recorriendo-en-valle-de-paul\/\",\"name\":\"Recorriendo el Valle de Paul - Viajar es vivir\",\"isPartOf\":{\"@id\":\"https:\/\/www.canariasviaja.com\/viajaresvivir\/#website\"},\"primaryImageOfPage\":{\"@id\":\"https:\/\/www.canariasviaja.com\/viajaresvivir\/recorriendo-en-valle-de-paul\/#primaryimage\"},\"image\":{\"@id\":\"https:\/\/www.canariasviaja.com\/viajaresvivir\/recorriendo-en-valle-de-paul\/#primaryimage\"},\"thumbnailUrl\":\"https:\/\/www.canariasviaja.com\/viajaresvivir\/wp-content\/uploads\/2020\/03\/Valle-de-Paul11.jpg\",\"datePublished\":\"2020-03-19T11:00:46+00:00\",\"dateModified\":\"2020-04-06T11:39:41+00:00\",\"author\":{\"@id\":\"https:\/\/www.canariasviaja.com\/viajaresvivir\/#\/schema\/person\/085949651001325f1244a8bc1b34709c\"},\"description\":\"El Valle de Paul, en la isla caboverdiana de Santo Antao, es un exhuberante valle tropical en el que la vida transcurre lenta y tranquila. Desc\u00fabrelo.\",\"breadcrumb\":{\"@id\":\"https:\/\/www.canariasviaja.com\/viajaresvivir\/recorriendo-en-valle-de-paul\/#breadcrumb\"},\"inLanguage\":\"es\",\"potentialAction\":[{\"@type\":\"ReadAction\",\"target\":[\"https:\/\/www.canariasviaja.com\/viajaresvivir\/recorriendo-en-valle-de-paul\/\"]}]},{\"@type\":\"ImageObject\",\"inLanguage\":\"es\",\"@id\":\"https:\/\/www.canariasviaja.com\/viajaresvivir\/recorriendo-en-valle-de-paul\/#primaryimage\",\"url\":\"https:\/\/www.canariasviaja.com\/viajaresvivir\/wp-content\/uploads\/2020\/03\/Valle-de-Paul11.jpg\",\"contentUrl\":\"https:\/\/www.canariasviaja.com\/viajaresvivir\/wp-content\/uploads\/2020\/03\/Valle-de-Paul11.jpg\",\"width\":2000,\"height\":1335,\"caption\":\"Valle de Paul\"},{\"@type\":\"BreadcrumbList\",\"@id\":\"https:\/\/www.canariasviaja.com\/viajaresvivir\/recorriendo-en-valle-de-paul\/#breadcrumb\",\"itemListElement\":[{\"@type\":\"ListItem\",\"position\":1,\"name\":\"Portada\",\"item\":\"https:\/\/www.canariasviaja.com\/viajaresvivir\/\"},{\"@type\":\"ListItem\",\"position\":2,\"name\":\"Recorriendo el Valle de Paul\"}]},{\"@type\":\"WebSite\",\"@id\":\"https:\/\/www.canariasviaja.com\/viajaresvivir\/#website\",\"url\":\"https:\/\/www.canariasviaja.com\/viajaresvivir\/\",\"name\":\"Viajar es vivir\",\"description\":\"El blog de viajes y estilo de vida de CanariasViaja\",\"potentialAction\":[{\"@type\":\"SearchAction\",\"target\":{\"@type\":\"EntryPoint\",\"urlTemplate\":\"https:\/\/www.canariasviaja.com\/viajaresvivir\/?s={search_term_string}\"},\"query-input\":{\"@type\":\"PropertyValueSpecification\",\"valueRequired\":true,\"valueName\":\"search_term_string\"}}],\"inLanguage\":\"es\"},{\"@type\":\"Person\",\"@id\":\"https:\/\/www.canariasviaja.com\/viajaresvivir\/#\/schema\/person\/085949651001325f1244a8bc1b34709c\",\"name\":\"Patri C\u00e1mpora\",\"image\":{\"@type\":\"ImageObject\",\"inLanguage\":\"es\",\"@id\":\"https:\/\/www.canariasviaja.com\/viajaresvivir\/#\/schema\/person\/image\/\",\"url\":\"https:\/\/secure.gravatar.com\/avatar\/b2ce2c4086a5776e5310f57c1a2e5b4e?s=96&d=mm&r=g\",\"contentUrl\":\"https:\/\/secure.gravatar.com\/avatar\/b2ce2c4086a5776e5310f57c1a2e5b4e?s=96&d=mm&r=g\",\"caption\":\"Patri C\u00e1mpora\"},\"url\":\"https:\/\/www.canariasviaja.com\/viajaresvivir\/author\/patri\/\"}]}<\/script>\n<!-- \/ Yoast SEO plugin. -->","yoast_head_json":{"title":"Recorriendo el Valle de Paul - Viajar es vivir","description":"El Valle de Paul, en la isla caboverdiana de Santo Antao, es un exhuberante valle tropical en el que la vida transcurre lenta y tranquila. Desc\u00fabrelo.","robots":{"index":"index","follow":"follow","max-snippet":"max-snippet:-1","max-image-preview":"max-image-preview:large","max-video-preview":"max-video-preview:-1"},"canonical":"https:\/\/www.canariasviaja.com\/viajaresvivir\/recorriendo-en-valle-de-paul\/","og_locale":"es_ES","og_type":"article","og_title":"Recorriendo el Valle de Paul - Viajar es vivir","og_description":"El Valle de Paul, en la isla caboverdiana de Santo Antao, es un exhuberante valle tropical en el que la vida transcurre lenta y tranquila. Desc\u00fabrelo.","og_url":"https:\/\/www.canariasviaja.com\/viajaresvivir\/recorriendo-en-valle-de-paul\/","og_site_name":"Viajar es vivir","article_published_time":"2020-03-19T11:00:46+00:00","article_modified_time":"2020-04-06T11:39:41+00:00","og_image":[{"width":2000,"height":1335,"url":"https:\/\/www.canariasviaja.com\/viajaresvivir\/wp-content\/uploads\/2020\/03\/Valle-de-Paul11.jpg","type":"image\/jpeg"}],"author":"Patri C\u00e1mpora","twitter_card":"summary_large_image","twitter_misc":{"Escrito por":"Patri C\u00e1mpora","Tiempo de lectura":"1 minuto"},"schema":{"@context":"https:\/\/schema.org","@graph":[{"@type":"WebPage","@id":"https:\/\/www.canariasviaja.com\/viajaresvivir\/recorriendo-en-valle-de-paul\/","url":"https:\/\/www.canariasviaja.com\/viajaresvivir\/recorriendo-en-valle-de-paul\/","name":"Recorriendo el Valle de Paul - Viajar es vivir","isPartOf":{"@id":"https:\/\/www.canariasviaja.com\/viajaresvivir\/#website"},"primaryImageOfPage":{"@id":"https:\/\/www.canariasviaja.com\/viajaresvivir\/recorriendo-en-valle-de-paul\/#primaryimage"},"image":{"@id":"https:\/\/www.canariasviaja.com\/viajaresvivir\/recorriendo-en-valle-de-paul\/#primaryimage"},"thumbnailUrl":"https:\/\/www.canariasviaja.com\/viajaresvivir\/wp-content\/uploads\/2020\/03\/Valle-de-Paul11.jpg","datePublished":"2020-03-19T11:00:46+00:00","dateModified":"2020-04-06T11:39:41+00:00","author":{"@id":"https:\/\/www.canariasviaja.com\/viajaresvivir\/#\/schema\/person\/085949651001325f1244a8bc1b34709c"},"description":"El Valle de Paul, en la isla caboverdiana de Santo Antao, es un exhuberante valle tropical en el que la vida transcurre lenta y tranquila. Desc\u00fabrelo.","breadcrumb":{"@id":"https:\/\/www.canariasviaja.com\/viajaresvivir\/recorriendo-en-valle-de-paul\/#breadcrumb"},"inLanguage":"es","potentialAction":[{"@type":"ReadAction","target":["https:\/\/www.canariasviaja.com\/viajaresvivir\/recorriendo-en-valle-de-paul\/"]}]},{"@type":"ImageObject","inLanguage":"es","@id":"https:\/\/www.canariasviaja.com\/viajaresvivir\/recorriendo-en-valle-de-paul\/#primaryimage","url":"https:\/\/www.canariasviaja.com\/viajaresvivir\/wp-content\/uploads\/2020\/03\/Valle-de-Paul11.jpg","contentUrl":"https:\/\/www.canariasviaja.com\/viajaresvivir\/wp-content\/uploads\/2020\/03\/Valle-de-Paul11.jpg","width":2000,"height":1335,"caption":"Valle de Paul"},{"@type":"BreadcrumbList","@id":"https:\/\/www.canariasviaja.com\/viajaresvivir\/recorriendo-en-valle-de-paul\/#breadcrumb","itemListElement":[{"@type":"ListItem","position":1,"name":"Portada","item":"https:\/\/www.canariasviaja.com\/viajaresvivir\/"},{"@type":"ListItem","position":2,"name":"Recorriendo el Valle de Paul"}]},{"@type":"WebSite","@id":"https:\/\/www.canariasviaja.com\/viajaresvivir\/#website","url":"https:\/\/www.canariasviaja.com\/viajaresvivir\/","name":"Viajar es vivir","description":"El blog de viajes y estilo de vida de CanariasViaja","potentialAction":[{"@type":"SearchAction","target":{"@type":"EntryPoint","urlTemplate":"https:\/\/www.canariasviaja.com\/viajaresvivir\/?s={search_term_string}"},"query-input":{"@type":"PropertyValueSpecification","valueRequired":true,"valueName":"search_term_string"}}],"inLanguage":"es"},{"@type":"Person","@id":"https:\/\/www.canariasviaja.com\/viajaresvivir\/#\/schema\/person\/085949651001325f1244a8bc1b34709c","name":"Patri C\u00e1mpora","image":{"@type":"ImageObject","inLanguage":"es","@id":"https:\/\/www.canariasviaja.com\/viajaresvivir\/#\/schema\/person\/image\/","url":"https:\/\/secure.gravatar.com\/avatar\/b2ce2c4086a5776e5310f57c1a2e5b4e?s=96&d=mm&r=g","contentUrl":"https:\/\/secure.gravatar.com\/avatar\/b2ce2c4086a5776e5310f57c1a2e5b4e?s=96&d=mm&r=g","caption":"Patri C\u00e1mpora"},"url":"https:\/\/www.canariasviaja.com\/viajaresvivir\/author\/patri\/"}]}},"_links":{"self":[{"href":"https:\/\/www.canariasviaja.com\/viajaresvivir\/wp-json\/wp\/v2\/posts\/3105"}],"collection":[{"href":"https:\/\/www.canariasviaja.com\/viajaresvivir\/wp-json\/wp\/v2\/posts"}],"about":[{"href":"https:\/\/www.canariasviaja.com\/viajaresvivir\/wp-json\/wp\/v2\/types\/post"}],"author":[{"embeddable":true,"href":"https:\/\/www.canariasviaja.com\/viajaresvivir\/wp-json\/wp\/v2\/users\/2"}],"replies":[{"embeddable":true,"href":"https:\/\/www.canariasviaja.com\/viajaresvivir\/wp-json\/wp\/v2\/comments?post=3105"}],"version-history":[{"count":9,"href":"https:\/\/www.canariasviaja.com\/viajaresvivir\/wp-json\/wp\/v2\/posts\/3105\/revisions"}],"predecessor-version":[{"id":3438,"href":"https:\/\/www.canariasviaja.com\/viajaresvivir\/wp-json\/wp\/v2\/posts\/3105\/revisions\/3438"}],"wp:featuredmedia":[{"embeddable":true,"href":"https:\/\/www.canariasviaja.com\/viajaresvivir\/wp-json\/wp\/v2\/media\/3116"}],"wp:attachment":[{"href":"https:\/\/www.canariasviaja.com\/viajaresvivir\/wp-json\/wp\/v2\/media?parent=3105"}],"wp:term":[{"taxonomy":"category","embeddable":true,"href":"https:\/\/www.canariasviaja.com\/viajaresvivir\/wp-json\/wp\/v2\/categories?post=3105"},{"taxonomy":"post_tag","embeddable":true,"href":"https:\/\/www.canariasviaja.com\/viajaresvivir\/wp-json\/wp\/v2\/tags?post=3105"}],"curies":[{"name":"wp","href":"https:\/\/api.w.org\/{rel}","templated":true}]}}