{"id":3217,"date":"2020-03-27T17:25:22","date_gmt":"2020-03-27T17:25:22","guid":{"rendered":"http:\/\/www.canariasviaja.com\/viajaresvivir\/?p=3217"},"modified":"2020-10-29T18:51:57","modified_gmt":"2020-10-29T18:51:57","slug":"el-bosque-de-la-niebla-parque-nacional-de-garajonay","status":"publish","type":"post","link":"https:\/\/www.canariasviaja.com\/viajaresvivir\/el-bosque-de-la-niebla-parque-nacional-de-garajonay\/","title":{"rendered":"El bosque de la niebla: Parque Nacional de Garajonay"},"content":{"rendered":"\n<div class=\"wp-block-group\"><div class=\"wp-block-group__inner-container is-layout-flow wp-block-group-is-layout-flow\">\n<p><strong>Garajonay, declarado Parque Nacional en el a\u00f1o 1981, es una de las mejores representaciones de bosque de laurisilva del planeta. Una formaci\u00f3n boscosa que recuerda a las selvas tropicales, donde conviven frondosos laureles, con brezos gigantescos, lleno de helechos, musgos y lianas trepadoras. <\/strong><\/p>\n<\/div><\/div>\n\n\n\n<div style=\"height:100px\" aria-hidden=\"true\" class=\"wp-block-spacer\"><\/div>\n\n\n\n<figure class=\"wp-block-image size-large\"><img loading=\"lazy\" decoding=\"async\" width=\"1024\" height=\"681\" src=\"http:\/\/www.canariasviaja.com\/viajaresvivir\/wp-content\/uploads\/2020\/03\/Laurisilva.2.FOTO_JuanjoRamosEco.jpg\" alt=\"Laurisilva en la gomera\" class=\"wp-image-3246\" srcset=\"https:\/\/www.canariasviaja.com\/viajaresvivir\/wp-content\/uploads\/2020\/03\/Laurisilva.2.FOTO_JuanjoRamosEco.jpg 1024w, https:\/\/www.canariasviaja.com\/viajaresvivir\/wp-content\/uploads\/2020\/03\/Laurisilva.2.FOTO_JuanjoRamosEco-300x200.jpg 300w, https:\/\/www.canariasviaja.com\/viajaresvivir\/wp-content\/uploads\/2020\/03\/Laurisilva.2.FOTO_JuanjoRamosEco-768x511.jpg 768w\" sizes=\"(max-width: 1024px) 100vw, 1024px\" \/><\/figure>\n\n\n\n<h4 class=\"wp-block-heading\">Un bosque con leyenda<\/h4>\n\n\n\n<p>Seg\u00fan cuenta la leyenda Garajonay recibe su nombre por la historia\nde amor entre la princesa gomera Gara, y el hijo de un mencey tinerfe\u00f1o llamado\nJonay. Al parecer estos j\u00f3venes se enamoraron durante un encuentro entre los\nmenceyes de ambas islas. Sin embargo, un adivino predijo que su amor traer\u00eda\ndesgracias en forma de fuego y de lava, por lo que los padres de ambos j\u00f3venes\nlo prohibieron. A pesar de ello, Jonay escap\u00f3 nadando sobre unas pieles de\ncabra hasta La Gomera, donde se refugi\u00f3 con su amada en los bosques m\u00e1s altos\nde esa isla. Al verse acorralados afilaron una lanza por ambos extremos, la\napoyaron entre ambos y se fundieron en un abrazo que acab\u00f3 con sus vidas para\nsiempre. <\/p>\n\n\n\n<div style=\"height:100px\" aria-hidden=\"true\" class=\"wp-block-spacer\"><\/div>\n\n\n\n<figure class=\"wp-block-image size-large\"><img loading=\"lazy\" decoding=\"async\" width=\"2000\" height=\"1500\" src=\"http:\/\/www.canariasviaja.com\/viajaresvivir\/wp-content\/uploads\/2020\/03\/SaltoDelCedro.LaGomera.Julio2017.FOTO_JuanjoRamos.jpg\" alt=\"Salto del Cedro en Garajonay\" class=\"wp-image-3227\" srcset=\"https:\/\/www.canariasviaja.com\/viajaresvivir\/wp-content\/uploads\/2020\/03\/SaltoDelCedro.LaGomera.Julio2017.FOTO_JuanjoRamos.jpg 2000w, https:\/\/www.canariasviaja.com\/viajaresvivir\/wp-content\/uploads\/2020\/03\/SaltoDelCedro.LaGomera.Julio2017.FOTO_JuanjoRamos-300x225.jpg 300w, https:\/\/www.canariasviaja.com\/viajaresvivir\/wp-content\/uploads\/2020\/03\/SaltoDelCedro.LaGomera.Julio2017.FOTO_JuanjoRamos-768x576.jpg 768w, https:\/\/www.canariasviaja.com\/viajaresvivir\/wp-content\/uploads\/2020\/03\/SaltoDelCedro.LaGomera.Julio2017.FOTO_JuanjoRamos-1536x1152.jpg 1536w, https:\/\/www.canariasviaja.com\/viajaresvivir\/wp-content\/uploads\/2020\/03\/SaltoDelCedro.LaGomera.Julio2017.FOTO_JuanjoRamos-1200x900.jpg 1200w, https:\/\/www.canariasviaja.com\/viajaresvivir\/wp-content\/uploads\/2020\/03\/SaltoDelCedro.LaGomera.Julio2017.FOTO_JuanjoRamos-800x600.jpg 800w, https:\/\/www.canariasviaja.com\/viajaresvivir\/wp-content\/uploads\/2020\/03\/SaltoDelCedro.LaGomera.Julio2017.FOTO_JuanjoRamos-1440x1080.jpg 1440w\" sizes=\"(max-width: 2000px) 100vw, 2000px\" \/><\/figure>\n\n\n\n<h4 class=\"wp-block-heading\"><strong>Garajonay, bosque de niebla.&nbsp; <\/strong><\/h4>\n\n\n\n<p>El <a href=\"http:\/\/www.gobiernodecanarias.org\/parquesnacionalesdecanarias\/es\/Garajonay\/\" target=\"_blank\" rel=\"noreferrer noopener\" aria-label=\"Parque Nacional de Garajonay (se abre en una nueva pesta\u00f1a)\"><strong>Parque Nacional de Garajonay<\/strong><\/a>, es uno de los bosques de laurisilva mejor conservados del planeta. Este tipo bosques se encuentra en las islas m\u00e1s monta\u00f1osas del archipi\u00e9lago, en Azores, Madeira y algunos rincones del sur de Europa y norte de \u00c1frica. <\/p>\n\n\n\n<p>Se trata de un bosque atrapado por las\nnubes, ubicado en las caras norte de las islas, totalmente expuesta a los h\u00famedos\nvientos alisios que arrastran part\u00edculas de agua a lo largo de todo el\nAtl\u00e1ntico norte, para luego chocar y depositarse en las hojas y ramas de los \u00e1rboles del bosque. <\/p>\n\n\n\n<figure class=\"wp-block-image size-large\"><img loading=\"lazy\" decoding=\"async\" width=\"2000\" height=\"1335\" src=\"http:\/\/www.canariasviaja.com\/viajaresvivir\/wp-content\/uploads\/2020\/03\/El-Cedro-.jpg\" alt=\"Bosque de laurisilva\" class=\"wp-image-3233\" srcset=\"https:\/\/www.canariasviaja.com\/viajaresvivir\/wp-content\/uploads\/2020\/03\/El-Cedro-.jpg 2000w, https:\/\/www.canariasviaja.com\/viajaresvivir\/wp-content\/uploads\/2020\/03\/El-Cedro--300x200.jpg 300w, https:\/\/www.canariasviaja.com\/viajaresvivir\/wp-content\/uploads\/2020\/03\/El-Cedro--768x513.jpg 768w, https:\/\/www.canariasviaja.com\/viajaresvivir\/wp-content\/uploads\/2020\/03\/El-Cedro--1536x1025.jpg 1536w, https:\/\/www.canariasviaja.com\/viajaresvivir\/wp-content\/uploads\/2020\/03\/El-Cedro--1200x801.jpg 1200w, https:\/\/www.canariasviaja.com\/viajaresvivir\/wp-content\/uploads\/2020\/03\/El-Cedro--1618x1080.jpg 1618w\" sizes=\"(max-width: 2000px) 100vw, 2000px\" \/><\/figure>\n\n\n\n<figure class=\"wp-block-gallery columns-3 is-cropped wp-block-gallery-1 is-layout-flex wp-block-gallery-is-layout-flex\"><ul class=\"blocks-gallery-grid\"><li class=\"blocks-gallery-item\"><figure><img loading=\"lazy\" decoding=\"async\" width=\"684\" height=\"1024\" src=\"http:\/\/www.canariasviaja.com\/viajaresvivir\/wp-content\/uploads\/2020\/03\/Detalle-rama-el-cedro.jpg\" alt=\"\" data-id=\"3232\" data-full-url=\"http:\/\/www.canariasviaja.com\/viajaresvivir\/wp-content\/uploads\/2020\/03\/Detalle-rama-el-cedro.jpg\" data-link=\"http:\/\/www.canariasviaja.com\/viajaresvivir\/detalle-rama-el-cedro\/\" class=\"wp-image-3232\" srcset=\"https:\/\/www.canariasviaja.com\/viajaresvivir\/wp-content\/uploads\/2020\/03\/Detalle-rama-el-cedro.jpg 684w, https:\/\/www.canariasviaja.com\/viajaresvivir\/wp-content\/uploads\/2020\/03\/Detalle-rama-el-cedro-200x300.jpg 200w\" sizes=\"(max-width: 684px) 100vw, 684px\" \/><\/figure><\/li><li class=\"blocks-gallery-item\"><figure><img loading=\"lazy\" decoding=\"async\" width=\"684\" height=\"1024\" src=\"http:\/\/www.canariasviaja.com\/viajaresvivir\/wp-content\/uploads\/2020\/03\/Detalle-helecho-el-cedro.jpg\" alt=\"\" data-id=\"3231\" data-full-url=\"http:\/\/www.canariasviaja.com\/viajaresvivir\/wp-content\/uploads\/2020\/03\/Detalle-helecho-el-cedro.jpg\" data-link=\"http:\/\/www.canariasviaja.com\/viajaresvivir\/detalle-helecho-el-cedro\/\" class=\"wp-image-3231\" srcset=\"https:\/\/www.canariasviaja.com\/viajaresvivir\/wp-content\/uploads\/2020\/03\/Detalle-helecho-el-cedro.jpg 684w, https:\/\/www.canariasviaja.com\/viajaresvivir\/wp-content\/uploads\/2020\/03\/Detalle-helecho-el-cedro-200x300.jpg 200w\" sizes=\"(max-width: 684px) 100vw, 684px\" \/><\/figure><\/li><li class=\"blocks-gallery-item\"><figure><img loading=\"lazy\" decoding=\"async\" width=\"684\" height=\"1024\" src=\"http:\/\/www.canariasviaja.com\/viajaresvivir\/wp-content\/uploads\/2020\/03\/Detalle-bosque-el-cedro-.jpg\" alt=\"\" data-id=\"3230\" data-full-url=\"http:\/\/www.canariasviaja.com\/viajaresvivir\/wp-content\/uploads\/2020\/03\/Detalle-bosque-el-cedro-.jpg\" data-link=\"http:\/\/www.canariasviaja.com\/viajaresvivir\/detalle-bosque-el-cedro\/\" class=\"wp-image-3230\" srcset=\"https:\/\/www.canariasviaja.com\/viajaresvivir\/wp-content\/uploads\/2020\/03\/Detalle-bosque-el-cedro-.jpg 684w, https:\/\/www.canariasviaja.com\/viajaresvivir\/wp-content\/uploads\/2020\/03\/Detalle-bosque-el-cedro--200x300.jpg 200w\" sizes=\"(max-width: 684px) 100vw, 684px\" \/><\/figure><\/li><\/ul><\/figure>\n\n\n\n<p>La alta humedad favorece la presencia de una\ngran cantidad de musgos, l\u00edquenes, helechos y hongos que cubren las ramas de buena parte de los \u00e1rboles, d\u00e1ndole un\naspecto primitivo y fantasmag\u00f3rico, similar a una selva tropical. En algunos\nlugares recuerda a las lejanas junglas malayas, las selvas amaz\u00f3nicas o a las\nescenas de la famosa saga de pel\u00edculas basadas en la novela de Michael\nCrichton, <em>Parque Jur\u00e1sico<\/em>. <\/p>\n\n\n\n<figure class=\"wp-block-image size-large\"><img loading=\"lazy\" decoding=\"async\" width=\"684\" height=\"1024\" src=\"http:\/\/www.canariasviaja.com\/viajaresvivir\/wp-content\/uploads\/2020\/03\/Camino-en-laurisilva.jpg\" alt=\"\" class=\"wp-image-3229\" srcset=\"https:\/\/www.canariasviaja.com\/viajaresvivir\/wp-content\/uploads\/2020\/03\/Camino-en-laurisilva.jpg 684w, https:\/\/www.canariasviaja.com\/viajaresvivir\/wp-content\/uploads\/2020\/03\/Camino-en-laurisilva-200x300.jpg 200w\" sizes=\"(max-width: 684px) 100vw, 684px\" \/><\/figure>\n\n\n\n<p>La laurisilva canaria es realmente un\nsuperviviente. En el periodo terciario, \u00e9poca en la que los dinosaurios a\u00fan\nandaban por aqu\u00ed, hace m\u00e1s de 20 millones de a\u00f1os, ocup\u00f3 buena parte del sur de\nEuropa y el norte de \u00c1frica. Es un bosque muy diverso, donde coexisten en torno a\nuna veintena de \u00e1rboles diferentes, los m\u00e1s representativos pertenecen a la familia\nde los laureles, como son el laurel canario, el vi\u00f1\u00e1tigo, el til y el\nbarbuzano. Otras especies muy representativas son la faya, el brezo, el tejo,\nel acebi\u00f1o, el follao, el palo blanco, la hija, el naranjero salvaje o el\nmoc\u00e1n. De las ramas de los \u00e1rboles m\u00e1s altos cuelgan lianas, enredaderas o plantas trepadoras\ncomo la hiedra de monte, la gibalbera o el correg\u00fcel\u00f3n de monte. <\/p>\n\n\n\n<figure class=\"wp-block-image size-large\"><img loading=\"lazy\" decoding=\"async\" width=\"1024\" height=\"684\" src=\"http:\/\/www.canariasviaja.com\/viajaresvivir\/wp-content\/uploads\/2020\/03\/Laurisilva-en-Garajonay2.jpg\" alt=\"helechos en la laurisilva\" class=\"wp-image-3248\" srcset=\"https:\/\/www.canariasviaja.com\/viajaresvivir\/wp-content\/uploads\/2020\/03\/Laurisilva-en-Garajonay2.jpg 1024w, https:\/\/www.canariasviaja.com\/viajaresvivir\/wp-content\/uploads\/2020\/03\/Laurisilva-en-Garajonay2-300x200.jpg 300w, https:\/\/www.canariasviaja.com\/viajaresvivir\/wp-content\/uploads\/2020\/03\/Laurisilva-en-Garajonay2-768x513.jpg 768w\" sizes=\"(max-width: 1024px) 100vw, 1024px\" \/><\/figure>\n\n\n\n<div style=\"height:100px\" aria-hidden=\"true\" class=\"wp-block-spacer\"><\/div>\n\n\n\n<h4 class=\"wp-block-heading\"><strong>El\nhogar de las palomas de laurisilva.<\/strong><\/h4>\n\n\n\n<p>Muchos observadores de aves y amantes de la naturaleza viajan hasta aqu\u00ed para observar a las raras y escasas palomas de la laurisilva. <\/p>\n\n\n\n<p>La laurisilva canaria, y en especial Garajonay, es el hogar de la\npaloma rabiche y la paloma turqu\u00e9, dos especies de aves exclusivas de las islas Canarias y que\nmantienen\nuna estrecha relaci\u00f3n con este bosque, ya que ambas son grandes devoradoras de frutos, actuando como dispersoras de las semillas de\nlos \u00e1rboles,\nayud\u00e1ndolas a viajar por el bosque dentro de sus est\u00f3magos. La paloma turqu\u00e9\ntiene un plumaje de tonalidades algo m\u00e1s azuladas, en vuelo muestra una banda\nde color gris a mitad de la cola, vive en el interior del bosque y construye\nsus nidos en la copa de los \u00e1rboles.<\/p>\n\n\n\n<figure class=\"wp-block-image size-large\"><img loading=\"lazy\" decoding=\"async\" width=\"1024\" height=\"768\" src=\"https:\/\/www.canariasviaja.com\/viajaresvivir\/wp-content\/uploads\/2020\/03\/CabceraBcoChejelipes.LaGomera.Julio2017.FOTO_JuanjoRamosEco-1.jpg\" alt=\"\" class=\"wp-image-3253\" srcset=\"https:\/\/www.canariasviaja.com\/viajaresvivir\/wp-content\/uploads\/2020\/03\/CabceraBcoChejelipes.LaGomera.Julio2017.FOTO_JuanjoRamosEco-1.jpg 1024w, https:\/\/www.canariasviaja.com\/viajaresvivir\/wp-content\/uploads\/2020\/03\/CabceraBcoChejelipes.LaGomera.Julio2017.FOTO_JuanjoRamosEco-1-300x225.jpg 300w, https:\/\/www.canariasviaja.com\/viajaresvivir\/wp-content\/uploads\/2020\/03\/CabceraBcoChejelipes.LaGomera.Julio2017.FOTO_JuanjoRamosEco-1-768x576.jpg 768w, https:\/\/www.canariasviaja.com\/viajaresvivir\/wp-content\/uploads\/2020\/03\/CabceraBcoChejelipes.LaGomera.Julio2017.FOTO_JuanjoRamosEco-1-800x600.jpg 800w\" sizes=\"(max-width: 1024px) 100vw, 1024px\" \/><\/figure>\n\n\n\n<p>Sin embargo, la paloma rabiche es algo m\u00e1s oscura, con tonalidades\ncolor morado en su plumaje, posee una llamativa banda blanca al final de la\ncola, ubica sus nidos en el suelo y vive principalmente al borde del bosque en\nbarrancos y zonas acantiladas.<\/p>\n\n\n\n<p>Adem\u00e1s de las famosas palomas podemos observar varias especies de\naves, como el pinz\u00f3n vulgar, el gavil\u00e1n com\u00fan, el mosquitero canario y el\nesquivo reyezuelo de Tenerife. <\/p>\n\n\n\n<figure class=\"wp-block-image size-large\"><img loading=\"lazy\" decoding=\"async\" width=\"1024\" height=\"685\" src=\"http:\/\/www.canariasviaja.com\/viajaresvivir\/wp-content\/uploads\/2020\/03\/FringillaCoelebs.Subad_.FOTO_JuanjoRamosEco.jpg\" alt=\"Fringilla Garajonay\" class=\"wp-image-3249\" srcset=\"https:\/\/www.canariasviaja.com\/viajaresvivir\/wp-content\/uploads\/2020\/03\/FringillaCoelebs.Subad_.FOTO_JuanjoRamosEco.jpg 1024w, https:\/\/www.canariasviaja.com\/viajaresvivir\/wp-content\/uploads\/2020\/03\/FringillaCoelebs.Subad_.FOTO_JuanjoRamosEco-300x201.jpg 300w, https:\/\/www.canariasviaja.com\/viajaresvivir\/wp-content\/uploads\/2020\/03\/FringillaCoelebs.Subad_.FOTO_JuanjoRamosEco-768x514.jpg 768w\" sizes=\"(max-width: 1024px) 100vw, 1024px\" \/><\/figure>\n\n\n\n<p>La especies de fauna m\u00e1s interesantes desde el punto de vista de\nla conservaci\u00f3n, son los invertebrados, ya que aqu\u00ed vive un importante grupo de\nseres exclusivos de este bosque. Caracoles, babosas, ara\u00f1as, saltamontes no\nvoladores y escarabajos son algunas de estas joyas de la biodiversidad. <\/p>\n\n\n\n<div style=\"height:100px\" aria-hidden=\"true\" class=\"wp-block-spacer\"><\/div>\n\n\n\n<figure class=\"wp-block-image size-large\"><img loading=\"lazy\" decoding=\"async\" width=\"1024\" height=\"768\" src=\"http:\/\/www.canariasviaja.com\/viajaresvivir\/wp-content\/uploads\/2020\/03\/SenderoElCedro.LaGomera.Junio2017.FOTO_JuanjoRamosEco.jpg\" alt=\"Sendero de El Cedro Garajonay\" class=\"wp-image-3228\" srcset=\"https:\/\/www.canariasviaja.com\/viajaresvivir\/wp-content\/uploads\/2020\/03\/SenderoElCedro.LaGomera.Junio2017.FOTO_JuanjoRamosEco.jpg 1024w, https:\/\/www.canariasviaja.com\/viajaresvivir\/wp-content\/uploads\/2020\/03\/SenderoElCedro.LaGomera.Junio2017.FOTO_JuanjoRamosEco-300x225.jpg 300w, https:\/\/www.canariasviaja.com\/viajaresvivir\/wp-content\/uploads\/2020\/03\/SenderoElCedro.LaGomera.Junio2017.FOTO_JuanjoRamosEco-768x576.jpg 768w, https:\/\/www.canariasviaja.com\/viajaresvivir\/wp-content\/uploads\/2020\/03\/SenderoElCedro.LaGomera.Junio2017.FOTO_JuanjoRamosEco-800x600.jpg 800w\" sizes=\"(max-width: 1024px) 100vw, 1024px\" \/><\/figure>\n\n\n\n<h4 class=\"wp-block-heading\"><strong>La\nmejor forma de descubrirlo es rec\u00f3rrelo a pie.<\/strong><\/h4>\n\n\n\n<p>Garajonay a pesar de su orograf\u00eda, formada por multitud de\nbarrancos, acantilados, lomadas y crestas, posee una ampl\u00eda de red de senderos\nque ponen en contacto a toda la isla, cruzando buena parte de los senderos y\ncaminos por el propio Parque.&nbsp; <\/p>\n\n\n\n<figure class=\"wp-block-image size-large\"><img loading=\"lazy\" decoding=\"async\" width=\"1024\" height=\"684\" src=\"http:\/\/www.canariasviaja.com\/viajaresvivir\/wp-content\/uploads\/2020\/03\/Senderos-Garajonay.jpg\" alt=\"Senderismo en Garajonay\" class=\"wp-image-3235\" srcset=\"https:\/\/www.canariasviaja.com\/viajaresvivir\/wp-content\/uploads\/2020\/03\/Senderos-Garajonay.jpg 1024w, https:\/\/www.canariasviaja.com\/viajaresvivir\/wp-content\/uploads\/2020\/03\/Senderos-Garajonay-300x200.jpg 300w, https:\/\/www.canariasviaja.com\/viajaresvivir\/wp-content\/uploads\/2020\/03\/Senderos-Garajonay-768x513.jpg 768w\" sizes=\"(max-width: 1024px) 100vw, 1024px\" \/><\/figure>\n\n\n\n<p>Para adentrase en el Parque lo ideal es empezar visitando el <strong>centro de visitantes Juego de Bolas<\/strong> en\nla cara norte, en el municipio de Agulo. Aqu\u00ed podr\u00e1s obtener toda la informaci\u00f3n\nnecesaria para descubrirlo. <\/p>\n\n\n\n<p>Adem\u00e1s del centro de visitantes y los puntos de informaci\u00f3n de Laguna\nGrande y San Sebasti\u00e1n, el Parque dispone de una gran cantidad de carteles y\nse\u00f1ales informativas actualizadas y muy did\u00e1cticas. <\/p>\n\n\n\n<figure class=\"wp-block-image size-large\"><img loading=\"lazy\" decoding=\"async\" width=\"1024\" height=\"681\" src=\"http:\/\/www.canariasviaja.com\/viajaresvivir\/wp-content\/uploads\/2020\/03\/RiachueloDelCedro.LaGomera.Julio2006.FOTO_JuanjoRamosEco.jpg\" alt=\"Riachuelo de El Cedro Garajonay\" class=\"wp-image-3226\" srcset=\"https:\/\/www.canariasviaja.com\/viajaresvivir\/wp-content\/uploads\/2020\/03\/RiachueloDelCedro.LaGomera.Julio2006.FOTO_JuanjoRamosEco.jpg 1024w, https:\/\/www.canariasviaja.com\/viajaresvivir\/wp-content\/uploads\/2020\/03\/RiachueloDelCedro.LaGomera.Julio2006.FOTO_JuanjoRamosEco-300x200.jpg 300w, https:\/\/www.canariasviaja.com\/viajaresvivir\/wp-content\/uploads\/2020\/03\/RiachueloDelCedro.LaGomera.Julio2006.FOTO_JuanjoRamosEco-768x511.jpg 768w\" sizes=\"(max-width: 1024px) 100vw, 1024px\" \/><\/figure>\n\n\n\n<p>Uno de los senderos m\u00e1s visitados es del <strong>Bosque del Cedro<\/strong>, que va desde el Contadero hasta el Caser\u00edo del\nCedro pasando por la ermita de Nuestra Se\u00f1ora de Lourdes. Lugar donde se\ncelebraba una de las romer\u00edas m\u00e1s singulares de Canarias, a ritmo de ch\u00e1caras y\ntambores. En esta zona m\u00e1s frondosa se encuentra el riachuelo del Cedro, que\nlleva agua durante todo el a\u00f1o.<\/p>\n\n\n\n<figure class=\"wp-block-image size-large\"><img loading=\"lazy\" decoding=\"async\" width=\"1024\" height=\"684\" src=\"http:\/\/www.canariasviaja.com\/viajaresvivir\/wp-content\/uploads\/2020\/03\/Ermita-Garajonay.jpg\" alt=\"Ermita en el Cedro\" class=\"wp-image-3236\" srcset=\"https:\/\/www.canariasviaja.com\/viajaresvivir\/wp-content\/uploads\/2020\/03\/Ermita-Garajonay.jpg 1024w, https:\/\/www.canariasviaja.com\/viajaresvivir\/wp-content\/uploads\/2020\/03\/Ermita-Garajonay-300x200.jpg 300w, https:\/\/www.canariasviaja.com\/viajaresvivir\/wp-content\/uploads\/2020\/03\/Ermita-Garajonay-768x513.jpg 768w\" sizes=\"(max-width: 1024px) 100vw, 1024px\" \/><\/figure>\n\n\n\n<figure class=\"wp-block-image size-large\"><img loading=\"lazy\" decoding=\"async\" width=\"1024\" height=\"681\" src=\"http:\/\/www.canariasviaja.com\/viajaresvivir\/wp-content\/uploads\/2020\/03\/Laurisilva.3.FOTO_JuanjoRamosEco.jpg\" alt=\"Lauriilva Garajonay riachuelo\" class=\"wp-image-3250\" srcset=\"https:\/\/www.canariasviaja.com\/viajaresvivir\/wp-content\/uploads\/2020\/03\/Laurisilva.3.FOTO_JuanjoRamosEco.jpg 1024w, https:\/\/www.canariasviaja.com\/viajaresvivir\/wp-content\/uploads\/2020\/03\/Laurisilva.3.FOTO_JuanjoRamosEco-300x200.jpg 300w, https:\/\/www.canariasviaja.com\/viajaresvivir\/wp-content\/uploads\/2020\/03\/Laurisilva.3.FOTO_JuanjoRamosEco-768x511.jpg 768w\" sizes=\"(max-width: 1024px) 100vw, 1024px\" \/><\/figure>\n\n\n\n<p>Si lo que quieres es recorrer un sendero circular de corta\ndistancia lo ideal es el <strong>Jard\u00edn de las\nCreces<\/strong>, con unos 4 kil\u00f3metros de recorrido. Una excelente manera de conocer\nlos arboles de la laurisilva gomera. <\/p>\n\n\n\n<p><strong>La Ca\u00f1ada de Jorge<\/strong> en el sector sur del Parque, nos permite conectar con otros\nlugares de la isla y bajar hasta Arure. Aunque este sendero tambi\u00e9n tiene la\nopci\u00f3n de rec\u00f3rrelo en circular. La zona desde donde parte, suele estar\ncubierta por la niebla, d\u00e1ndonos una idea de las importancia de la humedad para\neste bosque esponja. <\/p>\n\n\n\n<p>Si por el contrario decides rec\u00f3rrelo en coche no puedes dejar de\nvisitar su red de miradores, que act\u00faan como balcones sobre el bosque. El m\u00e1s\npopular es el <strong>mirador de los Roques<\/strong>,\nen el extremo oeste del Parque, desde donde podr\u00e1s disfrutar de las vistas de\nlos mastod\u00f3nticos <strong>Roques de Agando,\nOjila, La Zarzita y Carmona. <\/strong><\/p>\n\n\n\n<figure class=\"wp-block-image size-large\"><img loading=\"lazy\" decoding=\"async\" width=\"2000\" height=\"1500\" src=\"http:\/\/www.canariasviaja.com\/viajaresvivir\/wp-content\/uploads\/2020\/03\/LosRoques.LaGomera.Junio2017.FOTO_JuanjoRamosEco.jpg\" alt=\"Los Roques con Teide\" class=\"wp-image-3225\" srcset=\"https:\/\/www.canariasviaja.com\/viajaresvivir\/wp-content\/uploads\/2020\/03\/LosRoques.LaGomera.Junio2017.FOTO_JuanjoRamosEco.jpg 2000w, https:\/\/www.canariasviaja.com\/viajaresvivir\/wp-content\/uploads\/2020\/03\/LosRoques.LaGomera.Junio2017.FOTO_JuanjoRamosEco-300x225.jpg 300w, https:\/\/www.canariasviaja.com\/viajaresvivir\/wp-content\/uploads\/2020\/03\/LosRoques.LaGomera.Junio2017.FOTO_JuanjoRamosEco-768x576.jpg 768w, https:\/\/www.canariasviaja.com\/viajaresvivir\/wp-content\/uploads\/2020\/03\/LosRoques.LaGomera.Junio2017.FOTO_JuanjoRamosEco-1536x1152.jpg 1536w, https:\/\/www.canariasviaja.com\/viajaresvivir\/wp-content\/uploads\/2020\/03\/LosRoques.LaGomera.Junio2017.FOTO_JuanjoRamosEco-1200x900.jpg 1200w, https:\/\/www.canariasviaja.com\/viajaresvivir\/wp-content\/uploads\/2020\/03\/LosRoques.LaGomera.Junio2017.FOTO_JuanjoRamosEco-800x600.jpg 800w, https:\/\/www.canariasviaja.com\/viajaresvivir\/wp-content\/uploads\/2020\/03\/LosRoques.LaGomera.Junio2017.FOTO_JuanjoRamosEco-1440x1080.jpg 1440w\" sizes=\"(max-width: 2000px) 100vw, 2000px\" \/><\/figure>\n\n\n\n<p>Desde los miradores del <strong>Lomo\ndel Dinero<\/strong> y <strong>Vallehermoso<\/strong> en la\nestrecha carretera que va de Juego de Bolas a la zona recreativa de Laguna Grande,\npueden ver algunos de los barrancos m\u00e1s frondosos de Garajonay.<\/p>\n\n\n\n<p>Al atardecer, el mirador del <strong>Alto de Garajonay<\/strong> se convierte en una\nparada obligatoria, pues desde este lugar adem\u00e1s de poder contemplar bellas\npuesta de sol, se puede ver el Parque casi por complejo con la silueta del pico\nTeide de fondo.<\/p>\n\n\n\n<div style=\"height:100px\" aria-hidden=\"true\" class=\"wp-block-spacer\"><\/div>\n\n\n\n<figure class=\"wp-block-image size-large\"><img loading=\"lazy\" decoding=\"async\" width=\"2000\" height=\"1500\" src=\"http:\/\/www.canariasviaja.com\/viajaresvivir\/wp-content\/uploads\/2020\/03\/ElTeideDesdeAltoGarajonay.LaGomera.Junio2017.FOTO_JuanjoRamosEco.jpg\" alt=\"El teide desde Alto de Garajonay\" class=\"wp-image-3222\" srcset=\"https:\/\/www.canariasviaja.com\/viajaresvivir\/wp-content\/uploads\/2020\/03\/ElTeideDesdeAltoGarajonay.LaGomera.Junio2017.FOTO_JuanjoRamosEco.jpg 2000w, https:\/\/www.canariasviaja.com\/viajaresvivir\/wp-content\/uploads\/2020\/03\/ElTeideDesdeAltoGarajonay.LaGomera.Junio2017.FOTO_JuanjoRamosEco-300x225.jpg 300w, https:\/\/www.canariasviaja.com\/viajaresvivir\/wp-content\/uploads\/2020\/03\/ElTeideDesdeAltoGarajonay.LaGomera.Junio2017.FOTO_JuanjoRamosEco-768x576.jpg 768w, https:\/\/www.canariasviaja.com\/viajaresvivir\/wp-content\/uploads\/2020\/03\/ElTeideDesdeAltoGarajonay.LaGomera.Junio2017.FOTO_JuanjoRamosEco-1536x1152.jpg 1536w, https:\/\/www.canariasviaja.com\/viajaresvivir\/wp-content\/uploads\/2020\/03\/ElTeideDesdeAltoGarajonay.LaGomera.Junio2017.FOTO_JuanjoRamosEco-1200x900.jpg 1200w, https:\/\/www.canariasviaja.com\/viajaresvivir\/wp-content\/uploads\/2020\/03\/ElTeideDesdeAltoGarajonay.LaGomera.Junio2017.FOTO_JuanjoRamosEco-800x600.jpg 800w, https:\/\/www.canariasviaja.com\/viajaresvivir\/wp-content\/uploads\/2020\/03\/ElTeideDesdeAltoGarajonay.LaGomera.Junio2017.FOTO_JuanjoRamosEco-1440x1080.jpg 1440w\" sizes=\"(max-width: 2000px) 100vw, 2000px\" \/><\/figure>\n\n\n\n<h4 class=\"wp-block-heading\"><strong>Garajonay, un patrimonio natural \u00fanico a nivel mundial.<\/strong><\/h4>\n\n\n\n<p>Su buen estado de conservaci\u00f3n y la belleza de su paisaje le ha\nhecho merecedor de su inclusi\u00f3n en 1986 dentro del cat\u00e1logo de bienes <strong>Patrimonio Mundial de la Humanidad<\/strong> de\nla UNESCO.\nSiendo junto al Teide y la ciudad de La Laguna, los tres sitios patrimonio\nmundial de la humanidad de las islas. <\/p>\n\n\n\n<p>Garajonay no se puede entender sin hablar del resto de la isla de\nLa Gomera. Los habitantes de la isla desde siempre han mantenido una especial\nrelaci\u00f3n con el bosque. Tradiciones y costumbres que en algunos casos aun\nperviven, como son el silbo o el folklore est\u00e1n relacionados con los antiguos\nusos y formas de vida. <\/p>\n\n\n\n<figure class=\"wp-block-image size-large\"><img loading=\"lazy\" decoding=\"async\" width=\"1024\" height=\"640\" src=\"http:\/\/www.canariasviaja.com\/viajaresvivir\/wp-content\/uploads\/2020\/03\/FortalezaChipude.LaGomera.Julio2017.FOTO_JuanjoRamosEco.jpg\" alt=\"Fortaleza de Chipude\" class=\"wp-image-3223\" srcset=\"https:\/\/www.canariasviaja.com\/viajaresvivir\/wp-content\/uploads\/2020\/03\/FortalezaChipude.LaGomera.Julio2017.FOTO_JuanjoRamosEco.jpg 1024w, https:\/\/www.canariasviaja.com\/viajaresvivir\/wp-content\/uploads\/2020\/03\/FortalezaChipude.LaGomera.Julio2017.FOTO_JuanjoRamosEco-300x188.jpg 300w, https:\/\/www.canariasviaja.com\/viajaresvivir\/wp-content\/uploads\/2020\/03\/FortalezaChipude.LaGomera.Julio2017.FOTO_JuanjoRamosEco-768x480.jpg 768w\" sizes=\"(max-width: 1024px) 100vw, 1024px\" \/><\/figure>\n\n\n\n<p>El bosque sin lugar a dudas ha marcado la vida de los gomeros,\ninfluenciando hasta su gastronom\u00eda con platos tan tradicionales como el potaje\nde berros o el puchero, y una reposter\u00eda m\u00e1s que exquisita. <\/p>\n\n\n\n<p>Esta marcada relaci\u00f3n de sostenibilidad entre hombres y naturaleza la hizo merecedora en el a\u00f1o de 2012 de la declaraci\u00f3n de <strong>La Gomera como <a rel=\"noreferrer noopener\" aria-label=\"Reserva de la Biosfera (se abre en una nueva pesta\u00f1a)\" href=\"https:\/\/biosfera.lagomera.es\/\" target=\"_blank\">Reserva de la Biosfera<\/a><\/strong>. <\/p>\n\n\n\n<hr class=\"wp-block-separator is-style-wide\"\/>\n\n\n\n<p>\u00bfTe gustar\u00eda perderte en la<strong> laurisilva<\/strong>? Hemos preparado una<strong> <a href=\"https:\/\/bit.ly\/3dZrcui\">escapada irresistible<\/a><\/strong> para t\u00ed.<\/p>\n\n\n\n<p>Y, si vienes desde la Pen\u00ednsula, disfruta el doble con una <a href=\"https:\/\/bit.ly\/2HBCQjx\"><strong>escapada multidestino <\/strong><\/a>a La Gomera y Tenerife.<\/p>\n\n\n\n<hr class=\"wp-block-separator\"\/>\n\n\n\n<p>Sigue disfrutando del <a href=\"https:\/\/www.facebook.com\/ParqueNacionaldeGarajonay\/videos\/2604025476584263\/\" target=\"_blank\" rel=\"noreferrer noopener\" aria-label=\"Garajonay (se abre en una nueva pesta\u00f1a)\"><strong>Garajonay<\/strong><\/a><\/p>\n\n\n\n<p><\/p>\n","protected":false},"excerpt":{"rendered":"<p>La Gomera es una isla que se visita con las botas puestas. No puedes viajar a la isla sin ad\u00e9ntrate en la \u00faltima selva de Europa, Garajonay. Recorrer sus caminos a pie e intentar observar algunas de las escasas palomas de laurisilva. <\/p>\n","protected":false},"author":16,"featured_media":3222,"comment_status":"open","ping_status":"open","sticky":false,"template":"","format":"standard","meta":{"_acf_changed":false,"sfsi_plus_gutenberg_text_before_share":"","sfsi_plus_gutenberg_show_text_before_share":"","sfsi_plus_gutenberg_icon_type":"","sfsi_plus_gutenberg_icon_alignemt":"","sfsi_plus_gutenburg_max_per_row":"","footnotes":""},"categories":[125,9,123,10,197],"tags":[365,489,488,487,116],"class_list":["post-3217","post","type-post","status-publish","format-standard","has-post-thumbnail","hentry","category-aventurate","category-canarias","category-explora","category-historias-viajeras","category-rincones-por-descubrir","tag-escapada-con-ninos","tag-escapada-en-la-naturaleza","tag-la-gomera","tag-laurisilva","tag-senderismo"],"acf":[],"yoast_head":"<!-- This site is optimized with the Yoast SEO plugin v24.1 - https:\/\/yoast.com\/wordpress\/plugins\/seo\/ -->\n<title>El bosque de la niebla: Parque Nacional de Garajonay - Viajar es vivir<\/title>\n<meta name=\"description\" content=\"La Gomera es una isla que se visita con las botas puestas. No puedes viajar a la isla sin ad\u00e9ntrate en la \u00faltima selva de Europa, Garajonay. Recorrer sus caminos a pie e intentar observar algunas de las escasas palomas de laurisilva.\" \/>\n<meta name=\"robots\" content=\"index, follow, max-snippet:-1, max-image-preview:large, max-video-preview:-1\" \/>\n<link rel=\"canonical\" href=\"https:\/\/www.canariasviaja.com\/viajaresvivir\/el-bosque-de-la-niebla-parque-nacional-de-garajonay\/\" \/>\n<meta property=\"og:locale\" content=\"es_ES\" \/>\n<meta property=\"og:type\" content=\"article\" \/>\n<meta property=\"og:title\" content=\"El bosque de la niebla: Parque Nacional de Garajonay - Viajar es vivir\" \/>\n<meta property=\"og:description\" content=\"La Gomera es una isla que se visita con las botas puestas. No puedes viajar a la isla sin ad\u00e9ntrate en la \u00faltima selva de Europa, Garajonay. Recorrer sus caminos a pie e intentar observar algunas de las escasas palomas de laurisilva.\" \/>\n<meta property=\"og:url\" content=\"https:\/\/www.canariasviaja.com\/viajaresvivir\/el-bosque-de-la-niebla-parque-nacional-de-garajonay\/\" \/>\n<meta property=\"og:site_name\" content=\"Viajar es vivir\" \/>\n<meta property=\"article:published_time\" content=\"2020-03-27T17:25:22+00:00\" \/>\n<meta property=\"article:modified_time\" content=\"2020-10-29T18:51:57+00:00\" \/>\n<meta property=\"og:image\" content=\"https:\/\/www.canariasviaja.com\/viajaresvivir\/wp-content\/uploads\/2020\/03\/ElTeideDesdeAltoGarajonay.LaGomera.Junio2017.FOTO_JuanjoRamosEco.jpg\" \/>\n\t<meta property=\"og:image:width\" content=\"2000\" \/>\n\t<meta property=\"og:image:height\" content=\"1500\" \/>\n\t<meta property=\"og:image:type\" content=\"image\/jpeg\" \/>\n<meta name=\"author\" content=\"Juan Jos\u00e9 Ramos\" \/>\n<meta name=\"twitter:card\" content=\"summary_large_image\" \/>\n<meta name=\"twitter:label1\" content=\"Escrito por\" \/>\n\t<meta name=\"twitter:data1\" content=\"Juan Jos\u00e9 Ramos\" \/>\n\t<meta name=\"twitter:label2\" content=\"Tiempo de lectura\" \/>\n\t<meta name=\"twitter:data2\" content=\"7 minutos\" \/>\n<script type=\"application\/ld+json\" class=\"yoast-schema-graph\">{\"@context\":\"https:\/\/schema.org\",\"@graph\":[{\"@type\":\"WebPage\",\"@id\":\"https:\/\/www.canariasviaja.com\/viajaresvivir\/el-bosque-de-la-niebla-parque-nacional-de-garajonay\/\",\"url\":\"https:\/\/www.canariasviaja.com\/viajaresvivir\/el-bosque-de-la-niebla-parque-nacional-de-garajonay\/\",\"name\":\"El bosque de la niebla: Parque Nacional de Garajonay - Viajar es vivir\",\"isPartOf\":{\"@id\":\"https:\/\/www.canariasviaja.com\/viajaresvivir\/#website\"},\"primaryImageOfPage\":{\"@id\":\"https:\/\/www.canariasviaja.com\/viajaresvivir\/el-bosque-de-la-niebla-parque-nacional-de-garajonay\/#primaryimage\"},\"image\":{\"@id\":\"https:\/\/www.canariasviaja.com\/viajaresvivir\/el-bosque-de-la-niebla-parque-nacional-de-garajonay\/#primaryimage\"},\"thumbnailUrl\":\"https:\/\/www.canariasviaja.com\/viajaresvivir\/wp-content\/uploads\/2020\/03\/ElTeideDesdeAltoGarajonay.LaGomera.Junio2017.FOTO_JuanjoRamosEco.jpg\",\"datePublished\":\"2020-03-27T17:25:22+00:00\",\"dateModified\":\"2020-10-29T18:51:57+00:00\",\"author\":{\"@id\":\"https:\/\/www.canariasviaja.com\/viajaresvivir\/#\/schema\/person\/c7e906328ba8e4a6f89ab979af9839b7\"},\"description\":\"La Gomera es una isla que se visita con las botas puestas. No puedes viajar a la isla sin ad\u00e9ntrate en la \u00faltima selva de Europa, Garajonay. Recorrer sus caminos a pie e intentar observar algunas de las escasas palomas de laurisilva.\",\"breadcrumb\":{\"@id\":\"https:\/\/www.canariasviaja.com\/viajaresvivir\/el-bosque-de-la-niebla-parque-nacional-de-garajonay\/#breadcrumb\"},\"inLanguage\":\"es\",\"potentialAction\":[{\"@type\":\"ReadAction\",\"target\":[\"https:\/\/www.canariasviaja.com\/viajaresvivir\/el-bosque-de-la-niebla-parque-nacional-de-garajonay\/\"]}]},{\"@type\":\"ImageObject\",\"inLanguage\":\"es\",\"@id\":\"https:\/\/www.canariasviaja.com\/viajaresvivir\/el-bosque-de-la-niebla-parque-nacional-de-garajonay\/#primaryimage\",\"url\":\"https:\/\/www.canariasviaja.com\/viajaresvivir\/wp-content\/uploads\/2020\/03\/ElTeideDesdeAltoGarajonay.LaGomera.Junio2017.FOTO_JuanjoRamosEco.jpg\",\"contentUrl\":\"https:\/\/www.canariasviaja.com\/viajaresvivir\/wp-content\/uploads\/2020\/03\/ElTeideDesdeAltoGarajonay.LaGomera.Junio2017.FOTO_JuanjoRamosEco.jpg\",\"width\":2000,\"height\":1500,\"caption\":\"El teide desde Alto de Garajonay\"},{\"@type\":\"BreadcrumbList\",\"@id\":\"https:\/\/www.canariasviaja.com\/viajaresvivir\/el-bosque-de-la-niebla-parque-nacional-de-garajonay\/#breadcrumb\",\"itemListElement\":[{\"@type\":\"ListItem\",\"position\":1,\"name\":\"Portada\",\"item\":\"https:\/\/www.canariasviaja.com\/viajaresvivir\/\"},{\"@type\":\"ListItem\",\"position\":2,\"name\":\"El bosque de la niebla: Parque Nacional de Garajonay\"}]},{\"@type\":\"WebSite\",\"@id\":\"https:\/\/www.canariasviaja.com\/viajaresvivir\/#website\",\"url\":\"https:\/\/www.canariasviaja.com\/viajaresvivir\/\",\"name\":\"Viajar es vivir\",\"description\":\"El blog de viajes y estilo de vida de CanariasViaja\",\"potentialAction\":[{\"@type\":\"SearchAction\",\"target\":{\"@type\":\"EntryPoint\",\"urlTemplate\":\"https:\/\/www.canariasviaja.com\/viajaresvivir\/?s={search_term_string}\"},\"query-input\":{\"@type\":\"PropertyValueSpecification\",\"valueRequired\":true,\"valueName\":\"search_term_string\"}}],\"inLanguage\":\"es\"},{\"@type\":\"Person\",\"@id\":\"https:\/\/www.canariasviaja.com\/viajaresvivir\/#\/schema\/person\/c7e906328ba8e4a6f89ab979af9839b7\",\"name\":\"Juan Jos\u00e9 Ramos\",\"image\":{\"@type\":\"ImageObject\",\"inLanguage\":\"es\",\"@id\":\"https:\/\/www.canariasviaja.com\/viajaresvivir\/#\/schema\/person\/image\/\",\"url\":\"https:\/\/secure.gravatar.com\/avatar\/e1ab173fbb3b4ac2f4a11eb54fb240fa?s=96&d=mm&r=g\",\"contentUrl\":\"https:\/\/secure.gravatar.com\/avatar\/e1ab173fbb3b4ac2f4a11eb54fb240fa?s=96&d=mm&r=g\",\"caption\":\"Juan Jos\u00e9 Ramos\"},\"url\":\"https:\/\/www.canariasviaja.com\/viajaresvivir\/author\/juan-jose-ramos\/\"}]}<\/script>\n<!-- \/ Yoast SEO plugin. -->","yoast_head_json":{"title":"El bosque de la niebla: Parque Nacional de Garajonay - Viajar es vivir","description":"La Gomera es una isla que se visita con las botas puestas. No puedes viajar a la isla sin ad\u00e9ntrate en la \u00faltima selva de Europa, Garajonay. Recorrer sus caminos a pie e intentar observar algunas de las escasas palomas de laurisilva.","robots":{"index":"index","follow":"follow","max-snippet":"max-snippet:-1","max-image-preview":"max-image-preview:large","max-video-preview":"max-video-preview:-1"},"canonical":"https:\/\/www.canariasviaja.com\/viajaresvivir\/el-bosque-de-la-niebla-parque-nacional-de-garajonay\/","og_locale":"es_ES","og_type":"article","og_title":"El bosque de la niebla: Parque Nacional de Garajonay - Viajar es vivir","og_description":"La Gomera es una isla que se visita con las botas puestas. No puedes viajar a la isla sin ad\u00e9ntrate en la \u00faltima selva de Europa, Garajonay. Recorrer sus caminos a pie e intentar observar algunas de las escasas palomas de laurisilva.","og_url":"https:\/\/www.canariasviaja.com\/viajaresvivir\/el-bosque-de-la-niebla-parque-nacional-de-garajonay\/","og_site_name":"Viajar es vivir","article_published_time":"2020-03-27T17:25:22+00:00","article_modified_time":"2020-10-29T18:51:57+00:00","og_image":[{"width":2000,"height":1500,"url":"https:\/\/www.canariasviaja.com\/viajaresvivir\/wp-content\/uploads\/2020\/03\/ElTeideDesdeAltoGarajonay.LaGomera.Junio2017.FOTO_JuanjoRamosEco.jpg","type":"image\/jpeg"}],"author":"Juan Jos\u00e9 Ramos","twitter_card":"summary_large_image","twitter_misc":{"Escrito por":"Juan Jos\u00e9 Ramos","Tiempo de lectura":"7 minutos"},"schema":{"@context":"https:\/\/schema.org","@graph":[{"@type":"WebPage","@id":"https:\/\/www.canariasviaja.com\/viajaresvivir\/el-bosque-de-la-niebla-parque-nacional-de-garajonay\/","url":"https:\/\/www.canariasviaja.com\/viajaresvivir\/el-bosque-de-la-niebla-parque-nacional-de-garajonay\/","name":"El bosque de la niebla: Parque Nacional de Garajonay - Viajar es vivir","isPartOf":{"@id":"https:\/\/www.canariasviaja.com\/viajaresvivir\/#website"},"primaryImageOfPage":{"@id":"https:\/\/www.canariasviaja.com\/viajaresvivir\/el-bosque-de-la-niebla-parque-nacional-de-garajonay\/#primaryimage"},"image":{"@id":"https:\/\/www.canariasviaja.com\/viajaresvivir\/el-bosque-de-la-niebla-parque-nacional-de-garajonay\/#primaryimage"},"thumbnailUrl":"https:\/\/www.canariasviaja.com\/viajaresvivir\/wp-content\/uploads\/2020\/03\/ElTeideDesdeAltoGarajonay.LaGomera.Junio2017.FOTO_JuanjoRamosEco.jpg","datePublished":"2020-03-27T17:25:22+00:00","dateModified":"2020-10-29T18:51:57+00:00","author":{"@id":"https:\/\/www.canariasviaja.com\/viajaresvivir\/#\/schema\/person\/c7e906328ba8e4a6f89ab979af9839b7"},"description":"La Gomera es una isla que se visita con las botas puestas. No puedes viajar a la isla sin ad\u00e9ntrate en la \u00faltima selva de Europa, Garajonay. Recorrer sus caminos a pie e intentar observar algunas de las escasas palomas de laurisilva.","breadcrumb":{"@id":"https:\/\/www.canariasviaja.com\/viajaresvivir\/el-bosque-de-la-niebla-parque-nacional-de-garajonay\/#breadcrumb"},"inLanguage":"es","potentialAction":[{"@type":"ReadAction","target":["https:\/\/www.canariasviaja.com\/viajaresvivir\/el-bosque-de-la-niebla-parque-nacional-de-garajonay\/"]}]},{"@type":"ImageObject","inLanguage":"es","@id":"https:\/\/www.canariasviaja.com\/viajaresvivir\/el-bosque-de-la-niebla-parque-nacional-de-garajonay\/#primaryimage","url":"https:\/\/www.canariasviaja.com\/viajaresvivir\/wp-content\/uploads\/2020\/03\/ElTeideDesdeAltoGarajonay.LaGomera.Junio2017.FOTO_JuanjoRamosEco.jpg","contentUrl":"https:\/\/www.canariasviaja.com\/viajaresvivir\/wp-content\/uploads\/2020\/03\/ElTeideDesdeAltoGarajonay.LaGomera.Junio2017.FOTO_JuanjoRamosEco.jpg","width":2000,"height":1500,"caption":"El teide desde Alto de Garajonay"},{"@type":"BreadcrumbList","@id":"https:\/\/www.canariasviaja.com\/viajaresvivir\/el-bosque-de-la-niebla-parque-nacional-de-garajonay\/#breadcrumb","itemListElement":[{"@type":"ListItem","position":1,"name":"Portada","item":"https:\/\/www.canariasviaja.com\/viajaresvivir\/"},{"@type":"ListItem","position":2,"name":"El bosque de la niebla: Parque Nacional de Garajonay"}]},{"@type":"WebSite","@id":"https:\/\/www.canariasviaja.com\/viajaresvivir\/#website","url":"https:\/\/www.canariasviaja.com\/viajaresvivir\/","name":"Viajar es vivir","description":"El blog de viajes y estilo de vida de CanariasViaja","potentialAction":[{"@type":"SearchAction","target":{"@type":"EntryPoint","urlTemplate":"https:\/\/www.canariasviaja.com\/viajaresvivir\/?s={search_term_string}"},"query-input":{"@type":"PropertyValueSpecification","valueRequired":true,"valueName":"search_term_string"}}],"inLanguage":"es"},{"@type":"Person","@id":"https:\/\/www.canariasviaja.com\/viajaresvivir\/#\/schema\/person\/c7e906328ba8e4a6f89ab979af9839b7","name":"Juan Jos\u00e9 Ramos","image":{"@type":"ImageObject","inLanguage":"es","@id":"https:\/\/www.canariasviaja.com\/viajaresvivir\/#\/schema\/person\/image\/","url":"https:\/\/secure.gravatar.com\/avatar\/e1ab173fbb3b4ac2f4a11eb54fb240fa?s=96&d=mm&r=g","contentUrl":"https:\/\/secure.gravatar.com\/avatar\/e1ab173fbb3b4ac2f4a11eb54fb240fa?s=96&d=mm&r=g","caption":"Juan Jos\u00e9 Ramos"},"url":"https:\/\/www.canariasviaja.com\/viajaresvivir\/author\/juan-jose-ramos\/"}]}},"_links":{"self":[{"href":"https:\/\/www.canariasviaja.com\/viajaresvivir\/wp-json\/wp\/v2\/posts\/3217"}],"collection":[{"href":"https:\/\/www.canariasviaja.com\/viajaresvivir\/wp-json\/wp\/v2\/posts"}],"about":[{"href":"https:\/\/www.canariasviaja.com\/viajaresvivir\/wp-json\/wp\/v2\/types\/post"}],"author":[{"embeddable":true,"href":"https:\/\/www.canariasviaja.com\/viajaresvivir\/wp-json\/wp\/v2\/users\/16"}],"replies":[{"embeddable":true,"href":"https:\/\/www.canariasviaja.com\/viajaresvivir\/wp-json\/wp\/v2\/comments?post=3217"}],"version-history":[{"count":10,"href":"https:\/\/www.canariasviaja.com\/viajaresvivir\/wp-json\/wp\/v2\/posts\/3217\/revisions"}],"predecessor-version":[{"id":5416,"href":"https:\/\/www.canariasviaja.com\/viajaresvivir\/wp-json\/wp\/v2\/posts\/3217\/revisions\/5416"}],"wp:featuredmedia":[{"embeddable":true,"href":"https:\/\/www.canariasviaja.com\/viajaresvivir\/wp-json\/wp\/v2\/media\/3222"}],"wp:attachment":[{"href":"https:\/\/www.canariasviaja.com\/viajaresvivir\/wp-json\/wp\/v2\/media?parent=3217"}],"wp:term":[{"taxonomy":"category","embeddable":true,"href":"https:\/\/www.canariasviaja.com\/viajaresvivir\/wp-json\/wp\/v2\/categories?post=3217"},{"taxonomy":"post_tag","embeddable":true,"href":"https:\/\/www.canariasviaja.com\/viajaresvivir\/wp-json\/wp\/v2\/tags?post=3217"}],"curies":[{"name":"wp","href":"https:\/\/api.w.org\/{rel}","templated":true}]}}