{"id":3582,"date":"2020-04-20T11:18:30","date_gmt":"2020-04-20T11:18:30","guid":{"rendered":"http:\/\/www.canariasviaja.com\/viajaresvivir\/?p=3582"},"modified":"2020-05-05T10:52:05","modified_gmt":"2020-05-05T10:52:05","slug":"madeira-el-viaje-de-marta","status":"publish","type":"post","link":"https:\/\/www.canariasviaja.com\/viajaresvivir\/madeira-el-viaje-de-marta\/","title":{"rendered":"Madeira: El viaje de Marta"},"content":{"rendered":"\n<p>Hoy estoy\nconfinada como lo est\u00e1 m\u00e1s de medio mundo. Medio planeta que so\u00f1\u00e9 recorrer y\nque ahora la \u00fanica forma que tengo de hacerlo es reviviendo todos los lugares\nque he visitado a trav\u00e9s de las fotograf\u00edas.<\/p>\n\n\n\n<p>Y no se me\nocurre mejor forma de viajar que volver a lo que ya he visto, porque quiz\u00e1s en\nlos \u00faltimos a\u00f1os no le he prestado la atenci\u00f3n que merec\u00eda a esos recuerdos.\nQuiz\u00e1s no le he dedicado el suficiente tiempo para interiorizar cada paso en\nlos \u00faltimos viajes de mi vida, y eso ha hecho que mezcle algunos momentos de un\nlugar con las experiencias vividas en otro. Debe ser que el ritmo acelerado de\nnuestras vidas nos empuja a llenar nuestra memoria de nuevos recuerdos, en\nlugar de dedicarnos tiempo para asentar los que ya ten\u00edamos registrados.<\/p>\n\n\n\n<p>Sumergida en\nlas cajas de fotos que comprenden desde los a\u00f1os 70 a principios del presente siglo,\nencuentro maneras de teletransportarme en tiempo y lugar, a veces incluso a\nsitios que ni siquiera he vivido antes.<\/p>\n\n\n\n<p>Otros s\u00ed llego\na ubicarlos en mi memoria. Viajes de infancia a La Palma, recorriendo la\nCaldera de Taburiente y gozando durante varios a\u00f1os seguidos de las piscinas\ndel hotel donde sol\u00edamos hospedarnos en familia. El m\u00e1gico viaje a Disneyland de\n1996. Los innumerables viajes a La Gomera para visitar a mi familia materna,\ndisfrutar del monte y de hacer bollos con mi abuela en los hornos de le\u00f1a de\nlos merenderos, de correr por las plazas y jugar con mis primos. <\/p>\n\n\n\n<p>Entre las\nfotos de todos esos momentos, que han permanecido guardadas y mezcladas en el\ncaos de las cajas antiguas del s\u00f3tano, destaca un viaje en el que debimos\ngastar m\u00e1s de cuatro carretes de fotos. <\/p>\n\n\n\n<p>En el verano\nde 2005 mis padres se lanzaron a ampliar sus conocimientos de la Macaronesia\ncon sus dos hijas peque\u00f1as. As\u00ed, nos plantamos un d\u00eda de julio en el aeropuerto\nde Tenerife Norte para llegar a Funchal, previa escala en la isla de Gran\nCanaria.<\/p>\n\n\n\n<p>Veo las fotos\ny los recuerdos que revivo parecen m\u00e1s propios del verano pasado que del de\nhace 15 a\u00f1os. De no ser por nuestro aspecto, dir\u00eda que no ha pasado tant\u00edsimo\ntiempo. Hay detalles que recuerdo a la perfecci\u00f3n.<\/p>\n\n\n\n<p>Recuerdo que durante esa semana de vacaciones tuve la sensaci\u00f3n de estar en casa a pesar de que no habl\u00e1bamos el mismo idioma. Recuerdo la tranquilidad de estar en territorio conocido, de estar en familia. Recuerdo lo verde de las carreteras sinuosas. Las flores del mundo, que se extend\u00edan como una plaga por las laderas. El paisaje monta\u00f1oso. Los colores de los <a href=\"https:\/\/www.canariasviaja.com\/viajaresvivir\/arte-y-naturaleza-en-jardim-tropical-monte-palace\/\" target=\"_blank\" rel=\"noreferrer noopener\" aria-label=\"parques (se abre en una nueva pesta\u00f1a)\">parques<\/a> de Funchal, su casco hist\u00f3rico y su peque\u00f1o funicular que te transporta al monte. Recuerdo los techos de ca\u00f1a de las casas de Santana, las <em>Palho\u00e7as<\/em>. Las piscinas naturales. Los largos puentes que cruzan valles profundos. La cercan\u00eda de los maiderenses. El imponente acantilado de Cabo Gir\u00e3o, el m\u00e1s grande de Europa y segundo del mundo. Los hoteles en los que nos hospedamos. Y, una delicia para los paladares, el <em>Bolo do Caco<\/em> reci\u00e9n hecho que compramos a una se\u00f1ora que los preparaba a le\u00f1a en una curva de carretera.<\/p>\n\n\n\n<figure class=\"wp-block-gallery columns-2 is-cropped wp-block-gallery-1 is-layout-flex wp-block-gallery-is-layout-flex\"><ul class=\"blocks-gallery-grid\"><li class=\"blocks-gallery-item\"><figure><img loading=\"lazy\" decoding=\"async\" width=\"334\" height=\"466\" src=\"http:\/\/www.canariasviaja.com\/viajaresvivir\/wp-content\/uploads\/2020\/04\/santana.png\" alt=\"Madeira\" data-id=\"3584\" class=\"wp-image-3584\" srcset=\"https:\/\/www.canariasviaja.com\/viajaresvivir\/wp-content\/uploads\/2020\/04\/santana.png 334w, https:\/\/www.canariasviaja.com\/viajaresvivir\/wp-content\/uploads\/2020\/04\/santana-215x300.png 215w\" sizes=\"(max-width: 334px) 100vw, 334px\" \/><\/figure><\/li><li class=\"blocks-gallery-item\"><figure><img loading=\"lazy\" decoding=\"async\" width=\"668\" height=\"932\" src=\"https:\/\/www.canariasviaja.com\/viajaresvivir\/wp-content\/uploads\/2020\/04\/Bolodocaco.png\" alt=\"\" data-id=\"3583\" class=\"wp-image-3583\" srcset=\"https:\/\/www.canariasviaja.com\/viajaresvivir\/wp-content\/uploads\/2020\/04\/Bolodocaco.png 668w, https:\/\/www.canariasviaja.com\/viajaresvivir\/wp-content\/uploads\/2020\/04\/Bolodocaco-215x300.png 215w\" sizes=\"(max-width: 668px) 100vw, 668px\" \/><\/figure><\/li><\/ul><\/figure>\n\n\n\n<p>All\u00ed no solo disfrutamos del placer de que nuestra \u00fanica responsabilidad del d\u00eda a d\u00eda era pasarlo bien y descubrir. En <a href=\"http:\/\/www.visitmadeira.pt\/es-es\/madeira\" target=\"_blank\" rel=\"noreferrer noopener\" aria-label=\"Madeira (se abre en una nueva pesta\u00f1a)\">Madeira<\/a> tambi\u00e9n aprendimos muchas cosas, ente ellas que lo que en un lugar pasa desapercibido, en otro lugar a menos de 500km de distancia puede ser un manjar, como lo es all\u00ed el fruto de la Monstera, o com\u00fanmente conocida como \u2018Costilla de Ad\u00e1n\u2019. Hasta ese viaje no sospech\u00e1bamos que esa pi\u00f1a con apariencia escamosa era un fruto tan bueno, ni mucho menos tan codiciado. Lo denominaron \u2018<em>banana-anan\u00e1s\u2019<\/em>, porque puede recordar a los sabores del pl\u00e1tano y la pi\u00f1a tropical. Para m\u00ed fue el gran descubrimiento de la d\u00e9cada, a pesar de que hasta ahora no he sacado provecho y no he vuelto a probarlo estando en casa. \u00a1Quiz\u00e1s lo haga pronto!<\/p>\n\n\n\n<p>Madeira puede\ntransportarte a las islas occidentales de nuestro archipi\u00e9lago en cuanto a la\nabundancia de vegetaci\u00f3n, al relieve de sus paisajes monta\u00f1osos, a la costa del\nnorte. Puede recordarnos a nuestras playas, nuestro monte y nuestros\nacantilados. Y es que Madeira es una hermana de nuestras islas, formando parte\ncomo nosotros de la Macaronesia junto a Cabo Verde, Azores e Islas Salvajes. <\/p>\n\n\n\n<p>De todas\nellas, Madeira es la isla de la que m\u00e1s cerca estamos y, por tanto, seguramente\nen la que m\u00e1s similitudes encontraremos. Tenemos en com\u00fan mucho m\u00e1s que la\nLaurisilva, nuestro origen volc\u00e1nico o la climatolog\u00eda. Descubrimos que el\ncar\u00e1cter isle\u00f1o de su gente, la humildad y el car\u00e1cter apaciguado de su pueblo,\nes tambi\u00e9n parte de ese lazo que nos une con Madeira.<\/p>\n\n\n\n<p>Su historia,\ncomo la nuestra, est\u00e1 plagada de interesantes hitos. Pero Madeira tiene algo\nque los canarios no hemos visto nunca antes en nuestro archipi\u00e9lago; tiene alma\nportuguesa, tiene su m\u00fasica, su gastronom\u00eda, su alegr\u00eda. Con lo que a\u00fan siendo\nuna isla muy parecida a las que acostumbramos a recorrer a diario, en cuanto a\nelementos naturales se refiere, sus habitantes hacen de Madeira un destino\nespecial, con encanto propio.<\/p>\n\n\n\n<p>Y ahora,\nviendo ese gran tocho de fotos ya ordenado y categorizado, me doy cuenta de lo\nque nos gusta viajar y conocer nuevos lugares;&nbsp;\nde lo importante que es para el ser humano de nuestra sociedad tener\nnuevas experiencias. Tanto es as\u00ed que lleva a dos padres de Tenerife a volar\ncon dos de sus hijas a un lugar desconocido, del que no conocen el idioma y,\npor supuesto, no cuentan con un dispositivo GPS para no perderse y evitar los\npeligros de la carretera.<\/p>\n\n\n\n<p>Ahora,\nconsciente del paso del tiempo y de lo f\u00e1cil que se ha convertido saciar esa\nsed de vivir experiencias fuera de nuestras casas, admiro la valent\u00eda de\nquienes viajaban con mapa y diccionario de lengua extranjera en mano.<\/p>\n\n\n\n<p>Ahora s\u00e9 que una de las razones por las que no hemos olvidado ese viaje  es porque valor\u00e1bamos lo que est\u00e1bamos viviendo como un extraordinario regalo, algo que costaba esfuerzo y coraje, y que quiz\u00e1s no formaba parte de la rutina de todos los veranos.<\/p>\n\n\n\n<p>No fuimos m\u00e1s\nafortunados de lo que hemos sido en los \u00faltimos a\u00f1os, que hemos tenido todo a\nmano para recorrer el mundo. Pero s\u00ed creo que fuimos m\u00e1s puros exprimiendo cada\nmomento que viv\u00edamos, y esa puede ser la clave que tratar\u00e9 de mantener en los\npr\u00f3ximos viajes que me queden por delante.<\/p>\n\n\n\n<p>Ahora he cambiado mi sue\u00f1o de recorrer medio planeta, por estar cerca de las personas que quiero y seguir haciendo kil\u00f3metros pero con la consciencia despierta; poco importar\u00e1 la distancia, ni siquiera importar\u00e1 el destino, a partir de ahora el reto es mantener todos los sentidos puestos en el camino all\u00e1 donde est\u00e9.<\/p>\n\n\n\n<hr class=\"wp-block-separator is-style-wide\"\/>\n\n\n\n<p>\u00bfQuieres descubrir Madeira y empaparte de su verde? Te hemos preparado una <a href=\"https:\/\/bit.ly\/2VZyeb6\" target=\"_blank\" rel=\"noreferrer noopener\" aria-label=\"oferta irresistible (se abre en una nueva pesta\u00f1a)\">oferta irresistible<\/a>.<\/p>\n","protected":false},"excerpt":{"rendered":"<p>En estos d\u00edas en los que nos sobra tiempo, Marta se ha sumergido en la lata donde atesora las fotograf\u00edas de sus viajes para volver a viajar y saborear sus recuerdos\u2026<\/p>\n","protected":false},"author":25,"featured_media":3586,"comment_status":"open","ping_status":"open","sticky":false,"template":"","format":"standard","meta":{"_acf_changed":false,"sfsi_plus_gutenberg_text_before_share":"","sfsi_plus_gutenberg_show_text_before_share":"","sfsi_plus_gutenberg_icon_type":"","sfsi_plus_gutenberg_icon_alignemt":"","sfsi_plus_gutenburg_max_per_row":"","footnotes":""},"categories":[124,146,5,123,10,92],"tags":[500,488,381,199],"class_list":["post-3582","post","type-post","status-publish","format-standard","has-post-thumbnail","hentry","category-descubre","category-el-viaje-de","category-europa","category-explora","category-historias-viajeras","category-madeira","tag-historias-viajeras","tag-la-gomera","tag-la-palma","tag-madeira"],"acf":[],"yoast_head":"<!-- This site is optimized with the Yoast SEO plugin v24.1 - https:\/\/yoast.com\/wordpress\/plugins\/seo\/ -->\n<title>Madeira: El viaje de Marta - Viajar es vivir<\/title>\n<meta name=\"description\" content=\"Un viaje nost\u00e1lgico a Madeira de la mano de una de nuestras viajeras. Porque a trav\u00e9s de nuestros recuerdos podemos seguir viajando.\" \/>\n<meta name=\"robots\" content=\"index, follow, max-snippet:-1, max-image-preview:large, max-video-preview:-1\" \/>\n<link rel=\"canonical\" href=\"https:\/\/www.canariasviaja.com\/viajaresvivir\/madeira-el-viaje-de-marta\/\" \/>\n<meta property=\"og:locale\" content=\"es_ES\" \/>\n<meta property=\"og:type\" content=\"article\" \/>\n<meta property=\"og:title\" content=\"Madeira: El viaje de Marta - Viajar es vivir\" \/>\n<meta property=\"og:description\" content=\"Un viaje nost\u00e1lgico a Madeira de la mano de una de nuestras viajeras. Porque a trav\u00e9s de nuestros recuerdos podemos seguir viajando.\" \/>\n<meta property=\"og:url\" content=\"https:\/\/www.canariasviaja.com\/viajaresvivir\/madeira-el-viaje-de-marta\/\" \/>\n<meta property=\"og:site_name\" content=\"Viajar es vivir\" \/>\n<meta property=\"article:published_time\" content=\"2020-04-20T11:18:30+00:00\" \/>\n<meta property=\"article:modified_time\" content=\"2020-05-05T10:52:05+00:00\" \/>\n<meta property=\"og:image\" content=\"https:\/\/www.canariasviaja.com\/viajaresvivir\/wp-content\/uploads\/2020\/04\/Madeira-optimizado4.jpg\" \/>\n\t<meta property=\"og:image:width\" content=\"2000\" \/>\n\t<meta property=\"og:image:height\" content=\"1335\" \/>\n\t<meta property=\"og:image:type\" content=\"image\/jpeg\" \/>\n<meta name=\"author\" content=\"Marta Concepci\u00f3n\" \/>\n<meta name=\"twitter:card\" content=\"summary_large_image\" \/>\n<meta name=\"twitter:label1\" content=\"Escrito por\" \/>\n\t<meta name=\"twitter:data1\" content=\"Marta Concepci\u00f3n\" \/>\n\t<meta name=\"twitter:label2\" content=\"Tiempo de lectura\" \/>\n\t<meta name=\"twitter:data2\" content=\"6 minutos\" \/>\n<script type=\"application\/ld+json\" class=\"yoast-schema-graph\">{\"@context\":\"https:\/\/schema.org\",\"@graph\":[{\"@type\":\"WebPage\",\"@id\":\"https:\/\/www.canariasviaja.com\/viajaresvivir\/madeira-el-viaje-de-marta\/\",\"url\":\"https:\/\/www.canariasviaja.com\/viajaresvivir\/madeira-el-viaje-de-marta\/\",\"name\":\"Madeira: El viaje de Marta - Viajar es vivir\",\"isPartOf\":{\"@id\":\"https:\/\/www.canariasviaja.com\/viajaresvivir\/#website\"},\"primaryImageOfPage\":{\"@id\":\"https:\/\/www.canariasviaja.com\/viajaresvivir\/madeira-el-viaje-de-marta\/#primaryimage\"},\"image\":{\"@id\":\"https:\/\/www.canariasviaja.com\/viajaresvivir\/madeira-el-viaje-de-marta\/#primaryimage\"},\"thumbnailUrl\":\"https:\/\/www.canariasviaja.com\/viajaresvivir\/wp-content\/uploads\/2020\/04\/Madeira-optimizado4.jpg\",\"datePublished\":\"2020-04-20T11:18:30+00:00\",\"dateModified\":\"2020-05-05T10:52:05+00:00\",\"author\":{\"@id\":\"https:\/\/www.canariasviaja.com\/viajaresvivir\/#\/schema\/person\/b5a3ed710ba7410c3c9d2c3f8ed490b1\"},\"description\":\"Un viaje nost\u00e1lgico a Madeira de la mano de una de nuestras viajeras. Porque a trav\u00e9s de nuestros recuerdos podemos seguir viajando.\",\"breadcrumb\":{\"@id\":\"https:\/\/www.canariasviaja.com\/viajaresvivir\/madeira-el-viaje-de-marta\/#breadcrumb\"},\"inLanguage\":\"es\",\"potentialAction\":[{\"@type\":\"ReadAction\",\"target\":[\"https:\/\/www.canariasviaja.com\/viajaresvivir\/madeira-el-viaje-de-marta\/\"]}]},{\"@type\":\"ImageObject\",\"inLanguage\":\"es\",\"@id\":\"https:\/\/www.canariasviaja.com\/viajaresvivir\/madeira-el-viaje-de-marta\/#primaryimage\",\"url\":\"https:\/\/www.canariasviaja.com\/viajaresvivir\/wp-content\/uploads\/2020\/04\/Madeira-optimizado4.jpg\",\"contentUrl\":\"https:\/\/www.canariasviaja.com\/viajaresvivir\/wp-content\/uploads\/2020\/04\/Madeira-optimizado4.jpg\",\"width\":2000,\"height\":1335,\"caption\":\"Madeira\"},{\"@type\":\"BreadcrumbList\",\"@id\":\"https:\/\/www.canariasviaja.com\/viajaresvivir\/madeira-el-viaje-de-marta\/#breadcrumb\",\"itemListElement\":[{\"@type\":\"ListItem\",\"position\":1,\"name\":\"Portada\",\"item\":\"https:\/\/www.canariasviaja.com\/viajaresvivir\/\"},{\"@type\":\"ListItem\",\"position\":2,\"name\":\"Madeira: El viaje de Marta\"}]},{\"@type\":\"WebSite\",\"@id\":\"https:\/\/www.canariasviaja.com\/viajaresvivir\/#website\",\"url\":\"https:\/\/www.canariasviaja.com\/viajaresvivir\/\",\"name\":\"Viajar es vivir\",\"description\":\"El blog de viajes y estilo de vida de CanariasViaja\",\"potentialAction\":[{\"@type\":\"SearchAction\",\"target\":{\"@type\":\"EntryPoint\",\"urlTemplate\":\"https:\/\/www.canariasviaja.com\/viajaresvivir\/?s={search_term_string}\"},\"query-input\":{\"@type\":\"PropertyValueSpecification\",\"valueRequired\":true,\"valueName\":\"search_term_string\"}}],\"inLanguage\":\"es\"},{\"@type\":\"Person\",\"@id\":\"https:\/\/www.canariasviaja.com\/viajaresvivir\/#\/schema\/person\/b5a3ed710ba7410c3c9d2c3f8ed490b1\",\"name\":\"Marta Concepci\u00f3n\",\"image\":{\"@type\":\"ImageObject\",\"inLanguage\":\"es\",\"@id\":\"https:\/\/www.canariasviaja.com\/viajaresvivir\/#\/schema\/person\/image\/\",\"url\":\"https:\/\/secure.gravatar.com\/avatar\/bab85c00f58582e10d8da1b933e18010?s=96&d=mm&r=g\",\"contentUrl\":\"https:\/\/secure.gravatar.com\/avatar\/bab85c00f58582e10d8da1b933e18010?s=96&d=mm&r=g\",\"caption\":\"Marta Concepci\u00f3n\"},\"url\":\"https:\/\/www.canariasviaja.com\/viajaresvivir\/author\/marta-concepcion\/\"}]}<\/script>\n<!-- \/ Yoast SEO plugin. -->","yoast_head_json":{"title":"Madeira: El viaje de Marta - Viajar es vivir","description":"Un viaje nost\u00e1lgico a Madeira de la mano de una de nuestras viajeras. Porque a trav\u00e9s de nuestros recuerdos podemos seguir viajando.","robots":{"index":"index","follow":"follow","max-snippet":"max-snippet:-1","max-image-preview":"max-image-preview:large","max-video-preview":"max-video-preview:-1"},"canonical":"https:\/\/www.canariasviaja.com\/viajaresvivir\/madeira-el-viaje-de-marta\/","og_locale":"es_ES","og_type":"article","og_title":"Madeira: El viaje de Marta - Viajar es vivir","og_description":"Un viaje nost\u00e1lgico a Madeira de la mano de una de nuestras viajeras. Porque a trav\u00e9s de nuestros recuerdos podemos seguir viajando.","og_url":"https:\/\/www.canariasviaja.com\/viajaresvivir\/madeira-el-viaje-de-marta\/","og_site_name":"Viajar es vivir","article_published_time":"2020-04-20T11:18:30+00:00","article_modified_time":"2020-05-05T10:52:05+00:00","og_image":[{"width":2000,"height":1335,"url":"https:\/\/www.canariasviaja.com\/viajaresvivir\/wp-content\/uploads\/2020\/04\/Madeira-optimizado4.jpg","type":"image\/jpeg"}],"author":"Marta Concepci\u00f3n","twitter_card":"summary_large_image","twitter_misc":{"Escrito por":"Marta Concepci\u00f3n","Tiempo de lectura":"6 minutos"},"schema":{"@context":"https:\/\/schema.org","@graph":[{"@type":"WebPage","@id":"https:\/\/www.canariasviaja.com\/viajaresvivir\/madeira-el-viaje-de-marta\/","url":"https:\/\/www.canariasviaja.com\/viajaresvivir\/madeira-el-viaje-de-marta\/","name":"Madeira: El viaje de Marta - Viajar es vivir","isPartOf":{"@id":"https:\/\/www.canariasviaja.com\/viajaresvivir\/#website"},"primaryImageOfPage":{"@id":"https:\/\/www.canariasviaja.com\/viajaresvivir\/madeira-el-viaje-de-marta\/#primaryimage"},"image":{"@id":"https:\/\/www.canariasviaja.com\/viajaresvivir\/madeira-el-viaje-de-marta\/#primaryimage"},"thumbnailUrl":"https:\/\/www.canariasviaja.com\/viajaresvivir\/wp-content\/uploads\/2020\/04\/Madeira-optimizado4.jpg","datePublished":"2020-04-20T11:18:30+00:00","dateModified":"2020-05-05T10:52:05+00:00","author":{"@id":"https:\/\/www.canariasviaja.com\/viajaresvivir\/#\/schema\/person\/b5a3ed710ba7410c3c9d2c3f8ed490b1"},"description":"Un viaje nost\u00e1lgico a Madeira de la mano de una de nuestras viajeras. Porque a trav\u00e9s de nuestros recuerdos podemos seguir viajando.","breadcrumb":{"@id":"https:\/\/www.canariasviaja.com\/viajaresvivir\/madeira-el-viaje-de-marta\/#breadcrumb"},"inLanguage":"es","potentialAction":[{"@type":"ReadAction","target":["https:\/\/www.canariasviaja.com\/viajaresvivir\/madeira-el-viaje-de-marta\/"]}]},{"@type":"ImageObject","inLanguage":"es","@id":"https:\/\/www.canariasviaja.com\/viajaresvivir\/madeira-el-viaje-de-marta\/#primaryimage","url":"https:\/\/www.canariasviaja.com\/viajaresvivir\/wp-content\/uploads\/2020\/04\/Madeira-optimizado4.jpg","contentUrl":"https:\/\/www.canariasviaja.com\/viajaresvivir\/wp-content\/uploads\/2020\/04\/Madeira-optimizado4.jpg","width":2000,"height":1335,"caption":"Madeira"},{"@type":"BreadcrumbList","@id":"https:\/\/www.canariasviaja.com\/viajaresvivir\/madeira-el-viaje-de-marta\/#breadcrumb","itemListElement":[{"@type":"ListItem","position":1,"name":"Portada","item":"https:\/\/www.canariasviaja.com\/viajaresvivir\/"},{"@type":"ListItem","position":2,"name":"Madeira: El viaje de Marta"}]},{"@type":"WebSite","@id":"https:\/\/www.canariasviaja.com\/viajaresvivir\/#website","url":"https:\/\/www.canariasviaja.com\/viajaresvivir\/","name":"Viajar es vivir","description":"El blog de viajes y estilo de vida de CanariasViaja","potentialAction":[{"@type":"SearchAction","target":{"@type":"EntryPoint","urlTemplate":"https:\/\/www.canariasviaja.com\/viajaresvivir\/?s={search_term_string}"},"query-input":{"@type":"PropertyValueSpecification","valueRequired":true,"valueName":"search_term_string"}}],"inLanguage":"es"},{"@type":"Person","@id":"https:\/\/www.canariasviaja.com\/viajaresvivir\/#\/schema\/person\/b5a3ed710ba7410c3c9d2c3f8ed490b1","name":"Marta Concepci\u00f3n","image":{"@type":"ImageObject","inLanguage":"es","@id":"https:\/\/www.canariasviaja.com\/viajaresvivir\/#\/schema\/person\/image\/","url":"https:\/\/secure.gravatar.com\/avatar\/bab85c00f58582e10d8da1b933e18010?s=96&d=mm&r=g","contentUrl":"https:\/\/secure.gravatar.com\/avatar\/bab85c00f58582e10d8da1b933e18010?s=96&d=mm&r=g","caption":"Marta Concepci\u00f3n"},"url":"https:\/\/www.canariasviaja.com\/viajaresvivir\/author\/marta-concepcion\/"}]}},"_links":{"self":[{"href":"https:\/\/www.canariasviaja.com\/viajaresvivir\/wp-json\/wp\/v2\/posts\/3582"}],"collection":[{"href":"https:\/\/www.canariasviaja.com\/viajaresvivir\/wp-json\/wp\/v2\/posts"}],"about":[{"href":"https:\/\/www.canariasviaja.com\/viajaresvivir\/wp-json\/wp\/v2\/types\/post"}],"author":[{"embeddable":true,"href":"https:\/\/www.canariasviaja.com\/viajaresvivir\/wp-json\/wp\/v2\/users\/25"}],"replies":[{"embeddable":true,"href":"https:\/\/www.canariasviaja.com\/viajaresvivir\/wp-json\/wp\/v2\/comments?post=3582"}],"version-history":[{"count":7,"href":"https:\/\/www.canariasviaja.com\/viajaresvivir\/wp-json\/wp\/v2\/posts\/3582\/revisions"}],"predecessor-version":[{"id":3756,"href":"https:\/\/www.canariasviaja.com\/viajaresvivir\/wp-json\/wp\/v2\/posts\/3582\/revisions\/3756"}],"wp:featuredmedia":[{"embeddable":true,"href":"https:\/\/www.canariasviaja.com\/viajaresvivir\/wp-json\/wp\/v2\/media\/3586"}],"wp:attachment":[{"href":"https:\/\/www.canariasviaja.com\/viajaresvivir\/wp-json\/wp\/v2\/media?parent=3582"}],"wp:term":[{"taxonomy":"category","embeddable":true,"href":"https:\/\/www.canariasviaja.com\/viajaresvivir\/wp-json\/wp\/v2\/categories?post=3582"},{"taxonomy":"post_tag","embeddable":true,"href":"https:\/\/www.canariasviaja.com\/viajaresvivir\/wp-json\/wp\/v2\/tags?post=3582"}],"curies":[{"name":"wp","href":"https:\/\/api.w.org\/{rel}","templated":true}]}}