{"id":3702,"date":"2020-04-30T09:14:32","date_gmt":"2020-04-30T09:14:32","guid":{"rendered":"http:\/\/www.canariasviaja.com\/viajaresvivir\/?p=3702"},"modified":"2020-05-07T09:47:32","modified_gmt":"2020-05-07T09:47:32","slug":"escapada-a-lisboa-el-viaje-de-laura-y-martha","status":"publish","type":"post","link":"https:\/\/www.canariasviaja.com\/viajaresvivir\/escapada-a-lisboa-el-viaje-de-laura-y-martha\/","title":{"rendered":"Escapada a Lisboa: El viaje de Laura y Martha."},"content":{"rendered":"\n<p>Planear&nbsp; y elegir Lisboa como destino fue muy f\u00e1cil, no tuvimos ning\u00fan problema con el idioma y nos adaptamos r\u00e1pidamente a la ciudad con su temperatura c\u00e1lida. Ten\u00edamos un <strong>plan de viaje<\/strong> para aprovechar al m\u00e1ximo el nuestra escapada a Lisboa. Todo muy organizado, con mapas y gu\u00edas pero cuando llegas, te das cuenta de que lo que m\u00e1s quieres es <strong>perderte en sus calles<\/strong> y conocer cada rinc\u00f3n de aquella preciosa cuidad tambi\u00e9n llamada <strong>\u201cla ciudad de las 7 colinas\u201d<\/strong>.<\/p>\n\n\n\n<figure class=\"wp-block-image size-large\"><img loading=\"lazy\" decoding=\"async\" width=\"2000\" height=\"1333\" src=\"http:\/\/www.canariasviaja.com\/viajaresvivir\/wp-content\/uploads\/2020\/04\/Tejados-de-Lisboa-Escapada-a-Lisboa.jpg\" alt=\"Colinas de Lisboa\" class=\"wp-image-3732\" srcset=\"https:\/\/www.canariasviaja.com\/viajaresvivir\/wp-content\/uploads\/2020\/04\/Tejados-de-Lisboa-Escapada-a-Lisboa.jpg 2000w, https:\/\/www.canariasviaja.com\/viajaresvivir\/wp-content\/uploads\/2020\/04\/Tejados-de-Lisboa-Escapada-a-Lisboa-300x200.jpg 300w, https:\/\/www.canariasviaja.com\/viajaresvivir\/wp-content\/uploads\/2020\/04\/Tejados-de-Lisboa-Escapada-a-Lisboa-768x512.jpg 768w, https:\/\/www.canariasviaja.com\/viajaresvivir\/wp-content\/uploads\/2020\/04\/Tejados-de-Lisboa-Escapada-a-Lisboa-1536x1024.jpg 1536w, https:\/\/www.canariasviaja.com\/viajaresvivir\/wp-content\/uploads\/2020\/04\/Tejados-de-Lisboa-Escapada-a-Lisboa-1200x800.jpg 1200w, https:\/\/www.canariasviaja.com\/viajaresvivir\/wp-content\/uploads\/2020\/04\/Tejados-de-Lisboa-Escapada-a-Lisboa-1620x1080.jpg 1620w\" sizes=\"(max-width: 2000px) 100vw, 2000px\" \/><\/figure>\n\n\n\n<h4 class=\"wp-block-heading\">Una ciudad que cautiva<\/h4>\n\n\n\n<p>Al llegar all\u00ed te impregnas de su riqueza, de las costumbres de sus habitantes, de esa belleza cosmopolita, est\u00e1 rodeada de parques con mucho verde, lagos con patos y p\u00e1jaros volando. El <strong>Parque Bot\u00e1nico<\/strong> fue uno de estos sitios que te enamoran nada m\u00e1s entrar y por supuesto, el <strong><a rel=\"noreferrer noopener\" aria-label=\"Ocean\u00e1rio (se abre en una nueva pesta\u00f1a)\" href=\"https:\/\/www.oceanario.pt\/en\" target=\"_blank\">Ocean\u00e1rio<\/a><\/strong>, completamente lleno de animales y plantas acu\u00e1ticas que te cautivaran y sorprender\u00e1n porque nunca has visto algo igual. Yo tuve la oportunidad de ir a la exposici\u00f3n de <strong><a rel=\"noreferrer noopener\" aria-label=\"Takashi Amano (se abre en una nueva pesta\u00f1a)\" href=\"http:\/\/www.aq-arium.com\/aqmarine\/takashi-amano-maestro-del-acuarismo-artistico\/\" target=\"_blank\">Takashi Amano<\/a><\/strong> y puedo afirmar que es el acuario m\u00e1s bonito que he visto nunca. Me transmit\u00eda tanta paz que no quer\u00eda irme de all\u00ed.<\/p>\n\n\n\n<figure class=\"wp-block-image size-large\"><img loading=\"lazy\" decoding=\"async\" width=\"1024\" height=\"683\" src=\"https:\/\/www.canariasviaja.com\/viajaresvivir\/wp-content\/uploads\/2020\/04\/Escapada-a-Lisboa-Acuario-1.jpg\" alt=\"\" class=\"wp-image-3711\" srcset=\"https:\/\/www.canariasviaja.com\/viajaresvivir\/wp-content\/uploads\/2020\/04\/Escapada-a-Lisboa-Acuario-1.jpg 1024w, https:\/\/www.canariasviaja.com\/viajaresvivir\/wp-content\/uploads\/2020\/04\/Escapada-a-Lisboa-Acuario-1-300x200.jpg 300w, https:\/\/www.canariasviaja.com\/viajaresvivir\/wp-content\/uploads\/2020\/04\/Escapada-a-Lisboa-Acuario-1-768x512.jpg 768w\" sizes=\"(max-width: 1024px) 100vw, 1024px\" \/><\/figure>\n\n\n\n<figure class=\"wp-block-gallery columns-2 is-cropped wp-block-gallery-1 is-layout-flex wp-block-gallery-is-layout-flex\"><ul class=\"blocks-gallery-grid\"><li class=\"blocks-gallery-item\"><figure><img loading=\"lazy\" decoding=\"async\" width=\"1024\" height=\"683\" src=\"https:\/\/www.canariasviaja.com\/viajaresvivir\/wp-content\/uploads\/2020\/04\/Acuario-de-Lisboa.jpg\" alt=\"\" data-id=\"3708\" data-link=\"https:\/\/www.canariasviaja.com\/viajaresvivir\/?attachment_id=3708#main\" class=\"wp-image-3708\" srcset=\"https:\/\/www.canariasviaja.com\/viajaresvivir\/wp-content\/uploads\/2020\/04\/Acuario-de-Lisboa.jpg 1024w, https:\/\/www.canariasviaja.com\/viajaresvivir\/wp-content\/uploads\/2020\/04\/Acuario-de-Lisboa-300x200.jpg 300w, https:\/\/www.canariasviaja.com\/viajaresvivir\/wp-content\/uploads\/2020\/04\/Acuario-de-Lisboa-768x512.jpg 768w\" sizes=\"(max-width: 1024px) 100vw, 1024px\" \/><\/figure><\/li><li class=\"blocks-gallery-item\"><figure><img loading=\"lazy\" decoding=\"async\" width=\"1024\" height=\"683\" src=\"https:\/\/www.canariasviaja.com\/viajaresvivir\/wp-content\/uploads\/2020\/04\/Acuario-Lisboa.jpg\" alt=\"\" data-id=\"3709\" data-link=\"https:\/\/www.canariasviaja.com\/viajaresvivir\/?attachment_id=3709#main\" class=\"wp-image-3709\" srcset=\"https:\/\/www.canariasviaja.com\/viajaresvivir\/wp-content\/uploads\/2020\/04\/Acuario-Lisboa.jpg 1024w, https:\/\/www.canariasviaja.com\/viajaresvivir\/wp-content\/uploads\/2020\/04\/Acuario-Lisboa-300x200.jpg 300w, https:\/\/www.canariasviaja.com\/viajaresvivir\/wp-content\/uploads\/2020\/04\/Acuario-Lisboa-768x512.jpg 768w\" sizes=\"(max-width: 1024px) 100vw, 1024px\" \/><\/figure><\/li><\/ul><\/figure>\n\n\n\n<p>La gente es muy amable y c\u00e1lida. Abre sus puertas para darte la bienvenida y acompa\u00f1arte en tu traves\u00eda, para que puedas descubrir Lisboa sin problemas. Hay mucho transporte p\u00fablico, el tuc-tuc es r\u00e1pido y \u00fatil para conocer toda la ciudad, tambi\u00e9n est\u00e1 el tranv\u00eda, muy c\u00f3modo y agradable. En cierto modo, cuando viajas dejas de ser quien eres para tratar de convertirte en un ciudadano m\u00e1s. <\/p>\n\n\n\n<figure class=\"wp-block-image size-large\"><img loading=\"lazy\" decoding=\"async\" width=\"1024\" height=\"683\" src=\"http:\/\/www.canariasviaja.com\/viajaresvivir\/wp-content\/uploads\/2020\/04\/Tranvia-Escapada-a-Lisboa.jpg\" alt=\"Tranv\u00eda Escapada a Lisboa\" class=\"wp-image-3735\" srcset=\"https:\/\/www.canariasviaja.com\/viajaresvivir\/wp-content\/uploads\/2020\/04\/Tranvia-Escapada-a-Lisboa.jpg 1024w, https:\/\/www.canariasviaja.com\/viajaresvivir\/wp-content\/uploads\/2020\/04\/Tranvia-Escapada-a-Lisboa-300x200.jpg 300w, https:\/\/www.canariasviaja.com\/viajaresvivir\/wp-content\/uploads\/2020\/04\/Tranvia-Escapada-a-Lisboa-768x512.jpg 768w\" sizes=\"(max-width: 1024px) 100vw, 1024px\" \/><\/figure>\n\n\n\n<p>La <strong>arquitectura de Lisboa<\/strong> te sorprende much\u00edsimo, tiene muchas iglesias grandes y bonitas, las casas antiguas con mosaicos llenan de color las calles&#8230; Las grandes ramblas llenas de puestos con venta ambulante con complementos de corcho, que es una actividad artesanal t\u00edpica. Hacen ferias artesanales en las calles y puedes encontrar variedad de productos con ese material. &nbsp;<\/p>\n\n\n\n<h4 class=\"wp-block-heading\">Recorrido por Lisboa<\/h4>\n\n\n\n<p>Mientras caminas por las calles principales puedes encontrar uno de los elevadores m\u00e1s famosos de Lisboa, el <strong><a rel=\"noreferrer noopener\" aria-label=\"Elevador de Santa Justa (se abre en una nueva pesta\u00f1a)\" href=\"https:\/\/www.lisboa.es\/que-ver\/elevador-de-santa-justa\/\" target=\"_blank\">Elevador de Santa Justa<\/a><\/strong>, con sus 45 metros de altura conecta la&nbsp;<a href=\"https:\/\/www.lisboa.es\/la-baixa\/\">Baixa<\/a>&nbsp;con el barrio del&nbsp;<a href=\"https:\/\/www.lisboa.es\/chiado\/\">Chiado<\/a>&nbsp;y es una de las atracciones tur\u00edsticas obligadas de Lisboa, las vistas &nbsp;son espectaculares. Adem\u00e1s est\u00e1 justo al lado del <strong><a rel=\"noreferrer noopener\" aria-label=\"Convento do Carmo (se abre en una nueva pesta\u00f1a)\" href=\"https:\/\/www.lisboa.es\/que-ver\/convento-do-carmo\/\" target=\"_blank\">Convento do Carmo<\/a><\/strong>, fue todo un descubrimiento para m\u00ed, me sorprendi\u00f3 much\u00edsimo. La&nbsp;iglesia&nbsp;del&nbsp;convento, que era la mayor iglesia&nbsp;g\u00f3tica&nbsp;de la ciudad, qued\u00f3 en ruinas debido a un&nbsp;terremoto&nbsp;y es uno de los principales recuerdos del desastre que asol\u00f3 la capital&nbsp;portuguesa. Las fotos de este lugar son mis favoritas, el convento qued\u00f3 en pie pero sin techo y es precioso ver el cielo azul sobre ti cuando entras a ese lugar tan \u00fanico. Dentro puedes encontrar un peque\u00f1o museo con algunas esculturas o libros que se salvaron de aquel tr\u00e1gico d\u00eda. <\/p>\n\n\n\n<div class=\"wp-block-image\"><figure class=\"aligncenter size-large is-resized\"><img decoding=\"async\" src=\"http:\/\/www.canariasviaja.com\/viajaresvivir\/wp-content\/uploads\/2020\/04\/Elevador-Santa-Justa-Lisboa.jpg\" alt=\"Elevador de Santa Justa Escapada a Lisboa\" class=\"wp-image-3717\" width=\"400\" srcset=\"https:\/\/www.canariasviaja.com\/viajaresvivir\/wp-content\/uploads\/2020\/04\/Elevador-Santa-Justa-Lisboa.jpg 683w, https:\/\/www.canariasviaja.com\/viajaresvivir\/wp-content\/uploads\/2020\/04\/Elevador-Santa-Justa-Lisboa-200x300.jpg 200w\" sizes=\"(max-width: 683px) 100vw, 683px\" \/><figcaption>Elevador de Santa Justa<\/figcaption><\/figure><\/div>\n\n\n\n<figure class=\"wp-block-image size-large\"><img loading=\"lazy\" decoding=\"async\" width=\"1024\" height=\"683\" src=\"http:\/\/www.canariasviaja.com\/viajaresvivir\/wp-content\/uploads\/2020\/04\/Convento-do-Carmo-Escapada-a-Lisboa.jpg\" alt=\"Convento do Carmo Escapada a Lisboa\" class=\"wp-image-3716\" srcset=\"https:\/\/www.canariasviaja.com\/viajaresvivir\/wp-content\/uploads\/2020\/04\/Convento-do-Carmo-Escapada-a-Lisboa.jpg 1024w, https:\/\/www.canariasviaja.com\/viajaresvivir\/wp-content\/uploads\/2020\/04\/Convento-do-Carmo-Escapada-a-Lisboa-300x200.jpg 300w, https:\/\/www.canariasviaja.com\/viajaresvivir\/wp-content\/uploads\/2020\/04\/Convento-do-Carmo-Escapada-a-Lisboa-768x512.jpg 768w\" sizes=\"(max-width: 1024px) 100vw, 1024px\" \/><figcaption>Convento do Carmo<\/figcaption><\/figure>\n\n\n\n<p>Hay muchos lugares maravillosos en la ciudad, por ejemplo, la catedral m\u00e1s antigua que es <strong><a rel=\"noreferrer noopener\" aria-label=\"La Santa Mar\u00eda Maoir (se abre en una nueva pesta\u00f1a)\" href=\"https:\/\/www.conocelisboa.com\/catedral-santa-maria-maior-lisboa\" target=\"_blank\">La Santa Mar\u00eda Maoir<\/a><\/strong> de Lisboa. Puedes observar en ella una mezcla de distintos estilos arquitect\u00f3nicos unidos en un solo edificio gracias a la rica historia que tiene la ciudad. Su sencillez convierte a esta catedral en magn\u00edfica.<\/p>\n\n\n\n<div class=\"wp-block-image\"><figure class=\"aligncenter size-large is-resized\"><img decoding=\"async\" src=\"http:\/\/www.canariasviaja.com\/viajaresvivir\/wp-content\/uploads\/2020\/04\/Catedral-Lisboa-Escapada.jpg\" alt=\"Catedral de Lisboa Escapada\" class=\"wp-image-3715\" width=\"400\" srcset=\"https:\/\/www.canariasviaja.com\/viajaresvivir\/wp-content\/uploads\/2020\/04\/Catedral-Lisboa-Escapada.jpg 683w, https:\/\/www.canariasviaja.com\/viajaresvivir\/wp-content\/uploads\/2020\/04\/Catedral-Lisboa-Escapada-200x300.jpg 200w\" sizes=\"(max-width: 683px) 100vw, 683px\" \/><figcaption>Catedral de Santa Mar\u00eda Maior<\/figcaption><\/figure><\/div>\n\n\n\n<h4 class=\"wp-block-heading\">Una agradable sorpresa<\/h4>\n\n\n\n<p>Tuve mucha suerte porque el <strong><a rel=\"noreferrer noopener\" aria-label=\"Pante\u00f3n Nacional (se abre en una nueva pesta\u00f1a)\" href=\"https:\/\/www.lisboa.es\/que-ver\/panteon-nacional\/\" target=\"_blank\">Pante\u00f3n Nacional<\/a> <\/strong>lo descubr\u00ed por casualidad, estaba buscando un mercadillo de artesan\u00eda pero para m\u00ed disgusto, me hab\u00eda equivocado de d\u00eda. Bueno, mi error se convirti\u00f3 en euforia cuando descubr\u00ed el Pante\u00f3n, un edificio que no pasa inadvertido con su color blanco y sus suelos de m\u00e1rmol. Puedes entrar, te asomas por las peque\u00f1as &nbsp;ventanas, subes escaleras empinadas y pasas pasadizos estrechos para ver la b\u00f3veda tan espl\u00e9ndida que tiene y subir hasta el tejado. Me sent\u00e9 all\u00ed para admirar las vistas de la ciudad. La verdad es que fue un regalo para m\u00ed. <\/p>\n\n\n\n<div class=\"wp-block-image\"><figure class=\"aligncenter size-large is-resized\"><img decoding=\"async\" src=\"http:\/\/www.canariasviaja.com\/viajaresvivir\/wp-content\/uploads\/2020\/04\/Panteon-Escapada-a-Lisboa.jpg\" alt=\"Panteon Escapada a Lisboa\" class=\"wp-image-3728\" width=\"400\" srcset=\"https:\/\/www.canariasviaja.com\/viajaresvivir\/wp-content\/uploads\/2020\/04\/Panteon-Escapada-a-Lisboa.jpg 683w, https:\/\/www.canariasviaja.com\/viajaresvivir\/wp-content\/uploads\/2020\/04\/Panteon-Escapada-a-Lisboa-200x300.jpg 200w\" sizes=\"(max-width: 683px) 100vw, 683px\" \/><\/figure><\/div>\n\n\n\n<h4 class=\"wp-block-heading\">Una ciudad con vistas<\/h4>\n\n\n\n<p>Sin duda, uno de los lugares m\u00e1s emblem\u00e1ticos de la ciudad de Lisboa es <strong>el <a rel=\"noreferrer noopener\" aria-label=\"Castillo de San Jorge (se abre en una nueva pesta\u00f1a)\" href=\"https:\/\/castelodesaojorge.pt\/es\/\" target=\"_blank\">Castillo de San Jorge<\/a><\/strong>. Se conoce con este nombre a las ruinas de un castillo que se sit\u00faan en lo alto de la colina de San Jorge. El castillo se yergue en posici\u00f3n dominante sobre la m\u00e1s alta colina del centro hist\u00f3rico, proporcionando a los visitantes una de las m\u00e1s bellas vistas del este de la ciudad y sobre el estuario del&nbsp;<strong>R\u00edo Tajo<\/strong>. Ese d\u00eda fuimos all\u00ed sin prisa, caminamos por las calles cercanas muy empinadas pero vali\u00f3 la pena el esfuerzo. En la entrada del Castillo puedes encontrar a muchos artistas y pintores ambulantes que te pintan un cuadro digno de exposici\u00f3n en unos breves instantes. Las ruinas del castillo son maravillosas, los jardines con algunos pavos reales son espl\u00e9ndidos y desde arriba puedes ver toda la ciudad a tus pies, tan tranquila e imponente al mismo tiempo. Me sent\u00e9 bajo un \u00e1rbol a admirarla y me qued\u00e9 all\u00ed un largo rato perdida en mis pensamientos y, por supuesto, recuperando el aliento. La brisa fresca que corr\u00eda me ayud\u00f3 a refrescarme del calor sofocante de ese d\u00eda de verano, adem\u00e1s del castillo con sus once torres en el mismo recinto hay un peque\u00f1o museo, un bar y un restaurante muy acogedores. <\/p>\n\n\n\n<figure class=\"wp-block-gallery columns-2 is-cropped wp-block-gallery-2 is-layout-flex wp-block-gallery-is-layout-flex\"><ul class=\"blocks-gallery-grid\"><li class=\"blocks-gallery-item\"><figure><img loading=\"lazy\" decoding=\"async\" width=\"1024\" height=\"683\" src=\"http:\/\/www.canariasviaja.com\/viajaresvivir\/wp-content\/uploads\/2020\/04\/Castillo-de-San-Jorge-Escapada-Lisboa.jpg\" alt=\"\" data-id=\"3713\" data-full-url=\"http:\/\/www.canariasviaja.com\/viajaresvivir\/wp-content\/uploads\/2020\/04\/Castillo-de-San-Jorge-Escapada-Lisboa.jpg\" data-link=\"http:\/\/www.canariasviaja.com\/viajaresvivir\/?attachment_id=3713#main\" class=\"wp-image-3713\" srcset=\"https:\/\/www.canariasviaja.com\/viajaresvivir\/wp-content\/uploads\/2020\/04\/Castillo-de-San-Jorge-Escapada-Lisboa.jpg 1024w, https:\/\/www.canariasviaja.com\/viajaresvivir\/wp-content\/uploads\/2020\/04\/Castillo-de-San-Jorge-Escapada-Lisboa-300x200.jpg 300w, https:\/\/www.canariasviaja.com\/viajaresvivir\/wp-content\/uploads\/2020\/04\/Castillo-de-San-Jorge-Escapada-Lisboa-768x512.jpg 768w\" sizes=\"(max-width: 1024px) 100vw, 1024px\" \/><\/figure><\/li><li class=\"blocks-gallery-item\"><figure><img loading=\"lazy\" decoding=\"async\" width=\"683\" height=\"1024\" src=\"http:\/\/www.canariasviaja.com\/viajaresvivir\/wp-content\/uploads\/2020\/04\/Castillo-de-San-Jorge2-Escapada-Lisboa.jpg\" alt=\"Castillo de San Jorge Escapada a Lisboa\" data-id=\"3714\" data-full-url=\"http:\/\/www.canariasviaja.com\/viajaresvivir\/wp-content\/uploads\/2020\/04\/Castillo-de-San-Jorge2-Escapada-Lisboa.jpg\" data-link=\"http:\/\/www.canariasviaja.com\/viajaresvivir\/?attachment_id=3714#main\" class=\"wp-image-3714\" srcset=\"https:\/\/www.canariasviaja.com\/viajaresvivir\/wp-content\/uploads\/2020\/04\/Castillo-de-San-Jorge2-Escapada-Lisboa.jpg 683w, https:\/\/www.canariasviaja.com\/viajaresvivir\/wp-content\/uploads\/2020\/04\/Castillo-de-San-Jorge2-Escapada-Lisboa-200x300.jpg 200w\" sizes=\"(max-width: 683px) 100vw, 683px\" \/><\/figure><\/li><\/ul><\/figure>\n\n\n\n<figure class=\"wp-block-image size-large\"><img loading=\"lazy\" decoding=\"async\" width=\"2000\" height=\"1333\" src=\"http:\/\/www.canariasviaja.com\/viajaresvivir\/wp-content\/uploads\/2020\/04\/Panora\u0301mica-Escapada-Lisboa.jpg\" alt=\"Escapada a Lisboa vistas desde Castillo de San Jorge\" class=\"wp-image-3727\" srcset=\"https:\/\/www.canariasviaja.com\/viajaresvivir\/wp-content\/uploads\/2020\/04\/Panora\u0301mica-Escapada-Lisboa.jpg 2000w, https:\/\/www.canariasviaja.com\/viajaresvivir\/wp-content\/uploads\/2020\/04\/Panora\u0301mica-Escapada-Lisboa-300x200.jpg 300w, https:\/\/www.canariasviaja.com\/viajaresvivir\/wp-content\/uploads\/2020\/04\/Panora\u0301mica-Escapada-Lisboa-768x512.jpg 768w, https:\/\/www.canariasviaja.com\/viajaresvivir\/wp-content\/uploads\/2020\/04\/Panora\u0301mica-Escapada-Lisboa-1536x1024.jpg 1536w, https:\/\/www.canariasviaja.com\/viajaresvivir\/wp-content\/uploads\/2020\/04\/Panora\u0301mica-Escapada-Lisboa-1200x800.jpg 1200w, https:\/\/www.canariasviaja.com\/viajaresvivir\/wp-content\/uploads\/2020\/04\/Panora\u0301mica-Escapada-Lisboa-1620x1080.jpg 1620w\" sizes=\"(max-width: 2000px) 100vw, 2000px\" \/><\/figure>\n\n\n\n<h4 class=\"wp-block-heading\">Rumbo a Sintra<\/h4>\n\n\n\n<p>Al d\u00eda siguiente, despu\u00e9s de descansar de la larga caminata del d\u00eda anterior, cogimos el tren con destino <strong><a rel=\"noreferrer noopener\" aria-label=\"Sintra (se abre en una nueva pesta\u00f1a)\" href=\"https:\/\/www.sintra-portugal.com\/es-sintra-portugal-guia.html\" target=\"_blank\">Sintra<\/a><\/strong>, esta es una localidad portuguesa del distrito de Lisboa y fue declarada <strong>Patrimonio de la Humanidad por la Unesco<\/strong>. <\/p>\n\n\n\n<figure class=\"wp-block-image size-large\"><img loading=\"lazy\" decoding=\"async\" width=\"1024\" height=\"683\" src=\"http:\/\/www.canariasviaja.com\/viajaresvivir\/wp-content\/uploads\/2020\/04\/Escapada-a-Sintra2.jpg\" alt=\"Sintra\" class=\"wp-image-3722\" srcset=\"https:\/\/www.canariasviaja.com\/viajaresvivir\/wp-content\/uploads\/2020\/04\/Escapada-a-Sintra2.jpg 1024w, https:\/\/www.canariasviaja.com\/viajaresvivir\/wp-content\/uploads\/2020\/04\/Escapada-a-Sintra2-300x200.jpg 300w, https:\/\/www.canariasviaja.com\/viajaresvivir\/wp-content\/uploads\/2020\/04\/Escapada-a-Sintra2-768x512.jpg 768w\" sizes=\"(max-width: 1024px) 100vw, 1024px\" \/><\/figure>\n\n\n\n<p>En este lugar de importante valor natural, cultural y est\u00e9tico, tiene lugar la llegada de muchos turistas a lo largo del a\u00f1o. Entre sus principales atractivos figuran numerosos castillos y antiguas construcciones como el&nbsp;<a href=\"https:\/\/es.wikipedia.org\/wiki\/Castelo_dos_Mouros_(Sintra)\">Castillo de los Moros<\/a>, los palacios&nbsp;<a href=\"https:\/\/es.wikipedia.org\/wiki\/Palacio_da_Pena\">da Pena<\/a>,&nbsp;<a href=\"https:\/\/es.wikipedia.org\/wiki\/Palacio_de_Queluz\">de Queluz<\/a>,&nbsp;<a href=\"https:\/\/es.wikipedia.org\/wiki\/Palacio_de_Monserrate\">de Monserrate<\/a>,&nbsp;<a href=\"https:\/\/es.wikipedia.org\/wiki\/Pal%C3%A1cio_de_Seteais\">de Seteais<\/a>&nbsp;y el&nbsp;<a href=\"https:\/\/es.wikipedia.org\/wiki\/Palacio_Nacional_de_Sintra\">Palacio Nacional<\/a>, la&nbsp;<a href=\"https:\/\/es.wikipedia.org\/wiki\/Quinta_da_Regaleira\">Quinta da Regaleira<\/a>, el Chalet de la Condesa Edla, el&nbsp;<a href=\"https:\/\/es.wikipedia.org\/wiki\/Convento_dos_Capuchos_(Sintra)\">Convento de los Capuchinos<\/a>&nbsp;y la Granja Ornamental de la Pena. <\/p>\n\n\n\n<figure class=\"wp-block-image size-large\"><img loading=\"lazy\" decoding=\"async\" width=\"1024\" height=\"683\" src=\"http:\/\/www.canariasviaja.com\/viajaresvivir\/wp-content\/uploads\/2020\/04\/Sintra.jpg\" alt=\"Sintra\" class=\"wp-image-3731\" srcset=\"https:\/\/www.canariasviaja.com\/viajaresvivir\/wp-content\/uploads\/2020\/04\/Sintra.jpg 1024w, https:\/\/www.canariasviaja.com\/viajaresvivir\/wp-content\/uploads\/2020\/04\/Sintra-300x200.jpg 300w, https:\/\/www.canariasviaja.com\/viajaresvivir\/wp-content\/uploads\/2020\/04\/Sintra-768x512.jpg 768w\" sizes=\"(max-width: 1024px) 100vw, 1024px\" \/><\/figure>\n\n\n\n<div class=\"wp-block-image\"><figure class=\"aligncenter size-full\"><img loading=\"lazy\" decoding=\"async\" width=\"1024\" height=\"683\" src=\"https:\/\/www.canariasviaja.com\/viajaresvivir\/wp-content\/uploads\/2020\/04\/Torre-Sintra-Lisboa.jpg\" alt=\"Sintra\" class=\"wp-image-3734\" srcset=\"https:\/\/www.canariasviaja.com\/viajaresvivir\/wp-content\/uploads\/2020\/04\/Torre-Sintra-Lisboa.jpg 1024w, https:\/\/www.canariasviaja.com\/viajaresvivir\/wp-content\/uploads\/2020\/04\/Torre-Sintra-Lisboa-300x200.jpg 300w, https:\/\/www.canariasviaja.com\/viajaresvivir\/wp-content\/uploads\/2020\/04\/Torre-Sintra-Lisboa-768x512.jpg 768w\" sizes=\"(max-width: 1024px) 100vw, 1024px\" \/><\/figure><\/div>\n\n\n\n<p>Cuando llegu\u00e9 a Sintra cabalgu\u00e9 en mi imaginaci\u00f3n hacia aquella \u00e9poca en la que los palacetes estaban en todo su esplendor. So\u00f1\u00e9 con que asist\u00eda a sus banquetes y fiestas, es un lugar muy m\u00e1gico. En mi opini\u00f3n, se necesita m\u00e1s de un d\u00eda para conocer bien esta localidad, por lo que  merece la pena buscar un alojamiento aqu\u00ed. <\/p>\n\n\n\n<p>Cuando yo llegu\u00e9, contratamos un gu\u00eda que ten\u00eda coche propio y as\u00ed agilizamos la visita por los castillos. El chico fue muy cort\u00e9s y amable, sab\u00eda c\u00f3mo desenvolverse en la ciudad y nos ayud\u00f3 mucho con las entradas, conoc\u00eda los sitios m\u00e1s importantes e incluso los mejores restaurantes. Un lugar inolvidable fue <strong>Cabo da Roca<\/strong>, es el punto m\u00e1s occidental de Europa, se encuentra en el&nbsp;<a href=\"https:\/\/es.wikipedia.org\/wiki\/Parque_Natural_de_Sintra-Cascais\">Parque Natural de Sintra-Cascais<\/a>, hay un monumento de piedra donde est\u00e1n inscritas las coordenadas del lugar, donde la foto es obligatoria, tambi\u00e9n hay un faro y una tienda para turistas. <\/p>\n\n\n\n<figure class=\"wp-block-image size-large\"><img loading=\"lazy\" decoding=\"async\" width=\"1024\" height=\"683\" src=\"http:\/\/www.canariasviaja.com\/viajaresvivir\/wp-content\/uploads\/2020\/04\/Escapada-a-Sintra.jpg\" alt=\"Escapada a Sintra\" class=\"wp-image-3721\" srcset=\"https:\/\/www.canariasviaja.com\/viajaresvivir\/wp-content\/uploads\/2020\/04\/Escapada-a-Sintra.jpg 1024w, https:\/\/www.canariasviaja.com\/viajaresvivir\/wp-content\/uploads\/2020\/04\/Escapada-a-Sintra-300x200.jpg 300w, https:\/\/www.canariasviaja.com\/viajaresvivir\/wp-content\/uploads\/2020\/04\/Escapada-a-Sintra-768x512.jpg 768w\" sizes=\"(max-width: 1024px) 100vw, 1024px\" \/><\/figure>\n\n\n\n<h4 class=\"wp-block-heading\">Saboreando Belem<\/h4>\n\n\n\n<p> Para terminar nuestro viaje, fuimos en autob\u00fas a <strong>Santa Mar\u00eda de Belem<\/strong>, un barrio situado a las orillas del rio Tajo donde encuentras algunos monumentos que ilustran la historia mar\u00edtima de Portugal. <\/p>\n\n\n\n<figure class=\"wp-block-image size-large\"><img loading=\"lazy\" decoding=\"async\" width=\"1024\" height=\"683\" src=\"http:\/\/www.canariasviaja.com\/viajaresvivir\/wp-content\/uploads\/2020\/04\/Pasteles-de-Belem-Escapada-a-Lisboa.jpg\" alt=\"Pasteles de Belem Escapada a Lisboa\" class=\"wp-image-3729\" srcset=\"https:\/\/www.canariasviaja.com\/viajaresvivir\/wp-content\/uploads\/2020\/04\/Pasteles-de-Belem-Escapada-a-Lisboa.jpg 1024w, https:\/\/www.canariasviaja.com\/viajaresvivir\/wp-content\/uploads\/2020\/04\/Pasteles-de-Belem-Escapada-a-Lisboa-300x200.jpg 300w, https:\/\/www.canariasviaja.com\/viajaresvivir\/wp-content\/uploads\/2020\/04\/Pasteles-de-Belem-Escapada-a-Lisboa-768x512.jpg 768w\" sizes=\"(max-width: 1024px) 100vw, 1024px\" \/><\/figure>\n\n\n\n<p>Yo hab\u00eda o\u00eddo que los <strong><a href=\"https:\/\/pasteisdebelem.pt\/es\/\" target=\"_blank\" rel=\"noreferrer noopener\" aria-label=\"pastelitos de Belem (se abre en una nueva pesta\u00f1a)\">pastelitos de Belem<\/a><\/strong> eran deliciosos y es el lugar que tiene m\u00e1s fama donde comer este pastel. Cuando estaba llegando a la \u00faltima parada empec\u00e9 a ver mucha gente haciendo fila, no entend\u00eda muy bien, para que serv\u00eda. \u00a1Oh sorpresa! era la pasteler\u00eda donde venden los pastelitos, por supuesto, hice la fila y compr\u00e9 muchos. Algunos incluso los llev\u00e9 como regalo a mis familiares. Est\u00e1n buen\u00edsimos, mereci\u00f3 la pena la fila. Puedes llegar a apreciar sabores y olores que te llevan a disfrutar el ambiente de la zona, despertando el deseo de conocerlo y probarlo todo. <\/p>\n\n\n\n<h4 class=\"wp-block-heading\">Historia y arte junto al mar<\/h4>\n\n\n\n<p>Muy cerca se encuentra el edificio m\u00e1s impresionante que hay aqu\u00ed, el <strong><a rel=\"noreferrer noopener\" aria-label=\"Monasterio de Los Jer\u00f3nimos (se abre en una nueva pesta\u00f1a)\" href=\"https:\/\/www.visitportugal.com\/es\/content\/mosteiro-dos-jeronimos\" target=\"_blank\">Monasterio de Los Jer\u00f3nimos<\/a><\/strong>. Tiene unos 300 metros de fachada muy trabajada y con una gran riqueza art\u00edstica. Hay visitas guiadas muy interesantes en su interior donde podr\u00e1s ver el claustro y su decoraci\u00f3n. <\/p>\n\n\n\n<figure class=\"wp-block-image size-large\"><img loading=\"lazy\" decoding=\"async\" width=\"1024\" height=\"683\" src=\"http:\/\/www.canariasviaja.com\/viajaresvivir\/wp-content\/uploads\/2020\/04\/Los-Jero\u0301nimos-Escapada-a-Lisboa.jpg\" alt=\"Los Jer\u00f3nimos Escapada a Lisboa\" class=\"wp-image-3724\" srcset=\"https:\/\/www.canariasviaja.com\/viajaresvivir\/wp-content\/uploads\/2020\/04\/Los-Jero\u0301nimos-Escapada-a-Lisboa.jpg 1024w, https:\/\/www.canariasviaja.com\/viajaresvivir\/wp-content\/uploads\/2020\/04\/Los-Jero\u0301nimos-Escapada-a-Lisboa-300x200.jpg 300w, https:\/\/www.canariasviaja.com\/viajaresvivir\/wp-content\/uploads\/2020\/04\/Los-Jero\u0301nimos-Escapada-a-Lisboa-768x512.jpg 768w\" sizes=\"(max-width: 1024px) 100vw, 1024px\" \/><\/figure>\n\n\n\n<p>Al finalizar, sales a las zonas verdes en frente del monasterio y encontrar\u00e1s donde descansar bajo la sombra de los \u00e1rboles.&nbsp; Muy cerca ver\u00e1s la <a href=\"https:\/\/www.visitportugal.com\/es\/content\/torre-de-belem\"><strong>Torre de Belem<\/strong><\/a> en la orilla del rio Tajo donde puedes subir a lo alto de la torre.  Se utiliz\u00f3 antiguamente para defender Portugal de posibles invasiones. En el <strong><a rel=\"noreferrer noopener\" aria-label=\"Monumento a los Descubrimientos (se abre en una nueva pesta\u00f1a)\" href=\"https:\/\/www.lisboa.es\/que-ver\/monumento-a-los-descubrimientos\/\" target=\"_blank\">Monumento a los Descubrimientos<\/a><\/strong> puedes ver much\u00edsimas esculturas de personajes hist\u00f3ricos. <\/p>\n\n\n\n<figure class=\"wp-block-gallery columns-2 is-cropped wp-block-gallery-3 is-layout-flex wp-block-gallery-is-layout-flex\"><ul class=\"blocks-gallery-grid\"><li class=\"blocks-gallery-item\"><figure><img loading=\"lazy\" decoding=\"async\" width=\"1024\" height=\"683\" src=\"http:\/\/www.canariasviaja.com\/viajaresvivir\/wp-content\/uploads\/2020\/04\/Torre-de-Belem-Escapada-a-Lisboa.jpg\" alt=\"\" data-id=\"3733\" data-full-url=\"http:\/\/www.canariasviaja.com\/viajaresvivir\/wp-content\/uploads\/2020\/04\/Torre-de-Belem-Escapada-a-Lisboa.jpg\" data-link=\"http:\/\/www.canariasviaja.com\/viajaresvivir\/?attachment_id=3733#main\" class=\"wp-image-3733\" srcset=\"https:\/\/www.canariasviaja.com\/viajaresvivir\/wp-content\/uploads\/2020\/04\/Torre-de-Belem-Escapada-a-Lisboa.jpg 1024w, https:\/\/www.canariasviaja.com\/viajaresvivir\/wp-content\/uploads\/2020\/04\/Torre-de-Belem-Escapada-a-Lisboa-300x200.jpg 300w, https:\/\/www.canariasviaja.com\/viajaresvivir\/wp-content\/uploads\/2020\/04\/Torre-de-Belem-Escapada-a-Lisboa-768x512.jpg 768w\" sizes=\"(max-width: 1024px) 100vw, 1024px\" \/><\/figure><\/li><li class=\"blocks-gallery-item\"><figure><img loading=\"lazy\" decoding=\"async\" width=\"683\" height=\"1024\" src=\"http:\/\/www.canariasviaja.com\/viajaresvivir\/wp-content\/uploads\/2020\/04\/Monumento-descubridores-Lisboa.jpg\" alt=\"\" data-id=\"3725\" data-full-url=\"http:\/\/www.canariasviaja.com\/viajaresvivir\/wp-content\/uploads\/2020\/04\/Monumento-descubridores-Lisboa.jpg\" data-link=\"http:\/\/www.canariasviaja.com\/viajaresvivir\/?attachment_id=3725#main\" class=\"wp-image-3725\" srcset=\"https:\/\/www.canariasviaja.com\/viajaresvivir\/wp-content\/uploads\/2020\/04\/Monumento-descubridores-Lisboa.jpg 683w, https:\/\/www.canariasviaja.com\/viajaresvivir\/wp-content\/uploads\/2020\/04\/Monumento-descubridores-Lisboa-200x300.jpg 200w\" sizes=\"(max-width: 683px) 100vw, 683px\" \/><\/figure><\/li><\/ul><\/figure>\n\n\n\n<p>Despu\u00e9s, fui al<strong><a rel=\"noreferrer noopener\" aria-label=\" Museo colecci\u00f3n Berardo (se abre en una nueva pesta\u00f1a)\" href=\"https:\/\/www.visitlisboa.com\/es\/sitios\/museu-colecao-berardo\" target=\"_blank\"> Museo Colecci\u00f3n Berardo<\/a><\/strong>. Fue muy interesante e instructivo, es uno de las colecciones m\u00e1s grandes de arte contempor\u00e1neo, tiene obras realmente excepcionales. Tienes que tener claro que a esta visita debes ir preparada con agua y zapatos bajos, yo camin\u00e9 much\u00edsimo ese d\u00eda y regres\u00e9 muy tarde al hotel, as\u00ed que se debe ir muy c\u00f3modo. <\/p>\n\n\n\n<h4 class=\"wp-block-heading\">El broche final<\/h4>\n\n\n\n<p>Por la noche cenamos unos <strong>bu\u00f1uelos de bacalao<\/strong> muy ricos en un restaurante con espect\u00e1culo de<strong> fado<\/strong>. El fado te hace revivir experiencias de la vida, historias de amor y desamor que te llenan de a\u00f1oranza. <\/p>\n\n\n\n<p>Fue una \u00faltima noche muy especial en esta ciudad tan dulce y acogedora. Nunca lo olvidar\u00e9. Todos los viajes te llegan a transformar en cierta medida, nunca eres el mismo cuando regresas, y Lisboa no ha sido una excepci\u00f3n. <\/p>\n\n\n\n<p>He aprendido cosas nuevas, la arquitectura del lugar ha llenado mi esp\u00edritu de sorpresa y la sonrisa de los ciudadanos ha llenado mi coraz\u00f3n de alegr\u00eda. En esta escapada a Lisboa he convertido desconocidos en amigos y supuso una experiencia inolvidable, me aport\u00f3 energ\u00eda y abri\u00f3 mis ojos para que comprendiera m\u00e1s el mundo. <\/p>\n\n\n\n<figure class=\"wp-block-gallery columns-2 is-cropped wp-block-gallery-4 is-layout-flex wp-block-gallery-is-layout-flex\"><ul class=\"blocks-gallery-grid\"><li class=\"blocks-gallery-item\"><figure><img loading=\"lazy\" decoding=\"async\" width=\"683\" height=\"1024\" src=\"http:\/\/www.canariasviaja.com\/viajaresvivir\/wp-content\/uploads\/2020\/04\/Escapada-a-Lisboa2.jpg\" alt=\"\" data-id=\"3720\" data-full-url=\"http:\/\/www.canariasviaja.com\/viajaresvivir\/wp-content\/uploads\/2020\/04\/Escapada-a-Lisboa2.jpg\" data-link=\"http:\/\/www.canariasviaja.com\/viajaresvivir\/?attachment_id=3720#main\" class=\"wp-image-3720\" srcset=\"https:\/\/www.canariasviaja.com\/viajaresvivir\/wp-content\/uploads\/2020\/04\/Escapada-a-Lisboa2.jpg 683w, https:\/\/www.canariasviaja.com\/viajaresvivir\/wp-content\/uploads\/2020\/04\/Escapada-a-Lisboa2-200x300.jpg 200w\" sizes=\"(max-width: 683px) 100vw, 683px\" \/><\/figure><\/li><li class=\"blocks-gallery-item\"><figure><img loading=\"lazy\" decoding=\"async\" width=\"1024\" height=\"683\" src=\"http:\/\/www.canariasviaja.com\/viajaresvivir\/wp-content\/uploads\/2020\/04\/Escapada-a-Lisboa.jpg\" alt=\"\" data-id=\"3719\" data-full-url=\"http:\/\/www.canariasviaja.com\/viajaresvivir\/wp-content\/uploads\/2020\/04\/Escapada-a-Lisboa.jpg\" data-link=\"http:\/\/www.canariasviaja.com\/viajaresvivir\/?attachment_id=3719#main\" class=\"wp-image-3719\" srcset=\"https:\/\/www.canariasviaja.com\/viajaresvivir\/wp-content\/uploads\/2020\/04\/Escapada-a-Lisboa.jpg 1024w, https:\/\/www.canariasviaja.com\/viajaresvivir\/wp-content\/uploads\/2020\/04\/Escapada-a-Lisboa-300x200.jpg 300w, https:\/\/www.canariasviaja.com\/viajaresvivir\/wp-content\/uploads\/2020\/04\/Escapada-a-Lisboa-768x512.jpg 768w\" sizes=\"(max-width: 1024px) 100vw, 1024px\" \/><\/figure><\/li><\/ul><\/figure>\n\n\n\n<figure class=\"wp-block-image size-large\"><img loading=\"lazy\" decoding=\"async\" width=\"1024\" height=\"683\" src=\"http:\/\/www.canariasviaja.com\/viajaresvivir\/wp-content\/uploads\/2020\/04\/Puente-Escapada-a-Lisboa.jpg\" alt=\"Puente Lisboa\" class=\"wp-image-3730\" srcset=\"https:\/\/www.canariasviaja.com\/viajaresvivir\/wp-content\/uploads\/2020\/04\/Puente-Escapada-a-Lisboa.jpg 1024w, https:\/\/www.canariasviaja.com\/viajaresvivir\/wp-content\/uploads\/2020\/04\/Puente-Escapada-a-Lisboa-300x200.jpg 300w, https:\/\/www.canariasviaja.com\/viajaresvivir\/wp-content\/uploads\/2020\/04\/Puente-Escapada-a-Lisboa-768x512.jpg 768w\" sizes=\"(max-width: 1024px) 100vw, 1024px\" \/><\/figure>\n\n\n\n<p>El viajar nos ofrece gran variedad de contrastes que es lo que te da vida, al fin y al cabo. VIAJAR ES VIVIR. <\/p>\n\n\n\n<p><\/p>\n\n\n\n<p>Fotograf\u00edas: Laura Camacho<\/p>\n\n\n\n<hr class=\"wp-block-separator is-style-wide\"\/>\n\n\n\n<p>\u00bfQuieres seguir los pasos de Laura y Martha por Lisboa y Sintra? Te hemos preparado una <a rel=\"noreferrer noopener\" aria-label=\"oferta irresistible (se abre en una nueva pesta\u00f1a)\" href=\"https:\/\/bit.ly\/2zcJpUP\" target=\"_blank\">oferta irresistible<\/a>. <\/p>\n","protected":false},"excerpt":{"rendered":"<p>Laura nos cuenta el viaje que realiz\u00f3 a Lisboa y Sintra con su madre y c\u00f3mo aprovech\u00f3 al m\u00e1ximo su escapada.<\/p>\n","protected":false},"author":27,"featured_media":3727,"comment_status":"open","ping_status":"open","sticky":false,"template":"","format":"standard","meta":{"_acf_changed":false,"sfsi_plus_gutenberg_text_before_share":"","sfsi_plus_gutenberg_show_text_before_share":"","sfsi_plus_gutenberg_icon_type":"","sfsi_plus_gutenberg_icon_alignemt":"","sfsi_plus_gutenburg_max_per_row":"","footnotes":""},"categories":[124,146,5,123,10,94],"tags":[422,264,505,507,151,150,500,202,506],"class_list":["post-3702","post","type-post","status-publish","format-standard","has-post-thumbnail","hentry","category-descubre","category-el-viaje-de","category-europa","category-explora","category-historias-viajeras","category-lisboa","tag-arquitectura-tradicional","tag-cultura","tag-escapada","tag-escapada-familiar","tag-gastronomia","tag-historia","tag-historias-viajeras","tag-lisboa","tag-sintra"],"acf":[],"yoast_head":"<!-- This site is optimized with the Yoast SEO plugin v24.1 - https:\/\/yoast.com\/wordpress\/plugins\/seo\/ -->\n<title>Escapada a Lisboa: El viaje de Laura y Martha. - Viajar es vivir<\/title>\n<meta name=\"description\" content=\"Ponte unos zapartos c\u00f3modos y disfruta de esta escapada a Lisboa. Martha y Laura, madre e hija, nos cuentan su viaje y como le sacaron el jugo a Lisboa.\" \/>\n<meta name=\"robots\" content=\"index, follow, max-snippet:-1, max-image-preview:large, max-video-preview:-1\" \/>\n<link rel=\"canonical\" href=\"https:\/\/www.canariasviaja.com\/viajaresvivir\/escapada-a-lisboa-el-viaje-de-laura-y-martha\/\" \/>\n<meta property=\"og:locale\" content=\"es_ES\" \/>\n<meta property=\"og:type\" content=\"article\" \/>\n<meta property=\"og:title\" content=\"Escapada a Lisboa: El viaje de Laura y Martha. - Viajar es vivir\" \/>\n<meta property=\"og:description\" content=\"Ponte unos zapartos c\u00f3modos y disfruta de esta escapada a Lisboa. Martha y Laura, madre e hija, nos cuentan su viaje y como le sacaron el jugo a Lisboa.\" \/>\n<meta property=\"og:url\" content=\"https:\/\/www.canariasviaja.com\/viajaresvivir\/escapada-a-lisboa-el-viaje-de-laura-y-martha\/\" \/>\n<meta property=\"og:site_name\" content=\"Viajar es vivir\" \/>\n<meta property=\"article:published_time\" content=\"2020-04-30T09:14:32+00:00\" \/>\n<meta property=\"article:modified_time\" content=\"2020-05-07T09:47:32+00:00\" \/>\n<meta property=\"og:image\" content=\"https:\/\/www.canariasviaja.com\/viajaresvivir\/wp-content\/uploads\/2020\/04\/Panora\u0301mica-Escapada-Lisboa.jpg\" \/>\n\t<meta property=\"og:image:width\" content=\"2000\" \/>\n\t<meta property=\"og:image:height\" content=\"1333\" \/>\n\t<meta property=\"og:image:type\" content=\"image\/jpeg\" \/>\n<meta name=\"author\" content=\"Laura Camacho\" \/>\n<meta name=\"twitter:card\" content=\"summary_large_image\" \/>\n<meta name=\"twitter:label1\" content=\"Escrito por\" \/>\n\t<meta name=\"twitter:data1\" content=\"Laura Camacho\" \/>\n\t<meta name=\"twitter:label2\" content=\"Tiempo de lectura\" \/>\n\t<meta name=\"twitter:data2\" content=\"9 minutos\" \/>\n<script type=\"application\/ld+json\" class=\"yoast-schema-graph\">{\"@context\":\"https:\/\/schema.org\",\"@graph\":[{\"@type\":\"WebPage\",\"@id\":\"https:\/\/www.canariasviaja.com\/viajaresvivir\/escapada-a-lisboa-el-viaje-de-laura-y-martha\/\",\"url\":\"https:\/\/www.canariasviaja.com\/viajaresvivir\/escapada-a-lisboa-el-viaje-de-laura-y-martha\/\",\"name\":\"Escapada a Lisboa: El viaje de Laura y Martha. - Viajar es vivir\",\"isPartOf\":{\"@id\":\"https:\/\/www.canariasviaja.com\/viajaresvivir\/#website\"},\"primaryImageOfPage\":{\"@id\":\"https:\/\/www.canariasviaja.com\/viajaresvivir\/escapada-a-lisboa-el-viaje-de-laura-y-martha\/#primaryimage\"},\"image\":{\"@id\":\"https:\/\/www.canariasviaja.com\/viajaresvivir\/escapada-a-lisboa-el-viaje-de-laura-y-martha\/#primaryimage\"},\"thumbnailUrl\":\"https:\/\/www.canariasviaja.com\/viajaresvivir\/wp-content\/uploads\/2020\/04\/Panora\u0301mica-Escapada-Lisboa.jpg\",\"datePublished\":\"2020-04-30T09:14:32+00:00\",\"dateModified\":\"2020-05-07T09:47:32+00:00\",\"author\":{\"@id\":\"https:\/\/www.canariasviaja.com\/viajaresvivir\/#\/schema\/person\/a0d01a1b1c60db3aca555309a03bea92\"},\"description\":\"Ponte unos zapartos c\u00f3modos y disfruta de esta escapada a Lisboa. Martha y Laura, madre e hija, nos cuentan su viaje y como le sacaron el jugo a Lisboa.\",\"breadcrumb\":{\"@id\":\"https:\/\/www.canariasviaja.com\/viajaresvivir\/escapada-a-lisboa-el-viaje-de-laura-y-martha\/#breadcrumb\"},\"inLanguage\":\"es\",\"potentialAction\":[{\"@type\":\"ReadAction\",\"target\":[\"https:\/\/www.canariasviaja.com\/viajaresvivir\/escapada-a-lisboa-el-viaje-de-laura-y-martha\/\"]}]},{\"@type\":\"ImageObject\",\"inLanguage\":\"es\",\"@id\":\"https:\/\/www.canariasviaja.com\/viajaresvivir\/escapada-a-lisboa-el-viaje-de-laura-y-martha\/#primaryimage\",\"url\":\"https:\/\/www.canariasviaja.com\/viajaresvivir\/wp-content\/uploads\/2020\/04\/Panora\u0301mica-Escapada-Lisboa.jpg\",\"contentUrl\":\"https:\/\/www.canariasviaja.com\/viajaresvivir\/wp-content\/uploads\/2020\/04\/Panora\u0301mica-Escapada-Lisboa.jpg\",\"width\":2000,\"height\":1333,\"caption\":\"Escapada a Lisboa vistas desde Castillo de San Jorge\"},{\"@type\":\"BreadcrumbList\",\"@id\":\"https:\/\/www.canariasviaja.com\/viajaresvivir\/escapada-a-lisboa-el-viaje-de-laura-y-martha\/#breadcrumb\",\"itemListElement\":[{\"@type\":\"ListItem\",\"position\":1,\"name\":\"Portada\",\"item\":\"https:\/\/www.canariasviaja.com\/viajaresvivir\/\"},{\"@type\":\"ListItem\",\"position\":2,\"name\":\"Escapada a Lisboa: El viaje de Laura y Martha.\"}]},{\"@type\":\"WebSite\",\"@id\":\"https:\/\/www.canariasviaja.com\/viajaresvivir\/#website\",\"url\":\"https:\/\/www.canariasviaja.com\/viajaresvivir\/\",\"name\":\"Viajar es vivir\",\"description\":\"El blog de viajes y estilo de vida de CanariasViaja\",\"potentialAction\":[{\"@type\":\"SearchAction\",\"target\":{\"@type\":\"EntryPoint\",\"urlTemplate\":\"https:\/\/www.canariasviaja.com\/viajaresvivir\/?s={search_term_string}\"},\"query-input\":{\"@type\":\"PropertyValueSpecification\",\"valueRequired\":true,\"valueName\":\"search_term_string\"}}],\"inLanguage\":\"es\"},{\"@type\":\"Person\",\"@id\":\"https:\/\/www.canariasviaja.com\/viajaresvivir\/#\/schema\/person\/a0d01a1b1c60db3aca555309a03bea92\",\"name\":\"Laura Camacho\",\"image\":{\"@type\":\"ImageObject\",\"inLanguage\":\"es\",\"@id\":\"https:\/\/www.canariasviaja.com\/viajaresvivir\/#\/schema\/person\/image\/\",\"url\":\"https:\/\/secure.gravatar.com\/avatar\/9042c7a9a401615aeb33f96e3c0187a3?s=96&d=mm&r=g\",\"contentUrl\":\"https:\/\/secure.gravatar.com\/avatar\/9042c7a9a401615aeb33f96e3c0187a3?s=96&d=mm&r=g\",\"caption\":\"Laura Camacho\"},\"url\":\"https:\/\/www.canariasviaja.com\/viajaresvivir\/author\/laura-camacho\/\"}]}<\/script>\n<!-- \/ Yoast SEO plugin. -->","yoast_head_json":{"title":"Escapada a Lisboa: El viaje de Laura y Martha. - Viajar es vivir","description":"Ponte unos zapartos c\u00f3modos y disfruta de esta escapada a Lisboa. Martha y Laura, madre e hija, nos cuentan su viaje y como le sacaron el jugo a Lisboa.","robots":{"index":"index","follow":"follow","max-snippet":"max-snippet:-1","max-image-preview":"max-image-preview:large","max-video-preview":"max-video-preview:-1"},"canonical":"https:\/\/www.canariasviaja.com\/viajaresvivir\/escapada-a-lisboa-el-viaje-de-laura-y-martha\/","og_locale":"es_ES","og_type":"article","og_title":"Escapada a Lisboa: El viaje de Laura y Martha. - Viajar es vivir","og_description":"Ponte unos zapartos c\u00f3modos y disfruta de esta escapada a Lisboa. Martha y Laura, madre e hija, nos cuentan su viaje y como le sacaron el jugo a Lisboa.","og_url":"https:\/\/www.canariasviaja.com\/viajaresvivir\/escapada-a-lisboa-el-viaje-de-laura-y-martha\/","og_site_name":"Viajar es vivir","article_published_time":"2020-04-30T09:14:32+00:00","article_modified_time":"2020-05-07T09:47:32+00:00","og_image":[{"width":2000,"height":1333,"url":"https:\/\/www.canariasviaja.com\/viajaresvivir\/wp-content\/uploads\/2020\/04\/Panora\u0301mica-Escapada-Lisboa.jpg","type":"image\/jpeg"}],"author":"Laura Camacho","twitter_card":"summary_large_image","twitter_misc":{"Escrito por":"Laura Camacho","Tiempo de lectura":"9 minutos"},"schema":{"@context":"https:\/\/schema.org","@graph":[{"@type":"WebPage","@id":"https:\/\/www.canariasviaja.com\/viajaresvivir\/escapada-a-lisboa-el-viaje-de-laura-y-martha\/","url":"https:\/\/www.canariasviaja.com\/viajaresvivir\/escapada-a-lisboa-el-viaje-de-laura-y-martha\/","name":"Escapada a Lisboa: El viaje de Laura y Martha. - Viajar es vivir","isPartOf":{"@id":"https:\/\/www.canariasviaja.com\/viajaresvivir\/#website"},"primaryImageOfPage":{"@id":"https:\/\/www.canariasviaja.com\/viajaresvivir\/escapada-a-lisboa-el-viaje-de-laura-y-martha\/#primaryimage"},"image":{"@id":"https:\/\/www.canariasviaja.com\/viajaresvivir\/escapada-a-lisboa-el-viaje-de-laura-y-martha\/#primaryimage"},"thumbnailUrl":"https:\/\/www.canariasviaja.com\/viajaresvivir\/wp-content\/uploads\/2020\/04\/Panora\u0301mica-Escapada-Lisboa.jpg","datePublished":"2020-04-30T09:14:32+00:00","dateModified":"2020-05-07T09:47:32+00:00","author":{"@id":"https:\/\/www.canariasviaja.com\/viajaresvivir\/#\/schema\/person\/a0d01a1b1c60db3aca555309a03bea92"},"description":"Ponte unos zapartos c\u00f3modos y disfruta de esta escapada a Lisboa. Martha y Laura, madre e hija, nos cuentan su viaje y como le sacaron el jugo a Lisboa.","breadcrumb":{"@id":"https:\/\/www.canariasviaja.com\/viajaresvivir\/escapada-a-lisboa-el-viaje-de-laura-y-martha\/#breadcrumb"},"inLanguage":"es","potentialAction":[{"@type":"ReadAction","target":["https:\/\/www.canariasviaja.com\/viajaresvivir\/escapada-a-lisboa-el-viaje-de-laura-y-martha\/"]}]},{"@type":"ImageObject","inLanguage":"es","@id":"https:\/\/www.canariasviaja.com\/viajaresvivir\/escapada-a-lisboa-el-viaje-de-laura-y-martha\/#primaryimage","url":"https:\/\/www.canariasviaja.com\/viajaresvivir\/wp-content\/uploads\/2020\/04\/Panora\u0301mica-Escapada-Lisboa.jpg","contentUrl":"https:\/\/www.canariasviaja.com\/viajaresvivir\/wp-content\/uploads\/2020\/04\/Panora\u0301mica-Escapada-Lisboa.jpg","width":2000,"height":1333,"caption":"Escapada a Lisboa vistas desde Castillo de San Jorge"},{"@type":"BreadcrumbList","@id":"https:\/\/www.canariasviaja.com\/viajaresvivir\/escapada-a-lisboa-el-viaje-de-laura-y-martha\/#breadcrumb","itemListElement":[{"@type":"ListItem","position":1,"name":"Portada","item":"https:\/\/www.canariasviaja.com\/viajaresvivir\/"},{"@type":"ListItem","position":2,"name":"Escapada a Lisboa: El viaje de Laura y Martha."}]},{"@type":"WebSite","@id":"https:\/\/www.canariasviaja.com\/viajaresvivir\/#website","url":"https:\/\/www.canariasviaja.com\/viajaresvivir\/","name":"Viajar es vivir","description":"El blog de viajes y estilo de vida de CanariasViaja","potentialAction":[{"@type":"SearchAction","target":{"@type":"EntryPoint","urlTemplate":"https:\/\/www.canariasviaja.com\/viajaresvivir\/?s={search_term_string}"},"query-input":{"@type":"PropertyValueSpecification","valueRequired":true,"valueName":"search_term_string"}}],"inLanguage":"es"},{"@type":"Person","@id":"https:\/\/www.canariasviaja.com\/viajaresvivir\/#\/schema\/person\/a0d01a1b1c60db3aca555309a03bea92","name":"Laura Camacho","image":{"@type":"ImageObject","inLanguage":"es","@id":"https:\/\/www.canariasviaja.com\/viajaresvivir\/#\/schema\/person\/image\/","url":"https:\/\/secure.gravatar.com\/avatar\/9042c7a9a401615aeb33f96e3c0187a3?s=96&d=mm&r=g","contentUrl":"https:\/\/secure.gravatar.com\/avatar\/9042c7a9a401615aeb33f96e3c0187a3?s=96&d=mm&r=g","caption":"Laura Camacho"},"url":"https:\/\/www.canariasviaja.com\/viajaresvivir\/author\/laura-camacho\/"}]}},"_links":{"self":[{"href":"https:\/\/www.canariasviaja.com\/viajaresvivir\/wp-json\/wp\/v2\/posts\/3702"}],"collection":[{"href":"https:\/\/www.canariasviaja.com\/viajaresvivir\/wp-json\/wp\/v2\/posts"}],"about":[{"href":"https:\/\/www.canariasviaja.com\/viajaresvivir\/wp-json\/wp\/v2\/types\/post"}],"author":[{"embeddable":true,"href":"https:\/\/www.canariasviaja.com\/viajaresvivir\/wp-json\/wp\/v2\/users\/27"}],"replies":[{"embeddable":true,"href":"https:\/\/www.canariasviaja.com\/viajaresvivir\/wp-json\/wp\/v2\/comments?post=3702"}],"version-history":[{"count":10,"href":"https:\/\/www.canariasviaja.com\/viajaresvivir\/wp-json\/wp\/v2\/posts\/3702\/revisions"}],"predecessor-version":[{"id":3751,"href":"https:\/\/www.canariasviaja.com\/viajaresvivir\/wp-json\/wp\/v2\/posts\/3702\/revisions\/3751"}],"wp:featuredmedia":[{"embeddable":true,"href":"https:\/\/www.canariasviaja.com\/viajaresvivir\/wp-json\/wp\/v2\/media\/3727"}],"wp:attachment":[{"href":"https:\/\/www.canariasviaja.com\/viajaresvivir\/wp-json\/wp\/v2\/media?parent=3702"}],"wp:term":[{"taxonomy":"category","embeddable":true,"href":"https:\/\/www.canariasviaja.com\/viajaresvivir\/wp-json\/wp\/v2\/categories?post=3702"},{"taxonomy":"post_tag","embeddable":true,"href":"https:\/\/www.canariasviaja.com\/viajaresvivir\/wp-json\/wp\/v2\/tags?post=3702"}],"curies":[{"name":"wp","href":"https:\/\/api.w.org\/{rel}","templated":true}]}}