{"id":4370,"date":"2020-07-01T13:05:40","date_gmt":"2020-07-01T13:05:40","guid":{"rendered":"http:\/\/www.canariasviaja.com\/viajaresvivir\/?p=4370"},"modified":"2020-07-05T17:54:07","modified_gmt":"2020-07-05T17:54:07","slug":"a-pie-por-gran-canaria-slow-travelling-en-la-isla-continente","status":"publish","type":"post","link":"https:\/\/www.canariasviaja.com\/viajaresvivir\/a-pie-por-gran-canaria-slow-travelling-en-la-isla-continente\/","title":{"rendered":"A pie por Gran Canaria: slow travelling en la Isla Continente"},"content":{"rendered":"\n<h4 class=\"wp-block-heading\">Viajar a pie, sin prisas, disfrutando del paisaje, de los cambios de luz, de los aromas, de los encuentros con personas que habitan esos rincones lejanos de nuestras isla donde el tiempo pasa m\u00e1s lento. Te invitamos a practicar el <em>slow travelling<\/em> en Gran Canaria.<\/h4>\n\n\n\n<h2 class=\"wp-block-heading\">A pie por Gran Canaria: de la Caldera de Tirajana a La Fortaleza<\/h2>\n\n\n\n<p>Comienza mi viaje a pie por Gran Canaria en <strong>Santa Luc\u00eda<\/strong>, en plena <strong>Caldera<\/strong> de Tirajana. Como queri\u00e9ndose esconder de las miradas de los que van en coche, los grandes <strong>oasis de palmeras de Ingenio y Casas Blancas<\/strong> nos sorprenden en cuanto comenzamos a andar nuestros primeros pasos. \u00a1Me gustan!.&nbsp;<\/p>\n\n\n\n<figure class=\"wp-block-image size-large\"><img loading=\"lazy\" decoding=\"async\" width=\"1024\" height=\"683\" src=\"https:\/\/www.canariasviaja.com\/viajaresvivir\/wp-content\/uploads\/2020\/07\/Sorrueda-A-pie-por-Gran-Canaria.jpg\" alt=\"\" class=\"wp-image-4382\" srcset=\"https:\/\/www.canariasviaja.com\/viajaresvivir\/wp-content\/uploads\/2020\/07\/Sorrueda-A-pie-por-Gran-Canaria.jpg 1024w, https:\/\/www.canariasviaja.com\/viajaresvivir\/wp-content\/uploads\/2020\/07\/Sorrueda-A-pie-por-Gran-Canaria-300x200.jpg 300w, https:\/\/www.canariasviaja.com\/viajaresvivir\/wp-content\/uploads\/2020\/07\/Sorrueda-A-pie-por-Gran-Canaria-768x512.jpg 768w\" sizes=\"(max-width: 1024px) 100vw, 1024px\" \/><figcaption>Foto: Promotur<\/figcaption><\/figure>\n\n\n\n<p>Solo me cruzo con algunas casas en el camino. Estamos descubriendo un mundo tranquilo en el que se percibe la sensaci\u00f3n de ruralidad.&nbsp;<\/p>\n\n\n\n<p>Rosana, que bail\u00f3 el charleston hace tiempo, se pone contenta cuando le comento que sus naranjas son deliciosas. Quiz\u00e1s soy el primer <strong>caminante <\/strong>que la saluda en semanas. Transitamos caminos solitarios.&nbsp;<\/p>\n\n\n\n<p><strong>Viajar lento<\/strong> me permite disfrutar de los peque\u00f1os detalles del sendero y maravillarme con las enormes monta\u00f1as que rodean la caldera, desde el blanquecino <strong>Risco Blanco<\/strong> hasta la enigm\u00e1tica <strong>Amurga<\/strong>. Me siento diminuto en este paisaje.<\/p>\n\n\n\n<figure class=\"wp-block-image size-large\"><img loading=\"lazy\" decoding=\"async\" width=\"1024\" height=\"768\" src=\"http:\/\/www.canariasviaja.com\/viajaresvivir\/wp-content\/uploads\/2020\/07\/Triangle-of-nature.jpg\" alt=\"Tri\u00e1ngulo de Naturaleza en Gran Canaria\" class=\"wp-image-4393\" srcset=\"https:\/\/www.canariasviaja.com\/viajaresvivir\/wp-content\/uploads\/2020\/07\/Triangle-of-nature.jpg 1024w, https:\/\/www.canariasviaja.com\/viajaresvivir\/wp-content\/uploads\/2020\/07\/Triangle-of-nature-300x225.jpg 300w, https:\/\/www.canariasviaja.com\/viajaresvivir\/wp-content\/uploads\/2020\/07\/Triangle-of-nature-768x576.jpg 768w, https:\/\/www.canariasviaja.com\/viajaresvivir\/wp-content\/uploads\/2020\/07\/Triangle-of-nature-800x600.jpg 800w\" sizes=\"(max-width: 1024px) 100vw, 1024px\" \/><\/figure>\n\n\n\n<p>Tras atravesar la <strong>ruta de la sal<\/strong>, llego a <strong>La Fortaleza<\/strong>, yacimiento de gran belleza que a\u00fan nos sigue desvelando pasajes de nuestra historia prehisp\u00e1nica.<\/p>\n\n\n\n<p><strong>Ag\u00fcimes<\/strong>, donde duermo las dos primeras noches de mi viaje, me muestra su historia con un museo de esculturas en la calle. Casas peque\u00f1as y coloridas y una Iglesia de enorme valor hist\u00f3rico-art\u00edstico. Percibo un aire se\u00f1orial en el ambiente.<\/p>\n\n\n\n<h2 class=\"wp-block-heading\">De Guayadeque a los Roques de Tenteniguada<\/h2>\n\n\n\n<p>Segunda ruta de mi viaje a pi\u00e9 por Gran Canaria. Hoy toca un trayecto largo, pero enormemente variado: <strong>Guayadeque, Lereta, Caldera de Los Marteles y Los Roques de Tenteniguada<\/strong>. Me impresiona la altura de las monta\u00f1as, la belleza del sendero que me lleva a hasta Lereta, los primeros pinares que me encuentro, atravesar un cr\u00e1ter y, finalmente, la presencia de Los Roques que, cual vig\u00edas, son omnipresentes en la bajada.&nbsp;<\/p>\n\n\n\n<figure class=\"wp-block-image size-large\"><img loading=\"lazy\" decoding=\"async\" width=\"1024\" height=\"768\" src=\"http:\/\/www.canariasviaja.com\/viajaresvivir\/wp-content\/uploads\/2020\/07\/Ruta-2-gran-canaria-a-pie.jpg\" alt=\"Senderismo a pie por Gran Canaria\" class=\"wp-image-4392\" srcset=\"https:\/\/www.canariasviaja.com\/viajaresvivir\/wp-content\/uploads\/2020\/07\/Ruta-2-gran-canaria-a-pie.jpg 1024w, https:\/\/www.canariasviaja.com\/viajaresvivir\/wp-content\/uploads\/2020\/07\/Ruta-2-gran-canaria-a-pie-300x225.jpg 300w, https:\/\/www.canariasviaja.com\/viajaresvivir\/wp-content\/uploads\/2020\/07\/Ruta-2-gran-canaria-a-pie-768x576.jpg 768w, https:\/\/www.canariasviaja.com\/viajaresvivir\/wp-content\/uploads\/2020\/07\/Ruta-2-gran-canaria-a-pie-800x600.jpg 800w\" sizes=\"(max-width: 1024px) 100vw, 1024px\" \/><\/figure>\n\n\n\n<figure class=\"wp-block-image size-large\"><img loading=\"lazy\" decoding=\"async\" width=\"1024\" height=\"722\" src=\"https:\/\/www.canariasviaja.com\/viajaresvivir\/wp-content\/uploads\/2020\/07\/Guayadeque.jpg\" alt=\"\" class=\"wp-image-4383\" srcset=\"https:\/\/www.canariasviaja.com\/viajaresvivir\/wp-content\/uploads\/2020\/07\/Guayadeque.jpg 1024w, https:\/\/www.canariasviaja.com\/viajaresvivir\/wp-content\/uploads\/2020\/07\/Guayadeque-300x212.jpg 300w, https:\/\/www.canariasviaja.com\/viajaresvivir\/wp-content\/uploads\/2020\/07\/Guayadeque-768x542.jpg 768w\" sizes=\"(max-width: 1024px) 100vw, 1024px\" \/><figcaption>Foto: Promotur<\/figcaption><\/figure>\n\n\n\n<p><strong>Tejeda<\/strong>, mi segundo alojamiento en este viaje, es un pueblo agraciado por la naturaleza, un mirador privilegiado de las monta\u00f1as y barrancos del oeste de Gran Canaria. Aqu\u00ed he disfrutado de tres atardeceres inolvidables en esta tierra de almendros.<\/p>\n\n\n\n<h2 class=\"wp-block-heading\">La ruta de los cien valles<\/h2>\n\n\n\n<p>Tercera ruta, atravieso un enorme bosque de pinos con la mirada puesta en el lejano <strong>Roque Nublo<\/strong>, entiendo que sea el s\u00edmbolo natural de la Isla, chimenea volc\u00e1nica de proporciones gigantescas, roca enigm\u00e1tica donde las haya. He sentido su energ\u00eda.&nbsp;<\/p>\n\n\n\n<figure class=\"wp-block-image size-large\"><img loading=\"lazy\" decoding=\"async\" width=\"2000\" height=\"1500\" src=\"http:\/\/www.canariasviaja.com\/viajaresvivir\/wp-content\/uploads\/2020\/07\/gran-canaria-a-pie-portada.jpg\" alt=\"A pie por Gran Canaria portada\" class=\"wp-image-4390\" srcset=\"https:\/\/www.canariasviaja.com\/viajaresvivir\/wp-content\/uploads\/2020\/07\/gran-canaria-a-pie-portada.jpg 2000w, https:\/\/www.canariasviaja.com\/viajaresvivir\/wp-content\/uploads\/2020\/07\/gran-canaria-a-pie-portada-300x225.jpg 300w, https:\/\/www.canariasviaja.com\/viajaresvivir\/wp-content\/uploads\/2020\/07\/gran-canaria-a-pie-portada-768x576.jpg 768w, https:\/\/www.canariasviaja.com\/viajaresvivir\/wp-content\/uploads\/2020\/07\/gran-canaria-a-pie-portada-1536x1152.jpg 1536w, https:\/\/www.canariasviaja.com\/viajaresvivir\/wp-content\/uploads\/2020\/07\/gran-canaria-a-pie-portada-1200x900.jpg 1200w, https:\/\/www.canariasviaja.com\/viajaresvivir\/wp-content\/uploads\/2020\/07\/gran-canaria-a-pie-portada-800x600.jpg 800w, https:\/\/www.canariasviaja.com\/viajaresvivir\/wp-content\/uploads\/2020\/07\/gran-canaria-a-pie-portada-1440x1080.jpg 1440w\" sizes=\"(max-width: 2000px) 100vw, 2000px\" \/><\/figure>\n\n\n\n<p>Desde el <strong>Mirador de la Fogalera<\/strong> disfruto del paisaje m\u00e1s grandioso: a un lado el Nublo, al otro el <strong>Bentayga<\/strong>, a lo lejos Altavista y, empeque\u00f1ecida, Tejeda.&nbsp;<\/p>\n\n\n\n<figure class=\"wp-block-image size-large\"><img loading=\"lazy\" decoding=\"async\" width=\"1280\" height=\"960\" src=\"http:\/\/www.canariasviaja.com\/viajaresvivir\/wp-content\/uploads\/2020\/07\/100-valles-3.jpg\" alt=\"Los cien valles\" class=\"wp-image-4387\" srcset=\"https:\/\/www.canariasviaja.com\/viajaresvivir\/wp-content\/uploads\/2020\/07\/100-valles-3.jpg 1280w, https:\/\/www.canariasviaja.com\/viajaresvivir\/wp-content\/uploads\/2020\/07\/100-valles-3-300x225.jpg 300w, https:\/\/www.canariasviaja.com\/viajaresvivir\/wp-content\/uploads\/2020\/07\/100-valles-3-768x576.jpg 768w, https:\/\/www.canariasviaja.com\/viajaresvivir\/wp-content\/uploads\/2020\/07\/100-valles-3-1200x900.jpg 1200w, https:\/\/www.canariasviaja.com\/viajaresvivir\/wp-content\/uploads\/2020\/07\/100-valles-3-800x600.jpg 800w\" sizes=\"(max-width: 1280px) 100vw, 1280px\" \/><\/figure>\n\n\n\n<p>&nbsp;Otro d\u00eda de ruta en el que bordeo la enorme <strong>Caldera de Tejeda<\/strong>. El Nublo, siempre presente, deja protagonismo al <strong>Bentayga<\/strong>, a la monta\u00f1a de Altavista, a <strong>Tamadaba<\/strong>, al mar de nubes y en la lejan\u00eda, al Teide.&nbsp;<\/p>\n\n\n\n<figure class=\"wp-block-image size-large\"><img loading=\"lazy\" decoding=\"async\" width=\"1024\" height=\"768\" src=\"http:\/\/www.canariasviaja.com\/viajaresvivir\/wp-content\/uploads\/2020\/07\/100-valles-5-5.jpg\" alt=\"Los cien valles a pie por Gran canaria\" class=\"wp-image-4388\" srcset=\"https:\/\/www.canariasviaja.com\/viajaresvivir\/wp-content\/uploads\/2020\/07\/100-valles-5-5.jpg 1024w, https:\/\/www.canariasviaja.com\/viajaresvivir\/wp-content\/uploads\/2020\/07\/100-valles-5-5-300x225.jpg 300w, https:\/\/www.canariasviaja.com\/viajaresvivir\/wp-content\/uploads\/2020\/07\/100-valles-5-5-768x576.jpg 768w, https:\/\/www.canariasviaja.com\/viajaresvivir\/wp-content\/uploads\/2020\/07\/100-valles-5-5-800x600.jpg 800w\" sizes=\"(max-width: 1024px) 100vw, 1024px\" \/><\/figure>\n\n\n\n<p>Al llegar a <strong>Acusa<\/strong> las vistas sobre la caldera se hacen superlativas, dan sentido a las palabras de Unamuno, que describi\u00f3 la zona como una \u201cTempestad Petrificada\u201d.&nbsp;<\/p>\n\n\n\n<p>Las <strong>Casas Cuevas de Acusa<\/strong> nos trasladan a otro tiempo, quiz\u00e1s a otro lugar, he llegado a la Gran Canaria m\u00e1s profunda.<\/p>\n\n\n\n<h2 class=\"wp-block-heading\">Del monte al oc\u00e9ano<\/h2>\n\n\n\n<p>Tras mis d\u00edas de ruta por el interior de Gran Canaria llega el momento de <strong>regresar a la costa<\/strong>, percibo que estoy caminando en una Isla Continente. El sendero de vuelta al mar me lleva al <strong>Valle de Agaete<\/strong>, un lugar de tierras f\u00e9rtiles, de cafetales y reminiscencias de nuestro pasado prehisp\u00e1nico.&nbsp;<\/p>\n\n\n\n<figure class=\"wp-block-image size-large\"><img loading=\"lazy\" decoding=\"async\" width=\"1440\" height=\"1080\" src=\"http:\/\/www.canariasviaja.com\/viajaresvivir\/wp-content\/uploads\/2020\/07\/Gran-Canaria-a-pie-roque-nublo.jpg\" alt=\"A pie por Gran Canaria roque nublo\" class=\"wp-image-4391\" srcset=\"https:\/\/www.canariasviaja.com\/viajaresvivir\/wp-content\/uploads\/2020\/07\/Gran-Canaria-a-pie-roque-nublo.jpg 1440w, https:\/\/www.canariasviaja.com\/viajaresvivir\/wp-content\/uploads\/2020\/07\/Gran-Canaria-a-pie-roque-nublo-300x225.jpg 300w, https:\/\/www.canariasviaja.com\/viajaresvivir\/wp-content\/uploads\/2020\/07\/Gran-Canaria-a-pie-roque-nublo-768x576.jpg 768w, https:\/\/www.canariasviaja.com\/viajaresvivir\/wp-content\/uploads\/2020\/07\/Gran-Canaria-a-pie-roque-nublo-1200x900.jpg 1200w, https:\/\/www.canariasviaja.com\/viajaresvivir\/wp-content\/uploads\/2020\/07\/Gran-Canaria-a-pie-roque-nublo-800x600.jpg 800w\" sizes=\"(max-width: 1440px) 100vw, 1440px\" \/><\/figure>\n\n\n\n<p>Tras disfrutar de los caldos de esta tierra, llego al <strong>Puerto de las Nieves<\/strong>, que ganas de darme un ba\u00f1o en las aguas limpias de esa piscina de volc\u00e1n y mar.&nbsp;<\/p>\n\n\n\n<figure class=\"wp-block-image size-large\"><img loading=\"lazy\" decoding=\"async\" width=\"1024\" height=\"652\" src=\"http:\/\/www.canariasviaja.com\/viajaresvivir\/wp-content\/uploads\/2020\/07\/A-pie-por-Gran-Canaria-Agaete.jpg\" alt=\"A pie por Gran Canaria Agaete\" class=\"wp-image-4376\" srcset=\"https:\/\/www.canariasviaja.com\/viajaresvivir\/wp-content\/uploads\/2020\/07\/A-pie-por-Gran-Canaria-Agaete.jpg 1024w, https:\/\/www.canariasviaja.com\/viajaresvivir\/wp-content\/uploads\/2020\/07\/A-pie-por-Gran-Canaria-Agaete-300x191.jpg 300w, https:\/\/www.canariasviaja.com\/viajaresvivir\/wp-content\/uploads\/2020\/07\/A-pie-por-Gran-Canaria-Agaete-768x489.jpg 768w\" sizes=\"(max-width: 1024px) 100vw, 1024px\" \/><figcaption>Foto: Promotur<\/figcaption><\/figure>\n\n\n\n<p>Mis \u00faltimas noches en Gran Canaria las paso cerca del mar, nuevamente vivo atardeceres inolvidables, siento que la alegr\u00eda de La Rama pervive todo el a\u00f1o en las calles de este pueblo.&nbsp;&nbsp;<\/p>\n\n\n\n<p>Feliz de haber ido <strong>a pie por Gran Canaria<\/strong>.<\/p>\n\n\n\n<hr class=\"wp-block-separator\"\/>\n\n\n\n<p>Pedr<strong>o Quintana<\/strong> es un profesional con una dilatada experiencia en el sector tur\u00edstico canario. Desde <strong><a rel=\"noreferrer noopener\" href=\"https:\/\/walkingrancanaria.com\/\" target=\"_blank\">Walk in Gran Canaria<\/a> <\/strong>ofrece experiencias \u00fanicas de turismo sostenible para redescubrir Gran Canaria a pie, descubriendo su esencia y disfrutando de la naturaleza.<\/p>\n\n\n\n<hr class=\"wp-block-separator is-style-wide\"\/>\n\n\n\n<p>\u00bfTe gustar\u00eda ser el protagonista de esta aventura? Te hemos preparado una <a href=\"https:\/\/bit.ly\/2D3jeSv\"><strong>oferta irresistible<\/strong><\/a> para que la vivas este verano.<\/p>\n","protected":false},"excerpt":{"rendered":"<p>Viajar a pie, sin prisas, disfrutando del paisaje, de los cambios de luz, de los aromas, de los encuentros con personas que habitan esos rincones lejanos de nuestras isla donde el tiempo pasa m\u00e1s lento. Te invitamos a practicar el slow travelling en Gran Canaria. A pie por Gran Canaria: de la Caldera de Tirajana a La Fortaleza Comienza mi &hellip;<\/p>\n","protected":false},"author":36,"featured_media":4390,"comment_status":"open","ping_status":"open","sticky":false,"template":"","format":"standard","meta":{"_acf_changed":false,"sfsi_plus_gutenberg_text_before_share":"","sfsi_plus_gutenberg_show_text_before_share":"","sfsi_plus_gutenberg_icon_type":"","sfsi_plus_gutenberg_icon_alignemt":"","sfsi_plus_gutenburg_max_per_row":"","footnotes":""},"categories":[125,9,124,8,123,10],"tags":[326,489,325,302,116,566,508],"class_list":["post-4370","post","type-post","status-publish","format-standard","has-post-thumbnail","hentry","category-aventurate","category-canarias","category-descubre","category-diariodeviaje","category-explora","category-historias-viajeras","tag-cumbre-de-gran-canaria","tag-escapada-en-la-naturaleza","tag-gran-canaria","tag-recorrido-a-pie","tag-senderismo","tag-viajar-en-pareja","tag-viajar-solo"],"acf":[],"yoast_head":"<!-- This site is optimized with the Yoast SEO plugin v24.1 - https:\/\/yoast.com\/wordpress\/plugins\/seo\/ -->\n<title>A pie por Gran Canaria: slow travelling en la Isla Continente - Viajar es vivir<\/title>\n<meta name=\"robots\" content=\"index, follow, max-snippet:-1, max-image-preview:large, max-video-preview:-1\" \/>\n<link rel=\"canonical\" href=\"https:\/\/www.canariasviaja.com\/viajaresvivir\/a-pie-por-gran-canaria-slow-travelling-en-la-isla-continente\/\" \/>\n<meta property=\"og:locale\" content=\"es_ES\" \/>\n<meta property=\"og:type\" content=\"article\" \/>\n<meta property=\"og:title\" content=\"A pie por Gran Canaria: slow travelling en la Isla Continente - Viajar es vivir\" \/>\n<meta property=\"og:description\" content=\"Viajar a pie, sin prisas, disfrutando del paisaje, de los cambios de luz, de los aromas, de los encuentros con personas que habitan esos rincones lejanos de nuestras isla donde el tiempo pasa m\u00e1s lento. Te invitamos a practicar el slow travelling en Gran Canaria. A pie por Gran Canaria: de la Caldera de Tirajana a La Fortaleza Comienza mi &hellip;\" \/>\n<meta property=\"og:url\" content=\"https:\/\/www.canariasviaja.com\/viajaresvivir\/a-pie-por-gran-canaria-slow-travelling-en-la-isla-continente\/\" \/>\n<meta property=\"og:site_name\" content=\"Viajar es vivir\" \/>\n<meta property=\"article:published_time\" content=\"2020-07-01T13:05:40+00:00\" \/>\n<meta property=\"article:modified_time\" content=\"2020-07-05T17:54:07+00:00\" \/>\n<meta property=\"og:image\" content=\"https:\/\/www.canariasviaja.com\/viajaresvivir\/wp-content\/uploads\/2020\/07\/gran-canaria-a-pie-portada.jpg\" \/>\n\t<meta property=\"og:image:width\" content=\"2000\" \/>\n\t<meta property=\"og:image:height\" content=\"1500\" \/>\n\t<meta property=\"og:image:type\" content=\"image\/jpeg\" \/>\n<meta name=\"author\" content=\"Pedro Quintana\" \/>\n<meta name=\"twitter:card\" content=\"summary_large_image\" \/>\n<meta name=\"twitter:label1\" content=\"Escrito por\" \/>\n\t<meta name=\"twitter:data1\" content=\"Pedro Quintana\" \/>\n\t<meta name=\"twitter:label2\" content=\"Tiempo de lectura\" \/>\n\t<meta name=\"twitter:data2\" content=\"4 minutos\" \/>\n<script type=\"application\/ld+json\" class=\"yoast-schema-graph\">{\"@context\":\"https:\/\/schema.org\",\"@graph\":[{\"@type\":\"WebPage\",\"@id\":\"https:\/\/www.canariasviaja.com\/viajaresvivir\/a-pie-por-gran-canaria-slow-travelling-en-la-isla-continente\/\",\"url\":\"https:\/\/www.canariasviaja.com\/viajaresvivir\/a-pie-por-gran-canaria-slow-travelling-en-la-isla-continente\/\",\"name\":\"A pie por Gran Canaria: slow travelling en la Isla Continente - Viajar es vivir\",\"isPartOf\":{\"@id\":\"https:\/\/www.canariasviaja.com\/viajaresvivir\/#website\"},\"primaryImageOfPage\":{\"@id\":\"https:\/\/www.canariasviaja.com\/viajaresvivir\/a-pie-por-gran-canaria-slow-travelling-en-la-isla-continente\/#primaryimage\"},\"image\":{\"@id\":\"https:\/\/www.canariasviaja.com\/viajaresvivir\/a-pie-por-gran-canaria-slow-travelling-en-la-isla-continente\/#primaryimage\"},\"thumbnailUrl\":\"https:\/\/www.canariasviaja.com\/viajaresvivir\/wp-content\/uploads\/2020\/07\/gran-canaria-a-pie-portada.jpg\",\"datePublished\":\"2020-07-01T13:05:40+00:00\",\"dateModified\":\"2020-07-05T17:54:07+00:00\",\"author\":{\"@id\":\"https:\/\/www.canariasviaja.com\/viajaresvivir\/#\/schema\/person\/815ae6c87d6ba0cfcc3865aa08ea2b2e\"},\"breadcrumb\":{\"@id\":\"https:\/\/www.canariasviaja.com\/viajaresvivir\/a-pie-por-gran-canaria-slow-travelling-en-la-isla-continente\/#breadcrumb\"},\"inLanguage\":\"es\",\"potentialAction\":[{\"@type\":\"ReadAction\",\"target\":[\"https:\/\/www.canariasviaja.com\/viajaresvivir\/a-pie-por-gran-canaria-slow-travelling-en-la-isla-continente\/\"]}]},{\"@type\":\"ImageObject\",\"inLanguage\":\"es\",\"@id\":\"https:\/\/www.canariasviaja.com\/viajaresvivir\/a-pie-por-gran-canaria-slow-travelling-en-la-isla-continente\/#primaryimage\",\"url\":\"https:\/\/www.canariasviaja.com\/viajaresvivir\/wp-content\/uploads\/2020\/07\/gran-canaria-a-pie-portada.jpg\",\"contentUrl\":\"https:\/\/www.canariasviaja.com\/viajaresvivir\/wp-content\/uploads\/2020\/07\/gran-canaria-a-pie-portada.jpg\",\"width\":2000,\"height\":1500,\"caption\":\"A pie por Gran Canaria portada\"},{\"@type\":\"BreadcrumbList\",\"@id\":\"https:\/\/www.canariasviaja.com\/viajaresvivir\/a-pie-por-gran-canaria-slow-travelling-en-la-isla-continente\/#breadcrumb\",\"itemListElement\":[{\"@type\":\"ListItem\",\"position\":1,\"name\":\"Portada\",\"item\":\"https:\/\/www.canariasviaja.com\/viajaresvivir\/\"},{\"@type\":\"ListItem\",\"position\":2,\"name\":\"A pie por Gran Canaria: slow travelling en la Isla Continente\"}]},{\"@type\":\"WebSite\",\"@id\":\"https:\/\/www.canariasviaja.com\/viajaresvivir\/#website\",\"url\":\"https:\/\/www.canariasviaja.com\/viajaresvivir\/\",\"name\":\"Viajar es vivir\",\"description\":\"El blog de viajes y estilo de vida de CanariasViaja\",\"potentialAction\":[{\"@type\":\"SearchAction\",\"target\":{\"@type\":\"EntryPoint\",\"urlTemplate\":\"https:\/\/www.canariasviaja.com\/viajaresvivir\/?s={search_term_string}\"},\"query-input\":{\"@type\":\"PropertyValueSpecification\",\"valueRequired\":true,\"valueName\":\"search_term_string\"}}],\"inLanguage\":\"es\"},{\"@type\":\"Person\",\"@id\":\"https:\/\/www.canariasviaja.com\/viajaresvivir\/#\/schema\/person\/815ae6c87d6ba0cfcc3865aa08ea2b2e\",\"name\":\"Pedro Quintana\",\"image\":{\"@type\":\"ImageObject\",\"inLanguage\":\"es\",\"@id\":\"https:\/\/www.canariasviaja.com\/viajaresvivir\/#\/schema\/person\/image\/\",\"url\":\"https:\/\/secure.gravatar.com\/avatar\/1e58857524ec5ab684b8a42bf6be81f2?s=96&d=mm&r=g\",\"contentUrl\":\"https:\/\/secure.gravatar.com\/avatar\/1e58857524ec5ab684b8a42bf6be81f2?s=96&d=mm&r=g\",\"caption\":\"Pedro Quintana\"},\"url\":\"https:\/\/www.canariasviaja.com\/viajaresvivir\/author\/pedro-quintana\/\"}]}<\/script>\n<!-- \/ Yoast SEO plugin. -->","yoast_head_json":{"title":"A pie por Gran Canaria: slow travelling en la Isla Continente - Viajar es vivir","robots":{"index":"index","follow":"follow","max-snippet":"max-snippet:-1","max-image-preview":"max-image-preview:large","max-video-preview":"max-video-preview:-1"},"canonical":"https:\/\/www.canariasviaja.com\/viajaresvivir\/a-pie-por-gran-canaria-slow-travelling-en-la-isla-continente\/","og_locale":"es_ES","og_type":"article","og_title":"A pie por Gran Canaria: slow travelling en la Isla Continente - Viajar es vivir","og_description":"Viajar a pie, sin prisas, disfrutando del paisaje, de los cambios de luz, de los aromas, de los encuentros con personas que habitan esos rincones lejanos de nuestras isla donde el tiempo pasa m\u00e1s lento. Te invitamos a practicar el slow travelling en Gran Canaria. A pie por Gran Canaria: de la Caldera de Tirajana a La Fortaleza Comienza mi &hellip;","og_url":"https:\/\/www.canariasviaja.com\/viajaresvivir\/a-pie-por-gran-canaria-slow-travelling-en-la-isla-continente\/","og_site_name":"Viajar es vivir","article_published_time":"2020-07-01T13:05:40+00:00","article_modified_time":"2020-07-05T17:54:07+00:00","og_image":[{"width":2000,"height":1500,"url":"https:\/\/www.canariasviaja.com\/viajaresvivir\/wp-content\/uploads\/2020\/07\/gran-canaria-a-pie-portada.jpg","type":"image\/jpeg"}],"author":"Pedro Quintana","twitter_card":"summary_large_image","twitter_misc":{"Escrito por":"Pedro Quintana","Tiempo de lectura":"4 minutos"},"schema":{"@context":"https:\/\/schema.org","@graph":[{"@type":"WebPage","@id":"https:\/\/www.canariasviaja.com\/viajaresvivir\/a-pie-por-gran-canaria-slow-travelling-en-la-isla-continente\/","url":"https:\/\/www.canariasviaja.com\/viajaresvivir\/a-pie-por-gran-canaria-slow-travelling-en-la-isla-continente\/","name":"A pie por Gran Canaria: slow travelling en la Isla Continente - Viajar es vivir","isPartOf":{"@id":"https:\/\/www.canariasviaja.com\/viajaresvivir\/#website"},"primaryImageOfPage":{"@id":"https:\/\/www.canariasviaja.com\/viajaresvivir\/a-pie-por-gran-canaria-slow-travelling-en-la-isla-continente\/#primaryimage"},"image":{"@id":"https:\/\/www.canariasviaja.com\/viajaresvivir\/a-pie-por-gran-canaria-slow-travelling-en-la-isla-continente\/#primaryimage"},"thumbnailUrl":"https:\/\/www.canariasviaja.com\/viajaresvivir\/wp-content\/uploads\/2020\/07\/gran-canaria-a-pie-portada.jpg","datePublished":"2020-07-01T13:05:40+00:00","dateModified":"2020-07-05T17:54:07+00:00","author":{"@id":"https:\/\/www.canariasviaja.com\/viajaresvivir\/#\/schema\/person\/815ae6c87d6ba0cfcc3865aa08ea2b2e"},"breadcrumb":{"@id":"https:\/\/www.canariasviaja.com\/viajaresvivir\/a-pie-por-gran-canaria-slow-travelling-en-la-isla-continente\/#breadcrumb"},"inLanguage":"es","potentialAction":[{"@type":"ReadAction","target":["https:\/\/www.canariasviaja.com\/viajaresvivir\/a-pie-por-gran-canaria-slow-travelling-en-la-isla-continente\/"]}]},{"@type":"ImageObject","inLanguage":"es","@id":"https:\/\/www.canariasviaja.com\/viajaresvivir\/a-pie-por-gran-canaria-slow-travelling-en-la-isla-continente\/#primaryimage","url":"https:\/\/www.canariasviaja.com\/viajaresvivir\/wp-content\/uploads\/2020\/07\/gran-canaria-a-pie-portada.jpg","contentUrl":"https:\/\/www.canariasviaja.com\/viajaresvivir\/wp-content\/uploads\/2020\/07\/gran-canaria-a-pie-portada.jpg","width":2000,"height":1500,"caption":"A pie por Gran Canaria portada"},{"@type":"BreadcrumbList","@id":"https:\/\/www.canariasviaja.com\/viajaresvivir\/a-pie-por-gran-canaria-slow-travelling-en-la-isla-continente\/#breadcrumb","itemListElement":[{"@type":"ListItem","position":1,"name":"Portada","item":"https:\/\/www.canariasviaja.com\/viajaresvivir\/"},{"@type":"ListItem","position":2,"name":"A pie por Gran Canaria: slow travelling en la Isla Continente"}]},{"@type":"WebSite","@id":"https:\/\/www.canariasviaja.com\/viajaresvivir\/#website","url":"https:\/\/www.canariasviaja.com\/viajaresvivir\/","name":"Viajar es vivir","description":"El blog de viajes y estilo de vida de CanariasViaja","potentialAction":[{"@type":"SearchAction","target":{"@type":"EntryPoint","urlTemplate":"https:\/\/www.canariasviaja.com\/viajaresvivir\/?s={search_term_string}"},"query-input":{"@type":"PropertyValueSpecification","valueRequired":true,"valueName":"search_term_string"}}],"inLanguage":"es"},{"@type":"Person","@id":"https:\/\/www.canariasviaja.com\/viajaresvivir\/#\/schema\/person\/815ae6c87d6ba0cfcc3865aa08ea2b2e","name":"Pedro Quintana","image":{"@type":"ImageObject","inLanguage":"es","@id":"https:\/\/www.canariasviaja.com\/viajaresvivir\/#\/schema\/person\/image\/","url":"https:\/\/secure.gravatar.com\/avatar\/1e58857524ec5ab684b8a42bf6be81f2?s=96&d=mm&r=g","contentUrl":"https:\/\/secure.gravatar.com\/avatar\/1e58857524ec5ab684b8a42bf6be81f2?s=96&d=mm&r=g","caption":"Pedro Quintana"},"url":"https:\/\/www.canariasviaja.com\/viajaresvivir\/author\/pedro-quintana\/"}]}},"_links":{"self":[{"href":"https:\/\/www.canariasviaja.com\/viajaresvivir\/wp-json\/wp\/v2\/posts\/4370"}],"collection":[{"href":"https:\/\/www.canariasviaja.com\/viajaresvivir\/wp-json\/wp\/v2\/posts"}],"about":[{"href":"https:\/\/www.canariasviaja.com\/viajaresvivir\/wp-json\/wp\/v2\/types\/post"}],"author":[{"embeddable":true,"href":"https:\/\/www.canariasviaja.com\/viajaresvivir\/wp-json\/wp\/v2\/users\/36"}],"replies":[{"embeddable":true,"href":"https:\/\/www.canariasviaja.com\/viajaresvivir\/wp-json\/wp\/v2\/comments?post=4370"}],"version-history":[{"count":9,"href":"https:\/\/www.canariasviaja.com\/viajaresvivir\/wp-json\/wp\/v2\/posts\/4370\/revisions"}],"predecessor-version":[{"id":4402,"href":"https:\/\/www.canariasviaja.com\/viajaresvivir\/wp-json\/wp\/v2\/posts\/4370\/revisions\/4402"}],"wp:featuredmedia":[{"embeddable":true,"href":"https:\/\/www.canariasviaja.com\/viajaresvivir\/wp-json\/wp\/v2\/media\/4390"}],"wp:attachment":[{"href":"https:\/\/www.canariasviaja.com\/viajaresvivir\/wp-json\/wp\/v2\/media?parent=4370"}],"wp:term":[{"taxonomy":"category","embeddable":true,"href":"https:\/\/www.canariasviaja.com\/viajaresvivir\/wp-json\/wp\/v2\/categories?post=4370"},{"taxonomy":"post_tag","embeddable":true,"href":"https:\/\/www.canariasviaja.com\/viajaresvivir\/wp-json\/wp\/v2\/tags?post=4370"}],"curies":[{"name":"wp","href":"https:\/\/api.w.org\/{rel}","templated":true}]}}