{"id":4403,"date":"2020-07-13T16:23:22","date_gmt":"2020-07-13T16:23:22","guid":{"rendered":"http:\/\/www.canariasviaja.com\/viajaresvivir\/?p=4403"},"modified":"2020-07-14T11:21:55","modified_gmt":"2020-07-14T11:21:55","slug":"saramago-en-lanzarote","status":"publish","type":"post","link":"https:\/\/www.canariasviaja.com\/viajaresvivir\/saramago-en-lanzarote\/","title":{"rendered":"Saramago en Lanzarote, principio y fin del mundo"},"content":{"rendered":"\n<p>\u00bfSon los lugares los que logran transformar a la persona sensible que los observa, como una fuerza ajena, evocadora y extra\u00f1a?<\/p>\n\n\n\n<figure class=\"wp-block-image size-large\"><img loading=\"lazy\" decoding=\"async\" width=\"1024\" height=\"684\" src=\"http:\/\/www.canariasviaja.com\/viajaresvivir\/wp-content\/uploads\/2020\/07\/Saramago-en-Lanzarote-campo-de-lava2.jpg\" alt=\"Saramago en Lanzarote\" class=\"wp-image-4416\" srcset=\"https:\/\/www.canariasviaja.com\/viajaresvivir\/wp-content\/uploads\/2020\/07\/Saramago-en-Lanzarote-campo-de-lava2.jpg 1024w, https:\/\/www.canariasviaja.com\/viajaresvivir\/wp-content\/uploads\/2020\/07\/Saramago-en-Lanzarote-campo-de-lava2-300x200.jpg 300w, https:\/\/www.canariasviaja.com\/viajaresvivir\/wp-content\/uploads\/2020\/07\/Saramago-en-Lanzarote-campo-de-lava2-768x513.jpg 768w\" sizes=\"(max-width: 1024px) 100vw, 1024px\" \/><\/figure>\n\n\n\n<p><strong>Jos\u00e9 Saramago<\/strong> dec\u00eda que el mundo exterior a nosotros ser\u00eda una especie de prolongaci\u00f3n de nuestro mundo interior y tan variable el uno como el otro. <\/p>\n\n\n\n<blockquote class=\"wp-block-quote is-layout-flow wp-block-quote-is-layout-flow\"><p><em>\u00abUn espejo siempre cambiante de nuestras emociones, del mismo modo que ya solo es, y nunca m\u00e1s lo ser\u00e1, aquello que nuestros sentidos sean capaces de aprehender de \u00e9l. Todo es seg\u00fan lo que somos, todo ser\u00e1 seg\u00fan lo que sintamos\u00bb.<\/em><\/p><\/blockquote>\n\n\n\n<figure class=\"wp-block-image size-large\"><img loading=\"lazy\" decoding=\"async\" width=\"1024\" height=\"684\" src=\"http:\/\/www.canariasviaja.com\/viajaresvivir\/wp-content\/uploads\/2020\/07\/Saramago-en-Lanzarote-campo-de-lva.jpg\" alt=\"Saramago en Lanzarote\" class=\"wp-image-4417\" srcset=\"https:\/\/www.canariasviaja.com\/viajaresvivir\/wp-content\/uploads\/2020\/07\/Saramago-en-Lanzarote-campo-de-lva.jpg 1024w, https:\/\/www.canariasviaja.com\/viajaresvivir\/wp-content\/uploads\/2020\/07\/Saramago-en-Lanzarote-campo-de-lva-300x200.jpg 300w, https:\/\/www.canariasviaja.com\/viajaresvivir\/wp-content\/uploads\/2020\/07\/Saramago-en-Lanzarote-campo-de-lva-768x513.jpg 768w\" sizes=\"(max-width: 1024px) 100vw, 1024px\" \/><\/figure>\n\n\n\n<p>Podemos acercarnos a saber c\u00f3mo se sent\u00eda Jos\u00e9 Saramago en sus primeros d\u00edas y paseos en Lanzarote. Lo comparti\u00f3 con sus lectores a trav\u00e9s de unos diarios, <strong><em>\u2018Cuadernos de Lanzarote\u2019,<\/em><\/strong> donde quedaron anotadas cotidianidad, reflexiones e ideas para una obra literaria que se ensanchaba sin l\u00edmites en la isla volc\u00e1nica.<\/p>\n\n\n\n<blockquote class=\"wp-block-quote is-layout-flow wp-block-quote-is-layout-flow\"><p><em>\u00abEl placer profundo, inefable, que es andar por estos campos desiertos y barridos por el viento, desnudarse de la camisa para sentir directamente en la piel la agitaci\u00f3n furiosa del aire, el esp\u00edritu entra en una especie de trance, crece, se dilata, va a estallar de felicidad. \u00bfQu\u00e9 m\u00e1s resta, sino llorar?\u00bb. <\/em><\/p><cite>Jos\u00e9 Saramago, \u00abCuadernos de Lanzarote\u00bb<\/cite><\/blockquote>\n\n\n\n<figure class=\"wp-block-image size-large\"><img loading=\"lazy\" decoding=\"async\" width=\"2000\" height=\"1307\" src=\"http:\/\/www.canariasviaja.com\/viajaresvivir\/wp-content\/uploads\/2020\/07\/saramago-16.jpg\" alt=\"Saramago en Lanzarote\" class=\"wp-image-4411\" srcset=\"https:\/\/www.canariasviaja.com\/viajaresvivir\/wp-content\/uploads\/2020\/07\/saramago-16.jpg 2000w, https:\/\/www.canariasviaja.com\/viajaresvivir\/wp-content\/uploads\/2020\/07\/saramago-16-300x196.jpg 300w, https:\/\/www.canariasviaja.com\/viajaresvivir\/wp-content\/uploads\/2020\/07\/saramago-16-768x502.jpg 768w, https:\/\/www.canariasviaja.com\/viajaresvivir\/wp-content\/uploads\/2020\/07\/saramago-16-1536x1004.jpg 1536w, https:\/\/www.canariasviaja.com\/viajaresvivir\/wp-content\/uploads\/2020\/07\/saramago-16-1200x784.jpg 1200w, https:\/\/www.canariasviaja.com\/viajaresvivir\/wp-content\/uploads\/2020\/07\/saramago-16-1653x1080.jpg 1653w\" sizes=\"(max-width: 2000px) 100vw, 2000px\" \/><figcaption>Foto:  Casa Museo Jos\u00e9 Saramago<\/figcaption><\/figure>\n\n\n\n<p>Su sentimiento hacia Lanzarote, apreciando el tiempo que hab\u00edan necesitado sus volcanes y monta\u00f1as para poder tener el aspecto actual del paisaje que hoy vemos fue determinante en la transformaci\u00f3n de la escritura del escritor portugu\u00e9s. Una peque\u00f1a isla en medio del Atl\u00e1ntico hizo que una de las miradas m\u00e1s generosas y l\u00facidas de la literatura se volviera un faro universal donde la humanidad pudiera hallar respuestas y aliento.<\/p>\n\n\n\n<p>Tras la pol\u00e9mica con la publicaci\u00f3n de <strong><em>\u2018El Evangelio seg\u00fan Jesucristo\u2019<\/em><\/strong> y la negativa del gobierno portugu\u00e9s que impidi\u00f3 la participaci\u00f3n del libro en el Premio Literario Europeo en 1991, Jos\u00e9 Saramago y su compa\u00f1era Pilar del R\u00edo se mudaron de Lisboa a Lanzarote a principios de 1993. Construyeron <strong>\u2018una casa hecha de libros\u2019<\/strong> en T\u00edas, un espacio en familia abierto al mundo, a los amigos. Lanzarote como punto de encuentro entre el norte y el sur, su <strong><em>\u2018Balsa de piedra\u2019,<\/em><\/strong> el lugar que le dio la fuerza para llegar m\u00e1s profundo a las conciencias y al coraz\u00f3n de los lectores.<\/p>\n\n\n\n<blockquote class=\"wp-block-quote is-layout-flow wp-block-quote-is-layout-flow\"><p><em>\u00abDentro del cr\u00e1ter roto de El Cuervo, sin darnos demasiada cuenta, muchas cosas se tornan insignificantes. Un volc\u00e1n apagado, silencioso, es una lecci\u00f3n de filosof\u00eda\u00bb. <\/em><\/p><cite>Jos\u00e9 Saramago, \u00abCuadernos de Lanzarote\u00bb<\/cite><\/blockquote>\n\n\n\n<figure class=\"wp-block-image size-large\"><img loading=\"lazy\" decoding=\"async\" width=\"1024\" height=\"731\" src=\"https:\/\/www.canariasviaja.com\/viajaresvivir\/wp-content\/uploads\/2020\/07\/saramago-5.jpg\" alt=\"Jose Saramgo en el Volc\u00e1n del Cuervo en Lanzarote\" class=\"wp-image-4409\" srcset=\"https:\/\/www.canariasviaja.com\/viajaresvivir\/wp-content\/uploads\/2020\/07\/saramago-5.jpg 1024w, https:\/\/www.canariasviaja.com\/viajaresvivir\/wp-content\/uploads\/2020\/07\/saramago-5-300x214.jpg 300w, https:\/\/www.canariasviaja.com\/viajaresvivir\/wp-content\/uploads\/2020\/07\/saramago-5-768x548.jpg 768w\" sizes=\"(max-width: 1024px) 100vw, 1024px\" \/><figcaption>Foto: Casa Museo Jos\u00e9 Saramago<\/figcaption><\/figure>\n\n\n\n<p>El paisaje volc\u00e1nico de Lanzarote convulsiona el alma y a la vez la apacigua. El escritor portugu\u00e9s disfrutaba de pasear por los campos de lava, observaba las piedras como si en ellas se encontrara el inicio del mundo. <em>\u00abTodo puede ser contado de otra manera\u00bb<\/em>, como dec\u00eda, y fue a lo largo de esos paseos, de los colores, luces y sombras de un paisaje en continuo movimiento moldeado por los alisios que descubri\u00f3 la necesidad de expresarse distinto. Su escritura se volvi\u00f3 m\u00e1s pura y directa. La literatura deb\u00eda ser como la belleza de Lanzarote, sin grandes descripciones, sin vegetaci\u00f3n. Tan solo la monta\u00f1a, el viento, la fuerza del oc\u00e9ano para ir m\u00e1s all\u00e1 de la superficie a trav\u00e9s de las palabras. No escribir acerca de una estatua, sino sobre la piedra de la que la estatua est\u00e1 hecha. &nbsp;<\/p>\n\n\n\n<figure class=\"wp-block-image size-large\"><img loading=\"lazy\" decoding=\"async\" width=\"1024\" height=\"684\" src=\"http:\/\/www.canariasviaja.com\/viajaresvivir\/wp-content\/uploads\/2020\/07\/Saramago-en-Lanzarote-campo-de-lava.jpg\" alt=\"Volcan y lava, Saramago en lanzarote\" class=\"wp-image-4415\" srcset=\"https:\/\/www.canariasviaja.com\/viajaresvivir\/wp-content\/uploads\/2020\/07\/Saramago-en-Lanzarote-campo-de-lava.jpg 1024w, https:\/\/www.canariasviaja.com\/viajaresvivir\/wp-content\/uploads\/2020\/07\/Saramago-en-Lanzarote-campo-de-lava-300x200.jpg 300w, https:\/\/www.canariasviaja.com\/viajaresvivir\/wp-content\/uploads\/2020\/07\/Saramago-en-Lanzarote-campo-de-lava-768x513.jpg 768w\" sizes=\"(max-width: 1024px) 100vw, 1024px\" \/><\/figure>\n\n\n\n<blockquote class=\"wp-block-quote is-layout-flow wp-block-quote-is-layout-flow\"><p><em>\u00abEntrar en el interior de la piedra, en lo m\u00e1s profundo de nosotros mismos, es un intento de preguntarnos qu\u00e9 y qui\u00e9nes somos. Y para qu\u00e9. Probablemente no existe una respuesta. Y si existiera seguramente no ser\u00eda yo la persona capaz de darla. Si somos as\u00ed, que cada uno se pregunte porqu\u00e9\u00bb. <\/em><\/p><cite>Jos\u00e9 Saramago, \u00abCuadernos de Lanzarote\u00bb<\/cite><\/blockquote>\n\n\n\n<p>La primera novela que escribi\u00f3 en Lanzarote fue <em>\u2018<strong>Ensayo sobre la ceguera\u2019<\/strong><\/em>, en la que Jos\u00e9 Saramago enfrenta al lector a la posibilidad de una epidemia de ceguera que asola el mundo. Fue la primera de una serie de alegor\u00edas filos\u00f3ficas donde cuestion\u00f3 el estado del mundo, una declaraci\u00f3n po\u00e9tica de un ser humano que actu\u00f3 y vivi\u00f3 como ciudadano responsable y comprometido con los valores universales y los Derechos Humanos.<\/p>\n\n\n\n<p>Cuenta Jos\u00e9 Saramago en sus <strong><em>\u2018Cuadernos de Lanzarote\u2019<\/em><\/strong> sobre una visita que hicieron con unos amigos al <a href=\"https:\/\/www.canariasviaja.com\/viajaresvivir\/mirador-del-rio\/\" target=\"_blank\" rel=\"noreferrer noopener\">Mirador del R\u00edo<\/a>. Una gran nube les impidi\u00f3 ver la isla de La Graciosa desde el risco de Famara, y eso le hizo decidir que la ceguera de su novela ser\u00eda blanca, como \u2018un mar de leche\u2019.<\/p>\n\n\n\n<figure class=\"wp-block-image size-large\"><img loading=\"lazy\" decoding=\"async\" width=\"2000\" height=\"1335\" src=\"http:\/\/www.canariasviaja.com\/viajaresvivir\/wp-content\/uploads\/2020\/02\/Mirador-del-Rio-Lanzarote3.jpg\" alt=\"Saramago en Lanzarote\" class=\"wp-image-2789\" srcset=\"https:\/\/www.canariasviaja.com\/viajaresvivir\/wp-content\/uploads\/2020\/02\/Mirador-del-Rio-Lanzarote3.jpg 2000w, https:\/\/www.canariasviaja.com\/viajaresvivir\/wp-content\/uploads\/2020\/02\/Mirador-del-Rio-Lanzarote3-300x200.jpg 300w, https:\/\/www.canariasviaja.com\/viajaresvivir\/wp-content\/uploads\/2020\/02\/Mirador-del-Rio-Lanzarote3-768x513.jpg 768w, https:\/\/www.canariasviaja.com\/viajaresvivir\/wp-content\/uploads\/2020\/02\/Mirador-del-Rio-Lanzarote3-1536x1025.jpg 1536w, https:\/\/www.canariasviaja.com\/viajaresvivir\/wp-content\/uploads\/2020\/02\/Mirador-del-Rio-Lanzarote3-1200x801.jpg 1200w, https:\/\/www.canariasviaja.com\/viajaresvivir\/wp-content\/uploads\/2020\/02\/Mirador-del-Rio-Lanzarote3-1618x1080.jpg 1618w\" sizes=\"(max-width: 2000px) 100vw, 2000px\" \/><\/figure>\n\n\n\n<blockquote class=\"wp-block-quote is-layout-flow wp-block-quote-is-layout-flow\"><p><em>\u00abEl ciego alz\u00f3 las manos ante los ojos, las movi\u00f3, Nada, es como si estuviera en medio de una niebla espesa, es como si hubiera ca\u00eddo en un mar de leche, Pero la ceguera no es as\u00ed, dijo el otro, la ceguera dicen que es negra, Pues yo lo veo todo blanco\u00bb. <\/em><\/p><cite>Jos\u00e9 Saramago, \u2018Ensayo sobre la ceguera\u2019.<\/cite><\/blockquote>\n\n\n\n<p>En los dieciocho a\u00f1os que Jos\u00e9 Saramago vivi\u00f3 en Lanzarote realiz\u00f3 un trabajo incansable. Escribi\u00f3 pr\u00e1cticamente la mitad de su obra y en 1998 su trabajo fue reconocido con el <strong>Premio Nobel de Literatura.<\/strong> Las invitaciones para ofrecer conferencias y los viajes se multiplicaron, pero al volver a Lanzarote, a <a href=\"https:\/\/acasajosesaramago.com\/\"><strong>\u2018A Casa\u2019<\/strong> <\/a>\u2014que hoy recibe visitas de lectores de Jos\u00e9 Saramago desde todas partes del mundo\u2014, ten\u00eda la \u00absensaci\u00f3n intens\u00edsima de estar regresando a casa\u00bb.<\/p>\n\n\n\n<blockquote class=\"wp-block-quote is-layout-flow wp-block-quote-is-layout-flow\"><p><em>\u00abLanzarote es como si fuese el principio y el fin del mundo\u00bb<\/em><\/p><cite>Jos\u00e9 Saramago<\/cite><\/blockquote>\n\n\n\n<figure class=\"wp-block-image size-large\"><img loading=\"lazy\" decoding=\"async\" width=\"1024\" height=\"684\" src=\"http:\/\/www.canariasviaja.com\/viajaresvivir\/wp-content\/uploads\/2020\/07\/Saramago-en-Lanzarote-Timanfaya.jpg\" alt=\"Saramago en Lanzarote\" class=\"wp-image-4419\" srcset=\"https:\/\/www.canariasviaja.com\/viajaresvivir\/wp-content\/uploads\/2020\/07\/Saramago-en-Lanzarote-Timanfaya.jpg 1024w, https:\/\/www.canariasviaja.com\/viajaresvivir\/wp-content\/uploads\/2020\/07\/Saramago-en-Lanzarote-Timanfaya-300x200.jpg 300w, https:\/\/www.canariasviaja.com\/viajaresvivir\/wp-content\/uploads\/2020\/07\/Saramago-en-Lanzarote-Timanfaya-768x513.jpg 768w\" sizes=\"(max-width: 1024px) 100vw, 1024px\" \/><\/figure>\n\n\n\n<hr class=\"wp-block-separator\"\/>\n\n\n\n<p>Alba Cant\u00f3n es periodista y trotamundos. Su pasi\u00f3n por los libros le ha llevado a fundar la editorial de literatura de viajes &#8216;<a rel=\"noreferrer noopener\" href=\"https:\/\/www.itinerariaeditorial.com\/\" target=\"_blank\"><strong>Itineraria<\/strong><\/a>&#8216;, donde invita a viajar a trav\u00e9s de la lectura y la imaginaci\u00f3n.<\/p>\n\n\n\n<p>Agradecimientos: <a href=\"https:\/\/acasajosesaramago.com\/\"><strong>Casa Museo Jos\u00e9 Saramago<\/strong><\/a><\/p>\n\n\n\n<hr class=\"wp-block-separator is-style-wide\"\/>\n\n\n\n<p>\u00bfTe gustar\u00eda <strong>redescubrir Lanzarote<\/strong>? Te hemos preparado unas <a href=\"https:\/\/bit.ly\/2Zmsfih\"><strong>ofertas <\/strong><\/a>irresistibles para que te escapes a la isla de los volcanes.<\/p>\n","protected":false},"excerpt":{"rendered":"<p>El escritor portugu\u00e9s y Premio Nobel de Literatura vivi\u00f3 en la isla de Lanzarote los \u00faltimos 18 a\u00f1os de su vida. Un periodo de fertilidad creativa en una isla en la que se sent\u00eda como en casa.<\/p>\n","protected":false},"author":38,"featured_media":4411,"comment_status":"open","ping_status":"open","sticky":false,"template":"","format":"standard","meta":{"_acf_changed":false,"sfsi_plus_gutenberg_text_before_share":"","sfsi_plus_gutenberg_show_text_before_share":"","sfsi_plus_gutenberg_icon_type":"","sfsi_plus_gutenberg_icon_alignemt":"","sfsi_plus_gutenburg_max_per_row":"","footnotes":""},"categories":[9,124,8,123,10],"tags":[264,575,557,380],"class_list":["post-4403","post","type-post","status-publish","format-standard","has-post-thumbnail","hentry","category-canarias","category-descubre","category-diariodeviaje","category-explora","category-historias-viajeras","tag-cultura","tag-inspiracion","tag-jose-saramago","tag-lanzarote"],"acf":[],"yoast_head":"<!-- This site is optimized with the Yoast SEO plugin v24.1 - https:\/\/yoast.com\/wordpress\/plugins\/seo\/ -->\n<title>Saramago en Lanzarote, principio y fin del mundo - Viajar es vivir<\/title>\n<meta name=\"description\" content=\"Saramago en Lanzarote, principio y fin del mundo. La isla vista por uno de los creadores m\u00e1s importantes del siglo XX, que hizo de esta isla su hogar.\" \/>\n<meta name=\"robots\" content=\"index, follow, max-snippet:-1, max-image-preview:large, max-video-preview:-1\" \/>\n<link rel=\"canonical\" href=\"https:\/\/www.canariasviaja.com\/viajaresvivir\/saramago-en-lanzarote\/\" \/>\n<meta property=\"og:locale\" content=\"es_ES\" \/>\n<meta property=\"og:type\" content=\"article\" \/>\n<meta property=\"og:title\" content=\"Saramago en Lanzarote, principio y fin del mundo - Viajar es vivir\" \/>\n<meta property=\"og:description\" content=\"Saramago en Lanzarote, principio y fin del mundo. La isla vista por uno de los creadores m\u00e1s importantes del siglo XX, que hizo de esta isla su hogar.\" \/>\n<meta property=\"og:url\" content=\"https:\/\/www.canariasviaja.com\/viajaresvivir\/saramago-en-lanzarote\/\" \/>\n<meta property=\"og:site_name\" content=\"Viajar es vivir\" \/>\n<meta property=\"article:published_time\" content=\"2020-07-13T16:23:22+00:00\" \/>\n<meta property=\"article:modified_time\" content=\"2020-07-14T11:21:55+00:00\" \/>\n<meta property=\"og:image\" content=\"https:\/\/www.canariasviaja.com\/viajaresvivir\/wp-content\/uploads\/2020\/07\/saramago-16.jpg\" \/>\n\t<meta property=\"og:image:width\" content=\"2000\" \/>\n\t<meta property=\"og:image:height\" content=\"1307\" \/>\n\t<meta property=\"og:image:type\" content=\"image\/jpeg\" \/>\n<meta name=\"author\" content=\"Alba Cant\u00f3n\" \/>\n<meta name=\"twitter:card\" content=\"summary_large_image\" \/>\n<meta name=\"twitter:label1\" content=\"Escrito por\" \/>\n\t<meta name=\"twitter:data1\" content=\"Alba Cant\u00f3n\" \/>\n\t<meta name=\"twitter:label2\" content=\"Tiempo de lectura\" \/>\n\t<meta name=\"twitter:data2\" content=\"5 minutos\" \/>\n<script type=\"application\/ld+json\" class=\"yoast-schema-graph\">{\"@context\":\"https:\/\/schema.org\",\"@graph\":[{\"@type\":\"WebPage\",\"@id\":\"https:\/\/www.canariasviaja.com\/viajaresvivir\/saramago-en-lanzarote\/\",\"url\":\"https:\/\/www.canariasviaja.com\/viajaresvivir\/saramago-en-lanzarote\/\",\"name\":\"Saramago en Lanzarote, principio y fin del mundo - Viajar es vivir\",\"isPartOf\":{\"@id\":\"https:\/\/www.canariasviaja.com\/viajaresvivir\/#website\"},\"primaryImageOfPage\":{\"@id\":\"https:\/\/www.canariasviaja.com\/viajaresvivir\/saramago-en-lanzarote\/#primaryimage\"},\"image\":{\"@id\":\"https:\/\/www.canariasviaja.com\/viajaresvivir\/saramago-en-lanzarote\/#primaryimage\"},\"thumbnailUrl\":\"https:\/\/www.canariasviaja.com\/viajaresvivir\/wp-content\/uploads\/2020\/07\/saramago-16.jpg\",\"datePublished\":\"2020-07-13T16:23:22+00:00\",\"dateModified\":\"2020-07-14T11:21:55+00:00\",\"author\":{\"@id\":\"https:\/\/www.canariasviaja.com\/viajaresvivir\/#\/schema\/person\/e71208076e46c0a631075a4bc2a3463d\"},\"description\":\"Saramago en Lanzarote, principio y fin del mundo. La isla vista por uno de los creadores m\u00e1s importantes del siglo XX, que hizo de esta isla su hogar.\",\"breadcrumb\":{\"@id\":\"https:\/\/www.canariasviaja.com\/viajaresvivir\/saramago-en-lanzarote\/#breadcrumb\"},\"inLanguage\":\"es\",\"potentialAction\":[{\"@type\":\"ReadAction\",\"target\":[\"https:\/\/www.canariasviaja.com\/viajaresvivir\/saramago-en-lanzarote\/\"]}]},{\"@type\":\"ImageObject\",\"inLanguage\":\"es\",\"@id\":\"https:\/\/www.canariasviaja.com\/viajaresvivir\/saramago-en-lanzarote\/#primaryimage\",\"url\":\"https:\/\/www.canariasviaja.com\/viajaresvivir\/wp-content\/uploads\/2020\/07\/saramago-16.jpg\",\"contentUrl\":\"https:\/\/www.canariasviaja.com\/viajaresvivir\/wp-content\/uploads\/2020\/07\/saramago-16.jpg\",\"width\":2000,\"height\":1307,\"caption\":\"Saramago en Lanzarote\"},{\"@type\":\"BreadcrumbList\",\"@id\":\"https:\/\/www.canariasviaja.com\/viajaresvivir\/saramago-en-lanzarote\/#breadcrumb\",\"itemListElement\":[{\"@type\":\"ListItem\",\"position\":1,\"name\":\"Portada\",\"item\":\"https:\/\/www.canariasviaja.com\/viajaresvivir\/\"},{\"@type\":\"ListItem\",\"position\":2,\"name\":\"Saramago en Lanzarote, principio y fin del mundo\"}]},{\"@type\":\"WebSite\",\"@id\":\"https:\/\/www.canariasviaja.com\/viajaresvivir\/#website\",\"url\":\"https:\/\/www.canariasviaja.com\/viajaresvivir\/\",\"name\":\"Viajar es vivir\",\"description\":\"El blog de viajes y estilo de vida de CanariasViaja\",\"potentialAction\":[{\"@type\":\"SearchAction\",\"target\":{\"@type\":\"EntryPoint\",\"urlTemplate\":\"https:\/\/www.canariasviaja.com\/viajaresvivir\/?s={search_term_string}\"},\"query-input\":{\"@type\":\"PropertyValueSpecification\",\"valueRequired\":true,\"valueName\":\"search_term_string\"}}],\"inLanguage\":\"es\"},{\"@type\":\"Person\",\"@id\":\"https:\/\/www.canariasviaja.com\/viajaresvivir\/#\/schema\/person\/e71208076e46c0a631075a4bc2a3463d\",\"name\":\"Alba Cant\u00f3n\",\"image\":{\"@type\":\"ImageObject\",\"inLanguage\":\"es\",\"@id\":\"https:\/\/www.canariasviaja.com\/viajaresvivir\/#\/schema\/person\/image\/\",\"url\":\"https:\/\/secure.gravatar.com\/avatar\/82b7fe55855e5fe27a60abd52f57807a?s=96&d=mm&r=g\",\"contentUrl\":\"https:\/\/secure.gravatar.com\/avatar\/82b7fe55855e5fe27a60abd52f57807a?s=96&d=mm&r=g\",\"caption\":\"Alba Cant\u00f3n\"},\"url\":\"https:\/\/www.canariasviaja.com\/viajaresvivir\/author\/alba-canton\/\"}]}<\/script>\n<!-- \/ Yoast SEO plugin. -->","yoast_head_json":{"title":"Saramago en Lanzarote, principio y fin del mundo - Viajar es vivir","description":"Saramago en Lanzarote, principio y fin del mundo. La isla vista por uno de los creadores m\u00e1s importantes del siglo XX, que hizo de esta isla su hogar.","robots":{"index":"index","follow":"follow","max-snippet":"max-snippet:-1","max-image-preview":"max-image-preview:large","max-video-preview":"max-video-preview:-1"},"canonical":"https:\/\/www.canariasviaja.com\/viajaresvivir\/saramago-en-lanzarote\/","og_locale":"es_ES","og_type":"article","og_title":"Saramago en Lanzarote, principio y fin del mundo - Viajar es vivir","og_description":"Saramago en Lanzarote, principio y fin del mundo. La isla vista por uno de los creadores m\u00e1s importantes del siglo XX, que hizo de esta isla su hogar.","og_url":"https:\/\/www.canariasviaja.com\/viajaresvivir\/saramago-en-lanzarote\/","og_site_name":"Viajar es vivir","article_published_time":"2020-07-13T16:23:22+00:00","article_modified_time":"2020-07-14T11:21:55+00:00","og_image":[{"width":2000,"height":1307,"url":"https:\/\/www.canariasviaja.com\/viajaresvivir\/wp-content\/uploads\/2020\/07\/saramago-16.jpg","type":"image\/jpeg"}],"author":"Alba Cant\u00f3n","twitter_card":"summary_large_image","twitter_misc":{"Escrito por":"Alba Cant\u00f3n","Tiempo de lectura":"5 minutos"},"schema":{"@context":"https:\/\/schema.org","@graph":[{"@type":"WebPage","@id":"https:\/\/www.canariasviaja.com\/viajaresvivir\/saramago-en-lanzarote\/","url":"https:\/\/www.canariasviaja.com\/viajaresvivir\/saramago-en-lanzarote\/","name":"Saramago en Lanzarote, principio y fin del mundo - Viajar es vivir","isPartOf":{"@id":"https:\/\/www.canariasviaja.com\/viajaresvivir\/#website"},"primaryImageOfPage":{"@id":"https:\/\/www.canariasviaja.com\/viajaresvivir\/saramago-en-lanzarote\/#primaryimage"},"image":{"@id":"https:\/\/www.canariasviaja.com\/viajaresvivir\/saramago-en-lanzarote\/#primaryimage"},"thumbnailUrl":"https:\/\/www.canariasviaja.com\/viajaresvivir\/wp-content\/uploads\/2020\/07\/saramago-16.jpg","datePublished":"2020-07-13T16:23:22+00:00","dateModified":"2020-07-14T11:21:55+00:00","author":{"@id":"https:\/\/www.canariasviaja.com\/viajaresvivir\/#\/schema\/person\/e71208076e46c0a631075a4bc2a3463d"},"description":"Saramago en Lanzarote, principio y fin del mundo. La isla vista por uno de los creadores m\u00e1s importantes del siglo XX, que hizo de esta isla su hogar.","breadcrumb":{"@id":"https:\/\/www.canariasviaja.com\/viajaresvivir\/saramago-en-lanzarote\/#breadcrumb"},"inLanguage":"es","potentialAction":[{"@type":"ReadAction","target":["https:\/\/www.canariasviaja.com\/viajaresvivir\/saramago-en-lanzarote\/"]}]},{"@type":"ImageObject","inLanguage":"es","@id":"https:\/\/www.canariasviaja.com\/viajaresvivir\/saramago-en-lanzarote\/#primaryimage","url":"https:\/\/www.canariasviaja.com\/viajaresvivir\/wp-content\/uploads\/2020\/07\/saramago-16.jpg","contentUrl":"https:\/\/www.canariasviaja.com\/viajaresvivir\/wp-content\/uploads\/2020\/07\/saramago-16.jpg","width":2000,"height":1307,"caption":"Saramago en Lanzarote"},{"@type":"BreadcrumbList","@id":"https:\/\/www.canariasviaja.com\/viajaresvivir\/saramago-en-lanzarote\/#breadcrumb","itemListElement":[{"@type":"ListItem","position":1,"name":"Portada","item":"https:\/\/www.canariasviaja.com\/viajaresvivir\/"},{"@type":"ListItem","position":2,"name":"Saramago en Lanzarote, principio y fin del mundo"}]},{"@type":"WebSite","@id":"https:\/\/www.canariasviaja.com\/viajaresvivir\/#website","url":"https:\/\/www.canariasviaja.com\/viajaresvivir\/","name":"Viajar es vivir","description":"El blog de viajes y estilo de vida de CanariasViaja","potentialAction":[{"@type":"SearchAction","target":{"@type":"EntryPoint","urlTemplate":"https:\/\/www.canariasviaja.com\/viajaresvivir\/?s={search_term_string}"},"query-input":{"@type":"PropertyValueSpecification","valueRequired":true,"valueName":"search_term_string"}}],"inLanguage":"es"},{"@type":"Person","@id":"https:\/\/www.canariasviaja.com\/viajaresvivir\/#\/schema\/person\/e71208076e46c0a631075a4bc2a3463d","name":"Alba Cant\u00f3n","image":{"@type":"ImageObject","inLanguage":"es","@id":"https:\/\/www.canariasviaja.com\/viajaresvivir\/#\/schema\/person\/image\/","url":"https:\/\/secure.gravatar.com\/avatar\/82b7fe55855e5fe27a60abd52f57807a?s=96&d=mm&r=g","contentUrl":"https:\/\/secure.gravatar.com\/avatar\/82b7fe55855e5fe27a60abd52f57807a?s=96&d=mm&r=g","caption":"Alba Cant\u00f3n"},"url":"https:\/\/www.canariasviaja.com\/viajaresvivir\/author\/alba-canton\/"}]}},"_links":{"self":[{"href":"https:\/\/www.canariasviaja.com\/viajaresvivir\/wp-json\/wp\/v2\/posts\/4403"}],"collection":[{"href":"https:\/\/www.canariasviaja.com\/viajaresvivir\/wp-json\/wp\/v2\/posts"}],"about":[{"href":"https:\/\/www.canariasviaja.com\/viajaresvivir\/wp-json\/wp\/v2\/types\/post"}],"author":[{"embeddable":true,"href":"https:\/\/www.canariasviaja.com\/viajaresvivir\/wp-json\/wp\/v2\/users\/38"}],"replies":[{"embeddable":true,"href":"https:\/\/www.canariasviaja.com\/viajaresvivir\/wp-json\/wp\/v2\/comments?post=4403"}],"version-history":[{"count":9,"href":"https:\/\/www.canariasviaja.com\/viajaresvivir\/wp-json\/wp\/v2\/posts\/4403\/revisions"}],"predecessor-version":[{"id":4499,"href":"https:\/\/www.canariasviaja.com\/viajaresvivir\/wp-json\/wp\/v2\/posts\/4403\/revisions\/4499"}],"wp:featuredmedia":[{"embeddable":true,"href":"https:\/\/www.canariasviaja.com\/viajaresvivir\/wp-json\/wp\/v2\/media\/4411"}],"wp:attachment":[{"href":"https:\/\/www.canariasviaja.com\/viajaresvivir\/wp-json\/wp\/v2\/media?parent=4403"}],"wp:term":[{"taxonomy":"category","embeddable":true,"href":"https:\/\/www.canariasviaja.com\/viajaresvivir\/wp-json\/wp\/v2\/categories?post=4403"},{"taxonomy":"post_tag","embeddable":true,"href":"https:\/\/www.canariasviaja.com\/viajaresvivir\/wp-json\/wp\/v2\/tags?post=4403"}],"curies":[{"name":"wp","href":"https:\/\/api.w.org\/{rel}","templated":true}]}}