{"id":4538,"date":"2020-07-22T11:51:34","date_gmt":"2020-07-22T11:51:34","guid":{"rendered":"http:\/\/www.canariasviaja.com\/viajaresvivir\/?p=4538"},"modified":"2020-07-24T13:12:09","modified_gmt":"2020-07-24T13:12:09","slug":"verano-en-murcia-junto-al-mar","status":"publish","type":"post","link":"https:\/\/www.canariasviaja.com\/viajaresvivir\/verano-en-murcia-junto-al-mar\/","title":{"rendered":"El verano en Murcia se vive junto al mar"},"content":{"rendered":"\n<p><strong><em>Un paseo por la Costa C\u00e1lida para descubrir playas, chiringuitos y rincones especiales para sentir las vacaciones.<\/em><\/strong><\/p>\n\n\n\n<p>Pensar en <strong>el verano en Murcia<\/strong>, es pensar en el calor m\u00e1s t\u00f3rrido posible. En <a href=\"https:\/\/www.canariasviaja.com\/viajaresvivir\/paseo-por-murcia-capital\/\">la capital<\/a>, los term\u00f3metros suben y, durante el d\u00eda, la calima reina en las calles murcianas. Por eso, la mejor opci\u00f3n es tomar el fresco en la <strong>Costa C\u00e1lida.&nbsp;<\/strong><\/p>\n\n\n\n<div class=\"wp-block-image\"><figure class=\"aligncenter size-large is-resized\"><img decoding=\"async\" src=\"http:\/\/www.canariasviaja.com\/viajaresvivir\/wp-content\/uploads\/2020\/07\/Verano-en-murcia2.jpg\" alt=\"Costa C\u00e1lida\" class=\"wp-image-4544\" width=\"400\" srcset=\"https:\/\/www.canariasviaja.com\/viajaresvivir\/wp-content\/uploads\/2020\/07\/Verano-en-murcia2.jpg 768w, https:\/\/www.canariasviaja.com\/viajaresvivir\/wp-content\/uploads\/2020\/07\/Verano-en-murcia2-225x300.jpg 225w, https:\/\/www.canariasviaja.com\/viajaresvivir\/wp-content\/uploads\/2020\/07\/Verano-en-murcia2-600x800.jpg 600w\" sizes=\"(max-width: 768px) 100vw, 768px\" \/><\/figure><\/div>\n\n\n\n<p>En este viaje, vamos a necesitar el pareo y las chanclas, vamos a ponernos las gafas de sol y pasear por mis rincones favoritos de la <strong>Regi\u00f3n de Murcia <\/strong>durante el verano. En escasos 30 minutos desde el <strong>aeropuerto de Corvera <\/strong>podemos tener los pies en remojo.<\/p>\n\n\n\n<h2 class=\"wp-block-heading\">Verano en Murcia<\/h2>\n\n\n\n<div class=\"wp-block-image\"><figure class=\"aligncenter size-full is-resized\"><img decoding=\"async\" src=\"https:\/\/www.canariasviaja.com\/viajaresvivir\/wp-content\/uploads\/2020\/07\/Buceo-en-Cabo-de-Palos.jpg\" alt=\"Verano en Murcia\" class=\"wp-image-4556\" width=\"400\" srcset=\"https:\/\/www.canariasviaja.com\/viajaresvivir\/wp-content\/uploads\/2020\/07\/Buceo-en-Cabo-de-Palos.jpg 683w, https:\/\/www.canariasviaja.com\/viajaresvivir\/wp-content\/uploads\/2020\/07\/Buceo-en-Cabo-de-Palos-200x300.jpg 200w\" sizes=\"(max-width: 683px) 100vw, 683px\" \/><figcaption>Foto: Turismo de Murcia<\/figcaption><\/figure><\/div>\n\n\n\n<p>Quiz\u00e1 el litoral murciano  sea uno de los menos populares del Levante espa\u00f1ol, a\u00fan encontramos <strong>playas poco concurridas, calitas preciosas, chiringuitos<\/strong> desde los que puedes ver las <strong>puestas de sol<\/strong> m\u00e1s incre\u00edbles y tomarte un granizado preparado con limones naturales de la zona en una hamaca.<\/p>\n\n\n\n<p>Suena bien, \u00bfverdad? Desde las <strong>playas de \u00c1guilas<\/strong>, que comparten arena con Andaluc\u00eda, hasta las <strong>playas de San Pedro del Pinatar<\/strong>, que limitan con la provincia de Alicante, encontramos playas muy diferentes con un encanto especial. Pero me voy a centrar en mis favoritas, porque tengo muchas cosas que contaros.<\/p>\n\n\n\n<h2 class=\"wp-block-heading\">Calblanque, escapando del mundo<\/h2>\n\n\n\n<figure class=\"wp-block-image size-large\"><img loading=\"lazy\" decoding=\"async\" width=\"1024\" height=\"681\" src=\"http:\/\/www.canariasviaja.com\/viajaresvivir\/wp-content\/uploads\/2020\/07\/Calblanque.jpg\" alt=\" Calblanque\" class=\"wp-image-4558\" srcset=\"https:\/\/www.canariasviaja.com\/viajaresvivir\/wp-content\/uploads\/2020\/07\/Calblanque.jpg 1024w, https:\/\/www.canariasviaja.com\/viajaresvivir\/wp-content\/uploads\/2020\/07\/Calblanque-300x200.jpg 300w, https:\/\/www.canariasviaja.com\/viajaresvivir\/wp-content\/uploads\/2020\/07\/Calblanque-768x511.jpg 768w\" sizes=\"(max-width: 1024px) 100vw, 1024px\" \/><figcaption>Foto: Turismo de Murcia<\/figcaption><\/figure>\n\n\n\n<p>El primer d\u00eda de playa yo lo dedicar\u00eda a visitar <strong>Calblanque<\/strong>. Dejando atr\u00e1s la autov\u00eda de La Manga, que avanza entre huertos, nos adentramos en la <a href=\"https:\/\/www.murciaturistica.es\/es\/espacio_natural\/calblanque-monte-de-las-cenizas-y-pena-del-aguila-4496\/\">Parque Regional de Calblanque<\/a>. Durante el verano, para no da\u00f1ar al ecosistema con la entrada y salida de coches, hay un autob\u00fas que nos acerca hasta las playas. Debemos dejar nuestro coche en la entrada del parque as\u00ed que, antes de ir, consulta <a href=\"http:\/\/www.murcianatural.carm.es\/web\/guest\/846\">este link<\/a> para ver horarios y precios de autobuses. Sin duda merece la pena. Porque, una vez all\u00ed, nos encontramos con la naturaleza en todo su apogeo. Pinares, dunas y acantilados acompa\u00f1an a<strong> playas paradis\u00edacas con grandes arenales y calas rec\u00f3nditas <\/strong>que hacen que desconectes del ajetreo y conectes con el sonido del mar.<\/p>\n\n\n\n<p>Si lo tuyo es la aventura, te recomiendo <a href=\"http:\/\/www.allyouneedinmurcia.com\/es\/deporte-aventura\/senderos-en-el-parque-regional-de-calblanque\/\">algunas rutas de senderismo<\/a> muy agradables por el <strong>Monte de las Cenizas<\/strong> o por la <strong>Pe\u00f1a del \u00c1guila<\/strong>. Quiz\u00e1 sea un buen plan acceder temprano, comenzar activando la circulaci\u00f3n para acabar d\u00e1ndote un ba\u00f1o en el Mediterr\u00e1neo murciano.<\/p>\n\n\n\n<p>Con todo esto, nos va a dar hambre, as\u00ed que, llegada la hora de comer y estando en esta zona, no podemos hacer otra cosa que probar un <strong>Caldero del Mar Menor.<\/strong> Un arroz meloso con un intenso sabor a mar y acompa\u00f1ado por unas rodajas de M\u00fajol, pescado t\u00edpico de la zona que se hierve en el caldo con el que se hace el arroz.&nbsp;<\/p>\n\n\n\n<figure class=\"wp-block-gallery aligncenter columns-2 is-cropped wp-block-gallery-1 is-layout-flex wp-block-gallery-is-layout-flex\"><ul class=\"blocks-gallery-grid\"><li class=\"blocks-gallery-item\"><figure><img loading=\"lazy\" decoding=\"async\" width=\"225\" height=\"300\" src=\"http:\/\/www.canariasviaja.com\/viajaresvivir\/wp-content\/uploads\/2020\/07\/Verano-en-murcia7-225x300.jpg\" alt=\"Caldero del Mar Menor Murcia\" data-id=\"4549\" data-full-url=\"http:\/\/www.canariasviaja.com\/viajaresvivir\/wp-content\/uploads\/2020\/07\/Verano-en-murcia7.jpg\" data-link=\"http:\/\/www.canariasviaja.com\/viajaresvivir\/verano-en-murcia7\/\" class=\"wp-image-4549\" srcset=\"https:\/\/www.canariasviaja.com\/viajaresvivir\/wp-content\/uploads\/2020\/07\/Verano-en-murcia7-225x300.jpg 225w, https:\/\/www.canariasviaja.com\/viajaresvivir\/wp-content\/uploads\/2020\/07\/Verano-en-murcia7-600x800.jpg 600w, https:\/\/www.canariasviaja.com\/viajaresvivir\/wp-content\/uploads\/2020\/07\/Verano-en-murcia7.jpg 768w\" sizes=\"(max-width: 225px) 100vw, 225px\" \/><\/figure><\/li><li class=\"blocks-gallery-item\"><figure><img loading=\"lazy\" decoding=\"async\" width=\"225\" height=\"300\" src=\"http:\/\/www.canariasviaja.com\/viajaresvivir\/wp-content\/uploads\/2020\/07\/Verano-en-murcia6-225x300.jpg\" alt=\"Verano en Murcia\" data-id=\"4548\" data-full-url=\"http:\/\/www.canariasviaja.com\/viajaresvivir\/wp-content\/uploads\/2020\/07\/Verano-en-murcia6.jpg\" data-link=\"http:\/\/www.canariasviaja.com\/viajaresvivir\/verano-en-murcia6\/\" class=\"wp-image-4548\" srcset=\"https:\/\/www.canariasviaja.com\/viajaresvivir\/wp-content\/uploads\/2020\/07\/Verano-en-murcia6-225x300.jpg 225w, https:\/\/www.canariasviaja.com\/viajaresvivir\/wp-content\/uploads\/2020\/07\/Verano-en-murcia6-600x800.jpg 600w, https:\/\/www.canariasviaja.com\/viajaresvivir\/wp-content\/uploads\/2020\/07\/Verano-en-murcia6.jpg 768w\" sizes=\"(max-width: 225px) 100vw, 225px\" \/><\/figure><\/li><\/ul><\/figure>\n\n\n\n<p>Muy cerca de Calblanque, en <strong>Portman<\/strong>, hay un rinc\u00f3n que, sin las comodidades de un restaurante de post\u00edn y sin vistas a la bah\u00eda, podr\u00e1s disfrutar de un pescado fresco de esc\u00e1ndalo y de un caldero aut\u00e9ntico y delicioso: en <a href=\"https:\/\/www.tripadvisor.es\/Restaurant_Review-g1087599-d1798864-Reviews-Casa_Cegarra-Portman.html\">Casa Cegarra<\/a>.<\/p>\n\n\n\n<h2 class=\"wp-block-heading\">Cabo de Palos, un puerto con encanto<\/h2>\n\n\n\n<figure class=\"wp-block-image size-large\"><img loading=\"lazy\" decoding=\"async\" width=\"1024\" height=\"681\" src=\"http:\/\/www.canariasviaja.com\/viajaresvivir\/wp-content\/uploads\/2020\/07\/Faro-de-Cabo-de-Palos.jpg\" alt=\"Cabo de Palos en Murcia\" class=\"wp-image-4559\" srcset=\"https:\/\/www.canariasviaja.com\/viajaresvivir\/wp-content\/uploads\/2020\/07\/Faro-de-Cabo-de-Palos.jpg 1024w, https:\/\/www.canariasviaja.com\/viajaresvivir\/wp-content\/uploads\/2020\/07\/Faro-de-Cabo-de-Palos-300x200.jpg 300w, https:\/\/www.canariasviaja.com\/viajaresvivir\/wp-content\/uploads\/2020\/07\/Faro-de-Cabo-de-Palos-768x511.jpg 768w\" sizes=\"(max-width: 1024px) 100vw, 1024px\" \/><figcaption>Foto: Turismo de Murcia<\/figcaption><\/figure>\n\n\n\n<p>Pero, si buscas un paisaje de ensue\u00f1o sin renunciar a la calidad y chuparte los dedos con vistas al mar, pon rumbo a <strong>Cabo de Palos<\/strong>, una localidad pesquera con mucho encanto, con un peque\u00f1o puerto y un sinf\u00edn de calitas, que nos ofrece una oferta gastron\u00f3mica sin desperdicio.<\/p>\n\n\n\n<p>Mi recomendaci\u00f3n es que reserv\u00e9is en <a href=\"https:\/\/www.tripadvisor.es\/Restaurant_Review-g1087580-d1804887-Reviews-Restaurante_La_Tana-Cabo_de_Palos_Municipality_of_Cartagena.html\">La Tana<\/a>. Buen servicio, pescado fresco, ubicaci\u00f3n inmejorable y, a lo que venimos, un caldero incre\u00edble que te traslada mar adentro en cada bocado.<\/p>\n\n\n\n<p>Una vez en Cabo de Palos, despu\u00e9s de comer, bien merece la pena un paseo por el <strong>puerto<\/strong>. Elige alguna de sus calitas para descansar un rato. <strong>Cala Fr\u00eda, Cala de la Escalerica, Cala Reona, Cala Flores<\/strong>\u2026 Cada una de ellas tiene un encanto especial. Pi\u00e9rdete descubriendo calitas y practicando snorkel o buceo y as\u00ed har\u00e1s tiempo hasta el atardecer, que va a merecer la pena.<\/p>\n\n\n\n<h2 class=\"wp-block-heading\">La costa de los dos mares<\/h2>\n\n\n\n<figure class=\"wp-block-image size-large\"><img loading=\"lazy\" decoding=\"async\" width=\"1024\" height=\"681\" src=\"http:\/\/www.canariasviaja.com\/viajaresvivir\/wp-content\/uploads\/2020\/07\/MarMenor-SanPedroDelPinatar-Salinas.jpg\" alt=\"Mar Menor Murcia en verano\" class=\"wp-image-4560\" srcset=\"https:\/\/www.canariasviaja.com\/viajaresvivir\/wp-content\/uploads\/2020\/07\/MarMenor-SanPedroDelPinatar-Salinas.jpg 1024w, https:\/\/www.canariasviaja.com\/viajaresvivir\/wp-content\/uploads\/2020\/07\/MarMenor-SanPedroDelPinatar-Salinas-300x200.jpg 300w, https:\/\/www.canariasviaja.com\/viajaresvivir\/wp-content\/uploads\/2020\/07\/MarMenor-SanPedroDelPinatar-Salinas-768x511.jpg 768w\" sizes=\"(max-width: 1024px) 100vw, 1024px\" \/><figcaption>Foto: Turismo de Murcia<\/figcaption><\/figure>\n\n\n\n<p>Si en esta zona preguntas por el <strong>Mar Mediterr\u00e1neo<\/strong>, pronto se dar\u00e1n cuenta de que no eres de aqu\u00ed. En la regi\u00f3n hay dos mares: el <strong>Mar Menor<\/strong> y el <strong>Mar Mayor<\/strong>, y si las playas con grandes arenales y calas entre acantilados son propias de este \u00faltimo (Mediterr\u00e1neo), <strong>el Mar Menor nos regala los atardeceres m\u00e1s espectaculares de la zona.<\/strong><\/p>\n\n\n\n<p>Cuando el sol empiece a caer, ser\u00e1 la hora del chiringuito. Es momento de descubrir <strong>La Manga<\/strong>, adentrarte entre los dos mares en esa hilera de tierra urbanizada. La Manga tiene 17 km de edificios, restaurantes y playa. Puedes llegar hasta el final, pero para disfrutar de un atardecer con encanto, no hace falta que pases del km 4. En el <a href=\"https:\/\/zm-isla-del-ciervo.negocio.site\/\">Chiringuito ZM Isla del Ciervo<\/a> podr\u00e1s ver caer el sol entre veleros e islotes, tom\u00e1ndote un c\u00f3ctel y respirando la brisa del mar. En ese momento, redescubrir\u00e1s el significado de las vacaciones.<\/p>\n\n\n\n<figure class=\"wp-block-image size-large\"><img loading=\"lazy\" decoding=\"async\" width=\"2000\" height=\"1500\" src=\"http:\/\/www.canariasviaja.com\/viajaresvivir\/wp-content\/uploads\/2020\/07\/Verano-en-murcia.jpg\" alt=\"Atardecer  en Murcia\" class=\"wp-image-4543\" srcset=\"https:\/\/www.canariasviaja.com\/viajaresvivir\/wp-content\/uploads\/2020\/07\/Verano-en-murcia.jpg 2000w, https:\/\/www.canariasviaja.com\/viajaresvivir\/wp-content\/uploads\/2020\/07\/Verano-en-murcia-300x225.jpg 300w, https:\/\/www.canariasviaja.com\/viajaresvivir\/wp-content\/uploads\/2020\/07\/Verano-en-murcia-768x576.jpg 768w, https:\/\/www.canariasviaja.com\/viajaresvivir\/wp-content\/uploads\/2020\/07\/Verano-en-murcia-1536x1152.jpg 1536w, https:\/\/www.canariasviaja.com\/viajaresvivir\/wp-content\/uploads\/2020\/07\/Verano-en-murcia-1200x900.jpg 1200w, https:\/\/www.canariasviaja.com\/viajaresvivir\/wp-content\/uploads\/2020\/07\/Verano-en-murcia-800x600.jpg 800w, https:\/\/www.canariasviaja.com\/viajaresvivir\/wp-content\/uploads\/2020\/07\/Verano-en-murcia-1440x1080.jpg 1440w\" sizes=\"(max-width: 2000px) 100vw, 2000px\" \/><\/figure>\n\n\n\n<p>Ba\u00f1arte en el Mar Menor es toda una experiencia. Sus aguas ya se empiezan a recuperar de los desastres naturales y, aunque es dif\u00edcil encontrarte con los caballitos de mar que antes cabalgaban por la orilla, s\u00ed merece la pena que pruebes la temperatura c\u00e1lida de sus aguas, adentrarte metros y metros sin que cubra y disfrutar de los innumerables <strong>pueblecitos <\/strong>que ba\u00f1an las aguas del Mar Menor.&nbsp;<\/p>\n\n\n\n<p>Esta laguna de agua salada es la <strong>albufera del Mediterr\u00e1neo<\/strong> m\u00e1s grande de Europa. Te propongo visitar algunas de sus localidades, como <strong>Los Nietos, Los Alc\u00e1zares, San Javier\u2026<\/strong> Si te sientas en cualquiera de las terracitas de sus costas, podr\u00e1s divisar los entrenamientos de la Patrulla \u00c1guila, aviones militares que realizan sus pr\u00e1cticas sobre el Mar Menor dejando huella entre las nubes.<\/p>\n\n\n\n<h2 class=\"wp-block-heading\">San Pedro de Pinatar<\/h2>\n\n\n\n<figure class=\"wp-block-image size-large\"><img loading=\"lazy\" decoding=\"async\" width=\"1024\" height=\"683\" src=\"http:\/\/www.canariasviaja.com\/viajaresvivir\/wp-content\/uploads\/2020\/07\/San-Pedro-del-Pinatar.jpg\" alt=\"San Pedro de Pinatar \" class=\"wp-image-4561\" srcset=\"https:\/\/www.canariasviaja.com\/viajaresvivir\/wp-content\/uploads\/2020\/07\/San-Pedro-del-Pinatar.jpg 1024w, https:\/\/www.canariasviaja.com\/viajaresvivir\/wp-content\/uploads\/2020\/07\/San-Pedro-del-Pinatar-300x200.jpg 300w, https:\/\/www.canariasviaja.com\/viajaresvivir\/wp-content\/uploads\/2020\/07\/San-Pedro-del-Pinatar-768x512.jpg 768w\" sizes=\"(max-width: 1024px) 100vw, 1024px\" \/><figcaption>Foto: Turismo de Murcia<\/figcaption><\/figure>\n\n\n\n<p>Para disfrutar de otro punto de vista del Mar Menor, nos iremos ahora hasta <strong>San Pedro del Pinatar<\/strong>, es el \u00faltimo pueblo de la Regi\u00f3n de Murcia, el extremo de tierra que deja paso al agua del Mediterr\u00e1neo para conformar esa laguna tan genuina. Mi playa favorita de esta localidad es la <a href=\"https:\/\/www.murciaturistica.es\/es\/playa\/playa-de-la-llana-(playa-de-las-salinas)-665\/\">Playa de la Llana<\/a>, una playa rodeada de naturaleza. Para llegar hasta ella atravesaremos <strong>las Salinas<\/strong> y saludaremos a los flamencos rosas que habitan en estos saladares.&nbsp;<\/p>\n\n\n\n<p><strong>La playa de la Llana<\/strong>, con dunas v\u00edrgenes y sin construcciones que interrumpan la magia, te invita a pasear hasta el final y divisar la punta de La Manga y las maravillas de la naturaleza.<\/p>\n\n\n\n<h2 class=\"wp-block-heading\">Comer en el Mar Menor<\/h2>\n\n\n\n<p>Tras el paseo y los ba\u00f1os, es hora de comer. Estamos en la costa y lo suyo es seguir disfrutando del pescado fresco. Sugiero una reserva en el <a href=\"http:\/\/www.restaurantevenezuela.com\/\">restaurante Venezuela<\/a>, donde podremos degustar sabores murcianos como el pulpo al horno, marineras, caballitos y, por supuesto, gran variedad de <strong>arroces<\/strong> en los que ya se puede notar esos aires alicantinos.<\/p>\n\n\n\n<p>Despu\u00e9s de comer, os invito a descubrir un rinc\u00f3n muy especial, la <a href=\"https:\/\/www.tripadvisor.es\/Restaurant_Review-g644341-d12588331-Reviews-Heladeria_Ferrer-San_Pedro_del_Pinatar.html\">Helader\u00eda Ferrer<\/a>, donde cada d\u00eda elaboran granizados con los limones de su huerto y sirven helados cremosos en un entorno muy acogedor, con una decoraci\u00f3n impecable y una terraza entre jazmines y buganvillas que potencia el sabor del verano.<\/p>\n\n\n\n<figure class=\"wp-block-gallery columns-2 is-cropped wp-block-gallery-2 is-layout-flex wp-block-gallery-is-layout-flex\"><ul class=\"blocks-gallery-grid\"><li class=\"blocks-gallery-item\"><figure><img loading=\"lazy\" decoding=\"async\" width=\"960\" height=\"720\" src=\"http:\/\/www.canariasviaja.com\/viajaresvivir\/wp-content\/uploads\/2020\/07\/19437435_1727268543954487_3783114522818989871_n.jpg\" alt=\"Heladeria Ferrer Murcia\" data-id=\"4574\" class=\"wp-image-4574\" srcset=\"https:\/\/www.canariasviaja.com\/viajaresvivir\/wp-content\/uploads\/2020\/07\/19437435_1727268543954487_3783114522818989871_n.jpg 960w, https:\/\/www.canariasviaja.com\/viajaresvivir\/wp-content\/uploads\/2020\/07\/19437435_1727268543954487_3783114522818989871_n-300x225.jpg 300w, https:\/\/www.canariasviaja.com\/viajaresvivir\/wp-content\/uploads\/2020\/07\/19437435_1727268543954487_3783114522818989871_n-768x576.jpg 768w, https:\/\/www.canariasviaja.com\/viajaresvivir\/wp-content\/uploads\/2020\/07\/19437435_1727268543954487_3783114522818989871_n-800x600.jpg 800w\" sizes=\"(max-width: 960px) 100vw, 960px\" \/><\/figure><\/li><li class=\"blocks-gallery-item\"><figure><img loading=\"lazy\" decoding=\"async\" width=\"878\" height=\"768\" src=\"https:\/\/www.canariasviaja.com\/viajaresvivir\/wp-content\/uploads\/2020\/07\/42730694_2289536367727699_1768486804563951616_n-1.jpg\" alt=\"\" data-id=\"4576\" data-full-url=\"https:\/\/www.canariasviaja.com\/viajaresvivir\/wp-content\/uploads\/2020\/07\/42730694_2289536367727699_1768486804563951616_n-1.jpg\" data-link=\"https:\/\/www.canariasviaja.com\/viajaresvivir\/verano-en-murcia-junto-al-mar\/42730694_2289536367727699_1768486804563951616_n-1\/#main\" class=\"wp-image-4576\" srcset=\"https:\/\/www.canariasviaja.com\/viajaresvivir\/wp-content\/uploads\/2020\/07\/42730694_2289536367727699_1768486804563951616_n-1.jpg 878w, https:\/\/www.canariasviaja.com\/viajaresvivir\/wp-content\/uploads\/2020\/07\/42730694_2289536367727699_1768486804563951616_n-1-300x262.jpg 300w, https:\/\/www.canariasviaja.com\/viajaresvivir\/wp-content\/uploads\/2020\/07\/42730694_2289536367727699_1768486804563951616_n-1-768x672.jpg 768w\" sizes=\"(max-width: 878px) 100vw, 878px\" \/><\/figure><\/li><\/ul><\/figure>\n\n\n\n<h2 class=\"wp-block-heading\">M\u00e1s al sur<\/h2>\n\n\n\n<p>Nos queda hablar del sur de la regi\u00f3n. M\u00e1s all\u00e1 de Calblanque nos quedan playas por las que pasear y sabores por descubrir. <strong>Cartagena<\/strong> es un enclave ineludible, pero otro d\u00eda os llevar\u00e9 de paseo por la ciudad de los cartagineses y los romanos, pasearemos por sus calles y hablaremos de sus leyendas. De momento, os invito en este viaje a pasear por el puerto y daros un capricho en el <a href=\"https:\/\/restaurantemagoga.com\/\">Restaurante Magoga<\/a>, que ostenta la primera estrella Michel\u00edn de la ciudad y donde podr\u00e1s conocer la ciudad a trav\u00e9s del paladar.<\/p>\n\n\n\n<p>No olvidemos que, en 2020 y 2021, Murcia, es <strong>capital de la gastronom\u00eda<\/strong> y cuando llega el verano, <strong>Murcia est\u00e1 en la Costa C\u00e1lida<\/strong>. En los meses de julio y agosto, muchos chefs de la regi\u00f3n se trasladan a la playa, pero no a descansar, sino a ofrecer sus manjares a los murcianos que se retiran en verano al fresco del Mar Menor.&nbsp;<\/p>\n\n\n\n<p>El galardonado chef <strong>Pablo Gonz\u00e1lez<\/strong>, por ejemplo, traslada sus men\u00fas a Cabo de Palos, en una terraza id\u00edlica desde donde ofrece <a href=\"https:\/\/pomarus.com\/be-trips-by-pablo-gonzalez\/\">un viaje gastron\u00f3mico a pie de playa<\/a>.<\/p>\n\n\n\n<h2 class=\"wp-block-heading\">La Azoh\u00eda, playas entre monta\u00f1as<\/h2>\n\n\n\n<p>Pero la regi\u00f3n contin\u00faa hacia el sur y hay mucho por descubrir. Bajando por el litoral, nos encontramos con un peque\u00f1o pueblecito que, entre monta\u00f1as, nos deja al descubierto unas playas preciosas, <strong>La Azoh\u00eda<\/strong>. Parece que el tiempo no haya pasado por esta localidad pesquera. Casitas con encanto al borde de la bah\u00eda y chiringuitos desde donde se escucha m\u00fasica en directo al caer la noche. S\u00ed, esa m\u00fasica viene del<a href=\"https:\/\/goo.gl\/maps\/Sti7NHVBSmkK5AoH8\"> Chiringuito Aloha<\/a>, pasa y t\u00f3mate una cerveza, que el calor aprieta.<\/p>\n\n\n\n<p>Pero, a la hora de cenar, si quer\u00e9is un sitio aut\u00e9ntico, os recomiendo una freidur\u00eda de toda la vida: <a href=\"https:\/\/www.tripadvisor.es\/Restaurant_Review-g1591387-d17548669-Reviews-Pescaderia_Freiduria_Isla_Plana-Isla_Plana.html\">Isla Plana<\/a>. Es un restaurante sin artificios que se mantiene igual desde sus or\u00edgenes, pero donde puedes degustar productos de calidad, a buen precio y con el trato simp\u00e1tico de sus trabajadores.<\/p>\n\n\n\n<h2 class=\"wp-block-heading\">Las playas de Mazarr\u00f3n y \u00c1guilas<\/h2>\n\n\n\n<p>Tampoco quiero olvidarme de las playas de Mazarr\u00f3n, <strong>Bolnuevo<\/strong> es una de las m\u00e1s conocidas, con 1.600m de arena y un paseo mar\u00edtimo que invita a coleccionar recuerdos veraniegos.<\/p>\n\n\n\n<p>Y, para terminar, os invito a descubrir la <a href=\"https:\/\/www.minube.com\/rincon\/playa-los-cocederos-del-hornillo-a613421\">playa de los Cocederos<\/a> de <strong>\u00c1guilas,<\/strong> un enclave espectacular compartido con Almer\u00eda. Es un paisaje protegido con f\u00f3siles y rocas volc\u00e1nicas que avisan que, muy pronto, si contin\u00faas hacia el sur, llegar\u00e1s a <strong>Cabo de Gata<\/strong>.&nbsp;<\/p>\n\n\n\n<p>Como veis, <strong>Murcia es gastronom\u00eda, historia, belleza, aventura y diversi\u00f3n. <\/strong>En verano hace calor, s\u00ed, pero tenemos unas playas incre\u00edbles donde refrescarnos cuando el term\u00f3metro sube y quien las descubre\u2026 se repite a s\u00ed mismo: <strong>Murcia, qu\u00e9 hermosa eres.<\/strong><\/p>\n\n\n\n<hr class=\"wp-block-separator\"\/>\n\n\n\n<p>\u00bfTe gustar\u00eda<a href=\"https:\/\/bit.ly\/3hr76ty\"> <\/a>descubrir el litoral de Murcia? Te hemos preparado una <strong><a href=\"https:\/\/bit.ly\/3hpo9w6\">oferta irresistible<\/a><\/strong> para que lo vivas este verano.<\/p>\n","protected":false},"excerpt":{"rendered":"<p>El verano en Murcia se vive junto al mar, disfrutando de sus playas y calas, comiendo Caldero del Mar Menor y coleccionando atardeceres. Ven a descubrirlo.<\/p>\n","protected":false},"author":8,"featured_media":4558,"comment_status":"open","ping_status":"open","sticky":false,"template":"","format":"standard","meta":{"_acf_changed":false,"sfsi_plus_gutenberg_text_before_share":"","sfsi_plus_gutenberg_show_text_before_share":"","sfsi_plus_gutenberg_icon_type":"","sfsi_plus_gutenberg_icon_alignemt":"","sfsi_plus_gutenburg_max_per_row":"","footnotes":""},"categories":[124,8,123,10,102,100,126],"tags":[133,589,587,151,588,262,122],"class_list":["post-4538","post","type-post","status-publish","format-standard","has-post-thumbnail","hentry","category-descubre","category-diariodeviaje","category-explora","category-historias-viajeras","category-murcia","category-peninsulaybaleares","category-saborea","tag-buceo","tag-capital-gastronomica","tag-costa-calida","tag-gastronomia","tag-mar-menor","tag-murcia","tag-playas"],"acf":[],"yoast_head":"<!-- This site is optimized with the Yoast SEO plugin v24.1 - https:\/\/yoast.com\/wordpress\/plugins\/seo\/ -->\n<title>El verano en Murcia se vive junto al mar - Viajar es vivir<\/title>\n<meta name=\"description\" content=\"El verano en Murcia se vive en la costa, a pie de playa, disfrutando de los chiringuitos, de calas escondidas y saboreando un rico Caldero del Mar Menor.\" \/>\n<meta name=\"robots\" content=\"index, follow, max-snippet:-1, max-image-preview:large, max-video-preview:-1\" \/>\n<link rel=\"canonical\" href=\"https:\/\/www.canariasviaja.com\/viajaresvivir\/verano-en-murcia-junto-al-mar\/\" \/>\n<meta property=\"og:locale\" content=\"es_ES\" \/>\n<meta property=\"og:type\" content=\"article\" \/>\n<meta property=\"og:title\" content=\"El verano en Murcia se vive junto al mar - Viajar es vivir\" \/>\n<meta property=\"og:description\" content=\"El verano en Murcia se vive en la costa, a pie de playa, disfrutando de los chiringuitos, de calas escondidas y saboreando un rico Caldero del Mar Menor.\" \/>\n<meta property=\"og:url\" content=\"https:\/\/www.canariasviaja.com\/viajaresvivir\/verano-en-murcia-junto-al-mar\/\" \/>\n<meta property=\"og:site_name\" content=\"Viajar es vivir\" \/>\n<meta property=\"article:published_time\" content=\"2020-07-22T11:51:34+00:00\" \/>\n<meta property=\"article:modified_time\" content=\"2020-07-24T13:12:09+00:00\" \/>\n<meta property=\"og:image\" content=\"https:\/\/www.canariasviaja.com\/viajaresvivir\/wp-content\/uploads\/2020\/07\/Calblanque.jpg\" \/>\n\t<meta property=\"og:image:width\" content=\"1024\" \/>\n\t<meta property=\"og:image:height\" content=\"681\" \/>\n\t<meta property=\"og:image:type\" content=\"image\/jpeg\" \/>\n<meta name=\"author\" content=\"Cristina V\u00edlchez\" \/>\n<meta name=\"twitter:card\" content=\"summary_large_image\" \/>\n<meta name=\"twitter:label1\" content=\"Escrito por\" \/>\n\t<meta name=\"twitter:data1\" content=\"Cristina V\u00edlchez\" \/>\n\t<meta name=\"twitter:label2\" content=\"Tiempo de lectura\" \/>\n\t<meta name=\"twitter:data2\" content=\"9 minutos\" \/>\n<script type=\"application\/ld+json\" class=\"yoast-schema-graph\">{\"@context\":\"https:\/\/schema.org\",\"@graph\":[{\"@type\":\"WebPage\",\"@id\":\"https:\/\/www.canariasviaja.com\/viajaresvivir\/verano-en-murcia-junto-al-mar\/\",\"url\":\"https:\/\/www.canariasviaja.com\/viajaresvivir\/verano-en-murcia-junto-al-mar\/\",\"name\":\"El verano en Murcia se vive junto al mar - Viajar es vivir\",\"isPartOf\":{\"@id\":\"https:\/\/www.canariasviaja.com\/viajaresvivir\/#website\"},\"primaryImageOfPage\":{\"@id\":\"https:\/\/www.canariasviaja.com\/viajaresvivir\/verano-en-murcia-junto-al-mar\/#primaryimage\"},\"image\":{\"@id\":\"https:\/\/www.canariasviaja.com\/viajaresvivir\/verano-en-murcia-junto-al-mar\/#primaryimage\"},\"thumbnailUrl\":\"https:\/\/www.canariasviaja.com\/viajaresvivir\/wp-content\/uploads\/2020\/07\/Calblanque.jpg\",\"datePublished\":\"2020-07-22T11:51:34+00:00\",\"dateModified\":\"2020-07-24T13:12:09+00:00\",\"author\":{\"@id\":\"https:\/\/www.canariasviaja.com\/viajaresvivir\/#\/schema\/person\/9df300058e20d674c15c01354b4546e0\"},\"description\":\"El verano en Murcia se vive en la costa, a pie de playa, disfrutando de los chiringuitos, de calas escondidas y saboreando un rico Caldero del Mar Menor.\",\"breadcrumb\":{\"@id\":\"https:\/\/www.canariasviaja.com\/viajaresvivir\/verano-en-murcia-junto-al-mar\/#breadcrumb\"},\"inLanguage\":\"es\",\"potentialAction\":[{\"@type\":\"ReadAction\",\"target\":[\"https:\/\/www.canariasviaja.com\/viajaresvivir\/verano-en-murcia-junto-al-mar\/\"]}]},{\"@type\":\"ImageObject\",\"inLanguage\":\"es\",\"@id\":\"https:\/\/www.canariasviaja.com\/viajaresvivir\/verano-en-murcia-junto-al-mar\/#primaryimage\",\"url\":\"https:\/\/www.canariasviaja.com\/viajaresvivir\/wp-content\/uploads\/2020\/07\/Calblanque.jpg\",\"contentUrl\":\"https:\/\/www.canariasviaja.com\/viajaresvivir\/wp-content\/uploads\/2020\/07\/Calblanque.jpg\",\"width\":1024,\"height\":681,\"caption\":\"Verano en Murcia Calblanque\"},{\"@type\":\"BreadcrumbList\",\"@id\":\"https:\/\/www.canariasviaja.com\/viajaresvivir\/verano-en-murcia-junto-al-mar\/#breadcrumb\",\"itemListElement\":[{\"@type\":\"ListItem\",\"position\":1,\"name\":\"Portada\",\"item\":\"https:\/\/www.canariasviaja.com\/viajaresvivir\/\"},{\"@type\":\"ListItem\",\"position\":2,\"name\":\"El verano en Murcia se vive junto al mar\"}]},{\"@type\":\"WebSite\",\"@id\":\"https:\/\/www.canariasviaja.com\/viajaresvivir\/#website\",\"url\":\"https:\/\/www.canariasviaja.com\/viajaresvivir\/\",\"name\":\"Viajar es vivir\",\"description\":\"El blog de viajes y estilo de vida de CanariasViaja\",\"potentialAction\":[{\"@type\":\"SearchAction\",\"target\":{\"@type\":\"EntryPoint\",\"urlTemplate\":\"https:\/\/www.canariasviaja.com\/viajaresvivir\/?s={search_term_string}\"},\"query-input\":{\"@type\":\"PropertyValueSpecification\",\"valueRequired\":true,\"valueName\":\"search_term_string\"}}],\"inLanguage\":\"es\"},{\"@type\":\"Person\",\"@id\":\"https:\/\/www.canariasviaja.com\/viajaresvivir\/#\/schema\/person\/9df300058e20d674c15c01354b4546e0\",\"name\":\"Cristina V\u00edlchez\",\"image\":{\"@type\":\"ImageObject\",\"inLanguage\":\"es\",\"@id\":\"https:\/\/www.canariasviaja.com\/viajaresvivir\/#\/schema\/person\/image\/\",\"url\":\"https:\/\/secure.gravatar.com\/avatar\/9486d73b06e3cfd8b5204f2deff8d917?s=96&d=mm&r=g\",\"contentUrl\":\"https:\/\/secure.gravatar.com\/avatar\/9486d73b06e3cfd8b5204f2deff8d917?s=96&d=mm&r=g\",\"caption\":\"Cristina V\u00edlchez\"},\"url\":\"https:\/\/www.canariasviaja.com\/viajaresvivir\/author\/cristina-vilchez\/\"}]}<\/script>\n<!-- \/ Yoast SEO plugin. -->","yoast_head_json":{"title":"El verano en Murcia se vive junto al mar - Viajar es vivir","description":"El verano en Murcia se vive en la costa, a pie de playa, disfrutando de los chiringuitos, de calas escondidas y saboreando un rico Caldero del Mar Menor.","robots":{"index":"index","follow":"follow","max-snippet":"max-snippet:-1","max-image-preview":"max-image-preview:large","max-video-preview":"max-video-preview:-1"},"canonical":"https:\/\/www.canariasviaja.com\/viajaresvivir\/verano-en-murcia-junto-al-mar\/","og_locale":"es_ES","og_type":"article","og_title":"El verano en Murcia se vive junto al mar - Viajar es vivir","og_description":"El verano en Murcia se vive en la costa, a pie de playa, disfrutando de los chiringuitos, de calas escondidas y saboreando un rico Caldero del Mar Menor.","og_url":"https:\/\/www.canariasviaja.com\/viajaresvivir\/verano-en-murcia-junto-al-mar\/","og_site_name":"Viajar es vivir","article_published_time":"2020-07-22T11:51:34+00:00","article_modified_time":"2020-07-24T13:12:09+00:00","og_image":[{"width":1024,"height":681,"url":"https:\/\/www.canariasviaja.com\/viajaresvivir\/wp-content\/uploads\/2020\/07\/Calblanque.jpg","type":"image\/jpeg"}],"author":"Cristina V\u00edlchez","twitter_card":"summary_large_image","twitter_misc":{"Escrito por":"Cristina V\u00edlchez","Tiempo de lectura":"9 minutos"},"schema":{"@context":"https:\/\/schema.org","@graph":[{"@type":"WebPage","@id":"https:\/\/www.canariasviaja.com\/viajaresvivir\/verano-en-murcia-junto-al-mar\/","url":"https:\/\/www.canariasviaja.com\/viajaresvivir\/verano-en-murcia-junto-al-mar\/","name":"El verano en Murcia se vive junto al mar - Viajar es vivir","isPartOf":{"@id":"https:\/\/www.canariasviaja.com\/viajaresvivir\/#website"},"primaryImageOfPage":{"@id":"https:\/\/www.canariasviaja.com\/viajaresvivir\/verano-en-murcia-junto-al-mar\/#primaryimage"},"image":{"@id":"https:\/\/www.canariasviaja.com\/viajaresvivir\/verano-en-murcia-junto-al-mar\/#primaryimage"},"thumbnailUrl":"https:\/\/www.canariasviaja.com\/viajaresvivir\/wp-content\/uploads\/2020\/07\/Calblanque.jpg","datePublished":"2020-07-22T11:51:34+00:00","dateModified":"2020-07-24T13:12:09+00:00","author":{"@id":"https:\/\/www.canariasviaja.com\/viajaresvivir\/#\/schema\/person\/9df300058e20d674c15c01354b4546e0"},"description":"El verano en Murcia se vive en la costa, a pie de playa, disfrutando de los chiringuitos, de calas escondidas y saboreando un rico Caldero del Mar Menor.","breadcrumb":{"@id":"https:\/\/www.canariasviaja.com\/viajaresvivir\/verano-en-murcia-junto-al-mar\/#breadcrumb"},"inLanguage":"es","potentialAction":[{"@type":"ReadAction","target":["https:\/\/www.canariasviaja.com\/viajaresvivir\/verano-en-murcia-junto-al-mar\/"]}]},{"@type":"ImageObject","inLanguage":"es","@id":"https:\/\/www.canariasviaja.com\/viajaresvivir\/verano-en-murcia-junto-al-mar\/#primaryimage","url":"https:\/\/www.canariasviaja.com\/viajaresvivir\/wp-content\/uploads\/2020\/07\/Calblanque.jpg","contentUrl":"https:\/\/www.canariasviaja.com\/viajaresvivir\/wp-content\/uploads\/2020\/07\/Calblanque.jpg","width":1024,"height":681,"caption":"Verano en Murcia Calblanque"},{"@type":"BreadcrumbList","@id":"https:\/\/www.canariasviaja.com\/viajaresvivir\/verano-en-murcia-junto-al-mar\/#breadcrumb","itemListElement":[{"@type":"ListItem","position":1,"name":"Portada","item":"https:\/\/www.canariasviaja.com\/viajaresvivir\/"},{"@type":"ListItem","position":2,"name":"El verano en Murcia se vive junto al mar"}]},{"@type":"WebSite","@id":"https:\/\/www.canariasviaja.com\/viajaresvivir\/#website","url":"https:\/\/www.canariasviaja.com\/viajaresvivir\/","name":"Viajar es vivir","description":"El blog de viajes y estilo de vida de CanariasViaja","potentialAction":[{"@type":"SearchAction","target":{"@type":"EntryPoint","urlTemplate":"https:\/\/www.canariasviaja.com\/viajaresvivir\/?s={search_term_string}"},"query-input":{"@type":"PropertyValueSpecification","valueRequired":true,"valueName":"search_term_string"}}],"inLanguage":"es"},{"@type":"Person","@id":"https:\/\/www.canariasviaja.com\/viajaresvivir\/#\/schema\/person\/9df300058e20d674c15c01354b4546e0","name":"Cristina V\u00edlchez","image":{"@type":"ImageObject","inLanguage":"es","@id":"https:\/\/www.canariasviaja.com\/viajaresvivir\/#\/schema\/person\/image\/","url":"https:\/\/secure.gravatar.com\/avatar\/9486d73b06e3cfd8b5204f2deff8d917?s=96&d=mm&r=g","contentUrl":"https:\/\/secure.gravatar.com\/avatar\/9486d73b06e3cfd8b5204f2deff8d917?s=96&d=mm&r=g","caption":"Cristina V\u00edlchez"},"url":"https:\/\/www.canariasviaja.com\/viajaresvivir\/author\/cristina-vilchez\/"}]}},"_links":{"self":[{"href":"https:\/\/www.canariasviaja.com\/viajaresvivir\/wp-json\/wp\/v2\/posts\/4538"}],"collection":[{"href":"https:\/\/www.canariasviaja.com\/viajaresvivir\/wp-json\/wp\/v2\/posts"}],"about":[{"href":"https:\/\/www.canariasviaja.com\/viajaresvivir\/wp-json\/wp\/v2\/types\/post"}],"author":[{"embeddable":true,"href":"https:\/\/www.canariasviaja.com\/viajaresvivir\/wp-json\/wp\/v2\/users\/8"}],"replies":[{"embeddable":true,"href":"https:\/\/www.canariasviaja.com\/viajaresvivir\/wp-json\/wp\/v2\/comments?post=4538"}],"version-history":[{"count":10,"href":"https:\/\/www.canariasviaja.com\/viajaresvivir\/wp-json\/wp\/v2\/posts\/4538\/revisions"}],"predecessor-version":[{"id":4580,"href":"https:\/\/www.canariasviaja.com\/viajaresvivir\/wp-json\/wp\/v2\/posts\/4538\/revisions\/4580"}],"wp:featuredmedia":[{"embeddable":true,"href":"https:\/\/www.canariasviaja.com\/viajaresvivir\/wp-json\/wp\/v2\/media\/4558"}],"wp:attachment":[{"href":"https:\/\/www.canariasviaja.com\/viajaresvivir\/wp-json\/wp\/v2\/media?parent=4538"}],"wp:term":[{"taxonomy":"category","embeddable":true,"href":"https:\/\/www.canariasviaja.com\/viajaresvivir\/wp-json\/wp\/v2\/categories?post=4538"},{"taxonomy":"post_tag","embeddable":true,"href":"https:\/\/www.canariasviaja.com\/viajaresvivir\/wp-json\/wp\/v2\/tags?post=4538"}],"curies":[{"name":"wp","href":"https:\/\/api.w.org\/{rel}","templated":true}]}}