{"id":4616,"date":"2020-08-03T14:17:33","date_gmt":"2020-08-03T14:17:33","guid":{"rendered":"http:\/\/www.canariasviaja.com\/viajaresvivir\/?p=4616"},"modified":"2022-06-22T11:25:09","modified_gmt":"2022-06-22T11:25:09","slug":"volcan-caldera-blanca-el-crater-perfecto","status":"publish","type":"post","link":"https:\/\/www.canariasviaja.com\/viajaresvivir\/volcan-caldera-blanca-el-crater-perfecto\/","title":{"rendered":"Volc\u00e1n Caldera Blanca, el cr\u00e1ter perfecto en Lanzarote"},"content":{"rendered":"\n<p><strong>Lanzarote <\/strong>es un territorio m\u00e1gico tallado a fuerza de siglos de  <strong>erupciones volc\u00e1nicas.<\/strong> Subir a un volc\u00e1n nos dar\u00e1 un punto de vista diferente para conocer la incre\u00edble <strong>morfolog\u00eda de esta isla <\/strong>y apreciar la belleza del <strong><a href=\"http:\/\/www.gobiernodecanarias.org\/parquesnacionalesdecanarias\/es\/Timanfaya\/\" target=\"_blank\" rel=\"noreferrer noopener\">Parque Nacional de Timanfaya.<\/a><\/strong><\/p>\n\n\n\n<p><strong>La Caldera Blanca<\/strong> est\u00e1 situada fuera de  los l\u00edmites del <strong>Parque Nacional<\/strong>, por lo que <strong>no es necesario pedir ning\u00fan permiso<\/strong> para realizar este sendero.<\/p>\n\n\n\n<figure class=\"wp-block-image size-large\"><img loading=\"lazy\" decoding=\"async\" width=\"1920\" height=\"1280\" src=\"http:\/\/www.canariasviaja.com\/viajaresvivir\/wp-content\/uploads\/2020\/08\/Caldera-Blanca-19.jpg\" alt=\"Timanfaya\" class=\"wp-image-4638\" srcset=\"https:\/\/www.canariasviaja.com\/viajaresvivir\/wp-content\/uploads\/2020\/08\/Caldera-Blanca-19.jpg 1920w, https:\/\/www.canariasviaja.com\/viajaresvivir\/wp-content\/uploads\/2020\/08\/Caldera-Blanca-19-300x200.jpg 300w, https:\/\/www.canariasviaja.com\/viajaresvivir\/wp-content\/uploads\/2020\/08\/Caldera-Blanca-19-768x512.jpg 768w, https:\/\/www.canariasviaja.com\/viajaresvivir\/wp-content\/uploads\/2020\/08\/Caldera-Blanca-19-1536x1024.jpg 1536w, https:\/\/www.canariasviaja.com\/viajaresvivir\/wp-content\/uploads\/2020\/08\/Caldera-Blanca-19-1200x800.jpg 1200w, https:\/\/www.canariasviaja.com\/viajaresvivir\/wp-content\/uploads\/2020\/08\/Caldera-Blanca-19-1620x1080.jpg 1620w\" sizes=\"(max-width: 1920px) 100vw, 1920px\" \/><\/figure>\n\n\n\n<p>Hoy te proponemos que incluyas en tu visita a Lanzarote <strong>la subida a Caldera Blanca,<\/strong> un volc\u00e1n con un cr\u00e1ter perfecto, que puedes visitar en medio d\u00eda o un par de horas, seg\u00fan la ruta que elijas.<\/p>\n\n\n\n<figure class=\"wp-block-image size-large\"><img loading=\"lazy\" decoding=\"async\" width=\"1920\" height=\"1280\" src=\"http:\/\/www.canariasviaja.com\/viajaresvivir\/wp-content\/uploads\/2020\/08\/Caldera-Blanca-18.jpg\" alt=\"Crater\" class=\"wp-image-4637\" srcset=\"https:\/\/www.canariasviaja.com\/viajaresvivir\/wp-content\/uploads\/2020\/08\/Caldera-Blanca-18.jpg 1920w, https:\/\/www.canariasviaja.com\/viajaresvivir\/wp-content\/uploads\/2020\/08\/Caldera-Blanca-18-300x200.jpg 300w, https:\/\/www.canariasviaja.com\/viajaresvivir\/wp-content\/uploads\/2020\/08\/Caldera-Blanca-18-768x512.jpg 768w, https:\/\/www.canariasviaja.com\/viajaresvivir\/wp-content\/uploads\/2020\/08\/Caldera-Blanca-18-1536x1024.jpg 1536w, https:\/\/www.canariasviaja.com\/viajaresvivir\/wp-content\/uploads\/2020\/08\/Caldera-Blanca-18-1200x800.jpg 1200w, https:\/\/www.canariasviaja.com\/viajaresvivir\/wp-content\/uploads\/2020\/08\/Caldera-Blanca-18-1620x1080.jpg 1620w\" sizes=\"(max-width: 1920px) 100vw, 1920px\" \/><\/figure>\n\n\n\n<p>Hay dos maneras de acceder a \u00e9l. La <strong>ruta m\u00e1s habitual <\/strong>sale desde el pueblo de <strong>Mancha Blanca<\/strong>, en donde encontrar\u00e1s un aparcamiento para senderistas. Desde all\u00ed parte el sendero que te llevar\u00e1 a  <a rel=\"noreferrer noopener\" href=\"https:\/\/es.wikiloc.com\/rutas-senderismo\/lanzarote-caldera-blanca-circular-42783686\" target=\"_blank\"><strong>La Caldereta<\/strong> y <strong>la Caldera Blanca<\/strong>.<\/a><\/p>\n\n\n\n<figure class=\"wp-block-image size-large\"><img loading=\"lazy\" decoding=\"async\" width=\"1334\" height=\"934\" src=\"https:\/\/www.canariasviaja.com\/viajaresvivir\/wp-content\/uploads\/2020\/08\/Mapa-Montan\u0303a-Blanca.jpg\" alt=\"\" class=\"wp-image-4640\" srcset=\"https:\/\/www.canariasviaja.com\/viajaresvivir\/wp-content\/uploads\/2020\/08\/Mapa-Montan\u0303a-Blanca.jpg 1334w, https:\/\/www.canariasviaja.com\/viajaresvivir\/wp-content\/uploads\/2020\/08\/Mapa-Montan\u0303a-Blanca-300x210.jpg 300w, https:\/\/www.canariasviaja.com\/viajaresvivir\/wp-content\/uploads\/2020\/08\/Mapa-Montan\u0303a-Blanca-768x538.jpg 768w, https:\/\/www.canariasviaja.com\/viajaresvivir\/wp-content\/uploads\/2020\/08\/Mapa-Montan\u0303a-Blanca-1200x840.jpg 1200w\" sizes=\"(max-width: 1334px) 100vw, 1334px\" \/><\/figure>\n\n\n\n<p>La <strong>segunda manera<\/strong> es adentrarse en coche  por el camino que sale de la <strong>Ferreter\u00eda<\/strong> de Tinajo, en direcci\u00f3n a la  carretera a Tenesar, y continuar por la pista de tierra que te conduce a la <strong>playa de las Malvas<\/strong> (a la derecha) y a <strong>la Caldera Blanca<\/strong>, a la izquierda. La Caldera Blanca es un volc\u00e1n de 458 metros de altitud que esconde un impresionante <strong>cr\u00e1ter de 1200 metros de di\u00e1metro<\/strong>.<\/p>\n\n\n\n<p>Como el volc\u00e1n es muy identificable, ya que veremos los dos volcanes juntos, el camino es f\u00e1cil de encontrar. Puedes aparcar el coche en el aparcadero que encontrar\u00e1s a un lado del camino e iniciar el recorrido a pie siguiendo el sendero que te lleva a la ladera del volc\u00e1n. <\/p>\n\n\n\n<p>Este trayecto es m\u00e1s corto que el que sale de Mancha Blanca y es un buen plan si quieres realizar <strong>una excursi\u00f3n corta de un par de horas.<\/strong><\/p>\n\n\n\n<figure class=\"wp-block-image size-large\"><img loading=\"lazy\" decoding=\"async\" width=\"1303\" height=\"912\" src=\"https:\/\/www.canariasviaja.com\/viajaresvivir\/wp-content\/uploads\/2020\/08\/Mapa.jpg\" alt=\"\" class=\"wp-image-4628\" srcset=\"https:\/\/www.canariasviaja.com\/viajaresvivir\/wp-content\/uploads\/2020\/08\/Mapa.jpg 1303w, https:\/\/www.canariasviaja.com\/viajaresvivir\/wp-content\/uploads\/2020\/08\/Mapa-300x210.jpg 300w, https:\/\/www.canariasviaja.com\/viajaresvivir\/wp-content\/uploads\/2020\/08\/Mapa-768x538.jpg 768w, https:\/\/www.canariasviaja.com\/viajaresvivir\/wp-content\/uploads\/2020\/08\/Mapa-1200x840.jpg 1200w\" sizes=\"(max-width: 1303px) 100vw, 1303px\" \/><\/figure>\n\n\n\n<p>El ascenso se realiza en unos 15 minutos y tiene premio: <strong>vistas panor\u00e1micas <\/strong>del parque Nacional de Timanfaya, La Graciosa y el islote de Monta\u00f1a Clara.<\/p>\n\n\n\n<figure class=\"wp-block-image size-large\"><img loading=\"lazy\" decoding=\"async\" width=\"1920\" height=\"1280\" src=\"http:\/\/www.canariasviaja.com\/viajaresvivir\/wp-content\/uploads\/2020\/08\/Caldera-Blanca.jpg\" alt=\"Vistas desde el volc\u00e1n en Lanzarote\" class=\"wp-image-4626\" srcset=\"https:\/\/www.canariasviaja.com\/viajaresvivir\/wp-content\/uploads\/2020\/08\/Caldera-Blanca.jpg 1920w, https:\/\/www.canariasviaja.com\/viajaresvivir\/wp-content\/uploads\/2020\/08\/Caldera-Blanca-300x200.jpg 300w, https:\/\/www.canariasviaja.com\/viajaresvivir\/wp-content\/uploads\/2020\/08\/Caldera-Blanca-768x512.jpg 768w, https:\/\/www.canariasviaja.com\/viajaresvivir\/wp-content\/uploads\/2020\/08\/Caldera-Blanca-1536x1024.jpg 1536w, https:\/\/www.canariasviaja.com\/viajaresvivir\/wp-content\/uploads\/2020\/08\/Caldera-Blanca-1200x800.jpg 1200w, https:\/\/www.canariasviaja.com\/viajaresvivir\/wp-content\/uploads\/2020\/08\/Caldera-Blanca-1620x1080.jpg 1620w\" sizes=\"(max-width: 1920px) 100vw, 1920px\" \/><\/figure>\n\n\n\n<figure class=\"wp-block-image size-large\"><img loading=\"lazy\" decoding=\"async\" width=\"1024\" height=\"683\" src=\"http:\/\/www.canariasviaja.com\/viajaresvivir\/wp-content\/uploads\/2020\/08\/Caldera-Blanca-12.jpg\" alt=\"Caldera Blanca\" class=\"wp-image-4632\" srcset=\"https:\/\/www.canariasviaja.com\/viajaresvivir\/wp-content\/uploads\/2020\/08\/Caldera-Blanca-12.jpg 1024w, https:\/\/www.canariasviaja.com\/viajaresvivir\/wp-content\/uploads\/2020\/08\/Caldera-Blanca-12-300x200.jpg 300w, https:\/\/www.canariasviaja.com\/viajaresvivir\/wp-content\/uploads\/2020\/08\/Caldera-Blanca-12-768x512.jpg 768w\" sizes=\"(max-width: 1024px) 100vw, 1024px\" \/><\/figure>\n\n\n\n<p>Y mirando hacia el  otro lado, el impresionante <strong>cr\u00e1ter <\/strong>de este volc\u00e1n de  siglos de antig\u00fcedad. <\/p>\n\n\n\n<figure class=\"wp-block-image size-large\"><img loading=\"lazy\" decoding=\"async\" width=\"2000\" height=\"1333\" src=\"http:\/\/www.canariasviaja.com\/viajaresvivir\/wp-content\/uploads\/2020\/08\/Caldera-Blanca-3.jpg\" alt=\"Interior de cr\u00e1ter\" class=\"wp-image-4619\" srcset=\"https:\/\/www.canariasviaja.com\/viajaresvivir\/wp-content\/uploads\/2020\/08\/Caldera-Blanca-3.jpg 2000w, https:\/\/www.canariasviaja.com\/viajaresvivir\/wp-content\/uploads\/2020\/08\/Caldera-Blanca-3-300x200.jpg 300w, https:\/\/www.canariasviaja.com\/viajaresvivir\/wp-content\/uploads\/2020\/08\/Caldera-Blanca-3-768x512.jpg 768w, https:\/\/www.canariasviaja.com\/viajaresvivir\/wp-content\/uploads\/2020\/08\/Caldera-Blanca-3-1536x1024.jpg 1536w, https:\/\/www.canariasviaja.com\/viajaresvivir\/wp-content\/uploads\/2020\/08\/Caldera-Blanca-3-1200x800.jpg 1200w, https:\/\/www.canariasviaja.com\/viajaresvivir\/wp-content\/uploads\/2020\/08\/Caldera-Blanca-3-1620x1080.jpg 1620w\" sizes=\"(max-width: 2000px) 100vw, 2000px\" \/><\/figure>\n\n\n\n<p>Pero para obtener <strong>las mejores vistas<\/strong> hay que seguir subiendo por este terreno de toba, una piedra blanquecina fruto de la acumulaci\u00f3n de cenizas volc\u00e1nicas. Rodear el cr\u00e1ter nos llevar\u00e1 unos 40 minutos.<\/p>\n\n\n\n<figure class=\"wp-block-image size-large\"><img loading=\"lazy\" decoding=\"async\" width=\"1024\" height=\"683\" src=\"http:\/\/www.canariasviaja.com\/viajaresvivir\/wp-content\/uploads\/2020\/08\/Caldera-Blanca-11.jpg\" alt=\"Sendero en volc\u00e1n en Lanzarote\" class=\"wp-image-4631\" srcset=\"https:\/\/www.canariasviaja.com\/viajaresvivir\/wp-content\/uploads\/2020\/08\/Caldera-Blanca-11.jpg 1024w, https:\/\/www.canariasviaja.com\/viajaresvivir\/wp-content\/uploads\/2020\/08\/Caldera-Blanca-11-300x200.jpg 300w, https:\/\/www.canariasviaja.com\/viajaresvivir\/wp-content\/uploads\/2020\/08\/Caldera-Blanca-11-768x512.jpg 768w\" sizes=\"(max-width: 1024px) 100vw, 1024px\" \/><\/figure>\n\n\n\n<p>La crudeza del paisaje primitivo de <strong>Timanfaya<\/strong> se abre ante nosotros y nos deja ver como este volc\u00e1n y el de La Caldereta son dos <strong>\u00abislotes\u00bb<\/strong> que fueron rodeados por el mar de lavas durante <strong>la erupci\u00f3n de Timanfaya<\/strong>, la m\u00e1s larga que se ha producido en las Islas Canarias.<\/p>\n\n\n\n<figure class=\"wp-block-image size-large\"><img loading=\"lazy\" decoding=\"async\" width=\"1920\" height=\"1280\" src=\"http:\/\/www.canariasviaja.com\/viajaresvivir\/wp-content\/uploads\/2020\/08\/Caldera-Blanca-6.jpg\" alt=\"Vista del parque nacional de Timanfaya desde Caldera Blanca\" class=\"wp-image-4622\" srcset=\"https:\/\/www.canariasviaja.com\/viajaresvivir\/wp-content\/uploads\/2020\/08\/Caldera-Blanca-6.jpg 1920w, https:\/\/www.canariasviaja.com\/viajaresvivir\/wp-content\/uploads\/2020\/08\/Caldera-Blanca-6-300x200.jpg 300w, https:\/\/www.canariasviaja.com\/viajaresvivir\/wp-content\/uploads\/2020\/08\/Caldera-Blanca-6-768x512.jpg 768w, https:\/\/www.canariasviaja.com\/viajaresvivir\/wp-content\/uploads\/2020\/08\/Caldera-Blanca-6-1536x1024.jpg 1536w, https:\/\/www.canariasviaja.com\/viajaresvivir\/wp-content\/uploads\/2020\/08\/Caldera-Blanca-6-1200x800.jpg 1200w, https:\/\/www.canariasviaja.com\/viajaresvivir\/wp-content\/uploads\/2020\/08\/Caldera-Blanca-6-1620x1080.jpg 1620w\" sizes=\"(max-width: 1920px) 100vw, 1920px\" \/><\/figure>\n\n\n\n<figure class=\"wp-block-image size-large\"><img loading=\"lazy\" decoding=\"async\" width=\"1920\" height=\"1280\" src=\"http:\/\/www.canariasviaja.com\/viajaresvivir\/wp-content\/uploads\/2020\/08\/Caldera-Blanca-13.jpg\" alt=\"Caldera blanca con Timanfaya\" class=\"wp-image-4633\" srcset=\"https:\/\/www.canariasviaja.com\/viajaresvivir\/wp-content\/uploads\/2020\/08\/Caldera-Blanca-13.jpg 1920w, https:\/\/www.canariasviaja.com\/viajaresvivir\/wp-content\/uploads\/2020\/08\/Caldera-Blanca-13-300x200.jpg 300w, https:\/\/www.canariasviaja.com\/viajaresvivir\/wp-content\/uploads\/2020\/08\/Caldera-Blanca-13-768x512.jpg 768w, https:\/\/www.canariasviaja.com\/viajaresvivir\/wp-content\/uploads\/2020\/08\/Caldera-Blanca-13-1536x1024.jpg 1536w, https:\/\/www.canariasviaja.com\/viajaresvivir\/wp-content\/uploads\/2020\/08\/Caldera-Blanca-13-1200x800.jpg 1200w, https:\/\/www.canariasviaja.com\/viajaresvivir\/wp-content\/uploads\/2020\/08\/Caldera-Blanca-13-1620x1080.jpg 1620w\" sizes=\"(max-width: 1920px) 100vw, 1920px\" \/><\/figure>\n\n\n\n<p>Cuando nos dirigimos hacia el <strong>punto geod\u00e9sico<\/strong> las vistas son cada vez mejores, pero el viento hace que tengamos que caminar con cuidado por la cresta del volc\u00e1n.<\/p>\n\n\n\n<figure class=\"wp-block-image size-large\"><img loading=\"lazy\" decoding=\"async\" width=\"1920\" height=\"1280\" src=\"http:\/\/www.canariasviaja.com\/viajaresvivir\/wp-content\/uploads\/2020\/08\/Caldera-Blanca-4.jpg\" alt=\"Caldera blanca en Lanzarote\" class=\"wp-image-4620\" srcset=\"https:\/\/www.canariasviaja.com\/viajaresvivir\/wp-content\/uploads\/2020\/08\/Caldera-Blanca-4.jpg 1920w, https:\/\/www.canariasviaja.com\/viajaresvivir\/wp-content\/uploads\/2020\/08\/Caldera-Blanca-4-300x200.jpg 300w, https:\/\/www.canariasviaja.com\/viajaresvivir\/wp-content\/uploads\/2020\/08\/Caldera-Blanca-4-768x512.jpg 768w, https:\/\/www.canariasviaja.com\/viajaresvivir\/wp-content\/uploads\/2020\/08\/Caldera-Blanca-4-1536x1024.jpg 1536w, https:\/\/www.canariasviaja.com\/viajaresvivir\/wp-content\/uploads\/2020\/08\/Caldera-Blanca-4-1200x800.jpg 1200w, https:\/\/www.canariasviaja.com\/viajaresvivir\/wp-content\/uploads\/2020\/08\/Caldera-Blanca-4-1620x1080.jpg 1620w\" sizes=\"(max-width: 1920px) 100vw, 1920px\" \/><\/figure>\n\n\n\n<p>La vista de la caldera es sobrecogedora. Un cr\u00e1ter perfecto de m\u00e1s de un kil\u00f3metro de di\u00e1metro con el mar de fondo.<\/p>\n\n\n\n<figure class=\"wp-block-image size-large\"><img loading=\"lazy\" decoding=\"async\" width=\"1920\" height=\"1280\" src=\"http:\/\/www.canariasviaja.com\/viajaresvivir\/wp-content\/uploads\/2020\/08\/Caldera-Blanca-16.jpg\" alt=\"Crater caldera blanca\" class=\"wp-image-4635\" srcset=\"https:\/\/www.canariasviaja.com\/viajaresvivir\/wp-content\/uploads\/2020\/08\/Caldera-Blanca-16.jpg 1920w, https:\/\/www.canariasviaja.com\/viajaresvivir\/wp-content\/uploads\/2020\/08\/Caldera-Blanca-16-300x200.jpg 300w, https:\/\/www.canariasviaja.com\/viajaresvivir\/wp-content\/uploads\/2020\/08\/Caldera-Blanca-16-768x512.jpg 768w, https:\/\/www.canariasviaja.com\/viajaresvivir\/wp-content\/uploads\/2020\/08\/Caldera-Blanca-16-1536x1024.jpg 1536w, https:\/\/www.canariasviaja.com\/viajaresvivir\/wp-content\/uploads\/2020\/08\/Caldera-Blanca-16-1200x800.jpg 1200w, https:\/\/www.canariasviaja.com\/viajaresvivir\/wp-content\/uploads\/2020\/08\/Caldera-Blanca-16-1620x1080.jpg 1620w\" sizes=\"(max-width: 1920px) 100vw, 1920px\" \/><\/figure>\n\n\n\n<p>Bordeamos todo el cr\u00e1ter para descender por el lado m\u00e1s cercano a  La Caldereta. Desde aqu\u00ed podemos observar c\u00f3mo su cr\u00e1ter est\u00e1 erosionado y es accesible desde el sendero.<\/p>\n\n\n\n<figure class=\"wp-block-image size-large\"><img loading=\"lazy\" decoding=\"async\" width=\"1920\" height=\"1280\" src=\"http:\/\/www.canariasviaja.com\/viajaresvivir\/wp-content\/uploads\/2020\/08\/Caldera-Blanca-17.jpg\" alt=\"La Caldera Blanca\" class=\"wp-image-4636\" srcset=\"https:\/\/www.canariasviaja.com\/viajaresvivir\/wp-content\/uploads\/2020\/08\/Caldera-Blanca-17.jpg 1920w, https:\/\/www.canariasviaja.com\/viajaresvivir\/wp-content\/uploads\/2020\/08\/Caldera-Blanca-17-300x200.jpg 300w, https:\/\/www.canariasviaja.com\/viajaresvivir\/wp-content\/uploads\/2020\/08\/Caldera-Blanca-17-768x512.jpg 768w, https:\/\/www.canariasviaja.com\/viajaresvivir\/wp-content\/uploads\/2020\/08\/Caldera-Blanca-17-1536x1024.jpg 1536w, https:\/\/www.canariasviaja.com\/viajaresvivir\/wp-content\/uploads\/2020\/08\/Caldera-Blanca-17-1200x800.jpg 1200w, https:\/\/www.canariasviaja.com\/viajaresvivir\/wp-content\/uploads\/2020\/08\/Caldera-Blanca-17-1620x1080.jpg 1620w\" sizes=\"(max-width: 1920px) 100vw, 1920px\" \/><\/figure>\n\n\n\n<p>La bajada no entra\u00f1a dificultad, incluso hay una parte que est\u00e1 protegida por la roca, lo que facilita mucho el descenso.<\/p>\n\n\n\n<figure class=\"wp-block-image size-large\"><img loading=\"lazy\" decoding=\"async\" width=\"1920\" height=\"1280\" src=\"http:\/\/www.canariasviaja.com\/viajaresvivir\/wp-content\/uploads\/2020\/08\/Caldera-Blanca-14.jpg\" alt=\"Caldera Blanca\" class=\"wp-image-4625\" srcset=\"https:\/\/www.canariasviaja.com\/viajaresvivir\/wp-content\/uploads\/2020\/08\/Caldera-Blanca-14.jpg 1920w, https:\/\/www.canariasviaja.com\/viajaresvivir\/wp-content\/uploads\/2020\/08\/Caldera-Blanca-14-300x200.jpg 300w, https:\/\/www.canariasviaja.com\/viajaresvivir\/wp-content\/uploads\/2020\/08\/Caldera-Blanca-14-768x512.jpg 768w, https:\/\/www.canariasviaja.com\/viajaresvivir\/wp-content\/uploads\/2020\/08\/Caldera-Blanca-14-1536x1024.jpg 1536w, https:\/\/www.canariasviaja.com\/viajaresvivir\/wp-content\/uploads\/2020\/08\/Caldera-Blanca-14-1200x800.jpg 1200w, https:\/\/www.canariasviaja.com\/viajaresvivir\/wp-content\/uploads\/2020\/08\/Caldera-Blanca-14-1620x1080.jpg 1620w\" sizes=\"(max-width: 1920px) 100vw, 1920px\" \/><\/figure>\n\n\n\n<p>Una vez llegamos abajo bordeamos el volc\u00e1n, esta vez por su base, atravesando el <strong>malpais<\/strong> cubierto de l\u00edquenes.<\/p>\n\n\n\n<figure class=\"wp-block-image size-large\"><img loading=\"lazy\" decoding=\"async\" width=\"1920\" height=\"1280\" src=\"http:\/\/www.canariasviaja.com\/viajaresvivir\/wp-content\/uploads\/2020\/08\/Caldera-Blanca-7.jpg\" alt=\"Malpa\u00eds alrededor Caldera Blanca\" class=\"wp-image-4623\" srcset=\"https:\/\/www.canariasviaja.com\/viajaresvivir\/wp-content\/uploads\/2020\/08\/Caldera-Blanca-7.jpg 1920w, https:\/\/www.canariasviaja.com\/viajaresvivir\/wp-content\/uploads\/2020\/08\/Caldera-Blanca-7-300x200.jpg 300w, https:\/\/www.canariasviaja.com\/viajaresvivir\/wp-content\/uploads\/2020\/08\/Caldera-Blanca-7-768x512.jpg 768w, https:\/\/www.canariasviaja.com\/viajaresvivir\/wp-content\/uploads\/2020\/08\/Caldera-Blanca-7-1536x1024.jpg 1536w, https:\/\/www.canariasviaja.com\/viajaresvivir\/wp-content\/uploads\/2020\/08\/Caldera-Blanca-7-1200x800.jpg 1200w, https:\/\/www.canariasviaja.com\/viajaresvivir\/wp-content\/uploads\/2020\/08\/Caldera-Blanca-7-1620x1080.jpg 1620w\" sizes=\"(max-width: 1920px) 100vw, 1920px\" \/><\/figure>\n\n\n\n<figure class=\"wp-block-image size-large\"><img loading=\"lazy\" decoding=\"async\" width=\"1920\" height=\"1280\" src=\"http:\/\/www.canariasviaja.com\/viajaresvivir\/wp-content\/uploads\/2020\/08\/Montan\u0303a-Clara-11.jpg\" alt=\"Se\u00f1ales Caldera Blanca\" class=\"wp-image-4627\" srcset=\"https:\/\/www.canariasviaja.com\/viajaresvivir\/wp-content\/uploads\/2020\/08\/Montan\u0303a-Clara-11.jpg 1920w, https:\/\/www.canariasviaja.com\/viajaresvivir\/wp-content\/uploads\/2020\/08\/Montan\u0303a-Clara-11-300x200.jpg 300w, https:\/\/www.canariasviaja.com\/viajaresvivir\/wp-content\/uploads\/2020\/08\/Montan\u0303a-Clara-11-768x512.jpg 768w, https:\/\/www.canariasviaja.com\/viajaresvivir\/wp-content\/uploads\/2020\/08\/Montan\u0303a-Clara-11-1536x1024.jpg 1536w, https:\/\/www.canariasviaja.com\/viajaresvivir\/wp-content\/uploads\/2020\/08\/Montan\u0303a-Clara-11-1200x800.jpg 1200w, https:\/\/www.canariasviaja.com\/viajaresvivir\/wp-content\/uploads\/2020\/08\/Montan\u0303a-Clara-11-1620x1080.jpg 1620w\" sizes=\"(max-width: 1920px) 100vw, 1920px\" \/><\/figure>\n\n\n\n<p>La tarde cae y tenemos que darnos prisa para que no se nos haga de noche en la zona. Nos dirigimos al coche para volver a <strong>Tinajo<\/strong> a brindar por esta tarde estupenda con <strong>cerveza artesanal de Lanzarote<\/strong> en <strong><a rel=\"noreferrer noopener\" href=\"https:\/\/www.malpeis.com\/\" target=\"_blank\">Malpeis<\/a><\/strong>.<\/p>\n\n\n\n<div class=\"wp-block-buttons is-layout-flex wp-block-buttons-is-layout-flex\">\n<div class=\"wp-block-button aligncenter\"><a class=\"wp-block-button__link\" href=\"https:\/\/bit.ly\/3gAXAnq\">\u00a1Exprime Lanzarote este verano!<\/a><\/div>\n<\/div>\n","protected":false},"excerpt":{"rendered":"<p>El volc\u00e1n de Caldera Blanca es una magn\u00edfica atalaya para disfrutar del Parque Nacional de Timanfaya y de su imponente cr\u00e1ter.<\/p>\n","protected":false},"author":2,"featured_media":4635,"comment_status":"open","ping_status":"open","sticky":false,"template":"","format":"standard","meta":{"_acf_changed":false,"sfsi_plus_gutenberg_text_before_share":"","sfsi_plus_gutenberg_show_text_before_share":"","sfsi_plus_gutenberg_icon_type":"","sfsi_plus_gutenberg_icon_alignemt":"","sfsi_plus_gutenburg_max_per_row":"","footnotes":""},"categories":[125,9,124,123,10,197],"tags":[591,380,592,116,417,423],"class_list":["post-4616","post","type-post","status-publish","format-standard","has-post-thumbnail","hentry","category-aventurate","category-canarias","category-descubre","category-explora","category-historias-viajeras","category-rincones-por-descubrir","tag-cerveza-artesanal","tag-lanzarote","tag-parque-nacional-de-timanfaya","tag-senderismo","tag-timanfaya","tag-volcan"],"acf":[],"yoast_head":"<!-- This site is optimized with the Yoast SEO plugin v24.1 - https:\/\/yoast.com\/wordpress\/plugins\/seo\/ -->\n<title>Volc\u00e1n Caldera Blanca, el cr\u00e1ter perfecto en Lanzarote - Viajar es vivir<\/title>\n<meta name=\"description\" content=\"La Caldera Blanca es uno de los volcanes que se pueden subir en Lanzarote. Una atalaya perfecta para disfrutar de las mejores vistas de Timanfaya.\" \/>\n<meta name=\"robots\" content=\"index, follow, max-snippet:-1, max-image-preview:large, max-video-preview:-1\" \/>\n<link rel=\"canonical\" href=\"https:\/\/www.canariasviaja.com\/viajaresvivir\/volcan-caldera-blanca-el-crater-perfecto\/\" \/>\n<meta property=\"og:locale\" content=\"es_ES\" \/>\n<meta property=\"og:type\" content=\"article\" \/>\n<meta property=\"og:title\" content=\"Volc\u00e1n Caldera Blanca, el cr\u00e1ter perfecto en Lanzarote - Viajar es vivir\" \/>\n<meta property=\"og:description\" content=\"La Caldera Blanca es uno de los volcanes que se pueden subir en Lanzarote. Una atalaya perfecta para disfrutar de las mejores vistas de Timanfaya.\" \/>\n<meta property=\"og:url\" content=\"https:\/\/www.canariasviaja.com\/viajaresvivir\/volcan-caldera-blanca-el-crater-perfecto\/\" \/>\n<meta property=\"og:site_name\" content=\"Viajar es vivir\" \/>\n<meta property=\"article:published_time\" content=\"2020-08-03T14:17:33+00:00\" \/>\n<meta property=\"article:modified_time\" content=\"2022-06-22T11:25:09+00:00\" \/>\n<meta property=\"og:image\" content=\"http:\/\/www.canariasviaja.com\/viajaresvivir\/wp-content\/uploads\/2020\/08\/Caldera-Blanca-16.jpg\" \/>\n\t<meta property=\"og:image:width\" content=\"1920\" \/>\n\t<meta property=\"og:image:height\" content=\"1280\" \/>\n\t<meta property=\"og:image:type\" content=\"image\/jpeg\" \/>\n<meta name=\"author\" content=\"Patri C\u00e1mpora\" \/>\n<meta name=\"twitter:card\" content=\"summary_large_image\" \/>\n<meta name=\"twitter:label1\" content=\"Escrito por\" \/>\n\t<meta name=\"twitter:data1\" content=\"Patri C\u00e1mpora\" \/>\n\t<meta name=\"twitter:label2\" content=\"Tiempo de lectura\" \/>\n\t<meta name=\"twitter:data2\" content=\"6 minutos\" \/>\n<script type=\"application\/ld+json\" class=\"yoast-schema-graph\">{\"@context\":\"https:\/\/schema.org\",\"@graph\":[{\"@type\":\"WebPage\",\"@id\":\"https:\/\/www.canariasviaja.com\/viajaresvivir\/volcan-caldera-blanca-el-crater-perfecto\/\",\"url\":\"https:\/\/www.canariasviaja.com\/viajaresvivir\/volcan-caldera-blanca-el-crater-perfecto\/\",\"name\":\"Volc\u00e1n Caldera Blanca, el cr\u00e1ter perfecto en Lanzarote - Viajar es vivir\",\"isPartOf\":{\"@id\":\"https:\/\/www.canariasviaja.com\/viajaresvivir\/#website\"},\"primaryImageOfPage\":{\"@id\":\"https:\/\/www.canariasviaja.com\/viajaresvivir\/volcan-caldera-blanca-el-crater-perfecto\/#primaryimage\"},\"image\":{\"@id\":\"https:\/\/www.canariasviaja.com\/viajaresvivir\/volcan-caldera-blanca-el-crater-perfecto\/#primaryimage\"},\"thumbnailUrl\":\"https:\/\/www.canariasviaja.com\/viajaresvivir\/wp-content\/uploads\/2020\/08\/Caldera-Blanca-16.jpg\",\"datePublished\":\"2020-08-03T14:17:33+00:00\",\"dateModified\":\"2022-06-22T11:25:09+00:00\",\"author\":{\"@id\":\"https:\/\/www.canariasviaja.com\/viajaresvivir\/#\/schema\/person\/085949651001325f1244a8bc1b34709c\"},\"description\":\"La Caldera Blanca es uno de los volcanes que se pueden subir en Lanzarote. Una atalaya perfecta para disfrutar de las mejores vistas de Timanfaya.\",\"breadcrumb\":{\"@id\":\"https:\/\/www.canariasviaja.com\/viajaresvivir\/volcan-caldera-blanca-el-crater-perfecto\/#breadcrumb\"},\"inLanguage\":\"es\",\"potentialAction\":[{\"@type\":\"ReadAction\",\"target\":[\"https:\/\/www.canariasviaja.com\/viajaresvivir\/volcan-caldera-blanca-el-crater-perfecto\/\"]}]},{\"@type\":\"ImageObject\",\"inLanguage\":\"es\",\"@id\":\"https:\/\/www.canariasviaja.com\/viajaresvivir\/volcan-caldera-blanca-el-crater-perfecto\/#primaryimage\",\"url\":\"https:\/\/www.canariasviaja.com\/viajaresvivir\/wp-content\/uploads\/2020\/08\/Caldera-Blanca-16.jpg\",\"contentUrl\":\"https:\/\/www.canariasviaja.com\/viajaresvivir\/wp-content\/uploads\/2020\/08\/Caldera-Blanca-16.jpg\",\"width\":1920,\"height\":1280,\"caption\":\"Crater caldera blanca\"},{\"@type\":\"BreadcrumbList\",\"@id\":\"https:\/\/www.canariasviaja.com\/viajaresvivir\/volcan-caldera-blanca-el-crater-perfecto\/#breadcrumb\",\"itemListElement\":[{\"@type\":\"ListItem\",\"position\":1,\"name\":\"Portada\",\"item\":\"https:\/\/www.canariasviaja.com\/viajaresvivir\/\"},{\"@type\":\"ListItem\",\"position\":2,\"name\":\"Volc\u00e1n Caldera Blanca, el cr\u00e1ter perfecto en Lanzarote\"}]},{\"@type\":\"WebSite\",\"@id\":\"https:\/\/www.canariasviaja.com\/viajaresvivir\/#website\",\"url\":\"https:\/\/www.canariasviaja.com\/viajaresvivir\/\",\"name\":\"Viajar es vivir\",\"description\":\"El blog de viajes y estilo de vida de CanariasViaja\",\"potentialAction\":[{\"@type\":\"SearchAction\",\"target\":{\"@type\":\"EntryPoint\",\"urlTemplate\":\"https:\/\/www.canariasviaja.com\/viajaresvivir\/?s={search_term_string}\"},\"query-input\":{\"@type\":\"PropertyValueSpecification\",\"valueRequired\":true,\"valueName\":\"search_term_string\"}}],\"inLanguage\":\"es\"},{\"@type\":\"Person\",\"@id\":\"https:\/\/www.canariasviaja.com\/viajaresvivir\/#\/schema\/person\/085949651001325f1244a8bc1b34709c\",\"name\":\"Patri C\u00e1mpora\",\"image\":{\"@type\":\"ImageObject\",\"inLanguage\":\"es\",\"@id\":\"https:\/\/www.canariasviaja.com\/viajaresvivir\/#\/schema\/person\/image\/\",\"url\":\"https:\/\/secure.gravatar.com\/avatar\/b2ce2c4086a5776e5310f57c1a2e5b4e?s=96&d=mm&r=g\",\"contentUrl\":\"https:\/\/secure.gravatar.com\/avatar\/b2ce2c4086a5776e5310f57c1a2e5b4e?s=96&d=mm&r=g\",\"caption\":\"Patri C\u00e1mpora\"},\"url\":\"https:\/\/www.canariasviaja.com\/viajaresvivir\/author\/patri\/\"}]}<\/script>\n<!-- \/ Yoast SEO plugin. -->","yoast_head_json":{"title":"Volc\u00e1n Caldera Blanca, el cr\u00e1ter perfecto en Lanzarote - Viajar es vivir","description":"La Caldera Blanca es uno de los volcanes que se pueden subir en Lanzarote. Una atalaya perfecta para disfrutar de las mejores vistas de Timanfaya.","robots":{"index":"index","follow":"follow","max-snippet":"max-snippet:-1","max-image-preview":"max-image-preview:large","max-video-preview":"max-video-preview:-1"},"canonical":"https:\/\/www.canariasviaja.com\/viajaresvivir\/volcan-caldera-blanca-el-crater-perfecto\/","og_locale":"es_ES","og_type":"article","og_title":"Volc\u00e1n Caldera Blanca, el cr\u00e1ter perfecto en Lanzarote - Viajar es vivir","og_description":"La Caldera Blanca es uno de los volcanes que se pueden subir en Lanzarote. Una atalaya perfecta para disfrutar de las mejores vistas de Timanfaya.","og_url":"https:\/\/www.canariasviaja.com\/viajaresvivir\/volcan-caldera-blanca-el-crater-perfecto\/","og_site_name":"Viajar es vivir","article_published_time":"2020-08-03T14:17:33+00:00","article_modified_time":"2022-06-22T11:25:09+00:00","og_image":[{"width":1920,"height":1280,"url":"http:\/\/www.canariasviaja.com\/viajaresvivir\/wp-content\/uploads\/2020\/08\/Caldera-Blanca-16.jpg","type":"image\/jpeg"}],"author":"Patri C\u00e1mpora","twitter_card":"summary_large_image","twitter_misc":{"Escrito por":"Patri C\u00e1mpora","Tiempo de lectura":"6 minutos"},"schema":{"@context":"https:\/\/schema.org","@graph":[{"@type":"WebPage","@id":"https:\/\/www.canariasviaja.com\/viajaresvivir\/volcan-caldera-blanca-el-crater-perfecto\/","url":"https:\/\/www.canariasviaja.com\/viajaresvivir\/volcan-caldera-blanca-el-crater-perfecto\/","name":"Volc\u00e1n Caldera Blanca, el cr\u00e1ter perfecto en Lanzarote - Viajar es vivir","isPartOf":{"@id":"https:\/\/www.canariasviaja.com\/viajaresvivir\/#website"},"primaryImageOfPage":{"@id":"https:\/\/www.canariasviaja.com\/viajaresvivir\/volcan-caldera-blanca-el-crater-perfecto\/#primaryimage"},"image":{"@id":"https:\/\/www.canariasviaja.com\/viajaresvivir\/volcan-caldera-blanca-el-crater-perfecto\/#primaryimage"},"thumbnailUrl":"https:\/\/www.canariasviaja.com\/viajaresvivir\/wp-content\/uploads\/2020\/08\/Caldera-Blanca-16.jpg","datePublished":"2020-08-03T14:17:33+00:00","dateModified":"2022-06-22T11:25:09+00:00","author":{"@id":"https:\/\/www.canariasviaja.com\/viajaresvivir\/#\/schema\/person\/085949651001325f1244a8bc1b34709c"},"description":"La Caldera Blanca es uno de los volcanes que se pueden subir en Lanzarote. Una atalaya perfecta para disfrutar de las mejores vistas de Timanfaya.","breadcrumb":{"@id":"https:\/\/www.canariasviaja.com\/viajaresvivir\/volcan-caldera-blanca-el-crater-perfecto\/#breadcrumb"},"inLanguage":"es","potentialAction":[{"@type":"ReadAction","target":["https:\/\/www.canariasviaja.com\/viajaresvivir\/volcan-caldera-blanca-el-crater-perfecto\/"]}]},{"@type":"ImageObject","inLanguage":"es","@id":"https:\/\/www.canariasviaja.com\/viajaresvivir\/volcan-caldera-blanca-el-crater-perfecto\/#primaryimage","url":"https:\/\/www.canariasviaja.com\/viajaresvivir\/wp-content\/uploads\/2020\/08\/Caldera-Blanca-16.jpg","contentUrl":"https:\/\/www.canariasviaja.com\/viajaresvivir\/wp-content\/uploads\/2020\/08\/Caldera-Blanca-16.jpg","width":1920,"height":1280,"caption":"Crater caldera blanca"},{"@type":"BreadcrumbList","@id":"https:\/\/www.canariasviaja.com\/viajaresvivir\/volcan-caldera-blanca-el-crater-perfecto\/#breadcrumb","itemListElement":[{"@type":"ListItem","position":1,"name":"Portada","item":"https:\/\/www.canariasviaja.com\/viajaresvivir\/"},{"@type":"ListItem","position":2,"name":"Volc\u00e1n Caldera Blanca, el cr\u00e1ter perfecto en Lanzarote"}]},{"@type":"WebSite","@id":"https:\/\/www.canariasviaja.com\/viajaresvivir\/#website","url":"https:\/\/www.canariasviaja.com\/viajaresvivir\/","name":"Viajar es vivir","description":"El blog de viajes y estilo de vida de CanariasViaja","potentialAction":[{"@type":"SearchAction","target":{"@type":"EntryPoint","urlTemplate":"https:\/\/www.canariasviaja.com\/viajaresvivir\/?s={search_term_string}"},"query-input":{"@type":"PropertyValueSpecification","valueRequired":true,"valueName":"search_term_string"}}],"inLanguage":"es"},{"@type":"Person","@id":"https:\/\/www.canariasviaja.com\/viajaresvivir\/#\/schema\/person\/085949651001325f1244a8bc1b34709c","name":"Patri C\u00e1mpora","image":{"@type":"ImageObject","inLanguage":"es","@id":"https:\/\/www.canariasviaja.com\/viajaresvivir\/#\/schema\/person\/image\/","url":"https:\/\/secure.gravatar.com\/avatar\/b2ce2c4086a5776e5310f57c1a2e5b4e?s=96&d=mm&r=g","contentUrl":"https:\/\/secure.gravatar.com\/avatar\/b2ce2c4086a5776e5310f57c1a2e5b4e?s=96&d=mm&r=g","caption":"Patri C\u00e1mpora"},"url":"https:\/\/www.canariasviaja.com\/viajaresvivir\/author\/patri\/"}]}},"_links":{"self":[{"href":"https:\/\/www.canariasviaja.com\/viajaresvivir\/wp-json\/wp\/v2\/posts\/4616"}],"collection":[{"href":"https:\/\/www.canariasviaja.com\/viajaresvivir\/wp-json\/wp\/v2\/posts"}],"about":[{"href":"https:\/\/www.canariasviaja.com\/viajaresvivir\/wp-json\/wp\/v2\/types\/post"}],"author":[{"embeddable":true,"href":"https:\/\/www.canariasviaja.com\/viajaresvivir\/wp-json\/wp\/v2\/users\/2"}],"replies":[{"embeddable":true,"href":"https:\/\/www.canariasviaja.com\/viajaresvivir\/wp-json\/wp\/v2\/comments?post=4616"}],"version-history":[{"count":10,"href":"https:\/\/www.canariasviaja.com\/viajaresvivir\/wp-json\/wp\/v2\/posts\/4616\/revisions"}],"predecessor-version":[{"id":8909,"href":"https:\/\/www.canariasviaja.com\/viajaresvivir\/wp-json\/wp\/v2\/posts\/4616\/revisions\/8909"}],"wp:featuredmedia":[{"embeddable":true,"href":"https:\/\/www.canariasviaja.com\/viajaresvivir\/wp-json\/wp\/v2\/media\/4635"}],"wp:attachment":[{"href":"https:\/\/www.canariasviaja.com\/viajaresvivir\/wp-json\/wp\/v2\/media?parent=4616"}],"wp:term":[{"taxonomy":"category","embeddable":true,"href":"https:\/\/www.canariasviaja.com\/viajaresvivir\/wp-json\/wp\/v2\/categories?post=4616"},{"taxonomy":"post_tag","embeddable":true,"href":"https:\/\/www.canariasviaja.com\/viajaresvivir\/wp-json\/wp\/v2\/tags?post=4616"}],"curies":[{"name":"wp","href":"https:\/\/api.w.org\/{rel}","templated":true}]}}