{"id":4716,"date":"2020-08-11T17:02:59","date_gmt":"2020-08-11T17:02:59","guid":{"rendered":"http:\/\/www.canariasviaja.com\/viajaresvivir\/?p=4716"},"modified":"2020-08-17T10:21:24","modified_gmt":"2020-08-17T10:21:24","slug":"el-viaje-de-jordi-la-diferencia-en-los-detalles","status":"publish","type":"post","link":"https:\/\/www.canariasviaja.com\/viajaresvivir\/el-viaje-de-jordi-la-diferencia-en-los-detalles\/","title":{"rendered":"El viaje de Jordi: la diferencia est\u00e1 en los detalles"},"content":{"rendered":"\n<p>Amanece en el m\u00e1s absoluto <strong>silencio<\/strong>, tan solo alterado por el cantar de los p\u00e1jaros y los cencerros de las<strong> vacas Tudanca<\/strong> -quienes ,dicho sea de paso, mantienen un gran parecido con la <strong>raza vacuna palmera<\/strong>, compartiendo adjetivos como \u00e1giles, fuertes y, sobre todo, sobrias. <strong>Carmona<\/strong> despierta con un cielo cubierto, donde el contraste de su verde entre monta\u00f1as y el teja de su pedan\u00eda nos evoca ganas de respirar.<\/p>\n\n\n\n<figure class=\"wp-block-image size-large\"><img loading=\"lazy\" decoding=\"async\" width=\"1920\" height=\"1440\" src=\"http:\/\/www.canariasviaja.com\/viajaresvivir\/wp-content\/uploads\/2020\/08\/El-viaje-de-Jordi7.jpg\" alt=\"Carmona el viaje de Jordi\" class=\"wp-image-4723\" srcset=\"https:\/\/www.canariasviaja.com\/viajaresvivir\/wp-content\/uploads\/2020\/08\/El-viaje-de-Jordi7.jpg 1920w, https:\/\/www.canariasviaja.com\/viajaresvivir\/wp-content\/uploads\/2020\/08\/El-viaje-de-Jordi7-300x225.jpg 300w, https:\/\/www.canariasviaja.com\/viajaresvivir\/wp-content\/uploads\/2020\/08\/El-viaje-de-Jordi7-768x576.jpg 768w, https:\/\/www.canariasviaja.com\/viajaresvivir\/wp-content\/uploads\/2020\/08\/El-viaje-de-Jordi7-1536x1152.jpg 1536w, https:\/\/www.canariasviaja.com\/viajaresvivir\/wp-content\/uploads\/2020\/08\/El-viaje-de-Jordi7-1200x900.jpg 1200w, https:\/\/www.canariasviaja.com\/viajaresvivir\/wp-content\/uploads\/2020\/08\/El-viaje-de-Jordi7-800x600.jpg 800w, https:\/\/www.canariasviaja.com\/viajaresvivir\/wp-content\/uploads\/2020\/08\/El-viaje-de-Jordi7-1440x1080.jpg 1440w\" sizes=\"(max-width: 1920px) 100vw, 1920px\" \/><\/figure>\n\n\n\n<p>Comienzo mi andadura por el entorno del <strong>Valle<\/strong> muy temprano. Apenas son las 6:20 am., por aquello de que <em>\u201cal que madruga, le espera todo cerrado\u201d.<\/em> Cuesti\u00f3n que se agradece, y es que, poder observar poco a poco los rayos de sol acariciando los campos de este lugar, mientras todo permanece inm\u00f3vil, sabe de manera especial. <\/p>\n\n\n\n<p>Los que son \u201cde campo\u201d se percatar\u00e1n pronto de <strong>los detalles que hacen ser a un destino rural<\/strong> <strong>aut\u00e9ntico<\/strong>, y no precisamente una cuidadosa reconstrucci\u00f3n de lo que se supone que el viajero pretende encontrar. Estamos ante un <strong>conjunto hist\u00f3rico-art\u00edstico<\/strong>, y as\u00ed lo atestiguan ejemplos de su arquitectura diferenciada compuesta por<strong> casonas monta\u00f1esas <\/strong>y la fuerte presencia del <strong>roble<\/strong> en vigas, puertas, ventanucos y travesa\u00f1os. <strong>Carmona<\/strong> se sit\u00faa dentro del municipio de <strong>Cabu\u00e9rniga<\/strong>, el cual, junto a otras tres municipalidades, conforma el conocido valle de igual nombre.<\/p>\n\n\n\n<p>A las 8:01 am., el sol conquista el alto de las monta\u00f1as que rodean al valle y sus rayos comienzan, un d\u00eda m\u00e1s, a proyectarse sobre este pueblo. No pierdas la oportunidad de madrugar y contemplar como el sol acaricia tu rostro en medio del resonar de los cencerros y el cantar de los miles de p\u00e1jaros que te rodean. Todo un espect\u00e1culo para los sentidos, que no se te puede pasar desapercibido.<\/p>\n\n\n\n<p>En este pueblo <strong>nada est\u00e1 hecho para el turista<\/strong>, pero al mismo tiempo todo te recibe amable, cercano y te invita a conocerlo. Sus <strong>callejuelas empedradas<\/strong>, el resonar de sus campanas y el \u201c<em>buenos d\u00edas<\/em>\u201d de sus gentes, resuena de forma constante durante todo el trayecto. Y no es de extra\u00f1ar, pues las gentes del norte son siempre agradecidas con el visitante.<\/p>\n\n\n\n<figure class=\"wp-block-image size-large\"><img loading=\"lazy\" decoding=\"async\" width=\"1920\" height=\"1440\" src=\"http:\/\/www.canariasviaja.com\/viajaresvivir\/wp-content\/uploads\/2020\/08\/El-viaje-de-Jordi.jpg\" alt=\"La infinita Rural Boutique\" class=\"wp-image-4717\" srcset=\"https:\/\/www.canariasviaja.com\/viajaresvivir\/wp-content\/uploads\/2020\/08\/El-viaje-de-Jordi.jpg 1920w, https:\/\/www.canariasviaja.com\/viajaresvivir\/wp-content\/uploads\/2020\/08\/El-viaje-de-Jordi-300x225.jpg 300w, https:\/\/www.canariasviaja.com\/viajaresvivir\/wp-content\/uploads\/2020\/08\/El-viaje-de-Jordi-768x576.jpg 768w, https:\/\/www.canariasviaja.com\/viajaresvivir\/wp-content\/uploads\/2020\/08\/El-viaje-de-Jordi-1536x1152.jpg 1536w, https:\/\/www.canariasviaja.com\/viajaresvivir\/wp-content\/uploads\/2020\/08\/El-viaje-de-Jordi-1200x900.jpg 1200w, https:\/\/www.canariasviaja.com\/viajaresvivir\/wp-content\/uploads\/2020\/08\/El-viaje-de-Jordi-800x600.jpg 800w, https:\/\/www.canariasviaja.com\/viajaresvivir\/wp-content\/uploads\/2020\/08\/El-viaje-de-Jordi-1440x1080.jpg 1440w\" sizes=\"(max-width: 1920px) 100vw, 1920px\" \/><\/figure>\n\n\n\n<p>El alojamiento elegido ha sido <strong>La Infinita Rural Boutique<\/strong>, un peque\u00f1o hotel rural de 4 habitaciones, regentado por sus propietarios, Luc\u00eda y Fernando. Dos madrile\u00f1os convencidos de que <em><a href=\"https:\/\/www.canariasviaja.com\/viajaresvivir\/carmona-lucia-y-fer-la-buena-vida-sencilla\/\">la buena vida sencilla,<\/a> es m\u00e1s<\/em>. <\/p>\n\n\n\n<p>Y es que, si importante es el destino, lo hace m\u00e1s placentero alojarnos en este fabuloso <strong>hotelito rural lleno de detalles<\/strong>, marcado por la <strong>autenticidad <\/strong>de sus propietarios y la <strong>singularidad <\/strong>de su servicio. En este fabuloso enclave paso <strong>los dos primeros d\u00edas de mi viaje a Cantabria.<\/strong><\/p>\n\n\n\n<figure class=\"wp-block-image size-large\"><img loading=\"lazy\" decoding=\"async\" width=\"1920\" height=\"1440\" src=\"http:\/\/www.canariasviaja.com\/viajaresvivir\/wp-content\/uploads\/2020\/08\/El-viaje-de-Jordi6.jpg\" alt=\"Interior La Infinita\" class=\"wp-image-4722\" srcset=\"https:\/\/www.canariasviaja.com\/viajaresvivir\/wp-content\/uploads\/2020\/08\/El-viaje-de-Jordi6.jpg 1920w, https:\/\/www.canariasviaja.com\/viajaresvivir\/wp-content\/uploads\/2020\/08\/El-viaje-de-Jordi6-300x225.jpg 300w, https:\/\/www.canariasviaja.com\/viajaresvivir\/wp-content\/uploads\/2020\/08\/El-viaje-de-Jordi6-768x576.jpg 768w, https:\/\/www.canariasviaja.com\/viajaresvivir\/wp-content\/uploads\/2020\/08\/El-viaje-de-Jordi6-1536x1152.jpg 1536w, https:\/\/www.canariasviaja.com\/viajaresvivir\/wp-content\/uploads\/2020\/08\/El-viaje-de-Jordi6-1200x900.jpg 1200w, https:\/\/www.canariasviaja.com\/viajaresvivir\/wp-content\/uploads\/2020\/08\/El-viaje-de-Jordi6-800x600.jpg 800w, https:\/\/www.canariasviaja.com\/viajaresvivir\/wp-content\/uploads\/2020\/08\/El-viaje-de-Jordi6-1440x1080.jpg 1440w\" sizes=\"(max-width: 1920px) 100vw, 1920px\" \/><\/figure>\n\n\n\n<p>Tras nuestra primera etapa en este bonito pueblo de Espa\u00f1a, me dirijo a continuar la segunda parte de mi viaje: <strong>El Sardinero<\/strong>, en <strong>Santander<\/strong>. En esta ocasi\u00f3n, lo hacemos en un hotel de la cadena Silken, en concreto el <strong>Hotel Silken R\u00edo<\/strong>, cuya ubicaci\u00f3n es inmejorable en vistas y servicios. <\/p>\n\n\n\n<p>Para los que no somos grandes amantes del sol y playa, el barullo veraniego y los calores en exceso, el norte puede ser una opci\u00f3n intermedia. Y es que, <strong>El<\/strong> <strong>Sardinero<\/strong> nos ofrece unas <strong>playas espl\u00e9ndidas abiertas al mar Cant\u00e1brico<\/strong>, con un contraste en verde y unas temperaturas bastante llevaderas. As\u00ed en nuestro primer d\u00eda en la costa c\u00e1ntabra la podemos aprovechar para conocer su paseo mar\u00edtimo y casco antiguo, donde perderte por su calles y disfrutar de su entorno nos ser\u00e1 muy f\u00e1cil.<br><br>Despierto en mi tercer d\u00eda de vacaciones por Cantabria y lo hago muy temprano, apenas son las 6:00 am y todo permanece en un constante silencio arrullado por el oleaje que empuja el mar Cant\u00e1brico contra las playas del Sardinero. Es una ocasi\u00f3n perfecta para comenzar el d\u00eda haciendo algo de ejercicio, calzarnos unas zapatillas y hacernos unos kil\u00f3metros en su imponente <strong>paseo mar\u00edtimo<\/strong>, para terminar con un reparador <strong>ba\u00f1o<\/strong> que nos despertar\u00e1 hasta el alma. Y es que, esta opci\u00f3n, no nos costar\u00e1 nada, salvo madrugar. La recompensa ser\u00e1n <strong>kil\u00f3metros de playa para ti.<\/strong><\/p>\n\n\n\n<p>Despu\u00e9s de este inicio de d\u00eda, me siento con ganas de m\u00e1s, as\u00ed que decido poner <strong>rumbo a Bilbao<\/strong>. Y es que estamos <strong>a poco m\u00e1s de una hora<\/strong> de trayecto en coche por la autopista del Cant\u00e1brico y la oportunidad merece la pena. <\/p>\n\n\n\n<p>Soy de los que piensa que los viajes se disfrutan con todos los sentidos, y les aseguro que el <strong>Pa\u00eds Vasco<\/strong> nos ayudar\u00e1 a disfrutar un poco m\u00e1s de este corto pero intenso viaje. <\/p>\n\n\n\n<p>Si el d\u00eda que eliges para darte un salto a Bilbao es domingo, tendr\u00e1s alternativas de aparcamiento en plena ciudad, pudiendo hacer uso de toda su zona azul de forma gratuita. Aunque es cierto que no estaba dentro de lo previsto, lo mejor que tiene viajar es el hacerlo sin planes. Dejarnos llevar y que los sentidos nos orienten.<\/p>\n\n\n\n<figure class=\"wp-block-image size-large\"><img loading=\"lazy\" decoding=\"async\" width=\"1920\" height=\"1440\" src=\"http:\/\/www.canariasviaja.com\/viajaresvivir\/wp-content\/uploads\/2020\/08\/El-viaje-de-Jordi4.jpg\" alt=\"Bilbao el viaje de Jordi\" class=\"wp-image-4720\" srcset=\"https:\/\/www.canariasviaja.com\/viajaresvivir\/wp-content\/uploads\/2020\/08\/El-viaje-de-Jordi4.jpg 1920w, https:\/\/www.canariasviaja.com\/viajaresvivir\/wp-content\/uploads\/2020\/08\/El-viaje-de-Jordi4-300x225.jpg 300w, https:\/\/www.canariasviaja.com\/viajaresvivir\/wp-content\/uploads\/2020\/08\/El-viaje-de-Jordi4-768x576.jpg 768w, https:\/\/www.canariasviaja.com\/viajaresvivir\/wp-content\/uploads\/2020\/08\/El-viaje-de-Jordi4-1536x1152.jpg 1536w, https:\/\/www.canariasviaja.com\/viajaresvivir\/wp-content\/uploads\/2020\/08\/El-viaje-de-Jordi4-1200x900.jpg 1200w, https:\/\/www.canariasviaja.com\/viajaresvivir\/wp-content\/uploads\/2020\/08\/El-viaje-de-Jordi4-800x600.jpg 800w, https:\/\/www.canariasviaja.com\/viajaresvivir\/wp-content\/uploads\/2020\/08\/El-viaje-de-Jordi4-1440x1080.jpg 1440w\" sizes=\"(max-width: 1920px) 100vw, 1920px\" \/><\/figure>\n\n\n\n<p>Creo que <strong>Bilbao<\/strong>, es una ciudad merecedora de paso obligatorio para todo viajero, y es que su combinaci\u00f3n de siglos de historia, modernismo y vanguardia nos produce un choque de sentimientos que son dif\u00edciles de plasmar. Quiz\u00e1s esto sea, por su propio origen, all\u00e1 por el a\u00f1o 1300, de la mano de Diego L\u00f3pez de Haro V, Se\u00f1or de Bizkaia, m\u00e1s conocido como \u201cEl Intruso\u201d, quien diera lugar a la fundaci\u00f3n de La Villa de Bilbao&#8230; Tambi\u00e9n es cierto que al viajar se debe <strong>disfrutar con los cinco sentidos<\/strong>, y es en el <strong>paladar<\/strong> donde Bilbao nos sorprende en cualquiera de sus esquinas, hoy no iba a ser menos.&nbsp;<\/p>\n\n\n\n<figure class=\"wp-block-image size-large\"><img loading=\"lazy\" decoding=\"async\" width=\"1920\" height=\"1440\" src=\"http:\/\/www.canariasviaja.com\/viajaresvivir\/wp-content\/uploads\/2020\/08\/El-viaje-de-Jordi3.jpg\" alt=\"Guggenheim de Bilbao\" class=\"wp-image-4719\" srcset=\"https:\/\/www.canariasviaja.com\/viajaresvivir\/wp-content\/uploads\/2020\/08\/El-viaje-de-Jordi3.jpg 1920w, https:\/\/www.canariasviaja.com\/viajaresvivir\/wp-content\/uploads\/2020\/08\/El-viaje-de-Jordi3-300x225.jpg 300w, https:\/\/www.canariasviaja.com\/viajaresvivir\/wp-content\/uploads\/2020\/08\/El-viaje-de-Jordi3-768x576.jpg 768w, https:\/\/www.canariasviaja.com\/viajaresvivir\/wp-content\/uploads\/2020\/08\/El-viaje-de-Jordi3-1536x1152.jpg 1536w, https:\/\/www.canariasviaja.com\/viajaresvivir\/wp-content\/uploads\/2020\/08\/El-viaje-de-Jordi3-1200x900.jpg 1200w, https:\/\/www.canariasviaja.com\/viajaresvivir\/wp-content\/uploads\/2020\/08\/El-viaje-de-Jordi3-800x600.jpg 800w, https:\/\/www.canariasviaja.com\/viajaresvivir\/wp-content\/uploads\/2020\/08\/El-viaje-de-Jordi3-1440x1080.jpg 1440w\" sizes=\"(max-width: 1920px) 100vw, 1920px\" \/><\/figure>\n\n\n\n<p>En las cosas de comer no se juega, sabia advertencia, y es que Bilbao apuesta fuerte por satisfacer hasta los gustos m\u00e1s refinados. Para los que \u201ccomen parejo\u201d, os voy a recomendar un sitio, en pleno ensanche, que ha sido todo un descubrimiento de sabores, <em><a rel=\"noreferrer noopener\" href=\"https:\/\/bouquetbilbao.es\/\" target=\"_blank\">Bouquet Vinos y M\u00e1s.<\/a><\/em> Muy recomendables: los tomate con anchoas, el arroz cremoso con rabo de toro y el tartar de at\u00fan\u2026<\/p>\n\n\n\n<figure class=\"wp-block-image size-large\"><img loading=\"lazy\" decoding=\"async\" width=\"1920\" height=\"1440\" src=\"http:\/\/www.canariasviaja.com\/viajaresvivir\/wp-content\/uploads\/2020\/08\/El-viaje-de-Jordi5.jpg\" alt=\"Santo\u00f1a El viaje de Jordi\" class=\"wp-image-4721\" srcset=\"https:\/\/www.canariasviaja.com\/viajaresvivir\/wp-content\/uploads\/2020\/08\/El-viaje-de-Jordi5.jpg 1920w, https:\/\/www.canariasviaja.com\/viajaresvivir\/wp-content\/uploads\/2020\/08\/El-viaje-de-Jordi5-300x225.jpg 300w, https:\/\/www.canariasviaja.com\/viajaresvivir\/wp-content\/uploads\/2020\/08\/El-viaje-de-Jordi5-768x576.jpg 768w, https:\/\/www.canariasviaja.com\/viajaresvivir\/wp-content\/uploads\/2020\/08\/El-viaje-de-Jordi5-1536x1152.jpg 1536w, https:\/\/www.canariasviaja.com\/viajaresvivir\/wp-content\/uploads\/2020\/08\/El-viaje-de-Jordi5-1200x900.jpg 1200w, https:\/\/www.canariasviaja.com\/viajaresvivir\/wp-content\/uploads\/2020\/08\/El-viaje-de-Jordi5-800x600.jpg 800w, https:\/\/www.canariasviaja.com\/viajaresvivir\/wp-content\/uploads\/2020\/08\/El-viaje-de-Jordi5-1440x1080.jpg 1440w\" sizes=\"(max-width: 1920px) 100vw, 1920px\" \/><\/figure>\n\n\n\n<p>Se me olvidaba&#8230; Para los m\u00e1s despistados, con esto del recuerdo para los amigos y familiares, les recomiendo adquirir no solo un recuerdo de nuestra estancia, sino una peque\u00f1a experiencia para el que lo recibe. Y es que, no hay mejor experiencia que aquella que se percibe por los cinco sentidos, y dentro de estas elijo inevitablemente la <strong>gastron\u00f3mica<\/strong>. Y para buen recuerdo, podemos hacernos con unas <strong>espl\u00e9ndidas anchoas<\/strong>, y para anchoas, las de <strong>Santo\u00f1a.<\/strong><\/p>\n\n\n\n<figure class=\"wp-block-image size-large\"><img loading=\"lazy\" decoding=\"async\" width=\"1920\" height=\"1440\" src=\"http:\/\/www.canariasviaja.com\/viajaresvivir\/wp-content\/uploads\/2020\/08\/El-viaje-de-Jordi2.jpg\" alt=\"Binter el viaje de Jordi\" class=\"wp-image-4718\" srcset=\"https:\/\/www.canariasviaja.com\/viajaresvivir\/wp-content\/uploads\/2020\/08\/El-viaje-de-Jordi2.jpg 1920w, https:\/\/www.canariasviaja.com\/viajaresvivir\/wp-content\/uploads\/2020\/08\/El-viaje-de-Jordi2-300x225.jpg 300w, https:\/\/www.canariasviaja.com\/viajaresvivir\/wp-content\/uploads\/2020\/08\/El-viaje-de-Jordi2-768x576.jpg 768w, https:\/\/www.canariasviaja.com\/viajaresvivir\/wp-content\/uploads\/2020\/08\/El-viaje-de-Jordi2-1536x1152.jpg 1536w, https:\/\/www.canariasviaja.com\/viajaresvivir\/wp-content\/uploads\/2020\/08\/El-viaje-de-Jordi2-1200x900.jpg 1200w, https:\/\/www.canariasviaja.com\/viajaresvivir\/wp-content\/uploads\/2020\/08\/El-viaje-de-Jordi2-800x600.jpg 800w, https:\/\/www.canariasviaja.com\/viajaresvivir\/wp-content\/uploads\/2020\/08\/El-viaje-de-Jordi2-1440x1080.jpg 1440w\" sizes=\"(max-width: 1920px) 100vw, 1920px\" \/><\/figure>\n\n\n\n<p>La opci\u00f3n elegida para hacer este viaje, ha sido <strong><a href=\"http:\/\/www.canariasviaja.com\">CanariasViaja.com<\/a><\/strong>, y para llegar hasta aqu\u00ed, <strong>Binter<\/strong>. Un <strong>vuelo directo<\/strong> desde Gran Canaria, con una duraci\u00f3n de poco m\u00e1s de dos horas y media, en sus nuevos aviones <strong>Jet Embraer 195-E.<\/strong> Dicho sea de paso, todo un lujo a un precio razonable, para los que mantenemos el recuerdo de los ruidosos turbo-h\u00e9lices de sus antiguos ATR.<\/p>\n\n\n\n<hr class=\"wp-block-separator is-style-wide\"\/>\n\n\n\n<p>Jordi P\u00e9rez es abogado y, sobre todo, una persona en constante aprendizaje y cambio. Fiel creedor de que viajar cura la ignorancia, calma el cuerpo y agudiza los sentidos.&nbsp;Los detalles marcan la diferencia, y la diferencia nos har\u00e1 eternos.&nbsp;<\/p>\n\n\n\n<hr class=\"wp-block-separator\"\/>\n\n\n\n<p>\u00bfTe gustar\u00eda disfrutar de <strong>dos destinos<\/strong> en un solo viaje? Te hemos preparado una <a href=\"https:\/\/bit.ly\/3gNmSPF\"><strong>escapada multidestino<\/strong><\/a><strong> en Cantabria<\/strong> para que disfrutes el doble.<\/p>\n","protected":false},"excerpt":{"rendered":"<p>Amanece en el m\u00e1s absoluto silencio, tan solo alterado por el cantar de los p\u00e1jaros y los cencerros de las vacas Tudanca -quienes ,dicho sea de paso, mantienen un gran parecido con la raza vacuna palmera, compartiendo adjetivos como \u00e1giles, fuertes y, sobre todo, sobrias. Carmona despierta con un cielo cubierto, donde el contraste de su verde entre monta\u00f1as y &hellip;<\/p>\n","protected":false},"author":41,"featured_media":4721,"comment_status":"open","ping_status":"open","sticky":false,"template":"","format":"standard","meta":{"_acf_changed":false,"sfsi_plus_gutenberg_text_before_share":"","sfsi_plus_gutenberg_show_text_before_share":"","sfsi_plus_gutenberg_icon_type":"","sfsi_plus_gutenberg_icon_alignemt":"","sfsi_plus_gutenburg_max_per_row":"","footnotes":""},"categories":[124,146,123,10,100,126,350],"tags":[600,456,459,599,597,598],"class_list":["post-4716","post","type-post","status-publish","format-standard","has-post-thumbnail","hentry","category-descubre","category-el-viaje-de","category-explora","category-historias-viajeras","category-peninsulaybaleares","category-saborea","category-santander-peninsulaybaleares","tag-bilbao","tag-cantabria","tag-carmona","tag-el-sardinero","tag-la-infinita-rural-boutique","tag-santander"],"acf":[],"yoast_head":"<!-- This site is optimized with the Yoast SEO plugin v24.1 - https:\/\/yoast.com\/wordpress\/plugins\/seo\/ -->\n<title>El viaje de Jordi: la diferencia est\u00e1 en los detalles - Viajar es vivir<\/title>\n<meta name=\"description\" content=\"Jordi P\u00e9rez comparte su viaje por Cantabria. Una escapada aprovechada entre el verde de Carmona, las arenas del Sardinero y la modernidad de Bilbao-\" \/>\n<meta name=\"robots\" content=\"index, follow, max-snippet:-1, max-image-preview:large, max-video-preview:-1\" \/>\n<link rel=\"canonical\" href=\"https:\/\/www.canariasviaja.com\/viajaresvivir\/el-viaje-de-jordi-la-diferencia-en-los-detalles\/\" \/>\n<meta property=\"og:locale\" content=\"es_ES\" \/>\n<meta property=\"og:type\" content=\"article\" \/>\n<meta property=\"og:title\" content=\"El viaje de Jordi: la diferencia est\u00e1 en los detalles - Viajar es vivir\" \/>\n<meta property=\"og:description\" content=\"Jordi P\u00e9rez comparte su viaje por Cantabria. Una escapada aprovechada entre el verde de Carmona, las arenas del Sardinero y la modernidad de Bilbao-\" \/>\n<meta property=\"og:url\" content=\"https:\/\/www.canariasviaja.com\/viajaresvivir\/el-viaje-de-jordi-la-diferencia-en-los-detalles\/\" \/>\n<meta property=\"og:site_name\" content=\"Viajar es vivir\" \/>\n<meta property=\"article:published_time\" content=\"2020-08-11T17:02:59+00:00\" \/>\n<meta property=\"article:modified_time\" content=\"2020-08-17T10:21:24+00:00\" \/>\n<meta property=\"og:image\" content=\"https:\/\/www.canariasviaja.com\/viajaresvivir\/wp-content\/uploads\/2020\/08\/El-viaje-de-Jordi5.jpg\" \/>\n\t<meta property=\"og:image:width\" content=\"1920\" \/>\n\t<meta property=\"og:image:height\" content=\"1440\" \/>\n\t<meta property=\"og:image:type\" content=\"image\/jpeg\" \/>\n<meta name=\"author\" content=\"Jordi P\u00e9rez\" \/>\n<meta name=\"twitter:card\" content=\"summary_large_image\" \/>\n<meta name=\"twitter:label1\" content=\"Escrito por\" \/>\n\t<meta name=\"twitter:data1\" content=\"Jordi P\u00e9rez\" \/>\n\t<meta name=\"twitter:label2\" content=\"Tiempo de lectura\" \/>\n\t<meta name=\"twitter:data2\" content=\"6 minutos\" \/>\n<script type=\"application\/ld+json\" class=\"yoast-schema-graph\">{\"@context\":\"https:\/\/schema.org\",\"@graph\":[{\"@type\":\"WebPage\",\"@id\":\"https:\/\/www.canariasviaja.com\/viajaresvivir\/el-viaje-de-jordi-la-diferencia-en-los-detalles\/\",\"url\":\"https:\/\/www.canariasviaja.com\/viajaresvivir\/el-viaje-de-jordi-la-diferencia-en-los-detalles\/\",\"name\":\"El viaje de Jordi: la diferencia est\u00e1 en los detalles - Viajar es vivir\",\"isPartOf\":{\"@id\":\"https:\/\/www.canariasviaja.com\/viajaresvivir\/#website\"},\"primaryImageOfPage\":{\"@id\":\"https:\/\/www.canariasviaja.com\/viajaresvivir\/el-viaje-de-jordi-la-diferencia-en-los-detalles\/#primaryimage\"},\"image\":{\"@id\":\"https:\/\/www.canariasviaja.com\/viajaresvivir\/el-viaje-de-jordi-la-diferencia-en-los-detalles\/#primaryimage\"},\"thumbnailUrl\":\"https:\/\/www.canariasviaja.com\/viajaresvivir\/wp-content\/uploads\/2020\/08\/El-viaje-de-Jordi5.jpg\",\"datePublished\":\"2020-08-11T17:02:59+00:00\",\"dateModified\":\"2020-08-17T10:21:24+00:00\",\"author\":{\"@id\":\"https:\/\/www.canariasviaja.com\/viajaresvivir\/#\/schema\/person\/e7b5de25aec1ef426e440e11fe06d247\"},\"description\":\"Jordi P\u00e9rez comparte su viaje por Cantabria. Una escapada aprovechada entre el verde de Carmona, las arenas del Sardinero y la modernidad de Bilbao-\",\"breadcrumb\":{\"@id\":\"https:\/\/www.canariasviaja.com\/viajaresvivir\/el-viaje-de-jordi-la-diferencia-en-los-detalles\/#breadcrumb\"},\"inLanguage\":\"es\",\"potentialAction\":[{\"@type\":\"ReadAction\",\"target\":[\"https:\/\/www.canariasviaja.com\/viajaresvivir\/el-viaje-de-jordi-la-diferencia-en-los-detalles\/\"]}]},{\"@type\":\"ImageObject\",\"inLanguage\":\"es\",\"@id\":\"https:\/\/www.canariasviaja.com\/viajaresvivir\/el-viaje-de-jordi-la-diferencia-en-los-detalles\/#primaryimage\",\"url\":\"https:\/\/www.canariasviaja.com\/viajaresvivir\/wp-content\/uploads\/2020\/08\/El-viaje-de-Jordi5.jpg\",\"contentUrl\":\"https:\/\/www.canariasviaja.com\/viajaresvivir\/wp-content\/uploads\/2020\/08\/El-viaje-de-Jordi5.jpg\",\"width\":1920,\"height\":1440,\"caption\":\"Santo\u00f1a El viaje de Jordi\"},{\"@type\":\"BreadcrumbList\",\"@id\":\"https:\/\/www.canariasviaja.com\/viajaresvivir\/el-viaje-de-jordi-la-diferencia-en-los-detalles\/#breadcrumb\",\"itemListElement\":[{\"@type\":\"ListItem\",\"position\":1,\"name\":\"Portada\",\"item\":\"https:\/\/www.canariasviaja.com\/viajaresvivir\/\"},{\"@type\":\"ListItem\",\"position\":2,\"name\":\"El viaje de Jordi: la diferencia est\u00e1 en los detalles\"}]},{\"@type\":\"WebSite\",\"@id\":\"https:\/\/www.canariasviaja.com\/viajaresvivir\/#website\",\"url\":\"https:\/\/www.canariasviaja.com\/viajaresvivir\/\",\"name\":\"Viajar es vivir\",\"description\":\"El blog de viajes y estilo de vida de CanariasViaja\",\"potentialAction\":[{\"@type\":\"SearchAction\",\"target\":{\"@type\":\"EntryPoint\",\"urlTemplate\":\"https:\/\/www.canariasviaja.com\/viajaresvivir\/?s={search_term_string}\"},\"query-input\":{\"@type\":\"PropertyValueSpecification\",\"valueRequired\":true,\"valueName\":\"search_term_string\"}}],\"inLanguage\":\"es\"},{\"@type\":\"Person\",\"@id\":\"https:\/\/www.canariasviaja.com\/viajaresvivir\/#\/schema\/person\/e7b5de25aec1ef426e440e11fe06d247\",\"name\":\"Jordi P\u00e9rez\",\"image\":{\"@type\":\"ImageObject\",\"inLanguage\":\"es\",\"@id\":\"https:\/\/www.canariasviaja.com\/viajaresvivir\/#\/schema\/person\/image\/\",\"url\":\"https:\/\/secure.gravatar.com\/avatar\/e5f9ba8ef39b2d2ba5239501b66c754a?s=96&d=mm&r=g\",\"contentUrl\":\"https:\/\/secure.gravatar.com\/avatar\/e5f9ba8ef39b2d2ba5239501b66c754a?s=96&d=mm&r=g\",\"caption\":\"Jordi P\u00e9rez\"},\"url\":\"https:\/\/www.canariasviaja.com\/viajaresvivir\/author\/jordi-perez\/\"}]}<\/script>\n<!-- \/ Yoast SEO plugin. -->","yoast_head_json":{"title":"El viaje de Jordi: la diferencia est\u00e1 en los detalles - Viajar es vivir","description":"Jordi P\u00e9rez comparte su viaje por Cantabria. Una escapada aprovechada entre el verde de Carmona, las arenas del Sardinero y la modernidad de Bilbao-","robots":{"index":"index","follow":"follow","max-snippet":"max-snippet:-1","max-image-preview":"max-image-preview:large","max-video-preview":"max-video-preview:-1"},"canonical":"https:\/\/www.canariasviaja.com\/viajaresvivir\/el-viaje-de-jordi-la-diferencia-en-los-detalles\/","og_locale":"es_ES","og_type":"article","og_title":"El viaje de Jordi: la diferencia est\u00e1 en los detalles - Viajar es vivir","og_description":"Jordi P\u00e9rez comparte su viaje por Cantabria. Una escapada aprovechada entre el verde de Carmona, las arenas del Sardinero y la modernidad de Bilbao-","og_url":"https:\/\/www.canariasviaja.com\/viajaresvivir\/el-viaje-de-jordi-la-diferencia-en-los-detalles\/","og_site_name":"Viajar es vivir","article_published_time":"2020-08-11T17:02:59+00:00","article_modified_time":"2020-08-17T10:21:24+00:00","og_image":[{"width":1920,"height":1440,"url":"https:\/\/www.canariasviaja.com\/viajaresvivir\/wp-content\/uploads\/2020\/08\/El-viaje-de-Jordi5.jpg","type":"image\/jpeg"}],"author":"Jordi P\u00e9rez","twitter_card":"summary_large_image","twitter_misc":{"Escrito por":"Jordi P\u00e9rez","Tiempo de lectura":"6 minutos"},"schema":{"@context":"https:\/\/schema.org","@graph":[{"@type":"WebPage","@id":"https:\/\/www.canariasviaja.com\/viajaresvivir\/el-viaje-de-jordi-la-diferencia-en-los-detalles\/","url":"https:\/\/www.canariasviaja.com\/viajaresvivir\/el-viaje-de-jordi-la-diferencia-en-los-detalles\/","name":"El viaje de Jordi: la diferencia est\u00e1 en los detalles - Viajar es vivir","isPartOf":{"@id":"https:\/\/www.canariasviaja.com\/viajaresvivir\/#website"},"primaryImageOfPage":{"@id":"https:\/\/www.canariasviaja.com\/viajaresvivir\/el-viaje-de-jordi-la-diferencia-en-los-detalles\/#primaryimage"},"image":{"@id":"https:\/\/www.canariasviaja.com\/viajaresvivir\/el-viaje-de-jordi-la-diferencia-en-los-detalles\/#primaryimage"},"thumbnailUrl":"https:\/\/www.canariasviaja.com\/viajaresvivir\/wp-content\/uploads\/2020\/08\/El-viaje-de-Jordi5.jpg","datePublished":"2020-08-11T17:02:59+00:00","dateModified":"2020-08-17T10:21:24+00:00","author":{"@id":"https:\/\/www.canariasviaja.com\/viajaresvivir\/#\/schema\/person\/e7b5de25aec1ef426e440e11fe06d247"},"description":"Jordi P\u00e9rez comparte su viaje por Cantabria. Una escapada aprovechada entre el verde de Carmona, las arenas del Sardinero y la modernidad de Bilbao-","breadcrumb":{"@id":"https:\/\/www.canariasviaja.com\/viajaresvivir\/el-viaje-de-jordi-la-diferencia-en-los-detalles\/#breadcrumb"},"inLanguage":"es","potentialAction":[{"@type":"ReadAction","target":["https:\/\/www.canariasviaja.com\/viajaresvivir\/el-viaje-de-jordi-la-diferencia-en-los-detalles\/"]}]},{"@type":"ImageObject","inLanguage":"es","@id":"https:\/\/www.canariasviaja.com\/viajaresvivir\/el-viaje-de-jordi-la-diferencia-en-los-detalles\/#primaryimage","url":"https:\/\/www.canariasviaja.com\/viajaresvivir\/wp-content\/uploads\/2020\/08\/El-viaje-de-Jordi5.jpg","contentUrl":"https:\/\/www.canariasviaja.com\/viajaresvivir\/wp-content\/uploads\/2020\/08\/El-viaje-de-Jordi5.jpg","width":1920,"height":1440,"caption":"Santo\u00f1a El viaje de Jordi"},{"@type":"BreadcrumbList","@id":"https:\/\/www.canariasviaja.com\/viajaresvivir\/el-viaje-de-jordi-la-diferencia-en-los-detalles\/#breadcrumb","itemListElement":[{"@type":"ListItem","position":1,"name":"Portada","item":"https:\/\/www.canariasviaja.com\/viajaresvivir\/"},{"@type":"ListItem","position":2,"name":"El viaje de Jordi: la diferencia est\u00e1 en los detalles"}]},{"@type":"WebSite","@id":"https:\/\/www.canariasviaja.com\/viajaresvivir\/#website","url":"https:\/\/www.canariasviaja.com\/viajaresvivir\/","name":"Viajar es vivir","description":"El blog de viajes y estilo de vida de CanariasViaja","potentialAction":[{"@type":"SearchAction","target":{"@type":"EntryPoint","urlTemplate":"https:\/\/www.canariasviaja.com\/viajaresvivir\/?s={search_term_string}"},"query-input":{"@type":"PropertyValueSpecification","valueRequired":true,"valueName":"search_term_string"}}],"inLanguage":"es"},{"@type":"Person","@id":"https:\/\/www.canariasviaja.com\/viajaresvivir\/#\/schema\/person\/e7b5de25aec1ef426e440e11fe06d247","name":"Jordi P\u00e9rez","image":{"@type":"ImageObject","inLanguage":"es","@id":"https:\/\/www.canariasviaja.com\/viajaresvivir\/#\/schema\/person\/image\/","url":"https:\/\/secure.gravatar.com\/avatar\/e5f9ba8ef39b2d2ba5239501b66c754a?s=96&d=mm&r=g","contentUrl":"https:\/\/secure.gravatar.com\/avatar\/e5f9ba8ef39b2d2ba5239501b66c754a?s=96&d=mm&r=g","caption":"Jordi P\u00e9rez"},"url":"https:\/\/www.canariasviaja.com\/viajaresvivir\/author\/jordi-perez\/"}]}},"_links":{"self":[{"href":"https:\/\/www.canariasviaja.com\/viajaresvivir\/wp-json\/wp\/v2\/posts\/4716"}],"collection":[{"href":"https:\/\/www.canariasviaja.com\/viajaresvivir\/wp-json\/wp\/v2\/posts"}],"about":[{"href":"https:\/\/www.canariasviaja.com\/viajaresvivir\/wp-json\/wp\/v2\/types\/post"}],"author":[{"embeddable":true,"href":"https:\/\/www.canariasviaja.com\/viajaresvivir\/wp-json\/wp\/v2\/users\/41"}],"replies":[{"embeddable":true,"href":"https:\/\/www.canariasviaja.com\/viajaresvivir\/wp-json\/wp\/v2\/comments?post=4716"}],"version-history":[{"count":5,"href":"https:\/\/www.canariasviaja.com\/viajaresvivir\/wp-json\/wp\/v2\/posts\/4716\/revisions"}],"predecessor-version":[{"id":4728,"href":"https:\/\/www.canariasviaja.com\/viajaresvivir\/wp-json\/wp\/v2\/posts\/4716\/revisions\/4728"}],"wp:featuredmedia":[{"embeddable":true,"href":"https:\/\/www.canariasviaja.com\/viajaresvivir\/wp-json\/wp\/v2\/media\/4721"}],"wp:attachment":[{"href":"https:\/\/www.canariasviaja.com\/viajaresvivir\/wp-json\/wp\/v2\/media?parent=4716"}],"wp:term":[{"taxonomy":"category","embeddable":true,"href":"https:\/\/www.canariasviaja.com\/viajaresvivir\/wp-json\/wp\/v2\/categories?post=4716"},{"taxonomy":"post_tag","embeddable":true,"href":"https:\/\/www.canariasviaja.com\/viajaresvivir\/wp-json\/wp\/v2\/tags?post=4716"}],"curies":[{"name":"wp","href":"https:\/\/api.w.org\/{rel}","templated":true}]}}