{"id":4729,"date":"2020-08-20T08:55:57","date_gmt":"2020-08-20T08:55:57","guid":{"rendered":"http:\/\/www.canariasviaja.com\/viajaresvivir\/?p=4729"},"modified":"2021-12-13T16:26:17","modified_gmt":"2021-12-13T16:26:17","slug":"comer-en-murcia-chef-david-lopez","status":"publish","type":"post","link":"https:\/\/www.canariasviaja.com\/viajaresvivir\/comer-en-murcia-chef-david-lopez\/","title":{"rendered":"Descubre d\u00f3nde comer en Murcia de la mano del chef David L\u00f3pez"},"content":{"rendered":"\n<p><strong>David L\u00f3pez<\/strong> es un joven chef manchego establecido en Murcia desde 2005, donde ha logrado situarse como uno de los referentes de la <strong>gastronom\u00eda murciana,<\/strong> al frente de su restaurante <strong><a href=\"https:\/\/www.localdensayo.com\/\" target=\"_blank\" rel=\"noreferrer noopener\">Local de Ensayo<\/a><\/strong>. <\/p>\n\n\n\n<div class=\"wp-block-image\"><figure class=\"aligncenter size-full is-resized\"><img decoding=\"async\" src=\"https:\/\/www.canariasviaja.com\/viajaresvivir\/wp-content\/uploads\/2020\/08\/IMG-5757.jpg\" alt=\"El Chef David L\u00f3pez en las cocinas del restaurante Local de Ensayo. Comer en Murcia\" class=\"wp-image-4733\" width=\"400\" srcset=\"https:\/\/www.canariasviaja.com\/viajaresvivir\/wp-content\/uploads\/2020\/08\/IMG-5757.jpg 1333w, https:\/\/www.canariasviaja.com\/viajaresvivir\/wp-content\/uploads\/2020\/08\/IMG-5757-200x300.jpg 200w, https:\/\/www.canariasviaja.com\/viajaresvivir\/wp-content\/uploads\/2020\/08\/IMG-5757-768x1152.jpg 768w, https:\/\/www.canariasviaja.com\/viajaresvivir\/wp-content\/uploads\/2020\/08\/IMG-5757-1024x1536.jpg 1024w, https:\/\/www.canariasviaja.com\/viajaresvivir\/wp-content\/uploads\/2020\/08\/IMG-5757-1200x1800.jpg 1200w, https:\/\/www.canariasviaja.com\/viajaresvivir\/wp-content\/uploads\/2020\/08\/IMG-5757-720x1080.jpg 720w\" sizes=\"(max-width: 1333px) 100vw, 1333px\" \/><\/figure><\/div>\n\n\n\n<p>David es un profesional inquieto que compagina la cocina con su labor como docente en el Grado de Gastronom\u00eda de la UCAM, el dise\u00f1o de &nbsp;productos gastron\u00f3micos y la colaboraci\u00f3n en medios de comunicaci\u00f3n.&nbsp;<\/p>\n\n\n\n<p>Su <strong>restaurante <a href=\"https:\/\/www.localdensayo.com\/\" target=\"_blank\" rel=\"noreferrer noopener\">Local de Ensayo<\/a><\/strong> est\u00e1 situado en la pedan\u00eda de Puente Tocino, a solo 10 minutos del centro de Murcia, en plena huerta murciana. Desde all\u00ed ofrece una <strong>cocina de cercan\u00eda y de \u201ctradici\u00f3n revisada\u201d<\/strong> que emplea los productos de la tierra, como las verduras de la huerta, el pescado y marisco de las lonjas locales, o carnes, como la del <strong>chato murciano, <\/strong>una raza de cerdo negro originario del ib\u00e9rico primitivo casi extinguido y recuperado a finales de los a\u00f1os 90.&nbsp;<\/p>\n\n\n\n<p>Su <strong>propuesta gastron\u00f3mica<\/strong> est\u00e1 basada en los <strong>sabores de Murcia<\/strong> con gui\u00f1os a <strong>sus or\u00edgenes manchegos<\/strong>, que encontramos en los ahumados, el uso del romero, las setas (de las que es muy aficionado), las carnes de caza, los gazpachos y guisos, que le traen recuerdos de su infancia en la casa de su abuela. <strong>Sabores tradicionales pasados por el tamiz de la t\u00e9cnica y la innovaci\u00f3n<\/strong> para sorprender al comensal.&nbsp;<\/p>\n\n\n\n<figure class=\"wp-block-image size-large\"><img loading=\"lazy\" decoding=\"async\" width=\"2000\" height=\"1333\" src=\"http:\/\/www.canariasviaja.com\/viajaresvivir\/wp-content\/uploads\/2020\/08\/Comer-en-Murcia-Local-de-Ensayo.gif\" alt=\"Plato del restaurante Local de Ensayo. Comer en Murcia\" class=\"wp-image-4736\"\/><\/figure>\n\n\n\n<p>Sus <strong>men\u00fas degustaci\u00f3n<\/strong> van evolucionando en funci\u00f3n de la temporada y reciben nombres &nbsp;que hacen referencia a su logotipo y al lugar desde donde se preparan estos platos, <strong>el coraz\u00f3n<\/strong>. Este verano ofrece en su restaurante el <strong>men\u00fa Reanimaci\u00f3n<\/strong>, como un gui\u00f1o a este volver a empezar que nos ha tocado vivir. Y en <strong>Siempre Verde<\/strong>, una finca en la que podemos cenar al aire libre, el <strong>Men\u00fa Noches Especiales<\/strong>.&nbsp;<\/p>\n\n\n\n<figure class=\"wp-block-image size-large\"><img loading=\"lazy\" decoding=\"async\" width=\"2000\" height=\"1333\" src=\"http:\/\/www.canariasviaja.com\/viajaresvivir\/wp-content\/uploads\/2020\/08\/IMG-5872.jpg\" alt=\"Local de Ensayo comer en Murcia\" class=\"wp-image-4743\" srcset=\"https:\/\/www.canariasviaja.com\/viajaresvivir\/wp-content\/uploads\/2020\/08\/IMG-5872.jpg 2000w, https:\/\/www.canariasviaja.com\/viajaresvivir\/wp-content\/uploads\/2020\/08\/IMG-5872-300x200.jpg 300w, https:\/\/www.canariasviaja.com\/viajaresvivir\/wp-content\/uploads\/2020\/08\/IMG-5872-768x512.jpg 768w, https:\/\/www.canariasviaja.com\/viajaresvivir\/wp-content\/uploads\/2020\/08\/IMG-5872-1536x1024.jpg 1536w, https:\/\/www.canariasviaja.com\/viajaresvivir\/wp-content\/uploads\/2020\/08\/IMG-5872-1200x800.jpg 1200w, https:\/\/www.canariasviaja.com\/viajaresvivir\/wp-content\/uploads\/2020\/08\/IMG-5872-1620x1080.jpg 1620w\" sizes=\"(max-width: 2000px) 100vw, 2000px\" \/><\/figure>\n\n\n\n<p>Todos sus men\u00fas van maridados por una selecci\u00f3n de vinos que nos hacen <strong>viajar de Murcia al mundo<\/strong> de la mano del <strong>sumillier &nbsp;Pedro Jim\u00e9nez<\/strong>. En su carta de vinos encontramos alguna referencia de vinos canarios, como <strong>Suertes del Marqu\u00e9s<\/strong>, de La Orotava (Tenerife).&nbsp;<\/p>\n\n\n\n<p>David es un cocinero muy cercano al que le gusta conocer de primera mano la opini\u00f3n de sus clientes, por lo que sale a saludar personalmente a todos los comensales a lo largo del servicio. Vamos a aprovechar su calidez y simpat\u00eda para que nos ayude a<strong> descubrir la gastronom\u00eda de esta regi\u00f3n<\/strong>, a\u00fan desconocida para el gran p\u00fablico.&nbsp;<\/p>\n\n\n\n<p><strong>2020 es un a\u00f1o importante para la Gastronom\u00eda murciana ya que <a rel=\"noreferrer noopener\" href=\"https:\/\/murciacapitalgastronomica.es\/es\/web\/inicio\/\" target=\"_blank\">Murcia es Capital Gastron\u00f3mica<\/a>. \u00bfC\u00f3mo definir\u00edas la gastronom\u00eda murc<\/strong>iana?&nbsp;<\/p>\n\n\n\n<p><em>Es una cocina con un recetario muy extenso ya que tenemos recetas marineras, recetas de interior con m\u00e1s carne y todas las que hacemos con mucha base de verduras. Hay mucha diversidad de ingredientes. Pescados de la lonja de \u00c1guilas, San Pedro, la almadraba de La Azoh\u00eda, etc. las carnes van desde el cordero segure\u00f1o al chato murciano o el conejo. Y en cuanto a las verduras la Regi\u00f3n recibe el nombre de la huerta de Europa, yo creo que eso la define perfectamente. El problema es que la comunicaci\u00f3n no es buena y Murcia nunca ha estado bien posicionada gastron\u00f3micamente hablando. Ha llegado el momento de que la gente de fuera cambie esa visi\u00f3n.<\/em><\/p>\n\n\n\n<p><br><strong>\u00bfCrees que es suficientemente conocida fuera de la regi\u00f3n?<\/strong><\/p>\n\n\n\n<p><em>No. Solo se conoce el <strong>caldero, zarangollo, marinera y pastel de carne.<\/strong> La gente y la prensa gastron\u00f3mica piensa que seguimos anclados en la tradici\u00f3n y que no hay modernidad, pero desde hace unos a\u00f1os ya no es as\u00ed. <strong>En Murcia hay grandes cocineros, sumilleres y jefes de sala<\/strong> que han renovado mucho la oferta gastron\u00f3mica.<\/em>&nbsp;<\/p>\n\n\n\n<p><strong>\u00bfQu\u00e9 influencias &nbsp;podemos encontrar en la gastronom\u00eda murciana?&nbsp;<\/strong><\/p>\n\n\n\n<p>Desd<em>e<strong> influencia \u00e1rabe<\/strong>, con platos con hierbabuena en el valle de Ricote, al <strong>garum romano<\/strong> que entraba por el puerto de Cartagena.&nbsp;<\/em><\/p>\n\n\n\n<p><br><strong>\u00bfCu\u00e1les son los tres platos que&nbsp;hay que probar si se viene a Murcia y d\u00f3nde recomendar\u00edas probarlos?&nbsp;<\/strong><\/p>\n\n\n\n<p><em><strong>El Caldero en 5 pasos<\/strong> del <strong><a rel=\"noreferrer noopener\" href=\"http:\/\/www.restaurantevenezuela.com\/\" target=\"_blank\">Venezuela<\/a><\/strong>. <strong>Arroz y conejo al sarmiento<\/strong> en <a rel=\"noreferrer noopener\" href=\"http:\/\/www.casaherminio.com\/\" target=\"_blank\"><strong>Casa Herminio<\/strong><\/a>. <strong>Las alcachofas de la abuela <\/strong>en <a rel=\"noreferrer noopener\" href=\"https:\/\/www.lapequenataberna.com\/\" target=\"_blank\"><strong>La peque\u00f1a Taberna<\/strong><\/a> . <strong>Las marineras<\/strong> de <a rel=\"noreferrer noopener\" href=\"https:\/\/www.tripadvisor.es\/Restaurant_Review-g187518-d3354819-Reviews-La_Tapa-Murcia.html\" target=\"_blank\"><strong>La Tapa<\/strong><\/a> o el <strong>Caf\u00e9 Bar <\/strong>en Murcia, que cuenta con una gran calidad de producto<\/em>.<\/p>\n\n\n\n<p><strong> \u00bfQu\u00e9 productos destacar\u00edas?<\/strong><\/p>\n\n\n\n<p><em>Alcachofas, piment\u00f3n, limones (especialmente en la \u00e9poca en la que est\u00e1n verdes) chato murciano, la hueva de m\u00fajol, cordero segure\u00f1o, arroz de Calasparra, todas las verduras de temporada, gamba roja de \u00c1guilas, los t\u00fanidos de almadraba La Azoh\u00eda, doradas y pescados del Mar Menor, quesos de cabra murciano-granadina, y muchos m\u00e1s que me habr\u00e9 dejado en el tintero.&nbsp;<\/em><\/p>\n\n\n\n<p><strong>Adem\u00e1s de la docencia y la cocina, te gusta el mundo de la innovaci\u00f3n y el dise\u00f1o de productos gastron\u00f3micos. H\u00e1blanos de Umbra.<\/strong><\/p>\n\n\n\n<p><em><a rel=\"noreferrer noopener\" href=\"https:\/\/es.deortegas.com\/products\/umbra\" target=\"_blank\"><strong>UMBRA<\/strong><\/a> es un condimento que patent\u00e9 junto a Rafaela de <strong>Almazara Deortegas<\/strong>. Se trata de aceite cornicabra ecol\u00f3gico infusionado con setas, musgo y plantas arom\u00e1ticas.&nbsp;Ya hemos recibido dos premios internacionales por la calidad de este producto, estoy muy contento con el proyecto y con la familia de la almazara.<\/em><\/p>\n\n\n\n<p><strong>Adem\u00e1s de la gastronom\u00eda tradicional hay chefs, como t\u00fa, que est\u00e1n innovando y aportando una nueva visi\u00f3n. \u00bfQu\u00e9 nombres destacar\u00edas y qu\u00e9 est\u00e1 aportando cada uno de ellos a la nueva cocina murciana? <\/strong><\/p>\n\n\n\n<p><em>Somos muchos los chefs que intentamos innovar y actualizar algunos platos del recetario.<\/em><br><em><a rel=\"noreferrer noopener\" href=\"https:\/\/restaurantelacabana.com\/\" target=\"_blank\"><strong>Pablo Gonz\u00e1lez<\/strong> <\/a>es el \u00fanico dos estrellas. Tienen una cocina muy t\u00e9cnica en la que utiliza todos los productos de la zona.<\/em><br><em>Mar\u00eda de <strong><a rel=\"noreferrer noopener\" href=\"https:\/\/restaurantemagoga.com\/\" target=\"_blank\">Magoga<\/a><\/strong> es otra de las referencias, reciente <strong>Estrella Michelin<\/strong> y defensora de los productos del campo de Cartagena y los salazones.<br>Tom\u00e0s \u00c9cija y Cundi S\u00e1nchez de<a rel=\"noreferrer noopener\" href=\"http:\/\/lamaita.com\/\" target=\"_blank\"> <strong>La Maita<\/strong><\/a> y <strong><a rel=\"noreferrer noopener\" href=\"http:\/\/restauranteelalbero.es\/\" target=\"_blank\">El Albero<\/a><\/strong>. Apuestan mucho por la recuperaci\u00f3n de la raza de gallina murciana y elaboran unos embutidos muy buenos.<br>Juan Pablo Ortiz de <strong><a rel=\"noreferrer noopener\" href=\"https:\/\/barrigaverdetaberna.com\/\" target=\"_blank\">Barriga Verde<\/a><\/strong> es otro de los cocineros que vienen pegando fuerte.<br>Sergio de la Orden del m\u00edtico <a rel=\"noreferrer noopener\" href=\"http:\/\/restauranteelmosqui.com\/elmosqui\/\" target=\"_blank\"><strong>El Mosqui<\/strong><\/a> de Cabo de Palos. Un gran caldero y cocina marinera.<br>Juan Guillam\u00f3n de <strong><a rel=\"noreferrer noopener\" href=\"https:\/\/almamatermurcia.com\/\" target=\"_blank\">Alma Mater<\/a><\/strong> tiene una cocina muy elegante tambi\u00e9n&nbsp;<br>Jos\u00e9 Cremades ha implantado una serie de negocios con una cocina muy fresca, canalla e informal pero de mucha calidad&nbsp;<br>Jos\u00e9 Miguel del<strong> <a rel=\"noreferrer noopener\" href=\"https:\/\/www.casinogastrobar.com\/index.php\/es\/\" target=\"_blank\">Casino de Mula<\/a><\/strong> renueva la cocina del Noroeste&nbsp;<br>Irene L\u00f3pez de <strong><a rel=\"noreferrer noopener\" href=\"https:\/\/www.guiarepsol.com\/es\/fichas\/restaurante\/jumilla-9083\/\" target=\"_blank\">Loreto<\/a> <\/strong>en Jumilla con sus gazpachos.<\/em>                                       <em>Jos\u00e9 Mar\u00eda Ver\u00e1 de <a rel=\"noreferrer noopener\" href=\"https:\/\/www.murciaturistica.es\/es\/restaurante\/la-tapa-3729\/\" target=\"_blank\"><strong>La Tapa <\/strong><\/a><\/em>, <em>Mamen del restaurante centenario <strong><a rel=\"noreferrer noopener\" href=\"http:\/\/www.elvinagrero.com\/\" target=\"_blank\">El Vinagrero<\/a><\/strong>, Firo V\u00e1zquez de <a rel=\"noreferrer noopener\" href=\"https:\/\/www.restauranteelolivar.es\/\" target=\"_blank\"><strong>El Olivar<\/strong><\/a> en Moratalla,  Juan Regis en <a rel=\"noreferrer noopener\" href=\"https:\/\/www.guiarepsol.com\/es\/fichas\/restaurante\/la-cerdanya-9263\/\" target=\"_blank\"><strong>La Cerdanya<\/strong><\/a> , Juani de <a rel=\"noreferrer noopener\" href=\"http:\/\/www.restauranteloschispos.com\/\" target=\"_blank\"><strong>Los Chispos<\/strong><\/a> en Yecla&#8230;<br>Fran, del <a rel=\"noreferrer noopener\" href=\"https:\/\/www.guiarepsol.com\/es\/fichas\/restaurante\/jota-ele-40497\/\" target=\"_blank\"><strong>Restaurante Jota Ele<\/strong><\/a>, otro cl\u00e1sico imprescindible con sus bu\u00f1uelos de bacalao y canel\u00f3n de aguacate. <br>Rodi, en <a rel=\"noreferrer noopener\" href=\"http:\/\/lacavaderoyan.net\/\" target=\"_blank\"><strong>La Cava de Royan<\/strong><\/a>, ofrece una cocina a precios medios de mucha calidad. <strong><br><a rel=\"noreferrer noopener\" href=\"https:\/\/www.elchurra.net\/restaurante\" target=\"_blank\">El Churra<\/a>,<\/strong> otro de los cl\u00e1sicos con una barra que llena de tapas t\u00edpicas. <br>Nazario Cano en <a rel=\"noreferrer noopener\" href=\"https:\/\/odiseospain.com\/reservas\" target=\"_blank\"><strong>Odiseo<\/strong><\/a>. Un cocinero que ha venido con mucha fuerza de Alicante y al que admiro mucho.<br><a rel=\"noreferrer noopener\" href=\"http:\/\/www.restaurantelatropical.es\/\" target=\"_blank\">La Tropical <\/a>y el <a rel=\"noreferrer noopener\" href=\"http:\/\/www.restauranteramon.com\/public_html\/presentacion.html\" target=\"_blank\"><strong>restaurante Ram\u00f3n<\/strong><\/a> de Los Alc\u00e1zares.<br>Pablo Mart\u00ednez del <strong><a rel=\"noreferrer noopener\" href=\"https:\/\/www.tripadvisor.es\/ShowUserReviews-g187517-d4049244-r646980348-Restaurante_Eszencia-Cartagena_Municipality_of_Cartagena.html\" target=\"_blank\">Restaurante El Batel<\/a><\/strong>.<br>Nacho, del m\u00edtico <a rel=\"noreferrer noopener\" href=\"http:\/\/www.restaurantehispano.es\/\" target=\"_blank\"><strong>restaurante Hispano<\/strong><\/a>, con un carro de postres y una paletilla espectacular&nbsp;<br>Miguel de <strong><a rel=\"noreferrer noopener\" href=\"https:\/\/www.lapequenataberna.com\/\" target=\"_blank\">La peque\u00f1a Taberna<\/a><\/strong>. Un sitio tradicional imprescindible&nbsp;<br>Salcillo, Morales,Gran Rhin&#8230; Y seguro que me dejar\u00e9 un mont\u00f3n. Les pido disculpas&nbsp;<\/em><\/p>\n\n\n\n<p><strong>\u00bfQu\u00e9 papel ha jugado para Local de Ensayo ser incluido en las Gu\u00edas Michelin y Repsol?&nbsp;<\/strong><\/p>\n\n\n\n<p><em>Tenemos el <strong>plato Michel\u00edn<\/strong> y la <strong>Recomendaci\u00f3n Repsol<\/strong>. Realmente nuestros clientes nos buscan por la propuesta que ofrecemos, ya que al no tener estrella cuesta m\u00e1s, pero por suerte llevo 20 a\u00f1os de trayectoria y mis amigos de Murcia y otras comunidades me respetan igual que yo a ellos y eso tambi\u00e9n me trae mucha clientela.<\/em>&nbsp;<\/p>\n\n\n\n<p><strong>\u00bfCu\u00e1l es tu pr\u00f3ximo reto profesional?&nbsp;<\/strong><\/p>\n\n\n\n<p><em>Por desgracia todo se ha parado en seco. 2020 estaba siendo un a\u00f1o especial para m\u00ed porque hab\u00eda despegado a nivel internacional. Viajes a Par\u00eds, M\u00e9xico y otras ciudades de Espa\u00f1a. Ahora pienso m\u00e1s all\u00e1 de una semana, creo que es tonter\u00eda porque todo cambia por Segundos. Mi prioridad es salvar la empresa y disfrutar de la familia. Por suerte eso lo estoy consiguiendo.<\/em><\/p>\n\n\n\n<p><em> <\/em><br><strong>Cuando libras, \u00bfcu\u00e1l es tu plan favorito relacionado con la gastronom\u00eda?<\/strong><\/p>\n\n\n\n<p><em>Todos, me encanta viajar, comer y beber buenos vinos. Tambi\u00e9n me encanta recomendar es mis redes los sitios en los que disfruto mucho<\/em>.<\/p>\n\n\n\n<p>Mil gracias David por abrirnos las puertas de tu cocina y  por descubrirnos los mejores lugares donde <strong>comer en Murcia<\/strong>.<\/p>\n\n\n\n<hr class=\"wp-block-separator\"\/>\n\n\n\n<p>\u00bfTe gustar\u00eda vivir una <strong>experiencia gastron\u00f3mica en Murcia<\/strong>? Te hemos preparado una<strong> <a href=\"https:\/\/bit.ly\/31acvjo\">oferta irrestible<\/a><\/strong> para que la vivas.<\/p>\n","protected":false},"excerpt":{"rendered":"<p>El chef David L\u00f3pez, del restaurante Local de Ensayo en Murcia, nos abre las puertas de su cocina y nos descubre los secretos de la gastronom\u00eda murciana.<\/p>\n","protected":false},"author":2,"featured_media":4731,"comment_status":"open","ping_status":"open","sticky":false,"template":"","format":"standard","meta":{"_acf_changed":false,"sfsi_plus_gutenberg_text_before_share":"","sfsi_plus_gutenberg_show_text_before_share":"","sfsi_plus_gutenberg_icon_type":"","sfsi_plus_gutenberg_icon_alignemt":"","sfsi_plus_gutenburg_max_per_row":"","footnotes":""},"categories":[123,10,102,100,11,126],"tags":[602,151,262,601],"class_list":["post-4729","post","type-post","status-publish","format-standard","has-post-thumbnail","hentry","category-explora","category-historias-viajeras","category-murcia","category-peninsulaybaleares","category-postales","category-saborea","tag-donde-comer-en-murcia","tag-gastronomia","tag-murcia","tag-restaurantes"],"acf":[],"yoast_head":"<!-- This site is optimized with the Yoast SEO plugin v24.1 - https:\/\/yoast.com\/wordpress\/plugins\/seo\/ -->\n<title>Donde comer en Murcia - Viajar es Vivir<\/title>\n<meta name=\"description\" content=\"El chef David L\u00f3pez, del restaurante Local de Ensayo, nos habla acerca de la gastronom\u00eda murciana y de sus lugares favoritos donde comer en Murcia.\" \/>\n<meta name=\"robots\" content=\"index, follow, max-snippet:-1, max-image-preview:large, max-video-preview:-1\" \/>\n<link rel=\"canonical\" href=\"https:\/\/www.canariasviaja.com\/viajaresvivir\/comer-en-murcia-chef-david-lopez\/\" \/>\n<meta property=\"og:locale\" content=\"es_ES\" \/>\n<meta property=\"og:type\" content=\"article\" \/>\n<meta property=\"og:title\" content=\"Donde comer en Murcia - Viajar es Vivir\" \/>\n<meta property=\"og:description\" content=\"El chef David L\u00f3pez, del restaurante Local de Ensayo, nos habla acerca de la gastronom\u00eda murciana y de sus lugares favoritos donde comer en Murcia.\" \/>\n<meta property=\"og:url\" content=\"https:\/\/www.canariasviaja.com\/viajaresvivir\/comer-en-murcia-chef-david-lopez\/\" \/>\n<meta property=\"og:site_name\" content=\"Viajar es vivir\" \/>\n<meta property=\"article:published_time\" content=\"2020-08-20T08:55:57+00:00\" \/>\n<meta property=\"article:modified_time\" content=\"2021-12-13T16:26:17+00:00\" \/>\n<meta property=\"og:image\" content=\"http:\/\/www.canariasviaja.com\/viajaresvivir\/wp-content\/uploads\/2020\/08\/David-Lopez-Comer-en-Murcia.gif\" \/>\n\t<meta property=\"og:image:width\" content=\"2000\" \/>\n\t<meta property=\"og:image:height\" content=\"1333\" \/>\n\t<meta property=\"og:image:type\" content=\"image\/gif\" \/>\n<meta name=\"author\" content=\"Patri C\u00e1mpora\" \/>\n<meta name=\"twitter:card\" content=\"summary_large_image\" \/>\n<meta name=\"twitter:label1\" content=\"Escrito por\" \/>\n\t<meta name=\"twitter:data1\" content=\"Patri C\u00e1mpora\" \/>\n\t<meta name=\"twitter:label2\" content=\"Tiempo de lectura\" \/>\n\t<meta name=\"twitter:data2\" content=\"7 minutos\" \/>\n<script type=\"application\/ld+json\" class=\"yoast-schema-graph\">{\"@context\":\"https:\/\/schema.org\",\"@graph\":[{\"@type\":\"WebPage\",\"@id\":\"https:\/\/www.canariasviaja.com\/viajaresvivir\/comer-en-murcia-chef-david-lopez\/\",\"url\":\"https:\/\/www.canariasviaja.com\/viajaresvivir\/comer-en-murcia-chef-david-lopez\/\",\"name\":\"Donde comer en Murcia - Viajar es Vivir\",\"isPartOf\":{\"@id\":\"https:\/\/www.canariasviaja.com\/viajaresvivir\/#website\"},\"primaryImageOfPage\":{\"@id\":\"https:\/\/www.canariasviaja.com\/viajaresvivir\/comer-en-murcia-chef-david-lopez\/#primaryimage\"},\"image\":{\"@id\":\"https:\/\/www.canariasviaja.com\/viajaresvivir\/comer-en-murcia-chef-david-lopez\/#primaryimage\"},\"thumbnailUrl\":\"https:\/\/www.canariasviaja.com\/viajaresvivir\/wp-content\/uploads\/2020\/08\/David-Lopez-Comer-en-Murcia.gif\",\"datePublished\":\"2020-08-20T08:55:57+00:00\",\"dateModified\":\"2021-12-13T16:26:17+00:00\",\"author\":{\"@id\":\"https:\/\/www.canariasviaja.com\/viajaresvivir\/#\/schema\/person\/085949651001325f1244a8bc1b34709c\"},\"description\":\"El chef David L\u00f3pez, del restaurante Local de Ensayo, nos habla acerca de la gastronom\u00eda murciana y de sus lugares favoritos donde comer en Murcia.\",\"breadcrumb\":{\"@id\":\"https:\/\/www.canariasviaja.com\/viajaresvivir\/comer-en-murcia-chef-david-lopez\/#breadcrumb\"},\"inLanguage\":\"es\",\"potentialAction\":[{\"@type\":\"ReadAction\",\"target\":[\"https:\/\/www.canariasviaja.com\/viajaresvivir\/comer-en-murcia-chef-david-lopez\/\"]}]},{\"@type\":\"ImageObject\",\"inLanguage\":\"es\",\"@id\":\"https:\/\/www.canariasviaja.com\/viajaresvivir\/comer-en-murcia-chef-david-lopez\/#primaryimage\",\"url\":\"https:\/\/www.canariasviaja.com\/viajaresvivir\/wp-content\/uploads\/2020\/08\/David-Lopez-Comer-en-Murcia.gif\",\"contentUrl\":\"https:\/\/www.canariasviaja.com\/viajaresvivir\/wp-content\/uploads\/2020\/08\/David-Lopez-Comer-en-Murcia.gif\",\"width\":2000,\"height\":1333,\"caption\":\"Chef David L\u00f3pez\"},{\"@type\":\"BreadcrumbList\",\"@id\":\"https:\/\/www.canariasviaja.com\/viajaresvivir\/comer-en-murcia-chef-david-lopez\/#breadcrumb\",\"itemListElement\":[{\"@type\":\"ListItem\",\"position\":1,\"name\":\"Portada\",\"item\":\"https:\/\/www.canariasviaja.com\/viajaresvivir\/\"},{\"@type\":\"ListItem\",\"position\":2,\"name\":\"Descubre d\u00f3nde comer en Murcia de la mano del chef David L\u00f3pez\"}]},{\"@type\":\"WebSite\",\"@id\":\"https:\/\/www.canariasviaja.com\/viajaresvivir\/#website\",\"url\":\"https:\/\/www.canariasviaja.com\/viajaresvivir\/\",\"name\":\"Viajar es vivir\",\"description\":\"El blog de viajes y estilo de vida de CanariasViaja\",\"potentialAction\":[{\"@type\":\"SearchAction\",\"target\":{\"@type\":\"EntryPoint\",\"urlTemplate\":\"https:\/\/www.canariasviaja.com\/viajaresvivir\/?s={search_term_string}\"},\"query-input\":{\"@type\":\"PropertyValueSpecification\",\"valueRequired\":true,\"valueName\":\"search_term_string\"}}],\"inLanguage\":\"es\"},{\"@type\":\"Person\",\"@id\":\"https:\/\/www.canariasviaja.com\/viajaresvivir\/#\/schema\/person\/085949651001325f1244a8bc1b34709c\",\"name\":\"Patri C\u00e1mpora\",\"image\":{\"@type\":\"ImageObject\",\"inLanguage\":\"es\",\"@id\":\"https:\/\/www.canariasviaja.com\/viajaresvivir\/#\/schema\/person\/image\/\",\"url\":\"https:\/\/secure.gravatar.com\/avatar\/b2ce2c4086a5776e5310f57c1a2e5b4e?s=96&d=mm&r=g\",\"contentUrl\":\"https:\/\/secure.gravatar.com\/avatar\/b2ce2c4086a5776e5310f57c1a2e5b4e?s=96&d=mm&r=g\",\"caption\":\"Patri C\u00e1mpora\"},\"url\":\"https:\/\/www.canariasviaja.com\/viajaresvivir\/author\/patri\/\"}]}<\/script>\n<!-- \/ Yoast SEO plugin. -->","yoast_head_json":{"title":"Donde comer en Murcia - Viajar es Vivir","description":"El chef David L\u00f3pez, del restaurante Local de Ensayo, nos habla acerca de la gastronom\u00eda murciana y de sus lugares favoritos donde comer en Murcia.","robots":{"index":"index","follow":"follow","max-snippet":"max-snippet:-1","max-image-preview":"max-image-preview:large","max-video-preview":"max-video-preview:-1"},"canonical":"https:\/\/www.canariasviaja.com\/viajaresvivir\/comer-en-murcia-chef-david-lopez\/","og_locale":"es_ES","og_type":"article","og_title":"Donde comer en Murcia - Viajar es Vivir","og_description":"El chef David L\u00f3pez, del restaurante Local de Ensayo, nos habla acerca de la gastronom\u00eda murciana y de sus lugares favoritos donde comer en Murcia.","og_url":"https:\/\/www.canariasviaja.com\/viajaresvivir\/comer-en-murcia-chef-david-lopez\/","og_site_name":"Viajar es vivir","article_published_time":"2020-08-20T08:55:57+00:00","article_modified_time":"2021-12-13T16:26:17+00:00","og_image":[{"width":2000,"height":1333,"url":"http:\/\/www.canariasviaja.com\/viajaresvivir\/wp-content\/uploads\/2020\/08\/David-Lopez-Comer-en-Murcia.gif","type":"image\/gif"}],"author":"Patri C\u00e1mpora","twitter_card":"summary_large_image","twitter_misc":{"Escrito por":"Patri C\u00e1mpora","Tiempo de lectura":"7 minutos"},"schema":{"@context":"https:\/\/schema.org","@graph":[{"@type":"WebPage","@id":"https:\/\/www.canariasviaja.com\/viajaresvivir\/comer-en-murcia-chef-david-lopez\/","url":"https:\/\/www.canariasviaja.com\/viajaresvivir\/comer-en-murcia-chef-david-lopez\/","name":"Donde comer en Murcia - Viajar es Vivir","isPartOf":{"@id":"https:\/\/www.canariasviaja.com\/viajaresvivir\/#website"},"primaryImageOfPage":{"@id":"https:\/\/www.canariasviaja.com\/viajaresvivir\/comer-en-murcia-chef-david-lopez\/#primaryimage"},"image":{"@id":"https:\/\/www.canariasviaja.com\/viajaresvivir\/comer-en-murcia-chef-david-lopez\/#primaryimage"},"thumbnailUrl":"https:\/\/www.canariasviaja.com\/viajaresvivir\/wp-content\/uploads\/2020\/08\/David-Lopez-Comer-en-Murcia.gif","datePublished":"2020-08-20T08:55:57+00:00","dateModified":"2021-12-13T16:26:17+00:00","author":{"@id":"https:\/\/www.canariasviaja.com\/viajaresvivir\/#\/schema\/person\/085949651001325f1244a8bc1b34709c"},"description":"El chef David L\u00f3pez, del restaurante Local de Ensayo, nos habla acerca de la gastronom\u00eda murciana y de sus lugares favoritos donde comer en Murcia.","breadcrumb":{"@id":"https:\/\/www.canariasviaja.com\/viajaresvivir\/comer-en-murcia-chef-david-lopez\/#breadcrumb"},"inLanguage":"es","potentialAction":[{"@type":"ReadAction","target":["https:\/\/www.canariasviaja.com\/viajaresvivir\/comer-en-murcia-chef-david-lopez\/"]}]},{"@type":"ImageObject","inLanguage":"es","@id":"https:\/\/www.canariasviaja.com\/viajaresvivir\/comer-en-murcia-chef-david-lopez\/#primaryimage","url":"https:\/\/www.canariasviaja.com\/viajaresvivir\/wp-content\/uploads\/2020\/08\/David-Lopez-Comer-en-Murcia.gif","contentUrl":"https:\/\/www.canariasviaja.com\/viajaresvivir\/wp-content\/uploads\/2020\/08\/David-Lopez-Comer-en-Murcia.gif","width":2000,"height":1333,"caption":"Chef David L\u00f3pez"},{"@type":"BreadcrumbList","@id":"https:\/\/www.canariasviaja.com\/viajaresvivir\/comer-en-murcia-chef-david-lopez\/#breadcrumb","itemListElement":[{"@type":"ListItem","position":1,"name":"Portada","item":"https:\/\/www.canariasviaja.com\/viajaresvivir\/"},{"@type":"ListItem","position":2,"name":"Descubre d\u00f3nde comer en Murcia de la mano del chef David L\u00f3pez"}]},{"@type":"WebSite","@id":"https:\/\/www.canariasviaja.com\/viajaresvivir\/#website","url":"https:\/\/www.canariasviaja.com\/viajaresvivir\/","name":"Viajar es vivir","description":"El blog de viajes y estilo de vida de CanariasViaja","potentialAction":[{"@type":"SearchAction","target":{"@type":"EntryPoint","urlTemplate":"https:\/\/www.canariasviaja.com\/viajaresvivir\/?s={search_term_string}"},"query-input":{"@type":"PropertyValueSpecification","valueRequired":true,"valueName":"search_term_string"}}],"inLanguage":"es"},{"@type":"Person","@id":"https:\/\/www.canariasviaja.com\/viajaresvivir\/#\/schema\/person\/085949651001325f1244a8bc1b34709c","name":"Patri C\u00e1mpora","image":{"@type":"ImageObject","inLanguage":"es","@id":"https:\/\/www.canariasviaja.com\/viajaresvivir\/#\/schema\/person\/image\/","url":"https:\/\/secure.gravatar.com\/avatar\/b2ce2c4086a5776e5310f57c1a2e5b4e?s=96&d=mm&r=g","contentUrl":"https:\/\/secure.gravatar.com\/avatar\/b2ce2c4086a5776e5310f57c1a2e5b4e?s=96&d=mm&r=g","caption":"Patri C\u00e1mpora"},"url":"https:\/\/www.canariasviaja.com\/viajaresvivir\/author\/patri\/"}]}},"_links":{"self":[{"href":"https:\/\/www.canariasviaja.com\/viajaresvivir\/wp-json\/wp\/v2\/posts\/4729"}],"collection":[{"href":"https:\/\/www.canariasviaja.com\/viajaresvivir\/wp-json\/wp\/v2\/posts"}],"about":[{"href":"https:\/\/www.canariasviaja.com\/viajaresvivir\/wp-json\/wp\/v2\/types\/post"}],"author":[{"embeddable":true,"href":"https:\/\/www.canariasviaja.com\/viajaresvivir\/wp-json\/wp\/v2\/users\/2"}],"replies":[{"embeddable":true,"href":"https:\/\/www.canariasviaja.com\/viajaresvivir\/wp-json\/wp\/v2\/comments?post=4729"}],"version-history":[{"count":10,"href":"https:\/\/www.canariasviaja.com\/viajaresvivir\/wp-json\/wp\/v2\/posts\/4729\/revisions"}],"predecessor-version":[{"id":7987,"href":"https:\/\/www.canariasviaja.com\/viajaresvivir\/wp-json\/wp\/v2\/posts\/4729\/revisions\/7987"}],"wp:featuredmedia":[{"embeddable":true,"href":"https:\/\/www.canariasviaja.com\/viajaresvivir\/wp-json\/wp\/v2\/media\/4731"}],"wp:attachment":[{"href":"https:\/\/www.canariasviaja.com\/viajaresvivir\/wp-json\/wp\/v2\/media?parent=4729"}],"wp:term":[{"taxonomy":"category","embeddable":true,"href":"https:\/\/www.canariasviaja.com\/viajaresvivir\/wp-json\/wp\/v2\/categories?post=4729"},{"taxonomy":"post_tag","embeddable":true,"href":"https:\/\/www.canariasviaja.com\/viajaresvivir\/wp-json\/wp\/v2\/tags?post=4729"}],"curies":[{"name":"wp","href":"https:\/\/api.w.org\/{rel}","templated":true}]}}