{"id":4871,"date":"2020-09-09T08:12:36","date_gmt":"2020-09-09T08:12:36","guid":{"rendered":"http:\/\/www.canariasviaja.com\/viajaresvivir\/?p=4871"},"modified":"2020-09-11T09:06:01","modified_gmt":"2020-09-11T09:06:01","slug":"escapada-gastronomica-a-tenerife","status":"publish","type":"post","link":"https:\/\/www.canariasviaja.com\/viajaresvivir\/escapada-gastronomica-a-tenerife\/","title":{"rendered":"Escapada gastron\u00f3mica a Tenerife"},"content":{"rendered":"\n<p>Para un cocinero conocer y comer lo que cocinan otros es un aprendizaje, es por esto que en nuestro equipo hemos adoptado los <strong>viajes como un m\u00e9todo creativo<\/strong>; es decir vamos a inspirarnos, encontrarnos con detalles que nos den ideas, o buscando ideas concretas de otras cocinas que podamos adaptar a la nuestra.<\/p>\n\n\n\n<p>No todos los restaurantes que buscamos son parecidos al nuestro, nos encanta visitar restaurantes, bares, o tascas que nos sorprendan. Con esta actitud, la de conocer que hacen otros crecemos y evolucionamos, tambi\u00e9n nos inspiramos e incluso replicamos, siempre sin olvidar y citando al autor.<\/p>\n\n\n\n<p><strong>Tenerife <\/strong>es un destino muy recurrente para m\u00ed, no solo por su cercan\u00eda, y por nuestro cada d\u00eda mayor inter\u00e9s por la cocina canaria, tambi\u00e9n por la cantidad y calidad de su gastronom\u00eda.<\/p>\n\n\n\n<p><strong><a href=\"https:\/\/www.guiarepsol.com\/es\/comer\/nuestros-favoritos\/restaurante-silbo-gomero-santa-cruz-de-tenerife\/\" target=\"_blank\" rel=\"noreferrer noopener\">\u201cEl silbo gomero\u201d<\/a><\/strong> de Braulio Simancas, es visita obligada, tan obligada, que en un corto viaje de 48 horas puedo ir en dos ocasiones a visitarle. Esto es muy habitual en los <strong>viajes gastron\u00f3micos<\/strong>, desayunar, almorzar dos veces, comer otras dos e incluso hacer lo mismo en la cena, hay que aprovechar el tiempo, sin duda.<\/p>\n\n\n\n<p><strong>Braulio Simancas<\/strong> desde su acogedor restaurante, esta poniendo al d\u00eda la <strong>cocina canaria<\/strong>, su actitud de curiosidad permanente, le esta llevando por unos nuevos caminos absolutamente contempor\u00e1neos, revisando los mojos convirti\u00e9ndolos en nuevas salsas calientes, incre\u00edble y de un recorrido todav\u00eda in\u00e9dito su trabajo con los quesos.<\/p>\n\n\n\n<p>En nuestro nuevo <strong>restaurante SeBE <\/strong>el arroz en paella, va a ser protagonista. Esto nos llevo a visitar <strong><a rel=\"noreferrer noopener\" href=\"https:\/\/www.facebook.com\/laescaleraarroceria\/\" target=\"_blank\">\u201cLa escalera arrocer\u00eda\u201d<\/a><\/strong>,  un proyecto de dos j\u00f3venes cocineros con una propuesta de arroces puesta al d\u00eda, debo ser justo y decir que son los \u00fanicos arroces que han cumplido mis expectativas en toda Canarias.<\/p>\n\n\n\n<figure class=\"wp-block-gallery columns-2 is-cropped wp-block-gallery-1 is-layout-flex wp-block-gallery-is-layout-flex\"><ul class=\"blocks-gallery-grid\"><li class=\"blocks-gallery-item\"><figure><img loading=\"lazy\" decoding=\"async\" width=\"687\" height=\"1024\" src=\"https:\/\/www.canariasviaja.com\/viajaresvivir\/wp-content\/uploads\/2020\/09\/Fachada-restauranteLa-escalera.jpg\" alt=\"\" data-id=\"4910\" data-full-url=\"https:\/\/www.canariasviaja.com\/viajaresvivir\/wp-content\/uploads\/2020\/09\/Fachada-restauranteLa-escalera.jpg\" data-link=\"https:\/\/www.canariasviaja.com\/viajaresvivir\/escapada-gastronomica-a-tenerife\/fachada-restaurantela-escalera\/#main\" class=\"wp-image-4910\" srcset=\"https:\/\/www.canariasviaja.com\/viajaresvivir\/wp-content\/uploads\/2020\/09\/Fachada-restauranteLa-escalera.jpg 687w, https:\/\/www.canariasviaja.com\/viajaresvivir\/wp-content\/uploads\/2020\/09\/Fachada-restauranteLa-escalera-201x300.jpg 201w\" sizes=\"(max-width: 687px) 100vw, 687px\" \/><\/figure><\/li><li class=\"blocks-gallery-item\"><figure><img loading=\"lazy\" decoding=\"async\" width=\"872\" height=\"1024\" src=\"https:\/\/www.canariasviaja.com\/viajaresvivir\/wp-content\/uploads\/2020\/09\/Terraza-restaurante-la-escalera.jpg\" alt=\"\" data-id=\"4909\" data-full-url=\"https:\/\/www.canariasviaja.com\/viajaresvivir\/wp-content\/uploads\/2020\/09\/Terraza-restaurante-la-escalera.jpg\" data-link=\"https:\/\/www.canariasviaja.com\/viajaresvivir\/escapada-gastronomica-a-tenerife\/terraza-restaurante-la-escalera\/#main\" class=\"wp-image-4909\" srcset=\"https:\/\/www.canariasviaja.com\/viajaresvivir\/wp-content\/uploads\/2020\/09\/Terraza-restaurante-la-escalera.jpg 872w, https:\/\/www.canariasviaja.com\/viajaresvivir\/wp-content\/uploads\/2020\/09\/Terraza-restaurante-la-escalera-255x300.jpg 255w, https:\/\/www.canariasviaja.com\/viajaresvivir\/wp-content\/uploads\/2020\/09\/Terraza-restaurante-la-escalera-768x902.jpg 768w\" sizes=\"(max-width: 872px) 100vw, 872px\" \/><\/figure><\/li><\/ul><\/figure>\n\n\n\n<figure class=\"wp-block-image size-large\"><img loading=\"lazy\" decoding=\"async\" width=\"1024\" height=\"683\" src=\"https:\/\/www.canariasviaja.com\/viajaresvivir\/wp-content\/uploads\/2020\/09\/Restaurantes-Teenrife.jpg\" alt=\"Escapada gastron\u00f3mica a Tenerife La escalera arrocer\u00eda\" class=\"wp-image-4907\" srcset=\"https:\/\/www.canariasviaja.com\/viajaresvivir\/wp-content\/uploads\/2020\/09\/Restaurantes-Teenrife.jpg 1024w, https:\/\/www.canariasviaja.com\/viajaresvivir\/wp-content\/uploads\/2020\/09\/Restaurantes-Teenrife-300x200.jpg 300w, https:\/\/www.canariasviaja.com\/viajaresvivir\/wp-content\/uploads\/2020\/09\/Restaurantes-Teenrife-768x512.jpg 768w\" sizes=\"(max-width: 1024px) 100vw, 1024px\" \/><figcaption>Fotos: Arrocer\u00eda La Escalera<\/figcaption><\/figure>\n\n\n\n<p>Amo la <strong>cocina japonesa<\/strong>, no quise perder la ocasi\u00f3n para ir a <strong><a href=\"https:\/\/www.facebook.com\/TagamiRestaurante\/\" target=\"_blank\" rel=\"noreferrer noopener\">Tagami<\/a><\/strong>, la nueva propuesta del <strong>chef Tadashi Tagami<\/strong>, cocina japonesa con influencias atl\u00e1nticas y una carta de vinos bien pensada para maridar con su propuesta gastron\u00f3mica.<\/p>\n\n\n\n<p>Si generalizo, les podr\u00eda decir que los cocineros somos muy respetuosos con nuestros colegas, raro es, que vayamos a comer a alg\u00fan lugar y hagamos una cr\u00edtica feroz a no ser que sea algo \u201cinfumable\u201d. Existe un c\u00f3digo no escrito que entre nosotros entendemos, pero si me permiten les hablar\u00e9 de esto en otra.<\/p>\n\n\n\n<p>Termino  haciendo un repaso de mis platos favoritos de los tres restaurantes en los que comimos en esta escapada gastron\u00f3mica a Tenerife.<\/p>\n\n\n\n<p><strong>Silbo Gomero<\/strong><\/p>\n\n\n\n<p>At\u00fan con mojo hervido, cuya salsa de mojo rojo hervido equivale a una demi -glace<\/p>\n\n\n\n<p>Papas con alsa cabri\u00f1ola, as\u00ed las llama el, consiste en una salsa espa\u00f1ola con queso y\/o mantequilla de cabra.<\/p>\n\n\n\n<p><strong>La Escalera&nbsp;<\/strong><\/p>\n\n\n\n<p>Arroz con coliflor y bacalao, un arroz seco t\u00edpico de la cuaresma valenciana.<\/p>\n\n\n\n<p><strong>Tagami<\/strong><br>Maki de carabinero, textura y temperatura del arroz perfecto m\u00e1s esa melosidad que le aporta el carabinero lo convierten en algo redondo.<\/p>\n\n\n\n<p>Salut!<\/p>\n\n\n\n<hr class=\"wp-block-separator\"\/>\n\n\n\n<p><strong>Santi Ben\u00e9itez<\/strong>, un cocinero viajado de vocaci\u00f3n temprana y ejercicio tard\u00edo, lleva toda su vida cocinando, acumulando conocimiento a trav\u00e9s de libros y cursos, con Ferran Adri\u00e0, Arzak, Subijana&#8230; despu\u00e9s de pasar por la cocina del Restaurante Don Fadrique. En 2017 se instala en Lanzarote donde actualmente es propietario del <strong><a rel=\"noreferrer noopener\" href=\"http:\/\/seberestaurant.es\/\" target=\"_blank\">restaurante SeBE<\/a><\/strong>, lugar de encuentro de la cocina del Mediterr\u00e1neo y el Atl\u00e1ntico.<\/p>\n\n\n\n<hr class=\"wp-block-separator is-style-wide\"\/>\n\n\n\n<p>\u00bfQuieres hacer esta <strong>escapada gastron\u00f3mica a Tenerife<\/strong>? Te hemos preparado una <strong><a rel=\"noreferrer noopener\" href=\"https:\/\/bit.ly\/2R5ZrG1\" target=\"_blank\">oferta irresistible<\/a><\/strong> para que la vivas.<\/p>\n","protected":false},"excerpt":{"rendered":"<p>El chef Santi Ben\u00e9itez comparte con nosotros su \u00faltima escapada gastron\u00f3mica a Tenerife en busca de inspiraci\u00f3n para la carta de su nuevo restaurante SeBe, en Costa Teguise (Lanzarote).<\/p>\n","protected":false},"author":46,"featured_media":4903,"comment_status":"open","ping_status":"open","sticky":false,"template":"","format":"standard","meta":{"_acf_changed":false,"sfsi_plus_gutenberg_text_before_share":"","sfsi_plus_gutenberg_show_text_before_share":"","sfsi_plus_gutenberg_icon_type":"","sfsi_plus_gutenberg_icon_alignemt":"","sfsi_plus_gutenburg_max_per_row":"","footnotes":""},"categories":[9,146,123,10,126],"tags":[603,151,601,364],"class_list":["post-4871","post","type-post","status-publish","format-standard","has-post-thumbnail","hentry","category-canarias","category-el-viaje-de","category-explora","category-historias-viajeras","category-saborea","tag-escapada-gastronomica","tag-gastronomia","tag-restaurantes","tag-tenerife"],"acf":[],"yoast_head":"<!-- This site is optimized with the Yoast SEO plugin v24.1 - https:\/\/yoast.com\/wordpress\/plugins\/seo\/ -->\n<title>Escapada gastron\u00f3mica a Tenerife - Viajar es vivir<\/title>\n<meta name=\"description\" content=\"El chef Santi Ben\u00e9itez comparte con nosotros su \u00faltima escapada gastron\u00f3mica a Tenerife en busca de inspiraci\u00f3n para la carta de su nuevo restaurante SeBe.\" \/>\n<meta name=\"robots\" content=\"index, follow, max-snippet:-1, max-image-preview:large, max-video-preview:-1\" \/>\n<link rel=\"canonical\" href=\"https:\/\/www.canariasviaja.com\/viajaresvivir\/escapada-gastronomica-a-tenerife\/\" \/>\n<meta property=\"og:locale\" content=\"es_ES\" \/>\n<meta property=\"og:type\" content=\"article\" \/>\n<meta property=\"og:title\" content=\"Escapada gastron\u00f3mica a Tenerife - Viajar es vivir\" \/>\n<meta property=\"og:description\" content=\"El chef Santi Ben\u00e9itez comparte con nosotros su \u00faltima escapada gastron\u00f3mica a Tenerife en busca de inspiraci\u00f3n para la carta de su nuevo restaurante SeBe.\" \/>\n<meta property=\"og:url\" content=\"https:\/\/www.canariasviaja.com\/viajaresvivir\/escapada-gastronomica-a-tenerife\/\" \/>\n<meta property=\"og:site_name\" content=\"Viajar es vivir\" \/>\n<meta property=\"article:published_time\" content=\"2020-09-09T08:12:36+00:00\" \/>\n<meta property=\"article:modified_time\" content=\"2020-09-11T09:06:01+00:00\" \/>\n<meta property=\"og:image\" content=\"https:\/\/www.canariasviaja.com\/viajaresvivir\/wp-content\/uploads\/2020\/09\/Santi-Beneitez.jpg\" \/>\n\t<meta property=\"og:image:width\" content=\"2000\" \/>\n\t<meta property=\"og:image:height\" content=\"1500\" \/>\n\t<meta property=\"og:image:type\" content=\"image\/jpeg\" \/>\n<meta name=\"author\" content=\"Santi Ben\u00e9itez\" \/>\n<meta name=\"twitter:card\" content=\"summary_large_image\" \/>\n<meta name=\"twitter:label1\" content=\"Escrito por\" \/>\n\t<meta name=\"twitter:data1\" content=\"Santi Ben\u00e9itez\" \/>\n\t<meta name=\"twitter:label2\" content=\"Tiempo de lectura\" \/>\n\t<meta name=\"twitter:data2\" content=\"3 minutos\" \/>\n<script type=\"application\/ld+json\" class=\"yoast-schema-graph\">{\"@context\":\"https:\/\/schema.org\",\"@graph\":[{\"@type\":\"WebPage\",\"@id\":\"https:\/\/www.canariasviaja.com\/viajaresvivir\/escapada-gastronomica-a-tenerife\/\",\"url\":\"https:\/\/www.canariasviaja.com\/viajaresvivir\/escapada-gastronomica-a-tenerife\/\",\"name\":\"Escapada gastron\u00f3mica a Tenerife - Viajar es vivir\",\"isPartOf\":{\"@id\":\"https:\/\/www.canariasviaja.com\/viajaresvivir\/#website\"},\"primaryImageOfPage\":{\"@id\":\"https:\/\/www.canariasviaja.com\/viajaresvivir\/escapada-gastronomica-a-tenerife\/#primaryimage\"},\"image\":{\"@id\":\"https:\/\/www.canariasviaja.com\/viajaresvivir\/escapada-gastronomica-a-tenerife\/#primaryimage\"},\"thumbnailUrl\":\"https:\/\/www.canariasviaja.com\/viajaresvivir\/wp-content\/uploads\/2020\/09\/Santi-Beneitez.jpg\",\"datePublished\":\"2020-09-09T08:12:36+00:00\",\"dateModified\":\"2020-09-11T09:06:01+00:00\",\"author\":{\"@id\":\"https:\/\/www.canariasviaja.com\/viajaresvivir\/#\/schema\/person\/f9b4ea31c4ce12e4b1974e28655a43e3\"},\"description\":\"El chef Santi Ben\u00e9itez comparte con nosotros su \u00faltima escapada gastron\u00f3mica a Tenerife en busca de inspiraci\u00f3n para la carta de su nuevo restaurante SeBe.\",\"breadcrumb\":{\"@id\":\"https:\/\/www.canariasviaja.com\/viajaresvivir\/escapada-gastronomica-a-tenerife\/#breadcrumb\"},\"inLanguage\":\"es\",\"potentialAction\":[{\"@type\":\"ReadAction\",\"target\":[\"https:\/\/www.canariasviaja.com\/viajaresvivir\/escapada-gastronomica-a-tenerife\/\"]}]},{\"@type\":\"ImageObject\",\"inLanguage\":\"es\",\"@id\":\"https:\/\/www.canariasviaja.com\/viajaresvivir\/escapada-gastronomica-a-tenerife\/#primaryimage\",\"url\":\"https:\/\/www.canariasviaja.com\/viajaresvivir\/wp-content\/uploads\/2020\/09\/Santi-Beneitez.jpg\",\"contentUrl\":\"https:\/\/www.canariasviaja.com\/viajaresvivir\/wp-content\/uploads\/2020\/09\/Santi-Beneitez.jpg\",\"width\":2000,\"height\":1500,\"caption\":\"Chef Santi Beneitez\"},{\"@type\":\"BreadcrumbList\",\"@id\":\"https:\/\/www.canariasviaja.com\/viajaresvivir\/escapada-gastronomica-a-tenerife\/#breadcrumb\",\"itemListElement\":[{\"@type\":\"ListItem\",\"position\":1,\"name\":\"Portada\",\"item\":\"https:\/\/www.canariasviaja.com\/viajaresvivir\/\"},{\"@type\":\"ListItem\",\"position\":2,\"name\":\"Escapada gastron\u00f3mica a Tenerife\"}]},{\"@type\":\"WebSite\",\"@id\":\"https:\/\/www.canariasviaja.com\/viajaresvivir\/#website\",\"url\":\"https:\/\/www.canariasviaja.com\/viajaresvivir\/\",\"name\":\"Viajar es vivir\",\"description\":\"El blog de viajes y estilo de vida de CanariasViaja\",\"potentialAction\":[{\"@type\":\"SearchAction\",\"target\":{\"@type\":\"EntryPoint\",\"urlTemplate\":\"https:\/\/www.canariasviaja.com\/viajaresvivir\/?s={search_term_string}\"},\"query-input\":{\"@type\":\"PropertyValueSpecification\",\"valueRequired\":true,\"valueName\":\"search_term_string\"}}],\"inLanguage\":\"es\"},{\"@type\":\"Person\",\"@id\":\"https:\/\/www.canariasviaja.com\/viajaresvivir\/#\/schema\/person\/f9b4ea31c4ce12e4b1974e28655a43e3\",\"name\":\"Santi Ben\u00e9itez\",\"image\":{\"@type\":\"ImageObject\",\"inLanguage\":\"es\",\"@id\":\"https:\/\/www.canariasviaja.com\/viajaresvivir\/#\/schema\/person\/image\/\",\"url\":\"https:\/\/secure.gravatar.com\/avatar\/c27f02951c009c1e72cb9e0122d265b3?s=96&d=mm&r=g\",\"contentUrl\":\"https:\/\/secure.gravatar.com\/avatar\/c27f02951c009c1e72cb9e0122d265b3?s=96&d=mm&r=g\",\"caption\":\"Santi Ben\u00e9itez\"},\"url\":\"https:\/\/www.canariasviaja.com\/viajaresvivir\/author\/santi-beneitez\/\"}]}<\/script>\n<!-- \/ Yoast SEO plugin. -->","yoast_head_json":{"title":"Escapada gastron\u00f3mica a Tenerife - Viajar es vivir","description":"El chef Santi Ben\u00e9itez comparte con nosotros su \u00faltima escapada gastron\u00f3mica a Tenerife en busca de inspiraci\u00f3n para la carta de su nuevo restaurante SeBe.","robots":{"index":"index","follow":"follow","max-snippet":"max-snippet:-1","max-image-preview":"max-image-preview:large","max-video-preview":"max-video-preview:-1"},"canonical":"https:\/\/www.canariasviaja.com\/viajaresvivir\/escapada-gastronomica-a-tenerife\/","og_locale":"es_ES","og_type":"article","og_title":"Escapada gastron\u00f3mica a Tenerife - Viajar es vivir","og_description":"El chef Santi Ben\u00e9itez comparte con nosotros su \u00faltima escapada gastron\u00f3mica a Tenerife en busca de inspiraci\u00f3n para la carta de su nuevo restaurante SeBe.","og_url":"https:\/\/www.canariasviaja.com\/viajaresvivir\/escapada-gastronomica-a-tenerife\/","og_site_name":"Viajar es vivir","article_published_time":"2020-09-09T08:12:36+00:00","article_modified_time":"2020-09-11T09:06:01+00:00","og_image":[{"width":2000,"height":1500,"url":"https:\/\/www.canariasviaja.com\/viajaresvivir\/wp-content\/uploads\/2020\/09\/Santi-Beneitez.jpg","type":"image\/jpeg"}],"author":"Santi Ben\u00e9itez","twitter_card":"summary_large_image","twitter_misc":{"Escrito por":"Santi Ben\u00e9itez","Tiempo de lectura":"3 minutos"},"schema":{"@context":"https:\/\/schema.org","@graph":[{"@type":"WebPage","@id":"https:\/\/www.canariasviaja.com\/viajaresvivir\/escapada-gastronomica-a-tenerife\/","url":"https:\/\/www.canariasviaja.com\/viajaresvivir\/escapada-gastronomica-a-tenerife\/","name":"Escapada gastron\u00f3mica a Tenerife - Viajar es vivir","isPartOf":{"@id":"https:\/\/www.canariasviaja.com\/viajaresvivir\/#website"},"primaryImageOfPage":{"@id":"https:\/\/www.canariasviaja.com\/viajaresvivir\/escapada-gastronomica-a-tenerife\/#primaryimage"},"image":{"@id":"https:\/\/www.canariasviaja.com\/viajaresvivir\/escapada-gastronomica-a-tenerife\/#primaryimage"},"thumbnailUrl":"https:\/\/www.canariasviaja.com\/viajaresvivir\/wp-content\/uploads\/2020\/09\/Santi-Beneitez.jpg","datePublished":"2020-09-09T08:12:36+00:00","dateModified":"2020-09-11T09:06:01+00:00","author":{"@id":"https:\/\/www.canariasviaja.com\/viajaresvivir\/#\/schema\/person\/f9b4ea31c4ce12e4b1974e28655a43e3"},"description":"El chef Santi Ben\u00e9itez comparte con nosotros su \u00faltima escapada gastron\u00f3mica a Tenerife en busca de inspiraci\u00f3n para la carta de su nuevo restaurante SeBe.","breadcrumb":{"@id":"https:\/\/www.canariasviaja.com\/viajaresvivir\/escapada-gastronomica-a-tenerife\/#breadcrumb"},"inLanguage":"es","potentialAction":[{"@type":"ReadAction","target":["https:\/\/www.canariasviaja.com\/viajaresvivir\/escapada-gastronomica-a-tenerife\/"]}]},{"@type":"ImageObject","inLanguage":"es","@id":"https:\/\/www.canariasviaja.com\/viajaresvivir\/escapada-gastronomica-a-tenerife\/#primaryimage","url":"https:\/\/www.canariasviaja.com\/viajaresvivir\/wp-content\/uploads\/2020\/09\/Santi-Beneitez.jpg","contentUrl":"https:\/\/www.canariasviaja.com\/viajaresvivir\/wp-content\/uploads\/2020\/09\/Santi-Beneitez.jpg","width":2000,"height":1500,"caption":"Chef Santi Beneitez"},{"@type":"BreadcrumbList","@id":"https:\/\/www.canariasviaja.com\/viajaresvivir\/escapada-gastronomica-a-tenerife\/#breadcrumb","itemListElement":[{"@type":"ListItem","position":1,"name":"Portada","item":"https:\/\/www.canariasviaja.com\/viajaresvivir\/"},{"@type":"ListItem","position":2,"name":"Escapada gastron\u00f3mica a Tenerife"}]},{"@type":"WebSite","@id":"https:\/\/www.canariasviaja.com\/viajaresvivir\/#website","url":"https:\/\/www.canariasviaja.com\/viajaresvivir\/","name":"Viajar es vivir","description":"El blog de viajes y estilo de vida de CanariasViaja","potentialAction":[{"@type":"SearchAction","target":{"@type":"EntryPoint","urlTemplate":"https:\/\/www.canariasviaja.com\/viajaresvivir\/?s={search_term_string}"},"query-input":{"@type":"PropertyValueSpecification","valueRequired":true,"valueName":"search_term_string"}}],"inLanguage":"es"},{"@type":"Person","@id":"https:\/\/www.canariasviaja.com\/viajaresvivir\/#\/schema\/person\/f9b4ea31c4ce12e4b1974e28655a43e3","name":"Santi Ben\u00e9itez","image":{"@type":"ImageObject","inLanguage":"es","@id":"https:\/\/www.canariasviaja.com\/viajaresvivir\/#\/schema\/person\/image\/","url":"https:\/\/secure.gravatar.com\/avatar\/c27f02951c009c1e72cb9e0122d265b3?s=96&d=mm&r=g","contentUrl":"https:\/\/secure.gravatar.com\/avatar\/c27f02951c009c1e72cb9e0122d265b3?s=96&d=mm&r=g","caption":"Santi Ben\u00e9itez"},"url":"https:\/\/www.canariasviaja.com\/viajaresvivir\/author\/santi-beneitez\/"}]}},"_links":{"self":[{"href":"https:\/\/www.canariasviaja.com\/viajaresvivir\/wp-json\/wp\/v2\/posts\/4871"}],"collection":[{"href":"https:\/\/www.canariasviaja.com\/viajaresvivir\/wp-json\/wp\/v2\/posts"}],"about":[{"href":"https:\/\/www.canariasviaja.com\/viajaresvivir\/wp-json\/wp\/v2\/types\/post"}],"author":[{"embeddable":true,"href":"https:\/\/www.canariasviaja.com\/viajaresvivir\/wp-json\/wp\/v2\/users\/46"}],"replies":[{"embeddable":true,"href":"https:\/\/www.canariasviaja.com\/viajaresvivir\/wp-json\/wp\/v2\/comments?post=4871"}],"version-history":[{"count":8,"href":"https:\/\/www.canariasviaja.com\/viajaresvivir\/wp-json\/wp\/v2\/posts\/4871\/revisions"}],"predecessor-version":[{"id":4913,"href":"https:\/\/www.canariasviaja.com\/viajaresvivir\/wp-json\/wp\/v2\/posts\/4871\/revisions\/4913"}],"wp:featuredmedia":[{"embeddable":true,"href":"https:\/\/www.canariasviaja.com\/viajaresvivir\/wp-json\/wp\/v2\/media\/4903"}],"wp:attachment":[{"href":"https:\/\/www.canariasviaja.com\/viajaresvivir\/wp-json\/wp\/v2\/media?parent=4871"}],"wp:term":[{"taxonomy":"category","embeddable":true,"href":"https:\/\/www.canariasviaja.com\/viajaresvivir\/wp-json\/wp\/v2\/categories?post=4871"},{"taxonomy":"post_tag","embeddable":true,"href":"https:\/\/www.canariasviaja.com\/viajaresvivir\/wp-json\/wp\/v2\/tags?post=4871"}],"curies":[{"name":"wp","href":"https:\/\/api.w.org\/{rel}","templated":true}]}}