{"id":4972,"date":"2020-09-21T15:05:44","date_gmt":"2020-09-21T15:05:44","guid":{"rendered":"http:\/\/www.canariasviaja.com\/viajaresvivir\/?p=4972"},"modified":"2021-05-17T11:49:22","modified_gmt":"2021-05-17T11:49:22","slug":"enamorate-de-jerez-de-la-frontera-con-juan-mateos","status":"publish","type":"post","link":"https:\/\/www.canariasviaja.com\/viajaresvivir\/enamorate-de-jerez-de-la-frontera-con-juan-mateos\/","title":{"rendered":"Enam\u00f3rate de Jerez de la Frontera, con Juan Mateos"},"content":{"rendered":"\n<p><strong>Juan Mateos de Ariz\u00f3n<\/strong>,  o Juanito Mateos para los amigos, es relaciones p\u00fablicas y responsable de enoturismo en <strong>Lustau<\/strong>, una de las bodegas con m\u00e1s solera de <strong>Jerez de la Frontera.<\/strong> Un embajador de excepci\u00f3n para descubrirnos su ciudad.<\/p>\n\n\n\n<div style=\"height:100px\" aria-hidden=\"true\" class=\"wp-block-spacer\"><\/div>\n\n\n\n<h2 class=\"wp-block-heading\">Jerez, una ciudad para disfrutarla todo el a\u00f1o<\/h2>\n\n\n\n<p>Si le preguntamos por <strong>la mejor \u00e9poca para viajar a Jerez <\/strong>nos cuenta que <em>\u00absiempre es una buena \u00e9poca para venir a esta ciudad porque tenemos muchos d\u00edas de sol y no suele hacer mucho fr\u00edo en invierno\u00bb<\/em>. Con temperaturas suaves todo el a\u00f1o, excepto en verano, cuando son m\u00e1s extremas y tendremos que dedicarnos a explorar las fant\u00e1sticas playas de la <strong>provincia de Cadiz<\/strong> para refrescarnos.<\/p>\n\n\n\n<p>Para Juan las mejores \u00e9pocas para venir a Jerez son el <strong>oto\u00f1o y la primavera<\/strong> aunque, si vienes justo antes de <strong>Navidad,<\/strong> puedes vivir una \u00e9poca muy bonita por las tradicionales <strong>zambombas<\/strong>, <em>\u00abpreparativos a la llegada del Ni\u00f1o Dios, que en Jerez se hacen festivos en las Casa Puertas, en los <strong>barrios de San Miguel y Santiago<\/strong>, donde familia, amigos y las personas que pasan por all\u00ed, pueden disfrutar de una aut\u00e9ntica maravilla, los villancicos cantados por buler\u00edas<\/em>, <em>en la cuna del flamenco\u00bb<\/em><\/p>\n\n\n\n<p>La primavera, con la<strong> floraci\u00f3n del vi\u00f1edo<\/strong> y los campos relucientes tras las lluvias del invierno, tambi\u00e9n es una \u00e9poca perfecta, y m\u00e1s aun si hacemos coincidir nuestra visita con la <strong><a rel=\"noreferrer noopener\" href=\"https:\/\/www.jerez.es\/especiales\/Feria\" target=\"_blank\">Feria del Caballo <\/a><\/strong>que se celebra en mayo.  Una semana en la que toda la ciudad se traslada al <strong>parque Gonz\u00e1lez Hontoria<\/strong> y los d\u00edas trascurren, desde el mediod\u00eda a la noche, <em>\u00absi el cuepo aguanta<\/em>, <em>disfrutando del buen flamenco, la buena m\u00fasica, los buenos amigos y, por supuesto, el buen vino\u00bb.<\/em><\/p>\n\n\n\n<p>Independientemente del momento del a\u00f1o que elijamos para descubrir esta ciudad tenemos mucho por descubrir. Juan Mateos nos ha preparado una ruta para que podamos disfrutar de la <strong>esencia de su ciudad<\/strong>. \u00a1Vamos a ello!<\/p>\n\n\n\n<div style=\"height:100px\" aria-hidden=\"true\" class=\"wp-block-spacer\"><\/div>\n\n\n\n<h2 class=\"wp-block-heading\">Primer d\u00eda en Jerez: gastronom\u00eda e historia<\/h2>\n\n\n\n<p>Hay que comenzar la visita a la <strong>ciudad de Jerez<\/strong> recorriendo su <strong>centro hist\u00f3rico<\/strong>, un centro que conserva el legado de los extranjeros, franceses e ingleses, que se establecieron en la ciudad, e invirtieron en la zona para hacer negocios con el Nuevo Mundo. Es por ello que muchas de las bodegas, como <strong>Lustau o Domecq<\/strong>, tienen apellidos de origen franc\u00e9s.<\/p>\n\n\n\n<p>Comenzamos el d\u00eda madrugando para ir a desayunar unos<strong> churros con chocolate<\/strong> a <strong><a rel=\"noreferrer noopener\" href=\"https:\/\/www.tripadvisor.es\/Restaurant_Review-g227869-d1068577-Reviews-Restaurante_Cafeteria_La_Vega-Jerez_De_La_Frontera_Costa_de_la_Luz_Andalucia.html\" target=\"_blank\">La Vega<\/a><\/strong>, uno de los lugares tradicionales para comenzar el d\u00eda. Si prefieres algo salado, p\u00eddete un <strong>mollete de jam\u00f3n<\/strong> con zumo de naranja y un buen caf\u00e9 en cualquiera de los bares o restaurantes del centro.<\/p>\n\n\n\n<p>Con el est\u00f3mago lleno ya estamos listos para explorar la <strong>Plaza de Abastos<\/strong>, de finales del siglo XIX, a donde acuden los jerezanos a hacer su compra diaria. Podemos perdernos entre los puestos  de este mercado para descubrir la excelente materia prima de la zona. En los mostradores de las pescader\u00edas: aced\u00edas, pescadas de C\u00e1diz, gambas blancas, marrajo, at\u00fan, caz\u00f3n&#8230; nos hablan de la variedad de pescado y marisco fresco que podremos degustar en sus bares y restaurantes.<\/p>\n\n\n\n<p>Se acerca el mediod\u00eda y es hora de parar en  <strong><a rel=\"noreferrer noopener\" href=\"https:\/\/www.tripadvisor.es\/Restaurant_Review-g227869-d4603818-Reviews-La_Moderna-Jerez_De_La_Frontera_Costa_de_la_Luz_Andalucia.html\" target=\"_blank\">La Moderna<\/a><\/strong> a tomar \u00ab<em>la primera<\/em>\u00ab. La Moderna es un <strong>tabanco<\/strong>, una antigua venta de vino y tabaco, situado en la calle Larga donde la gente joven se re\u00fane a tomar la primera copa: <em>\u00ab<strong>un amontillado, un palo cortado o un oloroso<\/strong>, servido en copa grande, fresquito y acompa\u00f1ado por un buen queso o unos chicharrones\u00bb.<\/em> Despu\u00e9s de esta parada en <em>boxes<\/em> es hora de seguir descubriendo la ciudad.<\/p>\n\n\n\n<p>En una ciudad llena de <strong>templos del vino<\/strong>, visitar una bodega es un \u00ab<em>imprescindible<\/em>\u00ab. Recorreremos la <a rel=\"noreferrer noopener\" href=\"https:\/\/www.lustau.es\/\" target=\"_blank\"><strong>Bodega Lustau<\/strong>,<\/a> una preciosa bodega fundada a finales del XIX, copa en mano para descubrir a trav\u00e9s de sus vinos una de las regiones vitivin\u00edcolas m\u00e1s antiguas de Espa\u00f1a, Jerez. Y descubriremos, como dice Juan,  que \u00ab<em>para gustos los jereces<\/em>\u00ab,  ya que podemos encontrar vinos para todos los paladares, desde <strong>vinos secos<\/strong>, como <strong>el fino o la manzanilla<\/strong>, a vinos golosos con 500 gramos de az\u00facar, como el <strong>Pedro Ximenez<\/strong>. Caminando entre barricas sobre suelo de albero, en estas bodegas que parecen catedrales, iremos probando cada uno de los vinos que producen, mientras nos explican los maridajes y la forma en la que hay que tomarlos y servirlos. Un viaje de descubrimiento de estos grandes vinos.<\/p>\n\n\n\n<p>Despu\u00e9s de este viaje por los vinos de Jerez toca probarlos maridados con buenos productos de la zona. En el restaurante <strong><a rel=\"noreferrer noopener\" href=\"https:\/\/www.lacarbona.com\/carta.html\" target=\"_blank\">La Carbon\u00e1<\/a><\/strong> el chef Javier, enamorado del producto local, ofrece un <strong>men\u00fa de almuerzo o cena con maridaje,<\/strong> perfecto para llevar a la pr\u00e1ctica todo lo aprendido en la bodega y para saborear todos esos ricos pescados, mariscos y carnes que vimos en los puestos del Mercado de Abastos.<\/p>\n\n\n\n<p>Si queremos probar platos t\u00edpicos jerezanos, en el <strong><a href=\"https:\/\/www.tripadvisor.es\/Restaurant_Review-g227869-d3572982-Reviews-El_Meson_de_Paco-Jerez_De_La_Frontera_Costa_de_la_Luz_Andalucia.html\" target=\"_blank\" rel=\"noreferrer noopener\">Mes\u00f3n de Paco<\/a><\/strong> nos espera <em>\u00abuna berza jerezana por derecho con su pring\u00e1\u00bb<\/em> o un rabo de toro <em>\u00abque es una maravilla\u00bb<\/em>.<\/p>\n\n\n\n<p>Al terminar el almuerzo, podemos tratar de conjurar la modorra recorriendo el centro hist\u00f3rico y el <strong>barrio de San Miguel<\/strong> en un <strong>coche de caballos.<\/strong><\/p>\n\n\n\n<p><strong>Juan<\/strong> (658407426), nuestro cochero, nos recoger\u00e1 al pie de <strong>El Alcazar<\/strong>, uno de los monumentos hist\u00f3ricos, constru\u00eddo por los Almohades en el siglo XII, que no podemos dejar de visitar, y que esconde tras sus murallas una mezquita, ba\u00f1os \u00e1rabes, un pabell\u00f3n real y el Palacio barroco de Villacencio, entre otros tesoros.<\/p>\n\n\n\n<p>Antes de subirnos al coche tenemos una \u00faltima parada  pendiente: el <a rel=\"noreferrer noopener\" href=\"https:\/\/www.palaciodelvirreylaserna.com\/\" target=\"_blank\"><strong>Palacio del Virrey Laserna<\/strong><\/a>. Un edificio que nos hace trasladarnos en el tiempo a principios del siglo XIX cuando habit\u00f3 aqu\u00ed el \u00faltimo virrey de Per\u00fa.<\/p>\n\n\n\n<p>A ritmo pausado, escuchando el ruido met\u00e1lico de las herraduras sobre el suelo empedrado, recorreremos el <strong>Barrio de San Miguel,<\/strong> uno de los dos <strong>barrios \u00e1rabes <\/strong>que exist\u00edan en la ciudad, hasta que el 1264 Alfonso X El Sabio cristianiz\u00f3 Jerez,  y cuna del <strong>flamenco<\/strong>. En estas calles nacieron algunas de las figuras m\u00e1s importantes del flamenco, como La Paquera o <strong>Lola Flores<\/strong>, nacida en la calle de Sol, junto a la <strong>Ermita de la Yedra<\/strong>. No nos podemos ir del barrio sin visitar la <strong>Iglesia de San Miguel,<\/strong> cuya torre es la m\u00e1s alta de Jerez. No dejes de entrar en su interior para contemplar el impresionante retablo barroco de Juan Mart\u00ednez Monta\u00f1ez.<\/p>\n\n\n\n<p>Otro de los barrios con vena flamenca es el de <strong>Santiago<\/strong>, en el que naci\u00f3 el cantaor jerezano Fernando Terremoto. Una estatua con su busto lo recuerda junto a la <strong>Iglesia de Santiago<\/strong>.<\/p>\n\n\n\n<p>Terminamos el recorrido visitando la <strong>Catedral<\/strong> <strong>de Nuestro Se\u00f1or San Salvador<\/strong>, una construcci\u00f3n del siglo XVII que a\u00fana los estilos g\u00f3tico, barroco y neocl\u00e1sico y que fue constru\u00edda sobre parte de los restos de la primitiva Mezquita Mayor de Jerez. <\/p>\n\n\n\n<p>Cae la noche y empieza a despertar el sonido de Jerez: el flamenco. En el <a rel=\"noreferrer noopener\" href=\"https:\/\/www.tabancoelpasaje.com\/\" target=\"_blank\"><strong>Tabanco El Pasaje<\/strong>,<\/a> que se conserva como hace casi  100 a\u00f1os, disfrutaremos con los cantaores que \u00ab<em>pegan su pata\u00edta y dan su cante por buler\u00edas<\/em>\u00bb mientras tomamos un jerez acompa\u00f1ado por unas tapas sobre papel de estraza, rodeados de carteles de corridas de toros de la \u00e9poca.<\/p>\n\n\n\n<p>Si queremos terminar el d\u00eda con una cena de mesa y mantel, podemos disfrutar de la buena gastronom\u00eda en <strong><a rel=\"noreferrer noopener\" href=\"https:\/\/universolu.com\/restaurantes\/lu-cocina-y-alma\/\" target=\"_blank\">L\u00fa, cocina y alma<\/a><\/strong>, del chef Juanlu Fern\u00e1ndez,  o en <a rel=\"noreferrer noopener\" href=\"http:\/\/restaurantemantua.com\/\" target=\"_blank\"><strong>Mant\u00faa<\/strong><\/a>, del chef Israel Ramos, ambos con una estrella Michelin.<\/p>\n\n\n\n<div style=\"height:100px\" aria-hidden=\"true\" class=\"wp-block-spacer\"><\/div>\n\n\n\n<h2 class=\"wp-block-heading\">Segundo d\u00eda: caballos que bailan y toros bravos<\/h2>\n\n\n\n<p>Un viaje a Jerez no cuenta si no se ha visitado la  <strong><a rel=\"noreferrer noopener\" href=\"https:\/\/www.realescuela.org\/\" target=\"_blank\">Real Escuela Andaluza del Arte Ecuestre<\/a><\/strong>. Observar <strong>c\u00f3mo bailan los caballos andaluces <\/strong>es una experiencia maravillosa y una demostraci\u00f3n de la comuni\u00f3n que existe entre los jinetes y estos caballos de pura sangre. Juan nos recomienda hacer tambi\u00e9n la visita al <a rel=\"noreferrer noopener\" href=\"https:\/\/www.realescuela.org\/cuadras-y-guadarnes\/\" target=\"_blank\"><strong>Guadarn\u00e9s<\/strong>,<\/a> donde se custodian los arneses, monturas y bocados, y  <strong>a las cuadras<\/strong>, para admirar de cerca la belleza de estos \u00ab<em>animales que han ayudado tanto al hombre<\/em>\u00ab.<\/p>\n\n\n\n<p>La Real Escuela Andaluza del Arte Ecuestre se encuentra en el  <strong>Recreo de las Cadenas<\/strong>, y junto al pabell\u00f3n donde se realizan las exhibiciones se encuentra el <strong>Palacio<\/strong>, ejemplo de la arquitectura del siglo XIX, proyectado por Charles Garnier (arquitecto de la \u00d3pera de Paris y del Casino de Montecarlo, entre otros) y cuyos primeros propietarios fueron la familia Pemart\u00edn, de origen franc\u00e9s.<\/p>\n\n\n\n<p>Muy cerca de aqu\u00ed, Juan nos recomienda no perdernos la <strong><a href=\"http:\/\/www.museosdelaatalaya.com\/categoria\/21\/coleccion-relojes-historicos\">colecci\u00f3n de relojes hist\u00f3ricos<\/a><\/strong> de La Atalaya, \u00ab<em>un espect\u00e1culo, \u00a1una maravilla<\/em>!\u00bb.<\/p>\n\n\n\n<p>Si tienes m\u00e1s tiempo y te apasiona el mundo de los caballos, Juan recomienda visitar la <strong><a rel=\"noreferrer noopener\" href=\"https:\/\/yeguadacartuja.com\/\" target=\"_blank\">Yeguada de la Cartuja Hierro del bocado<\/a><\/strong>, la reserva m\u00e1s importante del mundo dedicada al caballo pura sangre, donde disfrutar de estos magn\u00edficos ejemplares en libertad.<\/p>\n\n\n\n<p>Para los amantes de los toros, <strong><a href=\"http:\/\/www.turismocampodegibraltar.com\/los_barrios\/que-visitar\/Ruta-del-Toro-Los-Barrios\/\" target=\"_blank\" rel=\"noreferrer noopener\">la Ruta del Toro Bravo<\/a><\/strong>, que discurre entre Jerez y el Campo de Gibraltar. En ella abundan fincas ganaderas y ganader\u00edas tan afamadas en el panorama nacional como Torrestrella, Marqu\u00e9s de Domecq, Cebada Gago, Gavira, Marcos N\u00fa\u00f1ez y Ferm\u00edn Boh\u00f3rquez, entre otros. <\/p>\n\n\n\n<p>Recorrer la dehesa del toro bravo en plena campi\u00f1a jerezana es posible en algunas de estas finca. <strong><a rel=\"noreferrer noopener\" href=\"https:\/\/www.acampoabierto.com\/\" target=\"_blank\">A campo abierto<\/a> <\/strong>ofrece la posibilidad de contemplar los toros de la ganader\u00eda brava de Torrestrella y los caballos de \u00c1lvaro Domecq. En el <strong><a rel=\"noreferrer noopener\" href=\"http:\/\/www.ferminbohorquez.org\/cortijo-fuente-rey-11\" target=\"_blank\">Cortijo Fuente Rey,<\/a><\/strong> de Ferm\u00edn Boh\u00f3rquez, se puede vivir una experiencia \u00fanica en el coraz\u00f3n de la Andaluc\u00eda m\u00e1s pura y profunda.<\/p>\n\n\n\n<p>Podemos terminar este d\u00eda dando un <strong>paseo a caballo<\/strong> al atardecer por la campi\u00f1a jerezana entre vi\u00f1edos  en <a rel=\"noreferrer noopener\" href=\"https:\/\/alcantaraecuestre.com\/\" target=\"_blank\"><strong>Alc\u00e1ntara Ecuestre<\/strong><\/a>, con Alfonso L\u00f3pez de Carrizosa: \u00ab<em>un privilegio\u00bb<\/em>.<\/p>\n\n\n\n<div style=\"height:100px\" aria-hidden=\"true\" class=\"wp-block-spacer\"><\/div>\n\n\n\n<h2 class=\"wp-block-heading\">M\u00e1s all\u00e1 de la ciudad<\/h2>\n\n\n\n<p>Jerez es destino ideal para explorar la <strong>provincia de Cadiz<\/strong>. <\/p>\n\n\n\n<p>En verano podemos perdernos por sus interminables <strong>playas<\/strong>, como la de Bolonia. La sierra de Grazalena y su <strong>ruta de los pueblos blancos<\/strong> nos regalar\u00e1 postales de  pueblos encalados, \u00ab<em>que son una maravilla<\/em>\u00ab, como <strong>Grazalema, Villaluenga o El Bosque<\/strong>, a solo 60 kil\u00f3metros de Jerez.<\/p>\n\n\n\n<p>A media hora de Jerez est\u00e1 el mar. Podemos acercarnos a <strong>Sanl\u00facar de Barrameda<\/strong> a comernos unos langostinos. O dirigirnos al <strong>Puerto de Santa Mar\u00eda <\/strong>para tomarnos unos buenos finos,  visitar el <strong><a rel=\"noreferrer noopener\" href=\"https:\/\/castillodesanmarcos.com\/el-castillo\/\" target=\"_blank\">Castillo de San Marcos<\/a><\/strong>, una fortaleza del siglo XIII mandada a construir por Alfonso X El Sabio, o vivir una <strong>experiencia gastron\u00f3mica<\/strong> de tres estrellas Michelin en el restaurante <a rel=\"noreferrer noopener\" href=\"https:\/\/www.aponiente.com\/\" target=\"_blank\"><strong>A Poniente<\/strong><\/a> del chef Angel Le\u00f3n, <em>\u00abuna aut\u00e9ntica pasada\u00bb<\/em>, seg\u00fan nos cuenta Juan. El broche de oro para una escapada llena de <strong>sabor, historia, flamenco, naturaleza y buen vino.<\/strong><\/p>\n\n\n\n<p>\u00a1Gracias Juan por todas tus recomendaciones!<\/p>\n\n\n\n<hr class=\"wp-block-separator\"\/>\n\n\n\n<p>\u00bfTe gustar\u00eda <strong>descubrir Jerez?<\/strong> Te hemos preparado una <a href=\"https:\/\/bit.ly\/3hTCHnB\" target=\"_blank\" rel=\"noreferrer noopener\"><strong>oferta irresistible <\/strong><\/a>para que vivas su esencia?<\/p>\n","protected":false},"excerpt":{"rendered":"<p>Juan Mateos de Ariz\u00f3n, relaciones p\u00fablicas y responsable de enoturismo de las Bodegas Lustau nos muestra su ciudad, Jerez de la Frontera, un lugar donde hay \u00abjereces para todos los colores\u00bb y suena a flamenco.<\/p>\n","protected":false},"author":2,"featured_media":4976,"comment_status":"open","ping_status":"open","sticky":false,"template":"","format":"standard","meta":{"_acf_changed":false,"sfsi_plus_gutenberg_text_before_share":"","sfsi_plus_gutenberg_show_text_before_share":"","sfsi_plus_gutenberg_icon_type":"","sfsi_plus_gutenberg_icon_alignemt":"","sfsi_plus_gutenburg_max_per_row":"","footnotes":""},"categories":[124,123,10,618,100,11,126],"tags":[110,603,623,621,622,620],"class_list":["post-4972","post","type-post","status-publish","format-standard","has-post-thumbnail","hentry","category-descubre","category-explora","category-historias-viajeras","category-jerez-de-la-frontera","category-peninsulaybaleares","category-postales","category-saborea","tag-enoturismo","tag-escapada-gastronomica","tag-flamenco","tag-paseos-a-caballo","tag-toros","tag-vinos-de-jerez"],"acf":[],"yoast_head":"<!-- This site is optimized with the Yoast SEO plugin v24.1 - https:\/\/yoast.com\/wordpress\/plugins\/seo\/ -->\n<title>Enam\u00f3rate de Jerez de la Frontera, con Juan Mateos - Viajar es vivir<\/title>\n<meta name=\"description\" content=\"Juan Mateos, RRPP y responsable de enoturismo en las bogegas Lustau nos hace un recorrido por su ciudad, Jerez de La Frontera. Siente Andaluc\u00eda!\" \/>\n<meta name=\"robots\" content=\"index, follow, max-snippet:-1, max-image-preview:large, max-video-preview:-1\" \/>\n<link rel=\"canonical\" href=\"https:\/\/www.canariasviaja.com\/viajaresvivir\/enamorate-de-jerez-de-la-frontera-con-juan-mateos\/\" \/>\n<meta property=\"og:locale\" content=\"es_ES\" \/>\n<meta property=\"og:type\" content=\"article\" \/>\n<meta property=\"og:title\" content=\"Enam\u00f3rate de Jerez de la Frontera, con Juan Mateos - Viajar es vivir\" \/>\n<meta property=\"og:description\" content=\"Juan Mateos, RRPP y responsable de enoturismo en las bogegas Lustau nos hace un recorrido por su ciudad, Jerez de La Frontera. Siente Andaluc\u00eda!\" \/>\n<meta property=\"og:url\" content=\"https:\/\/www.canariasviaja.com\/viajaresvivir\/enamorate-de-jerez-de-la-frontera-con-juan-mateos\/\" \/>\n<meta property=\"og:site_name\" content=\"Viajar es vivir\" \/>\n<meta property=\"article:published_time\" content=\"2020-09-21T15:05:44+00:00\" \/>\n<meta property=\"article:modified_time\" content=\"2021-05-17T11:49:22+00:00\" \/>\n<meta property=\"og:image\" content=\"https:\/\/www.canariasviaja.com\/viajaresvivir\/wp-content\/uploads\/2020\/09\/JUAN-MATEOS-ENOTURISMO-Y-RRPP-1.jpg\" \/>\n\t<meta property=\"og:image:width\" content=\"2000\" \/>\n\t<meta property=\"og:image:height\" content=\"1331\" \/>\n\t<meta property=\"og:image:type\" content=\"image\/jpeg\" \/>\n<meta name=\"author\" content=\"Patri C\u00e1mpora\" \/>\n<meta name=\"twitter:card\" content=\"summary_large_image\" \/>\n<meta name=\"twitter:label1\" content=\"Escrito por\" \/>\n\t<meta name=\"twitter:data1\" content=\"Patri C\u00e1mpora\" \/>\n\t<meta name=\"twitter:label2\" content=\"Tiempo de lectura\" \/>\n\t<meta name=\"twitter:data2\" content=\"8 minutos\" \/>\n<script type=\"application\/ld+json\" class=\"yoast-schema-graph\">{\"@context\":\"https:\/\/schema.org\",\"@graph\":[{\"@type\":\"WebPage\",\"@id\":\"https:\/\/www.canariasviaja.com\/viajaresvivir\/enamorate-de-jerez-de-la-frontera-con-juan-mateos\/\",\"url\":\"https:\/\/www.canariasviaja.com\/viajaresvivir\/enamorate-de-jerez-de-la-frontera-con-juan-mateos\/\",\"name\":\"Enam\u00f3rate de Jerez de la Frontera, con Juan Mateos - Viajar es vivir\",\"isPartOf\":{\"@id\":\"https:\/\/www.canariasviaja.com\/viajaresvivir\/#website\"},\"primaryImageOfPage\":{\"@id\":\"https:\/\/www.canariasviaja.com\/viajaresvivir\/enamorate-de-jerez-de-la-frontera-con-juan-mateos\/#primaryimage\"},\"image\":{\"@id\":\"https:\/\/www.canariasviaja.com\/viajaresvivir\/enamorate-de-jerez-de-la-frontera-con-juan-mateos\/#primaryimage\"},\"thumbnailUrl\":\"https:\/\/www.canariasviaja.com\/viajaresvivir\/wp-content\/uploads\/2020\/09\/JUAN-MATEOS-ENOTURISMO-Y-RRPP-1.jpg\",\"datePublished\":\"2020-09-21T15:05:44+00:00\",\"dateModified\":\"2021-05-17T11:49:22+00:00\",\"author\":{\"@id\":\"https:\/\/www.canariasviaja.com\/viajaresvivir\/#\/schema\/person\/085949651001325f1244a8bc1b34709c\"},\"description\":\"Juan Mateos, RRPP y responsable de enoturismo en las bogegas Lustau nos hace un recorrido por su ciudad, Jerez de La Frontera. Siente Andaluc\u00eda!\",\"breadcrumb\":{\"@id\":\"https:\/\/www.canariasviaja.com\/viajaresvivir\/enamorate-de-jerez-de-la-frontera-con-juan-mateos\/#breadcrumb\"},\"inLanguage\":\"es\",\"potentialAction\":[{\"@type\":\"ReadAction\",\"target\":[\"https:\/\/www.canariasviaja.com\/viajaresvivir\/enamorate-de-jerez-de-la-frontera-con-juan-mateos\/\"]}]},{\"@type\":\"ImageObject\",\"inLanguage\":\"es\",\"@id\":\"https:\/\/www.canariasviaja.com\/viajaresvivir\/enamorate-de-jerez-de-la-frontera-con-juan-mateos\/#primaryimage\",\"url\":\"https:\/\/www.canariasviaja.com\/viajaresvivir\/wp-content\/uploads\/2020\/09\/JUAN-MATEOS-ENOTURISMO-Y-RRPP-1.jpg\",\"contentUrl\":\"https:\/\/www.canariasviaja.com\/viajaresvivir\/wp-content\/uploads\/2020\/09\/JUAN-MATEOS-ENOTURISMO-Y-RRPP-1.jpg\",\"width\":2000,\"height\":1331,\"caption\":\"Juan Mateos Jerez de La Frontera\"},{\"@type\":\"BreadcrumbList\",\"@id\":\"https:\/\/www.canariasviaja.com\/viajaresvivir\/enamorate-de-jerez-de-la-frontera-con-juan-mateos\/#breadcrumb\",\"itemListElement\":[{\"@type\":\"ListItem\",\"position\":1,\"name\":\"Portada\",\"item\":\"https:\/\/www.canariasviaja.com\/viajaresvivir\/\"},{\"@type\":\"ListItem\",\"position\":2,\"name\":\"Enam\u00f3rate de Jerez de la Frontera, con Juan Mateos\"}]},{\"@type\":\"WebSite\",\"@id\":\"https:\/\/www.canariasviaja.com\/viajaresvivir\/#website\",\"url\":\"https:\/\/www.canariasviaja.com\/viajaresvivir\/\",\"name\":\"Viajar es vivir\",\"description\":\"El blog de viajes y estilo de vida de CanariasViaja\",\"potentialAction\":[{\"@type\":\"SearchAction\",\"target\":{\"@type\":\"EntryPoint\",\"urlTemplate\":\"https:\/\/www.canariasviaja.com\/viajaresvivir\/?s={search_term_string}\"},\"query-input\":{\"@type\":\"PropertyValueSpecification\",\"valueRequired\":true,\"valueName\":\"search_term_string\"}}],\"inLanguage\":\"es\"},{\"@type\":\"Person\",\"@id\":\"https:\/\/www.canariasviaja.com\/viajaresvivir\/#\/schema\/person\/085949651001325f1244a8bc1b34709c\",\"name\":\"Patri C\u00e1mpora\",\"image\":{\"@type\":\"ImageObject\",\"inLanguage\":\"es\",\"@id\":\"https:\/\/www.canariasviaja.com\/viajaresvivir\/#\/schema\/person\/image\/\",\"url\":\"https:\/\/secure.gravatar.com\/avatar\/b2ce2c4086a5776e5310f57c1a2e5b4e?s=96&d=mm&r=g\",\"contentUrl\":\"https:\/\/secure.gravatar.com\/avatar\/b2ce2c4086a5776e5310f57c1a2e5b4e?s=96&d=mm&r=g\",\"caption\":\"Patri C\u00e1mpora\"},\"url\":\"https:\/\/www.canariasviaja.com\/viajaresvivir\/author\/patri\/\"}]}<\/script>\n<!-- \/ Yoast SEO plugin. -->","yoast_head_json":{"title":"Enam\u00f3rate de Jerez de la Frontera, con Juan Mateos - Viajar es vivir","description":"Juan Mateos, RRPP y responsable de enoturismo en las bogegas Lustau nos hace un recorrido por su ciudad, Jerez de La Frontera. Siente Andaluc\u00eda!","robots":{"index":"index","follow":"follow","max-snippet":"max-snippet:-1","max-image-preview":"max-image-preview:large","max-video-preview":"max-video-preview:-1"},"canonical":"https:\/\/www.canariasviaja.com\/viajaresvivir\/enamorate-de-jerez-de-la-frontera-con-juan-mateos\/","og_locale":"es_ES","og_type":"article","og_title":"Enam\u00f3rate de Jerez de la Frontera, con Juan Mateos - Viajar es vivir","og_description":"Juan Mateos, RRPP y responsable de enoturismo en las bogegas Lustau nos hace un recorrido por su ciudad, Jerez de La Frontera. Siente Andaluc\u00eda!","og_url":"https:\/\/www.canariasviaja.com\/viajaresvivir\/enamorate-de-jerez-de-la-frontera-con-juan-mateos\/","og_site_name":"Viajar es vivir","article_published_time":"2020-09-21T15:05:44+00:00","article_modified_time":"2021-05-17T11:49:22+00:00","og_image":[{"width":2000,"height":1331,"url":"https:\/\/www.canariasviaja.com\/viajaresvivir\/wp-content\/uploads\/2020\/09\/JUAN-MATEOS-ENOTURISMO-Y-RRPP-1.jpg","type":"image\/jpeg"}],"author":"Patri C\u00e1mpora","twitter_card":"summary_large_image","twitter_misc":{"Escrito por":"Patri C\u00e1mpora","Tiempo de lectura":"8 minutos"},"schema":{"@context":"https:\/\/schema.org","@graph":[{"@type":"WebPage","@id":"https:\/\/www.canariasviaja.com\/viajaresvivir\/enamorate-de-jerez-de-la-frontera-con-juan-mateos\/","url":"https:\/\/www.canariasviaja.com\/viajaresvivir\/enamorate-de-jerez-de-la-frontera-con-juan-mateos\/","name":"Enam\u00f3rate de Jerez de la Frontera, con Juan Mateos - Viajar es vivir","isPartOf":{"@id":"https:\/\/www.canariasviaja.com\/viajaresvivir\/#website"},"primaryImageOfPage":{"@id":"https:\/\/www.canariasviaja.com\/viajaresvivir\/enamorate-de-jerez-de-la-frontera-con-juan-mateos\/#primaryimage"},"image":{"@id":"https:\/\/www.canariasviaja.com\/viajaresvivir\/enamorate-de-jerez-de-la-frontera-con-juan-mateos\/#primaryimage"},"thumbnailUrl":"https:\/\/www.canariasviaja.com\/viajaresvivir\/wp-content\/uploads\/2020\/09\/JUAN-MATEOS-ENOTURISMO-Y-RRPP-1.jpg","datePublished":"2020-09-21T15:05:44+00:00","dateModified":"2021-05-17T11:49:22+00:00","author":{"@id":"https:\/\/www.canariasviaja.com\/viajaresvivir\/#\/schema\/person\/085949651001325f1244a8bc1b34709c"},"description":"Juan Mateos, RRPP y responsable de enoturismo en las bogegas Lustau nos hace un recorrido por su ciudad, Jerez de La Frontera. Siente Andaluc\u00eda!","breadcrumb":{"@id":"https:\/\/www.canariasviaja.com\/viajaresvivir\/enamorate-de-jerez-de-la-frontera-con-juan-mateos\/#breadcrumb"},"inLanguage":"es","potentialAction":[{"@type":"ReadAction","target":["https:\/\/www.canariasviaja.com\/viajaresvivir\/enamorate-de-jerez-de-la-frontera-con-juan-mateos\/"]}]},{"@type":"ImageObject","inLanguage":"es","@id":"https:\/\/www.canariasviaja.com\/viajaresvivir\/enamorate-de-jerez-de-la-frontera-con-juan-mateos\/#primaryimage","url":"https:\/\/www.canariasviaja.com\/viajaresvivir\/wp-content\/uploads\/2020\/09\/JUAN-MATEOS-ENOTURISMO-Y-RRPP-1.jpg","contentUrl":"https:\/\/www.canariasviaja.com\/viajaresvivir\/wp-content\/uploads\/2020\/09\/JUAN-MATEOS-ENOTURISMO-Y-RRPP-1.jpg","width":2000,"height":1331,"caption":"Juan Mateos Jerez de La Frontera"},{"@type":"BreadcrumbList","@id":"https:\/\/www.canariasviaja.com\/viajaresvivir\/enamorate-de-jerez-de-la-frontera-con-juan-mateos\/#breadcrumb","itemListElement":[{"@type":"ListItem","position":1,"name":"Portada","item":"https:\/\/www.canariasviaja.com\/viajaresvivir\/"},{"@type":"ListItem","position":2,"name":"Enam\u00f3rate de Jerez de la Frontera, con Juan Mateos"}]},{"@type":"WebSite","@id":"https:\/\/www.canariasviaja.com\/viajaresvivir\/#website","url":"https:\/\/www.canariasviaja.com\/viajaresvivir\/","name":"Viajar es vivir","description":"El blog de viajes y estilo de vida de CanariasViaja","potentialAction":[{"@type":"SearchAction","target":{"@type":"EntryPoint","urlTemplate":"https:\/\/www.canariasviaja.com\/viajaresvivir\/?s={search_term_string}"},"query-input":{"@type":"PropertyValueSpecification","valueRequired":true,"valueName":"search_term_string"}}],"inLanguage":"es"},{"@type":"Person","@id":"https:\/\/www.canariasviaja.com\/viajaresvivir\/#\/schema\/person\/085949651001325f1244a8bc1b34709c","name":"Patri C\u00e1mpora","image":{"@type":"ImageObject","inLanguage":"es","@id":"https:\/\/www.canariasviaja.com\/viajaresvivir\/#\/schema\/person\/image\/","url":"https:\/\/secure.gravatar.com\/avatar\/b2ce2c4086a5776e5310f57c1a2e5b4e?s=96&d=mm&r=g","contentUrl":"https:\/\/secure.gravatar.com\/avatar\/b2ce2c4086a5776e5310f57c1a2e5b4e?s=96&d=mm&r=g","caption":"Patri C\u00e1mpora"},"url":"https:\/\/www.canariasviaja.com\/viajaresvivir\/author\/patri\/"}]}},"_links":{"self":[{"href":"https:\/\/www.canariasviaja.com\/viajaresvivir\/wp-json\/wp\/v2\/posts\/4972"}],"collection":[{"href":"https:\/\/www.canariasviaja.com\/viajaresvivir\/wp-json\/wp\/v2\/posts"}],"about":[{"href":"https:\/\/www.canariasviaja.com\/viajaresvivir\/wp-json\/wp\/v2\/types\/post"}],"author":[{"embeddable":true,"href":"https:\/\/www.canariasviaja.com\/viajaresvivir\/wp-json\/wp\/v2\/users\/2"}],"replies":[{"embeddable":true,"href":"https:\/\/www.canariasviaja.com\/viajaresvivir\/wp-json\/wp\/v2\/comments?post=4972"}],"version-history":[{"count":10,"href":"https:\/\/www.canariasviaja.com\/viajaresvivir\/wp-json\/wp\/v2\/posts\/4972\/revisions"}],"predecessor-version":[{"id":7280,"href":"https:\/\/www.canariasviaja.com\/viajaresvivir\/wp-json\/wp\/v2\/posts\/4972\/revisions\/7280"}],"wp:featuredmedia":[{"embeddable":true,"href":"https:\/\/www.canariasviaja.com\/viajaresvivir\/wp-json\/wp\/v2\/media\/4976"}],"wp:attachment":[{"href":"https:\/\/www.canariasviaja.com\/viajaresvivir\/wp-json\/wp\/v2\/media?parent=4972"}],"wp:term":[{"taxonomy":"category","embeddable":true,"href":"https:\/\/www.canariasviaja.com\/viajaresvivir\/wp-json\/wp\/v2\/categories?post=4972"},{"taxonomy":"post_tag","embeddable":true,"href":"https:\/\/www.canariasviaja.com\/viajaresvivir\/wp-json\/wp\/v2\/tags?post=4972"}],"curies":[{"name":"wp","href":"https:\/\/api.w.org\/{rel}","templated":true}]}}