{"id":5099,"date":"2020-09-29T09:05:59","date_gmt":"2020-09-29T09:05:59","guid":{"rendered":"http:\/\/www.canariasviaja.com\/viajaresvivir\/?p=5099"},"modified":"2020-09-29T11:32:56","modified_gmt":"2020-09-29T11:32:56","slug":"valle-gran-rey-2","status":"publish","type":"post","link":"https:\/\/www.canariasviaja.com\/viajaresvivir\/valle-gran-rey-2\/","title":{"rendered":"Valle Gran Rey, relax y naturaleza en La Gomera"},"content":{"rendered":"\n<p>Valle Gran Rey, junto a Playa Santiago, es uno de los lugares favoritos  de los gomeros y for\u00e1neos para disfrutar de sus vacaciones o vivir parte del a\u00f1o. Muchos alemanes que vinieron un d\u00eda de vacaciones, han terminado convirtiendo Valle Gran Rey en su hogar, as\u00ed que hay peligro de caer bajo los embrujos de este Valle que impacta desde la cumbre al mar.<\/p>\n\n\n\n<p>El segundo municipio en poblaci\u00f3n de la isla de La Gomera es  un lugar en el que la imponente belleza de su barranco acoge el d\u00eda a d\u00eda de la vida rural, a los senderistas que peinan la isla por sus caminos, a turistas en busca de calma y descanso y a los pescadores que salen a faenar al mar.<\/p>\n\n\n\n<h2 class=\"wp-block-heading\">El camino es parte del viaje<\/h2>\n\n\n\n<p>Para llegar a&nbsp; la&nbsp; playa de Valle Gran Rey hay que hacerlo sin prisas, disfrutando del camino. La serpenteante carretera nos ir\u00e1 regalando motivos para ir par\u00e1ndonos y recre\u00e1ndonos en el paisaje mientras descendemos desde la cumbre de la isla hasta el mar.<\/p>\n\n\n\n<figure class=\"wp-block-image size-large\"><img loading=\"lazy\" decoding=\"async\" width=\"2000\" height=\"1335\" src=\"http:\/\/www.canariasviaja.com\/viajaresvivir\/wp-content\/uploads\/2020\/09\/Furgo-La-Gomera.jpg\" alt=\"Furgoneta camino de Valle Gran Rey\" class=\"wp-image-5075\" srcset=\"https:\/\/www.canariasviaja.com\/viajaresvivir\/wp-content\/uploads\/2020\/09\/Furgo-La-Gomera.jpg 2000w, https:\/\/www.canariasviaja.com\/viajaresvivir\/wp-content\/uploads\/2020\/09\/Furgo-La-Gomera-300x200.jpg 300w, https:\/\/www.canariasviaja.com\/viajaresvivir\/wp-content\/uploads\/2020\/09\/Furgo-La-Gomera-768x513.jpg 768w, https:\/\/www.canariasviaja.com\/viajaresvivir\/wp-content\/uploads\/2020\/09\/Furgo-La-Gomera-1536x1025.jpg 1536w, https:\/\/www.canariasviaja.com\/viajaresvivir\/wp-content\/uploads\/2020\/09\/Furgo-La-Gomera-1200x801.jpg 1200w, https:\/\/www.canariasviaja.com\/viajaresvivir\/wp-content\/uploads\/2020\/09\/Furgo-La-Gomera-1618x1080.jpg 1618w\" sizes=\"(max-width: 2000px) 100vw, 2000px\" \/><figcaption>Curvas carretera GM-1  Foto: Patri C\u00e1mpora<\/figcaption><\/figure>\n\n\n\n<p>Conducir por la carretera que atraviesa el <strong><a href=\"https:\/\/www.canariasviaja.com\/viajaresvivir\/el-bosque-de-la-niebla-parque-nacional-de-garajonay\/\">Parque Nacional de Garajonay <\/a><\/strong>nos cargar\u00e1 de energ\u00eda para emprender la bajada hacia Valle Gran Rey. Podemos elegir entre bajar por <strong>Chipude<\/strong>, desde donde podremos disfrutar de las vistas de <strong>La Fortaleza<\/strong> o llegar hasta <strong>Arure<\/strong>. <\/p>\n\n\n\n<p>No podemos empezar bien este viaje sin reponer fuerzas. Si bajamos por Chipude, tenemos que parar Las Hayas para probar los platos tradicionales de <strong><a rel=\"noreferrer noopener\" href=\"https:\/\/www.tripadvisor.es\/Restaurant_Review-g1877764-d19127083-Reviews-Bar_Restaurante_AMPARO-Las_Hayas_La_Gomera_Canary_Islands.html\" target=\"_blank\">Casa Amparo<\/a><\/strong> y disfrutar de las vistas. Si elegimos la carretera de Arure, hay que hacer una paradita en <a rel=\"noreferrer noopener\" href=\"https:\/\/www.tripadvisor.es\/Restaurant_Review-g1872729-d2470879-Reviews-Casa_Conchita-Arure_La_Gomera_Canary_Islands.html\" target=\"_blank\"><strong>Casa Conchita<\/strong><\/a>, donde podremos probar uno de los manjares de la gastronom\u00eda gomera: el <strong>potaje de berros.<\/strong><\/p>\n\n\n\n<h2 class=\"wp-block-heading\">Una carretera con vistas<\/h2>\n\n\n\n<p>Con el est\u00f3mago lleno ya podremos dedicarnos a nutrir el alma admirando la grandiosidad del Barranco de Valle Gran Rey desde el <strong><a href=\"https:\/\/www.holaislascanarias.com\/espacios-naturales\/la-gomera\/mirador-del-palmarejo\/\" target=\"_blank\" rel=\"noreferrer noopener\">Mirador de El Palmarejo<\/a><\/strong>, dise\u00f1ado por <strong>C\u00e9sar Manrique<\/strong>; o disfrutando de las vistas de los barrancos de Valle Gran Rey y Arure desde el renovado <a href=\"https:\/\/www.tripadvisor.es\/Attraction_Review-g187469-d12710532-Reviews-Mirador_de_la_Curva_del_Queso-La_Gomera_Canary_Islands.html\" target=\"_blank\" rel=\"noreferrer noopener\"><strong>Mirador de la Curva del Queso<\/strong>.<\/a> No dejes de pararte en ninguno de ellos porque cada uno te regalar\u00e1 una nueva perspectiva de este majestuoso barranco jalonado de bancales y palmeras.<\/p>\n\n\n\n<figure class=\"wp-block-image size-large\"><img loading=\"lazy\" decoding=\"async\" width=\"2000\" height=\"1335\" src=\"http:\/\/www.canariasviaja.com\/viajaresvivir\/wp-content\/uploads\/2020\/09\/Valle-Gran-Rey.jpg\" alt=\"Vistas desde el Mirador de la Curva del Queso\" class=\"wp-image-5080\" srcset=\"https:\/\/www.canariasviaja.com\/viajaresvivir\/wp-content\/uploads\/2020\/09\/Valle-Gran-Rey.jpg 2000w, https:\/\/www.canariasviaja.com\/viajaresvivir\/wp-content\/uploads\/2020\/09\/Valle-Gran-Rey-300x200.jpg 300w, https:\/\/www.canariasviaja.com\/viajaresvivir\/wp-content\/uploads\/2020\/09\/Valle-Gran-Rey-768x513.jpg 768w, https:\/\/www.canariasviaja.com\/viajaresvivir\/wp-content\/uploads\/2020\/09\/Valle-Gran-Rey-1536x1025.jpg 1536w, https:\/\/www.canariasviaja.com\/viajaresvivir\/wp-content\/uploads\/2020\/09\/Valle-Gran-Rey-1200x801.jpg 1200w, https:\/\/www.canariasviaja.com\/viajaresvivir\/wp-content\/uploads\/2020\/09\/Valle-Gran-Rey-1618x1080.jpg 1618w\" sizes=\"(max-width: 2000px) 100vw, 2000px\" \/><figcaption>Vista de Valle Gran Rey desde el Mirador de La Curva del Queso. Foto: Patri C\u00e1mpora<\/figcaption><\/figure>\n\n\n\n<p>Nuestra siguiente parada ser\u00e1 la <strong><a href=\"http:\/\/vallegranrey.es\/2015\/06\/11\/san-antonio-de-padua-en-guada-el-origen-de-una-fiesta\/\" target=\"_blank\" rel=\"noreferrer noopener\">Iglesia de San Antonio de Padua,<\/a><\/strong> para admirar su fachada decorada con piedra roja adem\u00e1s del impresionante paisaje que la rodea.<\/p>\n\n\n\n<p>Nos quedan unas cuantas <strong>curvas <\/strong>antes de enfocar la recta que corre paralela al barranco y que nos llevar\u00e1 hasta la costa, pasando por los n\u00facleos poblacionales de <strong>El Retamal, Lomo del Moral, Los Granados, Casa de ls Sedea, El Guro o La Calera<\/strong>, que nos indicar\u00e1n que ya hemos llegado a la<strong> playa de Valle Gran Rey.<\/strong><\/p>\n\n\n\n<p>Es desde la altura de <strong>El Retamal <\/strong>cuando podemos disfrutar de c\u00f3mo el hombre ha tallado el barranco para cultivar sus alimentos y ha convertido este enclave en un lugar \u00fanico.<\/p>\n\n\n\n<div class=\"wp-block-image\"><figure class=\"aligncenter size-large is-resized\"><img decoding=\"async\" src=\"http:\/\/www.canariasviaja.com\/viajaresvivir\/wp-content\/uploads\/2020\/09\/Valle-Gran-Rey2.jpg\" alt=\"bancales Valle Gran Rey\" class=\"wp-image-5081\" width=\"400\" srcset=\"https:\/\/www.canariasviaja.com\/viajaresvivir\/wp-content\/uploads\/2020\/09\/Valle-Gran-Rey2.jpg 684w, https:\/\/www.canariasviaja.com\/viajaresvivir\/wp-content\/uploads\/2020\/09\/Valle-Gran-Rey2-200x300.jpg 200w\" sizes=\"(max-width: 684px) 100vw, 684px\" \/><figcaption>Barranco de Valle Gran Rey Foto: Patri C\u00e1mpora<\/figcaption><\/figure><\/div>\n\n\n\n<h2 class=\"wp-block-heading\">Un lugar para descubrirlo a pie<\/h2>\n\n\n\n<p>Si queremos hacer una parada para activarnos un poco, podemos parar en <strong>La Casa de la Seda<\/strong> y buscar el <strong><a href=\"http:\/\/senderosdelagomera.com\/lagomera-es.php?mod=sendero&amp;rta=72\">sendero del salto del agua<\/a>. Un buen paseo de unas dos horas por el curso del barranco de Arure hasta la cascada<\/strong>. <\/p>\n\n\n\n<div class=\"wp-block-image\"><figure class=\"aligncenter size-large is-resized\"><img decoding=\"async\" src=\"http:\/\/www.canariasviaja.com\/viajaresvivir\/wp-content\/uploads\/2020\/09\/Salto-del-agua.jpg\" alt=\"Salto del agua\" class=\"wp-image-5122\" width=\"500\" srcset=\"https:\/\/www.canariasviaja.com\/viajaresvivir\/wp-content\/uploads\/2020\/09\/Salto-del-agua.jpg 768w, https:\/\/www.canariasviaja.com\/viajaresvivir\/wp-content\/uploads\/2020\/09\/Salto-del-agua-225x300.jpg 225w, https:\/\/www.canariasviaja.com\/viajaresvivir\/wp-content\/uploads\/2020\/09\/Salto-del-agua-600x800.jpg 600w\" sizes=\"(max-width: 768px) 100vw, 768px\" \/><figcaption>Salto del Agua. Foto: Pedro Negr\u00edn<\/figcaption><\/figure><\/div>\n\n\n\n<p>Si lo que quieres es tan solo estirar las piernas, puedes acercarte hasta la <strong>Ermita de Los Santos Reyes, <\/strong>que vive su d\u00eda grande el 6 de enero. Desde su plaza, rodeada de vegetaci\u00f3n, obtendr\u00e1s otra visi\u00f3n in\u00e9dita del barranco y podr\u00e1s admirar la altura de sus paredes de piedra.<\/p>\n\n\n\n<h2 class=\"wp-block-heading\"><strong>Un pueblo de veraneo<\/strong><\/h2>\n\n\n\n<p>Nos vamos directos al muelle a darnos un refrescante ba\u00f1o y a comer un pescadito en <strong><a rel=\"noreferrer noopener\" href=\"https:\/\/www.tripadvisor.es\/Restaurant_Review-g674782-d15758390-Reviews-Bocana_del_Puerto-Valle_Gran_Rey_La_Gomera_Canary_Islands.html\" target=\"_blank\">La Bocana del Puerto<\/a><\/strong>. Si nos quedan energ\u00edas, podemos alquilar un <strong>kayak, practicar paddle surf<\/strong>, &nbsp;o llegarnos a la <strong>playa de Argaga<\/strong>, una playa de callaos a la que se accede por un sendero que sale del muelle.&nbsp; <\/p>\n\n\n\n<figure class=\"wp-block-image size-large\"><img loading=\"lazy\" decoding=\"async\" width=\"2000\" height=\"1335\" src=\"http:\/\/www.canariasviaja.com\/viajaresvivir\/wp-content\/uploads\/2020\/09\/Charco-del-Conde.jpg\" alt=\"Charco del Conde\" class=\"wp-image-5073\" srcset=\"https:\/\/www.canariasviaja.com\/viajaresvivir\/wp-content\/uploads\/2020\/09\/Charco-del-Conde.jpg 2000w, https:\/\/www.canariasviaja.com\/viajaresvivir\/wp-content\/uploads\/2020\/09\/Charco-del-Conde-300x200.jpg 300w, https:\/\/www.canariasviaja.com\/viajaresvivir\/wp-content\/uploads\/2020\/09\/Charco-del-Conde-768x513.jpg 768w, https:\/\/www.canariasviaja.com\/viajaresvivir\/wp-content\/uploads\/2020\/09\/Charco-del-Conde-1536x1025.jpg 1536w, https:\/\/www.canariasviaja.com\/viajaresvivir\/wp-content\/uploads\/2020\/09\/Charco-del-Conde-1200x801.jpg 1200w, https:\/\/www.canariasviaja.com\/viajaresvivir\/wp-content\/uploads\/2020\/09\/Charco-del-Conde-1618x1080.jpg 1618w\" sizes=\"(max-width: 2000px) 100vw, 2000px\" \/><figcaption>Charco del Conde  Foto: Patri C\u00e1mpora<\/figcaption><\/figure>\n\n\n\n<p>En verano Valle Gran Rey se llena de gomeros y de canarios de otras islas, que acuden fieles a su cita con este pueblo de veraneo. Las familias con ni\u00f1os peque\u00f1os acuden a ba\u00f1arse al <strong>Charco de El Conde<\/strong>, los chicos cogen olas en la <strong>Playa de La Condesa<\/strong>, los adultos quedan a tomar una cervecita en los bares de <strong>La Calera o La Puntilla<\/strong>&#8230;<\/p>\n\n\n\n<figure class=\"wp-block-image size-large\"><img loading=\"lazy\" decoding=\"async\" width=\"2000\" height=\"1335\" src=\"http:\/\/www.canariasviaja.com\/viajaresvivir\/wp-content\/uploads\/2020\/09\/Plaza-La-Calera.jpg\" alt=\"La Calera\" class=\"wp-image-5079\" srcset=\"https:\/\/www.canariasviaja.com\/viajaresvivir\/wp-content\/uploads\/2020\/09\/Plaza-La-Calera.jpg 2000w, https:\/\/www.canariasviaja.com\/viajaresvivir\/wp-content\/uploads\/2020\/09\/Plaza-La-Calera-300x200.jpg 300w, https:\/\/www.canariasviaja.com\/viajaresvivir\/wp-content\/uploads\/2020\/09\/Plaza-La-Calera-768x513.jpg 768w, https:\/\/www.canariasviaja.com\/viajaresvivir\/wp-content\/uploads\/2020\/09\/Plaza-La-Calera-1536x1025.jpg 1536w, https:\/\/www.canariasviaja.com\/viajaresvivir\/wp-content\/uploads\/2020\/09\/Plaza-La-Calera-1200x801.jpg 1200w, https:\/\/www.canariasviaja.com\/viajaresvivir\/wp-content\/uploads\/2020\/09\/Plaza-La-Calera-1618x1080.jpg 1618w\" sizes=\"(max-width: 2000px) 100vw, 2000px\" \/><figcaption>Plaza de la Ermita de San Pedro Foto: Patri C\u00e1mpora<\/figcaption><\/figure>\n\n\n\n<p>Una nadada hasta la baja de la <strong>playa de La Calera<\/strong>, sabe m\u00e1s cuando regresas a la orilla y te tiras sobre la arena caliente.  D\u00edas interminables de playa que terminan lav\u00e1ndose los pies en los charcos que aparecen cuando baja la marea antes de ir a al <a href=\"https:\/\/www.tripadvisor.es\/Restaurant_Review-g674782-d4077135-Reviews-Yaya-Valle_Gran_Rey_La_Gomera_Canary_Islands.html\" target=\"_blank\" rel=\"noreferrer noopener\"><strong>Casa Yaya<\/strong> <\/a>a tomarse unos camarones y una cervecita con los amigos.<\/p>\n\n\n\n<figure class=\"wp-block-image size-large\"><img loading=\"lazy\" decoding=\"async\" width=\"1024\" height=\"631\" src=\"http:\/\/www.canariasviaja.com\/viajaresvivir\/wp-content\/uploads\/2020\/09\/WhatsApp-Image-2020-09-29-at-10.52.08-AM2.jpeg\" alt=\"Playa de La Calera\" class=\"wp-image-5124\" srcset=\"https:\/\/www.canariasviaja.com\/viajaresvivir\/wp-content\/uploads\/2020\/09\/WhatsApp-Image-2020-09-29-at-10.52.08-AM2.jpeg 1024w, https:\/\/www.canariasviaja.com\/viajaresvivir\/wp-content\/uploads\/2020\/09\/WhatsApp-Image-2020-09-29-at-10.52.08-AM2-300x185.jpeg 300w, https:\/\/www.canariasviaja.com\/viajaresvivir\/wp-content\/uploads\/2020\/09\/WhatsApp-Image-2020-09-29-at-10.52.08-AM2-768x473.jpeg 768w\" sizes=\"(max-width: 1024px) 100vw, 1024px\" \/><figcaption>Playa de La Calera desde La Puntilla. Foto: Pedro Negr\u00edn<\/figcaption><\/figure>\n\n\n\n<figure class=\"wp-block-image size-large\"><img loading=\"lazy\" decoding=\"async\" width=\"2000\" height=\"1500\" src=\"http:\/\/www.canariasviaja.com\/viajaresvivir\/wp-content\/uploads\/2020\/09\/Valle-Gran-Rey-por-Alejandra.jpg\" alt=\"Valle Gran Rey al atardecer\" class=\"wp-image-5095\" srcset=\"https:\/\/www.canariasviaja.com\/viajaresvivir\/wp-content\/uploads\/2020\/09\/Valle-Gran-Rey-por-Alejandra.jpg 2000w, https:\/\/www.canariasviaja.com\/viajaresvivir\/wp-content\/uploads\/2020\/09\/Valle-Gran-Rey-por-Alejandra-300x225.jpg 300w, https:\/\/www.canariasviaja.com\/viajaresvivir\/wp-content\/uploads\/2020\/09\/Valle-Gran-Rey-por-Alejandra-768x576.jpg 768w, https:\/\/www.canariasviaja.com\/viajaresvivir\/wp-content\/uploads\/2020\/09\/Valle-Gran-Rey-por-Alejandra-1536x1152.jpg 1536w, https:\/\/www.canariasviaja.com\/viajaresvivir\/wp-content\/uploads\/2020\/09\/Valle-Gran-Rey-por-Alejandra-1200x900.jpg 1200w, https:\/\/www.canariasviaja.com\/viajaresvivir\/wp-content\/uploads\/2020\/09\/Valle-Gran-Rey-por-Alejandra-800x600.jpg 800w, https:\/\/www.canariasviaja.com\/viajaresvivir\/wp-content\/uploads\/2020\/09\/Valle-Gran-Rey-por-Alejandra-1440x1080.jpg 1440w\" sizes=\"(max-width: 2000px) 100vw, 2000px\" \/><figcaption>Playa de La calera Foto: Alejandra Ortega<\/figcaption><\/figure>\n\n\n\n<p>Paseando por la avenida desde La Calera a La Puntilla nos encontraremos a familias que salen a dar un vuelta, a parejas paseando y  a gente que sale a hacer deporte.  En La Puntilla la estatua de <strong>Hautacuperche<\/strong>, el guerrero aborigen guanche que acab\u00f3 con la vida de Hern\u00e1n Peraza, nos recuerda el episodio de la historia en la que los abor\u00edgenes gomeros se alzaron contra los espa\u00f1oles por haber violado su acuerdo.<\/p>\n\n\n\n<figure class=\"wp-block-image size-large\"><img loading=\"lazy\" decoding=\"async\" width=\"2000\" height=\"1335\" src=\"http:\/\/www.canariasviaja.com\/viajaresvivir\/wp-content\/uploads\/2020\/09\/Estatua-Valle-Gran-Rey-1.jpg\" alt=\"Hautacuperche\" class=\"wp-image-5129\" srcset=\"https:\/\/www.canariasviaja.com\/viajaresvivir\/wp-content\/uploads\/2020\/09\/Estatua-Valle-Gran-Rey-1.jpg 2000w, https:\/\/www.canariasviaja.com\/viajaresvivir\/wp-content\/uploads\/2020\/09\/Estatua-Valle-Gran-Rey-1-300x200.jpg 300w, https:\/\/www.canariasviaja.com\/viajaresvivir\/wp-content\/uploads\/2020\/09\/Estatua-Valle-Gran-Rey-1-768x513.jpg 768w, https:\/\/www.canariasviaja.com\/viajaresvivir\/wp-content\/uploads\/2020\/09\/Estatua-Valle-Gran-Rey-1-1536x1025.jpg 1536w, https:\/\/www.canariasviaja.com\/viajaresvivir\/wp-content\/uploads\/2020\/09\/Estatua-Valle-Gran-Rey-1-1200x801.jpg 1200w, https:\/\/www.canariasviaja.com\/viajaresvivir\/wp-content\/uploads\/2020\/09\/Estatua-Valle-Gran-Rey-1-1618x1080.jpg 1618w\" sizes=\"(max-width: 2000px) 100vw, 2000px\" \/><figcaption>Estatua de Hautacuperche en valle Gran Rey. Foto: Patri C\u00e1mpora<\/figcaption><\/figure>\n\n\n\n<h2 class=\"wp-block-heading\">Atardecer en Playa del Ingl\u00e9s<\/h2>\n\n\n\n<p>Planes apacibles para el veraneo que terminan con el atardecer, con una cervecita y un bocadillo de tortilla, en la <strong>Playa del Ingl\u00e9s<\/strong>, rompiendo la calma de aquellos que fueron a pasar el d\u00eda all\u00ed buscando su espacio, en esta playa de mar traicionera donde conviven nudistas y no nudistas.<\/p>\n\n\n\n<figure class=\"wp-block-image size-large\"><img loading=\"lazy\" decoding=\"async\" width=\"2000\" height=\"1335\" src=\"http:\/\/www.canariasviaja.com\/viajaresvivir\/wp-content\/uploads\/2020\/09\/Atardecer-Playa-del-Ingle\u0301s.jpg\" alt=\"PLaya del Ingl\u00e9s en Valle Gran Rey\" class=\"wp-image-5072\" srcset=\"https:\/\/www.canariasviaja.com\/viajaresvivir\/wp-content\/uploads\/2020\/09\/Atardecer-Playa-del-Ingle\u0301s.jpg 2000w, https:\/\/www.canariasviaja.com\/viajaresvivir\/wp-content\/uploads\/2020\/09\/Atardecer-Playa-del-Ingle\u0301s-300x200.jpg 300w, https:\/\/www.canariasviaja.com\/viajaresvivir\/wp-content\/uploads\/2020\/09\/Atardecer-Playa-del-Ingle\u0301s-768x513.jpg 768w, https:\/\/www.canariasviaja.com\/viajaresvivir\/wp-content\/uploads\/2020\/09\/Atardecer-Playa-del-Ingle\u0301s-1536x1025.jpg 1536w, https:\/\/www.canariasviaja.com\/viajaresvivir\/wp-content\/uploads\/2020\/09\/Atardecer-Playa-del-Ingle\u0301s-1200x801.jpg 1200w, https:\/\/www.canariasviaja.com\/viajaresvivir\/wp-content\/uploads\/2020\/09\/Atardecer-Playa-del-Ingle\u0301s-1618x1080.jpg 1618w\" sizes=\"(max-width: 2000px) 100vw, 2000px\" \/><figcaption>Atardecer en Playa del Ingl\u00e9s  Foto: Patri C\u00e1mpora<\/figcaption><\/figure>\n\n\n\n<p>De camino a la Playa del Ingl\u00e9s podemos visitar el <a rel=\"noreferrer noopener\" href=\"https:\/\/www.lagomera.es\/lagartario\/\" target=\"_blank\"><strong>Lagartario<\/strong><\/a>, donde podremos conocer a algunos ejemplares de <strong>Lagarto Gigante de La Gomera<\/strong>, una de las especies en mayor peligro de extinci\u00f3n del planeta, que habitan en el <strong>acantilado de La M\u00e9rica<\/strong>.<\/p>\n\n\n\n<p>Tambi\u00e9n pasaremos por el <strong><a rel=\"noreferrer noopener\" href=\"https:\/\/www.ilagomera.net\/charco-de-cieno\/\" target=\"_blank\">Charco del Cieno<\/a><\/strong>, uno de los \u00faltimos saladares naturales de Canarias, considerado Lugar de Inter\u00e9s Cient\u00edfico, y uno de los pocos humedales que perduran en La Gomera. Un espacio de enorme importancia para las aves migratorias, en el que podremos observar plantas hal\u00f3filas, algas de aguas someras y aves lim\u00edcolas.<\/p>\n\n\n\n<figure class=\"wp-block-image size-large\"><img loading=\"lazy\" decoding=\"async\" width=\"2000\" height=\"1335\" src=\"http:\/\/www.canariasviaja.com\/viajaresvivir\/wp-content\/uploads\/2020\/09\/Charco-del-Cieno.jpg\" alt=\"Charco del Cieno, Calle Gran Rey\" class=\"wp-image-5118\" srcset=\"https:\/\/www.canariasviaja.com\/viajaresvivir\/wp-content\/uploads\/2020\/09\/Charco-del-Cieno.jpg 2000w, https:\/\/www.canariasviaja.com\/viajaresvivir\/wp-content\/uploads\/2020\/09\/Charco-del-Cieno-300x200.jpg 300w, https:\/\/www.canariasviaja.com\/viajaresvivir\/wp-content\/uploads\/2020\/09\/Charco-del-Cieno-768x513.jpg 768w, https:\/\/www.canariasviaja.com\/viajaresvivir\/wp-content\/uploads\/2020\/09\/Charco-del-Cieno-1536x1025.jpg 1536w, https:\/\/www.canariasviaja.com\/viajaresvivir\/wp-content\/uploads\/2020\/09\/Charco-del-Cieno-1200x801.jpg 1200w, https:\/\/www.canariasviaja.com\/viajaresvivir\/wp-content\/uploads\/2020\/09\/Charco-del-Cieno-1618x1080.jpg 1618w\" sizes=\"(max-width: 2000px) 100vw, 2000px\" \/><figcaption>Charco del Cieno  Foto: Patri C\u00e1mpora<\/figcaption><\/figure>\n\n\n\n<h2 class=\"wp-block-heading\">Un lugar para disfrutar todo el a\u00f1o<\/h2>\n\n\n\n<p>Cuando empiezan los colegios, los canarios vuelven a sus rutinas y Valle Gran Rey comienza a llenarse de nuevos habitantes, alemanes que huyen de su oto\u00f1o e invierno para disfrutar del clima c\u00e1lido de este pl\u00e1cido rinc\u00f3n.<\/p>\n\n\n\n<p>Sin tanto calor, es la \u00e1poca perfecta para ascender los 855m de los acantilados de  <strong><a rel=\"noreferrer noopener\" href=\"https:\/\/www.mendikat.net\/com\/mount\/9734\" target=\"_blank\">La M\u00e9rica<\/a><\/strong>,  que presiden Valle Gran Rey o de costear esta vertiende de la isla en barco, hasta llegar a <strong>Los \u00d3rganos.<\/strong><\/p>\n\n\n\n<figure class=\"wp-block-image size-large\"><img loading=\"lazy\" decoding=\"async\" width=\"2000\" height=\"1500\" src=\"http:\/\/www.canariasviaja.com\/viajaresvivir\/wp-content\/uploads\/2020\/09\/Valle-Gran-Rey-Alejandra-Ortega.jpg\" alt=\"La M\u00e9rica Valle Gran rey\" class=\"wp-image-5093\" srcset=\"https:\/\/www.canariasviaja.com\/viajaresvivir\/wp-content\/uploads\/2020\/09\/Valle-Gran-Rey-Alejandra-Ortega.jpg 2000w, https:\/\/www.canariasviaja.com\/viajaresvivir\/wp-content\/uploads\/2020\/09\/Valle-Gran-Rey-Alejandra-Ortega-300x225.jpg 300w, https:\/\/www.canariasviaja.com\/viajaresvivir\/wp-content\/uploads\/2020\/09\/Valle-Gran-Rey-Alejandra-Ortega-768x576.jpg 768w, https:\/\/www.canariasviaja.com\/viajaresvivir\/wp-content\/uploads\/2020\/09\/Valle-Gran-Rey-Alejandra-Ortega-1536x1152.jpg 1536w, https:\/\/www.canariasviaja.com\/viajaresvivir\/wp-content\/uploads\/2020\/09\/Valle-Gran-Rey-Alejandra-Ortega-1200x900.jpg 1200w, https:\/\/www.canariasviaja.com\/viajaresvivir\/wp-content\/uploads\/2020\/09\/Valle-Gran-Rey-Alejandra-Ortega-800x600.jpg 800w, https:\/\/www.canariasviaja.com\/viajaresvivir\/wp-content\/uploads\/2020\/09\/Valle-Gran-Rey-Alejandra-Ortega-1440x1080.jpg 1440w\" sizes=\"(max-width: 2000px) 100vw, 2000px\" \/><figcaption>Acantilado de La M\u00e9rica  Foto: Alejandra Ortega<\/figcaption><\/figure>\n\n\n\n<p>En invierno el atardecer se traslada a La Playa de la Calera, desde donde se disfruta de ese incre\u00edble regalo de cada d\u00eda desde las terrazas de la zona.<\/p>\n\n\n\n<figure class=\"wp-block-image size-large\"><img loading=\"lazy\" decoding=\"async\" width=\"2000\" height=\"1500\" src=\"http:\/\/www.canariasviaja.com\/viajaresvivir\/wp-content\/uploads\/2020\/09\/Valle-Gran-Rey-Alejandra.jpg\" alt=\"\" class=\"wp-image-5094\" srcset=\"https:\/\/www.canariasviaja.com\/viajaresvivir\/wp-content\/uploads\/2020\/09\/Valle-Gran-Rey-Alejandra.jpg 2000w, https:\/\/www.canariasviaja.com\/viajaresvivir\/wp-content\/uploads\/2020\/09\/Valle-Gran-Rey-Alejandra-300x225.jpg 300w, https:\/\/www.canariasviaja.com\/viajaresvivir\/wp-content\/uploads\/2020\/09\/Valle-Gran-Rey-Alejandra-768x576.jpg 768w, https:\/\/www.canariasviaja.com\/viajaresvivir\/wp-content\/uploads\/2020\/09\/Valle-Gran-Rey-Alejandra-1536x1152.jpg 1536w, https:\/\/www.canariasviaja.com\/viajaresvivir\/wp-content\/uploads\/2020\/09\/Valle-Gran-Rey-Alejandra-1200x900.jpg 1200w, https:\/\/www.canariasviaja.com\/viajaresvivir\/wp-content\/uploads\/2020\/09\/Valle-Gran-Rey-Alejandra-800x600.jpg 800w, https:\/\/www.canariasviaja.com\/viajaresvivir\/wp-content\/uploads\/2020\/09\/Valle-Gran-Rey-Alejandra-1440x1080.jpg 1440w\" sizes=\"(max-width: 2000px) 100vw, 2000px\" \/><figcaption>Atardecer desde la Playa de La Calera. Foto: Alejandra Ortega<\/figcaption><\/figure>\n\n\n\n<figure class=\"wp-block-image size-large\"><img loading=\"lazy\" decoding=\"async\" width=\"750\" height=\"552\" src=\"http:\/\/www.canariasviaja.com\/viajaresvivir\/wp-content\/uploads\/2020\/09\/WhatsApp-Image-2020-09-29-at-10.52.07-AM.jpeg\" alt=\"Atardecer en Valle Gran rey\" class=\"wp-image-5126\" srcset=\"https:\/\/www.canariasviaja.com\/viajaresvivir\/wp-content\/uploads\/2020\/09\/WhatsApp-Image-2020-09-29-at-10.52.07-AM.jpeg 750w, https:\/\/www.canariasviaja.com\/viajaresvivir\/wp-content\/uploads\/2020\/09\/WhatsApp-Image-2020-09-29-at-10.52.07-AM-300x221.jpeg 300w\" sizes=\"(max-width: 750px) 100vw, 750px\" \/><figcaption>Ola romiendo en Valle Gran Rey. Foto: Pedro Negr\u00edn<\/figcaption><\/figure>\n\n\n\n<p>Para cenar, la oferta es muy variada, desde cl\u00e1sicos como el <strong><a rel=\"noreferrer noopener\" href=\"https:\/\/www.tripadvisor.es\/Restaurant_Review-g674782-d10735277-Reviews-Charco_del_Conde-Valle_Gran_Rey_La_Gomera_Canary_Islands.html\" target=\"_blank\">Restaurante Charco del Conde<\/a><\/strong> (con sus ricas croquetas de huevos), a la comida canaria con toques diferentes del <strong><a rel=\"noreferrer noopener\" href=\"https:\/\/www.tripadvisor.es\/Restaurant_Review-g3621319-d3616837-Reviews-Restaurante_Abisinia-Vueltas_Valle_Gran_Rey_La_Gomera_Canary_Islands.html\" target=\"_blank\">Restaurante Abisinia<\/a><\/strong> o la original carta de <strong><a rel=\"noreferrer noopener\" href=\"https:\/\/www.tripadvisor.es\/Restaurant_Review-g674782-d5061729-Reviews-Restaurante_La_Salsa-Valle_Gran_Rey_La_Gomera_Canary_Islands.html\" target=\"_blank\">La salsa.<\/a><\/strong> Y de postre, un helado de maracuy\u00e1 o mango en la <strong>Helader\u00eda <a rel=\"noreferrer noopener\" href=\"https:\/\/www.tripadvisor.es\/Restaurant_Review-g674782-d11595245-Reviews-La_Crema-Valle_Gran_Rey_La_Gomera_Canary_Islands.html\" target=\"_blank\">La Crema.<\/a><\/strong><\/p>\n\n\n\n<p>Un buen fin de fiesta para un placentero d\u00eda m\u00e1s en este m\u00e1gico rinc\u00f3n del mundo que tenemos tan cerca.<\/p>\n\n\n\n<figure class=\"wp-block-image size-large\"><img loading=\"lazy\" decoding=\"async\" width=\"2000\" height=\"1500\" src=\"http:\/\/www.canariasviaja.com\/viajaresvivir\/wp-content\/uploads\/2020\/09\/anochecer-en-Valle-Gran-Rey.jpg\" alt=\"Atardecer en Valle Gran Rey\" class=\"wp-image-5082\" srcset=\"https:\/\/www.canariasviaja.com\/viajaresvivir\/wp-content\/uploads\/2020\/09\/anochecer-en-Valle-Gran-Rey.jpg 2000w, https:\/\/www.canariasviaja.com\/viajaresvivir\/wp-content\/uploads\/2020\/09\/anochecer-en-Valle-Gran-Rey-300x225.jpg 300w, https:\/\/www.canariasviaja.com\/viajaresvivir\/wp-content\/uploads\/2020\/09\/anochecer-en-Valle-Gran-Rey-768x576.jpg 768w, https:\/\/www.canariasviaja.com\/viajaresvivir\/wp-content\/uploads\/2020\/09\/anochecer-en-Valle-Gran-Rey-1536x1152.jpg 1536w, https:\/\/www.canariasviaja.com\/viajaresvivir\/wp-content\/uploads\/2020\/09\/anochecer-en-Valle-Gran-Rey-1200x900.jpg 1200w, https:\/\/www.canariasviaja.com\/viajaresvivir\/wp-content\/uploads\/2020\/09\/anochecer-en-Valle-Gran-Rey-800x600.jpg 800w, https:\/\/www.canariasviaja.com\/viajaresvivir\/wp-content\/uploads\/2020\/09\/anochecer-en-Valle-Gran-Rey-1440x1080.jpg 1440w\" sizes=\"(max-width: 2000px) 100vw, 2000px\" \/><figcaption>Vista del muelle de Valle Gran Rey al atardecer. Foto: Alejandra Ortega<\/figcaption><\/figure>\n\n\n\n<hr class=\"wp-block-separator\"\/>\n\n\n\n<p>\u00bfTe gustar\u00eda <strong>desconectar unos d\u00edas en Valle Gran Rey<\/strong>? Te hemos preparado una<a href=\"https:\/\/bit.ly\/3jdudZV\"><strong> oferta irresistible<\/strong><\/a> para que disfrutes de La Gomera.<\/p>\n","protected":false},"excerpt":{"rendered":"<p>Valle Gran Rey, junto a Playa Santiago, es uno de los lugares favoritos de los gomeros y for\u00e1neos para disfrutar de sus vacaciones o vivir parte del a\u00f1o. Muchos alemanes que vinieron un d\u00eda de vacaciones, han terminado convirtiendo Valle Gran Rey en su hogar, as\u00ed que hay peligro de caer bajo los embrujos de este Valle que impacta desde &hellip;<\/p>\n","protected":false},"author":2,"featured_media":5085,"comment_status":"open","ping_status":"open","sticky":false,"template":"","format":"standard","meta":{"_acf_changed":false,"sfsi_plus_gutenberg_text_before_share":"","sfsi_plus_gutenberg_show_text_before_share":"","sfsi_plus_gutenberg_icon_type":"","sfsi_plus_gutenberg_icon_alignemt":"","sfsi_plus_gutenburg_max_per_row":"","footnotes":""},"categories":[9,124,123,10,127,197,126],"tags":[624,547,488,625,347,239,116],"class_list":["post-5099","post","type-post","status-publish","format-standard","has-post-thumbnail","hentry","category-canarias","category-descubre","category-explora","category-historias-viajeras","category-relajate","category-rincones-por-descubrir","category-saborea","tag-barranco","tag-kayak","tag-la-gomera","tag-largarto-gigante-de-la-gomera","tag-paddle-surf","tag-playa","tag-senderismo"],"acf":[],"yoast_head":"<!-- This site is optimized with the Yoast SEO plugin v24.1 - https:\/\/yoast.com\/wordpress\/plugins\/seo\/ -->\n<title>Valle Gran Rey, relax y naturaleza en La Gomera - Viajar es vivir<\/title>\n<meta name=\"robots\" content=\"index, follow, max-snippet:-1, max-image-preview:large, max-video-preview:-1\" \/>\n<link rel=\"canonical\" href=\"https:\/\/www.canariasviaja.com\/viajaresvivir\/valle-gran-rey-2\/\" \/>\n<meta property=\"og:locale\" content=\"es_ES\" \/>\n<meta property=\"og:type\" content=\"article\" \/>\n<meta property=\"og:title\" content=\"Valle Gran Rey, relax y naturaleza en La Gomera - Viajar es vivir\" \/>\n<meta property=\"og:description\" content=\"Valle Gran Rey, junto a Playa Santiago, es uno de los lugares favoritos de los gomeros y for\u00e1neos para disfrutar de sus vacaciones o vivir parte del a\u00f1o. Muchos alemanes que vinieron un d\u00eda de vacaciones, han terminado convirtiendo Valle Gran Rey en su hogar, as\u00ed que hay peligro de caer bajo los embrujos de este Valle que impacta desde &hellip;\" \/>\n<meta property=\"og:url\" content=\"https:\/\/www.canariasviaja.com\/viajaresvivir\/valle-gran-rey-2\/\" \/>\n<meta property=\"og:site_name\" content=\"Viajar es vivir\" \/>\n<meta property=\"article:published_time\" content=\"2020-09-29T09:05:59+00:00\" \/>\n<meta property=\"article:modified_time\" content=\"2020-09-29T11:32:56+00:00\" \/>\n<meta property=\"og:image\" content=\"https:\/\/www.canariasviaja.com\/viajaresvivir\/wp-content\/uploads\/2020\/09\/Charco-del-Conde-Alejandra.jpg\" \/>\n\t<meta property=\"og:image:width\" content=\"2000\" \/>\n\t<meta property=\"og:image:height\" content=\"1125\" \/>\n\t<meta property=\"og:image:type\" content=\"image\/jpeg\" \/>\n<meta name=\"author\" content=\"Patri C\u00e1mpora\" \/>\n<meta name=\"twitter:card\" content=\"summary_large_image\" \/>\n<meta name=\"twitter:label1\" content=\"Escrito por\" \/>\n\t<meta name=\"twitter:data1\" content=\"Patri C\u00e1mpora\" \/>\n\t<meta name=\"twitter:label2\" content=\"Tiempo de lectura\" \/>\n\t<meta name=\"twitter:data2\" content=\"7 minutos\" \/>\n<script type=\"application\/ld+json\" class=\"yoast-schema-graph\">{\"@context\":\"https:\/\/schema.org\",\"@graph\":[{\"@type\":\"WebPage\",\"@id\":\"https:\/\/www.canariasviaja.com\/viajaresvivir\/valle-gran-rey-2\/\",\"url\":\"https:\/\/www.canariasviaja.com\/viajaresvivir\/valle-gran-rey-2\/\",\"name\":\"Valle Gran Rey, relax y naturaleza en La Gomera - Viajar es vivir\",\"isPartOf\":{\"@id\":\"https:\/\/www.canariasviaja.com\/viajaresvivir\/#website\"},\"primaryImageOfPage\":{\"@id\":\"https:\/\/www.canariasviaja.com\/viajaresvivir\/valle-gran-rey-2\/#primaryimage\"},\"image\":{\"@id\":\"https:\/\/www.canariasviaja.com\/viajaresvivir\/valle-gran-rey-2\/#primaryimage\"},\"thumbnailUrl\":\"https:\/\/www.canariasviaja.com\/viajaresvivir\/wp-content\/uploads\/2020\/09\/Charco-del-Conde-Alejandra.jpg\",\"datePublished\":\"2020-09-29T09:05:59+00:00\",\"dateModified\":\"2020-09-29T11:32:56+00:00\",\"author\":{\"@id\":\"https:\/\/www.canariasviaja.com\/viajaresvivir\/#\/schema\/person\/085949651001325f1244a8bc1b34709c\"},\"breadcrumb\":{\"@id\":\"https:\/\/www.canariasviaja.com\/viajaresvivir\/valle-gran-rey-2\/#breadcrumb\"},\"inLanguage\":\"es\",\"potentialAction\":[{\"@type\":\"ReadAction\",\"target\":[\"https:\/\/www.canariasviaja.com\/viajaresvivir\/valle-gran-rey-2\/\"]}]},{\"@type\":\"ImageObject\",\"inLanguage\":\"es\",\"@id\":\"https:\/\/www.canariasviaja.com\/viajaresvivir\/valle-gran-rey-2\/#primaryimage\",\"url\":\"https:\/\/www.canariasviaja.com\/viajaresvivir\/wp-content\/uploads\/2020\/09\/Charco-del-Conde-Alejandra.jpg\",\"contentUrl\":\"https:\/\/www.canariasviaja.com\/viajaresvivir\/wp-content\/uploads\/2020\/09\/Charco-del-Conde-Alejandra.jpg\",\"width\":2000,\"height\":1125,\"caption\":\"Charco del Conde en Valle Gran Rey\"},{\"@type\":\"BreadcrumbList\",\"@id\":\"https:\/\/www.canariasviaja.com\/viajaresvivir\/valle-gran-rey-2\/#breadcrumb\",\"itemListElement\":[{\"@type\":\"ListItem\",\"position\":1,\"name\":\"Portada\",\"item\":\"https:\/\/www.canariasviaja.com\/viajaresvivir\/\"},{\"@type\":\"ListItem\",\"position\":2,\"name\":\"Valle Gran Rey, relax y naturaleza en La Gomera\"}]},{\"@type\":\"WebSite\",\"@id\":\"https:\/\/www.canariasviaja.com\/viajaresvivir\/#website\",\"url\":\"https:\/\/www.canariasviaja.com\/viajaresvivir\/\",\"name\":\"Viajar es vivir\",\"description\":\"El blog de viajes y estilo de vida de CanariasViaja\",\"potentialAction\":[{\"@type\":\"SearchAction\",\"target\":{\"@type\":\"EntryPoint\",\"urlTemplate\":\"https:\/\/www.canariasviaja.com\/viajaresvivir\/?s={search_term_string}\"},\"query-input\":{\"@type\":\"PropertyValueSpecification\",\"valueRequired\":true,\"valueName\":\"search_term_string\"}}],\"inLanguage\":\"es\"},{\"@type\":\"Person\",\"@id\":\"https:\/\/www.canariasviaja.com\/viajaresvivir\/#\/schema\/person\/085949651001325f1244a8bc1b34709c\",\"name\":\"Patri C\u00e1mpora\",\"image\":{\"@type\":\"ImageObject\",\"inLanguage\":\"es\",\"@id\":\"https:\/\/www.canariasviaja.com\/viajaresvivir\/#\/schema\/person\/image\/\",\"url\":\"https:\/\/secure.gravatar.com\/avatar\/b2ce2c4086a5776e5310f57c1a2e5b4e?s=96&d=mm&r=g\",\"contentUrl\":\"https:\/\/secure.gravatar.com\/avatar\/b2ce2c4086a5776e5310f57c1a2e5b4e?s=96&d=mm&r=g\",\"caption\":\"Patri C\u00e1mpora\"},\"url\":\"https:\/\/www.canariasviaja.com\/viajaresvivir\/author\/patri\/\"}]}<\/script>\n<!-- \/ Yoast SEO plugin. -->","yoast_head_json":{"title":"Valle Gran Rey, relax y naturaleza en La Gomera - Viajar es vivir","robots":{"index":"index","follow":"follow","max-snippet":"max-snippet:-1","max-image-preview":"max-image-preview:large","max-video-preview":"max-video-preview:-1"},"canonical":"https:\/\/www.canariasviaja.com\/viajaresvivir\/valle-gran-rey-2\/","og_locale":"es_ES","og_type":"article","og_title":"Valle Gran Rey, relax y naturaleza en La Gomera - Viajar es vivir","og_description":"Valle Gran Rey, junto a Playa Santiago, es uno de los lugares favoritos de los gomeros y for\u00e1neos para disfrutar de sus vacaciones o vivir parte del a\u00f1o. Muchos alemanes que vinieron un d\u00eda de vacaciones, han terminado convirtiendo Valle Gran Rey en su hogar, as\u00ed que hay peligro de caer bajo los embrujos de este Valle que impacta desde &hellip;","og_url":"https:\/\/www.canariasviaja.com\/viajaresvivir\/valle-gran-rey-2\/","og_site_name":"Viajar es vivir","article_published_time":"2020-09-29T09:05:59+00:00","article_modified_time":"2020-09-29T11:32:56+00:00","og_image":[{"width":2000,"height":1125,"url":"https:\/\/www.canariasviaja.com\/viajaresvivir\/wp-content\/uploads\/2020\/09\/Charco-del-Conde-Alejandra.jpg","type":"image\/jpeg"}],"author":"Patri C\u00e1mpora","twitter_card":"summary_large_image","twitter_misc":{"Escrito por":"Patri C\u00e1mpora","Tiempo de lectura":"7 minutos"},"schema":{"@context":"https:\/\/schema.org","@graph":[{"@type":"WebPage","@id":"https:\/\/www.canariasviaja.com\/viajaresvivir\/valle-gran-rey-2\/","url":"https:\/\/www.canariasviaja.com\/viajaresvivir\/valle-gran-rey-2\/","name":"Valle Gran Rey, relax y naturaleza en La Gomera - Viajar es vivir","isPartOf":{"@id":"https:\/\/www.canariasviaja.com\/viajaresvivir\/#website"},"primaryImageOfPage":{"@id":"https:\/\/www.canariasviaja.com\/viajaresvivir\/valle-gran-rey-2\/#primaryimage"},"image":{"@id":"https:\/\/www.canariasviaja.com\/viajaresvivir\/valle-gran-rey-2\/#primaryimage"},"thumbnailUrl":"https:\/\/www.canariasviaja.com\/viajaresvivir\/wp-content\/uploads\/2020\/09\/Charco-del-Conde-Alejandra.jpg","datePublished":"2020-09-29T09:05:59+00:00","dateModified":"2020-09-29T11:32:56+00:00","author":{"@id":"https:\/\/www.canariasviaja.com\/viajaresvivir\/#\/schema\/person\/085949651001325f1244a8bc1b34709c"},"breadcrumb":{"@id":"https:\/\/www.canariasviaja.com\/viajaresvivir\/valle-gran-rey-2\/#breadcrumb"},"inLanguage":"es","potentialAction":[{"@type":"ReadAction","target":["https:\/\/www.canariasviaja.com\/viajaresvivir\/valle-gran-rey-2\/"]}]},{"@type":"ImageObject","inLanguage":"es","@id":"https:\/\/www.canariasviaja.com\/viajaresvivir\/valle-gran-rey-2\/#primaryimage","url":"https:\/\/www.canariasviaja.com\/viajaresvivir\/wp-content\/uploads\/2020\/09\/Charco-del-Conde-Alejandra.jpg","contentUrl":"https:\/\/www.canariasviaja.com\/viajaresvivir\/wp-content\/uploads\/2020\/09\/Charco-del-Conde-Alejandra.jpg","width":2000,"height":1125,"caption":"Charco del Conde en Valle Gran Rey"},{"@type":"BreadcrumbList","@id":"https:\/\/www.canariasviaja.com\/viajaresvivir\/valle-gran-rey-2\/#breadcrumb","itemListElement":[{"@type":"ListItem","position":1,"name":"Portada","item":"https:\/\/www.canariasviaja.com\/viajaresvivir\/"},{"@type":"ListItem","position":2,"name":"Valle Gran Rey, relax y naturaleza en La Gomera"}]},{"@type":"WebSite","@id":"https:\/\/www.canariasviaja.com\/viajaresvivir\/#website","url":"https:\/\/www.canariasviaja.com\/viajaresvivir\/","name":"Viajar es vivir","description":"El blog de viajes y estilo de vida de CanariasViaja","potentialAction":[{"@type":"SearchAction","target":{"@type":"EntryPoint","urlTemplate":"https:\/\/www.canariasviaja.com\/viajaresvivir\/?s={search_term_string}"},"query-input":{"@type":"PropertyValueSpecification","valueRequired":true,"valueName":"search_term_string"}}],"inLanguage":"es"},{"@type":"Person","@id":"https:\/\/www.canariasviaja.com\/viajaresvivir\/#\/schema\/person\/085949651001325f1244a8bc1b34709c","name":"Patri C\u00e1mpora","image":{"@type":"ImageObject","inLanguage":"es","@id":"https:\/\/www.canariasviaja.com\/viajaresvivir\/#\/schema\/person\/image\/","url":"https:\/\/secure.gravatar.com\/avatar\/b2ce2c4086a5776e5310f57c1a2e5b4e?s=96&d=mm&r=g","contentUrl":"https:\/\/secure.gravatar.com\/avatar\/b2ce2c4086a5776e5310f57c1a2e5b4e?s=96&d=mm&r=g","caption":"Patri C\u00e1mpora"},"url":"https:\/\/www.canariasviaja.com\/viajaresvivir\/author\/patri\/"}]}},"_links":{"self":[{"href":"https:\/\/www.canariasviaja.com\/viajaresvivir\/wp-json\/wp\/v2\/posts\/5099"}],"collection":[{"href":"https:\/\/www.canariasviaja.com\/viajaresvivir\/wp-json\/wp\/v2\/posts"}],"about":[{"href":"https:\/\/www.canariasviaja.com\/viajaresvivir\/wp-json\/wp\/v2\/types\/post"}],"author":[{"embeddable":true,"href":"https:\/\/www.canariasviaja.com\/viajaresvivir\/wp-json\/wp\/v2\/users\/2"}],"replies":[{"embeddable":true,"href":"https:\/\/www.canariasviaja.com\/viajaresvivir\/wp-json\/wp\/v2\/comments?post=5099"}],"version-history":[{"count":10,"href":"https:\/\/www.canariasviaja.com\/viajaresvivir\/wp-json\/wp\/v2\/posts\/5099\/revisions"}],"predecessor-version":[{"id":5134,"href":"https:\/\/www.canariasviaja.com\/viajaresvivir\/wp-json\/wp\/v2\/posts\/5099\/revisions\/5134"}],"wp:featuredmedia":[{"embeddable":true,"href":"https:\/\/www.canariasviaja.com\/viajaresvivir\/wp-json\/wp\/v2\/media\/5085"}],"wp:attachment":[{"href":"https:\/\/www.canariasviaja.com\/viajaresvivir\/wp-json\/wp\/v2\/media?parent=5099"}],"wp:term":[{"taxonomy":"category","embeddable":true,"href":"https:\/\/www.canariasviaja.com\/viajaresvivir\/wp-json\/wp\/v2\/categories?post=5099"},{"taxonomy":"post_tag","embeddable":true,"href":"https:\/\/www.canariasviaja.com\/viajaresvivir\/wp-json\/wp\/v2\/tags?post=5099"}],"curies":[{"name":"wp","href":"https:\/\/api.w.org\/{rel}","templated":true}]}}