{"id":5135,"date":"2020-09-30T11:28:43","date_gmt":"2020-09-30T11:28:43","guid":{"rendered":"http:\/\/www.canariasviaja.com\/viajaresvivir\/?p=5135"},"modified":"2022-10-06T14:50:45","modified_gmt":"2022-10-06T14:50:45","slug":"otono-en-cantabria-mitologia-y-naturaleza-en-la-mochila","status":"publish","type":"post","link":"https:\/\/www.canariasviaja.com\/viajaresvivir\/otono-en-cantabria-mitologia-y-naturaleza-en-la-mochila\/","title":{"rendered":"Oto\u00f1o en Cantabria: mitolog\u00eda y naturaleza en la mochila"},"content":{"rendered":"\n<p>Emprender en oto\u00f1o un camino que me lleve a los ancestros, a pisar la tierra, a descubrir personajes mitol\u00f3gicos envueltos de misterio en un bosque mientras las hojas caen, y a descubrir cascadas es posible seg\u00fan llegas a Cantabria.<\/p>\n\n\n\n<p><\/p>\n\n\n\n<div style=\"height:100px\" aria-hidden=\"true\" class=\"wp-block-spacer\"><\/div>\n\n\n\n<h3 class=\"wp-block-heading\">Escapada oto\u00f1al a Cantabria: Castro Urdiales, mar e historia<\/h3>\n\n\n\n<p>La primera parada de este camino va a ser costera antes de adentrarme en el interior. Comenzamos el recorrido en <strong><a href=\"https:\/\/www.turismocantabria.es\/es\/que-ver-en-castro-urdiales\/29\" target=\"_blank\" rel=\"noreferrer noopener nofollow\">Castro Urdiales<\/a><\/strong>, cuyo conjunto hist\u00f3rico me llama poderosamente y la vista del puerto marinero es espectacular.<\/p>\n\n\n\n<figure class=\"wp-block-image size-large\"><img loading=\"lazy\" decoding=\"async\" width=\"2000\" height=\"1332\" src=\"http:\/\/www.canariasviaja.com\/viajaresvivir\/wp-content\/uploads\/2020\/09\/foto2-castro-urdiales-puerto-1.jpg\" alt=\"Castro Urdiales\" class=\"wp-image-5139\" srcset=\"https:\/\/www.canariasviaja.com\/viajaresvivir\/wp-content\/uploads\/2020\/09\/foto2-castro-urdiales-puerto-1.jpg 2000w, https:\/\/www.canariasviaja.com\/viajaresvivir\/wp-content\/uploads\/2020\/09\/foto2-castro-urdiales-puerto-1-300x200.jpg 300w, https:\/\/www.canariasviaja.com\/viajaresvivir\/wp-content\/uploads\/2020\/09\/foto2-castro-urdiales-puerto-1-768x511.jpg 768w, https:\/\/www.canariasviaja.com\/viajaresvivir\/wp-content\/uploads\/2020\/09\/foto2-castro-urdiales-puerto-1-1536x1023.jpg 1536w, https:\/\/www.canariasviaja.com\/viajaresvivir\/wp-content\/uploads\/2020\/09\/foto2-castro-urdiales-puerto-1-1200x799.jpg 1200w, https:\/\/www.canariasviaja.com\/viajaresvivir\/wp-content\/uploads\/2020\/09\/foto2-castro-urdiales-puerto-1-1622x1080.jpg 1622w\" sizes=\"(max-width: 2000px) 100vw, 2000px\" \/><figcaption>Puerto de Castro Urdiales<\/figcaption><\/figure>\n\n\n\n<figure class=\"wp-block-image size-large\"><img loading=\"lazy\" decoding=\"async\" width=\"2000\" height=\"1334\" src=\"http:\/\/www.canariasviaja.com\/viajaresvivir\/wp-content\/uploads\/2020\/09\/foto3-calles-castro-urdiales.jpg\" alt=\"Oto\u00f1o en Cantabria: Castro Urdiales\" class=\"wp-image-5140\" srcset=\"https:\/\/www.canariasviaja.com\/viajaresvivir\/wp-content\/uploads\/2020\/09\/foto3-calles-castro-urdiales.jpg 2000w, https:\/\/www.canariasviaja.com\/viajaresvivir\/wp-content\/uploads\/2020\/09\/foto3-calles-castro-urdiales-300x200.jpg 300w, https:\/\/www.canariasviaja.com\/viajaresvivir\/wp-content\/uploads\/2020\/09\/foto3-calles-castro-urdiales-768x512.jpg 768w, https:\/\/www.canariasviaja.com\/viajaresvivir\/wp-content\/uploads\/2020\/09\/foto3-calles-castro-urdiales-1536x1025.jpg 1536w, https:\/\/www.canariasviaja.com\/viajaresvivir\/wp-content\/uploads\/2020\/09\/foto3-calles-castro-urdiales-1200x800.jpg 1200w, https:\/\/www.canariasviaja.com\/viajaresvivir\/wp-content\/uploads\/2020\/09\/foto3-calles-castro-urdiales-1619x1080.jpg 1619w\" sizes=\"(max-width: 2000px) 100vw, 2000px\" \/><figcaption>Castro Urdiales desde el Ayuntamiento<\/figcaption><\/figure>\n\n\n\n<p>Subo hacia la <strong>Iglesia de Santa Mar\u00eda de La Asunci\u00f3n<\/strong>, el <a href=\"https:\/\/www.vivecastrourdiales.com\/castillo-faro\/\" target=\"_blank\" rel=\"noreferrer noopener\"><strong>Castillo-Faro<\/strong> <\/a>y la <strong>Ermita De Santa Ana<\/strong> con el puente medieval, a trav\u00e9s de unas calles, que parten desde el <strong>Ayuntamiento<\/strong> ( del siglo XVIII), llenas de referentes a la tradici\u00f3n de las traineras. Me llevan hacia ese alto donde se domina todo el horizonte del mar.<\/p>\n\n\n\n<figure class=\"wp-block-image size-large\"><img loading=\"lazy\" decoding=\"async\" width=\"2000\" height=\"1332\" src=\"http:\/\/www.canariasviaja.com\/viajaresvivir\/wp-content\/uploads\/2020\/09\/foto1-castro.jpg\" alt=\"Castro Urdiales\" class=\"wp-image-5138\" srcset=\"https:\/\/www.canariasviaja.com\/viajaresvivir\/wp-content\/uploads\/2020\/09\/foto1-castro.jpg 2000w, https:\/\/www.canariasviaja.com\/viajaresvivir\/wp-content\/uploads\/2020\/09\/foto1-castro-300x200.jpg 300w, https:\/\/www.canariasviaja.com\/viajaresvivir\/wp-content\/uploads\/2020\/09\/foto1-castro-768x511.jpg 768w, https:\/\/www.canariasviaja.com\/viajaresvivir\/wp-content\/uploads\/2020\/09\/foto1-castro-1536x1023.jpg 1536w, https:\/\/www.canariasviaja.com\/viajaresvivir\/wp-content\/uploads\/2020\/09\/foto1-castro-1200x799.jpg 1200w, https:\/\/www.canariasviaja.com\/viajaresvivir\/wp-content\/uploads\/2020\/09\/foto1-castro-1622x1080.jpg 1622w\" sizes=\"(max-width: 2000px) 100vw, 2000px\" \/><figcaption>Iglesia de Santa Mar\u00eda de la Asunci\u00f3n <\/figcaption><\/figure>\n\n\n\n<p>Luego, al bajar, me detengo a la izquierda del <strong>puerto<\/strong>, donde paseo por una avenida llena de <strong>edificios hist\u00f3ricos<\/strong> que se entremezclan con bares llenos de vida. Mientras camino veo el entrenamiento de los j\u00f3venes con las <strong>traineras<\/strong>, que ya han finalizado la liga veraniega, en un muelle lleno de tradici\u00f3n remera. .<\/p>\n\n\n\n<figure class=\"wp-block-image size-large\"><img loading=\"lazy\" decoding=\"async\" width=\"2000\" height=\"1333\" src=\"http:\/\/www.canariasviaja.com\/viajaresvivir\/wp-content\/uploads\/2020\/09\/foto5-castro-urdialestraineras.jpg\" alt=\"Castro Urdiales, Cantabria\" class=\"wp-image-5141\" srcset=\"https:\/\/www.canariasviaja.com\/viajaresvivir\/wp-content\/uploads\/2020\/09\/foto5-castro-urdialestraineras.jpg 2000w, https:\/\/www.canariasviaja.com\/viajaresvivir\/wp-content\/uploads\/2020\/09\/foto5-castro-urdialestraineras-300x200.jpg 300w, https:\/\/www.canariasviaja.com\/viajaresvivir\/wp-content\/uploads\/2020\/09\/foto5-castro-urdialestraineras-768x512.jpg 768w, https:\/\/www.canariasviaja.com\/viajaresvivir\/wp-content\/uploads\/2020\/09\/foto5-castro-urdialestraineras-1536x1024.jpg 1536w, https:\/\/www.canariasviaja.com\/viajaresvivir\/wp-content\/uploads\/2020\/09\/foto5-castro-urdialestraineras-1200x800.jpg 1200w, https:\/\/www.canariasviaja.com\/viajaresvivir\/wp-content\/uploads\/2020\/09\/foto5-castro-urdialestraineras-1620x1080.jpg 1620w\" sizes=\"(max-width: 2000px) 100vw, 2000px\" \/><figcaption>Traineras en el puerto de Castro Urdiales<\/figcaption><\/figure>\n\n\n\n<p>(Sigue descubriendo Castro Urdiales con las <a href=\"http:\/\/turismo.castro-urdiales.net\/turcastro\/acerca-de-castro-urdiales\/rutas-audioguias\" target=\"_blank\" rel=\"noreferrer noopener\">audiogu\u00edas<\/a> de Turismo de Castro Urdiales)<\/p>\n\n\n\n<div style=\"height:100px\" aria-hidden=\"true\" class=\"wp-block-spacer\"><\/div>\n\n\n\n<h3 class=\"wp-block-heading\">Oto\u00f1o en Cantabria: paseando entre gigantes en el Bosque de Secuoyas<\/h3>\n\n\n\n<p>Mi siguiente parada ser\u00e1 <strong>Cabez\u00f3n de la Sal<\/strong>. En mi mente est\u00e1 un bosque de secuoyas y unas cascadas, hasta cuatro, que se encuentran se\u00f1aladas en mi mapa fotogr\u00e1fico, pero antes me detengo en el <strong><a href=\"https:\/\/www.cafeconpalabras.com\/\" target=\"_blank\" rel=\"noreferrer noopener\">Caf\u00e9 con&nbsp; Palabras<\/a><\/strong>, una librer\u00eda de dos plantas en el coraz\u00f3n hist\u00f3rico que no deja indiferente por su amplia oferta: desde una exposici\u00f3n a una extensa colecci\u00f3n de antig\u00fcedades donde saborear, rodeada de arte, un estupendo caf\u00e9. Disfrutando de este momento puedo tranquilamente observar las dos rutas que me llaman.<\/p>\n\n\n\n<figure class=\"wp-block-image size-large\"><img loading=\"lazy\" decoding=\"async\" width=\"2000\" height=\"1332\" src=\"http:\/\/www.canariasviaja.com\/viajaresvivir\/wp-content\/uploads\/2020\/09\/foto6-cabezon-de-la-sal-libreria.jpg\" alt=\"Librer\u00eda en Cantabria\" class=\"wp-image-5142\" srcset=\"https:\/\/www.canariasviaja.com\/viajaresvivir\/wp-content\/uploads\/2020\/09\/foto6-cabezon-de-la-sal-libreria.jpg 2000w, https:\/\/www.canariasviaja.com\/viajaresvivir\/wp-content\/uploads\/2020\/09\/foto6-cabezon-de-la-sal-libreria-300x200.jpg 300w, https:\/\/www.canariasviaja.com\/viajaresvivir\/wp-content\/uploads\/2020\/09\/foto6-cabezon-de-la-sal-libreria-768x511.jpg 768w, https:\/\/www.canariasviaja.com\/viajaresvivir\/wp-content\/uploads\/2020\/09\/foto6-cabezon-de-la-sal-libreria-1536x1023.jpg 1536w, https:\/\/www.canariasviaja.com\/viajaresvivir\/wp-content\/uploads\/2020\/09\/foto6-cabezon-de-la-sal-libreria-1200x799.jpg 1200w, https:\/\/www.canariasviaja.com\/viajaresvivir\/wp-content\/uploads\/2020\/09\/foto6-cabezon-de-la-sal-libreria-1622x1080.jpg 1622w\" sizes=\"(max-width: 2000px) 100vw, 2000px\" \/><figcaption>Librer\u00eda Caf\u00e9 con Palabras en Cabez\u00f3n de la Sal<\/figcaption><\/figure>\n\n\n\n<p>La primera es el <strong><a href=\"https:\/\/www.cantabriarural.com\/lugares-de-interes\/monumento-natural-de-las-secuoyas-del-monte-cabezon.html\" target=\"_blank\" rel=\"noreferrer noopener\">Monumento Natural de las Secuoyas del Monte Cabez\u00f3n<\/a><\/strong>, a la que llego a pie de la carretera Ca-135 y que cuenta con un c\u00f3modo aparcamiento al inicio de esta ruta, cuyo acceso es libre. <\/p>\n\n\n\n<p>Arranco mi recorrido por el sendero acondicionado y a los pocos minutos ya se me empieza a llenar el alma de emociones. \u00a1Ay, si yo pensaba que estos milenarios \u00e1rboles solo se pod\u00edan ver en Estados Unidos! Y resulta que 843 de estas maravillas gigantes (Sequoia sempervirens), de casi 40 metros de altura, est\u00e1n en este rinc\u00f3n cuyos colores y luz me atraen enormemente.<\/p>\n\n\n\n<figure class=\"wp-block-image size-large\"><img loading=\"lazy\" decoding=\"async\" width=\"2000\" height=\"1332\" src=\"https:\/\/www.canariasviaja.com\/viajaresvivir\/wp-content\/uploads\/2020\/09\/secuoyas-1.jpg\" alt=\"\" class=\"wp-image-5165\" srcset=\"https:\/\/www.canariasviaja.com\/viajaresvivir\/wp-content\/uploads\/2020\/09\/secuoyas-1.jpg 2000w, https:\/\/www.canariasviaja.com\/viajaresvivir\/wp-content\/uploads\/2020\/09\/secuoyas-1-300x200.jpg 300w, https:\/\/www.canariasviaja.com\/viajaresvivir\/wp-content\/uploads\/2020\/09\/secuoyas-1-768x511.jpg 768w, https:\/\/www.canariasviaja.com\/viajaresvivir\/wp-content\/uploads\/2020\/09\/secuoyas-1-1536x1023.jpg 1536w, https:\/\/www.canariasviaja.com\/viajaresvivir\/wp-content\/uploads\/2020\/09\/secuoyas-1-1200x799.jpg 1200w, https:\/\/www.canariasviaja.com\/viajaresvivir\/wp-content\/uploads\/2020\/09\/secuoyas-1-1622x1080.jpg 1622w\" sizes=\"(max-width: 2000px) 100vw, 2000px\" \/><\/figure>\n\n\n\n<figure class=\"wp-block-gallery has-nested-images columns-default is-cropped wp-block-gallery-1 is-layout-flex wp-block-gallery-is-layout-flex\">\n<figure class=\"wp-block-image size-large\"><img loading=\"lazy\" decoding=\"async\" width=\"2000\" height=\"1332\" data-id=\"5143\" src=\"http:\/\/www.canariasviaja.com\/viajaresvivir\/wp-content\/uploads\/2020\/09\/foto8-bosque-secuoyas.jpg\" alt=\"Bosque de Secuoyas\" class=\"wp-image-5143\" srcset=\"https:\/\/www.canariasviaja.com\/viajaresvivir\/wp-content\/uploads\/2020\/09\/foto8-bosque-secuoyas.jpg 2000w, https:\/\/www.canariasviaja.com\/viajaresvivir\/wp-content\/uploads\/2020\/09\/foto8-bosque-secuoyas-300x200.jpg 300w, https:\/\/www.canariasviaja.com\/viajaresvivir\/wp-content\/uploads\/2020\/09\/foto8-bosque-secuoyas-768x511.jpg 768w, https:\/\/www.canariasviaja.com\/viajaresvivir\/wp-content\/uploads\/2020\/09\/foto8-bosque-secuoyas-1536x1023.jpg 1536w, https:\/\/www.canariasviaja.com\/viajaresvivir\/wp-content\/uploads\/2020\/09\/foto8-bosque-secuoyas-1200x799.jpg 1200w, https:\/\/www.canariasviaja.com\/viajaresvivir\/wp-content\/uploads\/2020\/09\/foto8-bosque-secuoyas-1622x1080.jpg 1622w\" sizes=\"(max-width: 2000px) 100vw, 2000px\" \/><\/figure>\n\n\n\n<figure class=\"wp-block-image size-large\"><img loading=\"lazy\" decoding=\"async\" width=\"2000\" height=\"1332\" data-id=\"5163\" src=\"https:\/\/www.canariasviaja.com\/viajaresvivir\/wp-content\/uploads\/2020\/09\/Secuoya.jpg\" alt=\"\" class=\"wp-image-5163\" srcset=\"https:\/\/www.canariasviaja.com\/viajaresvivir\/wp-content\/uploads\/2020\/09\/Secuoya.jpg 2000w, https:\/\/www.canariasviaja.com\/viajaresvivir\/wp-content\/uploads\/2020\/09\/Secuoya-300x200.jpg 300w, https:\/\/www.canariasviaja.com\/viajaresvivir\/wp-content\/uploads\/2020\/09\/Secuoya-768x511.jpg 768w, https:\/\/www.canariasviaja.com\/viajaresvivir\/wp-content\/uploads\/2020\/09\/Secuoya-1536x1023.jpg 1536w, https:\/\/www.canariasviaja.com\/viajaresvivir\/wp-content\/uploads\/2020\/09\/Secuoya-1200x799.jpg 1200w, https:\/\/www.canariasviaja.com\/viajaresvivir\/wp-content\/uploads\/2020\/09\/Secuoya-1622x1080.jpg 1622w\" sizes=\"(max-width: 2000px) 100vw, 2000px\" \/><\/figure>\n<figcaption class=\"blocks-gallery-caption\">Bosque de Secuoyas en Cabez\u00f3n de la Sal<\/figcaption><\/figure>\n\n\n\n<p> Durante el recorrido hay bancos naturales que me invitan a sentarme en silencio, respirar y mirar hacia arriba.  Abrazarme a uno es algo que me llena de alegr\u00eda, pero no alcanzo a abarcar los casi dos metros de per\u00edmetro. Un paseo perfecto para disfrutar del bosque en oto\u00f1o, sin grandes dificultades.<\/p>\n\n\n\n<figure class=\"wp-block-image size-large\"><img loading=\"lazy\" decoding=\"async\" width=\"2000\" height=\"1333\" src=\"http:\/\/www.canariasviaja.com\/viajaresvivir\/wp-content\/uploads\/2020\/09\/foto9cabezon-de-la-sal.jpg\" alt=\"Bosque de secuoyas\" class=\"wp-image-5144\" srcset=\"https:\/\/www.canariasviaja.com\/viajaresvivir\/wp-content\/uploads\/2020\/09\/foto9cabezon-de-la-sal.jpg 2000w, https:\/\/www.canariasviaja.com\/viajaresvivir\/wp-content\/uploads\/2020\/09\/foto9cabezon-de-la-sal-300x200.jpg 300w, https:\/\/www.canariasviaja.com\/viajaresvivir\/wp-content\/uploads\/2020\/09\/foto9cabezon-de-la-sal-768x512.jpg 768w, https:\/\/www.canariasviaja.com\/viajaresvivir\/wp-content\/uploads\/2020\/09\/foto9cabezon-de-la-sal-1536x1024.jpg 1536w, https:\/\/www.canariasviaja.com\/viajaresvivir\/wp-content\/uploads\/2020\/09\/foto9cabezon-de-la-sal-1200x800.jpg 1200w, https:\/\/www.canariasviaja.com\/viajaresvivir\/wp-content\/uploads\/2020\/09\/foto9cabezon-de-la-sal-1620x1080.jpg 1620w\" sizes=\"(max-width: 2000px) 100vw, 2000px\" \/><figcaption>Bosque de secuoyas<\/figcaption><\/figure>\n\n\n\n<div style=\"height:100px\" aria-hidden=\"true\" class=\"wp-block-spacer\"><\/div>\n\n\n\n<h3 class=\"wp-block-heading\">Casonas de cuento en Barcenillas y una ruta con cuatro cascadas<\/h3>\n\n\n\n<p>La segunda ruta, tambi\u00e9n muy cerca de Cabez\u00f3n de la Sal, est\u00e1 camino de <strong>Reinosa<\/strong>. Nos detendremos en <strong><a href=\"http:\/\/www.esenciadecantabria.com\/disfruta\/turismo-cultural\/visitas-autoguiadas\/barcenillas\" target=\"_blank\" rel=\"noreferrer noopener\">Barcenillas<\/a><\/strong>, dentro del <strong><a href=\"https:\/\/www.turismodecantabria.com\/descubrela\/municipios\/46-cabuerniga\" target=\"_blank\" rel=\"noreferrer noopener\">valle de Cabu\u00e9rniga<\/a><\/strong>, donde dejaremos el coche y justo enfrente tenemos paneles explicativos.<\/p>\n\n\n\n<p>Antes me paseo por el pueblo&nbsp; hablando con las vecinas que me regalan unas ra\u00edces para plantar. Lo llaman el <strong>pueblo de las Casonas<\/strong>:&nbsp; las casas de piedra, llenas de tiestos con flores, conservan huerto y corral y son dignas de visitar. &nbsp;Mi c\u00e1mara se vuelve loca porque cada rinc\u00f3n es una postal. Esta excursi\u00f3n de bocata es perfecta para todo el mundo. &nbsp;<\/p>\n\n\n\n<figure class=\"wp-block-image size-large\"><img loading=\"lazy\" decoding=\"async\" width=\"2000\" height=\"1332\" src=\"http:\/\/www.canariasviaja.com\/viajaresvivir\/wp-content\/uploads\/2020\/09\/foto15barcenillas-pueblo-cabezon.jpg\" alt=\"Barcenillas\" class=\"wp-image-5148\" srcset=\"https:\/\/www.canariasviaja.com\/viajaresvivir\/wp-content\/uploads\/2020\/09\/foto15barcenillas-pueblo-cabezon.jpg 2000w, https:\/\/www.canariasviaja.com\/viajaresvivir\/wp-content\/uploads\/2020\/09\/foto15barcenillas-pueblo-cabezon-300x200.jpg 300w, https:\/\/www.canariasviaja.com\/viajaresvivir\/wp-content\/uploads\/2020\/09\/foto15barcenillas-pueblo-cabezon-768x511.jpg 768w, https:\/\/www.canariasviaja.com\/viajaresvivir\/wp-content\/uploads\/2020\/09\/foto15barcenillas-pueblo-cabezon-1536x1023.jpg 1536w, https:\/\/www.canariasviaja.com\/viajaresvivir\/wp-content\/uploads\/2020\/09\/foto15barcenillas-pueblo-cabezon-1200x799.jpg 1200w, https:\/\/www.canariasviaja.com\/viajaresvivir\/wp-content\/uploads\/2020\/09\/foto15barcenillas-pueblo-cabezon-1622x1080.jpg 1622w\" sizes=\"(max-width: 2000px) 100vw, 2000px\" \/><figcaption>Casona c\u00e1ntabra en Barcenillas<\/figcaption><\/figure>\n\n\n\n<p>Seguimos una&nbsp; pista principal paralela al arroyo donde nos encontramos una fuente de agua. El bosque de ribera, con casta\u00f1os, avellanos y servales, llena el recorrido de frutos ca\u00eddos para apa\u00f1ar, una de mis cosas preferidas en esta \u00e9poca del a\u00f1o.<\/p>\n\n\n\n<figure class=\"wp-block-image size-large\"><img loading=\"lazy\" decoding=\"async\" width=\"2000\" height=\"1333\" src=\"http:\/\/www.canariasviaja.com\/viajaresvivir\/wp-content\/uploads\/2020\/09\/foto10-cascadas-lamin\u0303a.jpg\" alt=\"Cascadas de \u00darsula Cantabria\" class=\"wp-image-5145\" srcset=\"https:\/\/www.canariasviaja.com\/viajaresvivir\/wp-content\/uploads\/2020\/09\/foto10-cascadas-lamin\u0303a.jpg 2000w, https:\/\/www.canariasviaja.com\/viajaresvivir\/wp-content\/uploads\/2020\/09\/foto10-cascadas-lamin\u0303a-300x200.jpg 300w, https:\/\/www.canariasviaja.com\/viajaresvivir\/wp-content\/uploads\/2020\/09\/foto10-cascadas-lamin\u0303a-768x512.jpg 768w, https:\/\/www.canariasviaja.com\/viajaresvivir\/wp-content\/uploads\/2020\/09\/foto10-cascadas-lamin\u0303a-1536x1024.jpg 1536w, https:\/\/www.canariasviaja.com\/viajaresvivir\/wp-content\/uploads\/2020\/09\/foto10-cascadas-lamin\u0303a-1200x800.jpg 1200w, https:\/\/www.canariasviaja.com\/viajaresvivir\/wp-content\/uploads\/2020\/09\/foto10-cascadas-lamin\u0303a-1620x1080.jpg 1620w\" sizes=\"(max-width: 2000px) 100vw, 2000px\" \/><figcaption>Cartel Cascadas de \u00darsula<\/figcaption><\/figure>\n\n\n\n<p>Cuando llegamos al poste que pone <strong><a href=\"https:\/\/es.wikiloc.com\/rutas-senderismo\/ruta-de-las-cascadas-de-ursula-desde-barcenillas-38417388\" target=\"_blank\" rel=\"noreferrer noopener\">Cascada de \u00darsula<\/a><\/strong> descendemos y empezamos a encontrar una detr\u00e1s de otra las cuatro cascadas y me detengo en cada una de ellas a sentir el agua al caer. Son momentos de sensaciones, mientras las hojas caen.<\/p>\n\n\n\n<figure class=\"wp-block-image size-large\"><img loading=\"lazy\" decoding=\"async\" width=\"2000\" height=\"1332\" src=\"http:\/\/www.canariasviaja.com\/viajaresvivir\/wp-content\/uploads\/2020\/09\/foto11-cascadalamin\u0303a.jpg\" alt=\"Cascadas de Ursula oto\u00f1o en Cantabria\" class=\"wp-image-5146\" srcset=\"https:\/\/www.canariasviaja.com\/viajaresvivir\/wp-content\/uploads\/2020\/09\/foto11-cascadalamin\u0303a.jpg 2000w, https:\/\/www.canariasviaja.com\/viajaresvivir\/wp-content\/uploads\/2020\/09\/foto11-cascadalamin\u0303a-300x200.jpg 300w, https:\/\/www.canariasviaja.com\/viajaresvivir\/wp-content\/uploads\/2020\/09\/foto11-cascadalamin\u0303a-768x511.jpg 768w, https:\/\/www.canariasviaja.com\/viajaresvivir\/wp-content\/uploads\/2020\/09\/foto11-cascadalamin\u0303a-1536x1023.jpg 1536w, https:\/\/www.canariasviaja.com\/viajaresvivir\/wp-content\/uploads\/2020\/09\/foto11-cascadalamin\u0303a-1200x799.jpg 1200w, https:\/\/www.canariasviaja.com\/viajaresvivir\/wp-content\/uploads\/2020\/09\/foto11-cascadalamin\u0303a-1622x1080.jpg 1622w\" sizes=\"(max-width: 2000px) 100vw, 2000px\" \/><\/figure>\n\n\n\n<figure class=\"wp-block-image size-large\"><img loading=\"lazy\" decoding=\"async\" width=\"2000\" height=\"1333\" src=\"http:\/\/www.canariasviaja.com\/viajaresvivir\/wp-content\/uploads\/2020\/09\/foto12-cascada-lamin\u0303a.jpg\" alt=\"Cantabria Cascadas de \u00darsula\" class=\"wp-image-5147\" srcset=\"https:\/\/www.canariasviaja.com\/viajaresvivir\/wp-content\/uploads\/2020\/09\/foto12-cascada-lamin\u0303a.jpg 2000w, https:\/\/www.canariasviaja.com\/viajaresvivir\/wp-content\/uploads\/2020\/09\/foto12-cascada-lamin\u0303a-300x200.jpg 300w, https:\/\/www.canariasviaja.com\/viajaresvivir\/wp-content\/uploads\/2020\/09\/foto12-cascada-lamin\u0303a-768x512.jpg 768w, https:\/\/www.canariasviaja.com\/viajaresvivir\/wp-content\/uploads\/2020\/09\/foto12-cascada-lamin\u0303a-1536x1024.jpg 1536w, https:\/\/www.canariasviaja.com\/viajaresvivir\/wp-content\/uploads\/2020\/09\/foto12-cascada-lamin\u0303a-1200x800.jpg 1200w, https:\/\/www.canariasviaja.com\/viajaresvivir\/wp-content\/uploads\/2020\/09\/foto12-cascada-lamin\u0303a-1620x1080.jpg 1620w\" sizes=\"(max-width: 2000px) 100vw, 2000px\" \/><figcaption>Cascadas de \u00darsula<\/figcaption><\/figure>\n\n\n\n<p>Haciendo noche en el <strong>Albergue Cabueriaventura<\/strong> y planeando la escapada hacia Li\u00e9bana y su entorno, en la frontera con Asturias, termino mi d\u00eda.<\/p>\n\n\n\n<div style=\"height:100px\" aria-hidden=\"true\" class=\"wp-block-spacer\"><\/div>\n\n\n\n<h3 class=\"wp-block-heading\">Potes, Capital Rural 2020: una parada en la Villa de Los Puentes<\/h3>\n\n\n\n<p><strong>Potes <\/strong>es mi ultima parada de esta escapada. Uno de los sitios mas tur\u00edsticos del <strong><a href=\"https:\/\/www.turismodecantabria.com\/descubrela\/zonas\/1-liebana\" target=\"_blank\" rel=\"noreferrer noopener\">valle del Li\u00e9bana<\/a><\/strong>. Desde all\u00ed visitar\u00e9, cerca del desfiladero de la Hermida, la <strong>ruta mitol\u00f3gica del monte Hozarco<\/strong> y el <strong>mirador de Santa Catalina.<\/strong><\/p>\n\n\n\n<figure class=\"wp-block-image size-large\"><img loading=\"lazy\" decoding=\"async\" width=\"2000\" height=\"1332\" src=\"http:\/\/www.canariasviaja.com\/viajaresvivir\/wp-content\/uploads\/2020\/09\/puentepotes.jpg\" alt=\"Potes en Oto\u00f1o\" class=\"wp-image-5153\" srcset=\"https:\/\/www.canariasviaja.com\/viajaresvivir\/wp-content\/uploads\/2020\/09\/puentepotes.jpg 2000w, https:\/\/www.canariasviaja.com\/viajaresvivir\/wp-content\/uploads\/2020\/09\/puentepotes-300x200.jpg 300w, https:\/\/www.canariasviaja.com\/viajaresvivir\/wp-content\/uploads\/2020\/09\/puentepotes-768x511.jpg 768w, https:\/\/www.canariasviaja.com\/viajaresvivir\/wp-content\/uploads\/2020\/09\/puentepotes-1536x1023.jpg 1536w, https:\/\/www.canariasviaja.com\/viajaresvivir\/wp-content\/uploads\/2020\/09\/puentepotes-1200x799.jpg 1200w, https:\/\/www.canariasviaja.com\/viajaresvivir\/wp-content\/uploads\/2020\/09\/puentepotes-1622x1080.jpg 1622w\" sizes=\"(max-width: 2000px) 100vw, 2000px\" \/><figcaption>Potes, Capital rural 2020<\/figcaption><\/figure>\n\n\n\n<p>Potes ha sido elegida <strong>\u00ab<a href=\"https:\/\/www.canariasviaja.com\/viajaresvivir\/descubriendo-los-pueblos-mas-bonitos-de-cantabria\/\">Capital rural 2020<\/a>\u00bb <\/strong>y all\u00ed se unen los r\u00edos Deva y Quiviesa que nacen en los <strong>Picos de Europa.<\/strong> &nbsp;Ha sido declarado Bien de Inter\u00e9s Cultural en 1983 por su casco hist\u00f3rico impresionante.&nbsp; Sus calles empedradas, llenas de recuerdos y productos t\u00edpicos, lo hacen un pueblo con much\u00edsimo encanto. <\/p>\n\n\n<div class=\"wp-block-image\">\n<figure class=\"aligncenter size-large is-resized\"><img decoding=\"async\" src=\"http:\/\/www.canariasviaja.com\/viajaresvivir\/wp-content\/uploads\/2020\/09\/potes.jpg\" alt=\"POtes oto\u00f1o en Cantabria\" class=\"wp-image-5137\" width=\"400\" srcset=\"https:\/\/www.canariasviaja.com\/viajaresvivir\/wp-content\/uploads\/2020\/09\/potes.jpg 682w, https:\/\/www.canariasviaja.com\/viajaresvivir\/wp-content\/uploads\/2020\/09\/potes-200x300.jpg 200w\" sizes=\"(max-width: 682px) 100vw, 682px\" \/><\/figure><\/div>\n\n\n<p>No le falta de nada y me paro en <strong><a rel=\"noreferrer noopener\" href=\"https:\/\/www.facebook.com\/lacasucadelpuente\" target=\"_blank\">La casuca del puente<\/a><\/strong> a tomar una infusi\u00f3n reconstituyente. No conozco turista o viajero que no se haya detenido en su fachada que te saca una sonrisa con carteles como este en un cristal que rezan \u00ab<em>hay una sonrisa debajo de tu nariz, \u00fasala<\/em>\u201d.<\/p>\n\n\n\n<figure class=\"wp-block-image size-large\"><img loading=\"lazy\" decoding=\"async\" width=\"2000\" height=\"1333\" src=\"http:\/\/www.canariasviaja.com\/viajaresvivir\/wp-content\/uploads\/2020\/09\/potesla-casuca-del-puente.jpg\" alt=\"Potes Cantabria\" class=\"wp-image-5151\" srcset=\"https:\/\/www.canariasviaja.com\/viajaresvivir\/wp-content\/uploads\/2020\/09\/potesla-casuca-del-puente.jpg 2000w, https:\/\/www.canariasviaja.com\/viajaresvivir\/wp-content\/uploads\/2020\/09\/potesla-casuca-del-puente-300x200.jpg 300w, https:\/\/www.canariasviaja.com\/viajaresvivir\/wp-content\/uploads\/2020\/09\/potesla-casuca-del-puente-768x512.jpg 768w, https:\/\/www.canariasviaja.com\/viajaresvivir\/wp-content\/uploads\/2020\/09\/potesla-casuca-del-puente-1536x1024.jpg 1536w, https:\/\/www.canariasviaja.com\/viajaresvivir\/wp-content\/uploads\/2020\/09\/potesla-casuca-del-puente-1200x800.jpg 1200w, https:\/\/www.canariasviaja.com\/viajaresvivir\/wp-content\/uploads\/2020\/09\/potesla-casuca-del-puente-1620x1080.jpg 1620w\" sizes=\"(max-width: 2000px) 100vw, 2000px\" \/><\/figure>\n\n\n\n<p>&nbsp;Sigo adentr\u00e1ndome en comercios y tiendas tan antiguos como <strong>Los Camachos<\/strong>, &nbsp;visitando la bolera o tom\u00e1ndome un <strong>orujo lebaniego<\/strong> <em>pa<\/em> entonar el frio. Aqu\u00ed si me detengo. La torre del infantado que tras ser rehabilitada se usa para exposiciones.<\/p>\n\n\n\n<figure class=\"wp-block-image size-large\"><img loading=\"lazy\" decoding=\"async\" width=\"2000\" height=\"1332\" src=\"http:\/\/www.canariasviaja.com\/viajaresvivir\/wp-content\/uploads\/2020\/09\/potes-1.jpg\" alt=\"Potes oto\u00f1o en Cantabria\" class=\"wp-image-5150\" srcset=\"https:\/\/www.canariasviaja.com\/viajaresvivir\/wp-content\/uploads\/2020\/09\/potes-1.jpg 2000w, https:\/\/www.canariasviaja.com\/viajaresvivir\/wp-content\/uploads\/2020\/09\/potes-1-300x200.jpg 300w, https:\/\/www.canariasviaja.com\/viajaresvivir\/wp-content\/uploads\/2020\/09\/potes-1-768x511.jpg 768w, https:\/\/www.canariasviaja.com\/viajaresvivir\/wp-content\/uploads\/2020\/09\/potes-1-1536x1023.jpg 1536w, https:\/\/www.canariasviaja.com\/viajaresvivir\/wp-content\/uploads\/2020\/09\/potes-1-1200x799.jpg 1200w, https:\/\/www.canariasviaja.com\/viajaresvivir\/wp-content\/uploads\/2020\/09\/potes-1-1622x1080.jpg 1622w\" sizes=\"(max-width: 2000px) 100vw, 2000px\" \/><figcaption>Tiendas tradicionales en Potes<\/figcaption><\/figure>\n\n\n\n<p>&nbsp;<strong>La &nbsp;Villa de los Puentes<\/strong>, como es llamada, bien merece visitarla para llevarte un t\u00e9 del puerto y un paseo con mucha historia.<\/p>\n\n\n\n<div style=\"height:100px\" aria-hidden=\"true\" class=\"wp-block-spacer\"><\/div>\n\n\n\n<h3 class=\"wp-block-heading\">Paseando por un bosque de f\u00e1bula en Hozarcos y tocando el cielo en Santa Catalina<\/h3>\n\n\n\n<p>El \u00faltimo recorrido, en pleno coraz\u00f3n de los Picos de Europa, es el que m\u00e1s ilusi\u00f3n me hace. Me vuelvo ni\u00f1a al pensar en esas figuras, llamadas la \u201coyancana\u201d, \u201cel arguetu\u201d, &nbsp;el \u201cmusgoso\u201d&nbsp; o el \u201ccaballuco del&nbsp; diablo\u201d, que te encuentras en la <strong><a href=\"https:\/\/www.turismodecantabria.com\/disfrutala\/que-visitar\/437-senda-mitologica-de-penarrubia\/buscador-aWRab25hPTYmaWRNdW5pY2lwaW89OCY=\" target=\"_blank\" rel=\"noreferrer noopener\">Senda Mitol\u00f3gica de Hozarco<\/a>,<\/strong> en Pe\u00f1arrubia, y a la que accedes desde el <strong><a href=\"https:\/\/www.cantabriarural.com\/lugares-de-interes\/desfiladero-de-la-hermida.html\" target=\"_blank\" rel=\"noreferrer noopener\">Desfiladero de la Hermida<\/a><\/strong>, bien llamado una de las <strong>10 carreteras mas espectaculares del mundo<\/strong> por sus curvas. En el pueblo de <strong>Linares<\/strong> en poco llegar\u00e1s a la <strong>ermita de Santa Catalina<\/strong>, donde se puede dejar el coche. Te adentras inmediatamente en un trazado de dos kil\u00f3metros ascendentes con muchas sorpresas que te har\u00e1n re\u00edr y so\u00f1ar.<\/p>\n\n\n\n<figure class=\"wp-block-image size-large\"><img loading=\"lazy\" decoding=\"async\" width=\"2000\" height=\"1333\" src=\"http:\/\/www.canariasviaja.com\/viajaresvivir\/wp-content\/uploads\/2020\/09\/sendamitologicahozarco.jpg\" alt=\"Senda mitol\u00f3gica de Hozarco\" class=\"wp-image-5156\" srcset=\"https:\/\/www.canariasviaja.com\/viajaresvivir\/wp-content\/uploads\/2020\/09\/sendamitologicahozarco.jpg 2000w, https:\/\/www.canariasviaja.com\/viajaresvivir\/wp-content\/uploads\/2020\/09\/sendamitologicahozarco-300x200.jpg 300w, https:\/\/www.canariasviaja.com\/viajaresvivir\/wp-content\/uploads\/2020\/09\/sendamitologicahozarco-768x512.jpg 768w, https:\/\/www.canariasviaja.com\/viajaresvivir\/wp-content\/uploads\/2020\/09\/sendamitologicahozarco-1536x1024.jpg 1536w, https:\/\/www.canariasviaja.com\/viajaresvivir\/wp-content\/uploads\/2020\/09\/sendamitologicahozarco-1200x800.jpg 1200w, https:\/\/www.canariasviaja.com\/viajaresvivir\/wp-content\/uploads\/2020\/09\/sendamitologicahozarco-1620x1080.jpg 1620w\" sizes=\"(max-width: 2000px) 100vw, 2000px\" \/><\/figure>\n\n\n\n<figure class=\"wp-block-image size-large\"><img loading=\"lazy\" decoding=\"async\" width=\"2000\" height=\"1332\" src=\"https:\/\/www.canariasviaja.com\/viajaresvivir\/wp-content\/uploads\/2020\/09\/Bosque-mitolo\u0301gico.jpg\" alt=\"\" class=\"wp-image-5166\" srcset=\"https:\/\/www.canariasviaja.com\/viajaresvivir\/wp-content\/uploads\/2020\/09\/Bosque-mitolo\u0301gico.jpg 2000w, https:\/\/www.canariasviaja.com\/viajaresvivir\/wp-content\/uploads\/2020\/09\/Bosque-mitolo\u0301gico-300x200.jpg 300w, https:\/\/www.canariasviaja.com\/viajaresvivir\/wp-content\/uploads\/2020\/09\/Bosque-mitolo\u0301gico-768x511.jpg 768w, https:\/\/www.canariasviaja.com\/viajaresvivir\/wp-content\/uploads\/2020\/09\/Bosque-mitolo\u0301gico-1536x1023.jpg 1536w, https:\/\/www.canariasviaja.com\/viajaresvivir\/wp-content\/uploads\/2020\/09\/Bosque-mitolo\u0301gico-1200x799.jpg 1200w, https:\/\/www.canariasviaja.com\/viajaresvivir\/wp-content\/uploads\/2020\/09\/Bosque-mitolo\u0301gico-1622x1080.jpg 1622w\" sizes=\"(max-width: 2000px) 100vw, 2000px\" \/><\/figure>\n\n\n\n<figure class=\"wp-block-image size-large\"><img loading=\"lazy\" decoding=\"async\" width=\"2000\" height=\"1333\" src=\"http:\/\/www.canariasviaja.com\/viajaresvivir\/wp-content\/uploads\/2020\/09\/sendamitologica-hozarco.jpg\" alt=\"Bosque mitol\u00f3gico en Cantabria\" class=\"wp-image-5155\" srcset=\"https:\/\/www.canariasviaja.com\/viajaresvivir\/wp-content\/uploads\/2020\/09\/sendamitologica-hozarco.jpg 2000w, https:\/\/www.canariasviaja.com\/viajaresvivir\/wp-content\/uploads\/2020\/09\/sendamitologica-hozarco-300x200.jpg 300w, https:\/\/www.canariasviaja.com\/viajaresvivir\/wp-content\/uploads\/2020\/09\/sendamitologica-hozarco-768x512.jpg 768w, https:\/\/www.canariasviaja.com\/viajaresvivir\/wp-content\/uploads\/2020\/09\/sendamitologica-hozarco-1536x1024.jpg 1536w, https:\/\/www.canariasviaja.com\/viajaresvivir\/wp-content\/uploads\/2020\/09\/sendamitologica-hozarco-1200x800.jpg 1200w, https:\/\/www.canariasviaja.com\/viajaresvivir\/wp-content\/uploads\/2020\/09\/sendamitologica-hozarco-1620x1080.jpg 1620w\" sizes=\"(max-width: 2000px) 100vw, 2000px\" \/><figcaption>Senda mitol\u00f3gica de Hozarcos<\/figcaption><\/figure>\n\n\n\n<figure class=\"wp-block-image size-large\"><img loading=\"lazy\" decoding=\"async\" width=\"2000\" height=\"1333\" src=\"http:\/\/www.canariasviaja.com\/viajaresvivir\/wp-content\/uploads\/2020\/09\/senda-mitologica-hozarcs.jpg\" alt=\"Bosque Mitol\u00f3gico Cantabria\" class=\"wp-image-5154\" srcset=\"https:\/\/www.canariasviaja.com\/viajaresvivir\/wp-content\/uploads\/2020\/09\/senda-mitologica-hozarcs.jpg 2000w, https:\/\/www.canariasviaja.com\/viajaresvivir\/wp-content\/uploads\/2020\/09\/senda-mitologica-hozarcs-300x200.jpg 300w, https:\/\/www.canariasviaja.com\/viajaresvivir\/wp-content\/uploads\/2020\/09\/senda-mitologica-hozarcs-768x512.jpg 768w, https:\/\/www.canariasviaja.com\/viajaresvivir\/wp-content\/uploads\/2020\/09\/senda-mitologica-hozarcs-1536x1024.jpg 1536w, https:\/\/www.canariasviaja.com\/viajaresvivir\/wp-content\/uploads\/2020\/09\/senda-mitologica-hozarcs-1200x800.jpg 1200w, https:\/\/www.canariasviaja.com\/viajaresvivir\/wp-content\/uploads\/2020\/09\/senda-mitologica-hozarcs-1620x1080.jpg 1620w\" sizes=\"(max-width: 2000px) 100vw, 2000px\" \/><figcaption>Senda mitol\u00f3gica de Hozarcos<\/figcaption><\/figure>\n\n\n\n<p>En el <strong>bosque Hozarcos<\/strong>, entre robles y hayas cuyos colores avivan el camino, las criaturas que son quince personajes de la mitolog\u00eda c\u00e1ntabra, creadas en fibra de vidrio y madera por el artista Fran Querol, son tus compa\u00f1eros hasta llegar al <strong><a rel=\"noreferrer noopener\" href=\"https:\/\/www.turismodecantabria.com\/disfrutala\/que-visitar\/438-mirador-de-santa-catalina\" target=\"_blank\">mirador de Santa Catalina<\/a><\/strong>, uno de los sitios m\u00e1s impresionantes, en donde a tu alrededor vuelan buitres, \u00e1guilas&nbsp; y donde, a una altura vertiginosa de 700 metros y puedes asomarte para ver los picos mas altos de la zona en un balc\u00f3n impresionante.<\/p>\n\n\n\n<figure class=\"wp-block-image size-large\"><img loading=\"lazy\" decoding=\"async\" width=\"2000\" height=\"1333\" src=\"http:\/\/www.canariasviaja.com\/viajaresvivir\/wp-content\/uploads\/2020\/09\/mirador-de-santa-catalina.jpg\" alt=\"Mirador de Santa catalina en Cantabria\" class=\"wp-image-5149\" srcset=\"https:\/\/www.canariasviaja.com\/viajaresvivir\/wp-content\/uploads\/2020\/09\/mirador-de-santa-catalina.jpg 2000w, https:\/\/www.canariasviaja.com\/viajaresvivir\/wp-content\/uploads\/2020\/09\/mirador-de-santa-catalina-300x200.jpg 300w, https:\/\/www.canariasviaja.com\/viajaresvivir\/wp-content\/uploads\/2020\/09\/mirador-de-santa-catalina-768x512.jpg 768w, https:\/\/www.canariasviaja.com\/viajaresvivir\/wp-content\/uploads\/2020\/09\/mirador-de-santa-catalina-1536x1024.jpg 1536w, https:\/\/www.canariasviaja.com\/viajaresvivir\/wp-content\/uploads\/2020\/09\/mirador-de-santa-catalina-1200x800.jpg 1200w, https:\/\/www.canariasviaja.com\/viajaresvivir\/wp-content\/uploads\/2020\/09\/mirador-de-santa-catalina-1620x1080.jpg 1620w\" sizes=\"(max-width: 2000px) 100vw, 2000px\" \/><figcaption>Mirador de Santa Catalina<\/figcaption><\/figure>\n\n\n\n<p>Ah\u00ed, durante un tiempo, me siento a contemplar con los prism\u00e1ticos el planeo de las aves. Mientras la niebla baja en las monta\u00f1as saco mis ultimas fotos sin duda las mas llamativas de mi \u00e1lbum, &nbsp;esas de las que luego puedes vacilar diciendo \u201c<em>mira, mira que pico me sub\u00ed sin apenas esfuerzo<\/em>\u201d. <strong>Una gran ventana a la monta\u00f1a.<\/strong><\/p>\n\n\n\n<div class=\"wp-block-buttons is-layout-flex wp-block-buttons-is-layout-flex\">\n<div class=\"wp-block-button aligncenter\"><a class=\"wp-block-button__link\" href=\"https:\/\/bit.ly\/36hUMcA\">\u00a1Disfruta del oto\u00f1o c\u00e1ntabro!<\/a><\/div>\n<\/div>\n\n\n\n<div style=\"height:100px\" aria-hidden=\"true\" class=\"wp-block-spacer\"><\/div>\n\n\n\n<p>La autora: <strong><a href=\"http:\/\/www.mercedesmenendez-de-pedro.es\/\" target=\"_blank\" rel=\"noreferrer noopener\">Mercedes Men\u00e9ndez<\/a><\/strong> es  fotoperiodista y fot\u00f3grafa documental. Ha trabajado en varios medios de comunicaci\u00f3n y agencias. Dentro de la profesi\u00f3n le interesan especialmente los temas sociales. Combina sus pasiones en la vida con la monta\u00f1a y los viajes ocasionales.<\/p>\n","protected":false},"excerpt":{"rendered":"<p>La fotoperiodista asturiana Mercedes Men\u00e9ndez coge su c\u00e1mara y su mochila y cruza a Cantabria para descubrirnos algunos de los planes que podemos vivir este oto\u00f1o.<\/p>\n","protected":false},"author":49,"featured_media":5155,"comment_status":"open","ping_status":"open","sticky":false,"template":"","format":"standard","meta":{"_acf_changed":false,"sfsi_plus_gutenberg_text_before_share":"","sfsi_plus_gutenberg_show_text_before_share":"","sfsi_plus_gutenberg_icon_type":"","sfsi_plus_gutenberg_icon_alignemt":"","sfsi_plus_gutenburg_max_per_row":"","footnotes":""},"categories":[125,124,8,123,10,100,350],"tags":[630,627,456,628,489,631,231,582,629,116],"class_list":["post-5135","post","type-post","status-publish","format-standard","has-post-thumbnail","hentry","category-aventurate","category-descubre","category-diariodeviaje","category-explora","category-historias-viajeras","category-peninsulaybaleares","category-santander-peninsulaybaleares","tag-barcenillas","tag-bosques","tag-cantabria","tag-castro-urdiales","tag-escapada-en-la-naturaleza","tag-hozarco","tag-otono","tag-potes","tag-secuoyas","tag-senderismo"],"acf":[],"yoast_head":"<!-- This site is optimized with the Yoast SEO plugin v24.1 - https:\/\/yoast.com\/wordpress\/plugins\/seo\/ -->\n<title>Oto\u00f1o en Cantabria: mitolog\u00eda y naturaleza en la mochila - Viajar es vivir<\/title>\n<meta name=\"description\" content=\"El oto\u00f1o en Cantabria se vive en los bosques, donde habitan seres mitol\u00f3gicos o y en los pueblos de casas empedradas y villas con historia.\" \/>\n<meta name=\"robots\" content=\"index, follow, max-snippet:-1, max-image-preview:large, max-video-preview:-1\" \/>\n<link rel=\"canonical\" href=\"https:\/\/www.canariasviaja.com\/viajaresvivir\/otono-en-cantabria-mitologia-y-naturaleza-en-la-mochila\/\" \/>\n<meta property=\"og:locale\" content=\"es_ES\" \/>\n<meta property=\"og:type\" content=\"article\" \/>\n<meta property=\"og:title\" content=\"Oto\u00f1o en Cantabria: mitolog\u00eda y naturaleza en la mochila - Viajar es vivir\" \/>\n<meta property=\"og:description\" content=\"El oto\u00f1o en Cantabria se vive en los bosques, donde habitan seres mitol\u00f3gicos o y en los pueblos de casas empedradas y villas con historia.\" \/>\n<meta property=\"og:url\" content=\"https:\/\/www.canariasviaja.com\/viajaresvivir\/otono-en-cantabria-mitologia-y-naturaleza-en-la-mochila\/\" \/>\n<meta property=\"og:site_name\" content=\"Viajar es vivir\" \/>\n<meta property=\"article:published_time\" content=\"2020-09-30T11:28:43+00:00\" \/>\n<meta property=\"article:modified_time\" content=\"2022-10-06T14:50:45+00:00\" \/>\n<meta property=\"og:image\" content=\"http:\/\/www.canariasviaja.com\/viajaresvivir\/wp-content\/uploads\/2020\/09\/sendamitologica-hozarco.jpg\" \/>\n\t<meta property=\"og:image:width\" content=\"2000\" \/>\n\t<meta property=\"og:image:height\" content=\"1333\" \/>\n\t<meta property=\"og:image:type\" content=\"image\/jpeg\" \/>\n<meta name=\"author\" content=\"Mercedes M.\" \/>\n<meta name=\"twitter:card\" content=\"summary_large_image\" \/>\n<meta name=\"twitter:label1\" content=\"Escrito por\" \/>\n\t<meta name=\"twitter:data1\" content=\"Mercedes M.\" \/>\n\t<meta name=\"twitter:label2\" content=\"Tiempo de lectura\" \/>\n\t<meta name=\"twitter:data2\" content=\"11 minutos\" \/>\n<script type=\"application\/ld+json\" class=\"yoast-schema-graph\">{\"@context\":\"https:\/\/schema.org\",\"@graph\":[{\"@type\":\"WebPage\",\"@id\":\"https:\/\/www.canariasviaja.com\/viajaresvivir\/otono-en-cantabria-mitologia-y-naturaleza-en-la-mochila\/\",\"url\":\"https:\/\/www.canariasviaja.com\/viajaresvivir\/otono-en-cantabria-mitologia-y-naturaleza-en-la-mochila\/\",\"name\":\"Oto\u00f1o en Cantabria: mitolog\u00eda y naturaleza en la mochila - Viajar es vivir\",\"isPartOf\":{\"@id\":\"https:\/\/www.canariasviaja.com\/viajaresvivir\/#website\"},\"primaryImageOfPage\":{\"@id\":\"https:\/\/www.canariasviaja.com\/viajaresvivir\/otono-en-cantabria-mitologia-y-naturaleza-en-la-mochila\/#primaryimage\"},\"image\":{\"@id\":\"https:\/\/www.canariasviaja.com\/viajaresvivir\/otono-en-cantabria-mitologia-y-naturaleza-en-la-mochila\/#primaryimage\"},\"thumbnailUrl\":\"https:\/\/www.canariasviaja.com\/viajaresvivir\/wp-content\/uploads\/2020\/09\/sendamitologica-hozarco.jpg\",\"datePublished\":\"2020-09-30T11:28:43+00:00\",\"dateModified\":\"2022-10-06T14:50:45+00:00\",\"author\":{\"@id\":\"https:\/\/www.canariasviaja.com\/viajaresvivir\/#\/schema\/person\/13d9dbaac4d067fcac74ecc6aa504770\"},\"description\":\"El oto\u00f1o en Cantabria se vive en los bosques, donde habitan seres mitol\u00f3gicos o y en los pueblos de casas empedradas y villas con historia.\",\"breadcrumb\":{\"@id\":\"https:\/\/www.canariasviaja.com\/viajaresvivir\/otono-en-cantabria-mitologia-y-naturaleza-en-la-mochila\/#breadcrumb\"},\"inLanguage\":\"es\",\"potentialAction\":[{\"@type\":\"ReadAction\",\"target\":[\"https:\/\/www.canariasviaja.com\/viajaresvivir\/otono-en-cantabria-mitologia-y-naturaleza-en-la-mochila\/\"]}]},{\"@type\":\"ImageObject\",\"inLanguage\":\"es\",\"@id\":\"https:\/\/www.canariasviaja.com\/viajaresvivir\/otono-en-cantabria-mitologia-y-naturaleza-en-la-mochila\/#primaryimage\",\"url\":\"https:\/\/www.canariasviaja.com\/viajaresvivir\/wp-content\/uploads\/2020\/09\/sendamitologica-hozarco.jpg\",\"contentUrl\":\"https:\/\/www.canariasviaja.com\/viajaresvivir\/wp-content\/uploads\/2020\/09\/sendamitologica-hozarco.jpg\",\"width\":2000,\"height\":1333,\"caption\":\"Bosque mitol\u00f3gico en Cantabria\"},{\"@type\":\"BreadcrumbList\",\"@id\":\"https:\/\/www.canariasviaja.com\/viajaresvivir\/otono-en-cantabria-mitologia-y-naturaleza-en-la-mochila\/#breadcrumb\",\"itemListElement\":[{\"@type\":\"ListItem\",\"position\":1,\"name\":\"Portada\",\"item\":\"https:\/\/www.canariasviaja.com\/viajaresvivir\/\"},{\"@type\":\"ListItem\",\"position\":2,\"name\":\"Oto\u00f1o en Cantabria: mitolog\u00eda y naturaleza en la mochila\"}]},{\"@type\":\"WebSite\",\"@id\":\"https:\/\/www.canariasviaja.com\/viajaresvivir\/#website\",\"url\":\"https:\/\/www.canariasviaja.com\/viajaresvivir\/\",\"name\":\"Viajar es vivir\",\"description\":\"El blog de viajes y estilo de vida de CanariasViaja\",\"potentialAction\":[{\"@type\":\"SearchAction\",\"target\":{\"@type\":\"EntryPoint\",\"urlTemplate\":\"https:\/\/www.canariasviaja.com\/viajaresvivir\/?s={search_term_string}\"},\"query-input\":{\"@type\":\"PropertyValueSpecification\",\"valueRequired\":true,\"valueName\":\"search_term_string\"}}],\"inLanguage\":\"es\"},{\"@type\":\"Person\",\"@id\":\"https:\/\/www.canariasviaja.com\/viajaresvivir\/#\/schema\/person\/13d9dbaac4d067fcac74ecc6aa504770\",\"name\":\"Mercedes M.\",\"image\":{\"@type\":\"ImageObject\",\"inLanguage\":\"es\",\"@id\":\"https:\/\/www.canariasviaja.com\/viajaresvivir\/#\/schema\/person\/image\/\",\"url\":\"https:\/\/secure.gravatar.com\/avatar\/77cb827a565907e0eaaa4fe8f7b03c2c?s=96&d=mm&r=g\",\"contentUrl\":\"https:\/\/secure.gravatar.com\/avatar\/77cb827a565907e0eaaa4fe8f7b03c2c?s=96&d=mm&r=g\",\"caption\":\"Mercedes M.\"},\"url\":\"https:\/\/www.canariasviaja.com\/viajaresvivir\/author\/mercedes-menendez\/\"}]}<\/script>\n<!-- \/ Yoast SEO plugin. -->","yoast_head_json":{"title":"Oto\u00f1o en Cantabria: mitolog\u00eda y naturaleza en la mochila - Viajar es vivir","description":"El oto\u00f1o en Cantabria se vive en los bosques, donde habitan seres mitol\u00f3gicos o y en los pueblos de casas empedradas y villas con historia.","robots":{"index":"index","follow":"follow","max-snippet":"max-snippet:-1","max-image-preview":"max-image-preview:large","max-video-preview":"max-video-preview:-1"},"canonical":"https:\/\/www.canariasviaja.com\/viajaresvivir\/otono-en-cantabria-mitologia-y-naturaleza-en-la-mochila\/","og_locale":"es_ES","og_type":"article","og_title":"Oto\u00f1o en Cantabria: mitolog\u00eda y naturaleza en la mochila - Viajar es vivir","og_description":"El oto\u00f1o en Cantabria se vive en los bosques, donde habitan seres mitol\u00f3gicos o y en los pueblos de casas empedradas y villas con historia.","og_url":"https:\/\/www.canariasviaja.com\/viajaresvivir\/otono-en-cantabria-mitologia-y-naturaleza-en-la-mochila\/","og_site_name":"Viajar es vivir","article_published_time":"2020-09-30T11:28:43+00:00","article_modified_time":"2022-10-06T14:50:45+00:00","og_image":[{"width":2000,"height":1333,"url":"http:\/\/www.canariasviaja.com\/viajaresvivir\/wp-content\/uploads\/2020\/09\/sendamitologica-hozarco.jpg","type":"image\/jpeg"}],"author":"Mercedes M.","twitter_card":"summary_large_image","twitter_misc":{"Escrito por":"Mercedes M.","Tiempo de lectura":"11 minutos"},"schema":{"@context":"https:\/\/schema.org","@graph":[{"@type":"WebPage","@id":"https:\/\/www.canariasviaja.com\/viajaresvivir\/otono-en-cantabria-mitologia-y-naturaleza-en-la-mochila\/","url":"https:\/\/www.canariasviaja.com\/viajaresvivir\/otono-en-cantabria-mitologia-y-naturaleza-en-la-mochila\/","name":"Oto\u00f1o en Cantabria: mitolog\u00eda y naturaleza en la mochila - Viajar es vivir","isPartOf":{"@id":"https:\/\/www.canariasviaja.com\/viajaresvivir\/#website"},"primaryImageOfPage":{"@id":"https:\/\/www.canariasviaja.com\/viajaresvivir\/otono-en-cantabria-mitologia-y-naturaleza-en-la-mochila\/#primaryimage"},"image":{"@id":"https:\/\/www.canariasviaja.com\/viajaresvivir\/otono-en-cantabria-mitologia-y-naturaleza-en-la-mochila\/#primaryimage"},"thumbnailUrl":"https:\/\/www.canariasviaja.com\/viajaresvivir\/wp-content\/uploads\/2020\/09\/sendamitologica-hozarco.jpg","datePublished":"2020-09-30T11:28:43+00:00","dateModified":"2022-10-06T14:50:45+00:00","author":{"@id":"https:\/\/www.canariasviaja.com\/viajaresvivir\/#\/schema\/person\/13d9dbaac4d067fcac74ecc6aa504770"},"description":"El oto\u00f1o en Cantabria se vive en los bosques, donde habitan seres mitol\u00f3gicos o y en los pueblos de casas empedradas y villas con historia.","breadcrumb":{"@id":"https:\/\/www.canariasviaja.com\/viajaresvivir\/otono-en-cantabria-mitologia-y-naturaleza-en-la-mochila\/#breadcrumb"},"inLanguage":"es","potentialAction":[{"@type":"ReadAction","target":["https:\/\/www.canariasviaja.com\/viajaresvivir\/otono-en-cantabria-mitologia-y-naturaleza-en-la-mochila\/"]}]},{"@type":"ImageObject","inLanguage":"es","@id":"https:\/\/www.canariasviaja.com\/viajaresvivir\/otono-en-cantabria-mitologia-y-naturaleza-en-la-mochila\/#primaryimage","url":"https:\/\/www.canariasviaja.com\/viajaresvivir\/wp-content\/uploads\/2020\/09\/sendamitologica-hozarco.jpg","contentUrl":"https:\/\/www.canariasviaja.com\/viajaresvivir\/wp-content\/uploads\/2020\/09\/sendamitologica-hozarco.jpg","width":2000,"height":1333,"caption":"Bosque mitol\u00f3gico en Cantabria"},{"@type":"BreadcrumbList","@id":"https:\/\/www.canariasviaja.com\/viajaresvivir\/otono-en-cantabria-mitologia-y-naturaleza-en-la-mochila\/#breadcrumb","itemListElement":[{"@type":"ListItem","position":1,"name":"Portada","item":"https:\/\/www.canariasviaja.com\/viajaresvivir\/"},{"@type":"ListItem","position":2,"name":"Oto\u00f1o en Cantabria: mitolog\u00eda y naturaleza en la mochila"}]},{"@type":"WebSite","@id":"https:\/\/www.canariasviaja.com\/viajaresvivir\/#website","url":"https:\/\/www.canariasviaja.com\/viajaresvivir\/","name":"Viajar es vivir","description":"El blog de viajes y estilo de vida de CanariasViaja","potentialAction":[{"@type":"SearchAction","target":{"@type":"EntryPoint","urlTemplate":"https:\/\/www.canariasviaja.com\/viajaresvivir\/?s={search_term_string}"},"query-input":{"@type":"PropertyValueSpecification","valueRequired":true,"valueName":"search_term_string"}}],"inLanguage":"es"},{"@type":"Person","@id":"https:\/\/www.canariasviaja.com\/viajaresvivir\/#\/schema\/person\/13d9dbaac4d067fcac74ecc6aa504770","name":"Mercedes M.","image":{"@type":"ImageObject","inLanguage":"es","@id":"https:\/\/www.canariasviaja.com\/viajaresvivir\/#\/schema\/person\/image\/","url":"https:\/\/secure.gravatar.com\/avatar\/77cb827a565907e0eaaa4fe8f7b03c2c?s=96&d=mm&r=g","contentUrl":"https:\/\/secure.gravatar.com\/avatar\/77cb827a565907e0eaaa4fe8f7b03c2c?s=96&d=mm&r=g","caption":"Mercedes M."},"url":"https:\/\/www.canariasviaja.com\/viajaresvivir\/author\/mercedes-menendez\/"}]}},"_links":{"self":[{"href":"https:\/\/www.canariasviaja.com\/viajaresvivir\/wp-json\/wp\/v2\/posts\/5135"}],"collection":[{"href":"https:\/\/www.canariasviaja.com\/viajaresvivir\/wp-json\/wp\/v2\/posts"}],"about":[{"href":"https:\/\/www.canariasviaja.com\/viajaresvivir\/wp-json\/wp\/v2\/types\/post"}],"author":[{"embeddable":true,"href":"https:\/\/www.canariasviaja.com\/viajaresvivir\/wp-json\/wp\/v2\/users\/49"}],"replies":[{"embeddable":true,"href":"https:\/\/www.canariasviaja.com\/viajaresvivir\/wp-json\/wp\/v2\/comments?post=5135"}],"version-history":[{"count":9,"href":"https:\/\/www.canariasviaja.com\/viajaresvivir\/wp-json\/wp\/v2\/posts\/5135\/revisions"}],"predecessor-version":[{"id":9544,"href":"https:\/\/www.canariasviaja.com\/viajaresvivir\/wp-json\/wp\/v2\/posts\/5135\/revisions\/9544"}],"wp:featuredmedia":[{"embeddable":true,"href":"https:\/\/www.canariasviaja.com\/viajaresvivir\/wp-json\/wp\/v2\/media\/5155"}],"wp:attachment":[{"href":"https:\/\/www.canariasviaja.com\/viajaresvivir\/wp-json\/wp\/v2\/media?parent=5135"}],"wp:term":[{"taxonomy":"category","embeddable":true,"href":"https:\/\/www.canariasviaja.com\/viajaresvivir\/wp-json\/wp\/v2\/categories?post=5135"},{"taxonomy":"post_tag","embeddable":true,"href":"https:\/\/www.canariasviaja.com\/viajaresvivir\/wp-json\/wp\/v2\/tags?post=5135"}],"curies":[{"name":"wp","href":"https:\/\/api.w.org\/{rel}","templated":true}]}}