{"id":5307,"date":"2020-10-15T10:48:58","date_gmt":"2020-10-15T10:48:58","guid":{"rendered":"http:\/\/www.canariasviaja.com\/viajaresvivir\/?p=5307"},"modified":"2020-10-16T14:10:30","modified_gmt":"2020-10-16T14:10:30","slug":"belem-el-barrio-de-los-descubrimientos","status":"publish","type":"post","link":"https:\/\/www.canariasviaja.com\/viajaresvivir\/belem-el-barrio-de-los-descubrimientos\/","title":{"rendered":"Bel\u00e9m, el barrio de los descubrimientos"},"content":{"rendered":"\n<p>Bel\u00e9m es uno de los <strong>barrios lisboetas<\/strong> que no te puedes perder si viajas a Lisboa. Hay decenas de motivos para coger el tranv\u00eda o el autob\u00fas y dirigirte a este barrio situado en las afueras de Lisboa, en direcci\u00f3n hacia la desembocadura del Tajo. En sus calles encontrar\u00e1s <strong>historia,  gastronom\u00eda, arquitectura, museos, cultura,  jardines y vistas incre\u00edbles al Tajo.<\/strong><\/p>\n\n\n\n<p>Bel\u00e9m es un lugar con mucha historia. Desde la orilla de la  <strong>playa de Restrelo<\/strong> partieron los nav\u00edos y carabelas que descubrir\u00edan otros continentes y que convertir\u00edan a Portugal en uno de los <strong>imperios<\/strong> m\u00e1s poderosos del mundo.<\/p>\n\n\n\n<p>La importante historia mar\u00edtima de Portugal se refleja en algunos de los monumentos que encontraremos aqu\u00ed, como la <strong>Torre de Belem<\/strong> o el <strong>Monasterio de los Jer\u00f3nimos<\/strong>, construido con los impuestos recaudados en las colonias.<\/p>\n\n\n\n<p>La celebraci\u00f3n de la <strong>Exposici\u00f3n del Mundo Portugu\u00e9s<\/strong> de 1940 fue clave en el desarrollo de la zona. Bel\u00e9m entr\u00f3 en el siglo XX con la urbanizaci\u00f3n de sus calles y la construcci\u00f3n de pabellones, plazas y monumentos, como <strong>la Plaza del Imperio.<\/strong><\/p>\n\n\n\n<p>Vamos a dar un paseo por el <strong>barrio de Bel\u00e9m<\/strong>, un barrio lleno de historia.<\/p>\n\n\n\n<h2 class=\"wp-block-heading\">Como llegar a Bel\u00e9m<\/h2>\n\n\n\n<p>Pese a estar un poco alejado del centro, Bel\u00e9m est\u00e1 muy bien comunicado por autob\u00fas (728) y tranv\u00eda (15). El viaje de algo m\u00e1s de media hora bien vale la pena porque encontrar\u00e1s algunos de los monumentos m\u00e1s emblem\u00e1ticos de Lisboa como la <strong>Torre de Bel\u00e9m<\/strong> o el <strong>Monasterio de los Jer\u00f3nimos<\/strong>,  monumentos Patrimonio de la Humanidad y muchos <strong>museos <\/strong>interesantes, como el <strong>Museo Nacional de Carruajes.<\/strong><\/p>\n\n\n\n<p><\/p>\n\n\n\n<figure class=\"wp-block-image size-large\"><img loading=\"lazy\" decoding=\"async\" width=\"2000\" height=\"1335\" src=\"http:\/\/www.canariasviaja.com\/viajaresvivir\/wp-content\/uploads\/2020\/10\/LIsboa-3.jpg\" alt=\"\" class=\"wp-image-5331\" srcset=\"https:\/\/www.canariasviaja.com\/viajaresvivir\/wp-content\/uploads\/2020\/10\/LIsboa-3.jpg 2000w, https:\/\/www.canariasviaja.com\/viajaresvivir\/wp-content\/uploads\/2020\/10\/LIsboa-3-300x200.jpg 300w, https:\/\/www.canariasviaja.com\/viajaresvivir\/wp-content\/uploads\/2020\/10\/LIsboa-3-768x513.jpg 768w, https:\/\/www.canariasviaja.com\/viajaresvivir\/wp-content\/uploads\/2020\/10\/LIsboa-3-1536x1025.jpg 1536w, https:\/\/www.canariasviaja.com\/viajaresvivir\/wp-content\/uploads\/2020\/10\/LIsboa-3-1200x801.jpg 1200w, https:\/\/www.canariasviaja.com\/viajaresvivir\/wp-content\/uploads\/2020\/10\/LIsboa-3-1618x1080.jpg 1618w\" sizes=\"(max-width: 2000px) 100vw, 2000px\" \/><\/figure>\n\n\n\n<h2 class=\"wp-block-heading\">Qu\u00e9 ver en Bel\u00e9m<\/h2>\n\n\n\n<p>En Bel\u00e9m <strong><a rel=\"noreferrer noopener\" href=\"http:\/\/www.visitbelem.pt\/Default\/es\/Quever\" target=\"_blank\">hay much\u00edsimo que ver<\/a><\/strong>, as\u00ed que programa al menos una ma\u00f1ana para poder recorrerlo y entrar a alguno de sus museos o monumentos. Pero si quieres visitar varios museos y monumentos, bloquea un d\u00eda de tu viaje para explorar uno de los barrios m\u00e1s interesantes de la ciudad.<\/p>\n\n\n\n<p><\/p>\n\n\n\n<h3 class=\"wp-block-heading\">El Monasterio de los Jer\u00f3nimos<\/h3>\n\n\n\n<figure class=\"wp-block-image size-large\"><img loading=\"lazy\" decoding=\"async\" width=\"2000\" height=\"1335\" src=\"http:\/\/www.canariasviaja.com\/viajaresvivir\/wp-content\/uploads\/2020\/10\/LIsboa-11.jpg\" alt=\"Monasterio de los Jer\u00f3nimos en Belem\" class=\"wp-image-5308\" srcset=\"https:\/\/www.canariasviaja.com\/viajaresvivir\/wp-content\/uploads\/2020\/10\/LIsboa-11.jpg 2000w, https:\/\/www.canariasviaja.com\/viajaresvivir\/wp-content\/uploads\/2020\/10\/LIsboa-11-300x200.jpg 300w, https:\/\/www.canariasviaja.com\/viajaresvivir\/wp-content\/uploads\/2020\/10\/LIsboa-11-768x513.jpg 768w, https:\/\/www.canariasviaja.com\/viajaresvivir\/wp-content\/uploads\/2020\/10\/LIsboa-11-1536x1025.jpg 1536w, https:\/\/www.canariasviaja.com\/viajaresvivir\/wp-content\/uploads\/2020\/10\/LIsboa-11-1200x801.jpg 1200w, https:\/\/www.canariasviaja.com\/viajaresvivir\/wp-content\/uploads\/2020\/10\/LIsboa-11-1618x1080.jpg 1618w\" sizes=\"(max-width: 2000px) 100vw, 2000px\" \/><\/figure>\n\n\n\n<p>Sus trescientos metros de fachada te dejar\u00e1n sin palabras. Est\u00e1s ante uno de los monumentos m\u00e1s importantes de Portugal y ante la joya del <strong>estilo manuelino. <\/strong><\/p>\n\n\n\n<p>El <strong>Monasterio de los Jer\u00f3nimos<\/strong> (<em>Mosteiro dos Jer\u00f3nimos<\/em>) est\u00e1 construido sobre los restos de una antigua ermita fundada por Enrique el Navegante donde, se cuenta, <strong>Vasco de Gama<\/strong> y su tripulaci\u00f3n rezaron&nbsp;antes de viajar a la India.<\/p>\n\n\n\n<p>El rey Manuel I orden\u00f3 su construcci\u00f3n para celebrar el regreso de la India de Vasco de Gama y esta fue financiada con los impuestos procedentes de las colonias. El Monasterio termin\u00f3 de construirse en el siglo XVI, aunque el ala oeste y el campanario no se terminaron hasta el XIX, y se puede apreciar que no guardan armon\u00eda con el resto del conjunto.<\/p>\n\n\n\n<figure class=\"wp-block-image size-large\"><img loading=\"lazy\" decoding=\"async\" width=\"2000\" height=\"1335\" src=\"http:\/\/www.canariasviaja.com\/viajaresvivir\/wp-content\/uploads\/2020\/10\/LIsboa-7.jpg\" alt=\"Monasterio de los jer\u00f3nimos\" class=\"wp-image-5335\" srcset=\"https:\/\/www.canariasviaja.com\/viajaresvivir\/wp-content\/uploads\/2020\/10\/LIsboa-7.jpg 2000w, https:\/\/www.canariasviaja.com\/viajaresvivir\/wp-content\/uploads\/2020\/10\/LIsboa-7-300x200.jpg 300w, https:\/\/www.canariasviaja.com\/viajaresvivir\/wp-content\/uploads\/2020\/10\/LIsboa-7-768x513.jpg 768w, https:\/\/www.canariasviaja.com\/viajaresvivir\/wp-content\/uploads\/2020\/10\/LIsboa-7-1536x1025.jpg 1536w, https:\/\/www.canariasviaja.com\/viajaresvivir\/wp-content\/uploads\/2020\/10\/LIsboa-7-1200x801.jpg 1200w, https:\/\/www.canariasviaja.com\/viajaresvivir\/wp-content\/uploads\/2020\/10\/LIsboa-7-1618x1080.jpg 1618w\" sizes=\"(max-width: 2000px) 100vw, 2000px\" \/><\/figure>\n\n\n\n<p>Vale la pena entrar y descubrir su hermoso <strong>claustro y su iglesia.<\/strong> Si quieres visitarlo, acude temprano porque se forman importantes colas para acceder. En una de sus alas se encuentra el  <strong><a rel=\"noreferrer noopener\" href=\"https:\/\/www.lisboa.es\/que-ver\/museo-nacional-de-arqueologia\/\" target=\"_blank\">Museo de Arqueolog\u00eda<\/a><\/strong>, el m\u00e1s importante de Portugal en su campo.<\/p>\n\n\n\n<p>Frente al Monasterio, la <strong><a rel=\"noreferrer noopener\" href=\"http:\/\/www.visitbelem.pt\/Default\/es\/Quever\/Jardinesyespaciosalairelibre\/PlazadelImperio\" target=\"_blank\">Plaza del Imperio<\/a>,<\/strong> la mayor plaza de Portugal construida para la Exposici\u00f3n del Mundo Portugu\u00e9s.<\/p>\n\n\n\n<p>Al otro lado de la Plaza encontrar\u00e1s uno de los dos edificios del <strong><a rel=\"noreferrer noopener\" href=\"https:\/\/www.lisboa.es\/que-ver\/museo-de-carruajes\/\" target=\"_blank\">Museo Nacional de Carruajes<\/a><\/strong>, que guarda una valiosa colecci\u00f3n de carruajes de los siglos XVII al XIX.<\/p>\n\n\n\n<h3 class=\"wp-block-heading\">Centro Cultural de Bel\u00e9m<\/h3>\n\n\n\n<figure class=\"wp-block-image size-large\"><img loading=\"lazy\" decoding=\"async\" width=\"2000\" height=\"1335\" src=\"http:\/\/www.canariasviaja.com\/viajaresvivir\/wp-content\/uploads\/2020\/10\/LIsboa-12.jpg\" alt=\"Centro Cultural de Belem\" class=\"wp-image-5309\" srcset=\"https:\/\/www.canariasviaja.com\/viajaresvivir\/wp-content\/uploads\/2020\/10\/LIsboa-12.jpg 2000w, https:\/\/www.canariasviaja.com\/viajaresvivir\/wp-content\/uploads\/2020\/10\/LIsboa-12-300x200.jpg 300w, https:\/\/www.canariasviaja.com\/viajaresvivir\/wp-content\/uploads\/2020\/10\/LIsboa-12-768x513.jpg 768w, https:\/\/www.canariasviaja.com\/viajaresvivir\/wp-content\/uploads\/2020\/10\/LIsboa-12-1536x1025.jpg 1536w, https:\/\/www.canariasviaja.com\/viajaresvivir\/wp-content\/uploads\/2020\/10\/LIsboa-12-1200x801.jpg 1200w, https:\/\/www.canariasviaja.com\/viajaresvivir\/wp-content\/uploads\/2020\/10\/LIsboa-12-1618x1080.jpg 1618w\" sizes=\"(max-width: 2000px) 100vw, 2000px\" \/><\/figure>\n\n\n\n<p>A unos metros de los Jer\u00f3nimos, pero a varios siglos de distancia, encontramos en <strong>Centro Cultural de Bel\u00e9m<\/strong>, dise\u00f1ado por los arquitectos Manuel Salgado y Vittorio Gregotti con motivo de la entrada de Portugal en la Uni\u00f3n Europea y una de las referencias del Portugal Moderno.<\/p>\n\n\n\n<p>En Centro Cultural de Belem acoge la colecci\u00f3n m\u00e1s importantes de arte moderno y contempor\u00e1neo del pa\u00eds, el <strong><a rel=\"noreferrer noopener\" href=\"https:\/\/en.museuberardo.pt\/\" target=\"_blank\">Museo Berardo<\/a><\/strong>, con piezas de artistas internacionales con Wharhol, Pablo Picasso, Fracis Bacon, entre muchos otros, y de artistas contempor\u00e1neos portugueses como Vieira da Silva. Un recorrido por la creaci\u00f3n art\u00edstica del siglo XX..<\/p>\n\n\n\n<p>El<strong> Centro Cultural de Bel\u00e9m<\/strong> atrae a muchos lisboetas y visitantes con sus exposiciones y conciertos, pero tambi\u00e9n con sus jardines y terrazas, y es uno de los principales polos culturales de la ciudad.<\/p>\n\n\n\n<p><\/p>\n\n\n\n<h3 class=\"wp-block-heading\">Monumento a los Descubrimientos<\/h3>\n\n\n\n<figure class=\"wp-block-image size-large\"><img loading=\"lazy\" decoding=\"async\" width=\"2000\" height=\"1335\" src=\"http:\/\/www.canariasviaja.com\/viajaresvivir\/wp-content\/uploads\/2020\/10\/LIsboa-14.jpg\" alt=\"Monumento al descubrimiento\" class=\"wp-image-5311\" srcset=\"https:\/\/www.canariasviaja.com\/viajaresvivir\/wp-content\/uploads\/2020\/10\/LIsboa-14.jpg 2000w, https:\/\/www.canariasviaja.com\/viajaresvivir\/wp-content\/uploads\/2020\/10\/LIsboa-14-300x200.jpg 300w, https:\/\/www.canariasviaja.com\/viajaresvivir\/wp-content\/uploads\/2020\/10\/LIsboa-14-768x513.jpg 768w, https:\/\/www.canariasviaja.com\/viajaresvivir\/wp-content\/uploads\/2020\/10\/LIsboa-14-1536x1025.jpg 1536w, https:\/\/www.canariasviaja.com\/viajaresvivir\/wp-content\/uploads\/2020\/10\/LIsboa-14-1200x801.jpg 1200w, https:\/\/www.canariasviaja.com\/viajaresvivir\/wp-content\/uploads\/2020\/10\/LIsboa-14-1618x1080.jpg 1618w\" sizes=\"(max-width: 2000px) 100vw, 2000px\" \/><\/figure>\n\n\n\n<p>Creado como una obra ef\u00edmera para la Exposici\u00f3n del Mundo Portugu\u00e9s, por el arquitecto Cottinelli Telmo y el escultor Leopoldo de Almeida, fue reconstuido, de manera definitiva, con motivo del 500 aniversario de la muerte del infante D. Henrique. Con este motivo, el Gobierno de Sud\u00e1frica regalo la monumental <strong>Rosa de los Vientos,<\/strong> dise\u00f1ada en el estudio del arquitecto Cristino da Silva, que decora el pavimento a los pies del monumento.&nbsp;<\/p>\n\n\n\n<figure class=\"wp-block-image size-large\"><img loading=\"lazy\" decoding=\"async\" width=\"2000\" height=\"1335\" src=\"http:\/\/www.canariasviaja.com\/viajaresvivir\/wp-content\/uploads\/2020\/10\/LIsboa-13.jpg\" alt=\"Rosa de los vientos\" class=\"wp-image-5310\" srcset=\"https:\/\/www.canariasviaja.com\/viajaresvivir\/wp-content\/uploads\/2020\/10\/LIsboa-13.jpg 2000w, https:\/\/www.canariasviaja.com\/viajaresvivir\/wp-content\/uploads\/2020\/10\/LIsboa-13-300x200.jpg 300w, https:\/\/www.canariasviaja.com\/viajaresvivir\/wp-content\/uploads\/2020\/10\/LIsboa-13-768x513.jpg 768w, https:\/\/www.canariasviaja.com\/viajaresvivir\/wp-content\/uploads\/2020\/10\/LIsboa-13-1536x1025.jpg 1536w, https:\/\/www.canariasviaja.com\/viajaresvivir\/wp-content\/uploads\/2020\/10\/LIsboa-13-1200x801.jpg 1200w, https:\/\/www.canariasviaja.com\/viajaresvivir\/wp-content\/uploads\/2020\/10\/LIsboa-13-1618x1080.jpg 1618w\" sizes=\"(max-width: 2000px) 100vw, 2000px\" \/><\/figure>\n\n\n\n<p>El <a href=\"http:\/\/www.visitbelem.pt\/Default\/es\/Quever\/Monumentos\/MonumentoalosDescubrimientos\" target=\"_blank\" rel=\"noreferrer noopener\">Monumento a los  Descubrimientos<\/a> simboliza una carabela. En su popa, el infante D. Henrique y a su lado navegantes, reyes, pintores, escritores y otras personalidades asociadas a los Descubrimientos. <\/p>\n\n\n\n<p>El interior del monumento acoge un auditorio y salas de exposiciones. Al atardecer se pueden disfrutar, desde su mirador a 56 metros de altura,  de las <strong>mejores vistas <\/strong>de la desembocadura del Tajo y del puente 25 de Abril.<\/p>\n\n\n\n<p><\/p>\n\n\n\n<h3 class=\"wp-block-heading\">Torre de Bel\u00e9m<\/h3>\n\n\n\n<figure class=\"wp-block-image size-large\"><img loading=\"lazy\" decoding=\"async\" width=\"2000\" height=\"1335\" src=\"http:\/\/www.canariasviaja.com\/viajaresvivir\/wp-content\/uploads\/2020\/10\/LIsboa-16.jpg\" alt=\"Torre de Belem\" class=\"wp-image-5313\" srcset=\"https:\/\/www.canariasviaja.com\/viajaresvivir\/wp-content\/uploads\/2020\/10\/LIsboa-16.jpg 2000w, https:\/\/www.canariasviaja.com\/viajaresvivir\/wp-content\/uploads\/2020\/10\/LIsboa-16-300x200.jpg 300w, https:\/\/www.canariasviaja.com\/viajaresvivir\/wp-content\/uploads\/2020\/10\/LIsboa-16-768x513.jpg 768w, https:\/\/www.canariasviaja.com\/viajaresvivir\/wp-content\/uploads\/2020\/10\/LIsboa-16-1536x1025.jpg 1536w, https:\/\/www.canariasviaja.com\/viajaresvivir\/wp-content\/uploads\/2020\/10\/LIsboa-16-1200x801.jpg 1200w, https:\/\/www.canariasviaja.com\/viajaresvivir\/wp-content\/uploads\/2020\/10\/LIsboa-16-1618x1080.jpg 1618w\" sizes=\"(max-width: 2000px) 100vw, 2000px\" \/><\/figure>\n\n\n\n<p>La <strong><a rel=\"noreferrer noopener\" href=\"http:\/\/www.visitbelem.pt\/Default\/en\/Whattosee\/Monuments\/TowerofBelem\" target=\"_blank\">Torre de Bel\u00e9m<\/a><\/strong> es uno de los iconos de la ciudad. Esta torre formaba parte del sistema de defensa de la barra del Tajo y de la ciudad de Lisboa concebido por el rey Jo\u00e3o II, aunque fue construida durante el reinado de Manuel I, entre 1514 y 1519. <\/p>\n\n\n\n<p>Esta torre, dividida en torre y baluarte, es un ejemplo de la arquitectura militar de transici\u00f3n entre la Edad Media y el Renacimiento y es un  referente del estilo manuelino. La torre es muy austera en su interior (se puede visitar completa, desde las mazmorras hasta la torre), pero su exterior  est\u00e1 lleno de detalles naturalistas inspirados en las nuevas colonias.<\/p>\n\n\n\n<p>Est\u00e1 situada sobre la antigua <strong>playa de Restrelo<\/strong>, desde donde part\u00edan las carabelas en sus expediciones hacia otros continentes.<\/p>\n\n\n\n<p>La torre de Bel\u00e9m fue declarada <strong>Patrimonio de la Humanidad <\/strong>por la Unesco en 1983.<\/p>\n\n\n\n<p><\/p>\n\n\n\n<h3 class=\"wp-block-heading\">Exposici\u00f3n del Mundo Portugu\u00e9s<\/h3>\n\n\n\n<figure class=\"wp-block-image size-large\"><img loading=\"lazy\" decoding=\"async\" width=\"2000\" height=\"1335\" src=\"http:\/\/www.canariasviaja.com\/viajaresvivir\/wp-content\/uploads\/2020\/10\/LIsboa-15.jpg\" alt=\"\" class=\"wp-image-5312\" srcset=\"https:\/\/www.canariasviaja.com\/viajaresvivir\/wp-content\/uploads\/2020\/10\/LIsboa-15.jpg 2000w, https:\/\/www.canariasviaja.com\/viajaresvivir\/wp-content\/uploads\/2020\/10\/LIsboa-15-300x200.jpg 300w, https:\/\/www.canariasviaja.com\/viajaresvivir\/wp-content\/uploads\/2020\/10\/LIsboa-15-768x513.jpg 768w, https:\/\/www.canariasviaja.com\/viajaresvivir\/wp-content\/uploads\/2020\/10\/LIsboa-15-1536x1025.jpg 1536w, https:\/\/www.canariasviaja.com\/viajaresvivir\/wp-content\/uploads\/2020\/10\/LIsboa-15-1200x801.jpg 1200w, https:\/\/www.canariasviaja.com\/viajaresvivir\/wp-content\/uploads\/2020\/10\/LIsboa-15-1618x1080.jpg 1618w\" sizes=\"(max-width: 2000px) 100vw, 2000px\" \/><\/figure>\n\n\n\n<p>La <strong>Exposici\u00f3n del Mundo Portugu\u00e9s<\/strong> de 1940 fue un revulsivo para este barrio, transform\u00e1ndolo para traerlo al siglo XX.  La exposici\u00f3n, el mayor evento celebrado en Portugal hasta la EXPO del 98, conmemoraba las fechas del origen (1140)  y de la Independencia de Portugal (1640), con pabellones tem\u00e1ticos que repasaban la historia, las actividades econ\u00f3micas, la cultura, las regiones y los territorios de ultramar de Portugal. Brasil fue el \u00fanico pa\u00eds extranjero invitado.<\/p>\n\n\n\n<p>A\u00fan podemos encontrar algunos de los pabellones y monumentos  que se construyeron para este fin y que no fueron derribados tras su clausura, como el <strong>Museo de Arte Popular<\/strong> o la <strong>Plaza del Imperio<\/strong>.<\/p>\n\n\n\n<p>Junto a la orilla del rio encontramos varios de estos pabellones, el <strong>Espejo de Agua, <\/strong>convertido en un club privado, o el que alberga el <strong>Club Naval.<\/strong><\/p>\n\n\n\n<p>El <a rel=\"noreferrer noopener\" href=\"https:\/\/museuartepopular.wordpress.com\/\" target=\"_blank\"><strong>Museo de Arte Popular<\/strong> <\/a>ocupa otro de los pabellones que ha llegado hasta nuestros d\u00edas, el de \u00abVida Popular\u00bb.  Situado entre el Monumento de los Descubrimientos y la Torre de Belem alberga una interesante colecci\u00f3n de murales sobre las diferentes regiones del pa\u00eds y colecciones de artesan\u00eda, instrumentos musicales, trajes tradicionales, etc.<\/p>\n\n\n\n<p><\/p>\n\n\n\n<h3 class=\"wp-block-heading\">Planetario Calouste Gulbenkian<\/h3>\n\n\n\n<figure class=\"wp-block-image size-large\"><img loading=\"lazy\" decoding=\"async\" width=\"2000\" height=\"1335\" src=\"http:\/\/www.canariasviaja.com\/viajaresvivir\/wp-content\/uploads\/2020\/10\/LIsboa-17.jpg\" alt=\"Planetario Belem\" class=\"wp-image-5314\" srcset=\"https:\/\/www.canariasviaja.com\/viajaresvivir\/wp-content\/uploads\/2020\/10\/LIsboa-17.jpg 2000w, https:\/\/www.canariasviaja.com\/viajaresvivir\/wp-content\/uploads\/2020\/10\/LIsboa-17-300x200.jpg 300w, https:\/\/www.canariasviaja.com\/viajaresvivir\/wp-content\/uploads\/2020\/10\/LIsboa-17-768x513.jpg 768w, https:\/\/www.canariasviaja.com\/viajaresvivir\/wp-content\/uploads\/2020\/10\/LIsboa-17-1536x1025.jpg 1536w, https:\/\/www.canariasviaja.com\/viajaresvivir\/wp-content\/uploads\/2020\/10\/LIsboa-17-1200x801.jpg 1200w, https:\/\/www.canariasviaja.com\/viajaresvivir\/wp-content\/uploads\/2020\/10\/LIsboa-17-1618x1080.jpg 1618w\" sizes=\"(max-width: 2000px) 100vw, 2000px\" \/><\/figure>\n\n\n\n<p>Detr\u00e1s del Monasterio de Los Jer\u00f3nimos encontramos este edificio construido a mitad de los 60 y renovado en 2004, el <strong>Planetario Calouste Gulbenkian.<\/strong><\/p>\n\n\n\n<p>En su c\u00fapula de 25 metros de di\u00e1metro, dise\u00f1ada por el arquitecto Frederico George, podemos disfrutar de proyecciones del cielo nocturno con m\u00e1s de 9.000 estrellas, y la V\u00eda L\u00e1ctea.<\/p>\n\n\n\n<p>Una visita al <a rel=\"noreferrer noopener\" href=\"https:\/\/www.lisboa.es\/que-ver\/planetario-calouste-gulbenkian\/\" target=\"_blank\">Planetario <\/a>puede ser un buen plan para hacer con ni\u00f1os en Lisboa.<\/p>\n\n\n\n<p><\/p>\n\n\n\n<h3 class=\"wp-block-heading\">Explora m\u00e1s all\u00e1 <\/h3>\n\n\n\n<figure class=\"wp-block-image size-large\"><img loading=\"lazy\" decoding=\"async\" width=\"2000\" height=\"1335\" src=\"http:\/\/www.canariasviaja.com\/viajaresvivir\/wp-content\/uploads\/2020\/10\/LIsboa-31.jpg\" alt=\"Belem\" class=\"wp-image-5328\" srcset=\"https:\/\/www.canariasviaja.com\/viajaresvivir\/wp-content\/uploads\/2020\/10\/LIsboa-31.jpg 2000w, https:\/\/www.canariasviaja.com\/viajaresvivir\/wp-content\/uploads\/2020\/10\/LIsboa-31-300x200.jpg 300w, https:\/\/www.canariasviaja.com\/viajaresvivir\/wp-content\/uploads\/2020\/10\/LIsboa-31-768x513.jpg 768w, https:\/\/www.canariasviaja.com\/viajaresvivir\/wp-content\/uploads\/2020\/10\/LIsboa-31-1536x1025.jpg 1536w, https:\/\/www.canariasviaja.com\/viajaresvivir\/wp-content\/uploads\/2020\/10\/LIsboa-31-1200x801.jpg 1200w, https:\/\/www.canariasviaja.com\/viajaresvivir\/wp-content\/uploads\/2020\/10\/LIsboa-31-1618x1080.jpg 1618w\" sizes=\"(max-width: 2000px) 100vw, 2000px\" \/><\/figure>\n\n\n\n<p>Bel\u00e9m tiene tantos atractivos que est\u00e1 lleno de turistas, pero si te alejas un poco de la <strong>Rua de Bel\u00e9m<\/strong> y de las atracciones principales puedes sentir la aut\u00e9ntica esencia de este barrio.<\/p>\n\n\n\n<p>Si buscas un poco de calma, puedes comprar algo para llevar y com\u00e9rtelo tranquilamente en alguno de los hermosos jardines que encontrar\u00e1s en la zona, como el <strong>Jard\u00edn Bot\u00e1nico<\/strong> o el <strong>Jard\u00edn de Vasco de Gama<\/strong>.  O puedes perderte por sus tranquilas calles empedradas y disfrutar de sus alegres casas con coloridos mosaicos.<\/p>\n\n\n\n<figure class=\"wp-block-image size-large\"><img loading=\"lazy\" decoding=\"async\" width=\"2000\" height=\"1335\" src=\"http:\/\/www.canariasviaja.com\/viajaresvivir\/wp-content\/uploads\/2020\/10\/LIsboa-32.jpg\" alt=\"Iglesia de la Memoria Belem\" class=\"wp-image-5329\" srcset=\"https:\/\/www.canariasviaja.com\/viajaresvivir\/wp-content\/uploads\/2020\/10\/LIsboa-32.jpg 2000w, https:\/\/www.canariasviaja.com\/viajaresvivir\/wp-content\/uploads\/2020\/10\/LIsboa-32-300x200.jpg 300w, https:\/\/www.canariasviaja.com\/viajaresvivir\/wp-content\/uploads\/2020\/10\/LIsboa-32-768x513.jpg 768w, https:\/\/www.canariasviaja.com\/viajaresvivir\/wp-content\/uploads\/2020\/10\/LIsboa-32-1536x1025.jpg 1536w, https:\/\/www.canariasviaja.com\/viajaresvivir\/wp-content\/uploads\/2020\/10\/LIsboa-32-1200x801.jpg 1200w, https:\/\/www.canariasviaja.com\/viajaresvivir\/wp-content\/uploads\/2020\/10\/LIsboa-32-1618x1080.jpg 1618w\" sizes=\"(max-width: 2000px) 100vw, 2000px\" \/><\/figure>\n\n\n\n<p>Para sentir el latir del barrio al\u00e9jate del tumulto. Sube por el lateral del Jard\u00edn Bot\u00e1nico Tropical hasta la <strong>Iglesia de la Memoria<\/strong>. Frente a ella encontrar\u00e1s una peque\u00f1a playa con un restaurante de comida casera en donde podr\u00e1s comer tranquilamente un rico plato del d\u00eda sin turistas a tu alrededor.<\/p>\n\n\n\n<p><\/p>\n\n\n\n<h3 class=\"wp-block-heading\">Y de guinda, un pastel<\/h3>\n\n\n\n<p>Nuestro \u00faltimo descubrimiento es para golosos. Una visita a Bel\u00e9m tiene que empezar o terminar con unos <strong>pasteles de nata.  <\/strong><\/p>\n\n\n\n<p>En la rua Bel\u00e9m te encontrar\u00e1s con una sucesi\u00f3n de pasteler\u00edas donde probarlos, pero si quieres degustar los aut\u00e9nticos, \u00e1rmate de paciencia y ponte en la cola de la pasteler\u00eda <strong><a rel=\"noreferrer noopener\" href=\"https:\/\/pasteisdebelem.pt\/es\/\" target=\"_blank\">Past\u00e9is de Bel\u00e9m<\/a><\/strong> (no tienen p\u00e9rdida: sus toldeos azules y la larga cola te lo indicar\u00e1n) donde producen estos deliciosos dulces desde 1837 con su receta secreta que proviene del Monasterio. \u00a1Manjar de dioses!<\/p>\n\n\n\n<p>No te quedes corto pidiendo ya que est\u00e1n tan deliciosos que querr\u00e1s repetir y llevarte algunos a casa.<\/p>\n\n\n\n<hr class=\"wp-block-separator\"\/>\n\n\n\n<p>\u00bfTe gustar\u00eda descubrir el <strong>Barrio de Bel\u00e9m<\/strong>? Te hemos preparado una <a href=\"https:\/\/bit.ly\/3k0hji6\"><strong>oferta irresistible<\/strong><\/a> para que disfrutes de Lisboa.<\/p>\n","protected":false},"excerpt":{"rendered":"<p>El barrio de Belem guarda una parte importante de la historia de Portugal: el Monasterio de los Jer\u00f3nimos, la Torre de Belem y el secreto de los deliciosos  pasteles de nata.<\/p>\n","protected":false},"author":2,"featured_media":5332,"comment_status":"open","ping_status":"open","sticky":false,"template":"","format":"standard","meta":{"_acf_changed":false,"sfsi_plus_gutenberg_text_before_share":"","sfsi_plus_gutenberg_show_text_before_share":"","sfsi_plus_gutenberg_icon_type":"","sfsi_plus_gutenberg_icon_alignemt":"","sfsi_plus_gutenburg_max_per_row":"","footnotes":""},"categories":[124,5,123,10,94,91,197],"tags":[264,263,202,113,576],"class_list":["post-5307","post","type-post","status-publish","format-standard","has-post-thumbnail","hentry","category-descubre","category-europa","category-explora","category-historias-viajeras","category-lisboa","category-portugal","category-rincones-por-descubrir","tag-cultura","tag-escapada-urbana","tag-lisboa","tag-patrimonio-de-la-humanidad","tag-patrimonio-historico"],"acf":[],"yoast_head":"<!-- This site is optimized with the Yoast SEO plugin v24.1 - https:\/\/yoast.com\/wordpress\/plugins\/seo\/ -->\n<title>Bel\u00e9m, el barrio de los descubrimientos - Viajar es vivir<\/title>\n<meta name=\"description\" content=\"El barrio de Belem guarda una parte importante de la historia de Portugal: el Monasterio de los Jer\u00f3nimos, la Torre de Belem y los pasteles de nata.\" \/>\n<meta name=\"robots\" content=\"index, follow, max-snippet:-1, max-image-preview:large, max-video-preview:-1\" \/>\n<link rel=\"canonical\" href=\"https:\/\/www.canariasviaja.com\/viajaresvivir\/belem-el-barrio-de-los-descubrimientos\/\" \/>\n<meta property=\"og:locale\" content=\"es_ES\" \/>\n<meta property=\"og:type\" content=\"article\" \/>\n<meta property=\"og:title\" content=\"Bel\u00e9m, el barrio de los descubrimientos - Viajar es vivir\" \/>\n<meta property=\"og:description\" content=\"El barrio de Belem guarda una parte importante de la historia de Portugal: el Monasterio de los Jer\u00f3nimos, la Torre de Belem y los pasteles de nata.\" \/>\n<meta property=\"og:url\" content=\"https:\/\/www.canariasviaja.com\/viajaresvivir\/belem-el-barrio-de-los-descubrimientos\/\" \/>\n<meta property=\"og:site_name\" content=\"Viajar es vivir\" \/>\n<meta property=\"article:published_time\" content=\"2020-10-15T10:48:58+00:00\" \/>\n<meta property=\"article:modified_time\" content=\"2020-10-16T14:10:30+00:00\" \/>\n<meta property=\"og:image\" content=\"https:\/\/www.canariasviaja.com\/viajaresvivir\/wp-content\/uploads\/2020\/10\/LIsboa-4.jpg\" \/>\n\t<meta property=\"og:image:width\" content=\"2000\" \/>\n\t<meta property=\"og:image:height\" content=\"1335\" \/>\n\t<meta property=\"og:image:type\" content=\"image\/jpeg\" \/>\n<meta name=\"author\" content=\"Patri C\u00e1mpora\" \/>\n<meta name=\"twitter:card\" content=\"summary_large_image\" \/>\n<meta name=\"twitter:label1\" content=\"Escrito por\" \/>\n\t<meta name=\"twitter:data1\" content=\"Patri C\u00e1mpora\" \/>\n\t<meta name=\"twitter:label2\" content=\"Tiempo de lectura\" \/>\n\t<meta name=\"twitter:data2\" content=\"8 minutos\" \/>\n<script type=\"application\/ld+json\" class=\"yoast-schema-graph\">{\"@context\":\"https:\/\/schema.org\",\"@graph\":[{\"@type\":\"WebPage\",\"@id\":\"https:\/\/www.canariasviaja.com\/viajaresvivir\/belem-el-barrio-de-los-descubrimientos\/\",\"url\":\"https:\/\/www.canariasviaja.com\/viajaresvivir\/belem-el-barrio-de-los-descubrimientos\/\",\"name\":\"Bel\u00e9m, el barrio de los descubrimientos - Viajar es vivir\",\"isPartOf\":{\"@id\":\"https:\/\/www.canariasviaja.com\/viajaresvivir\/#website\"},\"primaryImageOfPage\":{\"@id\":\"https:\/\/www.canariasviaja.com\/viajaresvivir\/belem-el-barrio-de-los-descubrimientos\/#primaryimage\"},\"image\":{\"@id\":\"https:\/\/www.canariasviaja.com\/viajaresvivir\/belem-el-barrio-de-los-descubrimientos\/#primaryimage\"},\"thumbnailUrl\":\"https:\/\/www.canariasviaja.com\/viajaresvivir\/wp-content\/uploads\/2020\/10\/LIsboa-4.jpg\",\"datePublished\":\"2020-10-15T10:48:58+00:00\",\"dateModified\":\"2020-10-16T14:10:30+00:00\",\"author\":{\"@id\":\"https:\/\/www.canariasviaja.com\/viajaresvivir\/#\/schema\/person\/085949651001325f1244a8bc1b34709c\"},\"description\":\"El barrio de Belem guarda una parte importante de la historia de Portugal: el Monasterio de los Jer\u00f3nimos, la Torre de Belem y los pasteles de nata.\",\"breadcrumb\":{\"@id\":\"https:\/\/www.canariasviaja.com\/viajaresvivir\/belem-el-barrio-de-los-descubrimientos\/#breadcrumb\"},\"inLanguage\":\"es\",\"potentialAction\":[{\"@type\":\"ReadAction\",\"target\":[\"https:\/\/www.canariasviaja.com\/viajaresvivir\/belem-el-barrio-de-los-descubrimientos\/\"]}]},{\"@type\":\"ImageObject\",\"inLanguage\":\"es\",\"@id\":\"https:\/\/www.canariasviaja.com\/viajaresvivir\/belem-el-barrio-de-los-descubrimientos\/#primaryimage\",\"url\":\"https:\/\/www.canariasviaja.com\/viajaresvivir\/wp-content\/uploads\/2020\/10\/LIsboa-4.jpg\",\"contentUrl\":\"https:\/\/www.canariasviaja.com\/viajaresvivir\/wp-content\/uploads\/2020\/10\/LIsboa-4.jpg\",\"width\":2000,\"height\":1335,\"caption\":\"Belem\"},{\"@type\":\"BreadcrumbList\",\"@id\":\"https:\/\/www.canariasviaja.com\/viajaresvivir\/belem-el-barrio-de-los-descubrimientos\/#breadcrumb\",\"itemListElement\":[{\"@type\":\"ListItem\",\"position\":1,\"name\":\"Portada\",\"item\":\"https:\/\/www.canariasviaja.com\/viajaresvivir\/\"},{\"@type\":\"ListItem\",\"position\":2,\"name\":\"Bel\u00e9m, el barrio de los descubrimientos\"}]},{\"@type\":\"WebSite\",\"@id\":\"https:\/\/www.canariasviaja.com\/viajaresvivir\/#website\",\"url\":\"https:\/\/www.canariasviaja.com\/viajaresvivir\/\",\"name\":\"Viajar es vivir\",\"description\":\"El blog de viajes y estilo de vida de CanariasViaja\",\"potentialAction\":[{\"@type\":\"SearchAction\",\"target\":{\"@type\":\"EntryPoint\",\"urlTemplate\":\"https:\/\/www.canariasviaja.com\/viajaresvivir\/?s={search_term_string}\"},\"query-input\":{\"@type\":\"PropertyValueSpecification\",\"valueRequired\":true,\"valueName\":\"search_term_string\"}}],\"inLanguage\":\"es\"},{\"@type\":\"Person\",\"@id\":\"https:\/\/www.canariasviaja.com\/viajaresvivir\/#\/schema\/person\/085949651001325f1244a8bc1b34709c\",\"name\":\"Patri C\u00e1mpora\",\"image\":{\"@type\":\"ImageObject\",\"inLanguage\":\"es\",\"@id\":\"https:\/\/www.canariasviaja.com\/viajaresvivir\/#\/schema\/person\/image\/\",\"url\":\"https:\/\/secure.gravatar.com\/avatar\/b2ce2c4086a5776e5310f57c1a2e5b4e?s=96&d=mm&r=g\",\"contentUrl\":\"https:\/\/secure.gravatar.com\/avatar\/b2ce2c4086a5776e5310f57c1a2e5b4e?s=96&d=mm&r=g\",\"caption\":\"Patri C\u00e1mpora\"},\"url\":\"https:\/\/www.canariasviaja.com\/viajaresvivir\/author\/patri\/\"}]}<\/script>\n<!-- \/ Yoast SEO plugin. -->","yoast_head_json":{"title":"Bel\u00e9m, el barrio de los descubrimientos - Viajar es vivir","description":"El barrio de Belem guarda una parte importante de la historia de Portugal: el Monasterio de los Jer\u00f3nimos, la Torre de Belem y los pasteles de nata.","robots":{"index":"index","follow":"follow","max-snippet":"max-snippet:-1","max-image-preview":"max-image-preview:large","max-video-preview":"max-video-preview:-1"},"canonical":"https:\/\/www.canariasviaja.com\/viajaresvivir\/belem-el-barrio-de-los-descubrimientos\/","og_locale":"es_ES","og_type":"article","og_title":"Bel\u00e9m, el barrio de los descubrimientos - Viajar es vivir","og_description":"El barrio de Belem guarda una parte importante de la historia de Portugal: el Monasterio de los Jer\u00f3nimos, la Torre de Belem y los pasteles de nata.","og_url":"https:\/\/www.canariasviaja.com\/viajaresvivir\/belem-el-barrio-de-los-descubrimientos\/","og_site_name":"Viajar es vivir","article_published_time":"2020-10-15T10:48:58+00:00","article_modified_time":"2020-10-16T14:10:30+00:00","og_image":[{"width":2000,"height":1335,"url":"https:\/\/www.canariasviaja.com\/viajaresvivir\/wp-content\/uploads\/2020\/10\/LIsboa-4.jpg","type":"image\/jpeg"}],"author":"Patri C\u00e1mpora","twitter_card":"summary_large_image","twitter_misc":{"Escrito por":"Patri C\u00e1mpora","Tiempo de lectura":"8 minutos"},"schema":{"@context":"https:\/\/schema.org","@graph":[{"@type":"WebPage","@id":"https:\/\/www.canariasviaja.com\/viajaresvivir\/belem-el-barrio-de-los-descubrimientos\/","url":"https:\/\/www.canariasviaja.com\/viajaresvivir\/belem-el-barrio-de-los-descubrimientos\/","name":"Bel\u00e9m, el barrio de los descubrimientos - Viajar es vivir","isPartOf":{"@id":"https:\/\/www.canariasviaja.com\/viajaresvivir\/#website"},"primaryImageOfPage":{"@id":"https:\/\/www.canariasviaja.com\/viajaresvivir\/belem-el-barrio-de-los-descubrimientos\/#primaryimage"},"image":{"@id":"https:\/\/www.canariasviaja.com\/viajaresvivir\/belem-el-barrio-de-los-descubrimientos\/#primaryimage"},"thumbnailUrl":"https:\/\/www.canariasviaja.com\/viajaresvivir\/wp-content\/uploads\/2020\/10\/LIsboa-4.jpg","datePublished":"2020-10-15T10:48:58+00:00","dateModified":"2020-10-16T14:10:30+00:00","author":{"@id":"https:\/\/www.canariasviaja.com\/viajaresvivir\/#\/schema\/person\/085949651001325f1244a8bc1b34709c"},"description":"El barrio de Belem guarda una parte importante de la historia de Portugal: el Monasterio de los Jer\u00f3nimos, la Torre de Belem y los pasteles de nata.","breadcrumb":{"@id":"https:\/\/www.canariasviaja.com\/viajaresvivir\/belem-el-barrio-de-los-descubrimientos\/#breadcrumb"},"inLanguage":"es","potentialAction":[{"@type":"ReadAction","target":["https:\/\/www.canariasviaja.com\/viajaresvivir\/belem-el-barrio-de-los-descubrimientos\/"]}]},{"@type":"ImageObject","inLanguage":"es","@id":"https:\/\/www.canariasviaja.com\/viajaresvivir\/belem-el-barrio-de-los-descubrimientos\/#primaryimage","url":"https:\/\/www.canariasviaja.com\/viajaresvivir\/wp-content\/uploads\/2020\/10\/LIsboa-4.jpg","contentUrl":"https:\/\/www.canariasviaja.com\/viajaresvivir\/wp-content\/uploads\/2020\/10\/LIsboa-4.jpg","width":2000,"height":1335,"caption":"Belem"},{"@type":"BreadcrumbList","@id":"https:\/\/www.canariasviaja.com\/viajaresvivir\/belem-el-barrio-de-los-descubrimientos\/#breadcrumb","itemListElement":[{"@type":"ListItem","position":1,"name":"Portada","item":"https:\/\/www.canariasviaja.com\/viajaresvivir\/"},{"@type":"ListItem","position":2,"name":"Bel\u00e9m, el barrio de los descubrimientos"}]},{"@type":"WebSite","@id":"https:\/\/www.canariasviaja.com\/viajaresvivir\/#website","url":"https:\/\/www.canariasviaja.com\/viajaresvivir\/","name":"Viajar es vivir","description":"El blog de viajes y estilo de vida de CanariasViaja","potentialAction":[{"@type":"SearchAction","target":{"@type":"EntryPoint","urlTemplate":"https:\/\/www.canariasviaja.com\/viajaresvivir\/?s={search_term_string}"},"query-input":{"@type":"PropertyValueSpecification","valueRequired":true,"valueName":"search_term_string"}}],"inLanguage":"es"},{"@type":"Person","@id":"https:\/\/www.canariasviaja.com\/viajaresvivir\/#\/schema\/person\/085949651001325f1244a8bc1b34709c","name":"Patri C\u00e1mpora","image":{"@type":"ImageObject","inLanguage":"es","@id":"https:\/\/www.canariasviaja.com\/viajaresvivir\/#\/schema\/person\/image\/","url":"https:\/\/secure.gravatar.com\/avatar\/b2ce2c4086a5776e5310f57c1a2e5b4e?s=96&d=mm&r=g","contentUrl":"https:\/\/secure.gravatar.com\/avatar\/b2ce2c4086a5776e5310f57c1a2e5b4e?s=96&d=mm&r=g","caption":"Patri C\u00e1mpora"},"url":"https:\/\/www.canariasviaja.com\/viajaresvivir\/author\/patri\/"}]}},"_links":{"self":[{"href":"https:\/\/www.canariasviaja.com\/viajaresvivir\/wp-json\/wp\/v2\/posts\/5307"}],"collection":[{"href":"https:\/\/www.canariasviaja.com\/viajaresvivir\/wp-json\/wp\/v2\/posts"}],"about":[{"href":"https:\/\/www.canariasviaja.com\/viajaresvivir\/wp-json\/wp\/v2\/types\/post"}],"author":[{"embeddable":true,"href":"https:\/\/www.canariasviaja.com\/viajaresvivir\/wp-json\/wp\/v2\/users\/2"}],"replies":[{"embeddable":true,"href":"https:\/\/www.canariasviaja.com\/viajaresvivir\/wp-json\/wp\/v2\/comments?post=5307"}],"version-history":[{"count":10,"href":"https:\/\/www.canariasviaja.com\/viajaresvivir\/wp-json\/wp\/v2\/posts\/5307\/revisions"}],"predecessor-version":[{"id":5351,"href":"https:\/\/www.canariasviaja.com\/viajaresvivir\/wp-json\/wp\/v2\/posts\/5307\/revisions\/5351"}],"wp:featuredmedia":[{"embeddable":true,"href":"https:\/\/www.canariasviaja.com\/viajaresvivir\/wp-json\/wp\/v2\/media\/5332"}],"wp:attachment":[{"href":"https:\/\/www.canariasviaja.com\/viajaresvivir\/wp-json\/wp\/v2\/media?parent=5307"}],"wp:term":[{"taxonomy":"category","embeddable":true,"href":"https:\/\/www.canariasviaja.com\/viajaresvivir\/wp-json\/wp\/v2\/categories?post=5307"},{"taxonomy":"post_tag","embeddable":true,"href":"https:\/\/www.canariasviaja.com\/viajaresvivir\/wp-json\/wp\/v2\/tags?post=5307"}],"curies":[{"name":"wp","href":"https:\/\/api.w.org\/{rel}","templated":true}]}}