{"id":5352,"date":"2020-10-19T14:21:06","date_gmt":"2020-10-19T14:21:06","guid":{"rendered":"http:\/\/www.canariasviaja.com\/viajaresvivir\/?p=5352"},"modified":"2020-10-20T09:49:39","modified_gmt":"2020-10-20T09:49:39","slug":"escapada-a-gran-canaria","status":"publish","type":"post","link":"https:\/\/www.canariasviaja.com\/viajaresvivir\/escapada-a-gran-canaria\/","title":{"rendered":"Escapada a Gran Canaria, \u00a1esta vida es un regalo!"},"content":{"rendered":"\n<p>Cierra los ojos para sentir una brisa perfumada de <strong>alisios <\/strong>que humedece tus labios y  oler unos granos de caf\u00e9 moli\u00e9ndose a mano de los \u00fanicos <strong>cafetales<\/strong> de Europa cerca del mar&#8230;<\/p>\n\n\n\n<p> \u00bfTe imaginas un lento paseo por \u201c<strong>La Venecia del Norte<\/strong>\u201d o asomarte a un <strong>cr\u00e1ter plantado con vi\u00f1as<\/strong> de genes de camellos que sobreviven con poca agua&#8230;?<\/p>\n\n\n\n<p>Sue\u00f1a con las caricias del <strong>siroco<\/strong> mientras te tumbas en la <strong>arena negra<\/strong> para ver pasar el mar de nubes. Trasl\u00e1date a las <strong>monta\u00f1as sagradas<\/strong> de 14 millones de a\u00f1os de edad llenas de flora de la <strong>Macaronesi<\/strong>a para so\u00f1ar<strong> <\/strong>o \u00bfprefieres una tarde comiendo el famoso <strong>bocadillo de calamares<\/strong> en la orilla de la playa de Las Palmas de Gran Canaria?<\/p>\n\n\n\n<p> Quiz\u00e1s eres un <strong>surfista<\/strong> y te seduce m\u00e1s un ba\u00f1ito en la orilla de un mar embravecido vestido de espuma blanca dando nalgadas lleno de energ\u00eda&#8230;<\/p>\n\n\n\n<p>Atr\u00e9vete a cerrar los ojos y <strong>viajar conmigo a tres superlugares de la isla redonda.<\/strong><\/p>\n\n\n\n<p><strong>Gran Canaria<\/strong> a trav\u00e9s de mis ojos tiene una manera fant\u00e1stica de ser, es un<br>p<strong>ara\u00edso de posibilidades<\/strong>. Es el lugar donde naci\u00f3 mi hijo Marcos y me han<br>pasado las mejores peque\u00f1as cosas de la vida. <\/p>\n\n\n\n<p>La isla entera es m\u00e1gica con un largo inventario de recursos tur\u00edsticos,  muchos secretos y mensajes ocultos, pero esta vez prefiero darles una sugerencia de un planazo para soltar piernas en  lugares espectaculares, donde el tiempo se detiene para llenarse de amor y felicidad. Tres lugares donde el aliento se entrecorta y  vuelves a escuchar los latidos del coraz\u00f3n. <\/p>\n\n\n\n<p>Les propongo un viaje para vivir unos momentos llenos de grandes instantes inolvidables y gritar al mundo: <strong>\u00a1ESTA VIDA ES UN REGALO!<\/strong><\/p>\n\n\n\n<p><\/p>\n\n\n\n<p><\/p>\n\n\n\n<h3 class=\"wp-block-heading\">Dunas de Maspalomas, mar de relajaci\u00f3n<\/h3>\n\n\n\n<figure class=\"wp-block-image size-large\"><img loading=\"lazy\" decoding=\"async\" width=\"2000\" height=\"1220\" src=\"http:\/\/www.canariasviaja.com\/viajaresvivir\/wp-content\/uploads\/2020\/10\/dunas-de-maspalomas.jpg\" alt=\"Dunas de Maspalomas Gran Canaria\" class=\"wp-image-5354\" srcset=\"https:\/\/www.canariasviaja.com\/viajaresvivir\/wp-content\/uploads\/2020\/10\/dunas-de-maspalomas.jpg 2000w, https:\/\/www.canariasviaja.com\/viajaresvivir\/wp-content\/uploads\/2020\/10\/dunas-de-maspalomas-300x183.jpg 300w, https:\/\/www.canariasviaja.com\/viajaresvivir\/wp-content\/uploads\/2020\/10\/dunas-de-maspalomas-768x468.jpg 768w, https:\/\/www.canariasviaja.com\/viajaresvivir\/wp-content\/uploads\/2020\/10\/dunas-de-maspalomas-1536x937.jpg 1536w, https:\/\/www.canariasviaja.com\/viajaresvivir\/wp-content\/uploads\/2020\/10\/dunas-de-maspalomas-1200x732.jpg 1200w, https:\/\/www.canariasviaja.com\/viajaresvivir\/wp-content\/uploads\/2020\/10\/dunas-de-maspalomas-1770x1080.jpg 1770w\" sizes=\"(max-width: 2000px) 100vw, 2000px\" \/><figcaption>Dunas de Maspalomas. Foto: Tato Gon\u00e7alves<\/figcaption><\/figure>\n\n\n\n<p>El primer sitio es un lugar para pisotear la arena ondulada por el viento<br>relaj\u00e1ndose bajo el sol que brilla sin timidez, recibiendo la energ\u00eda vital con un horizonte dif\u00edcil de olvidar, el del Atl\u00e1ntico, siempre presente con su azul tranquilizador. <\/p>\n\n\n\n<p>Un amanecer pisando las olas de la arena de las dunas de Maspalomas, un mar de relajaci\u00f3n. Un lento paseo por las inmensas dunas id\u00f3neas para fortalecer los m\u00fasculos y al llegar a su palmeral, El Oasis, pararse, desconectar del mundo, hacer algunas posturas de yoga y la respiraci\u00f3n Ha. Si vives estresado d\u00eda tras d\u00eda es la mejor manera de olvidar toda la negatividad, relajarse y sonre\u00edr mucho, regalar los abrazos a nuestro<br>c\u00f3mplice de viaje.<\/p>\n\n\n\n<p>Al pasar la lengua por nuestra piel pueden darse cuenta que estamos salados sin meterse en el mar. El viento nos ba\u00f1a tambi\u00e9n, somos una parte del paisaje, hechos de salitre y volc\u00e1n.<\/p>\n\n\n\n<p>Cuando llegues a la orilla recibir\u00e1s un ba\u00f1o regenerador de energ\u00edas sin las miradas ajenas en una playa sin fin. Si te apetece, hay una franja para los nudistas y puedes disfrutar al desnudo. Despu\u00e9s de este ba\u00f1o sales del agua con la pasi\u00f3n contagiosa por la vida, con la fuerza para superar todas tus metas y, sobre todo, con mucha hambre de vivir momentos sabrosos.<\/p>\n\n\n\n<div style=\"height:100px\" aria-hidden=\"true\" class=\"wp-block-spacer\"><\/div>\n\n\n\n<h3 class=\"wp-block-heading\">La Aquarela, un restaurante con estrella para mimar los sentidos<\/h3>\n\n\n\n<figure class=\"wp-block-image size-large\"><img loading=\"lazy\" decoding=\"async\" width=\"1500\" height=\"1000\" src=\"http:\/\/www.canariasviaja.com\/viajaresvivir\/wp-content\/uploads\/2020\/10\/fotografo-de-bodas-las-palmas-gran-canaria-carlosglez-unbuenmomento-la-aquarela-2019-7.jpg\" alt=\"Restaurante La Aquarela\" class=\"wp-image-5365\" srcset=\"https:\/\/www.canariasviaja.com\/viajaresvivir\/wp-content\/uploads\/2020\/10\/fotografo-de-bodas-las-palmas-gran-canaria-carlosglez-unbuenmomento-la-aquarela-2019-7.jpg 1500w, https:\/\/www.canariasviaja.com\/viajaresvivir\/wp-content\/uploads\/2020\/10\/fotografo-de-bodas-las-palmas-gran-canaria-carlosglez-unbuenmomento-la-aquarela-2019-7-300x200.jpg 300w, https:\/\/www.canariasviaja.com\/viajaresvivir\/wp-content\/uploads\/2020\/10\/fotografo-de-bodas-las-palmas-gran-canaria-carlosglez-unbuenmomento-la-aquarela-2019-7-768x512.jpg 768w, https:\/\/www.canariasviaja.com\/viajaresvivir\/wp-content\/uploads\/2020\/10\/fotografo-de-bodas-las-palmas-gran-canaria-carlosglez-unbuenmomento-la-aquarela-2019-7-1200x800.jpg 1200w\" sizes=\"(max-width: 1500px) 100vw, 1500px\" \/><figcaption>Foto: Restaurante La Aquarela<\/figcaption><\/figure>\n\n\n\n<p>Nace la b\u00fasqueda de perspectiva perfecta para mimarse en la mesa bien<br>servida con muchos orgasmos gastron\u00f3micos.<\/p>\n\n\n\n<p>Para ello no hay mejor plan que reservar la mesa en <strong><a rel=\"noreferrer noopener\" href=\"http:\/\/www.restaurantelaaquarela.com\/#home\" target=\"_blank\">La Aquarela<\/a><\/strong>. Es un restaurante con una <strong>Estrella Michelin<\/strong> situado en el Barranco de La Verga, en los lujosos apartamentos Aquamar, junto a la playa de Patalavaca en el sur de Gran Canaria. <\/p>\n\n\n\n<p>Un templo para disfrutar inmensamente de <strong>un viaje gastron\u00f3mico<\/strong>. Puedes elegir de la lista de los platos a la carta, un largo <strong>Men\u00fa Aquarela<\/strong> o saborear el magn\u00edfico <strong>Men\u00fa Experiencia<\/strong>. <\/p>\n\n\n\n<figure class=\"wp-block-gallery columns-2 is-cropped wp-block-gallery-1 is-layout-flex wp-block-gallery-is-layout-flex\"><ul class=\"blocks-gallery-grid\"><li class=\"blocks-gallery-item\"><figure><img loading=\"lazy\" decoding=\"async\" width=\"500\" height=\"333\" src=\"https:\/\/www.canariasviaja.com\/viajaresvivir\/wp-content\/uploads\/2020\/10\/fotografo-de-bodas-las-palmas-gran-canaria-carlosglez-unbuenmomento-la-aquarela-2019-55.jpg\" alt=\"\" data-id=\"5374\" data-full-url=\"https:\/\/www.canariasviaja.com\/viajaresvivir\/wp-content\/uploads\/2020\/10\/fotografo-de-bodas-las-palmas-gran-canaria-carlosglez-unbuenmomento-la-aquarela-2019-55.jpg\" data-link=\"https:\/\/www.canariasviaja.com\/viajaresvivir\/?attachment_id=5374#main\" class=\"wp-image-5374\" srcset=\"https:\/\/www.canariasviaja.com\/viajaresvivir\/wp-content\/uploads\/2020\/10\/fotografo-de-bodas-las-palmas-gran-canaria-carlosglez-unbuenmomento-la-aquarela-2019-55.jpg 500w, https:\/\/www.canariasviaja.com\/viajaresvivir\/wp-content\/uploads\/2020\/10\/fotografo-de-bodas-las-palmas-gran-canaria-carlosglez-unbuenmomento-la-aquarela-2019-55-300x200.jpg 300w\" sizes=\"(max-width: 500px) 100vw, 500px\" \/><\/figure><\/li><li class=\"blocks-gallery-item\"><figure><img loading=\"lazy\" decoding=\"async\" width=\"500\" height=\"333\" src=\"https:\/\/www.canariasviaja.com\/viajaresvivir\/wp-content\/uploads\/2020\/10\/fotografo-de-bodas-las-palmas-gran-canaria-carlosglez-unbuenmomento-la-aquarela-2019-98.jpg\" alt=\"\" data-id=\"5375\" data-full-url=\"https:\/\/www.canariasviaja.com\/viajaresvivir\/wp-content\/uploads\/2020\/10\/fotografo-de-bodas-las-palmas-gran-canaria-carlosglez-unbuenmomento-la-aquarela-2019-98.jpg\" data-link=\"https:\/\/www.canariasviaja.com\/viajaresvivir\/?attachment_id=5375#main\" class=\"wp-image-5375\" srcset=\"https:\/\/www.canariasviaja.com\/viajaresvivir\/wp-content\/uploads\/2020\/10\/fotografo-de-bodas-las-palmas-gran-canaria-carlosglez-unbuenmomento-la-aquarela-2019-98.jpg 500w, https:\/\/www.canariasviaja.com\/viajaresvivir\/wp-content\/uploads\/2020\/10\/fotografo-de-bodas-las-palmas-gran-canaria-carlosglez-unbuenmomento-la-aquarela-2019-98-300x200.jpg 300w\" sizes=\"(max-width: 500px) 100vw, 500px\" \/><\/figure><\/li><\/ul><figcaption class=\"blocks-gallery-caption\">Fotos: Restaurante La Aquarela<\/figcaption><\/figure>\n\n\n\n<p>Vale la pena disfrutar del esfuerzo de su propietario Gregorio Fernandez y un gran equipo que, desde hace 30 a\u00f1os, han apostado por un lugar que sorprende por la calidad de la materia prima que utilizan en su cocina, agrada con sus miles de detalles y la elegancia en el servicio. La Aquarela ha conseguido crear un ambiente rom\u00e1ntico con una enorme<strong> bodega<\/strong> con una lista de vinos que refleja la gran <strong>cultura del vino<\/strong>.<\/p>\n\n\n\n<p>Merece la pena coger el avi\u00f3n para consentir a tu pareja y a ti misma. Es una experiencia para vivir, un men\u00fa sin prisas con un descanso entre platos que te sorprender\u00e1n con texturas y sabores \u00fanicos, con sorpresas que inspiran escapar m\u00e1s a menudo de la gris rutina que mata pasiones.<\/p>\n\n\n\n<p>El<strong> largo men\u00fa<\/strong> es la segunda manera bonita de parar el tiempo en esta isla,<br>mimarte, quererse, conectar con el arte subjetivo y abierto de las sinergias de aromas, sabores, texturas, incluso colores.<\/p>\n\n\n\n<div style=\"height:100px\" aria-hidden=\"true\" class=\"wp-block-spacer\"><\/div>\n\n\n\n<h3 class=\"wp-block-heading\">Agala 1212, un vino de altura<\/h3>\n\n\n\n<figure class=\"wp-block-image size-large\"><img loading=\"lazy\" decoding=\"async\" width=\"1080\" height=\"797\" src=\"http:\/\/www.canariasviaja.com\/viajaresvivir\/wp-content\/uploads\/2020\/10\/FB_IMG_1602767051989-1.jpg\" alt=\"Rasa en bodega Gran Canaria\" class=\"wp-image-5357\" srcset=\"https:\/\/www.canariasviaja.com\/viajaresvivir\/wp-content\/uploads\/2020\/10\/FB_IMG_1602767051989-1.jpg 1080w, https:\/\/www.canariasviaja.com\/viajaresvivir\/wp-content\/uploads\/2020\/10\/FB_IMG_1602767051989-1-300x221.jpg 300w, https:\/\/www.canariasviaja.com\/viajaresvivir\/wp-content\/uploads\/2020\/10\/FB_IMG_1602767051989-1-768x567.jpg 768w\" sizes=\"(max-width: 1080px) 100vw, 1080px\" \/><\/figure>\n\n\n\n<p>Despu\u00e9s de perderse en las dunas y sorprender los sentidos en una mesa de<br>un restaurante con estrella Michelin, nos toca el tercer lugar en esta isla. Es la visita donde se elabora la bebida m\u00e1s estimulante, variada y complicada del mundo. \u00a1Nos vamos de <strong>cata de vinos<\/strong>! <\/p>\n\n\n\n<p>Un buen vino hace temblar a todas tus papilas gustativas y entre las vi\u00f1as siembra el placer con muchos susurros.<\/p>\n\n\n\n<p>En Gran Canaria funciona bien el <strong>enoturismo<\/strong>, incluso hace poco arranc\u00f3 una nueva <a rel=\"noreferrer noopener\" href=\"https:\/\/enoturismo-360.com\/la-ruta-del-vino-de-gran-canaria-ya-integra-57-establecimientos\/\" target=\"_blank\"><strong>Ruta del Vino<\/strong>,<\/a> donde participan 57 establecimientos ofreciendo catas de vinos de la isla. Muchas son las bodegas que reciben los visitantes pero me apetece llevarles a la zona donde naci\u00f3 el vino <strong>Agala 1212<\/strong> que obtuvo la <strong>Gran Medalla de Oro<\/strong> en el concurso de <strong>Agrocanarias 2020.<\/strong><\/p>\n\n\n\n<figure class=\"wp-block-image size-large\"><img loading=\"lazy\" decoding=\"async\" width=\"1918\" height=\"980\" src=\"http:\/\/www.canariasviaja.com\/viajaresvivir\/wp-content\/uploads\/2020\/10\/IMG_20201019_143645.jpg\" alt=\"Bodega Bentayga Gran Canaria\" class=\"wp-image-5372\" srcset=\"https:\/\/www.canariasviaja.com\/viajaresvivir\/wp-content\/uploads\/2020\/10\/IMG_20201019_143645.jpg 1918w, https:\/\/www.canariasviaja.com\/viajaresvivir\/wp-content\/uploads\/2020\/10\/IMG_20201019_143645-300x153.jpg 300w, https:\/\/www.canariasviaja.com\/viajaresvivir\/wp-content\/uploads\/2020\/10\/IMG_20201019_143645-768x392.jpg 768w, https:\/\/www.canariasviaja.com\/viajaresvivir\/wp-content\/uploads\/2020\/10\/IMG_20201019_143645-1536x785.jpg 1536w, https:\/\/www.canariasviaja.com\/viajaresvivir\/wp-content\/uploads\/2020\/10\/IMG_20201019_143645-1200x613.jpg 1200w\" sizes=\"(max-width: 1918px) 100vw, 1918px\" \/><\/figure>\n\n\n\n<p>Nos vamos a un paraje de ensue\u00f1o, al <strong>Parque Rural del Nublo<\/strong>, Reserva<br>Mundial de la Biosfera, situado en la cumbre de la isla. <\/p>\n\n\n\n<p>Propongo perderse entre las parcelas de vi\u00f1as, sentir la tierra descalzos mirando al<strong> Roque Nublo<\/strong>, dejarse hechizar por un balc\u00f3n con <strong>las vistas al Teide.<\/strong> Es el lugar donde la monta\u00f1a m\u00e1s alta de Espa\u00f1a, con 3.718 metros sobre el nivel del mar, te observa desde la isla de frente y, con la bebida m\u00e1s noble de todas en la mano, despierta tus deseos inconfesables. <\/p>\n\n\n\n<figure class=\"wp-block-image size-large\"><img loading=\"lazy\" decoding=\"async\" width=\"960\" height=\"720\" src=\"http:\/\/www.canariasviaja.com\/viajaresvivir\/wp-content\/uploads\/2020\/10\/FB_IMG_1599124915930.jpg\" alt=\"Rasa caminando entre vi\u00f1edos en Gran Canaria\" class=\"wp-image-5358\" srcset=\"https:\/\/www.canariasviaja.com\/viajaresvivir\/wp-content\/uploads\/2020\/10\/FB_IMG_1599124915930.jpg 960w, https:\/\/www.canariasviaja.com\/viajaresvivir\/wp-content\/uploads\/2020\/10\/FB_IMG_1599124915930-300x225.jpg 300w, https:\/\/www.canariasviaja.com\/viajaresvivir\/wp-content\/uploads\/2020\/10\/FB_IMG_1599124915930-768x576.jpg 768w, https:\/\/www.canariasviaja.com\/viajaresvivir\/wp-content\/uploads\/2020\/10\/FB_IMG_1599124915930-800x600.jpg 800w\" sizes=\"(max-width: 960px) 100vw, 960px\" \/><\/figure>\n\n\n\n<p>Al momento de estar quietos nacen enormes ganas de presumir de la <strong>belleza del paisaje<\/strong> que nos rodea. Quiz\u00e1s es el lugar m\u00e1s instagrameable de los tres.<\/p>\n\n\n\n<p>La <strong><a rel=\"noreferrer noopener\" href=\"http:\/\/bodegasbentayga.com\/wp\/\" target=\"_blank\">bodega Bentayga<\/a><\/strong> es un proyecto familiar con idea clara de elaborar <br>vinos de alta calidad que se encuentra en las <strong>cuevas naturales <\/strong>de la monta\u00f1a sagrada de los Guanches, excavadas hace 200 a\u00f1os. Estando dentro de la bodega se nota que aporta unas condiciones id\u00f3neas de humedad y temperatura para mantener a sus vinos para que tengan una crianza pausada.<\/p>\n\n\n\n<figure class=\"wp-block-image size-large\"><img loading=\"lazy\" decoding=\"async\" width=\"1965\" height=\"1152\" src=\"http:\/\/www.canariasviaja.com\/viajaresvivir\/wp-content\/uploads\/2020\/10\/IMG_20201019_1437521.jpg\" alt=\"Bodegas bentayga Gran Canaria\" class=\"wp-image-5373\" srcset=\"https:\/\/www.canariasviaja.com\/viajaresvivir\/wp-content\/uploads\/2020\/10\/IMG_20201019_1437521.jpg 1965w, https:\/\/www.canariasviaja.com\/viajaresvivir\/wp-content\/uploads\/2020\/10\/IMG_20201019_1437521-300x176.jpg 300w, https:\/\/www.canariasviaja.com\/viajaresvivir\/wp-content\/uploads\/2020\/10\/IMG_20201019_1437521-768x450.jpg 768w, https:\/\/www.canariasviaja.com\/viajaresvivir\/wp-content\/uploads\/2020\/10\/IMG_20201019_1437521-1536x900.jpg 1536w, https:\/\/www.canariasviaja.com\/viajaresvivir\/wp-content\/uploads\/2020\/10\/IMG_20201019_1437521-1200x704.jpg 1200w, https:\/\/www.canariasviaja.com\/viajaresvivir\/wp-content\/uploads\/2020\/10\/IMG_20201019_1437521-1842x1080.jpg 1842w\" sizes=\"(max-width: 1965px) 100vw, 1965px\" \/><\/figure>\n\n\n\n<p>En la botella sale marcada la altitud de cada parcela. Se presume de la excepcional situaci\u00f3n del vi\u00f1edo en la cumbre de la isla en la etiqueta de cada botella.<\/p>\n\n\n\n<p>En este vi\u00f1edo hay una gran diferencia de temperatura entre el d\u00eda y la noche que permite una maduraci\u00f3n m\u00e1s lenta. El contraste de inviernos fr\u00edos con veranos calurosos,  lo digo porque pueden necesitar un buen abrigo.<\/p>\n\n\n\n<p><strong>Agala <\/strong>es una palabra aborigen bereber que hace referencia a un monte alto y todo el entorno de este vino te hace cerrar los ojos para so\u00f1ar. El vino Agala 1212 es una mezcla de dos variedades de uvas: <strong>Vijariego y Tintilla<\/strong> con 12 meses de crianza en barricas de roble franc\u00e9s y 12 meses en la botella.<\/p>\n\n\n\n<p>Algunos vinos lloran antes de entregar el placer con l\u00e1grimas densas y lentas suplicando un poco del tiempo para evolucionar en la copa y, en este lugar m\u00e1gico, nos parece tan f\u00e1cil detener el tiempo\u2026 so\u00f1ar y as\u00ed es como se nos regalan los buenos recuerdos, gu\u00e1rdalos porque al volver de este viaje te har\u00e1n sonre\u00edr. <\/p>\n\n\n\n<p>El vino en la parcela a 1212 metros de altura aparece con precioso rojo cereza oscuro, cubierto de color m\u00e1s terrenal en los ribetes. Al mover la copa sube el aroma complejo de frutas maduras, a sensuales notas de vainilla y hojas de tabaco fresco. El perfume sutil recuerda las arabescas<br>flores que acompa\u00f1an las vi\u00f1as con orientaci\u00f3n de las filas Noreste -sureste. <\/p>\n\n\n\n<figure class=\"wp-block-image size-large\"><img loading=\"lazy\" decoding=\"async\" width=\"960\" height=\"960\" src=\"https:\/\/www.canariasviaja.com\/viajaresvivir\/wp-content\/uploads\/2020\/10\/FB_IMG_1602618592951.jpg\" alt=\"\" class=\"wp-image-5359\" srcset=\"https:\/\/www.canariasviaja.com\/viajaresvivir\/wp-content\/uploads\/2020\/10\/FB_IMG_1602618592951.jpg 960w, https:\/\/www.canariasviaja.com\/viajaresvivir\/wp-content\/uploads\/2020\/10\/FB_IMG_1602618592951-300x300.jpg 300w, https:\/\/www.canariasviaja.com\/viajaresvivir\/wp-content\/uploads\/2020\/10\/FB_IMG_1602618592951-150x150.jpg 150w, https:\/\/www.canariasviaja.com\/viajaresvivir\/wp-content\/uploads\/2020\/10\/FB_IMG_1602618592951-768x768.jpg 768w\" sizes=\"(max-width: 960px) 100vw, 960px\" \/><figcaption>Copas de vino con Roque Nublo. Foto: Tato Gon\u00e7alves<\/figcaption><\/figure>\n\n\n\n<p>Mientras nos dejamos seducir por el Roque el vino regala la provocaci\u00f3n de<br>especias, de monolitos bas\u00e1lticos. Desde el primer sorbo es placentero con su potente frescura. Cada trago es armonioso lleno de una jugosa acidez<br>agradable y taninos pulidos. Al tragar es salino, con una rica sensaci\u00f3n<br>ahumada que recuerda su origen, sabe a esa monta\u00f1a sagrada con infinita<br>energ\u00eda donde estamos sentados escuchando la historia de la bodega. <\/p>\n\n\n\n<p>Cierro los ojos y me sabe a un sue\u00f1o cumplido de una <strong>escapada a Gran<br>Canaria<\/strong>, tantas veces aplazada y otras tantas robada por otros destinos. Pero, cr\u00e9eme, el momento es ahora, vale la pena formar parte de esto. <\/p>\n\n\n\n<figure class=\"wp-block-image size-large\"><img loading=\"lazy\" decoding=\"async\" width=\"1880\" height=\"980\" src=\"http:\/\/www.canariasviaja.com\/viajaresvivir\/wp-content\/uploads\/2020\/10\/IMG_20201019_143707.jpg\" alt=\"Atardecer en Roque Nublo\" class=\"wp-image-5371\" srcset=\"https:\/\/www.canariasviaja.com\/viajaresvivir\/wp-content\/uploads\/2020\/10\/IMG_20201019_143707.jpg 1880w, https:\/\/www.canariasviaja.com\/viajaresvivir\/wp-content\/uploads\/2020\/10\/IMG_20201019_143707-300x156.jpg 300w, https:\/\/www.canariasviaja.com\/viajaresvivir\/wp-content\/uploads\/2020\/10\/IMG_20201019_143707-768x400.jpg 768w, https:\/\/www.canariasviaja.com\/viajaresvivir\/wp-content\/uploads\/2020\/10\/IMG_20201019_143707-1536x801.jpg 1536w, https:\/\/www.canariasviaja.com\/viajaresvivir\/wp-content\/uploads\/2020\/10\/IMG_20201019_143707-1200x626.jpg 1200w\" sizes=\"(max-width: 1880px) 100vw, 1880px\" \/><\/figure>\n\n\n\n<p>Los sorbos del vino convencen m\u00e1s que las palabras, compartir sin prisas es alargar el placer y te deseo vivir estos lugares como yo los viv\u00ed, a trav\u00e9s de mis ojos llenos de amor.<\/p>\n\n\n\n<hr class=\"wp-block-separator\"\/>\n\n\n\n<p><a href=\"https:\/\/www.gastronomia7islas.com\/blog-rasa-puravida\" target=\"_blank\" rel=\"noreferrer noopener\"><strong>Rasa Strankauskaite<\/strong> <\/a>es una eterna estudiante de la vida, una sumiller afortunada&nbsp; que lleva ya unos 30 a\u00f1os de relaci\u00f3n&nbsp; \u00edntima con los vinos canarios. <\/p>\n\n\n\n<p>Ella&nbsp;vive rodeada de  la cultura del vino, ama vender la felicidad&nbsp; a trav\u00e9s de las experiencias con la bebida m\u00e1s noble de todas, que es el vino. Es su manera de viajar por los profundos pozos de la memoria, su pasi\u00f3n, su hobby, su trabajo, es la filosof\u00eda de su vida.<\/p>\n\n\n\n<hr class=\"wp-block-separator is-style-wide\"\/>\n\n\n\n<p>\u00bfQuieres <strong>escaparte a Gran Canaria<\/strong>? Te hemos preparado una <strong><a href=\"https:\/\/bit.ly\/2H7lIls\">oferta irresistible<\/a><\/strong> para que la hagas realidad.<br><\/p>\n","protected":false},"excerpt":{"rendered":"<p>La sumiller Rasa Strankauskaite nos lleva a Gran Canaria para disfrutar de lugares y experiencias que hacen que la vida sea un regalo.<\/p>\n","protected":false},"author":51,"featured_media":5357,"comment_status":"open","ping_status":"open","sticky":false,"template":"","format":"standard","meta":{"_acf_changed":false,"sfsi_plus_gutenberg_text_before_share":"","sfsi_plus_gutenberg_show_text_before_share":"","sfsi_plus_gutenberg_icon_type":"","sfsi_plus_gutenberg_icon_alignemt":"","sfsi_plus_gutenburg_max_per_row":"","footnotes":""},"categories":[9,124,8,123,10,127,126],"tags":[565,639,110,603,325,601],"class_list":["post-5352","post","type-post","status-publish","format-standard","has-post-thumbnail","hentry","category-canarias","category-descubre","category-diariodeviaje","category-explora","category-historias-viajeras","category-relajate","category-saborea","tag-bodegas","tag-dunas-de-maspalomas","tag-enoturismo","tag-escapada-gastronomica","tag-gran-canaria","tag-restaurantes"],"acf":[],"yoast_head":"<!-- This site is optimized with the Yoast SEO plugin v24.1 - https:\/\/yoast.com\/wordpress\/plugins\/seo\/ -->\n<title>Escapada a Gran Canaria, \u00a1esta vida es un regalo! - Viajar es vivir<\/title>\n<meta name=\"description\" content=\"Escapada a Gran Canaria con la sumillier Rasa Strankauskaite que nos lleva vivir experiencias y lugares que hacen que la vida sea un regalo.\" \/>\n<meta name=\"robots\" content=\"index, follow, max-snippet:-1, max-image-preview:large, max-video-preview:-1\" \/>\n<link rel=\"canonical\" href=\"https:\/\/www.canariasviaja.com\/viajaresvivir\/escapada-a-gran-canaria\/\" \/>\n<meta property=\"og:locale\" content=\"es_ES\" \/>\n<meta property=\"og:type\" content=\"article\" \/>\n<meta property=\"og:title\" content=\"Escapada a Gran Canaria, \u00a1esta vida es un regalo! - Viajar es vivir\" \/>\n<meta property=\"og:description\" content=\"Escapada a Gran Canaria con la sumillier Rasa Strankauskaite que nos lleva vivir experiencias y lugares que hacen que la vida sea un regalo.\" \/>\n<meta property=\"og:url\" content=\"https:\/\/www.canariasviaja.com\/viajaresvivir\/escapada-a-gran-canaria\/\" \/>\n<meta property=\"og:site_name\" content=\"Viajar es vivir\" \/>\n<meta property=\"article:published_time\" content=\"2020-10-19T14:21:06+00:00\" \/>\n<meta property=\"article:modified_time\" content=\"2020-10-20T09:49:39+00:00\" \/>\n<meta property=\"og:image\" content=\"https:\/\/www.canariasviaja.com\/viajaresvivir\/wp-content\/uploads\/2020\/10\/FB_IMG_1602767051989-1.jpg\" \/>\n\t<meta property=\"og:image:width\" content=\"1080\" \/>\n\t<meta property=\"og:image:height\" content=\"797\" \/>\n\t<meta property=\"og:image:type\" content=\"image\/jpeg\" \/>\n<meta name=\"author\" content=\"Rasa Strankauskaite\" \/>\n<meta name=\"twitter:card\" content=\"summary_large_image\" \/>\n<meta name=\"twitter:label1\" content=\"Escrito por\" \/>\n\t<meta name=\"twitter:data1\" content=\"Rasa Strankauskaite\" \/>\n\t<meta name=\"twitter:label2\" content=\"Tiempo de lectura\" \/>\n\t<meta name=\"twitter:data2\" content=\"8 minutos\" \/>\n<script type=\"application\/ld+json\" class=\"yoast-schema-graph\">{\"@context\":\"https:\/\/schema.org\",\"@graph\":[{\"@type\":\"WebPage\",\"@id\":\"https:\/\/www.canariasviaja.com\/viajaresvivir\/escapada-a-gran-canaria\/\",\"url\":\"https:\/\/www.canariasviaja.com\/viajaresvivir\/escapada-a-gran-canaria\/\",\"name\":\"Escapada a Gran Canaria, \u00a1esta vida es un regalo! - Viajar es vivir\",\"isPartOf\":{\"@id\":\"https:\/\/www.canariasviaja.com\/viajaresvivir\/#website\"},\"primaryImageOfPage\":{\"@id\":\"https:\/\/www.canariasviaja.com\/viajaresvivir\/escapada-a-gran-canaria\/#primaryimage\"},\"image\":{\"@id\":\"https:\/\/www.canariasviaja.com\/viajaresvivir\/escapada-a-gran-canaria\/#primaryimage\"},\"thumbnailUrl\":\"https:\/\/www.canariasviaja.com\/viajaresvivir\/wp-content\/uploads\/2020\/10\/FB_IMG_1602767051989-1.jpg\",\"datePublished\":\"2020-10-19T14:21:06+00:00\",\"dateModified\":\"2020-10-20T09:49:39+00:00\",\"author\":{\"@id\":\"https:\/\/www.canariasviaja.com\/viajaresvivir\/#\/schema\/person\/27119fceb2df35dfc4e2f5c3cda87557\"},\"description\":\"Escapada a Gran Canaria con la sumillier Rasa Strankauskaite que nos lleva vivir experiencias y lugares que hacen que la vida sea un regalo.\",\"breadcrumb\":{\"@id\":\"https:\/\/www.canariasviaja.com\/viajaresvivir\/escapada-a-gran-canaria\/#breadcrumb\"},\"inLanguage\":\"es\",\"potentialAction\":[{\"@type\":\"ReadAction\",\"target\":[\"https:\/\/www.canariasviaja.com\/viajaresvivir\/escapada-a-gran-canaria\/\"]}]},{\"@type\":\"ImageObject\",\"inLanguage\":\"es\",\"@id\":\"https:\/\/www.canariasviaja.com\/viajaresvivir\/escapada-a-gran-canaria\/#primaryimage\",\"url\":\"https:\/\/www.canariasviaja.com\/viajaresvivir\/wp-content\/uploads\/2020\/10\/FB_IMG_1602767051989-1.jpg\",\"contentUrl\":\"https:\/\/www.canariasviaja.com\/viajaresvivir\/wp-content\/uploads\/2020\/10\/FB_IMG_1602767051989-1.jpg\",\"width\":1080,\"height\":797,\"caption\":\"Rasa en bodega Gran Canaria\"},{\"@type\":\"BreadcrumbList\",\"@id\":\"https:\/\/www.canariasviaja.com\/viajaresvivir\/escapada-a-gran-canaria\/#breadcrumb\",\"itemListElement\":[{\"@type\":\"ListItem\",\"position\":1,\"name\":\"Portada\",\"item\":\"https:\/\/www.canariasviaja.com\/viajaresvivir\/\"},{\"@type\":\"ListItem\",\"position\":2,\"name\":\"Escapada a Gran Canaria, \u00a1esta vida es un regalo!\"}]},{\"@type\":\"WebSite\",\"@id\":\"https:\/\/www.canariasviaja.com\/viajaresvivir\/#website\",\"url\":\"https:\/\/www.canariasviaja.com\/viajaresvivir\/\",\"name\":\"Viajar es vivir\",\"description\":\"El blog de viajes y estilo de vida de CanariasViaja\",\"potentialAction\":[{\"@type\":\"SearchAction\",\"target\":{\"@type\":\"EntryPoint\",\"urlTemplate\":\"https:\/\/www.canariasviaja.com\/viajaresvivir\/?s={search_term_string}\"},\"query-input\":{\"@type\":\"PropertyValueSpecification\",\"valueRequired\":true,\"valueName\":\"search_term_string\"}}],\"inLanguage\":\"es\"},{\"@type\":\"Person\",\"@id\":\"https:\/\/www.canariasviaja.com\/viajaresvivir\/#\/schema\/person\/27119fceb2df35dfc4e2f5c3cda87557\",\"name\":\"Rasa Strankauskaite\",\"image\":{\"@type\":\"ImageObject\",\"inLanguage\":\"es\",\"@id\":\"https:\/\/www.canariasviaja.com\/viajaresvivir\/#\/schema\/person\/image\/\",\"url\":\"https:\/\/secure.gravatar.com\/avatar\/c0c5e903012a8850db97fd6f93c49e8a?s=96&d=mm&r=g\",\"contentUrl\":\"https:\/\/secure.gravatar.com\/avatar\/c0c5e903012a8850db97fd6f93c49e8a?s=96&d=mm&r=g\",\"caption\":\"Rasa Strankauskaite\"},\"url\":\"https:\/\/www.canariasviaja.com\/viajaresvivir\/author\/rasa-strankauskaite\/\"}]}<\/script>\n<!-- \/ Yoast SEO plugin. -->","yoast_head_json":{"title":"Escapada a Gran Canaria, \u00a1esta vida es un regalo! - Viajar es vivir","description":"Escapada a Gran Canaria con la sumillier Rasa Strankauskaite que nos lleva vivir experiencias y lugares que hacen que la vida sea un regalo.","robots":{"index":"index","follow":"follow","max-snippet":"max-snippet:-1","max-image-preview":"max-image-preview:large","max-video-preview":"max-video-preview:-1"},"canonical":"https:\/\/www.canariasviaja.com\/viajaresvivir\/escapada-a-gran-canaria\/","og_locale":"es_ES","og_type":"article","og_title":"Escapada a Gran Canaria, \u00a1esta vida es un regalo! - Viajar es vivir","og_description":"Escapada a Gran Canaria con la sumillier Rasa Strankauskaite que nos lleva vivir experiencias y lugares que hacen que la vida sea un regalo.","og_url":"https:\/\/www.canariasviaja.com\/viajaresvivir\/escapada-a-gran-canaria\/","og_site_name":"Viajar es vivir","article_published_time":"2020-10-19T14:21:06+00:00","article_modified_time":"2020-10-20T09:49:39+00:00","og_image":[{"width":1080,"height":797,"url":"https:\/\/www.canariasviaja.com\/viajaresvivir\/wp-content\/uploads\/2020\/10\/FB_IMG_1602767051989-1.jpg","type":"image\/jpeg"}],"author":"Rasa Strankauskaite","twitter_card":"summary_large_image","twitter_misc":{"Escrito por":"Rasa Strankauskaite","Tiempo de lectura":"8 minutos"},"schema":{"@context":"https:\/\/schema.org","@graph":[{"@type":"WebPage","@id":"https:\/\/www.canariasviaja.com\/viajaresvivir\/escapada-a-gran-canaria\/","url":"https:\/\/www.canariasviaja.com\/viajaresvivir\/escapada-a-gran-canaria\/","name":"Escapada a Gran Canaria, \u00a1esta vida es un regalo! - Viajar es vivir","isPartOf":{"@id":"https:\/\/www.canariasviaja.com\/viajaresvivir\/#website"},"primaryImageOfPage":{"@id":"https:\/\/www.canariasviaja.com\/viajaresvivir\/escapada-a-gran-canaria\/#primaryimage"},"image":{"@id":"https:\/\/www.canariasviaja.com\/viajaresvivir\/escapada-a-gran-canaria\/#primaryimage"},"thumbnailUrl":"https:\/\/www.canariasviaja.com\/viajaresvivir\/wp-content\/uploads\/2020\/10\/FB_IMG_1602767051989-1.jpg","datePublished":"2020-10-19T14:21:06+00:00","dateModified":"2020-10-20T09:49:39+00:00","author":{"@id":"https:\/\/www.canariasviaja.com\/viajaresvivir\/#\/schema\/person\/27119fceb2df35dfc4e2f5c3cda87557"},"description":"Escapada a Gran Canaria con la sumillier Rasa Strankauskaite que nos lleva vivir experiencias y lugares que hacen que la vida sea un regalo.","breadcrumb":{"@id":"https:\/\/www.canariasviaja.com\/viajaresvivir\/escapada-a-gran-canaria\/#breadcrumb"},"inLanguage":"es","potentialAction":[{"@type":"ReadAction","target":["https:\/\/www.canariasviaja.com\/viajaresvivir\/escapada-a-gran-canaria\/"]}]},{"@type":"ImageObject","inLanguage":"es","@id":"https:\/\/www.canariasviaja.com\/viajaresvivir\/escapada-a-gran-canaria\/#primaryimage","url":"https:\/\/www.canariasviaja.com\/viajaresvivir\/wp-content\/uploads\/2020\/10\/FB_IMG_1602767051989-1.jpg","contentUrl":"https:\/\/www.canariasviaja.com\/viajaresvivir\/wp-content\/uploads\/2020\/10\/FB_IMG_1602767051989-1.jpg","width":1080,"height":797,"caption":"Rasa en bodega Gran Canaria"},{"@type":"BreadcrumbList","@id":"https:\/\/www.canariasviaja.com\/viajaresvivir\/escapada-a-gran-canaria\/#breadcrumb","itemListElement":[{"@type":"ListItem","position":1,"name":"Portada","item":"https:\/\/www.canariasviaja.com\/viajaresvivir\/"},{"@type":"ListItem","position":2,"name":"Escapada a Gran Canaria, \u00a1esta vida es un regalo!"}]},{"@type":"WebSite","@id":"https:\/\/www.canariasviaja.com\/viajaresvivir\/#website","url":"https:\/\/www.canariasviaja.com\/viajaresvivir\/","name":"Viajar es vivir","description":"El blog de viajes y estilo de vida de CanariasViaja","potentialAction":[{"@type":"SearchAction","target":{"@type":"EntryPoint","urlTemplate":"https:\/\/www.canariasviaja.com\/viajaresvivir\/?s={search_term_string}"},"query-input":{"@type":"PropertyValueSpecification","valueRequired":true,"valueName":"search_term_string"}}],"inLanguage":"es"},{"@type":"Person","@id":"https:\/\/www.canariasviaja.com\/viajaresvivir\/#\/schema\/person\/27119fceb2df35dfc4e2f5c3cda87557","name":"Rasa Strankauskaite","image":{"@type":"ImageObject","inLanguage":"es","@id":"https:\/\/www.canariasviaja.com\/viajaresvivir\/#\/schema\/person\/image\/","url":"https:\/\/secure.gravatar.com\/avatar\/c0c5e903012a8850db97fd6f93c49e8a?s=96&d=mm&r=g","contentUrl":"https:\/\/secure.gravatar.com\/avatar\/c0c5e903012a8850db97fd6f93c49e8a?s=96&d=mm&r=g","caption":"Rasa Strankauskaite"},"url":"https:\/\/www.canariasviaja.com\/viajaresvivir\/author\/rasa-strankauskaite\/"}]}},"_links":{"self":[{"href":"https:\/\/www.canariasviaja.com\/viajaresvivir\/wp-json\/wp\/v2\/posts\/5352"}],"collection":[{"href":"https:\/\/www.canariasviaja.com\/viajaresvivir\/wp-json\/wp\/v2\/posts"}],"about":[{"href":"https:\/\/www.canariasviaja.com\/viajaresvivir\/wp-json\/wp\/v2\/types\/post"}],"author":[{"embeddable":true,"href":"https:\/\/www.canariasviaja.com\/viajaresvivir\/wp-json\/wp\/v2\/users\/51"}],"replies":[{"embeddable":true,"href":"https:\/\/www.canariasviaja.com\/viajaresvivir\/wp-json\/wp\/v2\/comments?post=5352"}],"version-history":[{"count":10,"href":"https:\/\/www.canariasviaja.com\/viajaresvivir\/wp-json\/wp\/v2\/posts\/5352\/revisions"}],"predecessor-version":[{"id":5389,"href":"https:\/\/www.canariasviaja.com\/viajaresvivir\/wp-json\/wp\/v2\/posts\/5352\/revisions\/5389"}],"wp:featuredmedia":[{"embeddable":true,"href":"https:\/\/www.canariasviaja.com\/viajaresvivir\/wp-json\/wp\/v2\/media\/5357"}],"wp:attachment":[{"href":"https:\/\/www.canariasviaja.com\/viajaresvivir\/wp-json\/wp\/v2\/media?parent=5352"}],"wp:term":[{"taxonomy":"category","embeddable":true,"href":"https:\/\/www.canariasviaja.com\/viajaresvivir\/wp-json\/wp\/v2\/categories?post=5352"},{"taxonomy":"post_tag","embeddable":true,"href":"https:\/\/www.canariasviaja.com\/viajaresvivir\/wp-json\/wp\/v2\/tags?post=5352"}],"curies":[{"name":"wp","href":"https:\/\/api.w.org\/{rel}","templated":true}]}}