{"id":5393,"date":"2020-10-29T18:41:20","date_gmt":"2020-10-29T18:41:20","guid":{"rendered":"http:\/\/www.canariasviaja.com\/viajaresvivir\/?p=5393"},"modified":"2020-10-29T18:45:29","modified_gmt":"2020-10-29T18:45:29","slug":"noviembre-un-mes-con-sabor-a-vino-nuevo-y-olor-a-castanas","status":"publish","type":"post","link":"https:\/\/www.canariasviaja.com\/viajaresvivir\/noviembre-un-mes-con-sabor-a-vino-nuevo-y-olor-a-castanas\/","title":{"rendered":"Noviembre, un mes con sabor a vino nuevo y olor a casta\u00f1as"},"content":{"rendered":"\n<p>&nbsp;<em> -Abuelo, \u00bfeste mes no vas de fiestas?<\/em><\/p>\n\n\n\n<p>Qu\u00e9 dif\u00edcil contestar a la pregunta del nieto. El chinijo siempre ha visto al abuelo yendo \u201cde fiesta en fiesta\u201d y ahora, sin embargo, siempre lo ve metido en casa. Espero que un d\u00eda lo pueda entender y consiga recorrer junto a m\u00ed esas <strong>tradiciones <\/strong>que tenemos en Canarias.<\/p>\n\n\n\n<figure class=\"wp-block-image size-large\"><img loading=\"lazy\" decoding=\"async\" width=\"1024\" height=\"735\" src=\"http:\/\/www.canariasviaja.com\/viajaresvivir\/wp-content\/uploads\/2020\/10\/tafen\u0303a.jpg\" alt=\"Hombre asando casta\u00f1as en la fiesta de La Tafe\u00f1a\" class=\"wp-image-5409\" srcset=\"https:\/\/www.canariasviaja.com\/viajaresvivir\/wp-content\/uploads\/2020\/10\/tafen\u0303a.jpg 1024w, https:\/\/www.canariasviaja.com\/viajaresvivir\/wp-content\/uploads\/2020\/10\/tafen\u0303a-300x215.jpg 300w, https:\/\/www.canariasviaja.com\/viajaresvivir\/wp-content\/uploads\/2020\/10\/tafen\u0303a-768x551.jpg 768w\" sizes=\"(max-width: 1024px) 100vw, 1024px\" \/><figcaption>Hombre asando casta\u00f1as durante La Tafe\u00f1a en El Hierro<\/figcaption><\/figure>\n\n\n\n<p>\u00a1Me gustar\u00eda contarle tantas cosas que parece que me faltan palabras! \u00bfC\u00f3mo le explico que <strong>noviembre <\/strong>es el<strong> mes de vino y las casta\u00f1as,<\/strong> que el ruido de <strong>los cacharros<\/strong> no es ruido sino tradici\u00f3n y que en alg\u00fan lugar de las islas l<strong>os chicos se deslizan, en carros o tablas, por inclinadas calles<\/strong>? \u00bfC\u00f3mo le ense\u00f1o a tirar de esos cacharros?<\/p>\n\n\n\n<figure class=\"wp-block-gallery columns-3 is-cropped wp-block-gallery-1 is-layout-flex wp-block-gallery-is-layout-flex\"><ul class=\"blocks-gallery-grid\"><li class=\"blocks-gallery-item\"><figure><img loading=\"lazy\" decoding=\"async\" width=\"1024\" height=\"733\" src=\"http:\/\/www.canariasviaja.com\/viajaresvivir\/wp-content\/uploads\/2020\/10\/Castan\u0303as-asadas.jpg\" alt=\"casta\u00f1as asadas\" data-id=\"5399\" data-full-url=\"http:\/\/www.canariasviaja.com\/viajaresvivir\/wp-content\/uploads\/2020\/10\/Castan\u0303as-asadas.jpg\" data-link=\"http:\/\/www.canariasviaja.com\/viajaresvivir\/?attachment_id=5399#main\" class=\"wp-image-5399\" srcset=\"https:\/\/www.canariasviaja.com\/viajaresvivir\/wp-content\/uploads\/2020\/10\/Castan\u0303as-asadas.jpg 1024w, https:\/\/www.canariasviaja.com\/viajaresvivir\/wp-content\/uploads\/2020\/10\/Castan\u0303as-asadas-300x215.jpg 300w, https:\/\/www.canariasviaja.com\/viajaresvivir\/wp-content\/uploads\/2020\/10\/Castan\u0303as-asadas-768x550.jpg 768w\" sizes=\"(max-width: 1024px) 100vw, 1024px\" \/><\/figure><\/li><li class=\"blocks-gallery-item\"><figure><img loading=\"lazy\" decoding=\"async\" width=\"1024\" height=\"766\" src=\"http:\/\/www.canariasviaja.com\/viajaresvivir\/wp-content\/uploads\/2020\/10\/cacharros-04.jpg\" alt=\"Cacharros\" data-id=\"5394\" data-full-url=\"http:\/\/www.canariasviaja.com\/viajaresvivir\/wp-content\/uploads\/2020\/10\/cacharros-04.jpg\" data-link=\"http:\/\/www.canariasviaja.com\/viajaresvivir\/?attachment_id=5394#main\" class=\"wp-image-5394\" srcset=\"https:\/\/www.canariasviaja.com\/viajaresvivir\/wp-content\/uploads\/2020\/10\/cacharros-04.jpg 1024w, https:\/\/www.canariasviaja.com\/viajaresvivir\/wp-content\/uploads\/2020\/10\/cacharros-04-300x224.jpg 300w, https:\/\/www.canariasviaja.com\/viajaresvivir\/wp-content\/uploads\/2020\/10\/cacharros-04-768x575.jpg 768w\" sizes=\"(max-width: 1024px) 100vw, 1024px\" \/><\/figure><\/li><li class=\"blocks-gallery-item\"><figure><img loading=\"lazy\" decoding=\"async\" width=\"1024\" height=\"735\" src=\"http:\/\/www.canariasviaja.com\/viajaresvivir\/wp-content\/uploads\/2020\/10\/la-jura.jpg\" alt=\"\" data-id=\"5404\" data-full-url=\"http:\/\/www.canariasviaja.com\/viajaresvivir\/wp-content\/uploads\/2020\/10\/la-jura.jpg\" data-link=\"http:\/\/www.canariasviaja.com\/viajaresvivir\/?attachment_id=5404#main\" class=\"wp-image-5404\" srcset=\"https:\/\/www.canariasviaja.com\/viajaresvivir\/wp-content\/uploads\/2020\/10\/la-jura.jpg 1024w, https:\/\/www.canariasviaja.com\/viajaresvivir\/wp-content\/uploads\/2020\/10\/la-jura-300x215.jpg 300w, https:\/\/www.canariasviaja.com\/viajaresvivir\/wp-content\/uploads\/2020\/10\/la-jura-768x551.jpg 768w\" sizes=\"(max-width: 1024px) 100vw, 1024px\" \/><\/figure><\/li><li class=\"blocks-gallery-item\"><figure><img loading=\"lazy\" decoding=\"async\" width=\"1024\" height=\"709\" src=\"http:\/\/www.canariasviaja.com\/viajaresvivir\/wp-content\/uploads\/2020\/10\/Tablas-de-Icod-01.jpg\" alt=\"Tablas de Icos Noviembre\" data-id=\"5406\" data-full-url=\"http:\/\/www.canariasviaja.com\/viajaresvivir\/wp-content\/uploads\/2020\/10\/Tablas-de-Icod-01.jpg\" data-link=\"http:\/\/www.canariasviaja.com\/viajaresvivir\/?attachment_id=5406#main\" class=\"wp-image-5406\" srcset=\"https:\/\/www.canariasviaja.com\/viajaresvivir\/wp-content\/uploads\/2020\/10\/Tablas-de-Icod-01.jpg 1024w, https:\/\/www.canariasviaja.com\/viajaresvivir\/wp-content\/uploads\/2020\/10\/Tablas-de-Icod-01-300x208.jpg 300w, https:\/\/www.canariasviaja.com\/viajaresvivir\/wp-content\/uploads\/2020\/10\/Tablas-de-Icod-01-768x532.jpg 768w\" sizes=\"(max-width: 1024px) 100vw, 1024px\" \/><figcaption class=\"blocks-gallery-item__caption\">Tablas de Icod<\/figcaption><\/figure><\/li><\/ul><\/figure>\n\n\n\n<p>Sue\u00f1o que un d\u00eda lo podr\u00e9 agarrar de la mano y mostrarle esas bonitas cosas que ahora, en noviembre y diciembre, no son muchas, pero s\u00ed \u00fanicas y diferentes, pues estos \u00faltimos meses del a\u00f1o hay casi de todo. Hay hasta romer\u00edas a finales de diciembre, como las de <strong>Santa Luc\u00eda, en Gran Canaria<\/strong>, o la de <strong>Tefia, en Fuerteventura<\/strong>, sin olvidar otras fiestas como las<strong> de Santa Luc\u00eda, <\/strong>en Puntallana, en la Isla de La Palma, o la de <strong>Tazo, <\/strong>en La Gomera.<\/p>\n\n\n\n<p>\u00a1C\u00f3mo me gustar\u00eda verlo bailar <strong>la danza de San Diego, <\/strong>en La Laguna, en los \u00faltimos d\u00edas de noviembre, o disfrutar del <strong>baile de los pastores, en Tijarafe,<\/strong> o del <strong>baile del Ni\u00f1o, <\/strong>en la Matanza<strong>, <\/strong>que se celebrana finales de diciembre! \u00bfC\u00f3mo explicarle que hasta el diablo entra en una iglesia en la noche de Navidad, en una representaci\u00f3n de la obra del <strong>Bien y del Mal <\/strong>que se haceen Tuineje, en Fuerteventura?<\/p>\n\n\n\n<p>Pero todo esto es tan s\u00f3lo un sue\u00f1o. La realidad, hoy, es muy distinta.<\/p>\n\n\n\n<figure class=\"wp-block-image size-large\"><img loading=\"lazy\" decoding=\"async\" width=\"2000\" height=\"879\" src=\"http:\/\/www.canariasviaja.com\/viajaresvivir\/wp-content\/uploads\/2020\/10\/castan\u0303as-03.jpg\" alt=\"Casta\u00f1as en Noviembre\" class=\"wp-image-5398\" srcset=\"https:\/\/www.canariasviaja.com\/viajaresvivir\/wp-content\/uploads\/2020\/10\/castan\u0303as-03.jpg 2000w, https:\/\/www.canariasviaja.com\/viajaresvivir\/wp-content\/uploads\/2020\/10\/castan\u0303as-03-300x132.jpg 300w, https:\/\/www.canariasviaja.com\/viajaresvivir\/wp-content\/uploads\/2020\/10\/castan\u0303as-03-768x338.jpg 768w, https:\/\/www.canariasviaja.com\/viajaresvivir\/wp-content\/uploads\/2020\/10\/castan\u0303as-03-1536x675.jpg 1536w, https:\/\/www.canariasviaja.com\/viajaresvivir\/wp-content\/uploads\/2020\/10\/castan\u0303as-03-1200x527.jpg 1200w, https:\/\/www.canariasviaja.com\/viajaresvivir\/wp-content\/uploads\/2020\/10\/castan\u0303as-03-1920x844.jpg 1920w\" sizes=\"(max-width: 2000px) 100vw, 2000px\" \/><\/figure>\n\n\n\n<p>&nbsp;El olor a casta\u00f1as asadas que preparamos en la cocina nos trae bonitos recuerdos de otros a\u00f1os donde toda Canarias ol\u00eda a <strong>vino nuevo, casta\u00f1as asadas y pescado salado<\/strong>. Aunque ahora nos parezca que eso es cosa de hace tiempo, tan s\u00f3lo hace un a\u00f1o, en v\u00edsperas de <strong>San Andr\u00e9s,<\/strong> disfrut\u00e1bamos de <strong>los carros en Ch\u00edo, <\/strong>en<strong> <\/strong>Gu\u00eda de Isora. Recuerdo los alegres colores, los elaborados dise\u00f1os y las alocadas bajadas por la calle del Pino del Aire, tradici\u00f3n que viene de las <strong>tablas de Icod de los Vinos,<\/strong> que se celebra en las mismas fechas, al igual que en las <strong>tablas de La Guancha<\/strong>. <\/p>\n\n\n\n<figure class=\"wp-block-image size-large\"><img loading=\"lazy\" decoding=\"async\" width=\"1024\" height=\"783\" src=\"http:\/\/www.canariasviaja.com\/viajaresvivir\/wp-content\/uploads\/2020\/10\/carros-de-chio-12.jpg\" alt=\"Carros de Chio Noviembre\" class=\"wp-image-5396\" srcset=\"https:\/\/www.canariasviaja.com\/viajaresvivir\/wp-content\/uploads\/2020\/10\/carros-de-chio-12.jpg 1024w, https:\/\/www.canariasviaja.com\/viajaresvivir\/wp-content\/uploads\/2020\/10\/carros-de-chio-12-300x229.jpg 300w, https:\/\/www.canariasviaja.com\/viajaresvivir\/wp-content\/uploads\/2020\/10\/carros-de-chio-12-768x587.jpg 768w\" sizes=\"(max-width: 1024px) 100vw, 1024px\" \/><figcaption>Carros de Ch\u00edo<\/figcaption><\/figure>\n\n\n\n<figure class=\"wp-block-image size-large\"><img loading=\"lazy\" decoding=\"async\" width=\"2000\" height=\"1517\" src=\"http:\/\/www.canariasviaja.com\/viajaresvivir\/wp-content\/uploads\/2020\/10\/Tablas-de-la-guancha-02.jpg\" alt=\"Tablas de La Guancha\" class=\"wp-image-5408\" srcset=\"https:\/\/www.canariasviaja.com\/viajaresvivir\/wp-content\/uploads\/2020\/10\/Tablas-de-la-guancha-02.jpg 2000w, https:\/\/www.canariasviaja.com\/viajaresvivir\/wp-content\/uploads\/2020\/10\/Tablas-de-la-guancha-02-300x228.jpg 300w, https:\/\/www.canariasviaja.com\/viajaresvivir\/wp-content\/uploads\/2020\/10\/Tablas-de-la-guancha-02-768x583.jpg 768w, https:\/\/www.canariasviaja.com\/viajaresvivir\/wp-content\/uploads\/2020\/10\/Tablas-de-la-guancha-02-1536x1165.jpg 1536w, https:\/\/www.canariasviaja.com\/viajaresvivir\/wp-content\/uploads\/2020\/10\/Tablas-de-la-guancha-02-1200x910.jpg 1200w, https:\/\/www.canariasviaja.com\/viajaresvivir\/wp-content\/uploads\/2020\/10\/Tablas-de-la-guancha-02-1424x1080.jpg 1424w\" sizes=\"(max-width: 2000px) 100vw, 2000px\" \/><figcaption>Tablas de La Guancha<\/figcaption><\/figure>\n\n\n\n<figure class=\"wp-block-image size-large\"><img loading=\"lazy\" decoding=\"async\" width=\"1024\" height=\"729\" src=\"http:\/\/www.canariasviaja.com\/viajaresvivir\/wp-content\/uploads\/2020\/10\/Tablas-de-Icod-15.jpg\" alt=\"Tablas de Icod\" class=\"wp-image-5407\" srcset=\"https:\/\/www.canariasviaja.com\/viajaresvivir\/wp-content\/uploads\/2020\/10\/Tablas-de-Icod-15.jpg 1024w, https:\/\/www.canariasviaja.com\/viajaresvivir\/wp-content\/uploads\/2020\/10\/Tablas-de-Icod-15-300x214.jpg 300w, https:\/\/www.canariasviaja.com\/viajaresvivir\/wp-content\/uploads\/2020\/10\/Tablas-de-Icod-15-768x547.jpg 768w\" sizes=\"(max-width: 1024px) 100vw, 1024px\" \/><figcaption>Tablas de Icod<\/figcaption><\/figure>\n\n\n\n<p>Tambi\u00e9n recordamos otras fiestas relacionadas con el vino nuevo, como <strong>La Tafe\u00f1a, <\/strong>en la isla de El Hierro, que se celebra en los primeros d\u00edas de noviembre, en la que se catan los vinos nuevos y se comen las primeras casta\u00f1as.<\/p>\n\n\n\n<figure class=\"wp-block-image size-large\"><img loading=\"lazy\" decoding=\"async\" width=\"2000\" height=\"1395\" src=\"http:\/\/www.canariasviaja.com\/viajaresvivir\/wp-content\/uploads\/2020\/10\/la-tafen\u0303a-2015-003.jpg\" alt=\"La Tafe\u00f1a Noviembre\" class=\"wp-image-5405\" srcset=\"https:\/\/www.canariasviaja.com\/viajaresvivir\/wp-content\/uploads\/2020\/10\/la-tafen\u0303a-2015-003.jpg 2000w, https:\/\/www.canariasviaja.com\/viajaresvivir\/wp-content\/uploads\/2020\/10\/la-tafen\u0303a-2015-003-300x209.jpg 300w, https:\/\/www.canariasviaja.com\/viajaresvivir\/wp-content\/uploads\/2020\/10\/la-tafen\u0303a-2015-003-768x536.jpg 768w, https:\/\/www.canariasviaja.com\/viajaresvivir\/wp-content\/uploads\/2020\/10\/la-tafen\u0303a-2015-003-1536x1071.jpg 1536w, https:\/\/www.canariasviaja.com\/viajaresvivir\/wp-content\/uploads\/2020\/10\/la-tafen\u0303a-2015-003-1200x837.jpg 1200w, https:\/\/www.canariasviaja.com\/viajaresvivir\/wp-content\/uploads\/2020\/10\/la-tafen\u0303a-2015-003-1548x1080.jpg 1548w\" sizes=\"(max-width: 2000px) 100vw, 2000px\" \/><figcaption>La Tafe\u00f1a en El Hierro<\/figcaption><\/figure>\n\n\n\n<p>Igualmente, el 11 de noviembre se celebra el conocido <strong>San Mart\u00edn,<\/strong> en la isla de La Palma, donde se abren las<strong> bodegas<\/strong> en la tradicional <em>Jur\u00e1 de la pipa<\/em>, se come carne de cochino y pescado salado, que antiguamente se sujetaba con un clavo a la pared y se com\u00eda en peque\u00f1as tiras, acompa\u00f1ado de vino, casta\u00f1as asadas o cocinadas, mientras no para de sonar la copla:<\/p>\n\n\n\n<p><em>San Mart\u00edn,<\/em><\/p>\n\n\n\n<p><em>tir\u00edn, tirint\u00edn,<\/em><\/p>\n\n\n\n<p><em>fuego a las casta\u00f1as<\/em><\/p>\n\n\n\n<p><em>y mano al barril.<\/em><\/p>\n\n\n\n<figure class=\"wp-block-image size-large\"><img loading=\"lazy\" decoding=\"async\" width=\"1024\" height=\"737\" src=\"http:\/\/www.canariasviaja.com\/viajaresvivir\/wp-content\/uploads\/2020\/10\/la-jura.-tif.jpg\" alt=\"La jura Noviembre\" class=\"wp-image-5403\" srcset=\"https:\/\/www.canariasviaja.com\/viajaresvivir\/wp-content\/uploads\/2020\/10\/la-jura.-tif.jpg 1024w, https:\/\/www.canariasviaja.com\/viajaresvivir\/wp-content\/uploads\/2020\/10\/la-jura.-tif-300x216.jpg 300w, https:\/\/www.canariasviaja.com\/viajaresvivir\/wp-content\/uploads\/2020\/10\/la-jura.-tif-768x553.jpg 768w\" sizes=\"(max-width: 1024px) 100vw, 1024px\" \/><figcaption><em>La Jur\u00e1<\/em><\/figcaption><\/figure>\n\n\n\n<p>&nbsp;Y no podemos olvidarnos de <strong>el Descorche,<\/strong> en Icod, en los \u00faltimos d\u00edas de noviembre, cuando se prueban los vinos de la cosecha.<\/p>\n\n\n\n<p>Puede parecer que es en las islas occidentales donde se celebren con mayor fuerza las fiestas del vino nuevo, quiz\u00e1s por las condiciones geogr\u00e1ficas, pero cada vez m\u00e1s entran estas tradiciones en todos los hogares de Canarias, igual que <strong>los cacharros, <\/strong>que comenzaron siendo una costumbre local con la que se recordaba <strong>el ruido de las barricas y los toneles al bajar por las calles, <\/strong>y hoy se celebran en todos los pueblos de las islas.<\/p>\n\n\n\n<div class=\"wp-block-image\"><figure class=\"aligncenter size-large is-resized\"><img decoding=\"async\" src=\"http:\/\/www.canariasviaja.com\/viajaresvivir\/wp-content\/uploads\/2020\/10\/cacharros-05.jpg\" alt=\"Cacharros en Noviembre, mes de vino nuevo y casta\u00f1as\" class=\"wp-image-5395\" width=\"400\" srcset=\"https:\/\/www.canariasviaja.com\/viajaresvivir\/wp-content\/uploads\/2020\/10\/cacharros-05.jpg 620w, https:\/\/www.canariasviaja.com\/viajaresvivir\/wp-content\/uploads\/2020\/10\/cacharros-05-182x300.jpg 182w\" sizes=\"(max-width: 620px) 100vw, 620px\" \/><figcaption>Los cacharros<\/figcaption><\/figure><\/div>\n\n\n\n<p>Y mientras hablamos y recordamos todas estas historias, no paran de sonar en el exterior de la casa con un ruido atronador, que, junto al olor a casta\u00f1as asadas y el sabor a vino nuevo, nos hacen pensar que nuestras tradiciones son m\u00e1s fuertes que cualquier virus y pandemia\u2026<\/p>\n\n\n\n<p>&nbsp;&nbsp;&nbsp;&nbsp;&nbsp;&nbsp;&nbsp;&nbsp;&nbsp;&nbsp;&nbsp;&nbsp;&nbsp;<strong>&nbsp;&nbsp;&nbsp;&nbsp; \u00a1VIVAN NUESTRAS TRADICIONES!<\/strong><\/p>\n\n\n\n<hr class=\"wp-block-separator\"\/>\n\n\n\n<p><strong>Juan Agust\u00edn P\u00e9rez P\u00e9rez<\/strong> (Tingo) nace en Venezuela en 1955 de padres emigrantes palmeros. Profesor de dibujo y fotograf\u00eda, fot\u00f3grafo documental y creativo con m\u00e1s 45 a\u00f1os de experiencia, dedicado a la docencia y al estudio de las tradiciones y fiestas de Canarias.<\/p>\n\n\n\n<p>Las fotograf\u00edas y textos son un peque\u00f1o avance del contenido del libro <strong>Fiestas de Canarias<\/strong>, que se publicar\u00e1 en los pr\u00f3ximos meses, un trabajo de mas de 20 a\u00f1os recorri\u00e9ndo las peque\u00f1as fiestas y tradiciones de las ocho islas Canarias. M\u00e1s de 40.000 fotos de multitud de celebraciones, de las que se recogen <strong>90 fiestas<\/strong> en la publicaci\u00f3n, acompa\u00f1adas de m\u00e1s de 800 im\u00e1genes con textos de cada tradici\u00f3n.<\/p>\n","protected":false},"excerpt":{"rendered":"<p>Noviembre es mes de casta\u00f1as y vino nuevo en Canarias. Tingo nos lleva de paseo nost\u00e1lgico por estas fiestas.<\/p>\n","protected":false},"author":18,"featured_media":5405,"comment_status":"open","ping_status":"open","sticky":false,"template":"","format":"standard","meta":{"_acf_changed":false,"sfsi_plus_gutenberg_text_before_share":"","sfsi_plus_gutenberg_show_text_before_share":"","sfsi_plus_gutenberg_icon_type":"","sfsi_plus_gutenberg_icon_alignemt":"","sfsi_plus_gutenburg_max_per_row":"","footnotes":""},"categories":[9,124,8,123,10],"tags":[640,379,410,488,381,380,364],"class_list":["post-5393","post","type-post","status-publish","format-standard","has-post-thumbnail","hentry","category-canarias","category-descubre","category-diariodeviaje","category-explora","category-historias-viajeras","tag-canarias","tag-el-hierro","tag-fiestas-tradicionales","tag-la-gomera","tag-la-palma","tag-lanzarote","tag-tenerife"],"acf":[],"yoast_head":"<!-- This site is optimized with the Yoast SEO plugin v24.1 - https:\/\/yoast.com\/wordpress\/plugins\/seo\/ -->\n<title>Noviembre, un mes con sabor a vino nuevo y olor a casta\u00f1as - Viajar es vivir<\/title>\n<meta name=\"description\" content=\"Noviembre sabe a vino nuevo y huele a casta\u00f1as en Canarias. Un mes de fiestas tradicionales que salpican los municipios de las islas. Des\u00fabrelas.\" \/>\n<meta name=\"robots\" content=\"index, follow, max-snippet:-1, max-image-preview:large, max-video-preview:-1\" \/>\n<link rel=\"canonical\" href=\"https:\/\/www.canariasviaja.com\/viajaresvivir\/noviembre-un-mes-con-sabor-a-vino-nuevo-y-olor-a-castanas\/\" \/>\n<meta property=\"og:locale\" content=\"es_ES\" \/>\n<meta property=\"og:type\" content=\"article\" \/>\n<meta property=\"og:title\" content=\"Noviembre, un mes con sabor a vino nuevo y olor a casta\u00f1as - Viajar es vivir\" \/>\n<meta property=\"og:description\" content=\"Noviembre sabe a vino nuevo y huele a casta\u00f1as en Canarias. Un mes de fiestas tradicionales que salpican los municipios de las islas. Des\u00fabrelas.\" \/>\n<meta property=\"og:url\" content=\"https:\/\/www.canariasviaja.com\/viajaresvivir\/noviembre-un-mes-con-sabor-a-vino-nuevo-y-olor-a-castanas\/\" \/>\n<meta property=\"og:site_name\" content=\"Viajar es vivir\" \/>\n<meta property=\"article:published_time\" content=\"2020-10-29T18:41:20+00:00\" \/>\n<meta property=\"article:modified_time\" content=\"2020-10-29T18:45:29+00:00\" \/>\n<meta property=\"og:image\" content=\"https:\/\/www.canariasviaja.com\/viajaresvivir\/wp-content\/uploads\/2020\/10\/la-tafen\u0303a-2015-003.jpg\" \/>\n\t<meta property=\"og:image:width\" content=\"2000\" \/>\n\t<meta property=\"og:image:height\" content=\"1395\" \/>\n\t<meta property=\"og:image:type\" content=\"image\/jpeg\" \/>\n<meta name=\"author\" content=\"Juan Agust\u00edn P\u00e9rez\" \/>\n<meta name=\"twitter:card\" content=\"summary_large_image\" \/>\n<meta name=\"twitter:label1\" content=\"Escrito por\" \/>\n\t<meta name=\"twitter:data1\" content=\"Juan Agust\u00edn P\u00e9rez\" \/>\n\t<meta name=\"twitter:label2\" content=\"Tiempo de lectura\" \/>\n\t<meta name=\"twitter:data2\" content=\"5 minutos\" \/>\n<script type=\"application\/ld+json\" class=\"yoast-schema-graph\">{\"@context\":\"https:\/\/schema.org\",\"@graph\":[{\"@type\":\"WebPage\",\"@id\":\"https:\/\/www.canariasviaja.com\/viajaresvivir\/noviembre-un-mes-con-sabor-a-vino-nuevo-y-olor-a-castanas\/\",\"url\":\"https:\/\/www.canariasviaja.com\/viajaresvivir\/noviembre-un-mes-con-sabor-a-vino-nuevo-y-olor-a-castanas\/\",\"name\":\"Noviembre, un mes con sabor a vino nuevo y olor a casta\u00f1as - Viajar es vivir\",\"isPartOf\":{\"@id\":\"https:\/\/www.canariasviaja.com\/viajaresvivir\/#website\"},\"primaryImageOfPage\":{\"@id\":\"https:\/\/www.canariasviaja.com\/viajaresvivir\/noviembre-un-mes-con-sabor-a-vino-nuevo-y-olor-a-castanas\/#primaryimage\"},\"image\":{\"@id\":\"https:\/\/www.canariasviaja.com\/viajaresvivir\/noviembre-un-mes-con-sabor-a-vino-nuevo-y-olor-a-castanas\/#primaryimage\"},\"thumbnailUrl\":\"https:\/\/www.canariasviaja.com\/viajaresvivir\/wp-content\/uploads\/2020\/10\/la-tafen\u0303a-2015-003.jpg\",\"datePublished\":\"2020-10-29T18:41:20+00:00\",\"dateModified\":\"2020-10-29T18:45:29+00:00\",\"author\":{\"@id\":\"https:\/\/www.canariasviaja.com\/viajaresvivir\/#\/schema\/person\/e3e436e832fea6c9d922c64376a74f7d\"},\"description\":\"Noviembre sabe a vino nuevo y huele a casta\u00f1as en Canarias. Un mes de fiestas tradicionales que salpican los municipios de las islas. Des\u00fabrelas.\",\"breadcrumb\":{\"@id\":\"https:\/\/www.canariasviaja.com\/viajaresvivir\/noviembre-un-mes-con-sabor-a-vino-nuevo-y-olor-a-castanas\/#breadcrumb\"},\"inLanguage\":\"es\",\"potentialAction\":[{\"@type\":\"ReadAction\",\"target\":[\"https:\/\/www.canariasviaja.com\/viajaresvivir\/noviembre-un-mes-con-sabor-a-vino-nuevo-y-olor-a-castanas\/\"]}]},{\"@type\":\"ImageObject\",\"inLanguage\":\"es\",\"@id\":\"https:\/\/www.canariasviaja.com\/viajaresvivir\/noviembre-un-mes-con-sabor-a-vino-nuevo-y-olor-a-castanas\/#primaryimage\",\"url\":\"https:\/\/www.canariasviaja.com\/viajaresvivir\/wp-content\/uploads\/2020\/10\/la-tafen\u0303a-2015-003.jpg\",\"contentUrl\":\"https:\/\/www.canariasviaja.com\/viajaresvivir\/wp-content\/uploads\/2020\/10\/la-tafen\u0303a-2015-003.jpg\",\"width\":2000,\"height\":1395,\"caption\":\"La Tafe\u00f1a Noviembre\"},{\"@type\":\"BreadcrumbList\",\"@id\":\"https:\/\/www.canariasviaja.com\/viajaresvivir\/noviembre-un-mes-con-sabor-a-vino-nuevo-y-olor-a-castanas\/#breadcrumb\",\"itemListElement\":[{\"@type\":\"ListItem\",\"position\":1,\"name\":\"Portada\",\"item\":\"https:\/\/www.canariasviaja.com\/viajaresvivir\/\"},{\"@type\":\"ListItem\",\"position\":2,\"name\":\"Noviembre, un mes con sabor a vino nuevo y olor a casta\u00f1as\"}]},{\"@type\":\"WebSite\",\"@id\":\"https:\/\/www.canariasviaja.com\/viajaresvivir\/#website\",\"url\":\"https:\/\/www.canariasviaja.com\/viajaresvivir\/\",\"name\":\"Viajar es vivir\",\"description\":\"El blog de viajes y estilo de vida de CanariasViaja\",\"potentialAction\":[{\"@type\":\"SearchAction\",\"target\":{\"@type\":\"EntryPoint\",\"urlTemplate\":\"https:\/\/www.canariasviaja.com\/viajaresvivir\/?s={search_term_string}\"},\"query-input\":{\"@type\":\"PropertyValueSpecification\",\"valueRequired\":true,\"valueName\":\"search_term_string\"}}],\"inLanguage\":\"es\"},{\"@type\":\"Person\",\"@id\":\"https:\/\/www.canariasviaja.com\/viajaresvivir\/#\/schema\/person\/e3e436e832fea6c9d922c64376a74f7d\",\"name\":\"Juan Agust\u00edn P\u00e9rez\",\"image\":{\"@type\":\"ImageObject\",\"inLanguage\":\"es\",\"@id\":\"https:\/\/www.canariasviaja.com\/viajaresvivir\/#\/schema\/person\/image\/\",\"url\":\"https:\/\/secure.gravatar.com\/avatar\/a978b5dc3f9220401ffa0c5a614ad7a9?s=96&d=mm&r=g\",\"contentUrl\":\"https:\/\/secure.gravatar.com\/avatar\/a978b5dc3f9220401ffa0c5a614ad7a9?s=96&d=mm&r=g\",\"caption\":\"Juan Agust\u00edn P\u00e9rez\"},\"url\":\"https:\/\/www.canariasviaja.com\/viajaresvivir\/author\/juan-agustin-perez\/\"}]}<\/script>\n<!-- \/ Yoast SEO plugin. -->","yoast_head_json":{"title":"Noviembre, un mes con sabor a vino nuevo y olor a casta\u00f1as - Viajar es vivir","description":"Noviembre sabe a vino nuevo y huele a casta\u00f1as en Canarias. Un mes de fiestas tradicionales que salpican los municipios de las islas. Des\u00fabrelas.","robots":{"index":"index","follow":"follow","max-snippet":"max-snippet:-1","max-image-preview":"max-image-preview:large","max-video-preview":"max-video-preview:-1"},"canonical":"https:\/\/www.canariasviaja.com\/viajaresvivir\/noviembre-un-mes-con-sabor-a-vino-nuevo-y-olor-a-castanas\/","og_locale":"es_ES","og_type":"article","og_title":"Noviembre, un mes con sabor a vino nuevo y olor a casta\u00f1as - Viajar es vivir","og_description":"Noviembre sabe a vino nuevo y huele a casta\u00f1as en Canarias. Un mes de fiestas tradicionales que salpican los municipios de las islas. Des\u00fabrelas.","og_url":"https:\/\/www.canariasviaja.com\/viajaresvivir\/noviembre-un-mes-con-sabor-a-vino-nuevo-y-olor-a-castanas\/","og_site_name":"Viajar es vivir","article_published_time":"2020-10-29T18:41:20+00:00","article_modified_time":"2020-10-29T18:45:29+00:00","og_image":[{"width":2000,"height":1395,"url":"https:\/\/www.canariasviaja.com\/viajaresvivir\/wp-content\/uploads\/2020\/10\/la-tafen\u0303a-2015-003.jpg","type":"image\/jpeg"}],"author":"Juan Agust\u00edn P\u00e9rez","twitter_card":"summary_large_image","twitter_misc":{"Escrito por":"Juan Agust\u00edn P\u00e9rez","Tiempo de lectura":"5 minutos"},"schema":{"@context":"https:\/\/schema.org","@graph":[{"@type":"WebPage","@id":"https:\/\/www.canariasviaja.com\/viajaresvivir\/noviembre-un-mes-con-sabor-a-vino-nuevo-y-olor-a-castanas\/","url":"https:\/\/www.canariasviaja.com\/viajaresvivir\/noviembre-un-mes-con-sabor-a-vino-nuevo-y-olor-a-castanas\/","name":"Noviembre, un mes con sabor a vino nuevo y olor a casta\u00f1as - Viajar es vivir","isPartOf":{"@id":"https:\/\/www.canariasviaja.com\/viajaresvivir\/#website"},"primaryImageOfPage":{"@id":"https:\/\/www.canariasviaja.com\/viajaresvivir\/noviembre-un-mes-con-sabor-a-vino-nuevo-y-olor-a-castanas\/#primaryimage"},"image":{"@id":"https:\/\/www.canariasviaja.com\/viajaresvivir\/noviembre-un-mes-con-sabor-a-vino-nuevo-y-olor-a-castanas\/#primaryimage"},"thumbnailUrl":"https:\/\/www.canariasviaja.com\/viajaresvivir\/wp-content\/uploads\/2020\/10\/la-tafen\u0303a-2015-003.jpg","datePublished":"2020-10-29T18:41:20+00:00","dateModified":"2020-10-29T18:45:29+00:00","author":{"@id":"https:\/\/www.canariasviaja.com\/viajaresvivir\/#\/schema\/person\/e3e436e832fea6c9d922c64376a74f7d"},"description":"Noviembre sabe a vino nuevo y huele a casta\u00f1as en Canarias. Un mes de fiestas tradicionales que salpican los municipios de las islas. Des\u00fabrelas.","breadcrumb":{"@id":"https:\/\/www.canariasviaja.com\/viajaresvivir\/noviembre-un-mes-con-sabor-a-vino-nuevo-y-olor-a-castanas\/#breadcrumb"},"inLanguage":"es","potentialAction":[{"@type":"ReadAction","target":["https:\/\/www.canariasviaja.com\/viajaresvivir\/noviembre-un-mes-con-sabor-a-vino-nuevo-y-olor-a-castanas\/"]}]},{"@type":"ImageObject","inLanguage":"es","@id":"https:\/\/www.canariasviaja.com\/viajaresvivir\/noviembre-un-mes-con-sabor-a-vino-nuevo-y-olor-a-castanas\/#primaryimage","url":"https:\/\/www.canariasviaja.com\/viajaresvivir\/wp-content\/uploads\/2020\/10\/la-tafen\u0303a-2015-003.jpg","contentUrl":"https:\/\/www.canariasviaja.com\/viajaresvivir\/wp-content\/uploads\/2020\/10\/la-tafen\u0303a-2015-003.jpg","width":2000,"height":1395,"caption":"La Tafe\u00f1a Noviembre"},{"@type":"BreadcrumbList","@id":"https:\/\/www.canariasviaja.com\/viajaresvivir\/noviembre-un-mes-con-sabor-a-vino-nuevo-y-olor-a-castanas\/#breadcrumb","itemListElement":[{"@type":"ListItem","position":1,"name":"Portada","item":"https:\/\/www.canariasviaja.com\/viajaresvivir\/"},{"@type":"ListItem","position":2,"name":"Noviembre, un mes con sabor a vino nuevo y olor a casta\u00f1as"}]},{"@type":"WebSite","@id":"https:\/\/www.canariasviaja.com\/viajaresvivir\/#website","url":"https:\/\/www.canariasviaja.com\/viajaresvivir\/","name":"Viajar es vivir","description":"El blog de viajes y estilo de vida de CanariasViaja","potentialAction":[{"@type":"SearchAction","target":{"@type":"EntryPoint","urlTemplate":"https:\/\/www.canariasviaja.com\/viajaresvivir\/?s={search_term_string}"},"query-input":{"@type":"PropertyValueSpecification","valueRequired":true,"valueName":"search_term_string"}}],"inLanguage":"es"},{"@type":"Person","@id":"https:\/\/www.canariasviaja.com\/viajaresvivir\/#\/schema\/person\/e3e436e832fea6c9d922c64376a74f7d","name":"Juan Agust\u00edn P\u00e9rez","image":{"@type":"ImageObject","inLanguage":"es","@id":"https:\/\/www.canariasviaja.com\/viajaresvivir\/#\/schema\/person\/image\/","url":"https:\/\/secure.gravatar.com\/avatar\/a978b5dc3f9220401ffa0c5a614ad7a9?s=96&d=mm&r=g","contentUrl":"https:\/\/secure.gravatar.com\/avatar\/a978b5dc3f9220401ffa0c5a614ad7a9?s=96&d=mm&r=g","caption":"Juan Agust\u00edn P\u00e9rez"},"url":"https:\/\/www.canariasviaja.com\/viajaresvivir\/author\/juan-agustin-perez\/"}]}},"_links":{"self":[{"href":"https:\/\/www.canariasviaja.com\/viajaresvivir\/wp-json\/wp\/v2\/posts\/5393"}],"collection":[{"href":"https:\/\/www.canariasviaja.com\/viajaresvivir\/wp-json\/wp\/v2\/posts"}],"about":[{"href":"https:\/\/www.canariasviaja.com\/viajaresvivir\/wp-json\/wp\/v2\/types\/post"}],"author":[{"embeddable":true,"href":"https:\/\/www.canariasviaja.com\/viajaresvivir\/wp-json\/wp\/v2\/users\/18"}],"replies":[{"embeddable":true,"href":"https:\/\/www.canariasviaja.com\/viajaresvivir\/wp-json\/wp\/v2\/comments?post=5393"}],"version-history":[{"count":5,"href":"https:\/\/www.canariasviaja.com\/viajaresvivir\/wp-json\/wp\/v2\/posts\/5393\/revisions"}],"predecessor-version":[{"id":5414,"href":"https:\/\/www.canariasviaja.com\/viajaresvivir\/wp-json\/wp\/v2\/posts\/5393\/revisions\/5414"}],"wp:featuredmedia":[{"embeddable":true,"href":"https:\/\/www.canariasviaja.com\/viajaresvivir\/wp-json\/wp\/v2\/media\/5405"}],"wp:attachment":[{"href":"https:\/\/www.canariasviaja.com\/viajaresvivir\/wp-json\/wp\/v2\/media?parent=5393"}],"wp:term":[{"taxonomy":"category","embeddable":true,"href":"https:\/\/www.canariasviaja.com\/viajaresvivir\/wp-json\/wp\/v2\/categories?post=5393"},{"taxonomy":"post_tag","embeddable":true,"href":"https:\/\/www.canariasviaja.com\/viajaresvivir\/wp-json\/wp\/v2\/tags?post=5393"}],"curies":[{"name":"wp","href":"https:\/\/api.w.org\/{rel}","templated":true}]}}