{"id":5442,"date":"2020-11-08T17:21:49","date_gmt":"2020-11-08T17:21:49","guid":{"rendered":"http:\/\/www.canariasviaja.com\/viajaresvivir\/?p=5442"},"modified":"2020-11-10T15:17:52","modified_gmt":"2020-11-10T15:17:52","slug":"artesania-en-la-orotava","status":"publish","type":"post","link":"https:\/\/www.canariasviaja.com\/viajaresvivir\/artesania-en-la-orotava\/","title":{"rendered":"Artesan\u00eda en La Orotava, \u00a1desc\u00fabrela!"},"content":{"rendered":"\n<p>Detr\u00e1s de cada <strong>pieza artesana <\/strong>hay jornadas interminables de trabajo, tradici\u00f3n, tes\u00f3n y mucha pasi\u00f3n.<\/p>\n\n\n\n<p>Hoy te invitamos que nos acompa\u00f1es en este viaje en el que vamos a descubrir lo que hay detr\u00e1s de un plato, un cesto y un timple <strong>hechos a mano en La Orotava<\/strong>, uno de los municipios de Tenerife con mayor tradici\u00f3n artesana.<\/p>\n\n\n\n<figure class=\"wp-block-video\"><video controls poster=\"http:\/\/www.canariasviaja.com\/viajaresvivir\/wp-content\/uploads\/2020\/11\/Manos-Gonzalo.jpg\" src=\"http:\/\/www.canariasviaja.com\/viajaresvivir\/wp-content\/uploads\/2020\/11\/Video-post-Artesania-Canarias-Viaja.mp4\"><\/video><\/figure>\n\n\n\n<p><\/p>\n\n\n\n<p>Un viaje en el que conoceremos a algunos de los <strong>artesanos<\/strong> que hay detr\u00e1s de estas piezas, visitaremos el <strong>Museo Iberoamericano de Artesan\u00eda<\/strong>, conoceremos los principales <strong>eventos<\/strong> que se realizan en el municipio para la promoci\u00f3n de la artesan\u00eda y te mostraremos donde puedes <strong>comprar piezas de artesan\u00eda canaria<\/strong> en La Orotava, para que estas navidades regales objetos \u00fanicos.<\/p>\n\n\n\n<div style=\"height:100px\" aria-hidden=\"true\" class=\"wp-block-spacer\"><\/div>\n\n\n\n<h3 class=\"wp-block-heading\">Artesanos de La Orotava<\/h3>\n\n\n\n<p>Nuestro recorrido comienza en busca de algunos de los <strong>artesanos de La Orotava<\/strong>. Algunos, como <strong>Donato Gonz\u00e1lez Gonz\u00e1lez<\/strong>, son los \u00faltimos exponentes de su especialidad: la <strong>cester\u00eda de madera de casta\u00f1o<\/strong>; otros, como <strong>Francisco Fari\u00f1a<\/strong>, est\u00e1n viviendo un <em>boom<\/em> de su actividad, con m\u00e1s de 80 artesanos que se dedican a la <strong>fabricaci\u00f3n de instrumentos<\/strong> en Tenerife; y otros, como <strong>Gonzalo Mart\u00edn<\/strong>,  han conseguido posicionar sus <strong>vajillas <\/strong>entre las m\u00e1s  codiciadas por los chefs m\u00e1s importantes del pa\u00eds. <\/p>\n\n\n\n<p>Todos tienen algo en com\u00fan: detr\u00e1s de cada una de sus piezas hay mucho trabajo, t\u00e9cnicas que van pasando de generaci\u00f3n en generaci\u00f3n y muchas horas de dedicaci\u00f3n que, en la mayor\u00eda de los casos, no se paga.<\/p>\n\n\n\n<h2 class=\"wp-block-heading\">Donato Gonz\u00e1lez, cestero<\/h2>\n\n\n\n<figure class=\"wp-block-image size-large\"><img loading=\"lazy\" decoding=\"async\" width=\"1024\" height=\"683\" src=\"http:\/\/www.canariasviaja.com\/viajaresvivir\/wp-content\/uploads\/2020\/11\/Donato4.jpg\" alt=\"Artesano de La Orotava, Donato\" class=\"wp-image-5443\" srcset=\"https:\/\/www.canariasviaja.com\/viajaresvivir\/wp-content\/uploads\/2020\/11\/Donato4.jpg 1024w, https:\/\/www.canariasviaja.com\/viajaresvivir\/wp-content\/uploads\/2020\/11\/Donato4-300x200.jpg 300w, https:\/\/www.canariasviaja.com\/viajaresvivir\/wp-content\/uploads\/2020\/11\/Donato4-768x512.jpg 768w\" sizes=\"(max-width: 1024px) 100vw, 1024px\" \/><\/figure>\n\n\n\n<figure class=\"wp-block-gallery columns-2 is-cropped wp-block-gallery-1 is-layout-flex wp-block-gallery-is-layout-flex\"><ul class=\"blocks-gallery-grid\"><li class=\"blocks-gallery-item\"><figure><img loading=\"lazy\" decoding=\"async\" width=\"683\" height=\"1024\" src=\"https:\/\/www.canariasviaja.com\/viajaresvivir\/wp-content\/uploads\/2020\/11\/Donato2.jpg\" alt=\"\" data-id=\"5460\" data-link=\"https:\/\/www.canariasviaja.com\/viajaresvivir\/?attachment_id=5460#main\" class=\"wp-image-5460\" srcset=\"https:\/\/www.canariasviaja.com\/viajaresvivir\/wp-content\/uploads\/2020\/11\/Donato2.jpg 683w, https:\/\/www.canariasviaja.com\/viajaresvivir\/wp-content\/uploads\/2020\/11\/Donato2-200x300.jpg 200w\" sizes=\"(max-width: 683px) 100vw, 683px\" \/><\/figure><\/li><li class=\"blocks-gallery-item\"><figure><img loading=\"lazy\" decoding=\"async\" width=\"815\" height=\"1024\" src=\"https:\/\/www.canariasviaja.com\/viajaresvivir\/wp-content\/uploads\/2020\/11\/Donato-manos.jpg\" alt=\"\" data-id=\"5461\" data-full-url=\"https:\/\/www.canariasviaja.com\/viajaresvivir\/wp-content\/uploads\/2020\/11\/Donato-manos.jpg\" data-link=\"https:\/\/www.canariasviaja.com\/viajaresvivir\/?attachment_id=5461#main\" class=\"wp-image-5461\" srcset=\"https:\/\/www.canariasviaja.com\/viajaresvivir\/wp-content\/uploads\/2020\/11\/Donato-manos.jpg 815w, https:\/\/www.canariasviaja.com\/viajaresvivir\/wp-content\/uploads\/2020\/11\/Donato-manos-239x300.jpg 239w, https:\/\/www.canariasviaja.com\/viajaresvivir\/wp-content\/uploads\/2020\/11\/Donato-manos-768x965.jpg 768w\" sizes=\"(max-width: 815px) 100vw, 815px\" \/><\/figure><\/li><\/ul><\/figure>\n\n\n\n<p><strong>Donato Gonz\u00e1lez Gonz\u00e1lez<\/strong> a sus 77 a\u00f1os sigue pasando parte del d\u00eda haciendo lo mejor que sabe hacer para ocupar su tiempo,  tejer <strong>cestos de casta\u00f1o<\/strong>, <em>\u00abmejor esto que estar metido en el bar\u00bb<\/em>. Es lo que lleva haciendo desde ni\u00f1o, cuando con 12 a\u00f1os sus hermanos mayores le ense\u00f1aron el oficio, que ellos aprendieron  a su vez de un vecino de Pinolere.<\/p>\n\n\n\n<p>Dice que cuando ni\u00f1o era \u00ab<em>ruinito\u00bb <\/em>y que sus hermanos peleaban con \u00e9l porque no quer\u00eda aprender, pero que ahora ya no se ve haciendo otra cosa. 64 a\u00f1os de pr\u00e1ctica tienen ya sus manos.<\/p>\n\n\n\n<p>Su padre tapaba pajeros y \u00e9l y sus hermanos tambi\u00e9n se ganaron la vida as\u00ed,<strong> \u00ab<em>haciendo pajales\u00bb<\/em>.<\/strong> Su hija Yaiza mantiene viva la tradici\u00f3n familiar ya que lleva el proyecto de recuperaci\u00f3n de pajares de La Orotava y tambi\u00e9n ha aprendido a hacer cestos peque\u00f1os y le ayuda en todo lo que puede. Ella aprendi\u00f3 de su padre y de sus tios. En el taller de Donato guardan los andamios del abuelo, hechos con la flor de la pitera.<\/p>\n\n\n\n<p>Cuando trabajaban sus hermanos se ocupaban de vender los cestos  al p\u00fablico en el taller y, m\u00e1s tarde, en ferias como la <strong>Pinolere<\/strong>, <em>\u00abuna feria campurria a la que viene toda la gente del campo a la que le gusta el trabajo y se llevan cestos para sus pedacitos de tierra\u00bb<\/em>. Los resistentes cestos de casta\u00f1o antes eran usados para recoger las uvas, pero las bodegas las han sustituido por pl\u00e1stico, as\u00ed que ya se demandan mucho menos para el campo. <\/p>\n\n\n\n<p>Donato es el \u00fanico de los tres hermanos que contin\u00faa haciendo cestos. Uno de ellos falleci\u00f3 y el otro ya se ha retirado a disfrutar de la vida.  Sus cestos ten\u00edan un sello especial que los hac\u00eda reconocibles: la forma de disponer los dos colores de la madera en el cesto, blanco y negro, el sello que distingue a cada artesano. <\/p>\n\n\n\n<p>Los cestos se hacen con los troncos de los chupones que rodean a los casta\u00f1os. Unas largas varas oscuras por fuera y blancas por dentro, que se parten a la mitad con la mano y haciendo fuerza con los pies. La madera se recoge en la luna menguante de enero, en La Florida. En ese momento hay que hacer acopio para todo el a\u00f1o.<\/p>\n\n\n\n<p>Para hacer un cesto grande dedica todo un d\u00eda, de 8 a 5 de la tarde. Su trabajo requiere de pocas herramientas, tan solo \u00ab<em>pod\u00f3n, unas tijeras y una cu\u00f1a<\/em>\u00ab. Pocas herramientas pero mucha concentraci\u00f3n, fuerza y paciencia y unas manos curtidas, ya que este trabajo <em>\u00abquema las manos. Si fuera suave ya los chicos estar\u00edan haci\u00e9ndolo\u00bb<\/em>. <\/p>\n\n\n\n<p>En Los Realejos hay algunos artesanos j\u00f3venes que est\u00e1n manteniendo el oficio que han heredado de sus padres, pero en La Orotava ya tan solo queda \u00e9l, ya que el otro cestero que quedaba, Norberto de La Florida,  falleci\u00f3 con 90 a\u00f1os.  Ha visto como muchos artesanos del municipio han fallecido y sus hijos no han seguido la tradici\u00f3n. En su caso su hija Yaiza le sucede, pero <em>\u00absi no se venden, hay que dejarlo\u00bb<\/em>.<\/p>\n\n\n\n<h2 class=\"wp-block-heading\">Francisco Fari\u00f1a, luthier<\/h2>\n\n\n\n<figure class=\"wp-block-image size-large\"><img loading=\"lazy\" decoding=\"async\" width=\"1024\" height=\"683\" src=\"https:\/\/www.canariasviaja.com\/viajaresvivir\/wp-content\/uploads\/2020\/11\/Francisco-Farin\u0303a-lutier.jpg\" alt=\"\" class=\"wp-image-5444\" srcset=\"https:\/\/www.canariasviaja.com\/viajaresvivir\/wp-content\/uploads\/2020\/11\/Francisco-Farin\u0303a-lutier.jpg 1024w, https:\/\/www.canariasviaja.com\/viajaresvivir\/wp-content\/uploads\/2020\/11\/Francisco-Farin\u0303a-lutier-300x200.jpg 300w, https:\/\/www.canariasviaja.com\/viajaresvivir\/wp-content\/uploads\/2020\/11\/Francisco-Farin\u0303a-lutier-768x512.jpg 768w\" sizes=\"(max-width: 1024px) 100vw, 1024px\" \/><\/figure>\n\n\n\n<figure class=\"wp-block-gallery columns-2 is-cropped wp-block-gallery-2 is-layout-flex wp-block-gallery-is-layout-flex\"><ul class=\"blocks-gallery-grid\"><li class=\"blocks-gallery-item\"><figure><img loading=\"lazy\" decoding=\"async\" width=\"683\" height=\"1024\" src=\"https:\/\/www.canariasviaja.com\/viajaresvivir\/wp-content\/uploads\/2020\/11\/Farin\u0303a-timple2.jpg\" alt=\"\" data-id=\"5463\" data-link=\"https:\/\/www.canariasviaja.com\/viajaresvivir\/?attachment_id=5463#main\" class=\"wp-image-5463\" srcset=\"https:\/\/www.canariasviaja.com\/viajaresvivir\/wp-content\/uploads\/2020\/11\/Farin\u0303a-timple2.jpg 683w, https:\/\/www.canariasviaja.com\/viajaresvivir\/wp-content\/uploads\/2020\/11\/Farin\u0303a-timple2-200x300.jpg 200w\" sizes=\"(max-width: 683px) 100vw, 683px\" \/><\/figure><\/li><li class=\"blocks-gallery-item\"><figure><img loading=\"lazy\" decoding=\"async\" width=\"683\" height=\"1024\" src=\"https:\/\/www.canariasviaja.com\/viajaresvivir\/wp-content\/uploads\/2020\/11\/Farin\u0303a-timple3.jpg\" alt=\"\" data-id=\"5464\" data-full-url=\"https:\/\/www.canariasviaja.com\/viajaresvivir\/wp-content\/uploads\/2020\/11\/Farin\u0303a-timple3.jpg\" data-link=\"https:\/\/www.canariasviaja.com\/viajaresvivir\/?attachment_id=5464#main\" class=\"wp-image-5464\" srcset=\"https:\/\/www.canariasviaja.com\/viajaresvivir\/wp-content\/uploads\/2020\/11\/Farin\u0303a-timple3.jpg 683w, https:\/\/www.canariasviaja.com\/viajaresvivir\/wp-content\/uploads\/2020\/11\/Farin\u0303a-timple3-200x300.jpg 200w\" sizes=\"(max-width: 683px) 100vw, 683px\" \/><\/figure><\/li><\/ul><\/figure>\n\n\n\n<p><strong><a rel=\"noreferrer noopener\" href=\"https:\/\/www.facebook.com\/timplesf\" target=\"_blank\">Francisco Fari\u00f1a<\/a><\/strong> es luthier. M\u00fasico aficionado, aprendi\u00f3 a construir instrumentos de forma autodidacta hace 30 a\u00f1os observando los <strong>timples<\/strong> y experimentando.<em> \u00abEl trabajo me fue ense\u00f1ando\u00bb. <\/em><\/p>\n\n\n\n<p>Hasta dominar la t\u00e9cnica se le rompieron algunas maderas al doblarlas, porque cada madera es diferente y algunas, como el \u00e9bano, son tan duras que hay que ponerlas un d\u00eda entero en remojo y doblarlas con un aparato.<\/p>\n\n\n\n<p>No sabe cu\u00e1nto tiempo  tarda en hacer un solo timple ya que siempre  trabaja en varios a la vez: cortando la madera, dobl\u00e1ndola, armando las piezas, creando las rosetas con marqueter\u00eda, colocando la cejilla de metacrilato, barnizando&#8230; muchos procesos y horas de trabajo.  Sus timples cuestan entre 150 y 600 euros, dependiendo del tipo de madera que lleven.<\/p>\n\n\n\n<p>En su taller se acumulan todo tipo de maderas, locales y de otros lugares del mundo, con las que construye estos instrumentos que sonar\u00e1n en parrandas y conciertos. Los m\u00e1s econ\u00f3micos, los que se usan para los ni\u00f1os que est\u00e1n aprendiendo o como timple de batalla para romer\u00eda, est\u00e1n hechos de sapeli, nogal o tulip\u00e1n. Los m\u00e1s caros son los timples de concierto que tienen m\u00e1s traste y se fabrican con maderas nobles como el palosanto, el arce rizado o el moral. Timplistas como <strong>El Colorado<\/strong> o <strong>Benito Cabrera<\/strong> han usado sus timples.<\/p>\n\n\n\n<p>Adem\u00e1s de timples fabrica otros instrumentos de cuerda como<strong> guitarras, laudes, laudinos o bandurrias<\/strong>. Sus instrumentos est\u00e1n repartidos por todas las islas y la pen\u00ednsula, e incluso ha mandado alguno a Alemania, Pa\u00edses Bajos y hasta el presidente de Estados Unidos Bill Clinton recibi\u00f3 uno de regalo.<\/p>\n\n\n\n<p>Francisco vende sus instrumentos a tiendas, pero tambi\u00e9n recibe <strong>encargos<\/strong> de particulares y m\u00fasicos en su <strong>taller<\/strong> situado en Pinolere y en las ferias a las que acude.<\/p>\n\n\n\n<p>Su oficio est\u00e1 muy vivo con m\u00e1s de 80 artesanos, que se dedican de manera profesional o como afici\u00f3n, a construir timples en Tenerife. <\/p>\n\n\n\n<h2 class=\"wp-block-heading\">Gonzalo Mart\u00edn, ceramista<\/h2>\n\n\n\n<figure class=\"wp-block-image size-large\"><img loading=\"lazy\" decoding=\"async\" width=\"2000\" height=\"1333\" src=\"http:\/\/www.canariasviaja.com\/viajaresvivir\/wp-content\/uploads\/2020\/11\/Retrato-Gonzalo-Martin.jpg\" alt=\"\" class=\"wp-image-5445\" srcset=\"https:\/\/www.canariasviaja.com\/viajaresvivir\/wp-content\/uploads\/2020\/11\/Retrato-Gonzalo-Martin.jpg 2000w, https:\/\/www.canariasviaja.com\/viajaresvivir\/wp-content\/uploads\/2020\/11\/Retrato-Gonzalo-Martin-300x200.jpg 300w, https:\/\/www.canariasviaja.com\/viajaresvivir\/wp-content\/uploads\/2020\/11\/Retrato-Gonzalo-Martin-768x512.jpg 768w, https:\/\/www.canariasviaja.com\/viajaresvivir\/wp-content\/uploads\/2020\/11\/Retrato-Gonzalo-Martin-1536x1024.jpg 1536w, https:\/\/www.canariasviaja.com\/viajaresvivir\/wp-content\/uploads\/2020\/11\/Retrato-Gonzalo-Martin-1200x800.jpg 1200w, https:\/\/www.canariasviaja.com\/viajaresvivir\/wp-content\/uploads\/2020\/11\/Retrato-Gonzalo-Martin-1620x1080.jpg 1620w\" sizes=\"(max-width: 2000px) 100vw, 2000px\" \/><\/figure>\n\n\n\n<figure class=\"wp-block-gallery columns-2 is-cropped wp-block-gallery-3 is-layout-flex wp-block-gallery-is-layout-flex\"><ul class=\"blocks-gallery-grid\"><li class=\"blocks-gallery-item\"><figure><img loading=\"lazy\" decoding=\"async\" width=\"683\" height=\"1024\" src=\"https:\/\/www.canariasviaja.com\/viajaresvivir\/wp-content\/uploads\/2020\/11\/Plato-Gonzalo.jpg\" alt=\"\" data-id=\"5458\" class=\"wp-image-5458\" srcset=\"https:\/\/www.canariasviaja.com\/viajaresvivir\/wp-content\/uploads\/2020\/11\/Plato-Gonzalo.jpg 683w, https:\/\/www.canariasviaja.com\/viajaresvivir\/wp-content\/uploads\/2020\/11\/Plato-Gonzalo-200x300.jpg 200w\" sizes=\"(max-width: 683px) 100vw, 683px\" \/><\/figure><\/li><li class=\"blocks-gallery-item\"><figure><img loading=\"lazy\" decoding=\"async\" width=\"683\" height=\"1024\" src=\"https:\/\/www.canariasviaja.com\/viajaresvivir\/wp-content\/uploads\/2020\/11\/Gonzalo-en-el-torno.jpg\" alt=\"\" data-id=\"5459\" data-full-url=\"https:\/\/www.canariasviaja.com\/viajaresvivir\/wp-content\/uploads\/2020\/11\/Gonzalo-en-el-torno.jpg\" data-link=\"https:\/\/www.canariasviaja.com\/viajaresvivir\/?attachment_id=5459#main\" class=\"wp-image-5459\" srcset=\"https:\/\/www.canariasviaja.com\/viajaresvivir\/wp-content\/uploads\/2020\/11\/Gonzalo-en-el-torno.jpg 683w, https:\/\/www.canariasviaja.com\/viajaresvivir\/wp-content\/uploads\/2020\/11\/Gonzalo-en-el-torno-200x300.jpg 200w\" sizes=\"(max-width: 683px) 100vw, 683px\" \/><\/figure><\/li><\/ul><\/figure>\n\n\n\n<p><strong>Gonzalo Mart\u00edn<\/strong> es el m\u00e1s joven de todos, aunque lleva toda una vida con las manos metidas en el barro. Empez\u00f3 muy joven y, despu\u00e9s de muchos a\u00f1os dedicado a la producci\u00f3n de cer\u00e1mica tradicional, esculturas y recuerdos para turistas, un curso de dise\u00f1o organizado por el Cabildo le anim\u00f3 a explorar nuevos territorios creativos. Inspirado por la funcionalidad, belleza y el uso del color de la cer\u00e1mica japonesa, comenz\u00f3 a crear <strong>vajillas \u00fanicas para restaurantes<\/strong> y fue ah\u00ed cuando por fin encontr\u00f3 al cliente que entend\u00eda y valoraba su trabajo.<\/p>\n\n\n\n<p> Con un encargo del chef <strong>Braulio Simancas<\/strong> debut\u00f3. Despu\u00e9s lleg\u00f3 <strong>Erlantz Gorostiza<\/strong>, del MB y, a partir ah\u00ed, el boca a boca y las redes sociales han hecho que sus vajillas artesanales est\u00e9n en los restaurantes con m\u00e1s <em>estrella<\/em>s de Espa\u00f1a, como el <strong>Poniente <\/strong>de <strong>\u00c1ngel Le\u00f3n<\/strong>, con el que lleva varias temporadas colaborando, o el prestigioso <strong>Celler de Can Roca<\/strong>, entre muchos otros. <\/p>\n\n\n\n<p>Vive todo esto con calma, trabajando en <strong>su taller,<\/strong> situado en la parte trasera de la casa de su madre, en el que pasa muchas horas cada d\u00eda traduciendo las ideas de los grandes cocineros en recipientes \u00fanicos a la altura de sus creaciones. Un proceso que lleva su tiempo y que es un reto en si mismo. <\/p>\n\n\n\n<p>Crear, innovar, dar con la t\u00e9cnica para convertir una idea en algo material que funcione a la perfecci\u00f3n con el plato para el que fue concebido y, una vez hecho, pasar a otro proyecto, seguir creando.<\/p>\n\n\n\n<p>Sus piezas tambi\u00e9n han volado fuera de nuestras fronteras gracias a ADME, una distribuidora de vajillas artesanales. Islandia, B\u00e9lgica, Italia, Alemania o Estados Unidos son algunos de los destinos en los que podemos encontrar sus creaciones. <\/p>\n\n\n\n<p>Sus sorprendentes dise\u00f1os est\u00e1n inspirados en las formas y texturas de la naturaleza y en el fondo del mar, donde siempre encuentra inspiraci\u00f3n.<\/p>\n\n\n\n<p>Gonzalo ha hecho de su oficio tradicional una profesi\u00f3n con mucho futuro.<\/p>\n\n\n\n<div style=\"height:100px\" aria-hidden=\"true\" class=\"wp-block-spacer\"><\/div>\n\n\n\n<h3 class=\"wp-block-heading\">El Museo Iberoamericano de Artesan\u00eda (Mait)<\/h3>\n\n\n\n<p>Despu\u00e9s de haberle puesto cara a algunos de los artesanos que siguen produciendo artesan\u00eda en La Orotava, seguimos nuestro recorrido visitando el <strong><a rel=\"noreferrer noopener\" href=\"https:\/\/artenerife.com\/museo-de-artesania\/\" target=\"_blank\">Museo Iberoamericano de Artesan\u00eda<\/a><\/strong>, situado en el Antiguo Convento de  San Benito Abad, en la antigua Calle del agua (hoy calle Tom\u00e1s Zerolo).<\/p>\n\n\n\n<p>La artesan\u00eda juega un papel fundamental para enteneder los usos y costumbres de las diferentes culturas. En las diferentes salas de este museo se hace un repaso de la artesan\u00eda de Iberoam\u00e9rica y de las islas, contando con una sala dedicada a los Premios de Artesan\u00eda.<\/p>\n\n\n\n<p>Dentro de sus salas, destaca <strong>la sala Roseta<\/strong>, donde podemos conocer el enorme trabajo que hay detr\u00e1s de cada roseta, el encaje circular a modo de flor que es una de las labores de aguja m\u00e1s representativas en Canarias. <\/p>\n\n\n\n<p>Lleg\u00f3 a las islas de las manos que las mujeres de los conquistadores y fue pasando de generaci\u00f3n en generaci\u00f3n, de madres a hijas, hasta nuestros d\u00edas. Esta labor se expandi\u00f3 hacia Am\u00e9rica con las familias canarias que participaron en la conquista y con la emigraci\u00f3n y se industrializ\u00f3 cuando los ingleses las comercializaron. <\/p>\n\n\n\n<p>A principios del siglo XX comenz\u00f3 su declive y ya s\u00f3lo se encuentran artesanas en La Orotava, Vilaflor, Arona y alguna en Lanzarote.<\/p>\n\n\n\n<figure class=\"wp-block-image size-large\"><img loading=\"lazy\" decoding=\"async\" width=\"1024\" height=\"683\" src=\"http:\/\/www.canariasviaja.com\/viajaresvivir\/wp-content\/uploads\/2020\/11\/MAIT.jpg\" alt=\"Museo Iberoamericano de Artesania\" class=\"wp-image-5449\" srcset=\"https:\/\/www.canariasviaja.com\/viajaresvivir\/wp-content\/uploads\/2020\/11\/MAIT.jpg 1024w, https:\/\/www.canariasviaja.com\/viajaresvivir\/wp-content\/uploads\/2020\/11\/MAIT-300x200.jpg 300w, https:\/\/www.canariasviaja.com\/viajaresvivir\/wp-content\/uploads\/2020\/11\/MAIT-768x512.jpg 768w\" sizes=\"(max-width: 1024px) 100vw, 1024px\" \/><\/figure>\n\n\n\n<figure class=\"wp-block-gallery columns-2 is-cropped wp-block-gallery-4 is-layout-flex wp-block-gallery-is-layout-flex\"><ul class=\"blocks-gallery-grid\"><li class=\"blocks-gallery-item\"><figure><img loading=\"lazy\" decoding=\"async\" width=\"1024\" height=\"683\" src=\"http:\/\/www.canariasviaja.com\/viajaresvivir\/wp-content\/uploads\/2020\/11\/MAIT-PREMIOS.jpg\" alt=\"\" data-id=\"5450\" data-full-url=\"http:\/\/www.canariasviaja.com\/viajaresvivir\/wp-content\/uploads\/2020\/11\/MAIT-PREMIOS.jpg\" data-link=\"http:\/\/www.canariasviaja.com\/viajaresvivir\/?attachment_id=5450#main\" class=\"wp-image-5450\" srcset=\"https:\/\/www.canariasviaja.com\/viajaresvivir\/wp-content\/uploads\/2020\/11\/MAIT-PREMIOS.jpg 1024w, https:\/\/www.canariasviaja.com\/viajaresvivir\/wp-content\/uploads\/2020\/11\/MAIT-PREMIOS-300x200.jpg 300w, https:\/\/www.canariasviaja.com\/viajaresvivir\/wp-content\/uploads\/2020\/11\/MAIT-PREMIOS-768x512.jpg 768w\" sizes=\"(max-width: 1024px) 100vw, 1024px\" \/><\/figure><\/li><li class=\"blocks-gallery-item\"><figure><img loading=\"lazy\" decoding=\"async\" width=\"1024\" height=\"683\" src=\"http:\/\/www.canariasviaja.com\/viajaresvivir\/wp-content\/uploads\/2020\/11\/MAIT2.jpg\" alt=\"\" data-id=\"5453\" data-full-url=\"http:\/\/www.canariasviaja.com\/viajaresvivir\/wp-content\/uploads\/2020\/11\/MAIT2.jpg\" data-link=\"http:\/\/www.canariasviaja.com\/viajaresvivir\/?attachment_id=5453#main\" class=\"wp-image-5453\" srcset=\"https:\/\/www.canariasviaja.com\/viajaresvivir\/wp-content\/uploads\/2020\/11\/MAIT2.jpg 1024w, https:\/\/www.canariasviaja.com\/viajaresvivir\/wp-content\/uploads\/2020\/11\/MAIT2-300x200.jpg 300w, https:\/\/www.canariasviaja.com\/viajaresvivir\/wp-content\/uploads\/2020\/11\/MAIT2-768x512.jpg 768w\" sizes=\"(max-width: 1024px) 100vw, 1024px\" \/><\/figure><\/li><\/ul><\/figure>\n\n\n\n<figure class=\"wp-block-image size-large\"><img loading=\"lazy\" decoding=\"async\" width=\"1024\" height=\"683\" src=\"http:\/\/www.canariasviaja.com\/viajaresvivir\/wp-content\/uploads\/2020\/11\/MAIT-ROSETA.jpg\" alt=\"Vestido con roseta canaria en el Museo Iberoamericanop de artesania de La Orotava\" class=\"wp-image-5451\" srcset=\"https:\/\/www.canariasviaja.com\/viajaresvivir\/wp-content\/uploads\/2020\/11\/MAIT-ROSETA.jpg 1024w, https:\/\/www.canariasviaja.com\/viajaresvivir\/wp-content\/uploads\/2020\/11\/MAIT-ROSETA-300x200.jpg 300w, https:\/\/www.canariasviaja.com\/viajaresvivir\/wp-content\/uploads\/2020\/11\/MAIT-ROSETA-768x512.jpg 768w\" sizes=\"(max-width: 1024px) 100vw, 1024px\" \/><\/figure>\n\n\n\n<p>La artesan\u00eda nos muestra la forma de vida de nuestros antepasados, los usos que les daban a cada uno de estos objetos nos hablan de nuestra historia y nuestra cultura y nos ayuda a entender el valor de lo hecho a mano.<\/p>\n\n\n\n<div style=\"height:100px\" aria-hidden=\"true\" class=\"wp-block-spacer\"><\/div>\n\n\n\n<h3 class=\"wp-block-heading\">Citas con la artesan\u00eda en La Orotava<\/h3>\n\n\n\n<p>Tienes  <strong>dos grandes citas con la artesan\u00eda <\/strong>en La Orotava cada a\u00f1o: la <strong>Feria de la Artesan\u00eda de Pinolere y el Festival de la Lana de Canarias<\/strong>.<\/p>\n\n\n\n<h2 class=\"wp-block-heading\">Festival de La Lana de Canarias<\/h2>\n\n\n\n<p>En la primera quincena de mayo se celebra, desde hace 7 a\u00f1os el <a rel=\"noreferrer noopener\" href=\"https:\/\/festivaldelanadecanarias.com\/\" target=\"_blank\"><strong>Festival de Lana de Canarias<\/strong><\/a>, un evento destinado a visualizar todo el trabajo que hay detr\u00e1s de una ovillo de lana: desde el trabajo ganadero hasta el telar.<\/p>\n\n\n\n<p>Y lo hacen mezclando disciplinas art\u00edsticas y fusionando lo urbano con lo rural y lo tradicional con lo contempor\u00e1neo sin renunciar a los avances de la tecnolog\u00eda en pro de un mundo m\u00e1s sostenible.<\/p>\n\n\n\n<p>Es un proyecto  de la EDAC (Entidad para la Difusi\u00f3n del Arte y la Cultura) en colaboraci\u00f3n con la Asociaci\u00f3n Cultural Pinolere.<\/p>\n\n\n\n<h2 class=\"wp-block-heading\">Feria de la Artesan\u00eda de Pinolere<\/h2>\n\n\n\n<p>Desde hace 35 a\u00f1os, la Asociaci\u00f3n Cultural de Pinolere organiza la <a href=\"https:\/\/pinolere.es\/feria-de-artesania-pinolere\/\"><strong>Feria de Artesan\u00eda de Pinolere<\/strong><\/a>. <\/p>\n\n\n\n<p>Lo que comenz\u00f3 como una muestra para poner en valor a los artesanos del barrio, ha ido creciendo hasta convertirse en una de los encuentros artesanos m\u00e1s importantes de las islas, que agrupa a artesanos de Tenerife y  al los mejores de su especialidad de toda Canarias, en las muestras tem\u00e1ticas que hacen cada a\u00f1o.<\/p>\n\n\n\n<p>Este a\u00f1o la feria no se ha podido celebrar por la situaci\u00f3n actual, por lo que se hace a\u00fan m\u00e1s importante apoyar el trabajo artesano, ya que sus oportunidades de venta se ven reducidas. <\/p>\n\n\n\n<div style=\"height:100px\" aria-hidden=\"true\" class=\"wp-block-spacer\"><\/div>\n\n\n\n<h3 class=\"wp-block-heading\">D\u00f3nde comprar artesan\u00eda en La Orotava<\/h3>\n\n\n\n<p>Despu\u00e9s de conocer el trabajo y esfuerzo que hay detr\u00e1s de cada pieza artesanal, te proponemos un recorrido por las calles de <strong>La Orotava <\/strong>en busca de regalos \u00fanicos y muy especiales: <strong>artesan\u00eda tradicional, dise\u00f1o local y productos elaborados en las islas<\/strong>, para que sorprendas a todos con <strong>regalos originales<\/strong> y cargados de valor.<\/p>\n\n\n\n<h2 class=\"wp-block-heading\">Tienda del MAIT<\/h2>\n\n\n\n<figure class=\"wp-block-image size-large\"><img loading=\"lazy\" decoding=\"async\" width=\"1024\" height=\"683\" src=\"https:\/\/www.canariasviaja.com\/viajaresvivir\/wp-content\/uploads\/2020\/11\/Tienda-MAIT.jpg\" alt=\"\" class=\"wp-image-5454\" srcset=\"https:\/\/www.canariasviaja.com\/viajaresvivir\/wp-content\/uploads\/2020\/11\/Tienda-MAIT.jpg 1024w, https:\/\/www.canariasviaja.com\/viajaresvivir\/wp-content\/uploads\/2020\/11\/Tienda-MAIT-300x200.jpg 300w, https:\/\/www.canariasviaja.com\/viajaresvivir\/wp-content\/uploads\/2020\/11\/Tienda-MAIT-768x512.jpg 768w\" sizes=\"(max-width: 1024px) 100vw, 1024px\" \/><\/figure>\n\n\n\n<p>Situada en la entrada del Museo Iberoamericano de Artesan\u00eda venden <strong>productos artesanales de Iberoamer\u00e9rica <\/strong>y una peque\u00f1a muestra de <strong>artesan\u00eda canaria<\/strong>, con el sello Artenerife.<\/p>\n\n\n\n<p><strong>Museo Iberoamericano de Artesan\u00eda         <\/strong>                                                              C\/ Tom\u00e1s Zerolo, 34                                                                                                     La Orotava                                                                                                            Horario: de lunes a viernes de 10 a 15 horas. S\u00e1bados de 10:30 a 13:30. Domingos cerrado.<\/p>\n\n\n\n<h2 class=\"wp-block-heading\">Casa Torrehermosa<\/h2>\n\n\n\n<figure class=\"wp-block-image size-large\"><img loading=\"lazy\" decoding=\"async\" width=\"1024\" height=\"683\" src=\"https:\/\/www.canariasviaja.com\/viajaresvivir\/wp-content\/uploads\/2020\/11\/Tienda-Casa-Torrehermosa.jpg\" alt=\"Tienda de Artenerife Casa Torrehermosa, artesan\u00eda en La Orotava\" class=\"wp-image-5455\" srcset=\"https:\/\/www.canariasviaja.com\/viajaresvivir\/wp-content\/uploads\/2020\/11\/Tienda-Casa-Torrehermosa.jpg 1024w, https:\/\/www.canariasviaja.com\/viajaresvivir\/wp-content\/uploads\/2020\/11\/Tienda-Casa-Torrehermosa-300x200.jpg 300w, https:\/\/www.canariasviaja.com\/viajaresvivir\/wp-content\/uploads\/2020\/11\/Tienda-Casa-Torrehermosa-768x512.jpg 768w\" sizes=\"(max-width: 1024px) 100vw, 1024px\" \/><\/figure>\n\n\n\n<p>Una de las tiendas oficiales de Artenerife en la que se puede encontrar una <strong>amplia selecci\u00f3n de productos artesanales hechos en Canarias<\/strong>, desde cuchillos canarios, objetos decorativos, joyer\u00eda, rosetas, hasta cestas y jabones artesanales.<\/p>\n\n\n\n<p><strong>Casa Torrehermosa <\/strong>(frente al MAIT)                                                                         C\/ Tom\u00e1s Zerolo,  34                                                                                                      La Orotava                                                                                                                       Horario: de lunes a viernes de 10 a 17 horas. Fines de semana cerrado.                                                                                                                                                            <\/p>\n\n\n\n<h2 class=\"wp-block-heading\">Flor del Higo Pico<\/h2>\n\n\n\n<figure class=\"wp-block-image size-large\"><img loading=\"lazy\" decoding=\"async\" width=\"1024\" height=\"683\" src=\"https:\/\/www.canariasviaja.com\/viajaresvivir\/wp-content\/uploads\/2020\/11\/Flor-del-higo-pico.jpg\" alt=\"Flor del Higo Pico artesan\u00eda en la orotava\" class=\"wp-image-5456\" srcset=\"https:\/\/www.canariasviaja.com\/viajaresvivir\/wp-content\/uploads\/2020\/11\/Flor-del-higo-pico.jpg 1024w, https:\/\/www.canariasviaja.com\/viajaresvivir\/wp-content\/uploads\/2020\/11\/Flor-del-higo-pico-300x200.jpg 300w, https:\/\/www.canariasviaja.com\/viajaresvivir\/wp-content\/uploads\/2020\/11\/Flor-del-higo-pico-768x512.jpg 768w\" sizes=\"(max-width: 1024px) 100vw, 1024px\" \/><\/figure>\n\n\n\n<p>Una peque\u00f1a tienda situada a unos metros de la famosa confiter\u00eda Taoro \u00bb Casa Egon\u00bb en la que podemos encontrar <strong>productos de arte y dise\u00f1o hecho en las islas y piezas de artesan\u00eda canaria exclusiva, <\/strong>como la joyer\u00eda en pasta de papel de <strong><a href=\"https:\/\/marupg.blogspot.com\/\" target=\"_blank\" rel=\"noreferrer noopener\">Maru Papel y Cart\u00f3n<\/a> .<\/strong> Tambi\u00e9n disponen de <a rel=\"noreferrer noopener\" href=\"http:\/\/www.flordelhigopico.com\" target=\"_blank\">tienda on-line.<\/a><\/p>\n\n\n\n<p>Realizan <strong>trajes de mago<\/strong> por encargo, aunque tambi\u00e9n tienen algunos a la venta en la tienda.<\/p>\n\n\n\n<p><strong>Flor del Higo Pico  <\/strong>                                                                                                        C\/ Le\u00f3n 1, bajo                                                                                                               La Orotava<\/p>\n\n\n\n<h2 class=\"wp-block-heading\">Canarias Concept<\/h2>\n\n\n\n<figure class=\"wp-block-image size-large\"><img loading=\"lazy\" decoding=\"async\" width=\"1024\" height=\"683\" src=\"https:\/\/www.canariasviaja.com\/viajaresvivir\/wp-content\/uploads\/2020\/11\/Canarias-Concept.jpg\" alt=\"Tienda de artesan\u00eda en La Orotava\" class=\"wp-image-5457\" srcset=\"https:\/\/www.canariasviaja.com\/viajaresvivir\/wp-content\/uploads\/2020\/11\/Canarias-Concept.jpg 1024w, https:\/\/www.canariasviaja.com\/viajaresvivir\/wp-content\/uploads\/2020\/11\/Canarias-Concept-300x200.jpg 300w, https:\/\/www.canariasviaja.com\/viajaresvivir\/wp-content\/uploads\/2020\/11\/Canarias-Concept-768x512.jpg 768w\" sizes=\"(max-width: 1024px) 100vw, 1024px\" \/><\/figure>\n\n\n\n<p>Un concept store de<strong> productos dise\u00f1ados y producidos en Canarias<\/strong>. Desde vinos, caf\u00e9s, mieles y licores a camisetas, pa\u00f1uelos de seda o fotograf\u00edas. Para aquellos que buscan un regalo diferente hecho aqu\u00ed.<\/p>\n\n\n\n<p><a rel=\"noreferrer noopener\" href=\"http:\/\/www.canariasconceptstore.com\" target=\"_blank\"><strong>Canarias Concept Store<\/strong><\/a>                                                                                    C\/Carrera, 23                                                                                                                  La Orotava<\/p>\n\n\n\n<h2 class=\"wp-block-heading\">Sabor Canario<\/h2>\n\n\n\n<p>En la tienda del <strong>Hotel Orotava <\/strong> tambi\u00e9n podemos encontrar una amplia muestra de artesan\u00eda realizada en Canarias.<\/p>\n\n\n\n<p><strong>Sabor canario   <\/strong>                                                                                                           Calle Carrera del Escultor Est\u00e9vez, 17                                                                       La Orotava<\/p>\n\n\n\n<h2 class=\"wp-block-heading\">Mercado del Agricultor de La Orotava<\/h2>\n\n\n\n<p>Cada s\u00e1bado el <a rel=\"noreferrer noopener\" href=\"https:\/\/mercadillolaorotava.com\/\" target=\"_blank\">Mercado del Agricultor<\/a> se llena de los productos m\u00e1s frescos de la tierra, pero tambi\u00e9n del trabajo de algunos artesanos.<\/p>\n\n\n\n<p>Adem\u00e1s de ir a comprar frutas, verduras, carnes, pescados salados, quesos, vinos, mieles, dulces&#8230; te puedes llevar piezas \u00fanicas, como las joyas artesanales de <a rel=\"noreferrer noopener\" href=\"http:\/\/www.jr-joyas-artesanas.neniweb.com\/\" target=\"_blank\">Juli Ruiz <\/a>.<\/p>\n\n\n\n<div style=\"height:100px\" aria-hidden=\"true\" class=\"wp-block-spacer\"><\/div>\n\n\n\n<h3 class=\"wp-block-heading\">Y de guinda&#8230;<\/h3>\n\n\n\n<p>&#8230;un pastel o un kilito de gofio para llevar. <\/p>\n\n\n\n<p>Recorrer las calles empinadas de La Orotava abre el apetito. Te proponemos finalizar el recorrido por la Villa degustando algunos productos artesanos con mucha solera.<\/p>\n\n\n\n<h2 class=\"wp-block-heading\">Molino La M\u00e1quina<\/h2>\n\n\n\n<figure class=\"wp-block-image size-large\"><img loading=\"lazy\" decoding=\"async\" width=\"1024\" height=\"683\" src=\"https:\/\/www.canariasviaja.com\/viajaresvivir\/wp-content\/uploads\/2020\/11\/Molino-La-Ma\u0301quina.jpg\" alt=\"Molino de gofio La M\u00e1quina, artesan\u00eda en La Orotava\" class=\"wp-image-5465\" srcset=\"https:\/\/www.canariasviaja.com\/viajaresvivir\/wp-content\/uploads\/2020\/11\/Molino-La-Ma\u0301quina.jpg 1024w, https:\/\/www.canariasviaja.com\/viajaresvivir\/wp-content\/uploads\/2020\/11\/Molino-La-Ma\u0301quina-300x200.jpg 300w, https:\/\/www.canariasviaja.com\/viajaresvivir\/wp-content\/uploads\/2020\/11\/Molino-La-Ma\u0301quina-768x512.jpg 768w\" sizes=\"(max-width: 1024px) 100vw, 1024px\" \/><\/figure>\n\n\n\n<p>De los trece molinos que hab\u00eda en La Ototava solo dos quedan abiertos y en activo: el <strong>Molino de Don Chano<\/strong> y el <strong>Molino La M\u00e1quina.<\/strong> En el de La M\u00e1quina, cada ma\u00f1ana, desde hace 400 a\u00f1os, tuestan y muelen los cereales para hacer su gofio artesanal de m\u00faltiples variedades. <\/p>\n\n\n\n<p>Adem\u00e1s de los cl\u00e1sicos gofios han innovado con algunos productos  como las barritas energ\u00e9ticas de gofio, que son muy populares, o con los gofios aromatizados con vainilla y chocolate.<\/p>\n\n\n\n<p><a href=\"https:\/\/www.facebook.com\/MolinoLaMaquina\" target=\"_blank\" rel=\"noreferrer noopener\"><strong>M<\/strong><\/a><strong><a href=\"https:\/\/www.facebook.com\/MolinoLaMaquina\" target=\"_blank\" rel=\"noreferrer noopener\">olino La M\u00e1quina <\/a>      <\/strong>                                                                                            Calle del Colegio, 3                                                                                                       La Orotava<\/p>\n\n\n\n<p><\/p>\n\n\n\n<h2 class=\"wp-block-heading\">Confiter\u00eda y Caf\u00e9 Taoro \u00abCasa Egon\u00bb <\/h2>\n\n\n\n<div class=\"wp-block-image\"><figure class=\"aligncenter size-large is-resized\"><img decoding=\"async\" src=\"https:\/\/www.canariasviaja.com\/viajaresvivir\/wp-content\/uploads\/2020\/11\/Casa-Egon.jpg\" alt=\"Pastel de Casa Egon, artesan\u00eda en La Orotava\" class=\"wp-image-5466\" width=\"400\" srcset=\"https:\/\/www.canariasviaja.com\/viajaresvivir\/wp-content\/uploads\/2020\/11\/Casa-Egon.jpg 683w, https:\/\/www.canariasviaja.com\/viajaresvivir\/wp-content\/uploads\/2020\/11\/Casa-Egon-200x300.jpg 200w\" sizes=\"(max-width: 683px) 100vw, 683px\" \/><\/figure><\/div>\n\n\n\n<p>Y si hay una cita imprescindible para todo el que visita La Orotava es pasar por \u00abCasa Egon\u00bb, <strong>una pasteler\u00eda, fundada por Egon Wende<\/strong> en 1916, que sigue endulzando a locales y turistas con sus especialidades.<\/p>\n\n\n\n<p>Tomarse un caf\u00e9 con un dulcito en la terraza que da a los <strong>Jardines Victoria<\/strong> es la mejor manera de acabar este recorrido en el que hemos descubierto y valorado la artesan\u00eda en La Orotava.<\/p>\n\n\n\n<p><strong>Confiter\u00eda Taoro \u00abCasa Egon         <\/strong>                                                                          Calle Le\u00f3n, 5.                                                                                                                 La Orotava<\/p>\n\n\n\n<hr class=\"wp-block-separator\"\/>\n\n\n\n<p>\u00bfTe gustar\u00eda descubrir la <strong>artesan\u00eda de La Orotava<\/strong>? Te hemos preparado una <a href=\"https:\/\/bit.ly\/356YTaE\">oferta irresistible <\/a>para que vengas a disfrutarla.<\/p>\n","protected":false},"excerpt":{"rendered":"<p>Te invitamos a dar un paseo por la Villa de La Orotava para conocer el trabajo artesano que all\u00ed se realiza y para que descubras donde puedes adquirir estas piezas \u00fanicas.<\/p>\n","protected":false},"author":2,"featured_media":5446,"comment_status":"open","ping_status":"open","sticky":false,"template":"","format":"standard","meta":{"_acf_changed":false,"sfsi_plus_gutenberg_text_before_share":"","sfsi_plus_gutenberg_show_text_before_share":"","sfsi_plus_gutenberg_icon_type":"","sfsi_plus_gutenberg_icon_alignemt":"","sfsi_plus_gutenburg_max_per_row":"","footnotes":""},"categories":[9,124,8,123,10],"tags":[106,638,643,644,364,645],"class_list":["post-5442","post","type-post","status-publish","format-standard","has-post-thumbnail","hentry","category-canarias","category-descubre","category-diariodeviaje","category-explora","category-historias-viajeras","tag-artesania","tag-escapada-de-otono","tag-la-orotava","tag-pinolere","tag-tenerife","tag-tiendas"],"acf":[],"yoast_head":"<!-- This site is optimized with the Yoast SEO plugin v24.1 - https:\/\/yoast.com\/wordpress\/plugins\/seo\/ -->\n<title>Artesan\u00eda en La Orotava, \u00a1desc\u00fabrela! - Viajar es vivir<\/title>\n<meta name=\"description\" content=\"Artesan\u00eda en La Orotava, desc\u00fabrela. Conoce a sus artesanos, descubre el Museo de la Artesan\u00eda, los eventos y las tiendas donde comprar artesan\u00eda canaria\" \/>\n<meta name=\"robots\" content=\"index, follow, max-snippet:-1, max-image-preview:large, max-video-preview:-1\" \/>\n<link rel=\"canonical\" href=\"https:\/\/www.canariasviaja.com\/viajaresvivir\/artesania-en-la-orotava\/\" \/>\n<meta property=\"og:locale\" content=\"es_ES\" \/>\n<meta property=\"og:type\" content=\"article\" \/>\n<meta property=\"og:title\" content=\"Artesan\u00eda en La Orotava, \u00a1desc\u00fabrela! - Viajar es vivir\" \/>\n<meta property=\"og:description\" content=\"Artesan\u00eda en La Orotava, desc\u00fabrela. Conoce a sus artesanos, descubre el Museo de la Artesan\u00eda, los eventos y las tiendas donde comprar artesan\u00eda canaria\" \/>\n<meta property=\"og:url\" content=\"https:\/\/www.canariasviaja.com\/viajaresvivir\/artesania-en-la-orotava\/\" \/>\n<meta property=\"og:site_name\" content=\"Viajar es vivir\" \/>\n<meta property=\"article:published_time\" content=\"2020-11-08T17:21:49+00:00\" \/>\n<meta property=\"article:modified_time\" content=\"2020-11-10T15:17:52+00:00\" \/>\n<meta property=\"og:image\" content=\"https:\/\/www.canariasviaja.com\/viajaresvivir\/wp-content\/uploads\/2020\/11\/Manos-Gonzalo.jpg\" \/>\n\t<meta property=\"og:image:width\" content=\"2000\" \/>\n\t<meta property=\"og:image:height\" content=\"1333\" \/>\n\t<meta property=\"og:image:type\" content=\"image\/jpeg\" \/>\n<meta name=\"author\" content=\"Patri C\u00e1mpora\" \/>\n<meta name=\"twitter:card\" content=\"summary_large_image\" \/>\n<meta name=\"twitter:label1\" content=\"Escrito por\" \/>\n\t<meta name=\"twitter:data1\" content=\"Patri C\u00e1mpora\" \/>\n\t<meta name=\"twitter:label2\" content=\"Tiempo de lectura\" \/>\n\t<meta name=\"twitter:data2\" content=\"14 minutos\" \/>\n<script type=\"application\/ld+json\" class=\"yoast-schema-graph\">{\"@context\":\"https:\/\/schema.org\",\"@graph\":[{\"@type\":\"WebPage\",\"@id\":\"https:\/\/www.canariasviaja.com\/viajaresvivir\/artesania-en-la-orotava\/\",\"url\":\"https:\/\/www.canariasviaja.com\/viajaresvivir\/artesania-en-la-orotava\/\",\"name\":\"Artesan\u00eda en La Orotava, \u00a1desc\u00fabrela! - Viajar es vivir\",\"isPartOf\":{\"@id\":\"https:\/\/www.canariasviaja.com\/viajaresvivir\/#website\"},\"primaryImageOfPage\":{\"@id\":\"https:\/\/www.canariasviaja.com\/viajaresvivir\/artesania-en-la-orotava\/#primaryimage\"},\"image\":{\"@id\":\"https:\/\/www.canariasviaja.com\/viajaresvivir\/artesania-en-la-orotava\/#primaryimage\"},\"thumbnailUrl\":\"https:\/\/www.canariasviaja.com\/viajaresvivir\/wp-content\/uploads\/2020\/11\/Manos-Gonzalo.jpg\",\"datePublished\":\"2020-11-08T17:21:49+00:00\",\"dateModified\":\"2020-11-10T15:17:52+00:00\",\"author\":{\"@id\":\"https:\/\/www.canariasviaja.com\/viajaresvivir\/#\/schema\/person\/085949651001325f1244a8bc1b34709c\"},\"description\":\"Artesan\u00eda en La Orotava, desc\u00fabrela. Conoce a sus artesanos, descubre el Museo de la Artesan\u00eda, los eventos y las tiendas donde comprar artesan\u00eda canaria\",\"breadcrumb\":{\"@id\":\"https:\/\/www.canariasviaja.com\/viajaresvivir\/artesania-en-la-orotava\/#breadcrumb\"},\"inLanguage\":\"es\",\"potentialAction\":[{\"@type\":\"ReadAction\",\"target\":[\"https:\/\/www.canariasviaja.com\/viajaresvivir\/artesania-en-la-orotava\/\"]}]},{\"@type\":\"ImageObject\",\"inLanguage\":\"es\",\"@id\":\"https:\/\/www.canariasviaja.com\/viajaresvivir\/artesania-en-la-orotava\/#primaryimage\",\"url\":\"https:\/\/www.canariasviaja.com\/viajaresvivir\/wp-content\/uploads\/2020\/11\/Manos-Gonzalo.jpg\",\"contentUrl\":\"https:\/\/www.canariasviaja.com\/viajaresvivir\/wp-content\/uploads\/2020\/11\/Manos-Gonzalo.jpg\",\"width\":2000,\"height\":1333,\"caption\":\"manos de cer\u00e1mica de Gonzalo Martin\"},{\"@type\":\"BreadcrumbList\",\"@id\":\"https:\/\/www.canariasviaja.com\/viajaresvivir\/artesania-en-la-orotava\/#breadcrumb\",\"itemListElement\":[{\"@type\":\"ListItem\",\"position\":1,\"name\":\"Portada\",\"item\":\"https:\/\/www.canariasviaja.com\/viajaresvivir\/\"},{\"@type\":\"ListItem\",\"position\":2,\"name\":\"Artesan\u00eda en La Orotava, \u00a1desc\u00fabrela!\"}]},{\"@type\":\"WebSite\",\"@id\":\"https:\/\/www.canariasviaja.com\/viajaresvivir\/#website\",\"url\":\"https:\/\/www.canariasviaja.com\/viajaresvivir\/\",\"name\":\"Viajar es vivir\",\"description\":\"El blog de viajes y estilo de vida de CanariasViaja\",\"potentialAction\":[{\"@type\":\"SearchAction\",\"target\":{\"@type\":\"EntryPoint\",\"urlTemplate\":\"https:\/\/www.canariasviaja.com\/viajaresvivir\/?s={search_term_string}\"},\"query-input\":{\"@type\":\"PropertyValueSpecification\",\"valueRequired\":true,\"valueName\":\"search_term_string\"}}],\"inLanguage\":\"es\"},{\"@type\":\"Person\",\"@id\":\"https:\/\/www.canariasviaja.com\/viajaresvivir\/#\/schema\/person\/085949651001325f1244a8bc1b34709c\",\"name\":\"Patri C\u00e1mpora\",\"image\":{\"@type\":\"ImageObject\",\"inLanguage\":\"es\",\"@id\":\"https:\/\/www.canariasviaja.com\/viajaresvivir\/#\/schema\/person\/image\/\",\"url\":\"https:\/\/secure.gravatar.com\/avatar\/b2ce2c4086a5776e5310f57c1a2e5b4e?s=96&d=mm&r=g\",\"contentUrl\":\"https:\/\/secure.gravatar.com\/avatar\/b2ce2c4086a5776e5310f57c1a2e5b4e?s=96&d=mm&r=g\",\"caption\":\"Patri C\u00e1mpora\"},\"url\":\"https:\/\/www.canariasviaja.com\/viajaresvivir\/author\/patri\/\"}]}<\/script>\n<!-- \/ Yoast SEO plugin. -->","yoast_head_json":{"title":"Artesan\u00eda en La Orotava, \u00a1desc\u00fabrela! - Viajar es vivir","description":"Artesan\u00eda en La Orotava, desc\u00fabrela. Conoce a sus artesanos, descubre el Museo de la Artesan\u00eda, los eventos y las tiendas donde comprar artesan\u00eda canaria","robots":{"index":"index","follow":"follow","max-snippet":"max-snippet:-1","max-image-preview":"max-image-preview:large","max-video-preview":"max-video-preview:-1"},"canonical":"https:\/\/www.canariasviaja.com\/viajaresvivir\/artesania-en-la-orotava\/","og_locale":"es_ES","og_type":"article","og_title":"Artesan\u00eda en La Orotava, \u00a1desc\u00fabrela! - Viajar es vivir","og_description":"Artesan\u00eda en La Orotava, desc\u00fabrela. Conoce a sus artesanos, descubre el Museo de la Artesan\u00eda, los eventos y las tiendas donde comprar artesan\u00eda canaria","og_url":"https:\/\/www.canariasviaja.com\/viajaresvivir\/artesania-en-la-orotava\/","og_site_name":"Viajar es vivir","article_published_time":"2020-11-08T17:21:49+00:00","article_modified_time":"2020-11-10T15:17:52+00:00","og_image":[{"width":2000,"height":1333,"url":"https:\/\/www.canariasviaja.com\/viajaresvivir\/wp-content\/uploads\/2020\/11\/Manos-Gonzalo.jpg","type":"image\/jpeg"}],"author":"Patri C\u00e1mpora","twitter_card":"summary_large_image","twitter_misc":{"Escrito por":"Patri C\u00e1mpora","Tiempo de lectura":"14 minutos"},"schema":{"@context":"https:\/\/schema.org","@graph":[{"@type":"WebPage","@id":"https:\/\/www.canariasviaja.com\/viajaresvivir\/artesania-en-la-orotava\/","url":"https:\/\/www.canariasviaja.com\/viajaresvivir\/artesania-en-la-orotava\/","name":"Artesan\u00eda en La Orotava, \u00a1desc\u00fabrela! - Viajar es vivir","isPartOf":{"@id":"https:\/\/www.canariasviaja.com\/viajaresvivir\/#website"},"primaryImageOfPage":{"@id":"https:\/\/www.canariasviaja.com\/viajaresvivir\/artesania-en-la-orotava\/#primaryimage"},"image":{"@id":"https:\/\/www.canariasviaja.com\/viajaresvivir\/artesania-en-la-orotava\/#primaryimage"},"thumbnailUrl":"https:\/\/www.canariasviaja.com\/viajaresvivir\/wp-content\/uploads\/2020\/11\/Manos-Gonzalo.jpg","datePublished":"2020-11-08T17:21:49+00:00","dateModified":"2020-11-10T15:17:52+00:00","author":{"@id":"https:\/\/www.canariasviaja.com\/viajaresvivir\/#\/schema\/person\/085949651001325f1244a8bc1b34709c"},"description":"Artesan\u00eda en La Orotava, desc\u00fabrela. Conoce a sus artesanos, descubre el Museo de la Artesan\u00eda, los eventos y las tiendas donde comprar artesan\u00eda canaria","breadcrumb":{"@id":"https:\/\/www.canariasviaja.com\/viajaresvivir\/artesania-en-la-orotava\/#breadcrumb"},"inLanguage":"es","potentialAction":[{"@type":"ReadAction","target":["https:\/\/www.canariasviaja.com\/viajaresvivir\/artesania-en-la-orotava\/"]}]},{"@type":"ImageObject","inLanguage":"es","@id":"https:\/\/www.canariasviaja.com\/viajaresvivir\/artesania-en-la-orotava\/#primaryimage","url":"https:\/\/www.canariasviaja.com\/viajaresvivir\/wp-content\/uploads\/2020\/11\/Manos-Gonzalo.jpg","contentUrl":"https:\/\/www.canariasviaja.com\/viajaresvivir\/wp-content\/uploads\/2020\/11\/Manos-Gonzalo.jpg","width":2000,"height":1333,"caption":"manos de cer\u00e1mica de Gonzalo Martin"},{"@type":"BreadcrumbList","@id":"https:\/\/www.canariasviaja.com\/viajaresvivir\/artesania-en-la-orotava\/#breadcrumb","itemListElement":[{"@type":"ListItem","position":1,"name":"Portada","item":"https:\/\/www.canariasviaja.com\/viajaresvivir\/"},{"@type":"ListItem","position":2,"name":"Artesan\u00eda en La Orotava, \u00a1desc\u00fabrela!"}]},{"@type":"WebSite","@id":"https:\/\/www.canariasviaja.com\/viajaresvivir\/#website","url":"https:\/\/www.canariasviaja.com\/viajaresvivir\/","name":"Viajar es vivir","description":"El blog de viajes y estilo de vida de CanariasViaja","potentialAction":[{"@type":"SearchAction","target":{"@type":"EntryPoint","urlTemplate":"https:\/\/www.canariasviaja.com\/viajaresvivir\/?s={search_term_string}"},"query-input":{"@type":"PropertyValueSpecification","valueRequired":true,"valueName":"search_term_string"}}],"inLanguage":"es"},{"@type":"Person","@id":"https:\/\/www.canariasviaja.com\/viajaresvivir\/#\/schema\/person\/085949651001325f1244a8bc1b34709c","name":"Patri C\u00e1mpora","image":{"@type":"ImageObject","inLanguage":"es","@id":"https:\/\/www.canariasviaja.com\/viajaresvivir\/#\/schema\/person\/image\/","url":"https:\/\/secure.gravatar.com\/avatar\/b2ce2c4086a5776e5310f57c1a2e5b4e?s=96&d=mm&r=g","contentUrl":"https:\/\/secure.gravatar.com\/avatar\/b2ce2c4086a5776e5310f57c1a2e5b4e?s=96&d=mm&r=g","caption":"Patri C\u00e1mpora"},"url":"https:\/\/www.canariasviaja.com\/viajaresvivir\/author\/patri\/"}]}},"_links":{"self":[{"href":"https:\/\/www.canariasviaja.com\/viajaresvivir\/wp-json\/wp\/v2\/posts\/5442"}],"collection":[{"href":"https:\/\/www.canariasviaja.com\/viajaresvivir\/wp-json\/wp\/v2\/posts"}],"about":[{"href":"https:\/\/www.canariasviaja.com\/viajaresvivir\/wp-json\/wp\/v2\/types\/post"}],"author":[{"embeddable":true,"href":"https:\/\/www.canariasviaja.com\/viajaresvivir\/wp-json\/wp\/v2\/users\/2"}],"replies":[{"embeddable":true,"href":"https:\/\/www.canariasviaja.com\/viajaresvivir\/wp-json\/wp\/v2\/comments?post=5442"}],"version-history":[{"count":11,"href":"https:\/\/www.canariasviaja.com\/viajaresvivir\/wp-json\/wp\/v2\/posts\/5442\/revisions"}],"predecessor-version":[{"id":7557,"href":"https:\/\/www.canariasviaja.com\/viajaresvivir\/wp-json\/wp\/v2\/posts\/5442\/revisions\/7557"}],"wp:featuredmedia":[{"embeddable":true,"href":"https:\/\/www.canariasviaja.com\/viajaresvivir\/wp-json\/wp\/v2\/media\/5446"}],"wp:attachment":[{"href":"https:\/\/www.canariasviaja.com\/viajaresvivir\/wp-json\/wp\/v2\/media?parent=5442"}],"wp:term":[{"taxonomy":"category","embeddable":true,"href":"https:\/\/www.canariasviaja.com\/viajaresvivir\/wp-json\/wp\/v2\/categories?post=5442"},{"taxonomy":"post_tag","embeddable":true,"href":"https:\/\/www.canariasviaja.com\/viajaresvivir\/wp-json\/wp\/v2\/tags?post=5442"}],"curies":[{"name":"wp","href":"https:\/\/api.w.org\/{rel}","templated":true}]}}