{"id":5508,"date":"2020-11-13T09:10:32","date_gmt":"2020-11-13T09:10:32","guid":{"rendered":"http:\/\/www.canariasviaja.com\/viajaresvivir\/?p=5508"},"modified":"2020-11-13T11:41:12","modified_gmt":"2020-11-13T11:41:12","slug":"valle-de-agaete-regreso-al-eden-con-victor-lugo","status":"publish","type":"post","link":"https:\/\/www.canariasviaja.com\/viajaresvivir\/valle-de-agaete-regreso-al-eden-con-victor-lugo\/","title":{"rendered":"Valle de Agaete: regreso al ed\u00e9n con V\u00edctor Lugo"},"content":{"rendered":"\n<p>El Valle de Agaete es un lugar m\u00e1gico, con una energ\u00eda especial. Un valle \u00fanico por su microclima que hace de \u00e9l <em>\u201cuna tierra bendita en donde m\u00e1s de 50 familias cultivan el caf\u00e9 que pinta este valle\u201d, <\/em>nos cuenta <strong>V\u00edctor Lugo<\/strong> gerente de la <a href=\"https:\/\/bodegalosberrazales.com\/\" target=\"_blank\" rel=\"noreferrer noopener\"><strong>Finca La Laja y la Bodega los Berrazales<\/strong><\/a>, presidente de Agroagaete y del Cl\u00faster de Enoturismo.<\/p>\n\n\n\n<p>\u00c9l se define como \u201c<em>agricultor, bodeguero, caficultor y gran apasionado del km0\u201d<\/em>.<\/p>\n\n\n\n<p>Su familia es una de las <strong>familias cafeteras del valle<\/strong>, <em>\u201csoy la quinta generaci\u00f3n de agricultores de nuestra finca y llevo toda la vida relacionado con las monta\u00f1as sagradas de Gran Canaria\u201d<\/em><\/p>\n\n\n\n<p>Su vinculaci\u00f3n con esta finca viene de lejos. <em>\u201cMis anteriores generaciones trabajaban como mayordomos de la finca y hace 25 a\u00f1os mis padres la compraron y para nosotros es todo un honor tener la finca donde crecieron todos nuestros antepasados\u201d<\/em><\/p>\n\n\n\n<div class=\"wp-block-image\"><figure class=\"aligncenter size-large is-resized\"><img decoding=\"async\" src=\"http:\/\/www.canariasviaja.com\/viajaresvivir\/wp-content\/uploads\/2020\/11\/Finca-La-Laja.jpg\" alt=\"Finca La Laja Agaete\" class=\"wp-image-5521\" width=\"400\" srcset=\"https:\/\/www.canariasviaja.com\/viajaresvivir\/wp-content\/uploads\/2020\/11\/Finca-La-Laja.jpg 768w, https:\/\/www.canariasviaja.com\/viajaresvivir\/wp-content\/uploads\/2020\/11\/Finca-La-Laja-225x300.jpg 225w, https:\/\/www.canariasviaja.com\/viajaresvivir\/wp-content\/uploads\/2020\/11\/Finca-La-Laja-600x800.jpg 600w\" sizes=\"(max-width: 768px) 100vw, 768px\" \/><\/figure><\/div>\n\n\n\n<p>De toda la vida han cultivado <strong>caf\u00e9 y frutas tropicales<\/strong>, pero hace 40 a\u00f1os que cambiaron las plataneras por los <strong>vi\u00f1edos y las naranjas.<\/strong> Cada d\u00eda <strong>abren sus puertas<\/strong>, de 10 a 17 horas, para recibir a aquellas personas que quieren conocer la finca. Son <strong>visitas aut\u00e9nticas,<\/strong> <em>\u201ccomo a nosotros nos gustar\u00eda q nos las hicieran a nosotros, visitando una finca t\u00edpica canarias con una familia canaria y probando productos canarios\u201d.<\/em><\/p>\n\n\n\n<div class=\"wp-block-image\"><figure class=\"aligncenter size-large is-resized\"><img decoding=\"async\" src=\"http:\/\/www.canariasviaja.com\/viajaresvivir\/wp-content\/uploads\/2020\/11\/Montan\u0303as-Valle-de-Agaete.jpg\" alt=\"Visita a la Finca La Laja en Valle de Agaete\" class=\"wp-image-5523\" width=\"400\" srcset=\"https:\/\/www.canariasviaja.com\/viajaresvivir\/wp-content\/uploads\/2020\/11\/Montan\u0303as-Valle-de-Agaete.jpg 768w, https:\/\/www.canariasviaja.com\/viajaresvivir\/wp-content\/uploads\/2020\/11\/Montan\u0303as-Valle-de-Agaete-225x300.jpg 225w, https:\/\/www.canariasviaja.com\/viajaresvivir\/wp-content\/uploads\/2020\/11\/Montan\u0303as-Valle-de-Agaete-600x800.jpg 600w\" sizes=\"(max-width: 768px) 100vw, 768px\" \/><\/figure><\/div>\n\n\n\n<p>En <strong>Finca La Laja<\/strong> producen caf\u00e9 desde finales del siglo XVIII, <em>\u201ccasi 200 a\u00f1os amando el caf\u00e9\u201d. <\/em>La variedad que se produce en el Valle de Agaete es la <strong>Ar\u00e1biga Typica<\/strong>,<em> \u201cconsiderado un caf\u00e9 de alta calidad dentro de la categor\u00eda de los caf\u00e9s ex\u00f3ticos\u201d<\/em><\/p>\n\n\n\n<div class=\"wp-block-image\"><figure class=\"aligncenter size-large is-resized\"><img decoding=\"async\" src=\"http:\/\/www.canariasviaja.com\/viajaresvivir\/wp-content\/uploads\/2020\/11\/Manos-cogiendo-cafe-Agaete.jpg\" alt=\"Manos recogiendo caf\u00e9 en Finca La laja en el Valle de Agaete, Gran Canaria\" class=\"wp-image-5522\" width=\"400\" srcset=\"https:\/\/www.canariasviaja.com\/viajaresvivir\/wp-content\/uploads\/2020\/11\/Manos-cogiendo-cafe-Agaete.jpg 640w, https:\/\/www.canariasviaja.com\/viajaresvivir\/wp-content\/uploads\/2020\/11\/Manos-cogiendo-cafe-Agaete-300x300.jpg 300w, https:\/\/www.canariasviaja.com\/viajaresvivir\/wp-content\/uploads\/2020\/11\/Manos-cogiendo-cafe-Agaete-150x150.jpg 150w\" sizes=\"(max-width: 640px) 100vw, 640px\" \/><\/figure><\/div>\n\n\n\n<p>En La Laja se recogen unos cuatro mil kilos de caf\u00e9 verde al a\u00f1o que viaja por todo el mundo. <em>\u201cYo siempre digo que estamos exportando nuestro caf\u00e9 a m\u00e1s de 40 pa\u00edses porque nuestros turistas se lo llevan para su pa\u00edses. Lo vendemos todo en la finca\u201d.<\/em><\/p>\n\n\n\n<figure class=\"wp-block-gallery columns-3 is-cropped wp-block-gallery-1 is-layout-flex wp-block-gallery-is-layout-flex\"><ul class=\"blocks-gallery-grid\"><li class=\"blocks-gallery-item\"><figure><img loading=\"lazy\" decoding=\"async\" width=\"768\" height=\"1024\" src=\"http:\/\/www.canariasviaja.com\/viajaresvivir\/wp-content\/uploads\/2020\/11\/Cafeto-Valle-de-Agaete.jpg\" alt=\"\" data-id=\"5517\" data-full-url=\"http:\/\/www.canariasviaja.com\/viajaresvivir\/wp-content\/uploads\/2020\/11\/Cafeto-Valle-de-Agaete.jpg\" data-link=\"http:\/\/www.canariasviaja.com\/viajaresvivir\/valle-de-agaete-regreso-al-eden-con-victor-lugo\/cafeto-valle-de-agaete\/#main\" class=\"wp-image-5517\" srcset=\"https:\/\/www.canariasviaja.com\/viajaresvivir\/wp-content\/uploads\/2020\/11\/Cafeto-Valle-de-Agaete.jpg 768w, https:\/\/www.canariasviaja.com\/viajaresvivir\/wp-content\/uploads\/2020\/11\/Cafeto-Valle-de-Agaete-225x300.jpg 225w, https:\/\/www.canariasviaja.com\/viajaresvivir\/wp-content\/uploads\/2020\/11\/Cafeto-Valle-de-Agaete-600x800.jpg 600w\" sizes=\"(max-width: 768px) 100vw, 768px\" \/><\/figure><\/li><li class=\"blocks-gallery-item\"><figure><img loading=\"lazy\" decoding=\"async\" width=\"1024\" height=\"1024\" src=\"http:\/\/www.canariasviaja.com\/viajaresvivir\/wp-content\/uploads\/2020\/11\/Bayas-de-cafe-Valle-de-Agaete.jpg\" alt=\"\" data-id=\"5514\" data-full-url=\"http:\/\/www.canariasviaja.com\/viajaresvivir\/wp-content\/uploads\/2020\/11\/Bayas-de-cafe-Valle-de-Agaete.jpg\" data-link=\"http:\/\/www.canariasviaja.com\/viajaresvivir\/valle-de-agaete-regreso-al-eden-con-victor-lugo\/bayas-de-cafe-valle-de-agaete\/#main\" class=\"wp-image-5514\" srcset=\"https:\/\/www.canariasviaja.com\/viajaresvivir\/wp-content\/uploads\/2020\/11\/Bayas-de-cafe-Valle-de-Agaete.jpg 1024w, https:\/\/www.canariasviaja.com\/viajaresvivir\/wp-content\/uploads\/2020\/11\/Bayas-de-cafe-Valle-de-Agaete-300x300.jpg 300w, https:\/\/www.canariasviaja.com\/viajaresvivir\/wp-content\/uploads\/2020\/11\/Bayas-de-cafe-Valle-de-Agaete-150x150.jpg 150w, https:\/\/www.canariasviaja.com\/viajaresvivir\/wp-content\/uploads\/2020\/11\/Bayas-de-cafe-Valle-de-Agaete-768x768.jpg 768w\" sizes=\"(max-width: 1024px) 100vw, 1024px\" \/><\/figure><\/li><li class=\"blocks-gallery-item\"><figure><img loading=\"lazy\" decoding=\"async\" width=\"768\" height=\"1024\" src=\"http:\/\/www.canariasviaja.com\/viajaresvivir\/wp-content\/uploads\/2020\/11\/Detalle-granos-cafe\u0301.jpg\" alt=\"\" data-id=\"5520\" data-full-url=\"http:\/\/www.canariasviaja.com\/viajaresvivir\/wp-content\/uploads\/2020\/11\/Detalle-granos-cafe\u0301.jpg\" data-link=\"http:\/\/www.canariasviaja.com\/viajaresvivir\/valle-de-agaete-regreso-al-eden-con-victor-lugo\/detalle-granos-cafe\/#main\" class=\"wp-image-5520\" srcset=\"https:\/\/www.canariasviaja.com\/viajaresvivir\/wp-content\/uploads\/2020\/11\/Detalle-granos-cafe\u0301.jpg 768w, https:\/\/www.canariasviaja.com\/viajaresvivir\/wp-content\/uploads\/2020\/11\/Detalle-granos-cafe\u0301-225x300.jpg 225w, https:\/\/www.canariasviaja.com\/viajaresvivir\/wp-content\/uploads\/2020\/11\/Detalle-granos-cafe\u0301-600x800.jpg 600w\" sizes=\"(max-width: 768px) 100vw, 768px\" \/><\/figure><\/li><li class=\"blocks-gallery-item\"><figure><img loading=\"lazy\" decoding=\"async\" width=\"805\" height=\"524\" src=\"http:\/\/www.canariasviaja.com\/viajaresvivir\/wp-content\/uploads\/2020\/11\/Detalle-baya-de-cafe\u0301.jpg\" alt=\"\" data-id=\"5518\" data-full-url=\"http:\/\/www.canariasviaja.com\/viajaresvivir\/wp-content\/uploads\/2020\/11\/Detalle-baya-de-cafe\u0301.jpg\" data-link=\"http:\/\/www.canariasviaja.com\/viajaresvivir\/valle-de-agaete-regreso-al-eden-con-victor-lugo\/detalle-baya-de-cafe\/#main\" class=\"wp-image-5518\" srcset=\"https:\/\/www.canariasviaja.com\/viajaresvivir\/wp-content\/uploads\/2020\/11\/Detalle-baya-de-cafe\u0301.jpg 805w, https:\/\/www.canariasviaja.com\/viajaresvivir\/wp-content\/uploads\/2020\/11\/Detalle-baya-de-cafe\u0301-300x195.jpg 300w, https:\/\/www.canariasviaja.com\/viajaresvivir\/wp-content\/uploads\/2020\/11\/Detalle-baya-de-cafe\u0301-768x500.jpg 768w\" sizes=\"(max-width: 805px) 100vw, 805px\" \/><\/figure><\/li><\/ul><\/figure>\n\n\n\n<p>Su caf\u00e9 tiene unas caracter\u00edsticas que lo hacen \u00fanico,<em> \u201cla peculiaridad de nuestro caf\u00e9 es lo arom\u00e1tico y persistente que es. Tiene unas caracter\u00edsticas especiales que se las aporta el terreno volc\u00e1nico, el clima y la variedad del caf\u00e9.\u201d<\/em><\/p>\n\n\n\n<p>Mientras recorremos la plantaci\u00f3n aprenderemos acerca del proceso completo para obtener el caf\u00e9<strong>, <\/strong>desde la planta, que crece asocada a la sombra de aguacateros y mangos, hasta la taza. <em>\u201cDesde el descascarillado hasta el tostado, siempre utilizando los sentidos y disfrutando de un entorno \u00fanico, como si estuvieses en un valle sudamericano\u201d.<\/em><\/p>\n\n\n\n<figure class=\"wp-block-image size-large\"><img loading=\"lazy\" decoding=\"async\" width=\"1024\" height=\"768\" src=\"http:\/\/www.canariasviaja.com\/viajaresvivir\/wp-content\/uploads\/2020\/11\/Secadero-de-cafe\u0301-Finca-La-Laja.jpg\" alt=\"Secado del cafe el Finca La Laja\" class=\"wp-image-5524\" srcset=\"https:\/\/www.canariasviaja.com\/viajaresvivir\/wp-content\/uploads\/2020\/11\/Secadero-de-cafe\u0301-Finca-La-Laja.jpg 1024w, https:\/\/www.canariasviaja.com\/viajaresvivir\/wp-content\/uploads\/2020\/11\/Secadero-de-cafe\u0301-Finca-La-Laja-300x225.jpg 300w, https:\/\/www.canariasviaja.com\/viajaresvivir\/wp-content\/uploads\/2020\/11\/Secadero-de-cafe\u0301-Finca-La-Laja-768x576.jpg 768w, https:\/\/www.canariasviaja.com\/viajaresvivir\/wp-content\/uploads\/2020\/11\/Secadero-de-cafe\u0301-Finca-La-Laja-800x600.jpg 800w\" sizes=\"(max-width: 1024px) 100vw, 1024px\" \/><\/figure>\n\n\n\n<p>Adem\u00e1s del caf\u00e9, llevan 20 a\u00f1os produciendo <strong>vino<\/strong> que exportan a m\u00e1s de 40 pa\u00edses en las maletas de sus embajadores, los turistas que les visitan desde hace 10 a\u00f1os.<\/p>\n\n\n\n<div class=\"wp-block-image\"><figure class=\"aligncenter size-large is-resized\"><img decoding=\"async\" src=\"http:\/\/www.canariasviaja.com\/viajaresvivir\/wp-content\/uploads\/2020\/11\/Bodega-Los-Berrazales-Valle-de-Agaete.jpg\" alt=\"Bodega los Berrazales\" class=\"wp-image-5515\" width=\"400\" srcset=\"https:\/\/www.canariasviaja.com\/viajaresvivir\/wp-content\/uploads\/2020\/11\/Bodega-Los-Berrazales-Valle-de-Agaete.jpg 768w, https:\/\/www.canariasviaja.com\/viajaresvivir\/wp-content\/uploads\/2020\/11\/Bodega-Los-Berrazales-Valle-de-Agaete-225x300.jpg 225w, https:\/\/www.canariasviaja.com\/viajaresvivir\/wp-content\/uploads\/2020\/11\/Bodega-Los-Berrazales-Valle-de-Agaete-600x800.jpg 600w\" sizes=\"(max-width: 768px) 100vw, 768px\" \/><\/figure><\/div>\n\n\n\n<p>La uva que cultivan y que utilizan en sus vinos \u201c<em>es <\/em><em>mayoritariamente blanca malvas\u00eda, moscatel y list\u00e1n blanco. En tinto, list\u00e1n negro y tintilla, y una de las caracter\u00edsticas de nuestra uva es que realizamos todas las vendimias nocturnas\u201d.<\/em><\/p>\n\n\n\n<p>En la <strong>Bodega Los Berrazales<\/strong> producen siete tipos de vinos: <em>\u201cdiferentes blancos, tintos rosados y todo los a\u00f1os tenemos algo nuevo, como este a\u00f1o que hemos sacado un tinto dulce\u201d. <\/em>Algunos de sus vinos han recibido el Medalla de Oro en &nbsp;Agrocanarias y otros premios nacionales y est\u00e1n muy bien valorados en las gu\u00edas de vino.<\/p>\n\n\n\n<figure class=\"wp-block-image size-large\"><img loading=\"lazy\" decoding=\"async\" width=\"1024\" height=\"768\" src=\"http:\/\/www.canariasviaja.com\/viajaresvivir\/wp-content\/uploads\/2020\/11\/Vin\u0303os-Bodegas-Los-Baerrazales-Valle-de-Agaete.jpg\" alt=\"Vinos bodega los Berrazales\" class=\"wp-image-5528\" srcset=\"https:\/\/www.canariasviaja.com\/viajaresvivir\/wp-content\/uploads\/2020\/11\/Vin\u0303os-Bodegas-Los-Baerrazales-Valle-de-Agaete.jpg 1024w, https:\/\/www.canariasviaja.com\/viajaresvivir\/wp-content\/uploads\/2020\/11\/Vin\u0303os-Bodegas-Los-Baerrazales-Valle-de-Agaete-300x225.jpg 300w, https:\/\/www.canariasviaja.com\/viajaresvivir\/wp-content\/uploads\/2020\/11\/Vin\u0303os-Bodegas-Los-Baerrazales-Valle-de-Agaete-768x576.jpg 768w, https:\/\/www.canariasviaja.com\/viajaresvivir\/wp-content\/uploads\/2020\/11\/Vin\u0303os-Bodegas-Los-Baerrazales-Valle-de-Agaete-800x600.jpg 800w\" sizes=\"(max-width: 1024px) 100vw, 1024px\" \/><\/figure>\n\n\n\n<p>En su etiqueta llevan la impronta de uno de los hijos ilustres de Agaete, el pintor <strong>Pepe D\u00e1maso<\/strong>, uno de los artistas m\u00e1s importantes de Canarias. \u201c<em>Para nosotros la etiqueta es s\u00faper importante porque relacionamos mucho el vino con el arte.<\/em><\/p>\n\n\n\n<p>Si le preguntamos por los <strong>lugares imprescindibles<\/strong> de este hermoso valle, V\u00edctor nos dice que no podemos de dejar de visitar <em>\u201clas plantaciones de caf\u00e9, el Hotel Las Longueras, disfrutar de las vistas de S\u00e3o y hacer el camino de Tamadaba<\/em>\u201d<\/p>\n\n\n\n<div class=\"wp-block-image\"><figure class=\"aligncenter size-large is-resized\"><img decoding=\"async\" src=\"http:\/\/www.canariasviaja.com\/viajaresvivir\/wp-content\/uploads\/2020\/11\/Almuerzo-entre-frutales.jpg\" alt=\"\" class=\"wp-image-5513\" width=\"400\" srcset=\"https:\/\/www.canariasviaja.com\/viajaresvivir\/wp-content\/uploads\/2020\/11\/Almuerzo-entre-frutales.jpg 762w, https:\/\/www.canariasviaja.com\/viajaresvivir\/wp-content\/uploads\/2020\/11\/Almuerzo-entre-frutales-238x300.jpg 238w\" sizes=\"(max-width: 762px) 100vw, 762px\" \/><\/figure><\/div>\n\n\n\n<p>Y por supuesto, pasarnos por la <strong>finca La Laja<\/strong>, un para\u00edso de frutas tropicales, y tomar un caf\u00e9 despu\u00e9s de comer en el restaurante <strong>Casa Rom\u00e1ntica<\/strong> (que abrir\u00e1 muy pronto) y llevarnos los excelentes productos de este valle, <em>\u201ccaf\u00e9, vinos, naranjas, frutas tropicales, miel, mermeladas\u2026\u201d, <\/em>para que sigamos disfrutando de este para\u00edso tropical en casa.<\/p>\n\n\n\n<hr class=\"wp-block-separator\"\/>\n\n\n\n<p>\u00bfTe gustar\u00eda sumergirte en este<strong> valle tropical<\/strong>? Te hemos preparado una <a href=\"https:\/\/bit.ly\/2Iz9PVK\" target=\"_blank\" rel=\"noreferrer noopener\"><strong>oferta irresistible<\/strong><\/a> para que vivas este viaje.<\/p>\n","protected":false},"excerpt":{"rendered":"<p>V\u00edctor Lugo nos invita a descubrir los cafetales y plantaciones tropicales del Valle de Agaete. Un lugar m\u00e1gico que nos transportar\u00e1 al ed\u00e9n.<\/p>\n","protected":false},"author":2,"featured_media":5509,"comment_status":"open","ping_status":"open","sticky":false,"template":"","format":"standard","meta":{"_acf_changed":false,"sfsi_plus_gutenberg_text_before_share":"","sfsi_plus_gutenberg_show_text_before_share":"","sfsi_plus_gutenberg_icon_type":"","sfsi_plus_gutenberg_icon_alignemt":"","sfsi_plus_gutenburg_max_per_row":"","footnotes":""},"categories":[9,124,123,10,11,126],"tags":[565,646,110,603,325,647],"class_list":["post-5508","post","type-post","status-publish","format-standard","has-post-thumbnail","hentry","category-canarias","category-descubre","category-explora","category-historias-viajeras","category-postales","category-saborea","tag-bodegas","tag-cafe","tag-enoturismo","tag-escapada-gastronomica","tag-gran-canaria","tag-valle-de-agaete"],"acf":[],"yoast_head":"<!-- This site is optimized with the Yoast SEO plugin v24.1 - https:\/\/yoast.com\/wordpress\/plugins\/seo\/ -->\n<title>Valle de Agaete: regreso al ed\u00e9n con V\u00edctor Lugo - Viajar es vivir<\/title>\n<meta name=\"description\" content=\"En el Valle de Agaete se encuentran las \u00fanicas plantaciones de caf\u00e9 de Europa. V\u00edctor Lugo, gerente de la Finca La Laja, nos muestra este para\u00edso tropical.\" \/>\n<meta name=\"robots\" content=\"index, follow, max-snippet:-1, max-image-preview:large, max-video-preview:-1\" \/>\n<link rel=\"canonical\" href=\"https:\/\/www.canariasviaja.com\/viajaresvivir\/valle-de-agaete-regreso-al-eden-con-victor-lugo\/\" \/>\n<meta property=\"og:locale\" content=\"es_ES\" \/>\n<meta property=\"og:type\" content=\"article\" \/>\n<meta property=\"og:title\" content=\"Valle de Agaete: regreso al ed\u00e9n con V\u00edctor Lugo - Viajar es vivir\" \/>\n<meta property=\"og:description\" content=\"En el Valle de Agaete se encuentran las \u00fanicas plantaciones de caf\u00e9 de Europa. V\u00edctor Lugo, gerente de la Finca La Laja, nos muestra este para\u00edso tropical.\" \/>\n<meta property=\"og:url\" content=\"https:\/\/www.canariasviaja.com\/viajaresvivir\/valle-de-agaete-regreso-al-eden-con-victor-lugo\/\" \/>\n<meta property=\"og:site_name\" content=\"Viajar es vivir\" \/>\n<meta property=\"article:published_time\" content=\"2020-11-13T09:10:32+00:00\" \/>\n<meta property=\"article:modified_time\" content=\"2020-11-13T11:41:12+00:00\" \/>\n<meta property=\"og:image\" content=\"https:\/\/www.canariasviaja.com\/viajaresvivir\/wp-content\/uploads\/2020\/11\/Victor-Lugo-Valle-de-Agaete.jpeg\" \/>\n\t<meta property=\"og:image:width\" content=\"1800\" \/>\n\t<meta property=\"og:image:height\" content=\"1200\" \/>\n\t<meta property=\"og:image:type\" content=\"image\/jpeg\" \/>\n<meta name=\"author\" content=\"Patri C\u00e1mpora\" \/>\n<meta name=\"twitter:card\" content=\"summary_large_image\" \/>\n<meta name=\"twitter:label1\" content=\"Escrito por\" \/>\n\t<meta name=\"twitter:data1\" content=\"Patri C\u00e1mpora\" \/>\n\t<meta name=\"twitter:label2\" content=\"Tiempo de lectura\" \/>\n\t<meta name=\"twitter:data2\" content=\"4 minutos\" \/>\n<script type=\"application\/ld+json\" class=\"yoast-schema-graph\">{\"@context\":\"https:\/\/schema.org\",\"@graph\":[{\"@type\":\"WebPage\",\"@id\":\"https:\/\/www.canariasviaja.com\/viajaresvivir\/valle-de-agaete-regreso-al-eden-con-victor-lugo\/\",\"url\":\"https:\/\/www.canariasviaja.com\/viajaresvivir\/valle-de-agaete-regreso-al-eden-con-victor-lugo\/\",\"name\":\"Valle de Agaete: regreso al ed\u00e9n con V\u00edctor Lugo - Viajar es vivir\",\"isPartOf\":{\"@id\":\"https:\/\/www.canariasviaja.com\/viajaresvivir\/#website\"},\"primaryImageOfPage\":{\"@id\":\"https:\/\/www.canariasviaja.com\/viajaresvivir\/valle-de-agaete-regreso-al-eden-con-victor-lugo\/#primaryimage\"},\"image\":{\"@id\":\"https:\/\/www.canariasviaja.com\/viajaresvivir\/valle-de-agaete-regreso-al-eden-con-victor-lugo\/#primaryimage\"},\"thumbnailUrl\":\"https:\/\/www.canariasviaja.com\/viajaresvivir\/wp-content\/uploads\/2020\/11\/Victor-Lugo-Valle-de-Agaete.jpeg\",\"datePublished\":\"2020-11-13T09:10:32+00:00\",\"dateModified\":\"2020-11-13T11:41:12+00:00\",\"author\":{\"@id\":\"https:\/\/www.canariasviaja.com\/viajaresvivir\/#\/schema\/person\/085949651001325f1244a8bc1b34709c\"},\"description\":\"En el Valle de Agaete se encuentran las \u00fanicas plantaciones de caf\u00e9 de Europa. V\u00edctor Lugo, gerente de la Finca La Laja, nos muestra este para\u00edso tropical.\",\"breadcrumb\":{\"@id\":\"https:\/\/www.canariasviaja.com\/viajaresvivir\/valle-de-agaete-regreso-al-eden-con-victor-lugo\/#breadcrumb\"},\"inLanguage\":\"es\",\"potentialAction\":[{\"@type\":\"ReadAction\",\"target\":[\"https:\/\/www.canariasviaja.com\/viajaresvivir\/valle-de-agaete-regreso-al-eden-con-victor-lugo\/\"]}]},{\"@type\":\"ImageObject\",\"inLanguage\":\"es\",\"@id\":\"https:\/\/www.canariasviaja.com\/viajaresvivir\/valle-de-agaete-regreso-al-eden-con-victor-lugo\/#primaryimage\",\"url\":\"https:\/\/www.canariasviaja.com\/viajaresvivir\/wp-content\/uploads\/2020\/11\/Victor-Lugo-Valle-de-Agaete.jpeg\",\"contentUrl\":\"https:\/\/www.canariasviaja.com\/viajaresvivir\/wp-content\/uploads\/2020\/11\/Victor-Lugo-Valle-de-Agaete.jpeg\",\"width\":1800,\"height\":1200,\"caption\":\"Victor Lugo Valle de Agaete\"},{\"@type\":\"BreadcrumbList\",\"@id\":\"https:\/\/www.canariasviaja.com\/viajaresvivir\/valle-de-agaete-regreso-al-eden-con-victor-lugo\/#breadcrumb\",\"itemListElement\":[{\"@type\":\"ListItem\",\"position\":1,\"name\":\"Portada\",\"item\":\"https:\/\/www.canariasviaja.com\/viajaresvivir\/\"},{\"@type\":\"ListItem\",\"position\":2,\"name\":\"Valle de Agaete: regreso al ed\u00e9n con V\u00edctor Lugo\"}]},{\"@type\":\"WebSite\",\"@id\":\"https:\/\/www.canariasviaja.com\/viajaresvivir\/#website\",\"url\":\"https:\/\/www.canariasviaja.com\/viajaresvivir\/\",\"name\":\"Viajar es vivir\",\"description\":\"El blog de viajes y estilo de vida de CanariasViaja\",\"potentialAction\":[{\"@type\":\"SearchAction\",\"target\":{\"@type\":\"EntryPoint\",\"urlTemplate\":\"https:\/\/www.canariasviaja.com\/viajaresvivir\/?s={search_term_string}\"},\"query-input\":{\"@type\":\"PropertyValueSpecification\",\"valueRequired\":true,\"valueName\":\"search_term_string\"}}],\"inLanguage\":\"es\"},{\"@type\":\"Person\",\"@id\":\"https:\/\/www.canariasviaja.com\/viajaresvivir\/#\/schema\/person\/085949651001325f1244a8bc1b34709c\",\"name\":\"Patri C\u00e1mpora\",\"image\":{\"@type\":\"ImageObject\",\"inLanguage\":\"es\",\"@id\":\"https:\/\/www.canariasviaja.com\/viajaresvivir\/#\/schema\/person\/image\/\",\"url\":\"https:\/\/secure.gravatar.com\/avatar\/b2ce2c4086a5776e5310f57c1a2e5b4e?s=96&d=mm&r=g\",\"contentUrl\":\"https:\/\/secure.gravatar.com\/avatar\/b2ce2c4086a5776e5310f57c1a2e5b4e?s=96&d=mm&r=g\",\"caption\":\"Patri C\u00e1mpora\"},\"url\":\"https:\/\/www.canariasviaja.com\/viajaresvivir\/author\/patri\/\"}]}<\/script>\n<!-- \/ Yoast SEO plugin. -->","yoast_head_json":{"title":"Valle de Agaete: regreso al ed\u00e9n con V\u00edctor Lugo - Viajar es vivir","description":"En el Valle de Agaete se encuentran las \u00fanicas plantaciones de caf\u00e9 de Europa. V\u00edctor Lugo, gerente de la Finca La Laja, nos muestra este para\u00edso tropical.","robots":{"index":"index","follow":"follow","max-snippet":"max-snippet:-1","max-image-preview":"max-image-preview:large","max-video-preview":"max-video-preview:-1"},"canonical":"https:\/\/www.canariasviaja.com\/viajaresvivir\/valle-de-agaete-regreso-al-eden-con-victor-lugo\/","og_locale":"es_ES","og_type":"article","og_title":"Valle de Agaete: regreso al ed\u00e9n con V\u00edctor Lugo - Viajar es vivir","og_description":"En el Valle de Agaete se encuentran las \u00fanicas plantaciones de caf\u00e9 de Europa. V\u00edctor Lugo, gerente de la Finca La Laja, nos muestra este para\u00edso tropical.","og_url":"https:\/\/www.canariasviaja.com\/viajaresvivir\/valle-de-agaete-regreso-al-eden-con-victor-lugo\/","og_site_name":"Viajar es vivir","article_published_time":"2020-11-13T09:10:32+00:00","article_modified_time":"2020-11-13T11:41:12+00:00","og_image":[{"width":1800,"height":1200,"url":"https:\/\/www.canariasviaja.com\/viajaresvivir\/wp-content\/uploads\/2020\/11\/Victor-Lugo-Valle-de-Agaete.jpeg","type":"image\/jpeg"}],"author":"Patri C\u00e1mpora","twitter_card":"summary_large_image","twitter_misc":{"Escrito por":"Patri C\u00e1mpora","Tiempo de lectura":"4 minutos"},"schema":{"@context":"https:\/\/schema.org","@graph":[{"@type":"WebPage","@id":"https:\/\/www.canariasviaja.com\/viajaresvivir\/valle-de-agaete-regreso-al-eden-con-victor-lugo\/","url":"https:\/\/www.canariasviaja.com\/viajaresvivir\/valle-de-agaete-regreso-al-eden-con-victor-lugo\/","name":"Valle de Agaete: regreso al ed\u00e9n con V\u00edctor Lugo - Viajar es vivir","isPartOf":{"@id":"https:\/\/www.canariasviaja.com\/viajaresvivir\/#website"},"primaryImageOfPage":{"@id":"https:\/\/www.canariasviaja.com\/viajaresvivir\/valle-de-agaete-regreso-al-eden-con-victor-lugo\/#primaryimage"},"image":{"@id":"https:\/\/www.canariasviaja.com\/viajaresvivir\/valle-de-agaete-regreso-al-eden-con-victor-lugo\/#primaryimage"},"thumbnailUrl":"https:\/\/www.canariasviaja.com\/viajaresvivir\/wp-content\/uploads\/2020\/11\/Victor-Lugo-Valle-de-Agaete.jpeg","datePublished":"2020-11-13T09:10:32+00:00","dateModified":"2020-11-13T11:41:12+00:00","author":{"@id":"https:\/\/www.canariasviaja.com\/viajaresvivir\/#\/schema\/person\/085949651001325f1244a8bc1b34709c"},"description":"En el Valle de Agaete se encuentran las \u00fanicas plantaciones de caf\u00e9 de Europa. V\u00edctor Lugo, gerente de la Finca La Laja, nos muestra este para\u00edso tropical.","breadcrumb":{"@id":"https:\/\/www.canariasviaja.com\/viajaresvivir\/valle-de-agaete-regreso-al-eden-con-victor-lugo\/#breadcrumb"},"inLanguage":"es","potentialAction":[{"@type":"ReadAction","target":["https:\/\/www.canariasviaja.com\/viajaresvivir\/valle-de-agaete-regreso-al-eden-con-victor-lugo\/"]}]},{"@type":"ImageObject","inLanguage":"es","@id":"https:\/\/www.canariasviaja.com\/viajaresvivir\/valle-de-agaete-regreso-al-eden-con-victor-lugo\/#primaryimage","url":"https:\/\/www.canariasviaja.com\/viajaresvivir\/wp-content\/uploads\/2020\/11\/Victor-Lugo-Valle-de-Agaete.jpeg","contentUrl":"https:\/\/www.canariasviaja.com\/viajaresvivir\/wp-content\/uploads\/2020\/11\/Victor-Lugo-Valle-de-Agaete.jpeg","width":1800,"height":1200,"caption":"Victor Lugo Valle de Agaete"},{"@type":"BreadcrumbList","@id":"https:\/\/www.canariasviaja.com\/viajaresvivir\/valle-de-agaete-regreso-al-eden-con-victor-lugo\/#breadcrumb","itemListElement":[{"@type":"ListItem","position":1,"name":"Portada","item":"https:\/\/www.canariasviaja.com\/viajaresvivir\/"},{"@type":"ListItem","position":2,"name":"Valle de Agaete: regreso al ed\u00e9n con V\u00edctor Lugo"}]},{"@type":"WebSite","@id":"https:\/\/www.canariasviaja.com\/viajaresvivir\/#website","url":"https:\/\/www.canariasviaja.com\/viajaresvivir\/","name":"Viajar es vivir","description":"El blog de viajes y estilo de vida de CanariasViaja","potentialAction":[{"@type":"SearchAction","target":{"@type":"EntryPoint","urlTemplate":"https:\/\/www.canariasviaja.com\/viajaresvivir\/?s={search_term_string}"},"query-input":{"@type":"PropertyValueSpecification","valueRequired":true,"valueName":"search_term_string"}}],"inLanguage":"es"},{"@type":"Person","@id":"https:\/\/www.canariasviaja.com\/viajaresvivir\/#\/schema\/person\/085949651001325f1244a8bc1b34709c","name":"Patri C\u00e1mpora","image":{"@type":"ImageObject","inLanguage":"es","@id":"https:\/\/www.canariasviaja.com\/viajaresvivir\/#\/schema\/person\/image\/","url":"https:\/\/secure.gravatar.com\/avatar\/b2ce2c4086a5776e5310f57c1a2e5b4e?s=96&d=mm&r=g","contentUrl":"https:\/\/secure.gravatar.com\/avatar\/b2ce2c4086a5776e5310f57c1a2e5b4e?s=96&d=mm&r=g","caption":"Patri C\u00e1mpora"},"url":"https:\/\/www.canariasviaja.com\/viajaresvivir\/author\/patri\/"}]}},"_links":{"self":[{"href":"https:\/\/www.canariasviaja.com\/viajaresvivir\/wp-json\/wp\/v2\/posts\/5508"}],"collection":[{"href":"https:\/\/www.canariasviaja.com\/viajaresvivir\/wp-json\/wp\/v2\/posts"}],"about":[{"href":"https:\/\/www.canariasviaja.com\/viajaresvivir\/wp-json\/wp\/v2\/types\/post"}],"author":[{"embeddable":true,"href":"https:\/\/www.canariasviaja.com\/viajaresvivir\/wp-json\/wp\/v2\/users\/2"}],"replies":[{"embeddable":true,"href":"https:\/\/www.canariasviaja.com\/viajaresvivir\/wp-json\/wp\/v2\/comments?post=5508"}],"version-history":[{"count":7,"href":"https:\/\/www.canariasviaja.com\/viajaresvivir\/wp-json\/wp\/v2\/posts\/5508\/revisions"}],"predecessor-version":[{"id":5533,"href":"https:\/\/www.canariasviaja.com\/viajaresvivir\/wp-json\/wp\/v2\/posts\/5508\/revisions\/5533"}],"wp:featuredmedia":[{"embeddable":true,"href":"https:\/\/www.canariasviaja.com\/viajaresvivir\/wp-json\/wp\/v2\/media\/5509"}],"wp:attachment":[{"href":"https:\/\/www.canariasviaja.com\/viajaresvivir\/wp-json\/wp\/v2\/media?parent=5508"}],"wp:term":[{"taxonomy":"category","embeddable":true,"href":"https:\/\/www.canariasviaja.com\/viajaresvivir\/wp-json\/wp\/v2\/categories?post=5508"},{"taxonomy":"post_tag","embeddable":true,"href":"https:\/\/www.canariasviaja.com\/viajaresvivir\/wp-json\/wp\/v2\/tags?post=5508"}],"curies":[{"name":"wp","href":"https:\/\/api.w.org\/{rel}","templated":true}]}}