{"id":5534,"date":"2020-11-15T19:50:45","date_gmt":"2020-11-15T19:50:45","guid":{"rendered":"http:\/\/www.canariasviaja.com\/viajaresvivir\/?p=5534"},"modified":"2022-04-21T11:12:39","modified_gmt":"2022-04-21T11:12:39","slug":"una-ciudad-diversas-miradas","status":"publish","type":"post","link":"https:\/\/www.canariasviaja.com\/viajaresvivir\/una-ciudad-diversas-miradas\/","title":{"rendered":"Una ciudad, diversas miradas"},"content":{"rendered":"\n<p>Noe y yo amamos la ciudad en la que vivimos, <strong>Las Palmas de Gran Canar<\/strong>ia, pero la disfrutamos y la miramos diferente. <\/p>\n\n\n\n<p>Mientras yo quedo prendada por los <strong>edificios bellos<\/strong>, m\u00e1s bien rom\u00e1nticos, ella es capaz de enamorarse de las relaciones con los <strong>vol\u00famenes <\/strong>de un edificio o de sus aleros y sus sombras. <\/p>\n\n\n\n<figure class=\"wp-block-gallery aligncenter has-nested-images columns-default is-cropped wp-block-gallery-1 is-layout-flex wp-block-gallery-is-layout-flex\">\n<figure class=\"wp-block-image size-large\"><img loading=\"lazy\" decoding=\"async\" width=\"683\" height=\"1024\" data-id=\"5536\" src=\"http:\/\/www.canariasviaja.com\/viajaresvivir\/wp-content\/uploads\/2020\/11\/Balcon-galeria-arquitectura-Las-Palmas.jpg\" alt=\"\" class=\"wp-image-5536\" srcset=\"https:\/\/www.canariasviaja.com\/viajaresvivir\/wp-content\/uploads\/2020\/11\/Balcon-galeria-arquitectura-Las-Palmas.jpg 683w, https:\/\/www.canariasviaja.com\/viajaresvivir\/wp-content\/uploads\/2020\/11\/Balcon-galeria-arquitectura-Las-Palmas-200x300.jpg 200w\" sizes=\"(max-width: 683px) 100vw, 683px\" \/><figcaption>Uno de mis  favoritos<\/figcaption><\/figure>\n\n\n\n<figure class=\"wp-block-image size-large\"><img loading=\"lazy\" decoding=\"async\" width=\"683\" height=\"1024\" data-id=\"5541\" src=\"http:\/\/www.canariasviaja.com\/viajaresvivir\/wp-content\/uploads\/2020\/11\/Casa-racionalista-Las-Palmas.jpg\" alt=\"Casa racionalista\" class=\"wp-image-5541\" srcset=\"https:\/\/www.canariasviaja.com\/viajaresvivir\/wp-content\/uploads\/2020\/11\/Casa-racionalista-Las-Palmas.jpg 683w, https:\/\/www.canariasviaja.com\/viajaresvivir\/wp-content\/uploads\/2020\/11\/Casa-racionalista-Las-Palmas-200x300.jpg 200w\" sizes=\"(max-width: 683px) 100vw, 683px\" \/><figcaption>Uno de los favoritos de Noe<\/figcaption><\/figure>\n<\/figure>\n\n\n\n<p>Mientras yo miro al suelo por si me resbalo o piso ciertas cosas, ella camina sobre <strong>empedrados antiguos<\/strong> centenarios que la conducen a calles antes desconocidas y ahora de sus preferidas como su <strong>calle Verdi.<\/strong> <\/p>\n\n\n\n<div class=\"wp-block-image\"><figure class=\"aligncenter size-large is-resized\"><img decoding=\"async\" src=\"http:\/\/www.canariasviaja.com\/viajaresvivir\/wp-content\/uploads\/2020\/11\/ventana-gabinete.jpg\" alt=\"calle verdi\" class=\"wp-image-5545\" width=\"400\" srcset=\"https:\/\/www.canariasviaja.com\/viajaresvivir\/wp-content\/uploads\/2020\/11\/ventana-gabinete.jpg 683w, https:\/\/www.canariasviaja.com\/viajaresvivir\/wp-content\/uploads\/2020\/11\/ventana-gabinete-200x300.jpg 200w\" sizes=\"(max-width: 683px) 100vw, 683px\" \/><figcaption>Paseando por la calle Verdi<\/figcaption><\/figure><\/div>\n\n\n\n<p>Mientras yo miro una <strong>puerta <\/strong>porque me atrae su color, ella es capaz de ver ese peque\u00f1o detalle de madera que el paso del tiempo ha dejado brotar de la pared para comprobar un trocito del dintel de madera antigua de la casa. <\/p>\n\n\n\n<div class=\"wp-block-image\"><figure class=\"aligncenter size-large is-resized\"><img decoding=\"async\" src=\"http:\/\/www.canariasviaja.com\/viajaresvivir\/wp-content\/uploads\/2020\/11\/Puerta-vieja-azul.jpg\" alt=\"puerta antigua\" class=\"wp-image-5544\" width=\"400\" srcset=\"https:\/\/www.canariasviaja.com\/viajaresvivir\/wp-content\/uploads\/2020\/11\/Puerta-vieja-azul.jpg 683w, https:\/\/www.canariasviaja.com\/viajaresvivir\/wp-content\/uploads\/2020\/11\/Puerta-vieja-azul-200x300.jpg 200w\" sizes=\"(max-width: 683px) 100vw, 683px\" \/><figcaption>Observando el paso del tiempo<\/figcaption><\/figure><\/div>\n\n\n\n<p>Mientras yo paso por un <strong>parque infantil<\/strong> y solo me fijo en peque\u00f1as caritas o gestos, ella es capaz de imaginar c\u00f3mo ser\u00eda un espacio ideal para peques ideado desde sus peque\u00f1as cabecitas y no desde la de quien lo construye. Mientras yo veo una <strong>verja<\/strong> y jam\u00e1s se me ocurrir\u00eda abrirla y entrar, ella se atreve y te descubre un rinc\u00f3n de tu propia ciudad que ni siquiera imaginabas; del que nadie te hab\u00eda hablado jam\u00e1s y que no vas a desvelar para que contin\u00fae el misterio, pero que fue un regalazo de una gran ma\u00f1ana de s\u00e1bado con amigas.<\/p>\n\n\n\n<figure class=\"wp-block-image size-large\"><img loading=\"lazy\" decoding=\"async\" width=\"1024\" height=\"683\" src=\"http:\/\/www.canariasviaja.com\/viajaresvivir\/wp-content\/uploads\/2020\/11\/Arquitecta-por-la-calle.jpg\" alt=\"arquitecta paseando por la ciudad\" class=\"wp-image-5535\" srcset=\"https:\/\/www.canariasviaja.com\/viajaresvivir\/wp-content\/uploads\/2020\/11\/Arquitecta-por-la-calle.jpg 1024w, https:\/\/www.canariasviaja.com\/viajaresvivir\/wp-content\/uploads\/2020\/11\/Arquitecta-por-la-calle-300x200.jpg 300w, https:\/\/www.canariasviaja.com\/viajaresvivir\/wp-content\/uploads\/2020\/11\/Arquitecta-por-la-calle-768x512.jpg 768w\" sizes=\"(max-width: 1024px) 100vw, 1024px\" \/><figcaption>Aprendiendo a redescubrir la ciudad<\/figcaption><\/figure>\n\n\n\n<p> Mientras yo me enamoro de una <strong>ventana<\/strong> por su belleza, ella es capaz de detectar los<strong> vidrios texturizados<\/strong> de Miguel Mart\u00edn Fern\u00e1ndez de la Torre, incluso acariciarlos con profunda admiraci\u00f3n como quien se encuentra ante una obra de arte. <\/p>\n\n\n\n<figure class=\"wp-block-gallery aligncenter has-nested-images columns-default is-cropped wp-block-gallery-2 is-layout-flex wp-block-gallery-is-layout-flex\">\n<figure class=\"wp-block-image size-large\"><img loading=\"lazy\" decoding=\"async\" width=\"683\" height=\"1024\" data-id=\"5552\" src=\"http:\/\/www.canariasviaja.com\/viajaresvivir\/wp-content\/uploads\/2020\/11\/Ventana.jpg\" alt=\"Ventana\" class=\"wp-image-5552\" srcset=\"https:\/\/www.canariasviaja.com\/viajaresvivir\/wp-content\/uploads\/2020\/11\/Ventana.jpg 683w, https:\/\/www.canariasviaja.com\/viajaresvivir\/wp-content\/uploads\/2020\/11\/Ventana-200x300.jpg 200w\" sizes=\"(max-width: 683px) 100vw, 683px\" \/><\/figure>\n\n\n\n<figure class=\"wp-block-image size-large\"><img loading=\"lazy\" decoding=\"async\" width=\"683\" height=\"1024\" data-id=\"5546\" src=\"http:\/\/www.canariasviaja.com\/viajaresvivir\/wp-content\/uploads\/2020\/11\/Vidriera.jpg\" alt=\"Mano tocando vidriera de Miguel Fern\u00e1ndez de la Torre\" class=\"wp-image-5546\" srcset=\"https:\/\/www.canariasviaja.com\/viajaresvivir\/wp-content\/uploads\/2020\/11\/Vidriera.jpg 683w, https:\/\/www.canariasviaja.com\/viajaresvivir\/wp-content\/uploads\/2020\/11\/Vidriera-200x300.jpg 200w\" sizes=\"(max-width: 683px) 100vw, 683px\" \/><\/figure>\n<\/figure>\n\n\n\n<p>Mientras yo veo un <strong>banco <\/strong>y pienso en que all\u00ed una foto de alguien de espaldas molar\u00eda, ella ve di\u00e1logos de vecinos y si tendr\u00e1n o no sombra para disfrutarlos. Mientras yo veo algo derruido, ella ve un pedacito de un antiguo muro de la ciudad. Disfruta observando las <strong>\u201ccapas de historia\u201d<\/strong>, as\u00ed las llama, de Las Palmas de Gran Canaria.&nbsp;<\/p>\n\n\n\n<h3 class=\"wp-block-heading\"><strong>M\u00e1s all\u00e1 de la belleza evidente<\/strong><\/h3>\n\n\n\n<p>Cuando le plante\u00e9 a <strong>Noe Tejera,<\/strong> arquitecta, artista y amiga, una ruta mirando hacia los edificios de la ciudad, en mi cabeza aparecieron los m\u00e1s bellos que conoc\u00eda: el <strong>Gabinete Literario<\/strong>, la fachada de la <strong>Casa de Col\u00f3n<\/strong> (cuya historia me sorprendi\u00f3 y les contar\u00e9 m\u00e1s adelante), el <strong>Palacete Rodr\u00edguez Quegles<\/strong>, la <strong>Catedral<\/strong>, el <strong>Auditorio<\/strong>, infinidad de viviendas de la <strong>calle Triana <\/strong>y sus aleda\u00f1as, de la <strong>calle Perojo<\/strong> o de <strong>Vegueta<\/strong>. <\/p>\n\n\n\n<figure class=\"wp-block-image size-large\"><img loading=\"lazy\" decoding=\"async\" width=\"2000\" height=\"1333\" src=\"http:\/\/www.canariasviaja.com\/viajaresvivir\/wp-content\/uploads\/2020\/11\/Plaza-Gabinete-Literario.jpg\" alt=\"PLaza Cairasco Gabinete Literario\" class=\"wp-image-5543\" srcset=\"https:\/\/www.canariasviaja.com\/viajaresvivir\/wp-content\/uploads\/2020\/11\/Plaza-Gabinete-Literario.jpg 2000w, https:\/\/www.canariasviaja.com\/viajaresvivir\/wp-content\/uploads\/2020\/11\/Plaza-Gabinete-Literario-300x200.jpg 300w, https:\/\/www.canariasviaja.com\/viajaresvivir\/wp-content\/uploads\/2020\/11\/Plaza-Gabinete-Literario-768x512.jpg 768w, https:\/\/www.canariasviaja.com\/viajaresvivir\/wp-content\/uploads\/2020\/11\/Plaza-Gabinete-Literario-1536x1024.jpg 1536w, https:\/\/www.canariasviaja.com\/viajaresvivir\/wp-content\/uploads\/2020\/11\/Plaza-Gabinete-Literario-1200x800.jpg 1200w, https:\/\/www.canariasviaja.com\/viajaresvivir\/wp-content\/uploads\/2020\/11\/Plaza-Gabinete-Literario-1620x1080.jpg 1620w\" sizes=\"(max-width: 2000px) 100vw, 2000px\" \/><figcaption>Plaza Cairasco y Gabinete Literario<\/figcaption><\/figure>\n\n\n\n<figure class=\"wp-block-gallery has-nested-images columns-default is-cropped wp-block-gallery-3 is-layout-flex wp-block-gallery-is-layout-flex\">\n<figure class=\"wp-block-image size-large\"><img loading=\"lazy\" decoding=\"async\" width=\"683\" height=\"1024\" data-id=\"5565\" src=\"http:\/\/www.canariasviaja.com\/viajaresvivir\/wp-content\/uploads\/2020\/11\/Edificio-Queglez.jpg\" alt=\"Queglez Las Palmas de Gran Canaria\" class=\"wp-image-5565\" srcset=\"https:\/\/www.canariasviaja.com\/viajaresvivir\/wp-content\/uploads\/2020\/11\/Edificio-Queglez.jpg 683w, https:\/\/www.canariasviaja.com\/viajaresvivir\/wp-content\/uploads\/2020\/11\/Edificio-Queglez-200x300.jpg 200w\" sizes=\"(max-width: 683px) 100vw, 683px\" \/><figcaption>Palacete Rodr\u00edguez Quegles<\/figcaption><\/figure>\n\n\n\n<figure class=\"wp-block-image size-large\"><img loading=\"lazy\" decoding=\"async\" width=\"1024\" height=\"682\" data-id=\"5538\" src=\"http:\/\/www.canariasviaja.com\/viajaresvivir\/wp-content\/uploads\/2020\/11\/Casa-amarilla.jpg\" alt=\"Calle Perojo\" class=\"wp-image-5538\" srcset=\"https:\/\/www.canariasviaja.com\/viajaresvivir\/wp-content\/uploads\/2020\/11\/Casa-amarilla.jpg 1024w, https:\/\/www.canariasviaja.com\/viajaresvivir\/wp-content\/uploads\/2020\/11\/Casa-amarilla-300x200.jpg 300w, https:\/\/www.canariasviaja.com\/viajaresvivir\/wp-content\/uploads\/2020\/11\/Casa-amarilla-768x512.jpg 768w\" sizes=\"(max-width: 1024px) 100vw, 1024px\" \/><figcaption>Calle Perojo<\/figcaption><\/figure>\n<\/figure>\n\n\n\n<figure class=\"wp-block-image size-large\"><img loading=\"lazy\" decoding=\"async\" width=\"2000\" height=\"1125\" src=\"http:\/\/www.canariasviaja.com\/viajaresvivir\/wp-content\/uploads\/2020\/11\/Catedral.jpg\" alt=\"Catedral\" class=\"wp-image-5549\" srcset=\"https:\/\/www.canariasviaja.com\/viajaresvivir\/wp-content\/uploads\/2020\/11\/Catedral.jpg 2000w, https:\/\/www.canariasviaja.com\/viajaresvivir\/wp-content\/uploads\/2020\/11\/Catedral-300x169.jpg 300w, https:\/\/www.canariasviaja.com\/viajaresvivir\/wp-content\/uploads\/2020\/11\/Catedral-768x432.jpg 768w, https:\/\/www.canariasviaja.com\/viajaresvivir\/wp-content\/uploads\/2020\/11\/Catedral-1536x864.jpg 1536w, https:\/\/www.canariasviaja.com\/viajaresvivir\/wp-content\/uploads\/2020\/11\/Catedral-1200x675.jpg 1200w, https:\/\/www.canariasviaja.com\/viajaresvivir\/wp-content\/uploads\/2020\/11\/Catedral-1920x1080.jpg 1920w, https:\/\/www.canariasviaja.com\/viajaresvivir\/wp-content\/uploads\/2020\/11\/Catedral-960x540.jpg 960w\" sizes=\"(max-width: 2000px) 100vw, 2000px\" \/><figcaption>Catedral de Santa Ana<\/figcaption><\/figure>\n\n\n\n<p>Pero ella no es tan evidente. Siempre he pensando de Noe, que adem\u00e1s de conquistarte con sus palabras y su modo tan humano de conectar la arquitectura y el urbanismo con las personas; adem\u00e1s de su capacidad para escuchar, estaba tambi\u00e9n su propio ritmo, su propia cadencia. No la imagino con prisas, aunque las tenga, como todos. Eso posiblemente le permite ver lo que otros no vemos. <\/p>\n\n\n\n<figure class=\"wp-block-gallery has-nested-images columns-default is-cropped wp-block-gallery-4 is-layout-flex wp-block-gallery-is-layout-flex\">\n<figure class=\"wp-block-image size-large\"><img loading=\"lazy\" decoding=\"async\" width=\"683\" height=\"1024\" data-id=\"5573\" src=\"https:\/\/www.canariasviaja.com\/viajaresvivir\/wp-content\/uploads\/2020\/11\/Casa-racionalista-GC.jpg\" alt=\"\" class=\"wp-image-5573\" srcset=\"https:\/\/www.canariasviaja.com\/viajaresvivir\/wp-content\/uploads\/2020\/11\/Casa-racionalista-GC.jpg 683w, https:\/\/www.canariasviaja.com\/viajaresvivir\/wp-content\/uploads\/2020\/11\/Casa-racionalista-GC-200x300.jpg 200w\" sizes=\"(max-width: 683px) 100vw, 683px\" \/><\/figure>\n\n\n\n<figure class=\"wp-block-image size-large\"><img loading=\"lazy\" decoding=\"async\" width=\"683\" height=\"1024\" data-id=\"5574\" src=\"https:\/\/www.canariasviaja.com\/viajaresvivir\/wp-content\/uploads\/2020\/11\/Racionalismo-en-Las-Palmas-de-GC.jpg\" alt=\"\" class=\"wp-image-5574\" srcset=\"https:\/\/www.canariasviaja.com\/viajaresvivir\/wp-content\/uploads\/2020\/11\/Racionalismo-en-Las-Palmas-de-GC.jpg 683w, https:\/\/www.canariasviaja.com\/viajaresvivir\/wp-content\/uploads\/2020\/11\/Racionalismo-en-Las-Palmas-de-GC-200x300.jpg 200w\" sizes=\"(max-width: 683px) 100vw, 683px\" \/><\/figure>\n<figcaption class=\"blocks-gallery-caption\">Casas racionalistas de Miguel Mart\u00edn Fern\u00e1ndez de la Torre <\/figcaption><\/figure>\n\n\n\n<div style=\"height:100px\" aria-hidden=\"true\" class=\"wp-block-spacer\"><\/div>\n\n\n\n<h3 class=\"wp-block-heading\"><strong>Siguiendo el rastro de Miguel Mart\u00edn- Fern\u00e1ndez de La Torre&nbsp;<\/strong><\/h3>\n\n\n\n<p>Con esta ruta Noe me ense\u00f1\u00f3 que <strong>la mirada se puede entrenar<\/strong> para muchas cosas, tambi\u00e9n para los espacios y las ciudades. Me ense\u00f1\u00f3, posiblemente sin querer, a reconocer a <strong>Miguel Mart\u00edn- Fern\u00e1ndez de la Torre <\/strong>por toda la ciudad. Pas\u00e9 infinitas veces, antes de ese s\u00e1bado de ruta, por sus edificios sin percatarme de que eran suyos, posiblemente sin pregunt\u00e1rmelo. <\/p>\n\n\n\n<figure class=\"wp-block-image size-large\"><img loading=\"lazy\" decoding=\"async\" width=\"1024\" height=\"683\" src=\"https:\/\/www.canariasviaja.com\/viajaresvivir\/wp-content\/uploads\/2020\/11\/Casa-racionalista-1-1.jpg\" alt=\"\" class=\"wp-image-5550\" srcset=\"https:\/\/www.canariasviaja.com\/viajaresvivir\/wp-content\/uploads\/2020\/11\/Casa-racionalista-1-1.jpg 1024w, https:\/\/www.canariasviaja.com\/viajaresvivir\/wp-content\/uploads\/2020\/11\/Casa-racionalista-1-1-300x200.jpg 300w, https:\/\/www.canariasviaja.com\/viajaresvivir\/wp-content\/uploads\/2020\/11\/Casa-racionalista-1-1-768x512.jpg 768w\" sizes=\"(max-width: 1024px) 100vw, 1024px\" \/><figcaption>Casa del arquitecto Miguel Mart\u00edn- Fern\u00e1ndez de la Torre<\/figcaption><\/figure>\n\n\n\n<p>Siempre le asoci\u00e9 a <strong>Ciudad Jard\u00edn<\/strong> pero \u00e9l est\u00e1 ah\u00ed, m\u00e1s o menos reconocible seg\u00fan la mirada, por toda la ciudad. Hicimos una primera parada en uno de los edificios de Miguel Mart\u00edn- Fern\u00e1ndez de la Torre tristemente bastante abandonado, en la <strong>calle Juan de Quesada.<\/strong> Pero a\u00fan en su estado, algo en ruinas, se apreciaban perfectamente esos elementos caracter\u00edsticos del estilo racionalista de muchos de sus edificios. <\/p>\n\n\n\n<div class=\"wp-block-image\"><figure class=\"aligncenter size-large is-resized\"><img decoding=\"async\" src=\"http:\/\/www.canariasviaja.com\/viajaresvivir\/wp-content\/uploads\/2020\/11\/Casa-racionalista.jpg\" alt=\"Casa racionalista Juan de Quesada\" class=\"wp-image-5567\" width=\"400\" srcset=\"https:\/\/www.canariasviaja.com\/viajaresvivir\/wp-content\/uploads\/2020\/11\/Casa-racionalista.jpg 682w, https:\/\/www.canariasviaja.com\/viajaresvivir\/wp-content\/uploads\/2020\/11\/Casa-racionalista-200x300.jpg 200w\" sizes=\"(max-width: 682px) 100vw, 682px\" \/><figcaption>Casa racionalista en calle Juan de Quesada<\/figcaption><\/figure><\/div>\n\n\n\n<p>Nos los explic\u00f3 en ese primer ejemplo y luego, casi se convirti\u00f3 en un juego irlos encontrando en el resto del recorrido. Nos indicaba la calle que ser\u00eda la siguiente parada y desde que lleg\u00e1bamos nuestros ojos iban buscando sus referencias y las encontr\u00e1bamos. Creo que ahora tengo un radar capaz de encontrar y reconocer la obra de ese magn\u00edfico arquitecto y se lo debo a Noe. Otro regalazo.&nbsp;<\/p>\n\n\n\n<div class=\"wp-block-image\"><figure class=\"aligncenter size-large is-resized\"><img decoding=\"async\" src=\"http:\/\/www.canariasviaja.com\/viajaresvivir\/wp-content\/uploads\/2020\/11\/Casa-racionalista-Miguel.jpg\" alt=\"Casa racionalista\" class=\"wp-image-5554\" width=\"400\" srcset=\"https:\/\/www.canariasviaja.com\/viajaresvivir\/wp-content\/uploads\/2020\/11\/Casa-racionalista-Miguel.jpg 683w, https:\/\/www.canariasviaja.com\/viajaresvivir\/wp-content\/uploads\/2020\/11\/Casa-racionalista-Miguel-200x300.jpg 200w\" sizes=\"(max-width: 683px) 100vw, 683px\" \/><figcaption>Casa de Miguel Mart\u00edn Fern\u00e1ndez de la Torre<\/figcaption><\/figure><\/div>\n\n\n\n<p>Seg\u00fan Noe yo soy academicista, rom\u00e1ntica y ecl\u00e9ctica en base a mis edificios preferidos, pero sobre todo rom\u00e1ntica y sobre todo muy <strong>Rafael Masanet i Faus<\/strong>. Y yo sin saberlo todos estos a\u00f1os. <\/p>\n\n\n\n<figure class=\"wp-block-image size-large\"><img loading=\"lazy\" decoding=\"async\" width=\"1024\" height=\"683\" src=\"http:\/\/www.canariasviaja.com\/viajaresvivir\/wp-content\/uploads\/2020\/11\/Casa-Rafael-1.jpg\" alt=\"\" class=\"wp-image-5555\" srcset=\"https:\/\/www.canariasviaja.com\/viajaresvivir\/wp-content\/uploads\/2020\/11\/Casa-Rafael-1.jpg 1024w, https:\/\/www.canariasviaja.com\/viajaresvivir\/wp-content\/uploads\/2020\/11\/Casa-Rafael-1-300x200.jpg 300w, https:\/\/www.canariasviaja.com\/viajaresvivir\/wp-content\/uploads\/2020\/11\/Casa-Rafael-1-768x512.jpg 768w\" sizes=\"(max-width: 1024px) 100vw, 1024px\" \/><figcaption>Casa del arquitecto Rafael Massanet i Faus.<br><\/figcaption><\/figure>\n\n\n\n<p>En base a mi mirada actual, ella dir\u00eda que mis arquitectos preferidos de la ciudad son <strong>Fernando Navarro y Navarro<\/strong> y, como les dec\u00eda, sobre todo de <strong>Rafael Masanet i Faus<\/strong>. Esa es mi mirada actual, quiz\u00e1s cambie alg\u00fan d\u00eda, pero lo que me llevo conmigo es que ahora s\u00e9 apreciar otros estilos aunque mis ojos no se clavaran en ellos a primera vista. <\/p>\n\n\n\n<p>Algunos edificios enamoran a primera mirada y otros necesitan que alguien como Noe te muestre su belleza. Ahora siempre te imaginar\u00e9 caminando sobre pavimento tradicional empedrado, mirando pedacitos de muro y dinteles de madera, apreciando el valor de una esquina en arquitectura, y adentr\u00e1ndote en peque\u00f1as callejuelas antiguas y rincones escondidos.&nbsp;<\/p>\n\n\n\n<div class=\"wp-block-image\"><figure class=\"aligncenter size-large is-resized\"><img decoding=\"async\" src=\"http:\/\/www.canariasviaja.com\/viajaresvivir\/wp-content\/uploads\/2020\/11\/Calle-Verdi-Las-Palmas-de-Gran-Canaria.jpg\" alt=\"Calle vegueta\" class=\"wp-image-5537\" width=\"400\" srcset=\"https:\/\/www.canariasviaja.com\/viajaresvivir\/wp-content\/uploads\/2020\/11\/Calle-Verdi-Las-Palmas-de-Gran-Canaria.jpg 683w, https:\/\/www.canariasviaja.com\/viajaresvivir\/wp-content\/uploads\/2020\/11\/Calle-Verdi-Las-Palmas-de-Gran-Canaria-200x300.jpg 200w\" sizes=\"(max-width: 683px) 100vw, 683px\" \/><\/figure><\/div>\n\n\n\n<div style=\"height:100px\" aria-hidden=\"true\" class=\"wp-block-spacer\"><\/div>\n\n\n\n<h3 class=\"wp-block-heading\"><strong>Sorpresas y tesoros escondidos por la ciudad<\/strong><\/h3>\n\n\n\n<p>Me sorprendi\u00f3 comprobar c\u00f3mo a veces pasas por lugares sin hacer preguntas. He recorrido infinidad de veces el camino que va desde el puente hasta la<strong> Catedral.<\/strong> De hecho, he fotografiado m\u00e1s de una vez la fachada medianera que est\u00e1 antes de llegar la catedral por la acera de enfrente. Pues resulta que ese no fue su destino original. Naci\u00f3 y estuvo en el interior de la catedral para albergar el coro. \u00bfPor qu\u00e9 lo arrancar\u00edan del templo para trasladarlo fuera de \u00e9l?&nbsp;<\/p>\n\n\n\n<p>Ah, que casi se me olvida. Les ten\u00eda que contar la historia de la fachada de la <strong>Casa de Col\u00f3n<\/strong>, una de las m\u00e1s fotog\u00e9nicas de la ciudad, en el casco antiguo. La he fotografiado decenas de veces pensando que siempre fue as\u00ed, tal cual la ve\u00eda. Pues ayer descubr\u00ed que no, que est\u00e1 hecha de pedacitos de tres siglos diferentes. Algunos de sus elementos estaban incluso en otros edificios y se fueron colocando ah\u00ed, como conformando un collage que aunque no sea tan original como imaginaba, todo sea dicho, les qued\u00f3 bonito. Puede que t\u00fa ya lo supieras, pero por si acaso ten\u00eda que contarlo. <\/p>\n\n\n\n<figure class=\"wp-block-image size-large\"><img loading=\"lazy\" decoding=\"async\" width=\"1280\" height=\"867\" src=\"https:\/\/www.canariasviaja.com\/viajaresvivir\/wp-content\/uploads\/2020\/11\/Portada-Casa-de-Coloi\u0300n.jpeg\" alt=\"\" class=\"wp-image-5559\" srcset=\"https:\/\/www.canariasviaja.com\/viajaresvivir\/wp-content\/uploads\/2020\/11\/Portada-Casa-de-Coloi\u0300n.jpeg 1280w, https:\/\/www.canariasviaja.com\/viajaresvivir\/wp-content\/uploads\/2020\/11\/Portada-Casa-de-Coloi\u0300n-300x203.jpeg 300w, https:\/\/www.canariasviaja.com\/viajaresvivir\/wp-content\/uploads\/2020\/11\/Portada-Casa-de-Coloi\u0300n-768x520.jpeg 768w, https:\/\/www.canariasviaja.com\/viajaresvivir\/wp-content\/uploads\/2020\/11\/Portada-Casa-de-Coloi\u0300n-1200x813.jpeg 1200w\" sizes=\"(max-width: 1280px) 100vw, 1280px\" \/><figcaption>Casa de Col\u00f3n durante su reforma (Fedac)<\/figcaption><\/figure>\n\n\n\n<div class=\"wp-block-image\"><figure class=\"aligncenter size-large is-resized\"><img decoding=\"async\" src=\"http:\/\/www.canariasviaja.com\/viajaresvivir\/wp-content\/uploads\/2020\/11\/Casa-Colon.jpg\" alt=\"\" class=\"wp-image-5539\" width=\"400\" srcset=\"https:\/\/www.canariasviaja.com\/viajaresvivir\/wp-content\/uploads\/2020\/11\/Casa-Colon.jpg 683w, https:\/\/www.canariasviaja.com\/viajaresvivir\/wp-content\/uploads\/2020\/11\/Casa-Colon-200x300.jpg 200w\" sizes=\"(max-width: 683px) 100vw, 683px\" \/><figcaption>Casa de Col\u00f3n<\/figcaption><\/figure><\/div>\n\n\n\n<p>Otra cosa que aprend\u00ed de Miguel Mart\u00edn Fern\u00e1ndez de la Torre es que parte de la ciudad que es hoy Las Palmas de Gran Canaria se debe a \u00e9l. Antes hab\u00eda casas en <strong>Vegueta y en el Puerto<\/strong>, y entre ambos puntos una carretera. \u00c9l ide\u00f3 y construy\u00f3 varias de las viviendas que los unen, creando <strong>una ciudad cont\u00ednua.<\/strong> Una visi\u00f3n m\u00e1s all\u00e1 de la arquitectura de cada edificio, <strong>una visi\u00f3n como urbanista<\/strong>, con Las Palmas de Gran Canaria como un conjunto, un todo en su mente.&nbsp;<\/p>\n\n\n\n<figure class=\"wp-block-image size-large\"><img loading=\"lazy\" decoding=\"async\" width=\"1024\" height=\"683\" src=\"https:\/\/www.canariasviaja.com\/viajaresvivir\/wp-content\/uploads\/2020\/11\/Estadio-insular.jpg\" alt=\"\" class=\"wp-image-5557\" srcset=\"https:\/\/www.canariasviaja.com\/viajaresvivir\/wp-content\/uploads\/2020\/11\/Estadio-insular.jpg 1024w, https:\/\/www.canariasviaja.com\/viajaresvivir\/wp-content\/uploads\/2020\/11\/Estadio-insular-300x200.jpg 300w, https:\/\/www.canariasviaja.com\/viajaresvivir\/wp-content\/uploads\/2020\/11\/Estadio-insular-768x512.jpg 768w\" sizes=\"(max-width: 1024px) 100vw, 1024px\" \/><figcaption>Noe paseando por el antiguo Estadio Insular<\/figcaption><\/figure>\n\n\n\n<div style=\"height:100px\" aria-hidden=\"true\" class=\"wp-block-spacer\"><\/div>\n\n\n\n<h3 class=\"wp-block-heading\"><strong>El futuro urban\u00edstico pasa por una arquitectura pensada para las personas<\/strong><\/h3>\n\n\n\n<p>Ella me descubri\u00f3 otra manera de mirar a Miguel Mart\u00edn Fern\u00e1ndez de la Torre y yo les voy a descubrir, si no lo conocen ya, uno de los proyectos de Noe y de Elsa Guerra, del <strong><a href=\"https:\/\/arquitectura-anca.com\/\" target=\"_blank\" rel=\"noreferrer noopener\">estudio Arquitectura Anca<\/a><\/strong>. Se trata del proyecto de reforma de la grada de tribuna del <strong>antiguo Estadio Insular.<\/strong> <\/p>\n\n\n\n<figure class=\"wp-block-image size-large\"><img loading=\"lazy\" decoding=\"async\" width=\"1024\" height=\"683\" src=\"https:\/\/www.canariasviaja.com\/viajaresvivir\/wp-content\/uploads\/2020\/11\/Estadio-Insular-hamaca.jpg\" alt=\"\" class=\"wp-image-5563\" srcset=\"https:\/\/www.canariasviaja.com\/viajaresvivir\/wp-content\/uploads\/2020\/11\/Estadio-Insular-hamaca.jpg 1024w, https:\/\/www.canariasviaja.com\/viajaresvivir\/wp-content\/uploads\/2020\/11\/Estadio-Insular-hamaca-300x200.jpg 300w, https:\/\/www.canariasviaja.com\/viajaresvivir\/wp-content\/uploads\/2020\/11\/Estadio-Insular-hamaca-768x512.jpg 768w\" sizes=\"(max-width: 1024px) 100vw, 1024px\" \/><\/figure>\n\n\n\n<p>Una intervenci\u00f3n con respeto al pasado, con mimo en cada detalle y pensando en quienes la van a disfrutar. Pensando no en aislar, sino en unir; no en tapar, sino en dejar ver, no en apartar, sino en conectar el espacio con la calle. <\/p>\n\n\n\n<figure class=\"wp-block-image size-large\"><img loading=\"lazy\" decoding=\"async\" width=\"1024\" height=\"683\" src=\"https:\/\/www.canariasviaja.com\/viajaresvivir\/wp-content\/uploads\/2020\/11\/noe.jpg\" alt=\"\" class=\"wp-image-5553\" srcset=\"https:\/\/www.canariasviaja.com\/viajaresvivir\/wp-content\/uploads\/2020\/11\/noe.jpg 1024w, https:\/\/www.canariasviaja.com\/viajaresvivir\/wp-content\/uploads\/2020\/11\/noe-300x200.jpg 300w, https:\/\/www.canariasviaja.com\/viajaresvivir\/wp-content\/uploads\/2020\/11\/noe-768x512.jpg 768w\" sizes=\"(max-width: 1024px) 100vw, 1024px\" \/><\/figure>\n\n\n\n<p>No s\u00e9 si fue intencionado, pero el espacio est\u00e1 lleno de rincones fotografiables. El corredor te permite juguetear con las l\u00edneas; el deploy\u00e9, con los desenfoques, los lucernarios, con los juegos de luces y sombras. Un lugar para flirtear con los vol\u00famenes, los colores o los elementos, como las tumbonas\u2026, un lugar donde huele a la lavanda y otras flores que nacen de jardines sobre semicubiertas, un espacio que me remonta de alguna forma a la infancia. Ella va por la ciudad admirando la huella de la historia, y con espacios como este, <strong>Noem\u00ed Tejera<\/strong> ya forma tambi\u00e9n parte de ella.&nbsp;<\/p>\n\n\n\n<hr class=\"wp-block-separator\"\/>\n\n\n\n<p>Luc\u00eda Mart\u00ednez, periodista, fot\u00f3grafa y editora del blog <a rel=\"noreferrer noopener\" href=\"https:\/\/deandarporcasas.blogspot.com\/\" target=\"_blank\"><strong>De andar por casas<\/strong><\/a>. El blog naci\u00f3 hace a\u00f1os, en un principio sobre decoraci\u00f3n, y hoy en d\u00eda est\u00e1 dedicado esencialmente a potenciar los negocios locales de Las Palmas de Gran Canaria.<\/p>\n\n\n\n<hr class=\"wp-block-separator\"\/>\n\n\n\n<p>\u00bfTe gustar\u00eda disfrutar de <strong>Las Palmas de Gran Canaria <\/strong>a trav\u00e9s de sus edificios? Te hemos preparado una <a href=\"https:\/\/bit.ly\/2UvUMPk\" target=\"_blank\" rel=\"noreferrer noopener\"><strong>oferta irresistible<\/strong><\/a> para que vivas esta experiencia.<\/p>\n","protected":false},"excerpt":{"rendered":"<p>La peridista Luc\u00eda Mart\u00ednez pasea por  Las Palmas de Gran Canaria con la arquitecta Tejera, redescubriendo la ciudad a trav\u00e9s de su arquitectura.<\/p>\n","protected":false},"author":42,"featured_media":5543,"comment_status":"open","ping_status":"open","sticky":false,"template":"","format":"standard","meta":{"_acf_changed":false,"sfsi_plus_gutenberg_text_before_share":"","sfsi_plus_gutenberg_show_text_before_share":"","sfsi_plus_gutenberg_icon_type":"","sfsi_plus_gutenberg_icon_alignemt":"","sfsi_plus_gutenburg_max_per_row":"","footnotes":""},"categories":[9,124,123,10,197],"tags":[648,263,325,604],"class_list":["post-5534","post","type-post","status-publish","format-standard","has-post-thumbnail","hentry","category-canarias","category-descubre","category-explora","category-historias-viajeras","category-rincones-por-descubrir","tag-arquitectura","tag-escapada-urbana","tag-gran-canaria","tag-las-palmas-de-gran-canaria"],"acf":[],"yoast_head":"<!-- This site is optimized with the Yoast SEO plugin v24.1 - https:\/\/yoast.com\/wordpress\/plugins\/seo\/ -->\n<title>Una ciudad, diversas miradas - Viajar es vivir<\/title>\n<meta name=\"robots\" content=\"index, follow, max-snippet:-1, max-image-preview:large, max-video-preview:-1\" \/>\n<link rel=\"canonical\" href=\"https:\/\/www.canariasviaja.com\/viajaresvivir\/una-ciudad-diversas-miradas\/\" \/>\n<meta property=\"og:locale\" content=\"es_ES\" \/>\n<meta property=\"og:type\" content=\"article\" \/>\n<meta property=\"og:title\" content=\"Una ciudad, diversas miradas - Viajar es vivir\" \/>\n<meta property=\"og:description\" content=\"La peridista Luc\u00eda Mart\u00ednez pasea por Las Palmas de Gran Canaria con la arquitecta Tejera, redescubriendo la ciudad a trav\u00e9s de su arquitectura.\" \/>\n<meta property=\"og:url\" content=\"https:\/\/www.canariasviaja.com\/viajaresvivir\/una-ciudad-diversas-miradas\/\" \/>\n<meta property=\"og:site_name\" content=\"Viajar es vivir\" \/>\n<meta property=\"article:published_time\" content=\"2020-11-15T19:50:45+00:00\" \/>\n<meta property=\"article:modified_time\" content=\"2022-04-21T11:12:39+00:00\" \/>\n<meta property=\"og:image\" content=\"http:\/\/www.canariasviaja.com\/viajaresvivir\/wp-content\/uploads\/2020\/11\/Plaza-Gabinete-Literario.jpg\" \/>\n\t<meta property=\"og:image:width\" content=\"2000\" \/>\n\t<meta property=\"og:image:height\" content=\"1333\" \/>\n\t<meta property=\"og:image:type\" content=\"image\/jpeg\" \/>\n<meta name=\"author\" content=\"Luc\u00eda Mart\u00ednez\" \/>\n<meta name=\"twitter:card\" content=\"summary_large_image\" \/>\n<meta name=\"twitter:label1\" content=\"Escrito por\" \/>\n\t<meta name=\"twitter:data1\" content=\"Luc\u00eda Mart\u00ednez\" \/>\n\t<meta name=\"twitter:label2\" content=\"Tiempo de lectura\" \/>\n\t<meta name=\"twitter:data2\" content=\"12 minutos\" \/>\n<script type=\"application\/ld+json\" class=\"yoast-schema-graph\">{\"@context\":\"https:\/\/schema.org\",\"@graph\":[{\"@type\":\"WebPage\",\"@id\":\"https:\/\/www.canariasviaja.com\/viajaresvivir\/una-ciudad-diversas-miradas\/\",\"url\":\"https:\/\/www.canariasviaja.com\/viajaresvivir\/una-ciudad-diversas-miradas\/\",\"name\":\"Una ciudad, diversas miradas - Viajar es vivir\",\"isPartOf\":{\"@id\":\"https:\/\/www.canariasviaja.com\/viajaresvivir\/#website\"},\"primaryImageOfPage\":{\"@id\":\"https:\/\/www.canariasviaja.com\/viajaresvivir\/una-ciudad-diversas-miradas\/#primaryimage\"},\"image\":{\"@id\":\"https:\/\/www.canariasviaja.com\/viajaresvivir\/una-ciudad-diversas-miradas\/#primaryimage\"},\"thumbnailUrl\":\"https:\/\/www.canariasviaja.com\/viajaresvivir\/wp-content\/uploads\/2020\/11\/Plaza-Gabinete-Literario.jpg\",\"datePublished\":\"2020-11-15T19:50:45+00:00\",\"dateModified\":\"2022-04-21T11:12:39+00:00\",\"author\":{\"@id\":\"https:\/\/www.canariasviaja.com\/viajaresvivir\/#\/schema\/person\/74a8e10e4163e2074d0e1c91e466e629\"},\"breadcrumb\":{\"@id\":\"https:\/\/www.canariasviaja.com\/viajaresvivir\/una-ciudad-diversas-miradas\/#breadcrumb\"},\"inLanguage\":\"es\",\"potentialAction\":[{\"@type\":\"ReadAction\",\"target\":[\"https:\/\/www.canariasviaja.com\/viajaresvivir\/una-ciudad-diversas-miradas\/\"]}]},{\"@type\":\"ImageObject\",\"inLanguage\":\"es\",\"@id\":\"https:\/\/www.canariasviaja.com\/viajaresvivir\/una-ciudad-diversas-miradas\/#primaryimage\",\"url\":\"https:\/\/www.canariasviaja.com\/viajaresvivir\/wp-content\/uploads\/2020\/11\/Plaza-Gabinete-Literario.jpg\",\"contentUrl\":\"https:\/\/www.canariasviaja.com\/viajaresvivir\/wp-content\/uploads\/2020\/11\/Plaza-Gabinete-Literario.jpg\",\"width\":2000,\"height\":1333,\"caption\":\"PLaza Cairasco Gabinete Literario\"},{\"@type\":\"BreadcrumbList\",\"@id\":\"https:\/\/www.canariasviaja.com\/viajaresvivir\/una-ciudad-diversas-miradas\/#breadcrumb\",\"itemListElement\":[{\"@type\":\"ListItem\",\"position\":1,\"name\":\"Portada\",\"item\":\"https:\/\/www.canariasviaja.com\/viajaresvivir\/\"},{\"@type\":\"ListItem\",\"position\":2,\"name\":\"Una ciudad, diversas miradas\"}]},{\"@type\":\"WebSite\",\"@id\":\"https:\/\/www.canariasviaja.com\/viajaresvivir\/#website\",\"url\":\"https:\/\/www.canariasviaja.com\/viajaresvivir\/\",\"name\":\"Viajar es vivir\",\"description\":\"El blog de viajes y estilo de vida de CanariasViaja\",\"potentialAction\":[{\"@type\":\"SearchAction\",\"target\":{\"@type\":\"EntryPoint\",\"urlTemplate\":\"https:\/\/www.canariasviaja.com\/viajaresvivir\/?s={search_term_string}\"},\"query-input\":{\"@type\":\"PropertyValueSpecification\",\"valueRequired\":true,\"valueName\":\"search_term_string\"}}],\"inLanguage\":\"es\"},{\"@type\":\"Person\",\"@id\":\"https:\/\/www.canariasviaja.com\/viajaresvivir\/#\/schema\/person\/74a8e10e4163e2074d0e1c91e466e629\",\"name\":\"Luc\u00eda Mart\u00ednez\",\"image\":{\"@type\":\"ImageObject\",\"inLanguage\":\"es\",\"@id\":\"https:\/\/www.canariasviaja.com\/viajaresvivir\/#\/schema\/person\/image\/\",\"url\":\"https:\/\/secure.gravatar.com\/avatar\/2ec0c3a795c0b670d1e639e386a30d33?s=96&d=mm&r=g\",\"contentUrl\":\"https:\/\/secure.gravatar.com\/avatar\/2ec0c3a795c0b670d1e639e386a30d33?s=96&d=mm&r=g\",\"caption\":\"Luc\u00eda Mart\u00ednez\"},\"url\":\"https:\/\/www.canariasviaja.com\/viajaresvivir\/author\/lucia-martinez\/\"}]}<\/script>\n<!-- \/ Yoast SEO plugin. -->","yoast_head_json":{"title":"Una ciudad, diversas miradas - Viajar es vivir","robots":{"index":"index","follow":"follow","max-snippet":"max-snippet:-1","max-image-preview":"max-image-preview:large","max-video-preview":"max-video-preview:-1"},"canonical":"https:\/\/www.canariasviaja.com\/viajaresvivir\/una-ciudad-diversas-miradas\/","og_locale":"es_ES","og_type":"article","og_title":"Una ciudad, diversas miradas - Viajar es vivir","og_description":"La peridista Luc\u00eda Mart\u00ednez pasea por Las Palmas de Gran Canaria con la arquitecta Tejera, redescubriendo la ciudad a trav\u00e9s de su arquitectura.","og_url":"https:\/\/www.canariasviaja.com\/viajaresvivir\/una-ciudad-diversas-miradas\/","og_site_name":"Viajar es vivir","article_published_time":"2020-11-15T19:50:45+00:00","article_modified_time":"2022-04-21T11:12:39+00:00","og_image":[{"width":2000,"height":1333,"url":"http:\/\/www.canariasviaja.com\/viajaresvivir\/wp-content\/uploads\/2020\/11\/Plaza-Gabinete-Literario.jpg","type":"image\/jpeg"}],"author":"Luc\u00eda Mart\u00ednez","twitter_card":"summary_large_image","twitter_misc":{"Escrito por":"Luc\u00eda Mart\u00ednez","Tiempo de lectura":"12 minutos"},"schema":{"@context":"https:\/\/schema.org","@graph":[{"@type":"WebPage","@id":"https:\/\/www.canariasviaja.com\/viajaresvivir\/una-ciudad-diversas-miradas\/","url":"https:\/\/www.canariasviaja.com\/viajaresvivir\/una-ciudad-diversas-miradas\/","name":"Una ciudad, diversas miradas - Viajar es vivir","isPartOf":{"@id":"https:\/\/www.canariasviaja.com\/viajaresvivir\/#website"},"primaryImageOfPage":{"@id":"https:\/\/www.canariasviaja.com\/viajaresvivir\/una-ciudad-diversas-miradas\/#primaryimage"},"image":{"@id":"https:\/\/www.canariasviaja.com\/viajaresvivir\/una-ciudad-diversas-miradas\/#primaryimage"},"thumbnailUrl":"https:\/\/www.canariasviaja.com\/viajaresvivir\/wp-content\/uploads\/2020\/11\/Plaza-Gabinete-Literario.jpg","datePublished":"2020-11-15T19:50:45+00:00","dateModified":"2022-04-21T11:12:39+00:00","author":{"@id":"https:\/\/www.canariasviaja.com\/viajaresvivir\/#\/schema\/person\/74a8e10e4163e2074d0e1c91e466e629"},"breadcrumb":{"@id":"https:\/\/www.canariasviaja.com\/viajaresvivir\/una-ciudad-diversas-miradas\/#breadcrumb"},"inLanguage":"es","potentialAction":[{"@type":"ReadAction","target":["https:\/\/www.canariasviaja.com\/viajaresvivir\/una-ciudad-diversas-miradas\/"]}]},{"@type":"ImageObject","inLanguage":"es","@id":"https:\/\/www.canariasviaja.com\/viajaresvivir\/una-ciudad-diversas-miradas\/#primaryimage","url":"https:\/\/www.canariasviaja.com\/viajaresvivir\/wp-content\/uploads\/2020\/11\/Plaza-Gabinete-Literario.jpg","contentUrl":"https:\/\/www.canariasviaja.com\/viajaresvivir\/wp-content\/uploads\/2020\/11\/Plaza-Gabinete-Literario.jpg","width":2000,"height":1333,"caption":"PLaza Cairasco Gabinete Literario"},{"@type":"BreadcrumbList","@id":"https:\/\/www.canariasviaja.com\/viajaresvivir\/una-ciudad-diversas-miradas\/#breadcrumb","itemListElement":[{"@type":"ListItem","position":1,"name":"Portada","item":"https:\/\/www.canariasviaja.com\/viajaresvivir\/"},{"@type":"ListItem","position":2,"name":"Una ciudad, diversas miradas"}]},{"@type":"WebSite","@id":"https:\/\/www.canariasviaja.com\/viajaresvivir\/#website","url":"https:\/\/www.canariasviaja.com\/viajaresvivir\/","name":"Viajar es vivir","description":"El blog de viajes y estilo de vida de CanariasViaja","potentialAction":[{"@type":"SearchAction","target":{"@type":"EntryPoint","urlTemplate":"https:\/\/www.canariasviaja.com\/viajaresvivir\/?s={search_term_string}"},"query-input":{"@type":"PropertyValueSpecification","valueRequired":true,"valueName":"search_term_string"}}],"inLanguage":"es"},{"@type":"Person","@id":"https:\/\/www.canariasviaja.com\/viajaresvivir\/#\/schema\/person\/74a8e10e4163e2074d0e1c91e466e629","name":"Luc\u00eda Mart\u00ednez","image":{"@type":"ImageObject","inLanguage":"es","@id":"https:\/\/www.canariasviaja.com\/viajaresvivir\/#\/schema\/person\/image\/","url":"https:\/\/secure.gravatar.com\/avatar\/2ec0c3a795c0b670d1e639e386a30d33?s=96&d=mm&r=g","contentUrl":"https:\/\/secure.gravatar.com\/avatar\/2ec0c3a795c0b670d1e639e386a30d33?s=96&d=mm&r=g","caption":"Luc\u00eda Mart\u00ednez"},"url":"https:\/\/www.canariasviaja.com\/viajaresvivir\/author\/lucia-martinez\/"}]}},"_links":{"self":[{"href":"https:\/\/www.canariasviaja.com\/viajaresvivir\/wp-json\/wp\/v2\/posts\/5534"}],"collection":[{"href":"https:\/\/www.canariasviaja.com\/viajaresvivir\/wp-json\/wp\/v2\/posts"}],"about":[{"href":"https:\/\/www.canariasviaja.com\/viajaresvivir\/wp-json\/wp\/v2\/types\/post"}],"author":[{"embeddable":true,"href":"https:\/\/www.canariasviaja.com\/viajaresvivir\/wp-json\/wp\/v2\/users\/42"}],"replies":[{"embeddable":true,"href":"https:\/\/www.canariasviaja.com\/viajaresvivir\/wp-json\/wp\/v2\/comments?post=5534"}],"version-history":[{"count":9,"href":"https:\/\/www.canariasviaja.com\/viajaresvivir\/wp-json\/wp\/v2\/posts\/5534\/revisions"}],"predecessor-version":[{"id":8599,"href":"https:\/\/www.canariasviaja.com\/viajaresvivir\/wp-json\/wp\/v2\/posts\/5534\/revisions\/8599"}],"wp:featuredmedia":[{"embeddable":true,"href":"https:\/\/www.canariasviaja.com\/viajaresvivir\/wp-json\/wp\/v2\/media\/5543"}],"wp:attachment":[{"href":"https:\/\/www.canariasviaja.com\/viajaresvivir\/wp-json\/wp\/v2\/media?parent=5534"}],"wp:term":[{"taxonomy":"category","embeddable":true,"href":"https:\/\/www.canariasviaja.com\/viajaresvivir\/wp-json\/wp\/v2\/categories?post=5534"},{"taxonomy":"post_tag","embeddable":true,"href":"https:\/\/www.canariasviaja.com\/viajaresvivir\/wp-json\/wp\/v2\/tags?post=5534"}],"curies":[{"name":"wp","href":"https:\/\/api.w.org\/{rel}","templated":true}]}}