{"id":5603,"date":"2020-11-24T10:49:41","date_gmt":"2020-11-24T10:49:41","guid":{"rendered":"http:\/\/www.canariasviaja.com\/viajaresvivir\/?p=5603"},"modified":"2023-05-09T10:59:35","modified_gmt":"2023-05-09T10:59:35","slug":"los-silos-un-pueblo-de-cuento-2","status":"publish","type":"post","link":"https:\/\/www.canariasviaja.com\/viajaresvivir\/los-silos-un-pueblo-de-cuento-2\/","title":{"rendered":"Los Silos, un pueblo de cuento"},"content":{"rendered":"\n<p>Si en las islas existe un escenario ideal para el desarrollo de un cuento o leyenda, ese lugar es <strong>Los Silos<\/strong>. Rodeado de plataneras, a los pies del majestuoso <strong>macizo de Teno <\/strong>y ba\u00f1ado por el fuerte oleaje del <strong>Atl\u00e1ntico, <\/strong>se<strong> <\/strong>encuentra esta peque\u00f1a villa agr\u00edcola desconocida para buena parte de los viajeros. Un lugar que aun conserva ese sabor que tienen los <strong>sitios aut\u00e9nticos<\/strong>, esos lugares donde se mezcla la mundana realidad con las leyendas y los cuentos de hoy y anta\u00f1o.\u00a0<\/p>\n\n\n\n<figure class=\"wp-block-image size-large\"><img loading=\"lazy\" decoding=\"async\" width=\"1024\" height=\"681\" src=\"https:\/\/www.canariasviaja.com\/viajaresvivir\/wp-content\/uploads\/2020\/11\/Plataneras-los-silos.jpg\" alt=\"\" class=\"wp-image-5641\" srcset=\"https:\/\/www.canariasviaja.com\/viajaresvivir\/wp-content\/uploads\/2020\/11\/Plataneras-los-silos.jpg 1024w, https:\/\/www.canariasviaja.com\/viajaresvivir\/wp-content\/uploads\/2020\/11\/Plataneras-los-silos-300x200.jpg 300w, https:\/\/www.canariasviaja.com\/viajaresvivir\/wp-content\/uploads\/2020\/11\/Plataneras-los-silos-768x511.jpg 768w\" sizes=\"(max-width: 1024px) 100vw, 1024px\" \/><\/figure>\n\n\n\n<div style=\"height:100px\" aria-hidden=\"true\" class=\"wp-block-spacer\"><\/div>\n\n\n\n<h2 class=\"wp-block-heading\">Los Silos, la capital del cuento<\/h2>\n\n\n\n<p>Este lugar alejado de buena parte de los circuitos del turismo convencional se ha convertido en la sede del <strong><a href=\"https:\/\/cuentoslossilos.es\/\" target=\"_blank\" rel=\"noreferrer noopener\">Festival Internacional del Cuento de Los Silos<\/a><\/strong>, un festival que transforma cada diciembre el pueblo en la capital del cuento. Don Ernesto Rodr\u00edguez Abad, director del festival, y su equipo de colaboradores llevan nada m\u00e1s y nada menos que <strong>25 a\u00f1os<\/strong> celebrando este evento \u00fanico en Canarias. Algo m\u00e1s de un millar de oradores y artistas han llegado a Los Silos desde todas partes del planeta en este cuarto de siglo. La magia que envuelve sus historias han cautivado a lugare\u00f1os y viajeros, que han so\u00f1ado con ser valientes luchadores que se enfrentan a malvados gigantes, brujas buenas que viajan sobre escobas voladoras, o caperucitas modernas que luchan por la defensa del lobo antes los feroces cazadores furtivos.<\/p>\n\n\n\n<figure class=\"wp-block-image size-large\"><img loading=\"lazy\" decoding=\"async\" width=\"2000\" height=\"1220\" src=\"http:\/\/www.canariasviaja.com\/viajaresvivir\/wp-content\/uploads\/2020\/11\/Los-silos-un-pueblo-de-cuento.jpg\" alt=\"Festival del Cuento Los Silos\" class=\"wp-image-5612\" srcset=\"https:\/\/www.canariasviaja.com\/viajaresvivir\/wp-content\/uploads\/2020\/11\/Los-silos-un-pueblo-de-cuento.jpg 2000w, https:\/\/www.canariasviaja.com\/viajaresvivir\/wp-content\/uploads\/2020\/11\/Los-silos-un-pueblo-de-cuento-300x183.jpg 300w, https:\/\/www.canariasviaja.com\/viajaresvivir\/wp-content\/uploads\/2020\/11\/Los-silos-un-pueblo-de-cuento-768x468.jpg 768w, https:\/\/www.canariasviaja.com\/viajaresvivir\/wp-content\/uploads\/2020\/11\/Los-silos-un-pueblo-de-cuento-1536x937.jpg 1536w, https:\/\/www.canariasviaja.com\/viajaresvivir\/wp-content\/uploads\/2020\/11\/Los-silos-un-pueblo-de-cuento-1200x732.jpg 1200w, https:\/\/www.canariasviaja.com\/viajaresvivir\/wp-content\/uploads\/2020\/11\/Los-silos-un-pueblo-de-cuento-1770x1080.jpg 1770w\" sizes=\"(max-width: 2000px) 100vw, 2000px\" \/><\/figure>\n\n\n\n<p>Durante la <strong>primera semana de diciembre<\/strong>, fechas en las que se celebra el Festival del cuento, Los Silos atrae a centenares de familas que llegan de todos lados con el objeto de escuchar <strong>leyendas, cuentos e historias<\/strong> de contadores del lejano Jap\u00f3n, Costa Rica, Argentina, Ghana, Polonia, Escocia y multitud de pa\u00edses y culturas, convirtiendo al pueblo un <strong>excelente espacio de intercambio de experiencias y multiculturalidad.\u00a0<\/strong><\/p>\n\n\n\n<figure class=\"wp-block-image size-large\"><img loading=\"lazy\" decoding=\"async\" width=\"1024\" height=\"683\" src=\"http:\/\/www.canariasviaja.com\/viajaresvivir\/wp-content\/uploads\/2020\/11\/Cuentos-los-silos.jpg\" alt=\"Participantes Festival Cuentos Los Silos\" class=\"wp-image-5622\" srcset=\"https:\/\/www.canariasviaja.com\/viajaresvivir\/wp-content\/uploads\/2020\/11\/Cuentos-los-silos.jpg 1024w, https:\/\/www.canariasviaja.com\/viajaresvivir\/wp-content\/uploads\/2020\/11\/Cuentos-los-silos-300x200.jpg 300w, https:\/\/www.canariasviaja.com\/viajaresvivir\/wp-content\/uploads\/2020\/11\/Cuentos-los-silos-768x512.jpg 768w\" sizes=\"(max-width: 1024px) 100vw, 1024px\" \/><figcaption class=\"wp-element-caption\">Foto: Patri C\u00e1mpora<\/figcaption><\/figure>\n\n\n\n<p>Se pueden escuchar cuentos en patios de antiguas casas canarias, librer\u00edas privadas de las gentes del pueblo que abren sus puertas a los visitantes, en los zaguanes de las casas m\u00e1s bellas del casco silense, en medio de uno de los barrancos que nacen en el Monte del Agua o en uno de los callejones empedrados por donde anta\u00f1o andaban los medianeros y peones de las numerosas plataneras que rodean el pueblo.&nbsp; En este \u00faltimo lugar adem\u00e1s se pueden disfrutar durante todo el a\u00f1o de los <strong>callejones encuentados<\/strong>, un proyecto del Festival que ha colocado losetas ilustradas en las paredes de los callejones con cuentos de diferentes autores.&nbsp;<\/p>\n\n\n\n<figure class=\"wp-block-gallery aligncenter has-nested-images columns-default is-cropped wp-block-gallery-1 is-layout-flex wp-block-gallery-is-layout-flex\">\n<figure class=\"wp-block-image size-large\"><img loading=\"lazy\" decoding=\"async\" width=\"683\" height=\"1024\" data-id=\"5627\" src=\"https:\/\/www.canariasviaja.com\/viajaresvivir\/wp-content\/uploads\/2020\/11\/Callejon-Los-Silos.jpg\" alt=\"Callejon los silos\" class=\"wp-image-5627\" srcset=\"https:\/\/www.canariasviaja.com\/viajaresvivir\/wp-content\/uploads\/2020\/11\/Callejon-Los-Silos.jpg 683w, https:\/\/www.canariasviaja.com\/viajaresvivir\/wp-content\/uploads\/2020\/11\/Callejon-Los-Silos-200x300.jpg 200w\" sizes=\"(max-width: 683px) 100vw, 683px\" \/><\/figure>\n\n\n\n<figure class=\"wp-block-image size-large\"><img loading=\"lazy\" decoding=\"async\" width=\"683\" height=\"1024\" data-id=\"5623\" src=\"https:\/\/www.canariasviaja.com\/viajaresvivir\/wp-content\/uploads\/2020\/11\/Mosaico-callejon.jpg\" alt=\"Callejones encuentados\" class=\"wp-image-5623\" srcset=\"https:\/\/www.canariasviaja.com\/viajaresvivir\/wp-content\/uploads\/2020\/11\/Mosaico-callejon.jpg 683w, https:\/\/www.canariasviaja.com\/viajaresvivir\/wp-content\/uploads\/2020\/11\/Mosaico-callejon-200x300.jpg 200w\" sizes=\"(max-width: 683px) 100vw, 683px\" \/><\/figure>\n<figcaption class=\"blocks-gallery-caption wp-element-caption\">Foto: Patri C\u00e1mpora<\/figcaption><\/figure>\n\n\n\n<figure class=\"wp-block-gallery has-nested-images columns-default is-cropped wp-block-gallery-2 is-layout-flex wp-block-gallery-is-layout-flex\">\n<figure class=\"wp-block-image size-large\"><img loading=\"lazy\" decoding=\"async\" width=\"2000\" height=\"1500\" data-id=\"5629\" src=\"https:\/\/www.canariasviaja.com\/viajaresvivir\/wp-content\/uploads\/2020\/11\/Callejones-Encuentados-1.-Los-Silos.-FOTO_-JuanjoRamos-2000x1500.jpg\" alt=\"\" class=\"wp-image-5629\" srcset=\"https:\/\/www.canariasviaja.com\/viajaresvivir\/wp-content\/uploads\/2020\/11\/Callejones-Encuentados-1.-Los-Silos.-FOTO_-JuanjoRamos-2000x1500.jpg 2000w, https:\/\/www.canariasviaja.com\/viajaresvivir\/wp-content\/uploads\/2020\/11\/Callejones-Encuentados-1.-Los-Silos.-FOTO_-JuanjoRamos-300x225.jpg 300w, https:\/\/www.canariasviaja.com\/viajaresvivir\/wp-content\/uploads\/2020\/11\/Callejones-Encuentados-1.-Los-Silos.-FOTO_-JuanjoRamos-768x576.jpg 768w, https:\/\/www.canariasviaja.com\/viajaresvivir\/wp-content\/uploads\/2020\/11\/Callejones-Encuentados-1.-Los-Silos.-FOTO_-JuanjoRamos-1536x1152.jpg 1536w, https:\/\/www.canariasviaja.com\/viajaresvivir\/wp-content\/uploads\/2020\/11\/Callejones-Encuentados-1.-Los-Silos.-FOTO_-JuanjoRamos-1200x900.jpg 1200w, https:\/\/www.canariasviaja.com\/viajaresvivir\/wp-content\/uploads\/2020\/11\/Callejones-Encuentados-1.-Los-Silos.-FOTO_-JuanjoRamos-800x600.jpg 800w, https:\/\/www.canariasviaja.com\/viajaresvivir\/wp-content\/uploads\/2020\/11\/Callejones-Encuentados-1.-Los-Silos.-FOTO_-JuanjoRamos-1440x1080.jpg 1440w, https:\/\/www.canariasviaja.com\/viajaresvivir\/wp-content\/uploads\/2020\/11\/Callejones-Encuentados-1.-Los-Silos.-FOTO_-JuanjoRamos.jpg 2048w\" sizes=\"(max-width: 2000px) 100vw, 2000px\" \/><\/figure>\n\n\n\n<figure class=\"wp-block-image size-large\"><img loading=\"lazy\" decoding=\"async\" width=\"2000\" height=\"1500\" data-id=\"5631\" src=\"https:\/\/www.canariasviaja.com\/viajaresvivir\/wp-content\/uploads\/2020\/11\/Callejones-Encuentados-3.-Los-Silos.-FOTO_-JuanjoRamos-2000x1500.jpg\" alt=\"\" class=\"wp-image-5631\" srcset=\"https:\/\/www.canariasviaja.com\/viajaresvivir\/wp-content\/uploads\/2020\/11\/Callejones-Encuentados-3.-Los-Silos.-FOTO_-JuanjoRamos-2000x1500.jpg 2000w, https:\/\/www.canariasviaja.com\/viajaresvivir\/wp-content\/uploads\/2020\/11\/Callejones-Encuentados-3.-Los-Silos.-FOTO_-JuanjoRamos-300x225.jpg 300w, https:\/\/www.canariasviaja.com\/viajaresvivir\/wp-content\/uploads\/2020\/11\/Callejones-Encuentados-3.-Los-Silos.-FOTO_-JuanjoRamos-768x576.jpg 768w, https:\/\/www.canariasviaja.com\/viajaresvivir\/wp-content\/uploads\/2020\/11\/Callejones-Encuentados-3.-Los-Silos.-FOTO_-JuanjoRamos-1536x1152.jpg 1536w, https:\/\/www.canariasviaja.com\/viajaresvivir\/wp-content\/uploads\/2020\/11\/Callejones-Encuentados-3.-Los-Silos.-FOTO_-JuanjoRamos-1200x900.jpg 1200w, https:\/\/www.canariasviaja.com\/viajaresvivir\/wp-content\/uploads\/2020\/11\/Callejones-Encuentados-3.-Los-Silos.-FOTO_-JuanjoRamos-800x600.jpg 800w, https:\/\/www.canariasviaja.com\/viajaresvivir\/wp-content\/uploads\/2020\/11\/Callejones-Encuentados-3.-Los-Silos.-FOTO_-JuanjoRamos-1440x1080.jpg 1440w, https:\/\/www.canariasviaja.com\/viajaresvivir\/wp-content\/uploads\/2020\/11\/Callejones-Encuentados-3.-Los-Silos.-FOTO_-JuanjoRamos.jpg 2048w\" sizes=\"(max-width: 2000px) 100vw, 2000px\" \/><\/figure>\n<\/figure>\n\n\n\n<p>En la plaza del pueblo, custodiada por un numero grupo de Laureles de Indias de grandes dimensiones, se desarrolla buena parte de las actividades del festival, donde las familias pueden disfrutar de <strong>cuentacuentos, actuaciones de t\u00edteres, mariones, teatro o toda clase de juegos. <\/strong>Probablemente bajo la atenta mirada de <strong>Diego Puns<\/strong>, una versi\u00f3n local del Bar\u00f3n Rampante, un noble que molesto y decepcionado por el comportamiento de los humanos, decidi\u00f3 hace mucho tiempo dejar de vivir con los pies en la tierra y subi\u00f3 a la copa de los arboles a vivir entre las ramas.&nbsp;<\/p>\n\n\n\n<figure class=\"wp-block-image size-large\"><img loading=\"lazy\" decoding=\"async\" width=\"1024\" height=\"683\" src=\"http:\/\/www.canariasviaja.com\/viajaresvivir\/wp-content\/uploads\/2020\/11\/Cuentos-Los-silos-2.jpg\" alt=\"Plaza de Los Silos\" class=\"wp-image-5620\" srcset=\"https:\/\/www.canariasviaja.com\/viajaresvivir\/wp-content\/uploads\/2020\/11\/Cuentos-Los-silos-2.jpg 1024w, https:\/\/www.canariasviaja.com\/viajaresvivir\/wp-content\/uploads\/2020\/11\/Cuentos-Los-silos-2-300x200.jpg 300w, https:\/\/www.canariasviaja.com\/viajaresvivir\/wp-content\/uploads\/2020\/11\/Cuentos-Los-silos-2-768x512.jpg 768w\" sizes=\"(max-width: 1024px) 100vw, 1024px\" \/><figcaption class=\"wp-element-caption\">Foto: Patri C\u00e1mpora<\/figcaption><\/figure>\n\n\n\n<div style=\"height:100px\" aria-hidden=\"true\" class=\"wp-block-spacer\"><\/div>\n\n\n\n<h2 class=\"wp-block-heading\">Territorio de leyendas<\/h2>\n\n\n\n<p>Los Silos esta rodeado de un <strong>territorio lleno de leyendas e historia<\/strong>, algunas de ellas tuvieron lugar hace miles de a\u00f1os, como los <strong>yacimientos paleontol\u00f3gicos de la costa<\/strong>, antiguo nidos de avispas f\u00f3siles, que vivieron por estos lares hace m\u00e1s de cien mil a\u00f1os. En la zona costera se encuentran algunos de los <strong>charcos, piscinas naturales de lava<\/strong>, m\u00e1s bellos del norte de la isla de Tenerife, como son el <strong>charco de El Rayo, Don Gabino, Los Chochos o del Ingl\u00e9s.<\/strong> Aqu\u00ed adem\u00e1s se encuentra expuesto el <strong>esqueleto de una gigantesca ballena boreal <\/strong>de m\u00e1s de 16 metros de longitud, todo un monumento natural homenaje a las grandes viajeras de los oc\u00e9anos y lugar de aut\u00e9ntica peregrinaci\u00f3n para todas aquellas personas que aman el mar.&nbsp; Otros lugares que no pueden dejar de visitar cualquier viajero curioso que se acerque hasta aqu\u00ed son <strong>el antiguo horno de la cal,<\/strong> <strong>la casa del tel\u00e9grafo <\/strong>que sirvi\u00f3 de amarre al primer cable telegr\u00e1fico que coloc\u00f3 Espa\u00f1a en el Atl\u00e1ntico, el edificio del <strong>antiguo ingenio azucarero<\/strong> y las <strong>salinas comunales<\/strong> de La Caleta de Interian explotadas desde anta\u00f1o por las mujeres del barrio marinero y heredadas de madres a hijas.&nbsp;<\/p>\n\n\n\n<figure class=\"wp-block-image size-large\"><img loading=\"lazy\" decoding=\"async\" width=\"1024\" height=\"768\" src=\"http:\/\/www.canariasviaja.com\/viajaresvivir\/wp-content\/uploads\/2020\/11\/COSTA_LOS_SILOS_2.jpg\" alt=\"Esqueleto de ballena en Los Silos\" class=\"wp-image-5608\" srcset=\"https:\/\/www.canariasviaja.com\/viajaresvivir\/wp-content\/uploads\/2020\/11\/COSTA_LOS_SILOS_2.jpg 1024w, https:\/\/www.canariasviaja.com\/viajaresvivir\/wp-content\/uploads\/2020\/11\/COSTA_LOS_SILOS_2-300x225.jpg 300w, https:\/\/www.canariasviaja.com\/viajaresvivir\/wp-content\/uploads\/2020\/11\/COSTA_LOS_SILOS_2-768x576.jpg 768w, https:\/\/www.canariasviaja.com\/viajaresvivir\/wp-content\/uploads\/2020\/11\/COSTA_LOS_SILOS_2-800x600.jpg 800w\" sizes=\"(max-width: 1024px) 100vw, 1024px\" \/><figcaption class=\"wp-element-caption\">Esqueleto de ballena boreal<\/figcaption><\/figure>\n\n\n\n<figure class=\"wp-block-gallery has-nested-images columns-default is-cropped wp-block-gallery-3 is-layout-flex wp-block-gallery-is-layout-flex\">\n<figure class=\"wp-block-image size-large\"><img loading=\"lazy\" decoding=\"async\" width=\"1024\" height=\"768\" data-id=\"5610\" src=\"https:\/\/www.canariasviaja.com\/viajaresvivir\/wp-content\/uploads\/2020\/11\/Costa-Los-Silos.jpg\" alt=\"\" class=\"wp-image-5610\" srcset=\"https:\/\/www.canariasviaja.com\/viajaresvivir\/wp-content\/uploads\/2020\/11\/Costa-Los-Silos.jpg 1024w, https:\/\/www.canariasviaja.com\/viajaresvivir\/wp-content\/uploads\/2020\/11\/Costa-Los-Silos-300x225.jpg 300w, https:\/\/www.canariasviaja.com\/viajaresvivir\/wp-content\/uploads\/2020\/11\/Costa-Los-Silos-768x576.jpg 768w, https:\/\/www.canariasviaja.com\/viajaresvivir\/wp-content\/uploads\/2020\/11\/Costa-Los-Silos-800x600.jpg 800w\" sizes=\"(max-width: 1024px) 100vw, 1024px\" \/><figcaption class=\"wp-element-caption\">Costa de Los Silos<\/figcaption><\/figure>\n\n\n\n<figure class=\"wp-block-image size-large\"><img loading=\"lazy\" decoding=\"async\" width=\"1024\" height=\"768\" data-id=\"5611\" src=\"https:\/\/www.canariasviaja.com\/viajaresvivir\/wp-content\/uploads\/2020\/11\/Horno-de-cal.jpg\" alt=\"\" class=\"wp-image-5611\" srcset=\"https:\/\/www.canariasviaja.com\/viajaresvivir\/wp-content\/uploads\/2020\/11\/Horno-de-cal.jpg 1024w, https:\/\/www.canariasviaja.com\/viajaresvivir\/wp-content\/uploads\/2020\/11\/Horno-de-cal-300x225.jpg 300w, https:\/\/www.canariasviaja.com\/viajaresvivir\/wp-content\/uploads\/2020\/11\/Horno-de-cal-768x576.jpg 768w, https:\/\/www.canariasviaja.com\/viajaresvivir\/wp-content\/uploads\/2020\/11\/Horno-de-cal-800x600.jpg 800w\" sizes=\"(max-width: 1024px) 100vw, 1024px\" \/><figcaption class=\"wp-element-caption\">Horno de Cal<\/figcaption><\/figure>\n<\/figure>\n\n\n\n<div style=\"height:100px\" aria-hidden=\"true\" class=\"wp-block-spacer\"><\/div>\n\n\n\n<h2 class=\"wp-block-heading\">Naturaleza para disfrutar al aire libre<\/h2>\n\n\n\n<p>En las <strong>cumbres m\u00e1s altas de Los Silos<\/strong>, superando los mil metros de altitud, se encuentra un aut\u00e9ntico bosque encantado, el <strong>Monte del Agua, <\/strong>una de las mejores representaciones de bosque de nieblas, poblado de <strong>laurisilva<\/strong>, que existe en las islas.<\/p>\n\n\n\n<figure class=\"wp-block-gallery has-nested-images columns-default is-cropped wp-block-gallery-4 is-layout-flex wp-block-gallery-is-layout-flex\">\n<figure class=\"wp-block-image size-large\"><img loading=\"lazy\" decoding=\"async\" width=\"1024\" height=\"681\" data-id=\"5613\" src=\"https:\/\/www.canariasviaja.com\/viajaresvivir\/wp-content\/uploads\/2020\/11\/MonteDelAgua.LosSilos.Tenerife.FOTO_JuanjoRamosEco.jpg\" alt=\"Monte del Agua Los Silos\" class=\"wp-image-5613\" srcset=\"https:\/\/www.canariasviaja.com\/viajaresvivir\/wp-content\/uploads\/2020\/11\/MonteDelAgua.LosSilos.Tenerife.FOTO_JuanjoRamosEco.jpg 1024w, https:\/\/www.canariasviaja.com\/viajaresvivir\/wp-content\/uploads\/2020\/11\/MonteDelAgua.LosSilos.Tenerife.FOTO_JuanjoRamosEco-300x200.jpg 300w, https:\/\/www.canariasviaja.com\/viajaresvivir\/wp-content\/uploads\/2020\/11\/MonteDelAgua.LosSilos.Tenerife.FOTO_JuanjoRamosEco-768x511.jpg 768w\" sizes=\"(max-width: 1024px) 100vw, 1024px\" \/><\/figure>\n\n\n\n<figure class=\"wp-block-image size-large\"><img loading=\"lazy\" decoding=\"async\" width=\"1024\" height=\"768\" data-id=\"5642\" src=\"https:\/\/www.canariasviaja.com\/viajaresvivir\/wp-content\/uploads\/2020\/11\/Laurisilva.jpg\" alt=\"\" class=\"wp-image-5642\" srcset=\"https:\/\/www.canariasviaja.com\/viajaresvivir\/wp-content\/uploads\/2020\/11\/Laurisilva.jpg 1024w, https:\/\/www.canariasviaja.com\/viajaresvivir\/wp-content\/uploads\/2020\/11\/Laurisilva-300x225.jpg 300w, https:\/\/www.canariasviaja.com\/viajaresvivir\/wp-content\/uploads\/2020\/11\/Laurisilva-768x576.jpg 768w, https:\/\/www.canariasviaja.com\/viajaresvivir\/wp-content\/uploads\/2020\/11\/Laurisilva-800x600.jpg 800w\" sizes=\"(max-width: 1024px) 100vw, 1024px\" \/><\/figure>\n<\/figure>\n\n\n\n<p>El <strong>Monte del Agua<\/strong> es una zona ideal para hacer senderismo y fotograf\u00eda de la naturaleza. Los <strong>senderos del Cuevas Negras y el de Las Moradas<\/strong> unen el casco de la Villa con el caser\u00edo de Erjos, el de <strong>Talavera<\/strong> con el valle de El Palmar y <strong>la pista<\/strong> de 11 kil\u00f3metros que lo cruza de este a oeste une Erjos con Las Portelas. Estos <strong>cuatro senderos <\/strong>son ideales para descubrir la zona durante cualquier \u00e9poca del a\u00f1o.&nbsp;<\/p>\n\n\n\n<figure class=\"wp-block-image size-large\"><img loading=\"lazy\" decoding=\"async\" width=\"1024\" height=\"681\" src=\"http:\/\/www.canariasviaja.com\/viajaresvivir\/wp-content\/uploads\/2020\/11\/CharcasErjos.LosSilos.Tenerife.FOTO_JuanJoseRamosMelo.jpg\" alt=\"Charcas de Erjos\" class=\"wp-image-5607\" srcset=\"https:\/\/www.canariasviaja.com\/viajaresvivir\/wp-content\/uploads\/2020\/11\/CharcasErjos.LosSilos.Tenerife.FOTO_JuanJoseRamosMelo.jpg 1024w, https:\/\/www.canariasviaja.com\/viajaresvivir\/wp-content\/uploads\/2020\/11\/CharcasErjos.LosSilos.Tenerife.FOTO_JuanJoseRamosMelo-300x200.jpg 300w, https:\/\/www.canariasviaja.com\/viajaresvivir\/wp-content\/uploads\/2020\/11\/CharcasErjos.LosSilos.Tenerife.FOTO_JuanJoseRamosMelo-768x511.jpg 768w\" sizes=\"(max-width: 1024px) 100vw, 1024px\" \/><\/figure>\n\n\n\n<p>Para los amantes de las aves, en la zona de Erjos, existe unas lagunas artificiales, creadas tras a\u00f1os de extracci\u00f3n de tierras y posteriormente inundadas y naturalizadas. Las <strong>charcas de Erjos<\/strong> albergan numerosas especies de aves acu\u00e1ticas y de zonas boscosas, siendo un sitio ideal para introducirse en el fascinante mundo de la <strong>observaci\u00f3n de las aves.&nbsp;<\/strong><\/p>\n\n\n\n<div style=\"height:100px\" aria-hidden=\"true\" class=\"wp-block-spacer\"><\/div>\n\n\n\n<h2 class=\"wp-block-heading\">Visitar Los Silos<\/h2>\n\n\n\n<p>No existe una \u00e9poca ideal para visitar Los Silos, ya que posee un <strong>excelente clima durante todo el a\u00f1o<\/strong>, sin d\u00edas muy calorosos, ni muy fr\u00edos. Aunque tal vez la mejor \u00e9poca es diciembre durante el Festival del Cuento, finales de primavera en abril \u2013 mayo o a finales el verano, septiembre. Otras fechas destacadas son febrero durante el carnaval tradicional de <strong>Cho Perico<\/strong>, junio durante las <strong>fiestas de San Juan<\/strong> y septiembre durante el <strong><a href=\"http:\/\/festivalboreal.org\/\" target=\"_blank\" rel=\"noreferrer noopener\">festival, internacional de m\u00fasica, arte y medio ambiente Boreal.<\/a><\/strong><\/p>\n\n\n\n<p>El pueblo posee una <strong>discreta oferta de alojamientos rurales<\/strong>, peque\u00f1as viviendas vacacionales, albergues, apartamentos, como <strong><a href=\"https:\/\/bit.ly\/3fqgpdu\" target=\"_blank\" rel=\"noreferrer noopener\">Coral Los Silos<\/a><\/strong>, y los hoteles<strong> <\/strong><a rel=\"noreferrer noopener\" href=\"https:\/\/bit.ly\/3m0YgW8\" target=\"_blank\"><strong>Luz del Mar<\/strong> <\/a>y La Casa Amarilla en La Caleta de Interian.&nbsp;<\/p>\n\n\n\n<p>La <strong>oferta gastron\u00f3mica<\/strong> no es numerosa, aunque variada y de muy buena calidad, los m\u00e1s destacados son los restaurantes de pescado fresco de <strong><a rel=\"noreferrer noopener\" href=\"https:\/\/www.tripadvisor.es\/Restaurant_Review-g187479-d2363610-Reviews-El_Mundial_82-Tenerife_Canary_Islands.html\" target=\"_blank\">Mundial 82<\/a><\/strong> y <strong><a rel=\"noreferrer noopener\" href=\"https:\/\/www.tripadvisor.es\/Restaurant_Review-g1058791-d10746668-Reviews-El_Rubio-Los_Silos_Tenerife_Canary_Islands.html\" target=\"_blank\">El Rubio <\/a><\/strong>en La Caleta de Interian, <a rel=\"noreferrer noopener\" href=\"https:\/\/www.google.com\/search?client=firefox-b-e&amp;q=restaurante%20El%20Moc%C3%A1n&amp;tbs=lf:1,lf_ui:9&amp;tbm=lcl&amp;sxsrf=ALeKk03k68k16j0XDxUD2nU617BBeSTF5w:1606213047830&amp;rflfq=1&amp;num=10&amp;rldimm=13042469034064966544&amp;lqi=ChVyZXN0YXVyYW50ZSBFbCBNb2PDoW5aLgoVcmVzdGF1cmFudGUgZWwgbW9jw6FuIhVyZXN0YXVyYW50ZSBlbCBtb2PDoW4&amp;phdesc=ToHZYVbWPDA&amp;ved=2ahUKEwi90Zjx-ZrtAhWzsHEKHec0Bt4QvS4wB3oECAIQRQ&amp;rlst=f#rlfi=hd:;si:13042469034064966544,l,ChVyZXN0YXVyYW50ZSBFbCBNb2PDoW5aLgoVcmVzdGF1cmFudGUgZWwgbW9jw6FuIhVyZXN0YXVyYW50ZSBlbCBtb2PDoW4,y,ToHZYVbWPDA;mv:[[28.509290999999997,-15.516187599999997],[27.718430500000004,-16.8897439]];tbs:lrf:!1m4!1u3!2m2!3m1!1e1!1m4!1u2!2m2!2m1!1e1!1m4!1u1!2m2!1m1!1e1!1m4!1u1!2m2!1m1!1e2!2m1!1e2!2m1!1e3!3sIAE,lf:1,lf_ui:9\" target=\"_blank\"><strong>Cofrad\u00eda<\/strong> <strong>El Moc\u00e1n<\/strong><\/a> y <strong><a rel=\"noreferrer noopener\" href=\"https:\/\/www.tripadvisor.es\/Restaurant_Review-g1058791-d15523552-Reviews-La_Bodeguita_de_Gema-Los_Silos_Tenerife_Canary_Islands.html\" target=\"_blank\">La Bodeguita<\/a> <\/strong>en Las Manzanilla, de carne de cabra y cocina tradicional en La Plaza de Tierra del Trigo, <strong><a rel=\"noreferrer noopener\" href=\"https:\/\/www.tripadvisor.es\/Restaurant_Review-g187479-d3706465-Reviews-Pizzeria_la_Escuela-Tenerife_Canary_Islands.html\" target=\"_blank\">Pizzer\u00eda La Escuela<\/a><\/strong> y la <a href=\"https:\/\/www.tripadvisor.es\/Restaurant_Review-g1058791-d10336728-Reviews-Tasca_La_Morada-Los_Silos_Tenerife_Canary_Islands.html\" target=\"_blank\" rel=\"noreferrer noopener\"><strong>Tasca La Morada<\/strong><\/a> en Los Silos. Adem\u00e1s de los excelentes pasteles de <strong><a href=\"https:\/\/www.tripadvisor.es\/Restaurant_Review-g1058791-d12817270-Reviews-El_Armario_de_Los_Dulces-Los_Silos_Tenerife_Canary_Islands.html\" target=\"_blank\" rel=\"noreferrer noopener\">El Armario de Los Dulces<\/a><\/strong> elaborados con productos naturales locales.&nbsp;<\/p>\n\n\n<div class=\"wp-block-image\">\n<figure class=\"aligncenter size-large\"><img loading=\"lazy\" decoding=\"async\" width=\"1024\" height=\"768\" src=\"https:\/\/www.canariasviaja.com\/viajaresvivir\/wp-content\/uploads\/2020\/11\/Plaza-los-silos.jpg\" alt=\"\" class=\"wp-image-5640\" srcset=\"https:\/\/www.canariasviaja.com\/viajaresvivir\/wp-content\/uploads\/2020\/11\/Plaza-los-silos.jpg 1024w, https:\/\/www.canariasviaja.com\/viajaresvivir\/wp-content\/uploads\/2020\/11\/Plaza-los-silos-300x225.jpg 300w, https:\/\/www.canariasviaja.com\/viajaresvivir\/wp-content\/uploads\/2020\/11\/Plaza-los-silos-768x576.jpg 768w, https:\/\/www.canariasviaja.com\/viajaresvivir\/wp-content\/uploads\/2020\/11\/Plaza-los-silos-800x600.jpg 800w\" sizes=\"(max-width: 1024px) 100vw, 1024px\" \/><\/figure><\/div>\n\n\n<p>Para los viajeros que prefieren cocinar, cada domingo en la plaza del pueblo se celebra el <strong><a href=\"https:\/\/www.facebook.com\/MercadillodelAgricultordelosSilos\/\" target=\"_blank\" rel=\"noreferrer noopener\">mercadillo del agricultor<\/a><\/strong> con n\u00fameros puesto de productores locales ecol\u00f3gicos y\/o tradicionales. Adem\u00e1s existen varias fincas de agricultura ecol\u00f3gica que venden directamente a sus clientes y ofertan la posibilidad de conocer la finca.&nbsp;<\/p>\n\n\n\n<p>Los Silos sin lugar a duda es <strong>el lugar ideal para una escapada familiar <\/strong>antes de las estresantes fechas navide\u00f1as, un lugar ideal para disfrutar de la naturaleza y volver a ser ni\u00f1os escuchando los cuentos, historias y leyendas que cada a\u00f1o traen hasta aqu\u00ed contadores llegados desde todos lo puntos cardinales. <strong>Color\u00edn colorado nos vemos en Los Silos.&nbsp;<\/strong><\/p>\n\n\n\n<figure class=\"wp-block-image size-large\"><img loading=\"lazy\" decoding=\"async\" width=\"1024\" height=\"681\" src=\"https:\/\/www.canariasviaja.com\/viajaresvivir\/wp-content\/uploads\/2020\/11\/Vista-general-Los-silos-al-atardecer.jpg\" alt=\"\" class=\"wp-image-5643\" srcset=\"https:\/\/www.canariasviaja.com\/viajaresvivir\/wp-content\/uploads\/2020\/11\/Vista-general-Los-silos-al-atardecer.jpg 1024w, https:\/\/www.canariasviaja.com\/viajaresvivir\/wp-content\/uploads\/2020\/11\/Vista-general-Los-silos-al-atardecer-300x200.jpg 300w, https:\/\/www.canariasviaja.com\/viajaresvivir\/wp-content\/uploads\/2020\/11\/Vista-general-Los-silos-al-atardecer-768x511.jpg 768w\" sizes=\"(max-width: 1024px) 100vw, 1024px\" \/><\/figure>\n\n\n\n<hr class=\"wp-block-separator has-css-opacity\"\/>\n\n\n\n<p><a href=\"http:\/\/www.juanjoramoseco.com\" target=\"_blank\" rel=\"noreferrer noopener\">Juan Jos\u00e9 Ramos<\/a> es ante todo un viajero incansable, naturalista, especialista en ecoturismo y conservaci\u00f3n de la biodiversidad. Fot\u00f3grafo de naturaleza y viajes, recorre el mundo en busca de las especies m\u00e1s raras de flora y fauna y visitando espacios naturales \u00fanicos.<\/p>\n\n\n\n<hr class=\"wp-block-separator has-css-opacity is-style-wide\"\/>\n\n\n\n<p>\u00bfTe gustar\u00eda disfrutar del <strong>Festival Internacional de Cuentos de Los Silos<\/strong>? Te hemos preparado una <strong><a href=\"https:\/\/bit.ly\/3kWgvL7\" target=\"_blank\" rel=\"noreferrer noopener\">oferta irresistible<\/a><\/strong> para que lo vivas.<\/p>\n","protected":false},"excerpt":{"rendered":"<p>Te invitamos a recorrer Los Silos, un peque\u00f1o pueblo agr\u00edcola del noroeste de Tenerife que se transforma cada diciembre para convertirse en Capital del Cuento.<\/p>\n","protected":false},"author":16,"featured_media":5612,"comment_status":"open","ping_status":"open","sticky":false,"template":"","format":"standard","meta":{"_acf_changed":false,"sfsi_plus_gutenberg_text_before_share":"","sfsi_plus_gutenberg_show_text_before_share":"","sfsi_plus_gutenberg_icon_type":"","sfsi_plus_gutenberg_icon_alignemt":"","sfsi_plus_gutenburg_max_per_row":"","footnotes":""},"categories":[9,124,123,10,197],"tags":[264,653,652,564,364,522],"class_list":["post-5603","post","type-post","status-publish","format-standard","has-post-thumbnail","hentry","category-canarias","category-descubre","category-explora","category-historias-viajeras","category-rincones-por-descubrir","tag-cultura","tag-festival-internacional-del-cuento-de-los-silos","tag-isla-baja","tag-los-silos","tag-tenerife","tag-teno"],"acf":[],"yoast_head":"<!-- This site is optimized with the Yoast SEO plugin v24.1 - https:\/\/yoast.com\/wordpress\/plugins\/seo\/ -->\n<title>Los Silos, un pueblo de cuento - Viajar es vivir<\/title>\n<meta name=\"description\" content=\"Los Silos es un peque\u00f1o pueblo del noroeste de Tenerife. Cada a\u00f1o durante los primeros d\u00edas de diciembre se convierte en capital del cuento.\" \/>\n<meta name=\"robots\" content=\"index, follow, max-snippet:-1, max-image-preview:large, max-video-preview:-1\" \/>\n<link rel=\"canonical\" href=\"https:\/\/www.canariasviaja.com\/viajaresvivir\/los-silos-un-pueblo-de-cuento-2\/\" \/>\n<meta property=\"og:locale\" content=\"es_ES\" \/>\n<meta property=\"og:type\" content=\"article\" \/>\n<meta property=\"og:title\" content=\"Los Silos, un pueblo de cuento - Viajar es vivir\" \/>\n<meta property=\"og:description\" content=\"Los Silos es un peque\u00f1o pueblo del noroeste de Tenerife. Cada a\u00f1o durante los primeros d\u00edas de diciembre se convierte en capital del cuento.\" \/>\n<meta property=\"og:url\" content=\"https:\/\/www.canariasviaja.com\/viajaresvivir\/los-silos-un-pueblo-de-cuento-2\/\" \/>\n<meta property=\"og:site_name\" content=\"Viajar es vivir\" \/>\n<meta property=\"article:published_time\" content=\"2020-11-24T10:49:41+00:00\" \/>\n<meta property=\"article:modified_time\" content=\"2023-05-09T10:59:35+00:00\" \/>\n<meta property=\"og:image\" content=\"http:\/\/www.canariasviaja.com\/viajaresvivir\/wp-content\/uploads\/2020\/11\/Los-silos-un-pueblo-de-cuento.jpg\" \/>\n\t<meta property=\"og:image:width\" content=\"2000\" \/>\n\t<meta property=\"og:image:height\" content=\"1220\" \/>\n\t<meta property=\"og:image:type\" content=\"image\/jpeg\" \/>\n<meta name=\"author\" content=\"Juan Jos\u00e9 Ramos\" \/>\n<meta name=\"twitter:card\" content=\"summary_large_image\" \/>\n<meta name=\"twitter:label1\" content=\"Escrito por\" \/>\n\t<meta name=\"twitter:data1\" content=\"Juan Jos\u00e9 Ramos\" \/>\n\t<meta name=\"twitter:label2\" content=\"Tiempo de lectura\" \/>\n\t<meta name=\"twitter:data2\" content=\"10 minutos\" \/>\n<script type=\"application\/ld+json\" class=\"yoast-schema-graph\">{\"@context\":\"https:\/\/schema.org\",\"@graph\":[{\"@type\":\"WebPage\",\"@id\":\"https:\/\/www.canariasviaja.com\/viajaresvivir\/los-silos-un-pueblo-de-cuento-2\/\",\"url\":\"https:\/\/www.canariasviaja.com\/viajaresvivir\/los-silos-un-pueblo-de-cuento-2\/\",\"name\":\"Los Silos, un pueblo de cuento - Viajar es vivir\",\"isPartOf\":{\"@id\":\"https:\/\/www.canariasviaja.com\/viajaresvivir\/#website\"},\"primaryImageOfPage\":{\"@id\":\"https:\/\/www.canariasviaja.com\/viajaresvivir\/los-silos-un-pueblo-de-cuento-2\/#primaryimage\"},\"image\":{\"@id\":\"https:\/\/www.canariasviaja.com\/viajaresvivir\/los-silos-un-pueblo-de-cuento-2\/#primaryimage\"},\"thumbnailUrl\":\"https:\/\/www.canariasviaja.com\/viajaresvivir\/wp-content\/uploads\/2020\/11\/Los-silos-un-pueblo-de-cuento.jpg\",\"datePublished\":\"2020-11-24T10:49:41+00:00\",\"dateModified\":\"2023-05-09T10:59:35+00:00\",\"author\":{\"@id\":\"https:\/\/www.canariasviaja.com\/viajaresvivir\/#\/schema\/person\/c7e906328ba8e4a6f89ab979af9839b7\"},\"description\":\"Los Silos es un peque\u00f1o pueblo del noroeste de Tenerife. Cada a\u00f1o durante los primeros d\u00edas de diciembre se convierte en capital del cuento.\",\"breadcrumb\":{\"@id\":\"https:\/\/www.canariasviaja.com\/viajaresvivir\/los-silos-un-pueblo-de-cuento-2\/#breadcrumb\"},\"inLanguage\":\"es\",\"potentialAction\":[{\"@type\":\"ReadAction\",\"target\":[\"https:\/\/www.canariasviaja.com\/viajaresvivir\/los-silos-un-pueblo-de-cuento-2\/\"]}]},{\"@type\":\"ImageObject\",\"inLanguage\":\"es\",\"@id\":\"https:\/\/www.canariasviaja.com\/viajaresvivir\/los-silos-un-pueblo-de-cuento-2\/#primaryimage\",\"url\":\"https:\/\/www.canariasviaja.com\/viajaresvivir\/wp-content\/uploads\/2020\/11\/Los-silos-un-pueblo-de-cuento.jpg\",\"contentUrl\":\"https:\/\/www.canariasviaja.com\/viajaresvivir\/wp-content\/uploads\/2020\/11\/Los-silos-un-pueblo-de-cuento.jpg\",\"width\":2000,\"height\":1220,\"caption\":\"Festival del Cuento Los Silos\"},{\"@type\":\"BreadcrumbList\",\"@id\":\"https:\/\/www.canariasviaja.com\/viajaresvivir\/los-silos-un-pueblo-de-cuento-2\/#breadcrumb\",\"itemListElement\":[{\"@type\":\"ListItem\",\"position\":1,\"name\":\"Portada\",\"item\":\"https:\/\/www.canariasviaja.com\/viajaresvivir\/\"},{\"@type\":\"ListItem\",\"position\":2,\"name\":\"Los Silos, un pueblo de cuento\"}]},{\"@type\":\"WebSite\",\"@id\":\"https:\/\/www.canariasviaja.com\/viajaresvivir\/#website\",\"url\":\"https:\/\/www.canariasviaja.com\/viajaresvivir\/\",\"name\":\"Viajar es vivir\",\"description\":\"El blog de viajes y estilo de vida de CanariasViaja\",\"potentialAction\":[{\"@type\":\"SearchAction\",\"target\":{\"@type\":\"EntryPoint\",\"urlTemplate\":\"https:\/\/www.canariasviaja.com\/viajaresvivir\/?s={search_term_string}\"},\"query-input\":{\"@type\":\"PropertyValueSpecification\",\"valueRequired\":true,\"valueName\":\"search_term_string\"}}],\"inLanguage\":\"es\"},{\"@type\":\"Person\",\"@id\":\"https:\/\/www.canariasviaja.com\/viajaresvivir\/#\/schema\/person\/c7e906328ba8e4a6f89ab979af9839b7\",\"name\":\"Juan Jos\u00e9 Ramos\",\"image\":{\"@type\":\"ImageObject\",\"inLanguage\":\"es\",\"@id\":\"https:\/\/www.canariasviaja.com\/viajaresvivir\/#\/schema\/person\/image\/\",\"url\":\"https:\/\/secure.gravatar.com\/avatar\/e1ab173fbb3b4ac2f4a11eb54fb240fa?s=96&d=mm&r=g\",\"contentUrl\":\"https:\/\/secure.gravatar.com\/avatar\/e1ab173fbb3b4ac2f4a11eb54fb240fa?s=96&d=mm&r=g\",\"caption\":\"Juan Jos\u00e9 Ramos\"},\"url\":\"https:\/\/www.canariasviaja.com\/viajaresvivir\/author\/juan-jose-ramos\/\"}]}<\/script>\n<!-- \/ Yoast SEO plugin. -->","yoast_head_json":{"title":"Los Silos, un pueblo de cuento - Viajar es vivir","description":"Los Silos es un peque\u00f1o pueblo del noroeste de Tenerife. Cada a\u00f1o durante los primeros d\u00edas de diciembre se convierte en capital del cuento.","robots":{"index":"index","follow":"follow","max-snippet":"max-snippet:-1","max-image-preview":"max-image-preview:large","max-video-preview":"max-video-preview:-1"},"canonical":"https:\/\/www.canariasviaja.com\/viajaresvivir\/los-silos-un-pueblo-de-cuento-2\/","og_locale":"es_ES","og_type":"article","og_title":"Los Silos, un pueblo de cuento - Viajar es vivir","og_description":"Los Silos es un peque\u00f1o pueblo del noroeste de Tenerife. Cada a\u00f1o durante los primeros d\u00edas de diciembre se convierte en capital del cuento.","og_url":"https:\/\/www.canariasviaja.com\/viajaresvivir\/los-silos-un-pueblo-de-cuento-2\/","og_site_name":"Viajar es vivir","article_published_time":"2020-11-24T10:49:41+00:00","article_modified_time":"2023-05-09T10:59:35+00:00","og_image":[{"width":2000,"height":1220,"url":"http:\/\/www.canariasviaja.com\/viajaresvivir\/wp-content\/uploads\/2020\/11\/Los-silos-un-pueblo-de-cuento.jpg","type":"image\/jpeg"}],"author":"Juan Jos\u00e9 Ramos","twitter_card":"summary_large_image","twitter_misc":{"Escrito por":"Juan Jos\u00e9 Ramos","Tiempo de lectura":"10 minutos"},"schema":{"@context":"https:\/\/schema.org","@graph":[{"@type":"WebPage","@id":"https:\/\/www.canariasviaja.com\/viajaresvivir\/los-silos-un-pueblo-de-cuento-2\/","url":"https:\/\/www.canariasviaja.com\/viajaresvivir\/los-silos-un-pueblo-de-cuento-2\/","name":"Los Silos, un pueblo de cuento - Viajar es vivir","isPartOf":{"@id":"https:\/\/www.canariasviaja.com\/viajaresvivir\/#website"},"primaryImageOfPage":{"@id":"https:\/\/www.canariasviaja.com\/viajaresvivir\/los-silos-un-pueblo-de-cuento-2\/#primaryimage"},"image":{"@id":"https:\/\/www.canariasviaja.com\/viajaresvivir\/los-silos-un-pueblo-de-cuento-2\/#primaryimage"},"thumbnailUrl":"https:\/\/www.canariasviaja.com\/viajaresvivir\/wp-content\/uploads\/2020\/11\/Los-silos-un-pueblo-de-cuento.jpg","datePublished":"2020-11-24T10:49:41+00:00","dateModified":"2023-05-09T10:59:35+00:00","author":{"@id":"https:\/\/www.canariasviaja.com\/viajaresvivir\/#\/schema\/person\/c7e906328ba8e4a6f89ab979af9839b7"},"description":"Los Silos es un peque\u00f1o pueblo del noroeste de Tenerife. Cada a\u00f1o durante los primeros d\u00edas de diciembre se convierte en capital del cuento.","breadcrumb":{"@id":"https:\/\/www.canariasviaja.com\/viajaresvivir\/los-silos-un-pueblo-de-cuento-2\/#breadcrumb"},"inLanguage":"es","potentialAction":[{"@type":"ReadAction","target":["https:\/\/www.canariasviaja.com\/viajaresvivir\/los-silos-un-pueblo-de-cuento-2\/"]}]},{"@type":"ImageObject","inLanguage":"es","@id":"https:\/\/www.canariasviaja.com\/viajaresvivir\/los-silos-un-pueblo-de-cuento-2\/#primaryimage","url":"https:\/\/www.canariasviaja.com\/viajaresvivir\/wp-content\/uploads\/2020\/11\/Los-silos-un-pueblo-de-cuento.jpg","contentUrl":"https:\/\/www.canariasviaja.com\/viajaresvivir\/wp-content\/uploads\/2020\/11\/Los-silos-un-pueblo-de-cuento.jpg","width":2000,"height":1220,"caption":"Festival del Cuento Los Silos"},{"@type":"BreadcrumbList","@id":"https:\/\/www.canariasviaja.com\/viajaresvivir\/los-silos-un-pueblo-de-cuento-2\/#breadcrumb","itemListElement":[{"@type":"ListItem","position":1,"name":"Portada","item":"https:\/\/www.canariasviaja.com\/viajaresvivir\/"},{"@type":"ListItem","position":2,"name":"Los Silos, un pueblo de cuento"}]},{"@type":"WebSite","@id":"https:\/\/www.canariasviaja.com\/viajaresvivir\/#website","url":"https:\/\/www.canariasviaja.com\/viajaresvivir\/","name":"Viajar es vivir","description":"El blog de viajes y estilo de vida de CanariasViaja","potentialAction":[{"@type":"SearchAction","target":{"@type":"EntryPoint","urlTemplate":"https:\/\/www.canariasviaja.com\/viajaresvivir\/?s={search_term_string}"},"query-input":{"@type":"PropertyValueSpecification","valueRequired":true,"valueName":"search_term_string"}}],"inLanguage":"es"},{"@type":"Person","@id":"https:\/\/www.canariasviaja.com\/viajaresvivir\/#\/schema\/person\/c7e906328ba8e4a6f89ab979af9839b7","name":"Juan Jos\u00e9 Ramos","image":{"@type":"ImageObject","inLanguage":"es","@id":"https:\/\/www.canariasviaja.com\/viajaresvivir\/#\/schema\/person\/image\/","url":"https:\/\/secure.gravatar.com\/avatar\/e1ab173fbb3b4ac2f4a11eb54fb240fa?s=96&d=mm&r=g","contentUrl":"https:\/\/secure.gravatar.com\/avatar\/e1ab173fbb3b4ac2f4a11eb54fb240fa?s=96&d=mm&r=g","caption":"Juan Jos\u00e9 Ramos"},"url":"https:\/\/www.canariasviaja.com\/viajaresvivir\/author\/juan-jose-ramos\/"}]}},"_links":{"self":[{"href":"https:\/\/www.canariasviaja.com\/viajaresvivir\/wp-json\/wp\/v2\/posts\/5603"}],"collection":[{"href":"https:\/\/www.canariasviaja.com\/viajaresvivir\/wp-json\/wp\/v2\/posts"}],"about":[{"href":"https:\/\/www.canariasviaja.com\/viajaresvivir\/wp-json\/wp\/v2\/types\/post"}],"author":[{"embeddable":true,"href":"https:\/\/www.canariasviaja.com\/viajaresvivir\/wp-json\/wp\/v2\/users\/16"}],"replies":[{"embeddable":true,"href":"https:\/\/www.canariasviaja.com\/viajaresvivir\/wp-json\/wp\/v2\/comments?post=5603"}],"version-history":[{"count":9,"href":"https:\/\/www.canariasviaja.com\/viajaresvivir\/wp-json\/wp\/v2\/posts\/5603\/revisions"}],"predecessor-version":[{"id":10473,"href":"https:\/\/www.canariasviaja.com\/viajaresvivir\/wp-json\/wp\/v2\/posts\/5603\/revisions\/10473"}],"wp:featuredmedia":[{"embeddable":true,"href":"https:\/\/www.canariasviaja.com\/viajaresvivir\/wp-json\/wp\/v2\/media\/5612"}],"wp:attachment":[{"href":"https:\/\/www.canariasviaja.com\/viajaresvivir\/wp-json\/wp\/v2\/media?parent=5603"}],"wp:term":[{"taxonomy":"category","embeddable":true,"href":"https:\/\/www.canariasviaja.com\/viajaresvivir\/wp-json\/wp\/v2\/categories?post=5603"},{"taxonomy":"post_tag","embeddable":true,"href":"https:\/\/www.canariasviaja.com\/viajaresvivir\/wp-json\/wp\/v2\/tags?post=5603"}],"curies":[{"name":"wp","href":"https:\/\/api.w.org\/{rel}","templated":true}]}}