{"id":5646,"date":"2020-11-24T12:47:12","date_gmt":"2020-11-24T12:47:12","guid":{"rendered":"http:\/\/www.canariasviaja.com\/viajaresvivir\/?p=5646"},"modified":"2020-11-27T10:22:44","modified_gmt":"2020-11-27T10:22:44","slug":"dias-de-cine-en-lanzarote-con-javier-fuentes-feo","status":"publish","type":"post","link":"https:\/\/www.canariasviaja.com\/viajaresvivir\/dias-de-cine-en-lanzarote-con-javier-fuentes-feo\/","title":{"rendered":"D\u00edas de cine en Lanzarote, con Javier Fuentes Feo"},"content":{"rendered":"\n<p>Del 26 de noviembre al 6 de diciembre se celebra la <strong><a rel=\"noreferrer noopener\" href=\"http:\/\/muestradecinedelanzarote.com\/\" target=\"_blank\">Muestra de Cine de Lanzarote<\/a>.<\/strong> Su director desde 2018, Javier Fuentes Feo, nos presenta la que ser\u00e1 la d\u00e9cima edici\u00f3n y nos invita a disfrutar de unos d\u00edas de cine en la isla.<\/p>\n\n\n\n<figure class=\"wp-block-image size-large\"><img loading=\"lazy\" decoding=\"async\" width=\"2000\" height=\"923\" src=\"http:\/\/www.canariasviaja.com\/viajaresvivir\/wp-content\/uploads\/2020\/11\/Foto-javier-Fuentes-2000x923.jpg\" alt=\"Javier Fuentes cine Lanzarote\" class=\"wp-image-5656\" srcset=\"https:\/\/www.canariasviaja.com\/viajaresvivir\/wp-content\/uploads\/2020\/11\/Foto-javier-Fuentes-2000x923.jpg 2000w, https:\/\/www.canariasviaja.com\/viajaresvivir\/wp-content\/uploads\/2020\/11\/Foto-javier-Fuentes-300x138.jpg 300w, https:\/\/www.canariasviaja.com\/viajaresvivir\/wp-content\/uploads\/2020\/11\/Foto-javier-Fuentes-768x354.jpg 768w, https:\/\/www.canariasviaja.com\/viajaresvivir\/wp-content\/uploads\/2020\/11\/Foto-javier-Fuentes-1536x709.jpg 1536w, https:\/\/www.canariasviaja.com\/viajaresvivir\/wp-content\/uploads\/2020\/11\/Foto-javier-Fuentes-1200x554.jpg 1200w, https:\/\/www.canariasviaja.com\/viajaresvivir\/wp-content\/uploads\/2020\/11\/Foto-javier-Fuentes-1920x886.jpg 1920w, https:\/\/www.canariasviaja.com\/viajaresvivir\/wp-content\/uploads\/2020\/11\/Foto-javier-Fuentes.jpg 2048w\" sizes=\"(max-width: 2000px) 100vw, 2000px\" \/><\/figure>\n\n\n\n<h2 class=\"wp-block-heading\">Muestra de Cine de Lanzarote<\/h2>\n\n\n\n<p><strong>&nbsp;\u00bfCu\u00e1l es el objetivo de la Muestra?<\/strong><\/p>\n\n\n\n<p><em>La Muestra es un proyecto que quiere conectar a la isla de Lanzarote con el mundo a trav\u00e9s del cine. Queremos acercar el mejor cine a la gente de la isla. Pero tambi\u00e9n queremos que fuera se conozca Lanzarote por la calidad de sus proyectos culturales.&nbsp;<\/em><\/p>\n\n\n\n<p><strong>&nbsp;\u00bfDe qu\u00e9 actividades consta?<\/strong><\/p>\n\n\n\n<p><em>Llevamos a cabo numerosas actividades: conferencias, debates, pateadas guiadas por lugares emblem\u00e1ticos de la isla, cursos y, por supuesto, proyecciones de las mejores pel\u00edculas del a\u00f1o. Tambi\u00e9n realizamos una importante labor educativa. Nos interesa una isla de gente formada e ilustrada.<\/em><\/p>\n\n\n\n<figure class=\"wp-block-image size-large\"><img loading=\"lazy\" decoding=\"async\" width=\"1600\" height=\"1066\" src=\"http:\/\/www.canariasviaja.com\/viajaresvivir\/wp-content\/uploads\/2020\/11\/WhatsApp-Image-2020-11-24-at-2.10.32-PM.jpeg\" alt=\"Muestra de Cine de Lanzarote\" class=\"wp-image-5662\" srcset=\"https:\/\/www.canariasviaja.com\/viajaresvivir\/wp-content\/uploads\/2020\/11\/WhatsApp-Image-2020-11-24-at-2.10.32-PM.jpeg 1600w, https:\/\/www.canariasviaja.com\/viajaresvivir\/wp-content\/uploads\/2020\/11\/WhatsApp-Image-2020-11-24-at-2.10.32-PM-300x200.jpeg 300w, https:\/\/www.canariasviaja.com\/viajaresvivir\/wp-content\/uploads\/2020\/11\/WhatsApp-Image-2020-11-24-at-2.10.32-PM-768x512.jpeg 768w, https:\/\/www.canariasviaja.com\/viajaresvivir\/wp-content\/uploads\/2020\/11\/WhatsApp-Image-2020-11-24-at-2.10.32-PM-1536x1023.jpeg 1536w, https:\/\/www.canariasviaja.com\/viajaresvivir\/wp-content\/uploads\/2020\/11\/WhatsApp-Image-2020-11-24-at-2.10.32-PM-1200x800.jpeg 1200w\" sizes=\"(max-width: 1600px) 100vw, 1600px\" \/><\/figure>\n\n\n\n<p><strong>\u00bfQu\u00e9 diferencia a la Muestra de Cine de Lanzarote de otras?<\/strong><\/p>\n\n\n\n<p><em>Quiz\u00e1 lo m\u00e1s interesante de la Muestra es que conecta directamente con la singularidad de Lanzarote. Nos interesa un proyecto en el cual <strong>la isla es protagonista<\/strong>. Por eso, en los \u00faltimos a\u00f1os hemos tenido siempre un tema que es importante para Lanzarote, como \u201cel Volc\u00e1n\u201d en 2018 y&nbsp; \u201cla Sal\u201d en 2019, y al mismo tiempo conecta con la Historia de la Humanidad.&nbsp;<\/em><\/p>\n\n\n\n<p><strong>\u00bfD\u00f3nde se celebra?<\/strong><\/p>\n\n\n\n<p><em>Se celebra en toda la isla de Lanzarote. Al principio ocurr\u00eda fundamentalmente en Arrecife, pero en las \u00faltimas ediciones hemos ampliado su presencia a municipios como T\u00edas, Har\u00eda o San Bartolom\u00e9.<\/em><\/p>\n\n\n\n<figure class=\"wp-block-image size-large\"><img loading=\"lazy\" decoding=\"async\" width=\"1600\" height=\"1068\" src=\"http:\/\/www.canariasviaja.com\/viajaresvivir\/wp-content\/uploads\/2020\/11\/WhatsApp-Image-2020-11-24-at-2.10.33-PM1.jpeg\" alt=\"Muestra de Cine de Lanzarote\" class=\"wp-image-5665\" srcset=\"https:\/\/www.canariasviaja.com\/viajaresvivir\/wp-content\/uploads\/2020\/11\/WhatsApp-Image-2020-11-24-at-2.10.33-PM1.jpeg 1600w, https:\/\/www.canariasviaja.com\/viajaresvivir\/wp-content\/uploads\/2020\/11\/WhatsApp-Image-2020-11-24-at-2.10.33-PM1-300x200.jpeg 300w, https:\/\/www.canariasviaja.com\/viajaresvivir\/wp-content\/uploads\/2020\/11\/WhatsApp-Image-2020-11-24-at-2.10.33-PM1-768x513.jpeg 768w, https:\/\/www.canariasviaja.com\/viajaresvivir\/wp-content\/uploads\/2020\/11\/WhatsApp-Image-2020-11-24-at-2.10.33-PM1-1536x1025.jpeg 1536w, https:\/\/www.canariasviaja.com\/viajaresvivir\/wp-content\/uploads\/2020\/11\/WhatsApp-Image-2020-11-24-at-2.10.33-PM1-1200x801.jpeg 1200w\" sizes=\"(max-width: 1600px) 100vw, 1600px\" \/><\/figure>\n\n\n\n<p><strong>\u00bfQu\u00e9 es lo m\u00e1s destacable de la edici\u00f3n en curso?<\/strong><\/p>\n\n\n\n<p>&nbsp;<em>Este a\u00f1o el tema que hemos elegido es \u201cY la vida contin\u00faa\u2026\u201d. Presentaremos pel\u00edculas en las que se ve <strong>c\u00f3mo las comunidades humanas se enfrentan a situaciones de crisis.<\/strong> En ese sentido, son interesantes las visitas que haremos a la zona de <strong>La Geria<\/strong>, donde se observar\u00e1 c\u00f3mo las personas se adaptaron al destrozo del volc\u00e1n. Detectaremos la fuerza de la imaginaci\u00f3n humana para superar la adversidad.&nbsp;<\/em>&nbsp;<\/p>\n\n\n\n<p><strong>\u00bfQu\u00e9 otros eventos culturales relacionados con el cine se celebran en la isla?<\/strong><\/p>\n\n\n\n<p><em>Existe un <strong><a rel=\"noreferrer noopener\" href=\"http:\/\/www.festivaldecinedelanzarote.com\/\" target=\"_blank\">Festival de Cine de Lanzarote.<\/a><\/strong><\/em><\/p>\n\n\n\n<h3 class=\"wp-block-heading\"><strong>Lanzarote, una isla de cine<\/strong><\/h3>\n\n\n\n<p><strong>\u00bfLa muestra ha contribuido a dar a conocer la isla como localizaci\u00f3n?<\/strong><\/p>\n\n\n\n<p><em>Por la Muestra de Cine de Lanzarote pasan cada a\u00f1o m\u00e1s de veinte <strong>directores y directoras de todo el mundo.<\/strong> Esas personas disfrutan de la isla. Les ayudamos a que la conozcan y se interesen por ella. Adem\u00e1s, la difusi\u00f3n que esas visitas tienen en redes sociales dentro del sector y en medios de todo tipo, es importante.<\/em><\/p>\n\n\n\n<figure class=\"wp-block-image size-large\"><img loading=\"lazy\" decoding=\"async\" width=\"1200\" height=\"800\" src=\"http:\/\/www.canariasviaja.com\/viajaresvivir\/wp-content\/uploads\/2020\/11\/WhatsApp-Image-2020-11-24-at-2.10.18-PM.jpeg\" alt=\"Lanzarote\" class=\"wp-image-5660\" srcset=\"https:\/\/www.canariasviaja.com\/viajaresvivir\/wp-content\/uploads\/2020\/11\/WhatsApp-Image-2020-11-24-at-2.10.18-PM.jpeg 1200w, https:\/\/www.canariasviaja.com\/viajaresvivir\/wp-content\/uploads\/2020\/11\/WhatsApp-Image-2020-11-24-at-2.10.18-PM-300x200.jpeg 300w, https:\/\/www.canariasviaja.com\/viajaresvivir\/wp-content\/uploads\/2020\/11\/WhatsApp-Image-2020-11-24-at-2.10.18-PM-768x512.jpeg 768w\" sizes=\"(max-width: 1200px) 100vw, 1200px\" \/><\/figure>\n\n\n\n<p><strong>\u00bfSe ha rodado alguna pel\u00edcula a partir de contactos realizados en la muestra?<\/strong><\/p>\n\n\n\n<p><em>Sabemos de directores y directoras que han vuelto tiempo despu\u00e9s. Pero la parte de producci\u00f3n ya no la llevamos nosotros. De esas cosas se ocupa la <strong><a rel=\"noreferrer noopener\" href=\"http:\/\/lanzarotefilmcommission.com\/\" target=\"_blank\">Film Commission.<\/a><\/strong><\/em><\/p>\n\n\n\n<p><strong><em>\u00bf<\/em>Qu\u00e9 es lo que llama la atenci\u00f3n de Lanzarote a los cineastas?<\/strong><\/p>\n\n\n\n<p><em>Tantas cosas\u2026 Su singular orograf\u00eda, su color, su luz, su tranquilidad, los espacios creados por Manrique, su comida, su cultura, el Atl\u00e1ntico, sus noches estrelladas y sus noches negras, el negro del Malpa\u00eds, el Risco de Famara, tantas y tantas cosas.&nbsp;<\/em><\/p>\n\n\n\n<p><strong>\u00bfQu\u00e9 pel\u00edculas destacar\u00edas de las que se han rodado en la isla?<\/strong><\/p>\n\n\n\n<p><em>Sin duda dos. La primera ser\u00eda <strong>Tambi\u00e9n los enanos empezaron peque\u00f1os <\/strong>del director alem\u00e1n Werner Herzog. Se rod\u00f3 en 1969 y forma parte de la historia del cine. Hace dos a\u00f1os le rendimos un homenaje a esa pel\u00edcula y a su director de fotograf\u00eda, Thomas Mauch, quien a sus ochenta a\u00f1os, estuvo en Lanzarote para celebrarlo.<\/em><\/p>\n\n\n\n<p><em>La segunda es <strong>Holidays <\/strong>de V\u00edctor Moreno. Se present\u00f3 en 2010 en la Cueva de los Verdes. Se trata de una visi\u00f3n exigente sobre lo que queremos hacer con nuestra isla en su relaci\u00f3n con el turismo. &nbsp;<\/em><\/p>\n\n\n\n<figure class=\"wp-block-image size-large\"><img loading=\"lazy\" decoding=\"async\" width=\"1600\" height=\"1200\" src=\"http:\/\/www.canariasviaja.com\/viajaresvivir\/wp-content\/uploads\/2020\/11\/WhatsApp-Image-2020-11-24-at-2.10.18-PM1.jpeg\" alt=\"Volcan Lanzarote\" class=\"wp-image-5661\" srcset=\"https:\/\/www.canariasviaja.com\/viajaresvivir\/wp-content\/uploads\/2020\/11\/WhatsApp-Image-2020-11-24-at-2.10.18-PM1.jpeg 1600w, https:\/\/www.canariasviaja.com\/viajaresvivir\/wp-content\/uploads\/2020\/11\/WhatsApp-Image-2020-11-24-at-2.10.18-PM1-300x225.jpeg 300w, https:\/\/www.canariasviaja.com\/viajaresvivir\/wp-content\/uploads\/2020\/11\/WhatsApp-Image-2020-11-24-at-2.10.18-PM1-768x576.jpeg 768w, https:\/\/www.canariasviaja.com\/viajaresvivir\/wp-content\/uploads\/2020\/11\/WhatsApp-Image-2020-11-24-at-2.10.18-PM1-1536x1152.jpeg 1536w, https:\/\/www.canariasviaja.com\/viajaresvivir\/wp-content\/uploads\/2020\/11\/WhatsApp-Image-2020-11-24-at-2.10.18-PM1-1200x900.jpeg 1200w, https:\/\/www.canariasviaja.com\/viajaresvivir\/wp-content\/uploads\/2020\/11\/WhatsApp-Image-2020-11-24-at-2.10.18-PM1-800x600.jpeg 800w, https:\/\/www.canariasviaja.com\/viajaresvivir\/wp-content\/uploads\/2020\/11\/WhatsApp-Image-2020-11-24-at-2.10.18-PM1-1440x1080.jpeg 1440w\" sizes=\"(max-width: 1600px) 100vw, 1600px\" \/><\/figure>\n\n\n\n<p><strong>\u00bfC\u00f3mo crees que se ha retratado la isla en el cine?<\/strong><\/p>\n\n\n\n<p><em>Se ha retratado de maneras muy diferentes pero quiz\u00e1 lo m\u00e1s interesante es que siempre se ha visto con un cierto asombro. <strong>Lanzarote como un lugar casi on\u00edrico.<\/strong><\/em><\/p>\n\n\n\n<p><strong>\u00bfHas filmado en la isla?<\/strong><\/p>\n\n\n\n<p><em>Hace poco desde la <strong>Asociaci\u00f3n de Cine Tenique<\/strong> pusimos en marcha un documental sobre la gente de Lanzarote durante este periodo de Pandemia. Se trata de un gran documental en el que dejamos registradas las maneras en que la gente de la isla est\u00e1 afrontando la actual situaci\u00f3n de dificultad.<\/em><\/p>\n\n\n\n<p><strong>\u00bfC\u00f3mo definir\u00edas  Lanzarote?<\/strong><\/p>\n\n\n\n<p><em><strong>Una isla m\u00e1gica<\/strong> al que un artista grande le dej\u00f3 el siguiente mensaje: <strong>prot\u00e9gete de quienes s\u00f3lo quieren explotarte sin darte nada a cambio, sin cuidarte.<\/strong><\/em><\/p>\n\n\n\n<p><strong>Lanzarote,<\/strong> un lugar al que siempre hay que volver, en esta ocasi\u00f3n, a <strong>disfrutar de unos d\u00edas de cine.<\/strong><\/p>\n\n\n\n<hr class=\"wp-block-separator\"\/>\n\n\n\n<p>\u00bfTe gustar\u00eda <strong>disfrutar de unos d\u00edas de cine <\/strong>en Lanzarote? Te hemos preparado una <strong><a href=\"https:\/\/bit.ly\/3ftA4sY\" target=\"_blank\" rel=\"noreferrer noopener\">oferta irresistible<\/a><\/strong> para que lo vivas.<\/p>\n","protected":false},"excerpt":{"rendered":"<p>Javier Fuentes Feo, dierector de la Muestra de Cine de Lanzarote, nos invita a disfrutar de unos d\u00edas de cine en la isla m\u00e1gica.<\/p>\n","protected":false},"author":2,"featured_media":5663,"comment_status":"open","ping_status":"open","sticky":false,"template":"","format":"standard","meta":{"_acf_changed":false,"sfsi_plus_gutenberg_text_before_share":"","sfsi_plus_gutenberg_show_text_before_share":"","sfsi_plus_gutenberg_icon_type":"","sfsi_plus_gutenberg_icon_alignemt":"","sfsi_plus_gutenburg_max_per_row":"","footnotes":""},"categories":[9,124,123,10,11],"tags":[655,264,654,380],"class_list":["post-5646","post","type-post","status-publish","format-standard","has-post-thumbnail","hentry","category-canarias","category-descubre","category-explora","category-historias-viajeras","category-postales","tag-cine","tag-cultura","tag-entrevista","tag-lanzarote"],"acf":[],"yoast_head":"<!-- This site is optimized with the Yoast SEO plugin v24.1 - https:\/\/yoast.com\/wordpress\/plugins\/seo\/ -->\n<title>D\u00edas de cine en Lanzarote, con Javier Fuentes Feo - Viajar es vivir<\/title>\n<meta name=\"description\" content=\"La Muestra de Cine de Lanzarote celebra su X edici\u00f3n del 26 de noviembre al 6 de diciembre. Hablamos con su director, Javier Fuentes Feo.\" \/>\n<meta name=\"robots\" content=\"index, follow, max-snippet:-1, max-image-preview:large, max-video-preview:-1\" \/>\n<link rel=\"canonical\" href=\"https:\/\/www.canariasviaja.com\/viajaresvivir\/dias-de-cine-en-lanzarote-con-javier-fuentes-feo\/\" \/>\n<meta property=\"og:locale\" content=\"es_ES\" \/>\n<meta property=\"og:type\" content=\"article\" \/>\n<meta property=\"og:title\" content=\"D\u00edas de cine en Lanzarote, con Javier Fuentes Feo - Viajar es vivir\" \/>\n<meta property=\"og:description\" content=\"La Muestra de Cine de Lanzarote celebra su X edici\u00f3n del 26 de noviembre al 6 de diciembre. Hablamos con su director, Javier Fuentes Feo.\" \/>\n<meta property=\"og:url\" content=\"https:\/\/www.canariasviaja.com\/viajaresvivir\/dias-de-cine-en-lanzarote-con-javier-fuentes-feo\/\" \/>\n<meta property=\"og:site_name\" content=\"Viajar es vivir\" \/>\n<meta property=\"article:published_time\" content=\"2020-11-24T12:47:12+00:00\" \/>\n<meta property=\"article:modified_time\" content=\"2020-11-27T10:22:44+00:00\" \/>\n<meta property=\"og:image\" content=\"https:\/\/www.canariasviaja.com\/viajaresvivir\/wp-content\/uploads\/2020\/11\/WhatsApp-Image-2020-11-24-at-2.10.32-PM1.jpeg\" \/>\n\t<meta property=\"og:image:width\" content=\"1280\" \/>\n\t<meta property=\"og:image:height\" content=\"854\" \/>\n\t<meta property=\"og:image:type\" content=\"image\/jpeg\" \/>\n<meta name=\"author\" content=\"Patri C\u00e1mpora\" \/>\n<meta name=\"twitter:card\" content=\"summary_large_image\" \/>\n<meta name=\"twitter:label1\" content=\"Escrito por\" \/>\n\t<meta name=\"twitter:data1\" content=\"Patri C\u00e1mpora\" \/>\n\t<meta name=\"twitter:label2\" content=\"Tiempo de lectura\" \/>\n\t<meta name=\"twitter:data2\" content=\"4 minutos\" \/>\n<script type=\"application\/ld+json\" class=\"yoast-schema-graph\">{\"@context\":\"https:\/\/schema.org\",\"@graph\":[{\"@type\":\"WebPage\",\"@id\":\"https:\/\/www.canariasviaja.com\/viajaresvivir\/dias-de-cine-en-lanzarote-con-javier-fuentes-feo\/\",\"url\":\"https:\/\/www.canariasviaja.com\/viajaresvivir\/dias-de-cine-en-lanzarote-con-javier-fuentes-feo\/\",\"name\":\"D\u00edas de cine en Lanzarote, con Javier Fuentes Feo - Viajar es vivir\",\"isPartOf\":{\"@id\":\"https:\/\/www.canariasviaja.com\/viajaresvivir\/#website\"},\"primaryImageOfPage\":{\"@id\":\"https:\/\/www.canariasviaja.com\/viajaresvivir\/dias-de-cine-en-lanzarote-con-javier-fuentes-feo\/#primaryimage\"},\"image\":{\"@id\":\"https:\/\/www.canariasviaja.com\/viajaresvivir\/dias-de-cine-en-lanzarote-con-javier-fuentes-feo\/#primaryimage\"},\"thumbnailUrl\":\"https:\/\/www.canariasviaja.com\/viajaresvivir\/wp-content\/uploads\/2020\/11\/WhatsApp-Image-2020-11-24-at-2.10.32-PM1.jpeg\",\"datePublished\":\"2020-11-24T12:47:12+00:00\",\"dateModified\":\"2020-11-27T10:22:44+00:00\",\"author\":{\"@id\":\"https:\/\/www.canariasviaja.com\/viajaresvivir\/#\/schema\/person\/085949651001325f1244a8bc1b34709c\"},\"description\":\"La Muestra de Cine de Lanzarote celebra su X edici\u00f3n del 26 de noviembre al 6 de diciembre. Hablamos con su director, Javier Fuentes Feo.\",\"breadcrumb\":{\"@id\":\"https:\/\/www.canariasviaja.com\/viajaresvivir\/dias-de-cine-en-lanzarote-con-javier-fuentes-feo\/#breadcrumb\"},\"inLanguage\":\"es\",\"potentialAction\":[{\"@type\":\"ReadAction\",\"target\":[\"https:\/\/www.canariasviaja.com\/viajaresvivir\/dias-de-cine-en-lanzarote-con-javier-fuentes-feo\/\"]}]},{\"@type\":\"ImageObject\",\"inLanguage\":\"es\",\"@id\":\"https:\/\/www.canariasviaja.com\/viajaresvivir\/dias-de-cine-en-lanzarote-con-javier-fuentes-feo\/#primaryimage\",\"url\":\"https:\/\/www.canariasviaja.com\/viajaresvivir\/wp-content\/uploads\/2020\/11\/WhatsApp-Image-2020-11-24-at-2.10.32-PM1.jpeg\",\"contentUrl\":\"https:\/\/www.canariasviaja.com\/viajaresvivir\/wp-content\/uploads\/2020\/11\/WhatsApp-Image-2020-11-24-at-2.10.32-PM1.jpeg\",\"width\":1280,\"height\":854,\"caption\":\"Muestra de cine de Lanzarote\"},{\"@type\":\"BreadcrumbList\",\"@id\":\"https:\/\/www.canariasviaja.com\/viajaresvivir\/dias-de-cine-en-lanzarote-con-javier-fuentes-feo\/#breadcrumb\",\"itemListElement\":[{\"@type\":\"ListItem\",\"position\":1,\"name\":\"Portada\",\"item\":\"https:\/\/www.canariasviaja.com\/viajaresvivir\/\"},{\"@type\":\"ListItem\",\"position\":2,\"name\":\"D\u00edas de cine en Lanzarote, con Javier Fuentes Feo\"}]},{\"@type\":\"WebSite\",\"@id\":\"https:\/\/www.canariasviaja.com\/viajaresvivir\/#website\",\"url\":\"https:\/\/www.canariasviaja.com\/viajaresvivir\/\",\"name\":\"Viajar es vivir\",\"description\":\"El blog de viajes y estilo de vida de CanariasViaja\",\"potentialAction\":[{\"@type\":\"SearchAction\",\"target\":{\"@type\":\"EntryPoint\",\"urlTemplate\":\"https:\/\/www.canariasviaja.com\/viajaresvivir\/?s={search_term_string}\"},\"query-input\":{\"@type\":\"PropertyValueSpecification\",\"valueRequired\":true,\"valueName\":\"search_term_string\"}}],\"inLanguage\":\"es\"},{\"@type\":\"Person\",\"@id\":\"https:\/\/www.canariasviaja.com\/viajaresvivir\/#\/schema\/person\/085949651001325f1244a8bc1b34709c\",\"name\":\"Patri C\u00e1mpora\",\"image\":{\"@type\":\"ImageObject\",\"inLanguage\":\"es\",\"@id\":\"https:\/\/www.canariasviaja.com\/viajaresvivir\/#\/schema\/person\/image\/\",\"url\":\"https:\/\/secure.gravatar.com\/avatar\/b2ce2c4086a5776e5310f57c1a2e5b4e?s=96&d=mm&r=g\",\"contentUrl\":\"https:\/\/secure.gravatar.com\/avatar\/b2ce2c4086a5776e5310f57c1a2e5b4e?s=96&d=mm&r=g\",\"caption\":\"Patri C\u00e1mpora\"},\"url\":\"https:\/\/www.canariasviaja.com\/viajaresvivir\/author\/patri\/\"}]}<\/script>\n<!-- \/ Yoast SEO plugin. -->","yoast_head_json":{"title":"D\u00edas de cine en Lanzarote, con Javier Fuentes Feo - Viajar es vivir","description":"La Muestra de Cine de Lanzarote celebra su X edici\u00f3n del 26 de noviembre al 6 de diciembre. Hablamos con su director, Javier Fuentes Feo.","robots":{"index":"index","follow":"follow","max-snippet":"max-snippet:-1","max-image-preview":"max-image-preview:large","max-video-preview":"max-video-preview:-1"},"canonical":"https:\/\/www.canariasviaja.com\/viajaresvivir\/dias-de-cine-en-lanzarote-con-javier-fuentes-feo\/","og_locale":"es_ES","og_type":"article","og_title":"D\u00edas de cine en Lanzarote, con Javier Fuentes Feo - Viajar es vivir","og_description":"La Muestra de Cine de Lanzarote celebra su X edici\u00f3n del 26 de noviembre al 6 de diciembre. Hablamos con su director, Javier Fuentes Feo.","og_url":"https:\/\/www.canariasviaja.com\/viajaresvivir\/dias-de-cine-en-lanzarote-con-javier-fuentes-feo\/","og_site_name":"Viajar es vivir","article_published_time":"2020-11-24T12:47:12+00:00","article_modified_time":"2020-11-27T10:22:44+00:00","og_image":[{"width":1280,"height":854,"url":"https:\/\/www.canariasviaja.com\/viajaresvivir\/wp-content\/uploads\/2020\/11\/WhatsApp-Image-2020-11-24-at-2.10.32-PM1.jpeg","type":"image\/jpeg"}],"author":"Patri C\u00e1mpora","twitter_card":"summary_large_image","twitter_misc":{"Escrito por":"Patri C\u00e1mpora","Tiempo de lectura":"4 minutos"},"schema":{"@context":"https:\/\/schema.org","@graph":[{"@type":"WebPage","@id":"https:\/\/www.canariasviaja.com\/viajaresvivir\/dias-de-cine-en-lanzarote-con-javier-fuentes-feo\/","url":"https:\/\/www.canariasviaja.com\/viajaresvivir\/dias-de-cine-en-lanzarote-con-javier-fuentes-feo\/","name":"D\u00edas de cine en Lanzarote, con Javier Fuentes Feo - Viajar es vivir","isPartOf":{"@id":"https:\/\/www.canariasviaja.com\/viajaresvivir\/#website"},"primaryImageOfPage":{"@id":"https:\/\/www.canariasviaja.com\/viajaresvivir\/dias-de-cine-en-lanzarote-con-javier-fuentes-feo\/#primaryimage"},"image":{"@id":"https:\/\/www.canariasviaja.com\/viajaresvivir\/dias-de-cine-en-lanzarote-con-javier-fuentes-feo\/#primaryimage"},"thumbnailUrl":"https:\/\/www.canariasviaja.com\/viajaresvivir\/wp-content\/uploads\/2020\/11\/WhatsApp-Image-2020-11-24-at-2.10.32-PM1.jpeg","datePublished":"2020-11-24T12:47:12+00:00","dateModified":"2020-11-27T10:22:44+00:00","author":{"@id":"https:\/\/www.canariasviaja.com\/viajaresvivir\/#\/schema\/person\/085949651001325f1244a8bc1b34709c"},"description":"La Muestra de Cine de Lanzarote celebra su X edici\u00f3n del 26 de noviembre al 6 de diciembre. Hablamos con su director, Javier Fuentes Feo.","breadcrumb":{"@id":"https:\/\/www.canariasviaja.com\/viajaresvivir\/dias-de-cine-en-lanzarote-con-javier-fuentes-feo\/#breadcrumb"},"inLanguage":"es","potentialAction":[{"@type":"ReadAction","target":["https:\/\/www.canariasviaja.com\/viajaresvivir\/dias-de-cine-en-lanzarote-con-javier-fuentes-feo\/"]}]},{"@type":"ImageObject","inLanguage":"es","@id":"https:\/\/www.canariasviaja.com\/viajaresvivir\/dias-de-cine-en-lanzarote-con-javier-fuentes-feo\/#primaryimage","url":"https:\/\/www.canariasviaja.com\/viajaresvivir\/wp-content\/uploads\/2020\/11\/WhatsApp-Image-2020-11-24-at-2.10.32-PM1.jpeg","contentUrl":"https:\/\/www.canariasviaja.com\/viajaresvivir\/wp-content\/uploads\/2020\/11\/WhatsApp-Image-2020-11-24-at-2.10.32-PM1.jpeg","width":1280,"height":854,"caption":"Muestra de cine de Lanzarote"},{"@type":"BreadcrumbList","@id":"https:\/\/www.canariasviaja.com\/viajaresvivir\/dias-de-cine-en-lanzarote-con-javier-fuentes-feo\/#breadcrumb","itemListElement":[{"@type":"ListItem","position":1,"name":"Portada","item":"https:\/\/www.canariasviaja.com\/viajaresvivir\/"},{"@type":"ListItem","position":2,"name":"D\u00edas de cine en Lanzarote, con Javier Fuentes Feo"}]},{"@type":"WebSite","@id":"https:\/\/www.canariasviaja.com\/viajaresvivir\/#website","url":"https:\/\/www.canariasviaja.com\/viajaresvivir\/","name":"Viajar es vivir","description":"El blog de viajes y estilo de vida de CanariasViaja","potentialAction":[{"@type":"SearchAction","target":{"@type":"EntryPoint","urlTemplate":"https:\/\/www.canariasviaja.com\/viajaresvivir\/?s={search_term_string}"},"query-input":{"@type":"PropertyValueSpecification","valueRequired":true,"valueName":"search_term_string"}}],"inLanguage":"es"},{"@type":"Person","@id":"https:\/\/www.canariasviaja.com\/viajaresvivir\/#\/schema\/person\/085949651001325f1244a8bc1b34709c","name":"Patri C\u00e1mpora","image":{"@type":"ImageObject","inLanguage":"es","@id":"https:\/\/www.canariasviaja.com\/viajaresvivir\/#\/schema\/person\/image\/","url":"https:\/\/secure.gravatar.com\/avatar\/b2ce2c4086a5776e5310f57c1a2e5b4e?s=96&d=mm&r=g","contentUrl":"https:\/\/secure.gravatar.com\/avatar\/b2ce2c4086a5776e5310f57c1a2e5b4e?s=96&d=mm&r=g","caption":"Patri C\u00e1mpora"},"url":"https:\/\/www.canariasviaja.com\/viajaresvivir\/author\/patri\/"}]}},"_links":{"self":[{"href":"https:\/\/www.canariasviaja.com\/viajaresvivir\/wp-json\/wp\/v2\/posts\/5646"}],"collection":[{"href":"https:\/\/www.canariasviaja.com\/viajaresvivir\/wp-json\/wp\/v2\/posts"}],"about":[{"href":"https:\/\/www.canariasviaja.com\/viajaresvivir\/wp-json\/wp\/v2\/types\/post"}],"author":[{"embeddable":true,"href":"https:\/\/www.canariasviaja.com\/viajaresvivir\/wp-json\/wp\/v2\/users\/2"}],"replies":[{"embeddable":true,"href":"https:\/\/www.canariasviaja.com\/viajaresvivir\/wp-json\/wp\/v2\/comments?post=5646"}],"version-history":[{"count":10,"href":"https:\/\/www.canariasviaja.com\/viajaresvivir\/wp-json\/wp\/v2\/posts\/5646\/revisions"}],"predecessor-version":[{"id":5670,"href":"https:\/\/www.canariasviaja.com\/viajaresvivir\/wp-json\/wp\/v2\/posts\/5646\/revisions\/5670"}],"wp:featuredmedia":[{"embeddable":true,"href":"https:\/\/www.canariasviaja.com\/viajaresvivir\/wp-json\/wp\/v2\/media\/5663"}],"wp:attachment":[{"href":"https:\/\/www.canariasviaja.com\/viajaresvivir\/wp-json\/wp\/v2\/media?parent=5646"}],"wp:term":[{"taxonomy":"category","embeddable":true,"href":"https:\/\/www.canariasviaja.com\/viajaresvivir\/wp-json\/wp\/v2\/categories?post=5646"},{"taxonomy":"post_tag","embeddable":true,"href":"https:\/\/www.canariasviaja.com\/viajaresvivir\/wp-json\/wp\/v2\/tags?post=5646"}],"curies":[{"name":"wp","href":"https:\/\/api.w.org\/{rel}","templated":true}]}}