{"id":5668,"date":"2022-03-29T03:44:00","date_gmt":"2022-03-29T03:44:00","guid":{"rendered":"http:\/\/www.canariasviaja.com\/viajaresvivir\/?p=5668"},"modified":"2022-03-29T14:44:08","modified_gmt":"2022-03-29T14:44:08","slug":"catedral-de-pamplona-2","status":"publish","type":"post","link":"https:\/\/www.canariasviaja.com\/viajaresvivir\/catedral-de-pamplona-2\/","title":{"rendered":"Catedral de Pamplona, desc\u00fabrela"},"content":{"rendered":"\n<p>Hoy \u00a1madruga!, antes de entrar en la <strong><a href=\"http:\/\/www.catedraldepamplona.com\/\" target=\"_blank\" rel=\"noreferrer noopener\">Catedral,<\/a><\/strong> recorre sus alrededores con la luz de los primeros rayos de sol. <\/p>\n\n\n\n<figure class=\"wp-block-image size-large\"><img loading=\"lazy\" decoding=\"async\" width=\"2000\" height=\"1333\" src=\"http:\/\/www.canariasviaja.com\/viajaresvivir\/wp-content\/uploads\/2020\/11\/fachada-al-amanecer.jpg\" alt=\"Catedral de Pamplona\" class=\"wp-image-5734\" srcset=\"https:\/\/www.canariasviaja.com\/viajaresvivir\/wp-content\/uploads\/2020\/11\/fachada-al-amanecer.jpg 2000w, https:\/\/www.canariasviaja.com\/viajaresvivir\/wp-content\/uploads\/2020\/11\/fachada-al-amanecer-300x200.jpg 300w, https:\/\/www.canariasviaja.com\/viajaresvivir\/wp-content\/uploads\/2020\/11\/fachada-al-amanecer-768x512.jpg 768w, https:\/\/www.canariasviaja.com\/viajaresvivir\/wp-content\/uploads\/2020\/11\/fachada-al-amanecer-1536x1024.jpg 1536w, https:\/\/www.canariasviaja.com\/viajaresvivir\/wp-content\/uploads\/2020\/11\/fachada-al-amanecer-1200x800.jpg 1200w, https:\/\/www.canariasviaja.com\/viajaresvivir\/wp-content\/uploads\/2020\/11\/fachada-al-amanecer-1620x1080.jpg 1620w\" sizes=\"(max-width: 2000px) 100vw, 2000px\" \/><\/figure>\n\n\n\n<p>Sube por la <strong>calle Curia<\/strong>, est\u00e1s pisando el \u201cCardus\u201d o la calle principal romana que va de norte a sur. Llegas a una plaza, el <strong>antiguo foro romano<\/strong>, donde se cruzaba el \u201cCardus\u201d con el \u201cDecumanus\u201d, que observar\u00e1s a tu derecha (hoy calle Dormitaler\u00eda). Tienes delante la <strong>fachada de la Catedral <\/strong>(1796), obra de Ventura Rodr\u00edguez, presidente de la Real Academia de las Bellas Artes de San Fernando. Obra de unas proporciones y elegancia admirables.\u00a0<\/p>\n\n\n\n<p> Ser\u00eda m\u00e1s f\u00e1cil apreciarla si estuviese en Par\u00eds, con una gran avenida delante, y no en este casco viejo de altas casas y estrechas calles. Cierra los ojos e imagina la fachada que hab\u00eda antes: una sencilla portada rom\u00e1nica con dos puertas, cada una con tres arquivoltas sobre sus correspondientes columnas, muy parecida a la fachada de Plater\u00edas de la Catedral de Santiago de Compostela, con una torre a cada lado. La de la izquierda m\u00e1s alta y rematada en un chapitel de ladrillo.\u00a0<\/p>\n\n\n\n<figure class=\"wp-block-image size-large\"><img loading=\"lazy\" decoding=\"async\" width=\"2000\" height=\"1331\" src=\"http:\/\/www.canariasviaja.com\/viajaresvivir\/wp-content\/uploads\/2020\/11\/Vista-general_catedral1.jpg\" alt=\"Catedral de Pamplona\" class=\"wp-image-5737\" srcset=\"https:\/\/www.canariasviaja.com\/viajaresvivir\/wp-content\/uploads\/2020\/11\/Vista-general_catedral1.jpg 2000w, https:\/\/www.canariasviaja.com\/viajaresvivir\/wp-content\/uploads\/2020\/11\/Vista-general_catedral1-300x200.jpg 300w, https:\/\/www.canariasviaja.com\/viajaresvivir\/wp-content\/uploads\/2020\/11\/Vista-general_catedral1-768x511.jpg 768w, https:\/\/www.canariasviaja.com\/viajaresvivir\/wp-content\/uploads\/2020\/11\/Vista-general_catedral1-1536x1022.jpg 1536w, https:\/\/www.canariasviaja.com\/viajaresvivir\/wp-content\/uploads\/2020\/11\/Vista-general_catedral1-1200x799.jpg 1200w, https:\/\/www.canariasviaja.com\/viajaresvivir\/wp-content\/uploads\/2020\/11\/Vista-general_catedral1-1623x1080.jpg 1623w\" sizes=\"(max-width: 2000px) 100vw, 2000px\" \/><figcaption>Vista a\u00e9rea de la Catedral<br>Foto: Jos\u00e9 Luis Prieto<\/figcaption><\/figure>\n\n\n\n<p>Llega pronto a la Catedral, poco antes de que termine la <strong>Misa de los Can\u00f3nigos <\/strong>(9:30) as\u00ed podr\u00e1s pasearte tranquilamente por la nave principal y las capillas laterales acompa\u00f1ado por sus suaves c\u00e1nticos. Disfr\u00fatala a solas, antes de que lleguen m\u00e1s visitantes.&nbsp;<\/p>\n\n\n\n<figure class=\"wp-block-image size-large\"><img loading=\"lazy\" decoding=\"async\" width=\"1024\" height=\"683\" src=\"http:\/\/www.canariasviaja.com\/viajaresvivir\/wp-content\/uploads\/2021\/01\/interior-Catedral.jpg\" alt=\"Interior Catedral\" class=\"wp-image-5980\" srcset=\"https:\/\/www.canariasviaja.com\/viajaresvivir\/wp-content\/uploads\/2021\/01\/interior-Catedral.jpg 1024w, https:\/\/www.canariasviaja.com\/viajaresvivir\/wp-content\/uploads\/2021\/01\/interior-Catedral-300x200.jpg 300w, https:\/\/www.canariasviaja.com\/viajaresvivir\/wp-content\/uploads\/2021\/01\/interior-Catedral-768x512.jpg 768w\" sizes=\"(max-width: 1024px) 100vw, 1024px\" \/><figcaption>Interior de la Catedral<br>Foto: Ver\u00f3nica Quintanilla<\/figcaption><\/figure>\n\n\n\n<figure class=\"wp-block-image size-full\"><img loading=\"lazy\" decoding=\"async\" width=\"1024\" height=\"683\" src=\"https:\/\/www.canariasviaja.com\/viajaresvivir\/wp-content\/uploads\/2022\/03\/DSF7300-Editar.jpg\" alt=\"\" class=\"wp-image-8367\" srcset=\"https:\/\/www.canariasviaja.com\/viajaresvivir\/wp-content\/uploads\/2022\/03\/DSF7300-Editar.jpg 1024w, https:\/\/www.canariasviaja.com\/viajaresvivir\/wp-content\/uploads\/2022\/03\/DSF7300-Editar-300x200.jpg 300w, https:\/\/www.canariasviaja.com\/viajaresvivir\/wp-content\/uploads\/2022\/03\/DSF7300-Editar-768x512.jpg 768w\" sizes=\"(max-width: 1024px) 100vw, 1024px\" \/><\/figure>\n\n\n\n<figure class=\"wp-block-gallery aligncenter columns-2 is-cropped wp-block-gallery-1 is-layout-flex wp-block-gallery-is-layout-flex\"><ul class=\"blocks-gallery-grid\"><li class=\"blocks-gallery-item\"><figure><img loading=\"lazy\" decoding=\"async\" width=\"600\" height=\"900\" src=\"http:\/\/www.canariasviaja.com\/viajaresvivir\/wp-content\/uploads\/2021\/01\/DSF7301-Editar.jpg\" alt=\"\" data-id=\"8368\" data-full-url=\"http:\/\/www.canariasviaja.com\/viajaresvivir\/wp-content\/uploads\/2021\/01\/DSF7301-Editar.jpg\" data-link=\"https:\/\/www.canariasviaja.com\/viajaresvivir\/catedral-de-pamplona-2\/_dsf7301-editar\/#main\" class=\"wp-image-8368\" srcset=\"https:\/\/www.canariasviaja.com\/viajaresvivir\/wp-content\/uploads\/2021\/01\/DSF7301-Editar.jpg 600w, https:\/\/www.canariasviaja.com\/viajaresvivir\/wp-content\/uploads\/2021\/01\/DSF7301-Editar-200x300.jpg 200w\" sizes=\"(max-width: 600px) 100vw, 600px\" \/><\/figure><\/li><li class=\"blocks-gallery-item\"><figure><img loading=\"lazy\" decoding=\"async\" width=\"600\" height=\"900\" src=\"http:\/\/www.canariasviaja.com\/viajaresvivir\/wp-content\/uploads\/2021\/01\/DSF7302-Editar.jpg\" alt=\"Catedral de Pamplona\" data-id=\"8369\" data-full-url=\"http:\/\/www.canariasviaja.com\/viajaresvivir\/wp-content\/uploads\/2021\/01\/DSF7302-Editar.jpg\" data-link=\"https:\/\/www.canariasviaja.com\/viajaresvivir\/catedral-de-pamplona-2\/_dsf7302-editar\/#main\" class=\"wp-image-8369\" srcset=\"https:\/\/www.canariasviaja.com\/viajaresvivir\/wp-content\/uploads\/2021\/01\/DSF7302-Editar.jpg 600w, https:\/\/www.canariasviaja.com\/viajaresvivir\/wp-content\/uploads\/2021\/01\/DSF7302-Editar-200x300.jpg 200w\" sizes=\"(max-width: 600px) 100vw, 600px\" \/><\/figure><\/li><\/ul><figcaption class=\"blocks-gallery-caption\">Foto: Patri C\u00e1mpora<\/figcaption><\/figure>\n\n\n\n<p>Accede a las dependencias catedralicias a trav\u00e9s de la<strong> puerta del Amparo,<\/strong> que es la que da al claustro. Aparece representada la Dormici\u00f3n de la Virgen. F\u00edjate en su policrom\u00eda. <\/p>\n\n\n\n<figure class=\"wp-block-image size-full\"><img loading=\"lazy\" decoding=\"async\" width=\"1024\" height=\"683\" src=\"http:\/\/www.canariasviaja.com\/viajaresvivir\/wp-content\/uploads\/2021\/01\/DSF7305.jpg\" alt=\"Puerta del Amparo Catedral de Pamplona\" class=\"wp-image-8370\" srcset=\"https:\/\/www.canariasviaja.com\/viajaresvivir\/wp-content\/uploads\/2021\/01\/DSF7305.jpg 1024w, https:\/\/www.canariasviaja.com\/viajaresvivir\/wp-content\/uploads\/2021\/01\/DSF7305-300x200.jpg 300w, https:\/\/www.canariasviaja.com\/viajaresvivir\/wp-content\/uploads\/2021\/01\/DSF7305-768x512.jpg 768w\" sizes=\"(max-width: 1024px) 100vw, 1024px\" \/><figcaption>Puerta de El Amparo Foto: Patri C\u00e1mpora<\/figcaption><\/figure>\n\n\n\n<p>Continua el recorrido por el lado izquierdo, de frente ver\u00e1s a los Reyes Magos adorando al Ni\u00f1o Jes\u00fas, y poco despu\u00e9s estar\u00e1s en la <strong>Capilla el Obispo Barbaz\u00e1n<\/strong>. Entra y as\u00f3mbrate de su altura. Encima de la b\u00f3veda que ves, hay un torre\u00f3n, y bajo tus pies, una cripta. <\/p>\n\n\n\n<figure class=\"wp-block-image size-large\"><img loading=\"lazy\" decoding=\"async\" width=\"1024\" height=\"683\" src=\"http:\/\/www.canariasviaja.com\/viajaresvivir\/wp-content\/uploads\/2021\/01\/Adoracion-de-los-Reyes.jpg\" alt=\"Catedral de Pamplona claustro\" class=\"wp-image-5974\" srcset=\"https:\/\/www.canariasviaja.com\/viajaresvivir\/wp-content\/uploads\/2021\/01\/Adoracion-de-los-Reyes.jpg 1024w, https:\/\/www.canariasviaja.com\/viajaresvivir\/wp-content\/uploads\/2021\/01\/Adoracion-de-los-Reyes-300x200.jpg 300w, https:\/\/www.canariasviaja.com\/viajaresvivir\/wp-content\/uploads\/2021\/01\/Adoracion-de-los-Reyes-768x512.jpg 768w\" sizes=\"(max-width: 1024px) 100vw, 1024px\" \/><figcaption>Claustro Foto: Ver\u00f3nica Quintanilla<\/figcaption><\/figure>\n\n\n\n<p>Sigue recorriendo el claustro, recientemente restaurado, por lo que tendr\u00e1s la suerte de ver una reproducci\u00f3n de las <strong>pinturas murales<\/strong> que fueron arrancadas: <strong>el sepulcro de S\u00e1nchez de Asiain<\/strong>, y el <strong>\u00e1rbol de Jes\u00e9.<\/strong> No es f\u00e1cil ver un claustro \u201cvestido\u201d y aqu\u00ed lo tienes. Habr\u00e1s notado que al andar se mueven las losas de piedra del suelo. Recientemente el claustro recuper\u00f3 su actividad funeraria y lo que pisas son las losas de los antiguos nichos reconvertidos en columbarios.<\/p>\n\n\n\n<div class=\"wp-block-image\"><figure class=\"aligncenter size-full is-resized\"><img decoding=\"async\" src=\"https:\/\/www.canariasviaja.com\/viajaresvivir\/wp-content\/uploads\/2021\/01\/DSF7318-Editar.jpg\" alt=\"Arbol de Jes\u00e9\" class=\"wp-image-8372\" width=\"400\" srcset=\"https:\/\/www.canariasviaja.com\/viajaresvivir\/wp-content\/uploads\/2021\/01\/DSF7318-Editar.jpg 600w, https:\/\/www.canariasviaja.com\/viajaresvivir\/wp-content\/uploads\/2021\/01\/DSF7318-Editar-200x300.jpg 200w\" sizes=\"(max-width: 600px) 100vw, 600px\" \/><figcaption>Pintura mural \u00e1rbol de Jes\u00e9 <br>Foto: Patri C\u00e1mpora<\/figcaption><\/figure><\/div>\n\n\n\n<p>Entre las pinturas murales recuperadas hay una puerta: <strong>la puerta Preciosa<\/strong>, que da acceso al dormitorio bajo de los can\u00f3nigos. En vez de las celdas divididas con tabiques de madera nos encontramos con la <strong><a href=\"http:\/\/www.expo-occidens.es\/\" target=\"_blank\" rel=\"noreferrer noopener\">exposici\u00f3n de Occidens<\/a><\/strong>, la cual ocupa todas las dependencias de los can\u00f3nigos de esta Catedral, pues tuvieron vida regular bajo la regla de San Agust\u00edn hasta mediados del siglo XIX.<\/p>\n\n\n\n<figure class=\"wp-block-image size-large\"><img loading=\"lazy\" decoding=\"async\" width=\"1024\" height=\"683\" src=\"http:\/\/www.canariasviaja.com\/viajaresvivir\/wp-content\/uploads\/2021\/01\/Occidens_dormitorio-bajo.jpg\" alt=\"Exposici\u00f3n Occidens Catedral de Pamplona\" class=\"wp-image-5981\" srcset=\"https:\/\/www.canariasviaja.com\/viajaresvivir\/wp-content\/uploads\/2021\/01\/Occidens_dormitorio-bajo.jpg 1024w, https:\/\/www.canariasviaja.com\/viajaresvivir\/wp-content\/uploads\/2021\/01\/Occidens_dormitorio-bajo-300x200.jpg 300w, https:\/\/www.canariasviaja.com\/viajaresvivir\/wp-content\/uploads\/2021\/01\/Occidens_dormitorio-bajo-768x512.jpg 768w\" sizes=\"(max-width: 1024px) 100vw, 1024px\" \/><\/figure>\n\n\n\n<figure class=\"wp-block-gallery columns-2 is-cropped wp-block-gallery-2 is-layout-flex wp-block-gallery-is-layout-flex\"><ul class=\"blocks-gallery-grid\"><li class=\"blocks-gallery-item\"><figure><img loading=\"lazy\" decoding=\"async\" width=\"600\" height=\"900\" src=\"http:\/\/www.canariasviaja.com\/viajaresvivir\/wp-content\/uploads\/2021\/01\/DSF7324-Editar.jpg\" alt=\"\" data-id=\"8375\" data-full-url=\"http:\/\/www.canariasviaja.com\/viajaresvivir\/wp-content\/uploads\/2021\/01\/DSF7324-Editar.jpg\" data-link=\"https:\/\/www.canariasviaja.com\/viajaresvivir\/catedral-de-pamplona-2\/_dsf7324-editar\/#main\" class=\"wp-image-8375\" srcset=\"https:\/\/www.canariasviaja.com\/viajaresvivir\/wp-content\/uploads\/2021\/01\/DSF7324-Editar.jpg 600w, https:\/\/www.canariasviaja.com\/viajaresvivir\/wp-content\/uploads\/2021\/01\/DSF7324-Editar-200x300.jpg 200w\" sizes=\"(max-width: 600px) 100vw, 600px\" \/><\/figure><\/li><li class=\"blocks-gallery-item\"><figure><img loading=\"lazy\" decoding=\"async\" width=\"900\" height=\"900\" src=\"http:\/\/www.canariasviaja.com\/viajaresvivir\/wp-content\/uploads\/2021\/01\/DSF7323.jpg\" alt=\"Occidens Catedral de Pamplona\" data-id=\"8374\" data-full-url=\"http:\/\/www.canariasviaja.com\/viajaresvivir\/wp-content\/uploads\/2021\/01\/DSF7323.jpg\" data-link=\"https:\/\/www.canariasviaja.com\/viajaresvivir\/catedral-de-pamplona-2\/_dsf7323\/#main\" class=\"wp-image-8374\" srcset=\"https:\/\/www.canariasviaja.com\/viajaresvivir\/wp-content\/uploads\/2021\/01\/DSF7323.jpg 900w, https:\/\/www.canariasviaja.com\/viajaresvivir\/wp-content\/uploads\/2021\/01\/DSF7323-300x300.jpg 300w, https:\/\/www.canariasviaja.com\/viajaresvivir\/wp-content\/uploads\/2021\/01\/DSF7323-150x150.jpg 150w, https:\/\/www.canariasviaja.com\/viajaresvivir\/wp-content\/uploads\/2021\/01\/DSF7323-768x768.jpg 768w\" sizes=\"(max-width: 900px) 100vw, 900px\" \/><\/figure><\/li><\/ul><figcaption class=\"blocks-gallery-caption\">Exposici\u00f3n Occidens: dormitorio de los can\u00f3nigos Foto: Ver\u00f3nica Quintanilla\/ Patri C\u00e1mpora<\/figcaption><\/figure>\n\n\n\n<p>Esta <strong>exposici\u00f3n<\/strong> est\u00e1 basada en el libro <em>\u00bfQu\u00e9 es occidente?<\/em> del fil\u00f3sofo franc\u00e9s Philippe Nemo, recorre los or\u00edgenes de la vida cristiana en Pamplona y en Occidente, desde sus primeros moradores hasta nuestros d\u00edas, la era de la Post verdad. No en vano, la excavaci\u00f3n que vemos es una <strong>vivienda romana<\/strong>. Avanzamos y nos asomamos por una peque\u00f1a puerta que queda a la izquierda de la plataforma de acero negro que pisamos. \u00c9ste s\u00ed que es el dormitorio primitivo de los can\u00f3nigos, al que en textos antiguos se refer\u00edan como un lugar \u201c<em>h\u00famedo e insalubre<\/em>\u201d.<\/p>\n\n\n\n<p>Sigue recorriendo la exposici\u00f3n, baja una escalerilla, est\u00e1s en la <strong>Capilla de San Jesucristo<\/strong>, si\u00e9ntate, para tu ajetreada vida y por un momento trasl\u00e1date a finales del siglo XII. Est\u00e1s es una capilla palaciega, la del palacio Episcopal de Pamplona. Coge unos cascos. Lo que escuchas son los <strong>monjes del monasterio de Leyre<\/strong> cantando gregoriano. Sigue sentado, no te levantes hasta que el sosiego de esa m\u00fasica y la paz de esa capilla, te hayan emocionado.<\/p>\n\n\n\n<div class=\"wp-block-image\"><figure class=\"aligncenter size-full is-resized\"><img decoding=\"async\" src=\"http:\/\/www.canariasviaja.com\/viajaresvivir\/wp-content\/uploads\/2021\/01\/DSF7328-Editar.jpg\" alt=\"Capilla de San Jesucristo\" class=\"wp-image-8376\" width=\"400\" srcset=\"https:\/\/www.canariasviaja.com\/viajaresvivir\/wp-content\/uploads\/2021\/01\/DSF7328-Editar.jpg 600w, https:\/\/www.canariasviaja.com\/viajaresvivir\/wp-content\/uploads\/2021\/01\/DSF7328-Editar-200x300.jpg 200w\" sizes=\"(max-width: 600px) 100vw, 600px\" \/><figcaption>Capilla de San Jesucristo Foto: Patri C\u00e1mpora<\/figcaption><\/figure><\/div>\n\n\n\n<p>La exposici\u00f3n te lleva al <strong>huerto del palacio<\/strong>, f\u00edjate en el suelo que pisas de canto ruejo, y contin\u00faa por una zona expositiva de relicarios. Zona oscura, de poca luz,\u2026 que trata de recordar la <strong>\u00e9poca medieval.<\/strong><\/p>\n\n\n\n<figure class=\"wp-block-image size-full\"><img loading=\"lazy\" decoding=\"async\" width=\"1536\" height=\"1024\" src=\"http:\/\/www.canariasviaja.com\/viajaresvivir\/wp-content\/uploads\/2021\/01\/DSF7313-Editar.jpg\" alt=\"Huerto de la Catedral de Pamplona\" class=\"wp-image-8386\" srcset=\"https:\/\/www.canariasviaja.com\/viajaresvivir\/wp-content\/uploads\/2021\/01\/DSF7313-Editar.jpg 1536w, https:\/\/www.canariasviaja.com\/viajaresvivir\/wp-content\/uploads\/2021\/01\/DSF7313-Editar-300x200.jpg 300w, https:\/\/www.canariasviaja.com\/viajaresvivir\/wp-content\/uploads\/2021\/01\/DSF7313-Editar-768x512.jpg 768w, https:\/\/www.canariasviaja.com\/viajaresvivir\/wp-content\/uploads\/2021\/01\/DSF7313-Editar-1200x800.jpg 1200w\" sizes=\"(max-width: 1536px) 100vw, 1536px\" \/><figcaption>Huerto del palacio episcopal. Foto: Patri C\u00e1mpora<\/figcaption><\/figure>\n\n\n\n<figure class=\"wp-block-image size-large\"><img loading=\"lazy\" decoding=\"async\" width=\"1024\" height=\"683\" src=\"http:\/\/www.canariasviaja.com\/viajaresvivir\/wp-content\/uploads\/2021\/01\/Occidens_sala-medieval.jpg\" alt=\"Occidens, sala medieval\" class=\"wp-image-5982\" srcset=\"https:\/\/www.canariasviaja.com\/viajaresvivir\/wp-content\/uploads\/2021\/01\/Occidens_sala-medieval.jpg 1024w, https:\/\/www.canariasviaja.com\/viajaresvivir\/wp-content\/uploads\/2021\/01\/Occidens_sala-medieval-300x200.jpg 300w, https:\/\/www.canariasviaja.com\/viajaresvivir\/wp-content\/uploads\/2021\/01\/Occidens_sala-medieval-768x512.jpg 768w\" sizes=\"(max-width: 1024px) 100vw, 1024px\" \/><figcaption>Occidens: Sala medieval. Foto: Ver\u00f3nica Quintanilla<\/figcaption><\/figure>\n\n\n\n<figure class=\"wp-block-gallery columns-2 is-cropped wp-block-gallery-3 is-layout-flex wp-block-gallery-is-layout-flex\"><ul class=\"blocks-gallery-grid\"><li class=\"blocks-gallery-item\"><figure><img loading=\"lazy\" decoding=\"async\" width=\"600\" height=\"900\" src=\"https:\/\/www.canariasviaja.com\/viajaresvivir\/wp-content\/uploads\/2022\/03\/DSF7331.jpg\" alt=\"\" data-id=\"8384\" data-link=\"https:\/\/www.canariasviaja.com\/viajaresvivir\/catedral-de-pamplona-2\/dsf7331\/#main\" class=\"wp-image-8384\" srcset=\"https:\/\/www.canariasviaja.com\/viajaresvivir\/wp-content\/uploads\/2022\/03\/DSF7331.jpg 600w, https:\/\/www.canariasviaja.com\/viajaresvivir\/wp-content\/uploads\/2022\/03\/DSF7331-200x300.jpg 200w\" sizes=\"(max-width: 600px) 100vw, 600px\" \/><\/figure><\/li><li class=\"blocks-gallery-item\"><figure><img loading=\"lazy\" decoding=\"async\" width=\"600\" height=\"900\" src=\"https:\/\/www.canariasviaja.com\/viajaresvivir\/wp-content\/uploads\/2022\/03\/DSF7333-Editar.jpg\" alt=\"\" data-id=\"8385\" data-full-url=\"https:\/\/www.canariasviaja.com\/viajaresvivir\/wp-content\/uploads\/2022\/03\/DSF7333-Editar.jpg\" data-link=\"https:\/\/www.canariasviaja.com\/viajaresvivir\/catedral-de-pamplona-2\/dsf7333-editar\/#main\" class=\"wp-image-8385\" srcset=\"https:\/\/www.canariasviaja.com\/viajaresvivir\/wp-content\/uploads\/2022\/03\/DSF7333-Editar.jpg 600w, https:\/\/www.canariasviaja.com\/viajaresvivir\/wp-content\/uploads\/2022\/03\/DSF7333-Editar-200x300.jpg 200w\" sizes=\"(max-width: 600px) 100vw, 600px\" \/><\/figure><\/li><\/ul><figcaption class=\"blocks-gallery-caption\">Occidens Sala Medieval- Foto: Patri C\u00e1mpora<\/figcaption><\/figure>\n\n\n\n<p>Para acabar en una gran sala, la <strong>sala de la modernidad<\/strong>, alegor\u00eda de la libertad personal. Terminamos la exposici\u00f3n, dudando si atravesar la sala por el lado de la tradici\u00f3n y los valores de Occidente o por la casa del mundo de \u201ccolor de rosa\u201d\u00b7donde vivimos.<\/p>\n\n\n\n<figure class=\"wp-block-image size-full\"><img loading=\"lazy\" decoding=\"async\" width=\"1024\" height=\"683\" src=\"https:\/\/www.canariasviaja.com\/viajaresvivir\/wp-content\/uploads\/2022\/03\/DSF7349-Editar.jpg\" alt=\"\" class=\"wp-image-8365\" srcset=\"https:\/\/www.canariasviaja.com\/viajaresvivir\/wp-content\/uploads\/2022\/03\/DSF7349-Editar.jpg 1024w, https:\/\/www.canariasviaja.com\/viajaresvivir\/wp-content\/uploads\/2022\/03\/DSF7349-Editar-300x200.jpg 300w, https:\/\/www.canariasviaja.com\/viajaresvivir\/wp-content\/uploads\/2022\/03\/DSF7349-Editar-768x512.jpg 768w\" sizes=\"(max-width: 1024px) 100vw, 1024px\" \/><figcaption>Occidens: sala modernidad. Foto: Patri C\u00e1mpora<\/figcaption><\/figure>\n\n\n\n<p>Salimos de nuevo al <strong>claustro g\u00f3tico<\/strong> y avanzamos hacia la fuente pr\u00f3xima al refectorio, donde lavarse antes de cada comida. En el refectorio nos llama la atenci\u00f3n el colorido de los escudos de las claves, son los apellidos de los nobles que ten\u00edan asiento en Cortes. Y podemos sutilmente acceder a la cocina con sus chimeneas y su color negruzco.<\/p>\n\n\n\n<figure class=\"wp-block-image size-full\"><img loading=\"lazy\" decoding=\"async\" width=\"1024\" height=\"683\" src=\"http:\/\/www.canariasviaja.com\/viajaresvivir\/wp-content\/uploads\/2021\/01\/DSF7319.jpg\" alt=\"Claustro g\u00f3tico Catedral de Pamplona\" class=\"wp-image-8373\" srcset=\"https:\/\/www.canariasviaja.com\/viajaresvivir\/wp-content\/uploads\/2021\/01\/DSF7319.jpg 1024w, https:\/\/www.canariasviaja.com\/viajaresvivir\/wp-content\/uploads\/2021\/01\/DSF7319-300x200.jpg 300w, https:\/\/www.canariasviaja.com\/viajaresvivir\/wp-content\/uploads\/2021\/01\/DSF7319-768x512.jpg 768w\" sizes=\"(max-width: 1024px) 100vw, 1024px\" \/><figcaption>Claustro Catedral del Pamplona. Foto: Patri C\u00e1mpora<\/figcaption><\/figure>\n\n\n\n<figure class=\"wp-block-image size-large\"><img loading=\"lazy\" decoding=\"async\" width=\"1024\" height=\"683\" src=\"http:\/\/www.canariasviaja.com\/viajaresvivir\/wp-content\/uploads\/2021\/01\/Chimenea_cocina.jpg\" alt=\"Chimenea Cocina\" class=\"wp-image-5977\" srcset=\"https:\/\/www.canariasviaja.com\/viajaresvivir\/wp-content\/uploads\/2021\/01\/Chimenea_cocina.jpg 1024w, https:\/\/www.canariasviaja.com\/viajaresvivir\/wp-content\/uploads\/2021\/01\/Chimenea_cocina-300x200.jpg 300w, https:\/\/www.canariasviaja.com\/viajaresvivir\/wp-content\/uploads\/2021\/01\/Chimenea_cocina-768x512.jpg 768w\" sizes=\"(max-width: 1024px) 100vw, 1024px\" \/><figcaption>Chimenea de las cocinas. Foto: Ver\u00f3nica Quintanilla<\/figcaption><\/figure>\n\n\n\n<p>Salimos ya al <strong>patio del arcedianato<\/strong>, con las viviendas de los can\u00f3nigos, desde el que llegamos a la <a href=\"http:\/\/www.catedraldepamplona.com\/casa-del-campanero\/\" target=\"_blank\" rel=\"noreferrer noopener\"><strong>casa del campanero<\/strong> <\/a>(sala de F\u00e1brica). Aqu\u00ed viv\u00eda Petra, la mujer del \u00faltimo campanero. Era una casa colorida, alicatados verdes, papel pintado en tonos azules, y muchos geranios\u2026 \u00a1casa siempre bulliciosa!, no en vano era la campanera. Poco queda de su casa, en la restauraci\u00f3n fue imposible mantenerla, pero a cambio encontramos un lugar donde explicar c\u00f3mo era la fachada rom\u00e1nica y los avatares sufridos en la construcci\u00f3n de la nueva.<\/p>\n\n\n\n<p>Subimos y accedemos a un espacio a doble altura, presidido por una vidriera moderna. As\u00f3mate y podr\u00e1s ver el <strong>interior de la Catedral <\/strong>que hace un rato has recorrido. Y te preguntas \u00bfd\u00f3nde estoy: fuera o dentro?&nbsp; Pues en los dos sitios a la vez. Est\u00e1s fuera de la Catedral g\u00f3tica, fuera de su fachada rom\u00e1nica, y dentro de la nueva fachada. Pues la fachada rom\u00e1nica ten\u00eda tres cuerpos que remataban la catedral rom\u00e1nica, quedando las naves laterales g\u00f3ticas a la vista. La nueva fachada tiene cinco cuerpos, cerrando todas las naves.&nbsp;<\/p>\n\n\n\n<p>En el recorrido de esta exposici\u00f3n podr\u00e1s aprender c\u00f3mo fue el concurso para la ejecuci\u00f3n de la nueva fachada, el contexto hist\u00f3rico, ver piezas originales de remate de las torres,\u2026. Podr\u00e1s visitar el <strong>espacio bajocubierta,<\/strong> entra, avanza con calma hasta el fondo y desde el fondo obs\u00e9rvalo. Espacio oscuro, siempre misterioso. <\/p>\n\n\n\n<figure class=\"wp-block-image size-large\"><img loading=\"lazy\" decoding=\"async\" width=\"1024\" height=\"683\" src=\"http:\/\/www.canariasviaja.com\/viajaresvivir\/wp-content\/uploads\/2020\/11\/bajocubierta_Catedral1.jpg\" alt=\"Espacio bajo cubierta Catedral de Pamplona\" class=\"wp-image-5733\" srcset=\"https:\/\/www.canariasviaja.com\/viajaresvivir\/wp-content\/uploads\/2020\/11\/bajocubierta_Catedral1.jpg 1024w, https:\/\/www.canariasviaja.com\/viajaresvivir\/wp-content\/uploads\/2020\/11\/bajocubierta_Catedral1-300x200.jpg 300w, https:\/\/www.canariasviaja.com\/viajaresvivir\/wp-content\/uploads\/2020\/11\/bajocubierta_Catedral1-768x512.jpg 768w\" sizes=\"(max-width: 1024px) 100vw, 1024px\" \/><figcaption>Espacio bajo cubierta. Foto: Ver\u00f3nica Quintanilla<\/figcaption><\/figure>\n\n\n\n<p>Ver\u00e1s que la cubrici\u00f3n es de ladrillo y vigas de hormig\u00f3n ejecutadas in situ en 1945, cuando se estaba ejecutando el pantano de Yesa. En el fondo podr\u00e1s contemplar el exterior de una sencilla escalera de caracol. Si te fijas observar\u00e1s <strong>grafitos antiguos<\/strong>: una torre, un pajarillo\u2026 habitualmente pasan desapercibidos. Con s\u00f3lo girarte, podr\u00e1s ver un video de c\u00f3mo se construy\u00f3 la fachada, nuevamente para y ve el video.<\/p>\n\n\n\n<figure class=\"wp-block-gallery aligncenter columns-1 is-cropped wp-block-gallery-4 is-layout-flex wp-block-gallery-is-layout-flex\"><ul class=\"blocks-gallery-grid\"><li class=\"blocks-gallery-item\"><figure><img loading=\"lazy\" decoding=\"async\" width=\"1024\" height=\"683\" src=\"http:\/\/www.canariasviaja.com\/viajaresvivir\/wp-content\/uploads\/2021\/01\/GRafittis_Bajocubierta_3.jpg\" alt=\"Graffitis bajocubiuerta Catedral de Pamplona\" data-id=\"5979\" data-full-url=\"http:\/\/www.canariasviaja.com\/viajaresvivir\/wp-content\/uploads\/2021\/01\/GRafittis_Bajocubierta_3.jpg\" data-link=\"http:\/\/www.canariasviaja.com\/viajaresvivir\/?attachment_id=5979#main\" class=\"wp-image-5979\" srcset=\"https:\/\/www.canariasviaja.com\/viajaresvivir\/wp-content\/uploads\/2021\/01\/GRafittis_Bajocubierta_3.jpg 1024w, https:\/\/www.canariasviaja.com\/viajaresvivir\/wp-content\/uploads\/2021\/01\/GRafittis_Bajocubierta_3-300x200.jpg 300w, https:\/\/www.canariasviaja.com\/viajaresvivir\/wp-content\/uploads\/2021\/01\/GRafittis_Bajocubierta_3-768x512.jpg 768w\" sizes=\"(max-width: 1024px) 100vw, 1024px\" \/><\/figure><\/li><\/ul><figcaption class=\"blocks-gallery-caption\">Grafitos antiguos. Foto: Ver\u00f3nica Quintanilla<\/figcaption><\/figure>\n\n\n\n<p>Continua la visita por la exposici\u00f3n, donde encontrar\u00e1s la zona central destinada a los <strong>toques de campanas<\/strong> y la vida de los campaneros. Qu\u00e9date un rato tocando\u2026<\/p>\n\n\n\n<figure class=\"wp-block-image size-large\"><img loading=\"lazy\" decoding=\"async\" width=\"1024\" height=\"683\" src=\"http:\/\/www.canariasviaja.com\/viajaresvivir\/wp-content\/uploads\/2021\/01\/casa-del-campanero_toques-de-campanas.jpg\" alt=\"Casa del campanero Catedral de Pamplona\" class=\"wp-image-5976\" srcset=\"https:\/\/www.canariasviaja.com\/viajaresvivir\/wp-content\/uploads\/2021\/01\/casa-del-campanero_toques-de-campanas.jpg 1024w, https:\/\/www.canariasviaja.com\/viajaresvivir\/wp-content\/uploads\/2021\/01\/casa-del-campanero_toques-de-campanas-300x200.jpg 300w, https:\/\/www.canariasviaja.com\/viajaresvivir\/wp-content\/uploads\/2021\/01\/casa-del-campanero_toques-de-campanas-768x512.jpg 768w\" sizes=\"(max-width: 1024px) 100vw, 1024px\" \/><figcaption>Casa del Campanero. Foto: Ver\u00f3nica Quintanilla<\/figcaption><\/figure>\n\n\n\n<p>Y terminamos nuestra visita subiendo a la <strong>torre norte,<\/strong> la que alberga la <strong>campana Mar\u00eda<\/strong>, la m\u00e1s grande en uso en Espa\u00f1a, y que siempre ha marcado y sigue marcando los ritmos de esta ciudad.<\/p>\n\n\n\n<figure class=\"wp-block-image size-large\"><img loading=\"lazy\" decoding=\"async\" width=\"1024\" height=\"683\" src=\"http:\/\/www.canariasviaja.com\/viajaresvivir\/wp-content\/uploads\/2021\/01\/vista-de-Pamplona_torre-norte.jpg\" alt=\"Pamplona desde torre norte de la Catedral\" class=\"wp-image-5989\" srcset=\"https:\/\/www.canariasviaja.com\/viajaresvivir\/wp-content\/uploads\/2021\/01\/vista-de-Pamplona_torre-norte.jpg 1024w, https:\/\/www.canariasviaja.com\/viajaresvivir\/wp-content\/uploads\/2021\/01\/vista-de-Pamplona_torre-norte-300x200.jpg 300w, https:\/\/www.canariasviaja.com\/viajaresvivir\/wp-content\/uploads\/2021\/01\/vista-de-Pamplona_torre-norte-768x512.jpg 768w\" sizes=\"(max-width: 1024px) 100vw, 1024px\" \/><figcaption>Vista de Pamplona desde la Torre Norte. Foto: Ver\u00f3nica Quintanilla<\/figcaption><\/figure>\n\n\n\n<p>All\u00ed arriba observar\u00e1s la <strong><a href=\"https:\/\/www.canariasviaja.com\/viajaresvivir\/a-pamplona-hay-que-ir\/\">Pamplona medieval <\/a><\/strong>con sus burgos, el conjunto catedralicio, y la Pamplona m\u00e1s moderna que se extiende all\u00e9n de lo que puedas ver\u2026<\/p>\n\n\n\n<hr class=\"wp-block-separator\"\/>\n\n\n\n<p><a rel=\"noreferrer noopener\" href=\"http:\/\/www.restauraciondepatrimonio.es\/\" target=\"_blank\"><strong>Ver\u00f3nica Quintanilla<\/strong> <\/a>es arquitecto especialista en restauraci\u00f3n de monumentos y edificios antiguos y miembro de ICOMOS y de ICOFORT. Junto con Joaqu\u00edn Torres fue la encargada de redactar el proyecto y dirigir las obras de&nbsp;Restauraci\u00f3n de la Fachada de la Catedral de Pamplona y Casa del Campanero.<\/p>\n\n\n\n<p>Fotograf\u00edas: Jos\u00e9 Luis Prieto, Chus Garzar\u00f3n, Ver\u00f3nica Quintanilla y Patri C\u00e1mpora.<\/p>\n\n\n\n<div style=\"height:100px\" aria-hidden=\"true\" class=\"wp-block-spacer\"><\/div>\n\n\n\n<p class=\"has-text-align-center\">\u00bfTe gustar\u00eda visitar la <strong>Catedral de Pamplona<\/strong>? <\/p>\n\n\n\n<div class=\"wp-block-buttons is-content-justification-center is-layout-flex wp-block-buttons-is-layout-flex\">\n<div class=\"wp-block-button\"><a class=\"wp-block-button__link\" href=\"https:\/\/bit.ly\/3pZcicg\">Esc\u00e1pate a Pamplona<\/a><\/div>\n<\/div>\n\n\n\n<p><\/p>\n","protected":false},"excerpt":{"rendered":"<p>Hoy \u00a1madruga!, antes de entrar en la Catedral, recorre sus alrededores con la luz de los primeros rayos de sol. Sube por la calle Curia, est\u00e1s pisando el \u201cCardus\u201d o la calle principal romana que va de norte a sur. Llegas a una plaza, el antiguo foro romano, donde se cruzaba el \u201cCardus\u201d con el \u201cDecumanus\u201d, que observar\u00e1s a tu &hellip;<\/p>\n","protected":false},"author":57,"featured_media":5737,"comment_status":"open","ping_status":"open","sticky":false,"template":"","format":"standard","meta":{"_acf_changed":false,"sfsi_plus_gutenberg_text_before_share":"","sfsi_plus_gutenberg_show_text_before_share":"","sfsi_plus_gutenberg_icon_type":"","sfsi_plus_gutenberg_icon_alignemt":"","sfsi_plus_gutenburg_max_per_row":"","footnotes":""},"categories":[124,123,10,105,100,197],"tags":[312,661,576,671],"class_list":["post-5668","post","type-post","status-publish","format-standard","has-post-thumbnail","hentry","category-descubre","category-explora","category-historias-viajeras","category-pamplona","category-peninsulaybaleares","category-rincones-por-descubrir","tag-catedral-de-pamplona","tag-escapada-cultural","tag-patrimonio-historico","tag-visita-guiada"],"acf":[],"yoast_head":"<!-- This site is optimized with the Yoast SEO plugin v24.1 - https:\/\/yoast.com\/wordpress\/plugins\/seo\/ -->\n<title>Catedral de Pamplona, desc\u00fabrela - Viajar es vivir<\/title>\n<meta name=\"description\" content=\"La Catedral de Pamplona es una joya. Hoy te invitamos a visitarla acompa\u00f1ada por Ver\u00f3nica Quintanilla, arquitecta encargada de su restauraci\u00f3n.\" \/>\n<meta name=\"robots\" content=\"index, follow, max-snippet:-1, max-image-preview:large, max-video-preview:-1\" \/>\n<link rel=\"canonical\" href=\"https:\/\/www.canariasviaja.com\/viajaresvivir\/catedral-de-pamplona-2\/\" \/>\n<meta property=\"og:locale\" content=\"es_ES\" \/>\n<meta property=\"og:type\" content=\"article\" \/>\n<meta property=\"og:title\" content=\"Catedral de Pamplona, desc\u00fabrela - Viajar es vivir\" \/>\n<meta property=\"og:description\" content=\"La Catedral de Pamplona es una joya. Hoy te invitamos a visitarla acompa\u00f1ada por Ver\u00f3nica Quintanilla, arquitecta encargada de su restauraci\u00f3n.\" \/>\n<meta property=\"og:url\" content=\"https:\/\/www.canariasviaja.com\/viajaresvivir\/catedral-de-pamplona-2\/\" \/>\n<meta property=\"og:site_name\" content=\"Viajar es vivir\" \/>\n<meta property=\"article:published_time\" content=\"2022-03-29T03:44:00+00:00\" \/>\n<meta property=\"article:modified_time\" content=\"2022-03-29T14:44:08+00:00\" \/>\n<meta property=\"og:image\" content=\"http:\/\/www.canariasviaja.com\/viajaresvivir\/wp-content\/uploads\/2020\/11\/Vista-general_catedral1.jpg\" \/>\n\t<meta property=\"og:image:width\" content=\"2000\" \/>\n\t<meta property=\"og:image:height\" content=\"1331\" \/>\n\t<meta property=\"og:image:type\" content=\"image\/jpeg\" \/>\n<meta name=\"author\" content=\"Ver\u00f3nica Quintanilla\" \/>\n<meta name=\"twitter:card\" content=\"summary_large_image\" \/>\n<meta name=\"twitter:label1\" content=\"Escrito por\" \/>\n\t<meta name=\"twitter:data1\" content=\"Ver\u00f3nica Quintanilla\" \/>\n\t<meta name=\"twitter:label2\" content=\"Tiempo de lectura\" \/>\n\t<meta name=\"twitter:data2\" content=\"11 minutos\" \/>\n<script type=\"application\/ld+json\" class=\"yoast-schema-graph\">{\"@context\":\"https:\/\/schema.org\",\"@graph\":[{\"@type\":\"WebPage\",\"@id\":\"https:\/\/www.canariasviaja.com\/viajaresvivir\/catedral-de-pamplona-2\/\",\"url\":\"https:\/\/www.canariasviaja.com\/viajaresvivir\/catedral-de-pamplona-2\/\",\"name\":\"Catedral de Pamplona, desc\u00fabrela - Viajar es vivir\",\"isPartOf\":{\"@id\":\"https:\/\/www.canariasviaja.com\/viajaresvivir\/#website\"},\"primaryImageOfPage\":{\"@id\":\"https:\/\/www.canariasviaja.com\/viajaresvivir\/catedral-de-pamplona-2\/#primaryimage\"},\"image\":{\"@id\":\"https:\/\/www.canariasviaja.com\/viajaresvivir\/catedral-de-pamplona-2\/#primaryimage\"},\"thumbnailUrl\":\"https:\/\/www.canariasviaja.com\/viajaresvivir\/wp-content\/uploads\/2020\/11\/Vista-general_catedral1.jpg\",\"datePublished\":\"2022-03-29T03:44:00+00:00\",\"dateModified\":\"2022-03-29T14:44:08+00:00\",\"author\":{\"@id\":\"https:\/\/www.canariasviaja.com\/viajaresvivir\/#\/schema\/person\/d431722ba90d0c390c4312eafbc0e745\"},\"description\":\"La Catedral de Pamplona es una joya. Hoy te invitamos a visitarla acompa\u00f1ada por Ver\u00f3nica Quintanilla, arquitecta encargada de su restauraci\u00f3n.\",\"breadcrumb\":{\"@id\":\"https:\/\/www.canariasviaja.com\/viajaresvivir\/catedral-de-pamplona-2\/#breadcrumb\"},\"inLanguage\":\"es\",\"potentialAction\":[{\"@type\":\"ReadAction\",\"target\":[\"https:\/\/www.canariasviaja.com\/viajaresvivir\/catedral-de-pamplona-2\/\"]}]},{\"@type\":\"ImageObject\",\"inLanguage\":\"es\",\"@id\":\"https:\/\/www.canariasviaja.com\/viajaresvivir\/catedral-de-pamplona-2\/#primaryimage\",\"url\":\"https:\/\/www.canariasviaja.com\/viajaresvivir\/wp-content\/uploads\/2020\/11\/Vista-general_catedral1.jpg\",\"contentUrl\":\"https:\/\/www.canariasviaja.com\/viajaresvivir\/wp-content\/uploads\/2020\/11\/Vista-general_catedral1.jpg\",\"width\":2000,\"height\":1331,\"caption\":\"Catedral de Pamplona\"},{\"@type\":\"BreadcrumbList\",\"@id\":\"https:\/\/www.canariasviaja.com\/viajaresvivir\/catedral-de-pamplona-2\/#breadcrumb\",\"itemListElement\":[{\"@type\":\"ListItem\",\"position\":1,\"name\":\"Portada\",\"item\":\"https:\/\/www.canariasviaja.com\/viajaresvivir\/\"},{\"@type\":\"ListItem\",\"position\":2,\"name\":\"Catedral de Pamplona, desc\u00fabrela\"}]},{\"@type\":\"WebSite\",\"@id\":\"https:\/\/www.canariasviaja.com\/viajaresvivir\/#website\",\"url\":\"https:\/\/www.canariasviaja.com\/viajaresvivir\/\",\"name\":\"Viajar es vivir\",\"description\":\"El blog de viajes y estilo de vida de CanariasViaja\",\"potentialAction\":[{\"@type\":\"SearchAction\",\"target\":{\"@type\":\"EntryPoint\",\"urlTemplate\":\"https:\/\/www.canariasviaja.com\/viajaresvivir\/?s={search_term_string}\"},\"query-input\":{\"@type\":\"PropertyValueSpecification\",\"valueRequired\":true,\"valueName\":\"search_term_string\"}}],\"inLanguage\":\"es\"},{\"@type\":\"Person\",\"@id\":\"https:\/\/www.canariasviaja.com\/viajaresvivir\/#\/schema\/person\/d431722ba90d0c390c4312eafbc0e745\",\"name\":\"Ver\u00f3nica Quintanilla\",\"image\":{\"@type\":\"ImageObject\",\"inLanguage\":\"es\",\"@id\":\"https:\/\/www.canariasviaja.com\/viajaresvivir\/#\/schema\/person\/image\/\",\"url\":\"https:\/\/secure.gravatar.com\/avatar\/d645092d3cf338e6f887b9a598712349?s=96&d=mm&r=g\",\"contentUrl\":\"https:\/\/secure.gravatar.com\/avatar\/d645092d3cf338e6f887b9a598712349?s=96&d=mm&r=g\",\"caption\":\"Ver\u00f3nica Quintanilla\"},\"url\":\"https:\/\/www.canariasviaja.com\/viajaresvivir\/author\/veronica-quintanilla\/\"}]}<\/script>\n<!-- \/ Yoast SEO plugin. -->","yoast_head_json":{"title":"Catedral de Pamplona, desc\u00fabrela - Viajar es vivir","description":"La Catedral de Pamplona es una joya. Hoy te invitamos a visitarla acompa\u00f1ada por Ver\u00f3nica Quintanilla, arquitecta encargada de su restauraci\u00f3n.","robots":{"index":"index","follow":"follow","max-snippet":"max-snippet:-1","max-image-preview":"max-image-preview:large","max-video-preview":"max-video-preview:-1"},"canonical":"https:\/\/www.canariasviaja.com\/viajaresvivir\/catedral-de-pamplona-2\/","og_locale":"es_ES","og_type":"article","og_title":"Catedral de Pamplona, desc\u00fabrela - Viajar es vivir","og_description":"La Catedral de Pamplona es una joya. Hoy te invitamos a visitarla acompa\u00f1ada por Ver\u00f3nica Quintanilla, arquitecta encargada de su restauraci\u00f3n.","og_url":"https:\/\/www.canariasviaja.com\/viajaresvivir\/catedral-de-pamplona-2\/","og_site_name":"Viajar es vivir","article_published_time":"2022-03-29T03:44:00+00:00","article_modified_time":"2022-03-29T14:44:08+00:00","og_image":[{"width":2000,"height":1331,"url":"http:\/\/www.canariasviaja.com\/viajaresvivir\/wp-content\/uploads\/2020\/11\/Vista-general_catedral1.jpg","type":"image\/jpeg"}],"author":"Ver\u00f3nica Quintanilla","twitter_card":"summary_large_image","twitter_misc":{"Escrito por":"Ver\u00f3nica Quintanilla","Tiempo de lectura":"11 minutos"},"schema":{"@context":"https:\/\/schema.org","@graph":[{"@type":"WebPage","@id":"https:\/\/www.canariasviaja.com\/viajaresvivir\/catedral-de-pamplona-2\/","url":"https:\/\/www.canariasviaja.com\/viajaresvivir\/catedral-de-pamplona-2\/","name":"Catedral de Pamplona, desc\u00fabrela - Viajar es vivir","isPartOf":{"@id":"https:\/\/www.canariasviaja.com\/viajaresvivir\/#website"},"primaryImageOfPage":{"@id":"https:\/\/www.canariasviaja.com\/viajaresvivir\/catedral-de-pamplona-2\/#primaryimage"},"image":{"@id":"https:\/\/www.canariasviaja.com\/viajaresvivir\/catedral-de-pamplona-2\/#primaryimage"},"thumbnailUrl":"https:\/\/www.canariasviaja.com\/viajaresvivir\/wp-content\/uploads\/2020\/11\/Vista-general_catedral1.jpg","datePublished":"2022-03-29T03:44:00+00:00","dateModified":"2022-03-29T14:44:08+00:00","author":{"@id":"https:\/\/www.canariasviaja.com\/viajaresvivir\/#\/schema\/person\/d431722ba90d0c390c4312eafbc0e745"},"description":"La Catedral de Pamplona es una joya. Hoy te invitamos a visitarla acompa\u00f1ada por Ver\u00f3nica Quintanilla, arquitecta encargada de su restauraci\u00f3n.","breadcrumb":{"@id":"https:\/\/www.canariasviaja.com\/viajaresvivir\/catedral-de-pamplona-2\/#breadcrumb"},"inLanguage":"es","potentialAction":[{"@type":"ReadAction","target":["https:\/\/www.canariasviaja.com\/viajaresvivir\/catedral-de-pamplona-2\/"]}]},{"@type":"ImageObject","inLanguage":"es","@id":"https:\/\/www.canariasviaja.com\/viajaresvivir\/catedral-de-pamplona-2\/#primaryimage","url":"https:\/\/www.canariasviaja.com\/viajaresvivir\/wp-content\/uploads\/2020\/11\/Vista-general_catedral1.jpg","contentUrl":"https:\/\/www.canariasviaja.com\/viajaresvivir\/wp-content\/uploads\/2020\/11\/Vista-general_catedral1.jpg","width":2000,"height":1331,"caption":"Catedral de Pamplona"},{"@type":"BreadcrumbList","@id":"https:\/\/www.canariasviaja.com\/viajaresvivir\/catedral-de-pamplona-2\/#breadcrumb","itemListElement":[{"@type":"ListItem","position":1,"name":"Portada","item":"https:\/\/www.canariasviaja.com\/viajaresvivir\/"},{"@type":"ListItem","position":2,"name":"Catedral de Pamplona, desc\u00fabrela"}]},{"@type":"WebSite","@id":"https:\/\/www.canariasviaja.com\/viajaresvivir\/#website","url":"https:\/\/www.canariasviaja.com\/viajaresvivir\/","name":"Viajar es vivir","description":"El blog de viajes y estilo de vida de CanariasViaja","potentialAction":[{"@type":"SearchAction","target":{"@type":"EntryPoint","urlTemplate":"https:\/\/www.canariasviaja.com\/viajaresvivir\/?s={search_term_string}"},"query-input":{"@type":"PropertyValueSpecification","valueRequired":true,"valueName":"search_term_string"}}],"inLanguage":"es"},{"@type":"Person","@id":"https:\/\/www.canariasviaja.com\/viajaresvivir\/#\/schema\/person\/d431722ba90d0c390c4312eafbc0e745","name":"Ver\u00f3nica Quintanilla","image":{"@type":"ImageObject","inLanguage":"es","@id":"https:\/\/www.canariasviaja.com\/viajaresvivir\/#\/schema\/person\/image\/","url":"https:\/\/secure.gravatar.com\/avatar\/d645092d3cf338e6f887b9a598712349?s=96&d=mm&r=g","contentUrl":"https:\/\/secure.gravatar.com\/avatar\/d645092d3cf338e6f887b9a598712349?s=96&d=mm&r=g","caption":"Ver\u00f3nica Quintanilla"},"url":"https:\/\/www.canariasviaja.com\/viajaresvivir\/author\/veronica-quintanilla\/"}]}},"_links":{"self":[{"href":"https:\/\/www.canariasviaja.com\/viajaresvivir\/wp-json\/wp\/v2\/posts\/5668"}],"collection":[{"href":"https:\/\/www.canariasviaja.com\/viajaresvivir\/wp-json\/wp\/v2\/posts"}],"about":[{"href":"https:\/\/www.canariasviaja.com\/viajaresvivir\/wp-json\/wp\/v2\/types\/post"}],"author":[{"embeddable":true,"href":"https:\/\/www.canariasviaja.com\/viajaresvivir\/wp-json\/wp\/v2\/users\/57"}],"replies":[{"embeddable":true,"href":"https:\/\/www.canariasviaja.com\/viajaresvivir\/wp-json\/wp\/v2\/comments?post=5668"}],"version-history":[{"count":10,"href":"https:\/\/www.canariasviaja.com\/viajaresvivir\/wp-json\/wp\/v2\/posts\/5668\/revisions"}],"predecessor-version":[{"id":8388,"href":"https:\/\/www.canariasviaja.com\/viajaresvivir\/wp-json\/wp\/v2\/posts\/5668\/revisions\/8388"}],"wp:featuredmedia":[{"embeddable":true,"href":"https:\/\/www.canariasviaja.com\/viajaresvivir\/wp-json\/wp\/v2\/media\/5737"}],"wp:attachment":[{"href":"https:\/\/www.canariasviaja.com\/viajaresvivir\/wp-json\/wp\/v2\/media?parent=5668"}],"wp:term":[{"taxonomy":"category","embeddable":true,"href":"https:\/\/www.canariasviaja.com\/viajaresvivir\/wp-json\/wp\/v2\/categories?post=5668"},{"taxonomy":"post_tag","embeddable":true,"href":"https:\/\/www.canariasviaja.com\/viajaresvivir\/wp-json\/wp\/v2\/tags?post=5668"}],"curies":[{"name":"wp","href":"https:\/\/api.w.org\/{rel}","templated":true}]}}