{"id":5691,"date":"2020-12-01T13:31:53","date_gmt":"2020-12-01T13:31:53","guid":{"rendered":"http:\/\/www.canariasviaja.com\/viajaresvivir\/?p=5691"},"modified":"2020-12-03T11:02:55","modified_gmt":"2020-12-03T11:02:55","slug":"un-paseo-con-benito-perez-galdos","status":"publish","type":"post","link":"https:\/\/www.canariasviaja.com\/viajaresvivir\/un-paseo-con-benito-perez-galdos\/","title":{"rendered":"Un paseo con Gald\u00f3s"},"content":{"rendered":"\n<p>Dicen que le gustaba viajar en tren en tercera clase porque all\u00ed las conversaciones eran m\u00e1s interesantes. Tambi\u00e9n se le pod\u00eda ver tomando notas en El Retiro. Sol\u00eda salir a pasear por Madrid para espiar di\u00e1logos ajenos. La vida real le inspiraba. Cuentan que nunca perdi\u00f3 su acento canario, hablaba meloso, dec\u00edan de \u00e9l. Asiduo al teatro, viajero y polifac\u00e9tico (aunque en su \u00e9poca no se usara esa palabra), pintaba, tocaba el piano\u2026, aunque se le conoce principalmente por su escritura. Nacido en <strong>Las Palmas de Gran Canaria<\/strong>, se le considera uno de los mejores representantes de la novela realista del siglo XIX. Novelista, dramaturgo, cronista y pol\u00edtico. Hablamos de <strong>Benito P\u00e9rez Gald\u00f3s.&nbsp;<\/strong><\/p>\n\n\n\n<div class=\"wp-block-image\"><figure class=\"aligncenter size-large is-resized\"><img decoding=\"async\" src=\"http:\/\/www.canariasviaja.com\/viajaresvivir\/wp-content\/uploads\/2020\/12\/expo5.jpg\" alt=\"Benito P\u00e9rez Gald\u00f3s\" class=\"wp-image-5705\" width=\"400\" srcset=\"https:\/\/www.canariasviaja.com\/viajaresvivir\/wp-content\/uploads\/2020\/12\/expo5.jpg 683w, https:\/\/www.canariasviaja.com\/viajaresvivir\/wp-content\/uploads\/2020\/12\/expo5-200x300.jpg 200w\" sizes=\"(max-width: 683px) 100vw, 683px\" \/><\/figure><\/div>\n\n\n\n<p>Por el <strong>centenario<\/strong> de su muerte el Ayuntamiento de Las Palmas de Gran Canaria ha elaborado una <a href=\"https:\/\/lpavisit.com\/es\/que-hacer\/experiencias\/rutas-urbanas\/2216-la-ciudad-de-galdos\" target=\"_blank\" rel=\"noreferrer noopener\"><strong>ruta por los lugares que marcaron su infancia y su adolescencia<\/strong>. <\/a>En este art\u00edculo recorreremos algunos de esos rincones.&nbsp;<\/p>\n\n\n\n<figure class=\"wp-block-gallery columns-2 is-cropped wp-block-gallery-1 is-layout-flex wp-block-gallery-is-layout-flex\"><ul class=\"blocks-gallery-grid\"><li class=\"blocks-gallery-item\"><figure><img loading=\"lazy\" decoding=\"async\" width=\"683\" height=\"1024\" src=\"http:\/\/www.canariasviaja.com\/viajaresvivir\/wp-content\/uploads\/2020\/12\/galdosenlascallesdevegueta.jpg\" alt=\"\" data-id=\"5712\" data-full-url=\"http:\/\/www.canariasviaja.com\/viajaresvivir\/wp-content\/uploads\/2020\/12\/galdosenlascallesdevegueta.jpg\" data-link=\"http:\/\/www.canariasviaja.com\/viajaresvivir\/?attachment_id=5712#main\" class=\"wp-image-5712\" srcset=\"https:\/\/www.canariasviaja.com\/viajaresvivir\/wp-content\/uploads\/2020\/12\/galdosenlascallesdevegueta.jpg 683w, https:\/\/www.canariasviaja.com\/viajaresvivir\/wp-content\/uploads\/2020\/12\/galdosenlascallesdevegueta-200x300.jpg 200w\" sizes=\"(max-width: 683px) 100vw, 683px\" \/><\/figure><\/li><li class=\"blocks-gallery-item\"><figure><img loading=\"lazy\" decoding=\"async\" width=\"683\" height=\"1024\" src=\"http:\/\/www.canariasviaja.com\/viajaresvivir\/wp-content\/uploads\/2020\/12\/galdosenescaparates2.jpg\" alt=\"\" data-id=\"5710\" data-full-url=\"http:\/\/www.canariasviaja.com\/viajaresvivir\/wp-content\/uploads\/2020\/12\/galdosenescaparates2.jpg\" data-link=\"http:\/\/www.canariasviaja.com\/viajaresvivir\/?attachment_id=5710#main\" class=\"wp-image-5710\" srcset=\"https:\/\/www.canariasviaja.com\/viajaresvivir\/wp-content\/uploads\/2020\/12\/galdosenescaparates2.jpg 683w, https:\/\/www.canariasviaja.com\/viajaresvivir\/wp-content\/uploads\/2020\/12\/galdosenescaparates2-200x300.jpg 200w\" sizes=\"(max-width: 683px) 100vw, 683px\" \/><\/figure><\/li><\/ul><\/figure>\n\n\n\n<h2 class=\"wp-block-heading\">Casa-Museo de Benito P\u00e9rez Gald\u00f3s<\/h2>\n\n\n\n<p>Comenzamos por el lugar que le vio nacer en 1843 (el menor de diez hermanos), una vivienda t\u00edpica canaria en el <strong>barrio de Triana<\/strong>, hoy convertida en <strong><a rel=\"noreferrer noopener\" href=\"http:\/\/www.casamuseoperezgaldos.com\/es\" target=\"_blank\">Casa-Museo<\/a><\/strong> dedicada a su figura, y que a\u00fan conserva su estructura original. <\/p>\n\n\n\n<div class=\"wp-block-image\"><figure class=\"aligncenter size-large is-resized\"><img decoding=\"async\" src=\"http:\/\/www.canariasviaja.com\/viajaresvivir\/wp-content\/uploads\/2020\/12\/casamuseo.jpg\" alt=\"Casa Museo Benito p\u00e9rez Gald\u00f3s\" class=\"wp-image-5692\" width=\"400\" srcset=\"https:\/\/www.canariasviaja.com\/viajaresvivir\/wp-content\/uploads\/2020\/12\/casamuseo.jpg 683w, https:\/\/www.canariasviaja.com\/viajaresvivir\/wp-content\/uploads\/2020\/12\/casamuseo-200x300.jpg 200w\" sizes=\"(max-width: 683px) 100vw, 683px\" \/><\/figure><\/div>\n\n\n\n<p>Su obra es de sobra conocida, pero si realizas una <strong>visita guiada<\/strong> descubrir\u00e1s tambi\u00e9n muchas curiosidades de su vida. Algunas se conocen a trav\u00e9s de sus relaciones epistolares. Como mencion\u00f3 la gu\u00eda, ser\u00eda como cotillear hoy en d\u00eda su whatsapp. En la visita puedes ver algunas de sus obras traducidas a infinidad de idiomas, primeras ediciones, manuscritos de su pu\u00f1o y letra y otros escritos, ya en los \u00faltimos a\u00f1os de su vida, por su secretario cuando fue perdiendo la vista. <\/p>\n\n\n\n<figure class=\"wp-block-gallery columns-2 is-cropped wp-block-gallery-2 is-layout-flex wp-block-gallery-is-layout-flex\"><ul class=\"blocks-gallery-grid\"><li class=\"blocks-gallery-item\"><figure><img loading=\"lazy\" decoding=\"async\" width=\"1024\" height=\"683\" src=\"http:\/\/www.canariasviaja.com\/viajaresvivir\/wp-content\/uploads\/2020\/12\/obraenlaexpo.jpg\" alt=\"\" data-id=\"5717\" data-full-url=\"http:\/\/www.canariasviaja.com\/viajaresvivir\/wp-content\/uploads\/2020\/12\/obraenlaexpo.jpg\" data-link=\"http:\/\/www.canariasviaja.com\/viajaresvivir\/?attachment_id=5717#main\" class=\"wp-image-5717\" srcset=\"https:\/\/www.canariasviaja.com\/viajaresvivir\/wp-content\/uploads\/2020\/12\/obraenlaexpo.jpg 1024w, https:\/\/www.canariasviaja.com\/viajaresvivir\/wp-content\/uploads\/2020\/12\/obraenlaexpo-300x200.jpg 300w, https:\/\/www.canariasviaja.com\/viajaresvivir\/wp-content\/uploads\/2020\/12\/obraenlaexpo-768x512.jpg 768w\" sizes=\"(max-width: 1024px) 100vw, 1024px\" \/><\/figure><\/li><li class=\"blocks-gallery-item\"><figure><img loading=\"lazy\" decoding=\"async\" width=\"2000\" height=\"1333\" src=\"http:\/\/www.canariasviaja.com\/viajaresvivir\/wp-content\/uploads\/2020\/12\/suobraenlacasamuseo.jpg\" alt=\"\" data-id=\"5720\" data-full-url=\"http:\/\/www.canariasviaja.com\/viajaresvivir\/wp-content\/uploads\/2020\/12\/suobraenlacasamuseo.jpg\" data-link=\"http:\/\/www.canariasviaja.com\/viajaresvivir\/?attachment_id=5720#main\" class=\"wp-image-5720\" srcset=\"https:\/\/www.canariasviaja.com\/viajaresvivir\/wp-content\/uploads\/2020\/12\/suobraenlacasamuseo.jpg 2000w, https:\/\/www.canariasviaja.com\/viajaresvivir\/wp-content\/uploads\/2020\/12\/suobraenlacasamuseo-300x200.jpg 300w, https:\/\/www.canariasviaja.com\/viajaresvivir\/wp-content\/uploads\/2020\/12\/suobraenlacasamuseo-768x512.jpg 768w, https:\/\/www.canariasviaja.com\/viajaresvivir\/wp-content\/uploads\/2020\/12\/suobraenlacasamuseo-1536x1024.jpg 1536w, https:\/\/www.canariasviaja.com\/viajaresvivir\/wp-content\/uploads\/2020\/12\/suobraenlacasamuseo-1200x800.jpg 1200w, https:\/\/www.canariasviaja.com\/viajaresvivir\/wp-content\/uploads\/2020\/12\/suobraenlacasamuseo-1620x1080.jpg 1620w\" sizes=\"(max-width: 2000px) 100vw, 2000px\" \/><\/figure><\/li><\/ul><\/figure>\n\n\n\n<p>En su Casa-Museo tambi\u00e9n se pueden ver estancias de su casa de Santander frente al mar, incluido su dormitorio (con la silla-retrete que tanta curiosidad despierta en los ni\u00f1os) o su despacho con un retrato suyo, un Soroya original, que los que ya tenemos una edad recordamos del billete de mil pesetas. <\/p>\n\n\n\n<figure class=\"wp-block-image size-large\"><img loading=\"lazy\" decoding=\"async\" width=\"1024\" height=\"683\" src=\"http:\/\/www.canariasviaja.com\/viajaresvivir\/wp-content\/uploads\/2020\/12\/sudormitoriocasamuseo.jpg\" alt=\"Habitaci\u00f3n Benito Perez Gald\u00f3s en Museo\" class=\"wp-image-5719\" srcset=\"https:\/\/www.canariasviaja.com\/viajaresvivir\/wp-content\/uploads\/2020\/12\/sudormitoriocasamuseo.jpg 1024w, https:\/\/www.canariasviaja.com\/viajaresvivir\/wp-content\/uploads\/2020\/12\/sudormitoriocasamuseo-300x200.jpg 300w, https:\/\/www.canariasviaja.com\/viajaresvivir\/wp-content\/uploads\/2020\/12\/sudormitoriocasamuseo-768x512.jpg 768w\" sizes=\"(max-width: 1024px) 100vw, 1024px\" \/><\/figure>\n\n\n\n<p>Tambi\u00e9n podemos ver la <strong>estatua <\/strong>erosionada por el viento atl\u00e1ntico de Victorio Macho de 1922. El monumento permaneci\u00f3 en el ya desaparecido Muelle Viejo (en el actual parque San Telmo) hasta 1960. Cuentan que era costumbre pasear cerca de su estatua los domingos con un helado de los antiguos <strong>Los Alicantinos<\/strong> de la calle Venegas. <\/p>\n\n\n\n<div class=\"wp-block-image\"><figure class=\"aligncenter size-large is-resized\"><img decoding=\"async\" src=\"http:\/\/www.canariasviaja.com\/viajaresvivir\/wp-content\/uploads\/2020\/12\/escultura.jpg\" alt=\"Estatua Benito P\u00e9rez Gald\u00f3s\" class=\"wp-image-5702\" width=\"400\" srcset=\"https:\/\/www.canariasviaja.com\/viajaresvivir\/wp-content\/uploads\/2020\/12\/escultura.jpg 683w, https:\/\/www.canariasviaja.com\/viajaresvivir\/wp-content\/uploads\/2020\/12\/escultura-200x300.jpg 200w\" sizes=\"(max-width: 683px) 100vw, 683px\" \/><\/figure><\/div>\n\n\n\n<p>Adem\u00e1s de im\u00e1genes que narran la vida y tambi\u00e9n la muerte del escritor canario m\u00e1s importante de los tiempos (con su multitudinario entierro en Madrid),  encontramos otras curiosidades relacionadas con la fotograf\u00eda, como su ausencia en los primeros peri\u00f3dicos en los que colabor\u00f3 Gald\u00f3s, como el Omnibus, o un cuadro de Aureliano de Beruete, de cuando pintaba en blanco y negro emulando la fotograf\u00eda de su \u00e9poca, a\u00fan sin color. <\/p>\n\n\n\n<figure class=\"wp-block-image size-large\"><img loading=\"lazy\" decoding=\"async\" width=\"1024\" height=\"683\" src=\"http:\/\/www.canariasviaja.com\/viajaresvivir\/wp-content\/uploads\/2020\/12\/cuadropintadoenblancoynegro.jpg\" alt=\"Cuadro casa museo Benito P\u00e9rez Gald\u00f3s\" class=\"wp-image-5700\" srcset=\"https:\/\/www.canariasviaja.com\/viajaresvivir\/wp-content\/uploads\/2020\/12\/cuadropintadoenblancoynegro.jpg 1024w, https:\/\/www.canariasviaja.com\/viajaresvivir\/wp-content\/uploads\/2020\/12\/cuadropintadoenblancoynegro-300x200.jpg 300w, https:\/\/www.canariasviaja.com\/viajaresvivir\/wp-content\/uploads\/2020\/12\/cuadropintadoenblancoynegro-768x512.jpg 768w\" sizes=\"(max-width: 1024px) 100vw, 1024px\" \/><\/figure>\n\n\n\n<p>Siempre hay un buen motivo para <strong>visitar su casa-museo<\/strong>, pero ahora hay uno doble, ya que alberga adem\u00e1s, con motivo del centenario, la <strong>exposici\u00f3n `Benito P\u00e9rez Gald\u00f3s. La verdad humana\u2019.&nbsp;<\/strong><\/p>\n\n\n\n<figure class=\"wp-block-image size-large\"><img loading=\"lazy\" decoding=\"async\" width=\"1024\" height=\"683\" src=\"http:\/\/www.canariasviaja.com\/viajaresvivir\/wp-content\/uploads\/2020\/12\/expo2.jpg\" alt=\"Exposici\u00f3n Gald\u00f3s\" class=\"wp-image-5704\" srcset=\"https:\/\/www.canariasviaja.com\/viajaresvivir\/wp-content\/uploads\/2020\/12\/expo2.jpg 1024w, https:\/\/www.canariasviaja.com\/viajaresvivir\/wp-content\/uploads\/2020\/12\/expo2-300x200.jpg 300w, https:\/\/www.canariasviaja.com\/viajaresvivir\/wp-content\/uploads\/2020\/12\/expo2-768x512.jpg 768w\" sizes=\"(max-width: 1024px) 100vw, 1024px\" \/><\/figure>\n\n\n\n<figure class=\"wp-block-gallery columns-2 is-cropped wp-block-gallery-3 is-layout-flex wp-block-gallery-is-layout-flex\"><ul class=\"blocks-gallery-grid\"><li class=\"blocks-gallery-item\"><figure><img loading=\"lazy\" decoding=\"async\" width=\"2000\" height=\"1333\" src=\"http:\/\/www.canariasviaja.com\/viajaresvivir\/wp-content\/uploads\/2020\/12\/objetosexpo.jpg\" alt=\"\" data-id=\"5716\" data-full-url=\"http:\/\/www.canariasviaja.com\/viajaresvivir\/wp-content\/uploads\/2020\/12\/objetosexpo.jpg\" data-link=\"http:\/\/www.canariasviaja.com\/viajaresvivir\/?attachment_id=5716#main\" class=\"wp-image-5716\" srcset=\"https:\/\/www.canariasviaja.com\/viajaresvivir\/wp-content\/uploads\/2020\/12\/objetosexpo.jpg 2000w, https:\/\/www.canariasviaja.com\/viajaresvivir\/wp-content\/uploads\/2020\/12\/objetosexpo-300x200.jpg 300w, https:\/\/www.canariasviaja.com\/viajaresvivir\/wp-content\/uploads\/2020\/12\/objetosexpo-768x512.jpg 768w, https:\/\/www.canariasviaja.com\/viajaresvivir\/wp-content\/uploads\/2020\/12\/objetosexpo-1536x1024.jpg 1536w, https:\/\/www.canariasviaja.com\/viajaresvivir\/wp-content\/uploads\/2020\/12\/objetosexpo-1200x800.jpg 1200w, https:\/\/www.canariasviaja.com\/viajaresvivir\/wp-content\/uploads\/2020\/12\/objetosexpo-1620x1080.jpg 1620w\" sizes=\"(max-width: 2000px) 100vw, 2000px\" \/><\/figure><\/li><li class=\"blocks-gallery-item\"><figure><img loading=\"lazy\" decoding=\"async\" width=\"683\" height=\"1024\" src=\"http:\/\/www.canariasviaja.com\/viajaresvivir\/wp-content\/uploads\/2020\/12\/cartelfortunata3.jpg\" alt=\"\" data-id=\"5695\" data-full-url=\"http:\/\/www.canariasviaja.com\/viajaresvivir\/wp-content\/uploads\/2020\/12\/cartelfortunata3.jpg\" data-link=\"http:\/\/www.canariasviaja.com\/viajaresvivir\/?attachment_id=5695#main\" class=\"wp-image-5695\" srcset=\"https:\/\/www.canariasviaja.com\/viajaresvivir\/wp-content\/uploads\/2020\/12\/cartelfortunata3.jpg 683w, https:\/\/www.canariasviaja.com\/viajaresvivir\/wp-content\/uploads\/2020\/12\/cartelfortunata3-200x300.jpg 200w\" sizes=\"(max-width: 683px) 100vw, 683px\" \/><\/figure><\/li><\/ul><\/figure>\n\n\n\n<h2 class=\"wp-block-heading\">Gald\u00f3s por las calles de Las Palmas de Gran Canaria<\/h2>\n\n\n\n<p>Gald\u00f3s siempre retrat\u00f3 a la gente de a pie. En la ciudad hay calles que recuerdan sus obras y personajes, un instituto lleva su nombre, y tambi\u00e9n un museo. Y aqu\u00ed una curiosidad. Pl\u00e1cido Checa Fajardo y Pablo Checa Merino nos cuentan que en 1873 comenz\u00f3 la construcci\u00f3n del <strong>Teatro Tirso de <\/strong>Molina con la oposici\u00f3n de muchos ciudadanos, incluido el propio Gald\u00f3s. El joven incluso escribi\u00f3 un poema y muchos dibujos criticando su construcci\u00f3n en un lugar ruidoso y pegado al mar. Ir\u00f3nicamente, \u201cel teatro caricaturizado por Gald\u00f3s termin\u00f3 por llevar su nombre\u201d.&nbsp;<\/p>\n\n\n\n<div class=\"wp-block-image\"><figure class=\"aligncenter size-large is-resized\"><img decoding=\"async\" src=\"http:\/\/www.canariasviaja.com\/viajaresvivir\/wp-content\/uploads\/2020\/12\/teatroperezgaldos5.jpg\" alt=\"Teatro P\u00e9rez Gald\u00f3s\" class=\"wp-image-5722\" width=\"400\" srcset=\"https:\/\/www.canariasviaja.com\/viajaresvivir\/wp-content\/uploads\/2020\/12\/teatroperezgaldos5.jpg 683w, https:\/\/www.canariasviaja.com\/viajaresvivir\/wp-content\/uploads\/2020\/12\/teatroperezgaldos5-200x300.jpg 200w\" sizes=\"(max-width: 683px) 100vw, 683px\" \/><\/figure><\/div>\n\n\n\n<p>Recorriendo su infancia, Benito P\u00e9rez Gald\u00f3s fue bautizado en la <strong>Iglesia de San Francisco<\/strong>, recibi\u00f3 clases de dibujo en la Academia del <strong>Gabinete Literario<\/strong> y estudi\u00f3 en el colegio de <strong>San Agust\u00edn,<\/strong> donde desarroll\u00f3 sus dotes para el periodismo, la literatura y el dibujo. Era una \u00e9poca, a mediados del siglo XIX, en la que la ciudad estaba formada por dos barrios: <strong>Vegueta y Triana,<\/strong> separados por el barranco Guiniguada, cuando a\u00fan corr\u00eda agua, y unidos por puentes ahora ya destruidos.&nbsp;<\/p>\n\n\n\n<figure class=\"wp-block-gallery columns-3 is-cropped wp-block-gallery-4 is-layout-flex wp-block-gallery-is-layout-flex\"><ul class=\"blocks-gallery-grid\"><li class=\"blocks-gallery-item\"><figure><img loading=\"lazy\" decoding=\"async\" width=\"683\" height=\"1024\" src=\"http:\/\/www.canariasviaja.com\/viajaresvivir\/wp-content\/uploads\/2020\/12\/sanagustin3.jpg\" alt=\"Colegio San Agust\u00edn\" data-id=\"5718\" data-full-url=\"http:\/\/www.canariasviaja.com\/viajaresvivir\/wp-content\/uploads\/2020\/12\/sanagustin3.jpg\" data-link=\"http:\/\/www.canariasviaja.com\/viajaresvivir\/?attachment_id=5718#main\" class=\"wp-image-5718\" srcset=\"https:\/\/www.canariasviaja.com\/viajaresvivir\/wp-content\/uploads\/2020\/12\/sanagustin3.jpg 683w, https:\/\/www.canariasviaja.com\/viajaresvivir\/wp-content\/uploads\/2020\/12\/sanagustin3-200x300.jpg 200w\" sizes=\"(max-width: 683px) 100vw, 683px\" \/><\/figure><\/li><li class=\"blocks-gallery-item\"><figure><img loading=\"lazy\" decoding=\"async\" width=\"683\" height=\"1024\" src=\"http:\/\/www.canariasviaja.com\/viajaresvivir\/wp-content\/uploads\/2020\/12\/teatroperezgaldos7.jpg\" alt=\"\" data-id=\"5723\" data-full-url=\"http:\/\/www.canariasviaja.com\/viajaresvivir\/wp-content\/uploads\/2020\/12\/teatroperezgaldos7.jpg\" data-link=\"http:\/\/www.canariasviaja.com\/viajaresvivir\/?attachment_id=5723#main\" class=\"wp-image-5723\" srcset=\"https:\/\/www.canariasviaja.com\/viajaresvivir\/wp-content\/uploads\/2020\/12\/teatroperezgaldos7.jpg 683w, https:\/\/www.canariasviaja.com\/viajaresvivir\/wp-content\/uploads\/2020\/12\/teatroperezgaldos7-200x300.jpg 200w\" sizes=\"(max-width: 683px) 100vw, 683px\" \/><\/figure><\/li><li class=\"blocks-gallery-item\"><figure><img loading=\"lazy\" decoding=\"async\" width=\"683\" height=\"1024\" src=\"http:\/\/www.canariasviaja.com\/viajaresvivir\/wp-content\/uploads\/2020\/12\/museocanario.jpg\" alt=\"Museo Canario\" data-id=\"5715\" data-full-url=\"http:\/\/www.canariasviaja.com\/viajaresvivir\/wp-content\/uploads\/2020\/12\/museocanario.jpg\" data-link=\"http:\/\/www.canariasviaja.com\/viajaresvivir\/?attachment_id=5715#main\" class=\"wp-image-5715\" srcset=\"https:\/\/www.canariasviaja.com\/viajaresvivir\/wp-content\/uploads\/2020\/12\/museocanario.jpg 683w, https:\/\/www.canariasviaja.com\/viajaresvivir\/wp-content\/uploads\/2020\/12\/museocanario-200x300.jpg 200w\" sizes=\"(max-width: 683px) 100vw, 683px\" \/><\/figure><\/li><li class=\"blocks-gallery-item\"><figure><img loading=\"lazy\" decoding=\"async\" width=\"1024\" height=\"683\" src=\"http:\/\/www.canariasviaja.com\/viajaresvivir\/wp-content\/uploads\/2020\/12\/callesdevegueta.jpg\" alt=\"Calles de Vegueta\" data-id=\"5693\" data-full-url=\"http:\/\/www.canariasviaja.com\/viajaresvivir\/wp-content\/uploads\/2020\/12\/callesdevegueta.jpg\" data-link=\"http:\/\/www.canariasviaja.com\/viajaresvivir\/?attachment_id=5693#main\" class=\"wp-image-5693\" srcset=\"https:\/\/www.canariasviaja.com\/viajaresvivir\/wp-content\/uploads\/2020\/12\/callesdevegueta.jpg 1024w, https:\/\/www.canariasviaja.com\/viajaresvivir\/wp-content\/uploads\/2020\/12\/callesdevegueta-300x200.jpg 300w, https:\/\/www.canariasviaja.com\/viajaresvivir\/wp-content\/uploads\/2020\/12\/callesdevegueta-768x512.jpg 768w\" sizes=\"(max-width: 1024px) 100vw, 1024px\" \/><\/figure><\/li><\/ul><\/figure>\n\n\n\n<p>Ah, se me olvidaba, tambi\u00e9n lleva su nombre <strong>mi calle preferida de la ciudad.<\/strong> En ella puedes encontrar algunas de las <strong>tiendas, restaurantes, cafeter\u00edas y edificios m\u00e1s bellos de Las Palmas de Gran Canaria<\/strong>. Seguro que m\u00e1s de un aspirante a escritor o escritora se sentar\u00e1 en alguno de sus caf\u00e9s, espiando, como Gald\u00f3s, conversaciones ajenas de las que nacer\u00e1n novelas. Ojal\u00e1 sea as\u00ed.&nbsp;<\/p>\n\n\n\n<figure class=\"wp-block-image size-large\"><img loading=\"lazy\" decoding=\"async\" width=\"1024\" height=\"1024\" src=\"https:\/\/www.canariasviaja.com\/viajaresvivir\/wp-content\/uploads\/2020\/12\/chicacafeteriaenlacalleperezgaldos-1.jpg\" alt=\"\" class=\"wp-image-5725\" srcset=\"https:\/\/www.canariasviaja.com\/viajaresvivir\/wp-content\/uploads\/2020\/12\/chicacafeteriaenlacalleperezgaldos-1.jpg 1024w, https:\/\/www.canariasviaja.com\/viajaresvivir\/wp-content\/uploads\/2020\/12\/chicacafeteriaenlacalleperezgaldos-1-300x300.jpg 300w, https:\/\/www.canariasviaja.com\/viajaresvivir\/wp-content\/uploads\/2020\/12\/chicacafeteriaenlacalleperezgaldos-1-150x150.jpg 150w, https:\/\/www.canariasviaja.com\/viajaresvivir\/wp-content\/uploads\/2020\/12\/chicacafeteriaenlacalleperezgaldos-1-768x768.jpg 768w\" sizes=\"(max-width: 1024px) 100vw, 1024px\" \/><\/figure>\n\n\n\n<hr class=\"wp-block-separator\"\/>\n\n\n\n<p>Luc\u00eda Mart\u00ednez, periodista, fot\u00f3grafa y editora del blog <a rel=\"noreferrer noopener\" href=\"https:\/\/deandarporcasas.blogspot.com\/\" target=\"_blank\"><strong>De andar por casas<\/strong><\/a>. El blog naci\u00f3 hace a\u00f1os, en un principio sobre decoraci\u00f3n, y hoy en d\u00eda est\u00e1 dedicado esencialmente a potenciar los negocios locales de Las Palmas de Gran Canaria.<\/p>\n\n\n\n<hr class=\"wp-block-separator is-style-wide\"\/>\n\n\n\n<p>\u00bfTe gustar\u00eda disfrutar de este paseo? Te hemos preparado una <a href=\"https:\/\/bit.ly\/3qgkTbL\"><strong>oferta irresistible <\/strong><\/a>para que disfrutes de Las <strong>Palmas de Gran Canaria<\/strong>.<\/p>\n","protected":false},"excerpt":{"rendered":"<p>Benito P\u00e9rez Gald\u00f3s vuelve a pasearse por las calles de Las Palmas de Gran Canaria con motivo del centenario de su muerte.<\/p>\n","protected":false},"author":42,"featured_media":5709,"comment_status":"open","ping_status":"open","sticky":false,"template":"","format":"standard","meta":{"_acf_changed":false,"sfsi_plus_gutenberg_text_before_share":"","sfsi_plus_gutenberg_show_text_before_share":"","sfsi_plus_gutenberg_icon_type":"","sfsi_plus_gutenberg_icon_alignemt":"","sfsi_plus_gutenburg_max_per_row":"","footnotes":""},"categories":[9,124,8,123,10],"tags":[660,264,661,263,604],"class_list":["post-5691","post","type-post","status-publish","format-standard","has-post-thumbnail","hentry","category-canarias","category-descubre","category-diariodeviaje","category-explora","category-historias-viajeras","tag-benito-perez-galdos","tag-cultura","tag-escapada-cultural","tag-escapada-urbana","tag-las-palmas-de-gran-canaria"],"acf":[],"yoast_head":"<!-- This site is optimized with the Yoast SEO plugin v24.1 - https:\/\/yoast.com\/wordpress\/plugins\/seo\/ -->\n<title>Un paseo con Gald\u00f3s - Viajar es vivir<\/title>\n<meta name=\"description\" content=\"Benito P\u00e9rez Gald\u00f3s vuelve a su ciudad natal a celebrar el centenario de su muerte. Paseamos por su casa museo y por rincones de la ciudad que le recuerdan.\" \/>\n<meta name=\"robots\" content=\"index, follow, max-snippet:-1, max-image-preview:large, max-video-preview:-1\" \/>\n<link rel=\"canonical\" href=\"https:\/\/www.canariasviaja.com\/viajaresvivir\/un-paseo-con-benito-perez-galdos\/\" \/>\n<meta property=\"og:locale\" content=\"es_ES\" \/>\n<meta property=\"og:type\" content=\"article\" \/>\n<meta property=\"og:title\" content=\"Un paseo con Gald\u00f3s - Viajar es vivir\" \/>\n<meta property=\"og:description\" content=\"Benito P\u00e9rez Gald\u00f3s vuelve a su ciudad natal a celebrar el centenario de su muerte. Paseamos por su casa museo y por rincones de la ciudad que le recuerdan.\" \/>\n<meta property=\"og:url\" content=\"https:\/\/www.canariasviaja.com\/viajaresvivir\/un-paseo-con-benito-perez-galdos\/\" \/>\n<meta property=\"og:site_name\" content=\"Viajar es vivir\" \/>\n<meta property=\"article:published_time\" content=\"2020-12-01T13:31:53+00:00\" \/>\n<meta property=\"article:modified_time\" content=\"2020-12-03T11:02:55+00:00\" \/>\n<meta property=\"og:image\" content=\"https:\/\/www.canariasviaja.com\/viajaresvivir\/wp-content\/uploads\/2020\/12\/galdosenescaparates.jpg\" \/>\n\t<meta property=\"og:image:width\" content=\"2000\" \/>\n\t<meta property=\"og:image:height\" content=\"1333\" \/>\n\t<meta property=\"og:image:type\" content=\"image\/jpeg\" \/>\n<meta name=\"author\" content=\"Luc\u00eda Mart\u00ednez\" \/>\n<meta name=\"twitter:card\" content=\"summary_large_image\" \/>\n<meta name=\"twitter:label1\" content=\"Escrito por\" \/>\n\t<meta name=\"twitter:data1\" content=\"Luc\u00eda Mart\u00ednez\" \/>\n\t<meta name=\"twitter:label2\" content=\"Tiempo de lectura\" \/>\n\t<meta name=\"twitter:data2\" content=\"4 minutos\" \/>\n<script type=\"application\/ld+json\" class=\"yoast-schema-graph\">{\"@context\":\"https:\/\/schema.org\",\"@graph\":[{\"@type\":\"WebPage\",\"@id\":\"https:\/\/www.canariasviaja.com\/viajaresvivir\/un-paseo-con-benito-perez-galdos\/\",\"url\":\"https:\/\/www.canariasviaja.com\/viajaresvivir\/un-paseo-con-benito-perez-galdos\/\",\"name\":\"Un paseo con Gald\u00f3s - Viajar es vivir\",\"isPartOf\":{\"@id\":\"https:\/\/www.canariasviaja.com\/viajaresvivir\/#website\"},\"primaryImageOfPage\":{\"@id\":\"https:\/\/www.canariasviaja.com\/viajaresvivir\/un-paseo-con-benito-perez-galdos\/#primaryimage\"},\"image\":{\"@id\":\"https:\/\/www.canariasviaja.com\/viajaresvivir\/un-paseo-con-benito-perez-galdos\/#primaryimage\"},\"thumbnailUrl\":\"https:\/\/www.canariasviaja.com\/viajaresvivir\/wp-content\/uploads\/2020\/12\/galdosenescaparates.jpg\",\"datePublished\":\"2020-12-01T13:31:53+00:00\",\"dateModified\":\"2020-12-03T11:02:55+00:00\",\"author\":{\"@id\":\"https:\/\/www.canariasviaja.com\/viajaresvivir\/#\/schema\/person\/74a8e10e4163e2074d0e1c91e466e629\"},\"description\":\"Benito P\u00e9rez Gald\u00f3s vuelve a su ciudad natal a celebrar el centenario de su muerte. Paseamos por su casa museo y por rincones de la ciudad que le recuerdan.\",\"breadcrumb\":{\"@id\":\"https:\/\/www.canariasviaja.com\/viajaresvivir\/un-paseo-con-benito-perez-galdos\/#breadcrumb\"},\"inLanguage\":\"es\",\"potentialAction\":[{\"@type\":\"ReadAction\",\"target\":[\"https:\/\/www.canariasviaja.com\/viajaresvivir\/un-paseo-con-benito-perez-galdos\/\"]}]},{\"@type\":\"ImageObject\",\"inLanguage\":\"es\",\"@id\":\"https:\/\/www.canariasviaja.com\/viajaresvivir\/un-paseo-con-benito-perez-galdos\/#primaryimage\",\"url\":\"https:\/\/www.canariasviaja.com\/viajaresvivir\/wp-content\/uploads\/2020\/12\/galdosenescaparates.jpg\",\"contentUrl\":\"https:\/\/www.canariasviaja.com\/viajaresvivir\/wp-content\/uploads\/2020\/12\/galdosenescaparates.jpg\",\"width\":2000,\"height\":1333,\"caption\":\"Benito P\u00e9rez Gald\u00f3s en escaparate\"},{\"@type\":\"BreadcrumbList\",\"@id\":\"https:\/\/www.canariasviaja.com\/viajaresvivir\/un-paseo-con-benito-perez-galdos\/#breadcrumb\",\"itemListElement\":[{\"@type\":\"ListItem\",\"position\":1,\"name\":\"Portada\",\"item\":\"https:\/\/www.canariasviaja.com\/viajaresvivir\/\"},{\"@type\":\"ListItem\",\"position\":2,\"name\":\"Un paseo con Gald\u00f3s\"}]},{\"@type\":\"WebSite\",\"@id\":\"https:\/\/www.canariasviaja.com\/viajaresvivir\/#website\",\"url\":\"https:\/\/www.canariasviaja.com\/viajaresvivir\/\",\"name\":\"Viajar es vivir\",\"description\":\"El blog de viajes y estilo de vida de CanariasViaja\",\"potentialAction\":[{\"@type\":\"SearchAction\",\"target\":{\"@type\":\"EntryPoint\",\"urlTemplate\":\"https:\/\/www.canariasviaja.com\/viajaresvivir\/?s={search_term_string}\"},\"query-input\":{\"@type\":\"PropertyValueSpecification\",\"valueRequired\":true,\"valueName\":\"search_term_string\"}}],\"inLanguage\":\"es\"},{\"@type\":\"Person\",\"@id\":\"https:\/\/www.canariasviaja.com\/viajaresvivir\/#\/schema\/person\/74a8e10e4163e2074d0e1c91e466e629\",\"name\":\"Luc\u00eda Mart\u00ednez\",\"image\":{\"@type\":\"ImageObject\",\"inLanguage\":\"es\",\"@id\":\"https:\/\/www.canariasviaja.com\/viajaresvivir\/#\/schema\/person\/image\/\",\"url\":\"https:\/\/secure.gravatar.com\/avatar\/2ec0c3a795c0b670d1e639e386a30d33?s=96&d=mm&r=g\",\"contentUrl\":\"https:\/\/secure.gravatar.com\/avatar\/2ec0c3a795c0b670d1e639e386a30d33?s=96&d=mm&r=g\",\"caption\":\"Luc\u00eda Mart\u00ednez\"},\"url\":\"https:\/\/www.canariasviaja.com\/viajaresvivir\/author\/lucia-martinez\/\"}]}<\/script>\n<!-- \/ Yoast SEO plugin. -->","yoast_head_json":{"title":"Un paseo con Gald\u00f3s - Viajar es vivir","description":"Benito P\u00e9rez Gald\u00f3s vuelve a su ciudad natal a celebrar el centenario de su muerte. Paseamos por su casa museo y por rincones de la ciudad que le recuerdan.","robots":{"index":"index","follow":"follow","max-snippet":"max-snippet:-1","max-image-preview":"max-image-preview:large","max-video-preview":"max-video-preview:-1"},"canonical":"https:\/\/www.canariasviaja.com\/viajaresvivir\/un-paseo-con-benito-perez-galdos\/","og_locale":"es_ES","og_type":"article","og_title":"Un paseo con Gald\u00f3s - Viajar es vivir","og_description":"Benito P\u00e9rez Gald\u00f3s vuelve a su ciudad natal a celebrar el centenario de su muerte. Paseamos por su casa museo y por rincones de la ciudad que le recuerdan.","og_url":"https:\/\/www.canariasviaja.com\/viajaresvivir\/un-paseo-con-benito-perez-galdos\/","og_site_name":"Viajar es vivir","article_published_time":"2020-12-01T13:31:53+00:00","article_modified_time":"2020-12-03T11:02:55+00:00","og_image":[{"width":2000,"height":1333,"url":"https:\/\/www.canariasviaja.com\/viajaresvivir\/wp-content\/uploads\/2020\/12\/galdosenescaparates.jpg","type":"image\/jpeg"}],"author":"Luc\u00eda Mart\u00ednez","twitter_card":"summary_large_image","twitter_misc":{"Escrito por":"Luc\u00eda Mart\u00ednez","Tiempo de lectura":"4 minutos"},"schema":{"@context":"https:\/\/schema.org","@graph":[{"@type":"WebPage","@id":"https:\/\/www.canariasviaja.com\/viajaresvivir\/un-paseo-con-benito-perez-galdos\/","url":"https:\/\/www.canariasviaja.com\/viajaresvivir\/un-paseo-con-benito-perez-galdos\/","name":"Un paseo con Gald\u00f3s - Viajar es vivir","isPartOf":{"@id":"https:\/\/www.canariasviaja.com\/viajaresvivir\/#website"},"primaryImageOfPage":{"@id":"https:\/\/www.canariasviaja.com\/viajaresvivir\/un-paseo-con-benito-perez-galdos\/#primaryimage"},"image":{"@id":"https:\/\/www.canariasviaja.com\/viajaresvivir\/un-paseo-con-benito-perez-galdos\/#primaryimage"},"thumbnailUrl":"https:\/\/www.canariasviaja.com\/viajaresvivir\/wp-content\/uploads\/2020\/12\/galdosenescaparates.jpg","datePublished":"2020-12-01T13:31:53+00:00","dateModified":"2020-12-03T11:02:55+00:00","author":{"@id":"https:\/\/www.canariasviaja.com\/viajaresvivir\/#\/schema\/person\/74a8e10e4163e2074d0e1c91e466e629"},"description":"Benito P\u00e9rez Gald\u00f3s vuelve a su ciudad natal a celebrar el centenario de su muerte. Paseamos por su casa museo y por rincones de la ciudad que le recuerdan.","breadcrumb":{"@id":"https:\/\/www.canariasviaja.com\/viajaresvivir\/un-paseo-con-benito-perez-galdos\/#breadcrumb"},"inLanguage":"es","potentialAction":[{"@type":"ReadAction","target":["https:\/\/www.canariasviaja.com\/viajaresvivir\/un-paseo-con-benito-perez-galdos\/"]}]},{"@type":"ImageObject","inLanguage":"es","@id":"https:\/\/www.canariasviaja.com\/viajaresvivir\/un-paseo-con-benito-perez-galdos\/#primaryimage","url":"https:\/\/www.canariasviaja.com\/viajaresvivir\/wp-content\/uploads\/2020\/12\/galdosenescaparates.jpg","contentUrl":"https:\/\/www.canariasviaja.com\/viajaresvivir\/wp-content\/uploads\/2020\/12\/galdosenescaparates.jpg","width":2000,"height":1333,"caption":"Benito P\u00e9rez Gald\u00f3s en escaparate"},{"@type":"BreadcrumbList","@id":"https:\/\/www.canariasviaja.com\/viajaresvivir\/un-paseo-con-benito-perez-galdos\/#breadcrumb","itemListElement":[{"@type":"ListItem","position":1,"name":"Portada","item":"https:\/\/www.canariasviaja.com\/viajaresvivir\/"},{"@type":"ListItem","position":2,"name":"Un paseo con Gald\u00f3s"}]},{"@type":"WebSite","@id":"https:\/\/www.canariasviaja.com\/viajaresvivir\/#website","url":"https:\/\/www.canariasviaja.com\/viajaresvivir\/","name":"Viajar es vivir","description":"El blog de viajes y estilo de vida de CanariasViaja","potentialAction":[{"@type":"SearchAction","target":{"@type":"EntryPoint","urlTemplate":"https:\/\/www.canariasviaja.com\/viajaresvivir\/?s={search_term_string}"},"query-input":{"@type":"PropertyValueSpecification","valueRequired":true,"valueName":"search_term_string"}}],"inLanguage":"es"},{"@type":"Person","@id":"https:\/\/www.canariasviaja.com\/viajaresvivir\/#\/schema\/person\/74a8e10e4163e2074d0e1c91e466e629","name":"Luc\u00eda Mart\u00ednez","image":{"@type":"ImageObject","inLanguage":"es","@id":"https:\/\/www.canariasviaja.com\/viajaresvivir\/#\/schema\/person\/image\/","url":"https:\/\/secure.gravatar.com\/avatar\/2ec0c3a795c0b670d1e639e386a30d33?s=96&d=mm&r=g","contentUrl":"https:\/\/secure.gravatar.com\/avatar\/2ec0c3a795c0b670d1e639e386a30d33?s=96&d=mm&r=g","caption":"Luc\u00eda Mart\u00ednez"},"url":"https:\/\/www.canariasviaja.com\/viajaresvivir\/author\/lucia-martinez\/"}]}},"_links":{"self":[{"href":"https:\/\/www.canariasviaja.com\/viajaresvivir\/wp-json\/wp\/v2\/posts\/5691"}],"collection":[{"href":"https:\/\/www.canariasviaja.com\/viajaresvivir\/wp-json\/wp\/v2\/posts"}],"about":[{"href":"https:\/\/www.canariasviaja.com\/viajaresvivir\/wp-json\/wp\/v2\/types\/post"}],"author":[{"embeddable":true,"href":"https:\/\/www.canariasviaja.com\/viajaresvivir\/wp-json\/wp\/v2\/users\/42"}],"replies":[{"embeddable":true,"href":"https:\/\/www.canariasviaja.com\/viajaresvivir\/wp-json\/wp\/v2\/comments?post=5691"}],"version-history":[{"count":10,"href":"https:\/\/www.canariasviaja.com\/viajaresvivir\/wp-json\/wp\/v2\/posts\/5691\/revisions"}],"predecessor-version":[{"id":5748,"href":"https:\/\/www.canariasviaja.com\/viajaresvivir\/wp-json\/wp\/v2\/posts\/5691\/revisions\/5748"}],"wp:featuredmedia":[{"embeddable":true,"href":"https:\/\/www.canariasviaja.com\/viajaresvivir\/wp-json\/wp\/v2\/media\/5709"}],"wp:attachment":[{"href":"https:\/\/www.canariasviaja.com\/viajaresvivir\/wp-json\/wp\/v2\/media?parent=5691"}],"wp:term":[{"taxonomy":"category","embeddable":true,"href":"https:\/\/www.canariasviaja.com\/viajaresvivir\/wp-json\/wp\/v2\/categories?post=5691"},{"taxonomy":"post_tag","embeddable":true,"href":"https:\/\/www.canariasviaja.com\/viajaresvivir\/wp-json\/wp\/v2\/tags?post=5691"}],"curies":[{"name":"wp","href":"https:\/\/api.w.org\/{rel}","templated":true}]}}