{"id":5749,"date":"2020-12-08T12:06:52","date_gmt":"2020-12-08T12:06:52","guid":{"rendered":"http:\/\/www.canariasviaja.com\/viajaresvivir\/?p=5749"},"modified":"2020-12-08T21:22:32","modified_gmt":"2020-12-08T21:22:32","slug":"sabores-de-la-gomera-con-ancor-sanchez","status":"publish","type":"post","link":"https:\/\/www.canariasviaja.com\/viajaresvivir\/sabores-de-la-gomera-con-ancor-sanchez\/","title":{"rendered":"Sabores de La Gomera, con Ancor S\u00e1nchez"},"content":{"rendered":"\n<p>Ancor S\u00e1nchez lleg\u00f3 a La Gomera hace 25 a\u00f1os a visitar a su hermana que hab\u00eda empezado a trabajar en la isla. Lo que iba a ser una visita de unos d\u00edas se convirti\u00f3 en un mes y luego en toda una vida. &nbsp;Dej\u00f3 Gran Canaria, y se qued\u00f3 en La Gomera a terminar sus estudios de hosteler\u00eda, para luego empezar a trabajar en lo suyo, la cocina. Desde hace 14 a\u00f1os est\u00e1 al frente del <strong><a href=\"https:\/\/www.tripadvisor.es\/Restaurant_Review-g187470-d2034229-Reviews-La_Salamandra-San_Sebastian_de_la_Gomera_La_Gomera_Canary_Islands.html\" target=\"_blank\" rel=\"noreferrer noopener\">gastro-bar La Salamandra<\/a><\/strong>, un proyecto que le ha permitido evolucionar como cocinero y en el que pone su amor y pasi\u00f3n por el oficio.<\/p>\n\n\n\n<p>Es un cocinero vocacional, formado en hosteler\u00eda, y que lleva tras los fogones 21 a\u00f1os. Le gusta superarse y aprender, para eso se nutre de libros, v\u00eddeos y tambi\u00e9n de la experiencia de otros cocineros amigos de otras islas, con los que ha celebrado <strong>Jornadas Gastron\u00f3micas en La Gomera<\/strong> durante a\u00f1os.<\/p>\n\n\n\n<div class=\"wp-block-image\"><figure class=\"aligncenter size-large is-resized\"><img decoding=\"async\" src=\"https:\/\/www.canariasviaja.com\/viajaresvivir\/wp-content\/uploads\/2020\/12\/Ancor-Sanchez.jpg\" alt=\"\" class=\"wp-image-5753\" width=\"400\" srcset=\"https:\/\/www.canariasviaja.com\/viajaresvivir\/wp-content\/uploads\/2020\/12\/Ancor-Sanchez.jpg 681w, https:\/\/www.canariasviaja.com\/viajaresvivir\/wp-content\/uploads\/2020\/12\/Ancor-Sanchez-200x300.jpg 200w\" sizes=\"(max-width: 681px) 100vw, 681px\" \/><\/figure><\/div>\n\n\n\n<h2 class=\"wp-block-heading\">Sabores de La Gomera con un toque personal<\/h2>\n\n\n\n<p>En su cocina encontramos algunos de <strong>los sabores de La Gomera<\/strong>, que \u00e9l lleva a su terreno con su toque personal y nuevas t\u00e9cnicas. <strong>El gofio de Hermigua, la miel de palma, el queso curado gomero<\/strong>\u2026 se modernizan en sus elaboraciones en las que encontramos sabores de la tierra con un nuevo giro, como la crema de berros con espuma de queso gomero y picada de almendras. Para Ancor utilizar los productos locales <strong>es lo que dota de identidad a su cocina.<\/strong><\/p>\n\n\n\n<p>Sus platos tienen como base <strong>productos de cercan\u00eda<\/strong>, como las verduras que encarga a algunos agricultores locales o el pescado fresco que compra cada ma\u00f1ana en la pescader\u00eda de San Sebasti\u00e1n, aunque tambi\u00e9n trabaja con  con carnes de alta calidad que trae de fuera y con vinos de peque\u00f1as bodegas de Rioja, Toro, Ribera o Jumilla, que conviven con los vinos gomeros y alguno de Lanzarote<\/p>\n\n\n\n<p>Cuando es \u00e9poca, no puede faltar el <strong>cabrito<\/strong> de la isla, con el que prepara uno de los cl\u00e1sicos de su recetario: el <strong>cabrito confitado en especies \u00e1rabes<\/strong>. Una receta de su madre que ha reinterpretado con especies \u00e1rabes y catorce horas de cocci\u00f3n a baja temperatura, que dan como resultado una carne jugosa, tierna y llena de sabor.<\/p>\n\n\n\n<figure class=\"wp-block-image size-large\"><img loading=\"lazy\" decoding=\"async\" width=\"1024\" height=\"662\" src=\"http:\/\/www.canariasviaja.com\/viajaresvivir\/wp-content\/uploads\/2020\/12\/Cabrito-La-Salamandra-Ancor-sanchez.jpg\" alt=\"Cabrito confitado  La Gomera \" class=\"wp-image-5751\" srcset=\"https:\/\/www.canariasviaja.com\/viajaresvivir\/wp-content\/uploads\/2020\/12\/Cabrito-La-Salamandra-Ancor-sanchez.jpg 1024w, https:\/\/www.canariasviaja.com\/viajaresvivir\/wp-content\/uploads\/2020\/12\/Cabrito-La-Salamandra-Ancor-sanchez-300x194.jpg 300w, https:\/\/www.canariasviaja.com\/viajaresvivir\/wp-content\/uploads\/2020\/12\/Cabrito-La-Salamandra-Ancor-sanchez-768x497.jpg 768w\" sizes=\"(max-width: 1024px) 100vw, 1024px\" \/><\/figure>\n\n\n\n<p>Su carta var\u00eda con la temporada y solo se mantienen fijos algunos cl\u00e1sicos, como el cabrito o la <strong>milhoja de brandada de bacalao con&nbsp; miel del palma, <\/strong>que hacen regresar una y otra vez a su fiel clientela.<\/p>\n\n\n\n<div class=\"wp-block-image\"><figure class=\"aligncenter size-large is-resized\"><img decoding=\"async\" src=\"http:\/\/www.canariasviaja.com\/viajaresvivir\/wp-content\/uploads\/2020\/12\/Ancor2-1557x2000.jpg\" alt=\"Sabores de La Gomera La Salamandra\" class=\"wp-image-5750\" width=\"400\" srcset=\"https:\/\/www.canariasviaja.com\/viajaresvivir\/wp-content\/uploads\/2020\/12\/Ancor2-1557x2000.jpg 1557w, https:\/\/www.canariasviaja.com\/viajaresvivir\/wp-content\/uploads\/2020\/12\/Ancor2-233x300.jpg 233w, https:\/\/www.canariasviaja.com\/viajaresvivir\/wp-content\/uploads\/2020\/12\/Ancor2-768x987.jpg 768w, https:\/\/www.canariasviaja.com\/viajaresvivir\/wp-content\/uploads\/2020\/12\/Ancor2-1196x1536.jpg 1196w, https:\/\/www.canariasviaja.com\/viajaresvivir\/wp-content\/uploads\/2020\/12\/Ancor2-1594x2048.jpg 1594w, https:\/\/www.canariasviaja.com\/viajaresvivir\/wp-content\/uploads\/2020\/12\/Ancor2-1200x1542.jpg 1200w, https:\/\/www.canariasviaja.com\/viajaresvivir\/wp-content\/uploads\/2020\/12\/Ancor2-841x1080.jpg 841w, https:\/\/www.canariasviaja.com\/viajaresvivir\/wp-content\/uploads\/2020\/12\/Ancor2-scaled.jpg 1993w\" sizes=\"(max-width: 1557px) 100vw, 1557px\" \/><\/figure><\/div>\n\n\n\n<h2 class=\"wp-block-heading\">Tiempo de reinventarse<\/h2>\n\n\n\n<p>Ancor es un empresario inquieto que ha sabido adaptarse a los cambios que ha tra\u00eddo la pandemia. Ha estado cinco meses con el restaurante cerrado, pero los ha empleado en dar una vuelta a su negocio, diversificando, redimensionando y trasladando su restaurante a un nuevo local, en la <strong>Plaza de la Constituci\u00f3n, 14<\/strong>. Una casa terrera de 90 a\u00f1os en la que  conviven su <strong>helader\u00eda artesanal<\/strong>, donde prepara originales helados con productos locales y de temporada, como el <strong>helado de casta\u00f1as o el de reques\u00f3n con d\u00e1tiles<\/strong>; y su <strong>restaurante, <\/strong>que se ha adaptado a los nuevos tiempos, con s\u00f3lo cinco mesas y turnos de comida para atender a los comensales.<\/p>\n\n\n\n<p>En los pr\u00f3ximos meses se embarcar\u00e1 en una nueva aventura, ya que comenzar\u00e1 a producir <strong>mermeladas y chutneys elaboradas con frutas locales<\/strong> y con un toque m\u00e1s gastron\u00f3mico, como la mermelada de mango verde con canela y picante. Las podremos disfrutar acompa\u00f1ando algunos de los platos de su carta y para llevar.<\/p>\n\n\n\n<p>Tambi\u00e9n producir\u00e1 <strong>almogrote<\/strong>, del de verdad, con queso curado gomero que, aunque es muy m\u00e1s caro, &nbsp;le aporta texturas y aromas \u00fanicos. Un producto que ya es muy dif\u00edcil de encontrar en el mercado con la receta aut\u00e9ntica.<\/p>\n\n\n\n<h2 class=\"wp-block-heading\">Comer en La Gomera<\/h2>\n\n\n\n<p>Ancor echa de menos que no haya m\u00e1s restaurantes en la isla con toque personal, en los que se note la pasi\u00f3n de los cocineros. La <strong>oferta gastron\u00f3mica de la isla<\/strong> no es tan interesante como le gustar\u00eda, ya que ser\u00eda un gran incentivo para los turistas que la visitan y para la gente local.<\/p>\n\n\n\n<p>Lamenta que <strong>negocios familiares<\/strong> como <strong>La Caba\u00f1a<\/strong> hayan cerrado despu\u00e9s de 40 a\u00f1os. Uno de esos restaurantes de cocina sencilla pero que hab\u00edan sabido mantener su esencia a lo largo de los a\u00f1os, y a los que la gente de la isla y los visitantes acud\u00edan religiosamente cuando pasaban por San Sebasti\u00e1n para comer conejo asado o muslos de pollo a la brasa acompa\u00f1ados por una ensalada mixta de productos reci\u00e9n cogidos en la huerta.<\/p>\n\n\n\n<p>Ancor se prepara para ir a hacer las compras antes de meterse a trabajar en las cocinas de&nbsp; La Salamandra. Su trabajo diario ha ido recogiendo frutos, como el <strong>premio al mejor restaurante de cocina canaria en 2020<\/strong>, el de <strong>mejor gastrobar de Canarias<\/strong> en 2018 o llevar dos a\u00f1os incluido como \u00fanica recomendaci\u00f3n de la <strong><a href=\"https:\/\/www.guiarepsol.com\/es\/fichas\/restaurante\/la-salamandra-129935\/\" target=\"_blank\" rel=\"noreferrer noopener\">Gu\u00eda Repsol<\/a><\/strong> en La Gomera. Pero para \u00e9l los premios son satisfactorios pero no son su motor. A \u00e9l lo que le mueve es cuidar la materia prima y que su cliente salga contento y tenga ganas de regresar.<\/p>\n\n\n\n<div class=\"wp-block-image\"><figure class=\"aligncenter size-large is-resized\"><img decoding=\"async\" src=\"http:\/\/www.canariasviaja.com\/viajaresvivir\/wp-content\/uploads\/2020\/03\/Camino-en-laurisilva.jpg\" alt=\"\" class=\"wp-image-3229\" width=\"400\" srcset=\"https:\/\/www.canariasviaja.com\/viajaresvivir\/wp-content\/uploads\/2020\/03\/Camino-en-laurisilva.jpg 684w, https:\/\/www.canariasviaja.com\/viajaresvivir\/wp-content\/uploads\/2020\/03\/Camino-en-laurisilva-200x300.jpg 200w\" sizes=\"(max-width: 684px) 100vw, 684px\" \/><\/figure><\/div>\n\n\n\n<p>No nos deja irnos de La Gomera sin comernos un buen <strong>potaje de berros<\/strong>. Aunque para \u00e9l el de su suegra es el m\u00e1s rico, nos invita a disfrutar de este manjar gomero en otra de las joyas de la isla, <strong><a href=\"https:\/\/www.canariasviaja.com\/viajaresvivir\/el-bosque-de-la-niebla-parque-nacional-de-garajonay\/\">El Cedro<\/a><\/strong>. Rodeados de naturaleza y con la humedad del bosque \u00a1sabe mejor!<\/p>\n\n\n\n<hr class=\"wp-block-separator\"\/>\n\n\n\n<p>\u00bfTe gustar\u00eda <strong>descubrir los sabores de La Gomera<\/strong>? He preparado una <strong><a href=\"https:\/\/bit.ly\/2VRYSls\" target=\"_blank\" rel=\"noreferrer noopener\">oferta irresistible<\/a><\/strong> para que los descubras.<\/p>\n","protected":false},"excerpt":{"rendered":"<p>Ancor S\u00e1nchez lleg\u00f3 a La Gomera hace 25 a\u00f1os a visitar a su hermana que hab\u00eda empezado a trabajar en la isla. Lo que iba a ser una visita de unos d\u00edas se convirti\u00f3 en un mes y luego en toda una vida. &nbsp;Dej\u00f3 Gran Canaria, y se qued\u00f3 en La Gomera a terminar sus estudios de hosteler\u00eda, para luego &hellip;<\/p>\n","protected":false},"author":2,"featured_media":5752,"comment_status":"open","ping_status":"open","sticky":false,"template":"","format":"standard","meta":{"_acf_changed":false,"sfsi_plus_gutenberg_text_before_share":"","sfsi_plus_gutenberg_show_text_before_share":"","sfsi_plus_gutenberg_icon_type":"","sfsi_plus_gutenberg_icon_alignemt":"","sfsi_plus_gutenburg_max_per_row":"","footnotes":""},"categories":[9,123,10,11,126],"tags":[662,663,151,488,651,601],"class_list":["post-5749","post","type-post","status-publish","format-standard","has-post-thumbnail","hentry","category-canarias","category-explora","category-historias-viajeras","category-postales","category-saborea","tag-ancor-sanchez","tag-cocinero","tag-gastronomia","tag-la-gomera","tag-personajes","tag-restaurantes"],"acf":[],"yoast_head":"<!-- This site is optimized with the Yoast SEO plugin v24.1 - https:\/\/yoast.com\/wordpress\/plugins\/seo\/ -->\n<title>Sabores de La Gomera, con Ancor S\u00e1nchez - Viajar es vivir<\/title>\n<meta name=\"description\" content=\"Descubre los sabores de La Gomera con el cocinero Ancor S\u00e1nchez, del gastro-bar La Salamandra. Sabores tradicionales tra\u00eddos al siglo XXI.\" \/>\n<meta name=\"robots\" content=\"index, follow, max-snippet:-1, max-image-preview:large, max-video-preview:-1\" \/>\n<link rel=\"canonical\" href=\"https:\/\/www.canariasviaja.com\/viajaresvivir\/sabores-de-la-gomera-con-ancor-sanchez\/\" \/>\n<meta property=\"og:locale\" content=\"es_ES\" \/>\n<meta property=\"og:type\" content=\"article\" \/>\n<meta property=\"og:title\" content=\"Sabores de La Gomera, con Ancor S\u00e1nchez - Viajar es vivir\" \/>\n<meta property=\"og:description\" content=\"Descubre los sabores de La Gomera con el cocinero Ancor S\u00e1nchez, del gastro-bar La Salamandra. Sabores tradicionales tra\u00eddos al siglo XXI.\" \/>\n<meta property=\"og:url\" content=\"https:\/\/www.canariasviaja.com\/viajaresvivir\/sabores-de-la-gomera-con-ancor-sanchez\/\" \/>\n<meta property=\"og:site_name\" content=\"Viajar es vivir\" \/>\n<meta property=\"article:published_time\" content=\"2020-12-08T12:06:52+00:00\" \/>\n<meta property=\"article:modified_time\" content=\"2020-12-08T21:22:32+00:00\" \/>\n<meta property=\"og:image\" content=\"https:\/\/www.canariasviaja.com\/viajaresvivir\/wp-content\/uploads\/2020\/12\/Sabores-de-La-Gomera-Ancor-Sanchez.jpg\" \/>\n\t<meta property=\"og:image:width\" content=\"2000\" \/>\n\t<meta property=\"og:image:height\" content=\"1381\" \/>\n\t<meta property=\"og:image:type\" content=\"image\/jpeg\" \/>\n<meta name=\"author\" content=\"Patri C\u00e1mpora\" \/>\n<meta name=\"twitter:card\" content=\"summary_large_image\" \/>\n<meta name=\"twitter:label1\" content=\"Escrito por\" \/>\n\t<meta name=\"twitter:data1\" content=\"Patri C\u00e1mpora\" \/>\n\t<meta name=\"twitter:label2\" content=\"Tiempo de lectura\" \/>\n\t<meta name=\"twitter:data2\" content=\"5 minutos\" \/>\n<script type=\"application\/ld+json\" class=\"yoast-schema-graph\">{\"@context\":\"https:\/\/schema.org\",\"@graph\":[{\"@type\":\"WebPage\",\"@id\":\"https:\/\/www.canariasviaja.com\/viajaresvivir\/sabores-de-la-gomera-con-ancor-sanchez\/\",\"url\":\"https:\/\/www.canariasviaja.com\/viajaresvivir\/sabores-de-la-gomera-con-ancor-sanchez\/\",\"name\":\"Sabores de La Gomera, con Ancor S\u00e1nchez - Viajar es vivir\",\"isPartOf\":{\"@id\":\"https:\/\/www.canariasviaja.com\/viajaresvivir\/#website\"},\"primaryImageOfPage\":{\"@id\":\"https:\/\/www.canariasviaja.com\/viajaresvivir\/sabores-de-la-gomera-con-ancor-sanchez\/#primaryimage\"},\"image\":{\"@id\":\"https:\/\/www.canariasviaja.com\/viajaresvivir\/sabores-de-la-gomera-con-ancor-sanchez\/#primaryimage\"},\"thumbnailUrl\":\"https:\/\/www.canariasviaja.com\/viajaresvivir\/wp-content\/uploads\/2020\/12\/Sabores-de-La-Gomera-Ancor-Sanchez.jpg\",\"datePublished\":\"2020-12-08T12:06:52+00:00\",\"dateModified\":\"2020-12-08T21:22:32+00:00\",\"author\":{\"@id\":\"https:\/\/www.canariasviaja.com\/viajaresvivir\/#\/schema\/person\/085949651001325f1244a8bc1b34709c\"},\"description\":\"Descubre los sabores de La Gomera con el cocinero Ancor S\u00e1nchez, del gastro-bar La Salamandra. Sabores tradicionales tra\u00eddos al siglo XXI.\",\"breadcrumb\":{\"@id\":\"https:\/\/www.canariasviaja.com\/viajaresvivir\/sabores-de-la-gomera-con-ancor-sanchez\/#breadcrumb\"},\"inLanguage\":\"es\",\"potentialAction\":[{\"@type\":\"ReadAction\",\"target\":[\"https:\/\/www.canariasviaja.com\/viajaresvivir\/sabores-de-la-gomera-con-ancor-sanchez\/\"]}]},{\"@type\":\"ImageObject\",\"inLanguage\":\"es\",\"@id\":\"https:\/\/www.canariasviaja.com\/viajaresvivir\/sabores-de-la-gomera-con-ancor-sanchez\/#primaryimage\",\"url\":\"https:\/\/www.canariasviaja.com\/viajaresvivir\/wp-content\/uploads\/2020\/12\/Sabores-de-La-Gomera-Ancor-Sanchez.jpg\",\"contentUrl\":\"https:\/\/www.canariasviaja.com\/viajaresvivir\/wp-content\/uploads\/2020\/12\/Sabores-de-La-Gomera-Ancor-Sanchez.jpg\",\"width\":2000,\"height\":1381,\"caption\":\"Ancor Sanchez Sabores de La Gomera\"},{\"@type\":\"BreadcrumbList\",\"@id\":\"https:\/\/www.canariasviaja.com\/viajaresvivir\/sabores-de-la-gomera-con-ancor-sanchez\/#breadcrumb\",\"itemListElement\":[{\"@type\":\"ListItem\",\"position\":1,\"name\":\"Portada\",\"item\":\"https:\/\/www.canariasviaja.com\/viajaresvivir\/\"},{\"@type\":\"ListItem\",\"position\":2,\"name\":\"Sabores de La Gomera, con Ancor S\u00e1nchez\"}]},{\"@type\":\"WebSite\",\"@id\":\"https:\/\/www.canariasviaja.com\/viajaresvivir\/#website\",\"url\":\"https:\/\/www.canariasviaja.com\/viajaresvivir\/\",\"name\":\"Viajar es vivir\",\"description\":\"El blog de viajes y estilo de vida de CanariasViaja\",\"potentialAction\":[{\"@type\":\"SearchAction\",\"target\":{\"@type\":\"EntryPoint\",\"urlTemplate\":\"https:\/\/www.canariasviaja.com\/viajaresvivir\/?s={search_term_string}\"},\"query-input\":{\"@type\":\"PropertyValueSpecification\",\"valueRequired\":true,\"valueName\":\"search_term_string\"}}],\"inLanguage\":\"es\"},{\"@type\":\"Person\",\"@id\":\"https:\/\/www.canariasviaja.com\/viajaresvivir\/#\/schema\/person\/085949651001325f1244a8bc1b34709c\",\"name\":\"Patri C\u00e1mpora\",\"image\":{\"@type\":\"ImageObject\",\"inLanguage\":\"es\",\"@id\":\"https:\/\/www.canariasviaja.com\/viajaresvivir\/#\/schema\/person\/image\/\",\"url\":\"https:\/\/secure.gravatar.com\/avatar\/b2ce2c4086a5776e5310f57c1a2e5b4e?s=96&d=mm&r=g\",\"contentUrl\":\"https:\/\/secure.gravatar.com\/avatar\/b2ce2c4086a5776e5310f57c1a2e5b4e?s=96&d=mm&r=g\",\"caption\":\"Patri C\u00e1mpora\"},\"url\":\"https:\/\/www.canariasviaja.com\/viajaresvivir\/author\/patri\/\"}]}<\/script>\n<!-- \/ Yoast SEO plugin. -->","yoast_head_json":{"title":"Sabores de La Gomera, con Ancor S\u00e1nchez - Viajar es vivir","description":"Descubre los sabores de La Gomera con el cocinero Ancor S\u00e1nchez, del gastro-bar La Salamandra. Sabores tradicionales tra\u00eddos al siglo XXI.","robots":{"index":"index","follow":"follow","max-snippet":"max-snippet:-1","max-image-preview":"max-image-preview:large","max-video-preview":"max-video-preview:-1"},"canonical":"https:\/\/www.canariasviaja.com\/viajaresvivir\/sabores-de-la-gomera-con-ancor-sanchez\/","og_locale":"es_ES","og_type":"article","og_title":"Sabores de La Gomera, con Ancor S\u00e1nchez - Viajar es vivir","og_description":"Descubre los sabores de La Gomera con el cocinero Ancor S\u00e1nchez, del gastro-bar La Salamandra. Sabores tradicionales tra\u00eddos al siglo XXI.","og_url":"https:\/\/www.canariasviaja.com\/viajaresvivir\/sabores-de-la-gomera-con-ancor-sanchez\/","og_site_name":"Viajar es vivir","article_published_time":"2020-12-08T12:06:52+00:00","article_modified_time":"2020-12-08T21:22:32+00:00","og_image":[{"width":2000,"height":1381,"url":"https:\/\/www.canariasviaja.com\/viajaresvivir\/wp-content\/uploads\/2020\/12\/Sabores-de-La-Gomera-Ancor-Sanchez.jpg","type":"image\/jpeg"}],"author":"Patri C\u00e1mpora","twitter_card":"summary_large_image","twitter_misc":{"Escrito por":"Patri C\u00e1mpora","Tiempo de lectura":"5 minutos"},"schema":{"@context":"https:\/\/schema.org","@graph":[{"@type":"WebPage","@id":"https:\/\/www.canariasviaja.com\/viajaresvivir\/sabores-de-la-gomera-con-ancor-sanchez\/","url":"https:\/\/www.canariasviaja.com\/viajaresvivir\/sabores-de-la-gomera-con-ancor-sanchez\/","name":"Sabores de La Gomera, con Ancor S\u00e1nchez - Viajar es vivir","isPartOf":{"@id":"https:\/\/www.canariasviaja.com\/viajaresvivir\/#website"},"primaryImageOfPage":{"@id":"https:\/\/www.canariasviaja.com\/viajaresvivir\/sabores-de-la-gomera-con-ancor-sanchez\/#primaryimage"},"image":{"@id":"https:\/\/www.canariasviaja.com\/viajaresvivir\/sabores-de-la-gomera-con-ancor-sanchez\/#primaryimage"},"thumbnailUrl":"https:\/\/www.canariasviaja.com\/viajaresvivir\/wp-content\/uploads\/2020\/12\/Sabores-de-La-Gomera-Ancor-Sanchez.jpg","datePublished":"2020-12-08T12:06:52+00:00","dateModified":"2020-12-08T21:22:32+00:00","author":{"@id":"https:\/\/www.canariasviaja.com\/viajaresvivir\/#\/schema\/person\/085949651001325f1244a8bc1b34709c"},"description":"Descubre los sabores de La Gomera con el cocinero Ancor S\u00e1nchez, del gastro-bar La Salamandra. Sabores tradicionales tra\u00eddos al siglo XXI.","breadcrumb":{"@id":"https:\/\/www.canariasviaja.com\/viajaresvivir\/sabores-de-la-gomera-con-ancor-sanchez\/#breadcrumb"},"inLanguage":"es","potentialAction":[{"@type":"ReadAction","target":["https:\/\/www.canariasviaja.com\/viajaresvivir\/sabores-de-la-gomera-con-ancor-sanchez\/"]}]},{"@type":"ImageObject","inLanguage":"es","@id":"https:\/\/www.canariasviaja.com\/viajaresvivir\/sabores-de-la-gomera-con-ancor-sanchez\/#primaryimage","url":"https:\/\/www.canariasviaja.com\/viajaresvivir\/wp-content\/uploads\/2020\/12\/Sabores-de-La-Gomera-Ancor-Sanchez.jpg","contentUrl":"https:\/\/www.canariasviaja.com\/viajaresvivir\/wp-content\/uploads\/2020\/12\/Sabores-de-La-Gomera-Ancor-Sanchez.jpg","width":2000,"height":1381,"caption":"Ancor Sanchez Sabores de La Gomera"},{"@type":"BreadcrumbList","@id":"https:\/\/www.canariasviaja.com\/viajaresvivir\/sabores-de-la-gomera-con-ancor-sanchez\/#breadcrumb","itemListElement":[{"@type":"ListItem","position":1,"name":"Portada","item":"https:\/\/www.canariasviaja.com\/viajaresvivir\/"},{"@type":"ListItem","position":2,"name":"Sabores de La Gomera, con Ancor S\u00e1nchez"}]},{"@type":"WebSite","@id":"https:\/\/www.canariasviaja.com\/viajaresvivir\/#website","url":"https:\/\/www.canariasviaja.com\/viajaresvivir\/","name":"Viajar es vivir","description":"El blog de viajes y estilo de vida de CanariasViaja","potentialAction":[{"@type":"SearchAction","target":{"@type":"EntryPoint","urlTemplate":"https:\/\/www.canariasviaja.com\/viajaresvivir\/?s={search_term_string}"},"query-input":{"@type":"PropertyValueSpecification","valueRequired":true,"valueName":"search_term_string"}}],"inLanguage":"es"},{"@type":"Person","@id":"https:\/\/www.canariasviaja.com\/viajaresvivir\/#\/schema\/person\/085949651001325f1244a8bc1b34709c","name":"Patri C\u00e1mpora","image":{"@type":"ImageObject","inLanguage":"es","@id":"https:\/\/www.canariasviaja.com\/viajaresvivir\/#\/schema\/person\/image\/","url":"https:\/\/secure.gravatar.com\/avatar\/b2ce2c4086a5776e5310f57c1a2e5b4e?s=96&d=mm&r=g","contentUrl":"https:\/\/secure.gravatar.com\/avatar\/b2ce2c4086a5776e5310f57c1a2e5b4e?s=96&d=mm&r=g","caption":"Patri C\u00e1mpora"},"url":"https:\/\/www.canariasviaja.com\/viajaresvivir\/author\/patri\/"}]}},"_links":{"self":[{"href":"https:\/\/www.canariasviaja.com\/viajaresvivir\/wp-json\/wp\/v2\/posts\/5749"}],"collection":[{"href":"https:\/\/www.canariasviaja.com\/viajaresvivir\/wp-json\/wp\/v2\/posts"}],"about":[{"href":"https:\/\/www.canariasviaja.com\/viajaresvivir\/wp-json\/wp\/v2\/types\/post"}],"author":[{"embeddable":true,"href":"https:\/\/www.canariasviaja.com\/viajaresvivir\/wp-json\/wp\/v2\/users\/2"}],"replies":[{"embeddable":true,"href":"https:\/\/www.canariasviaja.com\/viajaresvivir\/wp-json\/wp\/v2\/comments?post=5749"}],"version-history":[{"count":5,"href":"https:\/\/www.canariasviaja.com\/viajaresvivir\/wp-json\/wp\/v2\/posts\/5749\/revisions"}],"predecessor-version":[{"id":5771,"href":"https:\/\/www.canariasviaja.com\/viajaresvivir\/wp-json\/wp\/v2\/posts\/5749\/revisions\/5771"}],"wp:featuredmedia":[{"embeddable":true,"href":"https:\/\/www.canariasviaja.com\/viajaresvivir\/wp-json\/wp\/v2\/media\/5752"}],"wp:attachment":[{"href":"https:\/\/www.canariasviaja.com\/viajaresvivir\/wp-json\/wp\/v2\/media?parent=5749"}],"wp:term":[{"taxonomy":"category","embeddable":true,"href":"https:\/\/www.canariasviaja.com\/viajaresvivir\/wp-json\/wp\/v2\/categories?post=5749"},{"taxonomy":"post_tag","embeddable":true,"href":"https:\/\/www.canariasviaja.com\/viajaresvivir\/wp-json\/wp\/v2\/tags?post=5749"}],"curies":[{"name":"wp","href":"https:\/\/api.w.org\/{rel}","templated":true}]}}