{"id":5772,"date":"2020-12-11T11:13:28","date_gmt":"2020-12-11T11:13:28","guid":{"rendered":"http:\/\/www.canariasviaja.com\/viajaresvivir\/?p=5772"},"modified":"2020-12-11T16:28:17","modified_gmt":"2020-12-11T16:28:17","slug":"salinas-de-canarias-de-ruta-por-los-ultimos-jardines-de-sal","status":"publish","type":"post","link":"https:\/\/www.canariasviaja.com\/viajaresvivir\/salinas-de-canarias-de-ruta-por-los-ultimos-jardines-de-sal\/","title":{"rendered":"Salinas de Canarias: de ruta por los \u00faltimos jardines de Sal"},"content":{"rendered":"\n<p>Buscar un motivo para viajar o viajar sin motivo alguno, un dilema que no siempre es f\u00e1cil descifrar. Hay gente que viaja sin rumbo y sin motivo, est\u00e1n abiertos a lo que va sucediendo y va donde el viento los lleve, yo sin embargo siempre prefiero tener un motivo para viajar, una ruta clara y un rumbo fijado. Uno de los motivos por los que he viajado por las islas ha sido para  conocer los \u00faltimos jardines de sal, descubrir las <strong>salinas de Canarias<\/strong>.&nbsp;<\/p>\n\n\n\n<figure class=\"wp-block-image size-large\"><img loading=\"lazy\" decoding=\"async\" width=\"1024\" height=\"686\" src=\"http:\/\/www.canariasviaja.com\/viajaresvivir\/wp-content\/uploads\/2020\/12\/Salinas-de-El-Janubio.jpg\" alt=\"Salinas de Janubio\" class=\"wp-image-5763\" srcset=\"https:\/\/www.canariasviaja.com\/viajaresvivir\/wp-content\/uploads\/2020\/12\/Salinas-de-El-Janubio.jpg 1024w, https:\/\/www.canariasviaja.com\/viajaresvivir\/wp-content\/uploads\/2020\/12\/Salinas-de-El-Janubio-300x201.jpg 300w, https:\/\/www.canariasviaja.com\/viajaresvivir\/wp-content\/uploads\/2020\/12\/Salinas-de-El-Janubio-768x515.jpg 768w\" sizes=\"(max-width: 1024px) 100vw, 1024px\" \/><figcaption>Salinas de Janubio, Lanzarote<\/figcaption><\/figure>\n\n\n\n<p>Cuando las olas golpean la costa con fuerza, el agua del mar queda atrapada en los charcos de la orilla. Los charcos m\u00e1s alejados del agua se van secando con el paso del tiempo y el calor de los rayos del sol, quedando una costra yodada de color blanco en su fondo. <\/p>\n\n\n\n<figure class=\"wp-block-gallery columns-2 is-cropped wp-block-gallery-1 is-layout-flex wp-block-gallery-is-layout-flex\"><ul class=\"blocks-gallery-grid\"><li class=\"blocks-gallery-item\"><figure><img loading=\"lazy\" decoding=\"async\" width=\"1024\" height=\"768\" src=\"http:\/\/www.canariasviaja.com\/viajaresvivir\/wp-content\/uploads\/2020\/12\/Salinas-La-caleta-1.jpg\" alt=\"Salinas de La Caleta\" data-id=\"5768\" data-full-url=\"http:\/\/www.canariasviaja.com\/viajaresvivir\/wp-content\/uploads\/2020\/12\/Salinas-La-caleta-1.jpg\" data-link=\"http:\/\/www.canariasviaja.com\/viajaresvivir\/salinas-la-caleta-1\/\" class=\"wp-image-5768\" srcset=\"https:\/\/www.canariasviaja.com\/viajaresvivir\/wp-content\/uploads\/2020\/12\/Salinas-La-caleta-1.jpg 1024w, https:\/\/www.canariasviaja.com\/viajaresvivir\/wp-content\/uploads\/2020\/12\/Salinas-La-caleta-1-300x225.jpg 300w, https:\/\/www.canariasviaja.com\/viajaresvivir\/wp-content\/uploads\/2020\/12\/Salinas-La-caleta-1-768x576.jpg 768w, https:\/\/www.canariasviaja.com\/viajaresvivir\/wp-content\/uploads\/2020\/12\/Salinas-La-caleta-1-800x600.jpg 800w\" sizes=\"(max-width: 1024px) 100vw, 1024px\" \/><\/figure><\/li><li class=\"blocks-gallery-item\"><figure><img loading=\"lazy\" decoding=\"async\" width=\"2000\" height=\"1500\" src=\"http:\/\/www.canariasviaja.com\/viajaresvivir\/wp-content\/uploads\/2020\/12\/Sal.jpg\" alt=\"Manos con sal Canarias\" data-id=\"5762\" data-full-url=\"http:\/\/www.canariasviaja.com\/viajaresvivir\/wp-content\/uploads\/2020\/12\/Sal.jpg\" data-link=\"http:\/\/www.canariasviaja.com\/viajaresvivir\/sal\/\" class=\"wp-image-5762\" srcset=\"https:\/\/www.canariasviaja.com\/viajaresvivir\/wp-content\/uploads\/2020\/12\/Sal.jpg 2000w, https:\/\/www.canariasviaja.com\/viajaresvivir\/wp-content\/uploads\/2020\/12\/Sal-300x225.jpg 300w, https:\/\/www.canariasviaja.com\/viajaresvivir\/wp-content\/uploads\/2020\/12\/Sal-768x576.jpg 768w, https:\/\/www.canariasviaja.com\/viajaresvivir\/wp-content\/uploads\/2020\/12\/Sal-1536x1152.jpg 1536w, https:\/\/www.canariasviaja.com\/viajaresvivir\/wp-content\/uploads\/2020\/12\/Sal-1200x900.jpg 1200w, https:\/\/www.canariasviaja.com\/viajaresvivir\/wp-content\/uploads\/2020\/12\/Sal-800x600.jpg 800w, https:\/\/www.canariasviaja.com\/viajaresvivir\/wp-content\/uploads\/2020\/12\/Sal-1440x1080.jpg 1440w\" sizes=\"(max-width: 2000px) 100vw, 2000px\" \/><\/figure><\/li><\/ul><figcaption class=\"blocks-gallery-caption\">Mujeres en las salinas de La Caleta de Interi\u00e1n, Tenerife<\/figcaption><\/figure>\n\n\n\n<p>Las mujeres de las islas con mucha paciencia se encargaban de recolectar estos cristales salados. Un preciado elemento que marc\u00f3 la vida de nuestros antepasados. La sal fue usada para conservar la carne, el pescado y otros alimentos, su extracci\u00f3n supuso una fuente de ingresos importante para muchas familias. Pronto los peque\u00f1os charcos de la costa fueron sustituidos por grandes extensiones de calentadores, pozas y charcas construidos con piedra, arena y cal. El agua del mar era llevada hasta ellos mediante molinos de viento y m\u00e1s tarde por motobombas.&nbsp;&nbsp;<\/p>\n\n\n\n<figure class=\"wp-block-image size-large\"><img loading=\"lazy\" decoding=\"async\" width=\"1024\" height=\"686\" src=\"http:\/\/www.canariasviaja.com\/viajaresvivir\/wp-content\/uploads\/2020\/12\/Molino-salinas-los-cocoteros.jpg\" alt=\"Molino salinas de Canarias Los Cocoteros\" class=\"wp-image-5770\" srcset=\"https:\/\/www.canariasviaja.com\/viajaresvivir\/wp-content\/uploads\/2020\/12\/Molino-salinas-los-cocoteros.jpg 1024w, https:\/\/www.canariasviaja.com\/viajaresvivir\/wp-content\/uploads\/2020\/12\/Molino-salinas-los-cocoteros-300x201.jpg 300w, https:\/\/www.canariasviaja.com\/viajaresvivir\/wp-content\/uploads\/2020\/12\/Molino-salinas-los-cocoteros-768x515.jpg 768w\" sizes=\"(max-width: 1024px) 100vw, 1024px\" \/><figcaption>Molino en la salina de Los Cocoteros, Lanzarote<\/figcaption><\/figure>\n\n\n\n<h3 class=\"wp-block-heading\"><strong>De explotaci\u00f3n salinera a lugar de inter\u00e9s natural<\/strong><\/h3>\n\n\n\n<p>Lo que inicialmente surgi\u00f3 como una explotaci\u00f3n salinera con el paso del tiempo se ha convertido en un <strong>h\u00e1bitat de especial importancia <\/strong>para muchas plantas y animales que sobreviven en estos ambientes salinos. Algunas salinas han sido declaradas<strong> espacio natural protegido <\/strong>por su indudable valor tanto <strong>ambiental como cultural y etnogr\u00e1fico.&nbsp;<\/strong><\/p>\n\n\n\n<figure class=\"wp-block-image size-large\"><img loading=\"lazy\" decoding=\"async\" width=\"1024\" height=\"686\" src=\"http:\/\/www.canariasviaja.com\/viajaresvivir\/wp-content\/uploads\/2020\/12\/Salinas-Funecaliente.-Calentadores.jpg\" alt=\"Salinas de Canarias Fuencaliente\" class=\"wp-image-5767\" srcset=\"https:\/\/www.canariasviaja.com\/viajaresvivir\/wp-content\/uploads\/2020\/12\/Salinas-Funecaliente.-Calentadores.jpg 1024w, https:\/\/www.canariasviaja.com\/viajaresvivir\/wp-content\/uploads\/2020\/12\/Salinas-Funecaliente.-Calentadores-300x201.jpg 300w, https:\/\/www.canariasviaja.com\/viajaresvivir\/wp-content\/uploads\/2020\/12\/Salinas-Funecaliente.-Calentadores-768x515.jpg 768w\" sizes=\"(max-width: 1024px) 100vw, 1024px\" \/><figcaption>Calentadores de las salinas de Fuencaliente, La Palma<\/figcaption><\/figure>\n\n\n\n<p>La variedad de niveles de agua y de salinidad crean las condiciones adecuadas para que habiten diferentes especies de algas microsc\u00f3picas y plantas amantes de la sal como el salado, la salicornia, la barrilla, la lechuga de mar y el tomillo marino, entre otras. Alevines de peces o especies de peque\u00f1o tama\u00f1o, e invertebrados como camarones, pulgas de agua, patinadores y artemias, algunos de ellos en cantidades muy abundantes, son un recurso aprovechado por las aves como alimento.&nbsp;&nbsp;<\/p>\n\n\n\n<figure class=\"wp-block-image size-large\"><img loading=\"lazy\" decoding=\"async\" width=\"1024\" height=\"686\" src=\"http:\/\/www.canariasviaja.com\/viajaresvivir\/wp-content\/uploads\/2020\/12\/Los-Cocoteros-2.jpg\" alt=\"Salinas de los cocoteros Canarias\" class=\"wp-image-5761\" srcset=\"https:\/\/www.canariasviaja.com\/viajaresvivir\/wp-content\/uploads\/2020\/12\/Los-Cocoteros-2.jpg 1024w, https:\/\/www.canariasviaja.com\/viajaresvivir\/wp-content\/uploads\/2020\/12\/Los-Cocoteros-2-300x201.jpg 300w, https:\/\/www.canariasviaja.com\/viajaresvivir\/wp-content\/uploads\/2020\/12\/Los-Cocoteros-2-768x515.jpg 768w\" sizes=\"(max-width: 1024px) 100vw, 1024px\" \/><figcaption>Salinas de Los Cocoteros, Lanzarote<\/figcaption><\/figure>\n\n\n\n<p>Adem\u00e1s de alimento en la orilla de las pozas y calentadores muchas aves encuentran la tranquilidad necesaria para descansar, refugiarse e incluso criar. En las <strong>salinas del Janubio<\/strong> en Lanzarote se ha establecido una colonia de cig\u00fce\u00f1uelas comunes, en el resto de salinas sobreviven algunas de las \u00faltimas parejas reproductoras en Canarias de chorlitejo patinegro, tarros canelos, lavanderas cascade\u00f1as y fochas comunes Durante los periodos migratorios es frecuente observar grupos de correlimos, andarr\u00edos, archibebes, charranes, zampullines, gaviotas, garcetas e incluso esp\u00e1tulas europeas y flamencos, que llegan hasta aqu\u00ed procedentes de latitudes m\u00e1s norte\u00f1as.&nbsp;<\/p>\n\n\n\n<p>Cipriano Mar\u00edn y Alberto Luengo publicaron en los a\u00f1os noventa del pasado siglo el libro <strong>\u201cEl Jard\u00edn de la Sal\u201d, <\/strong>una obra que recoge buena parte de la informaci\u00f3n conocida sobre estas explotaciones, un homenaje a la gente que ha trabajado en este lugar y un llamamiento para su conservaci\u00f3n. El propio Cesar Manr\u00edque, destac\u00f3 varias veces durante su vida el valor paisaj\u00edstico, ambiental y ecol\u00f3gico de las salinas, mostr\u00e1ndolos como excelentes ejemplos de desarrollo sostenible. Casi 20 a\u00f1os despu\u00e9s de su muerte estos lugares contin\u00faan siendo un claro ejemplo de armon\u00eda entre hombre y naturaleza aun desconocido para muchas personas.&nbsp;<\/p>\n\n\n\n<h3 class=\"wp-block-heading\"><strong>Los \u00faltimos jardines de sal<\/strong><\/h3>\n\n\n\n<p>En la actualidad la actividad salinera lamentablemente ha ido desapareciendo de buena parte de las costas de nuestras islas, algunas salinas como las del Guincho y Punta Blanca en el sur de Tenerife yacen bajo urbanizaciones tur\u00edsticas, otras simplemente han sido abandonadas. Pero aun sobreviven algunas en <strong>Lanzarote, Fuerteventura, Gran Canaria y La Palma.<\/strong><\/p>\n\n\n\n<p>En<strong> Lanzarote<\/strong> sobreviven las salinas de <strong>Los Cocoteros<\/strong> y de<strong> <\/strong><a href=\"https:\/\/salinasdejanubio.com\/\" target=\"_blank\" rel=\"noreferrer noopener\"><strong>El Janubio<\/strong>, <\/a>lugares donde aun se mantienen en pie algunos viejos molinos de viento, usados para bombear el agua hasta los calentadores. Los m\u00e1s aventureros pueden descender a pie el rico de Famara para descubrir las que probablemente fueron las primeras salinas de las islas, hoy abandonadas, <strong>las salinas del R\u00edo<\/strong>, con las impresionantes vistas del archipi\u00e9lago Chinijo.&nbsp;<\/p>\n\n\n\n<p>En<strong> Fuerteventura<\/strong> encontramos el <strong><a href=\"http:\/\/museosalinasdelcarmen.es\/\" target=\"_blank\" rel=\"noreferrer noopener\">Museo de La Sal<\/a><\/strong> y l<strong>as salinas del Carmen<\/strong> visitables a lo largo de todo el a\u00f1o. Un lugar ideal para visitar en familia, muy cerca de El Castillo y Caleta de Fuste.<\/p>\n\n\n\n<figure class=\"wp-block-image size-large\"><img loading=\"lazy\" decoding=\"async\" width=\"1080\" height=\"723\" src=\"http:\/\/www.canariasviaja.com\/viajaresvivir\/wp-content\/uploads\/2020\/12\/SalinasElCarmen.Fuerteventura.FOTO_BirdingCanarias.jpg\" alt=\"Salinas de Canarias Fuerteventura\" class=\"wp-image-5769\" srcset=\"https:\/\/www.canariasviaja.com\/viajaresvivir\/wp-content\/uploads\/2020\/12\/SalinasElCarmen.Fuerteventura.FOTO_BirdingCanarias.jpg 1080w, https:\/\/www.canariasviaja.com\/viajaresvivir\/wp-content\/uploads\/2020\/12\/SalinasElCarmen.Fuerteventura.FOTO_BirdingCanarias-300x201.jpg 300w, https:\/\/www.canariasviaja.com\/viajaresvivir\/wp-content\/uploads\/2020\/12\/SalinasElCarmen.Fuerteventura.FOTO_BirdingCanarias-768x514.jpg 768w\" sizes=\"(max-width: 1080px) 100vw, 1080px\" \/><figcaption>Salinas de Fuerteventura<\/figcaption><\/figure>\n\n\n\n<p>La costa este de <strong>Gran Canaria<\/strong> acogi\u00f3 un importante n\u00famero de salinas que garantizaban la conservaci\u00f3n de las capturas de la flota pesquera. Hoy en d\u00eda tan solo sobreviven las de <strong><a href=\"https:\/\/salinasdepozoizquierdo.es\/\" target=\"_blank\" rel=\"noreferrer noopener\">Tenef\u00e9<\/a>, Vargas <\/strong>(<a href=\"https:\/\/salinasbocacangrejo.com\/\" target=\"_blank\" rel=\"noreferrer noopener\">Salinas de Bocacangrejo<\/a> y La Florida) y<strong> <a href=\"https:\/\/atlasruraldegrancanaria.com\/fichas_int.php?n=181\" target=\"_blank\" rel=\"noreferrer noopener\">Arinaga<\/a><\/strong>, estas \u00faltimas restauradas hace unos pocos a\u00f1os<\/p>\n\n\n\n<figure class=\"wp-block-image size-large\"><img loading=\"lazy\" decoding=\"async\" width=\"1024\" height=\"686\" src=\"http:\/\/www.canariasviaja.com\/viajaresvivir\/wp-content\/uploads\/2020\/12\/Salinas-de-Vargas.jpg\" alt=\"Salinas de Canarias Vargas\" class=\"wp-image-5765\" srcset=\"https:\/\/www.canariasviaja.com\/viajaresvivir\/wp-content\/uploads\/2020\/12\/Salinas-de-Vargas.jpg 1024w, https:\/\/www.canariasviaja.com\/viajaresvivir\/wp-content\/uploads\/2020\/12\/Salinas-de-Vargas-300x201.jpg 300w, https:\/\/www.canariasviaja.com\/viajaresvivir\/wp-content\/uploads\/2020\/12\/Salinas-de-Vargas-768x515.jpg 768w\" sizes=\"(max-width: 1024px) 100vw, 1024px\" \/><figcaption>Salinas de Vargas, Gran Canaria<\/figcaption><\/figure>\n\n\n\n<p>Las \u00faltimas de la provincia occidental se localizan en la isla de <strong><a href=\"https:\/\/www.canariasviaja.com\/viajaresvivir\/10-lugares-que-no-puedes-perderte-en-la-palma\/\">La Palma<\/a><\/strong>, las <strong><a href=\"https:\/\/salinasdefuencaliente.es\/\" target=\"_blank\" rel=\"noreferrer noopener\">salinas de Fuencaliente<\/a><\/strong>, junto al faro del mismo nombre, lugar de obligada visita para viajeros. Junto a los calentadores de Fuencaliente se encuentran uno de los mejores restaurantes de la isla, donde poder degustar de la cocina tradicional y de fusi\u00f3n, y adem\u00e1s poder comprar algunos de los selectos productos de sal del Atl\u00e1ntico.&nbsp;<\/p>\n\n\n\n<figure class=\"wp-block-image size-large\"><img loading=\"lazy\" decoding=\"async\" width=\"1024\" height=\"686\" src=\"http:\/\/www.canariasviaja.com\/viajaresvivir\/wp-content\/uploads\/2020\/12\/Fuencaliente-2.jpg\" alt=\"Salinas de Fuencaliente\" class=\"wp-image-5759\" srcset=\"https:\/\/www.canariasviaja.com\/viajaresvivir\/wp-content\/uploads\/2020\/12\/Fuencaliente-2.jpg 1024w, https:\/\/www.canariasviaja.com\/viajaresvivir\/wp-content\/uploads\/2020\/12\/Fuencaliente-2-300x201.jpg 300w, https:\/\/www.canariasviaja.com\/viajaresvivir\/wp-content\/uploads\/2020\/12\/Fuencaliente-2-768x515.jpg 768w\" sizes=\"(max-width: 1024px) 100vw, 1024px\" \/><figcaption>Salinas de Fuencaliente, La Palma<\/figcaption><\/figure>\n\n\n\n<p>Junto a estas explotaciones salineras sobreviven algunas peque\u00f1as salinas comunales tradicionales como las de <strong>La Caleta de Interian<\/strong> en Los Silos, Tenerife y la costa de <strong>Arucas <\/strong>en Gran Canaria. Una actividad de menor escala, pero con una arraigada tradici\u00f3n. Muy interesantes para viajeros curiosos.&nbsp;<\/p>\n\n\n\n<figure class=\"wp-block-image size-large\"><img loading=\"lazy\" decoding=\"async\" width=\"1024\" height=\"768\" src=\"http:\/\/www.canariasviaja.com\/viajaresvivir\/wp-content\/uploads\/2020\/12\/La-Caleta-2.jpg\" alt=\"Mujer en salinas de La Caleta\" class=\"wp-image-5760\" srcset=\"https:\/\/www.canariasviaja.com\/viajaresvivir\/wp-content\/uploads\/2020\/12\/La-Caleta-2.jpg 1024w, https:\/\/www.canariasviaja.com\/viajaresvivir\/wp-content\/uploads\/2020\/12\/La-Caleta-2-300x225.jpg 300w, https:\/\/www.canariasviaja.com\/viajaresvivir\/wp-content\/uploads\/2020\/12\/La-Caleta-2-768x576.jpg 768w, https:\/\/www.canariasviaja.com\/viajaresvivir\/wp-content\/uploads\/2020\/12\/La-Caleta-2-800x600.jpg 800w\" sizes=\"(max-width: 1024px) 100vw, 1024px\" \/><figcaption>Mujer en La Caleta de Interian<\/figcaption><\/figure>\n\n\n\n<p>Las salinas son <strong>refugios para la vida silvestre, ejemplos de sostenibilidad y lugar de disfrute para viajeros curiosos<\/strong>, amantes de la fotograf\u00eda, la cultura tradicional o simplemente enamorados del mar. Afortunadamente las salinas siguen siendo <strong>aut\u00e9nticos jardines donde florece la sal.<\/strong><\/p>\n\n\n\n<hr class=\"wp-block-separator\"\/>\n\n\n\n<p><a rel=\"noreferrer noopener\" href=\"http:\/\/www.juanjoramoseco.com\" target=\"_blank\">Juan Jos\u00e9 Ramos<\/a> es ante todo un viajero incansable, naturalista, especialista en ecoturismo y conservaci\u00f3n de la biodiversidad. Fot\u00f3grafo de naturaleza y viajes, recorre el mundo en busca de las especies m\u00e1s raras de flora y fauna y visitando espacios naturales \u00fanicos.<\/p>\n","protected":false},"excerpt":{"rendered":"<p>Buscar un motivo para viajar o viajar sin motivo alguno, un dilema que no siempre es f\u00e1cil descifrar. Hay gente que viaja sin rumbo y sin motivo, est\u00e1n abiertos a lo que va sucediendo y va donde el viento los lleve, yo sin embargo siempre prefiero tener un motivo para viajar, una ruta clara y un rumbo fijado. Uno de &hellip;<\/p>\n","protected":false},"author":16,"featured_media":5759,"comment_status":"open","ping_status":"open","sticky":false,"template":"","format":"standard","meta":{"_acf_changed":false,"sfsi_plus_gutenberg_text_before_share":"","sfsi_plus_gutenberg_show_text_before_share":"","sfsi_plus_gutenberg_icon_type":"","sfsi_plus_gutenberg_icon_alignemt":"","sfsi_plus_gutenburg_max_per_row":"","footnotes":""},"categories":[9,124,8,123,10],"tags":[664,378,325,381,380,129,554,364,118],"class_list":["post-5772","post","type-post","status-publish","format-standard","has-post-thumbnail","hentry","category-canarias","category-descubre","category-diariodeviaje","category-explora","category-historias-viajeras","tag-ecosistema","tag-fuerteventura","tag-gran-canaria","tag-la-palma","tag-lanzarote","tag-salinas","tag-salinas-de-fuencaliente","tag-tenerife","tag-tradiciones"],"acf":[],"yoast_head":"<!-- This site is optimized with the Yoast SEO plugin v24.1 - https:\/\/yoast.com\/wordpress\/plugins\/seo\/ -->\n<title>Salinas de Canarias: de ruta por los \u00faltimos jardines de Sal - Viajar es vivir<\/title>\n<meta name=\"description\" content=\"Salinas de Canarias, te llevamos a descubrir los \u00faltimos jardines de sal de Canarias, reductos de tradici\u00f3n y biodiversidad.\" \/>\n<meta name=\"robots\" content=\"index, follow, max-snippet:-1, max-image-preview:large, max-video-preview:-1\" \/>\n<link rel=\"canonical\" href=\"https:\/\/www.canariasviaja.com\/viajaresvivir\/salinas-de-canarias-de-ruta-por-los-ultimos-jardines-de-sal\/\" \/>\n<meta property=\"og:locale\" content=\"es_ES\" \/>\n<meta property=\"og:type\" content=\"article\" \/>\n<meta property=\"og:title\" content=\"Salinas de Canarias: de ruta por los \u00faltimos jardines de Sal - Viajar es vivir\" \/>\n<meta property=\"og:description\" content=\"Salinas de Canarias, te llevamos a descubrir los \u00faltimos jardines de sal de Canarias, reductos de tradici\u00f3n y biodiversidad.\" \/>\n<meta property=\"og:url\" content=\"https:\/\/www.canariasviaja.com\/viajaresvivir\/salinas-de-canarias-de-ruta-por-los-ultimos-jardines-de-sal\/\" \/>\n<meta property=\"og:site_name\" content=\"Viajar es vivir\" \/>\n<meta property=\"article:published_time\" content=\"2020-12-11T11:13:28+00:00\" \/>\n<meta property=\"article:modified_time\" content=\"2020-12-11T16:28:17+00:00\" \/>\n<meta property=\"og:image\" content=\"https:\/\/www.canariasviaja.com\/viajaresvivir\/wp-content\/uploads\/2020\/12\/Fuencaliente-2.jpg\" \/>\n\t<meta property=\"og:image:width\" content=\"1024\" \/>\n\t<meta property=\"og:image:height\" content=\"686\" \/>\n\t<meta property=\"og:image:type\" content=\"image\/jpeg\" \/>\n<meta name=\"author\" content=\"Juan Jos\u00e9 Ramos\" \/>\n<meta name=\"twitter:card\" content=\"summary_large_image\" \/>\n<meta name=\"twitter:label1\" content=\"Escrito por\" \/>\n\t<meta name=\"twitter:data1\" content=\"Juan Jos\u00e9 Ramos\" \/>\n\t<meta name=\"twitter:label2\" content=\"Tiempo de lectura\" \/>\n\t<meta name=\"twitter:data2\" content=\"5 minutos\" \/>\n<script type=\"application\/ld+json\" class=\"yoast-schema-graph\">{\"@context\":\"https:\/\/schema.org\",\"@graph\":[{\"@type\":\"WebPage\",\"@id\":\"https:\/\/www.canariasviaja.com\/viajaresvivir\/salinas-de-canarias-de-ruta-por-los-ultimos-jardines-de-sal\/\",\"url\":\"https:\/\/www.canariasviaja.com\/viajaresvivir\/salinas-de-canarias-de-ruta-por-los-ultimos-jardines-de-sal\/\",\"name\":\"Salinas de Canarias: de ruta por los \u00faltimos jardines de Sal - Viajar es vivir\",\"isPartOf\":{\"@id\":\"https:\/\/www.canariasviaja.com\/viajaresvivir\/#website\"},\"primaryImageOfPage\":{\"@id\":\"https:\/\/www.canariasviaja.com\/viajaresvivir\/salinas-de-canarias-de-ruta-por-los-ultimos-jardines-de-sal\/#primaryimage\"},\"image\":{\"@id\":\"https:\/\/www.canariasviaja.com\/viajaresvivir\/salinas-de-canarias-de-ruta-por-los-ultimos-jardines-de-sal\/#primaryimage\"},\"thumbnailUrl\":\"https:\/\/www.canariasviaja.com\/viajaresvivir\/wp-content\/uploads\/2020\/12\/Fuencaliente-2.jpg\",\"datePublished\":\"2020-12-11T11:13:28+00:00\",\"dateModified\":\"2020-12-11T16:28:17+00:00\",\"author\":{\"@id\":\"https:\/\/www.canariasviaja.com\/viajaresvivir\/#\/schema\/person\/c7e906328ba8e4a6f89ab979af9839b7\"},\"description\":\"Salinas de Canarias, te llevamos a descubrir los \u00faltimos jardines de sal de Canarias, reductos de tradici\u00f3n y biodiversidad.\",\"breadcrumb\":{\"@id\":\"https:\/\/www.canariasviaja.com\/viajaresvivir\/salinas-de-canarias-de-ruta-por-los-ultimos-jardines-de-sal\/#breadcrumb\"},\"inLanguage\":\"es\",\"potentialAction\":[{\"@type\":\"ReadAction\",\"target\":[\"https:\/\/www.canariasviaja.com\/viajaresvivir\/salinas-de-canarias-de-ruta-por-los-ultimos-jardines-de-sal\/\"]}]},{\"@type\":\"ImageObject\",\"inLanguage\":\"es\",\"@id\":\"https:\/\/www.canariasviaja.com\/viajaresvivir\/salinas-de-canarias-de-ruta-por-los-ultimos-jardines-de-sal\/#primaryimage\",\"url\":\"https:\/\/www.canariasviaja.com\/viajaresvivir\/wp-content\/uploads\/2020\/12\/Fuencaliente-2.jpg\",\"contentUrl\":\"https:\/\/www.canariasviaja.com\/viajaresvivir\/wp-content\/uploads\/2020\/12\/Fuencaliente-2.jpg\",\"width\":1024,\"height\":686,\"caption\":\"Salinas de Canarias Fuencaliente\"},{\"@type\":\"BreadcrumbList\",\"@id\":\"https:\/\/www.canariasviaja.com\/viajaresvivir\/salinas-de-canarias-de-ruta-por-los-ultimos-jardines-de-sal\/#breadcrumb\",\"itemListElement\":[{\"@type\":\"ListItem\",\"position\":1,\"name\":\"Portada\",\"item\":\"https:\/\/www.canariasviaja.com\/viajaresvivir\/\"},{\"@type\":\"ListItem\",\"position\":2,\"name\":\"Salinas de Canarias: de ruta por los \u00faltimos jardines de Sal\"}]},{\"@type\":\"WebSite\",\"@id\":\"https:\/\/www.canariasviaja.com\/viajaresvivir\/#website\",\"url\":\"https:\/\/www.canariasviaja.com\/viajaresvivir\/\",\"name\":\"Viajar es vivir\",\"description\":\"El blog de viajes y estilo de vida de CanariasViaja\",\"potentialAction\":[{\"@type\":\"SearchAction\",\"target\":{\"@type\":\"EntryPoint\",\"urlTemplate\":\"https:\/\/www.canariasviaja.com\/viajaresvivir\/?s={search_term_string}\"},\"query-input\":{\"@type\":\"PropertyValueSpecification\",\"valueRequired\":true,\"valueName\":\"search_term_string\"}}],\"inLanguage\":\"es\"},{\"@type\":\"Person\",\"@id\":\"https:\/\/www.canariasviaja.com\/viajaresvivir\/#\/schema\/person\/c7e906328ba8e4a6f89ab979af9839b7\",\"name\":\"Juan Jos\u00e9 Ramos\",\"image\":{\"@type\":\"ImageObject\",\"inLanguage\":\"es\",\"@id\":\"https:\/\/www.canariasviaja.com\/viajaresvivir\/#\/schema\/person\/image\/\",\"url\":\"https:\/\/secure.gravatar.com\/avatar\/e1ab173fbb3b4ac2f4a11eb54fb240fa?s=96&d=mm&r=g\",\"contentUrl\":\"https:\/\/secure.gravatar.com\/avatar\/e1ab173fbb3b4ac2f4a11eb54fb240fa?s=96&d=mm&r=g\",\"caption\":\"Juan Jos\u00e9 Ramos\"},\"url\":\"https:\/\/www.canariasviaja.com\/viajaresvivir\/author\/juan-jose-ramos\/\"}]}<\/script>\n<!-- \/ Yoast SEO plugin. -->","yoast_head_json":{"title":"Salinas de Canarias: de ruta por los \u00faltimos jardines de Sal - Viajar es vivir","description":"Salinas de Canarias, te llevamos a descubrir los \u00faltimos jardines de sal de Canarias, reductos de tradici\u00f3n y biodiversidad.","robots":{"index":"index","follow":"follow","max-snippet":"max-snippet:-1","max-image-preview":"max-image-preview:large","max-video-preview":"max-video-preview:-1"},"canonical":"https:\/\/www.canariasviaja.com\/viajaresvivir\/salinas-de-canarias-de-ruta-por-los-ultimos-jardines-de-sal\/","og_locale":"es_ES","og_type":"article","og_title":"Salinas de Canarias: de ruta por los \u00faltimos jardines de Sal - Viajar es vivir","og_description":"Salinas de Canarias, te llevamos a descubrir los \u00faltimos jardines de sal de Canarias, reductos de tradici\u00f3n y biodiversidad.","og_url":"https:\/\/www.canariasviaja.com\/viajaresvivir\/salinas-de-canarias-de-ruta-por-los-ultimos-jardines-de-sal\/","og_site_name":"Viajar es vivir","article_published_time":"2020-12-11T11:13:28+00:00","article_modified_time":"2020-12-11T16:28:17+00:00","og_image":[{"width":1024,"height":686,"url":"https:\/\/www.canariasviaja.com\/viajaresvivir\/wp-content\/uploads\/2020\/12\/Fuencaliente-2.jpg","type":"image\/jpeg"}],"author":"Juan Jos\u00e9 Ramos","twitter_card":"summary_large_image","twitter_misc":{"Escrito por":"Juan Jos\u00e9 Ramos","Tiempo de lectura":"5 minutos"},"schema":{"@context":"https:\/\/schema.org","@graph":[{"@type":"WebPage","@id":"https:\/\/www.canariasviaja.com\/viajaresvivir\/salinas-de-canarias-de-ruta-por-los-ultimos-jardines-de-sal\/","url":"https:\/\/www.canariasviaja.com\/viajaresvivir\/salinas-de-canarias-de-ruta-por-los-ultimos-jardines-de-sal\/","name":"Salinas de Canarias: de ruta por los \u00faltimos jardines de Sal - Viajar es vivir","isPartOf":{"@id":"https:\/\/www.canariasviaja.com\/viajaresvivir\/#website"},"primaryImageOfPage":{"@id":"https:\/\/www.canariasviaja.com\/viajaresvivir\/salinas-de-canarias-de-ruta-por-los-ultimos-jardines-de-sal\/#primaryimage"},"image":{"@id":"https:\/\/www.canariasviaja.com\/viajaresvivir\/salinas-de-canarias-de-ruta-por-los-ultimos-jardines-de-sal\/#primaryimage"},"thumbnailUrl":"https:\/\/www.canariasviaja.com\/viajaresvivir\/wp-content\/uploads\/2020\/12\/Fuencaliente-2.jpg","datePublished":"2020-12-11T11:13:28+00:00","dateModified":"2020-12-11T16:28:17+00:00","author":{"@id":"https:\/\/www.canariasviaja.com\/viajaresvivir\/#\/schema\/person\/c7e906328ba8e4a6f89ab979af9839b7"},"description":"Salinas de Canarias, te llevamos a descubrir los \u00faltimos jardines de sal de Canarias, reductos de tradici\u00f3n y biodiversidad.","breadcrumb":{"@id":"https:\/\/www.canariasviaja.com\/viajaresvivir\/salinas-de-canarias-de-ruta-por-los-ultimos-jardines-de-sal\/#breadcrumb"},"inLanguage":"es","potentialAction":[{"@type":"ReadAction","target":["https:\/\/www.canariasviaja.com\/viajaresvivir\/salinas-de-canarias-de-ruta-por-los-ultimos-jardines-de-sal\/"]}]},{"@type":"ImageObject","inLanguage":"es","@id":"https:\/\/www.canariasviaja.com\/viajaresvivir\/salinas-de-canarias-de-ruta-por-los-ultimos-jardines-de-sal\/#primaryimage","url":"https:\/\/www.canariasviaja.com\/viajaresvivir\/wp-content\/uploads\/2020\/12\/Fuencaliente-2.jpg","contentUrl":"https:\/\/www.canariasviaja.com\/viajaresvivir\/wp-content\/uploads\/2020\/12\/Fuencaliente-2.jpg","width":1024,"height":686,"caption":"Salinas de Canarias Fuencaliente"},{"@type":"BreadcrumbList","@id":"https:\/\/www.canariasviaja.com\/viajaresvivir\/salinas-de-canarias-de-ruta-por-los-ultimos-jardines-de-sal\/#breadcrumb","itemListElement":[{"@type":"ListItem","position":1,"name":"Portada","item":"https:\/\/www.canariasviaja.com\/viajaresvivir\/"},{"@type":"ListItem","position":2,"name":"Salinas de Canarias: de ruta por los \u00faltimos jardines de Sal"}]},{"@type":"WebSite","@id":"https:\/\/www.canariasviaja.com\/viajaresvivir\/#website","url":"https:\/\/www.canariasviaja.com\/viajaresvivir\/","name":"Viajar es vivir","description":"El blog de viajes y estilo de vida de CanariasViaja","potentialAction":[{"@type":"SearchAction","target":{"@type":"EntryPoint","urlTemplate":"https:\/\/www.canariasviaja.com\/viajaresvivir\/?s={search_term_string}"},"query-input":{"@type":"PropertyValueSpecification","valueRequired":true,"valueName":"search_term_string"}}],"inLanguage":"es"},{"@type":"Person","@id":"https:\/\/www.canariasviaja.com\/viajaresvivir\/#\/schema\/person\/c7e906328ba8e4a6f89ab979af9839b7","name":"Juan Jos\u00e9 Ramos","image":{"@type":"ImageObject","inLanguage":"es","@id":"https:\/\/www.canariasviaja.com\/viajaresvivir\/#\/schema\/person\/image\/","url":"https:\/\/secure.gravatar.com\/avatar\/e1ab173fbb3b4ac2f4a11eb54fb240fa?s=96&d=mm&r=g","contentUrl":"https:\/\/secure.gravatar.com\/avatar\/e1ab173fbb3b4ac2f4a11eb54fb240fa?s=96&d=mm&r=g","caption":"Juan Jos\u00e9 Ramos"},"url":"https:\/\/www.canariasviaja.com\/viajaresvivir\/author\/juan-jose-ramos\/"}]}},"_links":{"self":[{"href":"https:\/\/www.canariasviaja.com\/viajaresvivir\/wp-json\/wp\/v2\/posts\/5772"}],"collection":[{"href":"https:\/\/www.canariasviaja.com\/viajaresvivir\/wp-json\/wp\/v2\/posts"}],"about":[{"href":"https:\/\/www.canariasviaja.com\/viajaresvivir\/wp-json\/wp\/v2\/types\/post"}],"author":[{"embeddable":true,"href":"https:\/\/www.canariasviaja.com\/viajaresvivir\/wp-json\/wp\/v2\/users\/16"}],"replies":[{"embeddable":true,"href":"https:\/\/www.canariasviaja.com\/viajaresvivir\/wp-json\/wp\/v2\/comments?post=5772"}],"version-history":[{"count":10,"href":"https:\/\/www.canariasviaja.com\/viajaresvivir\/wp-json\/wp\/v2\/posts\/5772\/revisions"}],"predecessor-version":[{"id":5791,"href":"https:\/\/www.canariasviaja.com\/viajaresvivir\/wp-json\/wp\/v2\/posts\/5772\/revisions\/5791"}],"wp:featuredmedia":[{"embeddable":true,"href":"https:\/\/www.canariasviaja.com\/viajaresvivir\/wp-json\/wp\/v2\/media\/5759"}],"wp:attachment":[{"href":"https:\/\/www.canariasviaja.com\/viajaresvivir\/wp-json\/wp\/v2\/media?parent=5772"}],"wp:term":[{"taxonomy":"category","embeddable":true,"href":"https:\/\/www.canariasviaja.com\/viajaresvivir\/wp-json\/wp\/v2\/categories?post=5772"},{"taxonomy":"post_tag","embeddable":true,"href":"https:\/\/www.canariasviaja.com\/viajaresvivir\/wp-json\/wp\/v2\/tags?post=5772"}],"curies":[{"name":"wp","href":"https:\/\/api.w.org\/{rel}","templated":true}]}}