{"id":5879,"date":"2021-01-13T15:29:22","date_gmt":"2021-01-13T15:29:22","guid":{"rendered":"http:\/\/www.canariasviaja.com\/viajaresvivir\/?p=5879"},"modified":"2021-01-15T12:23:46","modified_gmt":"2021-01-15T12:23:46","slug":"itinerario-literario-por-el-valle-de-baztan","status":"publish","type":"post","link":"https:\/\/www.canariasviaja.com\/viajaresvivir\/itinerario-literario-por-el-valle-de-baztan\/","title":{"rendered":"Itinerario literario por el Valle de Bazt\u00e1n"},"content":{"rendered":"\n<p><strong>En el bosque m\u00e1gico del norte de Espa\u00f1a se esconden leyendas, mitolog\u00eda y muchas historias por descubrir. Ven, ac\u00f3modate, que vamos a contar junto al fuego acerca de un valle de aldeas donde las casas son de piedra arenisca antigua y ros\u00e1cea, en las cuevas las brujas celebraban aquelarres y es el hogar de varios seres fant\u00e1sticos. Una ruta por uno de los lugares m\u00e1s especiales del norte de Espa\u00f1a tras las huellas de lo narrado en la Trilog\u00eda del Bazt\u00e1n.&nbsp;<\/strong><\/p>\n\n\n\n<figure class=\"wp-block-image size-large\"><img loading=\"lazy\" decoding=\"async\" width=\"1024\" height=\"682\" src=\"http:\/\/www.canariasviaja.com\/viajaresvivir\/wp-content\/uploads\/2021\/01\/Lekaroz_-Baztan_Turismo-Gobierno-de-Navarra.jpg\" alt=\"Valle de Baztan\" class=\"wp-image-6040\" srcset=\"https:\/\/www.canariasviaja.com\/viajaresvivir\/wp-content\/uploads\/2021\/01\/Lekaroz_-Baztan_Turismo-Gobierno-de-Navarra.jpg 1024w, https:\/\/www.canariasviaja.com\/viajaresvivir\/wp-content\/uploads\/2021\/01\/Lekaroz_-Baztan_Turismo-Gobierno-de-Navarra-300x200.jpg 300w, https:\/\/www.canariasviaja.com\/viajaresvivir\/wp-content\/uploads\/2021\/01\/Lekaroz_-Baztan_Turismo-Gobierno-de-Navarra-768x512.jpg 768w\" sizes=\"(max-width: 1024px) 100vw, 1024px\" \/><figcaption>Lecaroz, Valle de Baztan. Foto: Turismo de Navarra<\/figcaption><\/figure>\n\n\n\n<div style=\"height:100px\" aria-hidden=\"true\" class=\"wp-block-spacer\"><\/div>\n\n\n\n<h3 class=\"wp-block-heading\">Bazt\u00e1n<\/h3>\n\n\n\n<p>Bosque salvaje. Aislado o aulaga espinosa. <em>Todos en uno<\/em>. De todas las teor\u00edas sobre la etimolog\u00eda de la palabra <strong>Bazt\u00e1n<\/strong>, nos quedamos, quiz\u00e1, con esta \u00faltima, la que para Julio Caro Baroja era la m\u00e1s enigm\u00e1tica <em>\u00aball\u00ed todos uno\u00bb<\/em>, <em>bat han <\/em>del euskera. Una forma de expresar la solidaridad que existe en este <strong>valle pirenaico del norte de Navarra<\/strong>. Compa\u00f1erismo como forma de vida, como fuerza poderosa frente al fr\u00edo, el aislamiento y los bosques insondables. Manteniendo sus bienes, que son sus costumbres y tradiciones, pero abiertos a la vida de afuera, a los viajeros de ambos lados de los Pirineos y a los peregrinos, ya que muy cerca es donde comienza el <strong>Camino de Santiago franc\u00e9s<\/strong>. <\/p>\n\n\n\n<p>Todo viajero que decida <strong>adentrarse en el valle de Bazt\u00e1n<\/strong>, desde que comience el ascenso por la carretera de monta\u00f1a custodiada por robles y hayas, percibir\u00e1 el calor de una bienvenida ancestral de sus pueblos y monta\u00f1as. La gama de verdes se desplegar\u00e1 a cada paso ya sea en primavera, oto\u00f1o o verano. Quiz\u00e1 en invierno el toque sea blanco y el paisaje se nos vuelque dentro a trav\u00e9s del fr\u00edo h\u00famedo. Pero, siempre es buen momento para estar en Bazt\u00e1n, remontarse en su historia a trav\u00e9s de sus leyendas y cosmovisi\u00f3n. Sentirse parte del <em>todo <\/em>caminando por sus pueblos y caminos, dej\u00e1ndose llevar por el eco del bosque.&nbsp;<\/p>\n\n\n\n<div style=\"height:100px\" aria-hidden=\"true\" class=\"wp-block-spacer\"><\/div>\n\n\n\n<h3 class=\"wp-block-heading\">Todo lo que tiene nombre, existe<\/h3>\n\n\n\n<p>Con esta frase, basada en una creencia popular baztanesa que recoge el libro <em>Brujer\u00eda y brujas<\/em> de Jos\u00e9 Miguel de Bandari\u00e1n, abre la tercera parte de los libros de la <strong>Trilog\u00eda del Bazt\u00e1n <\/strong>de Dolores Redondo. <\/p>\n\n\n\n<p>En las <strong>aldeas del norte de Navarra<\/strong> no solo tienen una cultura rica en nombrar todos aquellos fen\u00f3menos que existen pero que no tienen explicaci\u00f3n, sino que, adem\u00e1s, la mantienen viva. Las <strong>leyendas<\/strong> forman parte de la esencia de la vida cotidiana, de las costumbres y creencias de los baztaneses; del rumor del r\u00edo y la profundidad oculta del bosque.&nbsp;<\/p>\n\n\n\n<figure class=\"wp-block-image size-large\"><img loading=\"lazy\" decoding=\"async\" width=\"600\" height=\"600\" src=\"http:\/\/www.canariasviaja.com\/viajaresvivir\/wp-content\/uploads\/2021\/01\/dolores-redondo-2.jpg\" alt=\"La escritora Dolores Redondo\" class=\"wp-image-6058\" srcset=\"https:\/\/www.canariasviaja.com\/viajaresvivir\/wp-content\/uploads\/2021\/01\/dolores-redondo-2.jpg 600w, https:\/\/www.canariasviaja.com\/viajaresvivir\/wp-content\/uploads\/2021\/01\/dolores-redondo-2-300x300.jpg 300w, https:\/\/www.canariasviaja.com\/viajaresvivir\/wp-content\/uploads\/2021\/01\/dolores-redondo-2-150x150.jpg 150w\" sizes=\"(max-width: 600px) 100vw, 600px\" \/><figcaption>La escritora Dolores Redondo \u00a9Archivo de la autora<\/figcaption><\/figure>\n\n\n\n<p>Esta especial idiosincrasia la recoge la Trilog\u00eda del Bazt\u00e1n de<strong> <a rel=\"noreferrer noopener\" href=\"https:\/\/www.doloresredondo.com\/\" target=\"_blank\">Dolores Redondo.<\/a> <\/strong>La<strong> <\/strong>autora recorre el valle a trav\u00e9s de su protagonista, la inspectora de homicidios de la Polic\u00eda Foral <strong>Amaia Salazar<\/strong>, durante la investigaci\u00f3n de una serie de cr\u00edmenes. <\/p>\n\n\n\n<p class=\"has-text-align-left\">La vuelta al valle de Bazt\u00e1n, sus or\u00edgenes, har\u00e1 que se sienta perseguida tambi\u00e9n por su pasado, del que trat\u00f3 de huir a\u00f1os atr\u00e1s. Una ficci\u00f3n donde lo real y lo invisible se mezclan; donde llueve tanto que desborda; donde lo m\u00e1gico \u2014que tiene nombre y, por tanto, existe\u2014 afecta a los acontecimientos; donde se puede sentir y observar este peque\u00f1o mundo enclavado en el tiempo.&nbsp;<\/p>\n\n\n\n<p>Tras leer los libros el deseo es estar all\u00ed. Percibir las formas de las casas, tocar las piedras, sentirse protegido por las monta\u00f1as. Para la escritora Dolores Redondo, <strong>el paisaje es el verdadero protagonista de la trilog\u00eda.<\/strong> Por lo que estas novelas conforman una muy buena gu\u00eda para sumergirse en el valle y, qui\u00e9n sabe si en alg\u00fan misterio.<\/p>\n\n\n\n<div style=\"height:100px\" aria-hidden=\"true\" class=\"wp-block-spacer\"><\/div>\n\n\n\n<h3 class=\"wp-block-heading\">Pamplona<\/h3>\n\n\n\n<figure class=\"wp-block-image size-large\"><img loading=\"lazy\" decoding=\"async\" width=\"1024\" height=\"576\" src=\"http:\/\/www.canariasviaja.com\/viajaresvivir\/wp-content\/uploads\/2021\/01\/Pamplona_Ciudadela_-Turismo-Gobierno-de-Navarra.jpg\" alt=\"Pamplona\" class=\"wp-image-6042\" srcset=\"https:\/\/www.canariasviaja.com\/viajaresvivir\/wp-content\/uploads\/2021\/01\/Pamplona_Ciudadela_-Turismo-Gobierno-de-Navarra.jpg 1024w, https:\/\/www.canariasviaja.com\/viajaresvivir\/wp-content\/uploads\/2021\/01\/Pamplona_Ciudadela_-Turismo-Gobierno-de-Navarra-300x169.jpg 300w, https:\/\/www.canariasviaja.com\/viajaresvivir\/wp-content\/uploads\/2021\/01\/Pamplona_Ciudadela_-Turismo-Gobierno-de-Navarra-768x432.jpg 768w, https:\/\/www.canariasviaja.com\/viajaresvivir\/wp-content\/uploads\/2021\/01\/Pamplona_Ciudadela_-Turismo-Gobierno-de-Navarra-960x540.jpg 960w\" sizes=\"(max-width: 1024px) 100vw, 1024px\" \/><figcaption>Parque de la Ciudadela de Pamplona. Foto: Turismo de Pamplona<\/figcaption><\/figure>\n\n\n\n<p>Sobre el poblado vasc\u00f3n de Bengoda y a orillas de los r\u00edos Arga y Elorz, el general Pompeyo fund\u00f3 la ciudad de Pompaelo en el 74 a.C. Si el viajero llega hasta aqu\u00ed en avi\u00f3n, la capital del antiguo Reyno de Navarra ser\u00e1 la primera toma de contacto con el sabor del norte.  La <strong>inspectora Salazar<\/strong> y su marido James viven en la calle Mercaderes, en el <strong>casco antiguo de Pamplona<\/strong>. Es aqu\u00ed donde comienza la primera parte de la <strong>trilog\u00eda, <em><a rel=\"noreferrer noopener\" href=\"https:\/\/www.agapea.com\/libros\/El-guardian-invisible-9788423358670-i.htm\" target=\"_blank\">El guardi\u00e1n invisible<\/a><\/em><\/strong><em>,  <\/em>y nuestra <strong>ruta literaria<\/strong>. <\/p>\n\n\n\n<figure class=\"wp-block-image size-large\"><img loading=\"lazy\" decoding=\"async\" width=\"1024\" height=\"676\" src=\"http:\/\/www.canariasviaja.com\/viajaresvivir\/wp-content\/uploads\/2021\/01\/Pamplona_Ayuntamiento_Turismo-de-Navarra.jpg\" alt=\"Ayuntamiento de Pamplona\" class=\"wp-image-6041\" srcset=\"https:\/\/www.canariasviaja.com\/viajaresvivir\/wp-content\/uploads\/2021\/01\/Pamplona_Ayuntamiento_Turismo-de-Navarra.jpg 1024w, https:\/\/www.canariasviaja.com\/viajaresvivir\/wp-content\/uploads\/2021\/01\/Pamplona_Ayuntamiento_Turismo-de-Navarra-300x198.jpg 300w, https:\/\/www.canariasviaja.com\/viajaresvivir\/wp-content\/uploads\/2021\/01\/Pamplona_Ayuntamiento_Turismo-de-Navarra-768x507.jpg 768w\" sizes=\"(max-width: 1024px) 100vw, 1024px\" \/><figcaption>Ayuntamiento de Pamplona. Foto: Turismo de Navarra.<\/figcaption><\/figure>\n\n\n\n<p>Un paseo por las calles del centro para disfrutar del sentir de la vida, de sus tabernas, librer\u00edas y pintxos. Al atravesar la <strong>Ronda del Obispo Barbaz\u00e1n <\/strong>descubriremos el conjunto de las antiguas murallas de la ciudad. Camino de la catedral de Santa Mar\u00eda nos toparemos con el <strong>Rinc\u00f3n del Caballo Blanco, <\/strong>un balc\u00f3n al r\u00edo Arga y al monte San Cristobal, que nos recordar\u00e1 c\u00f3mo fue en el medievo Pamplona por su arquitectura. All\u00ed se encuentra la <strong>Cruz del Mentidero<\/strong>, ahora, la base y el fuste de lo que fue una picota que estuvo durante siglos en el mentidero de Pamplona, en la confluencia actual de las <strong>calles Navarrer\u00eda, Curia, Calderer\u00eda y Ma\u00f1ueta.&nbsp;<\/strong><\/p>\n\n\n\n<p>\u00ab<em>Amaia localiz\u00f3 al teniente Padua en cuanto entr\u00f3 en el bar Iru\u00f1a de la plaza del Castillo, muy cerca de su propia casa. Era el \u00fanico hombre sentado solo y, aunque estaba de espaldas, distingui\u00f3 perfectamente las manchas de agua en su gabardina.<\/em><\/p>\n\n\n\n<p><em>\u2014\u00bfLlueve en Bazt\u00e1n, teniente?&nbsp;\u2014dijo a modo de saludo.<\/em><\/p>\n\n\n\n<p><em>\u2014Como siempre, inspectora, como siempre\u00bb. <\/em><\/p>\n\n\n\n<p>Extracto de <em>Legado en los huesos<\/em>, segunda parte de la trilog\u00eda.&nbsp;<\/p>\n\n\n\n<figure class=\"wp-block-image size-large\"><img loading=\"lazy\" decoding=\"async\" width=\"1024\" height=\"576\" src=\"http:\/\/www.canariasviaja.com\/viajaresvivir\/wp-content\/uploads\/2021\/01\/Pamplona_Parque-Taconera-6.jpg\" alt=\"Parque Taconera\" class=\"wp-image-6043\" srcset=\"https:\/\/www.canariasviaja.com\/viajaresvivir\/wp-content\/uploads\/2021\/01\/Pamplona_Parque-Taconera-6.jpg 1024w, https:\/\/www.canariasviaja.com\/viajaresvivir\/wp-content\/uploads\/2021\/01\/Pamplona_Parque-Taconera-6-300x169.jpg 300w, https:\/\/www.canariasviaja.com\/viajaresvivir\/wp-content\/uploads\/2021\/01\/Pamplona_Parque-Taconera-6-768x432.jpg 768w, https:\/\/www.canariasviaja.com\/viajaresvivir\/wp-content\/uploads\/2021\/01\/Pamplona_Parque-Taconera-6-960x540.jpg 960w\" sizes=\"(max-width: 1024px) 100vw, 1024px\" \/><figcaption>Parque Taconera. Foto: Turismo de Pamplona<\/figcaption><\/figure>\n\n\n\n<p>Comenzamos el ascenso. Pamplona dista de Elizondo en 58 kil\u00f3metros, pero en realidad, es una longitud que separa a dos mundos muy distintos. No hay un camino mejor para llegar al pueblo de los or\u00edgenes de Amaia Salazar. Cualquier carretera sinuosa o camino secundario ser\u00e1n aventuras a elegir al gusto del lector. Pues cada decisi\u00f3n sobre d\u00f3nde parar, observar y dejarse llevar por lo que acontezca son historias a seguir construyendo para cada viajero. Est\u00e1n los libros que nos acompa\u00f1an, fieles e inamovibles; y est\u00e1 el viaje, que nos inspira a saltarnos las normas diarias, a descubrirnos en la inmensidad del momento.&nbsp;<\/p>\n\n\n\n<div style=\"height:100px\" aria-hidden=\"true\" class=\"wp-block-spacer\"><\/div>\n\n\n\n<h3 class=\"wp-block-heading\">Valle de Bazt\u00e1n<\/h3>\n\n\n\n<figure class=\"wp-block-image size-large\"><img loading=\"lazy\" decoding=\"async\" width=\"1024\" height=\"609\" src=\"http:\/\/www.canariasviaja.com\/viajaresvivir\/wp-content\/uploads\/2021\/01\/Baztan-en-familia_Turismo-Gobierno-de-Navarra.jpg\" alt=\"Valle del Baztan\" class=\"wp-image-6037\" srcset=\"https:\/\/www.canariasviaja.com\/viajaresvivir\/wp-content\/uploads\/2021\/01\/Baztan-en-familia_Turismo-Gobierno-de-Navarra.jpg 1024w, https:\/\/www.canariasviaja.com\/viajaresvivir\/wp-content\/uploads\/2021\/01\/Baztan-en-familia_Turismo-Gobierno-de-Navarra-300x178.jpg 300w, https:\/\/www.canariasviaja.com\/viajaresvivir\/wp-content\/uploads\/2021\/01\/Baztan-en-familia_Turismo-Gobierno-de-Navarra-768x457.jpg 768w\" sizes=\"(max-width: 1024px) 100vw, 1024px\" \/><figcaption>Valle del Bazt\u00e1n. Foto: Turismo de Navarra<\/figcaption><\/figure>\n\n\n\n<p><em>\u00ab\u2014La naturaleza nos protege \u2014susurr\u00f3, mirando alrededor y apreciando la belleza de las altas copas de los \u00e1rboles que formaban a ambos lados del camino una barrera natural y umbr\u00eda en la que, a pesar de que a\u00fan faltaban d\u00edas para que entrase la primavera, apenas llegaba a penetrar la luz. Amaia tom\u00f3 la conciencia de la poderosa energ\u00eda del bosque atravesado por la carretera, que, lejos de partirlo en dos, actuaba como un certero canal linf\u00e1tico por donde la potencia del monte flu\u00eda como en un r\u00edo invisible\u00bb. <\/em><\/p>\n\n\n\n<p>Extracto de <em><strong><a href=\"https:\/\/www.casadellibro.com\/libro-ofrenda-a-la-tormenta\/9788423348688\/2371940\" target=\"_blank\" rel=\"noreferrer noopener\">Ofrenda a la tormenda<\/a><\/strong>, <\/em>tercera parte de la trilog\u00eda.&nbsp;<\/p>\n\n\n\n<p>Perseguimos el rumor de las aguas de ese r\u00edo invisible. <strong>Caser\u00edos de piedras ros\u00e1ceas y balcones coloreados por los p\u00e9talos de las flores <\/strong>que asoman comienzan a hacerse cada vez m\u00e1s presentes. Prados salpicados de \u00e1rboles y ovejas. Saltamos del libro al lugar como si fuera un hechizo de bruja. Ya estamos aqu\u00ed.&nbsp;<\/p>\n\n\n\n<p>Son quince los pueblos que conforman el <strong>valle de Bazt\u00e1n<\/strong>. El primero por el sur es <strong>Almandoz <\/strong>y es el que a m\u00e1s altura est\u00e1 de todo el valle \u2014450 metros\u2014. Almandoz es conocido como lugar de paso hist\u00f3rico y por sus canteras. El m\u00e1rmol del Kremlin de la Plaza Roja de Mosc\u00fa y de la estatua de Crist\u00f3bal Col\u00f3n de Barcelona proceden de esta aldea.&nbsp;<\/p>\n\n\n\n<figure class=\"wp-block-image size-large\"><img loading=\"lazy\" decoding=\"async\" width=\"2000\" height=\"1335\" src=\"http:\/\/www.canariasviaja.com\/viajaresvivir\/wp-content\/uploads\/2021\/01\/Baztan-Ziga_In\u0303aki-Tejerina-02.jpg\" alt=\"Valle del Baztan\" class=\"wp-image-6036\" srcset=\"https:\/\/www.canariasviaja.com\/viajaresvivir\/wp-content\/uploads\/2021\/01\/Baztan-Ziga_In\u0303aki-Tejerina-02.jpg 2000w, https:\/\/www.canariasviaja.com\/viajaresvivir\/wp-content\/uploads\/2021\/01\/Baztan-Ziga_In\u0303aki-Tejerina-02-300x200.jpg 300w, https:\/\/www.canariasviaja.com\/viajaresvivir\/wp-content\/uploads\/2021\/01\/Baztan-Ziga_In\u0303aki-Tejerina-02-768x513.jpg 768w, https:\/\/www.canariasviaja.com\/viajaresvivir\/wp-content\/uploads\/2021\/01\/Baztan-Ziga_In\u0303aki-Tejerina-02-1536x1025.jpg 1536w, https:\/\/www.canariasviaja.com\/viajaresvivir\/wp-content\/uploads\/2021\/01\/Baztan-Ziga_In\u0303aki-Tejerina-02-1200x801.jpg 1200w, https:\/\/www.canariasviaja.com\/viajaresvivir\/wp-content\/uploads\/2021\/01\/Baztan-Ziga_In\u0303aki-Tejerina-02-1618x1080.jpg 1618w\" sizes=\"(max-width: 2000px) 100vw, 2000px\" \/><figcaption>Ziga. Foto: I\u00f1aki Tejerina<\/figcaption><\/figure>\n\n\n\n<p>Contin\u00faa la carretera hacia <strong>Ziga <\/strong>donde merece la pena hacer un alto en el camino y conocer la I<strong>glesia de San Lorenzo<\/strong>, conocida como la catedral de Bazt\u00e1n que data del siglo XVI. Camino de Elizondo, m\u00e1s all\u00e1 de Ziga, el <strong>mirador del Valle de Bazt\u00e1n<\/strong> ofrecer\u00e1 una panor\u00e1mica de las monta\u00f1as, caser\u00edos y pueblos que encontraremos a continuaci\u00f3n.&nbsp;<\/p>\n\n\n\n<div style=\"height:100px\" aria-hidden=\"true\" class=\"wp-block-spacer\"><\/div>\n\n\n\n<h3 class=\"wp-block-heading\">Elizondo<\/h3>\n\n\n\n<figure class=\"wp-block-image size-large\"><img loading=\"lazy\" decoding=\"async\" width=\"1024\" height=\"683\" src=\"http:\/\/www.canariasviaja.com\/viajaresvivir\/wp-content\/uploads\/2021\/01\/Elizondo_Turismo-Gobierno-de-Navarra.jpg\" alt=\"Elizondo\" class=\"wp-image-6039\" srcset=\"https:\/\/www.canariasviaja.com\/viajaresvivir\/wp-content\/uploads\/2021\/01\/Elizondo_Turismo-Gobierno-de-Navarra.jpg 1024w, https:\/\/www.canariasviaja.com\/viajaresvivir\/wp-content\/uploads\/2021\/01\/Elizondo_Turismo-Gobierno-de-Navarra-300x200.jpg 300w, https:\/\/www.canariasviaja.com\/viajaresvivir\/wp-content\/uploads\/2021\/01\/Elizondo_Turismo-Gobierno-de-Navarra-768x512.jpg 768w\" sizes=\"(max-width: 1024px) 100vw, 1024px\" \/><figcaption>Elizondo. Foto: Turismo Navarra<\/figcaption><\/figure>\n\n\n\n<p><em>\u00abTres eran sus calles principales, y las tres, paralelas entre s\u00ed, compon\u00edan el centro hist\u00f3rico de Elizondo, donde a\u00fan se levantan los grandes palacios y otras viviendas t\u00edpicas de la arquitectura popular\u00bb. <\/em><\/p>\n\n\n\n<p>Extracto de <em>El guardi\u00e1n invisible, <\/em>primera parte de la trilog\u00eda.&nbsp;<\/p>\n\n\n\n<p><em>Ongi etorri<\/em> a Elizondo. Poblaci\u00f3n de 3 500 habitantes construida a orillas del r\u00edo Bidasoa \u2014en esta zona conocido como Bazt\u00e1n\u2014, y que aqu\u00ed est\u00e1 atravesado por distintos puentes. Sobre el muelle, una biblioteca con vistas a la presa. El sonido del r\u00edo acompa\u00f1a siempre a la vida. Las casas y palacios de piedras centenarias que invitan a pasar los dedos por sus rugosidades, tal y como hac\u00eda la inspectora Salazar en un ritual \u00edntimo que le inspiraba fuerza. Estamos en el barrio de Txocoto, el centro, y en las puertas de algunas casas quiz\u00e1 encontremos flores de <em>Eguzki lore <\/em>\u2014flor del sol\u2014 para evitar que se cuelen las brujas.&nbsp;<\/p>\n\n\n\n<p>Amaia Salazar vuelve al lugar donde vivi\u00f3 parte de su infancia, la casa de su t\u00eda Engrasi. Dolores Redondo se inspir\u00f3 para armar la trama en las <strong>verdaderas historias, edificios y comercios de Elizondo<\/strong>. Para el remanso de paz al que regresaba la protagonista tras largas jornadas de investigaci\u00f3n policial se bas\u00f3 en una de las casas m\u00e1s especiales del pueblo, ubicada en la calle Braulio Iriarte, que llama la atenci\u00f3n por un arco en la entrada, las ventanas de madera y las vistas al r\u00edo. Hoy, es un <a href=\"https:\/\/www.escapadarural.com\/casa-rural\/navarra\/txarrenea\"><strong>hostal tur\u00edstico llamado Txarrenea<\/strong><\/a> perfecto para alojarse a los que deseen saborear a\u00fan m\u00e1s las novelas. En la adaptaci\u00f3n de los libros al cine se escogi\u00f3 como escenario de rodaje para los interiores de esta casa un caser\u00edo de una localidad cercana, <strong>Erratzu.<\/strong>&nbsp;<\/p>\n\n\n\n<figure class=\"wp-block-image size-large\"><img loading=\"lazy\" decoding=\"async\" width=\"1024\" height=\"683\" src=\"http:\/\/www.canariasviaja.com\/viajaresvivir\/wp-content\/uploads\/2021\/01\/Elizondo_Barrio-de-Beartzun_Turismo-Gobierno-de-Navarra-1.jpg\" alt=\"Elizondo\" class=\"wp-image-6038\" srcset=\"https:\/\/www.canariasviaja.com\/viajaresvivir\/wp-content\/uploads\/2021\/01\/Elizondo_Barrio-de-Beartzun_Turismo-Gobierno-de-Navarra-1.jpg 1024w, https:\/\/www.canariasviaja.com\/viajaresvivir\/wp-content\/uploads\/2021\/01\/Elizondo_Barrio-de-Beartzun_Turismo-Gobierno-de-Navarra-1-300x200.jpg 300w, https:\/\/www.canariasviaja.com\/viajaresvivir\/wp-content\/uploads\/2021\/01\/Elizondo_Barrio-de-Beartzun_Turismo-Gobierno-de-Navarra-1-768x512.jpg 768w\" sizes=\"(max-width: 1024px) 100vw, 1024px\" \/><figcaption>Barrio de Beartzun en Elizondo. Foto: Turismo de Navarra<\/figcaption><\/figure>\n\n\n\n<p>La calle Braulio Iriarte lleva el nombre de un baztan\u00e9s que emigr\u00f3 a M\u00e9xico a principios del siglo XX y que en 1 922 fund\u00f3 la Cervecer\u00eda Modelo que m\u00e1s adelante comercializ\u00f3 la marca Modelo, Negra Modelo y Corona. A\u00f1os despu\u00e9s, regres\u00f3 a Elizondo y don\u00f3 dinero para la reconstrucci\u00f3n tras las inundaciones del hospital y la iglesia. En recuerdo a Braulio Iriarte una de las torres de la iglesia tiene pintada una espiga de cebada y una corona.&nbsp;<\/p>\n\n\n\n<p>Casi frente a la casa de la t\u00eda Engrasi, el <strong>bar Txocoto<\/strong>. Esta taberna fue punto de reuni\u00f3n de algunos de los personajes y ahora puede ser una buena parada para tomarse un patxar\u00e1n, unas raciones de huevos con txistorra y queso de la zona.&nbsp;<\/p>\n\n\n\n<p>Siguiendo por la antigua calle del Sol llegaremos al edificio donde Dolores Redondo imagin\u00f3 que la familia Salazar tendr\u00eda su negocio familiar, el obrador Mantecadas Salazar. Es una vivienda llamada <strong>Errota Za\u00f1enea. <\/strong>Cerca de all\u00ed est\u00e1 la <strong>panificadora Baztanesa<\/strong> que fue el escenario donde se ubic\u00f3 el obrador para rodar algunas escenas y siguen manteniendo el r\u00f3tulo que se utiliz\u00f3 en las pel\u00edculas.&nbsp; De camino a la iglesia pasaremos delante de la pasteler\u00eda <strong><a href=\"https:\/\/malkorra.com\/\">Malkorra<\/a> <\/strong>donde podremos probar las mantecadas, el chocolate <em>Urrakin egi\u00f1a<\/em> \u2014del euskera, \u2018hecho con avellanas\u2019\u2014o los ya populares en todo el mundo por la Trilog\u00eda de Bazt\u00e1n, los<strong> <em>txantxigorris<\/em><\/strong>. Un dulce que el <em>asesino del Basajaun<\/em> deja sobre cada cuerpo de las v\u00edctimas de los cr\u00edmenes que comete. \u00ab(\u2026) <em>es un pastel t\u00edpico de esta zona, aunque este es m\u00e1s peque\u00f1o que los que suelo ver. Pero es un txantxigorri, sin duda. Manteca, harina, huevos, az\u00facar, levadura y chicharrones fritos para hacer una torta, una receta ancestral\u00bb<\/em>.<\/p>\n\n\n\n<p><em>\u00abHab\u00eda anochecido cuando Amaia lleg\u00f3 a la puerta de la iglesia de Santiago. Empuj\u00f3 el port\u00f3n, casi segura de que estaba cerrada, y cuando este cedi\u00f3 suave y silenciosamente se sorprendi\u00f3 un poco y sonri\u00f3 ante la idea de que en su pueblo a\u00fan pudiera dejarse el templo abierto\u00bb. <\/em><\/p>\n\n\n\n<p>Extracto de <em>El guardi\u00e1n invisible.<\/em><\/p>\n\n\n\n<p>La<strong> iglesia de Elizondo<\/strong> en el libro es el lugar donde se celebran los funerales de las v\u00edctimas. De piedra gris y bermell\u00f3n ahora est\u00e1 situada frente a un peque\u00f1o parque. En un principio estuvo situada en la Plaza de los Fueros, junto al ayuntamiento, pero debido a los desperfectos que sufri\u00f3 en la riada de 1913 se traslad\u00f3 piedra a piedra al lugar que actualmente ocupa.&nbsp;<\/p>\n\n\n\n<p>Desde la parte trasera del ayuntamiento se accede al <strong>puente de Muniartea<\/strong>, donde se tiene una de las mejores vistas del r\u00edo. No se olviden de echar un vistazo a la casa solariega <strong>Ospitalenea<\/strong>, antiguo hospital medieval que atend\u00eda a los peregrinos del Camino de Santiago. Y al <strong>Trinkete Antxitonea<\/strong>. Y la piedra \u2018botil harri\u2019 de la plaza, que se utilizaba en el juego de <em>laxoa, <\/em>la modalidad de piedra vasca m\u00e1s antigua y que a Amaia Salazar le gustaba acariciar.&nbsp;<\/p>\n\n\n\n<p><em>\u00abDel mismo modo que sobre las puertas de una ciudad se coloca un escudo con sus armas y sus val\u00edas, en la puerta del cementerio presid\u00eda una calavera que vigilaba desde sus cuencas vac\u00edas a los visitantes, avis\u00e1ndoles de que entraban en los dominios de aquel particular gobernador de la ciudad de los muertos\u00bb. <\/em><\/p>\n\n\n\n<p>Extracto de <em>El guardi\u00e1n invisible <\/em>de Dolores Redondo.&nbsp;<\/p>\n\n\n\n<p>Otra parada obligatoria en nuestro recorrido literario por Elizondo es el cementerio. El camino hasta llegar all\u00ed \u2014la carretera al salir del pueblo en direcci\u00f3n a Francia\u2014 es muy bello. En el trayecto tambi\u00e9n se podr\u00e1 encontrar la casa de V\u00edctor, uno de los personajes, Juanitaenea.<\/p>\n\n\n\n<p>Recomendamos las <a href=\"http:\/\/www.elguardianinvisible.com\/\"><strong>visitas guiadas<\/strong><\/a> que realizan dos gu\u00edas de Elizondo. Se trata de dos rutas distintas, que pueden compaginarse, y que juntas suponen un recorrido muy completo de dos horas y media.&nbsp;<\/p>\n\n\n\n<div style=\"height:100px\" aria-hidden=\"true\" class=\"wp-block-spacer\"><\/div>\n\n\n\n<h3 class=\"wp-block-heading\">Alrededores de Elizondo<\/h3>\n\n\n\n<p>Siguiendo la vereda del r\u00edo Bazt\u00e1n\/Bidasoa, por la zona de Fuentermosa llegaremos a uno de los lugares donde la autora sit\u00faa el lugar donde tuvo lugar uno de los homicidios.&nbsp;<\/p>\n\n\n\n<p><em>\u00abCondujo por la carretera desde Elizondo hasta Oronoz-Mugaire y tom\u00f3 el desv\u00edo a Orabidea, uno de los lugares menos transitados del valle, en el que el tiempo parec\u00eda haberse detenido manteniendo intactos campos, caser\u00edos y todo el encanto y la potencia natural de un paraje tan hermoso como feroz. Los caser\u00edos distaban varios kil\u00f3metros un<\/em>os <em>de otros y a algunos todav\u00eda no hab\u00eda llegado la electricidad. Durante la primavera pasada, James la hab\u00eda convencido para visitar Infernuko Errota (el Molino del Infierno), uno de los lugares m\u00e1s m\u00e1gicos y especiales de Bazt\u00e1n. A unos quince kil\u00f3metros por aquella carretera se llegaba hasta Etxebertzeko Borda, y desde all\u00ed part\u00eda el camino, que solo pod\u00eda hacerse a pie o montado sobre los lomos de un burro, como probablemente lo habr\u00edan hecho muchas veces los que se aventuraban en plena noche a llegar al molino que daba nombre al lugar, oculto entre la espesura. El Molino del Infierno, edificado en la \u00e9poca<\/em> <em>carlista, fue vital para la supervivencia de los soldados que se echaron al monte durante las guerras. Construido sobre tres troncos que cruzaban el r\u00edo y con paredes de madera, en los tiempos de racionamiento, las gentes de Bazt\u00e1n llegaban hasta all\u00ed durante la noche con sus burros cargados de grano para molerlo clandestinamente y obtener la harina con la que alimentar a sus familias. La belleza buc\u00f3lica del camino deb\u00eda de ser pura incertidumbre y peligro al anochecer, cuando caminar en la oscura noche de Bazt\u00e1n guiando a un<\/em> <em>animal por aquellos senderos estrechos y resbaladizos debido a la humedad del r\u00edo y llegar hasta el molino resultar\u00eda un aut\u00e9ntico descenso a los infiernos. Seguramente por esto se hab\u00eda ganado el nombre de Molino del Infierno. En Bazt\u00e1n siempre se ha encontrado la manera de hacer lo que hay que hacer\u00bb. <\/em><\/p>\n\n\n\n<p>Extracto de <em>Ofrenda a la tormenta.&nbsp;<\/em><\/p>\n\n\n\n<h2 class=\"wp-block-heading\">Arizkun<\/h2>\n\n\n\n<figure class=\"wp-block-image size-large\"><img loading=\"lazy\" decoding=\"async\" width=\"1024\" height=\"731\" src=\"http:\/\/www.canariasviaja.com\/viajaresvivir\/wp-content\/uploads\/2021\/01\/Arizkun-Baztan_Turismo-Gobierno-de-Navarra.jpg\" alt=\"Arizkun Valle del baztan\" class=\"wp-image-6035\" srcset=\"https:\/\/www.canariasviaja.com\/viajaresvivir\/wp-content\/uploads\/2021\/01\/Arizkun-Baztan_Turismo-Gobierno-de-Navarra.jpg 1024w, https:\/\/www.canariasviaja.com\/viajaresvivir\/wp-content\/uploads\/2021\/01\/Arizkun-Baztan_Turismo-Gobierno-de-Navarra-300x214.jpg 300w, https:\/\/www.canariasviaja.com\/viajaresvivir\/wp-content\/uploads\/2021\/01\/Arizkun-Baztan_Turismo-Gobierno-de-Navarra-768x548.jpg 768w\" sizes=\"(max-width: 1024px) 100vw, 1024px\" \/><figcaption>Arizkun. Foto: Turismo de Navarra<\/figcaption><\/figure>\n\n\n\n<p>Arizkun es un pueblo con una <strong>historia peculiar<\/strong>. Es el lugar donde viv\u00edan apartados en un barrio a las afueras del pueblo \u2014en Bozate\u2014 <strong>los agotes<\/strong>. La marginaci\u00f3n durante siglos de este grupo social \u2014cuya discriminaci\u00f3n pertenece a razones que a\u00fan se desconocen\u2014 les llev\u00f3 a convertirse en <strong>los mejores artesanos de la regi\u00f3n<\/strong>, ya que no se les permit\u00eda tener contacto con ning\u00fan tipo de ser vivo, al considerar que estaban malditos. El <strong><a href=\"https:\/\/santxotena.org\/\" target=\"_blank\" rel=\"noreferrer noopener\">museo Santxotena<\/a><\/strong> es muy interesante para profundizar en este tema. En la <strong>iglesia del pueblo de Arizkun<\/strong> a\u00fan se puede ver en un lateral una peque\u00f1a puerta tapiada que era el lugar de acceso para los agotes.&nbsp;<\/p>\n\n\n\n<h2 class=\"wp-block-heading\">Erratzu y la cascada de Xorrox\u00edn<\/h2>\n\n\n\n<p>Desde el pueblo de Erratzu comienza la <strong><a href=\"https:\/\/www.valledebaztan.com\/tours\/cascada-de-xorroxin\/\" target=\"_blank\" rel=\"noreferrer noopener\">ruta hasta la cascada del Xorrox\u00edn<\/a><\/strong>, lugar donde nace el r\u00edo Bidasoa. Son 7 kil\u00f3metros de <strong>sendero sin dificultad <\/strong>que se realiza en aproximadamente dos horas. Es aqu\u00ed donde, seg\u00fan la leyenda, viven l<strong>as lamias<\/strong>, unos seres fabulosos de apariencia femenina con pies de pato y cola de pescado.&nbsp;&nbsp;<\/p>\n\n\n\n<h2 class=\"wp-block-heading\">Amaiur<\/h2>\n\n\n\n<figure class=\"wp-block-image size-large\"><img loading=\"lazy\" decoding=\"async\" width=\"2000\" height=\"1334\" src=\"http:\/\/www.canariasviaja.com\/viajaresvivir\/wp-content\/uploads\/2021\/01\/Amaiur-Baztan_Javier-Campos.jpg\" alt=\"Amaiur Valle del Baztan\" class=\"wp-image-6034\" srcset=\"https:\/\/www.canariasviaja.com\/viajaresvivir\/wp-content\/uploads\/2021\/01\/Amaiur-Baztan_Javier-Campos.jpg 2000w, https:\/\/www.canariasviaja.com\/viajaresvivir\/wp-content\/uploads\/2021\/01\/Amaiur-Baztan_Javier-Campos-300x200.jpg 300w, https:\/\/www.canariasviaja.com\/viajaresvivir\/wp-content\/uploads\/2021\/01\/Amaiur-Baztan_Javier-Campos-768x512.jpg 768w, https:\/\/www.canariasviaja.com\/viajaresvivir\/wp-content\/uploads\/2021\/01\/Amaiur-Baztan_Javier-Campos-1536x1025.jpg 1536w, https:\/\/www.canariasviaja.com\/viajaresvivir\/wp-content\/uploads\/2021\/01\/Amaiur-Baztan_Javier-Campos-1200x800.jpg 1200w, https:\/\/www.canariasviaja.com\/viajaresvivir\/wp-content\/uploads\/2021\/01\/Amaiur-Baztan_Javier-Campos-1619x1080.jpg 1619w\" sizes=\"(max-width: 2000px) 100vw, 2000px\" \/><figcaption>Amaiur. Foto: Javier Campos<\/figcaption><\/figure>\n\n\n\n<p>Esta peque\u00f1a aldea, a la que se accede por una portalada, fue el \u00faltimo lugar en el que doscientos navarros, defensores del reino de Navarra, se rindieron tras una larga contienda resistiendo a las fuerzas de los Reyes Cat\u00f3licos a principios del siglo XVI. La \u00faltima batalla fue en esta <strong>fortaleza<\/strong> en 1522, despu\u00e9s Navarra se incorpor\u00f3 a las Espa\u00f1as. En una de sus colinas se aprecia un <strong>monolito<\/strong> que recuerda esta proeza junto a las ruinas de lo que fue un antiguo castillo. Las casas de Amaiur, construidas con la piedra roja, est\u00e1n colocadas cuesta arriba.&nbsp;<\/p>\n\n\n\n<h2 class=\"wp-block-heading\">Elbete<\/h2>\n\n\n\n<p>Es este otro peque\u00f1o enclave literario en nuestro recorrido, pues en Elbete sol\u00eda veranear <strong>Valle Incl\u00e1n<\/strong> en las primeras d\u00e9cadas del siglo XX. Merece el paseo por el pueblo para observar el <strong>palacio de Cabo de Armer\u00eda, los de Jarola y Askoa.<\/strong><\/p>\n\n\n\n<div style=\"height:100px\" aria-hidden=\"true\" class=\"wp-block-spacer\"><\/div>\n\n\n\n<h3 class=\"wp-block-heading\">M\u00e1s all\u00e1 del valle de Bazt\u00e1n<\/h3>\n\n\n\n<h2 class=\"wp-block-heading\">Ainhoa&nbsp;<\/h2>\n\n\n\n<p>Al otro lado de la frontera se encuentra Ainhoa, el pueblo que Amaia Salazar considera el m\u00e1s bonito del sur de Francia. Un precioso pueblo, con caser\u00edos bien conservados de tonos rojizos como en el Bazt\u00e1n. En la novela, Amaia y el equipo de investigaci\u00f3n se desplazan hasta aqu\u00ed para investigar uno de los casos.<\/p>\n\n\n\n<h2 class=\"wp-block-heading\">Zugarramurdi<\/h2>\n\n\n\n<figure class=\"wp-block-image size-large\"><img loading=\"lazy\" decoding=\"async\" width=\"1024\" height=\"683\" src=\"http:\/\/www.canariasviaja.com\/viajaresvivir\/wp-content\/uploads\/2021\/01\/Zugarramurdi_In\u0303aki-Tejerina-03.jpg\" alt=\"Zugarramundi Trilog\u00eda del Baztan\" class=\"wp-image-6048\" srcset=\"https:\/\/www.canariasviaja.com\/viajaresvivir\/wp-content\/uploads\/2021\/01\/Zugarramurdi_In\u0303aki-Tejerina-03.jpg 1024w, https:\/\/www.canariasviaja.com\/viajaresvivir\/wp-content\/uploads\/2021\/01\/Zugarramurdi_In\u0303aki-Tejerina-03-300x200.jpg 300w, https:\/\/www.canariasviaja.com\/viajaresvivir\/wp-content\/uploads\/2021\/01\/Zugarramurdi_In\u0303aki-Tejerina-03-768x512.jpg 768w\" sizes=\"(max-width: 1024px) 100vw, 1024px\" \/><figcaption>Zugarramurdi. Foto: I\u00f1aki Tejerina<\/figcaption><\/figure>\n\n\n\n<p><em>\u00ab\u2014No hay que creer que existen, no hay que decir que no existen \u2014dijo Engrasi citando la antigua defensa contra las brujas que fuera tan popular apenas un siglo atr\u00e1s\u00bb. <\/em><\/p>\n\n\n\n<p>Extracto de <em><strong><a href=\"https:\/\/www.agapea.com\/Dolores-Redondo\/Legado-en-los-huesos-Ed-Pelicula--9788423356454-i.htm\" target=\"_blank\" rel=\"noreferrer noopener\">Legado en los huesos<\/a><\/strong>.<\/em><\/p>\n\n\n\n<p>Aunque el pueblo de las brujas, Zugarramurdi, no pertenece al Bazt\u00e1n, por su cercan\u00eda y lugar m\u00e1gico, merece especial menci\u00f3n. Es aqu\u00ed donde durante el Proceso Inquisitorial entre 1609 a 1614, en el auto de fe de Logro\u00f1o, sentenciaron a la hoguera a ocho personas porque se hab\u00edan presentado \u00abcomo prueba evidente\u00bb que en ese lugar se ejerc\u00eda la brujer\u00eda.<\/p>\n\n\n\n<p>Era un pueblo, anclado en las monta\u00f1as pirenaicas y aislado del mundo cuyas creencias animistas hab\u00edan subsistido y que la Inquisici\u00f3n determin\u00f3 como aquelarres. <\/p>\n\n\n\n<figure class=\"wp-block-image size-large\"><img loading=\"lazy\" decoding=\"async\" width=\"1024\" height=\"608\" src=\"http:\/\/www.canariasviaja.com\/viajaresvivir\/wp-content\/uploads\/2021\/01\/Zugarramurdi_Museo-de-la-Brujeria_Turismo-Gobierno-de-Navarra-11.jpg\" alt=\"Museo de la brujer\u00eda de Zugarramundi\" class=\"wp-image-6049\" srcset=\"https:\/\/www.canariasviaja.com\/viajaresvivir\/wp-content\/uploads\/2021\/01\/Zugarramurdi_Museo-de-la-Brujeria_Turismo-Gobierno-de-Navarra-11.jpg 1024w, https:\/\/www.canariasviaja.com\/viajaresvivir\/wp-content\/uploads\/2021\/01\/Zugarramurdi_Museo-de-la-Brujeria_Turismo-Gobierno-de-Navarra-11-300x178.jpg 300w, https:\/\/www.canariasviaja.com\/viajaresvivir\/wp-content\/uploads\/2021\/01\/Zugarramurdi_Museo-de-la-Brujeria_Turismo-Gobierno-de-Navarra-11-768x456.jpg 768w\" sizes=\"(max-width: 1024px) 100vw, 1024px\" \/><figcaption>Museo de la brujer\u00eda. Foto: Turismo de Navarra<\/figcaption><\/figure>\n\n\n\n<figure class=\"wp-block-image size-large is-resized\"><img loading=\"lazy\" decoding=\"async\" src=\"http:\/\/www.canariasviaja.com\/viajaresvivir\/wp-content\/uploads\/2021\/01\/Zugarramurdi_Cueva_Turismo-Gobierno-de-Navarra-3.jpg\" alt=\"Cuevas de Zugarramundi\" class=\"wp-image-6046\" width=\"580\" height=\"326\" srcset=\"https:\/\/www.canariasviaja.com\/viajaresvivir\/wp-content\/uploads\/2021\/01\/Zugarramurdi_Cueva_Turismo-Gobierno-de-Navarra-3.jpg 1024w, https:\/\/www.canariasviaja.com\/viajaresvivir\/wp-content\/uploads\/2021\/01\/Zugarramurdi_Cueva_Turismo-Gobierno-de-Navarra-3-300x169.jpg 300w, https:\/\/www.canariasviaja.com\/viajaresvivir\/wp-content\/uploads\/2021\/01\/Zugarramurdi_Cueva_Turismo-Gobierno-de-Navarra-3-768x432.jpg 768w, https:\/\/www.canariasviaja.com\/viajaresvivir\/wp-content\/uploads\/2021\/01\/Zugarramurdi_Cueva_Turismo-Gobierno-de-Navarra-3-960x540.jpg 960w\" sizes=\"(max-width: 580px) 100vw, 580px\" \/><figcaption>Cuevas de Zugarramurdi. Foto: Turismo de Navarra<\/figcaption><\/figure>\n\n\n\n<p>Las<strong> <a rel=\"noreferrer noopener\" href=\"http:\/\/www.turismozugarramurdi.com\/seccion\/turismo_las_cuevas\/\" target=\"_blank\">cuevas de Zugarramurdi<\/a><\/strong>, a unos 200 metros del pueblo, es donde se celebraron durante siglos estas ceremonias paganas \u2014que hoy se puede visitar junto al <strong><a rel=\"noreferrer noopener\" href=\"http:\/\/www.turismozugarramurdi.com\/seccion\/turismo_museo_de_las_brujas\/\" target=\"_blank\">museo de las brujas<\/a><\/strong> en el mismo pueblo, edificio que antiguamente fue un hospital\u2013. Estas cuevas siguen teniendo un halo m\u00e1gico y poderoso. Son unas grutas que, efectivamente, evocan a algo m\u00e1gico, como una catedral para invocar a la naturaleza.&nbsp;<\/p>\n\n\n\n<h2 class=\"wp-block-heading\">Urdax<\/h2>\n\n\n\n<p>A pocos kil\u00f3metros de Zugarramurdi \u2014hay incluso un atajo para ir de una localidad a otra a pie en pleno bosque\u2014 se encuentra el peque\u00f1o pueblo de Urdax por donde discurre un r\u00edo, hay casas palaciegas y un molino de agua de 1713 que sigue en funcionamiento. El <strong>monasterio de San Salvador<\/strong>, que se construy\u00f3 como hospital de peregrinos en el siglo IX es hoy un museo de pintura y escultura contempor\u00e1nea. Cerca de Urdax est\u00e1n las <strong>cuevas de Ikaburu<\/strong> y parte del trayecto del <strong>Camino de Santiago.<\/strong><\/p>\n\n\n\n<h2 class=\"wp-block-heading\">Se\u00f1or\u00edo de B\u00e9rtiz<\/h2>\n\n\n\n<p>El <strong><a href=\"http:\/\/www.parquedebertiz.es\/\" target=\"_blank\" rel=\"noreferrer noopener\">Parque Natural del Se\u00f1or\u00edo de B\u00e9rtiz <\/a><\/strong>es otra de las zonas boscosas m\u00e1s interesantes de Navarra. Este lugar de m\u00e1s de 2 000 hect\u00e1reas perteneci\u00f3 a don Pedro Ciga y fue donde introdujo 126 especies de plantas de distintos lugares del mundo. Hayas, robles, casta\u00f1os\u2026 Se puede visitar el <strong>jard\u00edn bot\u00e1nico<\/strong> y existen hasta siete <strong>rutas de senderismo<\/strong> para adentrarse en este hermoso mundo. Es el hogar de numerosas aves, como el milano real, el buitre leonado, la lechuza com\u00fan, el mart\u00edn pescador y hasta siete especies distintas de p\u00e1jaro carpintero.&nbsp;<\/p>\n\n\n\n<h2 class=\"wp-block-heading\">Elgorriaga<\/h2>\n\n\n\n<p>Localidad famosa por sus <strong>aguas curativas y saladas<\/strong>. Del <strong>manantial de Elgorriaga<\/strong> brotan las aguas de m\u00e1s fuerte mineralizaci\u00f3n del mundo y se puede flotar en ellas con m\u00e1s facilidad que en el Mar Muerto. Hoy se pueden visitar estos ba\u00f1os en el <a href=\"https:\/\/www.balnearioelgorriaga.com\/\" target=\"_blank\" rel=\"noreferrer noopener\"><strong>Hotel y Balneario de Elgorriaga<\/strong>.<\/a> Los an\u00e1lisis que se han realizado confirman que la concentraci\u00f3n de sal por litro es de 312 gramos.&nbsp;<\/p>\n\n\n\n<h2 class=\"wp-block-heading\">Santesteban<\/h2>\n\n\n\n<p>Cerca de Elgorriaga, el pueblo de Santesteban es famoso por sus <strong>edificaciones con entramado de madera, casas g\u00f3ticas y renacentistas <\/strong>y un puente medieval. Recomendamos hacer una parada en el <strong><a href=\"http:\/\/www.hostalsantamaria.es\/\" target=\"_blank\" rel=\"noreferrer noopener\">restaurante Santamar\u00eda.&nbsp;&nbsp;<\/a><\/strong><\/p>\n\n\n\n<h2 class=\"wp-block-heading\">Bera de Bidasoa<\/h2>\n\n\n\n<p>Es el pueblo donde los Baroja se instalaron en 1912. En la casa llamada Itzea fue donde la familia desarroll\u00f3 gran parte de su obra. La biblioteca tiene m\u00e1s de 50 000 vol\u00famenes. La casa, en la actualidad, no est\u00e1 abierta al p\u00fablico.&nbsp;<\/p>\n\n\n\n<h2 class=\"wp-block-heading\">Selva de Irati<\/h2>\n\n\n\n<figure class=\"wp-block-image size-large\"><img loading=\"lazy\" decoding=\"async\" width=\"1024\" height=\"378\" src=\"http:\/\/www.canariasviaja.com\/viajaresvivir\/wp-content\/uploads\/2019\/11\/Bosques_navarra_iratiotono1-1024x378.jpg\" alt=\"Selva de Irati\" class=\"wp-image-1468\" srcset=\"https:\/\/www.canariasviaja.com\/viajaresvivir\/wp-content\/uploads\/2019\/11\/Bosques_navarra_iratiotono1-1024x378.jpg 1024w, https:\/\/www.canariasviaja.com\/viajaresvivir\/wp-content\/uploads\/2019\/11\/Bosques_navarra_iratiotono1-300x111.jpg 300w, https:\/\/www.canariasviaja.com\/viajaresvivir\/wp-content\/uploads\/2019\/11\/Bosques_navarra_iratiotono1-768x284.jpg 768w, https:\/\/www.canariasviaja.com\/viajaresvivir\/wp-content\/uploads\/2019\/11\/Bosques_navarra_iratiotono1.jpg 1045w\" sizes=\"(max-width: 1024px) 100vw, 1024px\" \/><\/figure>\n\n\n\n<p>La <a href=\"https:\/\/www.canariasviaja.com\/viajaresvivir\/un-bosque-de-cuento-la-selva-de-iriati\/\"><strong>Selva de Irati<\/strong><\/a> es de visita imprescindible en todo viaje a Navarra. Con 17000 hect\u00e1reas de bosque es <strong>el segundo hayedo-abetal m\u00e1s grande de Europa<\/strong> despu\u00e9s de la Selva Negra en Alemania. Adentrarse en esta mara\u00f1a de \u00e1rboles, monta\u00f1as, prados y riachuelos es una puerta a otro mundo donde quiz\u00e1 viven seres como las lamias, la diosa Mari y el <em>basajaun<\/em>.&nbsp;<\/p>\n\n\n\n<p><\/p>\n\n\n\n<div style=\"height:100px\" aria-hidden=\"true\" class=\"wp-block-spacer\"><\/div>\n\n\n\n<p>En Bazt\u00e1n nada apremia. Dulce el momento all\u00ed transitado, ya sea con sol, lluvia o un cielo gris esmerilado. <strong>El valle invita a la reflexi\u00f3n y al disfrute<\/strong>. A dejarse sorprender por sus formas y colores, a aprender de su historia que sigue presente, porque, qu\u00e9 somos si no un c\u00famulo de pasados en continua construcci\u00f3n de momentos.&nbsp;&nbsp;<\/p>\n\n\n\n<hr class=\"wp-block-separator\"\/>\n\n\n\n<p>Alba Cant\u00f3n es periodista y trotamundos. Su pasi\u00f3n por los libros le ha llevado a fundar la editorial de literatura de viajes &#8216;<a rel=\"noreferrer noopener\" href=\"https:\/\/www.itinerariaeditorial.com\/\" target=\"_blank\"><strong>Itineraria<\/strong><\/a>&#8216;, donde invita a viajar a trav\u00e9s de la lectura y la imaginaci\u00f3n.<\/p>\n\n\n\n<p>Fotograf\u00edas cedidas por el Servicio de Marketing e Internacionalizaci\u00f3n Tur\u00edstica del<strong><a href=\"http:\/\/www.turismo.navarra.es.\" target=\"_blank\" rel=\"noreferrer noopener\"> Gobierno de Navarra<\/a><\/strong><\/p>\n\n\n\n<hr class=\"wp-block-separator\"\/>\n\n\n\n<p>\u00bfTe gustar\u00eda descubrir este m\u00e1gico valle? Te hemos preparado una<a href=\"https:\/\/bit.ly\/3oYVm5T\"> oferta irresistible<\/a> para que lo descubras.<\/p>\n","protected":false},"excerpt":{"rendered":"<p>El Valle de Bazt\u00e1n es el escenario en el que transcurre  la Trilog\u00eda de la escritora Dolores Redondo protagonizada por la inspectora Amaia Salazar. Ven, vamos a descubrirlo.<\/p>\n","protected":false},"author":38,"featured_media":6036,"comment_status":"open","ping_status":"open","sticky":false,"template":"","format":"standard","meta":{"_acf_changed":false,"sfsi_plus_gutenberg_text_before_share":"","sfsi_plus_gutenberg_show_text_before_share":"","sfsi_plus_gutenberg_icon_type":"","sfsi_plus_gutenberg_icon_alignemt":"","sfsi_plus_gutenburg_max_per_row":"","footnotes":""},"categories":[125,124,8,123,10,105,100],"tags":[673,635,230,307,672,674,675],"class_list":["post-5879","post","type-post","status-publish","format-standard","has-post-thumbnail","hentry","category-aventurate","category-descubre","category-diariodeviaje","category-explora","category-historias-viajeras","category-pamplona","category-peninsulaybaleares","tag-dolores-redondo","tag-libros","tag-navarra","tag-pamplona","tag-ruta-literaria","tag-trilogia-del-valle-de-baztan","tag-valle-de-baztan"],"acf":[],"yoast_head":"<!-- This site is optimized with the Yoast SEO plugin v24.1 - https:\/\/yoast.com\/wordpress\/plugins\/seo\/ -->\n<title>Itinerario literario por el Valle de Bazt\u00e1n - Viajar es vivir<\/title>\n<meta name=\"description\" content=\"El Valle de Baztan es el escenario de la Trilog\u00eda de la escritora Dolores Redondo protagonizada por la inspectora Amaia Salazar. Vamos a descubrirlo.\" \/>\n<meta name=\"robots\" content=\"index, follow, max-snippet:-1, max-image-preview:large, max-video-preview:-1\" \/>\n<link rel=\"canonical\" href=\"https:\/\/www.canariasviaja.com\/viajaresvivir\/itinerario-literario-por-el-valle-de-baztan\/\" \/>\n<meta property=\"og:locale\" content=\"es_ES\" \/>\n<meta property=\"og:type\" content=\"article\" \/>\n<meta property=\"og:title\" content=\"Itinerario literario por el Valle de Bazt\u00e1n - Viajar es vivir\" \/>\n<meta property=\"og:description\" content=\"El Valle de Baztan es el escenario de la Trilog\u00eda de la escritora Dolores Redondo protagonizada por la inspectora Amaia Salazar. Vamos a descubrirlo.\" \/>\n<meta property=\"og:url\" content=\"https:\/\/www.canariasviaja.com\/viajaresvivir\/itinerario-literario-por-el-valle-de-baztan\/\" \/>\n<meta property=\"og:site_name\" content=\"Viajar es vivir\" \/>\n<meta property=\"article:published_time\" content=\"2021-01-13T15:29:22+00:00\" \/>\n<meta property=\"article:modified_time\" content=\"2021-01-15T12:23:46+00:00\" \/>\n<meta property=\"og:image\" content=\"https:\/\/www.canariasviaja.com\/viajaresvivir\/wp-content\/uploads\/2021\/01\/Baztan-Ziga_In\u0303aki-Tejerina-02.jpg\" \/>\n\t<meta property=\"og:image:width\" content=\"2000\" \/>\n\t<meta property=\"og:image:height\" content=\"1335\" \/>\n\t<meta property=\"og:image:type\" content=\"image\/jpeg\" \/>\n<meta name=\"author\" content=\"Alba Cant\u00f3n\" \/>\n<meta name=\"twitter:card\" content=\"summary_large_image\" \/>\n<meta name=\"twitter:label1\" content=\"Escrito por\" \/>\n\t<meta name=\"twitter:data1\" content=\"Alba Cant\u00f3n\" \/>\n\t<meta name=\"twitter:label2\" content=\"Tiempo de lectura\" \/>\n\t<meta name=\"twitter:data2\" content=\"20 minutos\" \/>\n<script type=\"application\/ld+json\" class=\"yoast-schema-graph\">{\"@context\":\"https:\/\/schema.org\",\"@graph\":[{\"@type\":\"WebPage\",\"@id\":\"https:\/\/www.canariasviaja.com\/viajaresvivir\/itinerario-literario-por-el-valle-de-baztan\/\",\"url\":\"https:\/\/www.canariasviaja.com\/viajaresvivir\/itinerario-literario-por-el-valle-de-baztan\/\",\"name\":\"Itinerario literario por el Valle de Bazt\u00e1n - Viajar es vivir\",\"isPartOf\":{\"@id\":\"https:\/\/www.canariasviaja.com\/viajaresvivir\/#website\"},\"primaryImageOfPage\":{\"@id\":\"https:\/\/www.canariasviaja.com\/viajaresvivir\/itinerario-literario-por-el-valle-de-baztan\/#primaryimage\"},\"image\":{\"@id\":\"https:\/\/www.canariasviaja.com\/viajaresvivir\/itinerario-literario-por-el-valle-de-baztan\/#primaryimage\"},\"thumbnailUrl\":\"https:\/\/www.canariasviaja.com\/viajaresvivir\/wp-content\/uploads\/2021\/01\/Baztan-Ziga_In\u0303aki-Tejerina-02.jpg\",\"datePublished\":\"2021-01-13T15:29:22+00:00\",\"dateModified\":\"2021-01-15T12:23:46+00:00\",\"author\":{\"@id\":\"https:\/\/www.canariasviaja.com\/viajaresvivir\/#\/schema\/person\/e71208076e46c0a631075a4bc2a3463d\"},\"description\":\"El Valle de Baztan es el escenario de la Trilog\u00eda de la escritora Dolores Redondo protagonizada por la inspectora Amaia Salazar. Vamos a descubrirlo.\",\"breadcrumb\":{\"@id\":\"https:\/\/www.canariasviaja.com\/viajaresvivir\/itinerario-literario-por-el-valle-de-baztan\/#breadcrumb\"},\"inLanguage\":\"es\",\"potentialAction\":[{\"@type\":\"ReadAction\",\"target\":[\"https:\/\/www.canariasviaja.com\/viajaresvivir\/itinerario-literario-por-el-valle-de-baztan\/\"]}]},{\"@type\":\"ImageObject\",\"inLanguage\":\"es\",\"@id\":\"https:\/\/www.canariasviaja.com\/viajaresvivir\/itinerario-literario-por-el-valle-de-baztan\/#primaryimage\",\"url\":\"https:\/\/www.canariasviaja.com\/viajaresvivir\/wp-content\/uploads\/2021\/01\/Baztan-Ziga_In\u0303aki-Tejerina-02.jpg\",\"contentUrl\":\"https:\/\/www.canariasviaja.com\/viajaresvivir\/wp-content\/uploads\/2021\/01\/Baztan-Ziga_In\u0303aki-Tejerina-02.jpg\",\"width\":2000,\"height\":1335,\"caption\":\"Valle del Baztan\"},{\"@type\":\"BreadcrumbList\",\"@id\":\"https:\/\/www.canariasviaja.com\/viajaresvivir\/itinerario-literario-por-el-valle-de-baztan\/#breadcrumb\",\"itemListElement\":[{\"@type\":\"ListItem\",\"position\":1,\"name\":\"Portada\",\"item\":\"https:\/\/www.canariasviaja.com\/viajaresvivir\/\"},{\"@type\":\"ListItem\",\"position\":2,\"name\":\"Itinerario literario por el Valle de Bazt\u00e1n\"}]},{\"@type\":\"WebSite\",\"@id\":\"https:\/\/www.canariasviaja.com\/viajaresvivir\/#website\",\"url\":\"https:\/\/www.canariasviaja.com\/viajaresvivir\/\",\"name\":\"Viajar es vivir\",\"description\":\"El blog de viajes y estilo de vida de CanariasViaja\",\"potentialAction\":[{\"@type\":\"SearchAction\",\"target\":{\"@type\":\"EntryPoint\",\"urlTemplate\":\"https:\/\/www.canariasviaja.com\/viajaresvivir\/?s={search_term_string}\"},\"query-input\":{\"@type\":\"PropertyValueSpecification\",\"valueRequired\":true,\"valueName\":\"search_term_string\"}}],\"inLanguage\":\"es\"},{\"@type\":\"Person\",\"@id\":\"https:\/\/www.canariasviaja.com\/viajaresvivir\/#\/schema\/person\/e71208076e46c0a631075a4bc2a3463d\",\"name\":\"Alba Cant\u00f3n\",\"image\":{\"@type\":\"ImageObject\",\"inLanguage\":\"es\",\"@id\":\"https:\/\/www.canariasviaja.com\/viajaresvivir\/#\/schema\/person\/image\/\",\"url\":\"https:\/\/secure.gravatar.com\/avatar\/82b7fe55855e5fe27a60abd52f57807a?s=96&d=mm&r=g\",\"contentUrl\":\"https:\/\/secure.gravatar.com\/avatar\/82b7fe55855e5fe27a60abd52f57807a?s=96&d=mm&r=g\",\"caption\":\"Alba Cant\u00f3n\"},\"url\":\"https:\/\/www.canariasviaja.com\/viajaresvivir\/author\/alba-canton\/\"}]}<\/script>\n<!-- \/ Yoast SEO plugin. -->","yoast_head_json":{"title":"Itinerario literario por el Valle de Bazt\u00e1n - Viajar es vivir","description":"El Valle de Baztan es el escenario de la Trilog\u00eda de la escritora Dolores Redondo protagonizada por la inspectora Amaia Salazar. Vamos a descubrirlo.","robots":{"index":"index","follow":"follow","max-snippet":"max-snippet:-1","max-image-preview":"max-image-preview:large","max-video-preview":"max-video-preview:-1"},"canonical":"https:\/\/www.canariasviaja.com\/viajaresvivir\/itinerario-literario-por-el-valle-de-baztan\/","og_locale":"es_ES","og_type":"article","og_title":"Itinerario literario por el Valle de Bazt\u00e1n - Viajar es vivir","og_description":"El Valle de Baztan es el escenario de la Trilog\u00eda de la escritora Dolores Redondo protagonizada por la inspectora Amaia Salazar. Vamos a descubrirlo.","og_url":"https:\/\/www.canariasviaja.com\/viajaresvivir\/itinerario-literario-por-el-valle-de-baztan\/","og_site_name":"Viajar es vivir","article_published_time":"2021-01-13T15:29:22+00:00","article_modified_time":"2021-01-15T12:23:46+00:00","og_image":[{"width":2000,"height":1335,"url":"https:\/\/www.canariasviaja.com\/viajaresvivir\/wp-content\/uploads\/2021\/01\/Baztan-Ziga_In\u0303aki-Tejerina-02.jpg","type":"image\/jpeg"}],"author":"Alba Cant\u00f3n","twitter_card":"summary_large_image","twitter_misc":{"Escrito por":"Alba Cant\u00f3n","Tiempo de lectura":"20 minutos"},"schema":{"@context":"https:\/\/schema.org","@graph":[{"@type":"WebPage","@id":"https:\/\/www.canariasviaja.com\/viajaresvivir\/itinerario-literario-por-el-valle-de-baztan\/","url":"https:\/\/www.canariasviaja.com\/viajaresvivir\/itinerario-literario-por-el-valle-de-baztan\/","name":"Itinerario literario por el Valle de Bazt\u00e1n - Viajar es vivir","isPartOf":{"@id":"https:\/\/www.canariasviaja.com\/viajaresvivir\/#website"},"primaryImageOfPage":{"@id":"https:\/\/www.canariasviaja.com\/viajaresvivir\/itinerario-literario-por-el-valle-de-baztan\/#primaryimage"},"image":{"@id":"https:\/\/www.canariasviaja.com\/viajaresvivir\/itinerario-literario-por-el-valle-de-baztan\/#primaryimage"},"thumbnailUrl":"https:\/\/www.canariasviaja.com\/viajaresvivir\/wp-content\/uploads\/2021\/01\/Baztan-Ziga_In\u0303aki-Tejerina-02.jpg","datePublished":"2021-01-13T15:29:22+00:00","dateModified":"2021-01-15T12:23:46+00:00","author":{"@id":"https:\/\/www.canariasviaja.com\/viajaresvivir\/#\/schema\/person\/e71208076e46c0a631075a4bc2a3463d"},"description":"El Valle de Baztan es el escenario de la Trilog\u00eda de la escritora Dolores Redondo protagonizada por la inspectora Amaia Salazar. Vamos a descubrirlo.","breadcrumb":{"@id":"https:\/\/www.canariasviaja.com\/viajaresvivir\/itinerario-literario-por-el-valle-de-baztan\/#breadcrumb"},"inLanguage":"es","potentialAction":[{"@type":"ReadAction","target":["https:\/\/www.canariasviaja.com\/viajaresvivir\/itinerario-literario-por-el-valle-de-baztan\/"]}]},{"@type":"ImageObject","inLanguage":"es","@id":"https:\/\/www.canariasviaja.com\/viajaresvivir\/itinerario-literario-por-el-valle-de-baztan\/#primaryimage","url":"https:\/\/www.canariasviaja.com\/viajaresvivir\/wp-content\/uploads\/2021\/01\/Baztan-Ziga_In\u0303aki-Tejerina-02.jpg","contentUrl":"https:\/\/www.canariasviaja.com\/viajaresvivir\/wp-content\/uploads\/2021\/01\/Baztan-Ziga_In\u0303aki-Tejerina-02.jpg","width":2000,"height":1335,"caption":"Valle del Baztan"},{"@type":"BreadcrumbList","@id":"https:\/\/www.canariasviaja.com\/viajaresvivir\/itinerario-literario-por-el-valle-de-baztan\/#breadcrumb","itemListElement":[{"@type":"ListItem","position":1,"name":"Portada","item":"https:\/\/www.canariasviaja.com\/viajaresvivir\/"},{"@type":"ListItem","position":2,"name":"Itinerario literario por el Valle de Bazt\u00e1n"}]},{"@type":"WebSite","@id":"https:\/\/www.canariasviaja.com\/viajaresvivir\/#website","url":"https:\/\/www.canariasviaja.com\/viajaresvivir\/","name":"Viajar es vivir","description":"El blog de viajes y estilo de vida de CanariasViaja","potentialAction":[{"@type":"SearchAction","target":{"@type":"EntryPoint","urlTemplate":"https:\/\/www.canariasviaja.com\/viajaresvivir\/?s={search_term_string}"},"query-input":{"@type":"PropertyValueSpecification","valueRequired":true,"valueName":"search_term_string"}}],"inLanguage":"es"},{"@type":"Person","@id":"https:\/\/www.canariasviaja.com\/viajaresvivir\/#\/schema\/person\/e71208076e46c0a631075a4bc2a3463d","name":"Alba Cant\u00f3n","image":{"@type":"ImageObject","inLanguage":"es","@id":"https:\/\/www.canariasviaja.com\/viajaresvivir\/#\/schema\/person\/image\/","url":"https:\/\/secure.gravatar.com\/avatar\/82b7fe55855e5fe27a60abd52f57807a?s=96&d=mm&r=g","contentUrl":"https:\/\/secure.gravatar.com\/avatar\/82b7fe55855e5fe27a60abd52f57807a?s=96&d=mm&r=g","caption":"Alba Cant\u00f3n"},"url":"https:\/\/www.canariasviaja.com\/viajaresvivir\/author\/alba-canton\/"}]}},"_links":{"self":[{"href":"https:\/\/www.canariasviaja.com\/viajaresvivir\/wp-json\/wp\/v2\/posts\/5879"}],"collection":[{"href":"https:\/\/www.canariasviaja.com\/viajaresvivir\/wp-json\/wp\/v2\/posts"}],"about":[{"href":"https:\/\/www.canariasviaja.com\/viajaresvivir\/wp-json\/wp\/v2\/types\/post"}],"author":[{"embeddable":true,"href":"https:\/\/www.canariasviaja.com\/viajaresvivir\/wp-json\/wp\/v2\/users\/38"}],"replies":[{"embeddable":true,"href":"https:\/\/www.canariasviaja.com\/viajaresvivir\/wp-json\/wp\/v2\/comments?post=5879"}],"version-history":[{"count":10,"href":"https:\/\/www.canariasviaja.com\/viajaresvivir\/wp-json\/wp\/v2\/posts\/5879\/revisions"}],"predecessor-version":[{"id":6086,"href":"https:\/\/www.canariasviaja.com\/viajaresvivir\/wp-json\/wp\/v2\/posts\/5879\/revisions\/6086"}],"wp:featuredmedia":[{"embeddable":true,"href":"https:\/\/www.canariasviaja.com\/viajaresvivir\/wp-json\/wp\/v2\/media\/6036"}],"wp:attachment":[{"href":"https:\/\/www.canariasviaja.com\/viajaresvivir\/wp-json\/wp\/v2\/media?parent=5879"}],"wp:term":[{"taxonomy":"category","embeddable":true,"href":"https:\/\/www.canariasviaja.com\/viajaresvivir\/wp-json\/wp\/v2\/categories?post=5879"},{"taxonomy":"post_tag","embeddable":true,"href":"https:\/\/www.canariasviaja.com\/viajaresvivir\/wp-json\/wp\/v2\/tags?post=5879"}],"curies":[{"name":"wp","href":"https:\/\/api.w.org\/{rel}","templated":true}]}}