{"id":6004,"date":"2021-01-11T12:30:16","date_gmt":"2021-01-11T12:30:16","guid":{"rendered":"http:\/\/www.canariasviaja.com\/viajaresvivir\/?p=6004"},"modified":"2021-01-12T10:48:29","modified_gmt":"2021-01-12T10:48:29","slug":"el-teide-a-pie","status":"publish","type":"post","link":"https:\/\/www.canariasviaja.com\/viajaresvivir\/el-teide-a-pie\/","title":{"rendered":"El Teide a pie"},"content":{"rendered":"\n<p>El <strong><a href=\"https:\/\/www.miteco.gob.es\/es\/red-parques-nacionales\/nuestros-parques\/teide\/\" target=\"_blank\" rel=\"noreferrer noopener\">Parque Nacional <\/a>de El Teide<\/strong> es visitado cada a\u00f1o por m\u00e1s de cuatro millones de turistas, la mayor parte de estas personas suelen ir a los mismos lugares y aproximadamente en las mismas horas. Los <strong>Roques de Garc\u00eda<\/strong>, la estaci\u00f3n del <strong>telef\u00e9rico<\/strong>, <strong>El Portillo<\/strong> y el <strong>mirador del Tabonal <\/strong>Negro concentran una parte importante de los visitantes, pero el Parque Nacional es mucho m\u00e1s, esconde miles de rincones y secretos alejados de la carretera por donde transitan los coches y guaguas que suben cada d\u00eda hasta el techo de las islas y Espa\u00f1a.&nbsp;<\/p>\n\n\n\n<figure class=\"wp-block-image size-large\"><img loading=\"lazy\" decoding=\"async\" width=\"1024\" height=\"683\" src=\"http:\/\/www.canariasviaja.com\/viajaresvivir\/wp-content\/uploads\/2021\/01\/Teide_astroturismo_1_2.jpg\" alt=\"Turistas en el Teide\" class=\"wp-image-6010\" srcset=\"https:\/\/www.canariasviaja.com\/viajaresvivir\/wp-content\/uploads\/2021\/01\/Teide_astroturismo_1_2.jpg 1024w, https:\/\/www.canariasviaja.com\/viajaresvivir\/wp-content\/uploads\/2021\/01\/Teide_astroturismo_1_2-300x200.jpg 300w, https:\/\/www.canariasviaja.com\/viajaresvivir\/wp-content\/uploads\/2021\/01\/Teide_astroturismo_1_2-768x512.jpg 768w\" sizes=\"(max-width: 1024px) 100vw, 1024px\" \/><\/figure>\n\n\n\n<figure class=\"wp-block-image size-large\"><img loading=\"lazy\" decoding=\"async\" width=\"1024\" height=\"629\" src=\"http:\/\/www.canariasviaja.com\/viajaresvivir\/wp-content\/uploads\/2021\/01\/ParqueNacionalTeide.FOTO_.JuanJoseRamos.jpg\" alt=\"Parque Nacional del Teide\" class=\"wp-image-6008\" srcset=\"https:\/\/www.canariasviaja.com\/viajaresvivir\/wp-content\/uploads\/2021\/01\/ParqueNacionalTeide.FOTO_.JuanJoseRamos.jpg 1024w, https:\/\/www.canariasviaja.com\/viajaresvivir\/wp-content\/uploads\/2021\/01\/ParqueNacionalTeide.FOTO_.JuanJoseRamos-300x184.jpg 300w, https:\/\/www.canariasviaja.com\/viajaresvivir\/wp-content\/uploads\/2021\/01\/ParqueNacionalTeide.FOTO_.JuanJoseRamos-768x472.jpg 768w\" sizes=\"(max-width: 1024px) 100vw, 1024px\" \/><\/figure>\n\n\n\n<h2 class=\"wp-block-heading\">El Parque Nacional del Teide, un lugar \u00fanico<\/h2>\n\n\n\n<p>El <strong>Parque Nacional del Teide<\/strong> es el primero que se declar\u00f3 en las Islas Canarias. Este hecho no resulta extra\u00f1o a cualquier persona que lo visite y se vea inmersa en un <strong>paisaje volc\u00e1nico<\/strong> sobrecogedor, hogar de una gran cantidad de <strong>especies animales y vegetales<\/strong> que, sorprendentemente, han decidido instalar aqu\u00ed su morada y que en muchas ocasiones, para la perplejidad de cient\u00edficos y visitantes, no es posible encontrarlas en ning\u00fan otro lugar del mundo.&nbsp;<\/p>\n\n\n\n<figure class=\"wp-block-image size-large\"><img loading=\"lazy\" decoding=\"async\" width=\"1024\" height=\"683\" src=\"http:\/\/www.canariasviaja.com\/viajaresvivir\/wp-content\/uploads\/2021\/01\/Volcanes.PNTeide.Enero2020.FOTO_JuanjoRamosEco.jpg\" alt=\"Volcanes en el Parque Nacional del teide\" class=\"wp-image-6012\" srcset=\"https:\/\/www.canariasviaja.com\/viajaresvivir\/wp-content\/uploads\/2021\/01\/Volcanes.PNTeide.Enero2020.FOTO_JuanjoRamosEco.jpg 1024w, https:\/\/www.canariasviaja.com\/viajaresvivir\/wp-content\/uploads\/2021\/01\/Volcanes.PNTeide.Enero2020.FOTO_JuanjoRamosEco-300x200.jpg 300w, https:\/\/www.canariasviaja.com\/viajaresvivir\/wp-content\/uploads\/2021\/01\/Volcanes.PNTeide.Enero2020.FOTO_JuanjoRamosEco-768x512.jpg 768w\" sizes=\"(max-width: 1024px) 100vw, 1024px\" \/><\/figure>\n\n\n\n<figure class=\"wp-block-image size-large\"><img loading=\"lazy\" decoding=\"async\" width=\"1024\" height=\"707\" src=\"http:\/\/www.canariasviaja.com\/viajaresvivir\/wp-content\/uploads\/2021\/01\/LaniusMeridionalis.Ad_.PnTeide.30Dic2015.FOTO_JuanjoRamos.BirdingCanarias.jpg\" alt=\"P\u00e1jaro en Parque Nacional del teide\" class=\"wp-image-6007\" srcset=\"https:\/\/www.canariasviaja.com\/viajaresvivir\/wp-content\/uploads\/2021\/01\/LaniusMeridionalis.Ad_.PnTeide.30Dic2015.FOTO_JuanjoRamos.BirdingCanarias.jpg 1024w, https:\/\/www.canariasviaja.com\/viajaresvivir\/wp-content\/uploads\/2021\/01\/LaniusMeridionalis.Ad_.PnTeide.30Dic2015.FOTO_JuanjoRamos.BirdingCanarias-300x207.jpg 300w, https:\/\/www.canariasviaja.com\/viajaresvivir\/wp-content\/uploads\/2021\/01\/LaniusMeridionalis.Ad_.PnTeide.30Dic2015.FOTO_JuanjoRamos.BirdingCanarias-768x530.jpg 768w\" sizes=\"(max-width: 1024px) 100vw, 1024px\" \/><\/figure>\n\n\n\n<p><strong>La mejor \u00e9poca<\/strong> para visitar el parque y su entorno es a finales de la <strong>primavera<\/strong>, en los meses de mayo y junio. Este es el momento en el que se produce la <strong>floraci\u00f3n<\/strong>, todo un acontecimiento natural.&nbsp;&nbsp;<\/p>\n\n\n\n<figure class=\"wp-block-image size-large\"><img loading=\"lazy\" decoding=\"async\" width=\"2000\" height=\"1333\" src=\"http:\/\/www.canariasviaja.com\/viajaresvivir\/wp-content\/uploads\/2021\/01\/Floraciontajinaste.-PNTeide.2014.FOTO_JuanjoRamosEco-2000x1333.jpg\" alt=\"Floraci\u00f3n tajinaste en el Teide\" class=\"wp-image-6006\" srcset=\"https:\/\/www.canariasviaja.com\/viajaresvivir\/wp-content\/uploads\/2021\/01\/Floraciontajinaste.-PNTeide.2014.FOTO_JuanjoRamosEco-2000x1333.jpg 2000w, https:\/\/www.canariasviaja.com\/viajaresvivir\/wp-content\/uploads\/2021\/01\/Floraciontajinaste.-PNTeide.2014.FOTO_JuanjoRamosEco-300x200.jpg 300w, https:\/\/www.canariasviaja.com\/viajaresvivir\/wp-content\/uploads\/2021\/01\/Floraciontajinaste.-PNTeide.2014.FOTO_JuanjoRamosEco-768x512.jpg 768w, https:\/\/www.canariasviaja.com\/viajaresvivir\/wp-content\/uploads\/2021\/01\/Floraciontajinaste.-PNTeide.2014.FOTO_JuanjoRamosEco-1536x1024.jpg 1536w, https:\/\/www.canariasviaja.com\/viajaresvivir\/wp-content\/uploads\/2021\/01\/Floraciontajinaste.-PNTeide.2014.FOTO_JuanjoRamosEco-2048x1365.jpg 2048w, https:\/\/www.canariasviaja.com\/viajaresvivir\/wp-content\/uploads\/2021\/01\/Floraciontajinaste.-PNTeide.2014.FOTO_JuanjoRamosEco-1200x800.jpg 1200w, https:\/\/www.canariasviaja.com\/viajaresvivir\/wp-content\/uploads\/2021\/01\/Floraciontajinaste.-PNTeide.2014.FOTO_JuanjoRamosEco-1620x1080.jpg 1620w\" sizes=\"(max-width: 2000px) 100vw, 2000px\" \/><figcaption>Tajinastes en el Teide<\/figcaption><\/figure>\n\n\n\n<p>El afamado naturalista alem\u00e1n <strong>Alexander Von Humboldt<\/strong>, durante su ascensi\u00f3n al Teide en junio de 1799, pudo disfrutar de las \u00faltimas pinceladas de uno de los espect\u00e1culos flor\u00edsticos m\u00e1s bellos que tienen lugar en las islas, <strong>la floraci\u00f3n en Las Ca\u00f1adas del Teide<\/strong>, la aparici\u00f3n anual de miles de plantas en flor con llamativos colores que contrastan con el aparente inerte paisaje de las rocas volc\u00e1nicas. La mayor parte de las plantas de este lugar muestran flores de colores muy llamativos como amarillos, rojos, violetas, blancos, etc. con el principal fin de llamar la atenci\u00f3n de un importante ej\u00e9rcito de abejas, moscas, mosquitos, mariposas, polillas y otros invertebrados que act\u00faan como polinizadores.&nbsp;<\/p>\n\n\n\n<h3 class=\"wp-block-heading\">Conocer el Parque Nacional del Teide a pie<\/h3>\n\n\n\n<figure class=\"wp-block-image size-large\"><img loading=\"lazy\" decoding=\"async\" width=\"2000\" height=\"1500\" src=\"http:\/\/www.canariasviaja.com\/viajaresvivir\/wp-content\/uploads\/2021\/01\/Senderistas-Teide.-FOTO_JuanjoRamosEco1.jpg\" alt=\"Senderistas en el parque Nacional del teide\" class=\"wp-image-6020\" srcset=\"https:\/\/www.canariasviaja.com\/viajaresvivir\/wp-content\/uploads\/2021\/01\/Senderistas-Teide.-FOTO_JuanjoRamosEco1.jpg 2000w, https:\/\/www.canariasviaja.com\/viajaresvivir\/wp-content\/uploads\/2021\/01\/Senderistas-Teide.-FOTO_JuanjoRamosEco1-300x225.jpg 300w, https:\/\/www.canariasviaja.com\/viajaresvivir\/wp-content\/uploads\/2021\/01\/Senderistas-Teide.-FOTO_JuanjoRamosEco1-768x576.jpg 768w, https:\/\/www.canariasviaja.com\/viajaresvivir\/wp-content\/uploads\/2021\/01\/Senderistas-Teide.-FOTO_JuanjoRamosEco1-1536x1152.jpg 1536w, https:\/\/www.canariasviaja.com\/viajaresvivir\/wp-content\/uploads\/2021\/01\/Senderistas-Teide.-FOTO_JuanjoRamosEco1-1200x900.jpg 1200w, https:\/\/www.canariasviaja.com\/viajaresvivir\/wp-content\/uploads\/2021\/01\/Senderistas-Teide.-FOTO_JuanjoRamosEco1-800x600.jpg 800w, https:\/\/www.canariasviaja.com\/viajaresvivir\/wp-content\/uploads\/2021\/01\/Senderistas-Teide.-FOTO_JuanjoRamosEco1-1440x1080.jpg 1440w\" sizes=\"(max-width: 2000px) 100vw, 2000px\" \/><figcaption>Senderistas en el P.N. Teide<\/figcaption><\/figure>\n\n\n\n<p>El Teide posee una amplia <strong><a href=\"https:\/\/www.miteco.gob.es\/es\/red-parques-nacionales\/nuestros-parques\/teide\/guia-visitante\/itinerarios.aspx\" target=\"_blank\" rel=\"noreferrer noopener\">red de senderos<\/a><\/strong>, con algo m\u00e1s de 40 posibilidades que pueden ser conectadas entre ellas en funci\u00f3n de la \u00e9poca del a\u00f1o, tus necesidades y condici\u00f3n f\u00edsica.&nbsp;&nbsp;<\/p>\n\n\n\n<p>El sendero m\u00e1s popular es la ascensi\u00f3n al <strong>pico Teide<\/strong>, subir a pie hasta el techo de la isla y el pico m\u00e1s alto de Espa\u00f1a. Una <strong>ruta de alta monta\u00f1a<\/strong> no apta para todos. Es muy importante planificar bien, estar preparado f\u00edsicamente y disponer de equipamiento adecuado. Adem\u00e1s, es necesario consultar la meteorolog\u00eda e informarte en las oficinas del parque del estado de los caminos y necesidades de <strong><a href=\"https:\/\/www.reservasparquesnacionales.es\/real\/ParquesNac\/usu\/html\/detalle-actividad-oapn.aspx?cen=2&amp;act=1\" target=\"_blank\" rel=\"noreferrer noopener\">permisos<\/a>.<\/strong>&nbsp;<\/p>\n\n\n\n<figure class=\"wp-block-image size-large\"><img loading=\"lazy\" decoding=\"async\" width=\"1024\" height=\"683\" src=\"http:\/\/www.canariasviaja.com\/viajaresvivir\/wp-content\/uploads\/2021\/01\/Teide.Sombra.Atardecer.Mayo2019.FOTO_JuanjoRamosEco.jpg\" alt=\"Teide al atardecer\" class=\"wp-image-6011\" srcset=\"https:\/\/www.canariasviaja.com\/viajaresvivir\/wp-content\/uploads\/2021\/01\/Teide.Sombra.Atardecer.Mayo2019.FOTO_JuanjoRamosEco.jpg 1024w, https:\/\/www.canariasviaja.com\/viajaresvivir\/wp-content\/uploads\/2021\/01\/Teide.Sombra.Atardecer.Mayo2019.FOTO_JuanjoRamosEco-300x200.jpg 300w, https:\/\/www.canariasviaja.com\/viajaresvivir\/wp-content\/uploads\/2021\/01\/Teide.Sombra.Atardecer.Mayo2019.FOTO_JuanjoRamosEco-768x512.jpg 768w\" sizes=\"(max-width: 1024px) 100vw, 1024px\" \/><figcaption>Sombra del Teide desde el pico<\/figcaption><\/figure>\n\n\n\n<p>Lo ideal es salir de <strong>Monta\u00f1a Blanca<\/strong> cuando comience la tarde, pasar la noche en el <strong>refugio de Altavista<\/strong> (es importante <strong>reservar plaza<\/strong> en el para poder dormir en sus instalaciones.). Tres horas antes del amanecer debes continuar ascendiendo hasta <strong>La Rambleta<\/strong>, para desde all\u00ed hacer cumbre tras valorar las cambiantes condiciones meteorol\u00f3gicas. El descenso se hace por la misma ruta, aunque existe la posibilidad de bajar en telef\u00e9rico.&nbsp;<\/p>\n\n\n\n<figure class=\"wp-block-image size-large\"><img loading=\"lazy\" decoding=\"async\" width=\"2000\" height=\"1333\" src=\"http:\/\/www.canariasviaja.com\/viajaresvivir\/wp-content\/uploads\/2021\/01\/Sombra.Teide_.Amanecer.Mayo2019.FOTO_JuanjoRamosEco.jpg\" alt=\"Sombra del Teide al amanecer desde el pico\" class=\"wp-image-6009\" srcset=\"https:\/\/www.canariasviaja.com\/viajaresvivir\/wp-content\/uploads\/2021\/01\/Sombra.Teide_.Amanecer.Mayo2019.FOTO_JuanjoRamosEco.jpg 2000w, https:\/\/www.canariasviaja.com\/viajaresvivir\/wp-content\/uploads\/2021\/01\/Sombra.Teide_.Amanecer.Mayo2019.FOTO_JuanjoRamosEco-300x200.jpg 300w, https:\/\/www.canariasviaja.com\/viajaresvivir\/wp-content\/uploads\/2021\/01\/Sombra.Teide_.Amanecer.Mayo2019.FOTO_JuanjoRamosEco-768x512.jpg 768w, https:\/\/www.canariasviaja.com\/viajaresvivir\/wp-content\/uploads\/2021\/01\/Sombra.Teide_.Amanecer.Mayo2019.FOTO_JuanjoRamosEco-1536x1024.jpg 1536w, https:\/\/www.canariasviaja.com\/viajaresvivir\/wp-content\/uploads\/2021\/01\/Sombra.Teide_.Amanecer.Mayo2019.FOTO_JuanjoRamosEco-1200x800.jpg 1200w, https:\/\/www.canariasviaja.com\/viajaresvivir\/wp-content\/uploads\/2021\/01\/Sombra.Teide_.Amanecer.Mayo2019.FOTO_JuanjoRamosEco-1620x1080.jpg 1620w\" sizes=\"(max-width: 2000px) 100vw, 2000px\" \/><figcaption>Amanecer desde el pico del Teide<\/figcaption><\/figure>\n\n\n\n<h2 class=\"wp-block-heading\">Sendero de Guajara<\/h2>\n\n\n\n<p>Mi sendero preferido sin lugar a duda es subir hasta el <strong>Alto de Guajara<\/strong>, desde la cumbre de esta emblem\u00e1tica monta\u00f1a de la comunidad de monta\u00f1eros de las islas, se puede disfrutar de una de las vistas m\u00e1s espectaculares del Teide. Lo ideal es hacer un <strong><a rel=\"noreferrer noopener\" href=\"https:\/\/www.wildcanarias.com\/circular-al-guajara-2715-metros-tenerife\/\" target=\"_blank\">sendero circular <\/a><\/strong>que parte desde el <strong>Parador Nacional<\/strong>, trascurre durante unos dos kil\u00f3metros por la pista de <strong>Siete Ca\u00f1adas<\/strong> y sube hasta la <strong>degollada de Guajara <\/strong>por la vertiente norte, hacer cumbre en los 2718 metros para contemplar desde all\u00ed al impresionante Teide y descender de nuevo hacia el Parador por la vertiente sur. Este sendero se puede realizar a lo largo de todo el a\u00f1o, aunque es especialmente bonito en <strong>invierno<\/strong>, siempre y cuando no este nevado.<\/p>\n\n\n\n<figure class=\"wp-block-image size-large\"><img loading=\"lazy\" decoding=\"async\" width=\"1024\" height=\"785\" src=\"http:\/\/www.canariasviaja.com\/viajaresvivir\/wp-content\/uploads\/2021\/01\/Ruinas-de-Guajara-y-Teide.FOTO_JuanjoRamosEco.jpg\" alt=\"Guajara Parque Nacional del Teide\" class=\"wp-image-6019\" srcset=\"https:\/\/www.canariasviaja.com\/viajaresvivir\/wp-content\/uploads\/2021\/01\/Ruinas-de-Guajara-y-Teide.FOTO_JuanjoRamosEco.jpg 1024w, https:\/\/www.canariasviaja.com\/viajaresvivir\/wp-content\/uploads\/2021\/01\/Ruinas-de-Guajara-y-Teide.FOTO_JuanjoRamosEco-300x230.jpg 300w, https:\/\/www.canariasviaja.com\/viajaresvivir\/wp-content\/uploads\/2021\/01\/Ruinas-de-Guajara-y-Teide.FOTO_JuanjoRamosEco-768x589.jpg 768w\" sizes=\"(max-width: 1024px) 100vw, 1024px\" \/><figcaption>Ruinas en altos de Guajara<\/figcaption><\/figure>\n\n\n\n<h2 class=\"wp-block-heading\">Otras formas de descubrir el Parque Nacional<\/h2>\n\n\n\n<p>Para las personas con problema de movilidad o con poco tiempo, una opci\u00f3n para descubrir el parque es recorrer el <strong>jard\u00edn bot\u00e1nico del centro de visitantes de El Portillo<\/strong>. Un lugar ideal para amantes de la flora y fauna y fot\u00f3grafos de la naturaleza. En un corto espacio de tiempo puedes hacerte una r\u00e1pida idea de lo que puedes encontrar en su red de senderos y descubrir algunos de los secretos de este espacio natural.&nbsp;<\/p>\n\n\n\n<figure class=\"wp-block-image size-large\"><img loading=\"lazy\" decoding=\"async\" width=\"1024\" height=\"768\" src=\"http:\/\/www.canariasviaja.com\/viajaresvivir\/wp-content\/uploads\/2021\/01\/Siete-Can\u0303adas.FOTO_JuanjoRamosEco.jpg\" alt=\"Siete Ca\u00f1adas desde Guajara\" class=\"wp-image-6021\" srcset=\"https:\/\/www.canariasviaja.com\/viajaresvivir\/wp-content\/uploads\/2021\/01\/Siete-Can\u0303adas.FOTO_JuanjoRamosEco.jpg 1024w, https:\/\/www.canariasviaja.com\/viajaresvivir\/wp-content\/uploads\/2021\/01\/Siete-Can\u0303adas.FOTO_JuanjoRamosEco-300x225.jpg 300w, https:\/\/www.canariasviaja.com\/viajaresvivir\/wp-content\/uploads\/2021\/01\/Siete-Can\u0303adas.FOTO_JuanjoRamosEco-768x576.jpg 768w, https:\/\/www.canariasviaja.com\/viajaresvivir\/wp-content\/uploads\/2021\/01\/Siete-Can\u0303adas.FOTO_JuanjoRamosEco-800x600.jpg 800w\" sizes=\"(max-width: 1024px) 100vw, 1024px\" \/><figcaption>Siete Ca\u00f1adas<\/figcaption><\/figure>\n\n\n\n<h2 class=\"wp-block-heading\">De ruta por el Parque<\/h2>\n\n\n\n<p>Durante las noches de verano tambi\u00e9n se pueden realizar senderimo en el Parque, varias empresas de turismo activo ofrecen <strong>rutas durante las noches de luna llena<\/strong> o combin\u00e1ndolas con <strong>actividades de astroturismo<\/strong> en <strong>Siete Ca\u00f1adas<\/strong> o en los senderos circulares de <strong>Los Roques de Garc\u00eda<\/strong> y en <strong>Monta\u00f1a Samara<\/strong>. Otros senderos muy recomendables son los de El Portillo a <strong>La Fortaleza<\/strong> por la Ca\u00f1ada del Guanchero, Los <strong>Roques del Cedro<\/strong> o la ascensi\u00f3n a <strong>Pico Viejo<\/strong>.&nbsp;<\/p>\n\n\n\n<p>Adem\u00e1s, existe una oferta de <strong><a href=\"http:\/\/www.gobiernodecanarias.org\/parquesnacionalesdecanarias\/es\/Teide\/InfraestructuraServicios\/VisitasGuiadas.html\" target=\"_blank\" rel=\"noreferrer noopener\">rutas guiadas para p\u00fablico en general<\/a><\/strong>: el servicio de interpretaci\u00f3n del Parque Nacional, <strong>de car\u00e1cter gratuito<\/strong>, ofrece la posibilidad de realizar las siguientes rutas guiadas: <strong>Roque del Peral <\/strong>(2 horas), <strong>La Fortaleza<\/strong> (3 horas y media), <strong>Arenas Negras <\/strong>(2 horas), <strong>Risco Verde<\/strong> (3 horas), <strong>Jard\u00edn del Centro de Visitantes<\/strong> (30 a 45 minutos) y <strong>Los Roques de Garc\u00eda <\/strong>(2 horas y media). Para ello es necesario contactar previamente con las <strong>oficinas del Parque Nacional<\/strong> (Tfno: 922 922 371).<\/p>\n\n\n\n<figure class=\"wp-block-image size-large\"><img loading=\"lazy\" decoding=\"async\" width=\"1024\" height=\"768\" src=\"http:\/\/www.canariasviaja.com\/viajaresvivir\/wp-content\/uploads\/2021\/01\/Roques-de-Garcia-Pico-Viejo-y-Teide-desde-Guajara.Enero-2018.-FOTO_JuanjoRamosEco.jpg\" alt=\"Vista desde Guajara\" class=\"wp-image-6018\" srcset=\"https:\/\/www.canariasviaja.com\/viajaresvivir\/wp-content\/uploads\/2021\/01\/Roques-de-Garcia-Pico-Viejo-y-Teide-desde-Guajara.Enero-2018.-FOTO_JuanjoRamosEco.jpg 1024w, https:\/\/www.canariasviaja.com\/viajaresvivir\/wp-content\/uploads\/2021\/01\/Roques-de-Garcia-Pico-Viejo-y-Teide-desde-Guajara.Enero-2018.-FOTO_JuanjoRamosEco-300x225.jpg 300w, https:\/\/www.canariasviaja.com\/viajaresvivir\/wp-content\/uploads\/2021\/01\/Roques-de-Garcia-Pico-Viejo-y-Teide-desde-Guajara.Enero-2018.-FOTO_JuanjoRamosEco-768x576.jpg 768w, https:\/\/www.canariasviaja.com\/viajaresvivir\/wp-content\/uploads\/2021\/01\/Roques-de-Garcia-Pico-Viejo-y-Teide-desde-Guajara.Enero-2018.-FOTO_JuanjoRamosEco-800x600.jpg 800w\" sizes=\"(max-width: 1024px) 100vw, 1024px\" \/><figcaption>Vista del Teide y Pico viejo desde Guajara<\/figcaption><\/figure>\n\n\n\n<p>No debemos olvidar que cuando andamos por los senderos del parque debemos <strong>cumplir las<\/strong> <strong>normas y consejos <\/strong>que aparecen en los numerosos carteles informativos e indicativos y sobretodo no salirnos de los caminos, pistas o senderos. El Teide es un <strong>lugar muy sensible<\/strong> que alberga especies de plantas y animales \u00fanicas en el planeta, una flora y fauna que no encontramos en libertad en ning\u00fan otro lugar del mundo, son autenticas joyas de este rinc\u00f3n, inigualables e irrepetibles.<\/p>\n\n\n\n<hr class=\"wp-block-separator\"\/>\n\n\n\n<p>\u00bfTe gustar\u00eda <strong>despertar a los pies del Teide<\/strong> y recorrer sus senderos? Te hemos preparado una <strong><a href=\"https:\/\/bit.ly\/3nAqTcw\">oferta irresistible<\/a><\/strong> para que colecciones buenos momentos.<\/p>\n","protected":false},"excerpt":{"rendered":"<p>El Parque Nacional del Teide es uno de los tesoros que tenemos en las islas. Recorrerlo a pie es la mejor manera de descubrir su belleza y de su riqueza natural. Ven, vamos a explorarlo.<\/p>\n","protected":false},"author":16,"featured_media":6020,"comment_status":"open","ping_status":"open","sticky":false,"template":"","format":"standard","meta":{"_acf_changed":false,"sfsi_plus_gutenberg_text_before_share":"","sfsi_plus_gutenberg_show_text_before_share":"","sfsi_plus_gutenberg_icon_type":"","sfsi_plus_gutenberg_icon_alignemt":"","sfsi_plus_gutenburg_max_per_row":"","footnotes":""},"categories":[125,9,124,123,10,197],"tags":[345,609,116,364],"class_list":["post-6004","post","type-post","status-publish","format-standard","has-post-thumbnail","hentry","category-aventurate","category-canarias","category-descubre","category-explora","category-historias-viajeras","category-rincones-por-descubrir","tag-parque-nacional","tag-parque-nacional-del-teide","tag-senderismo","tag-tenerife"],"acf":[],"yoast_head":"<!-- This site is optimized with the Yoast SEO plugin v24.1 - https:\/\/yoast.com\/wordpress\/plugins\/seo\/ -->\n<title>El Teide a pie - Viajar es vivir<\/title>\n<meta name=\"description\" content=\"El Parque Nacional del Teide es uno de los tesoros que tenemos en las islas. Recorrerlo a pie es la mejor manera de descubrir su belleza y de su riqueza natural.\" \/>\n<meta name=\"robots\" content=\"index, follow, max-snippet:-1, max-image-preview:large, max-video-preview:-1\" \/>\n<link rel=\"canonical\" href=\"https:\/\/www.canariasviaja.com\/viajaresvivir\/el-teide-a-pie\/\" \/>\n<meta property=\"og:locale\" content=\"es_ES\" \/>\n<meta property=\"og:type\" content=\"article\" \/>\n<meta property=\"og:title\" content=\"El Teide a pie - Viajar es vivir\" \/>\n<meta property=\"og:description\" content=\"El Parque Nacional del Teide es uno de los tesoros que tenemos en las islas. Recorrerlo a pie es la mejor manera de descubrir su belleza y de su riqueza natural.\" \/>\n<meta property=\"og:url\" content=\"https:\/\/www.canariasviaja.com\/viajaresvivir\/el-teide-a-pie\/\" \/>\n<meta property=\"og:site_name\" content=\"Viajar es vivir\" \/>\n<meta property=\"article:published_time\" content=\"2021-01-11T12:30:16+00:00\" \/>\n<meta property=\"article:modified_time\" content=\"2021-01-12T10:48:29+00:00\" \/>\n<meta property=\"og:image\" content=\"https:\/\/www.canariasviaja.com\/viajaresvivir\/wp-content\/uploads\/2021\/01\/Senderistas-Teide.-FOTO_JuanjoRamosEco1.jpg\" \/>\n\t<meta property=\"og:image:width\" content=\"2000\" \/>\n\t<meta property=\"og:image:height\" content=\"1500\" \/>\n\t<meta property=\"og:image:type\" content=\"image\/jpeg\" \/>\n<meta name=\"author\" content=\"Juan Jos\u00e9 Ramos\" \/>\n<meta name=\"twitter:card\" content=\"summary_large_image\" \/>\n<meta name=\"twitter:label1\" content=\"Escrito por\" \/>\n\t<meta name=\"twitter:data1\" content=\"Juan Jos\u00e9 Ramos\" \/>\n\t<meta name=\"twitter:label2\" content=\"Tiempo de lectura\" \/>\n\t<meta name=\"twitter:data2\" content=\"5 minutos\" \/>\n<script type=\"application\/ld+json\" class=\"yoast-schema-graph\">{\"@context\":\"https:\/\/schema.org\",\"@graph\":[{\"@type\":\"WebPage\",\"@id\":\"https:\/\/www.canariasviaja.com\/viajaresvivir\/el-teide-a-pie\/\",\"url\":\"https:\/\/www.canariasviaja.com\/viajaresvivir\/el-teide-a-pie\/\",\"name\":\"El Teide a pie - Viajar es vivir\",\"isPartOf\":{\"@id\":\"https:\/\/www.canariasviaja.com\/viajaresvivir\/#website\"},\"primaryImageOfPage\":{\"@id\":\"https:\/\/www.canariasviaja.com\/viajaresvivir\/el-teide-a-pie\/#primaryimage\"},\"image\":{\"@id\":\"https:\/\/www.canariasviaja.com\/viajaresvivir\/el-teide-a-pie\/#primaryimage\"},\"thumbnailUrl\":\"https:\/\/www.canariasviaja.com\/viajaresvivir\/wp-content\/uploads\/2021\/01\/Senderistas-Teide.-FOTO_JuanjoRamosEco1.jpg\",\"datePublished\":\"2021-01-11T12:30:16+00:00\",\"dateModified\":\"2021-01-12T10:48:29+00:00\",\"author\":{\"@id\":\"https:\/\/www.canariasviaja.com\/viajaresvivir\/#\/schema\/person\/c7e906328ba8e4a6f89ab979af9839b7\"},\"description\":\"El Parque Nacional del Teide es uno de los tesoros que tenemos en las islas. Recorrerlo a pie es la mejor manera de descubrir su belleza y de su riqueza natural.\",\"breadcrumb\":{\"@id\":\"https:\/\/www.canariasviaja.com\/viajaresvivir\/el-teide-a-pie\/#breadcrumb\"},\"inLanguage\":\"es\",\"potentialAction\":[{\"@type\":\"ReadAction\",\"target\":[\"https:\/\/www.canariasviaja.com\/viajaresvivir\/el-teide-a-pie\/\"]}]},{\"@type\":\"ImageObject\",\"inLanguage\":\"es\",\"@id\":\"https:\/\/www.canariasviaja.com\/viajaresvivir\/el-teide-a-pie\/#primaryimage\",\"url\":\"https:\/\/www.canariasviaja.com\/viajaresvivir\/wp-content\/uploads\/2021\/01\/Senderistas-Teide.-FOTO_JuanjoRamosEco1.jpg\",\"contentUrl\":\"https:\/\/www.canariasviaja.com\/viajaresvivir\/wp-content\/uploads\/2021\/01\/Senderistas-Teide.-FOTO_JuanjoRamosEco1.jpg\",\"width\":2000,\"height\":1500,\"caption\":\"Senderistas en el parque Nacional del teide\"},{\"@type\":\"BreadcrumbList\",\"@id\":\"https:\/\/www.canariasviaja.com\/viajaresvivir\/el-teide-a-pie\/#breadcrumb\",\"itemListElement\":[{\"@type\":\"ListItem\",\"position\":1,\"name\":\"Portada\",\"item\":\"https:\/\/www.canariasviaja.com\/viajaresvivir\/\"},{\"@type\":\"ListItem\",\"position\":2,\"name\":\"El Teide a pie\"}]},{\"@type\":\"WebSite\",\"@id\":\"https:\/\/www.canariasviaja.com\/viajaresvivir\/#website\",\"url\":\"https:\/\/www.canariasviaja.com\/viajaresvivir\/\",\"name\":\"Viajar es vivir\",\"description\":\"El blog de viajes y estilo de vida de CanariasViaja\",\"potentialAction\":[{\"@type\":\"SearchAction\",\"target\":{\"@type\":\"EntryPoint\",\"urlTemplate\":\"https:\/\/www.canariasviaja.com\/viajaresvivir\/?s={search_term_string}\"},\"query-input\":{\"@type\":\"PropertyValueSpecification\",\"valueRequired\":true,\"valueName\":\"search_term_string\"}}],\"inLanguage\":\"es\"},{\"@type\":\"Person\",\"@id\":\"https:\/\/www.canariasviaja.com\/viajaresvivir\/#\/schema\/person\/c7e906328ba8e4a6f89ab979af9839b7\",\"name\":\"Juan Jos\u00e9 Ramos\",\"image\":{\"@type\":\"ImageObject\",\"inLanguage\":\"es\",\"@id\":\"https:\/\/www.canariasviaja.com\/viajaresvivir\/#\/schema\/person\/image\/\",\"url\":\"https:\/\/secure.gravatar.com\/avatar\/e1ab173fbb3b4ac2f4a11eb54fb240fa?s=96&d=mm&r=g\",\"contentUrl\":\"https:\/\/secure.gravatar.com\/avatar\/e1ab173fbb3b4ac2f4a11eb54fb240fa?s=96&d=mm&r=g\",\"caption\":\"Juan Jos\u00e9 Ramos\"},\"url\":\"https:\/\/www.canariasviaja.com\/viajaresvivir\/author\/juan-jose-ramos\/\"}]}<\/script>\n<!-- \/ Yoast SEO plugin. -->","yoast_head_json":{"title":"El Teide a pie - Viajar es vivir","description":"El Parque Nacional del Teide es uno de los tesoros que tenemos en las islas. Recorrerlo a pie es la mejor manera de descubrir su belleza y de su riqueza natural.","robots":{"index":"index","follow":"follow","max-snippet":"max-snippet:-1","max-image-preview":"max-image-preview:large","max-video-preview":"max-video-preview:-1"},"canonical":"https:\/\/www.canariasviaja.com\/viajaresvivir\/el-teide-a-pie\/","og_locale":"es_ES","og_type":"article","og_title":"El Teide a pie - Viajar es vivir","og_description":"El Parque Nacional del Teide es uno de los tesoros que tenemos en las islas. Recorrerlo a pie es la mejor manera de descubrir su belleza y de su riqueza natural.","og_url":"https:\/\/www.canariasviaja.com\/viajaresvivir\/el-teide-a-pie\/","og_site_name":"Viajar es vivir","article_published_time":"2021-01-11T12:30:16+00:00","article_modified_time":"2021-01-12T10:48:29+00:00","og_image":[{"width":2000,"height":1500,"url":"https:\/\/www.canariasviaja.com\/viajaresvivir\/wp-content\/uploads\/2021\/01\/Senderistas-Teide.-FOTO_JuanjoRamosEco1.jpg","type":"image\/jpeg"}],"author":"Juan Jos\u00e9 Ramos","twitter_card":"summary_large_image","twitter_misc":{"Escrito por":"Juan Jos\u00e9 Ramos","Tiempo de lectura":"5 minutos"},"schema":{"@context":"https:\/\/schema.org","@graph":[{"@type":"WebPage","@id":"https:\/\/www.canariasviaja.com\/viajaresvivir\/el-teide-a-pie\/","url":"https:\/\/www.canariasviaja.com\/viajaresvivir\/el-teide-a-pie\/","name":"El Teide a pie - Viajar es vivir","isPartOf":{"@id":"https:\/\/www.canariasviaja.com\/viajaresvivir\/#website"},"primaryImageOfPage":{"@id":"https:\/\/www.canariasviaja.com\/viajaresvivir\/el-teide-a-pie\/#primaryimage"},"image":{"@id":"https:\/\/www.canariasviaja.com\/viajaresvivir\/el-teide-a-pie\/#primaryimage"},"thumbnailUrl":"https:\/\/www.canariasviaja.com\/viajaresvivir\/wp-content\/uploads\/2021\/01\/Senderistas-Teide.-FOTO_JuanjoRamosEco1.jpg","datePublished":"2021-01-11T12:30:16+00:00","dateModified":"2021-01-12T10:48:29+00:00","author":{"@id":"https:\/\/www.canariasviaja.com\/viajaresvivir\/#\/schema\/person\/c7e906328ba8e4a6f89ab979af9839b7"},"description":"El Parque Nacional del Teide es uno de los tesoros que tenemos en las islas. Recorrerlo a pie es la mejor manera de descubrir su belleza y de su riqueza natural.","breadcrumb":{"@id":"https:\/\/www.canariasviaja.com\/viajaresvivir\/el-teide-a-pie\/#breadcrumb"},"inLanguage":"es","potentialAction":[{"@type":"ReadAction","target":["https:\/\/www.canariasviaja.com\/viajaresvivir\/el-teide-a-pie\/"]}]},{"@type":"ImageObject","inLanguage":"es","@id":"https:\/\/www.canariasviaja.com\/viajaresvivir\/el-teide-a-pie\/#primaryimage","url":"https:\/\/www.canariasviaja.com\/viajaresvivir\/wp-content\/uploads\/2021\/01\/Senderistas-Teide.-FOTO_JuanjoRamosEco1.jpg","contentUrl":"https:\/\/www.canariasviaja.com\/viajaresvivir\/wp-content\/uploads\/2021\/01\/Senderistas-Teide.-FOTO_JuanjoRamosEco1.jpg","width":2000,"height":1500,"caption":"Senderistas en el parque Nacional del teide"},{"@type":"BreadcrumbList","@id":"https:\/\/www.canariasviaja.com\/viajaresvivir\/el-teide-a-pie\/#breadcrumb","itemListElement":[{"@type":"ListItem","position":1,"name":"Portada","item":"https:\/\/www.canariasviaja.com\/viajaresvivir\/"},{"@type":"ListItem","position":2,"name":"El Teide a pie"}]},{"@type":"WebSite","@id":"https:\/\/www.canariasviaja.com\/viajaresvivir\/#website","url":"https:\/\/www.canariasviaja.com\/viajaresvivir\/","name":"Viajar es vivir","description":"El blog de viajes y estilo de vida de CanariasViaja","potentialAction":[{"@type":"SearchAction","target":{"@type":"EntryPoint","urlTemplate":"https:\/\/www.canariasviaja.com\/viajaresvivir\/?s={search_term_string}"},"query-input":{"@type":"PropertyValueSpecification","valueRequired":true,"valueName":"search_term_string"}}],"inLanguage":"es"},{"@type":"Person","@id":"https:\/\/www.canariasviaja.com\/viajaresvivir\/#\/schema\/person\/c7e906328ba8e4a6f89ab979af9839b7","name":"Juan Jos\u00e9 Ramos","image":{"@type":"ImageObject","inLanguage":"es","@id":"https:\/\/www.canariasviaja.com\/viajaresvivir\/#\/schema\/person\/image\/","url":"https:\/\/secure.gravatar.com\/avatar\/e1ab173fbb3b4ac2f4a11eb54fb240fa?s=96&d=mm&r=g","contentUrl":"https:\/\/secure.gravatar.com\/avatar\/e1ab173fbb3b4ac2f4a11eb54fb240fa?s=96&d=mm&r=g","caption":"Juan Jos\u00e9 Ramos"},"url":"https:\/\/www.canariasviaja.com\/viajaresvivir\/author\/juan-jose-ramos\/"}]}},"_links":{"self":[{"href":"https:\/\/www.canariasviaja.com\/viajaresvivir\/wp-json\/wp\/v2\/posts\/6004"}],"collection":[{"href":"https:\/\/www.canariasviaja.com\/viajaresvivir\/wp-json\/wp\/v2\/posts"}],"about":[{"href":"https:\/\/www.canariasviaja.com\/viajaresvivir\/wp-json\/wp\/v2\/types\/post"}],"author":[{"embeddable":true,"href":"https:\/\/www.canariasviaja.com\/viajaresvivir\/wp-json\/wp\/v2\/users\/16"}],"replies":[{"embeddable":true,"href":"https:\/\/www.canariasviaja.com\/viajaresvivir\/wp-json\/wp\/v2\/comments?post=6004"}],"version-history":[{"count":9,"href":"https:\/\/www.canariasviaja.com\/viajaresvivir\/wp-json\/wp\/v2\/posts\/6004\/revisions"}],"predecessor-version":[{"id":6031,"href":"https:\/\/www.canariasviaja.com\/viajaresvivir\/wp-json\/wp\/v2\/posts\/6004\/revisions\/6031"}],"wp:featuredmedia":[{"embeddable":true,"href":"https:\/\/www.canariasviaja.com\/viajaresvivir\/wp-json\/wp\/v2\/media\/6020"}],"wp:attachment":[{"href":"https:\/\/www.canariasviaja.com\/viajaresvivir\/wp-json\/wp\/v2\/media?parent=6004"}],"wp:term":[{"taxonomy":"category","embeddable":true,"href":"https:\/\/www.canariasviaja.com\/viajaresvivir\/wp-json\/wp\/v2\/categories?post=6004"},{"taxonomy":"post_tag","embeddable":true,"href":"https:\/\/www.canariasviaja.com\/viajaresvivir\/wp-json\/wp\/v2\/tags?post=6004"}],"curies":[{"name":"wp","href":"https:\/\/api.w.org\/{rel}","templated":true}]}}