{"id":6087,"date":"2021-01-18T20:16:27","date_gmt":"2021-01-18T20:16:27","guid":{"rendered":"http:\/\/www.canariasviaja.com\/viajaresvivir\/?p=6087"},"modified":"2021-01-19T09:38:32","modified_gmt":"2021-01-19T09:38:32","slug":"garachico-cultura-viva-con-david-baute","status":"publish","type":"post","link":"https:\/\/www.canariasviaja.com\/viajaresvivir\/garachico-cultura-viva-con-david-baute\/","title":{"rendered":"Garachico, cultura viva con David Baute"},"content":{"rendered":"\n<p><strong>David Baute<\/strong> es un hombre con suerte. Una de esas personas que ha sabido cumplir sus sue\u00f1os y vivir de lo que le apasiona sin renunciar a su familia y ni al lugar en el que naci\u00f3 y vive, <strong>Garachico.<\/strong><\/p>\n\n\n\n<h2 class=\"wp-block-heading\"><strong>Una vida en torno a la cultura<\/strong><\/h2>\n\n\n\n<p>Este cineasta, formado entre Madrid y Cuba, cuenta con m\u00e1s de 30 t\u00edtulos en su filmograf\u00eda y ha coproducido con pa\u00edses tan diversos como Mauritania, Uruguay, M\u00e9xico, Brasil, Senegal, Rep\u00fablica Dominicana y Polonia.<\/p>\n\n\n\n<p>Entre sus 20 a\u00f1os de &nbsp;filmograf\u00eda con su productora <a rel=\"noreferrer noopener\" href=\"https:\/\/tingladofilm.es\/\" target=\"_blank\"><strong>Tinglado Film<\/strong> <\/a>encontramos largometrajes como <strong>\u201cElla(s)\u201d,<\/strong> &nbsp;y documentales como <strong>\u201cMilagros\u201d<\/strong> o <strong>\u201cLa murga, \u00f3pera Popular\u201d<\/strong>, o el cortometraje documental <strong>\u201cRosario Miranda\u201d<\/strong>, sobre las vivencias de un travestido rural.<\/p>\n\n\n\n<p>Su \u00faltimo largometraje documental \u00ab<strong>Exodo clim\u00e1tico<\/strong>\u00ab, se alz\u00f3 con la Espiga Verde de la \u00faltima edici\u00f3n de la <strong>Festival Internacional de Cine de Valladolid <\/strong>&nbsp;y cuenta nos acerca al drama de tres mujeres, que deben abandonar su hogar y su cultura, por las consecuencias del cambio clim\u00e1tico.<\/p>\n\n\n\n<figure class=\"wp-block-image size-large\"><img loading=\"lazy\" decoding=\"async\" width=\"1048\" height=\"699\" src=\"http:\/\/www.canariasviaja.com\/viajaresvivir\/wp-content\/uploads\/2021\/01\/FICMEC-sa\u0301bado.-Luz-Sosa-176.jpg\" alt=\"David Baute\" class=\"wp-image-6094\" srcset=\"https:\/\/www.canariasviaja.com\/viajaresvivir\/wp-content\/uploads\/2021\/01\/FICMEC-sa\u0301bado.-Luz-Sosa-176.jpg 1048w, https:\/\/www.canariasviaja.com\/viajaresvivir\/wp-content\/uploads\/2021\/01\/FICMEC-sa\u0301bado.-Luz-Sosa-176-300x200.jpg 300w, https:\/\/www.canariasviaja.com\/viajaresvivir\/wp-content\/uploads\/2021\/01\/FICMEC-sa\u0301bado.-Luz-Sosa-176-768x512.jpg 768w\" sizes=\"(max-width: 1048px) 100vw, 1048px\" \/><figcaption>David Baute. Foto: Luz Sosa<\/figcaption><\/figure>\n\n\n\n<p>Para Baute <em>\u201clas peque\u00f1as historias locales que son las grandes historias universales\u201d <\/em>por lo que vivir en un pueblo como Garachico es fuente de inspiraci\u00f3n<em>.<\/em><\/p>\n\n\n\n<p><em>\u201c \u00bfQu\u00e9 no se puede hacer desde un sitio peque\u00f1o?\u201d &nbsp;<\/em>Para \u00e9l todo se puede. Lo viene demostrando desde <strong>Miradas Doc<\/strong>, el Festival de Cine de Realidad que se celebra en Gu\u00eda de Isora, del que ahora es director (ha sido director del mercado desde sus inicios), y desde <strong>\u00c1rea Garachico<\/strong>, el proyecto de promoci\u00f3n cultural del municipio que encabeza. Un proyecto integrador consensuado con todos los sectores para que la cultura sea un elemento de dinamizaci\u00f3n y cohesi\u00f3n social. Un proyecto muy de todos, del que participan grandes y mayores, y en el que se forma a los j\u00f3venes para que trabajen en los equipos que hacen realidad estos proyectos.<\/p>\n\n\n\n<h2 class=\"wp-block-heading\"><strong>En Garachico la cultura sale a la calle<\/strong><\/h2>\n\n\n\n<p>\u00c1rea Garachico tiene como \u201c<em>grandes repiques<\/em>\u201d los eventos que se celebran a lo largo del a\u00f1o, como el <strong>Festival de Cine Medioambiental<\/strong> o <strong>Cuadernos Esc\u00e9nicos<\/strong>, pero \u201c<em>la esquila<\/em>\u201d es la actividad de formaci\u00f3n que se lleva a cabo durante todo el a\u00f1o y que han conseguido que el pueblo participe y disfrute de los eventos que all\u00ed se celebran.<\/p>\n\n\n\n<p>La falta de teatros o auditorios se ha transformado en una oportunidad para que las plazas, calles, conventos y espacios naturales de Garachico&nbsp; cobren protagonismo. La m\u00fasica, la danza, la s\u00e1tira, el cine, el circo, la gastronom\u00eda\u2026 van transformando la Villa a lo largo de los meses.<\/p>\n\n\n\n<figure class=\"wp-block-image size-large\"><img loading=\"lazy\" decoding=\"async\" width=\"800\" height=\"533\" src=\"http:\/\/www.canariasviaja.com\/viajaresvivir\/wp-content\/uploads\/2021\/01\/concierto-an\u0303onuevo.jpg\" alt=\"Garachico cultura Concierto a\u00f1o nuevo\" class=\"wp-image-6090\" srcset=\"https:\/\/www.canariasviaja.com\/viajaresvivir\/wp-content\/uploads\/2021\/01\/concierto-an\u0303onuevo.jpg 800w, https:\/\/www.canariasviaja.com\/viajaresvivir\/wp-content\/uploads\/2021\/01\/concierto-an\u0303onuevo-300x200.jpg 300w, https:\/\/www.canariasviaja.com\/viajaresvivir\/wp-content\/uploads\/2021\/01\/concierto-an\u0303onuevo-768x512.jpg 768w\" sizes=\"(max-width: 800px) 100vw, 800px\" \/><\/figure>\n\n\n\n<p>La agenda cultural arranca el uno de&nbsp; enero, con el <strong>Concierto de A\u00f1o Nuevo de Tenerife<\/strong>, interpretado por la Big Band de Canarias y cantantes internacionales invitados.<\/p>\n\n\n\n<p>En marzo,<strong> <a href=\"https:\/\/ficmec.es\/memoria-magica-2\/\">Memoria M\u00e1gica<\/a>, <\/strong>un proyecto dirigido por Cirilo Leal, pone a los estudiantes en contacto con los mayores del municipio para rescatar la historia de Garachico a trav\u00e9s de sus historias, poni\u00e9ndoles en valor. El documental resultado de esta investigaci\u00f3n se presenta cada a\u00f1o en el FICMED.<\/p>\n\n\n\n<p>En abril el teatro cl\u00e1sico cobra protagonismo en <strong><a href=\"https:\/\/www.facebook.com\/hipocritasteatroclasico\">Hip\u00f3critas<\/a><\/strong>, Festival de Teatro Cl\u00e1sico, dirigido por Arantza Coello.<\/p>\n\n\n\n<p>La \u00faltima semana de mayo David se pone al frente del <a href=\"https:\/\/ficmec.es\/\"> <strong>FICMEC<\/strong><\/a><strong>, Festival de Cine Medioambiental<\/strong>, que convierte el pueblo en una sala de cine al aire libre y en foro de debate acerca de temas medioambientales.<\/p>\n\n\n\n<figure class=\"wp-block-image size-large\"><img loading=\"lazy\" decoding=\"async\" width=\"1130\" height=\"753\" src=\"http:\/\/www.canariasviaja.com\/viajaresvivir\/wp-content\/uploads\/2021\/01\/FICMEC.jpg\" alt=\"FiCMEC en Garachico\" class=\"wp-image-6096\" srcset=\"https:\/\/www.canariasviaja.com\/viajaresvivir\/wp-content\/uploads\/2021\/01\/FICMEC.jpg 1130w, https:\/\/www.canariasviaja.com\/viajaresvivir\/wp-content\/uploads\/2021\/01\/FICMEC-300x200.jpg 300w, https:\/\/www.canariasviaja.com\/viajaresvivir\/wp-content\/uploads\/2021\/01\/FICMEC-768x512.jpg 768w\" sizes=\"(max-width: 1130px) 100vw, 1130px\" \/><\/figure>\n\n\n\n<p>En junio el muelle viejo acoge las risas inteligentes y la s\u00e1tira durante el <strong><a href=\"https:\/\/www.facebook.com\/jaleofest\/\">Jaleo Fest<\/a><\/strong>, comandado por la compa\u00f1\u00eda Abukaka.<\/p>\n\n\n\n<p>En julio, la danza contempor\u00e1nea invade los barrios de La Monta\u00f1eta o El Guincho, las piscinas y el Calet\u00f3n, la glorieta o el Convento de San Francisco durante los <strong><a href=\"http:\/\/cuadernosescenicos.com\/\">Cuadernos Esc\u00e9nicos<\/a><\/strong> dirigidos por el bailar\u00edn Roberto Torres.<\/p>\n\n\n\n<figure class=\"wp-block-gallery columns-2 is-cropped wp-block-gallery-1 is-layout-flex wp-block-gallery-is-layout-flex\"><ul class=\"blocks-gallery-grid\"><li class=\"blocks-gallery-item\"><figure><img loading=\"lazy\" decoding=\"async\" width=\"409\" height=\"258\" src=\"http:\/\/www.canariasviaja.com\/viajaresvivir\/wp-content\/uploads\/2021\/01\/CUADERNOS-ESCE\u0301NICOS-2016-BALANCE-5-409x258-1.jpg\" alt=\"Cuadernos Esc\u00e9nicos Garachico Cultura\" data-id=\"6092\" data-full-url=\"http:\/\/www.canariasviaja.com\/viajaresvivir\/wp-content\/uploads\/2021\/01\/CUADERNOS-ESCE\u0301NICOS-2016-BALANCE-5-409x258-1.jpg\" data-link=\"http:\/\/www.canariasviaja.com\/viajaresvivir\/?attachment_id=6092#main\" class=\"wp-image-6092\" srcset=\"https:\/\/www.canariasviaja.com\/viajaresvivir\/wp-content\/uploads\/2021\/01\/CUADERNOS-ESCE\u0301NICOS-2016-BALANCE-5-409x258-1.jpg 409w, https:\/\/www.canariasviaja.com\/viajaresvivir\/wp-content\/uploads\/2021\/01\/CUADERNOS-ESCE\u0301NICOS-2016-BALANCE-5-409x258-1-300x189.jpg 300w\" sizes=\"(max-width: 409px) 100vw, 409px\" \/><\/figure><\/li><li class=\"blocks-gallery-item\"><figure><img loading=\"lazy\" decoding=\"async\" width=\"800\" height=\"403\" src=\"http:\/\/www.canariasviaja.com\/viajaresvivir\/wp-content\/uploads\/2021\/01\/cuadernos-escenicos.jpg\" alt=\"Cuadernos esc\u00e9nicos Garachico\" data-id=\"6093\" data-full-url=\"http:\/\/www.canariasviaja.com\/viajaresvivir\/wp-content\/uploads\/2021\/01\/cuadernos-escenicos.jpg\" data-link=\"http:\/\/www.canariasviaja.com\/viajaresvivir\/?attachment_id=6093#main\" class=\"wp-image-6093\" srcset=\"https:\/\/www.canariasviaja.com\/viajaresvivir\/wp-content\/uploads\/2021\/01\/cuadernos-escenicos.jpg 800w, https:\/\/www.canariasviaja.com\/viajaresvivir\/wp-content\/uploads\/2021\/01\/cuadernos-escenicos-300x151.jpg 300w, https:\/\/www.canariasviaja.com\/viajaresvivir\/wp-content\/uploads\/2021\/01\/cuadernos-escenicos-768x387.jpg 768w\" sizes=\"(max-width: 800px) 100vw, 800px\" \/><\/figure><\/li><\/ul><\/figure>\n\n\n\n<p>Agosto es mes de las <strong>fiestas de San Roque<\/strong> en Garachico pero tambi\u00e9n de <strong>Atardeceres sonoros<\/strong> y de los cuentos.<\/p>\n\n\n\n<p>En septiembre, el circo toma las calles durante el <strong>Circundando.<\/strong><\/p>\n\n\n\n<p>Octubre es el mes m\u00e1s sabroso, con la celebraci\u00f3n de <strong><a href=\"http:\/\/paisajegastronomico.com\/\">Paisajes Gastron\u00f3micos<\/a><\/strong>, que recibe a cocineros de las islas y de toda Europa.<\/p>\n\n\n\n<p>Los <strong>Sonidos de Noviembre<\/strong> invaden las calles y los hoteles de Garachico durante todo el mes. La m\u00fasica toma el protagonismo para celebrar Santa Cecilia con maratones de piano y actuaciones de m\u00fasicos callejeros.<\/p>\n\n\n\n<figure class=\"wp-block-image size-large\"><img loading=\"lazy\" decoding=\"async\" width=\"1000\" height=\"667\" src=\"http:\/\/www.canariasviaja.com\/viajaresvivir\/wp-content\/uploads\/2021\/01\/ficmec20193.jpg\" alt=\"Cultura en Garachico\" class=\"wp-image-6097\" srcset=\"https:\/\/www.canariasviaja.com\/viajaresvivir\/wp-content\/uploads\/2021\/01\/ficmec20193.jpg 1000w, https:\/\/www.canariasviaja.com\/viajaresvivir\/wp-content\/uploads\/2021\/01\/ficmec20193-300x200.jpg 300w, https:\/\/www.canariasviaja.com\/viajaresvivir\/wp-content\/uploads\/2021\/01\/ficmec20193-768x512.jpg 768w\" sizes=\"(max-width: 1000px) 100vw, 1000px\" \/><\/figure>\n\n\n\n<p>Son eventos en los que Garachico es una pieza m\u00e1s del engranaje: su patrimonio, su naturaleza, su gente, son parte intr\u00ednseca de cada uno de ellos y eso forma parte de su atractivo. En Garachico la cultura est\u00e1 viva y se vive.<\/p>\n\n\n\n<p>Esta variada e interesante oferta cultural es una excusa  para acercarse una vez m\u00e1s a este municipio de la Isla Baja al que siempre hay que volver.<\/p>\n\n\n\n<h2 class=\"wp-block-heading\"><strong>Los rincones favoritos de David Baute<\/strong><\/h2>\n\n\n\n<p>Cada rinc\u00f3n de Garachico est\u00e1 cargado de encanto, pero Baute tiene sus lugares favoritos.<\/p>\n\n\n\n<p>El <strong>barrio del volc\u00e1n<\/strong> es el barrio en el que se cri\u00f3, <em>\u201cdos calles de puertas abiertas donde se viv\u00eda en la calle y todas las casas eran tu casa\u201d.<\/em> Un peque\u00f1o barrio, en el que a\u00fan viven sus padres, que cuida las tradiciones y que en el d\u00eda de Reyes <em>\u201cse adorna con faroles y se cubre el suelo con poleo y hierba\u201d.<\/em><\/p>\n\n\n\n<p>El <strong>Muelle Viejo<\/strong> es el lugar de sus veranos, de los ba\u00f1os en el mar, las cervecitas con amigos y los atardeceres con la isla de La Palma al fondo.<\/p>\n\n\n\n<figure class=\"wp-block-image size-large\"><img loading=\"lazy\" decoding=\"async\" width=\"1048\" height=\"699\" src=\"http:\/\/www.canariasviaja.com\/viajaresvivir\/wp-content\/uploads\/2021\/01\/FICMEC-sa\u0301bado.-Luz-Sosa-180.jpg\" alt=\"David Baute, cineasta en Garachico\" class=\"wp-image-6095\" srcset=\"https:\/\/www.canariasviaja.com\/viajaresvivir\/wp-content\/uploads\/2021\/01\/FICMEC-sa\u0301bado.-Luz-Sosa-180.jpg 1048w, https:\/\/www.canariasviaja.com\/viajaresvivir\/wp-content\/uploads\/2021\/01\/FICMEC-sa\u0301bado.-Luz-Sosa-180-300x200.jpg 300w, https:\/\/www.canariasviaja.com\/viajaresvivir\/wp-content\/uploads\/2021\/01\/FICMEC-sa\u0301bado.-Luz-Sosa-180-768x512.jpg 768w\" sizes=\"(max-width: 1048px) 100vw, 1048px\" \/><figcaption>David Baute. Foto: Luz Sosa<\/figcaption><\/figure>\n\n\n\n<p>Baute tiene un momento del d\u00eda favorito, cuando anochece y los turistas se han ido y las calles se quedan desiertas y s\u00f3lo se escucha el ta\u00f1ir de las campanas y el graznido de las gaviotas que vuelan desde El Roque a las monta\u00f1as. Es ah\u00ed cuando se da cuenta de que es afortunado por haberse criado en Garachico rodeado de su familia y de la gente del pueblo, y siente que todo lo que ha conseguido se lo debe a todos los que vinieron antes de \u00e9l.<\/p>\n\n\n\n<hr class=\"wp-block-separator\"\/>\n\n\n\n<p>\u00bfTe gustar\u00eda disfrutar de uno de estos <strong>eventos culturales en Garachico<\/strong>? Reserva tu estancia con esta <a href=\"https:\/\/bit.ly\/3nXSftg\" target=\"_blank\" rel=\"noreferrer noopener\"><strong>oferta irresistible<\/strong><\/a> para que vivas la cultura en Garachico.<\/p>\n","protected":false},"excerpt":{"rendered":"<p>Garachico es un pueblo con una variada e interesante oferta cultural. Hoy te invitamos a que la descubras de la mano del cineasta y gestor cultural David Baute.<\/p>\n","protected":false},"author":2,"featured_media":6093,"comment_status":"open","ping_status":"open","sticky":false,"template":"","format":"standard","meta":{"_acf_changed":false,"sfsi_plus_gutenberg_text_before_share":"","sfsi_plus_gutenberg_show_text_before_share":"","sfsi_plus_gutenberg_icon_type":"","sfsi_plus_gutenberg_icon_alignemt":"","sfsi_plus_gutenburg_max_per_row":"","footnotes":""},"categories":[9,124,123,10,11],"tags":[676,264,677,678,525,651,364],"class_list":["post-6087","post","type-post","status-publish","format-standard","has-post-thumbnail","hentry","category-canarias","category-descubre","category-explora","category-historias-viajeras","category-postales","tag-cineasta","tag-cultura","tag-david-baute","tag-festivales","tag-garachico","tag-personajes","tag-tenerife"],"acf":[],"yoast_head":"<!-- This site is optimized with the Yoast SEO plugin v24.1 - https:\/\/yoast.com\/wordpress\/plugins\/seo\/ -->\n<title>Garachico, cultura viva con David Baute - Viajar es vivir<\/title>\n<meta name=\"description\" content=\"En Garachico la cultura est\u00e1 viva. Hoy conocemos su oferta cultural de la mano del cineasta David Baute uno de sus dinamizadores culturales.\" \/>\n<meta name=\"robots\" content=\"index, follow, max-snippet:-1, max-image-preview:large, max-video-preview:-1\" \/>\n<link rel=\"canonical\" href=\"https:\/\/www.canariasviaja.com\/viajaresvivir\/garachico-cultura-viva-con-david-baute\/\" \/>\n<meta property=\"og:locale\" content=\"es_ES\" \/>\n<meta property=\"og:type\" content=\"article\" \/>\n<meta property=\"og:title\" content=\"Garachico, cultura viva con David Baute - Viajar es vivir\" \/>\n<meta property=\"og:description\" content=\"En Garachico la cultura est\u00e1 viva. Hoy conocemos su oferta cultural de la mano del cineasta David Baute uno de sus dinamizadores culturales.\" \/>\n<meta property=\"og:url\" content=\"https:\/\/www.canariasviaja.com\/viajaresvivir\/garachico-cultura-viva-con-david-baute\/\" \/>\n<meta property=\"og:site_name\" content=\"Viajar es vivir\" \/>\n<meta property=\"article:published_time\" content=\"2021-01-18T20:16:27+00:00\" \/>\n<meta property=\"article:modified_time\" content=\"2021-01-19T09:38:32+00:00\" \/>\n<meta property=\"og:image\" content=\"https:\/\/www.canariasviaja.com\/viajaresvivir\/wp-content\/uploads\/2021\/01\/cuadernos-escenicos.jpg\" \/>\n\t<meta property=\"og:image:width\" content=\"800\" \/>\n\t<meta property=\"og:image:height\" content=\"403\" \/>\n\t<meta property=\"og:image:type\" content=\"image\/jpeg\" \/>\n<meta name=\"author\" content=\"Patri C\u00e1mpora\" \/>\n<meta name=\"twitter:card\" content=\"summary_large_image\" \/>\n<meta name=\"twitter:label1\" content=\"Escrito por\" \/>\n\t<meta name=\"twitter:data1\" content=\"Patri C\u00e1mpora\" \/>\n\t<meta name=\"twitter:label2\" content=\"Tiempo de lectura\" \/>\n\t<meta name=\"twitter:data2\" content=\"5 minutos\" \/>\n<script type=\"application\/ld+json\" class=\"yoast-schema-graph\">{\"@context\":\"https:\/\/schema.org\",\"@graph\":[{\"@type\":\"WebPage\",\"@id\":\"https:\/\/www.canariasviaja.com\/viajaresvivir\/garachico-cultura-viva-con-david-baute\/\",\"url\":\"https:\/\/www.canariasviaja.com\/viajaresvivir\/garachico-cultura-viva-con-david-baute\/\",\"name\":\"Garachico, cultura viva con David Baute - Viajar es vivir\",\"isPartOf\":{\"@id\":\"https:\/\/www.canariasviaja.com\/viajaresvivir\/#website\"},\"primaryImageOfPage\":{\"@id\":\"https:\/\/www.canariasviaja.com\/viajaresvivir\/garachico-cultura-viva-con-david-baute\/#primaryimage\"},\"image\":{\"@id\":\"https:\/\/www.canariasviaja.com\/viajaresvivir\/garachico-cultura-viva-con-david-baute\/#primaryimage\"},\"thumbnailUrl\":\"https:\/\/www.canariasviaja.com\/viajaresvivir\/wp-content\/uploads\/2021\/01\/cuadernos-escenicos.jpg\",\"datePublished\":\"2021-01-18T20:16:27+00:00\",\"dateModified\":\"2021-01-19T09:38:32+00:00\",\"author\":{\"@id\":\"https:\/\/www.canariasviaja.com\/viajaresvivir\/#\/schema\/person\/085949651001325f1244a8bc1b34709c\"},\"description\":\"En Garachico la cultura est\u00e1 viva. Hoy conocemos su oferta cultural de la mano del cineasta David Baute uno de sus dinamizadores culturales.\",\"breadcrumb\":{\"@id\":\"https:\/\/www.canariasviaja.com\/viajaresvivir\/garachico-cultura-viva-con-david-baute\/#breadcrumb\"},\"inLanguage\":\"es\",\"potentialAction\":[{\"@type\":\"ReadAction\",\"target\":[\"https:\/\/www.canariasviaja.com\/viajaresvivir\/garachico-cultura-viva-con-david-baute\/\"]}]},{\"@type\":\"ImageObject\",\"inLanguage\":\"es\",\"@id\":\"https:\/\/www.canariasviaja.com\/viajaresvivir\/garachico-cultura-viva-con-david-baute\/#primaryimage\",\"url\":\"https:\/\/www.canariasviaja.com\/viajaresvivir\/wp-content\/uploads\/2021\/01\/cuadernos-escenicos.jpg\",\"contentUrl\":\"https:\/\/www.canariasviaja.com\/viajaresvivir\/wp-content\/uploads\/2021\/01\/cuadernos-escenicos.jpg\",\"width\":800,\"height\":403,\"caption\":\"Cuadernos esc\u00e9nicos Garachico\"},{\"@type\":\"BreadcrumbList\",\"@id\":\"https:\/\/www.canariasviaja.com\/viajaresvivir\/garachico-cultura-viva-con-david-baute\/#breadcrumb\",\"itemListElement\":[{\"@type\":\"ListItem\",\"position\":1,\"name\":\"Portada\",\"item\":\"https:\/\/www.canariasviaja.com\/viajaresvivir\/\"},{\"@type\":\"ListItem\",\"position\":2,\"name\":\"Garachico, cultura viva con David Baute\"}]},{\"@type\":\"WebSite\",\"@id\":\"https:\/\/www.canariasviaja.com\/viajaresvivir\/#website\",\"url\":\"https:\/\/www.canariasviaja.com\/viajaresvivir\/\",\"name\":\"Viajar es vivir\",\"description\":\"El blog de viajes y estilo de vida de CanariasViaja\",\"potentialAction\":[{\"@type\":\"SearchAction\",\"target\":{\"@type\":\"EntryPoint\",\"urlTemplate\":\"https:\/\/www.canariasviaja.com\/viajaresvivir\/?s={search_term_string}\"},\"query-input\":{\"@type\":\"PropertyValueSpecification\",\"valueRequired\":true,\"valueName\":\"search_term_string\"}}],\"inLanguage\":\"es\"},{\"@type\":\"Person\",\"@id\":\"https:\/\/www.canariasviaja.com\/viajaresvivir\/#\/schema\/person\/085949651001325f1244a8bc1b34709c\",\"name\":\"Patri C\u00e1mpora\",\"image\":{\"@type\":\"ImageObject\",\"inLanguage\":\"es\",\"@id\":\"https:\/\/www.canariasviaja.com\/viajaresvivir\/#\/schema\/person\/image\/\",\"url\":\"https:\/\/secure.gravatar.com\/avatar\/b2ce2c4086a5776e5310f57c1a2e5b4e?s=96&d=mm&r=g\",\"contentUrl\":\"https:\/\/secure.gravatar.com\/avatar\/b2ce2c4086a5776e5310f57c1a2e5b4e?s=96&d=mm&r=g\",\"caption\":\"Patri C\u00e1mpora\"},\"url\":\"https:\/\/www.canariasviaja.com\/viajaresvivir\/author\/patri\/\"}]}<\/script>\n<!-- \/ Yoast SEO plugin. -->","yoast_head_json":{"title":"Garachico, cultura viva con David Baute - Viajar es vivir","description":"En Garachico la cultura est\u00e1 viva. Hoy conocemos su oferta cultural de la mano del cineasta David Baute uno de sus dinamizadores culturales.","robots":{"index":"index","follow":"follow","max-snippet":"max-snippet:-1","max-image-preview":"max-image-preview:large","max-video-preview":"max-video-preview:-1"},"canonical":"https:\/\/www.canariasviaja.com\/viajaresvivir\/garachico-cultura-viva-con-david-baute\/","og_locale":"es_ES","og_type":"article","og_title":"Garachico, cultura viva con David Baute - Viajar es vivir","og_description":"En Garachico la cultura est\u00e1 viva. Hoy conocemos su oferta cultural de la mano del cineasta David Baute uno de sus dinamizadores culturales.","og_url":"https:\/\/www.canariasviaja.com\/viajaresvivir\/garachico-cultura-viva-con-david-baute\/","og_site_name":"Viajar es vivir","article_published_time":"2021-01-18T20:16:27+00:00","article_modified_time":"2021-01-19T09:38:32+00:00","og_image":[{"width":800,"height":403,"url":"https:\/\/www.canariasviaja.com\/viajaresvivir\/wp-content\/uploads\/2021\/01\/cuadernos-escenicos.jpg","type":"image\/jpeg"}],"author":"Patri C\u00e1mpora","twitter_card":"summary_large_image","twitter_misc":{"Escrito por":"Patri C\u00e1mpora","Tiempo de lectura":"5 minutos"},"schema":{"@context":"https:\/\/schema.org","@graph":[{"@type":"WebPage","@id":"https:\/\/www.canariasviaja.com\/viajaresvivir\/garachico-cultura-viva-con-david-baute\/","url":"https:\/\/www.canariasviaja.com\/viajaresvivir\/garachico-cultura-viva-con-david-baute\/","name":"Garachico, cultura viva con David Baute - Viajar es vivir","isPartOf":{"@id":"https:\/\/www.canariasviaja.com\/viajaresvivir\/#website"},"primaryImageOfPage":{"@id":"https:\/\/www.canariasviaja.com\/viajaresvivir\/garachico-cultura-viva-con-david-baute\/#primaryimage"},"image":{"@id":"https:\/\/www.canariasviaja.com\/viajaresvivir\/garachico-cultura-viva-con-david-baute\/#primaryimage"},"thumbnailUrl":"https:\/\/www.canariasviaja.com\/viajaresvivir\/wp-content\/uploads\/2021\/01\/cuadernos-escenicos.jpg","datePublished":"2021-01-18T20:16:27+00:00","dateModified":"2021-01-19T09:38:32+00:00","author":{"@id":"https:\/\/www.canariasviaja.com\/viajaresvivir\/#\/schema\/person\/085949651001325f1244a8bc1b34709c"},"description":"En Garachico la cultura est\u00e1 viva. Hoy conocemos su oferta cultural de la mano del cineasta David Baute uno de sus dinamizadores culturales.","breadcrumb":{"@id":"https:\/\/www.canariasviaja.com\/viajaresvivir\/garachico-cultura-viva-con-david-baute\/#breadcrumb"},"inLanguage":"es","potentialAction":[{"@type":"ReadAction","target":["https:\/\/www.canariasviaja.com\/viajaresvivir\/garachico-cultura-viva-con-david-baute\/"]}]},{"@type":"ImageObject","inLanguage":"es","@id":"https:\/\/www.canariasviaja.com\/viajaresvivir\/garachico-cultura-viva-con-david-baute\/#primaryimage","url":"https:\/\/www.canariasviaja.com\/viajaresvivir\/wp-content\/uploads\/2021\/01\/cuadernos-escenicos.jpg","contentUrl":"https:\/\/www.canariasviaja.com\/viajaresvivir\/wp-content\/uploads\/2021\/01\/cuadernos-escenicos.jpg","width":800,"height":403,"caption":"Cuadernos esc\u00e9nicos Garachico"},{"@type":"BreadcrumbList","@id":"https:\/\/www.canariasviaja.com\/viajaresvivir\/garachico-cultura-viva-con-david-baute\/#breadcrumb","itemListElement":[{"@type":"ListItem","position":1,"name":"Portada","item":"https:\/\/www.canariasviaja.com\/viajaresvivir\/"},{"@type":"ListItem","position":2,"name":"Garachico, cultura viva con David Baute"}]},{"@type":"WebSite","@id":"https:\/\/www.canariasviaja.com\/viajaresvivir\/#website","url":"https:\/\/www.canariasviaja.com\/viajaresvivir\/","name":"Viajar es vivir","description":"El blog de viajes y estilo de vida de CanariasViaja","potentialAction":[{"@type":"SearchAction","target":{"@type":"EntryPoint","urlTemplate":"https:\/\/www.canariasviaja.com\/viajaresvivir\/?s={search_term_string}"},"query-input":{"@type":"PropertyValueSpecification","valueRequired":true,"valueName":"search_term_string"}}],"inLanguage":"es"},{"@type":"Person","@id":"https:\/\/www.canariasviaja.com\/viajaresvivir\/#\/schema\/person\/085949651001325f1244a8bc1b34709c","name":"Patri C\u00e1mpora","image":{"@type":"ImageObject","inLanguage":"es","@id":"https:\/\/www.canariasviaja.com\/viajaresvivir\/#\/schema\/person\/image\/","url":"https:\/\/secure.gravatar.com\/avatar\/b2ce2c4086a5776e5310f57c1a2e5b4e?s=96&d=mm&r=g","contentUrl":"https:\/\/secure.gravatar.com\/avatar\/b2ce2c4086a5776e5310f57c1a2e5b4e?s=96&d=mm&r=g","caption":"Patri C\u00e1mpora"},"url":"https:\/\/www.canariasviaja.com\/viajaresvivir\/author\/patri\/"}]}},"_links":{"self":[{"href":"https:\/\/www.canariasviaja.com\/viajaresvivir\/wp-json\/wp\/v2\/posts\/6087"}],"collection":[{"href":"https:\/\/www.canariasviaja.com\/viajaresvivir\/wp-json\/wp\/v2\/posts"}],"about":[{"href":"https:\/\/www.canariasviaja.com\/viajaresvivir\/wp-json\/wp\/v2\/types\/post"}],"author":[{"embeddable":true,"href":"https:\/\/www.canariasviaja.com\/viajaresvivir\/wp-json\/wp\/v2\/users\/2"}],"replies":[{"embeddable":true,"href":"https:\/\/www.canariasviaja.com\/viajaresvivir\/wp-json\/wp\/v2\/comments?post=6087"}],"version-history":[{"count":10,"href":"https:\/\/www.canariasviaja.com\/viajaresvivir\/wp-json\/wp\/v2\/posts\/6087\/revisions"}],"predecessor-version":[{"id":6106,"href":"https:\/\/www.canariasviaja.com\/viajaresvivir\/wp-json\/wp\/v2\/posts\/6087\/revisions\/6106"}],"wp:featuredmedia":[{"embeddable":true,"href":"https:\/\/www.canariasviaja.com\/viajaresvivir\/wp-json\/wp\/v2\/media\/6093"}],"wp:attachment":[{"href":"https:\/\/www.canariasviaja.com\/viajaresvivir\/wp-json\/wp\/v2\/media?parent=6087"}],"wp:term":[{"taxonomy":"category","embeddable":true,"href":"https:\/\/www.canariasviaja.com\/viajaresvivir\/wp-json\/wp\/v2\/categories?post=6087"},{"taxonomy":"post_tag","embeddable":true,"href":"https:\/\/www.canariasviaja.com\/viajaresvivir\/wp-json\/wp\/v2\/tags?post=6087"}],"curies":[{"name":"wp","href":"https:\/\/api.w.org\/{rel}","templated":true}]}}