{"id":6107,"date":"2021-01-21T20:05:07","date_gmt":"2021-01-21T20:05:07","guid":{"rendered":"http:\/\/www.canariasviaja.com\/viajaresvivir\/?p=6107"},"modified":"2021-02-01T17:31:03","modified_gmt":"2021-02-01T17:31:03","slug":"camino-de-los-gracioseros-el-puente-que-une-el-rio","status":"publish","type":"post","link":"https:\/\/www.canariasviaja.com\/viajaresvivir\/camino-de-los-gracioseros-el-puente-que-une-el-rio\/","title":{"rendered":"Camino de Los Gracioseros, el puente que une El R\u00edo"},"content":{"rendered":"\n<p>Todos los senderos de nuestra existencia nos sorprenden de una manera u otra, pero no todos nos marcan el destino\u2026 <strong>El camino de los gracioseros<\/strong> marc\u00f3 el m\u00edo.<\/p>\n\n\n\n<figure class=\"wp-block-image size-large\"><img loading=\"lazy\" decoding=\"async\" width=\"768\" height=\"1024\" src=\"http:\/\/www.canariasviaja.com\/viajaresvivir\/wp-content\/uploads\/2021\/01\/Playa-del-Risco5.jpg\" alt=\"Camino de los Gracioseros\" class=\"wp-image-6120\" srcset=\"https:\/\/www.canariasviaja.com\/viajaresvivir\/wp-content\/uploads\/2021\/01\/Playa-del-Risco5.jpg 768w, https:\/\/www.canariasviaja.com\/viajaresvivir\/wp-content\/uploads\/2021\/01\/Playa-del-Risco5-225x300.jpg 225w, https:\/\/www.canariasviaja.com\/viajaresvivir\/wp-content\/uploads\/2021\/01\/Playa-del-Risco5-600x800.jpg 600w\" sizes=\"(max-width: 768px) 100vw, 768px\" \/><\/figure>\n\n\n\n<h3 class=\"wp-block-heading\"><strong>El camino de los gracioseros<\/strong><\/h3>\n\n\n\n<p>Este lugar situado en el norte de Lanzarote, que en su d\u00eda fue un paso de mera subsistencia para las mujeres de La Graciosa, hoy es un lugar de ocio y disfrute.<\/p>\n\n\n\n<p>La carretera que nos lleva al camino es adem\u00e1s memorable. Dejaremos a nuestro paso pueblos como <strong>Los Valles<\/strong>, <strong>Har\u00eda<\/strong> o <strong>M\u00e1guez<\/strong>. El  desv\u00edo hacia nuestro destino lo encontramos a mitad de camino entre M\u00e1guez y Y\u00e9.<\/p>\n\n\n\n<p>El <strong><a href=\"https:\/\/es.wikiloc.com\/rutas-senderismo\/lanzarote-camino-de-los-gracioseros-5662703\" target=\"_blank\" rel=\"noreferrer noopener\">itinerario<\/a><\/strong> comienza desde un mirador con un <strong>aparcamiento<\/strong> empedrado, situado en <strong>Las Rositas<\/strong>,  totalmente mimetizado con el medio pero suficientemente visible. El sendero tiene aproximadamente 4,5 km, con un desnivel importante por lo que se recomienda estar en buen estado f\u00edsico y disponer de un calzado adecuado que evite resbalarse. Se encuentra ubicado en el <strong>Risco de Famara<\/strong>, el imponente acantilado que deja sin palabras. Al sendero lo rodean unas vistas inigualables, en especial de <strong>La Graciosa<\/strong>, de la que es f\u00e1cil enamorarse nada m\u00e1s asomarte. El mirador es \u00fanico, hipn\u00f3tico y tiene esa capacidad de detener el tiempo.<\/p>\n\n\n\n<p>La sabidur\u00eda de los ancestros hizo de ese lugar punto de partida para ascenso y descenso, aprovechando la colada de lava que derram\u00f3 por esas laderas el venerable <strong>Volc\u00e1n de la Corona<\/strong> y donde \u00fanicamente garantizaba la solidez para el paso.<\/p>\n\n\n\n<h3 class=\"wp-block-heading\"><strong>La Graciosa y El R\u00edo<\/strong><\/h3>\n\n\n\n<figure class=\"wp-block-image size-large\"><img loading=\"lazy\" decoding=\"async\" width=\"768\" height=\"1024\" src=\"http:\/\/www.canariasviaja.com\/viajaresvivir\/wp-content\/uploads\/2021\/01\/Caminp-los-gracioseras3.jpg\" alt=\"Camino de los gracioseros\" class=\"wp-image-6113\" srcset=\"https:\/\/www.canariasviaja.com\/viajaresvivir\/wp-content\/uploads\/2021\/01\/Caminp-los-gracioseras3.jpg 768w, https:\/\/www.canariasviaja.com\/viajaresvivir\/wp-content\/uploads\/2021\/01\/Caminp-los-gracioseras3-225x300.jpg 225w, https:\/\/www.canariasviaja.com\/viajaresvivir\/wp-content\/uploads\/2021\/01\/Caminp-los-gracioseras3-600x800.jpg 600w\" sizes=\"(max-width: 768px) 100vw, 768px\" \/><\/figure>\n\n\n\n<p><strong>La Graciosa<\/strong> surgi\u00f3 de uno de los primeros episodios volc\u00e1nicos hace unos cientos de miles de a\u00f1os, en lo que denominan el Cuaternario. La isla sirvi\u00f3 desde siempre como lugar de fondeo, por ese abrigo al Atl\u00e1ntico que la convierte en un refugio ideal para los navegantes de la \u00e9poca y de la actualidad.<\/p>\n\n\n\n<p>La base principal siempre fue <strong>Caleta de Sebo<\/strong>, primer lugar de fondeo para las tropas antes de desembarcar en Lanzarote en el a\u00f1o 1402. A\u00f1os m\u00e1s tarde se le di\u00f3 nombre al segundo poblado del que presume la isla, <strong>Pedro Barba<\/strong>. Recibe su nombre del noble enviado por la corona de Castilla en  1418 para que trasfiriese la isla al Conde de Niebla.<\/p>\n\n\n\n<figure class=\"wp-block-image size-large\"><img loading=\"lazy\" decoding=\"async\" width=\"2000\" height=\"800\" src=\"http:\/\/www.canariasviaja.com\/viajaresvivir\/wp-content\/uploads\/2021\/01\/Portada-Camino-Los-Gracioseros.jpg\" alt=\"La Graciosa\" class=\"wp-image-6121\" srcset=\"https:\/\/www.canariasviaja.com\/viajaresvivir\/wp-content\/uploads\/2021\/01\/Portada-Camino-Los-Gracioseros.jpg 2000w, https:\/\/www.canariasviaja.com\/viajaresvivir\/wp-content\/uploads\/2021\/01\/Portada-Camino-Los-Gracioseros-300x120.jpg 300w, https:\/\/www.canariasviaja.com\/viajaresvivir\/wp-content\/uploads\/2021\/01\/Portada-Camino-Los-Gracioseros-768x307.jpg 768w, https:\/\/www.canariasviaja.com\/viajaresvivir\/wp-content\/uploads\/2021\/01\/Portada-Camino-Los-Gracioseros-1536x614.jpg 1536w, https:\/\/www.canariasviaja.com\/viajaresvivir\/wp-content\/uploads\/2021\/01\/Portada-Camino-Los-Gracioseros-1200x480.jpg 1200w, https:\/\/www.canariasviaja.com\/viajaresvivir\/wp-content\/uploads\/2021\/01\/Portada-Camino-Los-Gracioseros-1920x768.jpg 1920w\" sizes=\"(max-width: 2000px) 100vw, 2000px\" \/><\/figure>\n\n\n\n<p>Tanto el R\u00edo, ese estrecho de mar de unos 1200 metros que separa una isla de la otra, como la Graciosa en s\u00ed, han servido desde anta\u00f1o para arranchar los barcos antes de partir. En el Risco se hallan manantiales, entre los que destaca la <strong>fuente de Gusa<\/strong> cuyas aguas, seg\u00fan cuenta el escritor ingl\u00e9s Glas, eran conocidas como medicinales para curar en particular la sarna. Adem\u00e1s de agua en El Risco, en La Graciosa ten\u00edan pescado, pardelas, cabras y ovejas.<\/p>\n\n\n\n<p>La Graciosa fue poblada definitivamente por pescadores y algunas familias de Har\u00eda hacia 1884. Hoy unos 600 habitantes viven en la isla, tanto de la pesca como de la actividad tur\u00edstica.<\/p>\n\n\n\n<h3 class=\"wp-block-heading\"><strong>Salinas del R\u00edo y otros tesoros del Archipi\u00e9lago Chinijo<\/strong><\/h3>\n\n\n\n<p>Las <strong>Salinas del R\u00edo<\/strong> son las m\u00e1s antiguas de toda Canarias, remont\u00e1ndose a 1520. Ubicadas en un saladar extenso que anegaban habitualmente las mareas vivas. Hace unos veinte a\u00f1os que est\u00e1n en desuso pero llegaron a alcanzar m\u00e1s de mil toneladas de producci\u00f3n. Llaman la atenci\u00f3n por su cromatismo especialmente encendido en el transcurso de sus atardeceres.<\/p>\n\n\n\n<div class=\"wp-block-image\"><figure class=\"aligncenter size-large is-resized\"><img decoding=\"async\" src=\"http:\/\/www.canariasviaja.com\/viajaresvivir\/wp-content\/uploads\/2021\/01\/playa-del-risco-2.jpg\" alt=\"Salinas en el risco\" class=\"wp-image-6114\" width=\"400\" srcset=\"https:\/\/www.canariasviaja.com\/viajaresvivir\/wp-content\/uploads\/2021\/01\/playa-del-risco-2.jpg 768w, https:\/\/www.canariasviaja.com\/viajaresvivir\/wp-content\/uploads\/2021\/01\/playa-del-risco-2-225x300.jpg 225w, https:\/\/www.canariasviaja.com\/viajaresvivir\/wp-content\/uploads\/2021\/01\/playa-del-risco-2-600x800.jpg 600w\" sizes=\"(max-width: 768px) 100vw, 768px\" \/><\/figure><\/div>\n\n\n\n<p>Todo el paisaje del que se goza durante esta traves\u00eda est\u00e1 dentro de un <strong>Parque Natural del Archipi\u00e9lago Chinijo<\/strong> que comprende Los Islotes, El Risco de Famara y las llanuras del jable. Esta declaraci\u00f3n, en  1986, le fue dada tanto por su geolog\u00eda como por su flora y fauna. A lo largo del sendero nos podemos encontrar con alg\u00fan endemismo como el maravilloso <em>Echium lanzarottense.<\/em><\/p>\n\n\n\n<div class=\"wp-block-image\"><figure class=\"aligncenter size-large is-resized\"><img decoding=\"async\" src=\"http:\/\/www.canariasviaja.com\/viajaresvivir\/wp-content\/uploads\/2021\/01\/Camino-de-Los-gracioseros-con-vegetacion.jpg\" alt=\"Camino de Los Gracioseros\" class=\"wp-image-6109\" width=\"400\" srcset=\"https:\/\/www.canariasviaja.com\/viajaresvivir\/wp-content\/uploads\/2021\/01\/Camino-de-Los-gracioseros-con-vegetacion.jpg 768w, https:\/\/www.canariasviaja.com\/viajaresvivir\/wp-content\/uploads\/2021\/01\/Camino-de-Los-gracioseros-con-vegetacion-225x300.jpg 225w, https:\/\/www.canariasviaja.com\/viajaresvivir\/wp-content\/uploads\/2021\/01\/Camino-de-Los-gracioseros-con-vegetacion-600x800.jpg 600w\" sizes=\"(max-width: 768px) 100vw, 768px\" \/><\/figure><\/div>\n\n\n\n<p>A lo largo del sendero puede sorprendernos con su vuelo alg\u00fan guirre o alg\u00fan halc\u00f3n posado en una roca inm\u00f3vil con el que es f\u00e1cil empatizar por la manera en que disfruta de las vistas. Estamos en un lugar que es adem\u00e1s zona ZEPA, para la protecci\u00f3n de sus aves.<\/p>\n\n\n\n<p>Especial menci\u00f3n merece su <strong>reserva marina<\/strong>, la mayor de Europa, un para\u00edso para la fauna subacu\u00e1tica. Si el tiempo lo permite es recomendable meter en nuestras mochilas unas gafas de buceo y disfrutar de ese acuario maravilloso que denominamos El Atl\u00e1ntico. Con un poco de suerte divisaremos bandos de agujas, medregales, viejas, sargos, pejeperros meros&#8230; En \u00e9poca de migraci\u00f3n se avistan con frecuencia cet\u00e1ceos y es frecuente poder disfrutar de alg\u00fan tibur\u00f3n martillo.<\/p>\n\n\n\n<h3 class=\"wp-block-heading\"><strong>Las mujeres del camino<\/strong><\/h3>\n\n\n\n<p>Son innumerables las ocasiones en que he bajado esta vereda en busca de diferentes cosas pero lo que m\u00e1s me empuja a repetirla es la b\u00fasqueda de la fuerza de todas aquellas mujeres que lo frecuentaban en busca de intercambio de alimentos.<\/p>\n\n\n\n<div class=\"wp-block-image\"><figure class=\"aligncenter size-large is-resized\"><img decoding=\"async\" src=\"http:\/\/www.canariasviaja.com\/viajaresvivir\/wp-content\/uploads\/2021\/01\/Playa-del-risco-3.jpg\" alt=\"Playa del Risco\" class=\"wp-image-6115\" width=\"400\" srcset=\"https:\/\/www.canariasviaja.com\/viajaresvivir\/wp-content\/uploads\/2021\/01\/Playa-del-risco-3.jpg 768w, https:\/\/www.canariasviaja.com\/viajaresvivir\/wp-content\/uploads\/2021\/01\/Playa-del-risco-3-225x300.jpg 225w, https:\/\/www.canariasviaja.com\/viajaresvivir\/wp-content\/uploads\/2021\/01\/Playa-del-risco-3-600x800.jpg 600w\" sizes=\"(max-width: 768px) 100vw, 768px\" \/><\/figure><\/div>\n\n\n\n<p>Esa playa y esa vereda eran el nexo de comunicaci\u00f3n entre la poblaci\u00f3n de la Graciosa y el pueblo de Har\u00eda. Era en este pueblo del norte de Lanzarote donde pod\u00edan obtener los productos de los que carec\u00edan e ir al m\u00e9dico. La econom\u00eda era de subsistencia, <strong>las mujeres gracioseras<\/strong> intercambiaban pescado y sal, que cargaban en pesadas cestas sobre sus cabezas, por otros productos. Se dicen que eran mujeres orgullosas y que cuando no consegu\u00edan un buen acuerdo sobre su pescado prefer\u00edan traerlo de vuelta para no devaluar su precio. Cuando regresaban de Har\u00eda y llegaban cansadas a la playa, despu\u00e9s de bajar la vereda, encend\u00edan una hoguera para avisar a sus maridos que estaban listas para que las recogieran en la playa, que se conoc\u00eda como el embarcadero. Cada pescador desde el otro lado de El R\u00edo sab\u00eda reconocer la hoguera de su mujer e iba a por ella en su barca.<\/p>\n\n\n\n<h3 class=\"wp-block-heading\"><strong>Cambian los caminos, cambian los caminantes<\/strong><\/h3>\n\n\n\n<p>El camino dej\u00f3 de ser el puente de uni\u00f3n entre La Graciosa y Lanzarote cuando en 1950 aparecieron los primeros transportes mar\u00edtimos. Antes de mi primera bajada le\u00ed, no recuerdo d\u00f3nde, que los gracioseros lo realizaban incluso con sus difuntos a cuestas para enterrarlos en Lanzarote, se me qued\u00f3 grabado y desde entonces suelo comentarlo en la subida para ver el asombro de alg\u00fan quejicoso.<\/p>\n\n\n\n<div class=\"wp-block-image\"><figure class=\"aligncenter size-large is-resized\"><img decoding=\"async\" src=\"http:\/\/www.canariasviaja.com\/viajaresvivir\/wp-content\/uploads\/2021\/01\/Playa-del-risco-4.jpg\" alt=\"\" class=\"wp-image-6116\" width=\"400\" srcset=\"https:\/\/www.canariasviaja.com\/viajaresvivir\/wp-content\/uploads\/2021\/01\/Playa-del-risco-4.jpg 768w, https:\/\/www.canariasviaja.com\/viajaresvivir\/wp-content\/uploads\/2021\/01\/Playa-del-risco-4-225x300.jpg 225w, https:\/\/www.canariasviaja.com\/viajaresvivir\/wp-content\/uploads\/2021\/01\/Playa-del-risco-4-600x800.jpg 600w\" sizes=\"(max-width: 768px) 100vw, 768px\" \/><\/figure><\/div>\n\n\n\n<p>Hoy en d\u00eda lo recorren turistas, atletas, cazadores y pescadores pero en m\u00ed m\u00e1s \u00edntimo recuerdo puedo sentir la fuerza de aquellas mujeres gracioseras que lo frecuentaban, cargadas hasta las cejas para sacar adelante a sus familias, y no dejo de preguntarme en qu\u00e9 momento nos olvidamos del esp\u00edritu de sacrificio.<\/p>\n\n\n\n<h3 class=\"wp-block-heading\"><strong>Un camino que cambi\u00f3 una vida, la m\u00eda<\/strong><\/h3>\n\n\n\n<p>Todav\u00eda tengo presente el sublime aroma a hinojo y mi asombro cuando divis\u00e9 lo que para m\u00ed fue el Cielo desde ese mirador. Recuerdo perfectamente mis pensamientos, ni el mejor pintor hubiese igualado tanto ese lienzo geol\u00f3gico de perfecci\u00f3n y belleza.<\/p>\n\n\n\n<figure class=\"wp-block-image size-large\"><img loading=\"lazy\" decoding=\"async\" width=\"2000\" height=\"1500\" src=\"http:\/\/www.canariasviaja.com\/viajaresvivir\/wp-content\/uploads\/2021\/01\/Camino-de-los-gracioseros2.jpg\" alt=\"Camino de los gracioseros en Lanzarote\" class=\"wp-image-6112\" srcset=\"https:\/\/www.canariasviaja.com\/viajaresvivir\/wp-content\/uploads\/2021\/01\/Camino-de-los-gracioseros2.jpg 2000w, https:\/\/www.canariasviaja.com\/viajaresvivir\/wp-content\/uploads\/2021\/01\/Camino-de-los-gracioseros2-300x225.jpg 300w, https:\/\/www.canariasviaja.com\/viajaresvivir\/wp-content\/uploads\/2021\/01\/Camino-de-los-gracioseros2-768x576.jpg 768w, https:\/\/www.canariasviaja.com\/viajaresvivir\/wp-content\/uploads\/2021\/01\/Camino-de-los-gracioseros2-1536x1152.jpg 1536w, https:\/\/www.canariasviaja.com\/viajaresvivir\/wp-content\/uploads\/2021\/01\/Camino-de-los-gracioseros2-1200x900.jpg 1200w, https:\/\/www.canariasviaja.com\/viajaresvivir\/wp-content\/uploads\/2021\/01\/Camino-de-los-gracioseros2-800x600.jpg 800w, https:\/\/www.canariasviaja.com\/viajaresvivir\/wp-content\/uploads\/2021\/01\/Camino-de-los-gracioseros2-1440x1080.jpg 1440w\" sizes=\"(max-width: 2000px) 100vw, 2000px\" \/><\/figure>\n\n\n\n<p>Cuando llegas hasta abajo y te acercas a la playa es f\u00e1cil deslumbrarte por esas aguas turquesas, la arena blanca y ese contraste de callaos, sin\u00f3nimo de la erosi\u00f3n y del tiempo. <\/p>\n\n\n\n<figure class=\"wp-block-image size-large\"><img loading=\"lazy\" decoding=\"async\" width=\"2000\" height=\"1500\" src=\"http:\/\/www.canariasviaja.com\/viajaresvivir\/wp-content\/uploads\/2021\/01\/Playa-del-Risco-portada.jpg\" alt=\"Playa del Risco\" class=\"wp-image-6118\" srcset=\"https:\/\/www.canariasviaja.com\/viajaresvivir\/wp-content\/uploads\/2021\/01\/Playa-del-Risco-portada.jpg 2000w, https:\/\/www.canariasviaja.com\/viajaresvivir\/wp-content\/uploads\/2021\/01\/Playa-del-Risco-portada-300x225.jpg 300w, https:\/\/www.canariasviaja.com\/viajaresvivir\/wp-content\/uploads\/2021\/01\/Playa-del-Risco-portada-768x576.jpg 768w, https:\/\/www.canariasviaja.com\/viajaresvivir\/wp-content\/uploads\/2021\/01\/Playa-del-Risco-portada-1536x1152.jpg 1536w, https:\/\/www.canariasviaja.com\/viajaresvivir\/wp-content\/uploads\/2021\/01\/Playa-del-Risco-portada-1200x900.jpg 1200w, https:\/\/www.canariasviaja.com\/viajaresvivir\/wp-content\/uploads\/2021\/01\/Playa-del-Risco-portada-800x600.jpg 800w, https:\/\/www.canariasviaja.com\/viajaresvivir\/wp-content\/uploads\/2021\/01\/Playa-del-Risco-portada-1440x1080.jpg 1440w\" sizes=\"(max-width: 2000px) 100vw, 2000px\" \/><\/figure>\n\n\n\n<p>Esa arena blanca impoluta marca la excursi\u00f3n en cada uno de nosotros y creo que una de las mayores razones de que lo haga es la ausencia de huellas humanas, dejando como protagonista solo a la naturaleza, sin nuestra eg\u00f3latra presencia. Sin duda alguna, la fabulosa playa desierta y salvaje es un galard\u00f3n, un premio reservado \u00fanicamente a los que se atreven a bajar esta vereda con historia, para llegar a esta playa donde uno puede todav\u00eda estar tranquilo incluso en pleno agosto.<\/p>\n\n\n\n<div class=\"wp-block-image\"><figure class=\"aligncenter size-large is-resized\"><img decoding=\"async\" src=\"http:\/\/www.canariasviaja.com\/viajaresvivir\/wp-content\/uploads\/2021\/01\/Playa-del-Risco.jpg\" alt=\"Playa del Risco\" class=\"wp-image-6119\" width=\"400\" srcset=\"https:\/\/www.canariasviaja.com\/viajaresvivir\/wp-content\/uploads\/2021\/01\/Playa-del-Risco.jpg 1024w, https:\/\/www.canariasviaja.com\/viajaresvivir\/wp-content\/uploads\/2021\/01\/Playa-del-Risco-225x300.jpg 225w, https:\/\/www.canariasviaja.com\/viajaresvivir\/wp-content\/uploads\/2021\/01\/Playa-del-Risco-768x1024.jpg 768w, https:\/\/www.canariasviaja.com\/viajaresvivir\/wp-content\/uploads\/2021\/01\/Playa-del-Risco-600x800.jpg 600w, https:\/\/www.canariasviaja.com\/viajaresvivir\/wp-content\/uploads\/2021\/01\/Playa-del-Risco-810x1080.jpg 810w\" sizes=\"(max-width: 1024px) 100vw, 1024px\" \/><\/figure><\/div>\n\n\n\n<p>Tuvo lugar en esta playa formidable un momento de clarividencia en el que sent\u00ed, con una fuerza extraordinaria, que estaba en el momento y el lugar preciso y decid\u00ed, en lo que fueron unas vacaciones de cinco d\u00edas, que romper\u00eda con todos mis planes y permanecer\u00eda en Lanzarote. Por todo ello y alguna historia m\u00e1s, es uno de los lugares m\u00e1s especiales de mi vida, donde sigo percibiendo esa fuerza que me lleva una y otra vez.<\/p>\n\n\n\n<hr class=\"wp-block-separator\"\/>\n\n\n\n<p>Ana Sanz es  gu\u00eda oficial de turismo y ejerce como tal hace 13 a\u00f1os. Amante de Lanzarote y del surf, est\u00e1 especializada en vinos y sigue form\u00e1ndose y aprendiendo en este mundo tan apasionante<\/p>\n\n\n\n<hr class=\"wp-block-separator\"\/>\n\n\n\n<p class=\"has-text-align-center\"><strong>\u00bfTe apetece recorrer este sendero con historia? <\/strong><\/p>\n\n\n\n<div class=\"wp-block-buttons aligncenter is-layout-flex wp-block-buttons-is-layout-flex\">\n<div class=\"wp-block-button is-style-fill\"><a class=\"wp-block-button__link\" href=\"https:\/\/bit.ly\/39UH8wi\">\u00a1Colecciona este momento!<\/a><\/div>\n<\/div>\n","protected":false},"excerpt":{"rendered":"<p>Todos los senderos de nuestra existencia nos sorprenden de una manera u otra, pero no todos nos marcan el destino\u2026 El camino de los gracioseros marc\u00f3 el m\u00edo. El camino de los gracioseros Este lugar situado en el norte de Lanzarote, que en su d\u00eda fue un paso de mera subsistencia para las mujeres de La Graciosa, hoy es un &hellip;<\/p>\n","protected":false},"author":45,"featured_media":6121,"comment_status":"open","ping_status":"open","sticky":false,"template":"","format":"standard","meta":{"_acf_changed":false,"sfsi_plus_gutenberg_text_before_share":"","sfsi_plus_gutenberg_show_text_before_share":"","sfsi_plus_gutenberg_icon_type":"","sfsi_plus_gutenberg_icon_alignemt":"","sfsi_plus_gutenburg_max_per_row":"","footnotes":""},"categories":[125,9,124,123,10,11],"tags":[679,150,430,380,108,116],"class_list":["post-6107","post","type-post","status-publish","format-standard","has-post-thumbnail","hentry","category-aventurate","category-canarias","category-descubre","category-explora","category-historias-viajeras","category-postales","tag-archipielago-chinijo","tag-historia","tag-la-graciosa","tag-lanzarote","tag-rutas-historicas","tag-senderismo"],"acf":[],"yoast_head":"<!-- This site is optimized with the Yoast SEO plugin v24.1 - https:\/\/yoast.com\/wordpress\/plugins\/seo\/ -->\n<title>Camino de Los Gracioseros, el puente que une El R\u00edo - Viajar es vivir<\/title>\n<meta name=\"description\" content=\"El camino de los gracioseros era la v\u00eda de comunicaci\u00f3n entre los habitantes de La Graciosa y Lanzarote. Un camino \u00fanico que cambi\u00f3 la vida de Ana Sanz.\" \/>\n<meta name=\"robots\" content=\"index, follow, max-snippet:-1, max-image-preview:large, max-video-preview:-1\" \/>\n<link rel=\"canonical\" href=\"https:\/\/www.canariasviaja.com\/viajaresvivir\/camino-de-los-gracioseros-el-puente-que-une-el-rio\/\" \/>\n<meta property=\"og:locale\" content=\"es_ES\" \/>\n<meta property=\"og:type\" content=\"article\" \/>\n<meta property=\"og:title\" content=\"Camino de Los Gracioseros, el puente que une El R\u00edo - Viajar es vivir\" \/>\n<meta property=\"og:description\" content=\"El camino de los gracioseros era la v\u00eda de comunicaci\u00f3n entre los habitantes de La Graciosa y Lanzarote. Un camino \u00fanico que cambi\u00f3 la vida de Ana Sanz.\" \/>\n<meta property=\"og:url\" content=\"https:\/\/www.canariasviaja.com\/viajaresvivir\/camino-de-los-gracioseros-el-puente-que-une-el-rio\/\" \/>\n<meta property=\"og:site_name\" content=\"Viajar es vivir\" \/>\n<meta property=\"article:published_time\" content=\"2021-01-21T20:05:07+00:00\" \/>\n<meta property=\"article:modified_time\" content=\"2021-02-01T17:31:03+00:00\" \/>\n<meta property=\"og:image\" content=\"https:\/\/www.canariasviaja.com\/viajaresvivir\/wp-content\/uploads\/2021\/01\/Portada-Camino-Los-Gracioseros.jpg\" \/>\n\t<meta property=\"og:image:width\" content=\"2000\" \/>\n\t<meta property=\"og:image:height\" content=\"800\" \/>\n\t<meta property=\"og:image:type\" content=\"image\/jpeg\" \/>\n<meta name=\"author\" content=\"Ana Sanz\" \/>\n<meta name=\"twitter:card\" content=\"summary_large_image\" \/>\n<meta name=\"twitter:label1\" content=\"Escrito por\" \/>\n\t<meta name=\"twitter:data1\" content=\"Ana Sanz\" \/>\n\t<meta name=\"twitter:label2\" content=\"Tiempo de lectura\" \/>\n\t<meta name=\"twitter:data2\" content=\"7 minutos\" \/>\n<script type=\"application\/ld+json\" class=\"yoast-schema-graph\">{\"@context\":\"https:\/\/schema.org\",\"@graph\":[{\"@type\":\"WebPage\",\"@id\":\"https:\/\/www.canariasviaja.com\/viajaresvivir\/camino-de-los-gracioseros-el-puente-que-une-el-rio\/\",\"url\":\"https:\/\/www.canariasviaja.com\/viajaresvivir\/camino-de-los-gracioseros-el-puente-que-une-el-rio\/\",\"name\":\"Camino de Los Gracioseros, el puente que une El R\u00edo - Viajar es vivir\",\"isPartOf\":{\"@id\":\"https:\/\/www.canariasviaja.com\/viajaresvivir\/#website\"},\"primaryImageOfPage\":{\"@id\":\"https:\/\/www.canariasviaja.com\/viajaresvivir\/camino-de-los-gracioseros-el-puente-que-une-el-rio\/#primaryimage\"},\"image\":{\"@id\":\"https:\/\/www.canariasviaja.com\/viajaresvivir\/camino-de-los-gracioseros-el-puente-que-une-el-rio\/#primaryimage\"},\"thumbnailUrl\":\"https:\/\/www.canariasviaja.com\/viajaresvivir\/wp-content\/uploads\/2021\/01\/Portada-Camino-Los-Gracioseros.jpg\",\"datePublished\":\"2021-01-21T20:05:07+00:00\",\"dateModified\":\"2021-02-01T17:31:03+00:00\",\"author\":{\"@id\":\"https:\/\/www.canariasviaja.com\/viajaresvivir\/#\/schema\/person\/3d16465847d9b503acf03a3d902fefc5\"},\"description\":\"El camino de los gracioseros era la v\u00eda de comunicaci\u00f3n entre los habitantes de La Graciosa y Lanzarote. Un camino \u00fanico que cambi\u00f3 la vida de Ana Sanz.\",\"breadcrumb\":{\"@id\":\"https:\/\/www.canariasviaja.com\/viajaresvivir\/camino-de-los-gracioseros-el-puente-que-une-el-rio\/#breadcrumb\"},\"inLanguage\":\"es\",\"potentialAction\":[{\"@type\":\"ReadAction\",\"target\":[\"https:\/\/www.canariasviaja.com\/viajaresvivir\/camino-de-los-gracioseros-el-puente-que-une-el-rio\/\"]}]},{\"@type\":\"ImageObject\",\"inLanguage\":\"es\",\"@id\":\"https:\/\/www.canariasviaja.com\/viajaresvivir\/camino-de-los-gracioseros-el-puente-que-une-el-rio\/#primaryimage\",\"url\":\"https:\/\/www.canariasviaja.com\/viajaresvivir\/wp-content\/uploads\/2021\/01\/Portada-Camino-Los-Gracioseros.jpg\",\"contentUrl\":\"https:\/\/www.canariasviaja.com\/viajaresvivir\/wp-content\/uploads\/2021\/01\/Portada-Camino-Los-Gracioseros.jpg\",\"width\":2000,\"height\":800,\"caption\":\"La Graciosa\"},{\"@type\":\"BreadcrumbList\",\"@id\":\"https:\/\/www.canariasviaja.com\/viajaresvivir\/camino-de-los-gracioseros-el-puente-que-une-el-rio\/#breadcrumb\",\"itemListElement\":[{\"@type\":\"ListItem\",\"position\":1,\"name\":\"Portada\",\"item\":\"https:\/\/www.canariasviaja.com\/viajaresvivir\/\"},{\"@type\":\"ListItem\",\"position\":2,\"name\":\"Camino de Los Gracioseros, el puente que une El R\u00edo\"}]},{\"@type\":\"WebSite\",\"@id\":\"https:\/\/www.canariasviaja.com\/viajaresvivir\/#website\",\"url\":\"https:\/\/www.canariasviaja.com\/viajaresvivir\/\",\"name\":\"Viajar es vivir\",\"description\":\"El blog de viajes y estilo de vida de CanariasViaja\",\"potentialAction\":[{\"@type\":\"SearchAction\",\"target\":{\"@type\":\"EntryPoint\",\"urlTemplate\":\"https:\/\/www.canariasviaja.com\/viajaresvivir\/?s={search_term_string}\"},\"query-input\":{\"@type\":\"PropertyValueSpecification\",\"valueRequired\":true,\"valueName\":\"search_term_string\"}}],\"inLanguage\":\"es\"},{\"@type\":\"Person\",\"@id\":\"https:\/\/www.canariasviaja.com\/viajaresvivir\/#\/schema\/person\/3d16465847d9b503acf03a3d902fefc5\",\"name\":\"Ana Sanz\",\"image\":{\"@type\":\"ImageObject\",\"inLanguage\":\"es\",\"@id\":\"https:\/\/www.canariasviaja.com\/viajaresvivir\/#\/schema\/person\/image\/\",\"url\":\"https:\/\/secure.gravatar.com\/avatar\/1081c98460525386e1ef79721eaf02bd?s=96&d=mm&r=g\",\"contentUrl\":\"https:\/\/secure.gravatar.com\/avatar\/1081c98460525386e1ef79721eaf02bd?s=96&d=mm&r=g\",\"caption\":\"Ana Sanz\"},\"url\":\"https:\/\/www.canariasviaja.com\/viajaresvivir\/author\/ana-sanz\/\"}]}<\/script>\n<!-- \/ Yoast SEO plugin. -->","yoast_head_json":{"title":"Camino de Los Gracioseros, el puente que une El R\u00edo - Viajar es vivir","description":"El camino de los gracioseros era la v\u00eda de comunicaci\u00f3n entre los habitantes de La Graciosa y Lanzarote. Un camino \u00fanico que cambi\u00f3 la vida de Ana Sanz.","robots":{"index":"index","follow":"follow","max-snippet":"max-snippet:-1","max-image-preview":"max-image-preview:large","max-video-preview":"max-video-preview:-1"},"canonical":"https:\/\/www.canariasviaja.com\/viajaresvivir\/camino-de-los-gracioseros-el-puente-que-une-el-rio\/","og_locale":"es_ES","og_type":"article","og_title":"Camino de Los Gracioseros, el puente que une El R\u00edo - Viajar es vivir","og_description":"El camino de los gracioseros era la v\u00eda de comunicaci\u00f3n entre los habitantes de La Graciosa y Lanzarote. Un camino \u00fanico que cambi\u00f3 la vida de Ana Sanz.","og_url":"https:\/\/www.canariasviaja.com\/viajaresvivir\/camino-de-los-gracioseros-el-puente-que-une-el-rio\/","og_site_name":"Viajar es vivir","article_published_time":"2021-01-21T20:05:07+00:00","article_modified_time":"2021-02-01T17:31:03+00:00","og_image":[{"width":2000,"height":800,"url":"https:\/\/www.canariasviaja.com\/viajaresvivir\/wp-content\/uploads\/2021\/01\/Portada-Camino-Los-Gracioseros.jpg","type":"image\/jpeg"}],"author":"Ana Sanz","twitter_card":"summary_large_image","twitter_misc":{"Escrito por":"Ana Sanz","Tiempo de lectura":"7 minutos"},"schema":{"@context":"https:\/\/schema.org","@graph":[{"@type":"WebPage","@id":"https:\/\/www.canariasviaja.com\/viajaresvivir\/camino-de-los-gracioseros-el-puente-que-une-el-rio\/","url":"https:\/\/www.canariasviaja.com\/viajaresvivir\/camino-de-los-gracioseros-el-puente-que-une-el-rio\/","name":"Camino de Los Gracioseros, el puente que une El R\u00edo - Viajar es vivir","isPartOf":{"@id":"https:\/\/www.canariasviaja.com\/viajaresvivir\/#website"},"primaryImageOfPage":{"@id":"https:\/\/www.canariasviaja.com\/viajaresvivir\/camino-de-los-gracioseros-el-puente-que-une-el-rio\/#primaryimage"},"image":{"@id":"https:\/\/www.canariasviaja.com\/viajaresvivir\/camino-de-los-gracioseros-el-puente-que-une-el-rio\/#primaryimage"},"thumbnailUrl":"https:\/\/www.canariasviaja.com\/viajaresvivir\/wp-content\/uploads\/2021\/01\/Portada-Camino-Los-Gracioseros.jpg","datePublished":"2021-01-21T20:05:07+00:00","dateModified":"2021-02-01T17:31:03+00:00","author":{"@id":"https:\/\/www.canariasviaja.com\/viajaresvivir\/#\/schema\/person\/3d16465847d9b503acf03a3d902fefc5"},"description":"El camino de los gracioseros era la v\u00eda de comunicaci\u00f3n entre los habitantes de La Graciosa y Lanzarote. Un camino \u00fanico que cambi\u00f3 la vida de Ana Sanz.","breadcrumb":{"@id":"https:\/\/www.canariasviaja.com\/viajaresvivir\/camino-de-los-gracioseros-el-puente-que-une-el-rio\/#breadcrumb"},"inLanguage":"es","potentialAction":[{"@type":"ReadAction","target":["https:\/\/www.canariasviaja.com\/viajaresvivir\/camino-de-los-gracioseros-el-puente-que-une-el-rio\/"]}]},{"@type":"ImageObject","inLanguage":"es","@id":"https:\/\/www.canariasviaja.com\/viajaresvivir\/camino-de-los-gracioseros-el-puente-que-une-el-rio\/#primaryimage","url":"https:\/\/www.canariasviaja.com\/viajaresvivir\/wp-content\/uploads\/2021\/01\/Portada-Camino-Los-Gracioseros.jpg","contentUrl":"https:\/\/www.canariasviaja.com\/viajaresvivir\/wp-content\/uploads\/2021\/01\/Portada-Camino-Los-Gracioseros.jpg","width":2000,"height":800,"caption":"La Graciosa"},{"@type":"BreadcrumbList","@id":"https:\/\/www.canariasviaja.com\/viajaresvivir\/camino-de-los-gracioseros-el-puente-que-une-el-rio\/#breadcrumb","itemListElement":[{"@type":"ListItem","position":1,"name":"Portada","item":"https:\/\/www.canariasviaja.com\/viajaresvivir\/"},{"@type":"ListItem","position":2,"name":"Camino de Los Gracioseros, el puente que une El R\u00edo"}]},{"@type":"WebSite","@id":"https:\/\/www.canariasviaja.com\/viajaresvivir\/#website","url":"https:\/\/www.canariasviaja.com\/viajaresvivir\/","name":"Viajar es vivir","description":"El blog de viajes y estilo de vida de CanariasViaja","potentialAction":[{"@type":"SearchAction","target":{"@type":"EntryPoint","urlTemplate":"https:\/\/www.canariasviaja.com\/viajaresvivir\/?s={search_term_string}"},"query-input":{"@type":"PropertyValueSpecification","valueRequired":true,"valueName":"search_term_string"}}],"inLanguage":"es"},{"@type":"Person","@id":"https:\/\/www.canariasviaja.com\/viajaresvivir\/#\/schema\/person\/3d16465847d9b503acf03a3d902fefc5","name":"Ana Sanz","image":{"@type":"ImageObject","inLanguage":"es","@id":"https:\/\/www.canariasviaja.com\/viajaresvivir\/#\/schema\/person\/image\/","url":"https:\/\/secure.gravatar.com\/avatar\/1081c98460525386e1ef79721eaf02bd?s=96&d=mm&r=g","contentUrl":"https:\/\/secure.gravatar.com\/avatar\/1081c98460525386e1ef79721eaf02bd?s=96&d=mm&r=g","caption":"Ana Sanz"},"url":"https:\/\/www.canariasviaja.com\/viajaresvivir\/author\/ana-sanz\/"}]}},"_links":{"self":[{"href":"https:\/\/www.canariasviaja.com\/viajaresvivir\/wp-json\/wp\/v2\/posts\/6107"}],"collection":[{"href":"https:\/\/www.canariasviaja.com\/viajaresvivir\/wp-json\/wp\/v2\/posts"}],"about":[{"href":"https:\/\/www.canariasviaja.com\/viajaresvivir\/wp-json\/wp\/v2\/types\/post"}],"author":[{"embeddable":true,"href":"https:\/\/www.canariasviaja.com\/viajaresvivir\/wp-json\/wp\/v2\/users\/45"}],"replies":[{"embeddable":true,"href":"https:\/\/www.canariasviaja.com\/viajaresvivir\/wp-json\/wp\/v2\/comments?post=6107"}],"version-history":[{"count":10,"href":"https:\/\/www.canariasviaja.com\/viajaresvivir\/wp-json\/wp\/v2\/posts\/6107\/revisions"}],"predecessor-version":[{"id":6243,"href":"https:\/\/www.canariasviaja.com\/viajaresvivir\/wp-json\/wp\/v2\/posts\/6107\/revisions\/6243"}],"wp:featuredmedia":[{"embeddable":true,"href":"https:\/\/www.canariasviaja.com\/viajaresvivir\/wp-json\/wp\/v2\/media\/6121"}],"wp:attachment":[{"href":"https:\/\/www.canariasviaja.com\/viajaresvivir\/wp-json\/wp\/v2\/media?parent=6107"}],"wp:term":[{"taxonomy":"category","embeddable":true,"href":"https:\/\/www.canariasviaja.com\/viajaresvivir\/wp-json\/wp\/v2\/categories?post=6107"},{"taxonomy":"post_tag","embeddable":true,"href":"https:\/\/www.canariasviaja.com\/viajaresvivir\/wp-json\/wp\/v2\/tags?post=6107"}],"curies":[{"name":"wp","href":"https:\/\/api.w.org\/{rel}","templated":true}]}}