{"id":6132,"date":"2021-01-25T19:43:17","date_gmt":"2021-01-25T19:43:17","guid":{"rendered":"http:\/\/www.canariasviaja.com\/viajaresvivir\/?p=6132"},"modified":"2021-01-26T11:52:30","modified_gmt":"2021-01-26T11:52:30","slug":"calle-perez-galdos-belleza-concentrada","status":"publish","type":"post","link":"https:\/\/www.canariasviaja.com\/viajaresvivir\/calle-perez-galdos-belleza-concentrada\/","title":{"rendered":"Calle Escritor P\u00e9rez Gald\u00f3s, belleza concentrada"},"content":{"rendered":"\n<p>En las siguientes l\u00edneas visitamos una de de mis calles preferidas de Las Palmas de Gran Canaria. Durante mucho tiempo so\u00f1\u00e9 con una peque\u00f1a tienda en ella. En menos de 400 metros, la <strong>calle <a href=\"https:\/\/www.canariasviaja.com\/viajaresvivir\/un-paseo-con-benito-perez-galdos\/\">Escritor P\u00e9rez Gald\u00f3s <\/a><\/strong>alberga algunos de <strong>los mejores restaurantes, las tiendas m\u00e1s bonitas, varios edificios emblem\u00e1ticos y \u00e1rboles, <\/strong>algo que no es tan f\u00e1cil de encontrar en la ciudad. Una calle peatonal, cerca de una de las zonas comerciales abiertas m\u00e1s importantes &#8211;<strong>la zona de Triana-<\/strong>, en la que disfrutar de un agradable paseo. De ambiente tranquilo y relajado, rebosa dise\u00f1o. Tanto es as\u00ed, que la dise\u00f1adora Isabel Gonz\u00e1lez considera que P\u00e9rez Gald\u00f3s podr\u00eda convertirse en esa <em>design street<\/em> de la que partan todas sus perpendiculares formando un barrio de dise\u00f1o. Una alternativa a las zonas comerciales convencionales. <\/p>\n\n\n\n<div class=\"wp-block-image\"><figure class=\"aligncenter size-large is-resized\"><img decoding=\"async\" src=\"http:\/\/www.canariasviaja.com\/viajaresvivir\/wp-content\/uploads\/2021\/01\/lacalle.jpg\" alt=\"Calle P\u00e9rez Gald\u00f3s en Las Palmas de Gran Canaria\" class=\"wp-image-6145\" width=\"400\" srcset=\"https:\/\/www.canariasviaja.com\/viajaresvivir\/wp-content\/uploads\/2021\/01\/lacalle.jpg 683w, https:\/\/www.canariasviaja.com\/viajaresvivir\/wp-content\/uploads\/2021\/01\/lacalle-200x300.jpg 200w\" sizes=\"(max-width: 683px) 100vw, 683px\" \/><figcaption>Calle P\u00e9rez Gald\u00f3s en Las Palmas de Gran Canaria<\/figcaption><\/figure><\/div>\n\n\n\n<p>Ya que he nombrado a Isa, voy a hablarles de su tienda, una de las \u00faltimas incorporaciones a la calle (despu\u00e9s del confinamiento, una valiente) y la m\u00e1s peque\u00f1a de todas. <strong><a href=\"https:\/\/www.facebook.com\/litainparadise\" target=\"_blank\" rel=\"noreferrer noopener\">Lita in Paradise<\/a> <\/strong>es una marca canaria de producci\u00f3n local. Su creadora, apasionada por la moda, dise\u00f1a prendas para todos los d\u00edas, c\u00f3modas y con un toque diferente. Piezas con cortes geom\u00e9tricos y patronaje oversize creadas con tejidos naturales de colores que evocan a la naturaleza con tonos matizados. Si te pasas por el 35, podr\u00e1s verla patronando y cortando en su diminuta tienda-taller, m\u00e1s grande a lo alto que a lo ancho debido a sus paredes de piedra de casi cuatro metros de altura tan caracter\u00edsticas de la zona.<\/p>\n\n\n\n<figure class=\"wp-block-gallery columns-2 is-cropped wp-block-gallery-1 is-layout-flex wp-block-gallery-is-layout-flex\"><ul class=\"blocks-gallery-grid\"><li class=\"blocks-gallery-item\"><figure><img loading=\"lazy\" decoding=\"async\" width=\"683\" height=\"1024\" src=\"http:\/\/www.canariasviaja.com\/viajaresvivir\/wp-content\/uploads\/2021\/01\/litainparadises.jpg\" alt=\"Tienda Lita in Paradise en Calle P\u00e9rez Gald\u00f3s\" data-id=\"6150\" data-full-url=\"http:\/\/www.canariasviaja.com\/viajaresvivir\/wp-content\/uploads\/2021\/01\/litainparadises.jpg\" data-link=\"http:\/\/www.canariasviaja.com\/viajaresvivir\/?attachment_id=6150#main\" class=\"wp-image-6150\" srcset=\"https:\/\/www.canariasviaja.com\/viajaresvivir\/wp-content\/uploads\/2021\/01\/litainparadises.jpg 683w, https:\/\/www.canariasviaja.com\/viajaresvivir\/wp-content\/uploads\/2021\/01\/litainparadises-200x300.jpg 200w\" sizes=\"(max-width: 683px) 100vw, 683px\" \/><\/figure><\/li><li class=\"blocks-gallery-item\"><figure><img loading=\"lazy\" decoding=\"async\" width=\"683\" height=\"1024\" src=\"http:\/\/www.canariasviaja.com\/viajaresvivir\/wp-content\/uploads\/2021\/01\/litainparadise2.jpg\" alt=\"Lita in paradise\" data-id=\"6149\" data-full-url=\"http:\/\/www.canariasviaja.com\/viajaresvivir\/wp-content\/uploads\/2021\/01\/litainparadise2.jpg\" data-link=\"http:\/\/www.canariasviaja.com\/viajaresvivir\/?attachment_id=6149#main\" class=\"wp-image-6149\" srcset=\"https:\/\/www.canariasviaja.com\/viajaresvivir\/wp-content\/uploads\/2021\/01\/litainparadise2.jpg 683w, https:\/\/www.canariasviaja.com\/viajaresvivir\/wp-content\/uploads\/2021\/01\/litainparadise2-200x300.jpg 200w\" sizes=\"(max-width: 683px) 100vw, 683px\" \/><\/figure><\/li><\/ul><figcaption class=\"blocks-gallery-caption\">Lita in Paradise<\/figcaption><\/figure>\n\n\n\n<p>Otro de los aspectos identificativos son los <strong>suelos de baldosas hidr\u00e1ulicas<\/strong> que a\u00fan conservan muchos de los locales de la calle. Uno de ellos, tambi\u00e9n entre los nuevos vecinos del barrio, es <strong><a href=\"https:\/\/www.ktwcanarias.com\/\" target=\"_blank\" rel=\"noreferrer noopener\">Kiss the world<\/a><\/strong>. Sus propietarias, Ana y Bea -madre e hija-, comparten amor por la <strong>cosm\u00e9tica natural<\/strong> y un estilo de vida sostenible. Llegaron a este mundo por un problema de dermatitis at\u00f3pica de Bea. En ese momento tomaron conciencia de la cantidad de qu\u00edmicos que consumimos a trav\u00e9s de actos diarios como el aseo y de los vertidos que generamos que no son biodegradables. Comenzaron a acudir a ferias para conseguir una visi\u00f3n global y entrar en contacto con las marcas. Despu\u00e9s visitaron las instalaciones de aquellas empresas que hab\u00edan captado m\u00e1s su atenci\u00f3n. Para ellas es fundamental conocer directamente a las personas que est\u00e1n detr\u00e1s de cada proyecto. En su hermosa tienda, deliciosamente decorada, ofrecen marcas que, como ellas, desean pasar por la tierra haciendo que su huella sea como un beso, de ah\u00ed el nombre de su negocio.&nbsp;<\/p>\n\n\n\n<figure class=\"wp-block-image size-large\"><img loading=\"lazy\" decoding=\"async\" width=\"1024\" height=\"683\" src=\"http:\/\/www.canariasviaja.com\/viajaresvivir\/wp-content\/uploads\/2021\/01\/kisstheworld.jpg\" alt=\"Tienda Kiss the world en la calle P\u00e9rez Gald\u00f3s\" class=\"wp-image-6143\" srcset=\"https:\/\/www.canariasviaja.com\/viajaresvivir\/wp-content\/uploads\/2021\/01\/kisstheworld.jpg 1024w, https:\/\/www.canariasviaja.com\/viajaresvivir\/wp-content\/uploads\/2021\/01\/kisstheworld-300x200.jpg 300w, https:\/\/www.canariasviaja.com\/viajaresvivir\/wp-content\/uploads\/2021\/01\/kisstheworld-768x512.jpg 768w\" sizes=\"(max-width: 1024px) 100vw, 1024px\" \/><figcaption>Kiss the word, cosm\u00e9tica natural<\/figcaption><\/figure>\n\n\n\n<p>Tras hablar de algunas de las reci\u00e9n llegadas, debemos hacerlo de una de <strong>las m\u00e1s emblem\u00e1ticas<\/strong>. Llegados del mundo del dise\u00f1o de moda, Jose y Paco crearon hace a\u00f1os su propio espacio, <a href=\"https:\/\/www.facebook.com\/pages\/Showroom-Trastornados\/449108788454686\" target=\"_blank\" rel=\"noreferrer noopener\"><strong>Showroom Trastornados<\/strong><\/a>, considerado por muchos la mejor tienda multimarca de la ciudad. Despu\u00e9s lleg\u00f3 la segunda, en la misma calle. Ambos locales son ejemplo del buen gusto y criterio de sus propietarios. En ellos encontrar\u00e1s escogidas piezas de moda y decoraci\u00f3n que reflejan el amor por las cosas bellas de Paco Navarro y Jose Garc\u00eda.<\/p>\n\n\n\n<figure class=\"wp-block-image size-large\"><img loading=\"lazy\" decoding=\"async\" width=\"1024\" height=\"683\" src=\"http:\/\/www.canariasviaja.com\/viajaresvivir\/wp-content\/uploads\/2021\/01\/trastornados4.jpg\" alt=\"Trastornados\" class=\"wp-image-6156\" srcset=\"https:\/\/www.canariasviaja.com\/viajaresvivir\/wp-content\/uploads\/2021\/01\/trastornados4.jpg 1024w, https:\/\/www.canariasviaja.com\/viajaresvivir\/wp-content\/uploads\/2021\/01\/trastornados4-300x200.jpg 300w, https:\/\/www.canariasviaja.com\/viajaresvivir\/wp-content\/uploads\/2021\/01\/trastornados4-768x512.jpg 768w\" sizes=\"(max-width: 1024px) 100vw, 1024px\" \/><\/figure>\n\n\n\n<figure class=\"wp-block-gallery columns-2 is-cropped wp-block-gallery-2 is-layout-flex wp-block-gallery-is-layout-flex\"><ul class=\"blocks-gallery-grid\"><li class=\"blocks-gallery-item\"><figure><img loading=\"lazy\" decoding=\"async\" width=\"683\" height=\"1024\" src=\"http:\/\/www.canariasviaja.com\/viajaresvivir\/wp-content\/uploads\/2021\/01\/trastornados3.jpg\" alt=\"\" data-id=\"6155\" data-full-url=\"http:\/\/www.canariasviaja.com\/viajaresvivir\/wp-content\/uploads\/2021\/01\/trastornados3.jpg\" data-link=\"http:\/\/www.canariasviaja.com\/viajaresvivir\/?attachment_id=6155#main\" class=\"wp-image-6155\" srcset=\"https:\/\/www.canariasviaja.com\/viajaresvivir\/wp-content\/uploads\/2021\/01\/trastornados3.jpg 683w, https:\/\/www.canariasviaja.com\/viajaresvivir\/wp-content\/uploads\/2021\/01\/trastornados3-200x300.jpg 200w\" sizes=\"(max-width: 683px) 100vw, 683px\" \/><\/figure><\/li><li class=\"blocks-gallery-item\"><figure><img loading=\"lazy\" decoding=\"async\" width=\"683\" height=\"1024\" src=\"http:\/\/www.canariasviaja.com\/viajaresvivir\/wp-content\/uploads\/2021\/01\/trastornados2.jpg\" alt=\"\" data-id=\"6154\" data-full-url=\"http:\/\/www.canariasviaja.com\/viajaresvivir\/wp-content\/uploads\/2021\/01\/trastornados2.jpg\" data-link=\"http:\/\/www.canariasviaja.com\/viajaresvivir\/?attachment_id=6154#main\" class=\"wp-image-6154\" srcset=\"https:\/\/www.canariasviaja.com\/viajaresvivir\/wp-content\/uploads\/2021\/01\/trastornados2.jpg 683w, https:\/\/www.canariasviaja.com\/viajaresvivir\/wp-content\/uploads\/2021\/01\/trastornados2-200x300.jpg 200w\" sizes=\"(max-width: 683px) 100vw, 683px\" \/><\/figure><\/li><\/ul><\/figure>\n\n\n\n<figure class=\"wp-block-image size-large\"><img loading=\"lazy\" decoding=\"async\" width=\"1024\" height=\"683\" src=\"http:\/\/www.canariasviaja.com\/viajaresvivir\/wp-content\/uploads\/2021\/01\/Trastornados.jpg\" alt=\"Trastornados\" class=\"wp-image-6153\" srcset=\"https:\/\/www.canariasviaja.com\/viajaresvivir\/wp-content\/uploads\/2021\/01\/Trastornados.jpg 1024w, https:\/\/www.canariasviaja.com\/viajaresvivir\/wp-content\/uploads\/2021\/01\/Trastornados-300x200.jpg 300w, https:\/\/www.canariasviaja.com\/viajaresvivir\/wp-content\/uploads\/2021\/01\/Trastornados-768x512.jpg 768w\" sizes=\"(max-width: 1024px) 100vw, 1024px\" \/><figcaption>Trastornados<\/figcaption><\/figure>\n\n\n\n<p>Entre la oferta encontramos tambi\u00e9n una boutique dedicada a celebraciones y momentos especiales como las bodas. En <strong><a href=\"https:\/\/www.blumynt.com\/\" target=\"_blank\" rel=\"noreferrer noopener\">Blumynt<\/a> <\/strong>creen en una novia sencilla y elegante que se sienta c\u00f3moda con su vestido, un vestido perfecto pero siendo ellas mismas. Desean que tras cruzar el umbral de su puerta, cada novia o invitada viva una experiencia que nunca olvidar\u00e1.&nbsp;<\/p>\n\n\n\n<div class=\"wp-block-image\"><figure class=\"aligncenter size-large is-resized\"><img decoding=\"async\" src=\"http:\/\/www.canariasviaja.com\/viajaresvivir\/wp-content\/uploads\/2021\/01\/blumynt.jpg\" alt=\"Tienda Blumynt en calle Perez gald\u00f3s\" class=\"wp-image-6136\" width=\"400\" srcset=\"https:\/\/www.canariasviaja.com\/viajaresvivir\/wp-content\/uploads\/2021\/01\/blumynt.jpg 683w, https:\/\/www.canariasviaja.com\/viajaresvivir\/wp-content\/uploads\/2021\/01\/blumynt-200x300.jpg 200w\" sizes=\"(max-width: 683px) 100vw, 683px\" \/><figcaption>Interior tienda Blumynt<\/figcaption><\/figure><\/div>\n\n\n\n<p>Y m\u00e1s tiendas bonitas. Elisa Ponce cerr\u00f3 su antiguo negocio hace diez a\u00f1os y, tras vivir nueve en Qatar, decidi\u00f3 regresar a su tierra para compartir nuevas marcas elegidas con mucho cari\u00f1o. Llam\u00f3 a su tienda <strong><a href=\"https:\/\/www.limonadas.es\/\" target=\"_blank\" rel=\"noreferrer noopener\">Limonadas <\/a><\/strong>porque esa fruta le apasiona y le encanta decorar todo con limones. Considera que P\u00e9rez Gald\u00f3s es una de las calles con m\u00e1s encanto de la ciudad, y asegura que cuando vio el local vac\u00edo sinti\u00f3 que era una se\u00f1al. Y adem\u00e1s, cerquita de su hermana Marta.<\/p>\n\n\n\n<figure class=\"wp-block-gallery columns-3 is-cropped wp-block-gallery-3 is-layout-flex wp-block-gallery-is-layout-flex\"><ul class=\"blocks-gallery-grid\"><li class=\"blocks-gallery-item\"><figure><img loading=\"lazy\" decoding=\"async\" width=\"1024\" height=\"683\" src=\"http:\/\/www.canariasviaja.com\/viajaresvivir\/wp-content\/uploads\/2021\/01\/limonadas3.jpg\" alt=\"\" data-id=\"6148\" data-full-url=\"http:\/\/www.canariasviaja.com\/viajaresvivir\/wp-content\/uploads\/2021\/01\/limonadas3.jpg\" data-link=\"http:\/\/www.canariasviaja.com\/viajaresvivir\/?attachment_id=6148#main\" class=\"wp-image-6148\" srcset=\"https:\/\/www.canariasviaja.com\/viajaresvivir\/wp-content\/uploads\/2021\/01\/limonadas3.jpg 1024w, https:\/\/www.canariasviaja.com\/viajaresvivir\/wp-content\/uploads\/2021\/01\/limonadas3-300x200.jpg 300w, https:\/\/www.canariasviaja.com\/viajaresvivir\/wp-content\/uploads\/2021\/01\/limonadas3-768x512.jpg 768w\" sizes=\"(max-width: 1024px) 100vw, 1024px\" \/><\/figure><\/li><li class=\"blocks-gallery-item\"><figure><img loading=\"lazy\" decoding=\"async\" width=\"683\" height=\"1024\" src=\"http:\/\/www.canariasviaja.com\/viajaresvivir\/wp-content\/uploads\/2021\/01\/limonadas2.jpg\" alt=\"\" data-id=\"6147\" data-full-url=\"http:\/\/www.canariasviaja.com\/viajaresvivir\/wp-content\/uploads\/2021\/01\/limonadas2.jpg\" data-link=\"http:\/\/www.canariasviaja.com\/viajaresvivir\/?attachment_id=6147#main\" class=\"wp-image-6147\" srcset=\"https:\/\/www.canariasviaja.com\/viajaresvivir\/wp-content\/uploads\/2021\/01\/limonadas2.jpg 683w, https:\/\/www.canariasviaja.com\/viajaresvivir\/wp-content\/uploads\/2021\/01\/limonadas2-200x300.jpg 200w\" sizes=\"(max-width: 683px) 100vw, 683px\" \/><\/figure><\/li><li class=\"blocks-gallery-item\"><figure><img loading=\"lazy\" decoding=\"async\" width=\"1024\" height=\"683\" src=\"http:\/\/www.canariasviaja.com\/viajaresvivir\/wp-content\/uploads\/2021\/01\/limonadas.jpg\" alt=\"Limonadas\" data-id=\"6146\" data-full-url=\"http:\/\/www.canariasviaja.com\/viajaresvivir\/wp-content\/uploads\/2021\/01\/limonadas.jpg\" data-link=\"http:\/\/www.canariasviaja.com\/viajaresvivir\/?attachment_id=6146#main\" class=\"wp-image-6146\" srcset=\"https:\/\/www.canariasviaja.com\/viajaresvivir\/wp-content\/uploads\/2021\/01\/limonadas.jpg 1024w, https:\/\/www.canariasviaja.com\/viajaresvivir\/wp-content\/uploads\/2021\/01\/limonadas-300x200.jpg 300w, https:\/\/www.canariasviaja.com\/viajaresvivir\/wp-content\/uploads\/2021\/01\/limonadas-768x512.jpg 768w\" sizes=\"(max-width: 1024px) 100vw, 1024px\" \/><\/figure><\/li><\/ul><figcaption class=\"blocks-gallery-caption\"> Limonadas<\/figcaption><\/figure>\n\n\n\n<p>Marta, junto a Pol, regentan <strong>uno de los mejores restaurantes de Las Palmas <\/strong>de Gran Canaria, <strong><a href=\"https:\/\/www.facebook.com\/pages\/DeliciosaMarta\/175219185833075\" target=\"_blank\" rel=\"noreferrer noopener\">Deliciosa Marta<\/a><\/strong>. Su llegada a la ciudad marc\u00f3 una diferencia y sigue siendo&nbsp; a\u00f1os despu\u00e9s, uno de los referentes gastron\u00f3micos de la isla. Solo abre de lunes a viernes, no es f\u00e1cil reservar (est\u00e1 muy solicitado) pero merece la pena buscarle un hueco en el calendario, aunque sea con semanas o meses de antelaci\u00f3n. Un lugar ideal y perfectamente decorado para celebrar un momento especial o simplemente para disfrutar de su cocina.<\/p>\n\n\n\n<figure class=\"wp-block-image size-large\"><img loading=\"lazy\" decoding=\"async\" width=\"1024\" height=\"683\" src=\"http:\/\/www.canariasviaja.com\/viajaresvivir\/wp-content\/uploads\/2021\/01\/deliciosamarta.jpg\" alt=\"Deliciosa Marta en Calle P\u00e9rez Gald\u00f3s\" class=\"wp-image-6137\" srcset=\"https:\/\/www.canariasviaja.com\/viajaresvivir\/wp-content\/uploads\/2021\/01\/deliciosamarta.jpg 1024w, https:\/\/www.canariasviaja.com\/viajaresvivir\/wp-content\/uploads\/2021\/01\/deliciosamarta-300x200.jpg 300w, https:\/\/www.canariasviaja.com\/viajaresvivir\/wp-content\/uploads\/2021\/01\/deliciosamarta-768x512.jpg 768w\" sizes=\"(max-width: 1024px) 100vw, 1024px\" \/><figcaption>Restaurante Deliciosa Marta<\/figcaption><\/figure>\n\n\n\n<p>Otro restaurante que entr\u00f3 fuerte en la calle es <strong><a rel=\"noreferrer noopener\" href=\"https:\/\/restaurantebevir.com\/\" target=\"_blank\">Bevir<\/a><\/strong>. Este lugar es el sue\u00f1o de cinco amigos que se conocieron cocinando. Les gusta considerar a Bevir como un atajo a la felicidad. Su nombre surge del placer del beber y las ganas de vivir. Una manera, dicen, de beberse la vida. Como comentan de ellos sus vecinos de Deliciosa Marta, <em>\u201chan conseguido marcar una l\u00ednea clara de trabajo hacia la perfecci\u00f3n, con una magn\u00edfica ejecuci\u00f3n y puesta en escena de todo lo que realizan\u201d<\/em>. \u201c<em>Un referente del buen hacer<\/em>\u201d, les consideran.&nbsp;<\/p>\n\n\n\n<div class=\"wp-block-image\"><figure class=\"aligncenter size-large is-resized\"><img decoding=\"async\" src=\"http:\/\/www.canariasviaja.com\/viajaresvivir\/wp-content\/uploads\/2021\/01\/bevir.jpg\" alt=\"Restaurante Bevir\" class=\"wp-image-6134\" width=\"400\" srcset=\"https:\/\/www.canariasviaja.com\/viajaresvivir\/wp-content\/uploads\/2021\/01\/bevir.jpg 683w, https:\/\/www.canariasviaja.com\/viajaresvivir\/wp-content\/uploads\/2021\/01\/bevir-200x300.jpg 200w\" sizes=\"(max-width: 683px) 100vw, 683px\" \/><figcaption>Restaurante Bevir<\/figcaption><\/figure><\/div>\n\n\n\n<p>Palabras generosas que es habitual escuchar entre los restaurantes de la zona. No se respira competencia, sino respeto. Todos te hablan bien de todos. De hecho, Deliciosa Marta nos hablaba de Bevir, y Bevir de <strong><a href=\"https:\/\/www.tripadvisor.es\/Restaurant_Review-g187472-d15748007-Reviews-Bachaco_Poke_Bowl-Las_Palmas_de_Gran_Canaria_Gran_Canaria_Canary_Islands.html\" target=\"_blank\" rel=\"noreferrer noopener\">Bachaco<\/a><\/strong>. Dicen que son unos vecinos maravillosos y que tienen los mejores pokes de la isla. Llevan ya dos a\u00f1itos ofreciendo productos frescos y saludables, perfectos para tomar en su peque\u00f1o local o para llevar.&nbsp;<\/p>\n\n\n\n<figure class=\"wp-block-image size-large\"><img loading=\"lazy\" decoding=\"async\" width=\"1024\" height=\"683\" src=\"http:\/\/www.canariasviaja.com\/viajaresvivir\/wp-content\/uploads\/2021\/01\/bachaco2.jpg\" alt=\"Poke bowl en Bachaco\" class=\"wp-image-6162\" srcset=\"https:\/\/www.canariasviaja.com\/viajaresvivir\/wp-content\/uploads\/2021\/01\/bachaco2.jpg 1024w, https:\/\/www.canariasviaja.com\/viajaresvivir\/wp-content\/uploads\/2021\/01\/bachaco2-300x200.jpg 300w, https:\/\/www.canariasviaja.com\/viajaresvivir\/wp-content\/uploads\/2021\/01\/bachaco2-768x512.jpg 768w\" sizes=\"(max-width: 1024px) 100vw, 1024px\" \/><figcaption>Poke bowl en Bachaco<\/figcaption><\/figure>\n\n\n\n<p>Los he probado todos, incluidos algunos que a\u00fan no he nombrado, pero si estoy en la calle y quieres localizarme, casi seguro estar\u00e9 en <strong><a href=\"https:\/\/www.tripadvisor.es\/Restaurant_Review-g187472-d7129923-Reviews-Zoe_Food-Las_Palmas_de_Gran_Canaria_Gran_Canaria_Canary_Islands.html\" target=\"_blank\" rel=\"noreferrer noopener\">Zoe<\/a><\/strong>. Ese lugar&nbsp; y sus propietarias conquistaron mi coraz\u00f3n hace a\u00f1os y all\u00ed sigue. Rara es la semana que no me pase por all\u00ed aunque solo sea para tomarme una Fritz Kola y una galleta o un bagel. En ese lugar me reciben y me siento como en casa. Zoe quiere decir vida en griego. Celina, una de sus due\u00f1as, cuenta que llevan ya siete a\u00f1os coloreando con su cocina arco\u00edris la empedrada P\u00e9rez Gald\u00f3s. Asegura que la calle las arrop\u00f3 desde el principio y destaca, una vez m\u00e1s, el sentimiento de comunidad que hay entre todos los locales. Con opciones veganas, vegetarianas y ecol\u00f3gicas, es una parada obligatoria para tener tu momento slow.<\/p>\n\n\n\n<div class=\"wp-block-image\"><figure class=\"aligncenter size-large is-resized\"><img decoding=\"async\" src=\"http:\/\/www.canariasviaja.com\/viajaresvivir\/wp-content\/uploads\/2021\/01\/zoe-en-Calle-Pe\u0301rez-Galdo\u0301s.jpg\" alt=\"Restaurante Zoe en la calle P\u00e9rez Gald\u00f3s\" class=\"wp-image-6157\" width=\"400\" srcset=\"https:\/\/www.canariasviaja.com\/viajaresvivir\/wp-content\/uploads\/2021\/01\/zoe-en-Calle-Pe\u0301rez-Galdo\u0301s.jpg 683w, https:\/\/www.canariasviaja.com\/viajaresvivir\/wp-content\/uploads\/2021\/01\/zoe-en-Calle-Pe\u0301rez-Galdo\u0301s-200x300.jpg 200w\" sizes=\"(max-width: 683px) 100vw, 683px\" \/><figcaption>Zoe en la calle P\u00e9rez Gald\u00f3s<\/figcaption><\/figure><\/div>\n\n\n\n<p><strong><a href=\"https:\/\/www.tripadvisor.es\/Restaurant_Review-g187472-d12116733-Reviews-Siete_Razones_Cafe-Las_Palmas_de_Gran_Canaria_Gran_Canaria_Canary_Islands.html\" target=\"_blank\" rel=\"noreferrer noopener\">Siete Razones<\/a>, <a href=\"http:\/\/elsantorestaurante.com\/\" target=\"_blank\" rel=\"noreferrer noopener\">El Santo<\/a>, <a href=\"https:\/\/www.latagliatella.es\/restaurantes\/las-palmas\/c-perez-galdos-2-las-palmas\" target=\"_blank\" rel=\"noreferrer noopener\">La Tagliatella<\/a>, <a href=\"https:\/\/www.tripadvisor.es\/Restaurant_Review-g187472-d1852827-Reviews-Restaurante_Majuga-Las_Palmas_de_Gran_Canaria_Gran_Canaria_Canary_Islands.html\" target=\"_blank\" rel=\"noreferrer noopener\">Majuga<\/a>, <a href=\"https:\/\/www.tripadvisor.es\/Restaurant_Review-g187472-d12236477-Reviews-Cafecito-Las_Palmas_de_Gran_Canaria_Gran_Canaria_Canary_Islands.html\" target=\"_blank\" rel=\"noreferrer noopener\">Cafecito<\/a><\/strong>\u2026, completan la oferta gastron\u00f3mica de la calle, y todos merecen la pena.&nbsp;<\/p>\n\n\n\n<div class=\"wp-block-image\"><figure class=\"aligncenter size-large is-resized\"><img decoding=\"async\" src=\"http:\/\/www.canariasviaja.com\/viajaresvivir\/wp-content\/uploads\/2021\/01\/elsanto-seminterior.jpg\" alt=\"El Santo\" class=\"wp-image-6139\" width=\"400\" srcset=\"https:\/\/www.canariasviaja.com\/viajaresvivir\/wp-content\/uploads\/2021\/01\/elsanto-seminterior.jpg 683w, https:\/\/www.canariasviaja.com\/viajaresvivir\/wp-content\/uploads\/2021\/01\/elsanto-seminterior-200x300.jpg 200w\" sizes=\"(max-width: 683px) 100vw, 683px\" \/><figcaption>El santo<\/figcaption><\/figure><\/div>\n\n\n\n<p>Pero les adelant\u00e9 al inicio que tambi\u00e9n hay edificios a destacar. En uno de sus extremos, entrando por Bravo Murillo, encontramos el mayor hito de la arquitectura moderna insular, el <strong>Cabildo de Gran Canaria<\/strong>, obra del arquitecto Miguel Mart\u00edn-Fern\u00e1ndez de la Torre. Y haciendo esquina con Perdomo, otros dos inmuebles que llamar\u00e1n nuestra atenci\u00f3n. Uno de ellos es el bello <strong>Palacete Rodr\u00edguez Quegles<\/strong>. Un ejemplo modernista construido a comienzos del siglo XX. Fue un encargo de Juan Rodr\u00edguez Quegles como regalo para la que ser\u00eda su esposa. Prometi\u00f3 a la joven que le iba a construir la casa m\u00e1s bonita de la ciudad. <\/p>\n\n\n\n<figure class=\"wp-block-image size-large\"><img loading=\"lazy\" decoding=\"async\" width=\"1024\" height=\"683\" src=\"http:\/\/www.canariasviaja.com\/viajaresvivir\/wp-content\/uploads\/2021\/01\/quegles.jpg\" alt=\"Palacete Quegles\" class=\"wp-image-6151\" srcset=\"https:\/\/www.canariasviaja.com\/viajaresvivir\/wp-content\/uploads\/2021\/01\/quegles.jpg 1024w, https:\/\/www.canariasviaja.com\/viajaresvivir\/wp-content\/uploads\/2021\/01\/quegles-300x200.jpg 300w, https:\/\/www.canariasviaja.com\/viajaresvivir\/wp-content\/uploads\/2021\/01\/quegles-768x512.jpg 768w\" sizes=\"(max-width: 1024px) 100vw, 1024px\" \/><figcaption>Palacete Rodr\u00edguez Quegles<\/figcaption><\/figure>\n\n\n\n<p>El otro edificio es la <strong>Iglesia de San Antonio de Padua<\/strong>. Como curiosidad, su frontispicio luce una imagen de piedra que fue una de las primeras obras del artista Mart\u00edn Chirino.&nbsp;<\/p>\n\n\n\n<div class=\"wp-block-image\"><figure class=\"aligncenter size-large is-resized\"><img decoding=\"async\" src=\"http:\/\/www.canariasviaja.com\/viajaresvivir\/wp-content\/uploads\/2021\/01\/Iglesia-calle-perez-galdos.jpg\" alt=\"Iglesia de San Antonio de Padua\" class=\"wp-image-6141\" width=\"400\" srcset=\"https:\/\/www.canariasviaja.com\/viajaresvivir\/wp-content\/uploads\/2021\/01\/Iglesia-calle-perez-galdos.jpg 683w, https:\/\/www.canariasviaja.com\/viajaresvivir\/wp-content\/uploads\/2021\/01\/Iglesia-calle-perez-galdos-200x300.jpg 200w\" sizes=\"(max-width: 683px) 100vw, 683px\" \/><figcaption>Fachada de la Iglesia de San Antonio de Padua<\/figcaption><\/figure><\/div>\n\n\n\n<p>Como ven, no faltan motivos para visitar esta hermosa calle de <strong>Las Palmas de Gran Canaria<\/strong>. Nunca tan poco espacio di\u00f3 para tanto. 358 metros de belleza concentrada.&nbsp;<\/p>\n\n\n\n<hr class=\"wp-block-separator\"\/>\n\n\n\n<p>Luc\u00eda Mart\u00ednez, periodista, fot\u00f3grafa y editora del blog <a rel=\"noreferrer noopener\" href=\"https:\/\/deandarporcasas.blogspot.com\/\" target=\"_blank\"><strong>De andar por casas<\/strong><\/a>. El blog naci\u00f3 hace a\u00f1os, en un principio sobre decoraci\u00f3n, y hoy en d\u00eda est\u00e1 dedicado esencialmente a potenciar los negocios locales de Las Palmas de Gran Canaria.<\/p>\n\n\n\n<div class=\"wp-block-buttons aligncenter is-layout-flex wp-block-buttons-is-layout-flex\">\n<div class=\"wp-block-button is-style-fill\"><a class=\"wp-block-button__link\" href=\"https:\/\/bit.ly\/2Yb63X9\">\u00a1Colecciona momentos!<\/a><\/div>\n<\/div>\n","protected":false},"excerpt":{"rendered":"<p>La calle P\u00e9rez Gald\u00f3s en Las Palmas de Gran Canaria concentra algunas de las tiendas y restaurantes m\u00e1s interesantes de la ciudad. Para la periodista Luc\u00eda Mart\u00ednez es una de sus calles favoritas de la ciudad y hoy nos invita a descubrirla.<\/p>\n","protected":false},"author":42,"featured_media":6172,"comment_status":"open","ping_status":"open","sticky":false,"template":"","format":"standard","meta":{"_acf_changed":false,"sfsi_plus_gutenberg_text_before_share":"","sfsi_plus_gutenberg_show_text_before_share":"","sfsi_plus_gutenberg_icon_type":"","sfsi_plus_gutenberg_icon_alignemt":"","sfsi_plus_gutenburg_max_per_row":"","footnotes":""},"categories":[9,124,123,10,197,126],"tags":[603,263,325,604,601,645],"class_list":["post-6132","post","type-post","status-publish","format-standard","has-post-thumbnail","hentry","category-canarias","category-descubre","category-explora","category-historias-viajeras","category-rincones-por-descubrir","category-saborea","tag-escapada-gastronomica","tag-escapada-urbana","tag-gran-canaria","tag-las-palmas-de-gran-canaria","tag-restaurantes","tag-tiendas"],"acf":[],"yoast_head":"<!-- This site is optimized with the Yoast SEO plugin v24.1 - https:\/\/yoast.com\/wordpress\/plugins\/seo\/ -->\n<title>Calle Escritor P\u00e9rez Gald\u00f3s, belleza concentrada - Viajar es vivir<\/title>\n<meta name=\"description\" content=\"La calle escritor P\u00e9rez Gald\u00f3s de Las Palmas de Gran Canaria re\u00fane algunos de los restaurantes y tiendas m\u00e1s interesantes de la ciudad.\" \/>\n<meta name=\"robots\" content=\"index, follow, max-snippet:-1, max-image-preview:large, max-video-preview:-1\" \/>\n<link rel=\"canonical\" href=\"https:\/\/www.canariasviaja.com\/viajaresvivir\/calle-perez-galdos-belleza-concentrada\/\" \/>\n<meta property=\"og:locale\" content=\"es_ES\" \/>\n<meta property=\"og:type\" content=\"article\" \/>\n<meta property=\"og:title\" content=\"Calle Escritor P\u00e9rez Gald\u00f3s, belleza concentrada - Viajar es vivir\" \/>\n<meta property=\"og:description\" content=\"La calle escritor P\u00e9rez Gald\u00f3s de Las Palmas de Gran Canaria re\u00fane algunos de los restaurantes y tiendas m\u00e1s interesantes de la ciudad.\" \/>\n<meta property=\"og:url\" content=\"https:\/\/www.canariasviaja.com\/viajaresvivir\/calle-perez-galdos-belleza-concentrada\/\" \/>\n<meta property=\"og:site_name\" content=\"Viajar es vivir\" \/>\n<meta property=\"article:published_time\" content=\"2021-01-25T19:43:17+00:00\" \/>\n<meta property=\"article:modified_time\" content=\"2021-01-26T11:52:30+00:00\" \/>\n<meta property=\"og:image\" content=\"https:\/\/www.canariasviaja.com\/viajaresvivir\/wp-content\/uploads\/2021\/01\/Calle-Perez-Galdos.jpg\" \/>\n\t<meta property=\"og:image:width\" content=\"2000\" \/>\n\t<meta property=\"og:image:height\" content=\"1333\" \/>\n\t<meta property=\"og:image:type\" content=\"image\/jpeg\" \/>\n<meta name=\"author\" content=\"Luc\u00eda Mart\u00ednez\" \/>\n<meta name=\"twitter:card\" content=\"summary_large_image\" \/>\n<meta name=\"twitter:label1\" content=\"Escrito por\" \/>\n\t<meta name=\"twitter:data1\" content=\"Luc\u00eda Mart\u00ednez\" \/>\n\t<meta name=\"twitter:label2\" content=\"Tiempo de lectura\" \/>\n\t<meta name=\"twitter:data2\" content=\"7 minutos\" \/>\n<script type=\"application\/ld+json\" class=\"yoast-schema-graph\">{\"@context\":\"https:\/\/schema.org\",\"@graph\":[{\"@type\":\"WebPage\",\"@id\":\"https:\/\/www.canariasviaja.com\/viajaresvivir\/calle-perez-galdos-belleza-concentrada\/\",\"url\":\"https:\/\/www.canariasviaja.com\/viajaresvivir\/calle-perez-galdos-belleza-concentrada\/\",\"name\":\"Calle Escritor P\u00e9rez Gald\u00f3s, belleza concentrada - Viajar es vivir\",\"isPartOf\":{\"@id\":\"https:\/\/www.canariasviaja.com\/viajaresvivir\/#website\"},\"primaryImageOfPage\":{\"@id\":\"https:\/\/www.canariasviaja.com\/viajaresvivir\/calle-perez-galdos-belleza-concentrada\/#primaryimage\"},\"image\":{\"@id\":\"https:\/\/www.canariasviaja.com\/viajaresvivir\/calle-perez-galdos-belleza-concentrada\/#primaryimage\"},\"thumbnailUrl\":\"https:\/\/www.canariasviaja.com\/viajaresvivir\/wp-content\/uploads\/2021\/01\/Calle-Perez-Galdos.jpg\",\"datePublished\":\"2021-01-25T19:43:17+00:00\",\"dateModified\":\"2021-01-26T11:52:30+00:00\",\"author\":{\"@id\":\"https:\/\/www.canariasviaja.com\/viajaresvivir\/#\/schema\/person\/74a8e10e4163e2074d0e1c91e466e629\"},\"description\":\"La calle escritor P\u00e9rez Gald\u00f3s de Las Palmas de Gran Canaria re\u00fane algunos de los restaurantes y tiendas m\u00e1s interesantes de la ciudad.\",\"breadcrumb\":{\"@id\":\"https:\/\/www.canariasviaja.com\/viajaresvivir\/calle-perez-galdos-belleza-concentrada\/#breadcrumb\"},\"inLanguage\":\"es\",\"potentialAction\":[{\"@type\":\"ReadAction\",\"target\":[\"https:\/\/www.canariasviaja.com\/viajaresvivir\/calle-perez-galdos-belleza-concentrada\/\"]}]},{\"@type\":\"ImageObject\",\"inLanguage\":\"es\",\"@id\":\"https:\/\/www.canariasviaja.com\/viajaresvivir\/calle-perez-galdos-belleza-concentrada\/#primaryimage\",\"url\":\"https:\/\/www.canariasviaja.com\/viajaresvivir\/wp-content\/uploads\/2021\/01\/Calle-Perez-Galdos.jpg\",\"contentUrl\":\"https:\/\/www.canariasviaja.com\/viajaresvivir\/wp-content\/uploads\/2021\/01\/Calle-Perez-Galdos.jpg\",\"width\":2000,\"height\":1333,\"caption\":\"Calle Perez galdos\"},{\"@type\":\"BreadcrumbList\",\"@id\":\"https:\/\/www.canariasviaja.com\/viajaresvivir\/calle-perez-galdos-belleza-concentrada\/#breadcrumb\",\"itemListElement\":[{\"@type\":\"ListItem\",\"position\":1,\"name\":\"Portada\",\"item\":\"https:\/\/www.canariasviaja.com\/viajaresvivir\/\"},{\"@type\":\"ListItem\",\"position\":2,\"name\":\"Calle Escritor P\u00e9rez Gald\u00f3s, belleza concentrada\"}]},{\"@type\":\"WebSite\",\"@id\":\"https:\/\/www.canariasviaja.com\/viajaresvivir\/#website\",\"url\":\"https:\/\/www.canariasviaja.com\/viajaresvivir\/\",\"name\":\"Viajar es vivir\",\"description\":\"El blog de viajes y estilo de vida de CanariasViaja\",\"potentialAction\":[{\"@type\":\"SearchAction\",\"target\":{\"@type\":\"EntryPoint\",\"urlTemplate\":\"https:\/\/www.canariasviaja.com\/viajaresvivir\/?s={search_term_string}\"},\"query-input\":{\"@type\":\"PropertyValueSpecification\",\"valueRequired\":true,\"valueName\":\"search_term_string\"}}],\"inLanguage\":\"es\"},{\"@type\":\"Person\",\"@id\":\"https:\/\/www.canariasviaja.com\/viajaresvivir\/#\/schema\/person\/74a8e10e4163e2074d0e1c91e466e629\",\"name\":\"Luc\u00eda Mart\u00ednez\",\"image\":{\"@type\":\"ImageObject\",\"inLanguage\":\"es\",\"@id\":\"https:\/\/www.canariasviaja.com\/viajaresvivir\/#\/schema\/person\/image\/\",\"url\":\"https:\/\/secure.gravatar.com\/avatar\/2ec0c3a795c0b670d1e639e386a30d33?s=96&d=mm&r=g\",\"contentUrl\":\"https:\/\/secure.gravatar.com\/avatar\/2ec0c3a795c0b670d1e639e386a30d33?s=96&d=mm&r=g\",\"caption\":\"Luc\u00eda Mart\u00ednez\"},\"url\":\"https:\/\/www.canariasviaja.com\/viajaresvivir\/author\/lucia-martinez\/\"}]}<\/script>\n<!-- \/ Yoast SEO plugin. -->","yoast_head_json":{"title":"Calle Escritor P\u00e9rez Gald\u00f3s, belleza concentrada - Viajar es vivir","description":"La calle escritor P\u00e9rez Gald\u00f3s de Las Palmas de Gran Canaria re\u00fane algunos de los restaurantes y tiendas m\u00e1s interesantes de la ciudad.","robots":{"index":"index","follow":"follow","max-snippet":"max-snippet:-1","max-image-preview":"max-image-preview:large","max-video-preview":"max-video-preview:-1"},"canonical":"https:\/\/www.canariasviaja.com\/viajaresvivir\/calle-perez-galdos-belleza-concentrada\/","og_locale":"es_ES","og_type":"article","og_title":"Calle Escritor P\u00e9rez Gald\u00f3s, belleza concentrada - Viajar es vivir","og_description":"La calle escritor P\u00e9rez Gald\u00f3s de Las Palmas de Gran Canaria re\u00fane algunos de los restaurantes y tiendas m\u00e1s interesantes de la ciudad.","og_url":"https:\/\/www.canariasviaja.com\/viajaresvivir\/calle-perez-galdos-belleza-concentrada\/","og_site_name":"Viajar es vivir","article_published_time":"2021-01-25T19:43:17+00:00","article_modified_time":"2021-01-26T11:52:30+00:00","og_image":[{"width":2000,"height":1333,"url":"https:\/\/www.canariasviaja.com\/viajaresvivir\/wp-content\/uploads\/2021\/01\/Calle-Perez-Galdos.jpg","type":"image\/jpeg"}],"author":"Luc\u00eda Mart\u00ednez","twitter_card":"summary_large_image","twitter_misc":{"Escrito por":"Luc\u00eda Mart\u00ednez","Tiempo de lectura":"7 minutos"},"schema":{"@context":"https:\/\/schema.org","@graph":[{"@type":"WebPage","@id":"https:\/\/www.canariasviaja.com\/viajaresvivir\/calle-perez-galdos-belleza-concentrada\/","url":"https:\/\/www.canariasviaja.com\/viajaresvivir\/calle-perez-galdos-belleza-concentrada\/","name":"Calle Escritor P\u00e9rez Gald\u00f3s, belleza concentrada - Viajar es vivir","isPartOf":{"@id":"https:\/\/www.canariasviaja.com\/viajaresvivir\/#website"},"primaryImageOfPage":{"@id":"https:\/\/www.canariasviaja.com\/viajaresvivir\/calle-perez-galdos-belleza-concentrada\/#primaryimage"},"image":{"@id":"https:\/\/www.canariasviaja.com\/viajaresvivir\/calle-perez-galdos-belleza-concentrada\/#primaryimage"},"thumbnailUrl":"https:\/\/www.canariasviaja.com\/viajaresvivir\/wp-content\/uploads\/2021\/01\/Calle-Perez-Galdos.jpg","datePublished":"2021-01-25T19:43:17+00:00","dateModified":"2021-01-26T11:52:30+00:00","author":{"@id":"https:\/\/www.canariasviaja.com\/viajaresvivir\/#\/schema\/person\/74a8e10e4163e2074d0e1c91e466e629"},"description":"La calle escritor P\u00e9rez Gald\u00f3s de Las Palmas de Gran Canaria re\u00fane algunos de los restaurantes y tiendas m\u00e1s interesantes de la ciudad.","breadcrumb":{"@id":"https:\/\/www.canariasviaja.com\/viajaresvivir\/calle-perez-galdos-belleza-concentrada\/#breadcrumb"},"inLanguage":"es","potentialAction":[{"@type":"ReadAction","target":["https:\/\/www.canariasviaja.com\/viajaresvivir\/calle-perez-galdos-belleza-concentrada\/"]}]},{"@type":"ImageObject","inLanguage":"es","@id":"https:\/\/www.canariasviaja.com\/viajaresvivir\/calle-perez-galdos-belleza-concentrada\/#primaryimage","url":"https:\/\/www.canariasviaja.com\/viajaresvivir\/wp-content\/uploads\/2021\/01\/Calle-Perez-Galdos.jpg","contentUrl":"https:\/\/www.canariasviaja.com\/viajaresvivir\/wp-content\/uploads\/2021\/01\/Calle-Perez-Galdos.jpg","width":2000,"height":1333,"caption":"Calle Perez galdos"},{"@type":"BreadcrumbList","@id":"https:\/\/www.canariasviaja.com\/viajaresvivir\/calle-perez-galdos-belleza-concentrada\/#breadcrumb","itemListElement":[{"@type":"ListItem","position":1,"name":"Portada","item":"https:\/\/www.canariasviaja.com\/viajaresvivir\/"},{"@type":"ListItem","position":2,"name":"Calle Escritor P\u00e9rez Gald\u00f3s, belleza concentrada"}]},{"@type":"WebSite","@id":"https:\/\/www.canariasviaja.com\/viajaresvivir\/#website","url":"https:\/\/www.canariasviaja.com\/viajaresvivir\/","name":"Viajar es vivir","description":"El blog de viajes y estilo de vida de CanariasViaja","potentialAction":[{"@type":"SearchAction","target":{"@type":"EntryPoint","urlTemplate":"https:\/\/www.canariasviaja.com\/viajaresvivir\/?s={search_term_string}"},"query-input":{"@type":"PropertyValueSpecification","valueRequired":true,"valueName":"search_term_string"}}],"inLanguage":"es"},{"@type":"Person","@id":"https:\/\/www.canariasviaja.com\/viajaresvivir\/#\/schema\/person\/74a8e10e4163e2074d0e1c91e466e629","name":"Luc\u00eda Mart\u00ednez","image":{"@type":"ImageObject","inLanguage":"es","@id":"https:\/\/www.canariasviaja.com\/viajaresvivir\/#\/schema\/person\/image\/","url":"https:\/\/secure.gravatar.com\/avatar\/2ec0c3a795c0b670d1e639e386a30d33?s=96&d=mm&r=g","contentUrl":"https:\/\/secure.gravatar.com\/avatar\/2ec0c3a795c0b670d1e639e386a30d33?s=96&d=mm&r=g","caption":"Luc\u00eda Mart\u00ednez"},"url":"https:\/\/www.canariasviaja.com\/viajaresvivir\/author\/lucia-martinez\/"}]}},"_links":{"self":[{"href":"https:\/\/www.canariasviaja.com\/viajaresvivir\/wp-json\/wp\/v2\/posts\/6132"}],"collection":[{"href":"https:\/\/www.canariasviaja.com\/viajaresvivir\/wp-json\/wp\/v2\/posts"}],"about":[{"href":"https:\/\/www.canariasviaja.com\/viajaresvivir\/wp-json\/wp\/v2\/types\/post"}],"author":[{"embeddable":true,"href":"https:\/\/www.canariasviaja.com\/viajaresvivir\/wp-json\/wp\/v2\/users\/42"}],"replies":[{"embeddable":true,"href":"https:\/\/www.canariasviaja.com\/viajaresvivir\/wp-json\/wp\/v2\/comments?post=6132"}],"version-history":[{"count":11,"href":"https:\/\/www.canariasviaja.com\/viajaresvivir\/wp-json\/wp\/v2\/posts\/6132\/revisions"}],"predecessor-version":[{"id":6174,"href":"https:\/\/www.canariasviaja.com\/viajaresvivir\/wp-json\/wp\/v2\/posts\/6132\/revisions\/6174"}],"wp:featuredmedia":[{"embeddable":true,"href":"https:\/\/www.canariasviaja.com\/viajaresvivir\/wp-json\/wp\/v2\/media\/6172"}],"wp:attachment":[{"href":"https:\/\/www.canariasviaja.com\/viajaresvivir\/wp-json\/wp\/v2\/media?parent=6132"}],"wp:term":[{"taxonomy":"category","embeddable":true,"href":"https:\/\/www.canariasviaja.com\/viajaresvivir\/wp-json\/wp\/v2\/categories?post=6132"},{"taxonomy":"post_tag","embeddable":true,"href":"https:\/\/www.canariasviaja.com\/viajaresvivir\/wp-json\/wp\/v2\/tags?post=6132"}],"curies":[{"name":"wp","href":"https:\/\/api.w.org\/{rel}","templated":true}]}}