{"id":6175,"date":"2021-01-28T17:34:07","date_gmt":"2021-01-28T17:34:07","guid":{"rendered":"http:\/\/www.canariasviaja.com\/viajaresvivir\/?p=6175"},"modified":"2021-02-02T20:23:36","modified_gmt":"2021-02-02T20:23:36","slug":"tiempo-de-almendros-en-flor-en-canarias-recuerdos-y-sabores","status":"publish","type":"post","link":"https:\/\/www.canariasviaja.com\/viajaresvivir\/tiempo-de-almendros-en-flor-en-canarias-recuerdos-y-sabores\/","title":{"rendered":"Tiempo de almendros en flor en  Canarias: recuerdos y sabores"},"content":{"rendered":"\n<p>A\u00fan recuerdo como si fuera ayer ese manto de color rosa que divisaba desde las escaleras de mi casa en Los Llanos de Aridane, <strong>La Palma<\/strong>, con el final del invierno.<\/p>\n\n\n\n<p>Una <strong>floraci\u00f3n temprana de los almendros<\/strong> que se juntaba con las amapolas rojas silvestres y las vinagreras amarillas, exultantes despu\u00e9s de las lluvias invernales. Al fest\u00edn se un\u00edan vacas que pastaban estos deliciosos y frescos manjares, reconozco que a m\u00ed me daban miedo, porque las ve\u00eda muy grandes.<\/p>\n\n\n\n<figure class=\"wp-block-image size-large\"><img loading=\"lazy\" decoding=\"async\" width=\"1469\" height=\"1001\" src=\"http:\/\/www.canariasviaja.com\/viajaresvivir\/wp-content\/uploads\/2021\/01\/Rosa-almendros-byn.jpg\" alt=\"Rosa almendros en flor\" class=\"wp-image-6189\" srcset=\"https:\/\/www.canariasviaja.com\/viajaresvivir\/wp-content\/uploads\/2021\/01\/Rosa-almendros-byn.jpg 1469w, https:\/\/www.canariasviaja.com\/viajaresvivir\/wp-content\/uploads\/2021\/01\/Rosa-almendros-byn-300x204.jpg 300w, https:\/\/www.canariasviaja.com\/viajaresvivir\/wp-content\/uploads\/2021\/01\/Rosa-almendros-byn-768x523.jpg 768w, https:\/\/www.canariasviaja.com\/viajaresvivir\/wp-content\/uploads\/2021\/01\/Rosa-almendros-byn-1200x818.jpg 1200w\" sizes=\"(max-width: 1469px) 100vw, 1469px\" \/><figcaption>Rosa Ventura en su infancia <\/figcaption><\/figure>\n\n\n\n<p>No puedo separar mi infancia de los almendros, siempre so\u00f1ando con mi casita en el \u00e1rbol, con ese esp\u00edritu aventurero, intr\u00e9pido e inocente que solamente tienen los ni\u00f1os.<\/p>\n\n\n\n<p><strong>El almendro<\/strong> es un \u00e1rbol de tronco recio y rugoso, de textura rasposa y en general no alcanza demasiada altura, lo que hizo que mi fantasiosa aventura de la casita en el \u00e1rbol acabara por los suelos, llena de raspones y corriendo al auxilio de mam\u00e1.<\/p>\n\n\n\n<div style=\"height:100px\" aria-hidden=\"true\" class=\"wp-block-spacer\"><\/div>\n\n\n\n<h3 class=\"wp-block-heading\">El \u00e1rbol que marca las estaciones<\/h3>\n\n\n\n<figure class=\"wp-block-image size-large is-resized\"><img loading=\"lazy\" decoding=\"async\" src=\"http:\/\/www.canariasviaja.com\/viajaresvivir\/wp-content\/uploads\/2021\/01\/Almendros-en-flor-2.jpg\" alt=\"Flores de almendro\" class=\"wp-image-6190\" width=\"580\" height=\"386\" srcset=\"https:\/\/www.canariasviaja.com\/viajaresvivir\/wp-content\/uploads\/2021\/01\/Almendros-en-flor-2.jpg 1024w, https:\/\/www.canariasviaja.com\/viajaresvivir\/wp-content\/uploads\/2021\/01\/Almendros-en-flor-2-300x200.jpg 300w, https:\/\/www.canariasviaja.com\/viajaresvivir\/wp-content\/uploads\/2021\/01\/Almendros-en-flor-2-768x512.jpg 768w\" sizes=\"(max-width: 580px) 100vw, 580px\" \/><figcaption>Almendro en flor. Foto: Rosa Ventura\/ La Palmera Rosa<\/figcaption><\/figure>\n\n\n\n<p>Con cada estaci\u00f3n <strong>los almendros van cambiando<\/strong>, con la llegada de los primeros soles del invierno cubren sus copas de un delicado manto de color rosa. Con la subida de las temperaturas el \u00e1rbol se cubre de verde dejando paso a sus peque\u00f1os y verdes frutos, que poco a poco van creciendo hasta que se cubren con una suave y aterciopelada piel verde, que con la llegada del oto\u00f1o se torna parduzca dejando paso al fruto con su dura c\u00e1scara.<\/p>\n\n\n\n<p>De ni\u00f1a cog\u00eda los frutos a\u00fan verdes, los machacaba con una piedra y jugaba a las cocinitas con algunas latas viejas que encontraba por la zona, las ramas de los \u00e1rboles eran las cucharas y las hojas y las almendras verdes la comida; alquimia infantil bajo la sombra de un almendro.<\/p>\n\n\n\n<p>Con el <strong>oto\u00f1o<\/strong> llegaba la <strong>recogida de las almendras<\/strong>, otra fiesta. Se reun\u00edan todos los vecinos armados de telas, sacos y unas largas varas con las que se varaban los almendros para hacer caer la preciada fruta.<\/p>\n\n\n\n<p>Debajo de los \u00e1rboles se colocaban telas enormes, extendidas sobre las piedras, para que cayeran sobre ellas las almendras y poderlas recoger f\u00e1cilmente.&nbsp;<\/p>\n\n\n\n<p>Bajo el sonido serpenteante de las ramas de los \u00e1rboles sacudidas por las varas, los ni\u00f1os jug\u00e1bamos debajo de esta lluvia almendrada, recogiendo todos los frutos que nuestras manitas abarcaban y, con gran alborozo, paciencia y muchos dedos machacados, nos pon\u00edamos a pelar las almendras sentados en la acera de casa, todos provistos de nuestras respectivas piedras.<\/p>\n\n\n\n<p>Y aunque ya esos almendros de mi infancia desaparecieron por desgracia para dar paso a la civilizaci\u00f3n, permanecen muy vivos en mi memoria, llena de juegos, libertad y aventura por aquellos parajes a\u00fan poco explorados.<\/p>\n\n\n\n<div style=\"height:100px\" aria-hidden=\"true\" class=\"wp-block-spacer\"><\/div>\n\n\n\n<h3 class=\"wp-block-heading\"> Puntagorda se viste de fiesta<\/h3>\n\n\n\n<figure class=\"wp-block-image size-large\"><img loading=\"lazy\" decoding=\"async\" width=\"1600\" height=\"777\" src=\"https:\/\/www.canariasviaja.com\/viajaresvivir\/wp-content\/uploads\/2021\/01\/Fiesta-almendros-en-flor-Puntagorda2.jpeg\" alt=\"\" class=\"wp-image-6185\" srcset=\"https:\/\/www.canariasviaja.com\/viajaresvivir\/wp-content\/uploads\/2021\/01\/Fiesta-almendros-en-flor-Puntagorda2.jpeg 1600w, https:\/\/www.canariasviaja.com\/viajaresvivir\/wp-content\/uploads\/2021\/01\/Fiesta-almendros-en-flor-Puntagorda2-300x146.jpeg 300w, https:\/\/www.canariasviaja.com\/viajaresvivir\/wp-content\/uploads\/2021\/01\/Fiesta-almendros-en-flor-Puntagorda2-768x373.jpeg 768w, https:\/\/www.canariasviaja.com\/viajaresvivir\/wp-content\/uploads\/2021\/01\/Fiesta-almendros-en-flor-Puntagorda2-1536x746.jpeg 1536w, https:\/\/www.canariasviaja.com\/viajaresvivir\/wp-content\/uploads\/2021\/01\/Fiesta-almendros-en-flor-Puntagorda2-1200x583.jpeg 1200w\" sizes=\"(max-width: 1600px) 100vw, 1600px\" \/><figcaption>Fiesta de la Almendra de Puntagorda. Foto: Ayuntamiento de Puntagorda<\/figcaption><\/figure>\n\n\n\n<p>Por suerte todav\u00eda disfrutamos de este espect\u00e1culo en algunos rincones de las islas, donde podemos ver muchos \u00e1rboles salteados en zonas de median\u00edas, que es donde se dan mejor. Pero adem\u00e1s en algunos lugares isle\u00f1os se les rinde tributo celebrando cada a\u00f1o <strong>la fiesta del almendro en flor.<\/strong><\/p>\n\n\n\n<p>Empezamos por el municipio de <strong>Puntagorda<\/strong>, ubicado en la zona noroeste de la isla de <strong>La Palma<\/strong>, un peque\u00f1o y encantador pueblecito rodeado de naturaleza, con un n\u00facleo urbano muy peque\u00f1o, siendo el resto de su poblaci\u00f3n muy rural y dispersa entre laderas escarpadas y pinar.<\/p>\n\n\n\n<p>Cada a\u00f1o, entre la \u00faltima semana de enero y la primera de febrero, dependiendo de la floraci\u00f3n de los almendros, Puntagorda celebra su fiesta. Una fiesta llena de encanto, con ventorrillos, m\u00fasica t\u00edpica, bailes, actividades culturales, donde se reparten almendras saladas y vino del pa\u00eds, y sobre todo donde poder degustar <strong>postres t\u00edpicos elaborados con almendras.<\/strong><\/p>\n\n\n\n<div style=\"height:100px\" aria-hidden=\"true\" class=\"wp-block-spacer\"><\/div>\n\n\n\n<h3 class=\"wp-block-heading\">Tejeda, tierra de almendros<\/h3>\n\n\n\n<div class=\"wp-block-image\"><figure class=\"aligncenter size-large is-resized\"><img decoding=\"async\" src=\"http:\/\/www.canariasviaja.com\/viajaresvivir\/wp-content\/uploads\/2021\/01\/Tiempo-de-almendros-en-flor.jpg\" alt=\"Almendros en flor en Tejeda\" class=\"wp-image-6176\" width=\"400\" srcset=\"https:\/\/www.canariasviaja.com\/viajaresvivir\/wp-content\/uploads\/2021\/01\/Tiempo-de-almendros-en-flor.jpg 819w, https:\/\/www.canariasviaja.com\/viajaresvivir\/wp-content\/uploads\/2021\/01\/Tiempo-de-almendros-en-flor-240x300.jpg 240w, https:\/\/www.canariasviaja.com\/viajaresvivir\/wp-content\/uploads\/2021\/01\/Tiempo-de-almendros-en-flor-768x960.jpg 768w\" sizes=\"(max-width: 819px) 100vw, 819px\" \/><figcaption>Almendros en flor en Tejeda. Foto:Promotur<\/figcaption><\/figure><\/div>\n\n\n\n<p>Otro municipio donde puedes disfrutar de este espect\u00e1culo rosa, es <strong>Tejeda, en Gran Canaria<\/strong>, declarado uno de los pueblos m\u00e1s bonitos de Espa\u00f1a y d\u00f3nde se encuentra en la actualidad la mayor producci\u00f3n de este fruto.&nbsp;<\/p>\n\n\n\n<p>Visitar <strong>Tejeda<\/strong> en cualquier \u00e9poca del a\u00f1o ya es una delicia, perdido en las profundidades de las cumbres grancanarias, rodeado de imponentes monta\u00f1as, y barrancos de v\u00e9rtigo, desde donde se divisan el famoso <strong>Roque Nublo <\/strong>y el <strong>Roque Bentayga.&nbsp;<\/strong><\/p>\n\n\n\n<p>Pasear por sus perfectas calles adoquinadas, entres sus casitas encantadoras de tradicional arquitectura canaria, y respirar el aire puro que llega desde las cumbres, es una delicia; \u00a1estar entre los 100 pueblos m\u00e1s bonitos de Espa\u00f1a, no es una casualidad!<\/p>\n\n\n\n<p><strong>Tejeda<\/strong> celebra una de las fiestas del almendro m\u00e1s multitudinarias, todo un acontecimiento anual, al que acuden multitud de visitantes y lugare\u00f1os. Destacan sus bailes folkl\u00f3ricos, mercadillos y como no, sus dulces elaborados con almendras.&nbsp;<\/p>\n\n\n\n<p>Dicen que en Tejeda se encuentra la mejor dulcer\u00eda de Gran Canaria, a la que acuden desde todos los rincones de la isla para degustar sus dulces y en la que se forman buenas colas para comprar. Es t\u00edpico de <strong>la <a href=\"https:\/\/www.canariasviaja.com\/viajaresvivir\/regreso-a-la-cumbre-de-gran-canaria\/\">dulcer\u00eda Nublo<\/a><\/strong>, <strong>el mazap\u00e1n<\/strong>, elaborado con almendras, pero diferente al peninsular, el de Tejeda es m\u00e1s r\u00fastico y contundente, aunque igualmente rico.<\/p>\n\n\n\n<div style=\"height:100px\" aria-hidden=\"true\" class=\"wp-block-spacer\"><\/div>\n\n\n\n<h3 class=\"wp-block-heading\">La ruta de los almendros en flor en Tenerife<\/h3>\n\n\n\n<div class=\"wp-block-image\"><figure class=\"aligncenter size-large is-resized\"><img decoding=\"async\" src=\"http:\/\/www.canariasviaja.com\/viajaresvivir\/wp-content\/uploads\/2020\/01\/Almendros-en-flor-11.jpg\" alt=\"Almendros en flor en el Valle de arriba\" class=\"wp-image-2467\" width=\"400\" srcset=\"https:\/\/www.canariasviaja.com\/viajaresvivir\/wp-content\/uploads\/2020\/01\/Almendros-en-flor-11.jpg 684w, https:\/\/www.canariasviaja.com\/viajaresvivir\/wp-content\/uploads\/2020\/01\/Almendros-en-flor-11-200x300.jpg 200w\" sizes=\"(max-width: 684px) 100vw, 684px\" \/><figcaption>Ruta de los almendros en flor Foto: Patri C\u00e1mpora<\/figcaption><\/figure><\/div>\n\n\n\n<p>Tambi\u00e9n <strong>Tenerife<\/strong> tiene su <strong>fiesta del almendro<\/strong>, esta vez tenemos que desplazarnos hasta <strong>la Villa hist\u00f3rica de Santiago del Teide<\/strong>, ubicado en la zona sur-oeste de la isla.<\/p>\n\n\n\n<p>Cada a\u00f1o celebra su fiesta, organizando actividades de diferente tipo, con un mercadillo agro-artesanal, con eventos gastron\u00f3micos con la almendra como protagonista y tambi\u00e9n <strong><a href=\"https:\/\/www.canariasviaja.com\/viajaresvivir\/en-busca-de-los-almendros-en-flor\/\">excursiones por numerosos senderos.<\/a><\/strong>&nbsp;<\/p>\n\n\n\n<p>Estos senderos parten desde Santiago del Teide en diferentes direcciones, por los que podr\u00e1s caminar y disfrutar del paisaje, con el Teide como fondo.<\/p>\n\n\n\n<p>En <strong>Vilaflor<\/strong>, el pueblo m\u00e1s alto de Espa\u00f1a, ubicado en los altos de la vertiente sur de la isla, bajo las faldas del Teide, un encantador pueblecito, de calles empinadas, y apartado del mundanal ruido, tambi\u00e9n podr\u00e1s disfrutar del espect\u00e1culo de los <strong>almendros en flor.<\/strong><\/p>\n\n\n\n<div style=\"height:100px\" aria-hidden=\"true\" class=\"wp-block-spacer\"><\/div>\n\n\n\n<h3 class=\"wp-block-heading\">Dulces y m\u00e1s dulces\u2026<\/h3>\n\n\n\n<div class=\"wp-block-image\"><figure class=\"aligncenter size-large is-resized\"><img decoding=\"async\" src=\"https:\/\/www.canariasviaja.com\/viajaresvivir\/wp-content\/uploads\/2021\/01\/Almendrados.jpg\" alt=\"\" class=\"wp-image-6191\" width=\"400\" srcset=\"https:\/\/www.canariasviaja.com\/viajaresvivir\/wp-content\/uploads\/2021\/01\/Almendrados.jpg 683w, https:\/\/www.canariasviaja.com\/viajaresvivir\/wp-content\/uploads\/2021\/01\/Almendrados-200x300.jpg 200w\" sizes=\"(max-width: 683px) 100vw, 683px\" \/><figcaption>Almendrados. Foto: Rosa Ventura\/La Palmera Rosa<\/figcaption><\/figure><\/div>\n\n\n\n<p>Es sabido el gusto de los canarios por el sabor dulce, por la cantidad de postres que tenemos en las islas y lo dulces que son la mayor\u00eda, valga la redundancia.<\/p>\n\n\n\n<p>La <strong>almendra<\/strong> es la protagonista de muchos de estos <strong>dulces t\u00edpicos.<\/strong><\/p>\n\n\n\n<p>Uno de los m\u00e1s populares es <strong>el<\/strong> <strong>bienmesabe<\/strong>, que como su nombre indica est\u00e1 delicioso. Es un postre que se elabora en todas las islas, consiste en una especie de pasta melosa hecha con un alm\u00edbar espeso en el que se mezclan las almendras trituradas, yemas de huevo y puede estar aromatizado con lim\u00f3n y canela o an\u00eds.&nbsp;Como resulta bastante dulce, muchas veces se acompa\u00f1a de una bolita de helado para contrarrestar el dulzor y adem\u00e1s el contraste de texturas le va muy bien. Es un postre que puedes degustar en muchos restaurantes.<\/p>\n\n\n\n<p>Si vas a La Palma, no puedes irte sin probar <strong>los almendrados<\/strong>, <strong>el queso de almendras<\/strong> o <strong>las rapaduras<\/strong>, todos elaborados a base de almendras, az\u00facar y huevos en diferentes proporciones y con un resultado muy diferente.<\/p>\n\n\n\n<p>O <strong>el mazap\u00e1n, <\/strong>que ya nombr\u00e9 antes, t\u00edpico de Tejeda, y que no tienes que esperar a que sea Navidad para disfrutar de este manjar.<\/p>\n\n\n\n<figure class=\"wp-block-image size-large\"><img loading=\"lazy\" decoding=\"async\" width=\"1024\" height=\"683\" src=\"https:\/\/www.canariasviaja.com\/viajaresvivir\/wp-content\/uploads\/2021\/01\/torta-de-vilana-12.jpg\" alt=\"\" class=\"wp-image-6195\" srcset=\"https:\/\/www.canariasviaja.com\/viajaresvivir\/wp-content\/uploads\/2021\/01\/torta-de-vilana-12.jpg 1024w, https:\/\/www.canariasviaja.com\/viajaresvivir\/wp-content\/uploads\/2021\/01\/torta-de-vilana-12-300x200.jpg 300w, https:\/\/www.canariasviaja.com\/viajaresvivir\/wp-content\/uploads\/2021\/01\/torta-de-vilana-12-768x512.jpg 768w\" sizes=\"(max-width: 1024px) 100vw, 1024px\" \/><\/figure>\n\n\n\n<p><a href=\"https:\/\/www.canariasviaja.com\/viajaresvivir\/wp-admin\/edit.php?post_type=post\"><\/a><\/p>\n\n\n\n<figure class=\"wp-block-image size-large\"><img loading=\"lazy\" decoding=\"async\" width=\"1024\" height=\"683\" src=\"http:\/\/www.canariasviaja.com\/viajaresvivir\/wp-content\/uploads\/2021\/01\/IMG_7106.jpg\" alt=\"Frangollo\" class=\"wp-image-6194\" srcset=\"https:\/\/www.canariasviaja.com\/viajaresvivir\/wp-content\/uploads\/2021\/01\/IMG_7106.jpg 1024w, https:\/\/www.canariasviaja.com\/viajaresvivir\/wp-content\/uploads\/2021\/01\/IMG_7106-300x200.jpg 300w, https:\/\/www.canariasviaja.com\/viajaresvivir\/wp-content\/uploads\/2021\/01\/IMG_7106-768x512.jpg 768w\" sizes=\"(max-width: 1024px) 100vw, 1024px\" \/><figcaption>Torta de vilana y frangollo. Fotos: Rosa Ventura\/ La Palmera Rosa<\/figcaption><\/figure>\n\n\n\n<p>Las almendras tampoco pueden faltar en un buen <strong>Pr\u00edncipe Alberto<\/strong> (postre palmero), <strong><a href=\"https:\/\/lapalmerarosa.com\/torta-de-vilana-o-milana\/\" target=\"_blank\" rel=\"noreferrer noopener\">una torta de vilana<\/a><\/strong> (t\u00edpica de la Gomera), o como acompa\u00f1amiento de un <strong><a href=\"https:\/\/lapalmerarosa.com\/frangollo-postre-canario\/\" target=\"_blank\" rel=\"noreferrer noopener\">frangollo<\/a><\/strong> o en una buena <strong>pella de gofio dulce<\/strong>.<\/p>\n\n\n\n<p>\u00a1Bon apetit!<\/p>\n\n\n\n<hr class=\"wp-block-separator\"\/>\n\n\n\n<p>Rosa Ventura es la autora del blog de cocina <strong><a rel=\"noreferrer noopener\" href=\"https:\/\/lapalmerarosa.com\" target=\"_blank\">La Palmera Rosa<\/a><\/strong>, especializado en cocina canaria. Dise\u00f1adora gr\u00e1fica de profesi\u00f3n y bloguera por vocaci\u00f3n, actualmente se encuentra terminando su primer libro sobre la cocina canaria.<\/p>\n\n\n\n<hr class=\"wp-block-separator is-style-wide\"\/>\n\n\n\n<div class=\"wp-block-buttons aligncenter is-layout-flex wp-block-buttons-is-layout-flex\">\n<div class=\"wp-block-button is-style-fill\"><a class=\"wp-block-button__link\" href=\"https:\/\/bit.ly\/36mkOdZ\">\u00a1Colecciona este momento!<\/a><\/div>\n<\/div>\n\n\n\n<p><\/p>\n","protected":false},"excerpt":{"rendered":"<p>A Rosa Ventura los almendros en flor le despiertan los recuerdos de su infancia en La Palma y los sabores dulces de los postres canarios.<\/p>\n","protected":false},"author":58,"featured_media":6177,"comment_status":"open","ping_status":"open","sticky":false,"template":"","format":"standard","meta":{"_acf_changed":false,"sfsi_plus_gutenberg_text_before_share":"","sfsi_plus_gutenberg_show_text_before_share":"","sfsi_plus_gutenberg_icon_type":"","sfsi_plus_gutenberg_icon_alignemt":"","sfsi_plus_gutenburg_max_per_row":"","footnotes":""},"categories":[9,124,123,10,11,126],"tags":[683,363,682,151,325,381,680,681,327,364],"class_list":["post-6175","post","type-post","status-publish","format-standard","has-post-thumbnail","hentry","category-canarias","category-descubre","category-explora","category-historias-viajeras","category-postales","category-saborea","tag-almendras","tag-almendros-en-flor","tag-dulces","tag-gastronomia","tag-gran-canaria","tag-la-palma","tag-puntagorda","tag-santiago-del-teide","tag-tejeda","tag-tenerife"],"acf":[],"yoast_head":"<!-- This site is optimized with the Yoast SEO plugin v24.1 - https:\/\/yoast.com\/wordpress\/plugins\/seo\/ -->\n<title>Tiempo de almendros en flor en Canarias: recuerdos y sabores - Viajar es vivir<\/title>\n<meta name=\"description\" content=\"Es tiempo de almendros en flor en Canarias, que evocan recuerdos infantiles, postales de paisajes id\u00edlicos y el dulzor de los dulces hechos con este fruto.\" \/>\n<meta name=\"robots\" content=\"index, follow, max-snippet:-1, max-image-preview:large, max-video-preview:-1\" \/>\n<link rel=\"canonical\" href=\"https:\/\/www.canariasviaja.com\/viajaresvivir\/tiempo-de-almendros-en-flor-en-canarias-recuerdos-y-sabores\/\" \/>\n<meta property=\"og:locale\" content=\"es_ES\" \/>\n<meta property=\"og:type\" content=\"article\" \/>\n<meta property=\"og:title\" content=\"Tiempo de almendros en flor en Canarias: recuerdos y sabores - Viajar es vivir\" \/>\n<meta property=\"og:description\" content=\"Es tiempo de almendros en flor en Canarias, que evocan recuerdos infantiles, postales de paisajes id\u00edlicos y el dulzor de los dulces hechos con este fruto.\" \/>\n<meta property=\"og:url\" content=\"https:\/\/www.canariasviaja.com\/viajaresvivir\/tiempo-de-almendros-en-flor-en-canarias-recuerdos-y-sabores\/\" \/>\n<meta property=\"og:site_name\" content=\"Viajar es vivir\" \/>\n<meta property=\"article:published_time\" content=\"2021-01-28T17:34:07+00:00\" \/>\n<meta property=\"article:modified_time\" content=\"2021-02-02T20:23:36+00:00\" \/>\n<meta property=\"og:image\" content=\"https:\/\/www.canariasviaja.com\/viajaresvivir\/wp-content\/uploads\/2021\/01\/Tiempo-de-almendros.jpg\" \/>\n\t<meta property=\"og:image:width\" content=\"2000\" \/>\n\t<meta property=\"og:image:height\" content=\"966\" \/>\n\t<meta property=\"og:image:type\" content=\"image\/jpeg\" \/>\n<meta name=\"author\" content=\"Rosa Ventura\" \/>\n<meta name=\"twitter:card\" content=\"summary_large_image\" \/>\n<meta name=\"twitter:label1\" content=\"Escrito por\" \/>\n\t<meta name=\"twitter:data1\" content=\"Rosa Ventura\" \/>\n\t<meta name=\"twitter:label2\" content=\"Tiempo de lectura\" \/>\n\t<meta name=\"twitter:data2\" content=\"7 minutos\" \/>\n<script type=\"application\/ld+json\" class=\"yoast-schema-graph\">{\"@context\":\"https:\/\/schema.org\",\"@graph\":[{\"@type\":\"WebPage\",\"@id\":\"https:\/\/www.canariasviaja.com\/viajaresvivir\/tiempo-de-almendros-en-flor-en-canarias-recuerdos-y-sabores\/\",\"url\":\"https:\/\/www.canariasviaja.com\/viajaresvivir\/tiempo-de-almendros-en-flor-en-canarias-recuerdos-y-sabores\/\",\"name\":\"Tiempo de almendros en flor en Canarias: recuerdos y sabores - Viajar es vivir\",\"isPartOf\":{\"@id\":\"https:\/\/www.canariasviaja.com\/viajaresvivir\/#website\"},\"primaryImageOfPage\":{\"@id\":\"https:\/\/www.canariasviaja.com\/viajaresvivir\/tiempo-de-almendros-en-flor-en-canarias-recuerdos-y-sabores\/#primaryimage\"},\"image\":{\"@id\":\"https:\/\/www.canariasviaja.com\/viajaresvivir\/tiempo-de-almendros-en-flor-en-canarias-recuerdos-y-sabores\/#primaryimage\"},\"thumbnailUrl\":\"https:\/\/www.canariasviaja.com\/viajaresvivir\/wp-content\/uploads\/2021\/01\/Tiempo-de-almendros.jpg\",\"datePublished\":\"2021-01-28T17:34:07+00:00\",\"dateModified\":\"2021-02-02T20:23:36+00:00\",\"author\":{\"@id\":\"https:\/\/www.canariasviaja.com\/viajaresvivir\/#\/schema\/person\/014bd51d5405cafbcc417623c36287ef\"},\"description\":\"Es tiempo de almendros en flor en Canarias, que evocan recuerdos infantiles, postales de paisajes id\u00edlicos y el dulzor de los dulces hechos con este fruto.\",\"breadcrumb\":{\"@id\":\"https:\/\/www.canariasviaja.com\/viajaresvivir\/tiempo-de-almendros-en-flor-en-canarias-recuerdos-y-sabores\/#breadcrumb\"},\"inLanguage\":\"es\",\"potentialAction\":[{\"@type\":\"ReadAction\",\"target\":[\"https:\/\/www.canariasviaja.com\/viajaresvivir\/tiempo-de-almendros-en-flor-en-canarias-recuerdos-y-sabores\/\"]}]},{\"@type\":\"ImageObject\",\"inLanguage\":\"es\",\"@id\":\"https:\/\/www.canariasviaja.com\/viajaresvivir\/tiempo-de-almendros-en-flor-en-canarias-recuerdos-y-sabores\/#primaryimage\",\"url\":\"https:\/\/www.canariasviaja.com\/viajaresvivir\/wp-content\/uploads\/2021\/01\/Tiempo-de-almendros.jpg\",\"contentUrl\":\"https:\/\/www.canariasviaja.com\/viajaresvivir\/wp-content\/uploads\/2021\/01\/Tiempo-de-almendros.jpg\",\"width\":2000,\"height\":966,\"caption\":\"Tejeda almendros en flor\"},{\"@type\":\"BreadcrumbList\",\"@id\":\"https:\/\/www.canariasviaja.com\/viajaresvivir\/tiempo-de-almendros-en-flor-en-canarias-recuerdos-y-sabores\/#breadcrumb\",\"itemListElement\":[{\"@type\":\"ListItem\",\"position\":1,\"name\":\"Portada\",\"item\":\"https:\/\/www.canariasviaja.com\/viajaresvivir\/\"},{\"@type\":\"ListItem\",\"position\":2,\"name\":\"Tiempo de almendros en flor en Canarias: recuerdos y sabores\"}]},{\"@type\":\"WebSite\",\"@id\":\"https:\/\/www.canariasviaja.com\/viajaresvivir\/#website\",\"url\":\"https:\/\/www.canariasviaja.com\/viajaresvivir\/\",\"name\":\"Viajar es vivir\",\"description\":\"El blog de viajes y estilo de vida de CanariasViaja\",\"potentialAction\":[{\"@type\":\"SearchAction\",\"target\":{\"@type\":\"EntryPoint\",\"urlTemplate\":\"https:\/\/www.canariasviaja.com\/viajaresvivir\/?s={search_term_string}\"},\"query-input\":{\"@type\":\"PropertyValueSpecification\",\"valueRequired\":true,\"valueName\":\"search_term_string\"}}],\"inLanguage\":\"es\"},{\"@type\":\"Person\",\"@id\":\"https:\/\/www.canariasviaja.com\/viajaresvivir\/#\/schema\/person\/014bd51d5405cafbcc417623c36287ef\",\"name\":\"Rosa Ventura\",\"image\":{\"@type\":\"ImageObject\",\"inLanguage\":\"es\",\"@id\":\"https:\/\/www.canariasviaja.com\/viajaresvivir\/#\/schema\/person\/image\/\",\"url\":\"https:\/\/secure.gravatar.com\/avatar\/26693681242e76af5db6b6ab6af8f021?s=96&d=mm&r=g\",\"contentUrl\":\"https:\/\/secure.gravatar.com\/avatar\/26693681242e76af5db6b6ab6af8f021?s=96&d=mm&r=g\",\"caption\":\"Rosa Ventura\"},\"url\":\"https:\/\/www.canariasviaja.com\/viajaresvivir\/author\/rosa-ventura\/\"}]}<\/script>\n<!-- \/ Yoast SEO plugin. -->","yoast_head_json":{"title":"Tiempo de almendros en flor en Canarias: recuerdos y sabores - Viajar es vivir","description":"Es tiempo de almendros en flor en Canarias, que evocan recuerdos infantiles, postales de paisajes id\u00edlicos y el dulzor de los dulces hechos con este fruto.","robots":{"index":"index","follow":"follow","max-snippet":"max-snippet:-1","max-image-preview":"max-image-preview:large","max-video-preview":"max-video-preview:-1"},"canonical":"https:\/\/www.canariasviaja.com\/viajaresvivir\/tiempo-de-almendros-en-flor-en-canarias-recuerdos-y-sabores\/","og_locale":"es_ES","og_type":"article","og_title":"Tiempo de almendros en flor en Canarias: recuerdos y sabores - Viajar es vivir","og_description":"Es tiempo de almendros en flor en Canarias, que evocan recuerdos infantiles, postales de paisajes id\u00edlicos y el dulzor de los dulces hechos con este fruto.","og_url":"https:\/\/www.canariasviaja.com\/viajaresvivir\/tiempo-de-almendros-en-flor-en-canarias-recuerdos-y-sabores\/","og_site_name":"Viajar es vivir","article_published_time":"2021-01-28T17:34:07+00:00","article_modified_time":"2021-02-02T20:23:36+00:00","og_image":[{"width":2000,"height":966,"url":"https:\/\/www.canariasviaja.com\/viajaresvivir\/wp-content\/uploads\/2021\/01\/Tiempo-de-almendros.jpg","type":"image\/jpeg"}],"author":"Rosa Ventura","twitter_card":"summary_large_image","twitter_misc":{"Escrito por":"Rosa Ventura","Tiempo de lectura":"7 minutos"},"schema":{"@context":"https:\/\/schema.org","@graph":[{"@type":"WebPage","@id":"https:\/\/www.canariasviaja.com\/viajaresvivir\/tiempo-de-almendros-en-flor-en-canarias-recuerdos-y-sabores\/","url":"https:\/\/www.canariasviaja.com\/viajaresvivir\/tiempo-de-almendros-en-flor-en-canarias-recuerdos-y-sabores\/","name":"Tiempo de almendros en flor en Canarias: recuerdos y sabores - Viajar es vivir","isPartOf":{"@id":"https:\/\/www.canariasviaja.com\/viajaresvivir\/#website"},"primaryImageOfPage":{"@id":"https:\/\/www.canariasviaja.com\/viajaresvivir\/tiempo-de-almendros-en-flor-en-canarias-recuerdos-y-sabores\/#primaryimage"},"image":{"@id":"https:\/\/www.canariasviaja.com\/viajaresvivir\/tiempo-de-almendros-en-flor-en-canarias-recuerdos-y-sabores\/#primaryimage"},"thumbnailUrl":"https:\/\/www.canariasviaja.com\/viajaresvivir\/wp-content\/uploads\/2021\/01\/Tiempo-de-almendros.jpg","datePublished":"2021-01-28T17:34:07+00:00","dateModified":"2021-02-02T20:23:36+00:00","author":{"@id":"https:\/\/www.canariasviaja.com\/viajaresvivir\/#\/schema\/person\/014bd51d5405cafbcc417623c36287ef"},"description":"Es tiempo de almendros en flor en Canarias, que evocan recuerdos infantiles, postales de paisajes id\u00edlicos y el dulzor de los dulces hechos con este fruto.","breadcrumb":{"@id":"https:\/\/www.canariasviaja.com\/viajaresvivir\/tiempo-de-almendros-en-flor-en-canarias-recuerdos-y-sabores\/#breadcrumb"},"inLanguage":"es","potentialAction":[{"@type":"ReadAction","target":["https:\/\/www.canariasviaja.com\/viajaresvivir\/tiempo-de-almendros-en-flor-en-canarias-recuerdos-y-sabores\/"]}]},{"@type":"ImageObject","inLanguage":"es","@id":"https:\/\/www.canariasviaja.com\/viajaresvivir\/tiempo-de-almendros-en-flor-en-canarias-recuerdos-y-sabores\/#primaryimage","url":"https:\/\/www.canariasviaja.com\/viajaresvivir\/wp-content\/uploads\/2021\/01\/Tiempo-de-almendros.jpg","contentUrl":"https:\/\/www.canariasviaja.com\/viajaresvivir\/wp-content\/uploads\/2021\/01\/Tiempo-de-almendros.jpg","width":2000,"height":966,"caption":"Tejeda almendros en flor"},{"@type":"BreadcrumbList","@id":"https:\/\/www.canariasviaja.com\/viajaresvivir\/tiempo-de-almendros-en-flor-en-canarias-recuerdos-y-sabores\/#breadcrumb","itemListElement":[{"@type":"ListItem","position":1,"name":"Portada","item":"https:\/\/www.canariasviaja.com\/viajaresvivir\/"},{"@type":"ListItem","position":2,"name":"Tiempo de almendros en flor en Canarias: recuerdos y sabores"}]},{"@type":"WebSite","@id":"https:\/\/www.canariasviaja.com\/viajaresvivir\/#website","url":"https:\/\/www.canariasviaja.com\/viajaresvivir\/","name":"Viajar es vivir","description":"El blog de viajes y estilo de vida de CanariasViaja","potentialAction":[{"@type":"SearchAction","target":{"@type":"EntryPoint","urlTemplate":"https:\/\/www.canariasviaja.com\/viajaresvivir\/?s={search_term_string}"},"query-input":{"@type":"PropertyValueSpecification","valueRequired":true,"valueName":"search_term_string"}}],"inLanguage":"es"},{"@type":"Person","@id":"https:\/\/www.canariasviaja.com\/viajaresvivir\/#\/schema\/person\/014bd51d5405cafbcc417623c36287ef","name":"Rosa Ventura","image":{"@type":"ImageObject","inLanguage":"es","@id":"https:\/\/www.canariasviaja.com\/viajaresvivir\/#\/schema\/person\/image\/","url":"https:\/\/secure.gravatar.com\/avatar\/26693681242e76af5db6b6ab6af8f021?s=96&d=mm&r=g","contentUrl":"https:\/\/secure.gravatar.com\/avatar\/26693681242e76af5db6b6ab6af8f021?s=96&d=mm&r=g","caption":"Rosa Ventura"},"url":"https:\/\/www.canariasviaja.com\/viajaresvivir\/author\/rosa-ventura\/"}]}},"_links":{"self":[{"href":"https:\/\/www.canariasviaja.com\/viajaresvivir\/wp-json\/wp\/v2\/posts\/6175"}],"collection":[{"href":"https:\/\/www.canariasviaja.com\/viajaresvivir\/wp-json\/wp\/v2\/posts"}],"about":[{"href":"https:\/\/www.canariasviaja.com\/viajaresvivir\/wp-json\/wp\/v2\/types\/post"}],"author":[{"embeddable":true,"href":"https:\/\/www.canariasviaja.com\/viajaresvivir\/wp-json\/wp\/v2\/users\/58"}],"replies":[{"embeddable":true,"href":"https:\/\/www.canariasviaja.com\/viajaresvivir\/wp-json\/wp\/v2\/comments?post=6175"}],"version-history":[{"count":10,"href":"https:\/\/www.canariasviaja.com\/viajaresvivir\/wp-json\/wp\/v2\/posts\/6175\/revisions"}],"predecessor-version":[{"id":6240,"href":"https:\/\/www.canariasviaja.com\/viajaresvivir\/wp-json\/wp\/v2\/posts\/6175\/revisions\/6240"}],"wp:featuredmedia":[{"embeddable":true,"href":"https:\/\/www.canariasviaja.com\/viajaresvivir\/wp-json\/wp\/v2\/media\/6177"}],"wp:attachment":[{"href":"https:\/\/www.canariasviaja.com\/viajaresvivir\/wp-json\/wp\/v2\/media?parent=6175"}],"wp:term":[{"taxonomy":"category","embeddable":true,"href":"https:\/\/www.canariasviaja.com\/viajaresvivir\/wp-json\/wp\/v2\/categories?post=6175"},{"taxonomy":"post_tag","embeddable":true,"href":"https:\/\/www.canariasviaja.com\/viajaresvivir\/wp-json\/wp\/v2\/tags?post=6175"}],"curies":[{"name":"wp","href":"https:\/\/api.w.org\/{rel}","templated":true}]}}