{"id":6443,"date":"2021-02-25T20:55:36","date_gmt":"2021-02-25T20:55:36","guid":{"rendered":"http:\/\/www.canariasviaja.com\/viajaresvivir\/?p=6443"},"modified":"2022-01-13T12:34:44","modified_gmt":"2022-01-13T12:34:44","slug":"oviedo-una-ciudad-deliciosa","status":"publish","type":"post","link":"https:\/\/www.canariasviaja.com\/viajaresvivir\/oviedo-una-ciudad-deliciosa\/","title":{"rendered":"Oviedo, una ciudad deliciosa"},"content":{"rendered":"\n<p>Hace unos cuantos a\u00f1os ya, finalizando el mes de mayo decid\u00ed, o decidieron por m\u00ed, nunca lo sabr\u00e9 bien, que ya era hora de salir a ver el mundo. Y no&nbsp; lo hice en un sitio cualquiera no, tuve la suerte de hacerlo en <strong>Oviedo.<\/strong> En el&nbsp; Sanatorio Mi\u00f1or (del que mi bisabuelo hab\u00eda sido creador con otros tres m\u00e9dicos) para ser&nbsp; exactos, y como tantos ni\u00f1os de aquella \u00e9poca. Desde entonces entonces hasta hoy, Oviedo ha&nbsp; cambiado mucho pero sigue siendo una <strong>ciudad ideal para vivir o visitar<\/strong>. Woody Allen dijo&nbsp; que es <em>\u201cuna ciudad deliciosa, ex\u00f3tica, bella y peatonalizada; es como si no perteneciera este&nbsp; mundo, como si no existiera&#8230; Oviedo es como un cuento de hadas\u201d<\/em>. Y aqu\u00ed pretendo&nbsp; resumiros un poco el porqu\u00e9 hay que visitar Oviedo.&nbsp;&nbsp;<\/p>\n\n\n\n<figure class=\"wp-block-image size-large\"><img loading=\"lazy\" decoding=\"async\" width=\"1024\" height=\"684\" src=\"https:\/\/www.canariasviaja.com\/viajaresvivir\/wp-content\/uploads\/2021\/02\/Hotel-de-la-reconquista-1.jpg\" alt=\"\" class=\"wp-image-6481\" srcset=\"https:\/\/www.canariasviaja.com\/viajaresvivir\/wp-content\/uploads\/2021\/02\/Hotel-de-la-reconquista-1.jpg 1024w, https:\/\/www.canariasviaja.com\/viajaresvivir\/wp-content\/uploads\/2021\/02\/Hotel-de-la-reconquista-1-300x200.jpg 300w, https:\/\/www.canariasviaja.com\/viajaresvivir\/wp-content\/uploads\/2021\/02\/Hotel-de-la-reconquista-1-768x513.jpg 768w\" sizes=\"(max-width: 1024px) 100vw, 1024px\" \/><\/figure>\n\n\n\n<p>Oviedo es una peque\u00f1a ciudad de unos 220.000 habitantes, situada en el noroeste de&nbsp; Espa\u00f1a. Es la capital del <strong>Principado de Asturias <\/strong>y ostenta los t\u00edtulos de \u00ab<em>muy noble, muy leal,&nbsp; benem\u00e9rita, invicta, heroica y buena<\/em>\u00bb como se puede ver en su escudo. Es una ciudad&nbsp; conocida por su <strong>patrimonio prerrom\u00e1nico<\/strong> \u00fanico, por el inicio del <strong>Camino de Santiago&nbsp;<\/strong> primitivo, por un <strong>casco antiguo medieval<\/strong>, coronado por la <strong>catedral de Oviedo<\/strong>, de estilo&nbsp; g\u00f3tico con su C\u00e1mara Santa, que data del siglo IX. Pero tambi\u00e9n es conocida por su <strong>calidad&nbsp; de vida<\/strong> (de las m\u00e1s altas de Europa), por ser una ciudad elegante, por el parque de San&nbsp; Francisco, por <strong>Clar\u00edn<\/strong>, por los Premios Princesa de Asturias, por el Real Oviedo, por&nbsp; Fernando Alonso\u2026&nbsp;&nbsp;<\/p>\n\n\n\n<figure class=\"wp-block-image size-large\"><img loading=\"lazy\" decoding=\"async\" width=\"1024\" height=\"684\" src=\"https:\/\/www.canariasviaja.com\/viajaresvivir\/wp-content\/uploads\/2021\/02\/c_-Cimadevilla2-1.jpg\" alt=\"\" class=\"wp-image-6482\" srcset=\"https:\/\/www.canariasviaja.com\/viajaresvivir\/wp-content\/uploads\/2021\/02\/c_-Cimadevilla2-1.jpg 1024w, https:\/\/www.canariasviaja.com\/viajaresvivir\/wp-content\/uploads\/2021\/02\/c_-Cimadevilla2-1-300x200.jpg 300w, https:\/\/www.canariasviaja.com\/viajaresvivir\/wp-content\/uploads\/2021\/02\/c_-Cimadevilla2-1-768x513.jpg 768w\" sizes=\"(max-width: 1024px) 100vw, 1024px\" \/><\/figure>\n\n\n\n<p>Oviedo es una ciudad <strong>muy f\u00e1cil de visitar <\/strong>por su reducido tama\u00f1o, sus grandes zonas&nbsp; peatonales, con cientos de rincones para empaparse de su esp\u00edritu, con una <strong>gastronom\u00eda<\/strong>&nbsp; excelente, y con muy buenas zonas comerciales. Empezamos:&nbsp;&nbsp;<\/p>\n\n\n\n<h3 class=\"wp-block-heading\">\u2022 La Catedral: <\/h3>\n\n\n\n<figure class=\"wp-block-image size-large\"><img loading=\"lazy\" decoding=\"async\" width=\"2000\" height=\"1335\" src=\"http:\/\/www.canariasviaja.com\/viajaresvivir\/wp-content\/uploads\/2021\/02\/Catedral-de-Oviedo.jpg\" alt=\"Catedral de Oviedo\" class=\"wp-image-6458\" srcset=\"https:\/\/www.canariasviaja.com\/viajaresvivir\/wp-content\/uploads\/2021\/02\/Catedral-de-Oviedo.jpg 2000w, https:\/\/www.canariasviaja.com\/viajaresvivir\/wp-content\/uploads\/2021\/02\/Catedral-de-Oviedo-300x200.jpg 300w, https:\/\/www.canariasviaja.com\/viajaresvivir\/wp-content\/uploads\/2021\/02\/Catedral-de-Oviedo-768x513.jpg 768w, https:\/\/www.canariasviaja.com\/viajaresvivir\/wp-content\/uploads\/2021\/02\/Catedral-de-Oviedo-1536x1025.jpg 1536w, https:\/\/www.canariasviaja.com\/viajaresvivir\/wp-content\/uploads\/2021\/02\/Catedral-de-Oviedo-1200x801.jpg 1200w, https:\/\/www.canariasviaja.com\/viajaresvivir\/wp-content\/uploads\/2021\/02\/Catedral-de-Oviedo-1618x1080.jpg 1618w\" sizes=\"(max-width: 2000px) 100vw, 2000px\" \/><\/figure>\n\n\n\n<p>La Santa Iglesia Bas\u00edlica Catedral Metropolitana de <strong>San Salvador de&nbsp; Oviedo<\/strong> es una catedral de <strong>estilo g\u00f3tico<\/strong> que data su comienzo a finales del siglo XIII y su&nbsp; final a mediados del siglo XVI. Est\u00e1 situada donde exist\u00eda un conjunto catedralicio prerrom\u00e1nico del siglo IX, alguno de cuyos edificios han sobrevivido. Por esta raz\u00f3n y lo&nbsp; dilatado de la construcci\u00f3n del edificio actual, este contiene estructuras de <strong>estilo&nbsp; prerrom\u00e1nico <\/strong>(C\u00e1mara Santa), <strong>rom\u00e1nico<\/strong> (b\u00f3vedas y apostolado de la C\u00e1mara Santa),&nbsp; g\u00f3tico (fachada, naves y claustro), <strong>renacentista<\/strong> (remate de la torre) y <strong>barroco<\/strong> (Girola,&nbsp; Capilla del Rey Casto y otras capillas).&nbsp;&nbsp;<\/p>\n\n\n\n<p>La <strong>C\u00e1mara Santa<\/strong> est\u00e1 declarada <strong>Patrimonio de la Humanidad<\/strong> por la Unesco y en su&nbsp; interior se guardan tesoros como las cruces de la Victoria (s\u00edmbolo del principado) y la de&nbsp; los \u00c1ngeles (s\u00edmbolo de la ciudad). Tambi\u00e9n la Caja de las \u00c1gatas y el Arca Santa, que&nbsp; contiene en su interior diversas reliquias, entre ellas el Santo Sudario. El Santo Sudario es&nbsp; un pa\u00f1uelo de lino manchado de sangre, venerado como prenda funeraria de Jes\u00fas de&nbsp; Nazaret.&nbsp;&nbsp;<\/p>\n\n\n\n<div style=\"height:100px\" aria-hidden=\"true\" class=\"wp-block-spacer\"><\/div>\n\n\n\n<h3 class=\"wp-block-heading\">\u2022 El Campo de San Francisco <\/h3>\n\n\n\n<figure class=\"wp-block-image size-large\"><img loading=\"lazy\" decoding=\"async\" width=\"2000\" height=\"1335\" src=\"https:\/\/www.canariasviaja.com\/viajaresvivir\/wp-content\/uploads\/2021\/02\/Parque-1.jpg\" alt=\"\" class=\"wp-image-6473\" srcset=\"https:\/\/www.canariasviaja.com\/viajaresvivir\/wp-content\/uploads\/2021\/02\/Parque-1.jpg 2000w, https:\/\/www.canariasviaja.com\/viajaresvivir\/wp-content\/uploads\/2021\/02\/Parque-1-300x200.jpg 300w, https:\/\/www.canariasviaja.com\/viajaresvivir\/wp-content\/uploads\/2021\/02\/Parque-1-768x513.jpg 768w, https:\/\/www.canariasviaja.com\/viajaresvivir\/wp-content\/uploads\/2021\/02\/Parque-1-1536x1025.jpg 1536w, https:\/\/www.canariasviaja.com\/viajaresvivir\/wp-content\/uploads\/2021\/02\/Parque-1-1200x801.jpg 1200w, https:\/\/www.canariasviaja.com\/viajaresvivir\/wp-content\/uploads\/2021\/02\/Parque-1-1618x1080.jpg 1618w\" sizes=\"(max-width: 2000px) 100vw, 2000px\" \/><\/figure>\n\n\n\n<p>Es sin duda <strong>uno de los lugares emblem\u00e1ticos de mi&nbsp; ciudad<\/strong>, lugar de paseo y reuni\u00f3n de los ovetenses durante a\u00f1os. Las primeras referencias&nbsp; son del siglo XIII. El nombre viene dado porque era el huerto del <strong>convento de los frailes de&nbsp; San Francisco de Oviedo<\/strong>. Es imprescindible pasear por el parque, ver el estanque de los&nbsp; patos, las fuentes, el paseo de la rosaleda, el paseo de los \u00e1lamos (y su mosaico de Antonio&nbsp; Su\u00e1rez) y la estatua de Clar\u00edn, de Paulino Vicente o de San Francisco (entre otras) y admirar&nbsp; su vegetaci\u00f3n y arboles centenarios.&nbsp;&nbsp;<\/p>\n\n\n\n<div style=\"height:100px\" aria-hidden=\"true\" class=\"wp-block-spacer\"><\/div>\n\n\n\n<h3 class=\"wp-block-heading\">\u2022 El Prerrom\u00e1nico <\/h3>\n\n\n\n<figure class=\"wp-block-image size-large\"><img loading=\"lazy\" decoding=\"async\" width=\"1024\" height=\"819\" src=\"https:\/\/www.canariasviaja.com\/viajaresvivir\/wp-content\/uploads\/2021\/02\/Prerromanico-en-Asturias.jpg\" alt=\"\" class=\"wp-image-6488\" srcset=\"https:\/\/www.canariasviaja.com\/viajaresvivir\/wp-content\/uploads\/2021\/02\/Prerromanico-en-Asturias.jpg 1024w, https:\/\/www.canariasviaja.com\/viajaresvivir\/wp-content\/uploads\/2021\/02\/Prerromanico-en-Asturias-300x240.jpg 300w, https:\/\/www.canariasviaja.com\/viajaresvivir\/wp-content\/uploads\/2021\/02\/Prerromanico-en-Asturias-768x614.jpg 768w\" sizes=\"(max-width: 1024px) 100vw, 1024px\" \/><figcaption>Foto:: Turismo Asturias<\/figcaption><\/figure>\n\n\n\n<p>En Oviedo se concentran algunos de los monumentos del&nbsp; <strong><a href=\"https:\/\/www.turismoasturias.es\/descubre\/cultura\/prerromanico\/santa-maria-del-naranco\" target=\"_blank\" rel=\"noreferrer noopener\">Prerrom\u00e1nico asturiano<\/a><\/strong> declarados <strong>Patrimonio Mundial por la UNESCO<\/strong>: <strong>Santa Mar\u00eda del&nbsp; Naranco, San Miguel de Lillo, San Juli\u00e1n de los Prados<\/strong> son de visita obligada. Est\u00e1n lejos&nbsp; del centro por lo que necesitaremos ir en coche o en la linea de autobuses urbana que nos&nbsp; elevara a ellos.&nbsp;&nbsp;<\/p>\n\n\n\n<div style=\"height:100px\" aria-hidden=\"true\" class=\"wp-block-spacer\"><\/div>\n\n\n\n<h3 class=\"wp-block-heading\">\u2022 El Font\u00e1n. <\/h3>\n\n\n\n<figure class=\"wp-block-image size-large\"><img loading=\"lazy\" decoding=\"async\" width=\"1024\" height=\"684\" src=\"https:\/\/www.canariasviaja.com\/viajaresvivir\/wp-content\/uploads\/2021\/02\/El-fontan-1.jpg\" alt=\"\" class=\"wp-image-6474\" srcset=\"https:\/\/www.canariasviaja.com\/viajaresvivir\/wp-content\/uploads\/2021\/02\/El-fontan-1.jpg 1024w, https:\/\/www.canariasviaja.com\/viajaresvivir\/wp-content\/uploads\/2021\/02\/El-fontan-1-300x200.jpg 300w, https:\/\/www.canariasviaja.com\/viajaresvivir\/wp-content\/uploads\/2021\/02\/El-fontan-1-768x513.jpg 768w\" sizes=\"(max-width: 1024px) 100vw, 1024px\" \/><\/figure>\n\n\n\n<p>Esta plaza es <strong>el coraz\u00f3n de los mercados de la ciudad<\/strong> y fue construida en&nbsp; 1792. Los jueves y s\u00e1bados se llena de puestos de venta de una gran variedad de productos,&nbsp; ademas de tener los soportales repletos de tiendas y chigres donde poder comer y tomar&nbsp; sidra cualquier d\u00eda del a\u00f1o. En el Font\u00e1n encontramos el m\u00edtico <a href=\"https:\/\/www.casaramonoviedo.com\/\" target=\"_blank\" rel=\"noreferrer noopener\"><strong>Casa Ram\u00f3n<\/strong> <\/a>donde&nbsp; podremos recuperar fuerzas con una buena comida o simplemente tomarnos unas sidras.&nbsp;&nbsp;<\/p>\n\n\n\n<div style=\"height:100px\" aria-hidden=\"true\" class=\"wp-block-spacer\"><\/div>\n\n\n\n<h3 class=\"wp-block-heading\">\u2022 Casco antiguo. <\/h3>\n\n\n\n<figure class=\"wp-block-image size-large\"><img loading=\"lazy\" decoding=\"async\" width=\"1024\" height=\"684\" src=\"https:\/\/www.canariasviaja.com\/viajaresvivir\/wp-content\/uploads\/2021\/02\/Museo-de-Bellas-artes-1.jpg\" alt=\"\" class=\"wp-image-6475\" srcset=\"https:\/\/www.canariasviaja.com\/viajaresvivir\/wp-content\/uploads\/2021\/02\/Museo-de-Bellas-artes-1.jpg 1024w, https:\/\/www.canariasviaja.com\/viajaresvivir\/wp-content\/uploads\/2021\/02\/Museo-de-Bellas-artes-1-300x200.jpg 300w, https:\/\/www.canariasviaja.com\/viajaresvivir\/wp-content\/uploads\/2021\/02\/Museo-de-Bellas-artes-1-768x513.jpg 768w\" sizes=\"(max-width: 1024px) 100vw, 1024px\" \/><\/figure>\n\n\n\n<p>Plagado de <strong>edificios con solera y peatonal <\/strong>por lo que merece la pena&nbsp; recorrerlo a pie y perderse por los rincones de los que hablaba <strong>Clar\u00edn<\/strong> en <strong>La Regenta<\/strong>. Sus&nbsp; calles estrechas y de trazado medieval nos llevaran por la <strong>plaza de la Constituci\u00f3n<\/strong> con el&nbsp; ayuntamiento y la iglesia de San Isidoro el Real, por la <strong>calle Cimadevilla<\/strong> hasta el <strong><a href=\"http:\/\/www.museobbaa.com\/\" target=\"_blank\" rel=\"noreferrer noopener\">Museo de Bellas Artes de Asturias <\/a><\/strong>(con obra de Picasso, Goya, Dal\u00ed, Mir\u00f3, Zurbar\u00e1n o El Greco y de&nbsp; los grandes artistas asturianos como Nicanor Pi\u00f1ole, Evaristo Valle, Dario de Regoyos,&nbsp; Orlando Pelayo\u2026). Al lado del museo est\u00e1 la c<strong>apilla de la Balesquida<\/strong> y el <strong>Palacio del&nbsp; Marqu\u00e9s de Santa Cruz<\/strong> ( S. XV) que es la edificaci\u00f3n civil m\u00e1s antigua de toda la ciudad,&nbsp; tambi\u00e9n veremos la <strong>plaza de Trascorrales<\/strong> y el <strong><a href=\"https:\/\/museoarqueologicodeasturias.com\/inicio\" target=\"_blank\" rel=\"noreferrer noopener\">Museo Arqueol\u00f3gico de Asturias.&nbsp;<\/a>&nbsp;<\/strong><\/p>\n\n\n\n<div style=\"height:100px\" aria-hidden=\"true\" class=\"wp-block-spacer\"><\/div>\n\n\n\n<p>Con tanto paseo, visitas y andares por <strong>Vetusta,<\/strong> supongo que ya os ha entrado hambre a&nbsp; todos (y sed), as\u00ed que ahora os voy a decir mis sitios favoritos de la ciudad para comer,&nbsp; merendar, tomar una copa o comprar algo que llevarnos. En Oviedo, como en toda Asturias,&nbsp; <strong>se come realmente bien en casi todos los sitios.&nbsp;&nbsp;<\/strong><\/p>\n\n\n\n<h3 class=\"wp-block-heading\">\u2022 Sidrer\u00edas. <\/h3>\n\n\n\n<figure class=\"wp-block-image size-large\"><img loading=\"lazy\" decoding=\"async\" width=\"1024\" height=\"684\" src=\"https:\/\/www.canariasviaja.com\/viajaresvivir\/wp-content\/uploads\/2021\/02\/Gascona-1.jpg\" alt=\"\" class=\"wp-image-6476\" srcset=\"https:\/\/www.canariasviaja.com\/viajaresvivir\/wp-content\/uploads\/2021\/02\/Gascona-1.jpg 1024w, https:\/\/www.canariasviaja.com\/viajaresvivir\/wp-content\/uploads\/2021\/02\/Gascona-1-300x200.jpg 300w, https:\/\/www.canariasviaja.com\/viajaresvivir\/wp-content\/uploads\/2021\/02\/Gascona-1-768x513.jpg 768w\" sizes=\"(max-width: 1024px) 100vw, 1024px\" \/><\/figure>\n\n\n\n<p>Para aquellos que veng\u00e1is de fuera de Asturias, un imprescindible es pasaros&nbsp; por la <strong>calle Gascona<\/strong>, llamada tambi\u00e9n el <strong>bulevar de la sidra<\/strong>, donde ten\u00e9is una gran&nbsp; oferta de sidrer\u00edas para comer y probar la bebida asturiana por excelencia. Cerca de&nbsp; Gascona ten\u00e9is una de las sidrer\u00edas mas cl\u00e1sicas de la ciudad y m\u00e1s frecuentada por la gente&nbsp; de Oviedo: <strong><a href=\"http:\/\/www.hotelovetense.com\/\" target=\"_blank\" rel=\"noreferrer noopener\">El Ovetense<\/a><\/strong>. Pedid jam\u00f3n asado al estilo seraf\u00edn y sidra. \u00c9xito seguro y a muy&nbsp; muy buen precio. A las afueras de Oviedo est\u00e1 ubicado el <strong><a href=\"https:\/\/www.lagarcasagervasio.com\/\" target=\"_blank\" rel=\"noreferrer noopener\">Lagar Casa Gervasio<\/a> <\/strong>que es&nbsp; otro imprescindible desde hace muchos muchos a\u00f1os. Sidra, ensalada, patatas a la inglesa,&nbsp; fritos de merluza y de pix\u00edn (rape) y milhojas de postre.&nbsp;&nbsp;<\/p>\n\n\n\n<div style=\"height:100px\" aria-hidden=\"true\" class=\"wp-block-spacer\"><\/div>\n\n\n\n<h3 class=\"wp-block-heading\">\u2022 Comer y beber.<\/h3>\n\n\n\n<p> Empezamos por <strong><a href=\"https:\/\/www.tripadvisor.es\/Restaurant_Review-g187452-d6597719-Reviews-Gloria_Oviedo-Oviedo_Asturias.html\" target=\"_blank\" rel=\"noreferrer noopener\">Gloria<\/a><\/strong>, de la familia Manzano (<strong>Nacho Manzano<\/strong> es&nbsp; el chef m\u00e1s laureado de Asturias), es sin lugar a dudas <strong>uno de mis restaurantes favoritos de&nbsp; Oviedo<\/strong>. Una casa de comidas, cuyo nombre hace referencia a su abuela, que ofrece una&nbsp; cocina de mercado y de proximidad. No os vay\u00e1is de all\u00ed sin probar sus croquetas de jam\u00f3n,&nbsp; el arroz con pitu, mi adorado nem de papada, langostinos y hierbas frescas o el arroz con&nbsp; leche.&nbsp;&nbsp;<\/p>\n\n\n\n<figure class=\"wp-block-image size-large\"><img loading=\"lazy\" decoding=\"async\" width=\"1024\" height=\"684\" src=\"https:\/\/www.canariasviaja.com\/viajaresvivir\/wp-content\/uploads\/2021\/02\/Trascorrales-1.jpg\" alt=\"\" class=\"wp-image-6477\" srcset=\"https:\/\/www.canariasviaja.com\/viajaresvivir\/wp-content\/uploads\/2021\/02\/Trascorrales-1.jpg 1024w, https:\/\/www.canariasviaja.com\/viajaresvivir\/wp-content\/uploads\/2021\/02\/Trascorrales-1-300x200.jpg 300w, https:\/\/www.canariasviaja.com\/viajaresvivir\/wp-content\/uploads\/2021\/02\/Trascorrales-1-768x513.jpg 768w\" sizes=\"(max-width: 1024px) 100vw, 1024px\" \/><\/figure>\n\n\n\n<p>En la <strong>plaza de Trascorrales<\/strong> encontramos <strong><a href=\"https:\/\/www.tripadvisor.es\/Restaurant_Review-g187452-d2646181-Reviews-El_Fondin-Oviedo_Asturias.html\" target=\"_blank\" rel=\"noreferrer noopener\">El Fond\u00edn<\/a><\/strong>, restaurante de comida tradicional&nbsp; y casera. Yo me quedo con la tortilla muy jugosa de palatina y gamba. La oferta gastron\u00f3mica&nbsp; es amplia: <strong><a href=\"https:\/\/www.mesturarestaurante.com\/\" target=\"_blank\" rel=\"noreferrer noopener\">Mestura<\/a> <\/strong>y su cocina de vanguardia, <strong><a href=\"https:\/\/latabernadelzurdo.com\/\" target=\"_blank\" rel=\"noreferrer noopener\">La Taberna del zurdo<\/a> <\/strong>moderno y&nbsp;&nbsp;divertido, <strong><a href=\"https:\/\/www.casafermin.com\/\" target=\"_blank\" rel=\"noreferrer noopener\">Casa Ferm\u00edn<\/a> <\/strong>y <strong><a href=\"https:\/\/www.google.com\/search?client=firefox-b-e&amp;q=Del+Arco+oviedo\" target=\"_blank\" rel=\"noreferrer noopener\">Del Arco<\/a> <\/strong>son dos de los cl\u00e1sicos de siempre, <strong><a href=\"http:\/\/www.ca-suso.com\/\" target=\"_blank\" rel=\"noreferrer noopener\">Ca\u2019Suso<\/a><\/strong>,&nbsp; <strong><a href=\"https:\/\/www.salazogue.es\/\" target=\"_blank\" rel=\"noreferrer noopener\">Salazogue<\/a><\/strong>, <strong><a href=\"https:\/\/www.tripadvisor.es\/Restaurant_Review-g187452-d2458133-Reviews-La_Jamoneria-Oviedo_Asturias.html\" target=\"_blank\" rel=\"noreferrer noopener\">La Jamoner\u00eda<\/a><\/strong>. En <strong><a href=\"https:\/\/www.tripadvisor.es\/Restaurant_Review-g187452-d8630007-Reviews-La_Leyenda_Del_Gallo-Oviedo_Asturias.html\" target=\"_blank\" rel=\"noreferrer noopener\">La leyenda del gallo<\/a> <\/strong>ademas de cenar podr\u00e9is tomar copas (cuando se pueda) en uno de los locales de moda de la noche ovetense, en <strong><a href=\"https:\/\/www.tripadvisor.es\/Attraction_Review-g187452-d14638818-Reviews-Mala_Sana-Oviedo_Asturias.html\" target=\"_blank\" rel=\"noreferrer noopener\">Mala Sa\u00f1a<\/a> <\/strong>c\u00f3cteles y buen ambiente.&nbsp;&nbsp;<\/p>\n\n\n\n<div style=\"height:100px\" aria-hidden=\"true\" class=\"wp-block-spacer\"><\/div>\n\n\n\n<h3 class=\"wp-block-heading\">. Comercios<\/h3>\n\n\n\n<p>Y ya para terminar no os pod\u00e9is ir de Oviedo si visitar dos <strong>comercios<\/strong> muy diferentes&nbsp; pero igual de especiales.&nbsp;&nbsp;<\/p>\n\n\n\n<figure class=\"wp-block-gallery columns-3 is-cropped wp-block-gallery-1 is-layout-flex wp-block-gallery-is-layout-flex\"><ul class=\"blocks-gallery-grid\"><li class=\"blocks-gallery-item\"><figure><img loading=\"lazy\" decoding=\"async\" width=\"684\" height=\"1024\" src=\"http:\/\/www.canariasviaja.com\/viajaresvivir\/wp-content\/uploads\/2021\/02\/Camilo-de-Blas-Oviedo-1.jpg\" alt=\"\" data-id=\"6479\" data-full-url=\"http:\/\/www.canariasviaja.com\/viajaresvivir\/wp-content\/uploads\/2021\/02\/Camilo-de-Blas-Oviedo-1.jpg\" data-link=\"http:\/\/www.canariasviaja.com\/viajaresvivir\/?attachment_id=6479#main\" class=\"wp-image-6479\" srcset=\"https:\/\/www.canariasviaja.com\/viajaresvivir\/wp-content\/uploads\/2021\/02\/Camilo-de-Blas-Oviedo-1.jpg 684w, https:\/\/www.canariasviaja.com\/viajaresvivir\/wp-content\/uploads\/2021\/02\/Camilo-de-Blas-Oviedo-1-200x300.jpg 200w\" sizes=\"(max-width: 684px) 100vw, 684px\" \/><\/figure><\/li><li class=\"blocks-gallery-item\"><figure><img loading=\"lazy\" decoding=\"async\" width=\"684\" height=\"1024\" src=\"http:\/\/www.canariasviaja.com\/viajaresvivir\/wp-content\/uploads\/2021\/02\/Camilo-de-Blas-confiteria-Oviedo-1.jpg\" alt=\"\" data-id=\"6478\" data-full-url=\"http:\/\/www.canariasviaja.com\/viajaresvivir\/wp-content\/uploads\/2021\/02\/Camilo-de-Blas-confiteria-Oviedo-1.jpg\" data-link=\"http:\/\/www.canariasviaja.com\/viajaresvivir\/?attachment_id=6478#main\" class=\"wp-image-6478\" srcset=\"https:\/\/www.canariasviaja.com\/viajaresvivir\/wp-content\/uploads\/2021\/02\/Camilo-de-Blas-confiteria-Oviedo-1.jpg 684w, https:\/\/www.canariasviaja.com\/viajaresvivir\/wp-content\/uploads\/2021\/02\/Camilo-de-Blas-confiteria-Oviedo-1-200x300.jpg 200w\" sizes=\"(max-width: 684px) 100vw, 684px\" \/><\/figure><\/li><li class=\"blocks-gallery-item\"><figure><img loading=\"lazy\" decoding=\"async\" width=\"684\" height=\"1024\" src=\"http:\/\/www.canariasviaja.com\/viajaresvivir\/wp-content\/uploads\/2021\/02\/Camilo-de-Blas.jpg\" alt=\"\" data-id=\"6456\" data-full-url=\"http:\/\/www.canariasviaja.com\/viajaresvivir\/wp-content\/uploads\/2021\/02\/Camilo-de-Blas.jpg\" data-link=\"http:\/\/www.canariasviaja.com\/viajaresvivir\/camilo-de-blas\/\" class=\"wp-image-6456\" srcset=\"https:\/\/www.canariasviaja.com\/viajaresvivir\/wp-content\/uploads\/2021\/02\/Camilo-de-Blas.jpg 684w, https:\/\/www.canariasviaja.com\/viajaresvivir\/wp-content\/uploads\/2021\/02\/Camilo-de-Blas-200x300.jpg 200w\" sizes=\"(max-width: 684px) 100vw, 684px\" \/><\/figure><\/li><\/ul><\/figure>\n\n\n\n<p>Es verdad que esta ciudad destaca por la calidad de sus <strong>confiter\u00edas <\/strong>(Rialto, Pe\u00f1alba,&nbsp; Ovetus o Verd\u00fa y sus famosos turrones) pero para m\u00ed <strong><a href=\"https:\/\/camilodeblas.es\/\" target=\"_blank\" rel=\"noreferrer noopener\">Camilo de Blas <\/a><\/strong>es sin\u00f3nimo de&nbsp; felicidad. Esta confiter\u00eda fundada en 1914 era la elegida por mi abuela para darnos aquellas&nbsp; meriendas inolvidables que disfrut\u00e1bamos todos en su casa. He ido tal cantidad de veces&nbsp; con ella que es parte fundamental del recuerdo de mi vida. Todo en Camilo es excepcional&nbsp; pero los merengues de fresa (en temporada) y de caf\u00e9, las medias lunas, las conchitas y los&nbsp; tiroleses son mi debilidad. Tambi\u00e9n deb\u00e9is probar los carbayones (as\u00ed tambi\u00e9n se denomina&nbsp; a los ovetenses). Ademas la tienda situada en la calle Jovellanos es en si misma un&nbsp; monumento que ten\u00e9is que ver s\u00ed o s\u00ed.&nbsp;&nbsp;<\/p>\n\n\n\n<figure class=\"wp-block-image size-large\"><img loading=\"lazy\" decoding=\"async\" width=\"1024\" height=\"609\" src=\"https:\/\/www.canariasviaja.com\/viajaresvivir\/wp-content\/uploads\/2021\/02\/MATERIA-BOTANICA_PEL8558-1.jpg\" alt=\"\" class=\"wp-image-6480\" srcset=\"https:\/\/www.canariasviaja.com\/viajaresvivir\/wp-content\/uploads\/2021\/02\/MATERIA-BOTANICA_PEL8558-1.jpg 1024w, https:\/\/www.canariasviaja.com\/viajaresvivir\/wp-content\/uploads\/2021\/02\/MATERIA-BOTANICA_PEL8558-1-300x178.jpg 300w, https:\/\/www.canariasviaja.com\/viajaresvivir\/wp-content\/uploads\/2021\/02\/MATERIA-BOTANICA_PEL8558-1-768x457.jpg 768w\" sizes=\"(max-width: 1024px) 100vw, 1024px\" \/><\/figure>\n\n\n\n<p>Y por \u00faltimo mencionaros una tienda de reciente apertura que se ha convertido ya&nbsp; por m\u00e9rito propio, en un lugar de visita obligada. <strong><a href=\"https:\/\/www.instagram.com\/materiabotanica\/?hl=es\" target=\"_blank\" rel=\"noreferrer noopener\">Materia Bot\u00e1nica<\/a> <\/strong>es una&nbsp; florister\u00eda situada en la calle Fruela. Es un espect\u00e1culo para los sentidos. No dejes de ir a&nbsp; verla. Me lo agradecer\u00e9is.&nbsp;&nbsp;<\/p>\n\n\n\n<p><\/p>\n\n\n\n<hr class=\"wp-block-separator\"\/>\n\n\n\n<p><strong><a rel=\"noreferrer noopener\" href=\"http:\/\/www.pelayolacazette.com\/\" target=\"_blank\">Pelayo Lacazette<\/a> <\/strong>es un fot\u00f3grafo asturiano que ha pasado los \u00faltimos 10 a\u00f1os fotografiando parejas, familias, amigos, a sus hijas&#8230;, en definitiva, todo lo que, de alguna u otra manera, es importante para \u00e9l.<\/p>\n\n\n\n<div class=\"wp-block-buttons is-content-justification-center is-layout-flex wp-block-buttons-is-layout-flex\">\n<div class=\"wp-block-button\"><a class=\"wp-block-button__link\" href=\"https:\/\/bit.ly\/3qXkxGC\">\u00a1Colecciona momentos!<\/a><\/div>\n<\/div>\n\n\n\n<div style=\"height:100px\" aria-hidden=\"true\" class=\"wp-block-spacer\"><\/div>\n","protected":false},"excerpt":{"rendered":"<p>Oviedo es una ciudad deliciosa, como al denomin\u00f3 Woody Allen. Una ciudad llena de historia en la que se respira la calidad de vida. Hoy la recorremos de la mano del fot\u00f3grafo Pelayo Lacazette.<\/p>\n","protected":false},"author":50,"featured_media":6464,"comment_status":"open","ping_status":"open","sticky":false,"template":"","format":"standard","meta":{"_acf_changed":false,"sfsi_plus_gutenberg_text_before_share":"","sfsi_plus_gutenberg_show_text_before_share":"","sfsi_plus_gutenberg_icon_type":"","sfsi_plus_gutenberg_icon_alignemt":"","sfsi_plus_gutenburg_max_per_row":"","footnotes":""},"categories":[626,124,123,10,100,11,127],"tags":[611,699,661,603,612,701,700],"class_list":["post-6443","post","type-post","status-publish","format-standard","has-post-thumbnail","hentry","category-asturias","category-descubre","category-explora","category-historias-viajeras","category-peninsulaybaleares","category-postales","category-relajate","tag-asturias","tag-camino-de-santiago","tag-escapada-cultural","tag-escapada-gastronomica","tag-oviedo","tag-patrimonio-de-la-humanidad-2","tag-prerromanico"],"acf":[],"yoast_head":"<!-- This site is optimized with the Yoast SEO plugin v24.1 - https:\/\/yoast.com\/wordpress\/plugins\/seo\/ -->\n<title>Oviedo, una ciudad deliciosa - Viajar es vivir<\/title>\n<meta name=\"description\" content=\"Oviedo es una ciudad deliciosa. La recorremos con el fot\u00f3grafo asturiano Pelayo Lacazette que nos muestra todos sus imprescindibles.\" \/>\n<meta name=\"robots\" content=\"index, follow, max-snippet:-1, max-image-preview:large, max-video-preview:-1\" \/>\n<link rel=\"canonical\" href=\"https:\/\/www.canariasviaja.com\/viajaresvivir\/oviedo-una-ciudad-deliciosa\/\" \/>\n<meta property=\"og:locale\" content=\"es_ES\" \/>\n<meta property=\"og:type\" content=\"article\" \/>\n<meta property=\"og:title\" content=\"Oviedo, una ciudad deliciosa - Viajar es vivir\" \/>\n<meta property=\"og:description\" content=\"Oviedo es una ciudad deliciosa. La recorremos con el fot\u00f3grafo asturiano Pelayo Lacazette que nos muestra todos sus imprescindibles.\" \/>\n<meta property=\"og:url\" content=\"https:\/\/www.canariasviaja.com\/viajaresvivir\/oviedo-una-ciudad-deliciosa\/\" \/>\n<meta property=\"og:site_name\" content=\"Viajar es vivir\" \/>\n<meta property=\"article:published_time\" content=\"2021-02-25T20:55:36+00:00\" \/>\n<meta property=\"article:modified_time\" content=\"2022-01-13T12:34:44+00:00\" \/>\n<meta property=\"og:image\" content=\"http:\/\/www.canariasviaja.com\/viajaresvivir\/wp-content\/uploads\/2021\/02\/Parque.jpg\" \/>\n\t<meta property=\"og:image:width\" content=\"2000\" \/>\n\t<meta property=\"og:image:height\" content=\"1335\" \/>\n\t<meta property=\"og:image:type\" content=\"image\/jpeg\" \/>\n<meta name=\"author\" content=\"Pelayo Lacazette\" \/>\n<meta name=\"twitter:card\" content=\"summary_large_image\" \/>\n<meta name=\"twitter:label1\" content=\"Escrito por\" \/>\n\t<meta name=\"twitter:data1\" content=\"Pelayo Lacazette\" \/>\n\t<meta name=\"twitter:label2\" content=\"Tiempo de lectura\" \/>\n\t<meta name=\"twitter:data2\" content=\"9 minutos\" \/>\n<script type=\"application\/ld+json\" class=\"yoast-schema-graph\">{\"@context\":\"https:\/\/schema.org\",\"@graph\":[{\"@type\":\"WebPage\",\"@id\":\"https:\/\/www.canariasviaja.com\/viajaresvivir\/oviedo-una-ciudad-deliciosa\/\",\"url\":\"https:\/\/www.canariasviaja.com\/viajaresvivir\/oviedo-una-ciudad-deliciosa\/\",\"name\":\"Oviedo, una ciudad deliciosa - Viajar es vivir\",\"isPartOf\":{\"@id\":\"https:\/\/www.canariasviaja.com\/viajaresvivir\/#website\"},\"primaryImageOfPage\":{\"@id\":\"https:\/\/www.canariasviaja.com\/viajaresvivir\/oviedo-una-ciudad-deliciosa\/#primaryimage\"},\"image\":{\"@id\":\"https:\/\/www.canariasviaja.com\/viajaresvivir\/oviedo-una-ciudad-deliciosa\/#primaryimage\"},\"thumbnailUrl\":\"https:\/\/www.canariasviaja.com\/viajaresvivir\/wp-content\/uploads\/2021\/02\/Parque.jpg\",\"datePublished\":\"2021-02-25T20:55:36+00:00\",\"dateModified\":\"2022-01-13T12:34:44+00:00\",\"author\":{\"@id\":\"https:\/\/www.canariasviaja.com\/viajaresvivir\/#\/schema\/person\/887eff4da5aad243189931beac468b35\"},\"description\":\"Oviedo es una ciudad deliciosa. La recorremos con el fot\u00f3grafo asturiano Pelayo Lacazette que nos muestra todos sus imprescindibles.\",\"breadcrumb\":{\"@id\":\"https:\/\/www.canariasviaja.com\/viajaresvivir\/oviedo-una-ciudad-deliciosa\/#breadcrumb\"},\"inLanguage\":\"es\",\"potentialAction\":[{\"@type\":\"ReadAction\",\"target\":[\"https:\/\/www.canariasviaja.com\/viajaresvivir\/oviedo-una-ciudad-deliciosa\/\"]}]},{\"@type\":\"ImageObject\",\"inLanguage\":\"es\",\"@id\":\"https:\/\/www.canariasviaja.com\/viajaresvivir\/oviedo-una-ciudad-deliciosa\/#primaryimage\",\"url\":\"https:\/\/www.canariasviaja.com\/viajaresvivir\/wp-content\/uploads\/2021\/02\/Parque.jpg\",\"contentUrl\":\"https:\/\/www.canariasviaja.com\/viajaresvivir\/wp-content\/uploads\/2021\/02\/Parque.jpg\",\"width\":2000,\"height\":1335},{\"@type\":\"BreadcrumbList\",\"@id\":\"https:\/\/www.canariasviaja.com\/viajaresvivir\/oviedo-una-ciudad-deliciosa\/#breadcrumb\",\"itemListElement\":[{\"@type\":\"ListItem\",\"position\":1,\"name\":\"Portada\",\"item\":\"https:\/\/www.canariasviaja.com\/viajaresvivir\/\"},{\"@type\":\"ListItem\",\"position\":2,\"name\":\"Oviedo, una ciudad deliciosa\"}]},{\"@type\":\"WebSite\",\"@id\":\"https:\/\/www.canariasviaja.com\/viajaresvivir\/#website\",\"url\":\"https:\/\/www.canariasviaja.com\/viajaresvivir\/\",\"name\":\"Viajar es vivir\",\"description\":\"El blog de viajes y estilo de vida de CanariasViaja\",\"potentialAction\":[{\"@type\":\"SearchAction\",\"target\":{\"@type\":\"EntryPoint\",\"urlTemplate\":\"https:\/\/www.canariasviaja.com\/viajaresvivir\/?s={search_term_string}\"},\"query-input\":{\"@type\":\"PropertyValueSpecification\",\"valueRequired\":true,\"valueName\":\"search_term_string\"}}],\"inLanguage\":\"es\"},{\"@type\":\"Person\",\"@id\":\"https:\/\/www.canariasviaja.com\/viajaresvivir\/#\/schema\/person\/887eff4da5aad243189931beac468b35\",\"name\":\"Pelayo Lacazette\",\"image\":{\"@type\":\"ImageObject\",\"inLanguage\":\"es\",\"@id\":\"https:\/\/www.canariasviaja.com\/viajaresvivir\/#\/schema\/person\/image\/\",\"url\":\"https:\/\/secure.gravatar.com\/avatar\/f06150dd45e5d499e8ade727f138fb2b?s=96&d=mm&r=g\",\"contentUrl\":\"https:\/\/secure.gravatar.com\/avatar\/f06150dd45e5d499e8ade727f138fb2b?s=96&d=mm&r=g\",\"caption\":\"Pelayo Lacazette\"},\"url\":\"https:\/\/www.canariasviaja.com\/viajaresvivir\/author\/pelayo-lacazette\/\"}]}<\/script>\n<!-- \/ Yoast SEO plugin. -->","yoast_head_json":{"title":"Oviedo, una ciudad deliciosa - Viajar es vivir","description":"Oviedo es una ciudad deliciosa. La recorremos con el fot\u00f3grafo asturiano Pelayo Lacazette que nos muestra todos sus imprescindibles.","robots":{"index":"index","follow":"follow","max-snippet":"max-snippet:-1","max-image-preview":"max-image-preview:large","max-video-preview":"max-video-preview:-1"},"canonical":"https:\/\/www.canariasviaja.com\/viajaresvivir\/oviedo-una-ciudad-deliciosa\/","og_locale":"es_ES","og_type":"article","og_title":"Oviedo, una ciudad deliciosa - Viajar es vivir","og_description":"Oviedo es una ciudad deliciosa. La recorremos con el fot\u00f3grafo asturiano Pelayo Lacazette que nos muestra todos sus imprescindibles.","og_url":"https:\/\/www.canariasviaja.com\/viajaresvivir\/oviedo-una-ciudad-deliciosa\/","og_site_name":"Viajar es vivir","article_published_time":"2021-02-25T20:55:36+00:00","article_modified_time":"2022-01-13T12:34:44+00:00","og_image":[{"width":2000,"height":1335,"url":"http:\/\/www.canariasviaja.com\/viajaresvivir\/wp-content\/uploads\/2021\/02\/Parque.jpg","type":"image\/jpeg"}],"author":"Pelayo Lacazette","twitter_card":"summary_large_image","twitter_misc":{"Escrito por":"Pelayo Lacazette","Tiempo de lectura":"9 minutos"},"schema":{"@context":"https:\/\/schema.org","@graph":[{"@type":"WebPage","@id":"https:\/\/www.canariasviaja.com\/viajaresvivir\/oviedo-una-ciudad-deliciosa\/","url":"https:\/\/www.canariasviaja.com\/viajaresvivir\/oviedo-una-ciudad-deliciosa\/","name":"Oviedo, una ciudad deliciosa - Viajar es vivir","isPartOf":{"@id":"https:\/\/www.canariasviaja.com\/viajaresvivir\/#website"},"primaryImageOfPage":{"@id":"https:\/\/www.canariasviaja.com\/viajaresvivir\/oviedo-una-ciudad-deliciosa\/#primaryimage"},"image":{"@id":"https:\/\/www.canariasviaja.com\/viajaresvivir\/oviedo-una-ciudad-deliciosa\/#primaryimage"},"thumbnailUrl":"https:\/\/www.canariasviaja.com\/viajaresvivir\/wp-content\/uploads\/2021\/02\/Parque.jpg","datePublished":"2021-02-25T20:55:36+00:00","dateModified":"2022-01-13T12:34:44+00:00","author":{"@id":"https:\/\/www.canariasviaja.com\/viajaresvivir\/#\/schema\/person\/887eff4da5aad243189931beac468b35"},"description":"Oviedo es una ciudad deliciosa. La recorremos con el fot\u00f3grafo asturiano Pelayo Lacazette que nos muestra todos sus imprescindibles.","breadcrumb":{"@id":"https:\/\/www.canariasviaja.com\/viajaresvivir\/oviedo-una-ciudad-deliciosa\/#breadcrumb"},"inLanguage":"es","potentialAction":[{"@type":"ReadAction","target":["https:\/\/www.canariasviaja.com\/viajaresvivir\/oviedo-una-ciudad-deliciosa\/"]}]},{"@type":"ImageObject","inLanguage":"es","@id":"https:\/\/www.canariasviaja.com\/viajaresvivir\/oviedo-una-ciudad-deliciosa\/#primaryimage","url":"https:\/\/www.canariasviaja.com\/viajaresvivir\/wp-content\/uploads\/2021\/02\/Parque.jpg","contentUrl":"https:\/\/www.canariasviaja.com\/viajaresvivir\/wp-content\/uploads\/2021\/02\/Parque.jpg","width":2000,"height":1335},{"@type":"BreadcrumbList","@id":"https:\/\/www.canariasviaja.com\/viajaresvivir\/oviedo-una-ciudad-deliciosa\/#breadcrumb","itemListElement":[{"@type":"ListItem","position":1,"name":"Portada","item":"https:\/\/www.canariasviaja.com\/viajaresvivir\/"},{"@type":"ListItem","position":2,"name":"Oviedo, una ciudad deliciosa"}]},{"@type":"WebSite","@id":"https:\/\/www.canariasviaja.com\/viajaresvivir\/#website","url":"https:\/\/www.canariasviaja.com\/viajaresvivir\/","name":"Viajar es vivir","description":"El blog de viajes y estilo de vida de CanariasViaja","potentialAction":[{"@type":"SearchAction","target":{"@type":"EntryPoint","urlTemplate":"https:\/\/www.canariasviaja.com\/viajaresvivir\/?s={search_term_string}"},"query-input":{"@type":"PropertyValueSpecification","valueRequired":true,"valueName":"search_term_string"}}],"inLanguage":"es"},{"@type":"Person","@id":"https:\/\/www.canariasviaja.com\/viajaresvivir\/#\/schema\/person\/887eff4da5aad243189931beac468b35","name":"Pelayo Lacazette","image":{"@type":"ImageObject","inLanguage":"es","@id":"https:\/\/www.canariasviaja.com\/viajaresvivir\/#\/schema\/person\/image\/","url":"https:\/\/secure.gravatar.com\/avatar\/f06150dd45e5d499e8ade727f138fb2b?s=96&d=mm&r=g","contentUrl":"https:\/\/secure.gravatar.com\/avatar\/f06150dd45e5d499e8ade727f138fb2b?s=96&d=mm&r=g","caption":"Pelayo Lacazette"},"url":"https:\/\/www.canariasviaja.com\/viajaresvivir\/author\/pelayo-lacazette\/"}]}},"_links":{"self":[{"href":"https:\/\/www.canariasviaja.com\/viajaresvivir\/wp-json\/wp\/v2\/posts\/6443"}],"collection":[{"href":"https:\/\/www.canariasviaja.com\/viajaresvivir\/wp-json\/wp\/v2\/posts"}],"about":[{"href":"https:\/\/www.canariasviaja.com\/viajaresvivir\/wp-json\/wp\/v2\/types\/post"}],"author":[{"embeddable":true,"href":"https:\/\/www.canariasviaja.com\/viajaresvivir\/wp-json\/wp\/v2\/users\/50"}],"replies":[{"embeddable":true,"href":"https:\/\/www.canariasviaja.com\/viajaresvivir\/wp-json\/wp\/v2\/comments?post=6443"}],"version-history":[{"count":11,"href":"https:\/\/www.canariasviaja.com\/viajaresvivir\/wp-json\/wp\/v2\/posts\/6443\/revisions"}],"predecessor-version":[{"id":8048,"href":"https:\/\/www.canariasviaja.com\/viajaresvivir\/wp-json\/wp\/v2\/posts\/6443\/revisions\/8048"}],"wp:featuredmedia":[{"embeddable":true,"href":"https:\/\/www.canariasviaja.com\/viajaresvivir\/wp-json\/wp\/v2\/media\/6464"}],"wp:attachment":[{"href":"https:\/\/www.canariasviaja.com\/viajaresvivir\/wp-json\/wp\/v2\/media?parent=6443"}],"wp:term":[{"taxonomy":"category","embeddable":true,"href":"https:\/\/www.canariasviaja.com\/viajaresvivir\/wp-json\/wp\/v2\/categories?post=6443"},{"taxonomy":"post_tag","embeddable":true,"href":"https:\/\/www.canariasviaja.com\/viajaresvivir\/wp-json\/wp\/v2\/tags?post=6443"}],"curies":[{"name":"wp","href":"https:\/\/api.w.org\/{rel}","templated":true}]}}